{"id":53139,"date":"2024-07-30T15:01:55","date_gmt":"2024-07-30T18:01:55","guid":{"rendered":"https:\/\/jornalfatosenoticias.com.br\/?p=53139"},"modified":"2024-07-30T15:01:56","modified_gmt":"2024-07-30T18:01:56","slug":"rombo-do-governo-lula-e-de-r-409-bi-e-divida-vai-a-778-do-pib","status":"publish","type":"post","link":"https:\/\/jornalfatosenoticias.com.br\/index.php\/2024\/07\/30\/rombo-do-governo-lula-e-de-r-409-bi-e-divida-vai-a-778-do-pib\/","title":{"rendered":"Rombo do governo Lula \u00e9 de R$ 40,9 bi, e d\u00edvida vai a 77,8% do PIB"},"content":{"rendered":"\n<div class=\"wp-block-image\"><figure class=\"aligncenter size-large\"><a href=\"https:\/\/mizu.com.br\/\"><img loading=\"lazy\" decoding=\"async\" width=\"729\" height=\"90\" src=\"https:\/\/jornalfatosenoticias.com.br\/wp-content\/uploads\/2020\/02\/Logo_Mizu.png\" alt=\"\" class=\"wp-image-1441\" srcset=\"https:\/\/jornalfatosenoticias.com.br\/wp-content\/uploads\/2020\/02\/Logo_Mizu.png 729w, https:\/\/jornalfatosenoticias.com.br\/wp-content\/uploads\/2020\/02\/Logo_Mizu-300x37.png 300w\" sizes=\"auto, (max-width: 729px) 100vw, 729px\" \/><\/a><\/figure><\/div>\n\n\n\n<p>O cen\u00e1rio econ\u00f4mico brasileiro, especificamente o setor p\u00fablico consolidado, enfrentou um d\u00e9ficit prim\u00e1rio significativo em junho de 2024. Este setor, que engloba a Uni\u00e3o, os estados e os munic\u00edpios, registrou um d\u00e9ficit de R$ 40,9 bilh\u00f5es. Para efeitos de compara\u00e7\u00e3o, no mesmo m\u00eas de 2023, o d\u00e9ficit foi de R$ 48,9 bilh\u00f5es, sinalizando uma leve melhora.<br>Os n\u00fameros foram divulgados pelo Banco Central (BC) nesta segunda-feira (29). Este d\u00e9ficit prim\u00e1rio \u00e9 relevante pois exclui o pagamento de juros, dando uma vis\u00e3o mais clara das finan\u00e7as p\u00fablicas e de sua sustentabilidade.<\/p>\n\n\n\n<div class=\"wp-block-image\"><figure class=\"aligncenter size-large is-resized\"><img loading=\"lazy\" decoding=\"async\" src=\"https:\/\/jornalfatosenoticias.com.br\/wp-content\/uploads\/2022\/02\/Precisao-Contabilidade-1024x724.jpg\" alt=\"\" class=\"wp-image-28088\" width=\"359\" height=\"254\"\/><\/figure><\/div>\n\n\n\n<p>O d\u00e9ficit prim\u00e1rio registrado no setor p\u00fablico consolidado em junho de 2024 se desmembra em v\u00e1rias partes. O governo central teve um d\u00e9ficit de R$ 40,2 bilh\u00f5es, enquanto as empresas estatais registraram um d\u00e9ficit de R$ 1,7 bilh\u00e3o. Em contraponto, os governos regionais, que incluem os estados e munic\u00edpios, anotaram um super\u00e1vit de R$ 1,1 bilh\u00e3o.<\/p>\n\n\n\n<div class=\"wp-block-image\"><figure class=\"aligncenter size-large is-resized\"><a href=\"https:\/\/hotelmarquetti.com.br\/\"><img loading=\"lazy\" decoding=\"async\" src=\"https:\/\/jornalfatosenoticias.com.br\/wp-content\/uploads\/2023\/03\/nova-logo-Marquetti.jpg\" alt=\"\" class=\"wp-image-40207\" width=\"340\" height=\"228\" srcset=\"https:\/\/jornalfatosenoticias.com.br\/wp-content\/uploads\/2023\/03\/nova-logo-Marquetti.jpg 643w, https:\/\/jornalfatosenoticias.com.br\/wp-content\/uploads\/2023\/03\/nova-logo-Marquetti-300x202.jpg 300w\" sizes=\"auto, (max-width: 340px) 100vw, 340px\" \/><\/a><\/figure><\/div>\n\n\n\n<p>\u00c9 importante notar que, em um per\u00edodo de 12 meses, o setor p\u00fablico acumulou um d\u00e9ficit de R$ 272,2 bilh\u00f5es, equivalente a 2,44% do Produto Interno Bruto (PIB). Esse valor representa uma queda de 0,08 ponto percentual quando comparado ao d\u00e9ficit acumulado nos 12 meses at\u00e9 maio.<\/p>\n\n\n\n<div class=\"wp-block-image\"><figure class=\"aligncenter size-large is-resized\"><a href=\"https:\/\/www.ithbrasil.com.br\/\"><img loading=\"lazy\" decoding=\"async\" src=\"https:\/\/jornalfatosenoticias.com.br\/wp-content\/uploads\/2023\/08\/ITH.jpeg\" alt=\"\" class=\"wp-image-44638\" width=\"317\" height=\"257\" srcset=\"https:\/\/jornalfatosenoticias.com.br\/wp-content\/uploads\/2023\/08\/ITH.jpeg 800w, https:\/\/jornalfatosenoticias.com.br\/wp-content\/uploads\/2023\/08\/ITH-300x244.jpeg 300w, https:\/\/jornalfatosenoticias.com.br\/wp-content\/uploads\/2023\/08\/ITH-768x624.jpeg 768w\" sizes=\"auto, (max-width: 317px) 100vw, 317px\" \/><\/a><\/figure><\/div>\n\n\n\n<p>A D\u00edvida L\u00edquida do Setor P\u00fablico (DLSP) \u00e9 uma m\u00e9trica essencial para entender a sa\u00fade financeira do pa\u00eds. Em junho de 2024, a DLSP chegou a 62,1% do PIB, o que equivale a R$ 6,9 trilh\u00f5es. Este indicador teve um aumento de 0,1 ponto percentual no m\u00eas.<\/p>\n\n\n\n<div class=\"wp-block-image\"><figure class=\"aligncenter size-large\"><a href=\"https:\/\/www.facebook.com\/Esteio-Churrascaria-Barbecue-103643461220402\/\"><img decoding=\"async\" src=\"https:\/\/jornalfatosenoticias.com.br\/wp-content\/uploads\/2020\/02\/logo_esteio.jpg\" alt=\"\" class=\"wp-image-1214\"\/><\/a><\/figure><\/div>\n\n\n\n<p><strong><span class=\"has-inline-color has-black-color\">De acordo com o Banco Central, v\u00e1rios fatores contribu\u00edram para esse resultado:<br><\/span><\/strong>\u2022 Impacto dos juros nominais apropriados (+0,8 p.p.)<br>\u2022 D\u00e9ficit prim\u00e1rio (+0,4 p.p.)<br>\u2022 Desvaloriza\u00e7\u00e3o cambial de 6,1% no m\u00eas (-0,7 p.p.)<br>\u2022 Varia\u00e7\u00e3o do PIB nominal (-0,3 p.p.)<\/p>\n\n\n\n<div class=\"wp-block-image\"><figure class=\"aligncenter size-large is-resized\"><a href=\"https:\/\/www.instagram.com\/restaurantepegoretti\/\"><img loading=\"lazy\" decoding=\"async\" src=\"https:\/\/jornalfatosenoticias.com.br\/wp-content\/uploads\/2023\/12\/pegoretti-logo-pdf-1024x389.jpg\" alt=\"\" class=\"wp-image-47536\" width=\"432\" height=\"164\" srcset=\"https:\/\/jornalfatosenoticias.com.br\/wp-content\/uploads\/2023\/12\/pegoretti-logo-pdf-1024x389.jpg 1024w, https:\/\/jornalfatosenoticias.com.br\/wp-content\/uploads\/2023\/12\/pegoretti-logo-pdf-300x114.jpg 300w, https:\/\/jornalfatosenoticias.com.br\/wp-content\/uploads\/2023\/12\/pegoretti-logo-pdf-768x291.jpg 768w, https:\/\/jornalfatosenoticias.com.br\/wp-content\/uploads\/2023\/12\/pegoretti-logo-pdf.jpg 1120w\" sizes=\"auto, (max-width: 432px) 100vw, 432px\" \/><\/a><\/figure><\/div>\n\n\n\n<p>Esses elementos mostram como diferentes aspectos econ\u00f4micos podem influenciar a d\u00edvida l\u00edquida do pa\u00eds. No acumulado do ano, a DLSP aumentou 1,3 ponto percentual do PIB, refletindo impactos dos juros nominais, reconhecimento de d\u00edvidas, crescimento do PIB nominal e a desvaloriza\u00e7\u00e3o cambial.<\/p>\n\n\n\n<div class=\"wp-block-image\"><figure class=\"aligncenter size-large is-resized\"><a href=\"https:\/\/www.facebook.com\/postobkr\/?locale=pt_BR\"><img loading=\"lazy\" decoding=\"async\" src=\"https:\/\/jornalfatosenoticias.com.br\/wp-content\/uploads\/2023\/08\/BKR-1024x1021.jpg\" alt=\"\" class=\"wp-image-44494\" width=\"316\" height=\"315\" srcset=\"https:\/\/jornalfatosenoticias.com.br\/wp-content\/uploads\/2023\/08\/BKR-1024x1021.jpg 1024w, https:\/\/jornalfatosenoticias.com.br\/wp-content\/uploads\/2023\/08\/BKR-300x300.jpg 300w, https:\/\/jornalfatosenoticias.com.br\/wp-content\/uploads\/2023\/08\/BKR-150x150.jpg 150w, https:\/\/jornalfatosenoticias.com.br\/wp-content\/uploads\/2023\/08\/BKR-768x766.jpg 768w, https:\/\/jornalfatosenoticias.com.br\/wp-content\/uploads\/2023\/08\/BKR.jpg 1080w\" sizes=\"auto, (max-width: 316px) 100vw, 316px\" \/><\/a><\/figure><\/div>\n\n\n\n<p><strong><span class=\"has-inline-color has-black-color\">Como Est\u00e1 a D\u00edvida Bruta do Governo Geral?<br><\/span><\/strong>A D\u00edvida Bruta do Governo Geral (DBGG), que cobre o governo federal, INSS e governos estaduais e municipais, alcan\u00e7ou 77,8% do PIB em junho de 2024. Isso representa um total de R$ 8,7 trilh\u00f5es e um aumento de 1,1 ponto percentual em rela\u00e7\u00e3o ao m\u00eas anterior.<\/p>\n\n\n\n<div class=\"wp-block-image\"><figure class=\"aligncenter size-large is-resized\"><a href=\"https:\/\/www.instagram.com\/rapuzeljastro\/\"><img loading=\"lazy\" decoding=\"async\" src=\"https:\/\/jornalfatosenoticias.com.br\/wp-content\/uploads\/2020\/02\/logo-Rapuzel-1024x571.jpg\" alt=\"\" class=\"wp-image-42808\" width=\"365\" height=\"203\" srcset=\"https:\/\/jornalfatosenoticias.com.br\/wp-content\/uploads\/2020\/02\/logo-Rapuzel-1024x571.jpg 1024w, https:\/\/jornalfatosenoticias.com.br\/wp-content\/uploads\/2020\/02\/logo-Rapuzel-300x167.jpg 300w, https:\/\/jornalfatosenoticias.com.br\/wp-content\/uploads\/2020\/02\/logo-Rapuzel-768x428.jpg 768w, https:\/\/jornalfatosenoticias.com.br\/wp-content\/uploads\/2020\/02\/logo-Rapuzel-1536x856.jpg 1536w, https:\/\/jornalfatosenoticias.com.br\/wp-content\/uploads\/2020\/02\/logo-Rapuzel.jpg 1600w\" sizes=\"auto, (max-width: 365px) 100vw, 365px\" \/><\/a><\/figure><\/div>\n\n\n\n<p><strong><span class=\"has-inline-color has-black-color\">Fatores que Contribu\u00edram para o Aumento da DBGG:<br><\/span><\/strong>1. Juros nominais apropriados (+0,6 p.p.)<br>2. Emiss\u00f5es l\u00edquidas (+0,6 p.p.)<br>3. Efeito da desvaloriza\u00e7\u00e3o cambial (+0,3 p.p.)<br>4. Varia\u00e7\u00e3o do PIB nominal (-0,4 p.p.)<\/p>\n\n\n\n<div class=\"wp-block-image\"><figure class=\"aligncenter size-large\"><a href=\"https:\/\/www.instagram.com\/baraodascarnes.es\/\"><img decoding=\"async\" src=\"https:\/\/jornalfatosenoticias.com.br\/wp-content\/uploads\/2020\/02\/barao-das-carnes-300x164-1.jpg\" alt=\"\" class=\"wp-image-34339\"\/><\/a><\/figure><\/div>\n\n\n\n<p>Ao longo de 2024, a d\u00edvida bruta cresceu 3,4 pontos percentuais do PIB, com destaque para a incorpora\u00e7\u00e3o de juros nominais, emiss\u00e3o l\u00edquida de d\u00edvida, desvaloriza\u00e7\u00e3o cambial e o impacto do crescimento do PIB nominal. Esses dados mostram de forma clara e objetiva como est\u00e1 a situa\u00e7\u00e3o das finan\u00e7as p\u00fablicas no Brasil, refletindo o desempenho fiscal em um momento de desafios econ\u00f4micos.<\/p>\n\n\n\n<div class=\"wp-block-image\"><figure class=\"aligncenter size-large is-resized\"><a href=\"https:\/\/panper.com.br\/\"><img loading=\"lazy\" decoding=\"async\" src=\"https:\/\/jornalfatosenoticias.com.br\/wp-content\/uploads\/2023\/03\/logo-Panper_portal.jpg\" alt=\"\" class=\"wp-image-40208\" width=\"342\" height=\"237\" srcset=\"https:\/\/jornalfatosenoticias.com.br\/wp-content\/uploads\/2023\/03\/logo-Panper_portal.jpg 400w, https:\/\/jornalfatosenoticias.com.br\/wp-content\/uploads\/2023\/03\/logo-Panper_portal-300x208.jpg 300w\" sizes=\"auto, (max-width: 342px) 100vw, 342px\" \/><\/a><\/figure><\/div>\n\n\n\n<p><strong><em>Fonte: <a href=\"https:\/\/terrabrasilnoticias.com\/2024\/07\/rombo-do-governo-lula-e-de-r-409-bi-e-divida-vai-a-778-do-pib\/\">Terra Brasil Not\u00edcias<\/a><\/em><\/strong><\/p>\n","protected":false},"excerpt":{"rendered":"<p>O cen\u00e1rio econ\u00f4mico brasileiro, especificamente o setor p\u00fablico consolidado, enfrentou um d\u00e9ficit prim\u00e1rio significativo em junho de 2024. Este setor, que engloba a Uni\u00e3o, os estados e os munic\u00edpios, registrou um d\u00e9ficit de R$ 40,9 bilh\u00f5es. Para efeitos de compara\u00e7\u00e3o, no mesmo m\u00eas de 2023, o d\u00e9ficit foi de R$ 48,9 bilh\u00f5es, sinalizando uma leve [&hellip;]<\/p>\n","protected":false},"author":2,"featured_media":53140,"comment_status":"open","ping_status":"open","sticky":false,"template":"","format":"standard","meta":{"footnotes":""},"categories":[9],"tags":[24236,14448,278,24235,23153],"class_list":["post-53139","post","type-post","status-publish","format-standard","has-post-thumbnail","hentry","category-economia","tag-deficit-setor-publico","tag-divida-publica","tag-pib","tag-rombo-do-governo-lula","tag-rombo-fiscal"],"yoast_head":"<!-- This site is optimized with the Yoast SEO plugin v26.5 - https:\/\/yoast.com\/wordpress\/plugins\/seo\/ -->\n<title>Rombo do governo Lula \u00e9 de R$ 40,9 bi, e d\u00edvida vai a 77,8% do PIB - Jornal Fatos e Not\u00edcias<\/title>\n<meta name=\"robots\" content=\"index, follow, max-snippet:-1, max-image-preview:large, max-video-preview:-1\" \/>\n<link rel=\"canonical\" href=\"https:\/\/jornalfatosenoticias.com.br\/index.php\/2024\/07\/30\/rombo-do-governo-lula-e-de-r-409-bi-e-divida-vai-a-778-do-pib\/\" \/>\n<meta property=\"og:locale\" content=\"pt_BR\" \/>\n<meta property=\"og:type\" content=\"article\" \/>\n<meta property=\"og:title\" content=\"Rombo do governo Lula \u00e9 de R$ 40,9 bi, e d\u00edvida vai a 77,8% do PIB - Jornal Fatos e Not\u00edcias\" \/>\n<meta property=\"og:description\" content=\"O cen\u00e1rio econ\u00f4mico brasileiro, especificamente o setor p\u00fablico consolidado, enfrentou um d\u00e9ficit prim\u00e1rio significativo em junho de 2024. Este setor, que engloba a Uni\u00e3o, os estados e os munic\u00edpios, registrou um d\u00e9ficit de R$ 40,9 bilh\u00f5es. Para efeitos de compara\u00e7\u00e3o, no mesmo m\u00eas de 2023, o d\u00e9ficit foi de R$ 48,9 bilh\u00f5es, sinalizando uma leve [&hellip;]\" \/>\n<meta property=\"og:url\" content=\"https:\/\/jornalfatosenoticias.com.br\/index.php\/2024\/07\/30\/rombo-do-governo-lula-e-de-r-409-bi-e-divida-vai-a-778-do-pib\/\" \/>\n<meta property=\"og:site_name\" content=\"Jornal Fatos e Not\u00edcias\" \/>\n<meta property=\"article:published_time\" content=\"2024-07-30T18:01:55+00:00\" \/>\n<meta property=\"article:modified_time\" content=\"2024-07-30T18:01:56+00:00\" \/>\n<meta property=\"og:image\" content=\"https:\/\/jornalfatosenoticias.com.br\/wp-content\/uploads\/2024\/07\/Lula-rombor-fiscal_gettyimages.jpg\" \/>\n\t<meta property=\"og:image:width\" content=\"612\" \/>\n\t<meta property=\"og:image:height\" content=\"408\" \/>\n\t<meta property=\"og:image:type\" content=\"image\/jpeg\" \/>\n<meta name=\"author\" content=\"Luzimara Fernandes\" \/>\n<meta name=\"twitter:card\" content=\"summary_large_image\" \/>\n<meta name=\"twitter:label1\" content=\"Escrito por\" \/>\n\t<meta name=\"twitter:data1\" content=\"Luzimara Fernandes\" \/>\n\t<meta name=\"twitter:label2\" content=\"Est. tempo de leitura\" \/>\n\t<meta name=\"twitter:data2\" content=\"3 minutos\" \/>\n<script type=\"application\/ld+json\" class=\"yoast-schema-graph\">{\"@context\":\"https:\/\/schema.org\",\"@graph\":[{\"@type\":\"Article\",\"@id\":\"https:\/\/jornalfatosenoticias.com.br\/index.php\/2024\/07\/30\/rombo-do-governo-lula-e-de-r-409-bi-e-divida-vai-a-778-do-pib\/#article\",\"isPartOf\":{\"@id\":\"https:\/\/jornalfatosenoticias.com.br\/index.php\/2024\/07\/30\/rombo-do-governo-lula-e-de-r-409-bi-e-divida-vai-a-778-do-pib\/\"},\"author\":{\"name\":\"Luzimara Fernandes\",\"@id\":\"https:\/\/jornalfatosenoticias.com.br\/#\/schema\/person\/d63837fa13ac8666eb9e74e0985d6f81\"},\"headline\":\"Rombo do governo Lula \u00e9 de R$ 40,9 bi, e d\u00edvida vai a 77,8% do PIB\",\"datePublished\":\"2024-07-30T18:01:55+00:00\",\"dateModified\":\"2024-07-30T18:01:56+00:00\",\"mainEntityOfPage\":{\"@id\":\"https:\/\/jornalfatosenoticias.com.br\/index.php\/2024\/07\/30\/rombo-do-governo-lula-e-de-r-409-bi-e-divida-vai-a-778-do-pib\/\"},\"wordCount\":534,\"commentCount\":0,\"publisher\":{\"@id\":\"https:\/\/jornalfatosenoticias.com.br\/#organization\"},\"image\":{\"@id\":\"https:\/\/jornalfatosenoticias.com.br\/index.php\/2024\/07\/30\/rombo-do-governo-lula-e-de-r-409-bi-e-divida-vai-a-778-do-pib\/#primaryimage\"},\"thumbnailUrl\":\"https:\/\/jornalfatosenoticias.com.br\/wp-content\/uploads\/2024\/07\/Lula-rombor-fiscal_gettyimages.jpg\",\"keywords\":[\"d\u00e9ficit setor p\u00fablico\",\"d\u00edvida p\u00fablica\",\"PIB\",\"rombo do governo Lula\",\"rombo fiscal\"],\"articleSection\":[\"Economia\"],\"inLanguage\":\"pt-BR\",\"potentialAction\":[{\"@type\":\"CommentAction\",\"name\":\"Comment\",\"target\":[\"https:\/\/jornalfatosenoticias.com.br\/index.php\/2024\/07\/30\/rombo-do-governo-lula-e-de-r-409-bi-e-divida-vai-a-778-do-pib\/#respond\"]}]},{\"@type\":\"WebPage\",\"@id\":\"https:\/\/jornalfatosenoticias.com.br\/index.php\/2024\/07\/30\/rombo-do-governo-lula-e-de-r-409-bi-e-divida-vai-a-778-do-pib\/\",\"url\":\"https:\/\/jornalfatosenoticias.com.br\/index.php\/2024\/07\/30\/rombo-do-governo-lula-e-de-r-409-bi-e-divida-vai-a-778-do-pib\/\",\"name\":\"Rombo do governo Lula \u00e9 de R$ 40,9 bi, e d\u00edvida vai a 77,8% do PIB - Jornal Fatos e Not\u00edcias\",\"isPartOf\":{\"@id\":\"https:\/\/jornalfatosenoticias.com.br\/#website\"},\"primaryImageOfPage\":{\"@id\":\"https:\/\/jornalfatosenoticias.com.br\/index.php\/2024\/07\/30\/rombo-do-governo-lula-e-de-r-409-bi-e-divida-vai-a-778-do-pib\/#primaryimage\"},\"image\":{\"@id\":\"https:\/\/jornalfatosenoticias.com.br\/index.php\/2024\/07\/30\/rombo-do-governo-lula-e-de-r-409-bi-e-divida-vai-a-778-do-pib\/#primaryimage\"},\"thumbnailUrl\":\"https:\/\/jornalfatosenoticias.com.br\/wp-content\/uploads\/2024\/07\/Lula-rombor-fiscal_gettyimages.jpg\",\"datePublished\":\"2024-07-30T18:01:55+00:00\",\"dateModified\":\"2024-07-30T18:01:56+00:00\",\"breadcrumb\":{\"@id\":\"https:\/\/jornalfatosenoticias.com.br\/index.php\/2024\/07\/30\/rombo-do-governo-lula-e-de-r-409-bi-e-divida-vai-a-778-do-pib\/#breadcrumb\"},\"inLanguage\":\"pt-BR\",\"potentialAction\":[{\"@type\":\"ReadAction\",\"target\":[\"https:\/\/jornalfatosenoticias.com.br\/index.php\/2024\/07\/30\/rombo-do-governo-lula-e-de-r-409-bi-e-divida-vai-a-778-do-pib\/\"]}]},{\"@type\":\"ImageObject\",\"inLanguage\":\"pt-BR\",\"@id\":\"https:\/\/jornalfatosenoticias.com.br\/index.php\/2024\/07\/30\/rombo-do-governo-lula-e-de-r-409-bi-e-divida-vai-a-778-do-pib\/#primaryimage\",\"url\":\"https:\/\/jornalfatosenoticias.com.br\/wp-content\/uploads\/2024\/07\/Lula-rombor-fiscal_gettyimages.jpg\",\"contentUrl\":\"https:\/\/jornalfatosenoticias.com.br\/wp-content\/uploads\/2024\/07\/Lula-rombor-fiscal_gettyimages.jpg\",\"width\":612,\"height\":408,\"caption\":\"RIO DE JANEIRO, BRAZIL - JULY 24: President of Brazil Luiz Inacio Lula Da Silva smiles during the G20 Task Force meeting to establish a Global Alliance against Hunger and Poverty on July 24, 2024 in downtown Rio de Janeiro, Brazil. (Photo by Wagner Meier\/Getty Images)\"},{\"@type\":\"BreadcrumbList\",\"@id\":\"https:\/\/jornalfatosenoticias.com.br\/index.php\/2024\/07\/30\/rombo-do-governo-lula-e-de-r-409-bi-e-divida-vai-a-778-do-pib\/#breadcrumb\",\"itemListElement\":[{\"@type\":\"ListItem\",\"position\":1,\"name\":\"In\u00edcio\",\"item\":\"https:\/\/jornalfatosenoticias.com.br\/\"},{\"@type\":\"ListItem\",\"position\":2,\"name\":\"Rombo do governo Lula \u00e9 de R$ 40,9 bi, e d\u00edvida vai a 77,8% do PIB\"}]},{\"@type\":\"WebSite\",\"@id\":\"https:\/\/jornalfatosenoticias.com.br\/#website\",\"url\":\"https:\/\/jornalfatosenoticias.com.br\/\",\"name\":\"Jornal Fatos e Not\u00edcias\",\"description\":\"Not\u00edcias em geral\",\"publisher\":{\"@id\":\"https:\/\/jornalfatosenoticias.com.br\/#organization\"},\"potentialAction\":[{\"@type\":\"SearchAction\",\"target\":{\"@type\":\"EntryPoint\",\"urlTemplate\":\"https:\/\/jornalfatosenoticias.com.br\/?s={search_term_string}\"},\"query-input\":{\"@type\":\"PropertyValueSpecification\",\"valueRequired\":true,\"valueName\":\"search_term_string\"}}],\"inLanguage\":\"pt-BR\"},{\"@type\":\"Organization\",\"@id\":\"https:\/\/jornalfatosenoticias.com.br\/#organization\",\"name\":\"Jornal Fatos e Not\u00edcias\",\"url\":\"https:\/\/jornalfatosenoticias.com.br\/\",\"logo\":{\"@type\":\"ImageObject\",\"inLanguage\":\"pt-BR\",\"@id\":\"https:\/\/jornalfatosenoticias.com.br\/#\/schema\/logo\/image\/\",\"url\":\"https:\/\/jornalfatosenoticias.com.br\/wp-content\/uploads\/2020\/02\/logo120.png\",\"contentUrl\":\"https:\/\/jornalfatosenoticias.com.br\/wp-content\/uploads\/2020\/02\/logo120.png\",\"width\":1227,\"height\":120,\"caption\":\"Jornal Fatos e Not\u00edcias\"},\"image\":{\"@id\":\"https:\/\/jornalfatosenoticias.com.br\/#\/schema\/logo\/image\/\"}},{\"@type\":\"Person\",\"@id\":\"https:\/\/jornalfatosenoticias.com.br\/#\/schema\/person\/d63837fa13ac8666eb9e74e0985d6f81\",\"name\":\"Luzimara Fernandes\",\"image\":{\"@type\":\"ImageObject\",\"inLanguage\":\"pt-BR\",\"@id\":\"https:\/\/jornalfatosenoticias.com.br\/#\/schema\/person\/image\/\",\"url\":\"https:\/\/jornalfatosenoticias.com.br\/wp-content\/uploads\/2025\/05\/EU_portal.jpg\",\"contentUrl\":\"https:\/\/jornalfatosenoticias.com.br\/wp-content\/uploads\/2025\/05\/EU_portal.jpg\",\"caption\":\"Luzimara Fernandes\"},\"description\":\"Jornalista MTB 2358-ES\",\"sameAs\":[\"https:\/\/jornalfatosenoticias.com.br\"],\"url\":\"https:\/\/jornalfatosenoticias.com.br\/index.php\/author\/luzimara\/\"}]}<\/script>\n<!-- \/ Yoast SEO plugin. -->","yoast_head_json":{"title":"Rombo do governo Lula \u00e9 de R$ 40,9 bi, e d\u00edvida vai a 77,8% do PIB - Jornal Fatos e Not\u00edcias","robots":{"index":"index","follow":"follow","max-snippet":"max-snippet:-1","max-image-preview":"max-image-preview:large","max-video-preview":"max-video-preview:-1"},"canonical":"https:\/\/jornalfatosenoticias.com.br\/index.php\/2024\/07\/30\/rombo-do-governo-lula-e-de-r-409-bi-e-divida-vai-a-778-do-pib\/","og_locale":"pt_BR","og_type":"article","og_title":"Rombo do governo Lula \u00e9 de R$ 40,9 bi, e d\u00edvida vai a 77,8% do PIB - Jornal Fatos e Not\u00edcias","og_description":"O cen\u00e1rio econ\u00f4mico brasileiro, especificamente o setor p\u00fablico consolidado, enfrentou um d\u00e9ficit prim\u00e1rio significativo em junho de 2024. Este setor, que engloba a Uni\u00e3o, os estados e os munic\u00edpios, registrou um d\u00e9ficit de R$ 40,9 bilh\u00f5es. Para efeitos de compara\u00e7\u00e3o, no mesmo m\u00eas de 2023, o d\u00e9ficit foi de R$ 48,9 bilh\u00f5es, sinalizando uma leve [&hellip;]","og_url":"https:\/\/jornalfatosenoticias.com.br\/index.php\/2024\/07\/30\/rombo-do-governo-lula-e-de-r-409-bi-e-divida-vai-a-778-do-pib\/","og_site_name":"Jornal Fatos e Not\u00edcias","article_published_time":"2024-07-30T18:01:55+00:00","article_modified_time":"2024-07-30T18:01:56+00:00","og_image":[{"width":612,"height":408,"url":"https:\/\/jornalfatosenoticias.com.br\/wp-content\/uploads\/2024\/07\/Lula-rombor-fiscal_gettyimages.jpg","type":"image\/jpeg"}],"author":"Luzimara Fernandes","twitter_card":"summary_large_image","twitter_misc":{"Escrito por":"Luzimara Fernandes","Est. tempo de leitura":"3 minutos"},"schema":{"@context":"https:\/\/schema.org","@graph":[{"@type":"Article","@id":"https:\/\/jornalfatosenoticias.com.br\/index.php\/2024\/07\/30\/rombo-do-governo-lula-e-de-r-409-bi-e-divida-vai-a-778-do-pib\/#article","isPartOf":{"@id":"https:\/\/jornalfatosenoticias.com.br\/index.php\/2024\/07\/30\/rombo-do-governo-lula-e-de-r-409-bi-e-divida-vai-a-778-do-pib\/"},"author":{"name":"Luzimara Fernandes","@id":"https:\/\/jornalfatosenoticias.com.br\/#\/schema\/person\/d63837fa13ac8666eb9e74e0985d6f81"},"headline":"Rombo do governo Lula \u00e9 de R$ 40,9 bi, e d\u00edvida vai a 77,8% do PIB","datePublished":"2024-07-30T18:01:55+00:00","dateModified":"2024-07-30T18:01:56+00:00","mainEntityOfPage":{"@id":"https:\/\/jornalfatosenoticias.com.br\/index.php\/2024\/07\/30\/rombo-do-governo-lula-e-de-r-409-bi-e-divida-vai-a-778-do-pib\/"},"wordCount":534,"commentCount":0,"publisher":{"@id":"https:\/\/jornalfatosenoticias.com.br\/#organization"},"image":{"@id":"https:\/\/jornalfatosenoticias.com.br\/index.php\/2024\/07\/30\/rombo-do-governo-lula-e-de-r-409-bi-e-divida-vai-a-778-do-pib\/#primaryimage"},"thumbnailUrl":"https:\/\/jornalfatosenoticias.com.br\/wp-content\/uploads\/2024\/07\/Lula-rombor-fiscal_gettyimages.jpg","keywords":["d\u00e9ficit setor p\u00fablico","d\u00edvida p\u00fablica","PIB","rombo do governo Lula","rombo fiscal"],"articleSection":["Economia"],"inLanguage":"pt-BR","potentialAction":[{"@type":"CommentAction","name":"Comment","target":["https:\/\/jornalfatosenoticias.com.br\/index.php\/2024\/07\/30\/rombo-do-governo-lula-e-de-r-409-bi-e-divida-vai-a-778-do-pib\/#respond"]}]},{"@type":"WebPage","@id":"https:\/\/jornalfatosenoticias.com.br\/index.php\/2024\/07\/30\/rombo-do-governo-lula-e-de-r-409-bi-e-divida-vai-a-778-do-pib\/","url":"https:\/\/jornalfatosenoticias.com.br\/index.php\/2024\/07\/30\/rombo-do-governo-lula-e-de-r-409-bi-e-divida-vai-a-778-do-pib\/","name":"Rombo do governo Lula \u00e9 de R$ 40,9 bi, e d\u00edvida vai a 77,8% do PIB - Jornal Fatos e Not\u00edcias","isPartOf":{"@id":"https:\/\/jornalfatosenoticias.com.br\/#website"},"primaryImageOfPage":{"@id":"https:\/\/jornalfatosenoticias.com.br\/index.php\/2024\/07\/30\/rombo-do-governo-lula-e-de-r-409-bi-e-divida-vai-a-778-do-pib\/#primaryimage"},"image":{"@id":"https:\/\/jornalfatosenoticias.com.br\/index.php\/2024\/07\/30\/rombo-do-governo-lula-e-de-r-409-bi-e-divida-vai-a-778-do-pib\/#primaryimage"},"thumbnailUrl":"https:\/\/jornalfatosenoticias.com.br\/wp-content\/uploads\/2024\/07\/Lula-rombor-fiscal_gettyimages.jpg","datePublished":"2024-07-30T18:01:55+00:00","dateModified":"2024-07-30T18:01:56+00:00","breadcrumb":{"@id":"https:\/\/jornalfatosenoticias.com.br\/index.php\/2024\/07\/30\/rombo-do-governo-lula-e-de-r-409-bi-e-divida-vai-a-778-do-pib\/#breadcrumb"},"inLanguage":"pt-BR","potentialAction":[{"@type":"ReadAction","target":["https:\/\/jornalfatosenoticias.com.br\/index.php\/2024\/07\/30\/rombo-do-governo-lula-e-de-r-409-bi-e-divida-vai-a-778-do-pib\/"]}]},{"@type":"ImageObject","inLanguage":"pt-BR","@id":"https:\/\/jornalfatosenoticias.com.br\/index.php\/2024\/07\/30\/rombo-do-governo-lula-e-de-r-409-bi-e-divida-vai-a-778-do-pib\/#primaryimage","url":"https:\/\/jornalfatosenoticias.com.br\/wp-content\/uploads\/2024\/07\/Lula-rombor-fiscal_gettyimages.jpg","contentUrl":"https:\/\/jornalfatosenoticias.com.br\/wp-content\/uploads\/2024\/07\/Lula-rombor-fiscal_gettyimages.jpg","width":612,"height":408,"caption":"RIO DE JANEIRO, BRAZIL - JULY 24: President of Brazil Luiz Inacio Lula Da Silva smiles during the G20 Task Force meeting to establish a Global Alliance against Hunger and Poverty on July 24, 2024 in downtown Rio de Janeiro, Brazil. (Photo by Wagner Meier\/Getty Images)"},{"@type":"BreadcrumbList","@id":"https:\/\/jornalfatosenoticias.com.br\/index.php\/2024\/07\/30\/rombo-do-governo-lula-e-de-r-409-bi-e-divida-vai-a-778-do-pib\/#breadcrumb","itemListElement":[{"@type":"ListItem","position":1,"name":"In\u00edcio","item":"https:\/\/jornalfatosenoticias.com.br\/"},{"@type":"ListItem","position":2,"name":"Rombo do governo Lula \u00e9 de R$ 40,9 bi, e d\u00edvida vai a 77,8% do PIB"}]},{"@type":"WebSite","@id":"https:\/\/jornalfatosenoticias.com.br\/#website","url":"https:\/\/jornalfatosenoticias.com.br\/","name":"Jornal Fatos e Not\u00edcias","description":"Not\u00edcias em geral","publisher":{"@id":"https:\/\/jornalfatosenoticias.com.br\/#organization"},"potentialAction":[{"@type":"SearchAction","target":{"@type":"EntryPoint","urlTemplate":"https:\/\/jornalfatosenoticias.com.br\/?s={search_term_string}"},"query-input":{"@type":"PropertyValueSpecification","valueRequired":true,"valueName":"search_term_string"}}],"inLanguage":"pt-BR"},{"@type":"Organization","@id":"https:\/\/jornalfatosenoticias.com.br\/#organization","name":"Jornal Fatos e Not\u00edcias","url":"https:\/\/jornalfatosenoticias.com.br\/","logo":{"@type":"ImageObject","inLanguage":"pt-BR","@id":"https:\/\/jornalfatosenoticias.com.br\/#\/schema\/logo\/image\/","url":"https:\/\/jornalfatosenoticias.com.br\/wp-content\/uploads\/2020\/02\/logo120.png","contentUrl":"https:\/\/jornalfatosenoticias.com.br\/wp-content\/uploads\/2020\/02\/logo120.png","width":1227,"height":120,"caption":"Jornal Fatos e Not\u00edcias"},"image":{"@id":"https:\/\/jornalfatosenoticias.com.br\/#\/schema\/logo\/image\/"}},{"@type":"Person","@id":"https:\/\/jornalfatosenoticias.com.br\/#\/schema\/person\/d63837fa13ac8666eb9e74e0985d6f81","name":"Luzimara Fernandes","image":{"@type":"ImageObject","inLanguage":"pt-BR","@id":"https:\/\/jornalfatosenoticias.com.br\/#\/schema\/person\/image\/","url":"https:\/\/jornalfatosenoticias.com.br\/wp-content\/uploads\/2025\/05\/EU_portal.jpg","contentUrl":"https:\/\/jornalfatosenoticias.com.br\/wp-content\/uploads\/2025\/05\/EU_portal.jpg","caption":"Luzimara Fernandes"},"description":"Jornalista MTB 2358-ES","sameAs":["https:\/\/jornalfatosenoticias.com.br"],"url":"https:\/\/jornalfatosenoticias.com.br\/index.php\/author\/luzimara\/"}]}},"cc_featured_image_caption":{"caption_text":"(Foto: Getty Images) ","source_text":"","source_url":""},"jetpack_featured_media_url":"https:\/\/jornalfatosenoticias.com.br\/wp-content\/uploads\/2024\/07\/Lula-rombor-fiscal_gettyimages.jpg","_links":{"self":[{"href":"https:\/\/jornalfatosenoticias.com.br\/index.php\/wp-json\/wp\/v2\/posts\/53139","targetHints":{"allow":["GET"]}}],"collection":[{"href":"https:\/\/jornalfatosenoticias.com.br\/index.php\/wp-json\/wp\/v2\/posts"}],"about":[{"href":"https:\/\/jornalfatosenoticias.com.br\/index.php\/wp-json\/wp\/v2\/types\/post"}],"author":[{"embeddable":true,"href":"https:\/\/jornalfatosenoticias.com.br\/index.php\/wp-json\/wp\/v2\/users\/2"}],"replies":[{"embeddable":true,"href":"https:\/\/jornalfatosenoticias.com.br\/index.php\/wp-json\/wp\/v2\/comments?post=53139"}],"version-history":[{"count":0,"href":"https:\/\/jornalfatosenoticias.com.br\/index.php\/wp-json\/wp\/v2\/posts\/53139\/revisions"}],"wp:featuredmedia":[{"embeddable":true,"href":"https:\/\/jornalfatosenoticias.com.br\/index.php\/wp-json\/wp\/v2\/media\/53140"}],"wp:attachment":[{"href":"https:\/\/jornalfatosenoticias.com.br\/index.php\/wp-json\/wp\/v2\/media?parent=53139"}],"wp:term":[{"taxonomy":"category","embeddable":true,"href":"https:\/\/jornalfatosenoticias.com.br\/index.php\/wp-json\/wp\/v2\/categories?post=53139"},{"taxonomy":"post_tag","embeddable":true,"href":"https:\/\/jornalfatosenoticias.com.br\/index.php\/wp-json\/wp\/v2\/tags?post=53139"}],"curies":[{"name":"wp","href":"https:\/\/api.w.org\/{rel}","templated":true}]}}