{"id":53142,"date":"2024-07-30T15:13:08","date_gmt":"2024-07-30T18:13:08","guid":{"rendered":"https:\/\/jornalfatosenoticias.com.br\/?p=53142"},"modified":"2024-07-30T15:13:09","modified_gmt":"2024-07-30T18:13:09","slug":"oea-nao-reconhece-o-resultado-das-eleicoes-na-venezuela","status":"publish","type":"post","link":"https:\/\/jornalfatosenoticias.com.br\/index.php\/2024\/07\/30\/oea-nao-reconhece-o-resultado-das-eleicoes-na-venezuela\/","title":{"rendered":"OEA n\u00e3o reconhece o resultado das elei\u00e7\u00f5es na Venezuela"},"content":{"rendered":"\n<div class=\"wp-block-image\"><figure class=\"aligncenter size-large is-resized\"><a href=\"https:\/\/www.facebook.com\/vetor.vix\/\"><img loading=\"lazy\" decoding=\"async\" src=\"https:\/\/jornalfatosenoticias.com.br\/wp-content\/uploads\/2023\/09\/vetorvix1024_1.jpg\" alt=\"\" class=\"wp-image-44868\" width=\"483\" height=\"128\" srcset=\"https:\/\/jornalfatosenoticias.com.br\/wp-content\/uploads\/2023\/09\/vetorvix1024_1.jpg 1024w, https:\/\/jornalfatosenoticias.com.br\/wp-content\/uploads\/2023\/09\/vetorvix1024_1-300x80.jpg 300w, https:\/\/jornalfatosenoticias.com.br\/wp-content\/uploads\/2023\/09\/vetorvix1024_1-768x205.jpg 768w\" sizes=\"auto, (max-width: 483px) 100vw, 483px\" \/><\/a><\/figure><\/div>\n\n\n\n<p>Em um relat\u00f3rio divulgado nesta ter\u00e7a-feira (30), observadores da OEA apontaram ind\u00edcios de manipula\u00e7\u00e3o nos resultados das elei\u00e7\u00f5es presidenciais da Venezuela, que aconteceram no \u00faltimo domingo (28). A organiza\u00e7\u00e3o internacional criticou a demora na divulga\u00e7\u00e3o dos resultados, apesar da exist\u00eancia de urnas eletr\u00f4nicas no pa\u00eds, e relatou pr\u00e1ticas ilegais durante o pleito.<br>Segundo o documento, o Centro Nacional Eleitoral (CNE) proclamou Nicol\u00e1s Maduro como vencedor com 51,2% dos votos, enquanto o principal candidato da oposi\u00e7\u00e3o, Edmundo Gonz\u00e1lez, obteve 44%. A oposi\u00e7\u00e3o contesta os resultados e acusa o CNE de fraude, levando a um debate acalorado em todo o pa\u00eds e na comunidade internacional.<\/p>\n\n\n\n<div class=\"wp-block-image\"><figure class=\"aligncenter size-large is-resized\"><a href=\"https:\/\/www.controlsystems.com.br\/\"><img loading=\"lazy\" decoding=\"async\" src=\"https:\/\/jornalfatosenoticias.com.br\/wp-content\/uploads\/2020\/02\/CONTROL-CS.jpg\" alt=\"\" class=\"wp-image-44991\" width=\"269\" height=\"323\" srcset=\"https:\/\/jornalfatosenoticias.com.br\/wp-content\/uploads\/2020\/02\/CONTROL-CS.jpg 834w, https:\/\/jornalfatosenoticias.com.br\/wp-content\/uploads\/2020\/02\/CONTROL-CS-250x300.jpg 250w, https:\/\/jornalfatosenoticias.com.br\/wp-content\/uploads\/2020\/02\/CONTROL-CS-768x921.jpg 768w\" sizes=\"auto, (max-width: 269px) 100vw, 269px\" \/><\/a><\/figure><\/div>\n\n\n\n<p>A quest\u00e3o que muitos se perguntam \u00e9: \u201cos resultados das elei\u00e7\u00f5es na Venezuela foram leg\u00edtimos?\u201d. A resposta da oposi\u00e7\u00e3o \u00e9 um enf\u00e1tico n\u00e3o. Em confer\u00eancia, Mar\u00eda Corina Machado afirmou ter tido acesso a 73% das atas, que, segundo ela, mostram a vit\u00f3ria de Edmundo Gonz\u00e1lez. Este movimento oposicionista at\u00e9 criou um site para disponibilizar as atas e refor\u00e7ar sua posi\u00e7\u00e3o.<\/p>\n\n\n\n<div class=\"wp-block-image\"><figure class=\"aligncenter size-large\"><a href=\"http:\/\/www.ferrarimaquinas.com.br\/\"><img loading=\"lazy\" decoding=\"async\" width=\"300\" height=\"250\" src=\"https:\/\/jornalfatosenoticias.com.br\/wp-content\/uploads\/2022\/02\/FERRARI_MAQUINAS-E-FERRAMENTAS2.jpg\" alt=\"\" class=\"wp-image-27860\"\/><\/a><\/figure><\/div>\n\n\n\n<p>A OEA, em seu relat\u00f3rio, n\u00e3o reconhece os resultados das elei\u00e7\u00f5es presidenciais venezuelanas. Segundo a organiza\u00e7\u00e3o, houve uma s\u00e9rie de \u201cilegalidades, v\u00edcios e m\u00e1s pr\u00e1ticas\u201d que distorceram completamente o resultado eleitoral. O CNE, comandado por um aliado de Maduro, foi criticado por n\u00e3o fornecer detalhes das tabelas processadas e publicar apenas porcentagens agregadas.<\/p>\n\n\n\n<div class=\"wp-block-image\"><figure class=\"aligncenter size-large is-resized\"><a href=\"https:\/\/hotelmarquetti.com.br\/\"><img loading=\"lazy\" decoding=\"async\" src=\"https:\/\/jornalfatosenoticias.com.br\/wp-content\/uploads\/2020\/02\/nova-logo-Marquetti.jpg\" alt=\"\" class=\"wp-image-22331\" width=\"320\" height=\"215\" srcset=\"https:\/\/jornalfatosenoticias.com.br\/wp-content\/uploads\/2020\/02\/nova-logo-Marquetti.jpg 643w, https:\/\/jornalfatosenoticias.com.br\/wp-content\/uploads\/2020\/02\/nova-logo-Marquetti-300x202.jpg 300w\" sizes=\"auto, (max-width: 320px) 100vw, 320px\" \/><\/a><\/figure><\/div>\n\n\n\n<ul class=\"wp-block-list\"><li>Demora na divulga\u00e7\u00e3o dos resultados, apesar do uso de urnas eletr\u00f4nicas<\/li><li>Relatos de pr\u00e1ticas ilegais durante o pleito<\/li><li>Proclama\u00e7\u00e3o de Maduro como vencedor sem apresentar dados concretos<\/li><\/ul>\n\n\n\n<div class=\"wp-block-image\"><figure class=\"aligncenter size-large\"><a href=\"https:\/\/www.facebook.com\/Esteio-Churrascaria-Barbecue-103643461220402\/\"><img decoding=\"async\" src=\"https:\/\/jornalfatosenoticias.com.br\/wp-content\/uploads\/2020\/02\/logo_esteio.jpg\" alt=\"\" class=\"wp-image-1214\"\/><\/a><\/figure><\/div>\n\n\n\n<p>Os eventos na Venezuela t\u00eam tido grande repercuss\u00e3o internacional. Diversos pa\u00edses, incluindo Brasil, M\u00e9xico e Col\u00f4mbia, divulgaram uma carta conjunta na ter\u00e7a-feira, expressando profunda preocupa\u00e7\u00e3o com o desenvolvimento das elei\u00e7\u00f5es. Eles exigem uma revis\u00e3o completa dos resultados com a presen\u00e7a de observadores eleitorais independentes.<\/p>\n\n\n\n<div class=\"wp-block-image\"><figure class=\"aligncenter size-large\"><a href=\"https:\/\/cesconetto.com.br\/\"><img loading=\"lazy\" decoding=\"async\" width=\"300\" height=\"250\" src=\"https:\/\/jornalfatosenoticias.com.br\/wp-content\/uploads\/2020\/02\/Banner-2.png\" alt=\"\" class=\"wp-image-43787\"\/><\/a><\/figure><\/div>\n\n\n\n<p>Essa revis\u00e3o garantiria o respeito \u00e0 vontade do povo venezuelano, que compareceu massivamente e de forma pac\u00edfica \u00e0s urnas. Os governos destes pa\u00edses devem divulgar uma declara\u00e7\u00e3o conjunta cobrando a divulga\u00e7\u00e3o das atas eleitorais por parte do governo Maduro.<\/p>\n\n\n\n<div class=\"wp-block-image\"><figure class=\"aligncenter size-large is-resized\"><a href=\"https:\/\/www.instagram.com\/rapuzeljastro\/\"><img loading=\"lazy\" decoding=\"async\" src=\"https:\/\/jornalfatosenoticias.com.br\/wp-content\/uploads\/2020\/02\/logo-Rapuzel-1024x571.jpg\" alt=\"\" class=\"wp-image-42808\" width=\"359\" height=\"200\" srcset=\"https:\/\/jornalfatosenoticias.com.br\/wp-content\/uploads\/2020\/02\/logo-Rapuzel-1024x571.jpg 1024w, https:\/\/jornalfatosenoticias.com.br\/wp-content\/uploads\/2020\/02\/logo-Rapuzel-300x167.jpg 300w, https:\/\/jornalfatosenoticias.com.br\/wp-content\/uploads\/2020\/02\/logo-Rapuzel-768x428.jpg 768w, https:\/\/jornalfatosenoticias.com.br\/wp-content\/uploads\/2020\/02\/logo-Rapuzel-1536x856.jpg 1536w, https:\/\/jornalfatosenoticias.com.br\/wp-content\/uploads\/2020\/02\/logo-Rapuzel.jpg 1600w\" sizes=\"auto, (max-width: 359px) 100vw, 359px\" \/><\/a><\/figure><\/div>\n\n\n\n<p>As elei\u00e7\u00f5es contestadas acrescentam mais um cap\u00edtulo na j\u00e1 conturbada hist\u00f3ria pol\u00edtica da Venezuela. A rea\u00e7\u00e3o da comunidade internacional e dos pr\u00f3prios venezuelanos ser\u00e1 crucial para os pr\u00f3ximos passos. A legitimidade do governo de Maduro continuar\u00e1 sendo questionada, e a press\u00e3o por transpar\u00eancia e justi\u00e7a nas elei\u00e7\u00f5es deve aumentar.<\/p>\n\n\n\n<div class=\"wp-block-image\"><figure class=\"aligncenter size-large is-resized\"><a href=\"https:\/\/www.ithbrasil.com.br\/\"><img loading=\"lazy\" decoding=\"async\" src=\"https:\/\/jornalfatosenoticias.com.br\/wp-content\/uploads\/2023\/08\/ITH.jpeg\" alt=\"\" class=\"wp-image-44638\" width=\"304\" height=\"247\" srcset=\"https:\/\/jornalfatosenoticias.com.br\/wp-content\/uploads\/2023\/08\/ITH.jpeg 800w, https:\/\/jornalfatosenoticias.com.br\/wp-content\/uploads\/2023\/08\/ITH-300x244.jpeg 300w, https:\/\/jornalfatosenoticias.com.br\/wp-content\/uploads\/2023\/08\/ITH-768x624.jpeg 768w\" sizes=\"auto, (max-width: 304px) 100vw, 304px\" \/><\/a><\/figure><\/div>\n\n\n\n<p>Em meio a isso, a Venezuela enfrenta desafios econ\u00f4micos e sociais significativos. Uma solu\u00e7\u00e3o pac\u00edfica e democr\u00e1tica \u00e9 essencial para o futuro do pa\u00eds. O papel da OEA e de outros observadores internacionais ser\u00e1 fundamental para mediar poss\u00edveis negocia\u00e7\u00f5es e garantir que a voz do povo seja ouvida.<\/p>\n\n\n\n<div class=\"wp-block-image\"><figure class=\"aligncenter size-large is-resized\"><a href=\"https:\/\/www.instagram.com\/restaurantepegoretti\/\"><img loading=\"lazy\" decoding=\"async\" src=\"https:\/\/jornalfatosenoticias.com.br\/wp-content\/uploads\/2023\/12\/pegoretti-logo-pdf-1024x389.jpg\" alt=\"\" class=\"wp-image-47536\" width=\"414\" height=\"157\" srcset=\"https:\/\/jornalfatosenoticias.com.br\/wp-content\/uploads\/2023\/12\/pegoretti-logo-pdf-1024x389.jpg 1024w, https:\/\/jornalfatosenoticias.com.br\/wp-content\/uploads\/2023\/12\/pegoretti-logo-pdf-300x114.jpg 300w, https:\/\/jornalfatosenoticias.com.br\/wp-content\/uploads\/2023\/12\/pegoretti-logo-pdf-768x291.jpg 768w, https:\/\/jornalfatosenoticias.com.br\/wp-content\/uploads\/2023\/12\/pegoretti-logo-pdf.jpg 1120w\" sizes=\"auto, (max-width: 414px) 100vw, 414px\" \/><\/a><\/figure><\/div>\n\n\n\n<ul class=\"wp-block-list\"><li>Press\u00e3o internacional por revis\u00e3o dos resultados<\/li><li>Desafios econ\u00f4micos e sociais persistentes<\/li><li>Papel crucial da OEA e observadores internacionais<\/li><\/ul>\n\n\n\n<div class=\"wp-block-image\"><figure class=\"aligncenter size-large is-resized\"><a href=\"https:\/\/www.facebook.com\/postobkr\/?locale=pt_BR\"><img loading=\"lazy\" decoding=\"async\" src=\"https:\/\/jornalfatosenoticias.com.br\/wp-content\/uploads\/2023\/08\/BKR-1024x1021.jpg\" alt=\"\" class=\"wp-image-44494\" width=\"275\" height=\"274\" srcset=\"https:\/\/jornalfatosenoticias.com.br\/wp-content\/uploads\/2023\/08\/BKR-1024x1021.jpg 1024w, https:\/\/jornalfatosenoticias.com.br\/wp-content\/uploads\/2023\/08\/BKR-300x300.jpg 300w, https:\/\/jornalfatosenoticias.com.br\/wp-content\/uploads\/2023\/08\/BKR-150x150.jpg 150w, https:\/\/jornalfatosenoticias.com.br\/wp-content\/uploads\/2023\/08\/BKR-768x766.jpg 768w, https:\/\/jornalfatosenoticias.com.br\/wp-content\/uploads\/2023\/08\/BKR.jpg 1080w\" sizes=\"auto, (max-width: 275px) 100vw, 275px\" \/><\/a><\/figure><\/div>\n\n\n\n<p><strong><em>Fonte: <a href=\"https:\/\/terrabrasilnoticias.com\/2024\/07\/urgente-oea-nao-reconhece-o-resultado-das-eleicoes-na-venezuela\/\">Terra Brasil Not\u00edcias<\/a><\/em><\/strong><\/p>\n","protected":false},"excerpt":{"rendered":"<p>Em um relat\u00f3rio divulgado nesta ter\u00e7a-feira (30), observadores da OEA apontaram ind\u00edcios de manipula\u00e7\u00e3o nos resultados das elei\u00e7\u00f5es presidenciais da Venezuela, que aconteceram no \u00faltimo domingo (28). A organiza\u00e7\u00e3o internacional criticou a demora na divulga\u00e7\u00e3o dos resultados, apesar da exist\u00eancia de urnas eletr\u00f4nicas no pa\u00eds, e relatou pr\u00e1ticas ilegais durante o pleito.Segundo o documento, o [&hellip;]<\/p>\n","protected":false},"author":2,"featured_media":53143,"comment_status":"open","ping_status":"open","sticky":false,"template":"","format":"standard","meta":{"footnotes":""},"categories":[41,10],"tags":[24194,21855,19097,22274,24237,8605],"class_list":["post-53142","post","type-post","status-publish","format-standard","has-post-thumbnail","hentry","category-internacional","category-politica","tag-eleicoes-venezuela","tag-maria-corina-machado","tag-nicolas-maduro","tag-oea","tag-pressao-internacional","tag-venezuela"],"yoast_head":"<!-- This site is optimized with the Yoast SEO plugin v26.5 - https:\/\/yoast.com\/wordpress\/plugins\/seo\/ -->\n<title>OEA n\u00e3o reconhece o resultado das elei\u00e7\u00f5es na Venezuela - Jornal Fatos e Not\u00edcias<\/title>\n<meta name=\"robots\" content=\"index, follow, max-snippet:-1, max-image-preview:large, max-video-preview:-1\" \/>\n<link rel=\"canonical\" href=\"https:\/\/jornalfatosenoticias.com.br\/index.php\/2024\/07\/30\/oea-nao-reconhece-o-resultado-das-eleicoes-na-venezuela\/\" \/>\n<meta property=\"og:locale\" content=\"pt_BR\" \/>\n<meta property=\"og:type\" content=\"article\" \/>\n<meta property=\"og:title\" content=\"OEA n\u00e3o reconhece o resultado das elei\u00e7\u00f5es na Venezuela - Jornal Fatos e Not\u00edcias\" \/>\n<meta property=\"og:description\" content=\"Em um relat\u00f3rio divulgado nesta ter\u00e7a-feira (30), observadores da OEA apontaram ind\u00edcios de manipula\u00e7\u00e3o nos resultados das elei\u00e7\u00f5es presidenciais da Venezuela, que aconteceram no \u00faltimo domingo (28). A organiza\u00e7\u00e3o internacional criticou a demora na divulga\u00e7\u00e3o dos resultados, apesar da exist\u00eancia de urnas eletr\u00f4nicas no pa\u00eds, e relatou pr\u00e1ticas ilegais durante o pleito.Segundo o documento, o [&hellip;]\" \/>\n<meta property=\"og:url\" content=\"https:\/\/jornalfatosenoticias.com.br\/index.php\/2024\/07\/30\/oea-nao-reconhece-o-resultado-das-eleicoes-na-venezuela\/\" \/>\n<meta property=\"og:site_name\" content=\"Jornal Fatos e Not\u00edcias\" \/>\n<meta property=\"article:published_time\" content=\"2024-07-30T18:13:08+00:00\" \/>\n<meta property=\"article:modified_time\" content=\"2024-07-30T18:13:09+00:00\" \/>\n<meta property=\"og:image\" content=\"https:\/\/jornalfatosenoticias.com.br\/wp-content\/uploads\/2024\/07\/Podre_gettyimages.jpg\" \/>\n\t<meta property=\"og:image:width\" content=\"612\" \/>\n\t<meta property=\"og:image:height\" content=\"408\" \/>\n\t<meta property=\"og:image:type\" content=\"image\/jpeg\" \/>\n<meta name=\"author\" content=\"Luzimara Fernandes\" \/>\n<meta name=\"twitter:card\" content=\"summary_large_image\" \/>\n<meta name=\"twitter:label1\" content=\"Escrito por\" \/>\n\t<meta name=\"twitter:data1\" content=\"Luzimara Fernandes\" \/>\n\t<meta name=\"twitter:label2\" content=\"Est. tempo de leitura\" \/>\n\t<meta name=\"twitter:data2\" content=\"3 minutos\" \/>\n<script type=\"application\/ld+json\" class=\"yoast-schema-graph\">{\"@context\":\"https:\/\/schema.org\",\"@graph\":[{\"@type\":\"Article\",\"@id\":\"https:\/\/jornalfatosenoticias.com.br\/index.php\/2024\/07\/30\/oea-nao-reconhece-o-resultado-das-eleicoes-na-venezuela\/#article\",\"isPartOf\":{\"@id\":\"https:\/\/jornalfatosenoticias.com.br\/index.php\/2024\/07\/30\/oea-nao-reconhece-o-resultado-das-eleicoes-na-venezuela\/\"},\"author\":{\"name\":\"Luzimara Fernandes\",\"@id\":\"https:\/\/jornalfatosenoticias.com.br\/#\/schema\/person\/d63837fa13ac8666eb9e74e0985d6f81\"},\"headline\":\"OEA n\u00e3o reconhece o resultado das elei\u00e7\u00f5es na Venezuela\",\"datePublished\":\"2024-07-30T18:13:08+00:00\",\"dateModified\":\"2024-07-30T18:13:09+00:00\",\"mainEntityOfPage\":{\"@id\":\"https:\/\/jornalfatosenoticias.com.br\/index.php\/2024\/07\/30\/oea-nao-reconhece-o-resultado-das-eleicoes-na-venezuela\/\"},\"wordCount\":525,\"commentCount\":0,\"publisher\":{\"@id\":\"https:\/\/jornalfatosenoticias.com.br\/#organization\"},\"image\":{\"@id\":\"https:\/\/jornalfatosenoticias.com.br\/index.php\/2024\/07\/30\/oea-nao-reconhece-o-resultado-das-eleicoes-na-venezuela\/#primaryimage\"},\"thumbnailUrl\":\"https:\/\/jornalfatosenoticias.com.br\/wp-content\/uploads\/2024\/07\/Podre_gettyimages.jpg\",\"keywords\":[\"elei\u00e7\u00f5es Venezuela\",\"Mar\u00eda Corina Machado\",\"Nicol\u00e1s Maduro\",\"OEA\",\"press\u00e3o internacional\",\"Venezuela\"],\"articleSection\":[\"Internacional\",\"Pol\u00edtica\"],\"inLanguage\":\"pt-BR\",\"potentialAction\":[{\"@type\":\"CommentAction\",\"name\":\"Comment\",\"target\":[\"https:\/\/jornalfatosenoticias.com.br\/index.php\/2024\/07\/30\/oea-nao-reconhece-o-resultado-das-eleicoes-na-venezuela\/#respond\"]}]},{\"@type\":\"WebPage\",\"@id\":\"https:\/\/jornalfatosenoticias.com.br\/index.php\/2024\/07\/30\/oea-nao-reconhece-o-resultado-das-eleicoes-na-venezuela\/\",\"url\":\"https:\/\/jornalfatosenoticias.com.br\/index.php\/2024\/07\/30\/oea-nao-reconhece-o-resultado-das-eleicoes-na-venezuela\/\",\"name\":\"OEA n\u00e3o reconhece o resultado das elei\u00e7\u00f5es na Venezuela - Jornal Fatos e Not\u00edcias\",\"isPartOf\":{\"@id\":\"https:\/\/jornalfatosenoticias.com.br\/#website\"},\"primaryImageOfPage\":{\"@id\":\"https:\/\/jornalfatosenoticias.com.br\/index.php\/2024\/07\/30\/oea-nao-reconhece-o-resultado-das-eleicoes-na-venezuela\/#primaryimage\"},\"image\":{\"@id\":\"https:\/\/jornalfatosenoticias.com.br\/index.php\/2024\/07\/30\/oea-nao-reconhece-o-resultado-das-eleicoes-na-venezuela\/#primaryimage\"},\"thumbnailUrl\":\"https:\/\/jornalfatosenoticias.com.br\/wp-content\/uploads\/2024\/07\/Podre_gettyimages.jpg\",\"datePublished\":\"2024-07-30T18:13:08+00:00\",\"dateModified\":\"2024-07-30T18:13:09+00:00\",\"breadcrumb\":{\"@id\":\"https:\/\/jornalfatosenoticias.com.br\/index.php\/2024\/07\/30\/oea-nao-reconhece-o-resultado-das-eleicoes-na-venezuela\/#breadcrumb\"},\"inLanguage\":\"pt-BR\",\"potentialAction\":[{\"@type\":\"ReadAction\",\"target\":[\"https:\/\/jornalfatosenoticias.com.br\/index.php\/2024\/07\/30\/oea-nao-reconhece-o-resultado-das-eleicoes-na-venezuela\/\"]}]},{\"@type\":\"ImageObject\",\"inLanguage\":\"pt-BR\",\"@id\":\"https:\/\/jornalfatosenoticias.com.br\/index.php\/2024\/07\/30\/oea-nao-reconhece-o-resultado-das-eleicoes-na-venezuela\/#primaryimage\",\"url\":\"https:\/\/jornalfatosenoticias.com.br\/wp-content\/uploads\/2024\/07\/Podre_gettyimages.jpg\",\"contentUrl\":\"https:\/\/jornalfatosenoticias.com.br\/wp-content\/uploads\/2024\/07\/Podre_gettyimages.jpg\",\"width\":612,\"height\":408,\"caption\":\"CARACAS, VENEZUELA - JULY 29: President-elect Nicolas Maduro (C) shows the certificate proclaiming him as the winner of the electoral battle during the ceremony to deliver the majority of the vote Certificate at CNE Headquarters on July 29, 2024 in Caracas, Venezuela. Incumbent president Maduro was announced as the winner of a controversial presidential election with 51,20% of the votes while opposition candidate Edmundo Gonzalez of the Plataforma Unitaria Democratica Coalition got 44,2% according to the 'Consejo Nacional Electoral CNE (National Electoral Council). (Photo by Jesus Vargas\/Getty Images)\"},{\"@type\":\"BreadcrumbList\",\"@id\":\"https:\/\/jornalfatosenoticias.com.br\/index.php\/2024\/07\/30\/oea-nao-reconhece-o-resultado-das-eleicoes-na-venezuela\/#breadcrumb\",\"itemListElement\":[{\"@type\":\"ListItem\",\"position\":1,\"name\":\"In\u00edcio\",\"item\":\"https:\/\/jornalfatosenoticias.com.br\/\"},{\"@type\":\"ListItem\",\"position\":2,\"name\":\"OEA n\u00e3o reconhece o resultado das elei\u00e7\u00f5es na Venezuela\"}]},{\"@type\":\"WebSite\",\"@id\":\"https:\/\/jornalfatosenoticias.com.br\/#website\",\"url\":\"https:\/\/jornalfatosenoticias.com.br\/\",\"name\":\"Jornal Fatos e Not\u00edcias\",\"description\":\"Not\u00edcias em geral\",\"publisher\":{\"@id\":\"https:\/\/jornalfatosenoticias.com.br\/#organization\"},\"potentialAction\":[{\"@type\":\"SearchAction\",\"target\":{\"@type\":\"EntryPoint\",\"urlTemplate\":\"https:\/\/jornalfatosenoticias.com.br\/?s={search_term_string}\"},\"query-input\":{\"@type\":\"PropertyValueSpecification\",\"valueRequired\":true,\"valueName\":\"search_term_string\"}}],\"inLanguage\":\"pt-BR\"},{\"@type\":\"Organization\",\"@id\":\"https:\/\/jornalfatosenoticias.com.br\/#organization\",\"name\":\"Jornal Fatos e Not\u00edcias\",\"url\":\"https:\/\/jornalfatosenoticias.com.br\/\",\"logo\":{\"@type\":\"ImageObject\",\"inLanguage\":\"pt-BR\",\"@id\":\"https:\/\/jornalfatosenoticias.com.br\/#\/schema\/logo\/image\/\",\"url\":\"https:\/\/jornalfatosenoticias.com.br\/wp-content\/uploads\/2020\/02\/logo120.png\",\"contentUrl\":\"https:\/\/jornalfatosenoticias.com.br\/wp-content\/uploads\/2020\/02\/logo120.png\",\"width\":1227,\"height\":120,\"caption\":\"Jornal Fatos e Not\u00edcias\"},\"image\":{\"@id\":\"https:\/\/jornalfatosenoticias.com.br\/#\/schema\/logo\/image\/\"}},{\"@type\":\"Person\",\"@id\":\"https:\/\/jornalfatosenoticias.com.br\/#\/schema\/person\/d63837fa13ac8666eb9e74e0985d6f81\",\"name\":\"Luzimara Fernandes\",\"image\":{\"@type\":\"ImageObject\",\"inLanguage\":\"pt-BR\",\"@id\":\"https:\/\/jornalfatosenoticias.com.br\/#\/schema\/person\/image\/\",\"url\":\"https:\/\/jornalfatosenoticias.com.br\/wp-content\/uploads\/2025\/05\/EU_portal.jpg\",\"contentUrl\":\"https:\/\/jornalfatosenoticias.com.br\/wp-content\/uploads\/2025\/05\/EU_portal.jpg\",\"caption\":\"Luzimara Fernandes\"},\"description\":\"Jornalista MTB 2358-ES\",\"sameAs\":[\"https:\/\/jornalfatosenoticias.com.br\"],\"url\":\"https:\/\/jornalfatosenoticias.com.br\/index.php\/author\/luzimara\/\"}]}<\/script>\n<!-- \/ Yoast SEO plugin. -->","yoast_head_json":{"title":"OEA n\u00e3o reconhece o resultado das elei\u00e7\u00f5es na Venezuela - Jornal Fatos e Not\u00edcias","robots":{"index":"index","follow":"follow","max-snippet":"max-snippet:-1","max-image-preview":"max-image-preview:large","max-video-preview":"max-video-preview:-1"},"canonical":"https:\/\/jornalfatosenoticias.com.br\/index.php\/2024\/07\/30\/oea-nao-reconhece-o-resultado-das-eleicoes-na-venezuela\/","og_locale":"pt_BR","og_type":"article","og_title":"OEA n\u00e3o reconhece o resultado das elei\u00e7\u00f5es na Venezuela - Jornal Fatos e Not\u00edcias","og_description":"Em um relat\u00f3rio divulgado nesta ter\u00e7a-feira (30), observadores da OEA apontaram ind\u00edcios de manipula\u00e7\u00e3o nos resultados das elei\u00e7\u00f5es presidenciais da Venezuela, que aconteceram no \u00faltimo domingo (28). A organiza\u00e7\u00e3o internacional criticou a demora na divulga\u00e7\u00e3o dos resultados, apesar da exist\u00eancia de urnas eletr\u00f4nicas no pa\u00eds, e relatou pr\u00e1ticas ilegais durante o pleito.Segundo o documento, o [&hellip;]","og_url":"https:\/\/jornalfatosenoticias.com.br\/index.php\/2024\/07\/30\/oea-nao-reconhece-o-resultado-das-eleicoes-na-venezuela\/","og_site_name":"Jornal Fatos e Not\u00edcias","article_published_time":"2024-07-30T18:13:08+00:00","article_modified_time":"2024-07-30T18:13:09+00:00","og_image":[{"width":612,"height":408,"url":"https:\/\/jornalfatosenoticias.com.br\/wp-content\/uploads\/2024\/07\/Podre_gettyimages.jpg","type":"image\/jpeg"}],"author":"Luzimara Fernandes","twitter_card":"summary_large_image","twitter_misc":{"Escrito por":"Luzimara Fernandes","Est. tempo de leitura":"3 minutos"},"schema":{"@context":"https:\/\/schema.org","@graph":[{"@type":"Article","@id":"https:\/\/jornalfatosenoticias.com.br\/index.php\/2024\/07\/30\/oea-nao-reconhece-o-resultado-das-eleicoes-na-venezuela\/#article","isPartOf":{"@id":"https:\/\/jornalfatosenoticias.com.br\/index.php\/2024\/07\/30\/oea-nao-reconhece-o-resultado-das-eleicoes-na-venezuela\/"},"author":{"name":"Luzimara Fernandes","@id":"https:\/\/jornalfatosenoticias.com.br\/#\/schema\/person\/d63837fa13ac8666eb9e74e0985d6f81"},"headline":"OEA n\u00e3o reconhece o resultado das elei\u00e7\u00f5es na Venezuela","datePublished":"2024-07-30T18:13:08+00:00","dateModified":"2024-07-30T18:13:09+00:00","mainEntityOfPage":{"@id":"https:\/\/jornalfatosenoticias.com.br\/index.php\/2024\/07\/30\/oea-nao-reconhece-o-resultado-das-eleicoes-na-venezuela\/"},"wordCount":525,"commentCount":0,"publisher":{"@id":"https:\/\/jornalfatosenoticias.com.br\/#organization"},"image":{"@id":"https:\/\/jornalfatosenoticias.com.br\/index.php\/2024\/07\/30\/oea-nao-reconhece-o-resultado-das-eleicoes-na-venezuela\/#primaryimage"},"thumbnailUrl":"https:\/\/jornalfatosenoticias.com.br\/wp-content\/uploads\/2024\/07\/Podre_gettyimages.jpg","keywords":["elei\u00e7\u00f5es Venezuela","Mar\u00eda Corina Machado","Nicol\u00e1s Maduro","OEA","press\u00e3o internacional","Venezuela"],"articleSection":["Internacional","Pol\u00edtica"],"inLanguage":"pt-BR","potentialAction":[{"@type":"CommentAction","name":"Comment","target":["https:\/\/jornalfatosenoticias.com.br\/index.php\/2024\/07\/30\/oea-nao-reconhece-o-resultado-das-eleicoes-na-venezuela\/#respond"]}]},{"@type":"WebPage","@id":"https:\/\/jornalfatosenoticias.com.br\/index.php\/2024\/07\/30\/oea-nao-reconhece-o-resultado-das-eleicoes-na-venezuela\/","url":"https:\/\/jornalfatosenoticias.com.br\/index.php\/2024\/07\/30\/oea-nao-reconhece-o-resultado-das-eleicoes-na-venezuela\/","name":"OEA n\u00e3o reconhece o resultado das elei\u00e7\u00f5es na Venezuela - Jornal Fatos e Not\u00edcias","isPartOf":{"@id":"https:\/\/jornalfatosenoticias.com.br\/#website"},"primaryImageOfPage":{"@id":"https:\/\/jornalfatosenoticias.com.br\/index.php\/2024\/07\/30\/oea-nao-reconhece-o-resultado-das-eleicoes-na-venezuela\/#primaryimage"},"image":{"@id":"https:\/\/jornalfatosenoticias.com.br\/index.php\/2024\/07\/30\/oea-nao-reconhece-o-resultado-das-eleicoes-na-venezuela\/#primaryimage"},"thumbnailUrl":"https:\/\/jornalfatosenoticias.com.br\/wp-content\/uploads\/2024\/07\/Podre_gettyimages.jpg","datePublished":"2024-07-30T18:13:08+00:00","dateModified":"2024-07-30T18:13:09+00:00","breadcrumb":{"@id":"https:\/\/jornalfatosenoticias.com.br\/index.php\/2024\/07\/30\/oea-nao-reconhece-o-resultado-das-eleicoes-na-venezuela\/#breadcrumb"},"inLanguage":"pt-BR","potentialAction":[{"@type":"ReadAction","target":["https:\/\/jornalfatosenoticias.com.br\/index.php\/2024\/07\/30\/oea-nao-reconhece-o-resultado-das-eleicoes-na-venezuela\/"]}]},{"@type":"ImageObject","inLanguage":"pt-BR","@id":"https:\/\/jornalfatosenoticias.com.br\/index.php\/2024\/07\/30\/oea-nao-reconhece-o-resultado-das-eleicoes-na-venezuela\/#primaryimage","url":"https:\/\/jornalfatosenoticias.com.br\/wp-content\/uploads\/2024\/07\/Podre_gettyimages.jpg","contentUrl":"https:\/\/jornalfatosenoticias.com.br\/wp-content\/uploads\/2024\/07\/Podre_gettyimages.jpg","width":612,"height":408,"caption":"CARACAS, VENEZUELA - JULY 29: President-elect Nicolas Maduro (C) shows the certificate proclaiming him as the winner of the electoral battle during the ceremony to deliver the majority of the vote Certificate at CNE Headquarters on July 29, 2024 in Caracas, Venezuela. Incumbent president Maduro was announced as the winner of a controversial presidential election with 51,20% of the votes while opposition candidate Edmundo Gonzalez of the Plataforma Unitaria Democratica Coalition got 44,2% according to the 'Consejo Nacional Electoral CNE (National Electoral Council). (Photo by Jesus Vargas\/Getty Images)"},{"@type":"BreadcrumbList","@id":"https:\/\/jornalfatosenoticias.com.br\/index.php\/2024\/07\/30\/oea-nao-reconhece-o-resultado-das-eleicoes-na-venezuela\/#breadcrumb","itemListElement":[{"@type":"ListItem","position":1,"name":"In\u00edcio","item":"https:\/\/jornalfatosenoticias.com.br\/"},{"@type":"ListItem","position":2,"name":"OEA n\u00e3o reconhece o resultado das elei\u00e7\u00f5es na Venezuela"}]},{"@type":"WebSite","@id":"https:\/\/jornalfatosenoticias.com.br\/#website","url":"https:\/\/jornalfatosenoticias.com.br\/","name":"Jornal Fatos e Not\u00edcias","description":"Not\u00edcias em geral","publisher":{"@id":"https:\/\/jornalfatosenoticias.com.br\/#organization"},"potentialAction":[{"@type":"SearchAction","target":{"@type":"EntryPoint","urlTemplate":"https:\/\/jornalfatosenoticias.com.br\/?s={search_term_string}"},"query-input":{"@type":"PropertyValueSpecification","valueRequired":true,"valueName":"search_term_string"}}],"inLanguage":"pt-BR"},{"@type":"Organization","@id":"https:\/\/jornalfatosenoticias.com.br\/#organization","name":"Jornal Fatos e Not\u00edcias","url":"https:\/\/jornalfatosenoticias.com.br\/","logo":{"@type":"ImageObject","inLanguage":"pt-BR","@id":"https:\/\/jornalfatosenoticias.com.br\/#\/schema\/logo\/image\/","url":"https:\/\/jornalfatosenoticias.com.br\/wp-content\/uploads\/2020\/02\/logo120.png","contentUrl":"https:\/\/jornalfatosenoticias.com.br\/wp-content\/uploads\/2020\/02\/logo120.png","width":1227,"height":120,"caption":"Jornal Fatos e Not\u00edcias"},"image":{"@id":"https:\/\/jornalfatosenoticias.com.br\/#\/schema\/logo\/image\/"}},{"@type":"Person","@id":"https:\/\/jornalfatosenoticias.com.br\/#\/schema\/person\/d63837fa13ac8666eb9e74e0985d6f81","name":"Luzimara Fernandes","image":{"@type":"ImageObject","inLanguage":"pt-BR","@id":"https:\/\/jornalfatosenoticias.com.br\/#\/schema\/person\/image\/","url":"https:\/\/jornalfatosenoticias.com.br\/wp-content\/uploads\/2025\/05\/EU_portal.jpg","contentUrl":"https:\/\/jornalfatosenoticias.com.br\/wp-content\/uploads\/2025\/05\/EU_portal.jpg","caption":"Luzimara Fernandes"},"description":"Jornalista MTB 2358-ES","sameAs":["https:\/\/jornalfatosenoticias.com.br"],"url":"https:\/\/jornalfatosenoticias.com.br\/index.php\/author\/luzimara\/"}]}},"cc_featured_image_caption":{"caption_text":"(Foto: Getty Images) \r\n","source_text":"","source_url":""},"jetpack_featured_media_url":"https:\/\/jornalfatosenoticias.com.br\/wp-content\/uploads\/2024\/07\/Podre_gettyimages.jpg","_links":{"self":[{"href":"https:\/\/jornalfatosenoticias.com.br\/index.php\/wp-json\/wp\/v2\/posts\/53142","targetHints":{"allow":["GET"]}}],"collection":[{"href":"https:\/\/jornalfatosenoticias.com.br\/index.php\/wp-json\/wp\/v2\/posts"}],"about":[{"href":"https:\/\/jornalfatosenoticias.com.br\/index.php\/wp-json\/wp\/v2\/types\/post"}],"author":[{"embeddable":true,"href":"https:\/\/jornalfatosenoticias.com.br\/index.php\/wp-json\/wp\/v2\/users\/2"}],"replies":[{"embeddable":true,"href":"https:\/\/jornalfatosenoticias.com.br\/index.php\/wp-json\/wp\/v2\/comments?post=53142"}],"version-history":[{"count":0,"href":"https:\/\/jornalfatosenoticias.com.br\/index.php\/wp-json\/wp\/v2\/posts\/53142\/revisions"}],"wp:featuredmedia":[{"embeddable":true,"href":"https:\/\/jornalfatosenoticias.com.br\/index.php\/wp-json\/wp\/v2\/media\/53143"}],"wp:attachment":[{"href":"https:\/\/jornalfatosenoticias.com.br\/index.php\/wp-json\/wp\/v2\/media?parent=53142"}],"wp:term":[{"taxonomy":"category","embeddable":true,"href":"https:\/\/jornalfatosenoticias.com.br\/index.php\/wp-json\/wp\/v2\/categories?post=53142"},{"taxonomy":"post_tag","embeddable":true,"href":"https:\/\/jornalfatosenoticias.com.br\/index.php\/wp-json\/wp\/v2\/tags?post=53142"}],"curies":[{"name":"wp","href":"https:\/\/api.w.org\/{rel}","templated":true}]}}