{"id":53148,"date":"2024-07-31T10:11:19","date_gmt":"2024-07-31T13:11:19","guid":{"rendered":"https:\/\/jornalfatosenoticias.com.br\/?p=53148"},"modified":"2024-07-31T10:11:21","modified_gmt":"2024-07-31T13:11:21","slug":"150-hindus-invadem-casa-e-espancam-fieis-que-faziam-culto-no-lar-relata-pastor","status":"publish","type":"post","link":"https:\/\/jornalfatosenoticias.com.br\/index.php\/2024\/07\/31\/150-hindus-invadem-casa-e-espancam-fieis-que-faziam-culto-no-lar-relata-pastor\/","title":{"rendered":"150 hindus invadem casa e espancam fi\u00e9is que faziam culto no lar, relata pastor"},"content":{"rendered":"\n<p><span class=\"has-inline-color has-black-color\">Por <strong><a href=\"https:\/\/noticias.gospelmais.com.br\/author\/tiagot83\">Tiago Chagas<\/a><\/strong><\/span><\/p>\n\n\n\n<div class=\"wp-block-image\"><figure class=\"aligncenter size-large\"><a href=\"https:\/\/mizu.com.br\/\"><img loading=\"lazy\" decoding=\"async\" width=\"729\" height=\"90\" src=\"https:\/\/jornalfatosenoticias.com.br\/wp-content\/uploads\/2020\/02\/Logo_Mizu.png\" alt=\"\" class=\"wp-image-1441\" srcset=\"https:\/\/jornalfatosenoticias.com.br\/wp-content\/uploads\/2020\/02\/Logo_Mizu.png 729w, https:\/\/jornalfatosenoticias.com.br\/wp-content\/uploads\/2020\/02\/Logo_Mizu-300x37.png 300w\" sizes=\"auto, (max-width: 729px) 100vw, 729px\" \/><\/a><\/figure><\/div>\n\n\n\n<p>Membros de uma igreja dom\u00e9stica no norte da \u00cdndia n\u00e3o podem mais se reunir para cultuar depois do ataque realizado por 150 extremistas hindus durante um momento de adora\u00e7\u00e3o. O caso registrado na \u00e1rea de Nawada, distrito de Dehradun, no estado de Uttarakhand, mostra o tamanho da f\u00faria contra o cristianismo na \u00cdndia. o grupo de aproximadamente 15 crist\u00e3os <strong><a href=\"https:\/\/noticias.gospelmais.com.br\/cultos-domesticos-india-prisoes-13-cristaos-169641.html\"><strong>estavam reunidos em uma casa<\/strong><\/a><\/strong> quando foram atacados por 150 hindus radicais.<br>\u201cMinha sogra suspeitou que poderia ser uma multid\u00e3o de ativistas do RSS [extremista hindu Rashtriya Swayamsevak Sangh] e nos alertou que eles devem ter se reunido para nos atacar\u201d, disse o pastor Bhomi, 37 anos.<\/p>\n\n\n\n<div class=\"wp-block-image\"><figure class=\"aligncenter size-large\"><a href=\"http:\/\/www.ferrarimaquinas.com.br\/\"><img loading=\"lazy\" decoding=\"async\" width=\"300\" height=\"250\" src=\"https:\/\/jornalfatosenoticias.com.br\/wp-content\/uploads\/2022\/02\/FERRARI_MAQUINAS-E-FERRAMENTAS2.jpg\" alt=\"\" class=\"wp-image-27860\"\/><\/a><\/figure><\/div>\n\n\n\n<p>A igreja estava realizando cultos no \u00faltimo andar da casa que ele e sua esposa, Deeksha Pal, possuem. Sua sogra sugeriu que eles trancassem o port\u00e3o de entrada principal e conduzissem os cultos silenciosamente, sem m\u00fasica ou microfone, relatou o pastor. \u201cTrancamos o port\u00e3o e ficamos dentro de casa, sem fazer barulho\u201d. \u201cLogo encontramos a multid\u00e3o com mulheres liderando na frente batendo no port\u00e3o tentando arrombar a fechadura\u201d, acrescentou ele, explicando que a motiva\u00e7\u00e3o dos radicais era evidente: \u201c\u2018Abram o port\u00e3o, vamos conversar! Vamos conversar!\u2019\u201d.<\/p>\n\n\n\n<div class=\"wp-block-image\"><figure class=\"aligncenter size-large is-resized\"><a href=\"https:\/\/www.controlsystems.com.br\/\"><img loading=\"lazy\" decoding=\"async\" src=\"https:\/\/jornalfatosenoticias.com.br\/wp-content\/uploads\/2020\/02\/CONTROL-CS.jpg\" alt=\"\" class=\"wp-image-44991\" width=\"264\" height=\"317\" srcset=\"https:\/\/jornalfatosenoticias.com.br\/wp-content\/uploads\/2020\/02\/CONTROL-CS.jpg 834w, https:\/\/jornalfatosenoticias.com.br\/wp-content\/uploads\/2020\/02\/CONTROL-CS-250x300.jpg 250w, https:\/\/jornalfatosenoticias.com.br\/wp-content\/uploads\/2020\/02\/CONTROL-CS-768x921.jpg 768w\" sizes=\"auto, (max-width: 264px) 100vw, 264px\" \/><\/a><\/figure><\/div>\n\n\n\n<p>Antes de abrir o port\u00e3o, o pastor ponderou que se houvesse algo para conversar, apenas dois ou tr\u00eas deles precisavam entrar. \u201c\u2018Por que voc\u00eas vieram como uma multid\u00e3o de mais de 100?\u2019 n\u00f3s os questionamos, mas eles continuaram repetindo que dever\u00edamos abrir a fechadura, e eles s\u00f3 falariam conosco\u201d. \u201cEnquanto eles batiam e empurravam o port\u00e3o, naquela luta a fechadura foi solta por n\u00f3s, e imediatamente a multid\u00e3o de cerca de 150 correu para dentro do local como \u00e1guas de inunda\u00e7\u00e3o. Eles foram por toda a casa vandalizando cada objeto em sua vista, e alguns deles estavam carregando lathis. Eles bateram em qualquer lugar do corpo violentamente\u201d, contou o pastor.<\/p>\n\n\n\n<div class=\"wp-block-image\"><figure class=\"aligncenter size-large is-resized\"><a href=\"https:\/\/hotelmarquetti.com.br\/\"><img loading=\"lazy\" decoding=\"async\" src=\"https:\/\/jornalfatosenoticias.com.br\/wp-content\/uploads\/2023\/03\/nova-logo-Marquetti.jpg\" alt=\"\" class=\"wp-image-40207\" width=\"292\" height=\"196\" srcset=\"https:\/\/jornalfatosenoticias.com.br\/wp-content\/uploads\/2023\/03\/nova-logo-Marquetti.jpg 643w, https:\/\/jornalfatosenoticias.com.br\/wp-content\/uploads\/2023\/03\/nova-logo-Marquetti-300x202.jpg 300w\" sizes=\"auto, (max-width: 292px) 100vw, 292px\" \/><\/a><\/figure><\/div>\n\n\n\n<p>Sua esposa, sogro, cunhado e outras duas mulheres membros da congrega\u00e7\u00e3o ficaram gravemente feridos, segundo informa\u00e7\u00f5es do <a href=\"https:\/\/morningstarnews.org\/2024\/07\/attack-in-india-ends-churchs-in-person-worship-services\/\"><em>Morning Star News<\/em><\/a>. <\/p>\n\n\n\n<blockquote class=\"wp-block-quote is-layout-flow wp-block-quote-is-layout-flow\"><p><span class=\"has-inline-color has-luminous-vivid-orange-color\">Eles receberam golpes de lathi no est\u00f4mago, pesco\u00e7o e m\u00e3os. Enquanto eles continuavam nos espancando, alguns dentre a multid\u00e3o roubaram nossos celulares, laptops e danificaram o instrumento musical\u201d.<\/span><\/p><\/blockquote>\n\n\n\n<div class=\"wp-block-image\"><figure class=\"aligncenter size-large is-resized\"><a href=\"https:\/\/www.instagram.com\/restaurantepegoretti\/\"><img loading=\"lazy\" decoding=\"async\" src=\"https:\/\/jornalfatosenoticias.com.br\/wp-content\/uploads\/2023\/12\/pegoretti-logo-pdf-1024x389.jpg\" alt=\"\" class=\"wp-image-47536\" width=\"414\" height=\"157\" srcset=\"https:\/\/jornalfatosenoticias.com.br\/wp-content\/uploads\/2023\/12\/pegoretti-logo-pdf-1024x389.jpg 1024w, https:\/\/jornalfatosenoticias.com.br\/wp-content\/uploads\/2023\/12\/pegoretti-logo-pdf-300x114.jpg 300w, https:\/\/jornalfatosenoticias.com.br\/wp-content\/uploads\/2023\/12\/pegoretti-logo-pdf-768x291.jpg 768w, https:\/\/jornalfatosenoticias.com.br\/wp-content\/uploads\/2023\/12\/pegoretti-logo-pdf.jpg 1120w\" sizes=\"auto, (max-width: 414px) 100vw, 414px\" \/><\/a><\/figure><\/div>\n\n\n\n<p>O espancamento continuou at\u00e9 que a pol\u00edcia chegou e dispersou a multid\u00e3o. Depois de tomarem seus depoimentos, os policiais disseram para eles irem \u00e0 delegacia \u00e0s 19h para receber uma c\u00f3pia do boletim de ocorr\u00eancia. Por\u00e9m, o pastor acusa a Pol\u00edcia de retardar as investiga\u00e7\u00f5es. <em>\u201cNo in\u00edcio, a pol\u00edcia disse que, como os agressores n\u00e3o s\u00e3o conhecidos por n\u00f3s, os casos seriam registrados contra eles como desconhecidos. Mas um dos membros da nossa igreja, que era um ativista do RSS, se apresentou para nomear 11 dos agressores que s\u00e3o bastante conhecidos na cidade como l\u00edderes do RSS\u201d.<\/em><\/p>\n\n\n\n<div class=\"wp-block-image\"><figure class=\"aligncenter size-large is-resized\"><a href=\"https:\/\/www.ithbrasil.com.br\/\"><img loading=\"lazy\" decoding=\"async\" src=\"https:\/\/jornalfatosenoticias.com.br\/wp-content\/uploads\/2023\/08\/ITH.jpeg\" alt=\"\" class=\"wp-image-44638\" width=\"307\" height=\"249\" srcset=\"https:\/\/jornalfatosenoticias.com.br\/wp-content\/uploads\/2023\/08\/ITH.jpeg 800w, https:\/\/jornalfatosenoticias.com.br\/wp-content\/uploads\/2023\/08\/ITH-300x244.jpeg 300w, https:\/\/jornalfatosenoticias.com.br\/wp-content\/uploads\/2023\/08\/ITH-768x624.jpeg 768w\" sizes=\"auto, (max-width: 307px) 100vw, 307px\" \/><\/a><\/figure><\/div>\n\n\n\n<p>A partir da\u00ed, a Pol\u00edcia na col\u00f4nia de Nehru nomeou os agressores Devendra Dobal, Bijendra Thapa, Sudheer Thapa, Sanjeev Pal, Sudheer Pal, Dheerendra Dobal, Arman Dobal, Aryaman Dobal, Anil Hindu, Bhupesh Joshi e Bijendra no B.O. Embora tenham identificado os suspeitos, os policiais n\u00e3o inclu\u00edram as declara\u00e7\u00f5es que os membros da igreja deram sobre o ataque. \u201cParecia que a pol\u00edcia tamb\u00e9m estava sob press\u00e3o, j\u00e1 que as alega\u00e7\u00f5es que fizemos na queixa real desapareceram\u201d.<\/p>\n\n\n\n<div class=\"wp-block-image\"><figure class=\"aligncenter size-large\"><a href=\"https:\/\/www.facebook.com\/Esteio-Churrascaria-Barbecue-103643461220402\/\"><img decoding=\"async\" src=\"https:\/\/jornalfatosenoticias.com.br\/wp-content\/uploads\/2020\/02\/logo_esteio.jpg\" alt=\"\" class=\"wp-image-1214\"\/><\/a><\/figure><\/div>\n\n\n\n<blockquote class=\"wp-block-quote is-layout-flow wp-block-quote-is-layout-flow\"><p><span class=\"has-inline-color has-luminous-vivid-orange-color\">A pol\u00edcia havia escrito sua pr\u00f3pria vers\u00e3o em um tom sutil para que se\u00e7\u00f5es rigorosas da lei n\u00e3o fossem atra\u00eddas. Os rostos dos agressores s\u00e3o vistos t\u00e3o claramente no v\u00eddeo, mas a pol\u00edcia n\u00e3o tomou nenhuma a\u00e7\u00e3o contra eles at\u00e9 agora\u201d, disse o pastor Bhomi. \u201cEles apenas nos dizem que a investiga\u00e7\u00e3o est\u00e1 em andamento\u201d.<\/span><\/p><\/blockquote>\n\n\n\n<div class=\"wp-block-image\"><figure class=\"aligncenter size-large\"><a href=\"https:\/\/www.instagram.com\/baraodascarnes.es\/\"><img decoding=\"async\" src=\"https:\/\/jornalfatosenoticias.com.br\/wp-content\/uploads\/2020\/02\/barao-das-carnes-300x164-1.jpg\" alt=\"\" class=\"wp-image-34339\"\/><\/a><\/figure><\/div>\n\n\n\n<p>Preocupados com a situa\u00e7\u00e3o, os membros da pequena igreja dom\u00e9stica agora s\u00f3 participam de cultos on-line. \u201cTemos adorado apenas virtualmente por enquanto. N\u00e3o h\u00e1 nenhuma outra igreja por pelo menos 20 quil\u00f4metros nesta \u00e1rea. O Evangelho ainda n\u00e3o foi pregado em muitas \u00e1reas deste pequeno estado\u201d, finalizou o pastor.<\/p>\n\n\n\n<div class=\"wp-block-image\"><figure class=\"aligncenter size-large is-resized\"><a href=\"https:\/\/www.facebook.com\/vetor.vix\/\"><img loading=\"lazy\" decoding=\"async\" src=\"https:\/\/jornalfatosenoticias.com.br\/wp-content\/uploads\/2023\/09\/vetorvix1024_1.jpg\" alt=\"\" class=\"wp-image-44868\" width=\"505\" height=\"134\" srcset=\"https:\/\/jornalfatosenoticias.com.br\/wp-content\/uploads\/2023\/09\/vetorvix1024_1.jpg 1024w, https:\/\/jornalfatosenoticias.com.br\/wp-content\/uploads\/2023\/09\/vetorvix1024_1-300x80.jpg 300w, https:\/\/jornalfatosenoticias.com.br\/wp-content\/uploads\/2023\/09\/vetorvix1024_1-768x205.jpg 768w\" sizes=\"auto, (max-width: 505px) 100vw, 505px\" \/><\/a><\/figure><\/div>\n\n\n\n<p><strong><em>Fonte: <a href=\"https:\/\/noticias.gospelmais.com.br\/150-hindus-casa-espancam-fieis-culto-170151.html\">Not\u00edcias Gospel+<\/a><\/em><\/strong><\/p>\n","protected":false},"excerpt":{"rendered":"<p>Por Tiago Chagas Membros de uma igreja dom\u00e9stica no norte da \u00cdndia n\u00e3o podem mais se reunir para cultuar depois do ataque realizado por 150 extremistas hindus durante um momento de adora\u00e7\u00e3o. O caso registrado na \u00e1rea de Nawada, distrito de Dehradun, no estado de Uttarakhand, mostra o tamanho da f\u00faria contra o cristianismo na [&hellip;]<\/p>\n","protected":false},"author":2,"featured_media":53149,"comment_status":"open","ping_status":"open","sticky":false,"template":"","format":"standard","meta":{"footnotes":""},"categories":[21140],"tags":[24243,24240,24241,24242,24244,90,24245],"class_list":["post-53148","post","type-post","status-publish","format-standard","has-post-thumbnail","hentry","category-religiao","tag-cristaos-na-india","tag-cristianismo-na-india","tag-dehradun","tag-extremistas-hindus","tag-hindus","tag-india","tag-uttarakhand"],"yoast_head":"<!-- This site is optimized with the Yoast SEO plugin v26.5 - https:\/\/yoast.com\/wordpress\/plugins\/seo\/ -->\n<title>150 hindus invadem casa e espancam fi\u00e9is que faziam culto no lar, relata pastor - Jornal Fatos e Not\u00edcias<\/title>\n<meta name=\"robots\" content=\"index, follow, max-snippet:-1, max-image-preview:large, max-video-preview:-1\" \/>\n<link rel=\"canonical\" href=\"https:\/\/jornalfatosenoticias.com.br\/index.php\/2024\/07\/31\/150-hindus-invadem-casa-e-espancam-fieis-que-faziam-culto-no-lar-relata-pastor\/\" \/>\n<meta property=\"og:locale\" content=\"pt_BR\" \/>\n<meta property=\"og:type\" content=\"article\" \/>\n<meta property=\"og:title\" content=\"150 hindus invadem casa e espancam fi\u00e9is que faziam culto no lar, relata pastor - Jornal Fatos e Not\u00edcias\" \/>\n<meta property=\"og:description\" content=\"Por Tiago Chagas Membros de uma igreja dom\u00e9stica no norte da \u00cdndia n\u00e3o podem mais se reunir para cultuar depois do ataque realizado por 150 extremistas hindus durante um momento de adora\u00e7\u00e3o. O caso registrado na \u00e1rea de Nawada, distrito de Dehradun, no estado de Uttarakhand, mostra o tamanho da f\u00faria contra o cristianismo na [&hellip;]\" \/>\n<meta property=\"og:url\" content=\"https:\/\/jornalfatosenoticias.com.br\/index.php\/2024\/07\/31\/150-hindus-invadem-casa-e-espancam-fieis-que-faziam-culto-no-lar-relata-pastor\/\" \/>\n<meta property=\"og:site_name\" content=\"Jornal Fatos e Not\u00edcias\" \/>\n<meta property=\"article:published_time\" content=\"2024-07-31T13:11:19+00:00\" \/>\n<meta property=\"article:modified_time\" content=\"2024-07-31T13:11:21+00:00\" \/>\n<meta property=\"og:image\" content=\"https:\/\/jornalfatosenoticias.com.br\/wp-content\/uploads\/2024\/07\/ativistas-hindus-na-india.jpg\" \/>\n\t<meta property=\"og:image:width\" content=\"840\" \/>\n\t<meta property=\"og:image:height\" content=\"500\" \/>\n\t<meta property=\"og:image:type\" content=\"image\/jpeg\" \/>\n<meta name=\"author\" content=\"Luzimara Fernandes\" \/>\n<meta name=\"twitter:card\" content=\"summary_large_image\" \/>\n<meta name=\"twitter:label1\" content=\"Escrito por\" \/>\n\t<meta name=\"twitter:data1\" content=\"Luzimara Fernandes\" \/>\n\t<meta name=\"twitter:label2\" content=\"Est. tempo de leitura\" \/>\n\t<meta name=\"twitter:data2\" content=\"3 minutos\" \/>\n<script type=\"application\/ld+json\" class=\"yoast-schema-graph\">{\"@context\":\"https:\/\/schema.org\",\"@graph\":[{\"@type\":\"Article\",\"@id\":\"https:\/\/jornalfatosenoticias.com.br\/index.php\/2024\/07\/31\/150-hindus-invadem-casa-e-espancam-fieis-que-faziam-culto-no-lar-relata-pastor\/#article\",\"isPartOf\":{\"@id\":\"https:\/\/jornalfatosenoticias.com.br\/index.php\/2024\/07\/31\/150-hindus-invadem-casa-e-espancam-fieis-que-faziam-culto-no-lar-relata-pastor\/\"},\"author\":{\"name\":\"Luzimara Fernandes\",\"@id\":\"https:\/\/jornalfatosenoticias.com.br\/#\/schema\/person\/d63837fa13ac8666eb9e74e0985d6f81\"},\"headline\":\"150 hindus invadem casa e espancam fi\u00e9is que faziam culto no lar, relata pastor\",\"datePublished\":\"2024-07-31T13:11:19+00:00\",\"dateModified\":\"2024-07-31T13:11:21+00:00\",\"mainEntityOfPage\":{\"@id\":\"https:\/\/jornalfatosenoticias.com.br\/index.php\/2024\/07\/31\/150-hindus-invadem-casa-e-espancam-fieis-que-faziam-culto-no-lar-relata-pastor\/\"},\"wordCount\":707,\"commentCount\":0,\"publisher\":{\"@id\":\"https:\/\/jornalfatosenoticias.com.br\/#organization\"},\"image\":{\"@id\":\"https:\/\/jornalfatosenoticias.com.br\/index.php\/2024\/07\/31\/150-hindus-invadem-casa-e-espancam-fieis-que-faziam-culto-no-lar-relata-pastor\/#primaryimage\"},\"thumbnailUrl\":\"https:\/\/jornalfatosenoticias.com.br\/wp-content\/uploads\/2024\/07\/ativistas-hindus-na-india.jpg\",\"keywords\":[\"crist\u00e3os na \u00cdndia\",\"cristianismo na \u00cdndia\",\"Dehradun\",\"extremistas hindus\",\"hindus\",\"\u00edndia\",\"Uttarakhand\"],\"articleSection\":[\"Religi\u00e3o\"],\"inLanguage\":\"pt-BR\",\"potentialAction\":[{\"@type\":\"CommentAction\",\"name\":\"Comment\",\"target\":[\"https:\/\/jornalfatosenoticias.com.br\/index.php\/2024\/07\/31\/150-hindus-invadem-casa-e-espancam-fieis-que-faziam-culto-no-lar-relata-pastor\/#respond\"]}]},{\"@type\":\"WebPage\",\"@id\":\"https:\/\/jornalfatosenoticias.com.br\/index.php\/2024\/07\/31\/150-hindus-invadem-casa-e-espancam-fieis-que-faziam-culto-no-lar-relata-pastor\/\",\"url\":\"https:\/\/jornalfatosenoticias.com.br\/index.php\/2024\/07\/31\/150-hindus-invadem-casa-e-espancam-fieis-que-faziam-culto-no-lar-relata-pastor\/\",\"name\":\"150 hindus invadem casa e espancam fi\u00e9is que faziam culto no lar, relata pastor - Jornal Fatos e Not\u00edcias\",\"isPartOf\":{\"@id\":\"https:\/\/jornalfatosenoticias.com.br\/#website\"},\"primaryImageOfPage\":{\"@id\":\"https:\/\/jornalfatosenoticias.com.br\/index.php\/2024\/07\/31\/150-hindus-invadem-casa-e-espancam-fieis-que-faziam-culto-no-lar-relata-pastor\/#primaryimage\"},\"image\":{\"@id\":\"https:\/\/jornalfatosenoticias.com.br\/index.php\/2024\/07\/31\/150-hindus-invadem-casa-e-espancam-fieis-que-faziam-culto-no-lar-relata-pastor\/#primaryimage\"},\"thumbnailUrl\":\"https:\/\/jornalfatosenoticias.com.br\/wp-content\/uploads\/2024\/07\/ativistas-hindus-na-india.jpg\",\"datePublished\":\"2024-07-31T13:11:19+00:00\",\"dateModified\":\"2024-07-31T13:11:21+00:00\",\"breadcrumb\":{\"@id\":\"https:\/\/jornalfatosenoticias.com.br\/index.php\/2024\/07\/31\/150-hindus-invadem-casa-e-espancam-fieis-que-faziam-culto-no-lar-relata-pastor\/#breadcrumb\"},\"inLanguage\":\"pt-BR\",\"potentialAction\":[{\"@type\":\"ReadAction\",\"target\":[\"https:\/\/jornalfatosenoticias.com.br\/index.php\/2024\/07\/31\/150-hindus-invadem-casa-e-espancam-fieis-que-faziam-culto-no-lar-relata-pastor\/\"]}]},{\"@type\":\"ImageObject\",\"inLanguage\":\"pt-BR\",\"@id\":\"https:\/\/jornalfatosenoticias.com.br\/index.php\/2024\/07\/31\/150-hindus-invadem-casa-e-espancam-fieis-que-faziam-culto-no-lar-relata-pastor\/#primaryimage\",\"url\":\"https:\/\/jornalfatosenoticias.com.br\/wp-content\/uploads\/2024\/07\/ativistas-hindus-na-india.jpg\",\"contentUrl\":\"https:\/\/jornalfatosenoticias.com.br\/wp-content\/uploads\/2024\/07\/ativistas-hindus-na-india.jpg\",\"width\":840,\"height\":500},{\"@type\":\"BreadcrumbList\",\"@id\":\"https:\/\/jornalfatosenoticias.com.br\/index.php\/2024\/07\/31\/150-hindus-invadem-casa-e-espancam-fieis-que-faziam-culto-no-lar-relata-pastor\/#breadcrumb\",\"itemListElement\":[{\"@type\":\"ListItem\",\"position\":1,\"name\":\"In\u00edcio\",\"item\":\"https:\/\/jornalfatosenoticias.com.br\/\"},{\"@type\":\"ListItem\",\"position\":2,\"name\":\"150 hindus invadem casa e espancam fi\u00e9is que faziam culto no lar, relata pastor\"}]},{\"@type\":\"WebSite\",\"@id\":\"https:\/\/jornalfatosenoticias.com.br\/#website\",\"url\":\"https:\/\/jornalfatosenoticias.com.br\/\",\"name\":\"Jornal Fatos e Not\u00edcias\",\"description\":\"Not\u00edcias em geral\",\"publisher\":{\"@id\":\"https:\/\/jornalfatosenoticias.com.br\/#organization\"},\"potentialAction\":[{\"@type\":\"SearchAction\",\"target\":{\"@type\":\"EntryPoint\",\"urlTemplate\":\"https:\/\/jornalfatosenoticias.com.br\/?s={search_term_string}\"},\"query-input\":{\"@type\":\"PropertyValueSpecification\",\"valueRequired\":true,\"valueName\":\"search_term_string\"}}],\"inLanguage\":\"pt-BR\"},{\"@type\":\"Organization\",\"@id\":\"https:\/\/jornalfatosenoticias.com.br\/#organization\",\"name\":\"Jornal Fatos e Not\u00edcias\",\"url\":\"https:\/\/jornalfatosenoticias.com.br\/\",\"logo\":{\"@type\":\"ImageObject\",\"inLanguage\":\"pt-BR\",\"@id\":\"https:\/\/jornalfatosenoticias.com.br\/#\/schema\/logo\/image\/\",\"url\":\"https:\/\/jornalfatosenoticias.com.br\/wp-content\/uploads\/2020\/02\/logo120.png\",\"contentUrl\":\"https:\/\/jornalfatosenoticias.com.br\/wp-content\/uploads\/2020\/02\/logo120.png\",\"width\":1227,\"height\":120,\"caption\":\"Jornal Fatos e Not\u00edcias\"},\"image\":{\"@id\":\"https:\/\/jornalfatosenoticias.com.br\/#\/schema\/logo\/image\/\"}},{\"@type\":\"Person\",\"@id\":\"https:\/\/jornalfatosenoticias.com.br\/#\/schema\/person\/d63837fa13ac8666eb9e74e0985d6f81\",\"name\":\"Luzimara Fernandes\",\"image\":{\"@type\":\"ImageObject\",\"inLanguage\":\"pt-BR\",\"@id\":\"https:\/\/jornalfatosenoticias.com.br\/#\/schema\/person\/image\/\",\"url\":\"https:\/\/jornalfatosenoticias.com.br\/wp-content\/uploads\/2025\/05\/EU_portal.jpg\",\"contentUrl\":\"https:\/\/jornalfatosenoticias.com.br\/wp-content\/uploads\/2025\/05\/EU_portal.jpg\",\"caption\":\"Luzimara Fernandes\"},\"description\":\"Jornalista MTB 2358-ES\",\"sameAs\":[\"https:\/\/jornalfatosenoticias.com.br\"],\"url\":\"https:\/\/jornalfatosenoticias.com.br\/index.php\/author\/luzimara\/\"}]}<\/script>\n<!-- \/ Yoast SEO plugin. -->","yoast_head_json":{"title":"150 hindus invadem casa e espancam fi\u00e9is que faziam culto no lar, relata pastor - Jornal Fatos e Not\u00edcias","robots":{"index":"index","follow":"follow","max-snippet":"max-snippet:-1","max-image-preview":"max-image-preview:large","max-video-preview":"max-video-preview:-1"},"canonical":"https:\/\/jornalfatosenoticias.com.br\/index.php\/2024\/07\/31\/150-hindus-invadem-casa-e-espancam-fieis-que-faziam-culto-no-lar-relata-pastor\/","og_locale":"pt_BR","og_type":"article","og_title":"150 hindus invadem casa e espancam fi\u00e9is que faziam culto no lar, relata pastor - Jornal Fatos e Not\u00edcias","og_description":"Por Tiago Chagas Membros de uma igreja dom\u00e9stica no norte da \u00cdndia n\u00e3o podem mais se reunir para cultuar depois do ataque realizado por 150 extremistas hindus durante um momento de adora\u00e7\u00e3o. O caso registrado na \u00e1rea de Nawada, distrito de Dehradun, no estado de Uttarakhand, mostra o tamanho da f\u00faria contra o cristianismo na [&hellip;]","og_url":"https:\/\/jornalfatosenoticias.com.br\/index.php\/2024\/07\/31\/150-hindus-invadem-casa-e-espancam-fieis-que-faziam-culto-no-lar-relata-pastor\/","og_site_name":"Jornal Fatos e Not\u00edcias","article_published_time":"2024-07-31T13:11:19+00:00","article_modified_time":"2024-07-31T13:11:21+00:00","og_image":[{"width":840,"height":500,"url":"https:\/\/jornalfatosenoticias.com.br\/wp-content\/uploads\/2024\/07\/ativistas-hindus-na-india.jpg","type":"image\/jpeg"}],"author":"Luzimara Fernandes","twitter_card":"summary_large_image","twitter_misc":{"Escrito por":"Luzimara Fernandes","Est. tempo de leitura":"3 minutos"},"schema":{"@context":"https:\/\/schema.org","@graph":[{"@type":"Article","@id":"https:\/\/jornalfatosenoticias.com.br\/index.php\/2024\/07\/31\/150-hindus-invadem-casa-e-espancam-fieis-que-faziam-culto-no-lar-relata-pastor\/#article","isPartOf":{"@id":"https:\/\/jornalfatosenoticias.com.br\/index.php\/2024\/07\/31\/150-hindus-invadem-casa-e-espancam-fieis-que-faziam-culto-no-lar-relata-pastor\/"},"author":{"name":"Luzimara Fernandes","@id":"https:\/\/jornalfatosenoticias.com.br\/#\/schema\/person\/d63837fa13ac8666eb9e74e0985d6f81"},"headline":"150 hindus invadem casa e espancam fi\u00e9is que faziam culto no lar, relata pastor","datePublished":"2024-07-31T13:11:19+00:00","dateModified":"2024-07-31T13:11:21+00:00","mainEntityOfPage":{"@id":"https:\/\/jornalfatosenoticias.com.br\/index.php\/2024\/07\/31\/150-hindus-invadem-casa-e-espancam-fieis-que-faziam-culto-no-lar-relata-pastor\/"},"wordCount":707,"commentCount":0,"publisher":{"@id":"https:\/\/jornalfatosenoticias.com.br\/#organization"},"image":{"@id":"https:\/\/jornalfatosenoticias.com.br\/index.php\/2024\/07\/31\/150-hindus-invadem-casa-e-espancam-fieis-que-faziam-culto-no-lar-relata-pastor\/#primaryimage"},"thumbnailUrl":"https:\/\/jornalfatosenoticias.com.br\/wp-content\/uploads\/2024\/07\/ativistas-hindus-na-india.jpg","keywords":["crist\u00e3os na \u00cdndia","cristianismo na \u00cdndia","Dehradun","extremistas hindus","hindus","\u00edndia","Uttarakhand"],"articleSection":["Religi\u00e3o"],"inLanguage":"pt-BR","potentialAction":[{"@type":"CommentAction","name":"Comment","target":["https:\/\/jornalfatosenoticias.com.br\/index.php\/2024\/07\/31\/150-hindus-invadem-casa-e-espancam-fieis-que-faziam-culto-no-lar-relata-pastor\/#respond"]}]},{"@type":"WebPage","@id":"https:\/\/jornalfatosenoticias.com.br\/index.php\/2024\/07\/31\/150-hindus-invadem-casa-e-espancam-fieis-que-faziam-culto-no-lar-relata-pastor\/","url":"https:\/\/jornalfatosenoticias.com.br\/index.php\/2024\/07\/31\/150-hindus-invadem-casa-e-espancam-fieis-que-faziam-culto-no-lar-relata-pastor\/","name":"150 hindus invadem casa e espancam fi\u00e9is que faziam culto no lar, relata pastor - Jornal Fatos e Not\u00edcias","isPartOf":{"@id":"https:\/\/jornalfatosenoticias.com.br\/#website"},"primaryImageOfPage":{"@id":"https:\/\/jornalfatosenoticias.com.br\/index.php\/2024\/07\/31\/150-hindus-invadem-casa-e-espancam-fieis-que-faziam-culto-no-lar-relata-pastor\/#primaryimage"},"image":{"@id":"https:\/\/jornalfatosenoticias.com.br\/index.php\/2024\/07\/31\/150-hindus-invadem-casa-e-espancam-fieis-que-faziam-culto-no-lar-relata-pastor\/#primaryimage"},"thumbnailUrl":"https:\/\/jornalfatosenoticias.com.br\/wp-content\/uploads\/2024\/07\/ativistas-hindus-na-india.jpg","datePublished":"2024-07-31T13:11:19+00:00","dateModified":"2024-07-31T13:11:21+00:00","breadcrumb":{"@id":"https:\/\/jornalfatosenoticias.com.br\/index.php\/2024\/07\/31\/150-hindus-invadem-casa-e-espancam-fieis-que-faziam-culto-no-lar-relata-pastor\/#breadcrumb"},"inLanguage":"pt-BR","potentialAction":[{"@type":"ReadAction","target":["https:\/\/jornalfatosenoticias.com.br\/index.php\/2024\/07\/31\/150-hindus-invadem-casa-e-espancam-fieis-que-faziam-culto-no-lar-relata-pastor\/"]}]},{"@type":"ImageObject","inLanguage":"pt-BR","@id":"https:\/\/jornalfatosenoticias.com.br\/index.php\/2024\/07\/31\/150-hindus-invadem-casa-e-espancam-fieis-que-faziam-culto-no-lar-relata-pastor\/#primaryimage","url":"https:\/\/jornalfatosenoticias.com.br\/wp-content\/uploads\/2024\/07\/ativistas-hindus-na-india.jpg","contentUrl":"https:\/\/jornalfatosenoticias.com.br\/wp-content\/uploads\/2024\/07\/ativistas-hindus-na-india.jpg","width":840,"height":500},{"@type":"BreadcrumbList","@id":"https:\/\/jornalfatosenoticias.com.br\/index.php\/2024\/07\/31\/150-hindus-invadem-casa-e-espancam-fieis-que-faziam-culto-no-lar-relata-pastor\/#breadcrumb","itemListElement":[{"@type":"ListItem","position":1,"name":"In\u00edcio","item":"https:\/\/jornalfatosenoticias.com.br\/"},{"@type":"ListItem","position":2,"name":"150 hindus invadem casa e espancam fi\u00e9is que faziam culto no lar, relata pastor"}]},{"@type":"WebSite","@id":"https:\/\/jornalfatosenoticias.com.br\/#website","url":"https:\/\/jornalfatosenoticias.com.br\/","name":"Jornal Fatos e Not\u00edcias","description":"Not\u00edcias em geral","publisher":{"@id":"https:\/\/jornalfatosenoticias.com.br\/#organization"},"potentialAction":[{"@type":"SearchAction","target":{"@type":"EntryPoint","urlTemplate":"https:\/\/jornalfatosenoticias.com.br\/?s={search_term_string}"},"query-input":{"@type":"PropertyValueSpecification","valueRequired":true,"valueName":"search_term_string"}}],"inLanguage":"pt-BR"},{"@type":"Organization","@id":"https:\/\/jornalfatosenoticias.com.br\/#organization","name":"Jornal Fatos e Not\u00edcias","url":"https:\/\/jornalfatosenoticias.com.br\/","logo":{"@type":"ImageObject","inLanguage":"pt-BR","@id":"https:\/\/jornalfatosenoticias.com.br\/#\/schema\/logo\/image\/","url":"https:\/\/jornalfatosenoticias.com.br\/wp-content\/uploads\/2020\/02\/logo120.png","contentUrl":"https:\/\/jornalfatosenoticias.com.br\/wp-content\/uploads\/2020\/02\/logo120.png","width":1227,"height":120,"caption":"Jornal Fatos e Not\u00edcias"},"image":{"@id":"https:\/\/jornalfatosenoticias.com.br\/#\/schema\/logo\/image\/"}},{"@type":"Person","@id":"https:\/\/jornalfatosenoticias.com.br\/#\/schema\/person\/d63837fa13ac8666eb9e74e0985d6f81","name":"Luzimara Fernandes","image":{"@type":"ImageObject","inLanguage":"pt-BR","@id":"https:\/\/jornalfatosenoticias.com.br\/#\/schema\/person\/image\/","url":"https:\/\/jornalfatosenoticias.com.br\/wp-content\/uploads\/2025\/05\/EU_portal.jpg","contentUrl":"https:\/\/jornalfatosenoticias.com.br\/wp-content\/uploads\/2025\/05\/EU_portal.jpg","caption":"Luzimara Fernandes"},"description":"Jornalista MTB 2358-ES","sameAs":["https:\/\/jornalfatosenoticias.com.br"],"url":"https:\/\/jornalfatosenoticias.com.br\/index.php\/author\/luzimara\/"}]}},"cc_featured_image_caption":{"caption_text":"(Foto: Reprodu\u00e7\u00e3o\/India Times) ","source_text":"","source_url":""},"jetpack_featured_media_url":"https:\/\/jornalfatosenoticias.com.br\/wp-content\/uploads\/2024\/07\/ativistas-hindus-na-india.jpg","_links":{"self":[{"href":"https:\/\/jornalfatosenoticias.com.br\/index.php\/wp-json\/wp\/v2\/posts\/53148","targetHints":{"allow":["GET"]}}],"collection":[{"href":"https:\/\/jornalfatosenoticias.com.br\/index.php\/wp-json\/wp\/v2\/posts"}],"about":[{"href":"https:\/\/jornalfatosenoticias.com.br\/index.php\/wp-json\/wp\/v2\/types\/post"}],"author":[{"embeddable":true,"href":"https:\/\/jornalfatosenoticias.com.br\/index.php\/wp-json\/wp\/v2\/users\/2"}],"replies":[{"embeddable":true,"href":"https:\/\/jornalfatosenoticias.com.br\/index.php\/wp-json\/wp\/v2\/comments?post=53148"}],"version-history":[{"count":0,"href":"https:\/\/jornalfatosenoticias.com.br\/index.php\/wp-json\/wp\/v2\/posts\/53148\/revisions"}],"wp:featuredmedia":[{"embeddable":true,"href":"https:\/\/jornalfatosenoticias.com.br\/index.php\/wp-json\/wp\/v2\/media\/53149"}],"wp:attachment":[{"href":"https:\/\/jornalfatosenoticias.com.br\/index.php\/wp-json\/wp\/v2\/media?parent=53148"}],"wp:term":[{"taxonomy":"category","embeddable":true,"href":"https:\/\/jornalfatosenoticias.com.br\/index.php\/wp-json\/wp\/v2\/categories?post=53148"},{"taxonomy":"post_tag","embeddable":true,"href":"https:\/\/jornalfatosenoticias.com.br\/index.php\/wp-json\/wp\/v2\/tags?post=53148"}],"curies":[{"name":"wp","href":"https:\/\/api.w.org\/{rel}","templated":true}]}}