{"id":53169,"date":"2024-07-31T14:58:54","date_gmt":"2024-07-31T17:58:54","guid":{"rendered":"https:\/\/jornalfatosenoticias.com.br\/?p=53169"},"modified":"2024-07-31T14:58:56","modified_gmt":"2024-07-31T17:58:56","slug":"descubra-quatro-plantas-ideais-para-os-cantinhos-escuros-da-casa","status":"publish","type":"post","link":"https:\/\/jornalfatosenoticias.com.br\/index.php\/2024\/07\/31\/descubra-quatro-plantas-ideais-para-os-cantinhos-escuros-da-casa\/","title":{"rendered":"Descubra quatro plantas ideais para os cantinhos escuros da casa"},"content":{"rendered":"\n<p><em><span class=\"has-inline-color has-black-color\">Existem plantas que se d\u00e3o muito bem na sombra \u2014 veja quais s\u00e3o e os cuidados necess\u00e1rios com estas esp\u00e9cies<\/span><\/em><\/p>\n\n\n\n<div class=\"wp-block-image\"><figure class=\"aligncenter size-large is-resized\"><a href=\"https:\/\/www.instagram.com\/rapuzeljastro\/\"><img loading=\"lazy\" decoding=\"async\" src=\"https:\/\/jornalfatosenoticias.com.br\/wp-content\/uploads\/2020\/02\/logo-Rapuzel-1024x571.jpg\" alt=\"\" class=\"wp-image-42808\" width=\"352\" height=\"196\" srcset=\"https:\/\/jornalfatosenoticias.com.br\/wp-content\/uploads\/2020\/02\/logo-Rapuzel-1024x571.jpg 1024w, https:\/\/jornalfatosenoticias.com.br\/wp-content\/uploads\/2020\/02\/logo-Rapuzel-300x167.jpg 300w, https:\/\/jornalfatosenoticias.com.br\/wp-content\/uploads\/2020\/02\/logo-Rapuzel-768x428.jpg 768w, https:\/\/jornalfatosenoticias.com.br\/wp-content\/uploads\/2020\/02\/logo-Rapuzel-1536x856.jpg 1536w, https:\/\/jornalfatosenoticias.com.br\/wp-content\/uploads\/2020\/02\/logo-Rapuzel.jpg 1600w\" sizes=\"auto, (max-width: 352px) 100vw, 352px\" \/><\/a><\/figure><\/div>\n\n\n\n<p>Muita gente abandona a ideia de ter plantas em casa por viver em um lugar sem muita luz natural. Mas esta n\u00e3o \u00e9 uma justificativa para voc\u00ea n\u00e3o <a href=\"https:\/\/ciclovivo.com.br\/vida-sustentavel\/equilibrio\/morar-perto-de-areas-verdes-pode-adicionar-25-anos-a-sua-vida\/\">viver rodeado por verde<\/a>: existem muitas esp\u00e9cies de plantas que n\u00e3o precisam de luz direta e que inclusive preferem um lugar com mais sombra. Mesmo para quem tem uma casa com bastante luz solar, descobrir quais esp\u00e9cies de plantas se d\u00e3o bem com menos ilumina\u00e7\u00e3o \u00e9 uma chance para levar vida para todos os ambientes e cantinhos.<br>\u201cEssas plantas se adaptaram a ambientes com pouca luz e podem sobreviver sem exposi\u00e7\u00e3o direta ao sol. No entanto, elas ainda precisam de alguns cuidados b\u00e1sicos para se manterem saud\u00e1veis e bonitas\u201d, explica a paisagista Renata Guastelli. Segundo ela, as plantas que vivem bem em locais mais escuros precisam de aten\u00e7\u00e3o especial, j\u00e1 que tanto as esp\u00e9cies quanto os lugares sombreados tem algumas caracter\u00edsticas espec\u00edficas, como temperatura e umidade.<\/p>\n\n\n\n<div class=\"wp-block-image\"><figure class=\"aligncenter size-large is-resized\"><a href=\"https:\/\/panper.com.br\/\"><img loading=\"lazy\" decoding=\"async\" src=\"https:\/\/jornalfatosenoticias.com.br\/wp-content\/uploads\/2023\/03\/logo-Panper_portal.jpg\" alt=\"\" class=\"wp-image-40208\" width=\"335\" height=\"232\" srcset=\"https:\/\/jornalfatosenoticias.com.br\/wp-content\/uploads\/2023\/03\/logo-Panper_portal.jpg 400w, https:\/\/jornalfatosenoticias.com.br\/wp-content\/uploads\/2023\/03\/logo-Panper_portal-300x208.jpg 300w\" sizes=\"auto, (max-width: 335px) 100vw, 335px\" \/><\/a><\/figure><\/div>\n\n\n\n<h3 class=\"wp-block-heading\"><span class=\"has-inline-color has-vivid-purple-color\">Dicas para cuidar bem de plantas que gostam de sombra<\/span><\/h3>\n\n\n\n<ol class=\"wp-block-list\"><li>Regue as plantas com modera\u00e7\u00e3o, evitando encharcar o solo ou deixar a \u00e1gua acumular no prato. A umidade excessiva pode favorecer o aparecimento de fungos e bact\u00e9rias que prejudicam as plantas.<\/li><li>Limpe as folhas das plantas com um pano \u00famido, removendo a poeira e outras impurezas que podem obstruir os poros e dificultar a respira\u00e7\u00e3o das plantas.<\/li><li>Pode as plantas sempre que necess\u00e1rio, eliminando as folhas secas, amareladas ou danificadas. Isso ajuda a manter a forma e a sa\u00fade das plantas, estimulando o seu crescimento.<\/li><li>Mantenha as plantas em locais arejados, mas protegidos de correntes de ar frio ou quente. As varia\u00e7\u00f5es bruscas de temperatura podem causar estresse e enfraquecimento das plantas.<\/li><\/ol>\n\n\n\n<div class=\"wp-block-image\"><figure class=\"aligncenter size-large is-resized\"><a href=\"https:\/\/www.controlsystems.com.br\/\"><img loading=\"lazy\" decoding=\"async\" src=\"https:\/\/jornalfatosenoticias.com.br\/wp-content\/uploads\/2020\/02\/CONTROL-CS.jpg\" alt=\"\" class=\"wp-image-44991\" width=\"266\" height=\"319\" srcset=\"https:\/\/jornalfatosenoticias.com.br\/wp-content\/uploads\/2020\/02\/CONTROL-CS.jpg 834w, https:\/\/jornalfatosenoticias.com.br\/wp-content\/uploads\/2020\/02\/CONTROL-CS-250x300.jpg 250w, https:\/\/jornalfatosenoticias.com.br\/wp-content\/uploads\/2020\/02\/CONTROL-CS-768x921.jpg 768w\" sizes=\"auto, (max-width: 266px) 100vw, 266px\" \/><\/a><\/figure><\/div>\n\n\n\n<h3 class=\"wp-block-heading\"><span class=\"has-inline-color has-vivid-purple-color\">Samambaia<\/span><\/h3>\n\n\n\n<div class=\"wp-block-image\"><figure class=\"aligncenter size-large\"><img loading=\"lazy\" decoding=\"async\" width=\"612\" height=\"408\" src=\"https:\/\/jornalfatosenoticias.com.br\/wp-content\/uploads\/2024\/07\/samambaia_istock.jpg\" alt=\"\" class=\"wp-image-53170\" srcset=\"https:\/\/jornalfatosenoticias.com.br\/wp-content\/uploads\/2024\/07\/samambaia_istock.jpg 612w, https:\/\/jornalfatosenoticias.com.br\/wp-content\/uploads\/2024\/07\/samambaia_istock-300x200.jpg 300w\" sizes=\"auto, (max-width: 612px) 100vw, 612px\" \/><figcaption><em><span class=\"has-inline-color has-black-color\">(Foto: iStock)<\/span><\/em><\/figcaption><\/figure><\/div>\n\n\n\n<p>As <a href=\"https:\/\/ciclovivo.com.br\/mao-na-massa\/horta\/como-plantar-cuidar-samambaia-organica\/\">samambaias<\/a> s\u00e3o plantas dom\u00e9sticas muito populares, especialmente entre as gera\u00e7\u00f5es mais antigas. Um dos motivos \u00e9 justamente o fato delas n\u00e3o precisarem de muita luz para prosperar. Mantenha sua planta com o solo \u00famido por\u00e9m n\u00e3o encharcado. Antigamente, as samambaias eram cultivadas em xaxim, por\u00e9m, como esta esp\u00e9cie entrou em risco de extin\u00e7\u00e3o, a industrializa\u00e7\u00e3o e comercializa\u00e7\u00e3o foram proibidas. Hoje, planta-se samambaias com fibras de coco.<\/p>\n\n\n\n<div class=\"wp-block-image\"><figure class=\"aligncenter size-large is-resized\"><a href=\"https:\/\/hotelmarquetti.com.br\/\"><img loading=\"lazy\" decoding=\"async\" src=\"https:\/\/jornalfatosenoticias.com.br\/wp-content\/uploads\/2023\/03\/nova-logo-Marquetti.jpg\" alt=\"\" class=\"wp-image-40207\" width=\"323\" height=\"217\" srcset=\"https:\/\/jornalfatosenoticias.com.br\/wp-content\/uploads\/2023\/03\/nova-logo-Marquetti.jpg 643w, https:\/\/jornalfatosenoticias.com.br\/wp-content\/uploads\/2023\/03\/nova-logo-Marquetti-300x202.jpg 300w\" sizes=\"auto, (max-width: 323px) 100vw, 323px\" \/><\/a><\/figure><\/div>\n\n\n\n<h3 class=\"wp-block-heading\"><span class=\"has-inline-color has-vivid-purple-color\">Violeta-africana<\/span><\/h3>\n\n\n\n<div class=\"wp-block-image\"><figure class=\"aligncenter size-large\"><img loading=\"lazy\" decoding=\"async\" width=\"612\" height=\"459\" src=\"https:\/\/jornalfatosenoticias.com.br\/wp-content\/uploads\/2024\/07\/violeta-africana_istock.jpg\" alt=\"\" class=\"wp-image-53171\" srcset=\"https:\/\/jornalfatosenoticias.com.br\/wp-content\/uploads\/2024\/07\/violeta-africana_istock.jpg 612w, https:\/\/jornalfatosenoticias.com.br\/wp-content\/uploads\/2024\/07\/violeta-africana_istock-300x225.jpg 300w\" sizes=\"auto, (max-width: 612px) 100vw, 612px\" \/><figcaption><span class=\"has-inline-color has-black-color\"><em>(Foto: iStock)<\/em><\/span><\/figcaption><\/figure><\/div>\n\n\n\n<p>Delicadas, as violetas podem trazer uma variedade enorme de cores para o ambiente e v\u00e3o ser felizes em um local mais escuro, j\u00e1 que a incid\u00eancia solar direta pode queimar suas folhas. Uma dica na hora de cuidar da sua \u00e9 nunca molhar suas folhas durante a rega, colocando a \u00e1gua diretamente na terra. Isso porque as folhas podem mofar com a umidade.<\/p>\n\n\n\n<div class=\"wp-block-image\"><figure class=\"aligncenter size-large\"><a href=\"http:\/\/www.ferrarimaquinas.com.br\/\"><img loading=\"lazy\" decoding=\"async\" width=\"300\" height=\"250\" src=\"https:\/\/jornalfatosenoticias.com.br\/wp-content\/uploads\/2022\/02\/FERRARI_MAQUINAS-E-FERRAMENTAS2.jpg\" alt=\"\" class=\"wp-image-27860\"\/><\/a><\/figure><\/div>\n\n\n\n<h3 class=\"wp-block-heading\"><span class=\"has-inline-color has-vivid-purple-color\">L\u00edrio-da-paz<\/span><\/h3>\n\n\n\n<div class=\"wp-block-image\"><figure class=\"aligncenter size-large\"><img loading=\"lazy\" decoding=\"async\" width=\"612\" height=\"408\" src=\"https:\/\/jornalfatosenoticias.com.br\/wp-content\/uploads\/2024\/07\/lirio-da-paz_istock.jpg\" alt=\"\" class=\"wp-image-53172\" srcset=\"https:\/\/jornalfatosenoticias.com.br\/wp-content\/uploads\/2024\/07\/lirio-da-paz_istock.jpg 612w, https:\/\/jornalfatosenoticias.com.br\/wp-content\/uploads\/2024\/07\/lirio-da-paz_istock-300x200.jpg 300w\" sizes=\"auto, (max-width: 612px) 100vw, 612px\" \/><figcaption><em><span class=\"has-inline-color has-black-color\">(Foto: Freepik)<\/span><\/em><\/figcaption><\/figure><\/div>\n\n\n\n<p>Por serem plantas tropicais, os <a href=\"https:\/\/ciclovivo.com.br\/mao-na-massa\/faca-voce-mesmo\/lirio-da-paz-saiba-como-cultivar-essa-flor-em-casa\/\">l\u00edrios-da-paz<\/a> est\u00e3o acostumados com o clima das florestas, onde n\u00e3o h\u00e1 muita incid\u00eancia solar direta. Mas \u00e9 preciso tomar cuidado com crian\u00e7as e animais de estima\u00e7\u00e3o, j\u00e1 que a esp\u00e9cie \u00e9 t\u00f3xica.<\/p>\n\n\n\n<div class=\"wp-block-image\"><figure class=\"aligncenter size-large is-resized\"><a href=\"https:\/\/www.ithbrasil.com.br\/\"><img loading=\"lazy\" decoding=\"async\" src=\"https:\/\/jornalfatosenoticias.com.br\/wp-content\/uploads\/2023\/08\/ITH.jpeg\" alt=\"\" class=\"wp-image-44638\" width=\"287\" height=\"233\" srcset=\"https:\/\/jornalfatosenoticias.com.br\/wp-content\/uploads\/2023\/08\/ITH.jpeg 800w, https:\/\/jornalfatosenoticias.com.br\/wp-content\/uploads\/2023\/08\/ITH-300x244.jpeg 300w, https:\/\/jornalfatosenoticias.com.br\/wp-content\/uploads\/2023\/08\/ITH-768x624.jpeg 768w\" sizes=\"auto, (max-width: 287px) 100vw, 287px\" \/><\/a><\/figure><\/div>\n\n\n\n<h3 class=\"wp-block-heading\"><strong><span class=\"has-inline-color has-vivid-purple-color\">Orqu\u00eddeas<\/span><\/strong><\/h3>\n\n\n\n<div class=\"wp-block-image\"><figure class=\"aligncenter size-large\"><img loading=\"lazy\" decoding=\"async\" width=\"740\" height=\"493\" src=\"https:\/\/jornalfatosenoticias.com.br\/wp-content\/uploads\/2024\/07\/orquideas_freepik.jpg\" alt=\"\" class=\"wp-image-53173\" srcset=\"https:\/\/jornalfatosenoticias.com.br\/wp-content\/uploads\/2024\/07\/orquideas_freepik.jpg 740w, https:\/\/jornalfatosenoticias.com.br\/wp-content\/uploads\/2024\/07\/orquideas_freepik-300x200.jpg 300w\" sizes=\"auto, (max-width: 740px) 100vw, 740px\" \/><figcaption><em><span class=\"has-inline-color has-black-color\">(Foto: Freepik)<\/span><\/em><\/figcaption><\/figure><\/div>\n\n\n\n<p>Lindas e com uma variedade enorme de cores, tamanhos e formatos, as orqu\u00eddeas est\u00e3o entre as flores mais populares no Brasil \u2014 e s\u00e3o outra esp\u00e9cie que as orqu\u00eddeas n\u00e3o precisa de muita luz para sobreviver. S\u00e3o flores que gostam de bastante \u00e1gua, mas \u00e9 importante n\u00e3o as encharcar. O ideal \u00e9 usar vasos e substrato espec\u00edficos para orqu\u00eddeas.<\/p>\n\n\n\n<div class=\"wp-block-image\"><figure class=\"aligncenter size-large\"><a href=\"https:\/\/mizu.com.br\/\"><img loading=\"lazy\" decoding=\"async\" width=\"729\" height=\"90\" src=\"https:\/\/jornalfatosenoticias.com.br\/wp-content\/uploads\/2020\/02\/Logo_Mizu.png\" alt=\"\" class=\"wp-image-1441\" srcset=\"https:\/\/jornalfatosenoticias.com.br\/wp-content\/uploads\/2020\/02\/Logo_Mizu.png 729w, https:\/\/jornalfatosenoticias.com.br\/wp-content\/uploads\/2020\/02\/Logo_Mizu-300x37.png 300w\" sizes=\"auto, (max-width: 729px) 100vw, 729px\" \/><\/a><\/figure><\/div>\n\n\n\n<p><strong><em>Fonte: <a href=\"https:\/\/ciclovivo.com.br\/mao-na-massa\/faca-voce-mesmo\/descubra-4-plantas-ideais-para-os-cantinhos-escuros-da-casa\/\">CicloVivo<\/a><\/em><\/strong><\/p>\n","protected":false},"excerpt":{"rendered":"<p>Existem plantas que se d\u00e3o muito bem na sombra \u2014 veja quais s\u00e3o e os cuidados necess\u00e1rios com estas esp\u00e9cies Muita gente abandona a ideia de ter plantas em casa por viver em um lugar sem muita luz natural. Mas esta n\u00e3o \u00e9 uma justificativa para voc\u00ea n\u00e3o viver rodeado por verde: existem muitas esp\u00e9cies [&hellip;]<\/p>\n","protected":false},"author":2,"featured_media":53174,"comment_status":"open","ping_status":"open","sticky":false,"template":"","format":"standard","meta":{"footnotes":""},"categories":[744],"tags":[24256,784,24255,24257],"class_list":["post-53169","post","type-post","status-publish","format-standard","has-post-thumbnail","hentry","category-arq-urbanismo","tag-dicas-de-jardinagem","tag-plantas","tag-plantas-para-sombra","tag-plantas-pouca-luz"],"yoast_head":"<!-- This site is optimized with the Yoast SEO plugin v26.5 - https:\/\/yoast.com\/wordpress\/plugins\/seo\/ -->\n<title>Descubra quatro plantas ideais para os cantinhos escuros da casa - Jornal Fatos e Not\u00edcias<\/title>\n<meta name=\"robots\" content=\"index, follow, max-snippet:-1, max-image-preview:large, max-video-preview:-1\" \/>\n<link rel=\"canonical\" href=\"https:\/\/jornalfatosenoticias.com.br\/index.php\/2024\/07\/31\/descubra-quatro-plantas-ideais-para-os-cantinhos-escuros-da-casa\/\" \/>\n<meta property=\"og:locale\" content=\"pt_BR\" \/>\n<meta property=\"og:type\" content=\"article\" \/>\n<meta property=\"og:title\" content=\"Descubra quatro plantas ideais para os cantinhos escuros da casa - Jornal Fatos e Not\u00edcias\" \/>\n<meta property=\"og:description\" content=\"Existem plantas que se d\u00e3o muito bem na sombra \u2014 veja quais s\u00e3o e os cuidados necess\u00e1rios com estas esp\u00e9cies Muita gente abandona a ideia de ter plantas em casa por viver em um lugar sem muita luz natural. Mas esta n\u00e3o \u00e9 uma justificativa para voc\u00ea n\u00e3o viver rodeado por verde: existem muitas esp\u00e9cies [&hellip;]\" \/>\n<meta property=\"og:url\" content=\"https:\/\/jornalfatosenoticias.com.br\/index.php\/2024\/07\/31\/descubra-quatro-plantas-ideais-para-os-cantinhos-escuros-da-casa\/\" \/>\n<meta property=\"og:site_name\" content=\"Jornal Fatos e Not\u00edcias\" \/>\n<meta property=\"article:published_time\" content=\"2024-07-31T17:58:54+00:00\" \/>\n<meta property=\"article:modified_time\" content=\"2024-07-31T17:58:56+00:00\" \/>\n<meta property=\"og:image\" content=\"https:\/\/jornalfatosenoticias.com.br\/wp-content\/uploads\/2024\/07\/folhas-da-planta_freepik.jpg\" \/>\n\t<meta property=\"og:image:width\" content=\"740\" \/>\n\t<meta property=\"og:image:height\" content=\"494\" \/>\n\t<meta property=\"og:image:type\" content=\"image\/jpeg\" \/>\n<meta name=\"author\" content=\"Luzimara Fernandes\" \/>\n<meta name=\"twitter:card\" content=\"summary_large_image\" \/>\n<meta name=\"twitter:label1\" content=\"Escrito por\" \/>\n\t<meta name=\"twitter:data1\" content=\"Luzimara Fernandes\" \/>\n\t<meta name=\"twitter:label2\" content=\"Est. tempo de leitura\" \/>\n\t<meta name=\"twitter:data2\" content=\"3 minutos\" \/>\n<script type=\"application\/ld+json\" class=\"yoast-schema-graph\">{\"@context\":\"https:\/\/schema.org\",\"@graph\":[{\"@type\":\"Article\",\"@id\":\"https:\/\/jornalfatosenoticias.com.br\/index.php\/2024\/07\/31\/descubra-quatro-plantas-ideais-para-os-cantinhos-escuros-da-casa\/#article\",\"isPartOf\":{\"@id\":\"https:\/\/jornalfatosenoticias.com.br\/index.php\/2024\/07\/31\/descubra-quatro-plantas-ideais-para-os-cantinhos-escuros-da-casa\/\"},\"author\":{\"name\":\"Luzimara Fernandes\",\"@id\":\"https:\/\/jornalfatosenoticias.com.br\/#\/schema\/person\/d63837fa13ac8666eb9e74e0985d6f81\"},\"headline\":\"Descubra quatro plantas ideais para os cantinhos escuros da casa\",\"datePublished\":\"2024-07-31T17:58:54+00:00\",\"dateModified\":\"2024-07-31T17:58:56+00:00\",\"mainEntityOfPage\":{\"@id\":\"https:\/\/jornalfatosenoticias.com.br\/index.php\/2024\/07\/31\/descubra-quatro-plantas-ideais-para-os-cantinhos-escuros-da-casa\/\"},\"wordCount\":593,\"commentCount\":0,\"publisher\":{\"@id\":\"https:\/\/jornalfatosenoticias.com.br\/#organization\"},\"image\":{\"@id\":\"https:\/\/jornalfatosenoticias.com.br\/index.php\/2024\/07\/31\/descubra-quatro-plantas-ideais-para-os-cantinhos-escuros-da-casa\/#primaryimage\"},\"thumbnailUrl\":\"https:\/\/jornalfatosenoticias.com.br\/wp-content\/uploads\/2024\/07\/folhas-da-planta_freepik.jpg\",\"keywords\":[\"dicas de jardinagem\",\"plantas\",\"plantas para sombra\",\"plantas pouca luz\"],\"articleSection\":[\"Arq &amp; Urb\"],\"inLanguage\":\"pt-BR\",\"potentialAction\":[{\"@type\":\"CommentAction\",\"name\":\"Comment\",\"target\":[\"https:\/\/jornalfatosenoticias.com.br\/index.php\/2024\/07\/31\/descubra-quatro-plantas-ideais-para-os-cantinhos-escuros-da-casa\/#respond\"]}]},{\"@type\":\"WebPage\",\"@id\":\"https:\/\/jornalfatosenoticias.com.br\/index.php\/2024\/07\/31\/descubra-quatro-plantas-ideais-para-os-cantinhos-escuros-da-casa\/\",\"url\":\"https:\/\/jornalfatosenoticias.com.br\/index.php\/2024\/07\/31\/descubra-quatro-plantas-ideais-para-os-cantinhos-escuros-da-casa\/\",\"name\":\"Descubra quatro plantas ideais para os cantinhos escuros da casa - Jornal Fatos e Not\u00edcias\",\"isPartOf\":{\"@id\":\"https:\/\/jornalfatosenoticias.com.br\/#website\"},\"primaryImageOfPage\":{\"@id\":\"https:\/\/jornalfatosenoticias.com.br\/index.php\/2024\/07\/31\/descubra-quatro-plantas-ideais-para-os-cantinhos-escuros-da-casa\/#primaryimage\"},\"image\":{\"@id\":\"https:\/\/jornalfatosenoticias.com.br\/index.php\/2024\/07\/31\/descubra-quatro-plantas-ideais-para-os-cantinhos-escuros-da-casa\/#primaryimage\"},\"thumbnailUrl\":\"https:\/\/jornalfatosenoticias.com.br\/wp-content\/uploads\/2024\/07\/folhas-da-planta_freepik.jpg\",\"datePublished\":\"2024-07-31T17:58:54+00:00\",\"dateModified\":\"2024-07-31T17:58:56+00:00\",\"breadcrumb\":{\"@id\":\"https:\/\/jornalfatosenoticias.com.br\/index.php\/2024\/07\/31\/descubra-quatro-plantas-ideais-para-os-cantinhos-escuros-da-casa\/#breadcrumb\"},\"inLanguage\":\"pt-BR\",\"potentialAction\":[{\"@type\":\"ReadAction\",\"target\":[\"https:\/\/jornalfatosenoticias.com.br\/index.php\/2024\/07\/31\/descubra-quatro-plantas-ideais-para-os-cantinhos-escuros-da-casa\/\"]}]},{\"@type\":\"ImageObject\",\"inLanguage\":\"pt-BR\",\"@id\":\"https:\/\/jornalfatosenoticias.com.br\/index.php\/2024\/07\/31\/descubra-quatro-plantas-ideais-para-os-cantinhos-escuros-da-casa\/#primaryimage\",\"url\":\"https:\/\/jornalfatosenoticias.com.br\/wp-content\/uploads\/2024\/07\/folhas-da-planta_freepik.jpg\",\"contentUrl\":\"https:\/\/jornalfatosenoticias.com.br\/wp-content\/uploads\/2024\/07\/folhas-da-planta_freepik.jpg\",\"width\":740,\"height\":494},{\"@type\":\"BreadcrumbList\",\"@id\":\"https:\/\/jornalfatosenoticias.com.br\/index.php\/2024\/07\/31\/descubra-quatro-plantas-ideais-para-os-cantinhos-escuros-da-casa\/#breadcrumb\",\"itemListElement\":[{\"@type\":\"ListItem\",\"position\":1,\"name\":\"In\u00edcio\",\"item\":\"https:\/\/jornalfatosenoticias.com.br\/\"},{\"@type\":\"ListItem\",\"position\":2,\"name\":\"Descubra quatro plantas ideais para os cantinhos escuros da casa\"}]},{\"@type\":\"WebSite\",\"@id\":\"https:\/\/jornalfatosenoticias.com.br\/#website\",\"url\":\"https:\/\/jornalfatosenoticias.com.br\/\",\"name\":\"Jornal Fatos e Not\u00edcias\",\"description\":\"Not\u00edcias em geral\",\"publisher\":{\"@id\":\"https:\/\/jornalfatosenoticias.com.br\/#organization\"},\"potentialAction\":[{\"@type\":\"SearchAction\",\"target\":{\"@type\":\"EntryPoint\",\"urlTemplate\":\"https:\/\/jornalfatosenoticias.com.br\/?s={search_term_string}\"},\"query-input\":{\"@type\":\"PropertyValueSpecification\",\"valueRequired\":true,\"valueName\":\"search_term_string\"}}],\"inLanguage\":\"pt-BR\"},{\"@type\":\"Organization\",\"@id\":\"https:\/\/jornalfatosenoticias.com.br\/#organization\",\"name\":\"Jornal Fatos e Not\u00edcias\",\"url\":\"https:\/\/jornalfatosenoticias.com.br\/\",\"logo\":{\"@type\":\"ImageObject\",\"inLanguage\":\"pt-BR\",\"@id\":\"https:\/\/jornalfatosenoticias.com.br\/#\/schema\/logo\/image\/\",\"url\":\"https:\/\/jornalfatosenoticias.com.br\/wp-content\/uploads\/2020\/02\/logo120.png\",\"contentUrl\":\"https:\/\/jornalfatosenoticias.com.br\/wp-content\/uploads\/2020\/02\/logo120.png\",\"width\":1227,\"height\":120,\"caption\":\"Jornal Fatos e Not\u00edcias\"},\"image\":{\"@id\":\"https:\/\/jornalfatosenoticias.com.br\/#\/schema\/logo\/image\/\"}},{\"@type\":\"Person\",\"@id\":\"https:\/\/jornalfatosenoticias.com.br\/#\/schema\/person\/d63837fa13ac8666eb9e74e0985d6f81\",\"name\":\"Luzimara Fernandes\",\"image\":{\"@type\":\"ImageObject\",\"inLanguage\":\"pt-BR\",\"@id\":\"https:\/\/jornalfatosenoticias.com.br\/#\/schema\/person\/image\/\",\"url\":\"https:\/\/jornalfatosenoticias.com.br\/wp-content\/uploads\/2025\/05\/EU_portal.jpg\",\"contentUrl\":\"https:\/\/jornalfatosenoticias.com.br\/wp-content\/uploads\/2025\/05\/EU_portal.jpg\",\"caption\":\"Luzimara Fernandes\"},\"description\":\"Jornalista MTB 2358-ES\",\"sameAs\":[\"https:\/\/jornalfatosenoticias.com.br\"],\"url\":\"https:\/\/jornalfatosenoticias.com.br\/index.php\/author\/luzimara\/\"}]}<\/script>\n<!-- \/ Yoast SEO plugin. -->","yoast_head_json":{"title":"Descubra quatro plantas ideais para os cantinhos escuros da casa - Jornal Fatos e Not\u00edcias","robots":{"index":"index","follow":"follow","max-snippet":"max-snippet:-1","max-image-preview":"max-image-preview:large","max-video-preview":"max-video-preview:-1"},"canonical":"https:\/\/jornalfatosenoticias.com.br\/index.php\/2024\/07\/31\/descubra-quatro-plantas-ideais-para-os-cantinhos-escuros-da-casa\/","og_locale":"pt_BR","og_type":"article","og_title":"Descubra quatro plantas ideais para os cantinhos escuros da casa - Jornal Fatos e Not\u00edcias","og_description":"Existem plantas que se d\u00e3o muito bem na sombra \u2014 veja quais s\u00e3o e os cuidados necess\u00e1rios com estas esp\u00e9cies Muita gente abandona a ideia de ter plantas em casa por viver em um lugar sem muita luz natural. Mas esta n\u00e3o \u00e9 uma justificativa para voc\u00ea n\u00e3o viver rodeado por verde: existem muitas esp\u00e9cies [&hellip;]","og_url":"https:\/\/jornalfatosenoticias.com.br\/index.php\/2024\/07\/31\/descubra-quatro-plantas-ideais-para-os-cantinhos-escuros-da-casa\/","og_site_name":"Jornal Fatos e Not\u00edcias","article_published_time":"2024-07-31T17:58:54+00:00","article_modified_time":"2024-07-31T17:58:56+00:00","og_image":[{"width":740,"height":494,"url":"https:\/\/jornalfatosenoticias.com.br\/wp-content\/uploads\/2024\/07\/folhas-da-planta_freepik.jpg","type":"image\/jpeg"}],"author":"Luzimara Fernandes","twitter_card":"summary_large_image","twitter_misc":{"Escrito por":"Luzimara Fernandes","Est. tempo de leitura":"3 minutos"},"schema":{"@context":"https:\/\/schema.org","@graph":[{"@type":"Article","@id":"https:\/\/jornalfatosenoticias.com.br\/index.php\/2024\/07\/31\/descubra-quatro-plantas-ideais-para-os-cantinhos-escuros-da-casa\/#article","isPartOf":{"@id":"https:\/\/jornalfatosenoticias.com.br\/index.php\/2024\/07\/31\/descubra-quatro-plantas-ideais-para-os-cantinhos-escuros-da-casa\/"},"author":{"name":"Luzimara Fernandes","@id":"https:\/\/jornalfatosenoticias.com.br\/#\/schema\/person\/d63837fa13ac8666eb9e74e0985d6f81"},"headline":"Descubra quatro plantas ideais para os cantinhos escuros da casa","datePublished":"2024-07-31T17:58:54+00:00","dateModified":"2024-07-31T17:58:56+00:00","mainEntityOfPage":{"@id":"https:\/\/jornalfatosenoticias.com.br\/index.php\/2024\/07\/31\/descubra-quatro-plantas-ideais-para-os-cantinhos-escuros-da-casa\/"},"wordCount":593,"commentCount":0,"publisher":{"@id":"https:\/\/jornalfatosenoticias.com.br\/#organization"},"image":{"@id":"https:\/\/jornalfatosenoticias.com.br\/index.php\/2024\/07\/31\/descubra-quatro-plantas-ideais-para-os-cantinhos-escuros-da-casa\/#primaryimage"},"thumbnailUrl":"https:\/\/jornalfatosenoticias.com.br\/wp-content\/uploads\/2024\/07\/folhas-da-planta_freepik.jpg","keywords":["dicas de jardinagem","plantas","plantas para sombra","plantas pouca luz"],"articleSection":["Arq &amp; Urb"],"inLanguage":"pt-BR","potentialAction":[{"@type":"CommentAction","name":"Comment","target":["https:\/\/jornalfatosenoticias.com.br\/index.php\/2024\/07\/31\/descubra-quatro-plantas-ideais-para-os-cantinhos-escuros-da-casa\/#respond"]}]},{"@type":"WebPage","@id":"https:\/\/jornalfatosenoticias.com.br\/index.php\/2024\/07\/31\/descubra-quatro-plantas-ideais-para-os-cantinhos-escuros-da-casa\/","url":"https:\/\/jornalfatosenoticias.com.br\/index.php\/2024\/07\/31\/descubra-quatro-plantas-ideais-para-os-cantinhos-escuros-da-casa\/","name":"Descubra quatro plantas ideais para os cantinhos escuros da casa - Jornal Fatos e Not\u00edcias","isPartOf":{"@id":"https:\/\/jornalfatosenoticias.com.br\/#website"},"primaryImageOfPage":{"@id":"https:\/\/jornalfatosenoticias.com.br\/index.php\/2024\/07\/31\/descubra-quatro-plantas-ideais-para-os-cantinhos-escuros-da-casa\/#primaryimage"},"image":{"@id":"https:\/\/jornalfatosenoticias.com.br\/index.php\/2024\/07\/31\/descubra-quatro-plantas-ideais-para-os-cantinhos-escuros-da-casa\/#primaryimage"},"thumbnailUrl":"https:\/\/jornalfatosenoticias.com.br\/wp-content\/uploads\/2024\/07\/folhas-da-planta_freepik.jpg","datePublished":"2024-07-31T17:58:54+00:00","dateModified":"2024-07-31T17:58:56+00:00","breadcrumb":{"@id":"https:\/\/jornalfatosenoticias.com.br\/index.php\/2024\/07\/31\/descubra-quatro-plantas-ideais-para-os-cantinhos-escuros-da-casa\/#breadcrumb"},"inLanguage":"pt-BR","potentialAction":[{"@type":"ReadAction","target":["https:\/\/jornalfatosenoticias.com.br\/index.php\/2024\/07\/31\/descubra-quatro-plantas-ideais-para-os-cantinhos-escuros-da-casa\/"]}]},{"@type":"ImageObject","inLanguage":"pt-BR","@id":"https:\/\/jornalfatosenoticias.com.br\/index.php\/2024\/07\/31\/descubra-quatro-plantas-ideais-para-os-cantinhos-escuros-da-casa\/#primaryimage","url":"https:\/\/jornalfatosenoticias.com.br\/wp-content\/uploads\/2024\/07\/folhas-da-planta_freepik.jpg","contentUrl":"https:\/\/jornalfatosenoticias.com.br\/wp-content\/uploads\/2024\/07\/folhas-da-planta_freepik.jpg","width":740,"height":494},{"@type":"BreadcrumbList","@id":"https:\/\/jornalfatosenoticias.com.br\/index.php\/2024\/07\/31\/descubra-quatro-plantas-ideais-para-os-cantinhos-escuros-da-casa\/#breadcrumb","itemListElement":[{"@type":"ListItem","position":1,"name":"In\u00edcio","item":"https:\/\/jornalfatosenoticias.com.br\/"},{"@type":"ListItem","position":2,"name":"Descubra quatro plantas ideais para os cantinhos escuros da casa"}]},{"@type":"WebSite","@id":"https:\/\/jornalfatosenoticias.com.br\/#website","url":"https:\/\/jornalfatosenoticias.com.br\/","name":"Jornal Fatos e Not\u00edcias","description":"Not\u00edcias em geral","publisher":{"@id":"https:\/\/jornalfatosenoticias.com.br\/#organization"},"potentialAction":[{"@type":"SearchAction","target":{"@type":"EntryPoint","urlTemplate":"https:\/\/jornalfatosenoticias.com.br\/?s={search_term_string}"},"query-input":{"@type":"PropertyValueSpecification","valueRequired":true,"valueName":"search_term_string"}}],"inLanguage":"pt-BR"},{"@type":"Organization","@id":"https:\/\/jornalfatosenoticias.com.br\/#organization","name":"Jornal Fatos e Not\u00edcias","url":"https:\/\/jornalfatosenoticias.com.br\/","logo":{"@type":"ImageObject","inLanguage":"pt-BR","@id":"https:\/\/jornalfatosenoticias.com.br\/#\/schema\/logo\/image\/","url":"https:\/\/jornalfatosenoticias.com.br\/wp-content\/uploads\/2020\/02\/logo120.png","contentUrl":"https:\/\/jornalfatosenoticias.com.br\/wp-content\/uploads\/2020\/02\/logo120.png","width":1227,"height":120,"caption":"Jornal Fatos e Not\u00edcias"},"image":{"@id":"https:\/\/jornalfatosenoticias.com.br\/#\/schema\/logo\/image\/"}},{"@type":"Person","@id":"https:\/\/jornalfatosenoticias.com.br\/#\/schema\/person\/d63837fa13ac8666eb9e74e0985d6f81","name":"Luzimara Fernandes","image":{"@type":"ImageObject","inLanguage":"pt-BR","@id":"https:\/\/jornalfatosenoticias.com.br\/#\/schema\/person\/image\/","url":"https:\/\/jornalfatosenoticias.com.br\/wp-content\/uploads\/2025\/05\/EU_portal.jpg","contentUrl":"https:\/\/jornalfatosenoticias.com.br\/wp-content\/uploads\/2025\/05\/EU_portal.jpg","caption":"Luzimara Fernandes"},"description":"Jornalista MTB 2358-ES","sameAs":["https:\/\/jornalfatosenoticias.com.br"],"url":"https:\/\/jornalfatosenoticias.com.br\/index.php\/author\/luzimara\/"}]}},"cc_featured_image_caption":{"caption_text":"(Foto: Freepik) ","source_text":"","source_url":""},"jetpack_featured_media_url":"https:\/\/jornalfatosenoticias.com.br\/wp-content\/uploads\/2024\/07\/folhas-da-planta_freepik.jpg","_links":{"self":[{"href":"https:\/\/jornalfatosenoticias.com.br\/index.php\/wp-json\/wp\/v2\/posts\/53169","targetHints":{"allow":["GET"]}}],"collection":[{"href":"https:\/\/jornalfatosenoticias.com.br\/index.php\/wp-json\/wp\/v2\/posts"}],"about":[{"href":"https:\/\/jornalfatosenoticias.com.br\/index.php\/wp-json\/wp\/v2\/types\/post"}],"author":[{"embeddable":true,"href":"https:\/\/jornalfatosenoticias.com.br\/index.php\/wp-json\/wp\/v2\/users\/2"}],"replies":[{"embeddable":true,"href":"https:\/\/jornalfatosenoticias.com.br\/index.php\/wp-json\/wp\/v2\/comments?post=53169"}],"version-history":[{"count":0,"href":"https:\/\/jornalfatosenoticias.com.br\/index.php\/wp-json\/wp\/v2\/posts\/53169\/revisions"}],"wp:featuredmedia":[{"embeddable":true,"href":"https:\/\/jornalfatosenoticias.com.br\/index.php\/wp-json\/wp\/v2\/media\/53174"}],"wp:attachment":[{"href":"https:\/\/jornalfatosenoticias.com.br\/index.php\/wp-json\/wp\/v2\/media?parent=53169"}],"wp:term":[{"taxonomy":"category","embeddable":true,"href":"https:\/\/jornalfatosenoticias.com.br\/index.php\/wp-json\/wp\/v2\/categories?post=53169"},{"taxonomy":"post_tag","embeddable":true,"href":"https:\/\/jornalfatosenoticias.com.br\/index.php\/wp-json\/wp\/v2\/tags?post=53169"}],"curies":[{"name":"wp","href":"https:\/\/api.w.org\/{rel}","templated":true}]}}