{"id":53191,"date":"2024-08-01T14:47:27","date_gmt":"2024-08-01T17:47:27","guid":{"rendered":"https:\/\/jornalfatosenoticias.com.br\/?p=53191"},"modified":"2024-08-01T14:47:28","modified_gmt":"2024-08-01T17:47:28","slug":"escondidinho-de-carne-moida-com-mandioquinha-e-couve-flor","status":"publish","type":"post","link":"https:\/\/jornalfatosenoticias.com.br\/index.php\/2024\/08\/01\/escondidinho-de-carne-moida-com-mandioquinha-e-couve-flor\/","title":{"rendered":"Escondidinho de carne mo\u00edda com mandioquinha e couve-flor"},"content":{"rendered":"\n<div class=\"wp-block-image\"><figure class=\"aligncenter size-large\"><a href=\"https:\/\/www.instagram.com\/baraodascarnes.es\/\"><img decoding=\"async\" src=\"https:\/\/jornalfatosenoticias.com.br\/wp-content\/uploads\/2020\/02\/barao-das-carnes-300x164-1.jpg\" alt=\"\" class=\"wp-image-34339\"\/><\/a><\/figure><\/div>\n\n\n\n<p>Em vez de batata, que tal usar mandioquinha para preparar um escondidinho de carne suculento? A receita \u00e9 pr\u00e1tica e ainda leva couve-flor como um dos seus ingredientes principais.<\/p>\n\n\n\n<p><strong><span class=\"has-inline-color has-vivid-purple-color\">Ingredientes<\/span><\/strong><\/p>\n\n\n\n<ul class=\"wp-block-list\"><li>1 envelope de p\u00f3 para creme de cebola (68g)<\/li><li>1 tomate sem sementes picado<\/li><li>1 cebola ralada<\/li><li>2 ovos batidos<\/li><li>Sal, pimenta-do-reino e salsa picada<\/li><li>Azeite para untar<\/li><li>1 couve-flor cozida e picada<\/li><li>Queijo parmes\u00e3o ralado para polvilhar<\/li><\/ul>\n\n\n\n<div class=\"wp-block-image\"><figure class=\"alignright size-large\"><a href=\"https:\/\/www.facebook.com\/Esteio-Churrascaria-Barbecue-103643461220402\/\"><img decoding=\"async\" src=\"https:\/\/jornalfatosenoticias.com.br\/wp-content\/uploads\/2020\/02\/logo_esteio.jpg\" alt=\"\" class=\"wp-image-1214\"\/><\/a><\/figure><\/div>\n\n\n\n<p><strong><span class=\"has-inline-color has-vivid-purple-color\">Pur\u00ea<\/span><\/strong><\/p>\n\n\n\n<ul class=\"wp-block-list\"><li>500g de mandioquinha cozida e espremida<\/li><li>1 caixa de creme de leite (200g)<\/li><li>2 colheres (sopa) de manteiga<\/li><\/ul>\n\n\n\n<p><strong><span class=\"has-inline-color has-vivid-purple-color\">Modo de preparo<br><\/span><\/strong>Em uma tigela, misture a carne mo\u00edda, o p\u00f3 para creme de cebola, o tomate, a cebola e os ovos at\u00e9 formar uma massa homog\u00eanea. Tempere com sal, pimenta e salsa picada. Espalhe em um refrat\u00e1rio m\u00e9dio untado, alisando com uma colher. Sobre a carne, espalhe a couve-flor e reserve. Enquanto isso, para o pur\u00ea, misture os ingredientes em uma panela e leve ao fogo m\u00e9dio, mexendo at\u00e9 ficar homog\u00eaneo. Espalhe sobre a couve-flor, polvilhe com queijo parmes\u00e3o e ent\u00e3o leve ao forno m\u00e9dio, preaquecido, por 25 minutos ou at\u00e9 dourar. Retire do forno e sirva em seguida.<\/p>\n\n\n\n<div class=\"wp-block-image\"><figure class=\"aligncenter size-large is-resized\"><a href=\"https:\/\/hotelmarquetti.com.br\/\"><img loading=\"lazy\" decoding=\"async\" src=\"https:\/\/jornalfatosenoticias.com.br\/wp-content\/uploads\/2023\/03\/nova-logo-Marquetti.jpg\" alt=\"\" class=\"wp-image-40207\" width=\"333\" height=\"224\" srcset=\"https:\/\/jornalfatosenoticias.com.br\/wp-content\/uploads\/2023\/03\/nova-logo-Marquetti.jpg 643w, https:\/\/jornalfatosenoticias.com.br\/wp-content\/uploads\/2023\/03\/nova-logo-Marquetti-300x202.jpg 300w\" sizes=\"auto, (max-width: 333px) 100vw, 333px\" \/><\/a><\/figure><\/div>\n\n\n\n<p><em><span class=\"has-inline-color has-black-color\">Rendimento: 8 por\u00e7\u00f5es<br><strong>Fonte: <a href=\"https:\/\/www.terra.com.br\/vida-e-estilo\/degusta\/receitas\/receita-de-escondidinho-de-carne-moida-com-mandioquinha-e-couve-flor,1123c0d78f9d97879ebeda227b15e51dtjeh4yhp.html\">Terra<\/a><\/strong><\/span><\/em><\/p>\n","protected":false},"excerpt":{"rendered":"<p>Em vez de batata, que tal usar mandioquinha para preparar um escondidinho de carne suculento? A receita \u00e9 pr\u00e1tica e ainda leva couve-flor como um dos seus ingredientes principais. Ingredientes 1 envelope de p\u00f3 para creme de cebola (68g) 1 tomate sem sementes picado 1 cebola ralada 2 ovos batidos Sal, pimenta-do-reino e salsa picada [&hellip;]<\/p>\n","protected":false},"author":10,"featured_media":53192,"comment_status":"open","ping_status":"open","sticky":false,"template":"","format":"standard","meta":{"footnotes":""},"categories":[745],"tags":[2455,2978,11826,24264,6261],"class_list":["post-53191","post","type-post","status-publish","format-standard","has-post-thumbnail","hentry","category-gastronomia","tag-carne-moida","tag-couve-flor","tag-escondidinho","tag-escondidinho-de-carne-moida","tag-mandioquinha"],"yoast_head":"<!-- This site is optimized with the Yoast SEO plugin v26.5 - https:\/\/yoast.com\/wordpress\/plugins\/seo\/ -->\n<title>Escondidinho de carne mo\u00edda com mandioquinha e couve-flor - Jornal Fatos e Not\u00edcias<\/title>\n<meta name=\"robots\" content=\"index, follow, max-snippet:-1, max-image-preview:large, max-video-preview:-1\" \/>\n<link rel=\"canonical\" href=\"https:\/\/jornalfatosenoticias.com.br\/index.php\/2024\/08\/01\/escondidinho-de-carne-moida-com-mandioquinha-e-couve-flor\/\" \/>\n<meta property=\"og:locale\" content=\"pt_BR\" \/>\n<meta property=\"og:type\" content=\"article\" \/>\n<meta property=\"og:title\" content=\"Escondidinho de carne mo\u00edda com mandioquinha e couve-flor - Jornal Fatos e Not\u00edcias\" \/>\n<meta property=\"og:description\" content=\"Em vez de batata, que tal usar mandioquinha para preparar um escondidinho de carne suculento? A receita \u00e9 pr\u00e1tica e ainda leva couve-flor como um dos seus ingredientes principais. Ingredientes 1 envelope de p\u00f3 para creme de cebola (68g) 1 tomate sem sementes picado 1 cebola ralada 2 ovos batidos Sal, pimenta-do-reino e salsa picada [&hellip;]\" \/>\n<meta property=\"og:url\" content=\"https:\/\/jornalfatosenoticias.com.br\/index.php\/2024\/08\/01\/escondidinho-de-carne-moida-com-mandioquinha-e-couve-flor\/\" \/>\n<meta property=\"og:site_name\" content=\"Jornal Fatos e Not\u00edcias\" \/>\n<meta property=\"article:published_time\" content=\"2024-08-01T17:47:27+00:00\" \/>\n<meta property=\"article:modified_time\" content=\"2024-08-01T17:47:28+00:00\" \/>\n<meta property=\"og:image\" content=\"https:\/\/jornalfatosenoticias.com.br\/wp-content\/uploads\/2024\/08\/escondidinho-de-carne-moida_istock.jpg\" \/>\n\t<meta property=\"og:image:width\" content=\"612\" \/>\n\t<meta property=\"og:image:height\" content=\"408\" \/>\n\t<meta property=\"og:image:type\" content=\"image\/jpeg\" \/>\n<meta name=\"author\" content=\"Gabriela Messner Aresi Oliveira\" \/>\n<meta name=\"twitter:card\" content=\"summary_large_image\" \/>\n<meta name=\"twitter:label1\" content=\"Escrito por\" \/>\n\t<meta name=\"twitter:data1\" content=\"Gabriela Messner Aresi Oliveira\" \/>\n\t<meta name=\"twitter:label2\" content=\"Est. tempo de leitura\" \/>\n\t<meta name=\"twitter:data2\" content=\"1 minuto\" \/>\n<script type=\"application\/ld+json\" class=\"yoast-schema-graph\">{\"@context\":\"https:\/\/schema.org\",\"@graph\":[{\"@type\":\"Article\",\"@id\":\"https:\/\/jornalfatosenoticias.com.br\/index.php\/2024\/08\/01\/escondidinho-de-carne-moida-com-mandioquinha-e-couve-flor\/#article\",\"isPartOf\":{\"@id\":\"https:\/\/jornalfatosenoticias.com.br\/index.php\/2024\/08\/01\/escondidinho-de-carne-moida-com-mandioquinha-e-couve-flor\/\"},\"author\":{\"name\":\"Gabriela Messner Aresi Oliveira\",\"@id\":\"https:\/\/jornalfatosenoticias.com.br\/#\/schema\/person\/8e0fe72f7a2b1f60eecd0c7d1dc4d8f1\"},\"headline\":\"Escondidinho de carne mo\u00edda com mandioquinha e couve-flor\",\"datePublished\":\"2024-08-01T17:47:27+00:00\",\"dateModified\":\"2024-08-01T17:47:28+00:00\",\"mainEntityOfPage\":{\"@id\":\"https:\/\/jornalfatosenoticias.com.br\/index.php\/2024\/08\/01\/escondidinho-de-carne-moida-com-mandioquinha-e-couve-flor\/\"},\"wordCount\":204,\"commentCount\":0,\"publisher\":{\"@id\":\"https:\/\/jornalfatosenoticias.com.br\/#organization\"},\"image\":{\"@id\":\"https:\/\/jornalfatosenoticias.com.br\/index.php\/2024\/08\/01\/escondidinho-de-carne-moida-com-mandioquinha-e-couve-flor\/#primaryimage\"},\"thumbnailUrl\":\"https:\/\/jornalfatosenoticias.com.br\/wp-content\/uploads\/2024\/08\/escondidinho-de-carne-moida_istock.jpg\",\"keywords\":[\"carne mo\u00edda\",\"couve-flor\",\"escondidinho\",\"escondidinho de carne mo\u00edda\",\"mandioquinha\"],\"articleSection\":[\"Gastronomia\"],\"inLanguage\":\"pt-BR\",\"potentialAction\":[{\"@type\":\"CommentAction\",\"name\":\"Comment\",\"target\":[\"https:\/\/jornalfatosenoticias.com.br\/index.php\/2024\/08\/01\/escondidinho-de-carne-moida-com-mandioquinha-e-couve-flor\/#respond\"]}]},{\"@type\":\"WebPage\",\"@id\":\"https:\/\/jornalfatosenoticias.com.br\/index.php\/2024\/08\/01\/escondidinho-de-carne-moida-com-mandioquinha-e-couve-flor\/\",\"url\":\"https:\/\/jornalfatosenoticias.com.br\/index.php\/2024\/08\/01\/escondidinho-de-carne-moida-com-mandioquinha-e-couve-flor\/\",\"name\":\"Escondidinho de carne mo\u00edda com mandioquinha e couve-flor - Jornal Fatos e Not\u00edcias\",\"isPartOf\":{\"@id\":\"https:\/\/jornalfatosenoticias.com.br\/#website\"},\"primaryImageOfPage\":{\"@id\":\"https:\/\/jornalfatosenoticias.com.br\/index.php\/2024\/08\/01\/escondidinho-de-carne-moida-com-mandioquinha-e-couve-flor\/#primaryimage\"},\"image\":{\"@id\":\"https:\/\/jornalfatosenoticias.com.br\/index.php\/2024\/08\/01\/escondidinho-de-carne-moida-com-mandioquinha-e-couve-flor\/#primaryimage\"},\"thumbnailUrl\":\"https:\/\/jornalfatosenoticias.com.br\/wp-content\/uploads\/2024\/08\/escondidinho-de-carne-moida_istock.jpg\",\"datePublished\":\"2024-08-01T17:47:27+00:00\",\"dateModified\":\"2024-08-01T17:47:28+00:00\",\"breadcrumb\":{\"@id\":\"https:\/\/jornalfatosenoticias.com.br\/index.php\/2024\/08\/01\/escondidinho-de-carne-moida-com-mandioquinha-e-couve-flor\/#breadcrumb\"},\"inLanguage\":\"pt-BR\",\"potentialAction\":[{\"@type\":\"ReadAction\",\"target\":[\"https:\/\/jornalfatosenoticias.com.br\/index.php\/2024\/08\/01\/escondidinho-de-carne-moida-com-mandioquinha-e-couve-flor\/\"]}]},{\"@type\":\"ImageObject\",\"inLanguage\":\"pt-BR\",\"@id\":\"https:\/\/jornalfatosenoticias.com.br\/index.php\/2024\/08\/01\/escondidinho-de-carne-moida-com-mandioquinha-e-couve-flor\/#primaryimage\",\"url\":\"https:\/\/jornalfatosenoticias.com.br\/wp-content\/uploads\/2024\/08\/escondidinho-de-carne-moida_istock.jpg\",\"contentUrl\":\"https:\/\/jornalfatosenoticias.com.br\/wp-content\/uploads\/2024\/08\/escondidinho-de-carne-moida_istock.jpg\",\"width\":612,\"height\":408,\"caption\":\"Homemade Irish Shepherd's Pie with Lamb and Potatoes\"},{\"@type\":\"BreadcrumbList\",\"@id\":\"https:\/\/jornalfatosenoticias.com.br\/index.php\/2024\/08\/01\/escondidinho-de-carne-moida-com-mandioquinha-e-couve-flor\/#breadcrumb\",\"itemListElement\":[{\"@type\":\"ListItem\",\"position\":1,\"name\":\"In\u00edcio\",\"item\":\"https:\/\/jornalfatosenoticias.com.br\/\"},{\"@type\":\"ListItem\",\"position\":2,\"name\":\"Escondidinho de carne mo\u00edda com mandioquinha e couve-flor\"}]},{\"@type\":\"WebSite\",\"@id\":\"https:\/\/jornalfatosenoticias.com.br\/#website\",\"url\":\"https:\/\/jornalfatosenoticias.com.br\/\",\"name\":\"Jornal Fatos e Not\u00edcias\",\"description\":\"Not\u00edcias em geral\",\"publisher\":{\"@id\":\"https:\/\/jornalfatosenoticias.com.br\/#organization\"},\"potentialAction\":[{\"@type\":\"SearchAction\",\"target\":{\"@type\":\"EntryPoint\",\"urlTemplate\":\"https:\/\/jornalfatosenoticias.com.br\/?s={search_term_string}\"},\"query-input\":{\"@type\":\"PropertyValueSpecification\",\"valueRequired\":true,\"valueName\":\"search_term_string\"}}],\"inLanguage\":\"pt-BR\"},{\"@type\":\"Organization\",\"@id\":\"https:\/\/jornalfatosenoticias.com.br\/#organization\",\"name\":\"Jornal Fatos e Not\u00edcias\",\"url\":\"https:\/\/jornalfatosenoticias.com.br\/\",\"logo\":{\"@type\":\"ImageObject\",\"inLanguage\":\"pt-BR\",\"@id\":\"https:\/\/jornalfatosenoticias.com.br\/#\/schema\/logo\/image\/\",\"url\":\"https:\/\/jornalfatosenoticias.com.br\/wp-content\/uploads\/2020\/02\/logo120.png\",\"contentUrl\":\"https:\/\/jornalfatosenoticias.com.br\/wp-content\/uploads\/2020\/02\/logo120.png\",\"width\":1227,\"height\":120,\"caption\":\"Jornal Fatos e Not\u00edcias\"},\"image\":{\"@id\":\"https:\/\/jornalfatosenoticias.com.br\/#\/schema\/logo\/image\/\"}},{\"@type\":\"Person\",\"@id\":\"https:\/\/jornalfatosenoticias.com.br\/#\/schema\/person\/8e0fe72f7a2b1f60eecd0c7d1dc4d8f1\",\"name\":\"Gabriela Messner Aresi Oliveira\",\"image\":{\"@type\":\"ImageObject\",\"inLanguage\":\"pt-BR\",\"@id\":\"https:\/\/jornalfatosenoticias.com.br\/#\/schema\/person\/image\/\",\"url\":\"https:\/\/jornalfatosenoticias.com.br\/wp-content\/uploads\/2020\/03\/Gabriela-messner-150x150.jpg\",\"contentUrl\":\"https:\/\/jornalfatosenoticias.com.br\/wp-content\/uploads\/2020\/03\/Gabriela-messner-150x150.jpg\",\"caption\":\"Gabriela Messner Aresi Oliveira\"},\"url\":\"https:\/\/jornalfatosenoticias.com.br\/index.php\/author\/gabriela\/\"}]}<\/script>\n<!-- \/ Yoast SEO plugin. -->","yoast_head_json":{"title":"Escondidinho de carne mo\u00edda com mandioquinha e couve-flor - Jornal Fatos e Not\u00edcias","robots":{"index":"index","follow":"follow","max-snippet":"max-snippet:-1","max-image-preview":"max-image-preview:large","max-video-preview":"max-video-preview:-1"},"canonical":"https:\/\/jornalfatosenoticias.com.br\/index.php\/2024\/08\/01\/escondidinho-de-carne-moida-com-mandioquinha-e-couve-flor\/","og_locale":"pt_BR","og_type":"article","og_title":"Escondidinho de carne mo\u00edda com mandioquinha e couve-flor - Jornal Fatos e Not\u00edcias","og_description":"Em vez de batata, que tal usar mandioquinha para preparar um escondidinho de carne suculento? A receita \u00e9 pr\u00e1tica e ainda leva couve-flor como um dos seus ingredientes principais. Ingredientes 1 envelope de p\u00f3 para creme de cebola (68g) 1 tomate sem sementes picado 1 cebola ralada 2 ovos batidos Sal, pimenta-do-reino e salsa picada [&hellip;]","og_url":"https:\/\/jornalfatosenoticias.com.br\/index.php\/2024\/08\/01\/escondidinho-de-carne-moida-com-mandioquinha-e-couve-flor\/","og_site_name":"Jornal Fatos e Not\u00edcias","article_published_time":"2024-08-01T17:47:27+00:00","article_modified_time":"2024-08-01T17:47:28+00:00","og_image":[{"width":612,"height":408,"url":"https:\/\/jornalfatosenoticias.com.br\/wp-content\/uploads\/2024\/08\/escondidinho-de-carne-moida_istock.jpg","type":"image\/jpeg"}],"author":"Gabriela Messner Aresi Oliveira","twitter_card":"summary_large_image","twitter_misc":{"Escrito por":"Gabriela Messner Aresi Oliveira","Est. tempo de leitura":"1 minuto"},"schema":{"@context":"https:\/\/schema.org","@graph":[{"@type":"Article","@id":"https:\/\/jornalfatosenoticias.com.br\/index.php\/2024\/08\/01\/escondidinho-de-carne-moida-com-mandioquinha-e-couve-flor\/#article","isPartOf":{"@id":"https:\/\/jornalfatosenoticias.com.br\/index.php\/2024\/08\/01\/escondidinho-de-carne-moida-com-mandioquinha-e-couve-flor\/"},"author":{"name":"Gabriela Messner Aresi Oliveira","@id":"https:\/\/jornalfatosenoticias.com.br\/#\/schema\/person\/8e0fe72f7a2b1f60eecd0c7d1dc4d8f1"},"headline":"Escondidinho de carne mo\u00edda com mandioquinha e couve-flor","datePublished":"2024-08-01T17:47:27+00:00","dateModified":"2024-08-01T17:47:28+00:00","mainEntityOfPage":{"@id":"https:\/\/jornalfatosenoticias.com.br\/index.php\/2024\/08\/01\/escondidinho-de-carne-moida-com-mandioquinha-e-couve-flor\/"},"wordCount":204,"commentCount":0,"publisher":{"@id":"https:\/\/jornalfatosenoticias.com.br\/#organization"},"image":{"@id":"https:\/\/jornalfatosenoticias.com.br\/index.php\/2024\/08\/01\/escondidinho-de-carne-moida-com-mandioquinha-e-couve-flor\/#primaryimage"},"thumbnailUrl":"https:\/\/jornalfatosenoticias.com.br\/wp-content\/uploads\/2024\/08\/escondidinho-de-carne-moida_istock.jpg","keywords":["carne mo\u00edda","couve-flor","escondidinho","escondidinho de carne mo\u00edda","mandioquinha"],"articleSection":["Gastronomia"],"inLanguage":"pt-BR","potentialAction":[{"@type":"CommentAction","name":"Comment","target":["https:\/\/jornalfatosenoticias.com.br\/index.php\/2024\/08\/01\/escondidinho-de-carne-moida-com-mandioquinha-e-couve-flor\/#respond"]}]},{"@type":"WebPage","@id":"https:\/\/jornalfatosenoticias.com.br\/index.php\/2024\/08\/01\/escondidinho-de-carne-moida-com-mandioquinha-e-couve-flor\/","url":"https:\/\/jornalfatosenoticias.com.br\/index.php\/2024\/08\/01\/escondidinho-de-carne-moida-com-mandioquinha-e-couve-flor\/","name":"Escondidinho de carne mo\u00edda com mandioquinha e couve-flor - Jornal Fatos e Not\u00edcias","isPartOf":{"@id":"https:\/\/jornalfatosenoticias.com.br\/#website"},"primaryImageOfPage":{"@id":"https:\/\/jornalfatosenoticias.com.br\/index.php\/2024\/08\/01\/escondidinho-de-carne-moida-com-mandioquinha-e-couve-flor\/#primaryimage"},"image":{"@id":"https:\/\/jornalfatosenoticias.com.br\/index.php\/2024\/08\/01\/escondidinho-de-carne-moida-com-mandioquinha-e-couve-flor\/#primaryimage"},"thumbnailUrl":"https:\/\/jornalfatosenoticias.com.br\/wp-content\/uploads\/2024\/08\/escondidinho-de-carne-moida_istock.jpg","datePublished":"2024-08-01T17:47:27+00:00","dateModified":"2024-08-01T17:47:28+00:00","breadcrumb":{"@id":"https:\/\/jornalfatosenoticias.com.br\/index.php\/2024\/08\/01\/escondidinho-de-carne-moida-com-mandioquinha-e-couve-flor\/#breadcrumb"},"inLanguage":"pt-BR","potentialAction":[{"@type":"ReadAction","target":["https:\/\/jornalfatosenoticias.com.br\/index.php\/2024\/08\/01\/escondidinho-de-carne-moida-com-mandioquinha-e-couve-flor\/"]}]},{"@type":"ImageObject","inLanguage":"pt-BR","@id":"https:\/\/jornalfatosenoticias.com.br\/index.php\/2024\/08\/01\/escondidinho-de-carne-moida-com-mandioquinha-e-couve-flor\/#primaryimage","url":"https:\/\/jornalfatosenoticias.com.br\/wp-content\/uploads\/2024\/08\/escondidinho-de-carne-moida_istock.jpg","contentUrl":"https:\/\/jornalfatosenoticias.com.br\/wp-content\/uploads\/2024\/08\/escondidinho-de-carne-moida_istock.jpg","width":612,"height":408,"caption":"Homemade Irish Shepherd's Pie with Lamb and Potatoes"},{"@type":"BreadcrumbList","@id":"https:\/\/jornalfatosenoticias.com.br\/index.php\/2024\/08\/01\/escondidinho-de-carne-moida-com-mandioquinha-e-couve-flor\/#breadcrumb","itemListElement":[{"@type":"ListItem","position":1,"name":"In\u00edcio","item":"https:\/\/jornalfatosenoticias.com.br\/"},{"@type":"ListItem","position":2,"name":"Escondidinho de carne mo\u00edda com mandioquinha e couve-flor"}]},{"@type":"WebSite","@id":"https:\/\/jornalfatosenoticias.com.br\/#website","url":"https:\/\/jornalfatosenoticias.com.br\/","name":"Jornal Fatos e Not\u00edcias","description":"Not\u00edcias em geral","publisher":{"@id":"https:\/\/jornalfatosenoticias.com.br\/#organization"},"potentialAction":[{"@type":"SearchAction","target":{"@type":"EntryPoint","urlTemplate":"https:\/\/jornalfatosenoticias.com.br\/?s={search_term_string}"},"query-input":{"@type":"PropertyValueSpecification","valueRequired":true,"valueName":"search_term_string"}}],"inLanguage":"pt-BR"},{"@type":"Organization","@id":"https:\/\/jornalfatosenoticias.com.br\/#organization","name":"Jornal Fatos e Not\u00edcias","url":"https:\/\/jornalfatosenoticias.com.br\/","logo":{"@type":"ImageObject","inLanguage":"pt-BR","@id":"https:\/\/jornalfatosenoticias.com.br\/#\/schema\/logo\/image\/","url":"https:\/\/jornalfatosenoticias.com.br\/wp-content\/uploads\/2020\/02\/logo120.png","contentUrl":"https:\/\/jornalfatosenoticias.com.br\/wp-content\/uploads\/2020\/02\/logo120.png","width":1227,"height":120,"caption":"Jornal Fatos e Not\u00edcias"},"image":{"@id":"https:\/\/jornalfatosenoticias.com.br\/#\/schema\/logo\/image\/"}},{"@type":"Person","@id":"https:\/\/jornalfatosenoticias.com.br\/#\/schema\/person\/8e0fe72f7a2b1f60eecd0c7d1dc4d8f1","name":"Gabriela Messner Aresi Oliveira","image":{"@type":"ImageObject","inLanguage":"pt-BR","@id":"https:\/\/jornalfatosenoticias.com.br\/#\/schema\/person\/image\/","url":"https:\/\/jornalfatosenoticias.com.br\/wp-content\/uploads\/2020\/03\/Gabriela-messner-150x150.jpg","contentUrl":"https:\/\/jornalfatosenoticias.com.br\/wp-content\/uploads\/2020\/03\/Gabriela-messner-150x150.jpg","caption":"Gabriela Messner Aresi Oliveira"},"url":"https:\/\/jornalfatosenoticias.com.br\/index.php\/author\/gabriela\/"}]}},"cc_featured_image_caption":{"caption_text":"(Foto: iStock) ","source_text":"","source_url":""},"jetpack_featured_media_url":"https:\/\/jornalfatosenoticias.com.br\/wp-content\/uploads\/2024\/08\/escondidinho-de-carne-moida_istock.jpg","_links":{"self":[{"href":"https:\/\/jornalfatosenoticias.com.br\/index.php\/wp-json\/wp\/v2\/posts\/53191","targetHints":{"allow":["GET"]}}],"collection":[{"href":"https:\/\/jornalfatosenoticias.com.br\/index.php\/wp-json\/wp\/v2\/posts"}],"about":[{"href":"https:\/\/jornalfatosenoticias.com.br\/index.php\/wp-json\/wp\/v2\/types\/post"}],"author":[{"embeddable":true,"href":"https:\/\/jornalfatosenoticias.com.br\/index.php\/wp-json\/wp\/v2\/users\/10"}],"replies":[{"embeddable":true,"href":"https:\/\/jornalfatosenoticias.com.br\/index.php\/wp-json\/wp\/v2\/comments?post=53191"}],"version-history":[{"count":0,"href":"https:\/\/jornalfatosenoticias.com.br\/index.php\/wp-json\/wp\/v2\/posts\/53191\/revisions"}],"wp:featuredmedia":[{"embeddable":true,"href":"https:\/\/jornalfatosenoticias.com.br\/index.php\/wp-json\/wp\/v2\/media\/53192"}],"wp:attachment":[{"href":"https:\/\/jornalfatosenoticias.com.br\/index.php\/wp-json\/wp\/v2\/media?parent=53191"}],"wp:term":[{"taxonomy":"category","embeddable":true,"href":"https:\/\/jornalfatosenoticias.com.br\/index.php\/wp-json\/wp\/v2\/categories?post=53191"},{"taxonomy":"post_tag","embeddable":true,"href":"https:\/\/jornalfatosenoticias.com.br\/index.php\/wp-json\/wp\/v2\/tags?post=53191"}],"curies":[{"name":"wp","href":"https:\/\/api.w.org\/{rel}","templated":true}]}}