{"id":53214,"date":"2024-08-01T16:01:23","date_gmt":"2024-08-01T19:01:23","guid":{"rendered":"https:\/\/jornalfatosenoticias.com.br\/?p=53214"},"modified":"2024-08-01T16:01:25","modified_gmt":"2024-08-01T19:01:25","slug":"a-semana-no-brasil-e-no-mundo-lula-assina-decreto-de-corte-orcamentario-de-r-15-bilhoes-que-afeta-saude-educacao-e-pac","status":"publish","type":"post","link":"https:\/\/jornalfatosenoticias.com.br\/index.php\/2024\/08\/01\/a-semana-no-brasil-e-no-mundo-lula-assina-decreto-de-corte-orcamentario-de-r-15-bilhoes-que-afeta-saude-educacao-e-pac\/","title":{"rendered":"A Semana no Brasil e no Mundo \u2014 Lula assina decreto de corte or\u00e7ament\u00e1rio de R$ 15 Bilh\u00f5es que afeta Sa\u00fade, Educa\u00e7\u00e3o e PAC"},"content":{"rendered":"\n<div class=\"wp-block-image\"><figure class=\"aligncenter size-large\"><a href=\"https:\/\/mizu.com.br\/\"><img loading=\"lazy\" decoding=\"async\" width=\"729\" height=\"90\" src=\"https:\/\/jornalfatosenoticias.com.br\/wp-content\/uploads\/2020\/02\/Logo_Mizu.png\" alt=\"\" class=\"wp-image-1441\" srcset=\"https:\/\/jornalfatosenoticias.com.br\/wp-content\/uploads\/2020\/02\/Logo_Mizu.png 729w, https:\/\/jornalfatosenoticias.com.br\/wp-content\/uploads\/2020\/02\/Logo_Mizu-300x37.png 300w\" sizes=\"auto, (max-width: 729px) 100vw, 729px\" \/><\/a><\/figure><\/div>\n\n\n\n<p>Uma semana ap\u00f3s confirmar o congelamento de R$ 15 bilh\u00f5es no Or\u00e7amento, Luiz In\u00e1cio Lula da Silva (PT) publicou um decreto detalhando as \u00e1reas do governo que enfrentar\u00e3o bloqueios de R$ 11,17 bilh\u00f5es e contingenciamentos de R$ 3,84 bilh\u00f5es. O decreto, divulgado em edi\u00e7\u00e3o extra do Di\u00e1rio Oficial da Uni\u00e3o (DOU), revela cortes em v\u00e1rios \u00f3rg\u00e3os do governo federal e recursos destinados a emendas parlamentares de comiss\u00e3o (RP 8) e de bancada (RP 7).<br>Dos recursos bloqueados, R$ 7,078 bilh\u00f5es s\u00e3o despesas discricion\u00e1rias do Poder Executivo, R$ 3,277 bilh\u00f5es pertencem \u00e0 nova edi\u00e7\u00e3o do Programa de Acelera\u00e7\u00e3o do Crescimento (PAC) e R$ 816,4 milh\u00f5es s\u00e3o de emendas de comiss\u00f5es do Congresso Nacional. No contingenciamento, R$ 2,179 bilh\u00f5es s\u00e3o despesas discricion\u00e1rias do Poder Executivo, R$ 1,223 bilh\u00e3o do PAC, al\u00e9m de R$ 278,9 bilh\u00f5es de emendas de comiss\u00e3o e R$ 153,6 milh\u00f5es de emendas de bancada.<\/p>\n\n\n\n<div class=\"wp-block-image\"><figure class=\"aligncenter size-large\"><a href=\"https:\/\/www.facebook.com\/Esteio-Churrascaria-Barbecue-103643461220402\/\"><img decoding=\"async\" src=\"https:\/\/jornalfatosenoticias.com.br\/wp-content\/uploads\/2020\/02\/logo_esteio.jpg\" alt=\"\" class=\"wp-image-1214\"\/><\/a><\/figure><\/div>\n\n\n\n<p>Principais Minist\u00e9rios Afetados: Os minist\u00e9rios mais impactados foram Sa\u00fade (R$ 4,419 bilh\u00f5es), Cidades (R$ 2,133 bilh\u00f5es), Transportes (R$ 1,512 bilh\u00e3o), Educa\u00e7\u00e3o (R$ 1,284 bilh\u00e3o) e Desenvolvimento e Assist\u00eancia Social, Fam\u00edlia e Combate \u00e0 Fome (R$ 924 milh\u00f5es). Juntas, essas cinco pastas representam 68% do congelamento de recursos.<\/p>\n\n\n\n<div class=\"wp-block-image\"><figure class=\"aligncenter size-large\"><a href=\"https:\/\/www.instagram.com\/baraodascarnes.es\/\"><img decoding=\"async\" src=\"https:\/\/jornalfatosenoticias.com.br\/wp-content\/uploads\/2020\/02\/barao-das-carnes-300x164-1.jpg\" alt=\"\" class=\"wp-image-34339\"\/><\/a><\/figure><\/div>\n\n\n\n<p>Apesar dos cortes em \u00e1reas sens\u00edveis, a equipe econ\u00f4mica do governo declarou que a distribui\u00e7\u00e3o dos cortes \u201cteve como diretrizes a preserva\u00e7\u00e3o das regras de aplica\u00e7\u00e3o de recursos na Sa\u00fade e na Educa\u00e7\u00e3o (m\u00ednimos constitucionais), a continuidade das pol\u00edticas p\u00fablicas de atendimento \u00e0 popula\u00e7\u00e3o e o compromisso do governo federal com a meta de resultado fiscal estabelecida para o ano de 2024\u201d.<\/p>\n\n\n\n<div class=\"wp-block-image\"><figure class=\"aligncenter size-large is-resized\"><a href=\"https:\/\/www.ithbrasil.com.br\/\"><img loading=\"lazy\" decoding=\"async\" src=\"https:\/\/jornalfatosenoticias.com.br\/wp-content\/uploads\/2023\/08\/ITH.jpeg\" alt=\"\" class=\"wp-image-44638\" width=\"323\" height=\"262\" srcset=\"https:\/\/jornalfatosenoticias.com.br\/wp-content\/uploads\/2023\/08\/ITH.jpeg 800w, https:\/\/jornalfatosenoticias.com.br\/wp-content\/uploads\/2023\/08\/ITH-300x244.jpeg 300w, https:\/\/jornalfatosenoticias.com.br\/wp-content\/uploads\/2023\/08\/ITH-768x624.jpeg 768w\" sizes=\"auto, (max-width: 323px) 100vw, 323px\" \/><\/a><\/figure><\/div>\n\n\n\n<p>Os \u00f3rg\u00e3os afetados t\u00eam at\u00e9 o dia 6 de agosto para adotar medidas de ajustes e indicar as programa\u00e7\u00f5es e a\u00e7\u00f5es a serem bloqueadas. As despesas bloqueadas podem ser substitu\u00eddas a qualquer tempo, exceto se estiverem sendo utilizadas para abertura de cr\u00e9dito.<\/p>\n\n\n\n<div class=\"wp-block-image\"><figure class=\"aligncenter size-large is-resized\"><a href=\"https:\/\/www.instagram.com\/rapuzeljastro\/\"><img loading=\"lazy\" decoding=\"async\" src=\"https:\/\/jornalfatosenoticias.com.br\/wp-content\/uploads\/2020\/02\/logo-Rapuzel-1024x571.jpg\" alt=\"\" class=\"wp-image-42808\" width=\"363\" height=\"202\" srcset=\"https:\/\/jornalfatosenoticias.com.br\/wp-content\/uploads\/2020\/02\/logo-Rapuzel-1024x571.jpg 1024w, https:\/\/jornalfatosenoticias.com.br\/wp-content\/uploads\/2020\/02\/logo-Rapuzel-300x167.jpg 300w, https:\/\/jornalfatosenoticias.com.br\/wp-content\/uploads\/2020\/02\/logo-Rapuzel-768x428.jpg 768w, https:\/\/jornalfatosenoticias.com.br\/wp-content\/uploads\/2020\/02\/logo-Rapuzel-1536x856.jpg 1536w, https:\/\/jornalfatosenoticias.com.br\/wp-content\/uploads\/2020\/02\/logo-Rapuzel.jpg 1600w\" sizes=\"auto, (max-width: 363px) 100vw, 363px\" \/><\/a><\/figure><\/div>\n\n\n\n<p>Para as emendas de bancada, haver\u00e1 um ajuste proporcional para divis\u00e3o igualit\u00e1ria entre as representa\u00e7\u00f5es no parlamento. As emendas individuais dos congressistas ficaram fora do contingenciamento. O decreto \u00e9 assinado por Lula e pelos secret\u00e1rios-executivos do Minist\u00e9rio da Fazenda, Dario Durigan, e do Minist\u00e9rio do Planejamento e Or\u00e7amento, Gustavo Guimar\u00e3es, que est\u00e3o interinamente no comando durante as f\u00e9rias dos ministros Fernando Haddad (PT) e Simone Tebet (MDB).<\/p>\n\n\n\n<div class=\"wp-block-image\"><figure class=\"aligncenter size-large\"><a href=\"http:\/\/www.ferrarimaquinas.com.br\/\"><img loading=\"lazy\" decoding=\"async\" width=\"300\" height=\"250\" src=\"https:\/\/jornalfatosenoticias.com.br\/wp-content\/uploads\/2022\/02\/FERRARI_MAQUINAS-E-FERRAMENTAS2.jpg\" alt=\"\" class=\"wp-image-27860\"\/><\/a><\/figure><\/div>\n\n\n\n<p>O bloqueio visa cumprir a regra do limite de despesas p\u00fablicas para 2024, estabelecendo que os gastos cres\u00e7am entre 0,6% e 2,5% em rela\u00e7\u00e3o ao ano anterior, conforme o comportamento das receitas. Contudo, a evolu\u00e7\u00e3o das despesas obrigat\u00f3rias superou as proje\u00e7\u00f5es da Lei Or\u00e7ament\u00e1ria Anual (LOA), tornando necess\u00e1rio o bloqueio de despesas discricion\u00e1rias para respeitar o \u201cteto\u201d.<\/p>\n\n\n\n<div class=\"wp-block-image\"><figure class=\"aligncenter size-large is-resized\"><a href=\"https:\/\/www.controlsystems.com.br\/\"><img loading=\"lazy\" decoding=\"async\" src=\"https:\/\/jornalfatosenoticias.com.br\/wp-content\/uploads\/2020\/02\/CONTROL-CS.jpg\" alt=\"\" class=\"wp-image-44991\" width=\"333\" height=\"399\" srcset=\"https:\/\/jornalfatosenoticias.com.br\/wp-content\/uploads\/2020\/02\/CONTROL-CS.jpg 834w, https:\/\/jornalfatosenoticias.com.br\/wp-content\/uploads\/2020\/02\/CONTROL-CS-250x300.jpg 250w, https:\/\/jornalfatosenoticias.com.br\/wp-content\/uploads\/2020\/02\/CONTROL-CS-768x921.jpg 768w\" sizes=\"auto, (max-width: 333px) 100vw, 333px\" \/><\/a><\/figure><\/div>\n\n\n\n<p>O contingenciamento busca atender \u00e0 meta de resultado prim\u00e1rio, que neste ano \u00e9 de d\u00e9ficit zero, com uma margem de toler\u00e2ncia de 0,25 ponto percentual do PIB, permitindo um desequil\u00edbrio de at\u00e9 R$ 28,756 bilh\u00f5es nas contas p\u00fablicas.<br>Especialistas em contas p\u00fablicas afirmam que as medidas s\u00e3o necess\u00e1rias, mas insuficientes para garantir o cumprimento das metas. A equipe econ\u00f4mica destacou que o contingenciamento ocorreu apenas no montante que excedia a banda inferior do objetivo estabelecido, indicando a necessidade de esfor\u00e7os maiores para alcan\u00e7ar o centro da meta, especialmente em caso de frustra\u00e7\u00e3o de receitas ou despesas acima do projetado. <strong>(Fonte: Hora Bras\u00edlia)<\/strong><\/p>\n\n\n\n<div class=\"wp-block-image\"><figure class=\"aligncenter size-large is-resized\"><img loading=\"lazy\" decoding=\"async\" src=\"https:\/\/jornalfatosenoticias.com.br\/wp-content\/uploads\/2022\/02\/Precisao-Contabilidade-1024x724.jpg\" alt=\"\" class=\"wp-image-28088\" width=\"334\" height=\"236\"\/><\/figure><\/div>\n\n\n\n<hr class=\"wp-block-separator\"\/>\n\n\n\n<h3 class=\"wp-block-heading\"><span class=\"has-inline-color has-black-color\">\u201cIsrael est\u00e1 pronto para qualquer cen\u00e1rio\u201d, diz Netanyahu<\/span><\/h3>\n\n\n\n<div class=\"wp-block-image\"><figure class=\"aligncenter size-large\"><img loading=\"lazy\" decoding=\"async\" width=\"612\" height=\"408\" src=\"https:\/\/jornalfatosenoticias.com.br\/wp-content\/uploads\/2024\/08\/Benjamin-Netanyahu_gettyimages.jpg\" alt=\"\" class=\"wp-image-53222\" srcset=\"https:\/\/jornalfatosenoticias.com.br\/wp-content\/uploads\/2024\/08\/Benjamin-Netanyahu_gettyimages.jpg 612w, https:\/\/jornalfatosenoticias.com.br\/wp-content\/uploads\/2024\/08\/Benjamin-Netanyahu_gettyimages-300x200.jpg 300w\" sizes=\"auto, (max-width: 612px) 100vw, 612px\" \/><figcaption><em><span class=\"has-inline-color has-black-color\">(Foto: Getty Images)<\/span><\/em><\/figcaption><\/figure><\/div>\n\n\n\n<p>O primeiro-ministro israelense, Benjamin Netanyahu, afirmou nesta quarta-feira (31), que \u201cIsrael est\u00e1 pronto para qualquer cen\u00e1rio\u201d, alertando que \u201cdias desafiadores est\u00e3o por vir\u201d, sem, contudo, assumir a responsabilidade pelo assassinato de Ismail Haniyeh, l\u00edder do Hamas, no Ir\u00e3. <em>\u201cDesde o in\u00edcio da guerra, esclareci que estamos em uma batalha contra o eixo do mal do Ir\u00e3. \u00c9 uma batalha existencial contra um c\u00edrculo sufocante de terror e m\u00edsseis que o Ir\u00e3 est\u00e1 tentando colocar em volta de nossos pesco\u00e7os\u201d, disse o premi\u00ea israelense, em discurso televisionado.<\/em><\/p>\n\n\n\n<div class=\"wp-block-image\"><figure class=\"aligncenter size-large is-resized\"><a href=\"https:\/\/www.facebook.com\/postobkr\/?locale=pt_BR\"><img loading=\"lazy\" decoding=\"async\" src=\"https:\/\/jornalfatosenoticias.com.br\/wp-content\/uploads\/2023\/08\/BKR-1024x1021.jpg\" alt=\"\" class=\"wp-image-44494\" width=\"323\" height=\"322\" srcset=\"https:\/\/jornalfatosenoticias.com.br\/wp-content\/uploads\/2023\/08\/BKR-1024x1021.jpg 1024w, https:\/\/jornalfatosenoticias.com.br\/wp-content\/uploads\/2023\/08\/BKR-300x300.jpg 300w, https:\/\/jornalfatosenoticias.com.br\/wp-content\/uploads\/2023\/08\/BKR-150x150.jpg 150w, https:\/\/jornalfatosenoticias.com.br\/wp-content\/uploads\/2023\/08\/BKR-768x766.jpg 768w, https:\/\/jornalfatosenoticias.com.br\/wp-content\/uploads\/2023\/08\/BKR.jpg 1080w\" sizes=\"auto, (max-width: 323px) 100vw, 323px\" \/><\/a><\/figure><\/div>\n\n\n\n<p>Segundo Netanyahu, Israel desferiu \u201cgolpes esmagadores\u201d nos tr\u00eas principais representantes do Ir\u00e3 \u2014 Houthis, Hamas e Hezbollah \u2014, concentrando seu discurso no assassinato do chefe da brigada Al-Qassam do Hamas, Mohammed Deif, no in\u00edcio de julho, e no ataque das For\u00e7as de Defesa de Israel aos Houthis.<br>Sobre a opera\u00e7\u00e3o que eliminou o comandante militar do Hezbollah, Fuad Shukr, em Beirute, a capital do L\u00edbano, Netanyahu disse. \u201cAcertamos nossas contas com [Hajj] Mohsin [referindo-se ao nome de guerra de Shukr] e acertaremos nossas contas com qualquer um que nos prejudique. Todo mundo que mira em nossas crian\u00e7as, todo mundo que assassina nossos cidad\u00e3os, todo mundo que prejudica nosso pa\u00eds \u2014 seu sangue est\u00e1 em suas pr\u00f3prias cabe\u00e7as\u201d.<\/p>\n\n\n\n<div class=\"wp-block-image\"><figure class=\"aligncenter size-large is-resized\"><a href=\"https:\/\/www.instagram.com\/restaurantepegoretti\/\"><img loading=\"lazy\" decoding=\"async\" src=\"https:\/\/jornalfatosenoticias.com.br\/wp-content\/uploads\/2023\/12\/pegoretti-logo-pdf-1024x389.jpg\" alt=\"\" class=\"wp-image-47536\" width=\"440\" height=\"167\" srcset=\"https:\/\/jornalfatosenoticias.com.br\/wp-content\/uploads\/2023\/12\/pegoretti-logo-pdf-1024x389.jpg 1024w, https:\/\/jornalfatosenoticias.com.br\/wp-content\/uploads\/2023\/12\/pegoretti-logo-pdf-300x114.jpg 300w, https:\/\/jornalfatosenoticias.com.br\/wp-content\/uploads\/2023\/12\/pegoretti-logo-pdf-768x291.jpg 768w, https:\/\/jornalfatosenoticias.com.br\/wp-content\/uploads\/2023\/12\/pegoretti-logo-pdf.jpg 1120w\" sizes=\"auto, (max-width: 440px) 100vw, 440px\" \/><\/a><\/figure><\/div>\n\n\n\n<p>Netanyahu prometeu ainda \u201ccobrar um pre\u00e7o alto por qualquer agress\u00e3o\u201d a Israel e libertar os 115 ref\u00e9ns restantes na Faixa de Gaza. Apontado pelas For\u00e7as de Defesa de Israel como \u201co comandante militar mais graduado do Hezbollah\u201d, Fuad Shukr foi o respons\u00e1vel pelo ataque terrorista realizado no s\u00e1bado, 27 de julho, que resultou na morte de 12 crian\u00e7as e adolescentes em Majdal Shams, no norte de Israel.<\/p>\n\n\n\n<div class=\"wp-block-image\"><figure class=\"aligncenter size-large is-resized\"><a href=\"https:\/\/hotelmarquetti.com.br\/\"><img loading=\"lazy\" decoding=\"async\" src=\"https:\/\/jornalfatosenoticias.com.br\/wp-content\/uploads\/2023\/03\/nova-logo-Marquetti.jpg\" alt=\"\" class=\"wp-image-40207\" width=\"314\" height=\"211\" srcset=\"https:\/\/jornalfatosenoticias.com.br\/wp-content\/uploads\/2023\/03\/nova-logo-Marquetti.jpg 643w, https:\/\/jornalfatosenoticias.com.br\/wp-content\/uploads\/2023\/03\/nova-logo-Marquetti-300x202.jpg 300w\" sizes=\"auto, (max-width: 314px) 100vw, 314px\" \/><\/a><\/figure><\/div>\n\n\n\n<p>Ap\u00f3s o ataque, autoridades israelenses prometeram uma retalia\u00e7\u00e3o ao Hezbollah. Na ter\u00e7a, as FDI anunciaram o ataque a um membro do Hezbollah que estava em um pr\u00e9dio em Beirute, a capital do L\u00edbano. Horas depois, os militares israelenses confirmaram que Fuad Shukr foi eliminado. \u201cEliminado: Fuad Shukr \u2018Sayyid Muhsan\u2019, o comandante militar mais graduado do Hezbollah e bra\u00e7o direito de Hassan Nasrallah\u201d, disseram as FDI no X. \u201cShukr dirigiu os ataques do Hezbollah ao Estado de Israel desde 8 de Outubro e foi o comandante respons\u00e1vel pelo assassinato das 12 crian\u00e7as em Majdal Shams, no norte de Israel, no s\u00e1bado \u00e0 noite, bem como pelo assassinato de numerosos israelenses e cidad\u00e3os estrangeiros durante anos\u201d, acrescentaram.<\/p>\n\n\n\n<figure class=\"wp-block-embed-twitter wp-block-embed is-type-rich is-provider-twitter\"><div class=\"wp-block-embed__wrapper\">\n<blockquote class=\"twitter-tweet\" data-width=\"550\" data-dnt=\"true\"><p lang=\"pt\" dir=\"ltr\">\u201cN\u00e3o permitiremos a presen\u00e7a do Hezbollah perto da fronteira. N\u00e3o estamos indo para a guerra, mas estamos bem preparados para ela.\u201d<br><br>No v\u00eddeo, Daniel Hagari, das FDI, fala da elimina\u00e7\u00e3o de Fuad Shukr, comandante militar mais graduado do grupo terrorista.<a href=\"https:\/\/t.co\/QXOku0esNW\">https:\/\/t.co\/QXOku0esNW<\/a>. <a href=\"https:\/\/t.co\/knGLnmxiSf\">pic.twitter.com\/knGLnmxiSf<\/a><\/p>&mdash; Felipe Moura Brasil (@FMouraBrasil) <a href=\"https:\/\/twitter.com\/FMouraBrasil\/status\/1818460539074318675?ref_src=twsrc%5Etfw\">July 31, 2024<\/a><\/blockquote><script async src=\"https:\/\/platform.twitter.com\/widgets.js\" charset=\"utf-8\"><\/script>\n<\/div><\/figure>\n\n\n\n<p>A morte de Ismail Haniyeh, l\u00edder pol\u00edtico do Hamas, no gerou rea\u00e7\u00f5es variadas ao redor do mundo e amea\u00e7as. O presidente da Autoridade Palestina, Mahmoud Abbas, condenou o assassinato, chamando-o de \u201cato covarde e um desenvolvimento perigoso\u201d que n\u00e3o ficar\u00e1 sem resposta. O grupo Hamas responsabilizou Israel pelo ataque e afirmou que a morte de Haniyeh n\u00e3o enfraquecer\u00e1 sua resist\u00eancia.<\/p>\n\n\n\n<div class=\"wp-block-image\"><figure class=\"aligncenter size-large is-resized\"><a href=\"https:\/\/panper.com.br\/\"><img loading=\"lazy\" decoding=\"async\" src=\"https:\/\/jornalfatosenoticias.com.br\/wp-content\/uploads\/2023\/03\/logo-Panper_portal.jpg\" alt=\"\" class=\"wp-image-40208\" width=\"331\" height=\"229\" srcset=\"https:\/\/jornalfatosenoticias.com.br\/wp-content\/uploads\/2023\/03\/logo-Panper_portal.jpg 400w, https:\/\/jornalfatosenoticias.com.br\/wp-content\/uploads\/2023\/03\/logo-Panper_portal-300x208.jpg 300w\" sizes=\"auto, (max-width: 331px) 100vw, 331px\" \/><\/a><\/figure><\/div>\n\n\n\n<p>O Conselho de Seguran\u00e7a Nacional do Ir\u00e3 declarou que a a\u00e7\u00e3o \u201ccruzou linhas vermelhas\u201d e que Israel pagar\u00e1 um pre\u00e7o alto. O presidente iraniano, Masoud Pezeshkian, prometeu vingan\u00e7a e refor\u00e7ou o compromisso do Ir\u00e3 com a resist\u00eancia palestina. O aiatol\u00e1 Ali Khamenei prometeu \u201cpuni\u00e7\u00e3o severa\u201d aos respons\u00e1veis e afirmou que \u00e9 dever do Ir\u00e3 vingar o sangue de Haniyeh. <strong>(Fonte: O Antagonista)<\/strong><\/p>\n\n\n\n<div class=\"wp-block-image\"><figure class=\"aligncenter size-large is-resized\"><a href=\"https:\/\/www.facebook.com\/vetor.vix\/\"><img loading=\"lazy\" decoding=\"async\" src=\"https:\/\/jornalfatosenoticias.com.br\/wp-content\/uploads\/2023\/09\/vetorvix1024_1.jpg\" alt=\"\" class=\"wp-image-44868\" width=\"535\" height=\"142\" srcset=\"https:\/\/jornalfatosenoticias.com.br\/wp-content\/uploads\/2023\/09\/vetorvix1024_1.jpg 1024w, https:\/\/jornalfatosenoticias.com.br\/wp-content\/uploads\/2023\/09\/vetorvix1024_1-300x80.jpg 300w, https:\/\/jornalfatosenoticias.com.br\/wp-content\/uploads\/2023\/09\/vetorvix1024_1-768x205.jpg 768w\" sizes=\"auto, (max-width: 535px) 100vw, 535px\" \/><\/a><\/figure><\/div>\n\n\n\n<hr class=\"wp-block-separator\"\/>\n\n\n\n<h3 class=\"wp-block-heading\"><span class=\"has-inline-color has-black-color\">Quanto Janja gastou no seu rol\u00ea em Paris?<\/span><\/h3>\n\n\n\n<div class=\"wp-block-image\"><figure class=\"aligncenter size-large\"><img loading=\"lazy\" decoding=\"async\" width=\"710\" height=\"444\" src=\"https:\/\/jornalfatosenoticias.com.br\/wp-content\/uploads\/2024\/08\/esbanja.jpg\" alt=\"\" class=\"wp-image-53221\" srcset=\"https:\/\/jornalfatosenoticias.com.br\/wp-content\/uploads\/2024\/08\/esbanja.jpg 710w, https:\/\/jornalfatosenoticias.com.br\/wp-content\/uploads\/2024\/08\/esbanja-300x188.jpg 300w, https:\/\/jornalfatosenoticias.com.br\/wp-content\/uploads\/2024\/08\/esbanja-350x220.jpg 350w\" sizes=\"auto, (max-width: 710px) 100vw, 710px\" \/><figcaption><em><span class=\"has-inline-color has-black-color\">(Foto: Cl\u00e1udio Kbene\/Secom)<\/span><\/em><\/figcaption><\/figure><\/div>\n\n\n\n<p>Em um requerimento de informa\u00e7\u00e3o enviado ao ministro-chefe da Casa Civil, Rui Costa, os deputados federais Adriana Ventura (Novo-SP), Gilson Marques (Novo-SC) e Marcel van Hattem (Novo-RS) solicitaram esclarecimentos detalhados sobre a comitiva que acompanhou a primeira-dama Ros\u00e2ngela Lula da Silva na viagem \u00e0 cerim\u00f4nia de abertura dos Jogos Ol\u00edmpicos de Paris 2024.<\/p>\n\n\n\n<div class=\"wp-block-image\"><figure class=\"aligncenter size-large\"><a href=\"https:\/\/www.facebook.com\/Esteio-Churrascaria-Barbecue-103643461220402\/\"><img decoding=\"async\" src=\"https:\/\/jornalfatosenoticias.com.br\/wp-content\/uploads\/2020\/02\/logo_esteio.jpg\" alt=\"\" class=\"wp-image-1214\"\/><\/a><\/figure><\/div>\n\n\n\n<p>A viagem da primeira-dama e sua comitiva gerou questionamentos quanto \u00e0 necessidade e aos custos envolvidos, levando os deputados a demandarem respostas espec\u00edficas para melhor compreens\u00e3o dos fatos e promo\u00e7\u00e3o da transpar\u00eancia. \u201cPrecisamos assegurar que cada centavo dos recursos p\u00fablicos seja utilizado com responsabilidade e transpar\u00eancia, especialmente no momento em que o Governo tem realizado cortes de recursos na sa\u00fade e na educa\u00e7\u00e3o\u201d, afirmou deputada Adriana Ventura sobre o documento enviado ao ministro-chefe da Casa Civil.<\/p>\n\n\n\n<div class=\"wp-block-image\"><figure class=\"aligncenter size-large\"><a href=\"https:\/\/www.instagram.com\/baraodascarnes.es\/\"><img decoding=\"async\" src=\"https:\/\/jornalfatosenoticias.com.br\/wp-content\/uploads\/2020\/02\/barao-das-carnes-300x164-1.jpg\" alt=\"\" class=\"wp-image-34339\"\/><\/a><\/figure><\/div>\n\n\n\n<p>\u201cN\u00e3o \u00e9 aceit\u00e1vel que a primeira-dama fique viajando \u00e0s custas do dinheiro p\u00fablico sem justificativas claras e adequadas. Por isso, demandamos respostas detalhadas sobre a composi\u00e7\u00e3o e os custos da comitiva, bem como a justificativa para a presen\u00e7a de cada assessor\u201d, complementou a parlamentar.<br>Os deputados justificaram o pedido enfatizando a import\u00e2ncia do controle sobre os gastos p\u00fablicos. <\/p>\n\n\n\n<div class=\"wp-block-image\"><figure class=\"aligncenter size-large is-resized\"><img loading=\"lazy\" decoding=\"async\" src=\"https:\/\/jornalfatosenoticias.com.br\/wp-content\/uploads\/2022\/02\/Precisao-Contabilidade-1024x724.jpg\" alt=\"\" class=\"wp-image-28088\" width=\"323\" height=\"228\"\/><\/figure><\/div>\n\n\n\n<blockquote class=\"wp-block-quote is-layout-flow wp-block-quote-is-layout-flow\"><p><span class=\"has-inline-color has-luminous-vivid-orange-color\">A transpar\u00eancia e o controle sobre os gastos p\u00fablicos s\u00e3o fundamentais para garantir a confian\u00e7a da sociedade nas institui\u00e7\u00f5es governamentais e assegurar a correta aplica\u00e7\u00e3o dos recursos p\u00fablicos\u201d, destacaram os parlamentares no documento.<\/span><\/p><\/blockquote>\n\n\n\n<div class=\"wp-block-image\"><figure class=\"aligncenter size-large is-resized\"><a href=\"https:\/\/www.ithbrasil.com.br\/\"><img loading=\"lazy\" decoding=\"async\" src=\"https:\/\/jornalfatosenoticias.com.br\/wp-content\/uploads\/2023\/08\/ITH.jpeg\" alt=\"\" class=\"wp-image-44638\" width=\"310\" height=\"252\" srcset=\"https:\/\/jornalfatosenoticias.com.br\/wp-content\/uploads\/2023\/08\/ITH.jpeg 800w, https:\/\/jornalfatosenoticias.com.br\/wp-content\/uploads\/2023\/08\/ITH-300x244.jpeg 300w, https:\/\/jornalfatosenoticias.com.br\/wp-content\/uploads\/2023\/08\/ITH-768x624.jpeg 768w\" sizes=\"auto, (max-width: 310px) 100vw, 310px\" \/><\/a><\/figure><\/div>\n\n\n\n<p>O requerimento inclui uma s\u00e9rie de perguntas, como a composi\u00e7\u00e3o completa da comitiva, o custo total da viagem, os crit\u00e9rios para a escolha dos assessores, as atividades desempenhadas por cada membro e os eventos oficiais e encontros realizados pela primeira-dama. <strong>(Fonte: O Antagonista)<\/strong><\/p>\n\n\n\n<div class=\"wp-block-image\"><figure class=\"aligncenter size-large\"><a href=\"https:\/\/www.controlsystems.com.br\/\"><img loading=\"lazy\" decoding=\"async\" width=\"1024\" height=\"109\" src=\"https:\/\/jornalfatosenoticias.com.br\/wp-content\/uploads\/2020\/02\/CONTROL-CS2-1024x109.jpg\" alt=\"\" class=\"wp-image-44989\" srcset=\"https:\/\/jornalfatosenoticias.com.br\/wp-content\/uploads\/2020\/02\/CONTROL-CS2-1024x109.jpg 1024w, https:\/\/jornalfatosenoticias.com.br\/wp-content\/uploads\/2020\/02\/CONTROL-CS2-300x32.jpg 300w, https:\/\/jornalfatosenoticias.com.br\/wp-content\/uploads\/2020\/02\/CONTROL-CS2-768x82.jpg 768w, https:\/\/jornalfatosenoticias.com.br\/wp-content\/uploads\/2020\/02\/CONTROL-CS2.jpg 1120w\" sizes=\"auto, (max-width: 1024px) 100vw, 1024px\" \/><\/a><\/figure><\/div>\n\n\n\n<hr class=\"wp-block-separator\"\/>\n\n\n\n<h3 class=\"wp-block-heading\"><span class=\"has-inline-color has-black-color\">Lula critica assassinato de chefe do Hamas<\/span><\/h3>\n\n\n\n<div class=\"wp-block-image\"><figure class=\"aligncenter size-large\"><img loading=\"lazy\" decoding=\"async\" width=\"1000\" height=\"562\" src=\"https:\/\/jornalfatosenoticias.com.br\/wp-content\/uploads\/2024\/08\/chefe-do-Hamas.jpeg\" alt=\"\" class=\"wp-image-53220\" srcset=\"https:\/\/jornalfatosenoticias.com.br\/wp-content\/uploads\/2024\/08\/chefe-do-Hamas.jpeg 1000w, https:\/\/jornalfatosenoticias.com.br\/wp-content\/uploads\/2024\/08\/chefe-do-Hamas-300x169.jpeg 300w, https:\/\/jornalfatosenoticias.com.br\/wp-content\/uploads\/2024\/08\/chefe-do-Hamas-768x432.jpeg 768w\" sizes=\"auto, (max-width: 1000px) 100vw, 1000px\" \/><figcaption><em><span class=\"has-inline-color has-black-color\">(Foto: Arquivo\/AP Photo)<\/span><\/em><\/figcaption><\/figure><\/div>\n\n\n\n<p>Ismail Haniyeh, chefe do Escrit\u00f3rio Pol\u00edtico do Hamas, foi morto em Teer\u00e3. A informa\u00e7\u00e3o foi confirmada tanto pelo Hamas quanto pela Guarda Revolucion\u00e1ria do Ir\u00e3. O incidente gerou rea\u00e7\u00f5es do governo brasileiro, que condenou a viola\u00e7\u00e3o da soberania do Ir\u00e3 e pediu m\u00e1xima conten\u00e7\u00e3o de todas as partes envolvidas no conflito.<\/p>\n\n\n\n<div class=\"wp-block-image\"><figure class=\"aligncenter size-large\"><a href=\"http:\/\/www.ferrarimaquinas.com.br\/\"><img loading=\"lazy\" decoding=\"async\" width=\"300\" height=\"250\" src=\"https:\/\/jornalfatosenoticias.com.br\/wp-content\/uploads\/2022\/02\/FERRARI_MAQUINAS-E-FERRAMENTAS2.jpg\" alt=\"\" class=\"wp-image-27860\"\/><\/a><\/figure><\/div>\n\n\n\n<p>Haniyeh, uma figura proeminente no Hamas, estava em Teer\u00e3 quando foi assassinado, o que desencadeou uma s\u00e9rie de rea\u00e7\u00f5es internacionais. O governo brasileiro, por meio do Itamaraty, emitiu uma nota de rep\u00fadio ao ato, destacando que a\u00e7\u00f5es desse tipo n\u00e3o contribuem para a estabilidade e paz duradouras no Oriente M\u00e9dio.<\/p>\n\n\n\n<div class=\"wp-block-image\"><figure class=\"aligncenter size-large is-resized\"><a href=\"https:\/\/www.instagram.com\/rapuzeljastro\/\"><img loading=\"lazy\" decoding=\"async\" src=\"https:\/\/jornalfatosenoticias.com.br\/wp-content\/uploads\/2020\/02\/logo-Rapuzel-1024x571.jpg\" alt=\"\" class=\"wp-image-42808\" width=\"350\" height=\"195\" srcset=\"https:\/\/jornalfatosenoticias.com.br\/wp-content\/uploads\/2020\/02\/logo-Rapuzel-1024x571.jpg 1024w, https:\/\/jornalfatosenoticias.com.br\/wp-content\/uploads\/2020\/02\/logo-Rapuzel-300x167.jpg 300w, https:\/\/jornalfatosenoticias.com.br\/wp-content\/uploads\/2020\/02\/logo-Rapuzel-768x428.jpg 768w, https:\/\/jornalfatosenoticias.com.br\/wp-content\/uploads\/2020\/02\/logo-Rapuzel-1536x856.jpg 1536w, https:\/\/jornalfatosenoticias.com.br\/wp-content\/uploads\/2020\/02\/logo-Rapuzel.jpg 1600w\" sizes=\"auto, (max-width: 350px) 100vw, 350px\" \/><\/a><\/figure><\/div>\n\n\n\n<p>Ismail Haniyeh, conhecido por seu papel de lideran\u00e7a dentro do Hamas, foi morto em um ataque em Teer\u00e3, gerando uma onda de condena\u00e7\u00f5es e preocupa\u00e7\u00e3o sobre o impacto desse evento nas negocia\u00e7\u00f5es de paz em andamento na regi\u00e3o. A situa\u00e7\u00e3o torna-se ainda mais delicada, considerando o papel central de Haniyeh nas conversa\u00e7\u00f5es para um cessar-fogo e a liberta\u00e7\u00e3o de ref\u00e9ns.<\/p>\n\n\n\n<div class=\"wp-block-image\"><figure class=\"aligncenter size-large is-resized\"><a href=\"https:\/\/www.facebook.com\/postobkr\/?locale=pt_BR\"><img loading=\"lazy\" decoding=\"async\" src=\"https:\/\/jornalfatosenoticias.com.br\/wp-content\/uploads\/2023\/08\/BKR-1024x1021.jpg\" alt=\"\" class=\"wp-image-44494\" width=\"313\" height=\"312\" srcset=\"https:\/\/jornalfatosenoticias.com.br\/wp-content\/uploads\/2023\/08\/BKR-1024x1021.jpg 1024w, https:\/\/jornalfatosenoticias.com.br\/wp-content\/uploads\/2023\/08\/BKR-300x300.jpg 300w, https:\/\/jornalfatosenoticias.com.br\/wp-content\/uploads\/2023\/08\/BKR-150x150.jpg 150w, https:\/\/jornalfatosenoticias.com.br\/wp-content\/uploads\/2023\/08\/BKR-768x766.jpg 768w, https:\/\/jornalfatosenoticias.com.br\/wp-content\/uploads\/2023\/08\/BKR.jpg 1080w\" sizes=\"auto, (max-width: 313px) 100vw, 313px\" \/><\/a><\/figure><\/div>\n\n\n\n<p>O Itamaraty emitiu uma forte declara\u00e7\u00e3o condenando o assassinato de Haniyeh, considerando-o uma clara viola\u00e7\u00e3o dos princ\u00edpios da Carta das Na\u00e7\u00f5es Unidas. O governo brasileiro destacou que atos de viol\u00eancia como este n\u00e3o ajudam a buscar uma solu\u00e7\u00e3o pac\u00edfica e est\u00e1vel para a regi\u00e3o.<\/p>\n\n\n\n<div class=\"wp-block-image\"><figure class=\"aligncenter size-large is-resized\"><a href=\"https:\/\/www.instagram.com\/restaurantepegoretti\/\"><img loading=\"lazy\" decoding=\"async\" src=\"https:\/\/jornalfatosenoticias.com.br\/wp-content\/uploads\/2023\/12\/pegoretti-logo-pdf-1024x389.jpg\" alt=\"\" class=\"wp-image-47536\" width=\"421\" height=\"160\" srcset=\"https:\/\/jornalfatosenoticias.com.br\/wp-content\/uploads\/2023\/12\/pegoretti-logo-pdf-1024x389.jpg 1024w, https:\/\/jornalfatosenoticias.com.br\/wp-content\/uploads\/2023\/12\/pegoretti-logo-pdf-300x114.jpg 300w, https:\/\/jornalfatosenoticias.com.br\/wp-content\/uploads\/2023\/12\/pegoretti-logo-pdf-768x291.jpg 768w, https:\/\/jornalfatosenoticias.com.br\/wp-content\/uploads\/2023\/12\/pegoretti-logo-pdf.jpg 1120w\" sizes=\"auto, (max-width: 421px) 100vw, 421px\" \/><\/a><\/figure><\/div>\n\n\n\n<p>Na nota, o Itamaraty apelou para que todos os envolvidos no conflito exer\u00e7am \u201cm\u00e1xima conten\u00e7\u00e3o\u201d, evitando uma escalada de viol\u00eancia, e enfatizou a import\u00e2ncia de uma abordagem diplom\u00e1tica para resolver o conflito em Gaza.<br>O governo brasileiro n\u00e3o parou por a\u00ed. Em sua nota, o Itamaraty pediu \u00e0 comunidade internacional que fa\u00e7a todos os esfor\u00e7os poss\u00edveis para promover o di\u00e1logo e conter o aumento das hostilidades. A declara\u00e7\u00e3o sublinhou a necessidade urgente de um cessar-fogo imediato na Faixa de Gaza, em linha com a Resolu\u00e7\u00e3o 2735 do Conselho de Seguran\u00e7a das Na\u00e7\u00f5es Unidas. <strong>(Fonte: Terra Brasil Not\u00edcias)<\/strong><\/p>\n\n\n\n<div class=\"wp-block-image\"><figure class=\"aligncenter size-large\"><a href=\"https:\/\/mizu.com.br\/\"><img loading=\"lazy\" decoding=\"async\" width=\"729\" height=\"90\" src=\"https:\/\/jornalfatosenoticias.com.br\/wp-content\/uploads\/2020\/02\/Logo_Mizu.png\" alt=\"\" class=\"wp-image-1441\" srcset=\"https:\/\/jornalfatosenoticias.com.br\/wp-content\/uploads\/2020\/02\/Logo_Mizu.png 729w, https:\/\/jornalfatosenoticias.com.br\/wp-content\/uploads\/2020\/02\/Logo_Mizu-300x37.png 300w\" sizes=\"auto, (max-width: 729px) 100vw, 729px\" \/><\/a><\/figure><\/div>\n\n\n\n<hr class=\"wp-block-separator\"\/>\n\n\n\n<h3 class=\"wp-block-heading\"><span class=\"has-inline-color has-black-color\">Governo americano diz que \u201ca paci\u00eancia est\u00e1 se esgotando\u201d, sobre elei\u00e7\u00f5es na Venezuela<\/span><\/h3>\n\n\n\n<div class=\"wp-block-image\"><figure class=\"aligncenter size-large\"><img loading=\"lazy\" decoding=\"async\" width=\"700\" height=\"467\" src=\"https:\/\/jornalfatosenoticias.com.br\/wp-content\/uploads\/2024\/08\/governo-norte-americano_Venezuela_gettyimages.jpeg\" alt=\"\" class=\"wp-image-53219\" srcset=\"https:\/\/jornalfatosenoticias.com.br\/wp-content\/uploads\/2024\/08\/governo-norte-americano_Venezuela_gettyimages.jpeg 700w, https:\/\/jornalfatosenoticias.com.br\/wp-content\/uploads\/2024\/08\/governo-norte-americano_Venezuela_gettyimages-300x200.jpeg 300w\" sizes=\"auto, (max-width: 700px) 100vw, 700px\" \/><figcaption><em><span class=\"has-inline-color has-black-color\">(Foto: Getty Images)<\/span><\/em><\/figcaption><\/figure><\/div>\n\n\n\n<p>O governo dos Estados Unidos declarou, nesta quarta-feira (31), que a \u201cpaci\u00eancia est\u00e1 se esgotando\u201d devido \u00e0 falta de dados concretos sobre o resultado das elei\u00e7\u00f5es na Venezuela no \u00faltimo fim de semana. A declara\u00e7\u00e3o foi feita pelo porta-voz da Casa Branca, John Kirby. Kirby destacou que tanto a paci\u00eancia dos EUA quanto da comunidade internacional est\u00e1 chegando ao limite, principalmente pela aus\u00eancia de transpar\u00eancia por parte das autoridades eleitorais venezuelanas.<\/p>\n\n\n\n<figure class=\"wp-block-embed-twitter wp-block-embed is-type-rich is-provider-twitter\"><div class=\"wp-block-embed__wrapper\">\n<blockquote class=\"twitter-tweet\" data-width=\"550\" data-dnt=\"true\"><p lang=\"pt\" dir=\"ltr\">\u201cNossa paci\u00eancia est\u00e1 se esgotando\u201d, diz porta-voz dos EUA sobre a aus\u00eancia de dados sobre as elei\u00e7\u00f5es na Venezuela.<br><br>\u201cNossa paci\u00eancia e a da da comunidade internacional est\u00e1 se esgotando \u00e0 espera das autoridades eleitorais venezuelanas serem transparentes e divulgarem os dados\u2026 <a href=\"https:\/\/t.co\/rjeCS6Cirg\">pic.twitter.com\/rjeCS6Cirg<\/a><\/p>&mdash; Metr\u00f3poles (@Metropoles) <a href=\"https:\/\/twitter.com\/Metropoles\/status\/1818713981936132506?ref_src=twsrc%5Etfw\">July 31, 2024<\/a><\/blockquote><script async src=\"https:\/\/platform.twitter.com\/widgets.js\" charset=\"utf-8\"><\/script>\n<\/div><\/figure>\n\n\n\n<div class=\"wp-block-image\"><figure class=\"aligncenter size-large is-resized\"><a href=\"https:\/\/www.facebook.com\/vetor.vix\/\"><img loading=\"lazy\" decoding=\"async\" src=\"https:\/\/jornalfatosenoticias.com.br\/wp-content\/uploads\/2023\/09\/vetorvix1024_1.jpg\" alt=\"\" class=\"wp-image-44868\" width=\"528\" height=\"140\" srcset=\"https:\/\/jornalfatosenoticias.com.br\/wp-content\/uploads\/2023\/09\/vetorvix1024_1.jpg 1024w, https:\/\/jornalfatosenoticias.com.br\/wp-content\/uploads\/2023\/09\/vetorvix1024_1-300x80.jpg 300w, https:\/\/jornalfatosenoticias.com.br\/wp-content\/uploads\/2023\/09\/vetorvix1024_1-768x205.jpg 768w\" sizes=\"auto, (max-width: 528px) 100vw, 528px\" \/><\/a><\/figure><\/div>\n\n\n\n<p>O aumento da press\u00e3o de Washington surge em meio a um cen\u00e1rio de incertezas a n\u00edvel global sobre a reelei\u00e7\u00e3o de Nicol\u00e1s Maduro. Segundo o Conselho Nacional Eleitoral (CNE), Maduro teria obtido mais de 51% dos votos v\u00e1lidos. Entretanto, muitos pa\u00edses n\u00e3o reconheceram a reelei\u00e7\u00e3o e est\u00e3o exigindo a divulga\u00e7\u00e3o das atas eleitorais.<\/p>\n\n\n\n<div class=\"wp-block-image\"><figure class=\"aligncenter size-large is-resized\"><a href=\"https:\/\/www.ithbrasil.com.br\/\"><img loading=\"lazy\" decoding=\"async\" src=\"https:\/\/jornalfatosenoticias.com.br\/wp-content\/uploads\/2023\/08\/ITH.jpeg\" alt=\"\" class=\"wp-image-44638\" width=\"300\" height=\"244\" srcset=\"https:\/\/jornalfatosenoticias.com.br\/wp-content\/uploads\/2023\/08\/ITH.jpeg 800w, https:\/\/jornalfatosenoticias.com.br\/wp-content\/uploads\/2023\/08\/ITH-300x244.jpeg 300w, https:\/\/jornalfatosenoticias.com.br\/wp-content\/uploads\/2023\/08\/ITH-768x624.jpeg 768w\" sizes=\"auto, (max-width: 300px) 100vw, 300px\" \/><\/a><\/figure><\/div>\n\n\n\n<p>Logo ap\u00f3s o an\u00fancio da vit\u00f3ria do herdeiro pol\u00edtico de Hugo Ch\u00e1vez, a comunidade internacional come\u00e7ou a pressionar insistentemente o governo de Maduro para que publicasse os dados detalhados das elei\u00e7\u00f5es. Esta falta de transpar\u00eancia tem sido criticada por v\u00e1rias na\u00e7\u00f5es e organiza\u00e7\u00f5es internacionais.<br>Nesta mesma quarta-feira (31), Nicol\u00e1s Maduro afirmou que est\u00e1 pronto para apresentar as atas eleitorais que est\u00e3o nas m\u00e3os de seu partido. No entanto, o presidente n\u00e3o especificou quando isso realmente acontecer\u00e1, o que s\u00f3 aumentou o clima de incerteza.<\/p>\n\n\n\n<div class=\"wp-block-image\"><figure class=\"aligncenter size-large is-resized\"><a href=\"https:\/\/panper.com.br\/\"><img loading=\"lazy\" decoding=\"async\" src=\"https:\/\/jornalfatosenoticias.com.br\/wp-content\/uploads\/2023\/03\/logo-Panper_portal.jpg\" alt=\"\" class=\"wp-image-40208\" width=\"331\" height=\"229\" srcset=\"https:\/\/jornalfatosenoticias.com.br\/wp-content\/uploads\/2023\/03\/logo-Panper_portal.jpg 400w, https:\/\/jornalfatosenoticias.com.br\/wp-content\/uploads\/2023\/03\/logo-Panper_portal-300x208.jpg 300w\" sizes=\"auto, (max-width: 331px) 100vw, 331px\" \/><\/a><\/figure><\/div>\n\n\n\n<p>Por outro lado, a oposi\u00e7\u00e3o, liderada por Mar\u00eda Corina Machado, apresentou resultados preliminares que apontam Edmundo Gonz\u00e1lez como vencedor do pleito com ao menos 67% dos votos. Esta disparidade nos n\u00fameros s\u00f3 contribui ainda mais para a desconfian\u00e7a e tens\u00e3o pol\u00edtica.<br>A comunidade internacional n\u00e3o reconhece a reelei\u00e7\u00e3o de Maduro por diversas raz\u00f5es:<\/p>\n\n\n\n<div class=\"wp-block-image\"><figure class=\"aligncenter size-large\"><a href=\"https:\/\/www.instagram.com\/baraodascarnes.es\/\"><img decoding=\"async\" src=\"https:\/\/jornalfatosenoticias.com.br\/wp-content\/uploads\/2020\/02\/barao-das-carnes-300x164-1.jpg\" alt=\"\" class=\"wp-image-34339\"\/><\/a><\/figure><\/div>\n\n\n\n<p><strong>\u2022 Falta de Transpar\u00eancia:<\/strong> a n\u00e3o divulga\u00e7\u00e3o das atas eleitorais levanta muitas suspeitas.<br><strong>\u2022 Irregularidades:<\/strong> existem alega\u00e7\u00f5es de irregularidades e fraudes durante o processo eleitoral.<br><strong>\u2022 Press\u00e3o Pol\u00edtica:<\/strong> a neutralidade das institui\u00e7\u00f5es eleitorais \u00e9 questionada.<br>Esses fatores combinados fizeram com que muitos pa\u00edses optassem por n\u00e3o validar os resultados anunciados pelo governo venezuelano. A crise eleitoral na Venezuela coloca o pa\u00eds em uma encruzilhada pol\u00edtica. A comunidade internacional pressiona por a\u00e7\u00f5es mais concretas e transparentes. <\/p>\n\n\n\n<div class=\"wp-block-image\"><figure class=\"aligncenter size-large\"><a href=\"https:\/\/cesconetto.com.br\/\"><img loading=\"lazy\" decoding=\"async\" width=\"300\" height=\"250\" src=\"https:\/\/jornalfatosenoticias.com.br\/wp-content\/uploads\/2022\/02\/Banner-2.png\" alt=\"\" class=\"wp-image-27877\"\/><\/a><\/figure><\/div>\n\n\n\n<p><strong><span class=\"has-inline-color has-black-color\">Veja alguns dos poss\u00edveis desdobramentos:<br><\/span>\u2022 Press\u00e3o Internacional:<\/strong> Aumentar a press\u00e3o para que sejam divulgados todos os dados eleitorais.<br><strong>\u2022 San\u00e7\u00f5es: <\/strong>Imposi\u00e7\u00e3o de san\u00e7\u00f5es econ\u00f4micas e pol\u00edticas ao governo de Maduro.<br><strong>\u2022 Media\u00e7\u00e3o:<\/strong> Poss\u00edveis negocia\u00e7\u00f5es intermediadas por organiza\u00e7\u00f5es internacionais.<\/p>\n\n\n\n<div class=\"wp-block-image\"><figure class=\"aligncenter size-large is-resized\"><a href=\"https:\/\/hotelmarquetti.com.br\/\"><img loading=\"lazy\" decoding=\"async\" src=\"https:\/\/jornalfatosenoticias.com.br\/wp-content\/uploads\/2020\/02\/nova-logo-Marquetti.jpg\" alt=\"\" class=\"wp-image-22331\" width=\"319\" height=\"214\" srcset=\"https:\/\/jornalfatosenoticias.com.br\/wp-content\/uploads\/2020\/02\/nova-logo-Marquetti.jpg 643w, https:\/\/jornalfatosenoticias.com.br\/wp-content\/uploads\/2020\/02\/nova-logo-Marquetti-300x202.jpg 300w\" sizes=\"auto, (max-width: 319px) 100vw, 319px\" \/><\/a><\/figure><\/div>\n\n\n\n<p>Enquanto isso, a popula\u00e7\u00e3o venezuelana continua vivendo um per\u00edodo de incertezas e instabilidade econ\u00f4mica e social. Todos os olhares est\u00e3o voltados para o governo de Maduro, esperando que cumpra suas promessas de transpar\u00eancia. Este cen\u00e1rio pol\u00edtico \u00e9 crucial n\u00e3o apenas para a Venezuela, mas tamb\u00e9m para a estabilidade na regi\u00e3o. A resposta das autoridades venezuelanas nas pr\u00f3ximas semanas ser\u00e1 determinante para o futuro do pa\u00eds. <strong>(Fonte: Terra Brasil Not\u00edcias)<\/strong><\/p>\n\n\n\n<div class=\"wp-block-image\"><figure class=\"aligncenter size-large\"><a href=\"https:\/\/www.facebook.com\/Esteio-Churrascaria-Barbecue-103643461220402\/\"><img decoding=\"async\" src=\"https:\/\/jornalfatosenoticias.com.br\/wp-content\/uploads\/2020\/02\/logo_esteio.jpg\" alt=\"\" class=\"wp-image-1214\"\/><\/a><\/figure><\/div>\n\n\n\n<hr class=\"wp-block-separator\"\/>\n\n\n\n<h3 class=\"wp-block-heading\"><span class=\"has-inline-color has-black-color\">Imagens mostram Alckmin com l\u00edder do Hamas momentos antes de Ismail Haniyeh ser morto<\/span><\/h3>\n\n\n\n<div class=\"wp-block-image\"><figure class=\"aligncenter size-large\"><img loading=\"lazy\" decoding=\"async\" width=\"700\" height=\"467\" src=\"https:\/\/jornalfatosenoticias.com.br\/wp-content\/uploads\/2024\/08\/Alckmin-com-lider-do-Hamas.jpg\" alt=\"\" class=\"wp-image-53216\" srcset=\"https:\/\/jornalfatosenoticias.com.br\/wp-content\/uploads\/2024\/08\/Alckmin-com-lider-do-Hamas.jpg 700w, https:\/\/jornalfatosenoticias.com.br\/wp-content\/uploads\/2024\/08\/Alckmin-com-lider-do-Hamas-300x200.jpg 300w\" sizes=\"auto, (max-width: 700px) 100vw, 700px\" \/><figcaption><em><span class=\"has-inline-color has-black-color\">(Foto: Reprodu\u00e7\u00e3o\/YouTube\/Reuters)<\/span><\/em><\/figcaption><\/figure><\/div>\n\n\n\n<p>O vice-presidente brasileiro, Geraldo Alckmin, apareceu recentemente ao lado do l\u00edder pol\u00edtico do Hamas, Ismail Haniyeh. A presen\u00e7a de Alckmin no evento ocorreu pouco antes de Haniyeh ser morto. O encontro aconteceu nessa ter\u00e7a-feira (30) durante a posse do presidente iraniano, Masoud Pezeshkian.<\/p>\n\n\n\n<div class=\"wp-block-image\"><figure class=\"aligncenter size-large is-resized\"><a href=\"https:\/\/www.instagram.com\/rapuzeljastro\/\"><img loading=\"lazy\" decoding=\"async\" src=\"https:\/\/jornalfatosenoticias.com.br\/wp-content\/uploads\/2020\/02\/logo-Rapuzel-1024x571.jpg\" alt=\"\" class=\"wp-image-42808\" width=\"347\" height=\"193\" srcset=\"https:\/\/jornalfatosenoticias.com.br\/wp-content\/uploads\/2020\/02\/logo-Rapuzel-1024x571.jpg 1024w, https:\/\/jornalfatosenoticias.com.br\/wp-content\/uploads\/2020\/02\/logo-Rapuzel-300x167.jpg 300w, https:\/\/jornalfatosenoticias.com.br\/wp-content\/uploads\/2020\/02\/logo-Rapuzel-768x428.jpg 768w, https:\/\/jornalfatosenoticias.com.br\/wp-content\/uploads\/2020\/02\/logo-Rapuzel-1536x856.jpg 1536w, https:\/\/jornalfatosenoticias.com.br\/wp-content\/uploads\/2020\/02\/logo-Rapuzel.jpg 1600w\" sizes=\"auto, (max-width: 347px) 100vw, 347px\" \/><\/a><\/figure><\/div>\n\n\n\n<p>Embora n\u00e3o haja registros oficiais de que Alckmin tenha mantido di\u00e1logo com Haniyeh, o evento contou com a presen\u00e7a de outros l\u00edderes de grupos terroristas, como Jihad Isl\u00e2mica, Hezbollah e Houthis. Alckmin estava representando o governo brasileiro e tamb\u00e9m foi convidado para o jantar oficial oferecido pelo presidente do Ir\u00e3.<\/p>\n\n\n\n<div class=\"wp-block-image\"><figure class=\"aligncenter size-large is-resized\"><img loading=\"lazy\" decoding=\"async\" src=\"https:\/\/jornalfatosenoticias.com.br\/wp-content\/uploads\/2022\/02\/Precisao-Contabilidade-1024x724.jpg\" alt=\"\" class=\"wp-image-28088\" width=\"307\" height=\"217\"\/><\/figure><\/div>\n\n\n\n<p>O evento foi marcado pela cerim\u00f4nia de posse do novo presidente iraniano, Masoud Pezeshkian. Alckmin, como vice-presidente do Brasil, n\u00e3o apenas representou seu pa\u00eds, mas tamb\u00e9m participou de v\u00e1rias atividades oficiais. Em sua agenda para a quarta-feira (31), estavam previstos encontros com Pezeshkian e compromissos como ministro do Desenvolvimento, Ind\u00fastria, Com\u00e9rcio e Servi\u00e7os.<\/p>\n\n\n\n<div class=\"wp-block-image\"><figure class=\"aligncenter size-large is-resized\"><a href=\"https:\/\/www.facebook.com\/postobkr\/?locale=pt_BR\"><img loading=\"lazy\" decoding=\"async\" src=\"https:\/\/jornalfatosenoticias.com.br\/wp-content\/uploads\/2023\/08\/BKR-1024x1021.jpg\" alt=\"\" class=\"wp-image-44494\" width=\"300\" height=\"299\" srcset=\"https:\/\/jornalfatosenoticias.com.br\/wp-content\/uploads\/2023\/08\/BKR-1024x1021.jpg 1024w, https:\/\/jornalfatosenoticias.com.br\/wp-content\/uploads\/2023\/08\/BKR-300x300.jpg 300w, https:\/\/jornalfatosenoticias.com.br\/wp-content\/uploads\/2023\/08\/BKR-150x150.jpg 150w, https:\/\/jornalfatosenoticias.com.br\/wp-content\/uploads\/2023\/08\/BKR-768x766.jpg 768w, https:\/\/jornalfatosenoticias.com.br\/wp-content\/uploads\/2023\/08\/BKR.jpg 1080w\" sizes=\"auto, (max-width: 300px) 100vw, 300px\" \/><\/a><\/figure><\/div>\n\n\n\n<p>Enquanto os desdobramentos desse evento ainda est\u00e3o sendo investigados, a complexa teia de alian\u00e7as e inimizades no Oriente M\u00e9dio se revela cada vez mais intrincada. A morte de Haniyeh \u00e9 mais um cap\u00edtulo de uma hist\u00f3ria marcada por tens\u00f5es e conflitos constantes. <strong>(Fonte: Terra Brasil Not\u00edcias)<\/strong><\/p>\n\n\n\n<div class=\"wp-block-image\"><figure class=\"aligncenter size-large is-resized\"><a href=\"https:\/\/www.instagram.com\/restaurantepegoretti\/\"><img loading=\"lazy\" decoding=\"async\" src=\"https:\/\/jornalfatosenoticias.com.br\/wp-content\/uploads\/2023\/12\/pegoretti-logo-pdf-1024x389.jpg\" alt=\"\" class=\"wp-image-47536\" width=\"393\" height=\"149\" srcset=\"https:\/\/jornalfatosenoticias.com.br\/wp-content\/uploads\/2023\/12\/pegoretti-logo-pdf-1024x389.jpg 1024w, https:\/\/jornalfatosenoticias.com.br\/wp-content\/uploads\/2023\/12\/pegoretti-logo-pdf-300x114.jpg 300w, https:\/\/jornalfatosenoticias.com.br\/wp-content\/uploads\/2023\/12\/pegoretti-logo-pdf-768x291.jpg 768w, https:\/\/jornalfatosenoticias.com.br\/wp-content\/uploads\/2023\/12\/pegoretti-logo-pdf.jpg 1120w\" sizes=\"auto, (max-width: 393px) 100vw, 393px\" \/><\/a><\/figure><\/div>\n\n\n\n<hr class=\"wp-block-separator\"\/>\n\n\n\n<h3 class=\"wp-block-heading\"><span class=\"has-inline-color has-black-color\">Sa\u00fade de Kim Jong-un desperta grande preocupa\u00e7\u00e3o na Coreia do Norte<\/span><\/h3>\n\n\n\n<div class=\"wp-block-image\"><figure class=\"aligncenter size-large\"><img loading=\"lazy\" decoding=\"async\" width=\"612\" height=\"408\" src=\"https:\/\/jornalfatosenoticias.com.br\/wp-content\/uploads\/2024\/08\/Kim-Jong-un_gettyimages.jpg\" alt=\"\" class=\"wp-image-53215\" srcset=\"https:\/\/jornalfatosenoticias.com.br\/wp-content\/uploads\/2024\/08\/Kim-Jong-un_gettyimages.jpg 612w, https:\/\/jornalfatosenoticias.com.br\/wp-content\/uploads\/2024\/08\/Kim-Jong-un_gettyimages-300x200.jpg 300w\" sizes=\"auto, (max-width: 612px) 100vw, 612px\" \/><figcaption><em><span class=\"has-inline-color has-black-color\">(Foto: Getty Images)<\/span><\/em><\/figcaption><\/figure><\/div>\n\n\n\n<p>Autoridades norte-coreanas est\u00e3o em busca de novos medicamentos no exterior para tratar problemas de sa\u00fade relacionados \u00e0 obesidade do l\u00edder Kim Jong-un, que incluem press\u00e3o alta e diabetes. Essa informa\u00e7\u00e3o foi revelada pela Ag\u00eancia Nacional de Intelig\u00eancia da Coreia do Sul (NIS) em um briefing a portas fechadas realizado na \u00faltima segunda-feira, 29 de julho de 2024. As informa\u00e7\u00f5es s\u00e3o do Pol\u00edtico.<\/p>\n\n\n\n<div class=\"wp-block-image\"><figure class=\"aligncenter size-large\"><a href=\"http:\/\/www.ferrarimaquinas.com.br\/\"><img loading=\"lazy\" decoding=\"async\" width=\"300\" height=\"250\" src=\"https:\/\/jornalfatosenoticias.com.br\/wp-content\/uploads\/2022\/02\/FERRARI_MAQUINAS-E-FERRAMENTAS2.jpg\" alt=\"\" class=\"wp-image-27860\"\/><\/a><\/figure><\/div>\n\n\n\n<p>Kim, atualmente com 40 anos, \u00e9 amplamente conhecido por seus h\u00e1bitos de consumo excessivo de \u00e1lcool e tabaco, e vem de uma fam\u00edlia com hist\u00f3rico significativo de problemas card\u00edacos. Tanto seu pai, Kim Jong Il, quanto seu av\u00f4, Kim Il Sung, morreram em decorr\u00eancia de complica\u00e7\u00f5es card\u00edacas. O l\u00edder norte-coreano, que mede cerca de 1,70 metro e pesa aproximadamente 140 quilos, havia perdido uma quantidade significativa de peso em 2021, possivelmente devido a mudan\u00e7as em sua dieta. No entanto, imagens recentes divulgadas pela m\u00eddia estatal mostram que ele recuperou esse peso.<\/p>\n\n\n\n<div class=\"wp-block-image\"><figure class=\"aligncenter size-large is-resized\"><a href=\"https:\/\/www.controlsystems.com.br\/\"><img loading=\"lazy\" decoding=\"async\" src=\"https:\/\/jornalfatosenoticias.com.br\/wp-content\/uploads\/2020\/02\/CONTROL-CS.jpg\" alt=\"\" class=\"wp-image-44991\" width=\"278\" height=\"333\" srcset=\"https:\/\/jornalfatosenoticias.com.br\/wp-content\/uploads\/2020\/02\/CONTROL-CS.jpg 834w, https:\/\/jornalfatosenoticias.com.br\/wp-content\/uploads\/2020\/02\/CONTROL-CS-250x300.jpg 250w, https:\/\/jornalfatosenoticias.com.br\/wp-content\/uploads\/2020\/02\/CONTROL-CS-768x921.jpg 768w\" sizes=\"auto, (max-width: 278px) 100vw, 278px\" \/><\/a><\/figure><\/div>\n\n\n\n<p>De acordo com a NIS, Kim pertence ao grupo de alto risco para doen\u00e7as card\u00edacas e tem apresentado sintomas de press\u00e3o alta e diabetes desde os 30 anos. Acredita-se que esses problemas de sa\u00fade estejam associados aos seus h\u00e1bitos prejudiciais, como o consumo de \u00e1lcool, tabaco e o estresse.<\/p>\n\n\n\n<div class=\"wp-block-image\"><figure class=\"aligncenter size-large is-resized\"><a href=\"https:\/\/www.facebook.com\/vetor.vix\/\"><img loading=\"lazy\" decoding=\"async\" src=\"https:\/\/jornalfatosenoticias.com.br\/wp-content\/uploads\/2023\/09\/vetorvix1024_1.jpg\" alt=\"\" class=\"wp-image-44868\" width=\"535\" height=\"142\" srcset=\"https:\/\/jornalfatosenoticias.com.br\/wp-content\/uploads\/2023\/09\/vetorvix1024_1.jpg 1024w, https:\/\/jornalfatosenoticias.com.br\/wp-content\/uploads\/2023\/09\/vetorvix1024_1-300x80.jpg 300w, https:\/\/jornalfatosenoticias.com.br\/wp-content\/uploads\/2023\/09\/vetorvix1024_1-768x205.jpg 768w\" sizes=\"auto, (max-width: 535px) 100vw, 535px\" \/><\/a><\/figure><\/div>\n\n\n\n<p>Al\u00e9m disso, a busca por medicamentos no exterior para tratar essas condi\u00e7\u00f5es indica que o regime norte-coreano est\u00e1 ciente da gravidade da situa\u00e7\u00e3o e est\u00e1 tomando medidas para garantir a continuidade do governo. No entanto, a opacidade do regime e a falta de informa\u00e7\u00f5es concretas dificultam qualquer avalia\u00e7\u00e3o precisa sobre o estado de sa\u00fade de Kim e as poss\u00edveis implica\u00e7\u00f5es para o futuro do pa\u00eds.<\/p>\n\n\n\n<div class=\"wp-block-image\"><figure class=\"aligncenter size-large\"><a href=\"https:\/\/cesconetto.com.br\/\"><img loading=\"lazy\" decoding=\"async\" width=\"300\" height=\"250\" src=\"https:\/\/jornalfatosenoticias.com.br\/wp-content\/uploads\/2020\/02\/Banner-2.png\" alt=\"\" class=\"wp-image-43787\"\/><\/a><\/figure><\/div>\n\n\n\n<p>A sa\u00fade de Kim Jong-un \u00e9 uma quest\u00e3o de grande interesse internacional, principalmente devido ao fato de ele ainda n\u00e3o ter nomeado oficialmente um sucessor. O l\u00edder norte-coreano assumiu o poder em 2011, ap\u00f3s a morte de seu pai, e desde ent\u00e3o tem consolidado seu controle sobre o pa\u00eds. No entanto, a aus\u00eancia de um sucessor claro aumenta a incerteza sobre a estabilidade do regime, especialmente em um cen\u00e1rio onde o l\u00edder pode se tornar incapacitado.<\/p>\n\n\n\n<div class=\"wp-block-image\"><figure class=\"aligncenter size-large is-resized\"><a href=\"https:\/\/panper.com.br\/\"><img loading=\"lazy\" decoding=\"async\" src=\"https:\/\/jornalfatosenoticias.com.br\/wp-content\/uploads\/2023\/03\/logo-Panper_portal.jpg\" alt=\"\" class=\"wp-image-40208\" width=\"349\" height=\"242\" srcset=\"https:\/\/jornalfatosenoticias.com.br\/wp-content\/uploads\/2023\/03\/logo-Panper_portal.jpg 400w, https:\/\/jornalfatosenoticias.com.br\/wp-content\/uploads\/2023\/03\/logo-Panper_portal-300x208.jpg 300w\" sizes=\"auto, (max-width: 349px) 100vw, 349px\" \/><\/a><\/figure><\/div>\n\n\n\n<p>Recentemente, especula\u00e7\u00f5es t\u00eam aumentado sobre a poss\u00edvel sucess\u00e3o de Kim Ju Ae, filha pr\u00e9-adolescente de Kim Jong-un. Desde o final de 2022, Ju Ae tem aparecido ao lado de seu pai em eventos p\u00fablicos de grande visibilidade, o que gerou rumores de que ela possa estar sendo preparada para assumir um papel de lideran\u00e7a no futuro. A NIS relatou que cerca de 60% das apari\u00e7\u00f5es p\u00fablicas de Ju Ae envolveram sua participa\u00e7\u00e3o em eventos militares ao lado de Kim, o que refor\u00e7a a possibilidade de que ela esteja sendo considerada como uma herdeira prov\u00e1vel.<\/p>\n\n\n\n<div class=\"wp-block-image\"><figure class=\"aligncenter size-large is-resized\"><a href=\"https:\/\/hotelmarquetti.com.br\/\"><img loading=\"lazy\" decoding=\"async\" src=\"https:\/\/jornalfatosenoticias.com.br\/wp-content\/uploads\/2023\/03\/nova-logo-Marquetti.jpg\" alt=\"\" class=\"wp-image-40207\" width=\"343\" height=\"230\" srcset=\"https:\/\/jornalfatosenoticias.com.br\/wp-content\/uploads\/2023\/03\/nova-logo-Marquetti.jpg 643w, https:\/\/jornalfatosenoticias.com.br\/wp-content\/uploads\/2023\/03\/nova-logo-Marquetti-300x202.jpg 300w\" sizes=\"auto, (max-width: 343px) 100vw, 343px\" \/><\/a><\/figure><\/div>\n\n\n\n<p>A sa\u00fade de Kim Jong-un n\u00e3o \u00e9 apenas uma preocupa\u00e7\u00e3o interna, mas tamb\u00e9m uma quest\u00e3o de seguran\u00e7a regional e global. Como l\u00edder de um pa\u00eds com um arsenal nuclear em desenvolvimento e em constante tens\u00e3o com pot\u00eancias internacionais, a possibilidade de uma mudan\u00e7a repentina na lideran\u00e7a norte-coreana levanta quest\u00f5es sobre a estabilidade do regime e as poss\u00edveis consequ\u00eancias para a seguran\u00e7a internacional.<\/p>\n\n\n\n<div class=\"wp-block-image\"><figure class=\"aligncenter size-large\"><a href=\"https:\/\/www.facebook.com\/Esteio-Churrascaria-Barbecue-103643461220402\/\"><img decoding=\"async\" src=\"https:\/\/jornalfatosenoticias.com.br\/wp-content\/uploads\/2020\/02\/logo_esteio.jpg\" alt=\"\" class=\"wp-image-1214\"\/><\/a><\/figure><\/div>\n\n\n\n<p>A busca por medicamentos no exterior para tratar as condi\u00e7\u00f5es de sa\u00fade de Kim indica que o regime norte-coreano est\u00e1 ciente da gravidade da situa\u00e7\u00e3o e est\u00e1 tomando medidas para garantir a continuidade do governo. No entanto, a opacidade do regime e a falta de informa\u00e7\u00f5es concretas dificultam qualquer avalia\u00e7\u00e3o precisa sobre o estado de sa\u00fade de Kim e as poss\u00edveis implica\u00e7\u00f5es para o futuro do pa\u00eds. <strong>(Fonte: Terra Brasil Not\u00edcias)<\/strong><\/p>\n\n\n\n<div class=\"wp-block-image\"><figure class=\"aligncenter size-large\"><a href=\"https:\/\/mizu.com.br\/\"><img loading=\"lazy\" decoding=\"async\" width=\"729\" height=\"90\" src=\"https:\/\/jornalfatosenoticias.com.br\/wp-content\/uploads\/2020\/02\/Logo_Mizu.png\" alt=\"\" class=\"wp-image-1441\" srcset=\"https:\/\/jornalfatosenoticias.com.br\/wp-content\/uploads\/2020\/02\/Logo_Mizu.png 729w, https:\/\/jornalfatosenoticias.com.br\/wp-content\/uploads\/2020\/02\/Logo_Mizu-300x37.png 300w\" sizes=\"auto, (max-width: 729px) 100vw, 729px\" \/><\/a><\/figure><\/div>\n\n\n\n<hr class=\"wp-block-separator\"\/>\n","protected":false},"excerpt":{"rendered":"<p>Uma semana ap\u00f3s confirmar o congelamento de R$ 15 bilh\u00f5es no Or\u00e7amento, Luiz In\u00e1cio Lula da Silva (PT) publicou um decreto detalhando as \u00e1reas do governo que enfrentar\u00e3o bloqueios de R$ 11,17 bilh\u00f5es e contingenciamentos de R$ 3,84 bilh\u00f5es. O decreto, divulgado em edi\u00e7\u00e3o extra do Di\u00e1rio Oficial da Uni\u00e3o (DOU), revela cortes em v\u00e1rios [&hellip;]<\/p>\n","protected":false},"author":2,"featured_media":53223,"comment_status":"open","ping_status":"open","sticky":false,"template":"","format":"standard","meta":{"footnotes":""},"categories":[10],"tags":[22480,16744,21582,21785,24278,162,18997,18480,7580],"class_list":["post-53214","post","type-post","status-publish","format-standard","has-post-thumbnail","hentry","category-politica","tag-benjamin-netanyahu","tag-farra-com-o-dinheiro-publico","tag-hamas","tag-hezbollah","tag-ismail-haniyeh","tag-israel","tag-janja","tag-kim-jong-un","tag-lula"],"yoast_head":"<!-- This site is optimized with the Yoast SEO plugin v26.5 - https:\/\/yoast.com\/wordpress\/plugins\/seo\/ -->\n<title>A Semana no Brasil e no Mundo \u2014 Lula assina decreto de corte or\u00e7ament\u00e1rio de R$ 15 Bilh\u00f5es que afeta Sa\u00fade, Educa\u00e7\u00e3o e PAC - Jornal Fatos e Not\u00edcias<\/title>\n<meta name=\"robots\" content=\"index, follow, max-snippet:-1, max-image-preview:large, max-video-preview:-1\" \/>\n<link rel=\"canonical\" href=\"https:\/\/jornalfatosenoticias.com.br\/index.php\/2024\/08\/01\/a-semana-no-brasil-e-no-mundo-lula-assina-decreto-de-corte-orcamentario-de-r-15-bilhoes-que-afeta-saude-educacao-e-pac\/\" \/>\n<meta property=\"og:locale\" content=\"pt_BR\" \/>\n<meta property=\"og:type\" content=\"article\" \/>\n<meta property=\"og:title\" content=\"A Semana no Brasil e no Mundo \u2014 Lula assina decreto de corte or\u00e7ament\u00e1rio de R$ 15 Bilh\u00f5es que afeta Sa\u00fade, Educa\u00e7\u00e3o e PAC - Jornal Fatos e Not\u00edcias\" \/>\n<meta property=\"og:description\" content=\"Uma semana ap\u00f3s confirmar o congelamento de R$ 15 bilh\u00f5es no Or\u00e7amento, Luiz In\u00e1cio Lula da Silva (PT) publicou um decreto detalhando as \u00e1reas do governo que enfrentar\u00e3o bloqueios de R$ 11,17 bilh\u00f5es e contingenciamentos de R$ 3,84 bilh\u00f5es. O decreto, divulgado em edi\u00e7\u00e3o extra do Di\u00e1rio Oficial da Uni\u00e3o (DOU), revela cortes em v\u00e1rios [&hellip;]\" \/>\n<meta property=\"og:url\" content=\"https:\/\/jornalfatosenoticias.com.br\/index.php\/2024\/08\/01\/a-semana-no-brasil-e-no-mundo-lula-assina-decreto-de-corte-orcamentario-de-r-15-bilhoes-que-afeta-saude-educacao-e-pac\/\" \/>\n<meta property=\"og:site_name\" content=\"Jornal Fatos e Not\u00edcias\" \/>\n<meta property=\"article:published_time\" content=\"2024-08-01T19:01:23+00:00\" \/>\n<meta property=\"article:modified_time\" content=\"2024-08-01T19:01:25+00:00\" \/>\n<meta property=\"og:image\" content=\"https:\/\/jornalfatosenoticias.com.br\/wp-content\/uploads\/2024\/08\/nine-corte-orcamento_gettyimages.jpg\" \/>\n\t<meta property=\"og:image:width\" content=\"612\" \/>\n\t<meta property=\"og:image:height\" content=\"408\" \/>\n\t<meta property=\"og:image:type\" content=\"image\/jpeg\" \/>\n<meta name=\"author\" content=\"Luzimara Fernandes\" \/>\n<meta name=\"twitter:card\" content=\"summary_large_image\" \/>\n<meta name=\"twitter:label1\" content=\"Escrito por\" \/>\n\t<meta name=\"twitter:data1\" content=\"Luzimara Fernandes\" \/>\n\t<meta name=\"twitter:label2\" content=\"Est. tempo de leitura\" \/>\n\t<meta name=\"twitter:data2\" content=\"16 minutos\" \/>\n<script type=\"application\/ld+json\" class=\"yoast-schema-graph\">{\"@context\":\"https:\/\/schema.org\",\"@graph\":[{\"@type\":\"Article\",\"@id\":\"https:\/\/jornalfatosenoticias.com.br\/index.php\/2024\/08\/01\/a-semana-no-brasil-e-no-mundo-lula-assina-decreto-de-corte-orcamentario-de-r-15-bilhoes-que-afeta-saude-educacao-e-pac\/#article\",\"isPartOf\":{\"@id\":\"https:\/\/jornalfatosenoticias.com.br\/index.php\/2024\/08\/01\/a-semana-no-brasil-e-no-mundo-lula-assina-decreto-de-corte-orcamentario-de-r-15-bilhoes-que-afeta-saude-educacao-e-pac\/\"},\"author\":{\"name\":\"Luzimara Fernandes\",\"@id\":\"https:\/\/jornalfatosenoticias.com.br\/#\/schema\/person\/d63837fa13ac8666eb9e74e0985d6f81\"},\"headline\":\"A Semana no Brasil e no Mundo \u2014 Lula assina decreto de corte or\u00e7ament\u00e1rio de R$ 15 Bilh\u00f5es que afeta Sa\u00fade, Educa\u00e7\u00e3o e PAC\",\"datePublished\":\"2024-08-01T19:01:23+00:00\",\"dateModified\":\"2024-08-01T19:01:25+00:00\",\"mainEntityOfPage\":{\"@id\":\"https:\/\/jornalfatosenoticias.com.br\/index.php\/2024\/08\/01\/a-semana-no-brasil-e-no-mundo-lula-assina-decreto-de-corte-orcamentario-de-r-15-bilhoes-que-afeta-saude-educacao-e-pac\/\"},\"wordCount\":3322,\"commentCount\":0,\"publisher\":{\"@id\":\"https:\/\/jornalfatosenoticias.com.br\/#organization\"},\"image\":{\"@id\":\"https:\/\/jornalfatosenoticias.com.br\/index.php\/2024\/08\/01\/a-semana-no-brasil-e-no-mundo-lula-assina-decreto-de-corte-orcamentario-de-r-15-bilhoes-que-afeta-saude-educacao-e-pac\/#primaryimage\"},\"thumbnailUrl\":\"https:\/\/jornalfatosenoticias.com.br\/wp-content\/uploads\/2024\/08\/nine-corte-orcamento_gettyimages.jpg\",\"keywords\":[\"Benjamin Netanyahu\",\"farra com o dinheiro p\u00fablico\",\"Hamas\",\"Hezbollah\",\"Ismail Haniyeh\",\"Israel\",\"Janja\",\"Kim Jong-un\",\"Lula\"],\"articleSection\":[\"Pol\u00edtica\"],\"inLanguage\":\"pt-BR\",\"potentialAction\":[{\"@type\":\"CommentAction\",\"name\":\"Comment\",\"target\":[\"https:\/\/jornalfatosenoticias.com.br\/index.php\/2024\/08\/01\/a-semana-no-brasil-e-no-mundo-lula-assina-decreto-de-corte-orcamentario-de-r-15-bilhoes-que-afeta-saude-educacao-e-pac\/#respond\"]}]},{\"@type\":\"WebPage\",\"@id\":\"https:\/\/jornalfatosenoticias.com.br\/index.php\/2024\/08\/01\/a-semana-no-brasil-e-no-mundo-lula-assina-decreto-de-corte-orcamentario-de-r-15-bilhoes-que-afeta-saude-educacao-e-pac\/\",\"url\":\"https:\/\/jornalfatosenoticias.com.br\/index.php\/2024\/08\/01\/a-semana-no-brasil-e-no-mundo-lula-assina-decreto-de-corte-orcamentario-de-r-15-bilhoes-que-afeta-saude-educacao-e-pac\/\",\"name\":\"A Semana no Brasil e no Mundo \u2014 Lula assina decreto de corte or\u00e7ament\u00e1rio de R$ 15 Bilh\u00f5es que afeta Sa\u00fade, Educa\u00e7\u00e3o e PAC - Jornal Fatos e Not\u00edcias\",\"isPartOf\":{\"@id\":\"https:\/\/jornalfatosenoticias.com.br\/#website\"},\"primaryImageOfPage\":{\"@id\":\"https:\/\/jornalfatosenoticias.com.br\/index.php\/2024\/08\/01\/a-semana-no-brasil-e-no-mundo-lula-assina-decreto-de-corte-orcamentario-de-r-15-bilhoes-que-afeta-saude-educacao-e-pac\/#primaryimage\"},\"image\":{\"@id\":\"https:\/\/jornalfatosenoticias.com.br\/index.php\/2024\/08\/01\/a-semana-no-brasil-e-no-mundo-lula-assina-decreto-de-corte-orcamentario-de-r-15-bilhoes-que-afeta-saude-educacao-e-pac\/#primaryimage\"},\"thumbnailUrl\":\"https:\/\/jornalfatosenoticias.com.br\/wp-content\/uploads\/2024\/08\/nine-corte-orcamento_gettyimages.jpg\",\"datePublished\":\"2024-08-01T19:01:23+00:00\",\"dateModified\":\"2024-08-01T19:01:25+00:00\",\"breadcrumb\":{\"@id\":\"https:\/\/jornalfatosenoticias.com.br\/index.php\/2024\/08\/01\/a-semana-no-brasil-e-no-mundo-lula-assina-decreto-de-corte-orcamentario-de-r-15-bilhoes-que-afeta-saude-educacao-e-pac\/#breadcrumb\"},\"inLanguage\":\"pt-BR\",\"potentialAction\":[{\"@type\":\"ReadAction\",\"target\":[\"https:\/\/jornalfatosenoticias.com.br\/index.php\/2024\/08\/01\/a-semana-no-brasil-e-no-mundo-lula-assina-decreto-de-corte-orcamentario-de-r-15-bilhoes-que-afeta-saude-educacao-e-pac\/\"]}]},{\"@type\":\"ImageObject\",\"inLanguage\":\"pt-BR\",\"@id\":\"https:\/\/jornalfatosenoticias.com.br\/index.php\/2024\/08\/01\/a-semana-no-brasil-e-no-mundo-lula-assina-decreto-de-corte-orcamentario-de-r-15-bilhoes-que-afeta-saude-educacao-e-pac\/#primaryimage\",\"url\":\"https:\/\/jornalfatosenoticias.com.br\/wp-content\/uploads\/2024\/08\/nine-corte-orcamento_gettyimages.jpg\",\"contentUrl\":\"https:\/\/jornalfatosenoticias.com.br\/wp-content\/uploads\/2024\/08\/nine-corte-orcamento_gettyimages.jpg\",\"width\":612,\"height\":408,\"caption\":\"Brazilian President Luiz Inacio Lula da Silva signs the visitors book ahead of an Arab League meeting to discuss the Israel-Hamas war in Gaza, in Cairo on February 15, 2024. (Photo by AFP) (Photo by -\/AFP via Getty Images)\"},{\"@type\":\"BreadcrumbList\",\"@id\":\"https:\/\/jornalfatosenoticias.com.br\/index.php\/2024\/08\/01\/a-semana-no-brasil-e-no-mundo-lula-assina-decreto-de-corte-orcamentario-de-r-15-bilhoes-que-afeta-saude-educacao-e-pac\/#breadcrumb\",\"itemListElement\":[{\"@type\":\"ListItem\",\"position\":1,\"name\":\"In\u00edcio\",\"item\":\"https:\/\/jornalfatosenoticias.com.br\/\"},{\"@type\":\"ListItem\",\"position\":2,\"name\":\"A Semana no Brasil e no Mundo \u2014 Lula assina decreto de corte or\u00e7ament\u00e1rio de R$ 15 Bilh\u00f5es que afeta Sa\u00fade, Educa\u00e7\u00e3o e PAC\"}]},{\"@type\":\"WebSite\",\"@id\":\"https:\/\/jornalfatosenoticias.com.br\/#website\",\"url\":\"https:\/\/jornalfatosenoticias.com.br\/\",\"name\":\"Jornal Fatos e Not\u00edcias\",\"description\":\"Not\u00edcias em geral\",\"publisher\":{\"@id\":\"https:\/\/jornalfatosenoticias.com.br\/#organization\"},\"potentialAction\":[{\"@type\":\"SearchAction\",\"target\":{\"@type\":\"EntryPoint\",\"urlTemplate\":\"https:\/\/jornalfatosenoticias.com.br\/?s={search_term_string}\"},\"query-input\":{\"@type\":\"PropertyValueSpecification\",\"valueRequired\":true,\"valueName\":\"search_term_string\"}}],\"inLanguage\":\"pt-BR\"},{\"@type\":\"Organization\",\"@id\":\"https:\/\/jornalfatosenoticias.com.br\/#organization\",\"name\":\"Jornal Fatos e Not\u00edcias\",\"url\":\"https:\/\/jornalfatosenoticias.com.br\/\",\"logo\":{\"@type\":\"ImageObject\",\"inLanguage\":\"pt-BR\",\"@id\":\"https:\/\/jornalfatosenoticias.com.br\/#\/schema\/logo\/image\/\",\"url\":\"https:\/\/jornalfatosenoticias.com.br\/wp-content\/uploads\/2020\/02\/logo120.png\",\"contentUrl\":\"https:\/\/jornalfatosenoticias.com.br\/wp-content\/uploads\/2020\/02\/logo120.png\",\"width\":1227,\"height\":120,\"caption\":\"Jornal Fatos e Not\u00edcias\"},\"image\":{\"@id\":\"https:\/\/jornalfatosenoticias.com.br\/#\/schema\/logo\/image\/\"}},{\"@type\":\"Person\",\"@id\":\"https:\/\/jornalfatosenoticias.com.br\/#\/schema\/person\/d63837fa13ac8666eb9e74e0985d6f81\",\"name\":\"Luzimara Fernandes\",\"image\":{\"@type\":\"ImageObject\",\"inLanguage\":\"pt-BR\",\"@id\":\"https:\/\/jornalfatosenoticias.com.br\/#\/schema\/person\/image\/\",\"url\":\"https:\/\/jornalfatosenoticias.com.br\/wp-content\/uploads\/2025\/05\/EU_portal.jpg\",\"contentUrl\":\"https:\/\/jornalfatosenoticias.com.br\/wp-content\/uploads\/2025\/05\/EU_portal.jpg\",\"caption\":\"Luzimara Fernandes\"},\"description\":\"Jornalista MTB 2358-ES\",\"sameAs\":[\"https:\/\/jornalfatosenoticias.com.br\"],\"url\":\"https:\/\/jornalfatosenoticias.com.br\/index.php\/author\/luzimara\/\"}]}<\/script>\n<!-- \/ Yoast SEO plugin. -->","yoast_head_json":{"title":"A Semana no Brasil e no Mundo \u2014 Lula assina decreto de corte or\u00e7ament\u00e1rio de R$ 15 Bilh\u00f5es que afeta Sa\u00fade, Educa\u00e7\u00e3o e PAC - Jornal Fatos e Not\u00edcias","robots":{"index":"index","follow":"follow","max-snippet":"max-snippet:-1","max-image-preview":"max-image-preview:large","max-video-preview":"max-video-preview:-1"},"canonical":"https:\/\/jornalfatosenoticias.com.br\/index.php\/2024\/08\/01\/a-semana-no-brasil-e-no-mundo-lula-assina-decreto-de-corte-orcamentario-de-r-15-bilhoes-que-afeta-saude-educacao-e-pac\/","og_locale":"pt_BR","og_type":"article","og_title":"A Semana no Brasil e no Mundo \u2014 Lula assina decreto de corte or\u00e7ament\u00e1rio de R$ 15 Bilh\u00f5es que afeta Sa\u00fade, Educa\u00e7\u00e3o e PAC - Jornal Fatos e Not\u00edcias","og_description":"Uma semana ap\u00f3s confirmar o congelamento de R$ 15 bilh\u00f5es no Or\u00e7amento, Luiz In\u00e1cio Lula da Silva (PT) publicou um decreto detalhando as \u00e1reas do governo que enfrentar\u00e3o bloqueios de R$ 11,17 bilh\u00f5es e contingenciamentos de R$ 3,84 bilh\u00f5es. O decreto, divulgado em edi\u00e7\u00e3o extra do Di\u00e1rio Oficial da Uni\u00e3o (DOU), revela cortes em v\u00e1rios [&hellip;]","og_url":"https:\/\/jornalfatosenoticias.com.br\/index.php\/2024\/08\/01\/a-semana-no-brasil-e-no-mundo-lula-assina-decreto-de-corte-orcamentario-de-r-15-bilhoes-que-afeta-saude-educacao-e-pac\/","og_site_name":"Jornal Fatos e Not\u00edcias","article_published_time":"2024-08-01T19:01:23+00:00","article_modified_time":"2024-08-01T19:01:25+00:00","og_image":[{"width":612,"height":408,"url":"https:\/\/jornalfatosenoticias.com.br\/wp-content\/uploads\/2024\/08\/nine-corte-orcamento_gettyimages.jpg","type":"image\/jpeg"}],"author":"Luzimara Fernandes","twitter_card":"summary_large_image","twitter_misc":{"Escrito por":"Luzimara Fernandes","Est. tempo de leitura":"16 minutos"},"schema":{"@context":"https:\/\/schema.org","@graph":[{"@type":"Article","@id":"https:\/\/jornalfatosenoticias.com.br\/index.php\/2024\/08\/01\/a-semana-no-brasil-e-no-mundo-lula-assina-decreto-de-corte-orcamentario-de-r-15-bilhoes-que-afeta-saude-educacao-e-pac\/#article","isPartOf":{"@id":"https:\/\/jornalfatosenoticias.com.br\/index.php\/2024\/08\/01\/a-semana-no-brasil-e-no-mundo-lula-assina-decreto-de-corte-orcamentario-de-r-15-bilhoes-que-afeta-saude-educacao-e-pac\/"},"author":{"name":"Luzimara Fernandes","@id":"https:\/\/jornalfatosenoticias.com.br\/#\/schema\/person\/d63837fa13ac8666eb9e74e0985d6f81"},"headline":"A Semana no Brasil e no Mundo \u2014 Lula assina decreto de corte or\u00e7ament\u00e1rio de R$ 15 Bilh\u00f5es que afeta Sa\u00fade, Educa\u00e7\u00e3o e PAC","datePublished":"2024-08-01T19:01:23+00:00","dateModified":"2024-08-01T19:01:25+00:00","mainEntityOfPage":{"@id":"https:\/\/jornalfatosenoticias.com.br\/index.php\/2024\/08\/01\/a-semana-no-brasil-e-no-mundo-lula-assina-decreto-de-corte-orcamentario-de-r-15-bilhoes-que-afeta-saude-educacao-e-pac\/"},"wordCount":3322,"commentCount":0,"publisher":{"@id":"https:\/\/jornalfatosenoticias.com.br\/#organization"},"image":{"@id":"https:\/\/jornalfatosenoticias.com.br\/index.php\/2024\/08\/01\/a-semana-no-brasil-e-no-mundo-lula-assina-decreto-de-corte-orcamentario-de-r-15-bilhoes-que-afeta-saude-educacao-e-pac\/#primaryimage"},"thumbnailUrl":"https:\/\/jornalfatosenoticias.com.br\/wp-content\/uploads\/2024\/08\/nine-corte-orcamento_gettyimages.jpg","keywords":["Benjamin Netanyahu","farra com o dinheiro p\u00fablico","Hamas","Hezbollah","Ismail Haniyeh","Israel","Janja","Kim Jong-un","Lula"],"articleSection":["Pol\u00edtica"],"inLanguage":"pt-BR","potentialAction":[{"@type":"CommentAction","name":"Comment","target":["https:\/\/jornalfatosenoticias.com.br\/index.php\/2024\/08\/01\/a-semana-no-brasil-e-no-mundo-lula-assina-decreto-de-corte-orcamentario-de-r-15-bilhoes-que-afeta-saude-educacao-e-pac\/#respond"]}]},{"@type":"WebPage","@id":"https:\/\/jornalfatosenoticias.com.br\/index.php\/2024\/08\/01\/a-semana-no-brasil-e-no-mundo-lula-assina-decreto-de-corte-orcamentario-de-r-15-bilhoes-que-afeta-saude-educacao-e-pac\/","url":"https:\/\/jornalfatosenoticias.com.br\/index.php\/2024\/08\/01\/a-semana-no-brasil-e-no-mundo-lula-assina-decreto-de-corte-orcamentario-de-r-15-bilhoes-que-afeta-saude-educacao-e-pac\/","name":"A Semana no Brasil e no Mundo \u2014 Lula assina decreto de corte or\u00e7ament\u00e1rio de R$ 15 Bilh\u00f5es que afeta Sa\u00fade, Educa\u00e7\u00e3o e PAC - Jornal Fatos e Not\u00edcias","isPartOf":{"@id":"https:\/\/jornalfatosenoticias.com.br\/#website"},"primaryImageOfPage":{"@id":"https:\/\/jornalfatosenoticias.com.br\/index.php\/2024\/08\/01\/a-semana-no-brasil-e-no-mundo-lula-assina-decreto-de-corte-orcamentario-de-r-15-bilhoes-que-afeta-saude-educacao-e-pac\/#primaryimage"},"image":{"@id":"https:\/\/jornalfatosenoticias.com.br\/index.php\/2024\/08\/01\/a-semana-no-brasil-e-no-mundo-lula-assina-decreto-de-corte-orcamentario-de-r-15-bilhoes-que-afeta-saude-educacao-e-pac\/#primaryimage"},"thumbnailUrl":"https:\/\/jornalfatosenoticias.com.br\/wp-content\/uploads\/2024\/08\/nine-corte-orcamento_gettyimages.jpg","datePublished":"2024-08-01T19:01:23+00:00","dateModified":"2024-08-01T19:01:25+00:00","breadcrumb":{"@id":"https:\/\/jornalfatosenoticias.com.br\/index.php\/2024\/08\/01\/a-semana-no-brasil-e-no-mundo-lula-assina-decreto-de-corte-orcamentario-de-r-15-bilhoes-que-afeta-saude-educacao-e-pac\/#breadcrumb"},"inLanguage":"pt-BR","potentialAction":[{"@type":"ReadAction","target":["https:\/\/jornalfatosenoticias.com.br\/index.php\/2024\/08\/01\/a-semana-no-brasil-e-no-mundo-lula-assina-decreto-de-corte-orcamentario-de-r-15-bilhoes-que-afeta-saude-educacao-e-pac\/"]}]},{"@type":"ImageObject","inLanguage":"pt-BR","@id":"https:\/\/jornalfatosenoticias.com.br\/index.php\/2024\/08\/01\/a-semana-no-brasil-e-no-mundo-lula-assina-decreto-de-corte-orcamentario-de-r-15-bilhoes-que-afeta-saude-educacao-e-pac\/#primaryimage","url":"https:\/\/jornalfatosenoticias.com.br\/wp-content\/uploads\/2024\/08\/nine-corte-orcamento_gettyimages.jpg","contentUrl":"https:\/\/jornalfatosenoticias.com.br\/wp-content\/uploads\/2024\/08\/nine-corte-orcamento_gettyimages.jpg","width":612,"height":408,"caption":"Brazilian President Luiz Inacio Lula da Silva signs the visitors book ahead of an Arab League meeting to discuss the Israel-Hamas war in Gaza, in Cairo on February 15, 2024. (Photo by AFP) (Photo by -\/AFP via Getty Images)"},{"@type":"BreadcrumbList","@id":"https:\/\/jornalfatosenoticias.com.br\/index.php\/2024\/08\/01\/a-semana-no-brasil-e-no-mundo-lula-assina-decreto-de-corte-orcamentario-de-r-15-bilhoes-que-afeta-saude-educacao-e-pac\/#breadcrumb","itemListElement":[{"@type":"ListItem","position":1,"name":"In\u00edcio","item":"https:\/\/jornalfatosenoticias.com.br\/"},{"@type":"ListItem","position":2,"name":"A Semana no Brasil e no Mundo \u2014 Lula assina decreto de corte or\u00e7ament\u00e1rio de R$ 15 Bilh\u00f5es que afeta Sa\u00fade, Educa\u00e7\u00e3o e PAC"}]},{"@type":"WebSite","@id":"https:\/\/jornalfatosenoticias.com.br\/#website","url":"https:\/\/jornalfatosenoticias.com.br\/","name":"Jornal Fatos e Not\u00edcias","description":"Not\u00edcias em geral","publisher":{"@id":"https:\/\/jornalfatosenoticias.com.br\/#organization"},"potentialAction":[{"@type":"SearchAction","target":{"@type":"EntryPoint","urlTemplate":"https:\/\/jornalfatosenoticias.com.br\/?s={search_term_string}"},"query-input":{"@type":"PropertyValueSpecification","valueRequired":true,"valueName":"search_term_string"}}],"inLanguage":"pt-BR"},{"@type":"Organization","@id":"https:\/\/jornalfatosenoticias.com.br\/#organization","name":"Jornal Fatos e Not\u00edcias","url":"https:\/\/jornalfatosenoticias.com.br\/","logo":{"@type":"ImageObject","inLanguage":"pt-BR","@id":"https:\/\/jornalfatosenoticias.com.br\/#\/schema\/logo\/image\/","url":"https:\/\/jornalfatosenoticias.com.br\/wp-content\/uploads\/2020\/02\/logo120.png","contentUrl":"https:\/\/jornalfatosenoticias.com.br\/wp-content\/uploads\/2020\/02\/logo120.png","width":1227,"height":120,"caption":"Jornal Fatos e Not\u00edcias"},"image":{"@id":"https:\/\/jornalfatosenoticias.com.br\/#\/schema\/logo\/image\/"}},{"@type":"Person","@id":"https:\/\/jornalfatosenoticias.com.br\/#\/schema\/person\/d63837fa13ac8666eb9e74e0985d6f81","name":"Luzimara Fernandes","image":{"@type":"ImageObject","inLanguage":"pt-BR","@id":"https:\/\/jornalfatosenoticias.com.br\/#\/schema\/person\/image\/","url":"https:\/\/jornalfatosenoticias.com.br\/wp-content\/uploads\/2025\/05\/EU_portal.jpg","contentUrl":"https:\/\/jornalfatosenoticias.com.br\/wp-content\/uploads\/2025\/05\/EU_portal.jpg","caption":"Luzimara Fernandes"},"description":"Jornalista MTB 2358-ES","sameAs":["https:\/\/jornalfatosenoticias.com.br"],"url":"https:\/\/jornalfatosenoticias.com.br\/index.php\/author\/luzimara\/"}]}},"cc_featured_image_caption":{"caption_text":"(Foto: Getty Images) ","source_text":"","source_url":""},"jetpack_featured_media_url":"https:\/\/jornalfatosenoticias.com.br\/wp-content\/uploads\/2024\/08\/nine-corte-orcamento_gettyimages.jpg","_links":{"self":[{"href":"https:\/\/jornalfatosenoticias.com.br\/index.php\/wp-json\/wp\/v2\/posts\/53214","targetHints":{"allow":["GET"]}}],"collection":[{"href":"https:\/\/jornalfatosenoticias.com.br\/index.php\/wp-json\/wp\/v2\/posts"}],"about":[{"href":"https:\/\/jornalfatosenoticias.com.br\/index.php\/wp-json\/wp\/v2\/types\/post"}],"author":[{"embeddable":true,"href":"https:\/\/jornalfatosenoticias.com.br\/index.php\/wp-json\/wp\/v2\/users\/2"}],"replies":[{"embeddable":true,"href":"https:\/\/jornalfatosenoticias.com.br\/index.php\/wp-json\/wp\/v2\/comments?post=53214"}],"version-history":[{"count":0,"href":"https:\/\/jornalfatosenoticias.com.br\/index.php\/wp-json\/wp\/v2\/posts\/53214\/revisions"}],"wp:featuredmedia":[{"embeddable":true,"href":"https:\/\/jornalfatosenoticias.com.br\/index.php\/wp-json\/wp\/v2\/media\/53223"}],"wp:attachment":[{"href":"https:\/\/jornalfatosenoticias.com.br\/index.php\/wp-json\/wp\/v2\/media?parent=53214"}],"wp:term":[{"taxonomy":"category","embeddable":true,"href":"https:\/\/jornalfatosenoticias.com.br\/index.php\/wp-json\/wp\/v2\/categories?post=53214"},{"taxonomy":"post_tag","embeddable":true,"href":"https:\/\/jornalfatosenoticias.com.br\/index.php\/wp-json\/wp\/v2\/tags?post=53214"}],"curies":[{"name":"wp","href":"https:\/\/api.w.org\/{rel}","templated":true}]}}