{"id":53228,"date":"2024-08-02T12:48:35","date_gmt":"2024-08-02T15:48:35","guid":{"rendered":"https:\/\/jornalfatosenoticias.com.br\/?p=53228"},"modified":"2024-08-19T13:44:21","modified_gmt":"2024-08-19T16:44:21","slug":"celebrando-15-anos-de-sucesso-da-nao-mais-pelo-no-brasil-e-13-anos-da-franquia-em-jardim-camburi","status":"publish","type":"post","link":"https:\/\/jornalfatosenoticias.com.br\/index.php\/2024\/08\/02\/celebrando-15-anos-de-sucesso-da-nao-mais-pelo-no-brasil-e-13-anos-da-franquia-em-jardim-camburi\/","title":{"rendered":"Celebrando 15 anos de sucesso da &#8220;N\u00e3o Mais Pelo&#8221; no Brasil e 13 anos da franquia em Jardim Camburi"},"content":{"rendered":"\n<p><em><span class=\"has-inline-color has-black-color\">A &#8220;N\u00e3o Mais Pelo&#8221; sempre esteve na vanguarda da tecnologia de depila\u00e7\u00e3o, utilizando equipamentos de \u00faltima gera\u00e7\u00e3o que garantem resultados eficazes e seguros<\/span><\/em><\/p>\n\n\n\n<p><span class=\"has-inline-color has-black-color\">Por<\/span>\u00a0<strong><a href=\"https:\/\/jornalfatosenoticias.com.br\/index.php\/2024\/07\/11\/a-importancia-de-participar-de-feiras-e-eventos-para-as-empresas\/\">Milena Rohr<\/a><\/strong><\/p>\n\n\n\n<div class=\"wp-block-image\"><figure class=\"aligncenter size-large\"><a href=\"https:\/\/mizu.com.br\/\"><img loading=\"lazy\" decoding=\"async\" width=\"729\" height=\"90\" src=\"https:\/\/jornalfatosenoticias.com.br\/wp-content\/uploads\/2020\/02\/Logo_Mizu.png\" alt=\"\" class=\"wp-image-1441\" srcset=\"https:\/\/jornalfatosenoticias.com.br\/wp-content\/uploads\/2020\/02\/Logo_Mizu.png 729w, https:\/\/jornalfatosenoticias.com.br\/wp-content\/uploads\/2020\/02\/Logo_Mizu-300x37.png 300w\" sizes=\"auto, (max-width: 729px) 100vw, 729px\" \/><\/a><\/figure><\/div>\n\n\n\n<div class=\"wp-block-image is-style-rounded\"><figure class=\"alignleft size-large\"><img loading=\"lazy\" decoding=\"async\" width=\"120\" height=\"150\" src=\"https:\/\/jornalfatosenoticias.com.br\/wp-content\/uploads\/2024\/06\/milena-removebg-preview.png\" alt=\"\" class=\"wp-image-52309\"\/><\/figure><\/div>\n\n\n\n<p>Em 2024, a empresa <strong><em>&#8220;N\u00e3o Mais Pelo&#8221;<\/em><\/strong> comemora um marco significativo: 15 anos de presen\u00e7a no Brasil, acompanhados pelo anivers\u00e1rio de 13 anos da sua franquia em Jardim Camburi, Vit\u00f3ria-ES. Fundada na Espanha, em 2007, a &#8220;N\u00e3o Mais Pelo&#8221; se expandiu rapidamente pelo mundo, destacando-se como l\u00edder no setor de depila\u00e7\u00e3o com fotodepila\u00e7\u00e3o.<\/p>\n\n\n\n<p><strong><span class=\"has-inline-color has-black-color\">Uma trajet\u00f3ria de sucesso \u2014 Expans\u00e3o e crescimento no Brasil<br><\/span><\/strong>Desde que chegou ao Brasil em 2009, a <em><strong>&#8220;N\u00e3o Mais Pelo&#8221;<\/strong><\/em> tem se destacado por sua tecnologia inovadora e pelos servi\u00e7os de alta qualidade. A empresa revolucionou o mercado de depila\u00e7\u00e3o ao introduzir a fotodepila\u00e7\u00e3o, um m\u00e9todo eficaz, indolor e acess\u00edvel para a remo\u00e7\u00e3o de pelos. Com uma rede de franquias em constante expans\u00e3o, a marca consolidou-se como uma refer\u00eancia de qualidade e confian\u00e7a para seus clientes.<\/p>\n\n\n\n<div class=\"wp-block-image\"><figure class=\"aligncenter size-large\"><img loading=\"lazy\" decoding=\"async\" width=\"300\" height=\"250\" src=\"https:\/\/jornalfatosenoticias.com.br\/wp-content\/uploads\/2022\/02\/FERRARI_MAQUINAS-E-FERRAMENTAS2.jpg\" alt=\"\" class=\"wp-image-27860\"\/><\/figure><\/div>\n\n\n\n<p><strong><span class=\"has-inline-color has-black-color\">Jardim Camburi: uma hist\u00f3ria de conquista<br><\/span><\/strong>A franquia de Jardim Camburi, inaugurada em 2011, \u00e9 um exemplo claro do sucesso da marca. Em 13 anos de opera\u00e7\u00e3o, esta unidade se tornou um ponto de refer\u00eancia para os moradores da regi\u00e3o, oferecendo servi\u00e7os personalizados e de alta qualidade. O compromisso com a satisfa\u00e7\u00e3o do cliente e a excel\u00eancia no atendimento s\u00e3o marcas registradas que diferenciam a <strong><em>&#8220;N\u00e3o Mais Pelo&#8221;<\/em><\/strong> em Jardim Camburi.<\/p>\n\n\n\n<div class=\"wp-block-image\"><figure class=\"aligncenter size-large\"><img loading=\"lazy\" decoding=\"async\" width=\"750\" height=\"1000\" src=\"https:\/\/jornalfatosenoticias.com.br\/wp-content\/uploads\/2024\/08\/nao-mais-pelo.jpg\" alt=\"\" class=\"wp-image-53229\" srcset=\"https:\/\/jornalfatosenoticias.com.br\/wp-content\/uploads\/2024\/08\/nao-mais-pelo.jpg 750w, https:\/\/jornalfatosenoticias.com.br\/wp-content\/uploads\/2024\/08\/nao-mais-pelo-225x300.jpg 225w\" sizes=\"auto, (max-width: 750px) 100vw, 750px\" \/><figcaption><em><span class=\"has-inline-color has-black-color\">(Foto: Divulga\u00e7\u00e3o)<\/span><\/em><\/figcaption><\/figure><\/div>\n\n\n\n<p><strong><span class=\"has-inline-color has-black-color\">Inova\u00e7\u00e3o e tecnologia<br><\/span><\/strong>A<strong><em> &#8220;N\u00e3o Mais Pelo&#8221;<\/em><\/strong> sempre esteve na vanguarda da tecnologia de depila\u00e7\u00e3o, utilizando equipamentos de \u00faltima gera\u00e7\u00e3o que garantem resultados eficazes e seguros. Um dos destaques tecnol\u00f3gicos \u00e9 a tecnologia<em> Sun&amp;Safe<\/em>. Este sistema inovador permite que a fotodepila\u00e7\u00e3o seja realizada de forma segura em peles bronzeadas, algo que antes era um desafio. A tecnologia <em>Sun&amp;Safe<\/em> assegura que os tratamentos sejam eficazes e confort\u00e1veis, independentemente da exposi\u00e7\u00e3o ao sol, proporcionando mais flexibilidade e conveni\u00eancia para os clientes.<\/p>\n\n\n\n<div class=\"wp-block-image\"><figure class=\"aligncenter size-large is-resized\"><a href=\"https:\/\/www.controlsystems.com.br\/\"><img loading=\"lazy\" decoding=\"async\" src=\"https:\/\/jornalfatosenoticias.com.br\/wp-content\/uploads\/2020\/02\/CONTROL-CS.jpg\" alt=\"\" class=\"wp-image-44991\" width=\"307\" height=\"369\" srcset=\"https:\/\/jornalfatosenoticias.com.br\/wp-content\/uploads\/2020\/02\/CONTROL-CS.jpg 834w, https:\/\/jornalfatosenoticias.com.br\/wp-content\/uploads\/2020\/02\/CONTROL-CS-250x300.jpg 250w, https:\/\/jornalfatosenoticias.com.br\/wp-content\/uploads\/2020\/02\/CONTROL-CS-768x921.jpg 768w\" sizes=\"auto, (max-width: 307px) 100vw, 307px\" \/><\/a><\/figure><\/div>\n\n\n\n<p><strong><span class=\"has-inline-color has-black-color\">Compromisso com a qualidade<br><\/span><\/strong>Um dos pilares do sucesso da &#8220;N\u00e3o Mais Pelo&#8221; \u00e9 o seu compromisso com a qualidade. Todos os profissionais passam por um rigoroso treinamento e s\u00e3o constantemente atualizados sobre as novas t\u00e9cnicas e tecnologias do mercado. Isso garante que cada cliente receba um atendimento personalizado e eficaz, respeitando suas necessidades individuais.<\/p>\n\n\n\n<div class=\"wp-block-image\"><figure class=\"aligncenter size-large\"><a href=\"https:\/\/cesconetto.com.br\/\"><img loading=\"lazy\" decoding=\"async\" width=\"300\" height=\"250\" src=\"https:\/\/jornalfatosenoticias.com.br\/wp-content\/uploads\/2022\/02\/Banner-2.png\" alt=\"\" class=\"wp-image-27877\"\/><\/a><\/figure><\/div>\n\n\n\n<p><strong><span class=\"has-inline-color has-black-color\">Responsabilidade social<br><\/span><\/strong>Al\u00e9m de focar na qualidade dos seus servi\u00e7os, a <em><strong>&#8220;N\u00e3o Mais Pelo&#8221;<\/strong><\/em> tamb\u00e9m se preocupa com a responsabilidade social. A empresa desenvolve e participa de projetos sociais que visam melhorar a qualidade de vida das comunidades onde est\u00e1 inserida, refor\u00e7ando seu papel como uma organiza\u00e7\u00e3o cidad\u00e3.<\/p>\n\n\n\n<div class=\"wp-block-image\"><figure class=\"aligncenter size-large is-resized\"><a href=\"https:\/\/panper.com.br\/\"><img loading=\"lazy\" decoding=\"async\" src=\"https:\/\/jornalfatosenoticias.com.br\/wp-content\/uploads\/2023\/03\/logo-Panper_portal.jpg\" alt=\"\" class=\"wp-image-40208\" width=\"336\" height=\"233\" srcset=\"https:\/\/jornalfatosenoticias.com.br\/wp-content\/uploads\/2023\/03\/logo-Panper_portal.jpg 400w, https:\/\/jornalfatosenoticias.com.br\/wp-content\/uploads\/2023\/03\/logo-Panper_portal-300x208.jpg 300w\" sizes=\"auto, (max-width: 336px) 100vw, 336px\" \/><\/a><\/figure><\/div>\n\n\n\n<p><strong><span class=\"has-inline-color has-black-color\">Um olhar para o futuro<br><\/span><\/strong>Ao celebrar 15 anos no Brasil e 13 anos da franquia em Jardim Camburi, a <strong><em>&#8220;N\u00e3o Mais Pelo&#8221;<\/em><\/strong> refor\u00e7a seu compromisso com a inova\u00e7\u00e3o, a qualidade e a satisfa\u00e7\u00e3o do cliente. Olhando para o futuro, a empresa planeja continuar sua expans\u00e3o, levando seus servi\u00e7os a novas regi\u00f5es e aperfei\u00e7oando continuamente suas t\u00e9cnicas e tecnologias.<\/p>\n\n\n\n<div class=\"wp-block-image\"><figure class=\"aligncenter size-large is-resized\"><a href=\"https:\/\/www.facebook.com\/postobkr\/?locale=pt_BR\"><img loading=\"lazy\" decoding=\"async\" src=\"https:\/\/jornalfatosenoticias.com.br\/wp-content\/uploads\/2023\/08\/BKR-1024x1021.jpg\" alt=\"\" class=\"wp-image-44494\" width=\"328\" height=\"327\" srcset=\"https:\/\/jornalfatosenoticias.com.br\/wp-content\/uploads\/2023\/08\/BKR-1024x1021.jpg 1024w, https:\/\/jornalfatosenoticias.com.br\/wp-content\/uploads\/2023\/08\/BKR-300x300.jpg 300w, https:\/\/jornalfatosenoticias.com.br\/wp-content\/uploads\/2023\/08\/BKR-150x150.jpg 150w, https:\/\/jornalfatosenoticias.com.br\/wp-content\/uploads\/2023\/08\/BKR-768x766.jpg 768w, https:\/\/jornalfatosenoticias.com.br\/wp-content\/uploads\/2023\/08\/BKR.jpg 1080w\" sizes=\"auto, (max-width: 328px) 100vw, 328px\" \/><\/a><\/figure><\/div>\n\n\n\n<p><strong><span class=\"has-inline-color has-black-color\">Agradecimento aos clientes e parceiros<br><\/span><\/strong>Esses marcos importantes n\u00e3o seriam poss\u00edveis sem a confian\u00e7a e o apoio dos clientes e parceiros. A &#8220;<em><strong>N\u00e3o Mais Pelo<\/strong><\/em>&#8221; agradece a todos que contribu\u00edram para essa trajet\u00f3ria de sucesso e convida a todos a continuarem fazendo parte dessa hist\u00f3ria de inova\u00e7\u00e3o e excel\u00eancia.<\/p>\n\n\n\n<div class=\"wp-block-image\"><figure class=\"aligncenter size-large\"><a href=\"https:\/\/www.facebook.com\/Esteio-Churrascaria-Barbecue-103643461220402\/\"><img decoding=\"async\" src=\"https:\/\/jornalfatosenoticias.com.br\/wp-content\/uploads\/2020\/02\/logo_esteio.jpg\" alt=\"\" class=\"wp-image-1214\"\/><\/a><\/figure><\/div>\n\n\n\n<p>Em suma, os 15 anos da <em><strong>&#8220;N\u00e3o Mais Pelo&#8221; <\/strong><\/em>no Brasil e os 13 anos da franquia de Jardim Camburi s\u00e3o uma celebra\u00e7\u00e3o de conquistas, inova\u00e7\u00e3o e compromisso com a qualidade. Com um futuro promissor pela frente, a empresa continua dedicada a proporcionar os melhores servi\u00e7os de depila\u00e7\u00e3o, sempre com foco na satisfa\u00e7\u00e3o do cliente.<\/p>\n\n\n\n<div class=\"wp-block-image\"><figure class=\"aligncenter size-large is-resized\"><a href=\"https:\/\/hotelmarquetti.com.br\/\"><img loading=\"lazy\" decoding=\"async\" src=\"https:\/\/jornalfatosenoticias.com.br\/wp-content\/uploads\/2023\/03\/nova-logo-Marquetti.jpg\" alt=\"\" class=\"wp-image-40207\" width=\"347\" height=\"233\" srcset=\"https:\/\/jornalfatosenoticias.com.br\/wp-content\/uploads\/2023\/03\/nova-logo-Marquetti.jpg 643w, https:\/\/jornalfatosenoticias.com.br\/wp-content\/uploads\/2023\/03\/nova-logo-Marquetti-300x202.jpg 300w\" sizes=\"auto, (max-width: 347px) 100vw, 347px\" \/><\/a><\/figure><\/div>\n\n\n\n<p><span class=\"has-inline-color has-black-color\"><strong>Milena Rohr<br><\/strong><\/span><em><span class=\"has-inline-color has-black-color\">Gestora Empresarial<\/span><\/em><\/p>\n","protected":false},"excerpt":{"rendered":"<p>A &#8220;N\u00e3o Mais Pelo&#8221; sempre esteve na vanguarda da tecnologia de depila\u00e7\u00e3o, utilizando equipamentos de \u00faltima gera\u00e7\u00e3o que garantem resultados eficazes e seguros Por\u00a0Milena Rohr Em 2024, a empresa &#8220;N\u00e3o Mais Pelo&#8221; comemora um marco significativo: 15 anos de presen\u00e7a no Brasil, acompanhados pelo anivers\u00e1rio de 13 anos da sua franquia em Jardim Camburi, Vit\u00f3ria-ES. [&hellip;]<\/p>\n","protected":false},"author":2,"featured_media":53230,"comment_status":"open","ping_status":"open","sticky":false,"template":"","format":"standard","meta":{"footnotes":""},"categories":[9],"tags":[597,1616,24283,1764,24282,24284],"class_list":["post-53228","post","type-post","status-publish","format-standard","has-post-thumbnail","hentry","category-economia","tag-brasil","tag-celebracao","tag-franquia","tag-jardim-camburi","tag-nao-mais-pelo","tag-tecnologia-de-depilacao"],"yoast_head":"<!-- This site is optimized with the Yoast SEO plugin v26.5 - https:\/\/yoast.com\/wordpress\/plugins\/seo\/ -->\n<title>Celebrando 15 anos de sucesso da &quot;N\u00e3o Mais Pelo&quot; no Brasil e 13 anos da franquia em Jardim Camburi - Jornal Fatos e Not\u00edcias<\/title>\n<meta name=\"robots\" content=\"index, follow, max-snippet:-1, max-image-preview:large, max-video-preview:-1\" \/>\n<link rel=\"canonical\" href=\"https:\/\/jornalfatosenoticias.com.br\/index.php\/2024\/08\/02\/celebrando-15-anos-de-sucesso-da-nao-mais-pelo-no-brasil-e-13-anos-da-franquia-em-jardim-camburi\/\" \/>\n<meta property=\"og:locale\" content=\"pt_BR\" \/>\n<meta property=\"og:type\" content=\"article\" \/>\n<meta property=\"og:title\" content=\"Celebrando 15 anos de sucesso da &quot;N\u00e3o Mais Pelo&quot; no Brasil e 13 anos da franquia em Jardim Camburi - Jornal Fatos e Not\u00edcias\" \/>\n<meta property=\"og:description\" content=\"A &#8220;N\u00e3o Mais Pelo&#8221; sempre esteve na vanguarda da tecnologia de depila\u00e7\u00e3o, utilizando equipamentos de \u00faltima gera\u00e7\u00e3o que garantem resultados eficazes e seguros Por\u00a0Milena Rohr Em 2024, a empresa &#8220;N\u00e3o Mais Pelo&#8221; comemora um marco significativo: 15 anos de presen\u00e7a no Brasil, acompanhados pelo anivers\u00e1rio de 13 anos da sua franquia em Jardim Camburi, Vit\u00f3ria-ES. [&hellip;]\" \/>\n<meta property=\"og:url\" content=\"https:\/\/jornalfatosenoticias.com.br\/index.php\/2024\/08\/02\/celebrando-15-anos-de-sucesso-da-nao-mais-pelo-no-brasil-e-13-anos-da-franquia-em-jardim-camburi\/\" \/>\n<meta property=\"og:site_name\" content=\"Jornal Fatos e Not\u00edcias\" \/>\n<meta property=\"article:published_time\" content=\"2024-08-02T15:48:35+00:00\" \/>\n<meta property=\"article:modified_time\" content=\"2024-08-19T16:44:21+00:00\" \/>\n<meta property=\"og:image\" content=\"https:\/\/jornalfatosenoticias.com.br\/wp-content\/uploads\/2024\/08\/nao-mais-pelo_capa.jpg\" \/>\n\t<meta property=\"og:image:width\" content=\"850\" \/>\n\t<meta property=\"og:image:height\" content=\"544\" \/>\n\t<meta property=\"og:image:type\" content=\"image\/jpeg\" \/>\n<meta name=\"author\" content=\"Luzimara Fernandes\" \/>\n<meta name=\"twitter:card\" content=\"summary_large_image\" \/>\n<meta name=\"twitter:label1\" content=\"Escrito por\" \/>\n\t<meta name=\"twitter:data1\" content=\"Luzimara Fernandes\" \/>\n\t<meta name=\"twitter:label2\" content=\"Est. tempo de leitura\" \/>\n\t<meta name=\"twitter:data2\" content=\"3 minutos\" \/>\n<script type=\"application\/ld+json\" class=\"yoast-schema-graph\">{\"@context\":\"https:\/\/schema.org\",\"@graph\":[{\"@type\":\"Article\",\"@id\":\"https:\/\/jornalfatosenoticias.com.br\/index.php\/2024\/08\/02\/celebrando-15-anos-de-sucesso-da-nao-mais-pelo-no-brasil-e-13-anos-da-franquia-em-jardim-camburi\/#article\",\"isPartOf\":{\"@id\":\"https:\/\/jornalfatosenoticias.com.br\/index.php\/2024\/08\/02\/celebrando-15-anos-de-sucesso-da-nao-mais-pelo-no-brasil-e-13-anos-da-franquia-em-jardim-camburi\/\"},\"author\":{\"name\":\"Luzimara Fernandes\",\"@id\":\"https:\/\/jornalfatosenoticias.com.br\/#\/schema\/person\/d63837fa13ac8666eb9e74e0985d6f81\"},\"headline\":\"Celebrando 15 anos de sucesso da &#8220;N\u00e3o Mais Pelo&#8221; no Brasil e 13 anos da franquia em Jardim Camburi\",\"datePublished\":\"2024-08-02T15:48:35+00:00\",\"dateModified\":\"2024-08-19T16:44:21+00:00\",\"mainEntityOfPage\":{\"@id\":\"https:\/\/jornalfatosenoticias.com.br\/index.php\/2024\/08\/02\/celebrando-15-anos-de-sucesso-da-nao-mais-pelo-no-brasil-e-13-anos-da-franquia-em-jardim-camburi\/\"},\"wordCount\":661,\"commentCount\":0,\"publisher\":{\"@id\":\"https:\/\/jornalfatosenoticias.com.br\/#organization\"},\"image\":{\"@id\":\"https:\/\/jornalfatosenoticias.com.br\/index.php\/2024\/08\/02\/celebrando-15-anos-de-sucesso-da-nao-mais-pelo-no-brasil-e-13-anos-da-franquia-em-jardim-camburi\/#primaryimage\"},\"thumbnailUrl\":\"https:\/\/jornalfatosenoticias.com.br\/wp-content\/uploads\/2024\/08\/nao-mais-pelo_capa.jpg\",\"keywords\":[\"Brasil\",\"celebra\u00e7\u00e3o\",\"franquia\",\"Jardim Camburi\",\"N\u00e3o Mais Pelo\",\"tecnologia de depila\u00e7\u00e3o\"],\"articleSection\":[\"Economia\"],\"inLanguage\":\"pt-BR\",\"potentialAction\":[{\"@type\":\"CommentAction\",\"name\":\"Comment\",\"target\":[\"https:\/\/jornalfatosenoticias.com.br\/index.php\/2024\/08\/02\/celebrando-15-anos-de-sucesso-da-nao-mais-pelo-no-brasil-e-13-anos-da-franquia-em-jardim-camburi\/#respond\"]}]},{\"@type\":\"WebPage\",\"@id\":\"https:\/\/jornalfatosenoticias.com.br\/index.php\/2024\/08\/02\/celebrando-15-anos-de-sucesso-da-nao-mais-pelo-no-brasil-e-13-anos-da-franquia-em-jardim-camburi\/\",\"url\":\"https:\/\/jornalfatosenoticias.com.br\/index.php\/2024\/08\/02\/celebrando-15-anos-de-sucesso-da-nao-mais-pelo-no-brasil-e-13-anos-da-franquia-em-jardim-camburi\/\",\"name\":\"Celebrando 15 anos de sucesso da \\\"N\u00e3o Mais Pelo\\\" no Brasil e 13 anos da franquia em Jardim Camburi - Jornal Fatos e Not\u00edcias\",\"isPartOf\":{\"@id\":\"https:\/\/jornalfatosenoticias.com.br\/#website\"},\"primaryImageOfPage\":{\"@id\":\"https:\/\/jornalfatosenoticias.com.br\/index.php\/2024\/08\/02\/celebrando-15-anos-de-sucesso-da-nao-mais-pelo-no-brasil-e-13-anos-da-franquia-em-jardim-camburi\/#primaryimage\"},\"image\":{\"@id\":\"https:\/\/jornalfatosenoticias.com.br\/index.php\/2024\/08\/02\/celebrando-15-anos-de-sucesso-da-nao-mais-pelo-no-brasil-e-13-anos-da-franquia-em-jardim-camburi\/#primaryimage\"},\"thumbnailUrl\":\"https:\/\/jornalfatosenoticias.com.br\/wp-content\/uploads\/2024\/08\/nao-mais-pelo_capa.jpg\",\"datePublished\":\"2024-08-02T15:48:35+00:00\",\"dateModified\":\"2024-08-19T16:44:21+00:00\",\"breadcrumb\":{\"@id\":\"https:\/\/jornalfatosenoticias.com.br\/index.php\/2024\/08\/02\/celebrando-15-anos-de-sucesso-da-nao-mais-pelo-no-brasil-e-13-anos-da-franquia-em-jardim-camburi\/#breadcrumb\"},\"inLanguage\":\"pt-BR\",\"potentialAction\":[{\"@type\":\"ReadAction\",\"target\":[\"https:\/\/jornalfatosenoticias.com.br\/index.php\/2024\/08\/02\/celebrando-15-anos-de-sucesso-da-nao-mais-pelo-no-brasil-e-13-anos-da-franquia-em-jardim-camburi\/\"]}]},{\"@type\":\"ImageObject\",\"inLanguage\":\"pt-BR\",\"@id\":\"https:\/\/jornalfatosenoticias.com.br\/index.php\/2024\/08\/02\/celebrando-15-anos-de-sucesso-da-nao-mais-pelo-no-brasil-e-13-anos-da-franquia-em-jardim-camburi\/#primaryimage\",\"url\":\"https:\/\/jornalfatosenoticias.com.br\/wp-content\/uploads\/2024\/08\/nao-mais-pelo_capa.jpg\",\"contentUrl\":\"https:\/\/jornalfatosenoticias.com.br\/wp-content\/uploads\/2024\/08\/nao-mais-pelo_capa.jpg\",\"width\":850,\"height\":544},{\"@type\":\"BreadcrumbList\",\"@id\":\"https:\/\/jornalfatosenoticias.com.br\/index.php\/2024\/08\/02\/celebrando-15-anos-de-sucesso-da-nao-mais-pelo-no-brasil-e-13-anos-da-franquia-em-jardim-camburi\/#breadcrumb\",\"itemListElement\":[{\"@type\":\"ListItem\",\"position\":1,\"name\":\"In\u00edcio\",\"item\":\"https:\/\/jornalfatosenoticias.com.br\/\"},{\"@type\":\"ListItem\",\"position\":2,\"name\":\"Celebrando 15 anos de sucesso da &#8220;N\u00e3o Mais Pelo&#8221; no Brasil e 13 anos da franquia em Jardim Camburi\"}]},{\"@type\":\"WebSite\",\"@id\":\"https:\/\/jornalfatosenoticias.com.br\/#website\",\"url\":\"https:\/\/jornalfatosenoticias.com.br\/\",\"name\":\"Jornal Fatos e Not\u00edcias\",\"description\":\"Not\u00edcias em geral\",\"publisher\":{\"@id\":\"https:\/\/jornalfatosenoticias.com.br\/#organization\"},\"potentialAction\":[{\"@type\":\"SearchAction\",\"target\":{\"@type\":\"EntryPoint\",\"urlTemplate\":\"https:\/\/jornalfatosenoticias.com.br\/?s={search_term_string}\"},\"query-input\":{\"@type\":\"PropertyValueSpecification\",\"valueRequired\":true,\"valueName\":\"search_term_string\"}}],\"inLanguage\":\"pt-BR\"},{\"@type\":\"Organization\",\"@id\":\"https:\/\/jornalfatosenoticias.com.br\/#organization\",\"name\":\"Jornal Fatos e Not\u00edcias\",\"url\":\"https:\/\/jornalfatosenoticias.com.br\/\",\"logo\":{\"@type\":\"ImageObject\",\"inLanguage\":\"pt-BR\",\"@id\":\"https:\/\/jornalfatosenoticias.com.br\/#\/schema\/logo\/image\/\",\"url\":\"https:\/\/jornalfatosenoticias.com.br\/wp-content\/uploads\/2020\/02\/logo120.png\",\"contentUrl\":\"https:\/\/jornalfatosenoticias.com.br\/wp-content\/uploads\/2020\/02\/logo120.png\",\"width\":1227,\"height\":120,\"caption\":\"Jornal Fatos e Not\u00edcias\"},\"image\":{\"@id\":\"https:\/\/jornalfatosenoticias.com.br\/#\/schema\/logo\/image\/\"}},{\"@type\":\"Person\",\"@id\":\"https:\/\/jornalfatosenoticias.com.br\/#\/schema\/person\/d63837fa13ac8666eb9e74e0985d6f81\",\"name\":\"Luzimara Fernandes\",\"image\":{\"@type\":\"ImageObject\",\"inLanguage\":\"pt-BR\",\"@id\":\"https:\/\/jornalfatosenoticias.com.br\/#\/schema\/person\/image\/\",\"url\":\"https:\/\/jornalfatosenoticias.com.br\/wp-content\/uploads\/2025\/05\/EU_portal.jpg\",\"contentUrl\":\"https:\/\/jornalfatosenoticias.com.br\/wp-content\/uploads\/2025\/05\/EU_portal.jpg\",\"caption\":\"Luzimara Fernandes\"},\"description\":\"Jornalista MTB 2358-ES\",\"sameAs\":[\"https:\/\/jornalfatosenoticias.com.br\"],\"url\":\"https:\/\/jornalfatosenoticias.com.br\/index.php\/author\/luzimara\/\"}]}<\/script>\n<!-- \/ Yoast SEO plugin. -->","yoast_head_json":{"title":"Celebrando 15 anos de sucesso da \"N\u00e3o Mais Pelo\" no Brasil e 13 anos da franquia em Jardim Camburi - Jornal Fatos e Not\u00edcias","robots":{"index":"index","follow":"follow","max-snippet":"max-snippet:-1","max-image-preview":"max-image-preview:large","max-video-preview":"max-video-preview:-1"},"canonical":"https:\/\/jornalfatosenoticias.com.br\/index.php\/2024\/08\/02\/celebrando-15-anos-de-sucesso-da-nao-mais-pelo-no-brasil-e-13-anos-da-franquia-em-jardim-camburi\/","og_locale":"pt_BR","og_type":"article","og_title":"Celebrando 15 anos de sucesso da \"N\u00e3o Mais Pelo\" no Brasil e 13 anos da franquia em Jardim Camburi - Jornal Fatos e Not\u00edcias","og_description":"A &#8220;N\u00e3o Mais Pelo&#8221; sempre esteve na vanguarda da tecnologia de depila\u00e7\u00e3o, utilizando equipamentos de \u00faltima gera\u00e7\u00e3o que garantem resultados eficazes e seguros Por\u00a0Milena Rohr Em 2024, a empresa &#8220;N\u00e3o Mais Pelo&#8221; comemora um marco significativo: 15 anos de presen\u00e7a no Brasil, acompanhados pelo anivers\u00e1rio de 13 anos da sua franquia em Jardim Camburi, Vit\u00f3ria-ES. [&hellip;]","og_url":"https:\/\/jornalfatosenoticias.com.br\/index.php\/2024\/08\/02\/celebrando-15-anos-de-sucesso-da-nao-mais-pelo-no-brasil-e-13-anos-da-franquia-em-jardim-camburi\/","og_site_name":"Jornal Fatos e Not\u00edcias","article_published_time":"2024-08-02T15:48:35+00:00","article_modified_time":"2024-08-19T16:44:21+00:00","og_image":[{"width":850,"height":544,"url":"https:\/\/jornalfatosenoticias.com.br\/wp-content\/uploads\/2024\/08\/nao-mais-pelo_capa.jpg","type":"image\/jpeg"}],"author":"Luzimara Fernandes","twitter_card":"summary_large_image","twitter_misc":{"Escrito por":"Luzimara Fernandes","Est. tempo de leitura":"3 minutos"},"schema":{"@context":"https:\/\/schema.org","@graph":[{"@type":"Article","@id":"https:\/\/jornalfatosenoticias.com.br\/index.php\/2024\/08\/02\/celebrando-15-anos-de-sucesso-da-nao-mais-pelo-no-brasil-e-13-anos-da-franquia-em-jardim-camburi\/#article","isPartOf":{"@id":"https:\/\/jornalfatosenoticias.com.br\/index.php\/2024\/08\/02\/celebrando-15-anos-de-sucesso-da-nao-mais-pelo-no-brasil-e-13-anos-da-franquia-em-jardim-camburi\/"},"author":{"name":"Luzimara Fernandes","@id":"https:\/\/jornalfatosenoticias.com.br\/#\/schema\/person\/d63837fa13ac8666eb9e74e0985d6f81"},"headline":"Celebrando 15 anos de sucesso da &#8220;N\u00e3o Mais Pelo&#8221; no Brasil e 13 anos da franquia em Jardim Camburi","datePublished":"2024-08-02T15:48:35+00:00","dateModified":"2024-08-19T16:44:21+00:00","mainEntityOfPage":{"@id":"https:\/\/jornalfatosenoticias.com.br\/index.php\/2024\/08\/02\/celebrando-15-anos-de-sucesso-da-nao-mais-pelo-no-brasil-e-13-anos-da-franquia-em-jardim-camburi\/"},"wordCount":661,"commentCount":0,"publisher":{"@id":"https:\/\/jornalfatosenoticias.com.br\/#organization"},"image":{"@id":"https:\/\/jornalfatosenoticias.com.br\/index.php\/2024\/08\/02\/celebrando-15-anos-de-sucesso-da-nao-mais-pelo-no-brasil-e-13-anos-da-franquia-em-jardim-camburi\/#primaryimage"},"thumbnailUrl":"https:\/\/jornalfatosenoticias.com.br\/wp-content\/uploads\/2024\/08\/nao-mais-pelo_capa.jpg","keywords":["Brasil","celebra\u00e7\u00e3o","franquia","Jardim Camburi","N\u00e3o Mais Pelo","tecnologia de depila\u00e7\u00e3o"],"articleSection":["Economia"],"inLanguage":"pt-BR","potentialAction":[{"@type":"CommentAction","name":"Comment","target":["https:\/\/jornalfatosenoticias.com.br\/index.php\/2024\/08\/02\/celebrando-15-anos-de-sucesso-da-nao-mais-pelo-no-brasil-e-13-anos-da-franquia-em-jardim-camburi\/#respond"]}]},{"@type":"WebPage","@id":"https:\/\/jornalfatosenoticias.com.br\/index.php\/2024\/08\/02\/celebrando-15-anos-de-sucesso-da-nao-mais-pelo-no-brasil-e-13-anos-da-franquia-em-jardim-camburi\/","url":"https:\/\/jornalfatosenoticias.com.br\/index.php\/2024\/08\/02\/celebrando-15-anos-de-sucesso-da-nao-mais-pelo-no-brasil-e-13-anos-da-franquia-em-jardim-camburi\/","name":"Celebrando 15 anos de sucesso da \"N\u00e3o Mais Pelo\" no Brasil e 13 anos da franquia em Jardim Camburi - Jornal Fatos e Not\u00edcias","isPartOf":{"@id":"https:\/\/jornalfatosenoticias.com.br\/#website"},"primaryImageOfPage":{"@id":"https:\/\/jornalfatosenoticias.com.br\/index.php\/2024\/08\/02\/celebrando-15-anos-de-sucesso-da-nao-mais-pelo-no-brasil-e-13-anos-da-franquia-em-jardim-camburi\/#primaryimage"},"image":{"@id":"https:\/\/jornalfatosenoticias.com.br\/index.php\/2024\/08\/02\/celebrando-15-anos-de-sucesso-da-nao-mais-pelo-no-brasil-e-13-anos-da-franquia-em-jardim-camburi\/#primaryimage"},"thumbnailUrl":"https:\/\/jornalfatosenoticias.com.br\/wp-content\/uploads\/2024\/08\/nao-mais-pelo_capa.jpg","datePublished":"2024-08-02T15:48:35+00:00","dateModified":"2024-08-19T16:44:21+00:00","breadcrumb":{"@id":"https:\/\/jornalfatosenoticias.com.br\/index.php\/2024\/08\/02\/celebrando-15-anos-de-sucesso-da-nao-mais-pelo-no-brasil-e-13-anos-da-franquia-em-jardim-camburi\/#breadcrumb"},"inLanguage":"pt-BR","potentialAction":[{"@type":"ReadAction","target":["https:\/\/jornalfatosenoticias.com.br\/index.php\/2024\/08\/02\/celebrando-15-anos-de-sucesso-da-nao-mais-pelo-no-brasil-e-13-anos-da-franquia-em-jardim-camburi\/"]}]},{"@type":"ImageObject","inLanguage":"pt-BR","@id":"https:\/\/jornalfatosenoticias.com.br\/index.php\/2024\/08\/02\/celebrando-15-anos-de-sucesso-da-nao-mais-pelo-no-brasil-e-13-anos-da-franquia-em-jardim-camburi\/#primaryimage","url":"https:\/\/jornalfatosenoticias.com.br\/wp-content\/uploads\/2024\/08\/nao-mais-pelo_capa.jpg","contentUrl":"https:\/\/jornalfatosenoticias.com.br\/wp-content\/uploads\/2024\/08\/nao-mais-pelo_capa.jpg","width":850,"height":544},{"@type":"BreadcrumbList","@id":"https:\/\/jornalfatosenoticias.com.br\/index.php\/2024\/08\/02\/celebrando-15-anos-de-sucesso-da-nao-mais-pelo-no-brasil-e-13-anos-da-franquia-em-jardim-camburi\/#breadcrumb","itemListElement":[{"@type":"ListItem","position":1,"name":"In\u00edcio","item":"https:\/\/jornalfatosenoticias.com.br\/"},{"@type":"ListItem","position":2,"name":"Celebrando 15 anos de sucesso da &#8220;N\u00e3o Mais Pelo&#8221; no Brasil e 13 anos da franquia em Jardim Camburi"}]},{"@type":"WebSite","@id":"https:\/\/jornalfatosenoticias.com.br\/#website","url":"https:\/\/jornalfatosenoticias.com.br\/","name":"Jornal Fatos e Not\u00edcias","description":"Not\u00edcias em geral","publisher":{"@id":"https:\/\/jornalfatosenoticias.com.br\/#organization"},"potentialAction":[{"@type":"SearchAction","target":{"@type":"EntryPoint","urlTemplate":"https:\/\/jornalfatosenoticias.com.br\/?s={search_term_string}"},"query-input":{"@type":"PropertyValueSpecification","valueRequired":true,"valueName":"search_term_string"}}],"inLanguage":"pt-BR"},{"@type":"Organization","@id":"https:\/\/jornalfatosenoticias.com.br\/#organization","name":"Jornal Fatos e Not\u00edcias","url":"https:\/\/jornalfatosenoticias.com.br\/","logo":{"@type":"ImageObject","inLanguage":"pt-BR","@id":"https:\/\/jornalfatosenoticias.com.br\/#\/schema\/logo\/image\/","url":"https:\/\/jornalfatosenoticias.com.br\/wp-content\/uploads\/2020\/02\/logo120.png","contentUrl":"https:\/\/jornalfatosenoticias.com.br\/wp-content\/uploads\/2020\/02\/logo120.png","width":1227,"height":120,"caption":"Jornal Fatos e Not\u00edcias"},"image":{"@id":"https:\/\/jornalfatosenoticias.com.br\/#\/schema\/logo\/image\/"}},{"@type":"Person","@id":"https:\/\/jornalfatosenoticias.com.br\/#\/schema\/person\/d63837fa13ac8666eb9e74e0985d6f81","name":"Luzimara Fernandes","image":{"@type":"ImageObject","inLanguage":"pt-BR","@id":"https:\/\/jornalfatosenoticias.com.br\/#\/schema\/person\/image\/","url":"https:\/\/jornalfatosenoticias.com.br\/wp-content\/uploads\/2025\/05\/EU_portal.jpg","contentUrl":"https:\/\/jornalfatosenoticias.com.br\/wp-content\/uploads\/2025\/05\/EU_portal.jpg","caption":"Luzimara Fernandes"},"description":"Jornalista MTB 2358-ES","sameAs":["https:\/\/jornalfatosenoticias.com.br"],"url":"https:\/\/jornalfatosenoticias.com.br\/index.php\/author\/luzimara\/"}]}},"cc_featured_image_caption":{"caption_text":"(Foto: Divulga\u00e7\u00e3o)","source_text":"","source_url":""},"jetpack_featured_media_url":"https:\/\/jornalfatosenoticias.com.br\/wp-content\/uploads\/2024\/08\/nao-mais-pelo_capa.jpg","_links":{"self":[{"href":"https:\/\/jornalfatosenoticias.com.br\/index.php\/wp-json\/wp\/v2\/posts\/53228","targetHints":{"allow":["GET"]}}],"collection":[{"href":"https:\/\/jornalfatosenoticias.com.br\/index.php\/wp-json\/wp\/v2\/posts"}],"about":[{"href":"https:\/\/jornalfatosenoticias.com.br\/index.php\/wp-json\/wp\/v2\/types\/post"}],"author":[{"embeddable":true,"href":"https:\/\/jornalfatosenoticias.com.br\/index.php\/wp-json\/wp\/v2\/users\/2"}],"replies":[{"embeddable":true,"href":"https:\/\/jornalfatosenoticias.com.br\/index.php\/wp-json\/wp\/v2\/comments?post=53228"}],"version-history":[{"count":0,"href":"https:\/\/jornalfatosenoticias.com.br\/index.php\/wp-json\/wp\/v2\/posts\/53228\/revisions"}],"wp:featuredmedia":[{"embeddable":true,"href":"https:\/\/jornalfatosenoticias.com.br\/index.php\/wp-json\/wp\/v2\/media\/53230"}],"wp:attachment":[{"href":"https:\/\/jornalfatosenoticias.com.br\/index.php\/wp-json\/wp\/v2\/media?parent=53228"}],"wp:term":[{"taxonomy":"category","embeddable":true,"href":"https:\/\/jornalfatosenoticias.com.br\/index.php\/wp-json\/wp\/v2\/categories?post=53228"},{"taxonomy":"post_tag","embeddable":true,"href":"https:\/\/jornalfatosenoticias.com.br\/index.php\/wp-json\/wp\/v2\/tags?post=53228"}],"curies":[{"name":"wp","href":"https:\/\/api.w.org\/{rel}","templated":true}]}}