{"id":53235,"date":"2024-08-02T13:08:32","date_gmt":"2024-08-02T16:08:32","guid":{"rendered":"https:\/\/jornalfatosenoticias.com.br\/?p=53235"},"modified":"2024-08-02T13:08:33","modified_gmt":"2024-08-02T16:08:33","slug":"capixaba-de-13-anos-e-ouro-na-olimpiada-global-de-matematica-em-singapura","status":"publish","type":"post","link":"https:\/\/jornalfatosenoticias.com.br\/index.php\/2024\/08\/02\/capixaba-de-13-anos-e-ouro-na-olimpiada-global-de-matematica-em-singapura\/","title":{"rendered":"Capixaba de 13 anos \u00e9 ouro na Olimp\u00edada Global de Matem\u00e1tica em Singapura"},"content":{"rendered":"\n<p><span class=\"has-inline-color has-black-color\">Por <strong>Renata Dias<\/strong><\/span><\/p>\n\n\n\n<div class=\"wp-block-image\"><figure class=\"aligncenter size-large\"><a href=\"https:\/\/mizu.com.br\/\"><img loading=\"lazy\" decoding=\"async\" width=\"729\" height=\"90\" src=\"https:\/\/jornalfatosenoticias.com.br\/wp-content\/uploads\/2020\/02\/Logo_Mizu.png\" alt=\"\" class=\"wp-image-1441\" srcset=\"https:\/\/jornalfatosenoticias.com.br\/wp-content\/uploads\/2020\/02\/Logo_Mizu.png 729w, https:\/\/jornalfatosenoticias.com.br\/wp-content\/uploads\/2020\/02\/Logo_Mizu-300x37.png 300w\" sizes=\"auto, (max-width: 729px) 100vw, 729px\" \/><\/a><\/figure><\/div>\n\n\n\n<p>Um garoto capixaba, de 13 anos, conquistou a medalha de ouro individual e de bronze na categoria de equipe, na Olimp\u00edada Global de Matem\u00e1tica em Singapura vers\u00e3o 2024. Davi Zanchetta Aguiar \u00e9 um g\u00eanio, mas nem por isso deixa de admitir que foi um desafio.<br>\u201cMesmo que tenha sido muito dif\u00edcil, de muito preparo, consegui trazer o ouro para o Brasil\u201d, disse o capixaba, em v\u00eddeo divulgado pela m\u00e3e, Mayte, nas redes sociais. \u201cObrigado, pessoal, valeu pela torcida\u201d, acrescentou ele, com um sorriso imenso.<\/p>\n\n\n\n<div class=\"wp-block-image\"><figure class=\"aligncenter size-large\"><a href=\"https:\/\/cesconetto.com.br\/\"><img loading=\"lazy\" decoding=\"async\" width=\"300\" height=\"250\" src=\"https:\/\/jornalfatosenoticias.com.br\/wp-content\/uploads\/2020\/02\/Banner-2.png\" alt=\"\" class=\"wp-image-43787\"\/><\/a><\/figure><\/div>\n\n\n\n<p>Davi fazia parte da delega\u00e7\u00e3o brasileira com mais 20 estudantes. Ele ficou em 6\u00ba lugar no ranking global da categoria dele na olimp\u00edada. Ele foi at\u00e9 Singapura para participar da Olimp\u00edada Global de Matem\u00e1tica, a Singapore International Math Olympiad Challenge (SIMOC). Na competi\u00e7\u00e3o individual, conquistou a medalha de ouro. J\u00e1 na atividade em grupo, levou o bronze para casa. A competi\u00e7\u00e3o \u00e9 dividida em v\u00e1rias categorias baseadas em diferentes n\u00edveis de escolaridade, abrangendo desde o ensino fundamental at\u00e9 o ensino m\u00e9dio.<\/p>\n\n\n\n<div class=\"wp-block-image\"><figure class=\"aligncenter size-large is-resized\"><a href=\"https:\/\/www.controlsystems.com.br\/\"><img loading=\"lazy\" decoding=\"async\" src=\"https:\/\/jornalfatosenoticias.com.br\/wp-content\/uploads\/2020\/02\/CONTROL-CS.jpg\" alt=\"\" class=\"wp-image-44991\" width=\"269\" height=\"322\" srcset=\"https:\/\/jornalfatosenoticias.com.br\/wp-content\/uploads\/2020\/02\/CONTROL-CS.jpg 834w, https:\/\/jornalfatosenoticias.com.br\/wp-content\/uploads\/2020\/02\/CONTROL-CS-250x300.jpg 250w, https:\/\/jornalfatosenoticias.com.br\/wp-content\/uploads\/2020\/02\/CONTROL-CS-768x921.jpg 768w\" sizes=\"auto, (max-width: 269px) 100vw, 269px\" \/><\/a><\/figure><\/div>\n\n\n\n<p>A m\u00e3e, Mayte Aguiar, \u00e9 felicidade total com a conquista do filho. \u201cEstamos muito felizes por essa conquista muito maior do que esper\u00e1vamos. Atravessamos o mundo para vivenciar esta experi\u00eancia incr\u00edvel em Singapura. A delega\u00e7\u00e3o brasileira fez bonito e representou muito bem o pa\u00eds em um dos pa\u00edses com a melhor educa\u00e7\u00e3o do mundo\u201d, disse.<\/p>\n\n\n\n<div class=\"wp-block-image\"><figure class=\"aligncenter size-large\"><a href=\"http:\/\/www.ferrarimaquinas.com.br\/\"><img loading=\"lazy\" decoding=\"async\" width=\"300\" height=\"250\" src=\"https:\/\/jornalfatosenoticias.com.br\/wp-content\/uploads\/2022\/02\/FERRARI_MAQUINAS-E-FERRAMENTAS2.jpg\" alt=\"\" class=\"wp-image-27860\"\/><\/a><\/figure><\/div>\n\n\n\n<p><strong><span class=\"has-inline-color has-vivid-cyan-blue-color\">Olimp\u00edada Global de Matem\u00e1tica<br><\/span><\/strong>A Olimp\u00edada Global de Matem\u00e1tica, Singapore International Math Olympiad Challenge (SIMOC), ocorre todos os anos. Na vers\u00e3o 2024, participaram 2.400 estudantes de 35 pa\u00edses. Na olimp\u00edada, h\u00e1 tr\u00eas categorias: 1 Concurso individual de Olimp\u00edada de Matem\u00e1tica escrita para as s\u00e9ries de 1 a 12 (do ensino fundamental 1 ao ensino m\u00e9dio 2) e dois desafios baseados em equipe \u2014 Competi\u00e7\u00e3o Math Master Mind e Desafio Mind Sports. As provas s\u00e3o realizadas por etapas. Na individual, h\u00e125 quest\u00f5es (incluindo 10 discursivas).<\/p>\n\n\n\n<div class=\"wp-block-image\"><figure class=\"aligncenter size-large is-resized\"><a href=\"https:\/\/panper.com.br\/\"><img loading=\"lazy\" decoding=\"async\" src=\"https:\/\/jornalfatosenoticias.com.br\/wp-content\/uploads\/2023\/03\/logo-Panper_portal.jpg\" alt=\"\" class=\"wp-image-40208\" width=\"296\" height=\"205\" srcset=\"https:\/\/jornalfatosenoticias.com.br\/wp-content\/uploads\/2023\/03\/logo-Panper_portal.jpg 400w, https:\/\/jornalfatosenoticias.com.br\/wp-content\/uploads\/2023\/03\/logo-Panper_portal-300x208.jpg 300w\" sizes=\"auto, (max-width: 296px) 100vw, 296px\" \/><\/a><\/figure><\/div>\n\n\n\n<p>Os exames em equipe s\u00e3o reunidos estudantes de diferentes nacionalidades para que juntos solu\u00e7\u00f5es e estrat\u00e9gias para as quest\u00f5es apresentadas. Na prova de equipe de Davi, teve ele representou o Brasil, dois alunos a Indon\u00e9sia, um o Camboja e outro da Mong\u00f3lia. Cada etapa tem uma premia\u00e7\u00e3o pr\u00f3pria.<\/p>\n\n\n\n<div class=\"wp-block-image\"><figure class=\"aligncenter size-large is-resized\"><a href=\"https:\/\/www.facebook.com\/vetor.vix\/\"><img loading=\"lazy\" decoding=\"async\" src=\"https:\/\/jornalfatosenoticias.com.br\/wp-content\/uploads\/2023\/09\/vetorvix1024_1.jpg\" alt=\"\" class=\"wp-image-44868\" width=\"535\" height=\"142\" srcset=\"https:\/\/jornalfatosenoticias.com.br\/wp-content\/uploads\/2023\/09\/vetorvix1024_1.jpg 1024w, https:\/\/jornalfatosenoticias.com.br\/wp-content\/uploads\/2023\/09\/vetorvix1024_1-300x80.jpg 300w, https:\/\/jornalfatosenoticias.com.br\/wp-content\/uploads\/2023\/09\/vetorvix1024_1-768x205.jpg 768w\" sizes=\"auto, (max-width: 535px) 100vw, 535px\" \/><\/a><\/figure><\/div>\n\n\n\n<p><strong><em>Fonte: <a href=\"https:\/\/www.sonoticiaboa.com.br\/2024\/07\/26\/capixaba-de-13-anos-e-ouro-na-olimpiada-global-de-matematica-em-singapura-video\">S\u00f3 Not\u00edcia Boa<\/a><\/em><\/strong><\/p>\n","protected":false},"excerpt":{"rendered":"<p>Por Renata Dias Um garoto capixaba, de 13 anos, conquistou a medalha de ouro individual e de bronze na categoria de equipe, na Olimp\u00edada Global de Matem\u00e1tica em Singapura vers\u00e3o 2024. Davi Zanchetta Aguiar \u00e9 um g\u00eanio, mas nem por isso deixa de admitir que foi um desafio.\u201cMesmo que tenha sido muito dif\u00edcil, de muito [&hellip;]<\/p>\n","protected":false},"author":2,"featured_media":53236,"comment_status":"open","ping_status":"open","sticky":false,"template":"","format":"standard","meta":{"footnotes":""},"categories":[7],"tags":[24287,23464,10537,24286,10295],"class_list":["post-53235","post","type-post","status-publish","format-standard","has-post-thumbnail","hentry","category-educacao","tag-estudante-capixaba","tag-genio","tag-medalha-de-ouro","tag-olimpiada-global-de-matematica","tag-singapura"],"yoast_head":"<!-- This site is optimized with the Yoast SEO plugin v26.5 - https:\/\/yoast.com\/wordpress\/plugins\/seo\/ -->\n<title>Capixaba de 13 anos \u00e9 ouro na Olimp\u00edada Global de Matem\u00e1tica em Singapura - Jornal Fatos e Not\u00edcias<\/title>\n<meta name=\"robots\" content=\"index, follow, max-snippet:-1, max-image-preview:large, max-video-preview:-1\" \/>\n<link rel=\"canonical\" href=\"https:\/\/jornalfatosenoticias.com.br\/index.php\/2024\/08\/02\/capixaba-de-13-anos-e-ouro-na-olimpiada-global-de-matematica-em-singapura\/\" \/>\n<meta property=\"og:locale\" content=\"pt_BR\" \/>\n<meta property=\"og:type\" content=\"article\" \/>\n<meta property=\"og:title\" content=\"Capixaba de 13 anos \u00e9 ouro na Olimp\u00edada Global de Matem\u00e1tica em Singapura - Jornal Fatos e Not\u00edcias\" \/>\n<meta property=\"og:description\" content=\"Por Renata Dias Um garoto capixaba, de 13 anos, conquistou a medalha de ouro individual e de bronze na categoria de equipe, na Olimp\u00edada Global de Matem\u00e1tica em Singapura vers\u00e3o 2024. Davi Zanchetta Aguiar \u00e9 um g\u00eanio, mas nem por isso deixa de admitir que foi um desafio.\u201cMesmo que tenha sido muito dif\u00edcil, de muito [&hellip;]\" \/>\n<meta property=\"og:url\" content=\"https:\/\/jornalfatosenoticias.com.br\/index.php\/2024\/08\/02\/capixaba-de-13-anos-e-ouro-na-olimpiada-global-de-matematica-em-singapura\/\" \/>\n<meta property=\"og:site_name\" content=\"Jornal Fatos e Not\u00edcias\" \/>\n<meta property=\"article:published_time\" content=\"2024-08-02T16:08:32+00:00\" \/>\n<meta property=\"article:modified_time\" content=\"2024-08-02T16:08:33+00:00\" \/>\n<meta property=\"og:image\" content=\"https:\/\/jornalfatosenoticias.com.br\/wp-content\/uploads\/2024\/08\/estudante-capixaba.png\" \/>\n\t<meta property=\"og:image:width\" content=\"800\" \/>\n\t<meta property=\"og:image:height\" content=\"560\" \/>\n\t<meta property=\"og:image:type\" content=\"image\/png\" \/>\n<meta name=\"author\" content=\"Luzimara Fernandes\" \/>\n<meta name=\"twitter:card\" content=\"summary_large_image\" \/>\n<meta name=\"twitter:label1\" content=\"Escrito por\" \/>\n\t<meta name=\"twitter:data1\" content=\"Luzimara Fernandes\" \/>\n\t<meta name=\"twitter:label2\" content=\"Est. tempo de leitura\" \/>\n\t<meta name=\"twitter:data2\" content=\"2 minutos\" \/>\n<script type=\"application\/ld+json\" class=\"yoast-schema-graph\">{\"@context\":\"https:\/\/schema.org\",\"@graph\":[{\"@type\":\"Article\",\"@id\":\"https:\/\/jornalfatosenoticias.com.br\/index.php\/2024\/08\/02\/capixaba-de-13-anos-e-ouro-na-olimpiada-global-de-matematica-em-singapura\/#article\",\"isPartOf\":{\"@id\":\"https:\/\/jornalfatosenoticias.com.br\/index.php\/2024\/08\/02\/capixaba-de-13-anos-e-ouro-na-olimpiada-global-de-matematica-em-singapura\/\"},\"author\":{\"name\":\"Luzimara Fernandes\",\"@id\":\"https:\/\/jornalfatosenoticias.com.br\/#\/schema\/person\/d63837fa13ac8666eb9e74e0985d6f81\"},\"headline\":\"Capixaba de 13 anos \u00e9 ouro na Olimp\u00edada Global de Matem\u00e1tica em Singapura\",\"datePublished\":\"2024-08-02T16:08:32+00:00\",\"dateModified\":\"2024-08-02T16:08:33+00:00\",\"mainEntityOfPage\":{\"@id\":\"https:\/\/jornalfatosenoticias.com.br\/index.php\/2024\/08\/02\/capixaba-de-13-anos-e-ouro-na-olimpiada-global-de-matematica-em-singapura\/\"},\"wordCount\":403,\"commentCount\":0,\"publisher\":{\"@id\":\"https:\/\/jornalfatosenoticias.com.br\/#organization\"},\"image\":{\"@id\":\"https:\/\/jornalfatosenoticias.com.br\/index.php\/2024\/08\/02\/capixaba-de-13-anos-e-ouro-na-olimpiada-global-de-matematica-em-singapura\/#primaryimage\"},\"thumbnailUrl\":\"https:\/\/jornalfatosenoticias.com.br\/wp-content\/uploads\/2024\/08\/estudante-capixaba.png\",\"keywords\":[\"estudante capixaba\",\"g\u00eanio\",\"medalha de ouro\",\"Olimp\u00edada Global de Matem\u00e1tica\",\"Singapura\"],\"articleSection\":[\"Educa\u00e7\u00e3o\"],\"inLanguage\":\"pt-BR\",\"potentialAction\":[{\"@type\":\"CommentAction\",\"name\":\"Comment\",\"target\":[\"https:\/\/jornalfatosenoticias.com.br\/index.php\/2024\/08\/02\/capixaba-de-13-anos-e-ouro-na-olimpiada-global-de-matematica-em-singapura\/#respond\"]}]},{\"@type\":\"WebPage\",\"@id\":\"https:\/\/jornalfatosenoticias.com.br\/index.php\/2024\/08\/02\/capixaba-de-13-anos-e-ouro-na-olimpiada-global-de-matematica-em-singapura\/\",\"url\":\"https:\/\/jornalfatosenoticias.com.br\/index.php\/2024\/08\/02\/capixaba-de-13-anos-e-ouro-na-olimpiada-global-de-matematica-em-singapura\/\",\"name\":\"Capixaba de 13 anos \u00e9 ouro na Olimp\u00edada Global de Matem\u00e1tica em Singapura - Jornal Fatos e Not\u00edcias\",\"isPartOf\":{\"@id\":\"https:\/\/jornalfatosenoticias.com.br\/#website\"},\"primaryImageOfPage\":{\"@id\":\"https:\/\/jornalfatosenoticias.com.br\/index.php\/2024\/08\/02\/capixaba-de-13-anos-e-ouro-na-olimpiada-global-de-matematica-em-singapura\/#primaryimage\"},\"image\":{\"@id\":\"https:\/\/jornalfatosenoticias.com.br\/index.php\/2024\/08\/02\/capixaba-de-13-anos-e-ouro-na-olimpiada-global-de-matematica-em-singapura\/#primaryimage\"},\"thumbnailUrl\":\"https:\/\/jornalfatosenoticias.com.br\/wp-content\/uploads\/2024\/08\/estudante-capixaba.png\",\"datePublished\":\"2024-08-02T16:08:32+00:00\",\"dateModified\":\"2024-08-02T16:08:33+00:00\",\"breadcrumb\":{\"@id\":\"https:\/\/jornalfatosenoticias.com.br\/index.php\/2024\/08\/02\/capixaba-de-13-anos-e-ouro-na-olimpiada-global-de-matematica-em-singapura\/#breadcrumb\"},\"inLanguage\":\"pt-BR\",\"potentialAction\":[{\"@type\":\"ReadAction\",\"target\":[\"https:\/\/jornalfatosenoticias.com.br\/index.php\/2024\/08\/02\/capixaba-de-13-anos-e-ouro-na-olimpiada-global-de-matematica-em-singapura\/\"]}]},{\"@type\":\"ImageObject\",\"inLanguage\":\"pt-BR\",\"@id\":\"https:\/\/jornalfatosenoticias.com.br\/index.php\/2024\/08\/02\/capixaba-de-13-anos-e-ouro-na-olimpiada-global-de-matematica-em-singapura\/#primaryimage\",\"url\":\"https:\/\/jornalfatosenoticias.com.br\/wp-content\/uploads\/2024\/08\/estudante-capixaba.png\",\"contentUrl\":\"https:\/\/jornalfatosenoticias.com.br\/wp-content\/uploads\/2024\/08\/estudante-capixaba.png\",\"width\":800,\"height\":560},{\"@type\":\"BreadcrumbList\",\"@id\":\"https:\/\/jornalfatosenoticias.com.br\/index.php\/2024\/08\/02\/capixaba-de-13-anos-e-ouro-na-olimpiada-global-de-matematica-em-singapura\/#breadcrumb\",\"itemListElement\":[{\"@type\":\"ListItem\",\"position\":1,\"name\":\"In\u00edcio\",\"item\":\"https:\/\/jornalfatosenoticias.com.br\/\"},{\"@type\":\"ListItem\",\"position\":2,\"name\":\"Capixaba de 13 anos \u00e9 ouro na Olimp\u00edada Global de Matem\u00e1tica em Singapura\"}]},{\"@type\":\"WebSite\",\"@id\":\"https:\/\/jornalfatosenoticias.com.br\/#website\",\"url\":\"https:\/\/jornalfatosenoticias.com.br\/\",\"name\":\"Jornal Fatos e Not\u00edcias\",\"description\":\"Not\u00edcias em geral\",\"publisher\":{\"@id\":\"https:\/\/jornalfatosenoticias.com.br\/#organization\"},\"potentialAction\":[{\"@type\":\"SearchAction\",\"target\":{\"@type\":\"EntryPoint\",\"urlTemplate\":\"https:\/\/jornalfatosenoticias.com.br\/?s={search_term_string}\"},\"query-input\":{\"@type\":\"PropertyValueSpecification\",\"valueRequired\":true,\"valueName\":\"search_term_string\"}}],\"inLanguage\":\"pt-BR\"},{\"@type\":\"Organization\",\"@id\":\"https:\/\/jornalfatosenoticias.com.br\/#organization\",\"name\":\"Jornal Fatos e Not\u00edcias\",\"url\":\"https:\/\/jornalfatosenoticias.com.br\/\",\"logo\":{\"@type\":\"ImageObject\",\"inLanguage\":\"pt-BR\",\"@id\":\"https:\/\/jornalfatosenoticias.com.br\/#\/schema\/logo\/image\/\",\"url\":\"https:\/\/jornalfatosenoticias.com.br\/wp-content\/uploads\/2020\/02\/logo120.png\",\"contentUrl\":\"https:\/\/jornalfatosenoticias.com.br\/wp-content\/uploads\/2020\/02\/logo120.png\",\"width\":1227,\"height\":120,\"caption\":\"Jornal Fatos e Not\u00edcias\"},\"image\":{\"@id\":\"https:\/\/jornalfatosenoticias.com.br\/#\/schema\/logo\/image\/\"}},{\"@type\":\"Person\",\"@id\":\"https:\/\/jornalfatosenoticias.com.br\/#\/schema\/person\/d63837fa13ac8666eb9e74e0985d6f81\",\"name\":\"Luzimara Fernandes\",\"image\":{\"@type\":\"ImageObject\",\"inLanguage\":\"pt-BR\",\"@id\":\"https:\/\/jornalfatosenoticias.com.br\/#\/schema\/person\/image\/\",\"url\":\"https:\/\/jornalfatosenoticias.com.br\/wp-content\/uploads\/2025\/05\/EU_portal.jpg\",\"contentUrl\":\"https:\/\/jornalfatosenoticias.com.br\/wp-content\/uploads\/2025\/05\/EU_portal.jpg\",\"caption\":\"Luzimara Fernandes\"},\"description\":\"Jornalista MTB 2358-ES\",\"sameAs\":[\"https:\/\/jornalfatosenoticias.com.br\"],\"url\":\"https:\/\/jornalfatosenoticias.com.br\/index.php\/author\/luzimara\/\"}]}<\/script>\n<!-- \/ Yoast SEO plugin. -->","yoast_head_json":{"title":"Capixaba de 13 anos \u00e9 ouro na Olimp\u00edada Global de Matem\u00e1tica em Singapura - Jornal Fatos e Not\u00edcias","robots":{"index":"index","follow":"follow","max-snippet":"max-snippet:-1","max-image-preview":"max-image-preview:large","max-video-preview":"max-video-preview:-1"},"canonical":"https:\/\/jornalfatosenoticias.com.br\/index.php\/2024\/08\/02\/capixaba-de-13-anos-e-ouro-na-olimpiada-global-de-matematica-em-singapura\/","og_locale":"pt_BR","og_type":"article","og_title":"Capixaba de 13 anos \u00e9 ouro na Olimp\u00edada Global de Matem\u00e1tica em Singapura - Jornal Fatos e Not\u00edcias","og_description":"Por Renata Dias Um garoto capixaba, de 13 anos, conquistou a medalha de ouro individual e de bronze na categoria de equipe, na Olimp\u00edada Global de Matem\u00e1tica em Singapura vers\u00e3o 2024. Davi Zanchetta Aguiar \u00e9 um g\u00eanio, mas nem por isso deixa de admitir que foi um desafio.\u201cMesmo que tenha sido muito dif\u00edcil, de muito [&hellip;]","og_url":"https:\/\/jornalfatosenoticias.com.br\/index.php\/2024\/08\/02\/capixaba-de-13-anos-e-ouro-na-olimpiada-global-de-matematica-em-singapura\/","og_site_name":"Jornal Fatos e Not\u00edcias","article_published_time":"2024-08-02T16:08:32+00:00","article_modified_time":"2024-08-02T16:08:33+00:00","og_image":[{"width":800,"height":560,"url":"https:\/\/jornalfatosenoticias.com.br\/wp-content\/uploads\/2024\/08\/estudante-capixaba.png","type":"image\/png"}],"author":"Luzimara Fernandes","twitter_card":"summary_large_image","twitter_misc":{"Escrito por":"Luzimara Fernandes","Est. tempo de leitura":"2 minutos"},"schema":{"@context":"https:\/\/schema.org","@graph":[{"@type":"Article","@id":"https:\/\/jornalfatosenoticias.com.br\/index.php\/2024\/08\/02\/capixaba-de-13-anos-e-ouro-na-olimpiada-global-de-matematica-em-singapura\/#article","isPartOf":{"@id":"https:\/\/jornalfatosenoticias.com.br\/index.php\/2024\/08\/02\/capixaba-de-13-anos-e-ouro-na-olimpiada-global-de-matematica-em-singapura\/"},"author":{"name":"Luzimara Fernandes","@id":"https:\/\/jornalfatosenoticias.com.br\/#\/schema\/person\/d63837fa13ac8666eb9e74e0985d6f81"},"headline":"Capixaba de 13 anos \u00e9 ouro na Olimp\u00edada Global de Matem\u00e1tica em Singapura","datePublished":"2024-08-02T16:08:32+00:00","dateModified":"2024-08-02T16:08:33+00:00","mainEntityOfPage":{"@id":"https:\/\/jornalfatosenoticias.com.br\/index.php\/2024\/08\/02\/capixaba-de-13-anos-e-ouro-na-olimpiada-global-de-matematica-em-singapura\/"},"wordCount":403,"commentCount":0,"publisher":{"@id":"https:\/\/jornalfatosenoticias.com.br\/#organization"},"image":{"@id":"https:\/\/jornalfatosenoticias.com.br\/index.php\/2024\/08\/02\/capixaba-de-13-anos-e-ouro-na-olimpiada-global-de-matematica-em-singapura\/#primaryimage"},"thumbnailUrl":"https:\/\/jornalfatosenoticias.com.br\/wp-content\/uploads\/2024\/08\/estudante-capixaba.png","keywords":["estudante capixaba","g\u00eanio","medalha de ouro","Olimp\u00edada Global de Matem\u00e1tica","Singapura"],"articleSection":["Educa\u00e7\u00e3o"],"inLanguage":"pt-BR","potentialAction":[{"@type":"CommentAction","name":"Comment","target":["https:\/\/jornalfatosenoticias.com.br\/index.php\/2024\/08\/02\/capixaba-de-13-anos-e-ouro-na-olimpiada-global-de-matematica-em-singapura\/#respond"]}]},{"@type":"WebPage","@id":"https:\/\/jornalfatosenoticias.com.br\/index.php\/2024\/08\/02\/capixaba-de-13-anos-e-ouro-na-olimpiada-global-de-matematica-em-singapura\/","url":"https:\/\/jornalfatosenoticias.com.br\/index.php\/2024\/08\/02\/capixaba-de-13-anos-e-ouro-na-olimpiada-global-de-matematica-em-singapura\/","name":"Capixaba de 13 anos \u00e9 ouro na Olimp\u00edada Global de Matem\u00e1tica em Singapura - Jornal Fatos e Not\u00edcias","isPartOf":{"@id":"https:\/\/jornalfatosenoticias.com.br\/#website"},"primaryImageOfPage":{"@id":"https:\/\/jornalfatosenoticias.com.br\/index.php\/2024\/08\/02\/capixaba-de-13-anos-e-ouro-na-olimpiada-global-de-matematica-em-singapura\/#primaryimage"},"image":{"@id":"https:\/\/jornalfatosenoticias.com.br\/index.php\/2024\/08\/02\/capixaba-de-13-anos-e-ouro-na-olimpiada-global-de-matematica-em-singapura\/#primaryimage"},"thumbnailUrl":"https:\/\/jornalfatosenoticias.com.br\/wp-content\/uploads\/2024\/08\/estudante-capixaba.png","datePublished":"2024-08-02T16:08:32+00:00","dateModified":"2024-08-02T16:08:33+00:00","breadcrumb":{"@id":"https:\/\/jornalfatosenoticias.com.br\/index.php\/2024\/08\/02\/capixaba-de-13-anos-e-ouro-na-olimpiada-global-de-matematica-em-singapura\/#breadcrumb"},"inLanguage":"pt-BR","potentialAction":[{"@type":"ReadAction","target":["https:\/\/jornalfatosenoticias.com.br\/index.php\/2024\/08\/02\/capixaba-de-13-anos-e-ouro-na-olimpiada-global-de-matematica-em-singapura\/"]}]},{"@type":"ImageObject","inLanguage":"pt-BR","@id":"https:\/\/jornalfatosenoticias.com.br\/index.php\/2024\/08\/02\/capixaba-de-13-anos-e-ouro-na-olimpiada-global-de-matematica-em-singapura\/#primaryimage","url":"https:\/\/jornalfatosenoticias.com.br\/wp-content\/uploads\/2024\/08\/estudante-capixaba.png","contentUrl":"https:\/\/jornalfatosenoticias.com.br\/wp-content\/uploads\/2024\/08\/estudante-capixaba.png","width":800,"height":560},{"@type":"BreadcrumbList","@id":"https:\/\/jornalfatosenoticias.com.br\/index.php\/2024\/08\/02\/capixaba-de-13-anos-e-ouro-na-olimpiada-global-de-matematica-em-singapura\/#breadcrumb","itemListElement":[{"@type":"ListItem","position":1,"name":"In\u00edcio","item":"https:\/\/jornalfatosenoticias.com.br\/"},{"@type":"ListItem","position":2,"name":"Capixaba de 13 anos \u00e9 ouro na Olimp\u00edada Global de Matem\u00e1tica em Singapura"}]},{"@type":"WebSite","@id":"https:\/\/jornalfatosenoticias.com.br\/#website","url":"https:\/\/jornalfatosenoticias.com.br\/","name":"Jornal Fatos e Not\u00edcias","description":"Not\u00edcias em geral","publisher":{"@id":"https:\/\/jornalfatosenoticias.com.br\/#organization"},"potentialAction":[{"@type":"SearchAction","target":{"@type":"EntryPoint","urlTemplate":"https:\/\/jornalfatosenoticias.com.br\/?s={search_term_string}"},"query-input":{"@type":"PropertyValueSpecification","valueRequired":true,"valueName":"search_term_string"}}],"inLanguage":"pt-BR"},{"@type":"Organization","@id":"https:\/\/jornalfatosenoticias.com.br\/#organization","name":"Jornal Fatos e Not\u00edcias","url":"https:\/\/jornalfatosenoticias.com.br\/","logo":{"@type":"ImageObject","inLanguage":"pt-BR","@id":"https:\/\/jornalfatosenoticias.com.br\/#\/schema\/logo\/image\/","url":"https:\/\/jornalfatosenoticias.com.br\/wp-content\/uploads\/2020\/02\/logo120.png","contentUrl":"https:\/\/jornalfatosenoticias.com.br\/wp-content\/uploads\/2020\/02\/logo120.png","width":1227,"height":120,"caption":"Jornal Fatos e Not\u00edcias"},"image":{"@id":"https:\/\/jornalfatosenoticias.com.br\/#\/schema\/logo\/image\/"}},{"@type":"Person","@id":"https:\/\/jornalfatosenoticias.com.br\/#\/schema\/person\/d63837fa13ac8666eb9e74e0985d6f81","name":"Luzimara Fernandes","image":{"@type":"ImageObject","inLanguage":"pt-BR","@id":"https:\/\/jornalfatosenoticias.com.br\/#\/schema\/person\/image\/","url":"https:\/\/jornalfatosenoticias.com.br\/wp-content\/uploads\/2025\/05\/EU_portal.jpg","contentUrl":"https:\/\/jornalfatosenoticias.com.br\/wp-content\/uploads\/2025\/05\/EU_portal.jpg","caption":"Luzimara Fernandes"},"description":"Jornalista MTB 2358-ES","sameAs":["https:\/\/jornalfatosenoticias.com.br"],"url":"https:\/\/jornalfatosenoticias.com.br\/index.php\/author\/luzimara\/"}]}},"cc_featured_image_caption":{"caption_text":"(Foto: Reprodu\u00e7\u00e3o) ","source_text":"","source_url":""},"jetpack_featured_media_url":"https:\/\/jornalfatosenoticias.com.br\/wp-content\/uploads\/2024\/08\/estudante-capixaba.png","_links":{"self":[{"href":"https:\/\/jornalfatosenoticias.com.br\/index.php\/wp-json\/wp\/v2\/posts\/53235","targetHints":{"allow":["GET"]}}],"collection":[{"href":"https:\/\/jornalfatosenoticias.com.br\/index.php\/wp-json\/wp\/v2\/posts"}],"about":[{"href":"https:\/\/jornalfatosenoticias.com.br\/index.php\/wp-json\/wp\/v2\/types\/post"}],"author":[{"embeddable":true,"href":"https:\/\/jornalfatosenoticias.com.br\/index.php\/wp-json\/wp\/v2\/users\/2"}],"replies":[{"embeddable":true,"href":"https:\/\/jornalfatosenoticias.com.br\/index.php\/wp-json\/wp\/v2\/comments?post=53235"}],"version-history":[{"count":0,"href":"https:\/\/jornalfatosenoticias.com.br\/index.php\/wp-json\/wp\/v2\/posts\/53235\/revisions"}],"wp:featuredmedia":[{"embeddable":true,"href":"https:\/\/jornalfatosenoticias.com.br\/index.php\/wp-json\/wp\/v2\/media\/53236"}],"wp:attachment":[{"href":"https:\/\/jornalfatosenoticias.com.br\/index.php\/wp-json\/wp\/v2\/media?parent=53235"}],"wp:term":[{"taxonomy":"category","embeddable":true,"href":"https:\/\/jornalfatosenoticias.com.br\/index.php\/wp-json\/wp\/v2\/categories?post=53235"},{"taxonomy":"post_tag","embeddable":true,"href":"https:\/\/jornalfatosenoticias.com.br\/index.php\/wp-json\/wp\/v2\/tags?post=53235"}],"curies":[{"name":"wp","href":"https:\/\/api.w.org\/{rel}","templated":true}]}}