{"id":53244,"date":"2024-08-05T09:33:55","date_gmt":"2024-08-05T12:33:55","guid":{"rendered":"https:\/\/jornalfatosenoticias.com.br\/?p=53244"},"modified":"2024-08-05T09:33:57","modified_gmt":"2024-08-05T12:33:57","slug":"autor-italiano-compra-briga-em-livro-que-desmistifica-a-culinaria-de-seu-pais","status":"publish","type":"post","link":"https:\/\/jornalfatosenoticias.com.br\/index.php\/2024\/08\/05\/autor-italiano-compra-briga-em-livro-que-desmistifica-a-culinaria-de-seu-pais\/","title":{"rendered":"Autor italiano compra briga em livro que desmistifica a culin\u00e1ria de seu pa\u00eds"},"content":{"rendered":"\n<p><em><span class=\"has-inline-color has-black-color\">Capa e contracapa da edi\u00e7\u00e3o brasileira do livro \u201cAs Mentiras da Nonna\u201d<\/span><\/em><\/p>\n\n\n\n<p><span class=\"has-inline-color has-black-color\">Por <strong>Andr\u00e9 Luiz Corr\u00eaa<\/strong><\/span><\/p>\n\n\n\n<div class=\"wp-block-image\"><figure class=\"aligncenter size-large\"><a href=\"https:\/\/mizu.com.br\/\"><img loading=\"lazy\" decoding=\"async\" width=\"729\" height=\"90\" src=\"https:\/\/jornalfatosenoticias.com.br\/wp-content\/uploads\/2020\/02\/Logo_Mizu.png\" alt=\"\" class=\"wp-image-1441\" srcset=\"https:\/\/jornalfatosenoticias.com.br\/wp-content\/uploads\/2020\/02\/Logo_Mizu.png 729w, https:\/\/jornalfatosenoticias.com.br\/wp-content\/uploads\/2020\/02\/Logo_Mizu-300x37.png 300w\" sizes=\"auto, (max-width: 729px) 100vw, 729px\" \/><\/a><\/figure><\/div>\n\n\n\n<p>A culin\u00e1ria italiana \u00e9 uma farsa. As cantinas, pizzarias e tabernas vendem produtos que, a rigor, n\u00e3o s\u00e3o italianos. H\u00e1 muito de marketing em toda essa hist\u00f3ria e pouco de uma tradi\u00e7\u00e3o que atravessou anos at\u00e9 chegar em um restaurante de Roma. Cidade, ali\u00e1s, que teve tanta influ\u00eancia nos pratos quanto qualquer outro destino do mundo em que um italiano pisou. S\u00e3o estes os principais argumentos de <em>As Mentiras da Nonna,<\/em> de Alberto Grandi.<br>Quem fala tem autoridade pra comprar essa briga. Grandi \u00e9 um italiano de M\u00e2ntua, comuna de menos de 50 mil habitantes, no norte da \u201cbota\u201d. Mais do que isso, \u00e9 professor de Hist\u00f3ria da Alimenta\u00e7\u00e3o na Universidade de Parma. O livro foi sucesso de vendas e tamb\u00e9m de pol\u00eamicas em seu pa\u00eds. Aqui, ganhou tradu\u00e7\u00e3o da editora Todavia, com pref\u00e1cio do pr\u00f3prio autor, no qual afirma que, assim, seu livro \u201cvolta pra casa\u201d. At\u00e9 porque \u201csem a m\u00edtica pizza de S\u00e3o Paulo, a pizza de N\u00e1poles n\u00e3o seria t\u00e3o famosa\u201d.<\/p>\n\n\n\n<div class=\"wp-block-image\"><figure class=\"aligncenter size-large\"><a href=\"https:\/\/cesconetto.com.br\/\"><img loading=\"lazy\" decoding=\"async\" width=\"300\" height=\"250\" src=\"https:\/\/jornalfatosenoticias.com.br\/wp-content\/uploads\/2022\/02\/Banner-2.png\" alt=\"\" class=\"wp-image-27877\"\/><\/a><\/figure><\/div>\n\n\n\n<p>\u00c9 esse tom iconoclasta que perpassa todos os cap\u00edtulos. De \u201cA cozinha italiana n\u00e3o tem nem cinquenta anos\u201d, o mais interessante deles, at\u00e9 o \u00faltimo, \u201cE Viva a Nutella\u201d, que traz um argumento um pouco confuso. A obra tem algo de <em>Guia Politicamente Incorreto,<\/em> famosa s\u00e9rie do jornalista Leandro Narloch, ao desmentir as hist\u00f3rias que acreditamos, ou que nos fazem acreditar.<\/p>\n\n\n\n<div class=\"wp-block-image\"><figure class=\"aligncenter size-large is-resized\"><a href=\"https:\/\/www.instagram.com\/rapuzeljastro\/\"><img loading=\"lazy\" decoding=\"async\" src=\"https:\/\/jornalfatosenoticias.com.br\/wp-content\/uploads\/2020\/02\/logo-Rapuzel-1024x571.jpg\" alt=\"\" class=\"wp-image-42808\" width=\"350\" height=\"195\" srcset=\"https:\/\/jornalfatosenoticias.com.br\/wp-content\/uploads\/2020\/02\/logo-Rapuzel-1024x571.jpg 1024w, https:\/\/jornalfatosenoticias.com.br\/wp-content\/uploads\/2020\/02\/logo-Rapuzel-300x167.jpg 300w, https:\/\/jornalfatosenoticias.com.br\/wp-content\/uploads\/2020\/02\/logo-Rapuzel-768x428.jpg 768w, https:\/\/jornalfatosenoticias.com.br\/wp-content\/uploads\/2020\/02\/logo-Rapuzel-1536x856.jpg 1536w, https:\/\/jornalfatosenoticias.com.br\/wp-content\/uploads\/2020\/02\/logo-Rapuzel.jpg 1600w\" sizes=\"auto, (max-width: 350px) 100vw, 350px\" \/><\/a><\/figure><\/div>\n\n\n\n<p>Grandi nos lembra logo de cara que a It\u00e1lia \u00e9 um pa\u00eds relativamente novo (a unifica\u00e7\u00e3o italiana s\u00f3 terminou em 1871) e que, um pouco depois, mais de 15 milh\u00f5es migraram para outros lugares. A verdade \u00e9 que, em sua terra natal, os italianos conviviam com a fome, dispensando, portanto, qualquer refinamento culin\u00e1rio: \u201cSe a pessoa pudesse comer massa e pizza em seu pa\u00eds, n\u00e3o iria para a Am\u00e9rica, certo?\u201d. Aparentemente, certo.<\/p>\n\n\n\n<div class=\"wp-block-image\"><figure class=\"aligncenter size-large is-resized\"><a href=\"https:\/\/www.facebook.com\/postobkr\/?locale=pt_BR\"><img loading=\"lazy\" decoding=\"async\" src=\"https:\/\/jornalfatosenoticias.com.br\/wp-content\/uploads\/2023\/08\/BKR-1024x1021.jpg\" alt=\"\" class=\"wp-image-44494\" width=\"290\" height=\"289\" srcset=\"https:\/\/jornalfatosenoticias.com.br\/wp-content\/uploads\/2023\/08\/BKR-1024x1021.jpg 1024w, https:\/\/jornalfatosenoticias.com.br\/wp-content\/uploads\/2023\/08\/BKR-300x300.jpg 300w, https:\/\/jornalfatosenoticias.com.br\/wp-content\/uploads\/2023\/08\/BKR-150x150.jpg 150w, https:\/\/jornalfatosenoticias.com.br\/wp-content\/uploads\/2023\/08\/BKR-768x766.jpg 768w, https:\/\/jornalfatosenoticias.com.br\/wp-content\/uploads\/2023\/08\/BKR.jpg 1080w\" sizes=\"auto, (max-width: 290px) 100vw, 290px\" \/><\/a><\/figure><\/div>\n\n\n\n<p>Nos Estados Unidos, e at\u00e9 no Brasil, os imigrantes puderam sustentar suas fam\u00edlias com as \u201cremessas\u201d e tamb\u00e9m transformar a culin\u00e1ria italiana, sobretudo a partir do interc\u00e2mbio local. Aqui, os italianos descobriram a carne. Nos Estados Unidos, o ovo, o leite e o queijo. Ap\u00f3s a Primeira Guerra Mundial, muitos enxergam nisso um modelo de neg\u00f3cio, ou o \u201cmade in italy\u201d, como Grandi gosta de se referir.<\/p>\n\n\n\n<div class=\"wp-block-image\"><figure class=\"aligncenter size-large is-resized\"><a href=\"https:\/\/www.instagram.com\/restaurantepegoretti\/\"><img loading=\"lazy\" decoding=\"async\" src=\"https:\/\/jornalfatosenoticias.com.br\/wp-content\/uploads\/2023\/12\/pegoretti-logo-pdf-1024x389.jpg\" alt=\"\" class=\"wp-image-47536\" width=\"401\" height=\"152\" srcset=\"https:\/\/jornalfatosenoticias.com.br\/wp-content\/uploads\/2023\/12\/pegoretti-logo-pdf-1024x389.jpg 1024w, https:\/\/jornalfatosenoticias.com.br\/wp-content\/uploads\/2023\/12\/pegoretti-logo-pdf-300x114.jpg 300w, https:\/\/jornalfatosenoticias.com.br\/wp-content\/uploads\/2023\/12\/pegoretti-logo-pdf-768x291.jpg 768w, https:\/\/jornalfatosenoticias.com.br\/wp-content\/uploads\/2023\/12\/pegoretti-logo-pdf.jpg 1120w\" sizes=\"auto, (max-width: 401px) 100vw, 401px\" \/><\/a><\/figure><\/div>\n\n\n\n<p>Dessa forma foi poss\u00edvel fazer um \u201cresgate social\u201d do macarr\u00e3o e da pizza que, em N\u00e1poles, eram comidos na rua. Tanto que o primeiro lugar para consumo exclusivo de pizza, segundo o autor, foi em Nova York, em 1911 \u2014 mesmo que o Google diga que foi em N\u00e1poles, em 1738.<\/p>\n\n\n\n<div class=\"wp-block-image\"><figure class=\"aligncenter size-large is-resized\"><a href=\"https:\/\/www.ithbrasil.com.br\/\"><img loading=\"lazy\" decoding=\"async\" src=\"https:\/\/jornalfatosenoticias.com.br\/wp-content\/uploads\/2023\/08\/ITH.jpeg\" alt=\"\" class=\"wp-image-44638\" width=\"307\" height=\"249\" srcset=\"https:\/\/jornalfatosenoticias.com.br\/wp-content\/uploads\/2023\/08\/ITH.jpeg 800w, https:\/\/jornalfatosenoticias.com.br\/wp-content\/uploads\/2023\/08\/ITH-300x244.jpeg 300w, https:\/\/jornalfatosenoticias.com.br\/wp-content\/uploads\/2023\/08\/ITH-768x624.jpeg 768w\" sizes=\"auto, (max-width: 307px) 100vw, 307px\" \/><\/a><\/figure><\/div>\n\n\n\n<p>Para os pouco \u00edntimos da culin\u00e1ria italiana, os cap\u00edtulos seguintes podem ser um pouco cansativos. H\u00e1 as hist\u00f3rias do panetone, do vinagre bals\u00e2mico e do espaguete, mas tamb\u00e9m do tomate de Pachino, do presunto cru e do vinho Marsala. H\u00e1 algum excesso de detalhes, como os caminhos burocr\u00e1ticos para decidir quem \u00e9 o inventor de cada iguaria.<\/p>\n\n\n\n<div class=\"wp-block-image\"><figure class=\"aligncenter size-large\"><a href=\"https:\/\/www.instagram.com\/baraodascarnes.es\/\"><img decoding=\"async\" src=\"https:\/\/jornalfatosenoticias.com.br\/wp-content\/uploads\/2020\/02\/barao-das-carnes-300x164-1.jpg\" alt=\"\" class=\"wp-image-34339\"\/><\/a><\/figure><\/div>\n\n\n\n<p>Ao final, depois de praticamente destruir uma cantina, o autor tenta responder o que \u00e9 a culin\u00e1ria italiana. Segundo ele, os produtos realmente \u201ct\u00edpicos\u201d s\u00e3o aqueles que s\u00e3o reconhecidos pelo p\u00fablico como tal, como a\u2026 Nutella. O famoso creme de avel\u00e3 \u00e9, de fato, enraizado na cultura e preza pela qualidade. \u201cExiste algu\u00e9m que n\u00e3o saiba que a Ferrero e, portanto, a Nutella, \u00e9 italiana?\u201d H\u00e1 controv\u00e9rsia\u2026<\/p>\n\n\n\n<div class=\"wp-block-image\"><figure class=\"aligncenter size-large\"><a href=\"https:\/\/www.facebook.com\/Esteio-Churrascaria-Barbecue-103643461220402\/\"><img decoding=\"async\" src=\"https:\/\/jornalfatosenoticias.com.br\/wp-content\/uploads\/2020\/02\/logo_esteio.jpg\" alt=\"\" class=\"wp-image-1214\"\/><\/a><\/figure><\/div>\n\n\n\n<p>O livro vale muito pelo seu in\u00edcio e quem se interessa a fundo pela culin\u00e1ria italiana vai desfrutar de cap\u00edtulos saborosos. O estilo \u00e9 bem-humorado, lembrando muito o de uma conversa. Resta saber se os \u00edtalo-brasileiros ter\u00e3o a mesma impress\u00e3o ou se o volume de voz, acompanhado de gestos largos, ir\u00e1 aumentar.<\/p>\n\n\n\n<div class=\"wp-block-image\"><figure class=\"aligncenter size-large is-resized\"><a href=\"https:\/\/www.facebook.com\/vetor.vix\/\"><img loading=\"lazy\" decoding=\"async\" src=\"https:\/\/jornalfatosenoticias.com.br\/wp-content\/uploads\/2023\/09\/vetorvix1024_1.jpg\" alt=\"\" class=\"wp-image-44868\" width=\"528\" height=\"140\" srcset=\"https:\/\/jornalfatosenoticias.com.br\/wp-content\/uploads\/2023\/09\/vetorvix1024_1.jpg 1024w, https:\/\/jornalfatosenoticias.com.br\/wp-content\/uploads\/2023\/09\/vetorvix1024_1-300x80.jpg 300w, https:\/\/jornalfatosenoticias.com.br\/wp-content\/uploads\/2023\/09\/vetorvix1024_1-768x205.jpg 768w\" sizes=\"auto, (max-width: 528px) 100vw, 528px\" \/><\/a><\/figure><\/div>\n\n\n\n<p><strong><em>Fonte: <a href=\"https:\/\/www.gazetadopovo.com.br\/cultura\/autor-italiano-compra-briga-em-livro-que-desmistifica-a-culinaria-de-seu-pais\/\">Gazeta do Povo<\/a><\/em><\/strong><\/p>\n","protected":false},"excerpt":{"rendered":"<p>Capa e contracapa da edi\u00e7\u00e3o brasileira do livro \u201cAs Mentiras da Nonna\u201d Por Andr\u00e9 Luiz Corr\u00eaa A culin\u00e1ria italiana \u00e9 uma farsa. As cantinas, pizzarias e tabernas vendem produtos que, a rigor, n\u00e3o s\u00e3o italianos. H\u00e1 muito de marketing em toda essa hist\u00f3ria e pouco de uma tradi\u00e7\u00e3o que atravessou anos at\u00e9 chegar em um [&hellip;]<\/p>\n","protected":false},"author":2,"featured_media":53245,"comment_status":"open","ping_status":"open","sticky":false,"template":"","format":"standard","meta":{"footnotes":""},"categories":[4],"tags":[1751,125,124,5390,7935,24291,24292,4992,305],"class_list":["post-53244","post","type-post","status-publish","format-standard","has-post-thumbnail","hentry","category-cultura","tag-estados-unidos","tag-europa","tag-italia","tag-livros","tag-nova-york","tag-politicamente-incorreto","tag-referencia-italiana","tag-roma-2","tag-sao-paulo"],"yoast_head":"<!-- This site is optimized with the Yoast SEO plugin v26.5 - https:\/\/yoast.com\/wordpress\/plugins\/seo\/ -->\n<title>Autor italiano compra briga em livro que desmistifica a culin\u00e1ria de seu pa\u00eds - Jornal Fatos e Not\u00edcias<\/title>\n<meta name=\"robots\" content=\"index, follow, max-snippet:-1, max-image-preview:large, max-video-preview:-1\" \/>\n<link rel=\"canonical\" href=\"https:\/\/jornalfatosenoticias.com.br\/index.php\/2024\/08\/05\/autor-italiano-compra-briga-em-livro-que-desmistifica-a-culinaria-de-seu-pais\/\" \/>\n<meta property=\"og:locale\" content=\"pt_BR\" \/>\n<meta property=\"og:type\" content=\"article\" \/>\n<meta property=\"og:title\" content=\"Autor italiano compra briga em livro que desmistifica a culin\u00e1ria de seu pa\u00eds - Jornal Fatos e Not\u00edcias\" \/>\n<meta property=\"og:description\" content=\"Capa e contracapa da edi\u00e7\u00e3o brasileira do livro \u201cAs Mentiras da Nonna\u201d Por Andr\u00e9 Luiz Corr\u00eaa A culin\u00e1ria italiana \u00e9 uma farsa. As cantinas, pizzarias e tabernas vendem produtos que, a rigor, n\u00e3o s\u00e3o italianos. H\u00e1 muito de marketing em toda essa hist\u00f3ria e pouco de uma tradi\u00e7\u00e3o que atravessou anos at\u00e9 chegar em um [&hellip;]\" \/>\n<meta property=\"og:url\" content=\"https:\/\/jornalfatosenoticias.com.br\/index.php\/2024\/08\/05\/autor-italiano-compra-briga-em-livro-que-desmistifica-a-culinaria-de-seu-pais\/\" \/>\n<meta property=\"og:site_name\" content=\"Jornal Fatos e Not\u00edcias\" \/>\n<meta property=\"article:published_time\" content=\"2024-08-05T12:33:55+00:00\" \/>\n<meta property=\"article:modified_time\" content=\"2024-08-05T12:33:57+00:00\" \/>\n<meta property=\"og:image\" content=\"https:\/\/jornalfatosenoticias.com.br\/wp-content\/uploads\/2024\/08\/as-mentiras-da-nonna.jpeg\" \/>\n\t<meta property=\"og:image:width\" content=\"960\" \/>\n\t<meta property=\"og:image:height\" content=\"540\" \/>\n\t<meta property=\"og:image:type\" content=\"image\/jpeg\" \/>\n<meta name=\"author\" content=\"Luzimara Fernandes\" \/>\n<meta name=\"twitter:card\" content=\"summary_large_image\" \/>\n<meta name=\"twitter:label1\" content=\"Escrito por\" \/>\n\t<meta name=\"twitter:data1\" content=\"Luzimara Fernandes\" \/>\n\t<meta name=\"twitter:label2\" content=\"Est. tempo de leitura\" \/>\n\t<meta name=\"twitter:data2\" content=\"3 minutos\" \/>\n<script type=\"application\/ld+json\" class=\"yoast-schema-graph\">{\"@context\":\"https:\/\/schema.org\",\"@graph\":[{\"@type\":\"Article\",\"@id\":\"https:\/\/jornalfatosenoticias.com.br\/index.php\/2024\/08\/05\/autor-italiano-compra-briga-em-livro-que-desmistifica-a-culinaria-de-seu-pais\/#article\",\"isPartOf\":{\"@id\":\"https:\/\/jornalfatosenoticias.com.br\/index.php\/2024\/08\/05\/autor-italiano-compra-briga-em-livro-que-desmistifica-a-culinaria-de-seu-pais\/\"},\"author\":{\"name\":\"Luzimara Fernandes\",\"@id\":\"https:\/\/jornalfatosenoticias.com.br\/#\/schema\/person\/d63837fa13ac8666eb9e74e0985d6f81\"},\"headline\":\"Autor italiano compra briga em livro que desmistifica a culin\u00e1ria de seu pa\u00eds\",\"datePublished\":\"2024-08-05T12:33:55+00:00\",\"dateModified\":\"2024-08-05T12:33:57+00:00\",\"mainEntityOfPage\":{\"@id\":\"https:\/\/jornalfatosenoticias.com.br\/index.php\/2024\/08\/05\/autor-italiano-compra-briga-em-livro-que-desmistifica-a-culinaria-de-seu-pais\/\"},\"wordCount\":674,\"commentCount\":0,\"publisher\":{\"@id\":\"https:\/\/jornalfatosenoticias.com.br\/#organization\"},\"image\":{\"@id\":\"https:\/\/jornalfatosenoticias.com.br\/index.php\/2024\/08\/05\/autor-italiano-compra-briga-em-livro-que-desmistifica-a-culinaria-de-seu-pais\/#primaryimage\"},\"thumbnailUrl\":\"https:\/\/jornalfatosenoticias.com.br\/wp-content\/uploads\/2024\/08\/as-mentiras-da-nonna.jpeg\",\"keywords\":[\"Estados Unidos\",\"Europa\",\"It\u00e1lia\",\"livros\",\"Nova York\",\"politicamente incorreto\",\"refer\u00eancia italiana\",\"Roma\",\"S\u00e3o Paulo\"],\"articleSection\":[\"Cultura\"],\"inLanguage\":\"pt-BR\",\"potentialAction\":[{\"@type\":\"CommentAction\",\"name\":\"Comment\",\"target\":[\"https:\/\/jornalfatosenoticias.com.br\/index.php\/2024\/08\/05\/autor-italiano-compra-briga-em-livro-que-desmistifica-a-culinaria-de-seu-pais\/#respond\"]}]},{\"@type\":\"WebPage\",\"@id\":\"https:\/\/jornalfatosenoticias.com.br\/index.php\/2024\/08\/05\/autor-italiano-compra-briga-em-livro-que-desmistifica-a-culinaria-de-seu-pais\/\",\"url\":\"https:\/\/jornalfatosenoticias.com.br\/index.php\/2024\/08\/05\/autor-italiano-compra-briga-em-livro-que-desmistifica-a-culinaria-de-seu-pais\/\",\"name\":\"Autor italiano compra briga em livro que desmistifica a culin\u00e1ria de seu pa\u00eds - Jornal Fatos e Not\u00edcias\",\"isPartOf\":{\"@id\":\"https:\/\/jornalfatosenoticias.com.br\/#website\"},\"primaryImageOfPage\":{\"@id\":\"https:\/\/jornalfatosenoticias.com.br\/index.php\/2024\/08\/05\/autor-italiano-compra-briga-em-livro-que-desmistifica-a-culinaria-de-seu-pais\/#primaryimage\"},\"image\":{\"@id\":\"https:\/\/jornalfatosenoticias.com.br\/index.php\/2024\/08\/05\/autor-italiano-compra-briga-em-livro-que-desmistifica-a-culinaria-de-seu-pais\/#primaryimage\"},\"thumbnailUrl\":\"https:\/\/jornalfatosenoticias.com.br\/wp-content\/uploads\/2024\/08\/as-mentiras-da-nonna.jpeg\",\"datePublished\":\"2024-08-05T12:33:55+00:00\",\"dateModified\":\"2024-08-05T12:33:57+00:00\",\"breadcrumb\":{\"@id\":\"https:\/\/jornalfatosenoticias.com.br\/index.php\/2024\/08\/05\/autor-italiano-compra-briga-em-livro-que-desmistifica-a-culinaria-de-seu-pais\/#breadcrumb\"},\"inLanguage\":\"pt-BR\",\"potentialAction\":[{\"@type\":\"ReadAction\",\"target\":[\"https:\/\/jornalfatosenoticias.com.br\/index.php\/2024\/08\/05\/autor-italiano-compra-briga-em-livro-que-desmistifica-a-culinaria-de-seu-pais\/\"]}]},{\"@type\":\"ImageObject\",\"inLanguage\":\"pt-BR\",\"@id\":\"https:\/\/jornalfatosenoticias.com.br\/index.php\/2024\/08\/05\/autor-italiano-compra-briga-em-livro-que-desmistifica-a-culinaria-de-seu-pais\/#primaryimage\",\"url\":\"https:\/\/jornalfatosenoticias.com.br\/wp-content\/uploads\/2024\/08\/as-mentiras-da-nonna.jpeg\",\"contentUrl\":\"https:\/\/jornalfatosenoticias.com.br\/wp-content\/uploads\/2024\/08\/as-mentiras-da-nonna.jpeg\",\"width\":960,\"height\":540},{\"@type\":\"BreadcrumbList\",\"@id\":\"https:\/\/jornalfatosenoticias.com.br\/index.php\/2024\/08\/05\/autor-italiano-compra-briga-em-livro-que-desmistifica-a-culinaria-de-seu-pais\/#breadcrumb\",\"itemListElement\":[{\"@type\":\"ListItem\",\"position\":1,\"name\":\"In\u00edcio\",\"item\":\"https:\/\/jornalfatosenoticias.com.br\/\"},{\"@type\":\"ListItem\",\"position\":2,\"name\":\"Autor italiano compra briga em livro que desmistifica a culin\u00e1ria de seu pa\u00eds\"}]},{\"@type\":\"WebSite\",\"@id\":\"https:\/\/jornalfatosenoticias.com.br\/#website\",\"url\":\"https:\/\/jornalfatosenoticias.com.br\/\",\"name\":\"Jornal Fatos e Not\u00edcias\",\"description\":\"Not\u00edcias em geral\",\"publisher\":{\"@id\":\"https:\/\/jornalfatosenoticias.com.br\/#organization\"},\"potentialAction\":[{\"@type\":\"SearchAction\",\"target\":{\"@type\":\"EntryPoint\",\"urlTemplate\":\"https:\/\/jornalfatosenoticias.com.br\/?s={search_term_string}\"},\"query-input\":{\"@type\":\"PropertyValueSpecification\",\"valueRequired\":true,\"valueName\":\"search_term_string\"}}],\"inLanguage\":\"pt-BR\"},{\"@type\":\"Organization\",\"@id\":\"https:\/\/jornalfatosenoticias.com.br\/#organization\",\"name\":\"Jornal Fatos e Not\u00edcias\",\"url\":\"https:\/\/jornalfatosenoticias.com.br\/\",\"logo\":{\"@type\":\"ImageObject\",\"inLanguage\":\"pt-BR\",\"@id\":\"https:\/\/jornalfatosenoticias.com.br\/#\/schema\/logo\/image\/\",\"url\":\"https:\/\/jornalfatosenoticias.com.br\/wp-content\/uploads\/2020\/02\/logo120.png\",\"contentUrl\":\"https:\/\/jornalfatosenoticias.com.br\/wp-content\/uploads\/2020\/02\/logo120.png\",\"width\":1227,\"height\":120,\"caption\":\"Jornal Fatos e Not\u00edcias\"},\"image\":{\"@id\":\"https:\/\/jornalfatosenoticias.com.br\/#\/schema\/logo\/image\/\"}},{\"@type\":\"Person\",\"@id\":\"https:\/\/jornalfatosenoticias.com.br\/#\/schema\/person\/d63837fa13ac8666eb9e74e0985d6f81\",\"name\":\"Luzimara Fernandes\",\"image\":{\"@type\":\"ImageObject\",\"inLanguage\":\"pt-BR\",\"@id\":\"https:\/\/jornalfatosenoticias.com.br\/#\/schema\/person\/image\/\",\"url\":\"https:\/\/jornalfatosenoticias.com.br\/wp-content\/uploads\/2025\/05\/EU_portal.jpg\",\"contentUrl\":\"https:\/\/jornalfatosenoticias.com.br\/wp-content\/uploads\/2025\/05\/EU_portal.jpg\",\"caption\":\"Luzimara Fernandes\"},\"description\":\"Jornalista MTB 2358-ES\",\"sameAs\":[\"https:\/\/jornalfatosenoticias.com.br\"],\"url\":\"https:\/\/jornalfatosenoticias.com.br\/index.php\/author\/luzimara\/\"}]}<\/script>\n<!-- \/ Yoast SEO plugin. -->","yoast_head_json":{"title":"Autor italiano compra briga em livro que desmistifica a culin\u00e1ria de seu pa\u00eds - Jornal Fatos e Not\u00edcias","robots":{"index":"index","follow":"follow","max-snippet":"max-snippet:-1","max-image-preview":"max-image-preview:large","max-video-preview":"max-video-preview:-1"},"canonical":"https:\/\/jornalfatosenoticias.com.br\/index.php\/2024\/08\/05\/autor-italiano-compra-briga-em-livro-que-desmistifica-a-culinaria-de-seu-pais\/","og_locale":"pt_BR","og_type":"article","og_title":"Autor italiano compra briga em livro que desmistifica a culin\u00e1ria de seu pa\u00eds - Jornal Fatos e Not\u00edcias","og_description":"Capa e contracapa da edi\u00e7\u00e3o brasileira do livro \u201cAs Mentiras da Nonna\u201d Por Andr\u00e9 Luiz Corr\u00eaa A culin\u00e1ria italiana \u00e9 uma farsa. As cantinas, pizzarias e tabernas vendem produtos que, a rigor, n\u00e3o s\u00e3o italianos. H\u00e1 muito de marketing em toda essa hist\u00f3ria e pouco de uma tradi\u00e7\u00e3o que atravessou anos at\u00e9 chegar em um [&hellip;]","og_url":"https:\/\/jornalfatosenoticias.com.br\/index.php\/2024\/08\/05\/autor-italiano-compra-briga-em-livro-que-desmistifica-a-culinaria-de-seu-pais\/","og_site_name":"Jornal Fatos e Not\u00edcias","article_published_time":"2024-08-05T12:33:55+00:00","article_modified_time":"2024-08-05T12:33:57+00:00","og_image":[{"width":960,"height":540,"url":"https:\/\/jornalfatosenoticias.com.br\/wp-content\/uploads\/2024\/08\/as-mentiras-da-nonna.jpeg","type":"image\/jpeg"}],"author":"Luzimara Fernandes","twitter_card":"summary_large_image","twitter_misc":{"Escrito por":"Luzimara Fernandes","Est. tempo de leitura":"3 minutos"},"schema":{"@context":"https:\/\/schema.org","@graph":[{"@type":"Article","@id":"https:\/\/jornalfatosenoticias.com.br\/index.php\/2024\/08\/05\/autor-italiano-compra-briga-em-livro-que-desmistifica-a-culinaria-de-seu-pais\/#article","isPartOf":{"@id":"https:\/\/jornalfatosenoticias.com.br\/index.php\/2024\/08\/05\/autor-italiano-compra-briga-em-livro-que-desmistifica-a-culinaria-de-seu-pais\/"},"author":{"name":"Luzimara Fernandes","@id":"https:\/\/jornalfatosenoticias.com.br\/#\/schema\/person\/d63837fa13ac8666eb9e74e0985d6f81"},"headline":"Autor italiano compra briga em livro que desmistifica a culin\u00e1ria de seu pa\u00eds","datePublished":"2024-08-05T12:33:55+00:00","dateModified":"2024-08-05T12:33:57+00:00","mainEntityOfPage":{"@id":"https:\/\/jornalfatosenoticias.com.br\/index.php\/2024\/08\/05\/autor-italiano-compra-briga-em-livro-que-desmistifica-a-culinaria-de-seu-pais\/"},"wordCount":674,"commentCount":0,"publisher":{"@id":"https:\/\/jornalfatosenoticias.com.br\/#organization"},"image":{"@id":"https:\/\/jornalfatosenoticias.com.br\/index.php\/2024\/08\/05\/autor-italiano-compra-briga-em-livro-que-desmistifica-a-culinaria-de-seu-pais\/#primaryimage"},"thumbnailUrl":"https:\/\/jornalfatosenoticias.com.br\/wp-content\/uploads\/2024\/08\/as-mentiras-da-nonna.jpeg","keywords":["Estados Unidos","Europa","It\u00e1lia","livros","Nova York","politicamente incorreto","refer\u00eancia italiana","Roma","S\u00e3o Paulo"],"articleSection":["Cultura"],"inLanguage":"pt-BR","potentialAction":[{"@type":"CommentAction","name":"Comment","target":["https:\/\/jornalfatosenoticias.com.br\/index.php\/2024\/08\/05\/autor-italiano-compra-briga-em-livro-que-desmistifica-a-culinaria-de-seu-pais\/#respond"]}]},{"@type":"WebPage","@id":"https:\/\/jornalfatosenoticias.com.br\/index.php\/2024\/08\/05\/autor-italiano-compra-briga-em-livro-que-desmistifica-a-culinaria-de-seu-pais\/","url":"https:\/\/jornalfatosenoticias.com.br\/index.php\/2024\/08\/05\/autor-italiano-compra-briga-em-livro-que-desmistifica-a-culinaria-de-seu-pais\/","name":"Autor italiano compra briga em livro que desmistifica a culin\u00e1ria de seu pa\u00eds - Jornal Fatos e Not\u00edcias","isPartOf":{"@id":"https:\/\/jornalfatosenoticias.com.br\/#website"},"primaryImageOfPage":{"@id":"https:\/\/jornalfatosenoticias.com.br\/index.php\/2024\/08\/05\/autor-italiano-compra-briga-em-livro-que-desmistifica-a-culinaria-de-seu-pais\/#primaryimage"},"image":{"@id":"https:\/\/jornalfatosenoticias.com.br\/index.php\/2024\/08\/05\/autor-italiano-compra-briga-em-livro-que-desmistifica-a-culinaria-de-seu-pais\/#primaryimage"},"thumbnailUrl":"https:\/\/jornalfatosenoticias.com.br\/wp-content\/uploads\/2024\/08\/as-mentiras-da-nonna.jpeg","datePublished":"2024-08-05T12:33:55+00:00","dateModified":"2024-08-05T12:33:57+00:00","breadcrumb":{"@id":"https:\/\/jornalfatosenoticias.com.br\/index.php\/2024\/08\/05\/autor-italiano-compra-briga-em-livro-que-desmistifica-a-culinaria-de-seu-pais\/#breadcrumb"},"inLanguage":"pt-BR","potentialAction":[{"@type":"ReadAction","target":["https:\/\/jornalfatosenoticias.com.br\/index.php\/2024\/08\/05\/autor-italiano-compra-briga-em-livro-que-desmistifica-a-culinaria-de-seu-pais\/"]}]},{"@type":"ImageObject","inLanguage":"pt-BR","@id":"https:\/\/jornalfatosenoticias.com.br\/index.php\/2024\/08\/05\/autor-italiano-compra-briga-em-livro-que-desmistifica-a-culinaria-de-seu-pais\/#primaryimage","url":"https:\/\/jornalfatosenoticias.com.br\/wp-content\/uploads\/2024\/08\/as-mentiras-da-nonna.jpeg","contentUrl":"https:\/\/jornalfatosenoticias.com.br\/wp-content\/uploads\/2024\/08\/as-mentiras-da-nonna.jpeg","width":960,"height":540},{"@type":"BreadcrumbList","@id":"https:\/\/jornalfatosenoticias.com.br\/index.php\/2024\/08\/05\/autor-italiano-compra-briga-em-livro-que-desmistifica-a-culinaria-de-seu-pais\/#breadcrumb","itemListElement":[{"@type":"ListItem","position":1,"name":"In\u00edcio","item":"https:\/\/jornalfatosenoticias.com.br\/"},{"@type":"ListItem","position":2,"name":"Autor italiano compra briga em livro que desmistifica a culin\u00e1ria de seu pa\u00eds"}]},{"@type":"WebSite","@id":"https:\/\/jornalfatosenoticias.com.br\/#website","url":"https:\/\/jornalfatosenoticias.com.br\/","name":"Jornal Fatos e Not\u00edcias","description":"Not\u00edcias em geral","publisher":{"@id":"https:\/\/jornalfatosenoticias.com.br\/#organization"},"potentialAction":[{"@type":"SearchAction","target":{"@type":"EntryPoint","urlTemplate":"https:\/\/jornalfatosenoticias.com.br\/?s={search_term_string}"},"query-input":{"@type":"PropertyValueSpecification","valueRequired":true,"valueName":"search_term_string"}}],"inLanguage":"pt-BR"},{"@type":"Organization","@id":"https:\/\/jornalfatosenoticias.com.br\/#organization","name":"Jornal Fatos e Not\u00edcias","url":"https:\/\/jornalfatosenoticias.com.br\/","logo":{"@type":"ImageObject","inLanguage":"pt-BR","@id":"https:\/\/jornalfatosenoticias.com.br\/#\/schema\/logo\/image\/","url":"https:\/\/jornalfatosenoticias.com.br\/wp-content\/uploads\/2020\/02\/logo120.png","contentUrl":"https:\/\/jornalfatosenoticias.com.br\/wp-content\/uploads\/2020\/02\/logo120.png","width":1227,"height":120,"caption":"Jornal Fatos e Not\u00edcias"},"image":{"@id":"https:\/\/jornalfatosenoticias.com.br\/#\/schema\/logo\/image\/"}},{"@type":"Person","@id":"https:\/\/jornalfatosenoticias.com.br\/#\/schema\/person\/d63837fa13ac8666eb9e74e0985d6f81","name":"Luzimara Fernandes","image":{"@type":"ImageObject","inLanguage":"pt-BR","@id":"https:\/\/jornalfatosenoticias.com.br\/#\/schema\/person\/image\/","url":"https:\/\/jornalfatosenoticias.com.br\/wp-content\/uploads\/2025\/05\/EU_portal.jpg","contentUrl":"https:\/\/jornalfatosenoticias.com.br\/wp-content\/uploads\/2025\/05\/EU_portal.jpg","caption":"Luzimara Fernandes"},"description":"Jornalista MTB 2358-ES","sameAs":["https:\/\/jornalfatosenoticias.com.br"],"url":"https:\/\/jornalfatosenoticias.com.br\/index.php\/author\/luzimara\/"}]}},"cc_featured_image_caption":{"caption_text":"(Foto: Reprodu\u00e7\u00e3o\/Amazon) ","source_text":"","source_url":""},"jetpack_featured_media_url":"https:\/\/jornalfatosenoticias.com.br\/wp-content\/uploads\/2024\/08\/as-mentiras-da-nonna.jpeg","_links":{"self":[{"href":"https:\/\/jornalfatosenoticias.com.br\/index.php\/wp-json\/wp\/v2\/posts\/53244","targetHints":{"allow":["GET"]}}],"collection":[{"href":"https:\/\/jornalfatosenoticias.com.br\/index.php\/wp-json\/wp\/v2\/posts"}],"about":[{"href":"https:\/\/jornalfatosenoticias.com.br\/index.php\/wp-json\/wp\/v2\/types\/post"}],"author":[{"embeddable":true,"href":"https:\/\/jornalfatosenoticias.com.br\/index.php\/wp-json\/wp\/v2\/users\/2"}],"replies":[{"embeddable":true,"href":"https:\/\/jornalfatosenoticias.com.br\/index.php\/wp-json\/wp\/v2\/comments?post=53244"}],"version-history":[{"count":0,"href":"https:\/\/jornalfatosenoticias.com.br\/index.php\/wp-json\/wp\/v2\/posts\/53244\/revisions"}],"wp:featuredmedia":[{"embeddable":true,"href":"https:\/\/jornalfatosenoticias.com.br\/index.php\/wp-json\/wp\/v2\/media\/53245"}],"wp:attachment":[{"href":"https:\/\/jornalfatosenoticias.com.br\/index.php\/wp-json\/wp\/v2\/media?parent=53244"}],"wp:term":[{"taxonomy":"category","embeddable":true,"href":"https:\/\/jornalfatosenoticias.com.br\/index.php\/wp-json\/wp\/v2\/categories?post=53244"},{"taxonomy":"post_tag","embeddable":true,"href":"https:\/\/jornalfatosenoticias.com.br\/index.php\/wp-json\/wp\/v2\/tags?post=53244"}],"curies":[{"name":"wp","href":"https:\/\/api.w.org\/{rel}","templated":true}]}}