{"id":5328,"date":"2020-06-05T14:27:31","date_gmt":"2020-06-05T17:27:31","guid":{"rendered":"https:\/\/jornalfatosenoticias.com.br\/?p=5328"},"modified":"2020-06-05T14:27:34","modified_gmt":"2020-06-05T17:27:34","slug":"disfarces-que-contribuem-para-o-diagnostico-tardio-do-autismo-em-meninas","status":"publish","type":"post","link":"https:\/\/jornalfatosenoticias.com.br\/index.php\/2020\/06\/05\/disfarces-que-contribuem-para-o-diagnostico-tardio-do-autismo-em-meninas\/","title":{"rendered":"Disfarces que contribuem para o diagn\u00f3stico tardio do autismo em meninas"},"content":{"rendered":"\n<p>Meninas com autismo recebem diagn\u00f3stico em m\u00e9dia um ano depois que meninos. \u00c9 o que mostra estudo realizado por pesquisadores da Brown University, nos Estados Unidos, e publicado em janeiro deste ano na revista cient\u00edfica Autism Research. Entre os motivos que podem justificar a demora na identifica\u00e7\u00e3o da condi\u00e7\u00e3o est\u00e1 o fato de as meninas apresentarem habilidades lingu\u00edsticas mais avan\u00e7adas que os meninos. O atraso na linguagem \u00e9, normalmente, o primeiro sinal de autismo notado por pais e m\u00e9dicos.<br>De acordo com estimativas, meninos t\u00eam cerca de tr\u00eas a quatro vezes mais chances de serem identificados com Transtorno do Espectro Autista (TEA). Relat\u00f3rio de mar\u00e7o deste ano dos Centers for Disease Control and Prevention (CDC), nos Estados Unidos, relatou aumento de 10% no autismo no pa\u00eds, com taxa de preval\u00eancia de um em 35 entre os meninos (ou 2,97%) e um em 145 entre as meninas (equivalente a 0,69%). O dado, que \u00e9 considerado para estimativas mundiais, triplicou entre 2000 e 2016.<br>O atraso na identifica\u00e7\u00e3o do transtorno \u00e9 grave. &#8220;H\u00e1 estudos demonstrando que o atraso na descoberta do autismo em meninas pode chegar h\u00e1 cinco anos. Como em muitos casos a linguagem e a presen\u00e7a de fala s\u00e3o mais desenvolvidas em meninas com TEA do que em meninos, muitas vezes perde-se a oportunidade de fazer o diagn\u00f3stico precocemente&#8221;, explica o neurologista pedi\u00e1trico Erasmo Barbante Casella, do Hospital Israelita Albert Einstein.<br>Outro motivo para o atraso do diagn\u00f3stico \u00e9 que alguns sinais do TEA s\u00e3o semelhantes ao da ansiedade e da depress\u00e3o em meninas. &#8220;N\u00e3o \u00e9 incomum atendermos crian\u00e7as com 13, 14, 15 anos com autismo e que n\u00e3o foram diagnosticadas por confus\u00e3o de sintomas&#8221;, afirma Casella.<br>Por terem o comportamento social naturalmente mais desenvolvido que os meninos, as condi\u00e7\u00f5es do transtorno do espectro de autismo leve nas garotas podem ser menos percebidas. &#8220;As meninas t\u00eam um desejo maior de socializar e fazer amigos, apresentam mais habilidades imaginativas e capacidade de fantasiar e frequentemente se sentem frustradas por n\u00e3o conseguirem. J\u00e1 os meninos, em muitos casos, n\u00e3o fazem quest\u00e3o de ter companhia e tendem a ficar mais isolados&#8221;, diz o neuropediatra. Por isso, as garotas conseguem disfar\u00e7ar suas dificuldades copiando comportamento de outras meninas ou tentando se envolver em brincadeiras.<br>\u00c9 maior o n\u00famero de meninas que apresentam menos estereotipias \u2013 termo m\u00e9dico para a\u00e7\u00f5es repetitivas de movimento, postura ou fala que fazem parte da rotina de pessoa com espectro do autismo. &#8220;Elas tamb\u00e9m apresentam menos interesses restritos que os colegas do g\u00eanero oposto com TEA, como interessar-se por navios de guerra, planetas, avi\u00f5es. Quando ocorrem, elas tendem a inibir esses comportamentos com maior intensidade para parecerem semelhantes aos seus pares&#8221;, diz Casella. Ele lembra que muitas atitudes das meninas que podem sinalizar o espectro do autismo s\u00e3o aceitas como caracter\u00edsticas pr\u00f3prias como timidez ou gosto por organiza\u00e7\u00e3o para a\u00e7\u00f5es repetidas de arruma\u00e7\u00e3o.<br>De acordo com os pesquisadores da Brown University, a confirma\u00e7\u00e3o de que a descoberta do autismo em meninas \u00e9 tardia \u00e9 importante para o estabelecimento de novos crit\u00e9rios de avalia\u00e7\u00e3o cl\u00ednica para seu diagn\u00f3stico. &#8220;Precisamos pensar em como podemos melhorar o reconhecimento do autismo em indiv\u00edduos, incluindo muitas dessas meninas, que n\u00e3o t\u00eam o mesmo n\u00edvel de atraso no idioma prim\u00e1rio, mas que podem manifestar outras dificuldades na comunica\u00e7\u00e3o social, na brincadeira social e na adapta\u00e7\u00e3o ao mundo social&#8221;, explica Eric Morrow, autor do estudo e professor associado de biologia molecular, neuroci\u00eancia e psiquiatria da universidade.<br>&#8220;Comportamentos e atitudes como as estereotipias e a intera\u00e7\u00e3o social n\u00e3o costumam melhorar com rem\u00e9dios, mas o tratamento com terapia baseada na an\u00e1lise aplicada do comportamento pode determinar resultados muito satisfat\u00f3rios, principalmente se iniciados precocemente em raz\u00e3o da maior plasticidade cerebral das crian\u00e7as mais novas. Assim, quanto antes for o in\u00edcio do tratamento, melhores ser\u00e3o os resultados&#8221;, completa o m\u00e9dico do Einstein.<\/p>\n\n\n\n<h4 class=\"wp-block-heading\">Os primeiros sinais<\/h4>\n\n\n\n<p>Estar atento aos sinais, ainda que sutis, \u00e9 importante para adiantar o diagn\u00f3stico do TEA. Al\u00e9m do atraso na fala, crian\u00e7as com o espectro apresentam dificuldade de contato visual e n\u00e3o t\u00eam aten\u00e7\u00e3o compartilhada, apresentam mais dificuldade para demonstrar dor e praticarem intera\u00e7\u00e3o social. &#8220;Os pais precisam acompanhar o dia a dia da crian\u00e7a. Devem lembrar que o est\u00edmulo \u00e9 fundamental para o desenvolvimento dos pequenos e diante de qualquer desconfian\u00e7a devem procurar um especialista&#8221;, afirma Casella.<\/p>\n\n\n\n<p><strong><em>Fonte: <a href=\"https:\/\/www.uol.com.br\/vivabem\/noticias\/redacao\/2020\/06\/01\/disfarces-que-contribuem-para-o-diagnostico-tardio-do-autismo-em-meninas.htm\">UOL<\/a><\/em><\/strong><\/p>\n","protected":false},"excerpt":{"rendered":"<p>Meninas com autismo recebem diagn\u00f3stico em m\u00e9dia um ano depois que meninos. \u00c9 o que mostra estudo realizado por pesquisadores da Brown University, nos Estados Unidos, e publicado em janeiro deste ano na revista cient\u00edfica Autism Research. Entre os motivos que podem justificar a demora na identifica\u00e7\u00e3o da condi\u00e7\u00e3o est\u00e1 o fato de as meninas [&hellip;]<\/p>\n","protected":false},"author":2,"featured_media":5329,"comment_status":"open","ping_status":"open","sticky":false,"template":"","format":"standard","meta":{"footnotes":""},"categories":[11],"tags":[2263,1125,2256,3188,2262],"class_list":["post-5328","post","type-post","status-publish","format-standard","has-post-thumbnail","hentry","category-saude","tag-autismo","tag-diagnostico","tag-dificuldades","tag-espectro","tag-tea"],"yoast_head":"<!-- This site is optimized with the Yoast SEO plugin v26.5 - https:\/\/yoast.com\/wordpress\/plugins\/seo\/ -->\n<title>Disfarces que contribuem para o diagn\u00f3stico tardio do autismo em meninas - Jornal Fatos e Not\u00edcias<\/title>\n<meta name=\"robots\" content=\"index, follow, max-snippet:-1, max-image-preview:large, max-video-preview:-1\" \/>\n<link rel=\"canonical\" href=\"https:\/\/jornalfatosenoticias.com.br\/index.php\/2020\/06\/05\/disfarces-que-contribuem-para-o-diagnostico-tardio-do-autismo-em-meninas\/\" \/>\n<meta property=\"og:locale\" content=\"pt_BR\" \/>\n<meta property=\"og:type\" content=\"article\" \/>\n<meta property=\"og:title\" content=\"Disfarces que contribuem para o diagn\u00f3stico tardio do autismo em meninas - Jornal Fatos e Not\u00edcias\" \/>\n<meta property=\"og:description\" content=\"Meninas com autismo recebem diagn\u00f3stico em m\u00e9dia um ano depois que meninos. \u00c9 o que mostra estudo realizado por pesquisadores da Brown University, nos Estados Unidos, e publicado em janeiro deste ano na revista cient\u00edfica Autism Research. Entre os motivos que podem justificar a demora na identifica\u00e7\u00e3o da condi\u00e7\u00e3o est\u00e1 o fato de as meninas [&hellip;]\" \/>\n<meta property=\"og:url\" content=\"https:\/\/jornalfatosenoticias.com.br\/index.php\/2020\/06\/05\/disfarces-que-contribuem-para-o-diagnostico-tardio-do-autismo-em-meninas\/\" \/>\n<meta property=\"og:site_name\" content=\"Jornal Fatos e Not\u00edcias\" \/>\n<meta property=\"article:published_time\" content=\"2020-06-05T17:27:31+00:00\" \/>\n<meta property=\"article:modified_time\" content=\"2020-06-05T17:27:34+00:00\" \/>\n<meta property=\"og:image\" content=\"https:\/\/jornalfatosenoticias.com.br\/wp-content\/uploads\/2020\/06\/menina-autismo.jpg\" \/>\n\t<meta property=\"og:image:width\" content=\"1000\" \/>\n\t<meta property=\"og:image:height\" content=\"1000\" \/>\n\t<meta property=\"og:image:type\" content=\"image\/jpeg\" \/>\n<meta name=\"author\" content=\"Luzimara Fernandes\" \/>\n<meta name=\"twitter:card\" content=\"summary_large_image\" \/>\n<meta name=\"twitter:label1\" content=\"Escrito por\" \/>\n\t<meta name=\"twitter:data1\" content=\"Luzimara Fernandes\" \/>\n\t<meta name=\"twitter:label2\" content=\"Est. tempo de leitura\" \/>\n\t<meta name=\"twitter:data2\" content=\"4 minutos\" \/>\n<script type=\"application\/ld+json\" class=\"yoast-schema-graph\">{\"@context\":\"https:\/\/schema.org\",\"@graph\":[{\"@type\":\"Article\",\"@id\":\"https:\/\/jornalfatosenoticias.com.br\/index.php\/2020\/06\/05\/disfarces-que-contribuem-para-o-diagnostico-tardio-do-autismo-em-meninas\/#article\",\"isPartOf\":{\"@id\":\"https:\/\/jornalfatosenoticias.com.br\/index.php\/2020\/06\/05\/disfarces-que-contribuem-para-o-diagnostico-tardio-do-autismo-em-meninas\/\"},\"author\":{\"name\":\"Luzimara Fernandes\",\"@id\":\"https:\/\/jornalfatosenoticias.com.br\/#\/schema\/person\/d63837fa13ac8666eb9e74e0985d6f81\"},\"headline\":\"Disfarces que contribuem para o diagn\u00f3stico tardio do autismo em meninas\",\"datePublished\":\"2020-06-05T17:27:31+00:00\",\"dateModified\":\"2020-06-05T17:27:34+00:00\",\"mainEntityOfPage\":{\"@id\":\"https:\/\/jornalfatosenoticias.com.br\/index.php\/2020\/06\/05\/disfarces-que-contribuem-para-o-diagnostico-tardio-do-autismo-em-meninas\/\"},\"wordCount\":780,\"commentCount\":0,\"publisher\":{\"@id\":\"https:\/\/jornalfatosenoticias.com.br\/#organization\"},\"image\":{\"@id\":\"https:\/\/jornalfatosenoticias.com.br\/index.php\/2020\/06\/05\/disfarces-que-contribuem-para-o-diagnostico-tardio-do-autismo-em-meninas\/#primaryimage\"},\"thumbnailUrl\":\"https:\/\/jornalfatosenoticias.com.br\/wp-content\/uploads\/2020\/06\/menina-autismo.jpg\",\"keywords\":[\"autismo\",\"diagn\u00f3stico\",\"dificuldades\",\"espectro\",\"TEA\"],\"articleSection\":[\"Sa\u00fade\"],\"inLanguage\":\"pt-BR\",\"potentialAction\":[{\"@type\":\"CommentAction\",\"name\":\"Comment\",\"target\":[\"https:\/\/jornalfatosenoticias.com.br\/index.php\/2020\/06\/05\/disfarces-que-contribuem-para-o-diagnostico-tardio-do-autismo-em-meninas\/#respond\"]}]},{\"@type\":\"WebPage\",\"@id\":\"https:\/\/jornalfatosenoticias.com.br\/index.php\/2020\/06\/05\/disfarces-que-contribuem-para-o-diagnostico-tardio-do-autismo-em-meninas\/\",\"url\":\"https:\/\/jornalfatosenoticias.com.br\/index.php\/2020\/06\/05\/disfarces-que-contribuem-para-o-diagnostico-tardio-do-autismo-em-meninas\/\",\"name\":\"Disfarces que contribuem para o diagn\u00f3stico tardio do autismo em meninas - Jornal Fatos e Not\u00edcias\",\"isPartOf\":{\"@id\":\"https:\/\/jornalfatosenoticias.com.br\/#website\"},\"primaryImageOfPage\":{\"@id\":\"https:\/\/jornalfatosenoticias.com.br\/index.php\/2020\/06\/05\/disfarces-que-contribuem-para-o-diagnostico-tardio-do-autismo-em-meninas\/#primaryimage\"},\"image\":{\"@id\":\"https:\/\/jornalfatosenoticias.com.br\/index.php\/2020\/06\/05\/disfarces-que-contribuem-para-o-diagnostico-tardio-do-autismo-em-meninas\/#primaryimage\"},\"thumbnailUrl\":\"https:\/\/jornalfatosenoticias.com.br\/wp-content\/uploads\/2020\/06\/menina-autismo.jpg\",\"datePublished\":\"2020-06-05T17:27:31+00:00\",\"dateModified\":\"2020-06-05T17:27:34+00:00\",\"breadcrumb\":{\"@id\":\"https:\/\/jornalfatosenoticias.com.br\/index.php\/2020\/06\/05\/disfarces-que-contribuem-para-o-diagnostico-tardio-do-autismo-em-meninas\/#breadcrumb\"},\"inLanguage\":\"pt-BR\",\"potentialAction\":[{\"@type\":\"ReadAction\",\"target\":[\"https:\/\/jornalfatosenoticias.com.br\/index.php\/2020\/06\/05\/disfarces-que-contribuem-para-o-diagnostico-tardio-do-autismo-em-meninas\/\"]}]},{\"@type\":\"ImageObject\",\"inLanguage\":\"pt-BR\",\"@id\":\"https:\/\/jornalfatosenoticias.com.br\/index.php\/2020\/06\/05\/disfarces-que-contribuem-para-o-diagnostico-tardio-do-autismo-em-meninas\/#primaryimage\",\"url\":\"https:\/\/jornalfatosenoticias.com.br\/wp-content\/uploads\/2020\/06\/menina-autismo.jpg\",\"contentUrl\":\"https:\/\/jornalfatosenoticias.com.br\/wp-content\/uploads\/2020\/06\/menina-autismo.jpg\",\"width\":1000,\"height\":1000},{\"@type\":\"BreadcrumbList\",\"@id\":\"https:\/\/jornalfatosenoticias.com.br\/index.php\/2020\/06\/05\/disfarces-que-contribuem-para-o-diagnostico-tardio-do-autismo-em-meninas\/#breadcrumb\",\"itemListElement\":[{\"@type\":\"ListItem\",\"position\":1,\"name\":\"In\u00edcio\",\"item\":\"https:\/\/jornalfatosenoticias.com.br\/\"},{\"@type\":\"ListItem\",\"position\":2,\"name\":\"Disfarces que contribuem para o diagn\u00f3stico tardio do autismo em meninas\"}]},{\"@type\":\"WebSite\",\"@id\":\"https:\/\/jornalfatosenoticias.com.br\/#website\",\"url\":\"https:\/\/jornalfatosenoticias.com.br\/\",\"name\":\"Jornal Fatos e Not\u00edcias\",\"description\":\"Not\u00edcias em geral\",\"publisher\":{\"@id\":\"https:\/\/jornalfatosenoticias.com.br\/#organization\"},\"potentialAction\":[{\"@type\":\"SearchAction\",\"target\":{\"@type\":\"EntryPoint\",\"urlTemplate\":\"https:\/\/jornalfatosenoticias.com.br\/?s={search_term_string}\"},\"query-input\":{\"@type\":\"PropertyValueSpecification\",\"valueRequired\":true,\"valueName\":\"search_term_string\"}}],\"inLanguage\":\"pt-BR\"},{\"@type\":\"Organization\",\"@id\":\"https:\/\/jornalfatosenoticias.com.br\/#organization\",\"name\":\"Jornal Fatos e Not\u00edcias\",\"url\":\"https:\/\/jornalfatosenoticias.com.br\/\",\"logo\":{\"@type\":\"ImageObject\",\"inLanguage\":\"pt-BR\",\"@id\":\"https:\/\/jornalfatosenoticias.com.br\/#\/schema\/logo\/image\/\",\"url\":\"https:\/\/jornalfatosenoticias.com.br\/wp-content\/uploads\/2020\/02\/logo120.png\",\"contentUrl\":\"https:\/\/jornalfatosenoticias.com.br\/wp-content\/uploads\/2020\/02\/logo120.png\",\"width\":1227,\"height\":120,\"caption\":\"Jornal Fatos e Not\u00edcias\"},\"image\":{\"@id\":\"https:\/\/jornalfatosenoticias.com.br\/#\/schema\/logo\/image\/\"}},{\"@type\":\"Person\",\"@id\":\"https:\/\/jornalfatosenoticias.com.br\/#\/schema\/person\/d63837fa13ac8666eb9e74e0985d6f81\",\"name\":\"Luzimara Fernandes\",\"image\":{\"@type\":\"ImageObject\",\"inLanguage\":\"pt-BR\",\"@id\":\"https:\/\/jornalfatosenoticias.com.br\/#\/schema\/person\/image\/\",\"url\":\"https:\/\/jornalfatosenoticias.com.br\/wp-content\/uploads\/2025\/05\/EU_portal.jpg\",\"contentUrl\":\"https:\/\/jornalfatosenoticias.com.br\/wp-content\/uploads\/2025\/05\/EU_portal.jpg\",\"caption\":\"Luzimara Fernandes\"},\"description\":\"Jornalista MTB 2358-ES\",\"sameAs\":[\"https:\/\/jornalfatosenoticias.com.br\"],\"url\":\"https:\/\/jornalfatosenoticias.com.br\/index.php\/author\/luzimara\/\"}]}<\/script>\n<!-- \/ Yoast SEO plugin. -->","yoast_head_json":{"title":"Disfarces que contribuem para o diagn\u00f3stico tardio do autismo em meninas - Jornal Fatos e Not\u00edcias","robots":{"index":"index","follow":"follow","max-snippet":"max-snippet:-1","max-image-preview":"max-image-preview:large","max-video-preview":"max-video-preview:-1"},"canonical":"https:\/\/jornalfatosenoticias.com.br\/index.php\/2020\/06\/05\/disfarces-que-contribuem-para-o-diagnostico-tardio-do-autismo-em-meninas\/","og_locale":"pt_BR","og_type":"article","og_title":"Disfarces que contribuem para o diagn\u00f3stico tardio do autismo em meninas - Jornal Fatos e Not\u00edcias","og_description":"Meninas com autismo recebem diagn\u00f3stico em m\u00e9dia um ano depois que meninos. \u00c9 o que mostra estudo realizado por pesquisadores da Brown University, nos Estados Unidos, e publicado em janeiro deste ano na revista cient\u00edfica Autism Research. Entre os motivos que podem justificar a demora na identifica\u00e7\u00e3o da condi\u00e7\u00e3o est\u00e1 o fato de as meninas [&hellip;]","og_url":"https:\/\/jornalfatosenoticias.com.br\/index.php\/2020\/06\/05\/disfarces-que-contribuem-para-o-diagnostico-tardio-do-autismo-em-meninas\/","og_site_name":"Jornal Fatos e Not\u00edcias","article_published_time":"2020-06-05T17:27:31+00:00","article_modified_time":"2020-06-05T17:27:34+00:00","og_image":[{"width":1000,"height":1000,"url":"https:\/\/jornalfatosenoticias.com.br\/wp-content\/uploads\/2020\/06\/menina-autismo.jpg","type":"image\/jpeg"}],"author":"Luzimara Fernandes","twitter_card":"summary_large_image","twitter_misc":{"Escrito por":"Luzimara Fernandes","Est. tempo de leitura":"4 minutos"},"schema":{"@context":"https:\/\/schema.org","@graph":[{"@type":"Article","@id":"https:\/\/jornalfatosenoticias.com.br\/index.php\/2020\/06\/05\/disfarces-que-contribuem-para-o-diagnostico-tardio-do-autismo-em-meninas\/#article","isPartOf":{"@id":"https:\/\/jornalfatosenoticias.com.br\/index.php\/2020\/06\/05\/disfarces-que-contribuem-para-o-diagnostico-tardio-do-autismo-em-meninas\/"},"author":{"name":"Luzimara Fernandes","@id":"https:\/\/jornalfatosenoticias.com.br\/#\/schema\/person\/d63837fa13ac8666eb9e74e0985d6f81"},"headline":"Disfarces que contribuem para o diagn\u00f3stico tardio do autismo em meninas","datePublished":"2020-06-05T17:27:31+00:00","dateModified":"2020-06-05T17:27:34+00:00","mainEntityOfPage":{"@id":"https:\/\/jornalfatosenoticias.com.br\/index.php\/2020\/06\/05\/disfarces-que-contribuem-para-o-diagnostico-tardio-do-autismo-em-meninas\/"},"wordCount":780,"commentCount":0,"publisher":{"@id":"https:\/\/jornalfatosenoticias.com.br\/#organization"},"image":{"@id":"https:\/\/jornalfatosenoticias.com.br\/index.php\/2020\/06\/05\/disfarces-que-contribuem-para-o-diagnostico-tardio-do-autismo-em-meninas\/#primaryimage"},"thumbnailUrl":"https:\/\/jornalfatosenoticias.com.br\/wp-content\/uploads\/2020\/06\/menina-autismo.jpg","keywords":["autismo","diagn\u00f3stico","dificuldades","espectro","TEA"],"articleSection":["Sa\u00fade"],"inLanguage":"pt-BR","potentialAction":[{"@type":"CommentAction","name":"Comment","target":["https:\/\/jornalfatosenoticias.com.br\/index.php\/2020\/06\/05\/disfarces-que-contribuem-para-o-diagnostico-tardio-do-autismo-em-meninas\/#respond"]}]},{"@type":"WebPage","@id":"https:\/\/jornalfatosenoticias.com.br\/index.php\/2020\/06\/05\/disfarces-que-contribuem-para-o-diagnostico-tardio-do-autismo-em-meninas\/","url":"https:\/\/jornalfatosenoticias.com.br\/index.php\/2020\/06\/05\/disfarces-que-contribuem-para-o-diagnostico-tardio-do-autismo-em-meninas\/","name":"Disfarces que contribuem para o diagn\u00f3stico tardio do autismo em meninas - Jornal Fatos e Not\u00edcias","isPartOf":{"@id":"https:\/\/jornalfatosenoticias.com.br\/#website"},"primaryImageOfPage":{"@id":"https:\/\/jornalfatosenoticias.com.br\/index.php\/2020\/06\/05\/disfarces-que-contribuem-para-o-diagnostico-tardio-do-autismo-em-meninas\/#primaryimage"},"image":{"@id":"https:\/\/jornalfatosenoticias.com.br\/index.php\/2020\/06\/05\/disfarces-que-contribuem-para-o-diagnostico-tardio-do-autismo-em-meninas\/#primaryimage"},"thumbnailUrl":"https:\/\/jornalfatosenoticias.com.br\/wp-content\/uploads\/2020\/06\/menina-autismo.jpg","datePublished":"2020-06-05T17:27:31+00:00","dateModified":"2020-06-05T17:27:34+00:00","breadcrumb":{"@id":"https:\/\/jornalfatosenoticias.com.br\/index.php\/2020\/06\/05\/disfarces-que-contribuem-para-o-diagnostico-tardio-do-autismo-em-meninas\/#breadcrumb"},"inLanguage":"pt-BR","potentialAction":[{"@type":"ReadAction","target":["https:\/\/jornalfatosenoticias.com.br\/index.php\/2020\/06\/05\/disfarces-que-contribuem-para-o-diagnostico-tardio-do-autismo-em-meninas\/"]}]},{"@type":"ImageObject","inLanguage":"pt-BR","@id":"https:\/\/jornalfatosenoticias.com.br\/index.php\/2020\/06\/05\/disfarces-que-contribuem-para-o-diagnostico-tardio-do-autismo-em-meninas\/#primaryimage","url":"https:\/\/jornalfatosenoticias.com.br\/wp-content\/uploads\/2020\/06\/menina-autismo.jpg","contentUrl":"https:\/\/jornalfatosenoticias.com.br\/wp-content\/uploads\/2020\/06\/menina-autismo.jpg","width":1000,"height":1000},{"@type":"BreadcrumbList","@id":"https:\/\/jornalfatosenoticias.com.br\/index.php\/2020\/06\/05\/disfarces-que-contribuem-para-o-diagnostico-tardio-do-autismo-em-meninas\/#breadcrumb","itemListElement":[{"@type":"ListItem","position":1,"name":"In\u00edcio","item":"https:\/\/jornalfatosenoticias.com.br\/"},{"@type":"ListItem","position":2,"name":"Disfarces que contribuem para o diagn\u00f3stico tardio do autismo em meninas"}]},{"@type":"WebSite","@id":"https:\/\/jornalfatosenoticias.com.br\/#website","url":"https:\/\/jornalfatosenoticias.com.br\/","name":"Jornal Fatos e Not\u00edcias","description":"Not\u00edcias em geral","publisher":{"@id":"https:\/\/jornalfatosenoticias.com.br\/#organization"},"potentialAction":[{"@type":"SearchAction","target":{"@type":"EntryPoint","urlTemplate":"https:\/\/jornalfatosenoticias.com.br\/?s={search_term_string}"},"query-input":{"@type":"PropertyValueSpecification","valueRequired":true,"valueName":"search_term_string"}}],"inLanguage":"pt-BR"},{"@type":"Organization","@id":"https:\/\/jornalfatosenoticias.com.br\/#organization","name":"Jornal Fatos e Not\u00edcias","url":"https:\/\/jornalfatosenoticias.com.br\/","logo":{"@type":"ImageObject","inLanguage":"pt-BR","@id":"https:\/\/jornalfatosenoticias.com.br\/#\/schema\/logo\/image\/","url":"https:\/\/jornalfatosenoticias.com.br\/wp-content\/uploads\/2020\/02\/logo120.png","contentUrl":"https:\/\/jornalfatosenoticias.com.br\/wp-content\/uploads\/2020\/02\/logo120.png","width":1227,"height":120,"caption":"Jornal Fatos e Not\u00edcias"},"image":{"@id":"https:\/\/jornalfatosenoticias.com.br\/#\/schema\/logo\/image\/"}},{"@type":"Person","@id":"https:\/\/jornalfatosenoticias.com.br\/#\/schema\/person\/d63837fa13ac8666eb9e74e0985d6f81","name":"Luzimara Fernandes","image":{"@type":"ImageObject","inLanguage":"pt-BR","@id":"https:\/\/jornalfatosenoticias.com.br\/#\/schema\/person\/image\/","url":"https:\/\/jornalfatosenoticias.com.br\/wp-content\/uploads\/2025\/05\/EU_portal.jpg","contentUrl":"https:\/\/jornalfatosenoticias.com.br\/wp-content\/uploads\/2025\/05\/EU_portal.jpg","caption":"Luzimara Fernandes"},"description":"Jornalista MTB 2358-ES","sameAs":["https:\/\/jornalfatosenoticias.com.br"],"url":"https:\/\/jornalfatosenoticias.com.br\/index.php\/author\/luzimara\/"}]}},"cc_featured_image_caption":{"caption_text":"Crian\u00e7a autista (Foto: iStock) ","source_text":"","source_url":""},"jetpack_featured_media_url":"https:\/\/jornalfatosenoticias.com.br\/wp-content\/uploads\/2020\/06\/menina-autismo.jpg","_links":{"self":[{"href":"https:\/\/jornalfatosenoticias.com.br\/index.php\/wp-json\/wp\/v2\/posts\/5328","targetHints":{"allow":["GET"]}}],"collection":[{"href":"https:\/\/jornalfatosenoticias.com.br\/index.php\/wp-json\/wp\/v2\/posts"}],"about":[{"href":"https:\/\/jornalfatosenoticias.com.br\/index.php\/wp-json\/wp\/v2\/types\/post"}],"author":[{"embeddable":true,"href":"https:\/\/jornalfatosenoticias.com.br\/index.php\/wp-json\/wp\/v2\/users\/2"}],"replies":[{"embeddable":true,"href":"https:\/\/jornalfatosenoticias.com.br\/index.php\/wp-json\/wp\/v2\/comments?post=5328"}],"version-history":[{"count":0,"href":"https:\/\/jornalfatosenoticias.com.br\/index.php\/wp-json\/wp\/v2\/posts\/5328\/revisions"}],"wp:featuredmedia":[{"embeddable":true,"href":"https:\/\/jornalfatosenoticias.com.br\/index.php\/wp-json\/wp\/v2\/media\/5329"}],"wp:attachment":[{"href":"https:\/\/jornalfatosenoticias.com.br\/index.php\/wp-json\/wp\/v2\/media?parent=5328"}],"wp:term":[{"taxonomy":"category","embeddable":true,"href":"https:\/\/jornalfatosenoticias.com.br\/index.php\/wp-json\/wp\/v2\/categories?post=5328"},{"taxonomy":"post_tag","embeddable":true,"href":"https:\/\/jornalfatosenoticias.com.br\/index.php\/wp-json\/wp\/v2\/tags?post=5328"}],"curies":[{"name":"wp","href":"https:\/\/api.w.org\/{rel}","templated":true}]}}