{"id":53288,"date":"2024-08-06T09:55:04","date_gmt":"2024-08-06T12:55:04","guid":{"rendered":"https:\/\/jornalfatosenoticias.com.br\/?p=53288"},"modified":"2024-08-06T09:55:05","modified_gmt":"2024-08-06T12:55:05","slug":"palmeira-buriti-e-alternativa-sustentavel-para-o-isopor-na-construcao-civil","status":"publish","type":"post","link":"https:\/\/jornalfatosenoticias.com.br\/index.php\/2024\/08\/06\/palmeira-buriti-e-alternativa-sustentavel-para-o-isopor-na-construcao-civil\/","title":{"rendered":"Palmeira buriti \u00e9 alternativa sustent\u00e1vel para o isopor na constru\u00e7\u00e3o civil"},"content":{"rendered":"\n<p><em><span class=\"has-inline-color has-black-color\">Alessandra Batista explica que a tecnologia tem como base uma \u00e1rvore abundante e tradicional da Amaz\u00f4nia<\/span><\/em><\/p>\n\n\n\n<p><span class=\"has-inline-color has-black-color\">Por <strong>J. Perossi\/<em><a href=\"https:\/\/jornal.usp.br\/radio-usp\/palmeira-buriti-e-alternativa-sustentavel-para-o-isopor-na-construcao-civil\/\" target=\"_blank\" rel=\"noreferrer noopener\">Jornal da USP<\/a><\/em><\/strong><\/span><\/p>\n\n\n\n<div class=\"wp-block-image\"><figure class=\"aligncenter size-large\"><a href=\"https:\/\/mizu.com.br\/\"><img loading=\"lazy\" decoding=\"async\" width=\"729\" height=\"90\" src=\"https:\/\/jornalfatosenoticias.com.br\/wp-content\/uploads\/2020\/02\/Logo_Mizu.png\" alt=\"\" class=\"wp-image-1441\" srcset=\"https:\/\/jornalfatosenoticias.com.br\/wp-content\/uploads\/2020\/02\/Logo_Mizu.png 729w, https:\/\/jornalfatosenoticias.com.br\/wp-content\/uploads\/2020\/02\/Logo_Mizu-300x37.png 300w\" sizes=\"auto, (max-width: 729px) 100vw, 729px\" \/><\/a><\/figure><\/div>\n\n\n\n<p>O isopor, conhecido cientificamente como poliestireno expandido, \u00e9 um pol\u00edmero muito presente na nossa vida. Para al\u00e9m de bandejas, quentinhas e caixas t\u00e9rmicas, o isopor tamb\u00e9m \u00e9 utilizado em pain\u00e9is t\u00e9rmicos na constru\u00e7\u00e3o civil.<br>Contudo, o isopor n\u00e3o \u00e9 biodegrad\u00e1vel e seu amplo uso para isolamento t\u00e9rmico apresenta riscos para a preserva\u00e7\u00e3o do meio ambiente. Pensando nisso, pesquisadores da Escola Superior de Agricultura Luiz de Queiroz (Esalq) desenvolveram um substituto biodegrad\u00e1vel para o poliestireno na constru\u00e7\u00e3o civil. O nome da patente \u00e9 Isopor da Amaz\u00f4nia: Fabrica\u00e7\u00e3o de Pain\u00e9is com Pec\u00edolos Inteiros e Res\u00edduos, e a coinventora, Alessandra Batista, do Departamento de Ci\u00eancias Florestais da Esalq \u2014 USP, conta mais sobre o que \u00e9 e como foi o desenvolvimento.<\/p>\n\n\n\n<div class=\"wp-block-image\"><figure class=\"aligncenter size-large is-resized\"><a href=\"https:\/\/panper.com.br\/\"><img loading=\"lazy\" decoding=\"async\" src=\"https:\/\/jornalfatosenoticias.com.br\/wp-content\/uploads\/2023\/03\/logo-Panper_portal.jpg\" alt=\"\" class=\"wp-image-40208\" width=\"346\" height=\"240\" srcset=\"https:\/\/jornalfatosenoticias.com.br\/wp-content\/uploads\/2023\/03\/logo-Panper_portal.jpg 400w, https:\/\/jornalfatosenoticias.com.br\/wp-content\/uploads\/2023\/03\/logo-Panper_portal-300x208.jpg 300w\" sizes=\"auto, (max-width: 346px) 100vw, 346px\" \/><\/a><\/figure><\/div>\n\n\n\n<p><strong><span class=\"has-inline-color has-vivid-green-cyan-color\">Miriti<\/span><\/strong><br>Alessandra conta que o isopor da Amaz\u00f4nia, ou miriti, j\u00e1 \u00e9 um material utilizado principalmente para artesanato, mas que seu uso em escala industrial ainda n\u00e3o havia sido pensado: \u201co material que a gente trabalhou \u00e9 conhecido popularmente na Amaz\u00f4nia como miriti, ele \u00e9 muito empregado na fabrica\u00e7\u00e3o de artesanato local por ser um material de extrema leveza. Esse material vem do pistilo da folha de uma palmeira que \u00e9 o Buriti, uma palmeira muito abundante na Amaz\u00f4nia\u201d.<br>A equipe que Alessandra faz parte passou a investigar mais profundamente o miriti e as propriedades que ele apresenta: <\/p>\n\n\n\n<div class=\"wp-block-image\"><figure class=\"aligncenter size-large is-resized\"><img loading=\"lazy\" decoding=\"async\" src=\"https:\/\/jornalfatosenoticias.com.br\/wp-content\/uploads\/2022\/02\/Precisao-Contabilidade-1024x724.jpg\" alt=\"\" class=\"wp-image-28088\" width=\"321\" height=\"227\"\/><\/figure><\/div>\n\n\n\n<blockquote class=\"wp-block-quote is-layout-flow wp-block-quote-is-layout-flow\"><p><span class=\"has-inline-color has-luminous-vivid-orange-color\">nesse primeiro momento a gente come\u00e7ou a fazer uma avalia\u00e7\u00e3o das propriedades mec\u00e2nicas, o comportamento do material, e tamb\u00e9m propriedades f\u00edsicas, como ele reage quando \u00e9 colocado em exposi\u00e7\u00e3o a altas temperaturas. Quando nos deparamos com algumas propriedades vantajosas, percebemos que poder\u00edamos trazer esse material com apelo sustent\u00e1vel, com o objetivo principal de substituir o isopor na constru\u00e7\u00e3o civil, que \u00e9 muito empregado para isolamento t\u00e9rmico e ac\u00fastico\u201d, explica a pesquisadora.<\/span><\/p><\/blockquote>\n\n\n\n<div class=\"wp-block-image\"><figure class=\"aligncenter size-large\"><img loading=\"lazy\" decoding=\"async\" width=\"300\" height=\"300\" src=\"https:\/\/jornalfatosenoticias.com.br\/wp-content\/uploads\/2024\/08\/Alessandra-da-Silva-Batista_palmeira-jornal-da-usp.png\" alt=\"\" class=\"wp-image-53289\" srcset=\"https:\/\/jornalfatosenoticias.com.br\/wp-content\/uploads\/2024\/08\/Alessandra-da-Silva-Batista_palmeira-jornal-da-usp.png 300w, https:\/\/jornalfatosenoticias.com.br\/wp-content\/uploads\/2024\/08\/Alessandra-da-Silva-Batista_palmeira-jornal-da-usp-150x150.png 150w\" sizes=\"auto, (max-width: 300px) 100vw, 300px\" \/><figcaption><em><span class=\"has-inline-color has-black-color\">Alessandra da Silva Batista (Foto: Arquivo Pessoal)<\/span><\/em><\/figcaption><\/figure><\/div>\n\n\n\n<p><strong><span class=\"has-inline-color has-vivid-green-cyan-color\">Pain\u00e9is t\u00e9rmicos<br><\/span><\/strong>Investigando os poss\u00edveis usos do miriti, os pesquisadores fizeram algumas descobertas e tiveram tamb\u00e9m que aprimorar o refino do material: \u201ccomo era um material inovador, ainda n\u00e3o havia estudos e a gente foi aprendendo como trabalhar com esse material. Para chegar na constru\u00e7\u00e3o de um painel, precisamos fazer todo um processamento desse miriti, fazer todo um desdobro para que ele tivesse faces retas, para que pud\u00e9ssemos fazer a colagem desse material. Durante esse percurso n\u00f3s percebemos que havia uma perda muito grande de material, cerca de 50% do material era perdido nesse processamento\u201d, conta Alessandra.<\/p>\n\n\n\n<div class=\"wp-block-image\"><figure class=\"aligncenter size-large is-resized\"><a href=\"https:\/\/www.ithbrasil.com.br\/\"><img loading=\"lazy\" decoding=\"async\" src=\"https:\/\/jornalfatosenoticias.com.br\/wp-content\/uploads\/2023\/08\/ITH.jpeg\" alt=\"\" class=\"wp-image-44638\" width=\"312\" height=\"253\" srcset=\"https:\/\/jornalfatosenoticias.com.br\/wp-content\/uploads\/2023\/08\/ITH.jpeg 800w, https:\/\/jornalfatosenoticias.com.br\/wp-content\/uploads\/2023\/08\/ITH-300x244.jpeg 300w, https:\/\/jornalfatosenoticias.com.br\/wp-content\/uploads\/2023\/08\/ITH-768x624.jpeg 768w\" sizes=\"auto, (max-width: 312px) 100vw, 312px\" \/><\/a><\/figure><\/div>\n\n\n\n<p>Foi ent\u00e3o que surgiu a ideia da patente: \u201cnossa, mas a gente quer agregar um valor sustent\u00e1vel, mas ainda assim perdemos 50%? Foi ent\u00e3o que surgiu a ideia da patente, de produzir um painel sem que precis\u00e1ssemos desdobrar todo o meriti e perder esse 50%\u201d, exp\u00f5e a pesquisadora.<\/p>\n\n\n\n<div class=\"wp-block-image\"><figure class=\"aligncenter size-large is-resized\"><a href=\"https:\/\/www.instagram.com\/rapuzeljastro\/\"><img loading=\"lazy\" decoding=\"async\" src=\"https:\/\/jornalfatosenoticias.com.br\/wp-content\/uploads\/2020\/02\/logo-Rapuzel-1024x571.jpg\" alt=\"\" class=\"wp-image-42808\" width=\"323\" height=\"180\" srcset=\"https:\/\/jornalfatosenoticias.com.br\/wp-content\/uploads\/2020\/02\/logo-Rapuzel-1024x571.jpg 1024w, https:\/\/jornalfatosenoticias.com.br\/wp-content\/uploads\/2020\/02\/logo-Rapuzel-300x167.jpg 300w, https:\/\/jornalfatosenoticias.com.br\/wp-content\/uploads\/2020\/02\/logo-Rapuzel-768x428.jpg 768w, https:\/\/jornalfatosenoticias.com.br\/wp-content\/uploads\/2020\/02\/logo-Rapuzel-1536x856.jpg 1536w, https:\/\/jornalfatosenoticias.com.br\/wp-content\/uploads\/2020\/02\/logo-Rapuzel.jpg 1600w\" sizes=\"auto, (max-width: 323px) 100vw, 323px\" \/><\/a><\/figure><\/div>\n\n\n\n<p><strong><span class=\"has-inline-color has-vivid-green-cyan-color\">Pr\u00f3ximos passos<br><\/span><\/strong>Feitas as an\u00e1lises em laborat\u00f3rio e fechada a patente, Alessandra Batista explica que o pr\u00f3ximo passo \u00e9 produzir em escala industrial: \u201choje a academia nos deu todo o suporte da constru\u00e7\u00e3o metodol\u00f3gica, das an\u00e1lises e de todo o processo para gerar a patente, mas precisamos tamb\u00e9m fazer mais. Porque se pensarmos em trazer isso para a comunidade, n\u00e3o podemos s\u00f3 ter resultados em n\u00edvel laboratorial, precisamos de avan\u00e7os em n\u00edvel industrial. Ent\u00e3o, fazer parceria com empresas que estejam mais interessadas nesse tipo de inova\u00e7\u00e3o para trazer essa constru\u00e7\u00e3o em escala industrial\u201d, finaliza a pesquisadora e inventora.<\/p>\n\n\n\n<div class=\"wp-block-image\"><figure class=\"aligncenter size-large is-resized\"><a href=\"https:\/\/www.facebook.com\/postobkr\/?locale=pt_BR\"><img loading=\"lazy\" decoding=\"async\" src=\"https:\/\/jornalfatosenoticias.com.br\/wp-content\/uploads\/2023\/08\/BKR-1024x1021.jpg\" alt=\"\" class=\"wp-image-44494\" width=\"275\" height=\"274\" srcset=\"https:\/\/jornalfatosenoticias.com.br\/wp-content\/uploads\/2023\/08\/BKR-1024x1021.jpg 1024w, https:\/\/jornalfatosenoticias.com.br\/wp-content\/uploads\/2023\/08\/BKR-300x300.jpg 300w, https:\/\/jornalfatosenoticias.com.br\/wp-content\/uploads\/2023\/08\/BKR-150x150.jpg 150w, https:\/\/jornalfatosenoticias.com.br\/wp-content\/uploads\/2023\/08\/BKR-768x766.jpg 768w, https:\/\/jornalfatosenoticias.com.br\/wp-content\/uploads\/2023\/08\/BKR.jpg 1080w\" sizes=\"auto, (max-width: 275px) 100vw, 275px\" \/><\/a><\/figure><\/div>\n\n\n\n<p><strong><em>Fonte: <a href=\"https:\/\/gizmodo.uol.com.br\/palmeira-buriti-e-alternativa-sustentavel-para-o-isopor-na-construcao-civil\/\">Giz Brasil<\/a><\/em><\/strong><\/p>\n","protected":false},"excerpt":{"rendered":"<p>Alessandra Batista explica que a tecnologia tem como base uma \u00e1rvore abundante e tradicional da Amaz\u00f4nia Por J. Perossi\/Jornal da USP O isopor, conhecido cientificamente como poliestireno expandido, \u00e9 um pol\u00edmero muito presente na nossa vida. Para al\u00e9m de bandejas, quentinhas e caixas t\u00e9rmicas, o isopor tamb\u00e9m \u00e9 utilizado em pain\u00e9is t\u00e9rmicos na constru\u00e7\u00e3o civil.Contudo, [&hellip;]<\/p>\n","protected":false},"author":2,"featured_media":53290,"comment_status":"open","ping_status":"open","sticky":false,"template":"","format":"standard","meta":{"footnotes":""},"categories":[744],"tags":[123,781,2852,21170,16665,351],"class_list":["post-53288","post","type-post","status-publish","format-standard","has-post-thumbnail","hentry","category-arq-urbanismo","tag-amazonia","tag-arvores","tag-construcao-civil","tag-jornal-da-usp","tag-palmeira","tag-usp"],"yoast_head":"<!-- This site is optimized with the Yoast SEO plugin v26.5 - https:\/\/yoast.com\/wordpress\/plugins\/seo\/ -->\n<title>Palmeira buriti \u00e9 alternativa sustent\u00e1vel para o isopor na constru\u00e7\u00e3o civil - Jornal Fatos e Not\u00edcias<\/title>\n<meta name=\"robots\" content=\"index, follow, max-snippet:-1, max-image-preview:large, max-video-preview:-1\" \/>\n<link rel=\"canonical\" href=\"https:\/\/jornalfatosenoticias.com.br\/index.php\/2024\/08\/06\/palmeira-buriti-e-alternativa-sustentavel-para-o-isopor-na-construcao-civil\/\" \/>\n<meta property=\"og:locale\" content=\"pt_BR\" \/>\n<meta property=\"og:type\" content=\"article\" \/>\n<meta property=\"og:title\" content=\"Palmeira buriti \u00e9 alternativa sustent\u00e1vel para o isopor na constru\u00e7\u00e3o civil - Jornal Fatos e Not\u00edcias\" \/>\n<meta property=\"og:description\" content=\"Alessandra Batista explica que a tecnologia tem como base uma \u00e1rvore abundante e tradicional da Amaz\u00f4nia Por J. Perossi\/Jornal da USP O isopor, conhecido cientificamente como poliestireno expandido, \u00e9 um pol\u00edmero muito presente na nossa vida. Para al\u00e9m de bandejas, quentinhas e caixas t\u00e9rmicas, o isopor tamb\u00e9m \u00e9 utilizado em pain\u00e9is t\u00e9rmicos na constru\u00e7\u00e3o civil.Contudo, [&hellip;]\" \/>\n<meta property=\"og:url\" content=\"https:\/\/jornalfatosenoticias.com.br\/index.php\/2024\/08\/06\/palmeira-buriti-e-alternativa-sustentavel-para-o-isopor-na-construcao-civil\/\" \/>\n<meta property=\"og:site_name\" content=\"Jornal Fatos e Not\u00edcias\" \/>\n<meta property=\"article:published_time\" content=\"2024-08-06T12:55:04+00:00\" \/>\n<meta property=\"article:modified_time\" content=\"2024-08-06T12:55:05+00:00\" \/>\n<meta property=\"og:image\" content=\"https:\/\/jornalfatosenoticias.com.br\/wp-content\/uploads\/2024\/08\/palmeira-buriti_istock.jpg\" \/>\n\t<meta property=\"og:image:width\" content=\"612\" \/>\n\t<meta property=\"og:image:height\" content=\"344\" \/>\n\t<meta property=\"og:image:type\" content=\"image\/jpeg\" \/>\n<meta name=\"author\" content=\"Luzimara Fernandes\" \/>\n<meta name=\"twitter:card\" content=\"summary_large_image\" \/>\n<meta name=\"twitter:label1\" content=\"Escrito por\" \/>\n\t<meta name=\"twitter:data1\" content=\"Luzimara Fernandes\" \/>\n\t<meta name=\"twitter:label2\" content=\"Est. tempo de leitura\" \/>\n\t<meta name=\"twitter:data2\" content=\"3 minutos\" \/>\n<script type=\"application\/ld+json\" class=\"yoast-schema-graph\">{\"@context\":\"https:\/\/schema.org\",\"@graph\":[{\"@type\":\"Article\",\"@id\":\"https:\/\/jornalfatosenoticias.com.br\/index.php\/2024\/08\/06\/palmeira-buriti-e-alternativa-sustentavel-para-o-isopor-na-construcao-civil\/#article\",\"isPartOf\":{\"@id\":\"https:\/\/jornalfatosenoticias.com.br\/index.php\/2024\/08\/06\/palmeira-buriti-e-alternativa-sustentavel-para-o-isopor-na-construcao-civil\/\"},\"author\":{\"name\":\"Luzimara Fernandes\",\"@id\":\"https:\/\/jornalfatosenoticias.com.br\/#\/schema\/person\/d63837fa13ac8666eb9e74e0985d6f81\"},\"headline\":\"Palmeira buriti \u00e9 alternativa sustent\u00e1vel para o isopor na constru\u00e7\u00e3o civil\",\"datePublished\":\"2024-08-06T12:55:04+00:00\",\"dateModified\":\"2024-08-06T12:55:05+00:00\",\"mainEntityOfPage\":{\"@id\":\"https:\/\/jornalfatosenoticias.com.br\/index.php\/2024\/08\/06\/palmeira-buriti-e-alternativa-sustentavel-para-o-isopor-na-construcao-civil\/\"},\"wordCount\":622,\"commentCount\":0,\"publisher\":{\"@id\":\"https:\/\/jornalfatosenoticias.com.br\/#organization\"},\"image\":{\"@id\":\"https:\/\/jornalfatosenoticias.com.br\/index.php\/2024\/08\/06\/palmeira-buriti-e-alternativa-sustentavel-para-o-isopor-na-construcao-civil\/#primaryimage\"},\"thumbnailUrl\":\"https:\/\/jornalfatosenoticias.com.br\/wp-content\/uploads\/2024\/08\/palmeira-buriti_istock.jpg\",\"keywords\":[\"amaz\u00f4nia\",\"\u00e1rvores\",\"constru\u00e7\u00e3o civil\",\"jornal da USP\",\"palmeira\",\"USP\"],\"articleSection\":[\"Arq &amp; Urb\"],\"inLanguage\":\"pt-BR\",\"potentialAction\":[{\"@type\":\"CommentAction\",\"name\":\"Comment\",\"target\":[\"https:\/\/jornalfatosenoticias.com.br\/index.php\/2024\/08\/06\/palmeira-buriti-e-alternativa-sustentavel-para-o-isopor-na-construcao-civil\/#respond\"]}]},{\"@type\":\"WebPage\",\"@id\":\"https:\/\/jornalfatosenoticias.com.br\/index.php\/2024\/08\/06\/palmeira-buriti-e-alternativa-sustentavel-para-o-isopor-na-construcao-civil\/\",\"url\":\"https:\/\/jornalfatosenoticias.com.br\/index.php\/2024\/08\/06\/palmeira-buriti-e-alternativa-sustentavel-para-o-isopor-na-construcao-civil\/\",\"name\":\"Palmeira buriti \u00e9 alternativa sustent\u00e1vel para o isopor na constru\u00e7\u00e3o civil - Jornal Fatos e Not\u00edcias\",\"isPartOf\":{\"@id\":\"https:\/\/jornalfatosenoticias.com.br\/#website\"},\"primaryImageOfPage\":{\"@id\":\"https:\/\/jornalfatosenoticias.com.br\/index.php\/2024\/08\/06\/palmeira-buriti-e-alternativa-sustentavel-para-o-isopor-na-construcao-civil\/#primaryimage\"},\"image\":{\"@id\":\"https:\/\/jornalfatosenoticias.com.br\/index.php\/2024\/08\/06\/palmeira-buriti-e-alternativa-sustentavel-para-o-isopor-na-construcao-civil\/#primaryimage\"},\"thumbnailUrl\":\"https:\/\/jornalfatosenoticias.com.br\/wp-content\/uploads\/2024\/08\/palmeira-buriti_istock.jpg\",\"datePublished\":\"2024-08-06T12:55:04+00:00\",\"dateModified\":\"2024-08-06T12:55:05+00:00\",\"breadcrumb\":{\"@id\":\"https:\/\/jornalfatosenoticias.com.br\/index.php\/2024\/08\/06\/palmeira-buriti-e-alternativa-sustentavel-para-o-isopor-na-construcao-civil\/#breadcrumb\"},\"inLanguage\":\"pt-BR\",\"potentialAction\":[{\"@type\":\"ReadAction\",\"target\":[\"https:\/\/jornalfatosenoticias.com.br\/index.php\/2024\/08\/06\/palmeira-buriti-e-alternativa-sustentavel-para-o-isopor-na-construcao-civil\/\"]}]},{\"@type\":\"ImageObject\",\"inLanguage\":\"pt-BR\",\"@id\":\"https:\/\/jornalfatosenoticias.com.br\/index.php\/2024\/08\/06\/palmeira-buriti-e-alternativa-sustentavel-para-o-isopor-na-construcao-civil\/#primaryimage\",\"url\":\"https:\/\/jornalfatosenoticias.com.br\/wp-content\/uploads\/2024\/08\/palmeira-buriti_istock.jpg\",\"contentUrl\":\"https:\/\/jornalfatosenoticias.com.br\/wp-content\/uploads\/2024\/08\/palmeira-buriti_istock.jpg\",\"width\":612,\"height\":344,\"caption\":\"Aerial image of the apore river with brown water and riparian forest during the day\"},{\"@type\":\"BreadcrumbList\",\"@id\":\"https:\/\/jornalfatosenoticias.com.br\/index.php\/2024\/08\/06\/palmeira-buriti-e-alternativa-sustentavel-para-o-isopor-na-construcao-civil\/#breadcrumb\",\"itemListElement\":[{\"@type\":\"ListItem\",\"position\":1,\"name\":\"In\u00edcio\",\"item\":\"https:\/\/jornalfatosenoticias.com.br\/\"},{\"@type\":\"ListItem\",\"position\":2,\"name\":\"Palmeira buriti \u00e9 alternativa sustent\u00e1vel para o isopor na constru\u00e7\u00e3o civil\"}]},{\"@type\":\"WebSite\",\"@id\":\"https:\/\/jornalfatosenoticias.com.br\/#website\",\"url\":\"https:\/\/jornalfatosenoticias.com.br\/\",\"name\":\"Jornal Fatos e Not\u00edcias\",\"description\":\"Not\u00edcias em geral\",\"publisher\":{\"@id\":\"https:\/\/jornalfatosenoticias.com.br\/#organization\"},\"potentialAction\":[{\"@type\":\"SearchAction\",\"target\":{\"@type\":\"EntryPoint\",\"urlTemplate\":\"https:\/\/jornalfatosenoticias.com.br\/?s={search_term_string}\"},\"query-input\":{\"@type\":\"PropertyValueSpecification\",\"valueRequired\":true,\"valueName\":\"search_term_string\"}}],\"inLanguage\":\"pt-BR\"},{\"@type\":\"Organization\",\"@id\":\"https:\/\/jornalfatosenoticias.com.br\/#organization\",\"name\":\"Jornal Fatos e Not\u00edcias\",\"url\":\"https:\/\/jornalfatosenoticias.com.br\/\",\"logo\":{\"@type\":\"ImageObject\",\"inLanguage\":\"pt-BR\",\"@id\":\"https:\/\/jornalfatosenoticias.com.br\/#\/schema\/logo\/image\/\",\"url\":\"https:\/\/jornalfatosenoticias.com.br\/wp-content\/uploads\/2020\/02\/logo120.png\",\"contentUrl\":\"https:\/\/jornalfatosenoticias.com.br\/wp-content\/uploads\/2020\/02\/logo120.png\",\"width\":1227,\"height\":120,\"caption\":\"Jornal Fatos e Not\u00edcias\"},\"image\":{\"@id\":\"https:\/\/jornalfatosenoticias.com.br\/#\/schema\/logo\/image\/\"}},{\"@type\":\"Person\",\"@id\":\"https:\/\/jornalfatosenoticias.com.br\/#\/schema\/person\/d63837fa13ac8666eb9e74e0985d6f81\",\"name\":\"Luzimara Fernandes\",\"image\":{\"@type\":\"ImageObject\",\"inLanguage\":\"pt-BR\",\"@id\":\"https:\/\/jornalfatosenoticias.com.br\/#\/schema\/person\/image\/\",\"url\":\"https:\/\/jornalfatosenoticias.com.br\/wp-content\/uploads\/2025\/05\/EU_portal.jpg\",\"contentUrl\":\"https:\/\/jornalfatosenoticias.com.br\/wp-content\/uploads\/2025\/05\/EU_portal.jpg\",\"caption\":\"Luzimara Fernandes\"},\"description\":\"Jornalista MTB 2358-ES\",\"sameAs\":[\"https:\/\/jornalfatosenoticias.com.br\"],\"url\":\"https:\/\/jornalfatosenoticias.com.br\/index.php\/author\/luzimara\/\"}]}<\/script>\n<!-- \/ Yoast SEO plugin. -->","yoast_head_json":{"title":"Palmeira buriti \u00e9 alternativa sustent\u00e1vel para o isopor na constru\u00e7\u00e3o civil - Jornal Fatos e Not\u00edcias","robots":{"index":"index","follow":"follow","max-snippet":"max-snippet:-1","max-image-preview":"max-image-preview:large","max-video-preview":"max-video-preview:-1"},"canonical":"https:\/\/jornalfatosenoticias.com.br\/index.php\/2024\/08\/06\/palmeira-buriti-e-alternativa-sustentavel-para-o-isopor-na-construcao-civil\/","og_locale":"pt_BR","og_type":"article","og_title":"Palmeira buriti \u00e9 alternativa sustent\u00e1vel para o isopor na constru\u00e7\u00e3o civil - Jornal Fatos e Not\u00edcias","og_description":"Alessandra Batista explica que a tecnologia tem como base uma \u00e1rvore abundante e tradicional da Amaz\u00f4nia Por J. Perossi\/Jornal da USP O isopor, conhecido cientificamente como poliestireno expandido, \u00e9 um pol\u00edmero muito presente na nossa vida. Para al\u00e9m de bandejas, quentinhas e caixas t\u00e9rmicas, o isopor tamb\u00e9m \u00e9 utilizado em pain\u00e9is t\u00e9rmicos na constru\u00e7\u00e3o civil.Contudo, [&hellip;]","og_url":"https:\/\/jornalfatosenoticias.com.br\/index.php\/2024\/08\/06\/palmeira-buriti-e-alternativa-sustentavel-para-o-isopor-na-construcao-civil\/","og_site_name":"Jornal Fatos e Not\u00edcias","article_published_time":"2024-08-06T12:55:04+00:00","article_modified_time":"2024-08-06T12:55:05+00:00","og_image":[{"width":612,"height":344,"url":"https:\/\/jornalfatosenoticias.com.br\/wp-content\/uploads\/2024\/08\/palmeira-buriti_istock.jpg","type":"image\/jpeg"}],"author":"Luzimara Fernandes","twitter_card":"summary_large_image","twitter_misc":{"Escrito por":"Luzimara Fernandes","Est. tempo de leitura":"3 minutos"},"schema":{"@context":"https:\/\/schema.org","@graph":[{"@type":"Article","@id":"https:\/\/jornalfatosenoticias.com.br\/index.php\/2024\/08\/06\/palmeira-buriti-e-alternativa-sustentavel-para-o-isopor-na-construcao-civil\/#article","isPartOf":{"@id":"https:\/\/jornalfatosenoticias.com.br\/index.php\/2024\/08\/06\/palmeira-buriti-e-alternativa-sustentavel-para-o-isopor-na-construcao-civil\/"},"author":{"name":"Luzimara Fernandes","@id":"https:\/\/jornalfatosenoticias.com.br\/#\/schema\/person\/d63837fa13ac8666eb9e74e0985d6f81"},"headline":"Palmeira buriti \u00e9 alternativa sustent\u00e1vel para o isopor na constru\u00e7\u00e3o civil","datePublished":"2024-08-06T12:55:04+00:00","dateModified":"2024-08-06T12:55:05+00:00","mainEntityOfPage":{"@id":"https:\/\/jornalfatosenoticias.com.br\/index.php\/2024\/08\/06\/palmeira-buriti-e-alternativa-sustentavel-para-o-isopor-na-construcao-civil\/"},"wordCount":622,"commentCount":0,"publisher":{"@id":"https:\/\/jornalfatosenoticias.com.br\/#organization"},"image":{"@id":"https:\/\/jornalfatosenoticias.com.br\/index.php\/2024\/08\/06\/palmeira-buriti-e-alternativa-sustentavel-para-o-isopor-na-construcao-civil\/#primaryimage"},"thumbnailUrl":"https:\/\/jornalfatosenoticias.com.br\/wp-content\/uploads\/2024\/08\/palmeira-buriti_istock.jpg","keywords":["amaz\u00f4nia","\u00e1rvores","constru\u00e7\u00e3o civil","jornal da USP","palmeira","USP"],"articleSection":["Arq &amp; Urb"],"inLanguage":"pt-BR","potentialAction":[{"@type":"CommentAction","name":"Comment","target":["https:\/\/jornalfatosenoticias.com.br\/index.php\/2024\/08\/06\/palmeira-buriti-e-alternativa-sustentavel-para-o-isopor-na-construcao-civil\/#respond"]}]},{"@type":"WebPage","@id":"https:\/\/jornalfatosenoticias.com.br\/index.php\/2024\/08\/06\/palmeira-buriti-e-alternativa-sustentavel-para-o-isopor-na-construcao-civil\/","url":"https:\/\/jornalfatosenoticias.com.br\/index.php\/2024\/08\/06\/palmeira-buriti-e-alternativa-sustentavel-para-o-isopor-na-construcao-civil\/","name":"Palmeira buriti \u00e9 alternativa sustent\u00e1vel para o isopor na constru\u00e7\u00e3o civil - Jornal Fatos e Not\u00edcias","isPartOf":{"@id":"https:\/\/jornalfatosenoticias.com.br\/#website"},"primaryImageOfPage":{"@id":"https:\/\/jornalfatosenoticias.com.br\/index.php\/2024\/08\/06\/palmeira-buriti-e-alternativa-sustentavel-para-o-isopor-na-construcao-civil\/#primaryimage"},"image":{"@id":"https:\/\/jornalfatosenoticias.com.br\/index.php\/2024\/08\/06\/palmeira-buriti-e-alternativa-sustentavel-para-o-isopor-na-construcao-civil\/#primaryimage"},"thumbnailUrl":"https:\/\/jornalfatosenoticias.com.br\/wp-content\/uploads\/2024\/08\/palmeira-buriti_istock.jpg","datePublished":"2024-08-06T12:55:04+00:00","dateModified":"2024-08-06T12:55:05+00:00","breadcrumb":{"@id":"https:\/\/jornalfatosenoticias.com.br\/index.php\/2024\/08\/06\/palmeira-buriti-e-alternativa-sustentavel-para-o-isopor-na-construcao-civil\/#breadcrumb"},"inLanguage":"pt-BR","potentialAction":[{"@type":"ReadAction","target":["https:\/\/jornalfatosenoticias.com.br\/index.php\/2024\/08\/06\/palmeira-buriti-e-alternativa-sustentavel-para-o-isopor-na-construcao-civil\/"]}]},{"@type":"ImageObject","inLanguage":"pt-BR","@id":"https:\/\/jornalfatosenoticias.com.br\/index.php\/2024\/08\/06\/palmeira-buriti-e-alternativa-sustentavel-para-o-isopor-na-construcao-civil\/#primaryimage","url":"https:\/\/jornalfatosenoticias.com.br\/wp-content\/uploads\/2024\/08\/palmeira-buriti_istock.jpg","contentUrl":"https:\/\/jornalfatosenoticias.com.br\/wp-content\/uploads\/2024\/08\/palmeira-buriti_istock.jpg","width":612,"height":344,"caption":"Aerial image of the apore river with brown water and riparian forest during the day"},{"@type":"BreadcrumbList","@id":"https:\/\/jornalfatosenoticias.com.br\/index.php\/2024\/08\/06\/palmeira-buriti-e-alternativa-sustentavel-para-o-isopor-na-construcao-civil\/#breadcrumb","itemListElement":[{"@type":"ListItem","position":1,"name":"In\u00edcio","item":"https:\/\/jornalfatosenoticias.com.br\/"},{"@type":"ListItem","position":2,"name":"Palmeira buriti \u00e9 alternativa sustent\u00e1vel para o isopor na constru\u00e7\u00e3o civil"}]},{"@type":"WebSite","@id":"https:\/\/jornalfatosenoticias.com.br\/#website","url":"https:\/\/jornalfatosenoticias.com.br\/","name":"Jornal Fatos e Not\u00edcias","description":"Not\u00edcias em geral","publisher":{"@id":"https:\/\/jornalfatosenoticias.com.br\/#organization"},"potentialAction":[{"@type":"SearchAction","target":{"@type":"EntryPoint","urlTemplate":"https:\/\/jornalfatosenoticias.com.br\/?s={search_term_string}"},"query-input":{"@type":"PropertyValueSpecification","valueRequired":true,"valueName":"search_term_string"}}],"inLanguage":"pt-BR"},{"@type":"Organization","@id":"https:\/\/jornalfatosenoticias.com.br\/#organization","name":"Jornal Fatos e Not\u00edcias","url":"https:\/\/jornalfatosenoticias.com.br\/","logo":{"@type":"ImageObject","inLanguage":"pt-BR","@id":"https:\/\/jornalfatosenoticias.com.br\/#\/schema\/logo\/image\/","url":"https:\/\/jornalfatosenoticias.com.br\/wp-content\/uploads\/2020\/02\/logo120.png","contentUrl":"https:\/\/jornalfatosenoticias.com.br\/wp-content\/uploads\/2020\/02\/logo120.png","width":1227,"height":120,"caption":"Jornal Fatos e Not\u00edcias"},"image":{"@id":"https:\/\/jornalfatosenoticias.com.br\/#\/schema\/logo\/image\/"}},{"@type":"Person","@id":"https:\/\/jornalfatosenoticias.com.br\/#\/schema\/person\/d63837fa13ac8666eb9e74e0985d6f81","name":"Luzimara Fernandes","image":{"@type":"ImageObject","inLanguage":"pt-BR","@id":"https:\/\/jornalfatosenoticias.com.br\/#\/schema\/person\/image\/","url":"https:\/\/jornalfatosenoticias.com.br\/wp-content\/uploads\/2025\/05\/EU_portal.jpg","contentUrl":"https:\/\/jornalfatosenoticias.com.br\/wp-content\/uploads\/2025\/05\/EU_portal.jpg","caption":"Luzimara Fernandes"},"description":"Jornalista MTB 2358-ES","sameAs":["https:\/\/jornalfatosenoticias.com.br"],"url":"https:\/\/jornalfatosenoticias.com.br\/index.php\/author\/luzimara\/"}]}},"cc_featured_image_caption":{"caption_text":"(Foto: iStock)","source_text":"","source_url":""},"jetpack_featured_media_url":"https:\/\/jornalfatosenoticias.com.br\/wp-content\/uploads\/2024\/08\/palmeira-buriti_istock.jpg","_links":{"self":[{"href":"https:\/\/jornalfatosenoticias.com.br\/index.php\/wp-json\/wp\/v2\/posts\/53288","targetHints":{"allow":["GET"]}}],"collection":[{"href":"https:\/\/jornalfatosenoticias.com.br\/index.php\/wp-json\/wp\/v2\/posts"}],"about":[{"href":"https:\/\/jornalfatosenoticias.com.br\/index.php\/wp-json\/wp\/v2\/types\/post"}],"author":[{"embeddable":true,"href":"https:\/\/jornalfatosenoticias.com.br\/index.php\/wp-json\/wp\/v2\/users\/2"}],"replies":[{"embeddable":true,"href":"https:\/\/jornalfatosenoticias.com.br\/index.php\/wp-json\/wp\/v2\/comments?post=53288"}],"version-history":[{"count":0,"href":"https:\/\/jornalfatosenoticias.com.br\/index.php\/wp-json\/wp\/v2\/posts\/53288\/revisions"}],"wp:featuredmedia":[{"embeddable":true,"href":"https:\/\/jornalfatosenoticias.com.br\/index.php\/wp-json\/wp\/v2\/media\/53290"}],"wp:attachment":[{"href":"https:\/\/jornalfatosenoticias.com.br\/index.php\/wp-json\/wp\/v2\/media?parent=53288"}],"wp:term":[{"taxonomy":"category","embeddable":true,"href":"https:\/\/jornalfatosenoticias.com.br\/index.php\/wp-json\/wp\/v2\/categories?post=53288"},{"taxonomy":"post_tag","embeddable":true,"href":"https:\/\/jornalfatosenoticias.com.br\/index.php\/wp-json\/wp\/v2\/tags?post=53288"}],"curies":[{"name":"wp","href":"https:\/\/api.w.org\/{rel}","templated":true}]}}