{"id":53299,"date":"2024-08-06T10:56:14","date_gmt":"2024-08-06T13:56:14","guid":{"rendered":"https:\/\/jornalfatosenoticias.com.br\/?p=53299"},"modified":"2024-08-06T10:56:17","modified_gmt":"2024-08-06T13:56:17","slug":"corujas-buraqueiras-fazem-tocas-em-orla-da-praia","status":"publish","type":"post","link":"https:\/\/jornalfatosenoticias.com.br\/index.php\/2024\/08\/06\/corujas-buraqueiras-fazem-tocas-em-orla-da-praia\/","title":{"rendered":"Corujas-buraqueiras fazem tocas em orla da praia"},"content":{"rendered":"\n<p><span class=\"has-inline-color has-black-color\"><em>Presen\u00e7a de corujas no litoral do Paran\u00e1 indicam sucesso em projeto de recupera\u00e7\u00e3o da vegeta\u00e7\u00e3o de restinga<\/em><\/span><\/p>\n\n\n\n<div class=\"wp-block-image\"><figure class=\"aligncenter size-large\"><a href=\"https:\/\/panper.com.br\/\"><img loading=\"lazy\" decoding=\"async\" width=\"1024\" height=\"111\" src=\"https:\/\/jornalfatosenoticias.com.br\/wp-content\/uploads\/2020\/02\/WhatsApp-Image-2022-09-23-at-12.09.18-1024x111.jpeg\" alt=\"\" class=\"wp-image-34527\" srcset=\"https:\/\/jornalfatosenoticias.com.br\/wp-content\/uploads\/2020\/02\/WhatsApp-Image-2022-09-23-at-12.09.18-1024x111.jpeg 1024w, https:\/\/jornalfatosenoticias.com.br\/wp-content\/uploads\/2020\/02\/WhatsApp-Image-2022-09-23-at-12.09.18-300x32.jpeg 300w, https:\/\/jornalfatosenoticias.com.br\/wp-content\/uploads\/2020\/02\/WhatsApp-Image-2022-09-23-at-12.09.18-768x83.jpeg 768w, https:\/\/jornalfatosenoticias.com.br\/wp-content\/uploads\/2020\/02\/WhatsApp-Image-2022-09-23-at-12.09.18.jpeg 1121w\" sizes=\"auto, (max-width: 1024px) 100vw, 1024px\" \/><\/a><\/figure><\/div>\n\n\n\n<p>A revitaliza\u00e7\u00e3o da orla de Matinhos, no litoral do Paran\u00e1, est\u00e1 mudando o ecossistema da regi\u00e3o. Programas de monitoramento ambiental identificaram a presen\u00e7a de novas tocas de corujas-buraqueiras (<em>Athene cunicularia<\/em>) nos canteiros de recupera\u00e7\u00e3o da vegeta\u00e7\u00e3o de restinga da orla, uma faixa de 6,3 quil\u00f4metros entre Caiob\u00e1 e o Balne\u00e1rio Fl\u00f3rida.<br>A esp\u00e9cie <em>Athene cunicularia<\/em> \u00e9 conhecida popularmente como coruja-buraqueira ou cabur\u00e9. O nome cient\u00edfico significa \u201ccoruja que cava t\u00faneis\u201d, fazendo refer\u00eancia ao h\u00e1bito da ave de cavar buracos para construir ninhos. A ave apresenta pequeno porte e colora\u00e7\u00e3o castanha com manchas beges na ponta das asas e se alimenta de animais de pequeno porte, como insetos, anf\u00edbios e r\u00e9pteis.<\/p>\n\n\n\n<div class=\"wp-block-image\"><figure class=\"aligncenter size-large is-resized\"><a href=\"https:\/\/www.facebook.com\/postobkr\/?locale=pt_BR\"><img loading=\"lazy\" decoding=\"async\" src=\"https:\/\/jornalfatosenoticias.com.br\/wp-content\/uploads\/2023\/08\/BKR-1024x1021.jpg\" alt=\"\" class=\"wp-image-44494\" width=\"292\" height=\"291\" srcset=\"https:\/\/jornalfatosenoticias.com.br\/wp-content\/uploads\/2023\/08\/BKR-1024x1021.jpg 1024w, https:\/\/jornalfatosenoticias.com.br\/wp-content\/uploads\/2023\/08\/BKR-300x300.jpg 300w, https:\/\/jornalfatosenoticias.com.br\/wp-content\/uploads\/2023\/08\/BKR-150x150.jpg 150w, https:\/\/jornalfatosenoticias.com.br\/wp-content\/uploads\/2023\/08\/BKR-768x766.jpg 768w, https:\/\/jornalfatosenoticias.com.br\/wp-content\/uploads\/2023\/08\/BKR.jpg 1080w\" sizes=\"auto, (max-width: 292px) 100vw, 292px\" \/><\/a><\/figure><\/div>\n\n\n\n<p>A coruja-buraqueira \u00e9 capaz de habitar ambientes alterados pela a\u00e7\u00e3o humana, podendo ser encontrada em \u00e1reas abertas das cidades, como no litoral do Paran\u00e1 -, onde est\u00e1 sendo realizado um projeto de recupera\u00e7\u00e3o de restinga pelo Instituto \u00c1gua e Terra (IAT) em parceria com o Cons\u00f3rcio DTA\/Acquaplan. Por abrigarem os filhotes da ave, a presen\u00e7a das tocas \u00e9 um sinal positivo de que as esp\u00e9cies locais est\u00e3o voltando a ocupar a regi\u00e3o ap\u00f3s as interven\u00e7\u00f5es.<\/p>\n\n\n\n<div class=\"wp-block-image\"><figure class=\"aligncenter size-large\"><a href=\"https:\/\/www.facebook.com\/Esteio-Churrascaria-Barbecue-103643461220402\/\"><img decoding=\"async\" src=\"https:\/\/jornalfatosenoticias.com.br\/wp-content\/uploads\/2020\/02\/logo_esteio.jpg\" alt=\"\" class=\"wp-image-1214\"\/><\/a><\/figure><\/div>\n\n\n\n<blockquote class=\"wp-block-quote is-layout-flow wp-block-quote-is-layout-flow\"><p><span class=\"has-inline-color has-luminous-vivid-orange-color\">A presen\u00e7a desses animais traz muitos benef\u00edcios para a fauna da regi\u00e3o, ajudando no controle biol\u00f3gico de insetos. Agora, como esses animais est\u00e3o voltando a frequentar a orla, \u00e9 importante que o desenvolvimento do litoral esteja sempre alinhado com a preserva\u00e7\u00e3o dessas esp\u00e9cies e de outras que podem potencialmente ocupar aquele espa\u00e7o\u201d, explica a bi\u00f3loga do Escrit\u00f3rio Regional do IAT, Mayara dos Santos Rodrigues.<\/span><\/p><\/blockquote>\n\n\n\n<div class=\"wp-block-image\"><figure class=\"aligncenter size-large is-resized\"><a href=\"https:\/\/hotelmarquetti.com.br\/\"><img loading=\"lazy\" decoding=\"async\" src=\"https:\/\/jornalfatosenoticias.com.br\/wp-content\/uploads\/2023\/03\/nova-logo-Marquetti.jpg\" alt=\"\" class=\"wp-image-40207\" width=\"340\" height=\"228\" srcset=\"https:\/\/jornalfatosenoticias.com.br\/wp-content\/uploads\/2023\/03\/nova-logo-Marquetti.jpg 643w, https:\/\/jornalfatosenoticias.com.br\/wp-content\/uploads\/2023\/03\/nova-logo-Marquetti-300x202.jpg 300w\" sizes=\"auto, (max-width: 340px) 100vw, 340px\" \/><\/a><\/figure><\/div>\n\n\n\n<p>Para ajudar a proteger a ave silvestre, al\u00e9m do monitoramento peri\u00f3dico, est\u00e3o previstas tamb\u00e9m a\u00e7\u00f5es de educa\u00e7\u00e3o ambiental sobre a esp\u00e9cie, destaca a gestora dos Programas Ambientais em Matinhos, Tamires Ferreira Lima. <\/p>\n\n\n\n<div class=\"wp-block-image\"><figure class=\"aligncenter size-large\"><img loading=\"lazy\" decoding=\"async\" width=\"1000\" height=\"666\" src=\"https:\/\/jornalfatosenoticias.com.br\/wp-content\/uploads\/2024\/08\/Corujas-buraqueiras-ciclovivo-2.jpg\" alt=\"\" class=\"wp-image-53300\" srcset=\"https:\/\/jornalfatosenoticias.com.br\/wp-content\/uploads\/2024\/08\/Corujas-buraqueiras-ciclovivo-2.jpg 1000w, https:\/\/jornalfatosenoticias.com.br\/wp-content\/uploads\/2024\/08\/Corujas-buraqueiras-ciclovivo-2-300x200.jpg 300w, https:\/\/jornalfatosenoticias.com.br\/wp-content\/uploads\/2024\/08\/Corujas-buraqueiras-ciclovivo-2-768x511.jpg 768w\" sizes=\"auto, (max-width: 1000px) 100vw, 1000px\" \/><figcaption><em><span class=\"has-inline-color has-black-color\">(Foto: DTA\/Acquaplan)<\/span><\/em><\/figcaption><\/figure><\/div>\n\n\n\n<blockquote class=\"wp-block-quote is-layout-flow wp-block-quote-is-layout-flow\"><p><span class=\"has-inline-color has-luminous-vivid-orange-color\">As corujas-buraqueiras est\u00e3o em tr\u00eas locais j\u00e1 sinalizados com placas, indicando as tocas como meio de identifica\u00e7\u00e3o e de conscientiza\u00e7\u00e3o da popula\u00e7\u00e3o. \u00c9 preciso respeitar, por isso necessitamos que a informa\u00e7\u00e3o correta chegue \u00e0 popula\u00e7\u00e3o\u201d, afirma.<\/span><\/p><\/blockquote>\n\n\n\n<div class=\"wp-block-image\"><figure class=\"aligncenter size-large\"><a href=\"https:\/\/cesconetto.com.br\/\"><img loading=\"lazy\" decoding=\"async\" width=\"300\" height=\"250\" src=\"https:\/\/jornalfatosenoticias.com.br\/wp-content\/uploads\/2020\/02\/Banner-2.png\" alt=\"\" class=\"wp-image-43787\"\/><\/a><\/figure><\/div>\n\n\n\n<p><strong><span class=\"has-inline-color has-vivid-green-cyan-color\">Atraindo animais<br><\/span><\/strong>A revitaliza\u00e7\u00e3o da Orla de Matinhos inclui a execu\u00e7\u00e3o de servi\u00e7os de engorda da faixa de areia por meio de aterro hidr\u00e1ulico, estruturas mar\u00edtimas semirr\u00edgidas, canais de macrodrenagem e redes de microdrenagem. Al\u00e9m do sistema de drenagem, as obras contemplam a melhoria da pavimenta\u00e7\u00e3o asf\u00e1ltica e recupera\u00e7\u00e3o de vias urbanas.<\/p>\n\n\n\n<div class=\"wp-block-image\"><figure class=\"aligncenter size-large is-resized\"><a href=\"https:\/\/www.instagram.com\/restaurantepegoretti\/\"><img loading=\"lazy\" decoding=\"async\" src=\"https:\/\/jornalfatosenoticias.com.br\/wp-content\/uploads\/2023\/12\/pegoretti-logo-pdf-1024x389.jpg\" alt=\"\" class=\"wp-image-47536\" width=\"438\" height=\"166\" srcset=\"https:\/\/jornalfatosenoticias.com.br\/wp-content\/uploads\/2023\/12\/pegoretti-logo-pdf-1024x389.jpg 1024w, https:\/\/jornalfatosenoticias.com.br\/wp-content\/uploads\/2023\/12\/pegoretti-logo-pdf-300x114.jpg 300w, https:\/\/jornalfatosenoticias.com.br\/wp-content\/uploads\/2023\/12\/pegoretti-logo-pdf-768x291.jpg 768w, https:\/\/jornalfatosenoticias.com.br\/wp-content\/uploads\/2023\/12\/pegoretti-logo-pdf.jpg 1120w\" sizes=\"auto, (max-width: 438px) 100vw, 438px\" \/><\/a><\/figure><\/div>\n\n\n\n<p>Com tais interven\u00e7\u00f5es, para al\u00e9m das corujas, o projeto est\u00e1 propiciando a apari\u00e7\u00e3o de aves aqu\u00e1ticas da esp\u00e9cie <em>Nannopterum brasilianus<\/em>, conhecidas popularmente como bigu\u00e1 ou mergulh\u00e3o, e tamb\u00e9m uma variedade de gar\u00e7as, da fam\u00edlia <em>Ardeidae.<\/em> Al\u00e9m disso, as estruturas mar\u00edtimas viabilizaram a apari\u00e7\u00e3o de organismos como conchas e carac\u00f3is, a chamada fauna incrustante, que contribui para a biodiversidade local.<\/p>\n\n\n\n<div class=\"wp-block-image\"><figure class=\"aligncenter size-large is-resized\"><a href=\"https:\/\/www.ithbrasil.com.br\/\"><img loading=\"lazy\" decoding=\"async\" src=\"https:\/\/jornalfatosenoticias.com.br\/wp-content\/uploads\/2023\/08\/ITH.jpeg\" alt=\"\" class=\"wp-image-44638\" width=\"307\" height=\"249\" srcset=\"https:\/\/jornalfatosenoticias.com.br\/wp-content\/uploads\/2023\/08\/ITH.jpeg 800w, https:\/\/jornalfatosenoticias.com.br\/wp-content\/uploads\/2023\/08\/ITH-300x244.jpeg 300w, https:\/\/jornalfatosenoticias.com.br\/wp-content\/uploads\/2023\/08\/ITH-768x624.jpeg 768w\" sizes=\"auto, (max-width: 307px) 100vw, 307px\" \/><\/a><\/figure><\/div>\n\n\n\n<p>Um estudo realizado pelo Cons\u00f3rcio DTA\/Acquaplan tamb\u00e9m mostra que foram avistados 56 grupos de botos-cinzas (<em>Sotalia Guianensis<\/em>) e toninhas (<em>Pontoporia blaenvillei<\/em>), esp\u00e9cies que correm risco de extin\u00e7\u00e3o, al\u00e9m de outros animais costeiros.<\/p>\n\n\n\n<div class=\"wp-block-image\"><figure class=\"aligncenter size-large\"><a href=\"http:\/\/www.ferrarimaquinas.com.br\/\"><img loading=\"lazy\" decoding=\"async\" width=\"300\" height=\"250\" src=\"https:\/\/jornalfatosenoticias.com.br\/wp-content\/uploads\/2022\/02\/FERRARI_MAQUINAS-E-FERRAMENTAS2.jpg\" alt=\"\" class=\"wp-image-27860\"\/><\/a><\/figure><\/div>\n\n\n\n<p>J\u00e1 os caranguejos maria-farinha (<em>Ocypode quadrata<\/em>) foram atra\u00eddos pela engorda da faixa de areia e o replantio da restinga. Maria-farinha s\u00e3o crust\u00e1ceos amarelos que se alimentam de tatu\u00edras, mariscos, insetos e outros animais mortos trazidos pela mar\u00e9.<\/p>\n\n\n\n<div class=\"wp-block-image\"><figure class=\"aligncenter size-large\"><a href=\"https:\/\/www.controlsystems.com.br\/\"><img loading=\"lazy\" decoding=\"async\" width=\"1024\" height=\"109\" src=\"https:\/\/jornalfatosenoticias.com.br\/wp-content\/uploads\/2020\/02\/CONTROL-CS2-1024x109.jpg\" alt=\"\" class=\"wp-image-44989\" srcset=\"https:\/\/jornalfatosenoticias.com.br\/wp-content\/uploads\/2020\/02\/CONTROL-CS2-1024x109.jpg 1024w, https:\/\/jornalfatosenoticias.com.br\/wp-content\/uploads\/2020\/02\/CONTROL-CS2-300x32.jpg 300w, https:\/\/jornalfatosenoticias.com.br\/wp-content\/uploads\/2020\/02\/CONTROL-CS2-768x82.jpg 768w, https:\/\/jornalfatosenoticias.com.br\/wp-content\/uploads\/2020\/02\/CONTROL-CS2.jpg 1120w\" sizes=\"auto, (max-width: 1024px) 100vw, 1024px\" \/><\/a><\/figure><\/div>\n\n\n\n<p><strong><em>Fonte: <a href=\"https:\/\/ciclovivo.com.br\/planeta\/meio-ambiente\/corujas-buraqueiras-fazem-tocas-em-orla-da-praia\/\">CicloVivo<\/a><\/em><\/strong><\/p>\n","protected":false},"excerpt":{"rendered":"<p>Presen\u00e7a de corujas no litoral do Paran\u00e1 indicam sucesso em projeto de recupera\u00e7\u00e3o da vegeta\u00e7\u00e3o de restinga A revitaliza\u00e7\u00e3o da orla de Matinhos, no litoral do Paran\u00e1, est\u00e1 mudando o ecossistema da regi\u00e3o. Programas de monitoramento ambiental identificaram a presen\u00e7a de novas tocas de corujas-buraqueiras (Athene cunicularia) nos canteiros de recupera\u00e7\u00e3o da vegeta\u00e7\u00e3o de restinga [&hellip;]<\/p>\n","protected":false},"author":2,"featured_media":53301,"comment_status":"open","ping_status":"open","sticky":false,"template":"","format":"standard","meta":{"footnotes":""},"categories":[8],"tags":[24319,1374,24320,1460,5177],"class_list":["post-53299","post","type-post","status-publish","format-standard","has-post-thumbnail","hentry","category-meio-ambiente","tag-coruja-buraqueira","tag-corujas-2","tag-orla-da-praia","tag-parana","tag-restinga"],"yoast_head":"<!-- This site is optimized with the Yoast SEO plugin v26.5 - https:\/\/yoast.com\/wordpress\/plugins\/seo\/ -->\n<title>Corujas-buraqueiras fazem tocas em orla da praia - Jornal Fatos e Not\u00edcias<\/title>\n<meta name=\"robots\" content=\"index, follow, max-snippet:-1, max-image-preview:large, max-video-preview:-1\" \/>\n<link rel=\"canonical\" href=\"https:\/\/jornalfatosenoticias.com.br\/index.php\/2024\/08\/06\/corujas-buraqueiras-fazem-tocas-em-orla-da-praia\/\" \/>\n<meta property=\"og:locale\" content=\"pt_BR\" \/>\n<meta property=\"og:type\" content=\"article\" \/>\n<meta property=\"og:title\" content=\"Corujas-buraqueiras fazem tocas em orla da praia - Jornal Fatos e Not\u00edcias\" \/>\n<meta property=\"og:description\" content=\"Presen\u00e7a de corujas no litoral do Paran\u00e1 indicam sucesso em projeto de recupera\u00e7\u00e3o da vegeta\u00e7\u00e3o de restinga A revitaliza\u00e7\u00e3o da orla de Matinhos, no litoral do Paran\u00e1, est\u00e1 mudando o ecossistema da regi\u00e3o. Programas de monitoramento ambiental identificaram a presen\u00e7a de novas tocas de corujas-buraqueiras (Athene cunicularia) nos canteiros de recupera\u00e7\u00e3o da vegeta\u00e7\u00e3o de restinga [&hellip;]\" \/>\n<meta property=\"og:url\" content=\"https:\/\/jornalfatosenoticias.com.br\/index.php\/2024\/08\/06\/corujas-buraqueiras-fazem-tocas-em-orla-da-praia\/\" \/>\n<meta property=\"og:site_name\" content=\"Jornal Fatos e Not\u00edcias\" \/>\n<meta property=\"article:published_time\" content=\"2024-08-06T13:56:14+00:00\" \/>\n<meta property=\"article:modified_time\" content=\"2024-08-06T13:56:17+00:00\" \/>\n<meta property=\"og:image\" content=\"https:\/\/jornalfatosenoticias.com.br\/wp-content\/uploads\/2024\/08\/corujas-buraqueiras_istock.jpg\" \/>\n\t<meta property=\"og:image:width\" content=\"612\" \/>\n\t<meta property=\"og:image:height\" content=\"345\" \/>\n\t<meta property=\"og:image:type\" content=\"image\/jpeg\" \/>\n<meta name=\"author\" content=\"Luzimara Fernandes\" \/>\n<meta name=\"twitter:card\" content=\"summary_large_image\" \/>\n<meta name=\"twitter:label1\" content=\"Escrito por\" \/>\n\t<meta name=\"twitter:data1\" content=\"Luzimara Fernandes\" \/>\n\t<meta name=\"twitter:label2\" content=\"Est. tempo de leitura\" \/>\n\t<meta name=\"twitter:data2\" content=\"3 minutos\" \/>\n<script type=\"application\/ld+json\" class=\"yoast-schema-graph\">{\"@context\":\"https:\/\/schema.org\",\"@graph\":[{\"@type\":\"Article\",\"@id\":\"https:\/\/jornalfatosenoticias.com.br\/index.php\/2024\/08\/06\/corujas-buraqueiras-fazem-tocas-em-orla-da-praia\/#article\",\"isPartOf\":{\"@id\":\"https:\/\/jornalfatosenoticias.com.br\/index.php\/2024\/08\/06\/corujas-buraqueiras-fazem-tocas-em-orla-da-praia\/\"},\"author\":{\"name\":\"Luzimara Fernandes\",\"@id\":\"https:\/\/jornalfatosenoticias.com.br\/#\/schema\/person\/d63837fa13ac8666eb9e74e0985d6f81\"},\"headline\":\"Corujas-buraqueiras fazem tocas em orla da praia\",\"datePublished\":\"2024-08-06T13:56:14+00:00\",\"dateModified\":\"2024-08-06T13:56:17+00:00\",\"mainEntityOfPage\":{\"@id\":\"https:\/\/jornalfatosenoticias.com.br\/index.php\/2024\/08\/06\/corujas-buraqueiras-fazem-tocas-em-orla-da-praia\/\"},\"wordCount\":604,\"commentCount\":0,\"publisher\":{\"@id\":\"https:\/\/jornalfatosenoticias.com.br\/#organization\"},\"image\":{\"@id\":\"https:\/\/jornalfatosenoticias.com.br\/index.php\/2024\/08\/06\/corujas-buraqueiras-fazem-tocas-em-orla-da-praia\/#primaryimage\"},\"thumbnailUrl\":\"https:\/\/jornalfatosenoticias.com.br\/wp-content\/uploads\/2024\/08\/corujas-buraqueiras_istock.jpg\",\"keywords\":[\"coruja-buraqueira\",\"corujas\",\"orla da praia\",\"Paran\u00e1\",\"restinga\"],\"articleSection\":[\"Meio ambiente\"],\"inLanguage\":\"pt-BR\",\"potentialAction\":[{\"@type\":\"CommentAction\",\"name\":\"Comment\",\"target\":[\"https:\/\/jornalfatosenoticias.com.br\/index.php\/2024\/08\/06\/corujas-buraqueiras-fazem-tocas-em-orla-da-praia\/#respond\"]}]},{\"@type\":\"WebPage\",\"@id\":\"https:\/\/jornalfatosenoticias.com.br\/index.php\/2024\/08\/06\/corujas-buraqueiras-fazem-tocas-em-orla-da-praia\/\",\"url\":\"https:\/\/jornalfatosenoticias.com.br\/index.php\/2024\/08\/06\/corujas-buraqueiras-fazem-tocas-em-orla-da-praia\/\",\"name\":\"Corujas-buraqueiras fazem tocas em orla da praia - Jornal Fatos e Not\u00edcias\",\"isPartOf\":{\"@id\":\"https:\/\/jornalfatosenoticias.com.br\/#website\"},\"primaryImageOfPage\":{\"@id\":\"https:\/\/jornalfatosenoticias.com.br\/index.php\/2024\/08\/06\/corujas-buraqueiras-fazem-tocas-em-orla-da-praia\/#primaryimage\"},\"image\":{\"@id\":\"https:\/\/jornalfatosenoticias.com.br\/index.php\/2024\/08\/06\/corujas-buraqueiras-fazem-tocas-em-orla-da-praia\/#primaryimage\"},\"thumbnailUrl\":\"https:\/\/jornalfatosenoticias.com.br\/wp-content\/uploads\/2024\/08\/corujas-buraqueiras_istock.jpg\",\"datePublished\":\"2024-08-06T13:56:14+00:00\",\"dateModified\":\"2024-08-06T13:56:17+00:00\",\"breadcrumb\":{\"@id\":\"https:\/\/jornalfatosenoticias.com.br\/index.php\/2024\/08\/06\/corujas-buraqueiras-fazem-tocas-em-orla-da-praia\/#breadcrumb\"},\"inLanguage\":\"pt-BR\",\"potentialAction\":[{\"@type\":\"ReadAction\",\"target\":[\"https:\/\/jornalfatosenoticias.com.br\/index.php\/2024\/08\/06\/corujas-buraqueiras-fazem-tocas-em-orla-da-praia\/\"]}]},{\"@type\":\"ImageObject\",\"inLanguage\":\"pt-BR\",\"@id\":\"https:\/\/jornalfatosenoticias.com.br\/index.php\/2024\/08\/06\/corujas-buraqueiras-fazem-tocas-em-orla-da-praia\/#primaryimage\",\"url\":\"https:\/\/jornalfatosenoticias.com.br\/wp-content\/uploads\/2024\/08\/corujas-buraqueiras_istock.jpg\",\"contentUrl\":\"https:\/\/jornalfatosenoticias.com.br\/wp-content\/uploads\/2024\/08\/corujas-buraqueiras_istock.jpg\",\"width\":612,\"height\":345,\"caption\":\"Young Shoco or Burrowing owl, in nesting area. OLYMPUS DIGITAL CAMERA\"},{\"@type\":\"BreadcrumbList\",\"@id\":\"https:\/\/jornalfatosenoticias.com.br\/index.php\/2024\/08\/06\/corujas-buraqueiras-fazem-tocas-em-orla-da-praia\/#breadcrumb\",\"itemListElement\":[{\"@type\":\"ListItem\",\"position\":1,\"name\":\"In\u00edcio\",\"item\":\"https:\/\/jornalfatosenoticias.com.br\/\"},{\"@type\":\"ListItem\",\"position\":2,\"name\":\"Corujas-buraqueiras fazem tocas em orla da praia\"}]},{\"@type\":\"WebSite\",\"@id\":\"https:\/\/jornalfatosenoticias.com.br\/#website\",\"url\":\"https:\/\/jornalfatosenoticias.com.br\/\",\"name\":\"Jornal Fatos e Not\u00edcias\",\"description\":\"Not\u00edcias em geral\",\"publisher\":{\"@id\":\"https:\/\/jornalfatosenoticias.com.br\/#organization\"},\"potentialAction\":[{\"@type\":\"SearchAction\",\"target\":{\"@type\":\"EntryPoint\",\"urlTemplate\":\"https:\/\/jornalfatosenoticias.com.br\/?s={search_term_string}\"},\"query-input\":{\"@type\":\"PropertyValueSpecification\",\"valueRequired\":true,\"valueName\":\"search_term_string\"}}],\"inLanguage\":\"pt-BR\"},{\"@type\":\"Organization\",\"@id\":\"https:\/\/jornalfatosenoticias.com.br\/#organization\",\"name\":\"Jornal Fatos e Not\u00edcias\",\"url\":\"https:\/\/jornalfatosenoticias.com.br\/\",\"logo\":{\"@type\":\"ImageObject\",\"inLanguage\":\"pt-BR\",\"@id\":\"https:\/\/jornalfatosenoticias.com.br\/#\/schema\/logo\/image\/\",\"url\":\"https:\/\/jornalfatosenoticias.com.br\/wp-content\/uploads\/2020\/02\/logo120.png\",\"contentUrl\":\"https:\/\/jornalfatosenoticias.com.br\/wp-content\/uploads\/2020\/02\/logo120.png\",\"width\":1227,\"height\":120,\"caption\":\"Jornal Fatos e Not\u00edcias\"},\"image\":{\"@id\":\"https:\/\/jornalfatosenoticias.com.br\/#\/schema\/logo\/image\/\"}},{\"@type\":\"Person\",\"@id\":\"https:\/\/jornalfatosenoticias.com.br\/#\/schema\/person\/d63837fa13ac8666eb9e74e0985d6f81\",\"name\":\"Luzimara Fernandes\",\"image\":{\"@type\":\"ImageObject\",\"inLanguage\":\"pt-BR\",\"@id\":\"https:\/\/jornalfatosenoticias.com.br\/#\/schema\/person\/image\/\",\"url\":\"https:\/\/jornalfatosenoticias.com.br\/wp-content\/uploads\/2025\/05\/EU_portal.jpg\",\"contentUrl\":\"https:\/\/jornalfatosenoticias.com.br\/wp-content\/uploads\/2025\/05\/EU_portal.jpg\",\"caption\":\"Luzimara Fernandes\"},\"description\":\"Jornalista MTB 2358-ES\",\"sameAs\":[\"https:\/\/jornalfatosenoticias.com.br\"],\"url\":\"https:\/\/jornalfatosenoticias.com.br\/index.php\/author\/luzimara\/\"}]}<\/script>\n<!-- \/ Yoast SEO plugin. -->","yoast_head_json":{"title":"Corujas-buraqueiras fazem tocas em orla da praia - Jornal Fatos e Not\u00edcias","robots":{"index":"index","follow":"follow","max-snippet":"max-snippet:-1","max-image-preview":"max-image-preview:large","max-video-preview":"max-video-preview:-1"},"canonical":"https:\/\/jornalfatosenoticias.com.br\/index.php\/2024\/08\/06\/corujas-buraqueiras-fazem-tocas-em-orla-da-praia\/","og_locale":"pt_BR","og_type":"article","og_title":"Corujas-buraqueiras fazem tocas em orla da praia - Jornal Fatos e Not\u00edcias","og_description":"Presen\u00e7a de corujas no litoral do Paran\u00e1 indicam sucesso em projeto de recupera\u00e7\u00e3o da vegeta\u00e7\u00e3o de restinga A revitaliza\u00e7\u00e3o da orla de Matinhos, no litoral do Paran\u00e1, est\u00e1 mudando o ecossistema da regi\u00e3o. Programas de monitoramento ambiental identificaram a presen\u00e7a de novas tocas de corujas-buraqueiras (Athene cunicularia) nos canteiros de recupera\u00e7\u00e3o da vegeta\u00e7\u00e3o de restinga [&hellip;]","og_url":"https:\/\/jornalfatosenoticias.com.br\/index.php\/2024\/08\/06\/corujas-buraqueiras-fazem-tocas-em-orla-da-praia\/","og_site_name":"Jornal Fatos e Not\u00edcias","article_published_time":"2024-08-06T13:56:14+00:00","article_modified_time":"2024-08-06T13:56:17+00:00","og_image":[{"width":612,"height":345,"url":"https:\/\/jornalfatosenoticias.com.br\/wp-content\/uploads\/2024\/08\/corujas-buraqueiras_istock.jpg","type":"image\/jpeg"}],"author":"Luzimara Fernandes","twitter_card":"summary_large_image","twitter_misc":{"Escrito por":"Luzimara Fernandes","Est. tempo de leitura":"3 minutos"},"schema":{"@context":"https:\/\/schema.org","@graph":[{"@type":"Article","@id":"https:\/\/jornalfatosenoticias.com.br\/index.php\/2024\/08\/06\/corujas-buraqueiras-fazem-tocas-em-orla-da-praia\/#article","isPartOf":{"@id":"https:\/\/jornalfatosenoticias.com.br\/index.php\/2024\/08\/06\/corujas-buraqueiras-fazem-tocas-em-orla-da-praia\/"},"author":{"name":"Luzimara Fernandes","@id":"https:\/\/jornalfatosenoticias.com.br\/#\/schema\/person\/d63837fa13ac8666eb9e74e0985d6f81"},"headline":"Corujas-buraqueiras fazem tocas em orla da praia","datePublished":"2024-08-06T13:56:14+00:00","dateModified":"2024-08-06T13:56:17+00:00","mainEntityOfPage":{"@id":"https:\/\/jornalfatosenoticias.com.br\/index.php\/2024\/08\/06\/corujas-buraqueiras-fazem-tocas-em-orla-da-praia\/"},"wordCount":604,"commentCount":0,"publisher":{"@id":"https:\/\/jornalfatosenoticias.com.br\/#organization"},"image":{"@id":"https:\/\/jornalfatosenoticias.com.br\/index.php\/2024\/08\/06\/corujas-buraqueiras-fazem-tocas-em-orla-da-praia\/#primaryimage"},"thumbnailUrl":"https:\/\/jornalfatosenoticias.com.br\/wp-content\/uploads\/2024\/08\/corujas-buraqueiras_istock.jpg","keywords":["coruja-buraqueira","corujas","orla da praia","Paran\u00e1","restinga"],"articleSection":["Meio ambiente"],"inLanguage":"pt-BR","potentialAction":[{"@type":"CommentAction","name":"Comment","target":["https:\/\/jornalfatosenoticias.com.br\/index.php\/2024\/08\/06\/corujas-buraqueiras-fazem-tocas-em-orla-da-praia\/#respond"]}]},{"@type":"WebPage","@id":"https:\/\/jornalfatosenoticias.com.br\/index.php\/2024\/08\/06\/corujas-buraqueiras-fazem-tocas-em-orla-da-praia\/","url":"https:\/\/jornalfatosenoticias.com.br\/index.php\/2024\/08\/06\/corujas-buraqueiras-fazem-tocas-em-orla-da-praia\/","name":"Corujas-buraqueiras fazem tocas em orla da praia - Jornal Fatos e Not\u00edcias","isPartOf":{"@id":"https:\/\/jornalfatosenoticias.com.br\/#website"},"primaryImageOfPage":{"@id":"https:\/\/jornalfatosenoticias.com.br\/index.php\/2024\/08\/06\/corujas-buraqueiras-fazem-tocas-em-orla-da-praia\/#primaryimage"},"image":{"@id":"https:\/\/jornalfatosenoticias.com.br\/index.php\/2024\/08\/06\/corujas-buraqueiras-fazem-tocas-em-orla-da-praia\/#primaryimage"},"thumbnailUrl":"https:\/\/jornalfatosenoticias.com.br\/wp-content\/uploads\/2024\/08\/corujas-buraqueiras_istock.jpg","datePublished":"2024-08-06T13:56:14+00:00","dateModified":"2024-08-06T13:56:17+00:00","breadcrumb":{"@id":"https:\/\/jornalfatosenoticias.com.br\/index.php\/2024\/08\/06\/corujas-buraqueiras-fazem-tocas-em-orla-da-praia\/#breadcrumb"},"inLanguage":"pt-BR","potentialAction":[{"@type":"ReadAction","target":["https:\/\/jornalfatosenoticias.com.br\/index.php\/2024\/08\/06\/corujas-buraqueiras-fazem-tocas-em-orla-da-praia\/"]}]},{"@type":"ImageObject","inLanguage":"pt-BR","@id":"https:\/\/jornalfatosenoticias.com.br\/index.php\/2024\/08\/06\/corujas-buraqueiras-fazem-tocas-em-orla-da-praia\/#primaryimage","url":"https:\/\/jornalfatosenoticias.com.br\/wp-content\/uploads\/2024\/08\/corujas-buraqueiras_istock.jpg","contentUrl":"https:\/\/jornalfatosenoticias.com.br\/wp-content\/uploads\/2024\/08\/corujas-buraqueiras_istock.jpg","width":612,"height":345,"caption":"Young Shoco or Burrowing owl, in nesting area. OLYMPUS DIGITAL CAMERA"},{"@type":"BreadcrumbList","@id":"https:\/\/jornalfatosenoticias.com.br\/index.php\/2024\/08\/06\/corujas-buraqueiras-fazem-tocas-em-orla-da-praia\/#breadcrumb","itemListElement":[{"@type":"ListItem","position":1,"name":"In\u00edcio","item":"https:\/\/jornalfatosenoticias.com.br\/"},{"@type":"ListItem","position":2,"name":"Corujas-buraqueiras fazem tocas em orla da praia"}]},{"@type":"WebSite","@id":"https:\/\/jornalfatosenoticias.com.br\/#website","url":"https:\/\/jornalfatosenoticias.com.br\/","name":"Jornal Fatos e Not\u00edcias","description":"Not\u00edcias em geral","publisher":{"@id":"https:\/\/jornalfatosenoticias.com.br\/#organization"},"potentialAction":[{"@type":"SearchAction","target":{"@type":"EntryPoint","urlTemplate":"https:\/\/jornalfatosenoticias.com.br\/?s={search_term_string}"},"query-input":{"@type":"PropertyValueSpecification","valueRequired":true,"valueName":"search_term_string"}}],"inLanguage":"pt-BR"},{"@type":"Organization","@id":"https:\/\/jornalfatosenoticias.com.br\/#organization","name":"Jornal Fatos e Not\u00edcias","url":"https:\/\/jornalfatosenoticias.com.br\/","logo":{"@type":"ImageObject","inLanguage":"pt-BR","@id":"https:\/\/jornalfatosenoticias.com.br\/#\/schema\/logo\/image\/","url":"https:\/\/jornalfatosenoticias.com.br\/wp-content\/uploads\/2020\/02\/logo120.png","contentUrl":"https:\/\/jornalfatosenoticias.com.br\/wp-content\/uploads\/2020\/02\/logo120.png","width":1227,"height":120,"caption":"Jornal Fatos e Not\u00edcias"},"image":{"@id":"https:\/\/jornalfatosenoticias.com.br\/#\/schema\/logo\/image\/"}},{"@type":"Person","@id":"https:\/\/jornalfatosenoticias.com.br\/#\/schema\/person\/d63837fa13ac8666eb9e74e0985d6f81","name":"Luzimara Fernandes","image":{"@type":"ImageObject","inLanguage":"pt-BR","@id":"https:\/\/jornalfatosenoticias.com.br\/#\/schema\/person\/image\/","url":"https:\/\/jornalfatosenoticias.com.br\/wp-content\/uploads\/2025\/05\/EU_portal.jpg","contentUrl":"https:\/\/jornalfatosenoticias.com.br\/wp-content\/uploads\/2025\/05\/EU_portal.jpg","caption":"Luzimara Fernandes"},"description":"Jornalista MTB 2358-ES","sameAs":["https:\/\/jornalfatosenoticias.com.br"],"url":"https:\/\/jornalfatosenoticias.com.br\/index.php\/author\/luzimara\/"}]}},"cc_featured_image_caption":{"caption_text":"(Foto: iStock)","source_text":"","source_url":""},"jetpack_featured_media_url":"https:\/\/jornalfatosenoticias.com.br\/wp-content\/uploads\/2024\/08\/corujas-buraqueiras_istock.jpg","_links":{"self":[{"href":"https:\/\/jornalfatosenoticias.com.br\/index.php\/wp-json\/wp\/v2\/posts\/53299","targetHints":{"allow":["GET"]}}],"collection":[{"href":"https:\/\/jornalfatosenoticias.com.br\/index.php\/wp-json\/wp\/v2\/posts"}],"about":[{"href":"https:\/\/jornalfatosenoticias.com.br\/index.php\/wp-json\/wp\/v2\/types\/post"}],"author":[{"embeddable":true,"href":"https:\/\/jornalfatosenoticias.com.br\/index.php\/wp-json\/wp\/v2\/users\/2"}],"replies":[{"embeddable":true,"href":"https:\/\/jornalfatosenoticias.com.br\/index.php\/wp-json\/wp\/v2\/comments?post=53299"}],"version-history":[{"count":0,"href":"https:\/\/jornalfatosenoticias.com.br\/index.php\/wp-json\/wp\/v2\/posts\/53299\/revisions"}],"wp:featuredmedia":[{"embeddable":true,"href":"https:\/\/jornalfatosenoticias.com.br\/index.php\/wp-json\/wp\/v2\/media\/53301"}],"wp:attachment":[{"href":"https:\/\/jornalfatosenoticias.com.br\/index.php\/wp-json\/wp\/v2\/media?parent=53299"}],"wp:term":[{"taxonomy":"category","embeddable":true,"href":"https:\/\/jornalfatosenoticias.com.br\/index.php\/wp-json\/wp\/v2\/categories?post=53299"},{"taxonomy":"post_tag","embeddable":true,"href":"https:\/\/jornalfatosenoticias.com.br\/index.php\/wp-json\/wp\/v2\/tags?post=53299"}],"curies":[{"name":"wp","href":"https:\/\/api.w.org\/{rel}","templated":true}]}}