{"id":53308,"date":"2024-08-06T15:00:40","date_gmt":"2024-08-06T18:00:40","guid":{"rendered":"https:\/\/jornalfatosenoticias.com.br\/?p=53308"},"modified":"2024-08-06T15:00:41","modified_gmt":"2024-08-06T18:00:41","slug":"algumas-palavras-sao-desnecessarias-para-a-nossa-comunicacao","status":"publish","type":"post","link":"https:\/\/jornalfatosenoticias.com.br\/index.php\/2024\/08\/06\/algumas-palavras-sao-desnecessarias-para-a-nossa-comunicacao\/","title":{"rendered":"Algumas palavras s\u00e3o desnecess\u00e1rias para a nossa comunica\u00e7\u00e3o?"},"content":{"rendered":"\n<p><span class=\"has-inline-color has-black-color\">Por<\/span><strong><span class=\"has-inline-color has-black-color\"> <a href=\"https:\/\/www.megacurioso.com.br\/autor\/analigia-martins\">Analigia Martins<\/a><\/span><\/strong><\/p>\n\n\n\n<div class=\"wp-block-image\"><figure class=\"aligncenter size-large\"><a href=\"https:\/\/mizu.com.br\/\"><img loading=\"lazy\" decoding=\"async\" width=\"729\" height=\"90\" src=\"https:\/\/jornalfatosenoticias.com.br\/wp-content\/uploads\/2020\/02\/Logo_Mizu.png\" alt=\"\" class=\"wp-image-1441\" srcset=\"https:\/\/jornalfatosenoticias.com.br\/wp-content\/uploads\/2020\/02\/Logo_Mizu.png 729w, https:\/\/jornalfatosenoticias.com.br\/wp-content\/uploads\/2020\/02\/Logo_Mizu-300x37.png 300w\" sizes=\"auto, (max-width: 729px) 100vw, 729px\" \/><\/a><\/figure><\/div>\n\n\n\n<p>Existem palavras desnecess\u00e1rias nos idiomas? Ou seja, que usamos o tempo todo e que poderiam ser deixadas de lado, para tornar nossa linguagem mais curta e eficiente? Em geral e entre l\u00ednguas, algumas palavras t\u00eam significados mais traduz\u00edveis do que outras, e elas diferem em fun\u00e7\u00e3o dos tipos de informa\u00e7\u00e3o que incluem. Ent\u00e3o, quais s\u00e3o essas diferen\u00e7as \u2014 e se uma palavra n\u00e3o transmite tanta informa\u00e7\u00e3o, ser\u00e1 que precisamos dela?<br>Uma forma para os linguistas analisarem essas diferen\u00e7as \u00e9 distinguir palavras de conte\u00fado de palavras funcionais. \u00c0s vezes h\u00e1 \u00e1reas cinzentas entre essas categorias, mas no geral, palavras de conte\u00fado t\u00eam significados relacionados a conceitos, a\u00e7\u00f5es e descri\u00e7\u00f5es de pessoas e coisas, enquanto palavras funcionais conectam palavras de conte\u00fado de alguma forma e adicionam informa\u00e7\u00f5es sobre quem fez o qu\u00ea, para quem, como aconteceu, quando ou onde aconteceu, etc.<\/p>\n\n\n\n<div class=\"wp-block-image\"><figure class=\"aligncenter size-large\"><a href=\"https:\/\/cesconetto.com.br\/\"><img loading=\"lazy\" decoding=\"async\" width=\"300\" height=\"250\" src=\"https:\/\/jornalfatosenoticias.com.br\/wp-content\/uploads\/2020\/02\/Banner-2.png\" alt=\"\" class=\"wp-image-43787\"\/><\/a><\/figure><\/div>\n\n\n\n<p>Isso significa que palavras funcionais n\u00e3o s\u00e3o necess\u00e1rias? Em muitos casos, voc\u00ea pode obter o significado b\u00e1sico de algo somente a partir de palavras de conte\u00fado. Ent\u00e3o, por que as l\u00ednguas simplesmente n\u00e3o eliminam todas as palavras funcionais e peda\u00e7os de gram\u00e1tica? Na verdade, existem l\u00ednguas que fizeram exatamente isso: as pidgins! Pidgin \u00e9 uma categoria de idiomas que normalmente t\u00eam origens semelhantes e compartilham algumas caracter\u00edsticas comuns.<\/p>\n\n\n\n<div class=\"wp-block-image\"><figure class=\"aligncenter size-large is-resized\"><a href=\"https:\/\/www.instagram.com\/restaurantepegoretti\/\"><img loading=\"lazy\" decoding=\"async\" src=\"https:\/\/jornalfatosenoticias.com.br\/wp-content\/uploads\/2023\/12\/pegoretti-logo-pdf-1024x389.jpg\" alt=\"\" class=\"wp-image-47536\" width=\"403\" height=\"153\" srcset=\"https:\/\/jornalfatosenoticias.com.br\/wp-content\/uploads\/2023\/12\/pegoretti-logo-pdf-1024x389.jpg 1024w, https:\/\/jornalfatosenoticias.com.br\/wp-content\/uploads\/2023\/12\/pegoretti-logo-pdf-300x114.jpg 300w, https:\/\/jornalfatosenoticias.com.br\/wp-content\/uploads\/2023\/12\/pegoretti-logo-pdf-768x291.jpg 768w, https:\/\/jornalfatosenoticias.com.br\/wp-content\/uploads\/2023\/12\/pegoretti-logo-pdf.jpg 1120w\" sizes=\"auto, (max-width: 403px) 100vw, 403px\" \/><\/a><\/figure><\/div>\n\n\n\n<p>Por defini\u00e7\u00e3o, s\u00e3o sistemas de comunica\u00e7\u00e3o, desenvolvidos para atender necessidades de comunica\u00e7\u00e3o muito espec\u00edficas. Uma das raz\u00f5es para o seu surgimento foi por meio de rela\u00e7\u00f5es comerciais, j\u00e1 que os comerciantes que falam l\u00ednguas diferentes precisam se comunicar para conduzir neg\u00f3cios, mas n\u00e3o precisam aprender totalmente o outro idioma. Outro motivo pelo qual muitas das l\u00ednguas pidgin e crioulas de hoje surgiram foi por causa da escravid\u00e3o: o contato lingu\u00edstico entre colonizadores e pessoas escravizadas for\u00e7ou o desenvolvimento de novas formas de comunica\u00e7\u00e3o.<\/p>\n\n\n\n<div class=\"wp-block-image\"><figure class=\"aligncenter size-large\"><a href=\"https:\/\/www.facebook.com\/Esteio-Churrascaria-Barbecue-103643461220402\/\"><img decoding=\"async\" src=\"https:\/\/jornalfatosenoticias.com.br\/wp-content\/uploads\/2020\/02\/logo_esteio.jpg\" alt=\"\" class=\"wp-image-1214\"\/><\/a><\/figure><\/div>\n\n\n\n<p>Nestes cen\u00e1rios, os grupos desenvolvem uma forma de se comunicar que inclui algumas palavras de uma l\u00edngua e outras de outra, e improvisam significados relacionados com as suas necessidades espec\u00edficas de comunica\u00e7\u00e3o a partir do grupo relativamente pequeno de palavras partilhadas. A linguagem pidgin criada acaba tendo regras bastante flex\u00edveis (nada parecido com a forma como pensamos em &#8220;gram\u00e1tica&#8221; nas l\u00ednguas que estudamos) \u2014 e a linguagem \u00e9 basicamente composta por palavras de conte\u00fado no in\u00edcio.<\/p>\n\n\n\n<div class=\"wp-block-image\"><figure class=\"aligncenter size-large is-resized\"><a href=\"https:\/\/hotelmarquetti.com.br\/\"><img loading=\"lazy\" decoding=\"async\" src=\"https:\/\/jornalfatosenoticias.com.br\/wp-content\/uploads\/2020\/02\/nova-logo-Marquetti.jpg\" alt=\"\" class=\"wp-image-22331\" width=\"336\" height=\"225\" srcset=\"https:\/\/jornalfatosenoticias.com.br\/wp-content\/uploads\/2020\/02\/nova-logo-Marquetti.jpg 643w, https:\/\/jornalfatosenoticias.com.br\/wp-content\/uploads\/2020\/02\/nova-logo-Marquetti-300x202.jpg 300w\" sizes=\"auto, (max-width: 336px) 100vw, 336px\" \/><\/a><\/figure><\/div>\n\n\n\n<p>Um exemplo de l\u00edngua pidgin \u00e9 a Bazaar Malay, que pertence aos falantes de malaio, chin\u00eas, portugu\u00eas e holand\u00eas, que desenvolveram um pidgin para rela\u00e7\u00f5es comerciais, que se tornou a l\u00edngua franca do arquip\u00e9lago das \u00cdndias Orientais. Outro exemplo \u00e9 o ingl\u00eas pidgin camaron\u00eas: esta l\u00edngua come\u00e7ou quando os colonizadores alem\u00e3es escravizaram os camaroneses de diversas origens lingu\u00edsticas, e todos esses grupos tiveram que se comunicar de uma nova maneira. Hoje, o ingl\u00eas pidgin camaron\u00eas n\u00e3o \u00e9 tecnicamente um pidgin, pois agora tem regras gramaticais completas, com muitas palavras funcionais e morfemas.<\/p>\n\n\n\n<div class=\"wp-block-image\"><figure class=\"aligncenter size-large is-resized\"><img loading=\"lazy\" decoding=\"async\" src=\"https:\/\/jornalfatosenoticias.com.br\/wp-content\/uploads\/2022\/02\/Precisao-Contabilidade-1024x724.jpg\" alt=\"\" class=\"wp-image-28088\" width=\"328\" height=\"232\"\/><\/figure><\/div>\n\n\n\n<p>Muitos pidgins sobreviveram ao longo dos s\u00e9culos, crescendo e evoluindo, tornando-se eventualmente l\u00ednguas crioulas (outra categoria de l\u00ednguas). Algumas l\u00ednguas crioulas, como o crioulo haitiano e o crioulo jamaicano (diferente do ingl\u00eas jamaicano), t\u00eam &#8220;crioulo&#8221; logo no nome, enquanto outras n\u00e3o. Todas essas l\u00ednguas desenvolveram palavras funcionais e palavras parciais espontaneamente, para dar \u00e0s l\u00ednguas uma gama completa de nuances, complexidades e exce\u00e7\u00f5es.<\/p>\n\n\n\n<div class=\"wp-block-image\"><figure class=\"aligncenter size-large is-resized\"><a href=\"https:\/\/www.facebook.com\/postobkr\/?locale=pt_BR\"><img loading=\"lazy\" decoding=\"async\" src=\"https:\/\/jornalfatosenoticias.com.br\/wp-content\/uploads\/2023\/08\/BKR-1024x1021.jpg\" alt=\"\" class=\"wp-image-44494\" width=\"275\" height=\"274\" srcset=\"https:\/\/jornalfatosenoticias.com.br\/wp-content\/uploads\/2023\/08\/BKR-1024x1021.jpg 1024w, https:\/\/jornalfatosenoticias.com.br\/wp-content\/uploads\/2023\/08\/BKR-300x300.jpg 300w, https:\/\/jornalfatosenoticias.com.br\/wp-content\/uploads\/2023\/08\/BKR-150x150.jpg 150w, https:\/\/jornalfatosenoticias.com.br\/wp-content\/uploads\/2023\/08\/BKR-768x766.jpg 768w, https:\/\/jornalfatosenoticias.com.br\/wp-content\/uploads\/2023\/08\/BKR.jpg 1080w\" sizes=\"auto, (max-width: 275px) 100vw, 275px\" \/><\/a><\/figure><\/div>\n\n\n\n<p>Embora os pidgins n\u00e3o possu\u00edssem palavras funcionais e regras gramaticais bem desenvolvidas, as pessoas (e nossos c\u00e9rebros!) precisam de gram\u00e1tica e palavras funcionais para dar sentido e significado \u00e0 nossa comunica\u00e7\u00e3o.<br>Ent\u00e3o, embora as palavras funcionais n\u00e3o sejam totalmente necess\u00e1rias, nossos c\u00e9rebros n\u00e3o se cansam das nuances e diferentes tons que elas representam. E mesmo que nossa linguagem n\u00e3o tenha uma palavra espec\u00edfica para uma nuance, ela ter\u00e1 outras estrat\u00e9gias complexas de comunica\u00e7\u00e3o para demonstrar essas sutilezas. Vemos tanto pelos adultos como pelas crian\u00e7as que os sistemas sem morfemas de fun\u00e7\u00f5es n\u00e3o duram muito: eles evoluem para linguagens cheias de morfemas de fun\u00e7\u00f5es.<\/p>\n\n\n\n<div class=\"wp-block-image\"><figure class=\"aligncenter size-large is-resized\"><a href=\"https:\/\/www.instagram.com\/rapuzeljastro\/\"><img loading=\"lazy\" decoding=\"async\" src=\"https:\/\/jornalfatosenoticias.com.br\/wp-content\/uploads\/2020\/02\/logo-Rapuzel-1024x571.jpg\" alt=\"\" class=\"wp-image-42808\" width=\"404\" height=\"225\" srcset=\"https:\/\/jornalfatosenoticias.com.br\/wp-content\/uploads\/2020\/02\/logo-Rapuzel-1024x571.jpg 1024w, https:\/\/jornalfatosenoticias.com.br\/wp-content\/uploads\/2020\/02\/logo-Rapuzel-300x167.jpg 300w, https:\/\/jornalfatosenoticias.com.br\/wp-content\/uploads\/2020\/02\/logo-Rapuzel-768x428.jpg 768w, https:\/\/jornalfatosenoticias.com.br\/wp-content\/uploads\/2020\/02\/logo-Rapuzel-1536x856.jpg 1536w, https:\/\/jornalfatosenoticias.com.br\/wp-content\/uploads\/2020\/02\/logo-Rapuzel.jpg 1600w\" sizes=\"auto, (max-width: 404px) 100vw, 404px\" \/><\/a><\/figure><\/div>\n\n\n\n<p>Portanto, as l\u00ednguas s\u00e3o todas compostas por partes necess\u00e1rias e importantes para a manuten\u00e7\u00e3o cultural. E no app do Duolingo, existem diversos cursos que voc\u00ea pode aprender e, assim, conhecer ainda mais sobre os idiomas e as hist\u00f3rias por tr\u00e1s deles. Afinal, conhecimento nunca \u00e9 demais!<\/p>\n\n\n\n<p><strong><em>Fonte: <a href=\"https:\/\/www.megacurioso.com.br\/educacao\/algumas-palavras-sao-desnecessarias-para-a-nossa-comunicacao\">Mega Curioso<\/a><\/em><\/strong><\/p>\n","protected":false},"excerpt":{"rendered":"<p>Por Analigia Martins Existem palavras desnecess\u00e1rias nos idiomas? Ou seja, que usamos o tempo todo e que poderiam ser deixadas de lado, para tornar nossa linguagem mais curta e eficiente? Em geral e entre l\u00ednguas, algumas palavras t\u00eam significados mais traduz\u00edveis do que outras, e elas diferem em fun\u00e7\u00e3o dos tipos de informa\u00e7\u00e3o que incluem. [&hellip;]<\/p>\n","protected":false},"author":2,"featured_media":53309,"comment_status":"open","ping_status":"open","sticky":false,"template":"","format":"standard","meta":{"footnotes":""},"categories":[7],"tags":[3387,345,10048,6491],"class_list":["post-53308","post","type-post","status-publish","format-standard","has-post-thumbnail","hentry","category-educacao","tag-comunicacao","tag-educacao","tag-idiomas","tag-palavras"],"yoast_head":"<!-- This site is optimized with the Yoast SEO plugin v26.5 - https:\/\/yoast.com\/wordpress\/plugins\/seo\/ -->\n<title>Algumas palavras s\u00e3o desnecess\u00e1rias para a nossa comunica\u00e7\u00e3o? - Jornal Fatos e Not\u00edcias<\/title>\n<meta name=\"robots\" content=\"index, follow, max-snippet:-1, max-image-preview:large, max-video-preview:-1\" \/>\n<link rel=\"canonical\" href=\"https:\/\/jornalfatosenoticias.com.br\/index.php\/2024\/08\/06\/algumas-palavras-sao-desnecessarias-para-a-nossa-comunicacao\/\" \/>\n<meta property=\"og:locale\" content=\"pt_BR\" \/>\n<meta property=\"og:type\" content=\"article\" \/>\n<meta property=\"og:title\" content=\"Algumas palavras s\u00e3o desnecess\u00e1rias para a nossa comunica\u00e7\u00e3o? - Jornal Fatos e Not\u00edcias\" \/>\n<meta property=\"og:description\" content=\"Por Analigia Martins Existem palavras desnecess\u00e1rias nos idiomas? Ou seja, que usamos o tempo todo e que poderiam ser deixadas de lado, para tornar nossa linguagem mais curta e eficiente? Em geral e entre l\u00ednguas, algumas palavras t\u00eam significados mais traduz\u00edveis do que outras, e elas diferem em fun\u00e7\u00e3o dos tipos de informa\u00e7\u00e3o que incluem. [&hellip;]\" \/>\n<meta property=\"og:url\" content=\"https:\/\/jornalfatosenoticias.com.br\/index.php\/2024\/08\/06\/algumas-palavras-sao-desnecessarias-para-a-nossa-comunicacao\/\" \/>\n<meta property=\"og:site_name\" content=\"Jornal Fatos e Not\u00edcias\" \/>\n<meta property=\"article:published_time\" content=\"2024-08-06T18:00:40+00:00\" \/>\n<meta property=\"article:modified_time\" content=\"2024-08-06T18:00:41+00:00\" \/>\n<meta property=\"og:image\" content=\"https:\/\/jornalfatosenoticias.com.br\/wp-content\/uploads\/2024\/08\/palavras_istock.jpg\" \/>\n\t<meta property=\"og:image:width\" content=\"612\" \/>\n\t<meta property=\"og:image:height\" content=\"305\" \/>\n\t<meta property=\"og:image:type\" content=\"image\/jpeg\" \/>\n<meta name=\"author\" content=\"Luzimara Fernandes\" \/>\n<meta name=\"twitter:card\" content=\"summary_large_image\" \/>\n<meta name=\"twitter:label1\" content=\"Escrito por\" \/>\n\t<meta name=\"twitter:data1\" content=\"Luzimara Fernandes\" \/>\n\t<meta name=\"twitter:label2\" content=\"Est. tempo de leitura\" \/>\n\t<meta name=\"twitter:data2\" content=\"4 minutos\" \/>\n<script type=\"application\/ld+json\" class=\"yoast-schema-graph\">{\"@context\":\"https:\/\/schema.org\",\"@graph\":[{\"@type\":\"Article\",\"@id\":\"https:\/\/jornalfatosenoticias.com.br\/index.php\/2024\/08\/06\/algumas-palavras-sao-desnecessarias-para-a-nossa-comunicacao\/#article\",\"isPartOf\":{\"@id\":\"https:\/\/jornalfatosenoticias.com.br\/index.php\/2024\/08\/06\/algumas-palavras-sao-desnecessarias-para-a-nossa-comunicacao\/\"},\"author\":{\"name\":\"Luzimara Fernandes\",\"@id\":\"https:\/\/jornalfatosenoticias.com.br\/#\/schema\/person\/d63837fa13ac8666eb9e74e0985d6f81\"},\"headline\":\"Algumas palavras s\u00e3o desnecess\u00e1rias para a nossa comunica\u00e7\u00e3o?\",\"datePublished\":\"2024-08-06T18:00:40+00:00\",\"dateModified\":\"2024-08-06T18:00:41+00:00\",\"mainEntityOfPage\":{\"@id\":\"https:\/\/jornalfatosenoticias.com.br\/index.php\/2024\/08\/06\/algumas-palavras-sao-desnecessarias-para-a-nossa-comunicacao\/\"},\"wordCount\":783,\"commentCount\":0,\"publisher\":{\"@id\":\"https:\/\/jornalfatosenoticias.com.br\/#organization\"},\"image\":{\"@id\":\"https:\/\/jornalfatosenoticias.com.br\/index.php\/2024\/08\/06\/algumas-palavras-sao-desnecessarias-para-a-nossa-comunicacao\/#primaryimage\"},\"thumbnailUrl\":\"https:\/\/jornalfatosenoticias.com.br\/wp-content\/uploads\/2024\/08\/palavras_istock.jpg\",\"keywords\":[\"comunica\u00e7\u00e3o\",\"educa\u00e7\u00e3o\",\"idiomas\",\"palavras\"],\"articleSection\":[\"Educa\u00e7\u00e3o\"],\"inLanguage\":\"pt-BR\",\"potentialAction\":[{\"@type\":\"CommentAction\",\"name\":\"Comment\",\"target\":[\"https:\/\/jornalfatosenoticias.com.br\/index.php\/2024\/08\/06\/algumas-palavras-sao-desnecessarias-para-a-nossa-comunicacao\/#respond\"]}]},{\"@type\":\"WebPage\",\"@id\":\"https:\/\/jornalfatosenoticias.com.br\/index.php\/2024\/08\/06\/algumas-palavras-sao-desnecessarias-para-a-nossa-comunicacao\/\",\"url\":\"https:\/\/jornalfatosenoticias.com.br\/index.php\/2024\/08\/06\/algumas-palavras-sao-desnecessarias-para-a-nossa-comunicacao\/\",\"name\":\"Algumas palavras s\u00e3o desnecess\u00e1rias para a nossa comunica\u00e7\u00e3o? - Jornal Fatos e Not\u00edcias\",\"isPartOf\":{\"@id\":\"https:\/\/jornalfatosenoticias.com.br\/#website\"},\"primaryImageOfPage\":{\"@id\":\"https:\/\/jornalfatosenoticias.com.br\/index.php\/2024\/08\/06\/algumas-palavras-sao-desnecessarias-para-a-nossa-comunicacao\/#primaryimage\"},\"image\":{\"@id\":\"https:\/\/jornalfatosenoticias.com.br\/index.php\/2024\/08\/06\/algumas-palavras-sao-desnecessarias-para-a-nossa-comunicacao\/#primaryimage\"},\"thumbnailUrl\":\"https:\/\/jornalfatosenoticias.com.br\/wp-content\/uploads\/2024\/08\/palavras_istock.jpg\",\"datePublished\":\"2024-08-06T18:00:40+00:00\",\"dateModified\":\"2024-08-06T18:00:41+00:00\",\"breadcrumb\":{\"@id\":\"https:\/\/jornalfatosenoticias.com.br\/index.php\/2024\/08\/06\/algumas-palavras-sao-desnecessarias-para-a-nossa-comunicacao\/#breadcrumb\"},\"inLanguage\":\"pt-BR\",\"potentialAction\":[{\"@type\":\"ReadAction\",\"target\":[\"https:\/\/jornalfatosenoticias.com.br\/index.php\/2024\/08\/06\/algumas-palavras-sao-desnecessarias-para-a-nossa-comunicacao\/\"]}]},{\"@type\":\"ImageObject\",\"inLanguage\":\"pt-BR\",\"@id\":\"https:\/\/jornalfatosenoticias.com.br\/index.php\/2024\/08\/06\/algumas-palavras-sao-desnecessarias-para-a-nossa-comunicacao\/#primaryimage\",\"url\":\"https:\/\/jornalfatosenoticias.com.br\/wp-content\/uploads\/2024\/08\/palavras_istock.jpg\",\"contentUrl\":\"https:\/\/jornalfatosenoticias.com.br\/wp-content\/uploads\/2024\/08\/palavras_istock.jpg\",\"width\":612,\"height\":305,\"caption\":\"Abstract letters seamless pattern\"},{\"@type\":\"BreadcrumbList\",\"@id\":\"https:\/\/jornalfatosenoticias.com.br\/index.php\/2024\/08\/06\/algumas-palavras-sao-desnecessarias-para-a-nossa-comunicacao\/#breadcrumb\",\"itemListElement\":[{\"@type\":\"ListItem\",\"position\":1,\"name\":\"In\u00edcio\",\"item\":\"https:\/\/jornalfatosenoticias.com.br\/\"},{\"@type\":\"ListItem\",\"position\":2,\"name\":\"Algumas palavras s\u00e3o desnecess\u00e1rias para a nossa comunica\u00e7\u00e3o?\"}]},{\"@type\":\"WebSite\",\"@id\":\"https:\/\/jornalfatosenoticias.com.br\/#website\",\"url\":\"https:\/\/jornalfatosenoticias.com.br\/\",\"name\":\"Jornal Fatos e Not\u00edcias\",\"description\":\"Not\u00edcias em geral\",\"publisher\":{\"@id\":\"https:\/\/jornalfatosenoticias.com.br\/#organization\"},\"potentialAction\":[{\"@type\":\"SearchAction\",\"target\":{\"@type\":\"EntryPoint\",\"urlTemplate\":\"https:\/\/jornalfatosenoticias.com.br\/?s={search_term_string}\"},\"query-input\":{\"@type\":\"PropertyValueSpecification\",\"valueRequired\":true,\"valueName\":\"search_term_string\"}}],\"inLanguage\":\"pt-BR\"},{\"@type\":\"Organization\",\"@id\":\"https:\/\/jornalfatosenoticias.com.br\/#organization\",\"name\":\"Jornal Fatos e Not\u00edcias\",\"url\":\"https:\/\/jornalfatosenoticias.com.br\/\",\"logo\":{\"@type\":\"ImageObject\",\"inLanguage\":\"pt-BR\",\"@id\":\"https:\/\/jornalfatosenoticias.com.br\/#\/schema\/logo\/image\/\",\"url\":\"https:\/\/jornalfatosenoticias.com.br\/wp-content\/uploads\/2020\/02\/logo120.png\",\"contentUrl\":\"https:\/\/jornalfatosenoticias.com.br\/wp-content\/uploads\/2020\/02\/logo120.png\",\"width\":1227,\"height\":120,\"caption\":\"Jornal Fatos e Not\u00edcias\"},\"image\":{\"@id\":\"https:\/\/jornalfatosenoticias.com.br\/#\/schema\/logo\/image\/\"}},{\"@type\":\"Person\",\"@id\":\"https:\/\/jornalfatosenoticias.com.br\/#\/schema\/person\/d63837fa13ac8666eb9e74e0985d6f81\",\"name\":\"Luzimara Fernandes\",\"image\":{\"@type\":\"ImageObject\",\"inLanguage\":\"pt-BR\",\"@id\":\"https:\/\/jornalfatosenoticias.com.br\/#\/schema\/person\/image\/\",\"url\":\"https:\/\/jornalfatosenoticias.com.br\/wp-content\/uploads\/2025\/05\/EU_portal.jpg\",\"contentUrl\":\"https:\/\/jornalfatosenoticias.com.br\/wp-content\/uploads\/2025\/05\/EU_portal.jpg\",\"caption\":\"Luzimara Fernandes\"},\"description\":\"Jornalista MTB 2358-ES\",\"sameAs\":[\"https:\/\/jornalfatosenoticias.com.br\"],\"url\":\"https:\/\/jornalfatosenoticias.com.br\/index.php\/author\/luzimara\/\"}]}<\/script>\n<!-- \/ Yoast SEO plugin. -->","yoast_head_json":{"title":"Algumas palavras s\u00e3o desnecess\u00e1rias para a nossa comunica\u00e7\u00e3o? - Jornal Fatos e Not\u00edcias","robots":{"index":"index","follow":"follow","max-snippet":"max-snippet:-1","max-image-preview":"max-image-preview:large","max-video-preview":"max-video-preview:-1"},"canonical":"https:\/\/jornalfatosenoticias.com.br\/index.php\/2024\/08\/06\/algumas-palavras-sao-desnecessarias-para-a-nossa-comunicacao\/","og_locale":"pt_BR","og_type":"article","og_title":"Algumas palavras s\u00e3o desnecess\u00e1rias para a nossa comunica\u00e7\u00e3o? - Jornal Fatos e Not\u00edcias","og_description":"Por Analigia Martins Existem palavras desnecess\u00e1rias nos idiomas? Ou seja, que usamos o tempo todo e que poderiam ser deixadas de lado, para tornar nossa linguagem mais curta e eficiente? Em geral e entre l\u00ednguas, algumas palavras t\u00eam significados mais traduz\u00edveis do que outras, e elas diferem em fun\u00e7\u00e3o dos tipos de informa\u00e7\u00e3o que incluem. [&hellip;]","og_url":"https:\/\/jornalfatosenoticias.com.br\/index.php\/2024\/08\/06\/algumas-palavras-sao-desnecessarias-para-a-nossa-comunicacao\/","og_site_name":"Jornal Fatos e Not\u00edcias","article_published_time":"2024-08-06T18:00:40+00:00","article_modified_time":"2024-08-06T18:00:41+00:00","og_image":[{"width":612,"height":305,"url":"https:\/\/jornalfatosenoticias.com.br\/wp-content\/uploads\/2024\/08\/palavras_istock.jpg","type":"image\/jpeg"}],"author":"Luzimara Fernandes","twitter_card":"summary_large_image","twitter_misc":{"Escrito por":"Luzimara Fernandes","Est. tempo de leitura":"4 minutos"},"schema":{"@context":"https:\/\/schema.org","@graph":[{"@type":"Article","@id":"https:\/\/jornalfatosenoticias.com.br\/index.php\/2024\/08\/06\/algumas-palavras-sao-desnecessarias-para-a-nossa-comunicacao\/#article","isPartOf":{"@id":"https:\/\/jornalfatosenoticias.com.br\/index.php\/2024\/08\/06\/algumas-palavras-sao-desnecessarias-para-a-nossa-comunicacao\/"},"author":{"name":"Luzimara Fernandes","@id":"https:\/\/jornalfatosenoticias.com.br\/#\/schema\/person\/d63837fa13ac8666eb9e74e0985d6f81"},"headline":"Algumas palavras s\u00e3o desnecess\u00e1rias para a nossa comunica\u00e7\u00e3o?","datePublished":"2024-08-06T18:00:40+00:00","dateModified":"2024-08-06T18:00:41+00:00","mainEntityOfPage":{"@id":"https:\/\/jornalfatosenoticias.com.br\/index.php\/2024\/08\/06\/algumas-palavras-sao-desnecessarias-para-a-nossa-comunicacao\/"},"wordCount":783,"commentCount":0,"publisher":{"@id":"https:\/\/jornalfatosenoticias.com.br\/#organization"},"image":{"@id":"https:\/\/jornalfatosenoticias.com.br\/index.php\/2024\/08\/06\/algumas-palavras-sao-desnecessarias-para-a-nossa-comunicacao\/#primaryimage"},"thumbnailUrl":"https:\/\/jornalfatosenoticias.com.br\/wp-content\/uploads\/2024\/08\/palavras_istock.jpg","keywords":["comunica\u00e7\u00e3o","educa\u00e7\u00e3o","idiomas","palavras"],"articleSection":["Educa\u00e7\u00e3o"],"inLanguage":"pt-BR","potentialAction":[{"@type":"CommentAction","name":"Comment","target":["https:\/\/jornalfatosenoticias.com.br\/index.php\/2024\/08\/06\/algumas-palavras-sao-desnecessarias-para-a-nossa-comunicacao\/#respond"]}]},{"@type":"WebPage","@id":"https:\/\/jornalfatosenoticias.com.br\/index.php\/2024\/08\/06\/algumas-palavras-sao-desnecessarias-para-a-nossa-comunicacao\/","url":"https:\/\/jornalfatosenoticias.com.br\/index.php\/2024\/08\/06\/algumas-palavras-sao-desnecessarias-para-a-nossa-comunicacao\/","name":"Algumas palavras s\u00e3o desnecess\u00e1rias para a nossa comunica\u00e7\u00e3o? - Jornal Fatos e Not\u00edcias","isPartOf":{"@id":"https:\/\/jornalfatosenoticias.com.br\/#website"},"primaryImageOfPage":{"@id":"https:\/\/jornalfatosenoticias.com.br\/index.php\/2024\/08\/06\/algumas-palavras-sao-desnecessarias-para-a-nossa-comunicacao\/#primaryimage"},"image":{"@id":"https:\/\/jornalfatosenoticias.com.br\/index.php\/2024\/08\/06\/algumas-palavras-sao-desnecessarias-para-a-nossa-comunicacao\/#primaryimage"},"thumbnailUrl":"https:\/\/jornalfatosenoticias.com.br\/wp-content\/uploads\/2024\/08\/palavras_istock.jpg","datePublished":"2024-08-06T18:00:40+00:00","dateModified":"2024-08-06T18:00:41+00:00","breadcrumb":{"@id":"https:\/\/jornalfatosenoticias.com.br\/index.php\/2024\/08\/06\/algumas-palavras-sao-desnecessarias-para-a-nossa-comunicacao\/#breadcrumb"},"inLanguage":"pt-BR","potentialAction":[{"@type":"ReadAction","target":["https:\/\/jornalfatosenoticias.com.br\/index.php\/2024\/08\/06\/algumas-palavras-sao-desnecessarias-para-a-nossa-comunicacao\/"]}]},{"@type":"ImageObject","inLanguage":"pt-BR","@id":"https:\/\/jornalfatosenoticias.com.br\/index.php\/2024\/08\/06\/algumas-palavras-sao-desnecessarias-para-a-nossa-comunicacao\/#primaryimage","url":"https:\/\/jornalfatosenoticias.com.br\/wp-content\/uploads\/2024\/08\/palavras_istock.jpg","contentUrl":"https:\/\/jornalfatosenoticias.com.br\/wp-content\/uploads\/2024\/08\/palavras_istock.jpg","width":612,"height":305,"caption":"Abstract letters seamless pattern"},{"@type":"BreadcrumbList","@id":"https:\/\/jornalfatosenoticias.com.br\/index.php\/2024\/08\/06\/algumas-palavras-sao-desnecessarias-para-a-nossa-comunicacao\/#breadcrumb","itemListElement":[{"@type":"ListItem","position":1,"name":"In\u00edcio","item":"https:\/\/jornalfatosenoticias.com.br\/"},{"@type":"ListItem","position":2,"name":"Algumas palavras s\u00e3o desnecess\u00e1rias para a nossa comunica\u00e7\u00e3o?"}]},{"@type":"WebSite","@id":"https:\/\/jornalfatosenoticias.com.br\/#website","url":"https:\/\/jornalfatosenoticias.com.br\/","name":"Jornal Fatos e Not\u00edcias","description":"Not\u00edcias em geral","publisher":{"@id":"https:\/\/jornalfatosenoticias.com.br\/#organization"},"potentialAction":[{"@type":"SearchAction","target":{"@type":"EntryPoint","urlTemplate":"https:\/\/jornalfatosenoticias.com.br\/?s={search_term_string}"},"query-input":{"@type":"PropertyValueSpecification","valueRequired":true,"valueName":"search_term_string"}}],"inLanguage":"pt-BR"},{"@type":"Organization","@id":"https:\/\/jornalfatosenoticias.com.br\/#organization","name":"Jornal Fatos e Not\u00edcias","url":"https:\/\/jornalfatosenoticias.com.br\/","logo":{"@type":"ImageObject","inLanguage":"pt-BR","@id":"https:\/\/jornalfatosenoticias.com.br\/#\/schema\/logo\/image\/","url":"https:\/\/jornalfatosenoticias.com.br\/wp-content\/uploads\/2020\/02\/logo120.png","contentUrl":"https:\/\/jornalfatosenoticias.com.br\/wp-content\/uploads\/2020\/02\/logo120.png","width":1227,"height":120,"caption":"Jornal Fatos e Not\u00edcias"},"image":{"@id":"https:\/\/jornalfatosenoticias.com.br\/#\/schema\/logo\/image\/"}},{"@type":"Person","@id":"https:\/\/jornalfatosenoticias.com.br\/#\/schema\/person\/d63837fa13ac8666eb9e74e0985d6f81","name":"Luzimara Fernandes","image":{"@type":"ImageObject","inLanguage":"pt-BR","@id":"https:\/\/jornalfatosenoticias.com.br\/#\/schema\/person\/image\/","url":"https:\/\/jornalfatosenoticias.com.br\/wp-content\/uploads\/2025\/05\/EU_portal.jpg","contentUrl":"https:\/\/jornalfatosenoticias.com.br\/wp-content\/uploads\/2025\/05\/EU_portal.jpg","caption":"Luzimara Fernandes"},"description":"Jornalista MTB 2358-ES","sameAs":["https:\/\/jornalfatosenoticias.com.br"],"url":"https:\/\/jornalfatosenoticias.com.br\/index.php\/author\/luzimara\/"}]}},"cc_featured_image_caption":{"caption_text":"(Foto: iStock)","source_text":"","source_url":""},"jetpack_featured_media_url":"https:\/\/jornalfatosenoticias.com.br\/wp-content\/uploads\/2024\/08\/palavras_istock.jpg","_links":{"self":[{"href":"https:\/\/jornalfatosenoticias.com.br\/index.php\/wp-json\/wp\/v2\/posts\/53308","targetHints":{"allow":["GET"]}}],"collection":[{"href":"https:\/\/jornalfatosenoticias.com.br\/index.php\/wp-json\/wp\/v2\/posts"}],"about":[{"href":"https:\/\/jornalfatosenoticias.com.br\/index.php\/wp-json\/wp\/v2\/types\/post"}],"author":[{"embeddable":true,"href":"https:\/\/jornalfatosenoticias.com.br\/index.php\/wp-json\/wp\/v2\/users\/2"}],"replies":[{"embeddable":true,"href":"https:\/\/jornalfatosenoticias.com.br\/index.php\/wp-json\/wp\/v2\/comments?post=53308"}],"version-history":[{"count":0,"href":"https:\/\/jornalfatosenoticias.com.br\/index.php\/wp-json\/wp\/v2\/posts\/53308\/revisions"}],"wp:featuredmedia":[{"embeddable":true,"href":"https:\/\/jornalfatosenoticias.com.br\/index.php\/wp-json\/wp\/v2\/media\/53309"}],"wp:attachment":[{"href":"https:\/\/jornalfatosenoticias.com.br\/index.php\/wp-json\/wp\/v2\/media?parent=53308"}],"wp:term":[{"taxonomy":"category","embeddable":true,"href":"https:\/\/jornalfatosenoticias.com.br\/index.php\/wp-json\/wp\/v2\/categories?post=53308"},{"taxonomy":"post_tag","embeddable":true,"href":"https:\/\/jornalfatosenoticias.com.br\/index.php\/wp-json\/wp\/v2\/tags?post=53308"}],"curies":[{"name":"wp","href":"https:\/\/api.w.org\/{rel}","templated":true}]}}