{"id":53311,"date":"2024-08-06T15:09:15","date_gmt":"2024-08-06T18:09:15","guid":{"rendered":"https:\/\/jornalfatosenoticias.com.br\/?p=53311"},"modified":"2024-08-06T15:09:16","modified_gmt":"2024-08-06T18:09:16","slug":"eua-detalhes-sobre-possivel-ataque-iraniano-contra-israel-ainda-nao-estao-claros","status":"publish","type":"post","link":"https:\/\/jornalfatosenoticias.com.br\/index.php\/2024\/08\/06\/eua-detalhes-sobre-possivel-ataque-iraniano-contra-israel-ainda-nao-estao-claros\/","title":{"rendered":"EUA: detalhes sobre poss\u00edvel ataque iraniano contra Israel ainda n\u00e3o est\u00e3o claros"},"content":{"rendered":"\n<p><em><span class=\"has-inline-color has-black-color\">O presidente dos EUA, Joe Biden, durante coletiva de imprensa<\/span><\/em><\/p>\n\n\n\n<p><span class=\"has-inline-color has-black-color\">Por <strong><a href=\"https:\/\/www.gazetadopovo.com.br\/autor\/john-lucas\/\">John Lucas<\/a><\/strong><\/span><\/p>\n\n\n\n<div class=\"wp-block-image\"><figure class=\"aligncenter size-large is-resized\"><a href=\"https:\/\/www.facebook.com\/vetor.vix\/\"><img loading=\"lazy\" decoding=\"async\" src=\"https:\/\/jornalfatosenoticias.com.br\/wp-content\/uploads\/2023\/09\/vetorvix1024_1.jpg\" alt=\"\" class=\"wp-image-44868\" width=\"486\" height=\"129\" srcset=\"https:\/\/jornalfatosenoticias.com.br\/wp-content\/uploads\/2023\/09\/vetorvix1024_1.jpg 1024w, https:\/\/jornalfatosenoticias.com.br\/wp-content\/uploads\/2023\/09\/vetorvix1024_1-300x80.jpg 300w, https:\/\/jornalfatosenoticias.com.br\/wp-content\/uploads\/2023\/09\/vetorvix1024_1-768x205.jpg 768w\" sizes=\"auto, (max-width: 486px) 100vw, 486px\" \/><\/a><\/figure><\/div>\n\n\n\n<p>A equipe de seguran\u00e7a nacional do presidente dos Estados Unidos, Joe Biden, ainda n\u00e3o tem certeza sobre quando e como ocorrer\u00e1 o prov\u00e1vel ataque do Ir\u00e3 e do grupo terrorista Hezbollah contra Israel, segundo informou nesta ter\u00e7a-feira (6) o portal Axios.<br>O portal de not\u00edcias americano cita como fontes tr\u00eas funcion\u00e1rios \u200b\u200bfamiliarizados com as conversas ocorridas na segunda-feira (5) no encontro entre Biden e a vice-presidente, Kamala Harris, com sua equipe de seguran\u00e7a para avaliar a situa\u00e7\u00e3o no Oriente M\u00e9dio.<\/p>\n\n\n\n<div class=\"wp-block-image\"><figure class=\"aligncenter size-large\"><a href=\"http:\/\/www.ferrarimaquinas.com.br\/\"><img loading=\"lazy\" decoding=\"async\" width=\"300\" height=\"250\" src=\"https:\/\/jornalfatosenoticias.com.br\/wp-content\/uploads\/2022\/02\/FERRARI_MAQUINAS-E-FERRAMENTAS2.jpg\" alt=\"\" class=\"wp-image-27860\"\/><\/a><\/figure><\/div>\n\n\n\n<p>As fontes acrescentaram que a administra\u00e7\u00e3o Biden est\u00e1 trabalhando para conter poss\u00edveis ataques e mobilizar a press\u00e3o diplom\u00e1tica sobre o Ir\u00e3 e o Hezbollah para tentar minimizar a retalia\u00e7\u00e3o de ambos pelas mortes de dois l\u00edderes terroristas.<\/p>\n\n\n\n<div class=\"wp-block-image\"><figure class=\"aligncenter size-large is-resized\"><a href=\"https:\/\/www.controlsystems.com.br\/\"><img loading=\"lazy\" decoding=\"async\" src=\"https:\/\/jornalfatosenoticias.com.br\/wp-content\/uploads\/2020\/02\/CONTROL-CS.jpg\" alt=\"\" class=\"wp-image-44991\" width=\"306\" height=\"367\" srcset=\"https:\/\/jornalfatosenoticias.com.br\/wp-content\/uploads\/2020\/02\/CONTROL-CS.jpg 834w, https:\/\/jornalfatosenoticias.com.br\/wp-content\/uploads\/2020\/02\/CONTROL-CS-250x300.jpg 250w, https:\/\/jornalfatosenoticias.com.br\/wp-content\/uploads\/2020\/02\/CONTROL-CS-768x921.jpg 768w\" sizes=\"auto, (max-width: 306px) 100vw, 306px\" \/><\/a><\/figure><\/div>\n\n\n\n<p>O secret\u00e1rio de Estado americano, Antony Blinken, conversou no domingo (4) com seus hom\u00f3logos do G7, a quem garantiu que o Ir\u00e3 e o Hezbollah poderiam atacar Israel em um prazo m\u00e1ximo de 48 horas, que expirou nesta segunda-feira.<br>No entanto, na reuni\u00e3o que Biden e Harris tiveram com o Conselho de Seguran\u00e7a Nacional da Casa Branca, a avalia\u00e7\u00e3o da situa\u00e7\u00e3o \u201cfoi mais matizada\u201d e, segundo os servi\u00e7os de intelig\u00eancia, espera-se um cen\u00e1rio que envolva duas ondas de ataques: uma do Hezbollah e outra do Ir\u00e3 e v\u00e1rios dos seus outros aliados na regi\u00e3o.<\/p>\n\n\n\n<div class=\"wp-block-image\"><figure class=\"aligncenter size-large is-resized\"><a href=\"https:\/\/panper.com.br\/\"><img loading=\"lazy\" decoding=\"async\" src=\"https:\/\/jornalfatosenoticias.com.br\/wp-content\/uploads\/2023\/03\/logo-Panper_portal.jpg\" alt=\"\" class=\"wp-image-40208\" width=\"355\" height=\"246\" srcset=\"https:\/\/jornalfatosenoticias.com.br\/wp-content\/uploads\/2023\/03\/logo-Panper_portal.jpg 400w, https:\/\/jornalfatosenoticias.com.br\/wp-content\/uploads\/2023\/03\/logo-Panper_portal-300x208.jpg 300w\" sizes=\"auto, (max-width: 355px) 100vw, 355px\" \/><\/a><\/figure><\/div>\n\n\n\n<p>No entanto, ainda n\u00e3o est\u00e1 claro para a intelig\u00eancia dos EUA quem atacar\u00e1 primeiro e que tipo de ofensiva realizar\u00e1, segundo disseram as fontes ao Axios.<br>O Ir\u00e3 e o Hezbollah prometeram retaliar Israel pelas mortes do l\u00edder terrorista do Hamas, Ismail Haniyeh, em Teer\u00e3, cuja autoria Israel n\u00e3o assumiu; e do comandante militar do grupo terrorista liban\u00eas, Fuad Shukr, em Beirute, que foi reconhecida pelo governo israelense.<\/p>\n\n\n\n<div class=\"wp-block-image\"><figure class=\"aligncenter size-large\"><a href=\"https:\/\/cesconetto.com.br\/\"><img loading=\"lazy\" decoding=\"async\" width=\"300\" height=\"250\" src=\"https:\/\/jornalfatosenoticias.com.br\/wp-content\/uploads\/2020\/02\/Banner-2.png\" alt=\"\" class=\"wp-image-43787\"\/><\/a><\/figure><\/div>\n\n\n\n<p><strong><em>Fonte: <a href=\"https:\/\/www.gazetadopovo.com.br\/mundo\/eua-detalhes-sobre-possivel-ataque-iraniano-contra-israel-ainda-nao-estao-claros\/\">Gazeta do Povo<\/a><\/em><\/strong><\/p>\n","protected":false},"excerpt":{"rendered":"<p>O presidente dos EUA, Joe Biden, durante coletiva de imprensa Por John Lucas A equipe de seguran\u00e7a nacional do presidente dos Estados Unidos, Joe Biden, ainda n\u00e3o tem certeza sobre quando e como ocorrer\u00e1 o prov\u00e1vel ataque do Ir\u00e3 e do grupo terrorista Hezbollah contra Israel, segundo informou nesta ter\u00e7a-feira (6) o portal Axios.O portal [&hellip;]<\/p>\n","protected":false},"author":2,"featured_media":53312,"comment_status":"open","ping_status":"open","sticky":false,"template":"","format":"standard","meta":{"footnotes":""},"categories":[41],"tags":[1751,21649,21582,21785,5107,162,147],"class_list":["post-53311","post","type-post","status-publish","format-standard","has-post-thumbnail","hentry","category-internacional","tag-estados-unidos","tag-guerra-no-oriente-medio","tag-hamas","tag-hezbollah","tag-ira","tag-israel","tag-oriente-medio"],"yoast_head":"<!-- This site is optimized with the Yoast SEO plugin v26.5 - https:\/\/yoast.com\/wordpress\/plugins\/seo\/ -->\n<title>EUA: detalhes sobre poss\u00edvel ataque iraniano contra Israel ainda n\u00e3o est\u00e3o claros - Jornal Fatos e Not\u00edcias<\/title>\n<meta name=\"robots\" content=\"index, follow, max-snippet:-1, max-image-preview:large, max-video-preview:-1\" \/>\n<link rel=\"canonical\" href=\"https:\/\/jornalfatosenoticias.com.br\/index.php\/2024\/08\/06\/eua-detalhes-sobre-possivel-ataque-iraniano-contra-israel-ainda-nao-estao-claros\/\" \/>\n<meta property=\"og:locale\" content=\"pt_BR\" \/>\n<meta property=\"og:type\" content=\"article\" \/>\n<meta property=\"og:title\" content=\"EUA: detalhes sobre poss\u00edvel ataque iraniano contra Israel ainda n\u00e3o est\u00e3o claros - Jornal Fatos e Not\u00edcias\" \/>\n<meta property=\"og:description\" content=\"O presidente dos EUA, Joe Biden, durante coletiva de imprensa Por John Lucas A equipe de seguran\u00e7a nacional do presidente dos Estados Unidos, Joe Biden, ainda n\u00e3o tem certeza sobre quando e como ocorrer\u00e1 o prov\u00e1vel ataque do Ir\u00e3 e do grupo terrorista Hezbollah contra Israel, segundo informou nesta ter\u00e7a-feira (6) o portal Axios.O portal [&hellip;]\" \/>\n<meta property=\"og:url\" content=\"https:\/\/jornalfatosenoticias.com.br\/index.php\/2024\/08\/06\/eua-detalhes-sobre-possivel-ataque-iraniano-contra-israel-ainda-nao-estao-claros\/\" \/>\n<meta property=\"og:site_name\" content=\"Jornal Fatos e Not\u00edcias\" \/>\n<meta property=\"article:published_time\" content=\"2024-08-06T18:09:15+00:00\" \/>\n<meta property=\"article:modified_time\" content=\"2024-08-06T18:09:16+00:00\" \/>\n<meta property=\"og:image\" content=\"https:\/\/jornalfatosenoticias.com.br\/wp-content\/uploads\/2024\/08\/bide_gettyimages.jpg\" \/>\n\t<meta property=\"og:image:width\" content=\"612\" \/>\n\t<meta property=\"og:image:height\" content=\"408\" \/>\n\t<meta property=\"og:image:type\" content=\"image\/jpeg\" \/>\n<meta name=\"author\" content=\"Luzimara Fernandes\" \/>\n<meta name=\"twitter:card\" content=\"summary_large_image\" \/>\n<meta name=\"twitter:label1\" content=\"Escrito por\" \/>\n\t<meta name=\"twitter:data1\" content=\"Luzimara Fernandes\" \/>\n\t<meta name=\"twitter:label2\" content=\"Est. tempo de leitura\" \/>\n\t<meta name=\"twitter:data2\" content=\"2 minutos\" \/>\n<script type=\"application\/ld+json\" class=\"yoast-schema-graph\">{\"@context\":\"https:\/\/schema.org\",\"@graph\":[{\"@type\":\"Article\",\"@id\":\"https:\/\/jornalfatosenoticias.com.br\/index.php\/2024\/08\/06\/eua-detalhes-sobre-possivel-ataque-iraniano-contra-israel-ainda-nao-estao-claros\/#article\",\"isPartOf\":{\"@id\":\"https:\/\/jornalfatosenoticias.com.br\/index.php\/2024\/08\/06\/eua-detalhes-sobre-possivel-ataque-iraniano-contra-israel-ainda-nao-estao-claros\/\"},\"author\":{\"name\":\"Luzimara Fernandes\",\"@id\":\"https:\/\/jornalfatosenoticias.com.br\/#\/schema\/person\/d63837fa13ac8666eb9e74e0985d6f81\"},\"headline\":\"EUA: detalhes sobre poss\u00edvel ataque iraniano contra Israel ainda n\u00e3o est\u00e3o claros\",\"datePublished\":\"2024-08-06T18:09:15+00:00\",\"dateModified\":\"2024-08-06T18:09:16+00:00\",\"mainEntityOfPage\":{\"@id\":\"https:\/\/jornalfatosenoticias.com.br\/index.php\/2024\/08\/06\/eua-detalhes-sobre-possivel-ataque-iraniano-contra-israel-ainda-nao-estao-claros\/\"},\"wordCount\":340,\"commentCount\":0,\"publisher\":{\"@id\":\"https:\/\/jornalfatosenoticias.com.br\/#organization\"},\"image\":{\"@id\":\"https:\/\/jornalfatosenoticias.com.br\/index.php\/2024\/08\/06\/eua-detalhes-sobre-possivel-ataque-iraniano-contra-israel-ainda-nao-estao-claros\/#primaryimage\"},\"thumbnailUrl\":\"https:\/\/jornalfatosenoticias.com.br\/wp-content\/uploads\/2024\/08\/bide_gettyimages.jpg\",\"keywords\":[\"Estados Unidos\",\"Guerra no Oriente M\u00e9dio\",\"Hamas\",\"Hezbollah\",\"Ir\u00e3\",\"Israel\",\"Oriente M\u00e9dio\"],\"articleSection\":[\"Internacional\"],\"inLanguage\":\"pt-BR\",\"potentialAction\":[{\"@type\":\"CommentAction\",\"name\":\"Comment\",\"target\":[\"https:\/\/jornalfatosenoticias.com.br\/index.php\/2024\/08\/06\/eua-detalhes-sobre-possivel-ataque-iraniano-contra-israel-ainda-nao-estao-claros\/#respond\"]}]},{\"@type\":\"WebPage\",\"@id\":\"https:\/\/jornalfatosenoticias.com.br\/index.php\/2024\/08\/06\/eua-detalhes-sobre-possivel-ataque-iraniano-contra-israel-ainda-nao-estao-claros\/\",\"url\":\"https:\/\/jornalfatosenoticias.com.br\/index.php\/2024\/08\/06\/eua-detalhes-sobre-possivel-ataque-iraniano-contra-israel-ainda-nao-estao-claros\/\",\"name\":\"EUA: detalhes sobre poss\u00edvel ataque iraniano contra Israel ainda n\u00e3o est\u00e3o claros - Jornal Fatos e Not\u00edcias\",\"isPartOf\":{\"@id\":\"https:\/\/jornalfatosenoticias.com.br\/#website\"},\"primaryImageOfPage\":{\"@id\":\"https:\/\/jornalfatosenoticias.com.br\/index.php\/2024\/08\/06\/eua-detalhes-sobre-possivel-ataque-iraniano-contra-israel-ainda-nao-estao-claros\/#primaryimage\"},\"image\":{\"@id\":\"https:\/\/jornalfatosenoticias.com.br\/index.php\/2024\/08\/06\/eua-detalhes-sobre-possivel-ataque-iraniano-contra-israel-ainda-nao-estao-claros\/#primaryimage\"},\"thumbnailUrl\":\"https:\/\/jornalfatosenoticias.com.br\/wp-content\/uploads\/2024\/08\/bide_gettyimages.jpg\",\"datePublished\":\"2024-08-06T18:09:15+00:00\",\"dateModified\":\"2024-08-06T18:09:16+00:00\",\"breadcrumb\":{\"@id\":\"https:\/\/jornalfatosenoticias.com.br\/index.php\/2024\/08\/06\/eua-detalhes-sobre-possivel-ataque-iraniano-contra-israel-ainda-nao-estao-claros\/#breadcrumb\"},\"inLanguage\":\"pt-BR\",\"potentialAction\":[{\"@type\":\"ReadAction\",\"target\":[\"https:\/\/jornalfatosenoticias.com.br\/index.php\/2024\/08\/06\/eua-detalhes-sobre-possivel-ataque-iraniano-contra-israel-ainda-nao-estao-claros\/\"]}]},{\"@type\":\"ImageObject\",\"inLanguage\":\"pt-BR\",\"@id\":\"https:\/\/jornalfatosenoticias.com.br\/index.php\/2024\/08\/06\/eua-detalhes-sobre-possivel-ataque-iraniano-contra-israel-ainda-nao-estao-claros\/#primaryimage\",\"url\":\"https:\/\/jornalfatosenoticias.com.br\/wp-content\/uploads\/2024\/08\/bide_gettyimages.jpg\",\"contentUrl\":\"https:\/\/jornalfatosenoticias.com.br\/wp-content\/uploads\/2024\/08\/bide_gettyimages.jpg\",\"width\":612,\"height\":408,\"caption\":\"WASHINGTON, DC - AUGUST 01: U.S. President Joe Biden answers reporters' questions after announcing the release of prisoners freed by Russia, including Wall Street Journal Reporter Evan Gershkovich and Paul Whelan, in the East Room at the White House on August 01, 2024 in Washington, DC. The two, along with Alsu Kurmasheva, a dual U.S.-Russian citizen and Radio Free Europe journalist, Vladimir Kara-Murza, a Washington Post columnist, and others were released in a prisoner exchange with Russia. (Photo by Chip Somodevilla\/Getty Images)\"},{\"@type\":\"BreadcrumbList\",\"@id\":\"https:\/\/jornalfatosenoticias.com.br\/index.php\/2024\/08\/06\/eua-detalhes-sobre-possivel-ataque-iraniano-contra-israel-ainda-nao-estao-claros\/#breadcrumb\",\"itemListElement\":[{\"@type\":\"ListItem\",\"position\":1,\"name\":\"In\u00edcio\",\"item\":\"https:\/\/jornalfatosenoticias.com.br\/\"},{\"@type\":\"ListItem\",\"position\":2,\"name\":\"EUA: detalhes sobre poss\u00edvel ataque iraniano contra Israel ainda n\u00e3o est\u00e3o claros\"}]},{\"@type\":\"WebSite\",\"@id\":\"https:\/\/jornalfatosenoticias.com.br\/#website\",\"url\":\"https:\/\/jornalfatosenoticias.com.br\/\",\"name\":\"Jornal Fatos e Not\u00edcias\",\"description\":\"Not\u00edcias em geral\",\"publisher\":{\"@id\":\"https:\/\/jornalfatosenoticias.com.br\/#organization\"},\"potentialAction\":[{\"@type\":\"SearchAction\",\"target\":{\"@type\":\"EntryPoint\",\"urlTemplate\":\"https:\/\/jornalfatosenoticias.com.br\/?s={search_term_string}\"},\"query-input\":{\"@type\":\"PropertyValueSpecification\",\"valueRequired\":true,\"valueName\":\"search_term_string\"}}],\"inLanguage\":\"pt-BR\"},{\"@type\":\"Organization\",\"@id\":\"https:\/\/jornalfatosenoticias.com.br\/#organization\",\"name\":\"Jornal Fatos e Not\u00edcias\",\"url\":\"https:\/\/jornalfatosenoticias.com.br\/\",\"logo\":{\"@type\":\"ImageObject\",\"inLanguage\":\"pt-BR\",\"@id\":\"https:\/\/jornalfatosenoticias.com.br\/#\/schema\/logo\/image\/\",\"url\":\"https:\/\/jornalfatosenoticias.com.br\/wp-content\/uploads\/2020\/02\/logo120.png\",\"contentUrl\":\"https:\/\/jornalfatosenoticias.com.br\/wp-content\/uploads\/2020\/02\/logo120.png\",\"width\":1227,\"height\":120,\"caption\":\"Jornal Fatos e Not\u00edcias\"},\"image\":{\"@id\":\"https:\/\/jornalfatosenoticias.com.br\/#\/schema\/logo\/image\/\"}},{\"@type\":\"Person\",\"@id\":\"https:\/\/jornalfatosenoticias.com.br\/#\/schema\/person\/d63837fa13ac8666eb9e74e0985d6f81\",\"name\":\"Luzimara Fernandes\",\"image\":{\"@type\":\"ImageObject\",\"inLanguage\":\"pt-BR\",\"@id\":\"https:\/\/jornalfatosenoticias.com.br\/#\/schema\/person\/image\/\",\"url\":\"https:\/\/jornalfatosenoticias.com.br\/wp-content\/uploads\/2025\/05\/EU_portal.jpg\",\"contentUrl\":\"https:\/\/jornalfatosenoticias.com.br\/wp-content\/uploads\/2025\/05\/EU_portal.jpg\",\"caption\":\"Luzimara Fernandes\"},\"description\":\"Jornalista MTB 2358-ES\",\"sameAs\":[\"https:\/\/jornalfatosenoticias.com.br\"],\"url\":\"https:\/\/jornalfatosenoticias.com.br\/index.php\/author\/luzimara\/\"}]}<\/script>\n<!-- \/ Yoast SEO plugin. -->","yoast_head_json":{"title":"EUA: detalhes sobre poss\u00edvel ataque iraniano contra Israel ainda n\u00e3o est\u00e3o claros - Jornal Fatos e Not\u00edcias","robots":{"index":"index","follow":"follow","max-snippet":"max-snippet:-1","max-image-preview":"max-image-preview:large","max-video-preview":"max-video-preview:-1"},"canonical":"https:\/\/jornalfatosenoticias.com.br\/index.php\/2024\/08\/06\/eua-detalhes-sobre-possivel-ataque-iraniano-contra-israel-ainda-nao-estao-claros\/","og_locale":"pt_BR","og_type":"article","og_title":"EUA: detalhes sobre poss\u00edvel ataque iraniano contra Israel ainda n\u00e3o est\u00e3o claros - Jornal Fatos e Not\u00edcias","og_description":"O presidente dos EUA, Joe Biden, durante coletiva de imprensa Por John Lucas A equipe de seguran\u00e7a nacional do presidente dos Estados Unidos, Joe Biden, ainda n\u00e3o tem certeza sobre quando e como ocorrer\u00e1 o prov\u00e1vel ataque do Ir\u00e3 e do grupo terrorista Hezbollah contra Israel, segundo informou nesta ter\u00e7a-feira (6) o portal Axios.O portal [&hellip;]","og_url":"https:\/\/jornalfatosenoticias.com.br\/index.php\/2024\/08\/06\/eua-detalhes-sobre-possivel-ataque-iraniano-contra-israel-ainda-nao-estao-claros\/","og_site_name":"Jornal Fatos e Not\u00edcias","article_published_time":"2024-08-06T18:09:15+00:00","article_modified_time":"2024-08-06T18:09:16+00:00","og_image":[{"width":612,"height":408,"url":"https:\/\/jornalfatosenoticias.com.br\/wp-content\/uploads\/2024\/08\/bide_gettyimages.jpg","type":"image\/jpeg"}],"author":"Luzimara Fernandes","twitter_card":"summary_large_image","twitter_misc":{"Escrito por":"Luzimara Fernandes","Est. tempo de leitura":"2 minutos"},"schema":{"@context":"https:\/\/schema.org","@graph":[{"@type":"Article","@id":"https:\/\/jornalfatosenoticias.com.br\/index.php\/2024\/08\/06\/eua-detalhes-sobre-possivel-ataque-iraniano-contra-israel-ainda-nao-estao-claros\/#article","isPartOf":{"@id":"https:\/\/jornalfatosenoticias.com.br\/index.php\/2024\/08\/06\/eua-detalhes-sobre-possivel-ataque-iraniano-contra-israel-ainda-nao-estao-claros\/"},"author":{"name":"Luzimara Fernandes","@id":"https:\/\/jornalfatosenoticias.com.br\/#\/schema\/person\/d63837fa13ac8666eb9e74e0985d6f81"},"headline":"EUA: detalhes sobre poss\u00edvel ataque iraniano contra Israel ainda n\u00e3o est\u00e3o claros","datePublished":"2024-08-06T18:09:15+00:00","dateModified":"2024-08-06T18:09:16+00:00","mainEntityOfPage":{"@id":"https:\/\/jornalfatosenoticias.com.br\/index.php\/2024\/08\/06\/eua-detalhes-sobre-possivel-ataque-iraniano-contra-israel-ainda-nao-estao-claros\/"},"wordCount":340,"commentCount":0,"publisher":{"@id":"https:\/\/jornalfatosenoticias.com.br\/#organization"},"image":{"@id":"https:\/\/jornalfatosenoticias.com.br\/index.php\/2024\/08\/06\/eua-detalhes-sobre-possivel-ataque-iraniano-contra-israel-ainda-nao-estao-claros\/#primaryimage"},"thumbnailUrl":"https:\/\/jornalfatosenoticias.com.br\/wp-content\/uploads\/2024\/08\/bide_gettyimages.jpg","keywords":["Estados Unidos","Guerra no Oriente M\u00e9dio","Hamas","Hezbollah","Ir\u00e3","Israel","Oriente M\u00e9dio"],"articleSection":["Internacional"],"inLanguage":"pt-BR","potentialAction":[{"@type":"CommentAction","name":"Comment","target":["https:\/\/jornalfatosenoticias.com.br\/index.php\/2024\/08\/06\/eua-detalhes-sobre-possivel-ataque-iraniano-contra-israel-ainda-nao-estao-claros\/#respond"]}]},{"@type":"WebPage","@id":"https:\/\/jornalfatosenoticias.com.br\/index.php\/2024\/08\/06\/eua-detalhes-sobre-possivel-ataque-iraniano-contra-israel-ainda-nao-estao-claros\/","url":"https:\/\/jornalfatosenoticias.com.br\/index.php\/2024\/08\/06\/eua-detalhes-sobre-possivel-ataque-iraniano-contra-israel-ainda-nao-estao-claros\/","name":"EUA: detalhes sobre poss\u00edvel ataque iraniano contra Israel ainda n\u00e3o est\u00e3o claros - Jornal Fatos e Not\u00edcias","isPartOf":{"@id":"https:\/\/jornalfatosenoticias.com.br\/#website"},"primaryImageOfPage":{"@id":"https:\/\/jornalfatosenoticias.com.br\/index.php\/2024\/08\/06\/eua-detalhes-sobre-possivel-ataque-iraniano-contra-israel-ainda-nao-estao-claros\/#primaryimage"},"image":{"@id":"https:\/\/jornalfatosenoticias.com.br\/index.php\/2024\/08\/06\/eua-detalhes-sobre-possivel-ataque-iraniano-contra-israel-ainda-nao-estao-claros\/#primaryimage"},"thumbnailUrl":"https:\/\/jornalfatosenoticias.com.br\/wp-content\/uploads\/2024\/08\/bide_gettyimages.jpg","datePublished":"2024-08-06T18:09:15+00:00","dateModified":"2024-08-06T18:09:16+00:00","breadcrumb":{"@id":"https:\/\/jornalfatosenoticias.com.br\/index.php\/2024\/08\/06\/eua-detalhes-sobre-possivel-ataque-iraniano-contra-israel-ainda-nao-estao-claros\/#breadcrumb"},"inLanguage":"pt-BR","potentialAction":[{"@type":"ReadAction","target":["https:\/\/jornalfatosenoticias.com.br\/index.php\/2024\/08\/06\/eua-detalhes-sobre-possivel-ataque-iraniano-contra-israel-ainda-nao-estao-claros\/"]}]},{"@type":"ImageObject","inLanguage":"pt-BR","@id":"https:\/\/jornalfatosenoticias.com.br\/index.php\/2024\/08\/06\/eua-detalhes-sobre-possivel-ataque-iraniano-contra-israel-ainda-nao-estao-claros\/#primaryimage","url":"https:\/\/jornalfatosenoticias.com.br\/wp-content\/uploads\/2024\/08\/bide_gettyimages.jpg","contentUrl":"https:\/\/jornalfatosenoticias.com.br\/wp-content\/uploads\/2024\/08\/bide_gettyimages.jpg","width":612,"height":408,"caption":"WASHINGTON, DC - AUGUST 01: U.S. President Joe Biden answers reporters' questions after announcing the release of prisoners freed by Russia, including Wall Street Journal Reporter Evan Gershkovich and Paul Whelan, in the East Room at the White House on August 01, 2024 in Washington, DC. The two, along with Alsu Kurmasheva, a dual U.S.-Russian citizen and Radio Free Europe journalist, Vladimir Kara-Murza, a Washington Post columnist, and others were released in a prisoner exchange with Russia. (Photo by Chip Somodevilla\/Getty Images)"},{"@type":"BreadcrumbList","@id":"https:\/\/jornalfatosenoticias.com.br\/index.php\/2024\/08\/06\/eua-detalhes-sobre-possivel-ataque-iraniano-contra-israel-ainda-nao-estao-claros\/#breadcrumb","itemListElement":[{"@type":"ListItem","position":1,"name":"In\u00edcio","item":"https:\/\/jornalfatosenoticias.com.br\/"},{"@type":"ListItem","position":2,"name":"EUA: detalhes sobre poss\u00edvel ataque iraniano contra Israel ainda n\u00e3o est\u00e3o claros"}]},{"@type":"WebSite","@id":"https:\/\/jornalfatosenoticias.com.br\/#website","url":"https:\/\/jornalfatosenoticias.com.br\/","name":"Jornal Fatos e Not\u00edcias","description":"Not\u00edcias em geral","publisher":{"@id":"https:\/\/jornalfatosenoticias.com.br\/#organization"},"potentialAction":[{"@type":"SearchAction","target":{"@type":"EntryPoint","urlTemplate":"https:\/\/jornalfatosenoticias.com.br\/?s={search_term_string}"},"query-input":{"@type":"PropertyValueSpecification","valueRequired":true,"valueName":"search_term_string"}}],"inLanguage":"pt-BR"},{"@type":"Organization","@id":"https:\/\/jornalfatosenoticias.com.br\/#organization","name":"Jornal Fatos e Not\u00edcias","url":"https:\/\/jornalfatosenoticias.com.br\/","logo":{"@type":"ImageObject","inLanguage":"pt-BR","@id":"https:\/\/jornalfatosenoticias.com.br\/#\/schema\/logo\/image\/","url":"https:\/\/jornalfatosenoticias.com.br\/wp-content\/uploads\/2020\/02\/logo120.png","contentUrl":"https:\/\/jornalfatosenoticias.com.br\/wp-content\/uploads\/2020\/02\/logo120.png","width":1227,"height":120,"caption":"Jornal Fatos e Not\u00edcias"},"image":{"@id":"https:\/\/jornalfatosenoticias.com.br\/#\/schema\/logo\/image\/"}},{"@type":"Person","@id":"https:\/\/jornalfatosenoticias.com.br\/#\/schema\/person\/d63837fa13ac8666eb9e74e0985d6f81","name":"Luzimara Fernandes","image":{"@type":"ImageObject","inLanguage":"pt-BR","@id":"https:\/\/jornalfatosenoticias.com.br\/#\/schema\/person\/image\/","url":"https:\/\/jornalfatosenoticias.com.br\/wp-content\/uploads\/2025\/05\/EU_portal.jpg","contentUrl":"https:\/\/jornalfatosenoticias.com.br\/wp-content\/uploads\/2025\/05\/EU_portal.jpg","caption":"Luzimara Fernandes"},"description":"Jornalista MTB 2358-ES","sameAs":["https:\/\/jornalfatosenoticias.com.br"],"url":"https:\/\/jornalfatosenoticias.com.br\/index.php\/author\/luzimara\/"}]}},"cc_featured_image_caption":{"caption_text":"(Foto: Getty Images)","source_text":"","source_url":""},"jetpack_featured_media_url":"https:\/\/jornalfatosenoticias.com.br\/wp-content\/uploads\/2024\/08\/bide_gettyimages.jpg","_links":{"self":[{"href":"https:\/\/jornalfatosenoticias.com.br\/index.php\/wp-json\/wp\/v2\/posts\/53311","targetHints":{"allow":["GET"]}}],"collection":[{"href":"https:\/\/jornalfatosenoticias.com.br\/index.php\/wp-json\/wp\/v2\/posts"}],"about":[{"href":"https:\/\/jornalfatosenoticias.com.br\/index.php\/wp-json\/wp\/v2\/types\/post"}],"author":[{"embeddable":true,"href":"https:\/\/jornalfatosenoticias.com.br\/index.php\/wp-json\/wp\/v2\/users\/2"}],"replies":[{"embeddable":true,"href":"https:\/\/jornalfatosenoticias.com.br\/index.php\/wp-json\/wp\/v2\/comments?post=53311"}],"version-history":[{"count":0,"href":"https:\/\/jornalfatosenoticias.com.br\/index.php\/wp-json\/wp\/v2\/posts\/53311\/revisions"}],"wp:featuredmedia":[{"embeddable":true,"href":"https:\/\/jornalfatosenoticias.com.br\/index.php\/wp-json\/wp\/v2\/media\/53312"}],"wp:attachment":[{"href":"https:\/\/jornalfatosenoticias.com.br\/index.php\/wp-json\/wp\/v2\/media?parent=53311"}],"wp:term":[{"taxonomy":"category","embeddable":true,"href":"https:\/\/jornalfatosenoticias.com.br\/index.php\/wp-json\/wp\/v2\/categories?post=53311"},{"taxonomy":"post_tag","embeddable":true,"href":"https:\/\/jornalfatosenoticias.com.br\/index.php\/wp-json\/wp\/v2\/tags?post=53311"}],"curies":[{"name":"wp","href":"https:\/\/api.w.org\/{rel}","templated":true}]}}