{"id":5334,"date":"2020-06-05T14:40:09","date_gmt":"2020-06-05T17:40:09","guid":{"rendered":"https:\/\/jornalfatosenoticias.com.br\/?p=5334"},"modified":"2020-06-05T14:40:10","modified_gmt":"2020-06-05T17:40:10","slug":"biodiversidade-marca-o-dia-mundial-do-meio-ambiente","status":"publish","type":"post","link":"https:\/\/jornalfatosenoticias.com.br\/index.php\/2020\/06\/05\/biodiversidade-marca-o-dia-mundial-do-meio-ambiente\/","title":{"rendered":"Biodiversidade marca o Dia Mundial do Meio Ambiente"},"content":{"rendered":"\n<h6 class=\"wp-block-heading\"><em>S\u00e3o 171.424.192 hectares de \u00e1reas protegidas pelo ICMBio, mais de 12 mil esp\u00e9cies avaliadas e 15 milh\u00f5es de visitas nas unidades de conserva\u00e7\u00e3o em 2019<\/em><\/h6>\n\n\n\n<p>Em 2020, a biodiversidade \u00e9 o tema do Dia Mundial do Meio Ambiente, comemorado hoje, 5 de junho, que no Brasil foi institu\u00edda a Semana do Meio Ambiente. E, quando se trata deste assunto, o Brasil \u00e9 o Pa\u00eds que exibe a maior biodiversidade de flora e fauna do planeta. Grande parte desta riqueza natural \u00e9 protegida pelo Instituto Chico Mendes de Conserva\u00e7\u00e3o da Biodiversidade (ICMBio).<br>S\u00e3o 334 unidades de conserva\u00e7\u00e3o federais, distribu\u00eddas por todos os biomas. Al\u00e9m de cuidar das \u00e1reas de prote\u00e7\u00e3o, h\u00e1 toda uma dedica\u00e7\u00e3o \u00e0 conserva\u00e7\u00e3o e \u00e0 recupera\u00e7\u00e3o das esp\u00e9cies amea\u00e7adas de extin\u00e7\u00e3o com pesquisas e planos de a\u00e7\u00e3o. A tarefa n\u00e3o \u00e9 f\u00e1cil, s\u00e3o 171.424.192 hectares de \u00e1reas protegidas pelo ICMBio e 12.262 esp\u00e9cies avaliadas. Essa riqueza natural atrai milh\u00f5es de visitas. S\u00f3 no ano passado, as unidades de conserva\u00e7\u00e3o receberam mais de 15 milh\u00f5es de visitas em busca de contato com a natureza.<br>A prote\u00e7\u00e3o \u00e0 biodiversidade, entretanto, tamb\u00e9m trabalha com suas singularidades. Um exemplo disso \u00e9 o cuidado com a jararaca de Murici (Bothrops muriciensis). Ela \u00e9 uma esp\u00e9cie rara por natureza e encontrada somente em baixas densidades populacionais dentro de uma pequena \u00e1rea na Esta\u00e7\u00e3o Ecol\u00f3gica (Esec) de Murici, em Alagoas. A jararaca foi descrita em 2001 e, em 2014, foi inclu\u00edda na lista de esp\u00e9cies amea\u00e7adas de extin\u00e7\u00e3o do MMA. \u00c9 uma esp\u00e9cie &#8220;guarda-chuva&#8221;, que protege todo o ecossistema em que vive e, consequentemente, todas as esp\u00e9cies end\u00eamicas e amea\u00e7adas de extin\u00e7\u00e3o. A jararaca de Murici \u00e9 volumosa, n\u00e3o passa de um metro e ainda n\u00e3o se conhece as propriedades farmacol\u00f3gicas. Provavelmente, deve ser recategorizada de Em Perigo para Criticamente Amea\u00e7ada. A esp\u00e9cie tem como principal inimigo os traficantes de animais silvestres e, para proteg\u00ea-las, foram instaladas c\u00e2meras traps (fotografam e filmam o acesso na unidade), al\u00e9m das constantes opera\u00e7\u00f5es de fiscaliza\u00e7\u00e3o.<br>Uma boa not\u00edcia para a biodiversidade na semana que se festeja o Dia Mundial do Meio Ambiente \u00e9 o anivers\u00e1rio de dois anos de cria\u00e7\u00e3o do Ref\u00fagio de Vida Silvestre e \u00c1rea de Prote\u00e7\u00e3o Ambiental da Ararinha Azul, unidades de conserva\u00e7\u00e3o federais que foram criadas em 2018, especialmente para abrigar e proteger a esp\u00e9cie e recuperar seu habitat, na Bahia. Em mar\u00e7o deste ano, o governo federal comemorou a chegada de 52 exemplares de ararinha-azul (Cyanopsitta spixii) que retornaram ao seu lar: a caatinga baiana. As aves, que vieram da Alemanha, est\u00e3o sendo preparadas para serem soltas na natureza. Elas ter\u00e3o a ajuda das maracan\u00e3s da regi\u00e3o, que ensinar\u00e3o as ararinhas-azuis a conhecerem o ambiente. Exclusiva da Caatinga, a ararinha-azul teve sua popula\u00e7\u00e3o dizimada pela captura e tr\u00e1fico de animais silvestres. \u00c9 considerada uma das esp\u00e9cies de aves mais amea\u00e7adas do mundo. Mas, em breve, elas passar\u00e3o, junto com as maracan\u00e3s, a voar pelos c\u00e9us do sert\u00e3o baiano.<br>O jacar\u00e9-do-papo-amarelo \u00e9 um animal carn\u00edvoro que vive aproximadamente cinquenta anos. \u00c9 conhecido por esse nome porque na fase do acasalamento costuma ficar com a \u00e1rea do papo amarelada. Amea\u00e7ado de extin\u00e7\u00e3o, ele \u00e9 protegido pela Esta\u00e7\u00e3o Ecol\u00f3gica de Carij\u00f3s, localizada ao norte da Ilha de Santa Catarina, que tamb\u00e9m cuida de importantes manguezais dos rios Ratones e Saco Grande. A unidade de conserva\u00e7\u00e3o tem 712 hectares e diversas esp\u00e9cies de animais, incluindo a lontra, que vive na regi\u00e3o. A unidade \u00e9 importante para reprodu\u00e7\u00e3o e crescimento de seres marinhos, como camar\u00f5es, caranguejos, tainhas e robalos.<br>As unidades tamb\u00e9m protegem c\u00e2nions e cavernas, com uma biodiversidade singular. O c\u00e2nion com profundidade de 700 metros, com pared\u00f5es verticais e uma fenda estreita, fica no Parque Nacional de Aparados da Serra, no Rio Grande do Sul e \u00e9 considerado um dos maiores das Am\u00e9ricas. As paredes rochosas s\u00e3o preenchidas pelo verde exuberante da Mata Atl\u00e2ntica. A unidade, formada por uma Mata Atl\u00e2ntica e uma Floresta de Arauc\u00e1ria, serve de morada tamb\u00e9m para papagaios-do-peito-roxo, jaguatirica, guaxinim e le\u00e3o-baio.<\/p>\n\n\n\n<p><strong><em>Fonte: <a href=\"https:\/\/www.icmbio.gov.br\/portal\/ultimas-noticias\/20-geral\/11117-biodiversidade-e-tema-da-semana-do-meio-ambiente\">ICMBio<\/a><\/em><\/strong><\/p>\n","protected":false},"excerpt":{"rendered":"<p>S\u00e3o 171.424.192 hectares de \u00e1reas protegidas pelo ICMBio, mais de 12 mil esp\u00e9cies avaliadas e 15 milh\u00f5es de visitas nas unidades de conserva\u00e7\u00e3o em 2019 Em 2020, a biodiversidade \u00e9 o tema do Dia Mundial do Meio Ambiente, comemorado hoje, 5 de junho, que no Brasil foi institu\u00edda a Semana do Meio Ambiente. E, quando [&hellip;]<\/p>\n","protected":false},"author":2,"featured_media":5335,"comment_status":"open","ping_status":"open","sticky":false,"template":"","format":"standard","meta":{"footnotes":""},"categories":[8],"tags":[762,3191,256,219,2858,2665,1509],"class_list":["post-5334","post","type-post","status-publish","format-standard","has-post-thumbnail","hentry","category-meio-ambiente","tag-ararinhas-azuis","tag-areas-de-protecao","tag-caatinga","tag-extincao","tag-fauna","tag-flora","tag-icmbio"],"yoast_head":"<!-- This site is optimized with the Yoast SEO plugin v26.5 - https:\/\/yoast.com\/wordpress\/plugins\/seo\/ -->\n<title>Biodiversidade marca o Dia Mundial do Meio Ambiente - Jornal Fatos e Not\u00edcias<\/title>\n<meta name=\"robots\" content=\"index, follow, max-snippet:-1, max-image-preview:large, max-video-preview:-1\" \/>\n<link rel=\"canonical\" href=\"https:\/\/jornalfatosenoticias.com.br\/index.php\/2020\/06\/05\/biodiversidade-marca-o-dia-mundial-do-meio-ambiente\/\" \/>\n<meta property=\"og:locale\" content=\"pt_BR\" \/>\n<meta property=\"og:type\" content=\"article\" \/>\n<meta property=\"og:title\" content=\"Biodiversidade marca o Dia Mundial do Meio Ambiente - Jornal Fatos e Not\u00edcias\" \/>\n<meta property=\"og:description\" content=\"S\u00e3o 171.424.192 hectares de \u00e1reas protegidas pelo ICMBio, mais de 12 mil esp\u00e9cies avaliadas e 15 milh\u00f5es de visitas nas unidades de conserva\u00e7\u00e3o em 2019 Em 2020, a biodiversidade \u00e9 o tema do Dia Mundial do Meio Ambiente, comemorado hoje, 5 de junho, que no Brasil foi institu\u00edda a Semana do Meio Ambiente. E, quando [&hellip;]\" \/>\n<meta property=\"og:url\" content=\"https:\/\/jornalfatosenoticias.com.br\/index.php\/2020\/06\/05\/biodiversidade-marca-o-dia-mundial-do-meio-ambiente\/\" \/>\n<meta property=\"og:site_name\" content=\"Jornal Fatos e Not\u00edcias\" \/>\n<meta property=\"article:published_time\" content=\"2020-06-05T17:40:09+00:00\" \/>\n<meta property=\"article:modified_time\" content=\"2020-06-05T17:40:10+00:00\" \/>\n<meta property=\"og:image\" content=\"https:\/\/jornalfatosenoticias.com.br\/wp-content\/uploads\/2020\/06\/semana-do-meio-ambiente.jpg\" \/>\n\t<meta property=\"og:image:width\" content=\"1000\" \/>\n\t<meta property=\"og:image:height\" content=\"1000\" \/>\n\t<meta property=\"og:image:type\" content=\"image\/jpeg\" \/>\n<meta name=\"author\" content=\"Luzimara Fernandes\" \/>\n<meta name=\"twitter:card\" content=\"summary_large_image\" \/>\n<meta name=\"twitter:label1\" content=\"Escrito por\" \/>\n\t<meta name=\"twitter:data1\" content=\"Luzimara Fernandes\" \/>\n\t<meta name=\"twitter:label2\" content=\"Est. tempo de leitura\" \/>\n\t<meta name=\"twitter:data2\" content=\"4 minutos\" \/>\n<script type=\"application\/ld+json\" class=\"yoast-schema-graph\">{\"@context\":\"https:\/\/schema.org\",\"@graph\":[{\"@type\":\"Article\",\"@id\":\"https:\/\/jornalfatosenoticias.com.br\/index.php\/2020\/06\/05\/biodiversidade-marca-o-dia-mundial-do-meio-ambiente\/#article\",\"isPartOf\":{\"@id\":\"https:\/\/jornalfatosenoticias.com.br\/index.php\/2020\/06\/05\/biodiversidade-marca-o-dia-mundial-do-meio-ambiente\/\"},\"author\":{\"name\":\"Luzimara Fernandes\",\"@id\":\"https:\/\/jornalfatosenoticias.com.br\/#\/schema\/person\/d63837fa13ac8666eb9e74e0985d6f81\"},\"headline\":\"Biodiversidade marca o Dia Mundial do Meio Ambiente\",\"datePublished\":\"2020-06-05T17:40:09+00:00\",\"dateModified\":\"2020-06-05T17:40:10+00:00\",\"mainEntityOfPage\":{\"@id\":\"https:\/\/jornalfatosenoticias.com.br\/index.php\/2020\/06\/05\/biodiversidade-marca-o-dia-mundial-do-meio-ambiente\/\"},\"wordCount\":731,\"commentCount\":0,\"publisher\":{\"@id\":\"https:\/\/jornalfatosenoticias.com.br\/#organization\"},\"image\":{\"@id\":\"https:\/\/jornalfatosenoticias.com.br\/index.php\/2020\/06\/05\/biodiversidade-marca-o-dia-mundial-do-meio-ambiente\/#primaryimage\"},\"thumbnailUrl\":\"https:\/\/jornalfatosenoticias.com.br\/wp-content\/uploads\/2020\/06\/semana-do-meio-ambiente.jpg\",\"keywords\":[\"ararinhas-azuis\",\"\u00e1reas de prote\u00e7\u00e3o\",\"caatinga\",\"extin\u00e7\u00e3o\",\"fauna\",\"flora\",\"ICMBio\"],\"articleSection\":[\"Meio ambiente\"],\"inLanguage\":\"pt-BR\",\"potentialAction\":[{\"@type\":\"CommentAction\",\"name\":\"Comment\",\"target\":[\"https:\/\/jornalfatosenoticias.com.br\/index.php\/2020\/06\/05\/biodiversidade-marca-o-dia-mundial-do-meio-ambiente\/#respond\"]}]},{\"@type\":\"WebPage\",\"@id\":\"https:\/\/jornalfatosenoticias.com.br\/index.php\/2020\/06\/05\/biodiversidade-marca-o-dia-mundial-do-meio-ambiente\/\",\"url\":\"https:\/\/jornalfatosenoticias.com.br\/index.php\/2020\/06\/05\/biodiversidade-marca-o-dia-mundial-do-meio-ambiente\/\",\"name\":\"Biodiversidade marca o Dia Mundial do Meio Ambiente - Jornal Fatos e Not\u00edcias\",\"isPartOf\":{\"@id\":\"https:\/\/jornalfatosenoticias.com.br\/#website\"},\"primaryImageOfPage\":{\"@id\":\"https:\/\/jornalfatosenoticias.com.br\/index.php\/2020\/06\/05\/biodiversidade-marca-o-dia-mundial-do-meio-ambiente\/#primaryimage\"},\"image\":{\"@id\":\"https:\/\/jornalfatosenoticias.com.br\/index.php\/2020\/06\/05\/biodiversidade-marca-o-dia-mundial-do-meio-ambiente\/#primaryimage\"},\"thumbnailUrl\":\"https:\/\/jornalfatosenoticias.com.br\/wp-content\/uploads\/2020\/06\/semana-do-meio-ambiente.jpg\",\"datePublished\":\"2020-06-05T17:40:09+00:00\",\"dateModified\":\"2020-06-05T17:40:10+00:00\",\"breadcrumb\":{\"@id\":\"https:\/\/jornalfatosenoticias.com.br\/index.php\/2020\/06\/05\/biodiversidade-marca-o-dia-mundial-do-meio-ambiente\/#breadcrumb\"},\"inLanguage\":\"pt-BR\",\"potentialAction\":[{\"@type\":\"ReadAction\",\"target\":[\"https:\/\/jornalfatosenoticias.com.br\/index.php\/2020\/06\/05\/biodiversidade-marca-o-dia-mundial-do-meio-ambiente\/\"]}]},{\"@type\":\"ImageObject\",\"inLanguage\":\"pt-BR\",\"@id\":\"https:\/\/jornalfatosenoticias.com.br\/index.php\/2020\/06\/05\/biodiversidade-marca-o-dia-mundial-do-meio-ambiente\/#primaryimage\",\"url\":\"https:\/\/jornalfatosenoticias.com.br\/wp-content\/uploads\/2020\/06\/semana-do-meio-ambiente.jpg\",\"contentUrl\":\"https:\/\/jornalfatosenoticias.com.br\/wp-content\/uploads\/2020\/06\/semana-do-meio-ambiente.jpg\",\"width\":1000,\"height\":1000},{\"@type\":\"BreadcrumbList\",\"@id\":\"https:\/\/jornalfatosenoticias.com.br\/index.php\/2020\/06\/05\/biodiversidade-marca-o-dia-mundial-do-meio-ambiente\/#breadcrumb\",\"itemListElement\":[{\"@type\":\"ListItem\",\"position\":1,\"name\":\"In\u00edcio\",\"item\":\"https:\/\/jornalfatosenoticias.com.br\/\"},{\"@type\":\"ListItem\",\"position\":2,\"name\":\"Biodiversidade marca o Dia Mundial do Meio Ambiente\"}]},{\"@type\":\"WebSite\",\"@id\":\"https:\/\/jornalfatosenoticias.com.br\/#website\",\"url\":\"https:\/\/jornalfatosenoticias.com.br\/\",\"name\":\"Jornal Fatos e Not\u00edcias\",\"description\":\"Not\u00edcias em geral\",\"publisher\":{\"@id\":\"https:\/\/jornalfatosenoticias.com.br\/#organization\"},\"potentialAction\":[{\"@type\":\"SearchAction\",\"target\":{\"@type\":\"EntryPoint\",\"urlTemplate\":\"https:\/\/jornalfatosenoticias.com.br\/?s={search_term_string}\"},\"query-input\":{\"@type\":\"PropertyValueSpecification\",\"valueRequired\":true,\"valueName\":\"search_term_string\"}}],\"inLanguage\":\"pt-BR\"},{\"@type\":\"Organization\",\"@id\":\"https:\/\/jornalfatosenoticias.com.br\/#organization\",\"name\":\"Jornal Fatos e Not\u00edcias\",\"url\":\"https:\/\/jornalfatosenoticias.com.br\/\",\"logo\":{\"@type\":\"ImageObject\",\"inLanguage\":\"pt-BR\",\"@id\":\"https:\/\/jornalfatosenoticias.com.br\/#\/schema\/logo\/image\/\",\"url\":\"https:\/\/jornalfatosenoticias.com.br\/wp-content\/uploads\/2020\/02\/logo120.png\",\"contentUrl\":\"https:\/\/jornalfatosenoticias.com.br\/wp-content\/uploads\/2020\/02\/logo120.png\",\"width\":1227,\"height\":120,\"caption\":\"Jornal Fatos e Not\u00edcias\"},\"image\":{\"@id\":\"https:\/\/jornalfatosenoticias.com.br\/#\/schema\/logo\/image\/\"}},{\"@type\":\"Person\",\"@id\":\"https:\/\/jornalfatosenoticias.com.br\/#\/schema\/person\/d63837fa13ac8666eb9e74e0985d6f81\",\"name\":\"Luzimara Fernandes\",\"image\":{\"@type\":\"ImageObject\",\"inLanguage\":\"pt-BR\",\"@id\":\"https:\/\/jornalfatosenoticias.com.br\/#\/schema\/person\/image\/\",\"url\":\"https:\/\/jornalfatosenoticias.com.br\/wp-content\/uploads\/2025\/05\/EU_portal.jpg\",\"contentUrl\":\"https:\/\/jornalfatosenoticias.com.br\/wp-content\/uploads\/2025\/05\/EU_portal.jpg\",\"caption\":\"Luzimara Fernandes\"},\"description\":\"Jornalista MTB 2358-ES\",\"sameAs\":[\"https:\/\/jornalfatosenoticias.com.br\"],\"url\":\"https:\/\/jornalfatosenoticias.com.br\/index.php\/author\/luzimara\/\"}]}<\/script>\n<!-- \/ Yoast SEO plugin. -->","yoast_head_json":{"title":"Biodiversidade marca o Dia Mundial do Meio Ambiente - Jornal Fatos e Not\u00edcias","robots":{"index":"index","follow":"follow","max-snippet":"max-snippet:-1","max-image-preview":"max-image-preview:large","max-video-preview":"max-video-preview:-1"},"canonical":"https:\/\/jornalfatosenoticias.com.br\/index.php\/2020\/06\/05\/biodiversidade-marca-o-dia-mundial-do-meio-ambiente\/","og_locale":"pt_BR","og_type":"article","og_title":"Biodiversidade marca o Dia Mundial do Meio Ambiente - Jornal Fatos e Not\u00edcias","og_description":"S\u00e3o 171.424.192 hectares de \u00e1reas protegidas pelo ICMBio, mais de 12 mil esp\u00e9cies avaliadas e 15 milh\u00f5es de visitas nas unidades de conserva\u00e7\u00e3o em 2019 Em 2020, a biodiversidade \u00e9 o tema do Dia Mundial do Meio Ambiente, comemorado hoje, 5 de junho, que no Brasil foi institu\u00edda a Semana do Meio Ambiente. E, quando [&hellip;]","og_url":"https:\/\/jornalfatosenoticias.com.br\/index.php\/2020\/06\/05\/biodiversidade-marca-o-dia-mundial-do-meio-ambiente\/","og_site_name":"Jornal Fatos e Not\u00edcias","article_published_time":"2020-06-05T17:40:09+00:00","article_modified_time":"2020-06-05T17:40:10+00:00","og_image":[{"width":1000,"height":1000,"url":"https:\/\/jornalfatosenoticias.com.br\/wp-content\/uploads\/2020\/06\/semana-do-meio-ambiente.jpg","type":"image\/jpeg"}],"author":"Luzimara Fernandes","twitter_card":"summary_large_image","twitter_misc":{"Escrito por":"Luzimara Fernandes","Est. tempo de leitura":"4 minutos"},"schema":{"@context":"https:\/\/schema.org","@graph":[{"@type":"Article","@id":"https:\/\/jornalfatosenoticias.com.br\/index.php\/2020\/06\/05\/biodiversidade-marca-o-dia-mundial-do-meio-ambiente\/#article","isPartOf":{"@id":"https:\/\/jornalfatosenoticias.com.br\/index.php\/2020\/06\/05\/biodiversidade-marca-o-dia-mundial-do-meio-ambiente\/"},"author":{"name":"Luzimara Fernandes","@id":"https:\/\/jornalfatosenoticias.com.br\/#\/schema\/person\/d63837fa13ac8666eb9e74e0985d6f81"},"headline":"Biodiversidade marca o Dia Mundial do Meio Ambiente","datePublished":"2020-06-05T17:40:09+00:00","dateModified":"2020-06-05T17:40:10+00:00","mainEntityOfPage":{"@id":"https:\/\/jornalfatosenoticias.com.br\/index.php\/2020\/06\/05\/biodiversidade-marca-o-dia-mundial-do-meio-ambiente\/"},"wordCount":731,"commentCount":0,"publisher":{"@id":"https:\/\/jornalfatosenoticias.com.br\/#organization"},"image":{"@id":"https:\/\/jornalfatosenoticias.com.br\/index.php\/2020\/06\/05\/biodiversidade-marca-o-dia-mundial-do-meio-ambiente\/#primaryimage"},"thumbnailUrl":"https:\/\/jornalfatosenoticias.com.br\/wp-content\/uploads\/2020\/06\/semana-do-meio-ambiente.jpg","keywords":["ararinhas-azuis","\u00e1reas de prote\u00e7\u00e3o","caatinga","extin\u00e7\u00e3o","fauna","flora","ICMBio"],"articleSection":["Meio ambiente"],"inLanguage":"pt-BR","potentialAction":[{"@type":"CommentAction","name":"Comment","target":["https:\/\/jornalfatosenoticias.com.br\/index.php\/2020\/06\/05\/biodiversidade-marca-o-dia-mundial-do-meio-ambiente\/#respond"]}]},{"@type":"WebPage","@id":"https:\/\/jornalfatosenoticias.com.br\/index.php\/2020\/06\/05\/biodiversidade-marca-o-dia-mundial-do-meio-ambiente\/","url":"https:\/\/jornalfatosenoticias.com.br\/index.php\/2020\/06\/05\/biodiversidade-marca-o-dia-mundial-do-meio-ambiente\/","name":"Biodiversidade marca o Dia Mundial do Meio Ambiente - Jornal Fatos e Not\u00edcias","isPartOf":{"@id":"https:\/\/jornalfatosenoticias.com.br\/#website"},"primaryImageOfPage":{"@id":"https:\/\/jornalfatosenoticias.com.br\/index.php\/2020\/06\/05\/biodiversidade-marca-o-dia-mundial-do-meio-ambiente\/#primaryimage"},"image":{"@id":"https:\/\/jornalfatosenoticias.com.br\/index.php\/2020\/06\/05\/biodiversidade-marca-o-dia-mundial-do-meio-ambiente\/#primaryimage"},"thumbnailUrl":"https:\/\/jornalfatosenoticias.com.br\/wp-content\/uploads\/2020\/06\/semana-do-meio-ambiente.jpg","datePublished":"2020-06-05T17:40:09+00:00","dateModified":"2020-06-05T17:40:10+00:00","breadcrumb":{"@id":"https:\/\/jornalfatosenoticias.com.br\/index.php\/2020\/06\/05\/biodiversidade-marca-o-dia-mundial-do-meio-ambiente\/#breadcrumb"},"inLanguage":"pt-BR","potentialAction":[{"@type":"ReadAction","target":["https:\/\/jornalfatosenoticias.com.br\/index.php\/2020\/06\/05\/biodiversidade-marca-o-dia-mundial-do-meio-ambiente\/"]}]},{"@type":"ImageObject","inLanguage":"pt-BR","@id":"https:\/\/jornalfatosenoticias.com.br\/index.php\/2020\/06\/05\/biodiversidade-marca-o-dia-mundial-do-meio-ambiente\/#primaryimage","url":"https:\/\/jornalfatosenoticias.com.br\/wp-content\/uploads\/2020\/06\/semana-do-meio-ambiente.jpg","contentUrl":"https:\/\/jornalfatosenoticias.com.br\/wp-content\/uploads\/2020\/06\/semana-do-meio-ambiente.jpg","width":1000,"height":1000},{"@type":"BreadcrumbList","@id":"https:\/\/jornalfatosenoticias.com.br\/index.php\/2020\/06\/05\/biodiversidade-marca-o-dia-mundial-do-meio-ambiente\/#breadcrumb","itemListElement":[{"@type":"ListItem","position":1,"name":"In\u00edcio","item":"https:\/\/jornalfatosenoticias.com.br\/"},{"@type":"ListItem","position":2,"name":"Biodiversidade marca o Dia Mundial do Meio Ambiente"}]},{"@type":"WebSite","@id":"https:\/\/jornalfatosenoticias.com.br\/#website","url":"https:\/\/jornalfatosenoticias.com.br\/","name":"Jornal Fatos e Not\u00edcias","description":"Not\u00edcias em geral","publisher":{"@id":"https:\/\/jornalfatosenoticias.com.br\/#organization"},"potentialAction":[{"@type":"SearchAction","target":{"@type":"EntryPoint","urlTemplate":"https:\/\/jornalfatosenoticias.com.br\/?s={search_term_string}"},"query-input":{"@type":"PropertyValueSpecification","valueRequired":true,"valueName":"search_term_string"}}],"inLanguage":"pt-BR"},{"@type":"Organization","@id":"https:\/\/jornalfatosenoticias.com.br\/#organization","name":"Jornal Fatos e Not\u00edcias","url":"https:\/\/jornalfatosenoticias.com.br\/","logo":{"@type":"ImageObject","inLanguage":"pt-BR","@id":"https:\/\/jornalfatosenoticias.com.br\/#\/schema\/logo\/image\/","url":"https:\/\/jornalfatosenoticias.com.br\/wp-content\/uploads\/2020\/02\/logo120.png","contentUrl":"https:\/\/jornalfatosenoticias.com.br\/wp-content\/uploads\/2020\/02\/logo120.png","width":1227,"height":120,"caption":"Jornal Fatos e Not\u00edcias"},"image":{"@id":"https:\/\/jornalfatosenoticias.com.br\/#\/schema\/logo\/image\/"}},{"@type":"Person","@id":"https:\/\/jornalfatosenoticias.com.br\/#\/schema\/person\/d63837fa13ac8666eb9e74e0985d6f81","name":"Luzimara Fernandes","image":{"@type":"ImageObject","inLanguage":"pt-BR","@id":"https:\/\/jornalfatosenoticias.com.br\/#\/schema\/person\/image\/","url":"https:\/\/jornalfatosenoticias.com.br\/wp-content\/uploads\/2025\/05\/EU_portal.jpg","contentUrl":"https:\/\/jornalfatosenoticias.com.br\/wp-content\/uploads\/2025\/05\/EU_portal.jpg","caption":"Luzimara Fernandes"},"description":"Jornalista MTB 2358-ES","sameAs":["https:\/\/jornalfatosenoticias.com.br"],"url":"https:\/\/jornalfatosenoticias.com.br\/index.php\/author\/luzimara\/"}]}},"cc_featured_image_caption":{"caption_text":"","source_text":"","source_url":""},"jetpack_featured_media_url":"https:\/\/jornalfatosenoticias.com.br\/wp-content\/uploads\/2020\/06\/semana-do-meio-ambiente.jpg","_links":{"self":[{"href":"https:\/\/jornalfatosenoticias.com.br\/index.php\/wp-json\/wp\/v2\/posts\/5334","targetHints":{"allow":["GET"]}}],"collection":[{"href":"https:\/\/jornalfatosenoticias.com.br\/index.php\/wp-json\/wp\/v2\/posts"}],"about":[{"href":"https:\/\/jornalfatosenoticias.com.br\/index.php\/wp-json\/wp\/v2\/types\/post"}],"author":[{"embeddable":true,"href":"https:\/\/jornalfatosenoticias.com.br\/index.php\/wp-json\/wp\/v2\/users\/2"}],"replies":[{"embeddable":true,"href":"https:\/\/jornalfatosenoticias.com.br\/index.php\/wp-json\/wp\/v2\/comments?post=5334"}],"version-history":[{"count":0,"href":"https:\/\/jornalfatosenoticias.com.br\/index.php\/wp-json\/wp\/v2\/posts\/5334\/revisions"}],"wp:featuredmedia":[{"embeddable":true,"href":"https:\/\/jornalfatosenoticias.com.br\/index.php\/wp-json\/wp\/v2\/media\/5335"}],"wp:attachment":[{"href":"https:\/\/jornalfatosenoticias.com.br\/index.php\/wp-json\/wp\/v2\/media?parent=5334"}],"wp:term":[{"taxonomy":"category","embeddable":true,"href":"https:\/\/jornalfatosenoticias.com.br\/index.php\/wp-json\/wp\/v2\/categories?post=5334"},{"taxonomy":"post_tag","embeddable":true,"href":"https:\/\/jornalfatosenoticias.com.br\/index.php\/wp-json\/wp\/v2\/tags?post=5334"}],"curies":[{"name":"wp","href":"https:\/\/api.w.org\/{rel}","templated":true}]}}