{"id":53353,"date":"2024-08-07T15:11:23","date_gmt":"2024-08-07T18:11:23","guid":{"rendered":"https:\/\/jornalfatosenoticias.com.br\/?p=53353"},"modified":"2024-08-07T15:11:25","modified_gmt":"2024-08-07T18:11:25","slug":"brasil-tem-o-3-o-maior-juro-do-mundo-inflacao-governo-e-emprego-pressionam-taxa","status":"publish","type":"post","link":"https:\/\/jornalfatosenoticias.com.br\/index.php\/2024\/08\/07\/brasil-tem-o-3-o-maior-juro-do-mundo-inflacao-governo-e-emprego-pressionam-taxa\/","title":{"rendered":"Brasil tem o 3.\u00ba maior juro do mundo; infla\u00e7\u00e3o, governo e emprego pressionam taxa"},"content":{"rendered":"\n<p><em><span class=\"has-inline-color has-black-color\">Sede do Banco Central, em Bras\u00edlia: dificuldades para reduzir juros s\u00e3o cada vez maiores<\/span><\/em><\/p>\n\n\n\n<p><span class=\"has-inline-color has-black-color\">Por <strong><a href=\"https:\/\/www.gazetadopovo.com.br\/autor\/vandre-kramer\/\">Vandr\u00e9 Kramer<\/a><\/strong><\/span><\/p>\n\n\n\n<div class=\"wp-block-image\"><figure class=\"aligncenter size-large\"><a href=\"https:\/\/www.instagram.com\/vmais.midias\/\"><img loading=\"lazy\" decoding=\"async\" width=\"1024\" height=\"110\" src=\"https:\/\/jornalfatosenoticias.com.br\/wp-content\/uploads\/2020\/02\/DE-MAIS-DESTAQUE-VMAIS-1120X120-1024x110.png\" alt=\"\" class=\"wp-image-53110\" srcset=\"https:\/\/jornalfatosenoticias.com.br\/wp-content\/uploads\/2020\/02\/DE-MAIS-DESTAQUE-VMAIS-1120X120-1024x110.png 1024w, https:\/\/jornalfatosenoticias.com.br\/wp-content\/uploads\/2020\/02\/DE-MAIS-DESTAQUE-VMAIS-1120X120-300x32.png 300w, https:\/\/jornalfatosenoticias.com.br\/wp-content\/uploads\/2020\/02\/DE-MAIS-DESTAQUE-VMAIS-1120X120-768x82.png 768w, https:\/\/jornalfatosenoticias.com.br\/wp-content\/uploads\/2020\/02\/DE-MAIS-DESTAQUE-VMAIS-1120X120.png 1120w\" sizes=\"auto, (max-width: 1024px) 100vw, 1024px\" \/><\/a><\/figure><\/div>\n\n\n\n<p>Terceiro colocado no ranking mundial de juros reais (j\u00e1 descontada a infla\u00e7\u00e3o), o Brasil corre o risco de subir mais uma posi\u00e7\u00e3o caso persistam as tend\u00eancias recentes de alta nas expectativas de infla\u00e7\u00e3o e desvaloriza\u00e7\u00e3o do real. No fim de julho, logo ap\u00f3s a \u00faltima decis\u00e3o do Comit\u00ea de Pol\u00edtica Monet\u00e1ria (Copom) de manter a Selic em 10,5% ao ano, o Brasil tinha uma taxa real de 7,36%. \u00c0 frente estavam Turquia, com juros reais de 12,13% ao ano, e a R\u00fassia, com 7,55%, segundo o site MoneYou.<br>O Copom est\u00e1 pronto para puxar o gatilho, avaliam economistas do Ita\u00fa. Segundo o banco, a ata da \u00faltima reuni\u00e3o, publicada na ter\u00e7a-feira (6), aponta que \u201cficou claro que todo o comit\u00ea, n\u00e3o apenas alguns membros, est\u00e1 pronto para aumentar a taxa Selic caso as tend\u00eancias nas expectativas de infla\u00e7\u00e3o e na din\u00e2mica da taxa de c\u00e2mbio persistam\u201d.<\/p>\n\n\n\n<div class=\"wp-block-image\"><figure class=\"aligncenter size-large is-resized\"><img loading=\"lazy\" decoding=\"async\" src=\"https:\/\/jornalfatosenoticias.com.br\/wp-content\/uploads\/2022\/02\/Precisao-Contabilidade-1024x724.jpg\" alt=\"\" class=\"wp-image-28088\" width=\"331\" height=\"234\"\/><\/figure><\/div>\n\n\n\n<p>O estrategista-chefe da corretora Warren Rena, S\u00e9rgio Goldenstein, diz que a ata refor\u00e7ou o desconforto com a amplia\u00e7\u00e3o da desancoragem das expectativas e a deprecia\u00e7\u00e3o cambial. E citou outros fatores, como o dinamismo da atividade econ\u00f4mica e do mercado de trabalho, e a exist\u00eancia de mais riscos para cima no IPCA.<\/p>\n\n\n\n<div class=\"wp-block-image\"><figure class=\"aligncenter size-large\"><a href=\"http:\/\/www.ferrarimaquinas.com.br\/\"><img loading=\"lazy\" decoding=\"async\" width=\"300\" height=\"250\" src=\"https:\/\/jornalfatosenoticias.com.br\/wp-content\/uploads\/2022\/02\/FERRARI_MAQUINAS-E-FERRAMENTAS2.jpg\" alt=\"\" class=\"wp-image-27860\"\/><\/a><\/figure><\/div>\n\n\n\n<p>O conte\u00fado da ata agitou o mercado de juros, com uma forte eleva\u00e7\u00e3o nas taxas de curto prazo. A taxa do DI para janeiro de 2026 passou de 11,23% na segunda-feira (5), para 11,55% no encerramento da ter\u00e7a, o que sinaliza para uma alta de 0,25 ponto percentual na reuni\u00e3o de setembro.<\/p>\n\n\n\n<div class=\"wp-block-image\"><figure class=\"aligncenter size-large\"><a href=\"https:\/\/mizu.com.br\/\"><img loading=\"lazy\" decoding=\"async\" width=\"729\" height=\"90\" src=\"https:\/\/jornalfatosenoticias.com.br\/wp-content\/uploads\/2020\/02\/Logo_Mizu.png\" alt=\"\" class=\"wp-image-1441\" srcset=\"https:\/\/jornalfatosenoticias.com.br\/wp-content\/uploads\/2020\/02\/Logo_Mizu.png 729w, https:\/\/jornalfatosenoticias.com.br\/wp-content\/uploads\/2020\/02\/Logo_Mizu-300x37.png 300w\" sizes=\"auto, (max-width: 729px) 100vw, 729px\" \/><\/a><\/figure><\/div>\n\n\n\n<p>As probabilidades de alta na taxa de juros no pr\u00f3ximo m\u00eas cresceram, de acordo com as negocia\u00e7\u00f5es de contrato de op\u00e7\u00e3o do Copom, na B3. A expectativa de uma alta de meio ponto percentual era de 22,74% na sess\u00e3o desta ter\u00e7a, contra 16% na segunda. A probabilidade de um aumento de 0,25 ponto percentual passou, nos dois dias, de 12,5% para 14%. A de manuten\u00e7\u00e3o caiu de 72,5% para 58,5%.<\/p>\n\n\n\n<div class=\"wp-block-image\"><figure class=\"aligncenter size-large\"><a href=\"https:\/\/www.facebook.com\/Esteio-Churrascaria-Barbecue-103643461220402\/\"><img decoding=\"async\" src=\"https:\/\/jornalfatosenoticias.com.br\/wp-content\/uploads\/2020\/02\/logo_esteio.jpg\" alt=\"\" class=\"wp-image-1214\"\/><\/a><\/figure><\/div>\n\n\n\n<blockquote class=\"wp-block-quote is-layout-flow wp-block-quote-is-layout-flow\"><p><span class=\"has-inline-color has-luminous-vivid-orange-color\">Se o Copom decidir aumentar a Selic, isso poder\u00e1 encarecer o cr\u00e9dito, desacelerar o consumo e os investimentos, e impactar negativamente o crescimento econ\u00f4mico. No entanto, se optar por n\u00e3o aumentar, o risco \u00e9 de uma infla\u00e7\u00e3o mais alta, o que comprometeria a estabilidade econ\u00f4mica&#8221;, destaca Andr\u00e9 Colares, CEO da Smart House Investments.<\/span><\/p><\/blockquote>\n\n\n\n<div class=\"wp-block-image\"><figure class=\"aligncenter size-large is-resized\"><a href=\"https:\/\/www.instagram.com\/restaurantepegoretti\/\"><img loading=\"lazy\" decoding=\"async\" src=\"https:\/\/jornalfatosenoticias.com.br\/wp-content\/uploads\/2023\/12\/pegoretti-logo-pdf-1024x389.jpg\" alt=\"\" class=\"wp-image-47536\" width=\"401\" height=\"152\" srcset=\"https:\/\/jornalfatosenoticias.com.br\/wp-content\/uploads\/2023\/12\/pegoretti-logo-pdf-1024x389.jpg 1024w, https:\/\/jornalfatosenoticias.com.br\/wp-content\/uploads\/2023\/12\/pegoretti-logo-pdf-300x114.jpg 300w, https:\/\/jornalfatosenoticias.com.br\/wp-content\/uploads\/2023\/12\/pegoretti-logo-pdf-768x291.jpg 768w, https:\/\/jornalfatosenoticias.com.br\/wp-content\/uploads\/2023\/12\/pegoretti-logo-pdf.jpg 1120w\" sizes=\"auto, (max-width: 401px) 100vw, 401px\" \/><\/a><\/figure><\/div>\n\n\n\n<p><strong><span class=\"has-inline-color has-black-color\">Preocupa\u00e7\u00e3o com a infla\u00e7\u00e3o \u00e9 cada vez maior na discuss\u00e3o sobre juros<br><\/span><\/strong>As preocupa\u00e7\u00f5es com a infla\u00e7\u00e3o e suas expectativas s\u00e3o cada vez maiores. Na ata, o BC ressaltou que o cen\u00e1rio global incerto e o dom\u00e9stico, marcado por maior resili\u00eancia na atividade econ\u00f4mica, eleva\u00e7\u00e3o nas proje\u00e7\u00f5es do IPCA e expectativas desancoradas \u201cdemandam acompanhamento diligente e ainda maior cautela\u201d.<\/p>\n\n\n\n<div class=\"wp-block-image\"><figure class=\"aligncenter size-large is-resized\"><a href=\"https:\/\/www.controlsystems.com.br\/\"><img loading=\"lazy\" decoding=\"async\" src=\"https:\/\/jornalfatosenoticias.com.br\/wp-content\/uploads\/2020\/02\/CONTROL-CS.jpg\" alt=\"\" class=\"wp-image-44991\" width=\"270\" height=\"323\" srcset=\"https:\/\/jornalfatosenoticias.com.br\/wp-content\/uploads\/2020\/02\/CONTROL-CS.jpg 834w, https:\/\/jornalfatosenoticias.com.br\/wp-content\/uploads\/2020\/02\/CONTROL-CS-250x300.jpg 250w, https:\/\/jornalfatosenoticias.com.br\/wp-content\/uploads\/2020\/02\/CONTROL-CS-768x921.jpg 768w\" sizes=\"auto, (max-width: 270px) 100vw, 270px\" \/><\/a><\/figure><\/div>\n\n\n\n<p>As proje\u00e7\u00f5es do mercado financeiro para o \u00edndice de pre\u00e7os v\u00eam aumentando a cada semana. O boletim Focus mais recente, divulgado na segunda-feira pelo Banco Central, mostra que o ponto m\u00e9dio das expectativas para a infla\u00e7\u00e3o em 2024 est\u00e1 em 4,12%, cada vez mais pr\u00f3ximo do teto da meta, que \u00e9 de 4,5%. No in\u00edcio do ano, a proje\u00e7\u00e3o mediana era de que o IPCA fosse de 3,9% em 2024. N\u00e3o s\u00e3o s\u00f3 as expectativas para 2024 que est\u00e3o avan\u00e7ando. O mesmo ocorre com as de 2025, que come\u00e7aram o ano em 3,5% e agora est\u00e3o em 3,98%.<\/p>\n\n\n\n<div class=\"wp-block-image\"><figure class=\"aligncenter size-large is-resized\"><a href=\"https:\/\/www.facebook.com\/postobkr\/?locale=pt_BR\"><img loading=\"lazy\" decoding=\"async\" src=\"https:\/\/jornalfatosenoticias.com.br\/wp-content\/uploads\/2023\/08\/BKR-1024x1021.jpg\" alt=\"\" class=\"wp-image-44494\" width=\"295\" height=\"294\" srcset=\"https:\/\/jornalfatosenoticias.com.br\/wp-content\/uploads\/2023\/08\/BKR-1024x1021.jpg 1024w, https:\/\/jornalfatosenoticias.com.br\/wp-content\/uploads\/2023\/08\/BKR-300x300.jpg 300w, https:\/\/jornalfatosenoticias.com.br\/wp-content\/uploads\/2023\/08\/BKR-150x150.jpg 150w, https:\/\/jornalfatosenoticias.com.br\/wp-content\/uploads\/2023\/08\/BKR-768x766.jpg 768w, https:\/\/jornalfatosenoticias.com.br\/wp-content\/uploads\/2023\/08\/BKR.jpg 1080w\" sizes=\"auto, (max-width: 295px) 100vw, 295px\" \/><\/a><\/figure><\/div>\n\n\n\n<blockquote class=\"wp-block-quote is-layout-flow wp-block-quote-is-layout-flow\"><p><span class=\"has-inline-color has-luminous-vivid-orange-color\">A manuten\u00e7\u00e3o dos juros em 10,5% sinaliza um esfor\u00e7o da pol\u00edtica monet\u00e1ria para ancorar as expectativas, mas podem ser necess\u00e1rios ajustes adicionais caso as expectativas de infla\u00e7\u00e3o se deteriorem nas pr\u00f3ximas semanas\u201d, destacam o analista de intelig\u00eancia de mercado Victor Arduin e o head da mesa de c\u00e2mbio Felipe Schukar, ambos da Hedgepoint Global Markets.<\/span><\/p><\/blockquote>\n\n\n\n<div class=\"wp-block-image\"><figure class=\"aligncenter size-large is-resized\"><a href=\"https:\/\/panper.com.br\/\"><img loading=\"lazy\" decoding=\"async\" src=\"https:\/\/jornalfatosenoticias.com.br\/wp-content\/uploads\/2023\/03\/logo-Panper_portal.jpg\" alt=\"\" class=\"wp-image-40208\" width=\"321\" height=\"222\" srcset=\"https:\/\/jornalfatosenoticias.com.br\/wp-content\/uploads\/2023\/03\/logo-Panper_portal.jpg 400w, https:\/\/jornalfatosenoticias.com.br\/wp-content\/uploads\/2023\/03\/logo-Panper_portal-300x208.jpg 300w\" sizes=\"auto, (max-width: 321px) 100vw, 321px\" \/><\/a><\/figure><\/div>\n\n\n\n<p><strong><span class=\"has-inline-color has-black-color\">Atividade econ\u00f4mica e mercado de trabalho aquecidos pressionam pre\u00e7os<br><\/span><\/strong>Um fator que ajuda a alimentar a infla\u00e7\u00e3o \u00e9 o aquecimento da economia brasileira. \u201cOs dados de atividade econ\u00f4mica e de mercado de trabalho seguem com maior dinamismo do que era esperado\u201d, destaca a ata do Copom. O ponto m\u00e9dio das proje\u00e7\u00f5es para o crescimento do PIB em 2024, no Focus, est\u00e1 em 2,2% \u2014 maior n\u00edvel desde outubro de 2021. O Monitor do PIB, da Funda\u00e7\u00e3o Get\u00falio Vargas (FGV), aponta que a taxa acumulada de crescimento da atividade econ\u00f4mica nos 12 meses encerrados em maio foi de 2,4%.<\/p>\n\n\n\n<div class=\"wp-block-image\"><figure class=\"aligncenter size-large is-resized\"><a href=\"https:\/\/www.ithbrasil.com.br\/\"><img loading=\"lazy\" decoding=\"async\" src=\"https:\/\/jornalfatosenoticias.com.br\/wp-content\/uploads\/2023\/08\/ITH.jpeg\" alt=\"\" class=\"wp-image-44638\" width=\"307\" height=\"249\" srcset=\"https:\/\/jornalfatosenoticias.com.br\/wp-content\/uploads\/2023\/08\/ITH.jpeg 800w, https:\/\/jornalfatosenoticias.com.br\/wp-content\/uploads\/2023\/08\/ITH-300x244.jpeg 300w, https:\/\/jornalfatosenoticias.com.br\/wp-content\/uploads\/2023\/08\/ITH-768x624.jpeg 768w\" sizes=\"auto, (max-width: 307px) 100vw, 307px\" \/><\/a><\/figure><\/div>\n\n\n\n<p>A ata do Copom tamb\u00e9m aponta que indicadores de alta frequ\u00eancia, como os de com\u00e9rcio e servi\u00e7os, refor\u00e7am o diagn\u00f3stico de resili\u00eancia da atividade econ\u00f4mica e sustenta\u00e7\u00e3o do consumo ao longo do tempo, em contraste com o cen\u00e1rio de desacelera\u00e7\u00e3o gradual originalmente antecipado pelo comit\u00ea. Estudo realizado pelo banco Daycoval aponta que a alta temperatura no mercado de trabalho, marcada pelo baixo desemprego e alta demanda em alguns setores, pode se tornar um obst\u00e1culo \u00e0 redu\u00e7\u00e3o da taxa Selic.<\/p>\n\n\n\n<div class=\"wp-block-image\"><figure class=\"aligncenter size-large is-resized\"><a href=\"https:\/\/hotelmarquetti.com.br\/\"><img loading=\"lazy\" decoding=\"async\" src=\"https:\/\/jornalfatosenoticias.com.br\/wp-content\/uploads\/2023\/03\/nova-logo-Marquetti.jpg\" alt=\"\" class=\"wp-image-40207\" width=\"291\" height=\"195\" srcset=\"https:\/\/jornalfatosenoticias.com.br\/wp-content\/uploads\/2023\/03\/nova-logo-Marquetti.jpg 643w, https:\/\/jornalfatosenoticias.com.br\/wp-content\/uploads\/2023\/03\/nova-logo-Marquetti-300x202.jpg 300w\" sizes=\"auto, (max-width: 291px) 100vw, 291px\" \/><\/a><\/figure><\/div>\n\n\n\n<p>O desemprego fechou o trimestre m\u00f3vel encerrado em junho em 6,9%, a taxa mais baixa desde dezembro de 2014. O n\u00famero de trabalhadores com carteira assinada chegou a 46,8 milh\u00f5es, tamb\u00e9m em junho, o maior n\u00famero desde o in\u00edcio da s\u00e9rie hist\u00f3rica. No primeiro semestre, segundo dados do Novo Caged\/MTE, o pa\u00eds abriu 1,3 milh\u00e3o de postos formais de trabalho, 26,2% mais que na mesma \u00e9poca de 2023.<\/p>\n\n\n\n<div class=\"wp-block-image\"><figure class=\"aligncenter size-large\"><a href=\"https:\/\/cesconetto.com.br\/\"><img loading=\"lazy\" decoding=\"async\" width=\"300\" height=\"250\" src=\"https:\/\/jornalfatosenoticias.com.br\/wp-content\/uploads\/2020\/02\/Banner-2.png\" alt=\"\" class=\"wp-image-43787\"\/><\/a><\/figure><\/div>\n\n\n\n<p>Segundo o projeto Salari\u00f4metro, da Funda\u00e7\u00e3o Instituto de Pesquisas Econ\u00f4micas (Fipe), os sal\u00e1rios tiveram um reajuste mediano de 5% em 12 meses at\u00e9 junho, o que assegurou um ganho real de 1,7% acima da infla\u00e7\u00e3o medida pelo INPC. J\u00e1 s\u00e3o 19 meses consecutivos de aumentos reais.<\/p>\n\n\n\n<div class=\"wp-block-image\"><figure class=\"aligncenter size-large is-resized\"><img loading=\"lazy\" decoding=\"async\" src=\"https:\/\/jornalfatosenoticias.com.br\/wp-content\/uploads\/2022\/02\/Precisao-Contabilidade-1024x724.jpg\" alt=\"\" class=\"wp-image-28088\" width=\"318\" height=\"225\"\/><\/figure><\/div>\n\n\n\n<blockquote class=\"wp-block-quote is-layout-flow wp-block-quote-is-layout-flow\"><p><span class=\"has-inline-color has-luminous-vivid-orange-color\">A resili\u00eancia da atividade econ\u00f4mica, somada a um mercado de trabalho cada vez mais apertado, que n\u00e3o tem perspectiva de dar margem para al\u00edvio das principais m\u00e9tricas de infla\u00e7\u00e3o acompanhadas pelo Banco Central (servi\u00e7os subjacentes e intensivos em trabalho), deve impedir a retomada do ciclo de afrouxamento monet\u00e1rio e for\u00e7ar a autoridade monet\u00e1ria a deixar aberta a possibilidade de voltar a elevar a taxa Selic caso necess\u00e1rio&#8221;, diz Jos\u00e9 M\u00e1rcio Camargo, economista-chefe da Genial Investimentos.<\/span><\/p><\/blockquote>\n\n\n\n<div class=\"wp-block-image\"><figure class=\"aligncenter size-large is-resized\"><a href=\"https:\/\/www.facebook.com\/vetor.vix\/\"><img loading=\"lazy\" decoding=\"async\" src=\"https:\/\/jornalfatosenoticias.com.br\/wp-content\/uploads\/2023\/09\/vetorvix1024_1.jpg\" alt=\"\" class=\"wp-image-44868\" width=\"535\" height=\"142\" srcset=\"https:\/\/jornalfatosenoticias.com.br\/wp-content\/uploads\/2023\/09\/vetorvix1024_1.jpg 1024w, https:\/\/jornalfatosenoticias.com.br\/wp-content\/uploads\/2023\/09\/vetorvix1024_1-300x80.jpg 300w, https:\/\/jornalfatosenoticias.com.br\/wp-content\/uploads\/2023\/09\/vetorvix1024_1-768x205.jpg 768w\" sizes=\"auto, (max-width: 535px) 100vw, 535px\" \/><\/a><\/figure><\/div>\n\n\n\n<p><strong><span class=\"has-inline-color has-black-color\">Situa\u00e7\u00e3o fiscal \u00e9 \u201cbatata quente\u201d para a defini\u00e7\u00e3o de juros pelo Copom<br><\/span><\/strong>Outro problema que dificulta o Brasil em ter juros mais baixos \u00e9 a situa\u00e7\u00e3o complicada das contas p\u00fablicas. Dados do Banco Central (BC) mostram que, nos 12 meses encerrados em junho, o resultado prim\u00e1rio (gastos do governo, exclu\u00eddas as despesas com juros da d\u00edvida p\u00fablica, menos a arrecada\u00e7\u00e3o) foi deficit\u00e1rio em 2,44% do PIB. Ao fim do governo de Jair Bolsonaro (PL), em dezembro de 2022, havia um super\u00e1vit de 1,25%.<\/p>\n\n\n\n<div class=\"wp-block-image\"><figure class=\"aligncenter size-large is-resized\"><a href=\"https:\/\/www.instagram.com\/vmais.midias\/\"><img loading=\"lazy\" decoding=\"async\" src=\"https:\/\/jornalfatosenoticias.com.br\/wp-content\/uploads\/2020\/02\/DE-MAIS-DESTAQUE-VMAIS-800X700.png\" alt=\"\" class=\"wp-image-53112\" width=\"281\" height=\"245\" srcset=\"https:\/\/jornalfatosenoticias.com.br\/wp-content\/uploads\/2020\/02\/DE-MAIS-DESTAQUE-VMAIS-800X700.png 800w, https:\/\/jornalfatosenoticias.com.br\/wp-content\/uploads\/2020\/02\/DE-MAIS-DESTAQUE-VMAIS-800X700-300x263.png 300w, https:\/\/jornalfatosenoticias.com.br\/wp-content\/uploads\/2020\/02\/DE-MAIS-DESTAQUE-VMAIS-800X700-768x672.png 768w\" sizes=\"auto, (max-width: 281px) 100vw, 281px\" \/><\/a><\/figure><\/div>\n\n\n\n<p>O endividamento p\u00fablico tamb\u00e9m vem aumentando: em junho ele chegou a 77,6% do PIB, n\u00edvel mais alto desde fevereiro de 2022. \u201cEssa trajet\u00f3ria ascendente da d\u00edvida tem gerado preocupa\u00e7\u00f5es no mercado e motivado o governo a adotar medidas de ajuste fiscal\u201d, citam os analistas da Hedgepoint Global Markets.<\/p>\n\n\n\n<div class=\"wp-block-image\"><figure class=\"aligncenter size-large\"><a href=\"https:\/\/www.controlsystems.com.br\/\"><img loading=\"lazy\" decoding=\"async\" width=\"1024\" height=\"109\" src=\"https:\/\/jornalfatosenoticias.com.br\/wp-content\/uploads\/2020\/02\/CONTROL-CS2-1024x109.jpg\" alt=\"\" class=\"wp-image-44989\" srcset=\"https:\/\/jornalfatosenoticias.com.br\/wp-content\/uploads\/2020\/02\/CONTROL-CS2-1024x109.jpg 1024w, https:\/\/jornalfatosenoticias.com.br\/wp-content\/uploads\/2020\/02\/CONTROL-CS2-300x32.jpg 300w, https:\/\/jornalfatosenoticias.com.br\/wp-content\/uploads\/2020\/02\/CONTROL-CS2-768x82.jpg 768w, https:\/\/jornalfatosenoticias.com.br\/wp-content\/uploads\/2020\/02\/CONTROL-CS2.jpg 1120w\" sizes=\"auto, (max-width: 1024px) 100vw, 1024px\" \/><\/a><\/figure><\/div>\n\n\n\n<p>O foco, entretanto, tem sido medidas objetivando ampliar a arrecada\u00e7\u00e3o e n\u00e3o a redu\u00e7\u00e3o dos gastos. Segundo a Hedgepoint, o BC vem destacando a resposta negativa do mercado \u00e0 agenda fiscal do governo: os contingenciamentos anunciados s\u00e3o bem-vindos, mas tidos como insuficientes para cumprir a banda inferior do arcabou\u00e7o fiscal. O mais recente foi de R$ 15 bilh\u00f5es, anunciado em julho.<\/p>\n\n\n\n<div class=\"wp-block-image\"><figure class=\"aligncenter size-large\"><a href=\"http:\/\/www.ferrarimaquinas.com.br\/\"><img loading=\"lazy\" decoding=\"async\" width=\"300\" height=\"250\" src=\"https:\/\/jornalfatosenoticias.com.br\/wp-content\/uploads\/2022\/02\/FERRARI_MAQUINAS-E-FERRAMENTAS2.jpg\" alt=\"\" class=\"wp-image-27860\"\/><\/a><\/figure><\/div>\n\n\n\n<p>Luiz In\u00e1cio Lula da Silva (PT) vem mantendo uma postura d\u00fabia sobre a necessidade de um ajuste fiscal via corte de gastos, mesmo ap\u00f3s reuni\u00f5es com o ministro da Fazenda, Fernando Haddad. \u201cN\u00e3o tem nenhum problema se \u00e9 d\u00e9ficit zero, se \u00e9 d\u00e9ficit de 0,1% [do PIB], se \u00e9 d\u00e9ficit de 0,2% [do PIB]. O importante \u00e9 que este pa\u00eds esteja crescendo, que a economia esteja crescendo, que o emprego esteja crescendo, que o sal\u00e1rio esteja crescendo\u201d, disse Lula em entrevista \u00e0 TV Record, em 16 de julho.<\/p>\n\n\n\n<div class=\"wp-block-image\"><figure class=\"aligncenter size-large is-resized\"><a href=\"https:\/\/hotelmarquetti.com.br\/\"><img loading=\"lazy\" decoding=\"async\" src=\"https:\/\/jornalfatosenoticias.com.br\/wp-content\/uploads\/2023\/03\/nova-logo-Marquetti.jpg\" alt=\"\" class=\"wp-image-40207\" width=\"314\" height=\"211\" srcset=\"https:\/\/jornalfatosenoticias.com.br\/wp-content\/uploads\/2023\/03\/nova-logo-Marquetti.jpg 643w, https:\/\/jornalfatosenoticias.com.br\/wp-content\/uploads\/2023\/03\/nova-logo-Marquetti-300x202.jpg 300w\" sizes=\"auto, (max-width: 314px) 100vw, 314px\" \/><\/a><\/figure><\/div>\n\n\n\n<p>O tema estar\u00e1 na agenda de discuss\u00f5es da Federa\u00e7\u00e3o das Ind\u00fastrias do Estado do Paran\u00e1 (Fiep), em evento que faz parte da comemora\u00e7\u00e3o dos 80 anos da entidade, no dia 15, em Curitiba, e que conta com o apoio da Gazeta do Povo. A mesa-redonda contar\u00e1 com a participa\u00e7\u00e3o do presidente do Conselho Superior do Movimento Brasil Competitivo (MBC), Jorge Gerdau, do economista-chefe do BTG Pactual e ex-secret\u00e1rio do Tesouro Nacional, Mansueto Almeida, e do ex-presidente Michel Temer.<\/p>\n\n\n\n<div class=\"wp-block-image\"><figure class=\"aligncenter size-large is-resized\"><a href=\"https:\/\/panper.com.br\/\"><img loading=\"lazy\" decoding=\"async\" src=\"https:\/\/jornalfatosenoticias.com.br\/wp-content\/uploads\/2023\/03\/logo-Panper_portal.jpg\" alt=\"\" class=\"wp-image-40208\" width=\"349\" height=\"242\" srcset=\"https:\/\/jornalfatosenoticias.com.br\/wp-content\/uploads\/2023\/03\/logo-Panper_portal.jpg 400w, https:\/\/jornalfatosenoticias.com.br\/wp-content\/uploads\/2023\/03\/logo-Panper_portal-300x208.jpg 300w\" sizes=\"auto, (max-width: 349px) 100vw, 349px\" \/><\/a><\/figure><\/div>\n\n\n\n<p><span class=\"has-inline-color has-black-color\"><strong>Preocupa\u00e7\u00f5es com o cen\u00e1rio externo ganham for\u00e7a<br><\/strong><\/span>Um cen\u00e1rio que tamb\u00e9m preocupa \u00e9 o externo. A avers\u00e3o ao risco se espalhou pelos mercados na segunda-feira, derrubando bolsas em todo o mundo. No Brasil, o d\u00f3lar chegou a ser negociado a R$ 5,864, mas na sequ\u00eancia, com alguma normaliza\u00e7\u00e3o nos mercados externos, recuou. Por volta de 12h desta quarta-feira (7), a moeda estava cotada a R$ 5,62.<\/p>\n\n\n\n<div class=\"wp-block-image\"><figure class=\"aligncenter size-large\"><a href=\"https:\/\/cesconetto.com.br\/\"><img loading=\"lazy\" decoding=\"async\" width=\"300\" height=\"250\" src=\"https:\/\/jornalfatosenoticias.com.br\/wp-content\/uploads\/2020\/02\/Banner-2.png\" alt=\"\" class=\"wp-image-43787\"\/><\/a><\/figure><\/div>\n\n\n\n<p>Os receios com uma poss\u00edvel desacelera\u00e7\u00e3o da economia norte-americana ap\u00f3s dados mais fracos sobre o mercado de trabalho divulgados na sexta-feira (2) foram o estopim que levou \u00e0 deteriora\u00e7\u00e3o do mercado financeiro mundial. Segundo a Bloomberg, o mercado j\u00e1 v\u00ea chance de que o Fed (o BC norte-americano) tenha de fazer um corte emergencial nos juros antes da pr\u00f3xima reuni\u00e3o em setembro, para evitar uma recess\u00e3o. O estrategista-chefe da corretora Avenue, William Castro Alves, aponta que outras preocupa\u00e7\u00f5es tamb\u00e9m est\u00e3o no radar do mercado:<\/p>\n\n\n\n<div class=\"wp-block-image\"><figure class=\"aligncenter size-large is-resized\"><a href=\"https:\/\/www.facebook.com\/postobkr\/?locale=pt_BR\"><img loading=\"lazy\" decoding=\"async\" src=\"https:\/\/jornalfatosenoticias.com.br\/wp-content\/uploads\/2023\/08\/BKR-1024x1021.jpg\" alt=\"\" class=\"wp-image-44494\" width=\"308\" height=\"307\" srcset=\"https:\/\/jornalfatosenoticias.com.br\/wp-content\/uploads\/2023\/08\/BKR-1024x1021.jpg 1024w, https:\/\/jornalfatosenoticias.com.br\/wp-content\/uploads\/2023\/08\/BKR-300x300.jpg 300w, https:\/\/jornalfatosenoticias.com.br\/wp-content\/uploads\/2023\/08\/BKR-150x150.jpg 150w, https:\/\/jornalfatosenoticias.com.br\/wp-content\/uploads\/2023\/08\/BKR-768x766.jpg 768w, https:\/\/jornalfatosenoticias.com.br\/wp-content\/uploads\/2023\/08\/BKR.jpg 1080w\" sizes=\"auto, (max-width: 308px) 100vw, 308px\" \/><\/a><\/figure><\/div>\n\n\n\n<ul class=\"wp-block-list\"><li>a eleva\u00e7\u00e3o dos juros no Jap\u00e3o, o que pode levar a um fortalecimento ainda maior do iene. Isto afetaria as empresas japonesas, que dependem muito das exporta\u00e7\u00f5es em seus resultados;<\/li><li>a realiza\u00e7\u00e3o de lucros no setor de tecnologia americano, depois das altas observadas nos \u00faltimos 12 meses;<\/li><li>e as tens\u00f5es geopol\u00edticas no Oriente M\u00e9dio.<\/li><\/ul>\n\n\n\n<div class=\"wp-block-image\"><figure class=\"aligncenter size-large\"><a href=\"https:\/\/www.facebook.com\/Esteio-Churrascaria-Barbecue-103643461220402\/\"><img decoding=\"async\" src=\"https:\/\/jornalfatosenoticias.com.br\/wp-content\/uploads\/2020\/02\/logo_esteio.jpg\" alt=\"\" class=\"wp-image-1214\"\/><\/a><\/figure><\/div>\n\n\n\n<blockquote class=\"wp-block-quote is-layout-flow wp-block-quote-is-layout-flow\"><p><span class=\"has-inline-color has-luminous-vivid-orange-color\">Entendemos que o movimento exige parcim\u00f4nia e calma do investidor. Vemos a rea\u00e7\u00e3o do mercado como exagerada e repercutindo o receio de uma forte e\/ou grave recess\u00e3o \u00e0 frente, a qual vemos como altamente incerta. Tal qual como vimos em outros momentos de estresse do mercado, seria razo\u00e1vel supor valoriza\u00e7\u00e3o do d\u00f3lar ante o real\u201d, diz Alves.<\/span><\/p><\/blockquote>\n\n\n\n<div class=\"wp-block-image\"><figure class=\"aligncenter size-large is-resized\"><a href=\"https:\/\/www.instagram.com\/restaurantepegoretti\/\"><img loading=\"lazy\" decoding=\"async\" src=\"https:\/\/jornalfatosenoticias.com.br\/wp-content\/uploads\/2023\/12\/pegoretti-logo-pdf-1024x389.jpg\" alt=\"\" class=\"wp-image-47536\" width=\"446\" height=\"169\" srcset=\"https:\/\/jornalfatosenoticias.com.br\/wp-content\/uploads\/2023\/12\/pegoretti-logo-pdf-1024x389.jpg 1024w, https:\/\/jornalfatosenoticias.com.br\/wp-content\/uploads\/2023\/12\/pegoretti-logo-pdf-300x114.jpg 300w, https:\/\/jornalfatosenoticias.com.br\/wp-content\/uploads\/2023\/12\/pegoretti-logo-pdf-768x291.jpg 768w, https:\/\/jornalfatosenoticias.com.br\/wp-content\/uploads\/2023\/12\/pegoretti-logo-pdf.jpg 1120w\" sizes=\"auto, (max-width: 446px) 100vw, 446px\" \/><\/a><\/figure><\/div>\n\n\n\n<p>Uma maior perda de valor da moeda brasileira frente \u00e0 americana poderia trazer mais infla\u00e7\u00e3o para o Brasil, uma vez que muitos produtos, como as commodities e os importados, s\u00e3o cotados em d\u00f3lar. Desde o in\u00edcio do ano, a taxa de c\u00e2mbio aumentou 17,4%.<\/p>\n\n\n\n<p><strong><em>Fonte: <a href=\"https:\/\/www.gazetadopovo.com.br\/economia\/juros-por-que-taxa-tao-alta-brasil\/\">Gazeta do Povo<\/a><\/em><\/strong><\/p>\n","protected":false},"excerpt":{"rendered":"<p>Sede do Banco Central, em Bras\u00edlia: dificuldades para reduzir juros s\u00e3o cada vez maiores Por Vandr\u00e9 Kramer Terceiro colocado no ranking mundial de juros reais (j\u00e1 descontada a infla\u00e7\u00e3o), o Brasil corre o risco de subir mais uma posi\u00e7\u00e3o caso persistam as tend\u00eancias recentes de alta nas expectativas de infla\u00e7\u00e3o e desvaloriza\u00e7\u00e3o do real. No [&hellip;]<\/p>\n","protected":false},"author":2,"featured_media":53354,"comment_status":"open","ping_status":"open","sticky":false,"template":"","format":"standard","meta":{"footnotes":""},"categories":[9],"tags":[489,8163,9775,24332,18155,4182,388,24333,15014,9776],"class_list":["post-53353","post","type-post","status-publish","format-standard","has-post-thumbnail","hentry","category-economia","tag-banco-central","tag-contas-publicas","tag-dolar","tag-fed","tag-fernando-haddad","tag-inflacao","tag-mercado-de-trabalho","tag-politica-monetaria","tag-roberto-campos-neto","tag-taxa-selic"],"yoast_head":"<!-- This site is optimized with the Yoast SEO plugin v26.5 - https:\/\/yoast.com\/wordpress\/plugins\/seo\/ -->\n<title>Brasil tem o 3.\u00ba maior juro do mundo; infla\u00e7\u00e3o, governo e emprego pressionam taxa - Jornal Fatos e Not\u00edcias<\/title>\n<meta name=\"robots\" content=\"index, follow, max-snippet:-1, max-image-preview:large, max-video-preview:-1\" \/>\n<link rel=\"canonical\" href=\"https:\/\/jornalfatosenoticias.com.br\/index.php\/2024\/08\/07\/brasil-tem-o-3-o-maior-juro-do-mundo-inflacao-governo-e-emprego-pressionam-taxa\/\" \/>\n<meta property=\"og:locale\" content=\"pt_BR\" \/>\n<meta property=\"og:type\" content=\"article\" \/>\n<meta property=\"og:title\" content=\"Brasil tem o 3.\u00ba maior juro do mundo; infla\u00e7\u00e3o, governo e emprego pressionam taxa - Jornal Fatos e Not\u00edcias\" \/>\n<meta property=\"og:description\" content=\"Sede do Banco Central, em Bras\u00edlia: dificuldades para reduzir juros s\u00e3o cada vez maiores Por Vandr\u00e9 Kramer Terceiro colocado no ranking mundial de juros reais (j\u00e1 descontada a infla\u00e7\u00e3o), o Brasil corre o risco de subir mais uma posi\u00e7\u00e3o caso persistam as tend\u00eancias recentes de alta nas expectativas de infla\u00e7\u00e3o e desvaloriza\u00e7\u00e3o do real. No [&hellip;]\" \/>\n<meta property=\"og:url\" content=\"https:\/\/jornalfatosenoticias.com.br\/index.php\/2024\/08\/07\/brasil-tem-o-3-o-maior-juro-do-mundo-inflacao-governo-e-emprego-pressionam-taxa\/\" \/>\n<meta property=\"og:site_name\" content=\"Jornal Fatos e Not\u00edcias\" \/>\n<meta property=\"article:published_time\" content=\"2024-08-07T18:11:23+00:00\" \/>\n<meta property=\"article:modified_time\" content=\"2024-08-07T18:11:25+00:00\" \/>\n<meta property=\"og:image\" content=\"https:\/\/jornalfatosenoticias.com.br\/wp-content\/uploads\/2024\/08\/Juros-banco-central-inflacao-Copom.jpg\" \/>\n\t<meta property=\"og:image:width\" content=\"960\" \/>\n\t<meta property=\"og:image:height\" content=\"540\" \/>\n\t<meta property=\"og:image:type\" content=\"image\/jpeg\" \/>\n<meta name=\"author\" content=\"Luzimara Fernandes\" \/>\n<meta name=\"twitter:card\" content=\"summary_large_image\" \/>\n<meta name=\"twitter:label1\" content=\"Escrito por\" \/>\n\t<meta name=\"twitter:data1\" content=\"Luzimara Fernandes\" \/>\n\t<meta name=\"twitter:label2\" content=\"Est. tempo de leitura\" \/>\n\t<meta name=\"twitter:data2\" content=\"9 minutos\" \/>\n<script type=\"application\/ld+json\" class=\"yoast-schema-graph\">{\"@context\":\"https:\/\/schema.org\",\"@graph\":[{\"@type\":\"Article\",\"@id\":\"https:\/\/jornalfatosenoticias.com.br\/index.php\/2024\/08\/07\/brasil-tem-o-3-o-maior-juro-do-mundo-inflacao-governo-e-emprego-pressionam-taxa\/#article\",\"isPartOf\":{\"@id\":\"https:\/\/jornalfatosenoticias.com.br\/index.php\/2024\/08\/07\/brasil-tem-o-3-o-maior-juro-do-mundo-inflacao-governo-e-emprego-pressionam-taxa\/\"},\"author\":{\"name\":\"Luzimara Fernandes\",\"@id\":\"https:\/\/jornalfatosenoticias.com.br\/#\/schema\/person\/d63837fa13ac8666eb9e74e0985d6f81\"},\"headline\":\"Brasil tem o 3.\u00ba maior juro do mundo; infla\u00e7\u00e3o, governo e emprego pressionam taxa\",\"datePublished\":\"2024-08-07T18:11:23+00:00\",\"dateModified\":\"2024-08-07T18:11:25+00:00\",\"mainEntityOfPage\":{\"@id\":\"https:\/\/jornalfatosenoticias.com.br\/index.php\/2024\/08\/07\/brasil-tem-o-3-o-maior-juro-do-mundo-inflacao-governo-e-emprego-pressionam-taxa\/\"},\"wordCount\":1774,\"commentCount\":0,\"publisher\":{\"@id\":\"https:\/\/jornalfatosenoticias.com.br\/#organization\"},\"image\":{\"@id\":\"https:\/\/jornalfatosenoticias.com.br\/index.php\/2024\/08\/07\/brasil-tem-o-3-o-maior-juro-do-mundo-inflacao-governo-e-emprego-pressionam-taxa\/#primaryimage\"},\"thumbnailUrl\":\"https:\/\/jornalfatosenoticias.com.br\/wp-content\/uploads\/2024\/08\/Juros-banco-central-inflacao-Copom.jpg\",\"keywords\":[\"Banco Central\",\"contas p\u00fablicas\",\"d\u00f3lar\",\"FED\",\"Fernando Haddad\",\"infla\u00e7\u00e3o\",\"mercado de trabalho\",\"pol\u00edtica monet\u00e1ria\",\"Roberto Campos Neto\",\"Taxa Selic\"],\"articleSection\":[\"Economia\"],\"inLanguage\":\"pt-BR\",\"potentialAction\":[{\"@type\":\"CommentAction\",\"name\":\"Comment\",\"target\":[\"https:\/\/jornalfatosenoticias.com.br\/index.php\/2024\/08\/07\/brasil-tem-o-3-o-maior-juro-do-mundo-inflacao-governo-e-emprego-pressionam-taxa\/#respond\"]}]},{\"@type\":\"WebPage\",\"@id\":\"https:\/\/jornalfatosenoticias.com.br\/index.php\/2024\/08\/07\/brasil-tem-o-3-o-maior-juro-do-mundo-inflacao-governo-e-emprego-pressionam-taxa\/\",\"url\":\"https:\/\/jornalfatosenoticias.com.br\/index.php\/2024\/08\/07\/brasil-tem-o-3-o-maior-juro-do-mundo-inflacao-governo-e-emprego-pressionam-taxa\/\",\"name\":\"Brasil tem o 3.\u00ba maior juro do mundo; infla\u00e7\u00e3o, governo e emprego pressionam taxa - Jornal Fatos e Not\u00edcias\",\"isPartOf\":{\"@id\":\"https:\/\/jornalfatosenoticias.com.br\/#website\"},\"primaryImageOfPage\":{\"@id\":\"https:\/\/jornalfatosenoticias.com.br\/index.php\/2024\/08\/07\/brasil-tem-o-3-o-maior-juro-do-mundo-inflacao-governo-e-emprego-pressionam-taxa\/#primaryimage\"},\"image\":{\"@id\":\"https:\/\/jornalfatosenoticias.com.br\/index.php\/2024\/08\/07\/brasil-tem-o-3-o-maior-juro-do-mundo-inflacao-governo-e-emprego-pressionam-taxa\/#primaryimage\"},\"thumbnailUrl\":\"https:\/\/jornalfatosenoticias.com.br\/wp-content\/uploads\/2024\/08\/Juros-banco-central-inflacao-Copom.jpg\",\"datePublished\":\"2024-08-07T18:11:23+00:00\",\"dateModified\":\"2024-08-07T18:11:25+00:00\",\"breadcrumb\":{\"@id\":\"https:\/\/jornalfatosenoticias.com.br\/index.php\/2024\/08\/07\/brasil-tem-o-3-o-maior-juro-do-mundo-inflacao-governo-e-emprego-pressionam-taxa\/#breadcrumb\"},\"inLanguage\":\"pt-BR\",\"potentialAction\":[{\"@type\":\"ReadAction\",\"target\":[\"https:\/\/jornalfatosenoticias.com.br\/index.php\/2024\/08\/07\/brasil-tem-o-3-o-maior-juro-do-mundo-inflacao-governo-e-emprego-pressionam-taxa\/\"]}]},{\"@type\":\"ImageObject\",\"inLanguage\":\"pt-BR\",\"@id\":\"https:\/\/jornalfatosenoticias.com.br\/index.php\/2024\/08\/07\/brasil-tem-o-3-o-maior-juro-do-mundo-inflacao-governo-e-emprego-pressionam-taxa\/#primaryimage\",\"url\":\"https:\/\/jornalfatosenoticias.com.br\/wp-content\/uploads\/2024\/08\/Juros-banco-central-inflacao-Copom.jpg\",\"contentUrl\":\"https:\/\/jornalfatosenoticias.com.br\/wp-content\/uploads\/2024\/08\/Juros-banco-central-inflacao-Copom.jpg\",\"width\":960,\"height\":540},{\"@type\":\"BreadcrumbList\",\"@id\":\"https:\/\/jornalfatosenoticias.com.br\/index.php\/2024\/08\/07\/brasil-tem-o-3-o-maior-juro-do-mundo-inflacao-governo-e-emprego-pressionam-taxa\/#breadcrumb\",\"itemListElement\":[{\"@type\":\"ListItem\",\"position\":1,\"name\":\"In\u00edcio\",\"item\":\"https:\/\/jornalfatosenoticias.com.br\/\"},{\"@type\":\"ListItem\",\"position\":2,\"name\":\"Brasil tem o 3.\u00ba maior juro do mundo; infla\u00e7\u00e3o, governo e emprego pressionam taxa\"}]},{\"@type\":\"WebSite\",\"@id\":\"https:\/\/jornalfatosenoticias.com.br\/#website\",\"url\":\"https:\/\/jornalfatosenoticias.com.br\/\",\"name\":\"Jornal Fatos e Not\u00edcias\",\"description\":\"Not\u00edcias em geral\",\"publisher\":{\"@id\":\"https:\/\/jornalfatosenoticias.com.br\/#organization\"},\"potentialAction\":[{\"@type\":\"SearchAction\",\"target\":{\"@type\":\"EntryPoint\",\"urlTemplate\":\"https:\/\/jornalfatosenoticias.com.br\/?s={search_term_string}\"},\"query-input\":{\"@type\":\"PropertyValueSpecification\",\"valueRequired\":true,\"valueName\":\"search_term_string\"}}],\"inLanguage\":\"pt-BR\"},{\"@type\":\"Organization\",\"@id\":\"https:\/\/jornalfatosenoticias.com.br\/#organization\",\"name\":\"Jornal Fatos e Not\u00edcias\",\"url\":\"https:\/\/jornalfatosenoticias.com.br\/\",\"logo\":{\"@type\":\"ImageObject\",\"inLanguage\":\"pt-BR\",\"@id\":\"https:\/\/jornalfatosenoticias.com.br\/#\/schema\/logo\/image\/\",\"url\":\"https:\/\/jornalfatosenoticias.com.br\/wp-content\/uploads\/2020\/02\/logo120.png\",\"contentUrl\":\"https:\/\/jornalfatosenoticias.com.br\/wp-content\/uploads\/2020\/02\/logo120.png\",\"width\":1227,\"height\":120,\"caption\":\"Jornal Fatos e Not\u00edcias\"},\"image\":{\"@id\":\"https:\/\/jornalfatosenoticias.com.br\/#\/schema\/logo\/image\/\"}},{\"@type\":\"Person\",\"@id\":\"https:\/\/jornalfatosenoticias.com.br\/#\/schema\/person\/d63837fa13ac8666eb9e74e0985d6f81\",\"name\":\"Luzimara Fernandes\",\"image\":{\"@type\":\"ImageObject\",\"inLanguage\":\"pt-BR\",\"@id\":\"https:\/\/jornalfatosenoticias.com.br\/#\/schema\/person\/image\/\",\"url\":\"https:\/\/jornalfatosenoticias.com.br\/wp-content\/uploads\/2025\/05\/EU_portal.jpg\",\"contentUrl\":\"https:\/\/jornalfatosenoticias.com.br\/wp-content\/uploads\/2025\/05\/EU_portal.jpg\",\"caption\":\"Luzimara Fernandes\"},\"description\":\"Jornalista MTB 2358-ES\",\"sameAs\":[\"https:\/\/jornalfatosenoticias.com.br\"],\"url\":\"https:\/\/jornalfatosenoticias.com.br\/index.php\/author\/luzimara\/\"}]}<\/script>\n<!-- \/ Yoast SEO plugin. -->","yoast_head_json":{"title":"Brasil tem o 3.\u00ba maior juro do mundo; infla\u00e7\u00e3o, governo e emprego pressionam taxa - Jornal Fatos e Not\u00edcias","robots":{"index":"index","follow":"follow","max-snippet":"max-snippet:-1","max-image-preview":"max-image-preview:large","max-video-preview":"max-video-preview:-1"},"canonical":"https:\/\/jornalfatosenoticias.com.br\/index.php\/2024\/08\/07\/brasil-tem-o-3-o-maior-juro-do-mundo-inflacao-governo-e-emprego-pressionam-taxa\/","og_locale":"pt_BR","og_type":"article","og_title":"Brasil tem o 3.\u00ba maior juro do mundo; infla\u00e7\u00e3o, governo e emprego pressionam taxa - Jornal Fatos e Not\u00edcias","og_description":"Sede do Banco Central, em Bras\u00edlia: dificuldades para reduzir juros s\u00e3o cada vez maiores Por Vandr\u00e9 Kramer Terceiro colocado no ranking mundial de juros reais (j\u00e1 descontada a infla\u00e7\u00e3o), o Brasil corre o risco de subir mais uma posi\u00e7\u00e3o caso persistam as tend\u00eancias recentes de alta nas expectativas de infla\u00e7\u00e3o e desvaloriza\u00e7\u00e3o do real. No [&hellip;]","og_url":"https:\/\/jornalfatosenoticias.com.br\/index.php\/2024\/08\/07\/brasil-tem-o-3-o-maior-juro-do-mundo-inflacao-governo-e-emprego-pressionam-taxa\/","og_site_name":"Jornal Fatos e Not\u00edcias","article_published_time":"2024-08-07T18:11:23+00:00","article_modified_time":"2024-08-07T18:11:25+00:00","og_image":[{"width":960,"height":540,"url":"https:\/\/jornalfatosenoticias.com.br\/wp-content\/uploads\/2024\/08\/Juros-banco-central-inflacao-Copom.jpg","type":"image\/jpeg"}],"author":"Luzimara Fernandes","twitter_card":"summary_large_image","twitter_misc":{"Escrito por":"Luzimara Fernandes","Est. tempo de leitura":"9 minutos"},"schema":{"@context":"https:\/\/schema.org","@graph":[{"@type":"Article","@id":"https:\/\/jornalfatosenoticias.com.br\/index.php\/2024\/08\/07\/brasil-tem-o-3-o-maior-juro-do-mundo-inflacao-governo-e-emprego-pressionam-taxa\/#article","isPartOf":{"@id":"https:\/\/jornalfatosenoticias.com.br\/index.php\/2024\/08\/07\/brasil-tem-o-3-o-maior-juro-do-mundo-inflacao-governo-e-emprego-pressionam-taxa\/"},"author":{"name":"Luzimara Fernandes","@id":"https:\/\/jornalfatosenoticias.com.br\/#\/schema\/person\/d63837fa13ac8666eb9e74e0985d6f81"},"headline":"Brasil tem o 3.\u00ba maior juro do mundo; infla\u00e7\u00e3o, governo e emprego pressionam taxa","datePublished":"2024-08-07T18:11:23+00:00","dateModified":"2024-08-07T18:11:25+00:00","mainEntityOfPage":{"@id":"https:\/\/jornalfatosenoticias.com.br\/index.php\/2024\/08\/07\/brasil-tem-o-3-o-maior-juro-do-mundo-inflacao-governo-e-emprego-pressionam-taxa\/"},"wordCount":1774,"commentCount":0,"publisher":{"@id":"https:\/\/jornalfatosenoticias.com.br\/#organization"},"image":{"@id":"https:\/\/jornalfatosenoticias.com.br\/index.php\/2024\/08\/07\/brasil-tem-o-3-o-maior-juro-do-mundo-inflacao-governo-e-emprego-pressionam-taxa\/#primaryimage"},"thumbnailUrl":"https:\/\/jornalfatosenoticias.com.br\/wp-content\/uploads\/2024\/08\/Juros-banco-central-inflacao-Copom.jpg","keywords":["Banco Central","contas p\u00fablicas","d\u00f3lar","FED","Fernando Haddad","infla\u00e7\u00e3o","mercado de trabalho","pol\u00edtica monet\u00e1ria","Roberto Campos Neto","Taxa Selic"],"articleSection":["Economia"],"inLanguage":"pt-BR","potentialAction":[{"@type":"CommentAction","name":"Comment","target":["https:\/\/jornalfatosenoticias.com.br\/index.php\/2024\/08\/07\/brasil-tem-o-3-o-maior-juro-do-mundo-inflacao-governo-e-emprego-pressionam-taxa\/#respond"]}]},{"@type":"WebPage","@id":"https:\/\/jornalfatosenoticias.com.br\/index.php\/2024\/08\/07\/brasil-tem-o-3-o-maior-juro-do-mundo-inflacao-governo-e-emprego-pressionam-taxa\/","url":"https:\/\/jornalfatosenoticias.com.br\/index.php\/2024\/08\/07\/brasil-tem-o-3-o-maior-juro-do-mundo-inflacao-governo-e-emprego-pressionam-taxa\/","name":"Brasil tem o 3.\u00ba maior juro do mundo; infla\u00e7\u00e3o, governo e emprego pressionam taxa - Jornal Fatos e Not\u00edcias","isPartOf":{"@id":"https:\/\/jornalfatosenoticias.com.br\/#website"},"primaryImageOfPage":{"@id":"https:\/\/jornalfatosenoticias.com.br\/index.php\/2024\/08\/07\/brasil-tem-o-3-o-maior-juro-do-mundo-inflacao-governo-e-emprego-pressionam-taxa\/#primaryimage"},"image":{"@id":"https:\/\/jornalfatosenoticias.com.br\/index.php\/2024\/08\/07\/brasil-tem-o-3-o-maior-juro-do-mundo-inflacao-governo-e-emprego-pressionam-taxa\/#primaryimage"},"thumbnailUrl":"https:\/\/jornalfatosenoticias.com.br\/wp-content\/uploads\/2024\/08\/Juros-banco-central-inflacao-Copom.jpg","datePublished":"2024-08-07T18:11:23+00:00","dateModified":"2024-08-07T18:11:25+00:00","breadcrumb":{"@id":"https:\/\/jornalfatosenoticias.com.br\/index.php\/2024\/08\/07\/brasil-tem-o-3-o-maior-juro-do-mundo-inflacao-governo-e-emprego-pressionam-taxa\/#breadcrumb"},"inLanguage":"pt-BR","potentialAction":[{"@type":"ReadAction","target":["https:\/\/jornalfatosenoticias.com.br\/index.php\/2024\/08\/07\/brasil-tem-o-3-o-maior-juro-do-mundo-inflacao-governo-e-emprego-pressionam-taxa\/"]}]},{"@type":"ImageObject","inLanguage":"pt-BR","@id":"https:\/\/jornalfatosenoticias.com.br\/index.php\/2024\/08\/07\/brasil-tem-o-3-o-maior-juro-do-mundo-inflacao-governo-e-emprego-pressionam-taxa\/#primaryimage","url":"https:\/\/jornalfatosenoticias.com.br\/wp-content\/uploads\/2024\/08\/Juros-banco-central-inflacao-Copom.jpg","contentUrl":"https:\/\/jornalfatosenoticias.com.br\/wp-content\/uploads\/2024\/08\/Juros-banco-central-inflacao-Copom.jpg","width":960,"height":540},{"@type":"BreadcrumbList","@id":"https:\/\/jornalfatosenoticias.com.br\/index.php\/2024\/08\/07\/brasil-tem-o-3-o-maior-juro-do-mundo-inflacao-governo-e-emprego-pressionam-taxa\/#breadcrumb","itemListElement":[{"@type":"ListItem","position":1,"name":"In\u00edcio","item":"https:\/\/jornalfatosenoticias.com.br\/"},{"@type":"ListItem","position":2,"name":"Brasil tem o 3.\u00ba maior juro do mundo; infla\u00e7\u00e3o, governo e emprego pressionam taxa"}]},{"@type":"WebSite","@id":"https:\/\/jornalfatosenoticias.com.br\/#website","url":"https:\/\/jornalfatosenoticias.com.br\/","name":"Jornal Fatos e Not\u00edcias","description":"Not\u00edcias em geral","publisher":{"@id":"https:\/\/jornalfatosenoticias.com.br\/#organization"},"potentialAction":[{"@type":"SearchAction","target":{"@type":"EntryPoint","urlTemplate":"https:\/\/jornalfatosenoticias.com.br\/?s={search_term_string}"},"query-input":{"@type":"PropertyValueSpecification","valueRequired":true,"valueName":"search_term_string"}}],"inLanguage":"pt-BR"},{"@type":"Organization","@id":"https:\/\/jornalfatosenoticias.com.br\/#organization","name":"Jornal Fatos e Not\u00edcias","url":"https:\/\/jornalfatosenoticias.com.br\/","logo":{"@type":"ImageObject","inLanguage":"pt-BR","@id":"https:\/\/jornalfatosenoticias.com.br\/#\/schema\/logo\/image\/","url":"https:\/\/jornalfatosenoticias.com.br\/wp-content\/uploads\/2020\/02\/logo120.png","contentUrl":"https:\/\/jornalfatosenoticias.com.br\/wp-content\/uploads\/2020\/02\/logo120.png","width":1227,"height":120,"caption":"Jornal Fatos e Not\u00edcias"},"image":{"@id":"https:\/\/jornalfatosenoticias.com.br\/#\/schema\/logo\/image\/"}},{"@type":"Person","@id":"https:\/\/jornalfatosenoticias.com.br\/#\/schema\/person\/d63837fa13ac8666eb9e74e0985d6f81","name":"Luzimara Fernandes","image":{"@type":"ImageObject","inLanguage":"pt-BR","@id":"https:\/\/jornalfatosenoticias.com.br\/#\/schema\/person\/image\/","url":"https:\/\/jornalfatosenoticias.com.br\/wp-content\/uploads\/2025\/05\/EU_portal.jpg","contentUrl":"https:\/\/jornalfatosenoticias.com.br\/wp-content\/uploads\/2025\/05\/EU_portal.jpg","caption":"Luzimara Fernandes"},"description":"Jornalista MTB 2358-ES","sameAs":["https:\/\/jornalfatosenoticias.com.br"],"url":"https:\/\/jornalfatosenoticias.com.br\/index.php\/author\/luzimara\/"}]}},"cc_featured_image_caption":{"caption_text":"(Foto: Raphael Ribeiro\/BCB) ","source_text":"","source_url":""},"jetpack_featured_media_url":"https:\/\/jornalfatosenoticias.com.br\/wp-content\/uploads\/2024\/08\/Juros-banco-central-inflacao-Copom.jpg","_links":{"self":[{"href":"https:\/\/jornalfatosenoticias.com.br\/index.php\/wp-json\/wp\/v2\/posts\/53353","targetHints":{"allow":["GET"]}}],"collection":[{"href":"https:\/\/jornalfatosenoticias.com.br\/index.php\/wp-json\/wp\/v2\/posts"}],"about":[{"href":"https:\/\/jornalfatosenoticias.com.br\/index.php\/wp-json\/wp\/v2\/types\/post"}],"author":[{"embeddable":true,"href":"https:\/\/jornalfatosenoticias.com.br\/index.php\/wp-json\/wp\/v2\/users\/2"}],"replies":[{"embeddable":true,"href":"https:\/\/jornalfatosenoticias.com.br\/index.php\/wp-json\/wp\/v2\/comments?post=53353"}],"version-history":[{"count":0,"href":"https:\/\/jornalfatosenoticias.com.br\/index.php\/wp-json\/wp\/v2\/posts\/53353\/revisions"}],"wp:featuredmedia":[{"embeddable":true,"href":"https:\/\/jornalfatosenoticias.com.br\/index.php\/wp-json\/wp\/v2\/media\/53354"}],"wp:attachment":[{"href":"https:\/\/jornalfatosenoticias.com.br\/index.php\/wp-json\/wp\/v2\/media?parent=53353"}],"wp:term":[{"taxonomy":"category","embeddable":true,"href":"https:\/\/jornalfatosenoticias.com.br\/index.php\/wp-json\/wp\/v2\/categories?post=53353"},{"taxonomy":"post_tag","embeddable":true,"href":"https:\/\/jornalfatosenoticias.com.br\/index.php\/wp-json\/wp\/v2\/tags?post=53353"}],"curies":[{"name":"wp","href":"https:\/\/api.w.org\/{rel}","templated":true}]}}