{"id":53362,"date":"2024-08-07T16:04:43","date_gmt":"2024-08-07T19:04:43","guid":{"rendered":"https:\/\/jornalfatosenoticias.com.br\/?p=53362"},"modified":"2024-08-07T16:04:46","modified_gmt":"2024-08-07T19:04:46","slug":"facadas-protestos-prisoes-o-que-esta-acontecendo-na-inglaterra","status":"publish","type":"post","link":"https:\/\/jornalfatosenoticias.com.br\/index.php\/2024\/08\/07\/facadas-protestos-prisoes-o-que-esta-acontecendo-na-inglaterra\/","title":{"rendered":"Facadas, protestos, pris\u00f5es: o que est\u00e1 acontecendo na Inglaterra?"},"content":{"rendered":"\n<p><em><span class=\"has-inline-color has-black-color\">Protesto contra imigra\u00e7\u00e3o na cidade de Rotherham, na Inglaterra, em 4 de agosto<\/span><\/em><\/p>\n\n\n\n<p><span class=\"has-inline-color has-black-color\">Por <strong><a href=\"https:\/\/www.gazetadopovo.com.br\/autor\/eli-vieira\/\">Eli Vieira<\/a><\/strong><\/span><\/p>\n\n\n\n<div class=\"wp-block-image\"><figure class=\"aligncenter size-large\"><a href=\"https:\/\/mizu.com.br\/\"><img loading=\"lazy\" decoding=\"async\" width=\"729\" height=\"90\" src=\"https:\/\/jornalfatosenoticias.com.br\/wp-content\/uploads\/2020\/02\/Logo_Mizu.png\" alt=\"\" class=\"wp-image-1441\" srcset=\"https:\/\/jornalfatosenoticias.com.br\/wp-content\/uploads\/2020\/02\/Logo_Mizu.png 729w, https:\/\/jornalfatosenoticias.com.br\/wp-content\/uploads\/2020\/02\/Logo_Mizu-300x37.png 300w\" sizes=\"auto, (max-width: 729px) 100vw, 729px\" \/><\/a><\/figure><\/div>\n\n\n\n<p>Protestos de ativistas anti-imigra\u00e7\u00e3o se espalharam pela Inglaterra na \u00faltima semana, em cidades como Londres, Manchester, Sunderland, Liverpool, Nottingham e Hull. Um dos gritos de guerra dos manifestantes foi \u201cparem os barcos\u201d, uma alus\u00e3o a um dos modos de chegada de imigrantes ilegais ao pa\u00eds. O estopim foi um ataque realizado na \u00faltima segunda-feira (29), em Southport, na costa noroeste da Inglaterra, contra crian\u00e7as de sete a 11 anos que faziam uma aula de dan\u00e7a com m\u00fasicas de Taylor Swift.<br>Axel Rudakubana, de 17 anos, esfaqueou e matou as meninas Bebe King, de seis anos, Elise Stancombe, sete anos, e Alice Dasilva Aguiar, nove anos e filha de imigrantes do arquip\u00e9lago de Madeira, de Portugal. Ele feriu outras dez pessoas, oito das quais tamb\u00e9m eram crian\u00e7as (cinco ficaram em estado grave).<\/p>\n\n\n\n<div class=\"wp-block-image\"><figure class=\"aligncenter size-large is-resized\"><a href=\"https:\/\/www.controlsystems.com.br\/\"><img loading=\"lazy\" decoding=\"async\" src=\"https:\/\/jornalfatosenoticias.com.br\/wp-content\/uploads\/2020\/02\/CONTROL-CS.jpg\" alt=\"\" class=\"wp-image-44991\" width=\"305\" height=\"366\" srcset=\"https:\/\/jornalfatosenoticias.com.br\/wp-content\/uploads\/2020\/02\/CONTROL-CS.jpg 834w, https:\/\/jornalfatosenoticias.com.br\/wp-content\/uploads\/2020\/02\/CONTROL-CS-250x300.jpg 250w, https:\/\/jornalfatosenoticias.com.br\/wp-content\/uploads\/2020\/02\/CONTROL-CS-768x921.jpg 768w\" sizes=\"auto, (max-width: 305px) 100vw, 305px\" \/><\/a><\/figure><\/div>\n\n\n\n<p>O primeiro-ministro do Reino Unido, Keir Starmer, expressou choque e agradeceu aos servi\u00e7os de emerg\u00eancia por sua celeridade. Ele visitou o local para deixar flores. O rei Charles III e a rainha consorte Camilla expressaram condol\u00eancias \u00e0s fam\u00edlias. A cantora Taylor Swift tamb\u00e9m expressou p\u00easames e seus f\u00e3s arrecadaram centenas de milhares de libras esterlinas para as v\u00edtimas.<\/p>\n\n\n\n<div class=\"wp-block-image\"><figure class=\"aligncenter size-large\"><a href=\"https:\/\/cesconetto.com.br\/\"><img loading=\"lazy\" decoding=\"async\" width=\"300\" height=\"250\" src=\"https:\/\/jornalfatosenoticias.com.br\/wp-content\/uploads\/2020\/02\/Banner-2.png\" alt=\"\" class=\"wp-image-43787\"\/><\/a><\/figure><\/div>\n\n\n\n<p>O nome do assassino foi divulgado pelo juiz distrital James Hatton, que condenou o rapaz por assassinato no dia 1.\u00ba de agosto, que decidiu tornar p\u00fablico o nome de Rudakubana, ainda que fosse menor de idade ao cometer o crime, por se tratar de uma \u201csitua\u00e7\u00e3o excepcional\u201d em que \u201co interesse p\u00fablico \u00e9 favorecido pela transpar\u00eancia completa sobre os tr\u00e2mites\u201d do caso.<\/p>\n\n\n\n<div class=\"wp-block-image\"><figure class=\"aligncenter size-large is-resized\"><a href=\"https:\/\/www.instagram.com\/vmais.midias\/\"><img loading=\"lazy\" decoding=\"async\" src=\"https:\/\/jornalfatosenoticias.com.br\/wp-content\/uploads\/2020\/02\/DE-MAIS-DESTAQUE-VMAIS-800X700.png\" alt=\"\" class=\"wp-image-53112\" width=\"305\" height=\"266\" srcset=\"https:\/\/jornalfatosenoticias.com.br\/wp-content\/uploads\/2020\/02\/DE-MAIS-DESTAQUE-VMAIS-800X700.png 800w, https:\/\/jornalfatosenoticias.com.br\/wp-content\/uploads\/2020\/02\/DE-MAIS-DESTAQUE-VMAIS-800X700-300x263.png 300w, https:\/\/jornalfatosenoticias.com.br\/wp-content\/uploads\/2020\/02\/DE-MAIS-DESTAQUE-VMAIS-800X700-768x672.png 768w\" sizes=\"auto, (max-width: 305px) 100vw, 305px\" \/><\/a><\/figure><\/div>\n\n\n\n<p>\u00c9 uma refer\u00eancia \u00e0 situa\u00e7\u00e3o criada quando ativistas anti-imigra\u00e7\u00e3o espalharam informa\u00e7\u00e3o falsa sobre o crime: um nome falso e alega\u00e7\u00f5es sobre a nacionalidade, a religi\u00e3o e o status migrat\u00f3rio do autor do ataque circularam. No dia seguinte ao crime, um grupo se juntou ao redor da mesquita mais pr\u00f3xima e atiraram contra ela tijolos, garrafas e pedras. Os v\u00e2ndalos tamb\u00e9m atearam fogo em um carro da pol\u00edcia e deixaram 39 policiais feridos, 27 hospitalizados e oito com ferimentos mais s\u00e9rios.<\/p>\n\n\n\n<div class=\"wp-block-image\"><figure class=\"aligncenter size-large\"><a href=\"http:\/\/www.ferrarimaquinas.com.br\/\"><img loading=\"lazy\" decoding=\"async\" width=\"300\" height=\"250\" src=\"https:\/\/jornalfatosenoticias.com.br\/wp-content\/uploads\/2022\/02\/FERRARI_MAQUINAS-E-FERRAMENTAS2.jpg\" alt=\"\" class=\"wp-image-27860\"\/><\/a><\/figure><\/div>\n\n\n\n<p>A pol\u00edcia disse que muitos dos respons\u00e1veis pelo tumulto faziam parte da Liga de Defesa Inglesa (EDL, na sigla em ingl\u00eas), um grupo pol\u00edtico anti-isl\u00e3 fundado em 2009 que falhou em se tornar um partido pol\u00edtico, est\u00e1 na maior parte desativado, mas ainda tem apoiadores.<\/p>\n\n\n\n<div class=\"wp-block-image\"><figure class=\"aligncenter size-large is-resized\"><a href=\"https:\/\/www.instagram.com\/restaurantepegoretti\/\"><img loading=\"lazy\" decoding=\"async\" src=\"https:\/\/jornalfatosenoticias.com.br\/wp-content\/uploads\/2023\/12\/pegoretti-logo-pdf-1024x389.jpg\" alt=\"\" class=\"wp-image-47536\" width=\"403\" height=\"153\" srcset=\"https:\/\/jornalfatosenoticias.com.br\/wp-content\/uploads\/2023\/12\/pegoretti-logo-pdf-1024x389.jpg 1024w, https:\/\/jornalfatosenoticias.com.br\/wp-content\/uploads\/2023\/12\/pegoretti-logo-pdf-300x114.jpg 300w, https:\/\/jornalfatosenoticias.com.br\/wp-content\/uploads\/2023\/12\/pegoretti-logo-pdf-768x291.jpg 768w, https:\/\/jornalfatosenoticias.com.br\/wp-content\/uploads\/2023\/12\/pegoretti-logo-pdf.jpg 1120w\" sizes=\"auto, (max-width: 403px) 100vw, 403px\" \/><\/a><\/figure><\/div>\n\n\n\n<p>Starmer conclamou a pol\u00edcia a \u201cagir contra os extremistas nas nossas ruas que est\u00e3o atacando policiais, perturbando o com\u00e9rcio local e tentando semear o \u00f3dio pela intimida\u00e7\u00e3o das comunidades\u201d. Yvette Cooper, a ministra do Interior, prometeu mais fundos para defender mesquitas.<\/p>\n\n\n\n<div class=\"wp-block-image\"><figure class=\"aligncenter size-large is-resized\"><a href=\"https:\/\/panper.com.br\/\"><img loading=\"lazy\" decoding=\"async\" src=\"https:\/\/jornalfatosenoticias.com.br\/wp-content\/uploads\/2023\/03\/logo-Panper_portal.jpg\" alt=\"\" class=\"wp-image-40208\" width=\"365\" height=\"253\" srcset=\"https:\/\/jornalfatosenoticias.com.br\/wp-content\/uploads\/2023\/03\/logo-Panper_portal.jpg 400w, https:\/\/jornalfatosenoticias.com.br\/wp-content\/uploads\/2023\/03\/logo-Panper_portal-300x208.jpg 300w\" sizes=\"auto, (max-width: 365px) 100vw, 365px\" \/><\/a><\/figure><\/div>\n\n\n\n<p>Ao todo, mais de 100 pessoas foram presas. Os protestos se espalharam at\u00e9 para a Irlanda do Norte (parte do Reino Unido). Na capital Belfast, carros e pr\u00e9dios foram incendiados na noite de s\u00e1bado (3) depois que um grupo de manifestantes cercou um centro comunit\u00e1rio mu\u00e7ulmano.<\/p>\n\n\n\n<div class=\"wp-block-image\"><figure class=\"aligncenter size-large is-resized\"><a href=\"https:\/\/www.ithbrasil.com.br\/\"><img loading=\"lazy\" decoding=\"async\" src=\"https:\/\/jornalfatosenoticias.com.br\/wp-content\/uploads\/2023\/08\/ITH.jpeg\" alt=\"\" class=\"wp-image-44638\" width=\"308\" height=\"250\" srcset=\"https:\/\/jornalfatosenoticias.com.br\/wp-content\/uploads\/2023\/08\/ITH.jpeg 800w, https:\/\/jornalfatosenoticias.com.br\/wp-content\/uploads\/2023\/08\/ITH-300x244.jpeg 300w, https:\/\/jornalfatosenoticias.com.br\/wp-content\/uploads\/2023\/08\/ITH-768x624.jpeg 768w\" sizes=\"auto, (max-width: 308px) 100vw, 308px\" \/><\/a><\/figure><\/div>\n\n\n\n<p><strong><span class=\"has-inline-color has-black-color\">Nascido no Reino Unido<br><\/span><\/strong>Rudakubana nasceu no Reino Unido, filho de pais imigrantes de Ruanda. Ele chegou ao centro comunit\u00e1rio onde acontecia a aula \u00e0s 11h45, hor\u00e1rio local, entrou pela porta da frente e iniciou o ataque. Os adultos locais tentaram proteger as crian\u00e7as, um sofreu ferimentos graves, outro escondeu um grupo de crian\u00e7as no banheiro. Um terceiro, funcion\u00e1rio de um escrit\u00f3rio no mesmo pr\u00e9dio, foi ao local ao ouvir os gritos, tentou desarmar o adolescente e foi atingido por uma facada na perna.<\/p>\n\n\n\n<div class=\"wp-block-image\"><figure class=\"aligncenter size-large is-resized\"><a href=\"https:\/\/hotelmarquetti.com.br\/\"><img loading=\"lazy\" decoding=\"async\" src=\"https:\/\/jornalfatosenoticias.com.br\/wp-content\/uploads\/2023\/03\/nova-logo-Marquetti.jpg\" alt=\"\" class=\"wp-image-40207\" width=\"364\" height=\"244\" srcset=\"https:\/\/jornalfatosenoticias.com.br\/wp-content\/uploads\/2023\/03\/nova-logo-Marquetti.jpg 643w, https:\/\/jornalfatosenoticias.com.br\/wp-content\/uploads\/2023\/03\/nova-logo-Marquetti-300x202.jpg 300w\" sizes=\"auto, (max-width: 364px) 100vw, 364px\" \/><\/a><\/figure><\/div>\n\n\n\n<p>A pol\u00edcia foi avisada por telefone dois minutos depois da chegada de Rudakubana, ambul\u00e2ncias foram chamadas \u00e0s 11h48. O primeiro policial a chegar esperou refor\u00e7os, pois s\u00f3 tinha um cacetete para se proteger. Quando chegou um outro policial, os dois usaram taser (eletrochoque) contra o suspeito e o prenderam.<\/p>\n\n\n\n<div class=\"wp-block-image\"><figure class=\"aligncenter size-large is-resized\"><a href=\"https:\/\/www.facebook.com\/postobkr\/?locale=pt_BR\"><img loading=\"lazy\" decoding=\"async\" src=\"https:\/\/jornalfatosenoticias.com.br\/wp-content\/uploads\/2023\/08\/BKR-1024x1021.jpg\" alt=\"\" class=\"wp-image-44494\" width=\"323\" height=\"322\" srcset=\"https:\/\/jornalfatosenoticias.com.br\/wp-content\/uploads\/2023\/08\/BKR-1024x1021.jpg 1024w, https:\/\/jornalfatosenoticias.com.br\/wp-content\/uploads\/2023\/08\/BKR-300x300.jpg 300w, https:\/\/jornalfatosenoticias.com.br\/wp-content\/uploads\/2023\/08\/BKR-150x150.jpg 150w, https:\/\/jornalfatosenoticias.com.br\/wp-content\/uploads\/2023\/08\/BKR-768x766.jpg 768w, https:\/\/jornalfatosenoticias.com.br\/wp-content\/uploads\/2023\/08\/BKR.jpg 1080w\" sizes=\"auto, (max-width: 323px) 100vw, 323px\" \/><\/a><\/figure><\/div>\n\n\n\n<p>O assassino, que completou 18 anos dias depois do crime, foi criado em um lar crist\u00e3o. Vizinhos disseram \u00e0 imprensa brit\u00e2nica que os Rudakubana s\u00e3o muito envolvidos na igreja. Axel tem um diagn\u00f3stico de transtorno do espectro autista, segundo as autoridades. Sua motiva\u00e7\u00e3o permanece n\u00e3o divulgada, embora a pol\u00edcia local tenha negado que haja rela\u00e7\u00e3o com atividades terroristas.<\/p>\n\n\n\n<div class=\"wp-block-image\"><figure class=\"aligncenter size-large is-resized\"><a href=\"https:\/\/www.instagram.com\/rapuzeljastro\/\"><img loading=\"lazy\" decoding=\"async\" src=\"https:\/\/jornalfatosenoticias.com.br\/wp-content\/uploads\/2020\/02\/logo-Rapuzel-1024x571.jpg\" alt=\"\" class=\"wp-image-42808\" width=\"373\" height=\"208\" srcset=\"https:\/\/jornalfatosenoticias.com.br\/wp-content\/uploads\/2020\/02\/logo-Rapuzel-1024x571.jpg 1024w, https:\/\/jornalfatosenoticias.com.br\/wp-content\/uploads\/2020\/02\/logo-Rapuzel-300x167.jpg 300w, https:\/\/jornalfatosenoticias.com.br\/wp-content\/uploads\/2020\/02\/logo-Rapuzel-768x428.jpg 768w, https:\/\/jornalfatosenoticias.com.br\/wp-content\/uploads\/2020\/02\/logo-Rapuzel-1536x856.jpg 1536w, https:\/\/jornalfatosenoticias.com.br\/wp-content\/uploads\/2020\/02\/logo-Rapuzel.jpg 1600w\" sizes=\"auto, (max-width: 373px) 100vw, 373px\" \/><\/a><\/figure><\/div>\n\n\n\n<p>Quando crian\u00e7a, Rudakubana teve aspira\u00e7\u00f5es de se tornar ator e apareceu, aos 11 anos, em um v\u00eddeo promocional da BBC para crian\u00e7as carentes, com tema da s\u00e9rie de fic\u00e7\u00e3o cient\u00edfica Doctor Who. O v\u00eddeo foi deletado e a empresa respons\u00e1vel por agenci\u00e1-lo na \u00e9poca apagou todo o conte\u00fado sobre sua carreira nas redes sociais. Comentaristas da pol\u00edtica divergem sobre quem \u00e9 respons\u00e1vel<\/p>\n\n\n\n<div class=\"wp-block-image\"><figure class=\"aligncenter size-large\"><a href=\"https:\/\/www.facebook.com\/Esteio-Churrascaria-Barbecue-103643461220402\/\"><img decoding=\"async\" src=\"https:\/\/jornalfatosenoticias.com.br\/wp-content\/uploads\/2020\/02\/logo_esteio.jpg\" alt=\"\" class=\"wp-image-1214\"\/><\/a><\/figure><\/div>\n\n\n\n<blockquote class=\"wp-block-quote is-layout-flow wp-block-quote-is-layout-flow\"><p><span class=\"has-inline-color has-luminous-vivid-orange-color\">O que est\u00e1 acontecendo no Reino Unido esta semana \u00e9 assustador. Tamb\u00e9m foi completamente previs\u00edvel\u201d, disse o escritor conservador e comentarista pol\u00edtico brit\u00e2nico Douglas Murray, no X. \u201cDe fato, alguns de n\u00f3s avisamos a respeito desse cen\u00e1rio por anos. Tudo foi evit\u00e1vel. Mas todos os avisos foram ignorados\u201d.<\/span><\/p><\/blockquote>\n\n\n\n<div class=\"wp-block-image\"><figure class=\"aligncenter size-large is-resized\"><img loading=\"lazy\" decoding=\"async\" src=\"https:\/\/jornalfatosenoticias.com.br\/wp-content\/uploads\/2023\/09\/vetorvix1024_1.jpg\" alt=\"\" class=\"wp-image-44868\" width=\"573\" height=\"152\" srcset=\"https:\/\/jornalfatosenoticias.com.br\/wp-content\/uploads\/2023\/09\/vetorvix1024_1.jpg 1024w, https:\/\/jornalfatosenoticias.com.br\/wp-content\/uploads\/2023\/09\/vetorvix1024_1-300x80.jpg 300w, https:\/\/jornalfatosenoticias.com.br\/wp-content\/uploads\/2023\/09\/vetorvix1024_1-768x205.jpg 768w\" sizes=\"auto, (max-width: 573px) 100vw, 573px\" \/><\/figure><\/div>\n\n\n\n<p>Para Murray, o crime ainda tem alguma rela\u00e7\u00e3o com imigra\u00e7\u00e3o. \u201cMigra\u00e7\u00e3o ilegal em massa transforma sociedades com altos n\u00edveis de confian\u00e7a em sociedades com baixos n\u00edveis. Transforma sociedades coerentes em incoerentes. N\u00e3o se pode s\u00f3 lidar com a retalia\u00e7\u00e3o contra isso. \u00c9 preciso lidar com a causa. Se nossos l\u00edderes n\u00e3o fizerem isso, vai ficar infinitamente pior\u201d, afirmou. <\/p>\n\n\n\n<div class=\"wp-block-image\"><figure class=\"aligncenter size-large\"><a href=\"https:\/\/www.instagram.com\/vmais.midias\/\"><img loading=\"lazy\" decoding=\"async\" width=\"1024\" height=\"110\" src=\"https:\/\/jornalfatosenoticias.com.br\/wp-content\/uploads\/2020\/02\/DE-MAIS-DESTAQUE-VMAIS-1120X120-1024x110.png\" alt=\"\" class=\"wp-image-53110\" srcset=\"https:\/\/jornalfatosenoticias.com.br\/wp-content\/uploads\/2020\/02\/DE-MAIS-DESTAQUE-VMAIS-1120X120-1024x110.png 1024w, https:\/\/jornalfatosenoticias.com.br\/wp-content\/uploads\/2020\/02\/DE-MAIS-DESTAQUE-VMAIS-1120X120-300x32.png 300w, https:\/\/jornalfatosenoticias.com.br\/wp-content\/uploads\/2020\/02\/DE-MAIS-DESTAQUE-VMAIS-1120X120-768x82.png 768w, https:\/\/jornalfatosenoticias.com.br\/wp-content\/uploads\/2020\/02\/DE-MAIS-DESTAQUE-VMAIS-1120X120.png 1120w\" sizes=\"auto, (max-width: 1024px) 100vw, 1024px\" \/><\/a><\/figure><\/div>\n\n\n\n<p>Ele acusou os dois principais partidos do Reino Unido, o Conservador e o Trabalhista, de criarem governos que aceleraram a migra\u00e7\u00e3o em massa, o que \u201cse tornaria um barril de p\u00f3lvora\u201d que \u201cqualquer coisa poderia explodir\u201d. J\u00e1 Alan Rusbridger, colunista do jornal The Independent, culpou Elon Musk em sua coluna. \u201cSe algu\u00e9m dissesse a Musk que ele tem alguma responsabilidade por esses tumultos, ele riria\u201d, afirmou o jornalista, que j\u00e1 foi editor-chefe do jornal The Guardian.<\/p>\n\n\n\n<div class=\"wp-block-image\"><figure class=\"aligncenter size-large is-resized\"><img loading=\"lazy\" decoding=\"async\" src=\"https:\/\/jornalfatosenoticias.com.br\/wp-content\/uploads\/2022\/02\/Precisao-Contabilidade-1024x724.jpg\" alt=\"\" class=\"wp-image-28088\" width=\"373\" height=\"264\"\/><\/figure><\/div>\n\n\n\n<blockquote class=\"wp-block-quote is-layout-flow wp-block-quote-is-layout-flow\"><p><span class=\"has-inline-color has-luminous-vivid-orange-color\">\u00a0Mas \u00e9 verdade\u201d, afirmou Rusbridger. \u201cQuando Musk decidiu gastar US$ 44 bilh\u00f5es para comprar o que se chamava Twitter, tomou, em \u00faltima an\u00e1lise, a responsabilidade pela express\u00e3o de 350 milh\u00f5es de usu\u00e1rios da plataforma. (\u2026) Agora chamada X, a rede social \u00e9 onde um v\u00edrus fatal se espalhou ap\u00f3s os esfaqueamentos horrendos de crian\u00e7as em Southport. Musk potencializou isso\u201d.<\/span><\/p><\/blockquote>\n\n\n\n<p><strong><em>Fonte: <a href=\"https:\/\/www.gazetadopovo.com.br\/mundo\/inglaterra-facadas-protestos-prisoes-o-que-esta-acontecendo\/\">Gazeta do Povo<\/a><\/em><\/strong><\/p>\n","protected":false},"excerpt":{"rendered":"<p>Protesto contra imigra\u00e7\u00e3o na cidade de Rotherham, na Inglaterra, em 4 de agosto Por Eli Vieira Protestos de ativistas anti-imigra\u00e7\u00e3o se espalharam pela Inglaterra na \u00faltima semana, em cidades como Londres, Manchester, Sunderland, Liverpool, Nottingham e Hull. Um dos gritos de guerra dos manifestantes foi \u201cparem os barcos\u201d, uma alus\u00e3o a um dos modos de [&hellip;]<\/p>\n","protected":false},"author":2,"featured_media":53363,"comment_status":"open","ping_status":"open","sticky":false,"template":"","format":"standard","meta":{"footnotes":""},"categories":[41],"tags":[670,11404,457,24337,5047,640,3070,1563,2834,16716],"class_list":["post-53362","post","type-post","status-publish","format-standard","has-post-thumbnail","hentry","category-internacional","tag-criancas","tag-imigracao","tag-inglaterra","tag-irlanda-do-norte","tag-londres","tag-portugal","tag-protestos","tag-redes-sociais","tag-reino-unido","tag-twitter"],"yoast_head":"<!-- This site is optimized with the Yoast SEO plugin v26.5 - https:\/\/yoast.com\/wordpress\/plugins\/seo\/ -->\n<title>Facadas, protestos, pris\u00f5es: o que est\u00e1 acontecendo na Inglaterra? - Jornal Fatos e Not\u00edcias<\/title>\n<meta name=\"robots\" content=\"index, follow, max-snippet:-1, max-image-preview:large, max-video-preview:-1\" \/>\n<link rel=\"canonical\" href=\"https:\/\/jornalfatosenoticias.com.br\/index.php\/2024\/08\/07\/facadas-protestos-prisoes-o-que-esta-acontecendo-na-inglaterra\/\" \/>\n<meta property=\"og:locale\" content=\"pt_BR\" \/>\n<meta property=\"og:type\" content=\"article\" \/>\n<meta property=\"og:title\" content=\"Facadas, protestos, pris\u00f5es: o que est\u00e1 acontecendo na Inglaterra? - Jornal Fatos e Not\u00edcias\" \/>\n<meta property=\"og:description\" content=\"Protesto contra imigra\u00e7\u00e3o na cidade de Rotherham, na Inglaterra, em 4 de agosto Por Eli Vieira Protestos de ativistas anti-imigra\u00e7\u00e3o se espalharam pela Inglaterra na \u00faltima semana, em cidades como Londres, Manchester, Sunderland, Liverpool, Nottingham e Hull. Um dos gritos de guerra dos manifestantes foi \u201cparem os barcos\u201d, uma alus\u00e3o a um dos modos de [&hellip;]\" \/>\n<meta property=\"og:url\" content=\"https:\/\/jornalfatosenoticias.com.br\/index.php\/2024\/08\/07\/facadas-protestos-prisoes-o-que-esta-acontecendo-na-inglaterra\/\" \/>\n<meta property=\"og:site_name\" content=\"Jornal Fatos e Not\u00edcias\" \/>\n<meta property=\"article:published_time\" content=\"2024-08-07T19:04:43+00:00\" \/>\n<meta property=\"article:modified_time\" content=\"2024-08-07T19:04:46+00:00\" \/>\n<meta property=\"og:image\" content=\"https:\/\/jornalfatosenoticias.com.br\/wp-content\/uploads\/2024\/08\/protestos-inglaterra-agosto-2024.jpeg\" \/>\n\t<meta property=\"og:image:width\" content=\"984\" \/>\n\t<meta property=\"og:image:height\" content=\"656\" \/>\n\t<meta property=\"og:image:type\" content=\"image\/jpeg\" \/>\n<meta name=\"author\" content=\"Luzimara Fernandes\" \/>\n<meta name=\"twitter:card\" content=\"summary_large_image\" \/>\n<meta name=\"twitter:label1\" content=\"Escrito por\" \/>\n\t<meta name=\"twitter:data1\" content=\"Luzimara Fernandes\" \/>\n\t<meta name=\"twitter:label2\" content=\"Est. tempo de leitura\" \/>\n\t<meta name=\"twitter:data2\" content=\"5 minutos\" \/>\n<script type=\"application\/ld+json\" class=\"yoast-schema-graph\">{\"@context\":\"https:\/\/schema.org\",\"@graph\":[{\"@type\":\"Article\",\"@id\":\"https:\/\/jornalfatosenoticias.com.br\/index.php\/2024\/08\/07\/facadas-protestos-prisoes-o-que-esta-acontecendo-na-inglaterra\/#article\",\"isPartOf\":{\"@id\":\"https:\/\/jornalfatosenoticias.com.br\/index.php\/2024\/08\/07\/facadas-protestos-prisoes-o-que-esta-acontecendo-na-inglaterra\/\"},\"author\":{\"name\":\"Luzimara Fernandes\",\"@id\":\"https:\/\/jornalfatosenoticias.com.br\/#\/schema\/person\/d63837fa13ac8666eb9e74e0985d6f81\"},\"headline\":\"Facadas, protestos, pris\u00f5es: o que est\u00e1 acontecendo na Inglaterra?\",\"datePublished\":\"2024-08-07T19:04:43+00:00\",\"dateModified\":\"2024-08-07T19:04:46+00:00\",\"mainEntityOfPage\":{\"@id\":\"https:\/\/jornalfatosenoticias.com.br\/index.php\/2024\/08\/07\/facadas-protestos-prisoes-o-que-esta-acontecendo-na-inglaterra\/\"},\"wordCount\":1070,\"commentCount\":0,\"publisher\":{\"@id\":\"https:\/\/jornalfatosenoticias.com.br\/#organization\"},\"image\":{\"@id\":\"https:\/\/jornalfatosenoticias.com.br\/index.php\/2024\/08\/07\/facadas-protestos-prisoes-o-que-esta-acontecendo-na-inglaterra\/#primaryimage\"},\"thumbnailUrl\":\"https:\/\/jornalfatosenoticias.com.br\/wp-content\/uploads\/2024\/08\/protestos-inglaterra-agosto-2024.jpeg\",\"keywords\":[\"crian\u00e7as\",\"imigra\u00e7\u00e3o\",\"Inglaterra\",\"Irlanda do Norte\",\"Londres\",\"Portugal\",\"protestos\",\"redes sociais\",\"Reino Unido\",\"TWITTER\"],\"articleSection\":[\"Internacional\"],\"inLanguage\":\"pt-BR\",\"potentialAction\":[{\"@type\":\"CommentAction\",\"name\":\"Comment\",\"target\":[\"https:\/\/jornalfatosenoticias.com.br\/index.php\/2024\/08\/07\/facadas-protestos-prisoes-o-que-esta-acontecendo-na-inglaterra\/#respond\"]}]},{\"@type\":\"WebPage\",\"@id\":\"https:\/\/jornalfatosenoticias.com.br\/index.php\/2024\/08\/07\/facadas-protestos-prisoes-o-que-esta-acontecendo-na-inglaterra\/\",\"url\":\"https:\/\/jornalfatosenoticias.com.br\/index.php\/2024\/08\/07\/facadas-protestos-prisoes-o-que-esta-acontecendo-na-inglaterra\/\",\"name\":\"Facadas, protestos, pris\u00f5es: o que est\u00e1 acontecendo na Inglaterra? - Jornal Fatos e Not\u00edcias\",\"isPartOf\":{\"@id\":\"https:\/\/jornalfatosenoticias.com.br\/#website\"},\"primaryImageOfPage\":{\"@id\":\"https:\/\/jornalfatosenoticias.com.br\/index.php\/2024\/08\/07\/facadas-protestos-prisoes-o-que-esta-acontecendo-na-inglaterra\/#primaryimage\"},\"image\":{\"@id\":\"https:\/\/jornalfatosenoticias.com.br\/index.php\/2024\/08\/07\/facadas-protestos-prisoes-o-que-esta-acontecendo-na-inglaterra\/#primaryimage\"},\"thumbnailUrl\":\"https:\/\/jornalfatosenoticias.com.br\/wp-content\/uploads\/2024\/08\/protestos-inglaterra-agosto-2024.jpeg\",\"datePublished\":\"2024-08-07T19:04:43+00:00\",\"dateModified\":\"2024-08-07T19:04:46+00:00\",\"breadcrumb\":{\"@id\":\"https:\/\/jornalfatosenoticias.com.br\/index.php\/2024\/08\/07\/facadas-protestos-prisoes-o-que-esta-acontecendo-na-inglaterra\/#breadcrumb\"},\"inLanguage\":\"pt-BR\",\"potentialAction\":[{\"@type\":\"ReadAction\",\"target\":[\"https:\/\/jornalfatosenoticias.com.br\/index.php\/2024\/08\/07\/facadas-protestos-prisoes-o-que-esta-acontecendo-na-inglaterra\/\"]}]},{\"@type\":\"ImageObject\",\"inLanguage\":\"pt-BR\",\"@id\":\"https:\/\/jornalfatosenoticias.com.br\/index.php\/2024\/08\/07\/facadas-protestos-prisoes-o-que-esta-acontecendo-na-inglaterra\/#primaryimage\",\"url\":\"https:\/\/jornalfatosenoticias.com.br\/wp-content\/uploads\/2024\/08\/protestos-inglaterra-agosto-2024.jpeg\",\"contentUrl\":\"https:\/\/jornalfatosenoticias.com.br\/wp-content\/uploads\/2024\/08\/protestos-inglaterra-agosto-2024.jpeg\",\"width\":984,\"height\":656},{\"@type\":\"BreadcrumbList\",\"@id\":\"https:\/\/jornalfatosenoticias.com.br\/index.php\/2024\/08\/07\/facadas-protestos-prisoes-o-que-esta-acontecendo-na-inglaterra\/#breadcrumb\",\"itemListElement\":[{\"@type\":\"ListItem\",\"position\":1,\"name\":\"In\u00edcio\",\"item\":\"https:\/\/jornalfatosenoticias.com.br\/\"},{\"@type\":\"ListItem\",\"position\":2,\"name\":\"Facadas, protestos, pris\u00f5es: o que est\u00e1 acontecendo na Inglaterra?\"}]},{\"@type\":\"WebSite\",\"@id\":\"https:\/\/jornalfatosenoticias.com.br\/#website\",\"url\":\"https:\/\/jornalfatosenoticias.com.br\/\",\"name\":\"Jornal Fatos e Not\u00edcias\",\"description\":\"Not\u00edcias em geral\",\"publisher\":{\"@id\":\"https:\/\/jornalfatosenoticias.com.br\/#organization\"},\"potentialAction\":[{\"@type\":\"SearchAction\",\"target\":{\"@type\":\"EntryPoint\",\"urlTemplate\":\"https:\/\/jornalfatosenoticias.com.br\/?s={search_term_string}\"},\"query-input\":{\"@type\":\"PropertyValueSpecification\",\"valueRequired\":true,\"valueName\":\"search_term_string\"}}],\"inLanguage\":\"pt-BR\"},{\"@type\":\"Organization\",\"@id\":\"https:\/\/jornalfatosenoticias.com.br\/#organization\",\"name\":\"Jornal Fatos e Not\u00edcias\",\"url\":\"https:\/\/jornalfatosenoticias.com.br\/\",\"logo\":{\"@type\":\"ImageObject\",\"inLanguage\":\"pt-BR\",\"@id\":\"https:\/\/jornalfatosenoticias.com.br\/#\/schema\/logo\/image\/\",\"url\":\"https:\/\/jornalfatosenoticias.com.br\/wp-content\/uploads\/2020\/02\/logo120.png\",\"contentUrl\":\"https:\/\/jornalfatosenoticias.com.br\/wp-content\/uploads\/2020\/02\/logo120.png\",\"width\":1227,\"height\":120,\"caption\":\"Jornal Fatos e Not\u00edcias\"},\"image\":{\"@id\":\"https:\/\/jornalfatosenoticias.com.br\/#\/schema\/logo\/image\/\"}},{\"@type\":\"Person\",\"@id\":\"https:\/\/jornalfatosenoticias.com.br\/#\/schema\/person\/d63837fa13ac8666eb9e74e0985d6f81\",\"name\":\"Luzimara Fernandes\",\"image\":{\"@type\":\"ImageObject\",\"inLanguage\":\"pt-BR\",\"@id\":\"https:\/\/jornalfatosenoticias.com.br\/#\/schema\/person\/image\/\",\"url\":\"https:\/\/jornalfatosenoticias.com.br\/wp-content\/uploads\/2025\/05\/EU_portal.jpg\",\"contentUrl\":\"https:\/\/jornalfatosenoticias.com.br\/wp-content\/uploads\/2025\/05\/EU_portal.jpg\",\"caption\":\"Luzimara Fernandes\"},\"description\":\"Jornalista MTB 2358-ES\",\"sameAs\":[\"https:\/\/jornalfatosenoticias.com.br\"],\"url\":\"https:\/\/jornalfatosenoticias.com.br\/index.php\/author\/luzimara\/\"}]}<\/script>\n<!-- \/ Yoast SEO plugin. -->","yoast_head_json":{"title":"Facadas, protestos, pris\u00f5es: o que est\u00e1 acontecendo na Inglaterra? - Jornal Fatos e Not\u00edcias","robots":{"index":"index","follow":"follow","max-snippet":"max-snippet:-1","max-image-preview":"max-image-preview:large","max-video-preview":"max-video-preview:-1"},"canonical":"https:\/\/jornalfatosenoticias.com.br\/index.php\/2024\/08\/07\/facadas-protestos-prisoes-o-que-esta-acontecendo-na-inglaterra\/","og_locale":"pt_BR","og_type":"article","og_title":"Facadas, protestos, pris\u00f5es: o que est\u00e1 acontecendo na Inglaterra? - Jornal Fatos e Not\u00edcias","og_description":"Protesto contra imigra\u00e7\u00e3o na cidade de Rotherham, na Inglaterra, em 4 de agosto Por Eli Vieira Protestos de ativistas anti-imigra\u00e7\u00e3o se espalharam pela Inglaterra na \u00faltima semana, em cidades como Londres, Manchester, Sunderland, Liverpool, Nottingham e Hull. Um dos gritos de guerra dos manifestantes foi \u201cparem os barcos\u201d, uma alus\u00e3o a um dos modos de [&hellip;]","og_url":"https:\/\/jornalfatosenoticias.com.br\/index.php\/2024\/08\/07\/facadas-protestos-prisoes-o-que-esta-acontecendo-na-inglaterra\/","og_site_name":"Jornal Fatos e Not\u00edcias","article_published_time":"2024-08-07T19:04:43+00:00","article_modified_time":"2024-08-07T19:04:46+00:00","og_image":[{"width":984,"height":656,"url":"https:\/\/jornalfatosenoticias.com.br\/wp-content\/uploads\/2024\/08\/protestos-inglaterra-agosto-2024.jpeg","type":"image\/jpeg"}],"author":"Luzimara Fernandes","twitter_card":"summary_large_image","twitter_misc":{"Escrito por":"Luzimara Fernandes","Est. tempo de leitura":"5 minutos"},"schema":{"@context":"https:\/\/schema.org","@graph":[{"@type":"Article","@id":"https:\/\/jornalfatosenoticias.com.br\/index.php\/2024\/08\/07\/facadas-protestos-prisoes-o-que-esta-acontecendo-na-inglaterra\/#article","isPartOf":{"@id":"https:\/\/jornalfatosenoticias.com.br\/index.php\/2024\/08\/07\/facadas-protestos-prisoes-o-que-esta-acontecendo-na-inglaterra\/"},"author":{"name":"Luzimara Fernandes","@id":"https:\/\/jornalfatosenoticias.com.br\/#\/schema\/person\/d63837fa13ac8666eb9e74e0985d6f81"},"headline":"Facadas, protestos, pris\u00f5es: o que est\u00e1 acontecendo na Inglaterra?","datePublished":"2024-08-07T19:04:43+00:00","dateModified":"2024-08-07T19:04:46+00:00","mainEntityOfPage":{"@id":"https:\/\/jornalfatosenoticias.com.br\/index.php\/2024\/08\/07\/facadas-protestos-prisoes-o-que-esta-acontecendo-na-inglaterra\/"},"wordCount":1070,"commentCount":0,"publisher":{"@id":"https:\/\/jornalfatosenoticias.com.br\/#organization"},"image":{"@id":"https:\/\/jornalfatosenoticias.com.br\/index.php\/2024\/08\/07\/facadas-protestos-prisoes-o-que-esta-acontecendo-na-inglaterra\/#primaryimage"},"thumbnailUrl":"https:\/\/jornalfatosenoticias.com.br\/wp-content\/uploads\/2024\/08\/protestos-inglaterra-agosto-2024.jpeg","keywords":["crian\u00e7as","imigra\u00e7\u00e3o","Inglaterra","Irlanda do Norte","Londres","Portugal","protestos","redes sociais","Reino Unido","TWITTER"],"articleSection":["Internacional"],"inLanguage":"pt-BR","potentialAction":[{"@type":"CommentAction","name":"Comment","target":["https:\/\/jornalfatosenoticias.com.br\/index.php\/2024\/08\/07\/facadas-protestos-prisoes-o-que-esta-acontecendo-na-inglaterra\/#respond"]}]},{"@type":"WebPage","@id":"https:\/\/jornalfatosenoticias.com.br\/index.php\/2024\/08\/07\/facadas-protestos-prisoes-o-que-esta-acontecendo-na-inglaterra\/","url":"https:\/\/jornalfatosenoticias.com.br\/index.php\/2024\/08\/07\/facadas-protestos-prisoes-o-que-esta-acontecendo-na-inglaterra\/","name":"Facadas, protestos, pris\u00f5es: o que est\u00e1 acontecendo na Inglaterra? - Jornal Fatos e Not\u00edcias","isPartOf":{"@id":"https:\/\/jornalfatosenoticias.com.br\/#website"},"primaryImageOfPage":{"@id":"https:\/\/jornalfatosenoticias.com.br\/index.php\/2024\/08\/07\/facadas-protestos-prisoes-o-que-esta-acontecendo-na-inglaterra\/#primaryimage"},"image":{"@id":"https:\/\/jornalfatosenoticias.com.br\/index.php\/2024\/08\/07\/facadas-protestos-prisoes-o-que-esta-acontecendo-na-inglaterra\/#primaryimage"},"thumbnailUrl":"https:\/\/jornalfatosenoticias.com.br\/wp-content\/uploads\/2024\/08\/protestos-inglaterra-agosto-2024.jpeg","datePublished":"2024-08-07T19:04:43+00:00","dateModified":"2024-08-07T19:04:46+00:00","breadcrumb":{"@id":"https:\/\/jornalfatosenoticias.com.br\/index.php\/2024\/08\/07\/facadas-protestos-prisoes-o-que-esta-acontecendo-na-inglaterra\/#breadcrumb"},"inLanguage":"pt-BR","potentialAction":[{"@type":"ReadAction","target":["https:\/\/jornalfatosenoticias.com.br\/index.php\/2024\/08\/07\/facadas-protestos-prisoes-o-que-esta-acontecendo-na-inglaterra\/"]}]},{"@type":"ImageObject","inLanguage":"pt-BR","@id":"https:\/\/jornalfatosenoticias.com.br\/index.php\/2024\/08\/07\/facadas-protestos-prisoes-o-que-esta-acontecendo-na-inglaterra\/#primaryimage","url":"https:\/\/jornalfatosenoticias.com.br\/wp-content\/uploads\/2024\/08\/protestos-inglaterra-agosto-2024.jpeg","contentUrl":"https:\/\/jornalfatosenoticias.com.br\/wp-content\/uploads\/2024\/08\/protestos-inglaterra-agosto-2024.jpeg","width":984,"height":656},{"@type":"BreadcrumbList","@id":"https:\/\/jornalfatosenoticias.com.br\/index.php\/2024\/08\/07\/facadas-protestos-prisoes-o-que-esta-acontecendo-na-inglaterra\/#breadcrumb","itemListElement":[{"@type":"ListItem","position":1,"name":"In\u00edcio","item":"https:\/\/jornalfatosenoticias.com.br\/"},{"@type":"ListItem","position":2,"name":"Facadas, protestos, pris\u00f5es: o que est\u00e1 acontecendo na Inglaterra?"}]},{"@type":"WebSite","@id":"https:\/\/jornalfatosenoticias.com.br\/#website","url":"https:\/\/jornalfatosenoticias.com.br\/","name":"Jornal Fatos e Not\u00edcias","description":"Not\u00edcias em geral","publisher":{"@id":"https:\/\/jornalfatosenoticias.com.br\/#organization"},"potentialAction":[{"@type":"SearchAction","target":{"@type":"EntryPoint","urlTemplate":"https:\/\/jornalfatosenoticias.com.br\/?s={search_term_string}"},"query-input":{"@type":"PropertyValueSpecification","valueRequired":true,"valueName":"search_term_string"}}],"inLanguage":"pt-BR"},{"@type":"Organization","@id":"https:\/\/jornalfatosenoticias.com.br\/#organization","name":"Jornal Fatos e Not\u00edcias","url":"https:\/\/jornalfatosenoticias.com.br\/","logo":{"@type":"ImageObject","inLanguage":"pt-BR","@id":"https:\/\/jornalfatosenoticias.com.br\/#\/schema\/logo\/image\/","url":"https:\/\/jornalfatosenoticias.com.br\/wp-content\/uploads\/2020\/02\/logo120.png","contentUrl":"https:\/\/jornalfatosenoticias.com.br\/wp-content\/uploads\/2020\/02\/logo120.png","width":1227,"height":120,"caption":"Jornal Fatos e Not\u00edcias"},"image":{"@id":"https:\/\/jornalfatosenoticias.com.br\/#\/schema\/logo\/image\/"}},{"@type":"Person","@id":"https:\/\/jornalfatosenoticias.com.br\/#\/schema\/person\/d63837fa13ac8666eb9e74e0985d6f81","name":"Luzimara Fernandes","image":{"@type":"ImageObject","inLanguage":"pt-BR","@id":"https:\/\/jornalfatosenoticias.com.br\/#\/schema\/person\/image\/","url":"https:\/\/jornalfatosenoticias.com.br\/wp-content\/uploads\/2025\/05\/EU_portal.jpg","contentUrl":"https:\/\/jornalfatosenoticias.com.br\/wp-content\/uploads\/2025\/05\/EU_portal.jpg","caption":"Luzimara Fernandes"},"description":"Jornalista MTB 2358-ES","sameAs":["https:\/\/jornalfatosenoticias.com.br"],"url":"https:\/\/jornalfatosenoticias.com.br\/index.php\/author\/luzimara\/"}]}},"cc_featured_image_caption":{"caption_text":"(Foto: Reprodu\u00e7\u00e3o) ","source_text":"","source_url":""},"jetpack_featured_media_url":"https:\/\/jornalfatosenoticias.com.br\/wp-content\/uploads\/2024\/08\/protestos-inglaterra-agosto-2024.jpeg","_links":{"self":[{"href":"https:\/\/jornalfatosenoticias.com.br\/index.php\/wp-json\/wp\/v2\/posts\/53362","targetHints":{"allow":["GET"]}}],"collection":[{"href":"https:\/\/jornalfatosenoticias.com.br\/index.php\/wp-json\/wp\/v2\/posts"}],"about":[{"href":"https:\/\/jornalfatosenoticias.com.br\/index.php\/wp-json\/wp\/v2\/types\/post"}],"author":[{"embeddable":true,"href":"https:\/\/jornalfatosenoticias.com.br\/index.php\/wp-json\/wp\/v2\/users\/2"}],"replies":[{"embeddable":true,"href":"https:\/\/jornalfatosenoticias.com.br\/index.php\/wp-json\/wp\/v2\/comments?post=53362"}],"version-history":[{"count":0,"href":"https:\/\/jornalfatosenoticias.com.br\/index.php\/wp-json\/wp\/v2\/posts\/53362\/revisions"}],"wp:featuredmedia":[{"embeddable":true,"href":"https:\/\/jornalfatosenoticias.com.br\/index.php\/wp-json\/wp\/v2\/media\/53363"}],"wp:attachment":[{"href":"https:\/\/jornalfatosenoticias.com.br\/index.php\/wp-json\/wp\/v2\/media?parent=53362"}],"wp:term":[{"taxonomy":"category","embeddable":true,"href":"https:\/\/jornalfatosenoticias.com.br\/index.php\/wp-json\/wp\/v2\/categories?post=53362"},{"taxonomy":"post_tag","embeddable":true,"href":"https:\/\/jornalfatosenoticias.com.br\/index.php\/wp-json\/wp\/v2\/tags?post=53362"}],"curies":[{"name":"wp","href":"https:\/\/api.w.org\/{rel}","templated":true}]}}