{"id":53416,"date":"2024-08-12T08:52:07","date_gmt":"2024-08-12T11:52:07","guid":{"rendered":"https:\/\/jornalfatosenoticias.com.br\/?p=53416"},"modified":"2024-08-12T08:52:08","modified_gmt":"2024-08-12T11:52:08","slug":"nissan-cria-tinta-fria-para-reduzir-temperatura-interna-de-veiculos","status":"publish","type":"post","link":"https:\/\/jornalfatosenoticias.com.br\/index.php\/2024\/08\/12\/nissan-cria-tinta-fria-para-reduzir-temperatura-interna-de-veiculos\/","title":{"rendered":"Nissan cria \u2018tinta fria\u2019 para reduzir temperatura interna de ve\u00edculos"},"content":{"rendered":"\n<p><em><span class=\"has-inline-color has-black-color\">A fabricante de autom\u00f3veis uniu-<em>se<\/em> \u00e0 chinesa Radi-Cool para criar tinta capaz de tornar o interior de ve\u00edculos mais fresco<\/span><\/em><\/p>\n\n\n\n<p><span class=\"has-inline-color has-black-color\">Por <strong><a href=\"https:\/\/olhardigital.com.br\/author\/ana-julia\/\">Ana Julia Pilato<\/a><\/strong><\/span><\/p>\n\n\n\n<div class=\"wp-block-image\"><figure class=\"aligncenter size-large\"><a href=\"https:\/\/www.instagram.com\/vmais.midias\/\"><img loading=\"lazy\" decoding=\"async\" width=\"1024\" height=\"110\" src=\"https:\/\/jornalfatosenoticias.com.br\/wp-content\/uploads\/2020\/02\/DE-MAIS-DESTAQUE-VMAIS-1120X120-1024x110.png\" alt=\"\" class=\"wp-image-53110\" srcset=\"https:\/\/jornalfatosenoticias.com.br\/wp-content\/uploads\/2020\/02\/DE-MAIS-DESTAQUE-VMAIS-1120X120-1024x110.png 1024w, https:\/\/jornalfatosenoticias.com.br\/wp-content\/uploads\/2020\/02\/DE-MAIS-DESTAQUE-VMAIS-1120X120-300x32.png 300w, https:\/\/jornalfatosenoticias.com.br\/wp-content\/uploads\/2020\/02\/DE-MAIS-DESTAQUE-VMAIS-1120X120-768x82.png 768w, https:\/\/jornalfatosenoticias.com.br\/wp-content\/uploads\/2020\/02\/DE-MAIS-DESTAQUE-VMAIS-1120X120.png 1120w\" sizes=\"auto, (max-width: 1024px) 100vw, 1024px\" \/><\/a><\/figure><\/div>\n\n\n\n<p>A <strong><a href=\"https:\/\/olhardigital.com.br\/tag\/nissan\/\">Nissan<\/a>\u00a0<a href=\"https:\/\/global.nissannews.com\/en\/releases\/nissan-trialing-cool-paint-technology\">anunciou<\/a>\u00a0<\/strong>a cria\u00e7\u00e3o de uma \u201c<a href=\"https:\/\/olhardigital.com.br\/tag\/tinta\/\"><strong>tinta<\/strong><\/a>\u00a0fria\u201d capaz de tornar a\u00a0<a href=\"https:\/\/olhardigital.com.br\/tag\/temperatura\/\"><strong>temperatura<\/strong><\/a>\u00a0interna dos\u00a0<a href=\"https:\/\/olhardigital.com.br\/tag\/veiculos\/\"><strong>ve\u00edculos<\/strong><\/a>\u00a0mais fresca sem necessidade de\u00a0<a href=\"https:\/\/olhardigital.com.br\/tag\/ar-condicionado\/\"><strong>ar-condicionado<\/strong><\/a>. O revestimento \u2014 cuja espessura \u00e9 cerca de seis vezes mais grossa do que as tintas convencionais \u2014 foi criado em parceria com a chinesa Radi-Cool, especialista em produtos de resfriamento radiativo.<br>A nova tinta foi testada pela Nissan em ve\u00edculos que circulavam pelo Aeroporto de Haneda, localizado em <strong><a href=\"https:\/\/olhardigital.com.br\/tag\/toquio\/\">T\u00f3quio<\/a>.<\/strong> O local conta com muitas \u00e1reas sem sombra \u2014 e o Jap\u00e3o atualmente vem registrando recordes de altas temperaturas, intensificando ainda mais o <strong><a href=\"https:\/\/olhardigital.com.br\/tag\/calor\/\">calor<\/a><\/strong> dentro dos ve\u00edculos.<\/p>\n\n\n\n<div class=\"wp-block-image\"><figure class=\"aligncenter size-large is-resized\"><a href=\"https:\/\/www.controlsystems.com.br\/\"><img loading=\"lazy\" decoding=\"async\" src=\"https:\/\/jornalfatosenoticias.com.br\/wp-content\/uploads\/2020\/02\/CONTROL-CS.jpg\" alt=\"\" class=\"wp-image-44991\" width=\"305\" height=\"365\" srcset=\"https:\/\/jornalfatosenoticias.com.br\/wp-content\/uploads\/2020\/02\/CONTROL-CS.jpg 834w, https:\/\/jornalfatosenoticias.com.br\/wp-content\/uploads\/2020\/02\/CONTROL-CS-250x300.jpg 250w, https:\/\/jornalfatosenoticias.com.br\/wp-content\/uploads\/2020\/02\/CONTROL-CS-768x921.jpg 768w\" sizes=\"auto, (max-width: 305px) 100vw, 305px\" \/><\/a><\/figure><\/div>\n\n\n\n<p>A tecnologia de resfriamento com tinta j\u00e1 \u00e9 bastante comum em edif\u00edcios, por exemplo. Ao aplic\u00e1-la nos carros, a t\u00e9cnica pode fazer com que o uso do ar-condicionado seja reduzido e, com isso, evitar a perda de efici\u00eancia do <strong><a href=\"https:\/\/olhardigital.com.br\/tag\/motor\/\">motor<\/a>.<\/strong> De acordo com a Nissan, a tinta fria conseguiu reduzir a temperatura do teto dos <strong><a href=\"https:\/\/olhardigital.com.br\/tag\/carros\/\">carros<\/a><\/strong> em 12\u00baC, e a do interior em 5\u00baC. A empresa ainda diz que o novo revestimento especial reflete melhor a luz do <strong><a href=\"https:\/\/olhardigital.com.br\/tag\/sol\/\">Sol<\/a><\/strong> e cria ondas eletromagn\u00e9ticas para bloquear os raios, desviando a energia para longe dos ve\u00edculos.<\/p>\n\n\n\n<div class=\"wp-block-image\"><figure class=\"aligncenter size-large\"><a href=\"http:\/\/www.ferrarimaquinas.com.br\/\"><img loading=\"lazy\" decoding=\"async\" width=\"300\" height=\"250\" src=\"https:\/\/jornalfatosenoticias.com.br\/wp-content\/uploads\/2022\/02\/FERRARI_MAQUINAS-E-FERRAMENTAS2.jpg\" alt=\"\" class=\"wp-image-27860\"\/><\/a><\/figure><\/div>\n\n\n\n<blockquote class=\"wp-block-quote is-layout-flow wp-block-quote-is-layout-flow\"><p><span class=\"has-inline-color has-luminous-vivid-orange-color\">Meu sonho \u00e9 criar carros mais frios sem consumir <strong><a href=\"https:\/\/olhardigital.com.br\/tag\/energia\/\">energia<\/a>.<\/strong> Isso \u00e9 especialmente importante na era dos\u00a0<strong><a href=\"https:\/\/olhardigital.com.br\/tag\/veiculos-eletricos\/\">ve\u00edculos el\u00e9tricos<\/a>,<\/strong> onde o ar-condicionado ligado no ver\u00e3o pode ter um impacto consider\u00e1vel no estado da carga\u201d, disse Susumu Miura, gerente do Nissan Research Center, no comunicado.<\/span><\/p><\/blockquote>\n\n\n\n<div class=\"wp-block-image\"><figure class=\"aligncenter size-large\"><a href=\"https:\/\/www.facebook.com\/vetor.vix\/\"><img loading=\"lazy\" decoding=\"async\" width=\"1024\" height=\"273\" src=\"https:\/\/jornalfatosenoticias.com.br\/wp-content\/uploads\/2023\/09\/vetorvix1024_1.jpg\" alt=\"\" class=\"wp-image-44868\" srcset=\"https:\/\/jornalfatosenoticias.com.br\/wp-content\/uploads\/2023\/09\/vetorvix1024_1.jpg 1024w, https:\/\/jornalfatosenoticias.com.br\/wp-content\/uploads\/2023\/09\/vetorvix1024_1-300x80.jpg 300w, https:\/\/jornalfatosenoticias.com.br\/wp-content\/uploads\/2023\/09\/vetorvix1024_1-768x205.jpg 768w\" sizes=\"auto, (max-width: 1024px) 100vw, 1024px\" \/><\/a><\/figure><\/div>\n\n\n\n<p><strong><em>Fonte: <a href=\"https:\/\/olhardigital.com.br\/2024\/08\/06\/carros-e-tecnologia\/nissan-cria-tinta-fria-para-reduzir-temperatura-interna-de-veiculos\/\">Olhar Digital<\/a><\/em><\/strong><\/p>\n","protected":false},"excerpt":{"rendered":"<p>A fabricante de autom\u00f3veis uniu-se \u00e0 chinesa Radi-Cool para criar tinta capaz de tornar o interior de ve\u00edculos mais fresco Por Ana Julia Pilato A Nissan\u00a0anunciou\u00a0a cria\u00e7\u00e3o de uma \u201ctinta\u00a0fria\u201d capaz de tornar a\u00a0temperatura\u00a0interna dos\u00a0ve\u00edculos\u00a0mais fresca sem necessidade de\u00a0ar-condicionado. O revestimento \u2014 cuja espessura \u00e9 cerca de seis vezes mais grossa do que as tintas [&hellip;]<\/p>\n","protected":false},"author":2,"featured_media":53417,"comment_status":"open","ping_status":"open","sticky":false,"template":"","format":"standard","meta":{"footnotes":""},"categories":[3],"tags":[368,4515,2539,2431,21223,1180,4499,804,2705],"class_list":["post-53416","post","type-post","status-publish","format-standard","has-post-thumbnail","hentry","category-tecnologia","tag-calor","tag-carros","tag-energia","tag-motor","tag-nissan","tag-temperatura","tag-tinta","tag-veiculos","tag-veiculos-eletricos"],"yoast_head":"<!-- This site is optimized with the Yoast SEO plugin v26.5 - https:\/\/yoast.com\/wordpress\/plugins\/seo\/ -->\n<title>Nissan cria \u2018tinta fria\u2019 para reduzir temperatura interna de ve\u00edculos - Jornal Fatos e Not\u00edcias<\/title>\n<meta name=\"robots\" content=\"index, follow, max-snippet:-1, max-image-preview:large, max-video-preview:-1\" \/>\n<link rel=\"canonical\" href=\"https:\/\/jornalfatosenoticias.com.br\/index.php\/2024\/08\/12\/nissan-cria-tinta-fria-para-reduzir-temperatura-interna-de-veiculos\/\" \/>\n<meta property=\"og:locale\" content=\"pt_BR\" \/>\n<meta property=\"og:type\" content=\"article\" \/>\n<meta property=\"og:title\" content=\"Nissan cria \u2018tinta fria\u2019 para reduzir temperatura interna de ve\u00edculos - Jornal Fatos e Not\u00edcias\" \/>\n<meta property=\"og:description\" content=\"A fabricante de autom\u00f3veis uniu-se \u00e0 chinesa Radi-Cool para criar tinta capaz de tornar o interior de ve\u00edculos mais fresco Por Ana Julia Pilato A Nissan\u00a0anunciou\u00a0a cria\u00e7\u00e3o de uma \u201ctinta\u00a0fria\u201d capaz de tornar a\u00a0temperatura\u00a0interna dos\u00a0ve\u00edculos\u00a0mais fresca sem necessidade de\u00a0ar-condicionado. O revestimento \u2014 cuja espessura \u00e9 cerca de seis vezes mais grossa do que as tintas [&hellip;]\" \/>\n<meta property=\"og:url\" content=\"https:\/\/jornalfatosenoticias.com.br\/index.php\/2024\/08\/12\/nissan-cria-tinta-fria-para-reduzir-temperatura-interna-de-veiculos\/\" \/>\n<meta property=\"og:site_name\" content=\"Jornal Fatos e Not\u00edcias\" \/>\n<meta property=\"article:published_time\" content=\"2024-08-12T11:52:07+00:00\" \/>\n<meta property=\"article:modified_time\" content=\"2024-08-12T11:52:08+00:00\" \/>\n<meta property=\"og:image\" content=\"https:\/\/jornalfatosenoticias.com.br\/wp-content\/uploads\/2024\/08\/NISSAN-_istock.jpg\" \/>\n\t<meta property=\"og:image:width\" content=\"612\" \/>\n\t<meta property=\"og:image:height\" content=\"409\" \/>\n\t<meta property=\"og:image:type\" content=\"image\/jpeg\" \/>\n<meta name=\"author\" content=\"Luzimara Fernandes\" \/>\n<meta name=\"twitter:card\" content=\"summary_large_image\" \/>\n<meta name=\"twitter:label1\" content=\"Escrito por\" \/>\n\t<meta name=\"twitter:data1\" content=\"Luzimara Fernandes\" \/>\n\t<meta name=\"twitter:label2\" content=\"Est. tempo de leitura\" \/>\n\t<meta name=\"twitter:data2\" content=\"1 minuto\" \/>\n<script type=\"application\/ld+json\" class=\"yoast-schema-graph\">{\"@context\":\"https:\/\/schema.org\",\"@graph\":[{\"@type\":\"Article\",\"@id\":\"https:\/\/jornalfatosenoticias.com.br\/index.php\/2024\/08\/12\/nissan-cria-tinta-fria-para-reduzir-temperatura-interna-de-veiculos\/#article\",\"isPartOf\":{\"@id\":\"https:\/\/jornalfatosenoticias.com.br\/index.php\/2024\/08\/12\/nissan-cria-tinta-fria-para-reduzir-temperatura-interna-de-veiculos\/\"},\"author\":{\"name\":\"Luzimara Fernandes\",\"@id\":\"https:\/\/jornalfatosenoticias.com.br\/#\/schema\/person\/d63837fa13ac8666eb9e74e0985d6f81\"},\"headline\":\"Nissan cria \u2018tinta fria\u2019 para reduzir temperatura interna de ve\u00edculos\",\"datePublished\":\"2024-08-12T11:52:07+00:00\",\"dateModified\":\"2024-08-12T11:52:08+00:00\",\"mainEntityOfPage\":{\"@id\":\"https:\/\/jornalfatosenoticias.com.br\/index.php\/2024\/08\/12\/nissan-cria-tinta-fria-para-reduzir-temperatura-interna-de-veiculos\/\"},\"wordCount\":286,\"commentCount\":0,\"publisher\":{\"@id\":\"https:\/\/jornalfatosenoticias.com.br\/#organization\"},\"image\":{\"@id\":\"https:\/\/jornalfatosenoticias.com.br\/index.php\/2024\/08\/12\/nissan-cria-tinta-fria-para-reduzir-temperatura-interna-de-veiculos\/#primaryimage\"},\"thumbnailUrl\":\"https:\/\/jornalfatosenoticias.com.br\/wp-content\/uploads\/2024\/08\/NISSAN-_istock.jpg\",\"keywords\":[\"calor\",\"carros\",\"energia\",\"motor\",\"Nissan\",\"temperatura\",\"tinta\",\"ve\u00edculos\",\"ve\u00edculos el\u00e9tricos\"],\"articleSection\":[\"Tecnologia &amp; Inova\u00e7\u00e3o\"],\"inLanguage\":\"pt-BR\",\"potentialAction\":[{\"@type\":\"CommentAction\",\"name\":\"Comment\",\"target\":[\"https:\/\/jornalfatosenoticias.com.br\/index.php\/2024\/08\/12\/nissan-cria-tinta-fria-para-reduzir-temperatura-interna-de-veiculos\/#respond\"]}]},{\"@type\":\"WebPage\",\"@id\":\"https:\/\/jornalfatosenoticias.com.br\/index.php\/2024\/08\/12\/nissan-cria-tinta-fria-para-reduzir-temperatura-interna-de-veiculos\/\",\"url\":\"https:\/\/jornalfatosenoticias.com.br\/index.php\/2024\/08\/12\/nissan-cria-tinta-fria-para-reduzir-temperatura-interna-de-veiculos\/\",\"name\":\"Nissan cria \u2018tinta fria\u2019 para reduzir temperatura interna de ve\u00edculos - Jornal Fatos e Not\u00edcias\",\"isPartOf\":{\"@id\":\"https:\/\/jornalfatosenoticias.com.br\/#website\"},\"primaryImageOfPage\":{\"@id\":\"https:\/\/jornalfatosenoticias.com.br\/index.php\/2024\/08\/12\/nissan-cria-tinta-fria-para-reduzir-temperatura-interna-de-veiculos\/#primaryimage\"},\"image\":{\"@id\":\"https:\/\/jornalfatosenoticias.com.br\/index.php\/2024\/08\/12\/nissan-cria-tinta-fria-para-reduzir-temperatura-interna-de-veiculos\/#primaryimage\"},\"thumbnailUrl\":\"https:\/\/jornalfatosenoticias.com.br\/wp-content\/uploads\/2024\/08\/NISSAN-_istock.jpg\",\"datePublished\":\"2024-08-12T11:52:07+00:00\",\"dateModified\":\"2024-08-12T11:52:08+00:00\",\"breadcrumb\":{\"@id\":\"https:\/\/jornalfatosenoticias.com.br\/index.php\/2024\/08\/12\/nissan-cria-tinta-fria-para-reduzir-temperatura-interna-de-veiculos\/#breadcrumb\"},\"inLanguage\":\"pt-BR\",\"potentialAction\":[{\"@type\":\"ReadAction\",\"target\":[\"https:\/\/jornalfatosenoticias.com.br\/index.php\/2024\/08\/12\/nissan-cria-tinta-fria-para-reduzir-temperatura-interna-de-veiculos\/\"]}]},{\"@type\":\"ImageObject\",\"inLanguage\":\"pt-BR\",\"@id\":\"https:\/\/jornalfatosenoticias.com.br\/index.php\/2024\/08\/12\/nissan-cria-tinta-fria-para-reduzir-temperatura-interna-de-veiculos\/#primaryimage\",\"url\":\"https:\/\/jornalfatosenoticias.com.br\/wp-content\/uploads\/2024\/08\/NISSAN-_istock.jpg\",\"contentUrl\":\"https:\/\/jornalfatosenoticias.com.br\/wp-content\/uploads\/2024\/08\/NISSAN-_istock.jpg\",\"width\":612,\"height\":409,\"caption\":\"Megeve, France - 24th September, 2015: Nissan Juke cars stopped on the parking during the press launch. The Juke model was debut in 2009 on the market. This model is on of the most popular crossovers on the European market.\"},{\"@type\":\"BreadcrumbList\",\"@id\":\"https:\/\/jornalfatosenoticias.com.br\/index.php\/2024\/08\/12\/nissan-cria-tinta-fria-para-reduzir-temperatura-interna-de-veiculos\/#breadcrumb\",\"itemListElement\":[{\"@type\":\"ListItem\",\"position\":1,\"name\":\"In\u00edcio\",\"item\":\"https:\/\/jornalfatosenoticias.com.br\/\"},{\"@type\":\"ListItem\",\"position\":2,\"name\":\"Nissan cria \u2018tinta fria\u2019 para reduzir temperatura interna de ve\u00edculos\"}]},{\"@type\":\"WebSite\",\"@id\":\"https:\/\/jornalfatosenoticias.com.br\/#website\",\"url\":\"https:\/\/jornalfatosenoticias.com.br\/\",\"name\":\"Jornal Fatos e Not\u00edcias\",\"description\":\"Not\u00edcias em geral\",\"publisher\":{\"@id\":\"https:\/\/jornalfatosenoticias.com.br\/#organization\"},\"potentialAction\":[{\"@type\":\"SearchAction\",\"target\":{\"@type\":\"EntryPoint\",\"urlTemplate\":\"https:\/\/jornalfatosenoticias.com.br\/?s={search_term_string}\"},\"query-input\":{\"@type\":\"PropertyValueSpecification\",\"valueRequired\":true,\"valueName\":\"search_term_string\"}}],\"inLanguage\":\"pt-BR\"},{\"@type\":\"Organization\",\"@id\":\"https:\/\/jornalfatosenoticias.com.br\/#organization\",\"name\":\"Jornal Fatos e Not\u00edcias\",\"url\":\"https:\/\/jornalfatosenoticias.com.br\/\",\"logo\":{\"@type\":\"ImageObject\",\"inLanguage\":\"pt-BR\",\"@id\":\"https:\/\/jornalfatosenoticias.com.br\/#\/schema\/logo\/image\/\",\"url\":\"https:\/\/jornalfatosenoticias.com.br\/wp-content\/uploads\/2020\/02\/logo120.png\",\"contentUrl\":\"https:\/\/jornalfatosenoticias.com.br\/wp-content\/uploads\/2020\/02\/logo120.png\",\"width\":1227,\"height\":120,\"caption\":\"Jornal Fatos e Not\u00edcias\"},\"image\":{\"@id\":\"https:\/\/jornalfatosenoticias.com.br\/#\/schema\/logo\/image\/\"}},{\"@type\":\"Person\",\"@id\":\"https:\/\/jornalfatosenoticias.com.br\/#\/schema\/person\/d63837fa13ac8666eb9e74e0985d6f81\",\"name\":\"Luzimara Fernandes\",\"image\":{\"@type\":\"ImageObject\",\"inLanguage\":\"pt-BR\",\"@id\":\"https:\/\/jornalfatosenoticias.com.br\/#\/schema\/person\/image\/\",\"url\":\"https:\/\/jornalfatosenoticias.com.br\/wp-content\/uploads\/2025\/05\/EU_portal.jpg\",\"contentUrl\":\"https:\/\/jornalfatosenoticias.com.br\/wp-content\/uploads\/2025\/05\/EU_portal.jpg\",\"caption\":\"Luzimara Fernandes\"},\"description\":\"Jornalista MTB 2358-ES\",\"sameAs\":[\"https:\/\/jornalfatosenoticias.com.br\"],\"url\":\"https:\/\/jornalfatosenoticias.com.br\/index.php\/author\/luzimara\/\"}]}<\/script>\n<!-- \/ Yoast SEO plugin. -->","yoast_head_json":{"title":"Nissan cria \u2018tinta fria\u2019 para reduzir temperatura interna de ve\u00edculos - Jornal Fatos e Not\u00edcias","robots":{"index":"index","follow":"follow","max-snippet":"max-snippet:-1","max-image-preview":"max-image-preview:large","max-video-preview":"max-video-preview:-1"},"canonical":"https:\/\/jornalfatosenoticias.com.br\/index.php\/2024\/08\/12\/nissan-cria-tinta-fria-para-reduzir-temperatura-interna-de-veiculos\/","og_locale":"pt_BR","og_type":"article","og_title":"Nissan cria \u2018tinta fria\u2019 para reduzir temperatura interna de ve\u00edculos - Jornal Fatos e Not\u00edcias","og_description":"A fabricante de autom\u00f3veis uniu-se \u00e0 chinesa Radi-Cool para criar tinta capaz de tornar o interior de ve\u00edculos mais fresco Por Ana Julia Pilato A Nissan\u00a0anunciou\u00a0a cria\u00e7\u00e3o de uma \u201ctinta\u00a0fria\u201d capaz de tornar a\u00a0temperatura\u00a0interna dos\u00a0ve\u00edculos\u00a0mais fresca sem necessidade de\u00a0ar-condicionado. O revestimento \u2014 cuja espessura \u00e9 cerca de seis vezes mais grossa do que as tintas [&hellip;]","og_url":"https:\/\/jornalfatosenoticias.com.br\/index.php\/2024\/08\/12\/nissan-cria-tinta-fria-para-reduzir-temperatura-interna-de-veiculos\/","og_site_name":"Jornal Fatos e Not\u00edcias","article_published_time":"2024-08-12T11:52:07+00:00","article_modified_time":"2024-08-12T11:52:08+00:00","og_image":[{"width":612,"height":409,"url":"https:\/\/jornalfatosenoticias.com.br\/wp-content\/uploads\/2024\/08\/NISSAN-_istock.jpg","type":"image\/jpeg"}],"author":"Luzimara Fernandes","twitter_card":"summary_large_image","twitter_misc":{"Escrito por":"Luzimara Fernandes","Est. tempo de leitura":"1 minuto"},"schema":{"@context":"https:\/\/schema.org","@graph":[{"@type":"Article","@id":"https:\/\/jornalfatosenoticias.com.br\/index.php\/2024\/08\/12\/nissan-cria-tinta-fria-para-reduzir-temperatura-interna-de-veiculos\/#article","isPartOf":{"@id":"https:\/\/jornalfatosenoticias.com.br\/index.php\/2024\/08\/12\/nissan-cria-tinta-fria-para-reduzir-temperatura-interna-de-veiculos\/"},"author":{"name":"Luzimara Fernandes","@id":"https:\/\/jornalfatosenoticias.com.br\/#\/schema\/person\/d63837fa13ac8666eb9e74e0985d6f81"},"headline":"Nissan cria \u2018tinta fria\u2019 para reduzir temperatura interna de ve\u00edculos","datePublished":"2024-08-12T11:52:07+00:00","dateModified":"2024-08-12T11:52:08+00:00","mainEntityOfPage":{"@id":"https:\/\/jornalfatosenoticias.com.br\/index.php\/2024\/08\/12\/nissan-cria-tinta-fria-para-reduzir-temperatura-interna-de-veiculos\/"},"wordCount":286,"commentCount":0,"publisher":{"@id":"https:\/\/jornalfatosenoticias.com.br\/#organization"},"image":{"@id":"https:\/\/jornalfatosenoticias.com.br\/index.php\/2024\/08\/12\/nissan-cria-tinta-fria-para-reduzir-temperatura-interna-de-veiculos\/#primaryimage"},"thumbnailUrl":"https:\/\/jornalfatosenoticias.com.br\/wp-content\/uploads\/2024\/08\/NISSAN-_istock.jpg","keywords":["calor","carros","energia","motor","Nissan","temperatura","tinta","ve\u00edculos","ve\u00edculos el\u00e9tricos"],"articleSection":["Tecnologia &amp; Inova\u00e7\u00e3o"],"inLanguage":"pt-BR","potentialAction":[{"@type":"CommentAction","name":"Comment","target":["https:\/\/jornalfatosenoticias.com.br\/index.php\/2024\/08\/12\/nissan-cria-tinta-fria-para-reduzir-temperatura-interna-de-veiculos\/#respond"]}]},{"@type":"WebPage","@id":"https:\/\/jornalfatosenoticias.com.br\/index.php\/2024\/08\/12\/nissan-cria-tinta-fria-para-reduzir-temperatura-interna-de-veiculos\/","url":"https:\/\/jornalfatosenoticias.com.br\/index.php\/2024\/08\/12\/nissan-cria-tinta-fria-para-reduzir-temperatura-interna-de-veiculos\/","name":"Nissan cria \u2018tinta fria\u2019 para reduzir temperatura interna de ve\u00edculos - Jornal Fatos e Not\u00edcias","isPartOf":{"@id":"https:\/\/jornalfatosenoticias.com.br\/#website"},"primaryImageOfPage":{"@id":"https:\/\/jornalfatosenoticias.com.br\/index.php\/2024\/08\/12\/nissan-cria-tinta-fria-para-reduzir-temperatura-interna-de-veiculos\/#primaryimage"},"image":{"@id":"https:\/\/jornalfatosenoticias.com.br\/index.php\/2024\/08\/12\/nissan-cria-tinta-fria-para-reduzir-temperatura-interna-de-veiculos\/#primaryimage"},"thumbnailUrl":"https:\/\/jornalfatosenoticias.com.br\/wp-content\/uploads\/2024\/08\/NISSAN-_istock.jpg","datePublished":"2024-08-12T11:52:07+00:00","dateModified":"2024-08-12T11:52:08+00:00","breadcrumb":{"@id":"https:\/\/jornalfatosenoticias.com.br\/index.php\/2024\/08\/12\/nissan-cria-tinta-fria-para-reduzir-temperatura-interna-de-veiculos\/#breadcrumb"},"inLanguage":"pt-BR","potentialAction":[{"@type":"ReadAction","target":["https:\/\/jornalfatosenoticias.com.br\/index.php\/2024\/08\/12\/nissan-cria-tinta-fria-para-reduzir-temperatura-interna-de-veiculos\/"]}]},{"@type":"ImageObject","inLanguage":"pt-BR","@id":"https:\/\/jornalfatosenoticias.com.br\/index.php\/2024\/08\/12\/nissan-cria-tinta-fria-para-reduzir-temperatura-interna-de-veiculos\/#primaryimage","url":"https:\/\/jornalfatosenoticias.com.br\/wp-content\/uploads\/2024\/08\/NISSAN-_istock.jpg","contentUrl":"https:\/\/jornalfatosenoticias.com.br\/wp-content\/uploads\/2024\/08\/NISSAN-_istock.jpg","width":612,"height":409,"caption":"Megeve, France - 24th September, 2015: Nissan Juke cars stopped on the parking during the press launch. The Juke model was debut in 2009 on the market. This model is on of the most popular crossovers on the European market."},{"@type":"BreadcrumbList","@id":"https:\/\/jornalfatosenoticias.com.br\/index.php\/2024\/08\/12\/nissan-cria-tinta-fria-para-reduzir-temperatura-interna-de-veiculos\/#breadcrumb","itemListElement":[{"@type":"ListItem","position":1,"name":"In\u00edcio","item":"https:\/\/jornalfatosenoticias.com.br\/"},{"@type":"ListItem","position":2,"name":"Nissan cria \u2018tinta fria\u2019 para reduzir temperatura interna de ve\u00edculos"}]},{"@type":"WebSite","@id":"https:\/\/jornalfatosenoticias.com.br\/#website","url":"https:\/\/jornalfatosenoticias.com.br\/","name":"Jornal Fatos e Not\u00edcias","description":"Not\u00edcias em geral","publisher":{"@id":"https:\/\/jornalfatosenoticias.com.br\/#organization"},"potentialAction":[{"@type":"SearchAction","target":{"@type":"EntryPoint","urlTemplate":"https:\/\/jornalfatosenoticias.com.br\/?s={search_term_string}"},"query-input":{"@type":"PropertyValueSpecification","valueRequired":true,"valueName":"search_term_string"}}],"inLanguage":"pt-BR"},{"@type":"Organization","@id":"https:\/\/jornalfatosenoticias.com.br\/#organization","name":"Jornal Fatos e Not\u00edcias","url":"https:\/\/jornalfatosenoticias.com.br\/","logo":{"@type":"ImageObject","inLanguage":"pt-BR","@id":"https:\/\/jornalfatosenoticias.com.br\/#\/schema\/logo\/image\/","url":"https:\/\/jornalfatosenoticias.com.br\/wp-content\/uploads\/2020\/02\/logo120.png","contentUrl":"https:\/\/jornalfatosenoticias.com.br\/wp-content\/uploads\/2020\/02\/logo120.png","width":1227,"height":120,"caption":"Jornal Fatos e Not\u00edcias"},"image":{"@id":"https:\/\/jornalfatosenoticias.com.br\/#\/schema\/logo\/image\/"}},{"@type":"Person","@id":"https:\/\/jornalfatosenoticias.com.br\/#\/schema\/person\/d63837fa13ac8666eb9e74e0985d6f81","name":"Luzimara Fernandes","image":{"@type":"ImageObject","inLanguage":"pt-BR","@id":"https:\/\/jornalfatosenoticias.com.br\/#\/schema\/person\/image\/","url":"https:\/\/jornalfatosenoticias.com.br\/wp-content\/uploads\/2025\/05\/EU_portal.jpg","contentUrl":"https:\/\/jornalfatosenoticias.com.br\/wp-content\/uploads\/2025\/05\/EU_portal.jpg","caption":"Luzimara Fernandes"},"description":"Jornalista MTB 2358-ES","sameAs":["https:\/\/jornalfatosenoticias.com.br"],"url":"https:\/\/jornalfatosenoticias.com.br\/index.php\/author\/luzimara\/"}]}},"cc_featured_image_caption":{"caption_text":"(Foto: iStock) ","source_text":"","source_url":""},"jetpack_featured_media_url":"https:\/\/jornalfatosenoticias.com.br\/wp-content\/uploads\/2024\/08\/NISSAN-_istock.jpg","_links":{"self":[{"href":"https:\/\/jornalfatosenoticias.com.br\/index.php\/wp-json\/wp\/v2\/posts\/53416","targetHints":{"allow":["GET"]}}],"collection":[{"href":"https:\/\/jornalfatosenoticias.com.br\/index.php\/wp-json\/wp\/v2\/posts"}],"about":[{"href":"https:\/\/jornalfatosenoticias.com.br\/index.php\/wp-json\/wp\/v2\/types\/post"}],"author":[{"embeddable":true,"href":"https:\/\/jornalfatosenoticias.com.br\/index.php\/wp-json\/wp\/v2\/users\/2"}],"replies":[{"embeddable":true,"href":"https:\/\/jornalfatosenoticias.com.br\/index.php\/wp-json\/wp\/v2\/comments?post=53416"}],"version-history":[{"count":0,"href":"https:\/\/jornalfatosenoticias.com.br\/index.php\/wp-json\/wp\/v2\/posts\/53416\/revisions"}],"wp:featuredmedia":[{"embeddable":true,"href":"https:\/\/jornalfatosenoticias.com.br\/index.php\/wp-json\/wp\/v2\/media\/53417"}],"wp:attachment":[{"href":"https:\/\/jornalfatosenoticias.com.br\/index.php\/wp-json\/wp\/v2\/media?parent=53416"}],"wp:term":[{"taxonomy":"category","embeddable":true,"href":"https:\/\/jornalfatosenoticias.com.br\/index.php\/wp-json\/wp\/v2\/categories?post=53416"},{"taxonomy":"post_tag","embeddable":true,"href":"https:\/\/jornalfatosenoticias.com.br\/index.php\/wp-json\/wp\/v2\/tags?post=53416"}],"curies":[{"name":"wp","href":"https:\/\/api.w.org\/{rel}","templated":true}]}}