{"id":5343,"date":"2020-06-05T15:05:08","date_gmt":"2020-06-05T18:05:08","guid":{"rendered":"https:\/\/jornalfatosenoticias.com.br\/?p=5343"},"modified":"2020-06-05T15:05:09","modified_gmt":"2020-06-05T18:05:09","slug":"inscricoes-para-olimpiada-cientifica-de-astronomia-sao-prorrogadas","status":"publish","type":"post","link":"https:\/\/jornalfatosenoticias.com.br\/index.php\/2020\/06\/05\/inscricoes-para-olimpiada-cientifica-de-astronomia-sao-prorrogadas\/","title":{"rendered":"Inscri\u00e7\u00f5es para olimp\u00edada cient\u00edfica de astronomia s\u00e3o prorrogadas"},"content":{"rendered":"\n<h6 class=\"wp-block-heading\"><em>Por causa da pandemia do novo coronav\u00edrus, escolas t\u00eam a possibilidade de se inscrever na maior olimp\u00edada cient\u00edfica do Pa\u00eds at\u00e9 o fim de junho<\/em><\/h6>\n\n\n\n<p>Prevista para acontecer em maio, a 23\u00aa edi\u00e7\u00e3o da Olimp\u00edada Brasileira de Astronomia e Astron\u00e1utica (OBA) foi adiada, ainda sem data definida, por conta da pandemia do novo coronav\u00edrus. A boa not\u00edcia \u00e9 que se estendeu tamb\u00e9m o prazo de inscri\u00e7\u00e3o: agora os participantes t\u00eam at\u00e9 o dia 30 de junho para se cadastrarem na maior olimp\u00edada cient\u00edfica do Pa\u00eds.<br>O concurso engloba estudantes dos ensinos fundamental e m\u00e9dio de escolas p\u00fablicas e particulares. Ao longo de 23 anos, a OBA j\u00e1 envolveu 10 milh\u00f5es de participantes, e distribui anualmente cerca de 50 mil medalhas. Em 2020, os alunos que forem melhor classificados ter\u00e3o a oportunidade de representar o Brasil, em 2021, na Olimp\u00edada Internacional de Astronomia e Astrof\u00edsica e na Olimp\u00edada Latino-Americana de Astronomia e Astron\u00e1utica. Al\u00e9m disso, os participantes desta edi\u00e7\u00e3o v\u00e3o concorrer a vagas nas Jornadas Espaciais, programa da Ag\u00eancia Espacial Brasileira (AEB) que oferece material did\u00e1tico e palestras de especialistas.<br>A OBA \u00e9 dividida em quatro n\u00edveis, sendo os tr\u00eas primeiros para alunos do ensino fundamental e o quarto para os do ensino m\u00e9dio. A prova \u00e9 composta por dez perguntas: sete de astronomia e tr\u00eas de astron\u00e1utica. A maioria das quest\u00f5es \u00e9 de racioc\u00ednio l\u00f3gico e as medalhas s\u00e3o distribu\u00eddas conforme a pontua\u00e7\u00e3o obtida por cada n\u00edvel.<br>Segundo Jo\u00e3o Batista Garcia Canalle, astr\u00f4nomo da Universidade do Estado do Rio de Janeiro (Uerj) e coordenador nacional do evento, o objetivo da olimp\u00edada \u00e9 oferecer maior quantidade de informa\u00e7\u00f5es sobre as ci\u00eancias espaciais para a sala de aula, despertando o interesse nos jovens. &#8220;Queremos promover a dissemina\u00e7\u00e3o dos conhecimentos b\u00e1sicos de forma l\u00fadica e cooperativa entre professores e alunos, al\u00e9m de mant\u00ea-los atualizados&#8221;, afirma.<br>Organizada pela OBA, a 14\u00aa Mostra Brasileira de Foguetes (MOBFOG) tamb\u00e9m prorrogou suas inscri\u00e7\u00f5es. O evento avalia a capacidade dos estudantes de construir e lan\u00e7ar, o mais longe poss\u00edvel, foguetes feitos de garrafa PET, de tubo de papel ou de canudo de refrigerante. O evento acontece dentro da pr\u00f3pria escola e tem quatro n\u00edveis. Entretanto, a novidade deste ano \u00e9 que professores tamb\u00e9m poder\u00e3o construir e lan\u00e7ar foguetes de papel, mas sem concorrer a pr\u00eamios.<br>O cadastro \u00e9 \u00fanico para os dois eventos e pode ser feito pelo site. Nele, tamb\u00e9m encontram-se mais informa\u00e7\u00f5es sobre a olimp\u00edada e explica\u00e7\u00f5es para a constru\u00e7\u00e3o dos projetos.<\/p>\n\n\n\n<p><strong><em>Fonte: <a href=\"https:\/\/revistagalileu.globo.com\/Ciencia\/noticia\/2020\/06\/inscricoes-para-olimpiada-cientifica-de-astronomia-sao-prorrogadas.html\">Revista Galileu<\/a><\/em><\/strong><\/p>\n","protected":false},"excerpt":{"rendered":"<p>Por causa da pandemia do novo coronav\u00edrus, escolas t\u00eam a possibilidade de se inscrever na maior olimp\u00edada cient\u00edfica do Pa\u00eds at\u00e9 o fim de junho Prevista para acontecer em maio, a 23\u00aa edi\u00e7\u00e3o da Olimp\u00edada Brasileira de Astronomia e Astron\u00e1utica (OBA) foi adiada, ainda sem data definida, por conta da pandemia do novo coronav\u00edrus. A [&hellip;]<\/p>\n","protected":false},"author":2,"featured_media":5344,"comment_status":"open","ping_status":"open","sticky":false,"template":"","format":"standard","meta":{"footnotes":""},"categories":[7],"tags":[3196,472,852,3198,3197,651],"class_list":["post-5343","post","type-post","status-publish","format-standard","has-post-thumbnail","hentry","category-educacao","tag-astronautica","tag-astronomia","tag-estudantes","tag-foguetes","tag-oba","tag-olimpiada"],"yoast_head":"<!-- This site is optimized with the Yoast SEO plugin v26.5 - https:\/\/yoast.com\/wordpress\/plugins\/seo\/ -->\n<title>Inscri\u00e7\u00f5es para olimp\u00edada cient\u00edfica de astronomia s\u00e3o prorrogadas - Jornal Fatos e Not\u00edcias<\/title>\n<meta name=\"robots\" content=\"index, follow, max-snippet:-1, max-image-preview:large, max-video-preview:-1\" \/>\n<link rel=\"canonical\" href=\"https:\/\/jornalfatosenoticias.com.br\/index.php\/2020\/06\/05\/inscricoes-para-olimpiada-cientifica-de-astronomia-sao-prorrogadas\/\" \/>\n<meta property=\"og:locale\" content=\"pt_BR\" \/>\n<meta property=\"og:type\" content=\"article\" \/>\n<meta property=\"og:title\" content=\"Inscri\u00e7\u00f5es para olimp\u00edada cient\u00edfica de astronomia s\u00e3o prorrogadas - Jornal Fatos e Not\u00edcias\" \/>\n<meta property=\"og:description\" content=\"Por causa da pandemia do novo coronav\u00edrus, escolas t\u00eam a possibilidade de se inscrever na maior olimp\u00edada cient\u00edfica do Pa\u00eds at\u00e9 o fim de junho Prevista para acontecer em maio, a 23\u00aa edi\u00e7\u00e3o da Olimp\u00edada Brasileira de Astronomia e Astron\u00e1utica (OBA) foi adiada, ainda sem data definida, por conta da pandemia do novo coronav\u00edrus. A [&hellip;]\" \/>\n<meta property=\"og:url\" content=\"https:\/\/jornalfatosenoticias.com.br\/index.php\/2020\/06\/05\/inscricoes-para-olimpiada-cientifica-de-astronomia-sao-prorrogadas\/\" \/>\n<meta property=\"og:site_name\" content=\"Jornal Fatos e Not\u00edcias\" \/>\n<meta property=\"article:published_time\" content=\"2020-06-05T18:05:08+00:00\" \/>\n<meta property=\"article:modified_time\" content=\"2020-06-05T18:05:09+00:00\" \/>\n<meta property=\"og:image\" content=\"https:\/\/jornalfatosenoticias.com.br\/wp-content\/uploads\/2020\/06\/thumbnail_1_-_jornada_de_foguetes_-_credito_fotografico_carlos_pinho.jpg\" \/>\n\t<meta property=\"og:image:width\" content=\"1000\" \/>\n\t<meta property=\"og:image:height\" content=\"666\" \/>\n\t<meta property=\"og:image:type\" content=\"image\/jpeg\" \/>\n<meta name=\"author\" content=\"Luzimara Fernandes\" \/>\n<meta name=\"twitter:card\" content=\"summary_large_image\" \/>\n<meta name=\"twitter:label1\" content=\"Escrito por\" \/>\n\t<meta name=\"twitter:data1\" content=\"Luzimara Fernandes\" \/>\n\t<meta name=\"twitter:label2\" content=\"Est. tempo de leitura\" \/>\n\t<meta name=\"twitter:data2\" content=\"2 minutos\" \/>\n<script type=\"application\/ld+json\" class=\"yoast-schema-graph\">{\"@context\":\"https:\/\/schema.org\",\"@graph\":[{\"@type\":\"Article\",\"@id\":\"https:\/\/jornalfatosenoticias.com.br\/index.php\/2020\/06\/05\/inscricoes-para-olimpiada-cientifica-de-astronomia-sao-prorrogadas\/#article\",\"isPartOf\":{\"@id\":\"https:\/\/jornalfatosenoticias.com.br\/index.php\/2020\/06\/05\/inscricoes-para-olimpiada-cientifica-de-astronomia-sao-prorrogadas\/\"},\"author\":{\"name\":\"Luzimara Fernandes\",\"@id\":\"https:\/\/jornalfatosenoticias.com.br\/#\/schema\/person\/d63837fa13ac8666eb9e74e0985d6f81\"},\"headline\":\"Inscri\u00e7\u00f5es para olimp\u00edada cient\u00edfica de astronomia s\u00e3o prorrogadas\",\"datePublished\":\"2020-06-05T18:05:08+00:00\",\"dateModified\":\"2020-06-05T18:05:09+00:00\",\"mainEntityOfPage\":{\"@id\":\"https:\/\/jornalfatosenoticias.com.br\/index.php\/2020\/06\/05\/inscricoes-para-olimpiada-cientifica-de-astronomia-sao-prorrogadas\/\"},\"wordCount\":472,\"commentCount\":0,\"publisher\":{\"@id\":\"https:\/\/jornalfatosenoticias.com.br\/#organization\"},\"image\":{\"@id\":\"https:\/\/jornalfatosenoticias.com.br\/index.php\/2020\/06\/05\/inscricoes-para-olimpiada-cientifica-de-astronomia-sao-prorrogadas\/#primaryimage\"},\"thumbnailUrl\":\"https:\/\/jornalfatosenoticias.com.br\/wp-content\/uploads\/2020\/06\/thumbnail_1_-_jornada_de_foguetes_-_credito_fotografico_carlos_pinho.jpg\",\"keywords\":[\"Astron\u00e1utica\",\"Astronomia\",\"estudantes\",\"foguetes\",\"OBA\",\"Olimp\u00edada\"],\"articleSection\":[\"Educa\u00e7\u00e3o\"],\"inLanguage\":\"pt-BR\",\"potentialAction\":[{\"@type\":\"CommentAction\",\"name\":\"Comment\",\"target\":[\"https:\/\/jornalfatosenoticias.com.br\/index.php\/2020\/06\/05\/inscricoes-para-olimpiada-cientifica-de-astronomia-sao-prorrogadas\/#respond\"]}]},{\"@type\":\"WebPage\",\"@id\":\"https:\/\/jornalfatosenoticias.com.br\/index.php\/2020\/06\/05\/inscricoes-para-olimpiada-cientifica-de-astronomia-sao-prorrogadas\/\",\"url\":\"https:\/\/jornalfatosenoticias.com.br\/index.php\/2020\/06\/05\/inscricoes-para-olimpiada-cientifica-de-astronomia-sao-prorrogadas\/\",\"name\":\"Inscri\u00e7\u00f5es para olimp\u00edada cient\u00edfica de astronomia s\u00e3o prorrogadas - Jornal Fatos e Not\u00edcias\",\"isPartOf\":{\"@id\":\"https:\/\/jornalfatosenoticias.com.br\/#website\"},\"primaryImageOfPage\":{\"@id\":\"https:\/\/jornalfatosenoticias.com.br\/index.php\/2020\/06\/05\/inscricoes-para-olimpiada-cientifica-de-astronomia-sao-prorrogadas\/#primaryimage\"},\"image\":{\"@id\":\"https:\/\/jornalfatosenoticias.com.br\/index.php\/2020\/06\/05\/inscricoes-para-olimpiada-cientifica-de-astronomia-sao-prorrogadas\/#primaryimage\"},\"thumbnailUrl\":\"https:\/\/jornalfatosenoticias.com.br\/wp-content\/uploads\/2020\/06\/thumbnail_1_-_jornada_de_foguetes_-_credito_fotografico_carlos_pinho.jpg\",\"datePublished\":\"2020-06-05T18:05:08+00:00\",\"dateModified\":\"2020-06-05T18:05:09+00:00\",\"breadcrumb\":{\"@id\":\"https:\/\/jornalfatosenoticias.com.br\/index.php\/2020\/06\/05\/inscricoes-para-olimpiada-cientifica-de-astronomia-sao-prorrogadas\/#breadcrumb\"},\"inLanguage\":\"pt-BR\",\"potentialAction\":[{\"@type\":\"ReadAction\",\"target\":[\"https:\/\/jornalfatosenoticias.com.br\/index.php\/2020\/06\/05\/inscricoes-para-olimpiada-cientifica-de-astronomia-sao-prorrogadas\/\"]}]},{\"@type\":\"ImageObject\",\"inLanguage\":\"pt-BR\",\"@id\":\"https:\/\/jornalfatosenoticias.com.br\/index.php\/2020\/06\/05\/inscricoes-para-olimpiada-cientifica-de-astronomia-sao-prorrogadas\/#primaryimage\",\"url\":\"https:\/\/jornalfatosenoticias.com.br\/wp-content\/uploads\/2020\/06\/thumbnail_1_-_jornada_de_foguetes_-_credito_fotografico_carlos_pinho.jpg\",\"contentUrl\":\"https:\/\/jornalfatosenoticias.com.br\/wp-content\/uploads\/2020\/06\/thumbnail_1_-_jornada_de_foguetes_-_credito_fotografico_carlos_pinho.jpg\",\"width\":1000,\"height\":666},{\"@type\":\"BreadcrumbList\",\"@id\":\"https:\/\/jornalfatosenoticias.com.br\/index.php\/2020\/06\/05\/inscricoes-para-olimpiada-cientifica-de-astronomia-sao-prorrogadas\/#breadcrumb\",\"itemListElement\":[{\"@type\":\"ListItem\",\"position\":1,\"name\":\"In\u00edcio\",\"item\":\"https:\/\/jornalfatosenoticias.com.br\/\"},{\"@type\":\"ListItem\",\"position\":2,\"name\":\"Inscri\u00e7\u00f5es para olimp\u00edada cient\u00edfica de astronomia s\u00e3o prorrogadas\"}]},{\"@type\":\"WebSite\",\"@id\":\"https:\/\/jornalfatosenoticias.com.br\/#website\",\"url\":\"https:\/\/jornalfatosenoticias.com.br\/\",\"name\":\"Jornal Fatos e Not\u00edcias\",\"description\":\"Not\u00edcias em geral\",\"publisher\":{\"@id\":\"https:\/\/jornalfatosenoticias.com.br\/#organization\"},\"potentialAction\":[{\"@type\":\"SearchAction\",\"target\":{\"@type\":\"EntryPoint\",\"urlTemplate\":\"https:\/\/jornalfatosenoticias.com.br\/?s={search_term_string}\"},\"query-input\":{\"@type\":\"PropertyValueSpecification\",\"valueRequired\":true,\"valueName\":\"search_term_string\"}}],\"inLanguage\":\"pt-BR\"},{\"@type\":\"Organization\",\"@id\":\"https:\/\/jornalfatosenoticias.com.br\/#organization\",\"name\":\"Jornal Fatos e Not\u00edcias\",\"url\":\"https:\/\/jornalfatosenoticias.com.br\/\",\"logo\":{\"@type\":\"ImageObject\",\"inLanguage\":\"pt-BR\",\"@id\":\"https:\/\/jornalfatosenoticias.com.br\/#\/schema\/logo\/image\/\",\"url\":\"https:\/\/jornalfatosenoticias.com.br\/wp-content\/uploads\/2020\/02\/logo120.png\",\"contentUrl\":\"https:\/\/jornalfatosenoticias.com.br\/wp-content\/uploads\/2020\/02\/logo120.png\",\"width\":1227,\"height\":120,\"caption\":\"Jornal Fatos e Not\u00edcias\"},\"image\":{\"@id\":\"https:\/\/jornalfatosenoticias.com.br\/#\/schema\/logo\/image\/\"}},{\"@type\":\"Person\",\"@id\":\"https:\/\/jornalfatosenoticias.com.br\/#\/schema\/person\/d63837fa13ac8666eb9e74e0985d6f81\",\"name\":\"Luzimara Fernandes\",\"image\":{\"@type\":\"ImageObject\",\"inLanguage\":\"pt-BR\",\"@id\":\"https:\/\/jornalfatosenoticias.com.br\/#\/schema\/person\/image\/\",\"url\":\"https:\/\/jornalfatosenoticias.com.br\/wp-content\/uploads\/2025\/05\/EU_portal.jpg\",\"contentUrl\":\"https:\/\/jornalfatosenoticias.com.br\/wp-content\/uploads\/2025\/05\/EU_portal.jpg\",\"caption\":\"Luzimara Fernandes\"},\"description\":\"Jornalista MTB 2358-ES\",\"sameAs\":[\"https:\/\/jornalfatosenoticias.com.br\"],\"url\":\"https:\/\/jornalfatosenoticias.com.br\/index.php\/author\/luzimara\/\"}]}<\/script>\n<!-- \/ Yoast SEO plugin. -->","yoast_head_json":{"title":"Inscri\u00e7\u00f5es para olimp\u00edada cient\u00edfica de astronomia s\u00e3o prorrogadas - Jornal Fatos e Not\u00edcias","robots":{"index":"index","follow":"follow","max-snippet":"max-snippet:-1","max-image-preview":"max-image-preview:large","max-video-preview":"max-video-preview:-1"},"canonical":"https:\/\/jornalfatosenoticias.com.br\/index.php\/2020\/06\/05\/inscricoes-para-olimpiada-cientifica-de-astronomia-sao-prorrogadas\/","og_locale":"pt_BR","og_type":"article","og_title":"Inscri\u00e7\u00f5es para olimp\u00edada cient\u00edfica de astronomia s\u00e3o prorrogadas - Jornal Fatos e Not\u00edcias","og_description":"Por causa da pandemia do novo coronav\u00edrus, escolas t\u00eam a possibilidade de se inscrever na maior olimp\u00edada cient\u00edfica do Pa\u00eds at\u00e9 o fim de junho Prevista para acontecer em maio, a 23\u00aa edi\u00e7\u00e3o da Olimp\u00edada Brasileira de Astronomia e Astron\u00e1utica (OBA) foi adiada, ainda sem data definida, por conta da pandemia do novo coronav\u00edrus. A [&hellip;]","og_url":"https:\/\/jornalfatosenoticias.com.br\/index.php\/2020\/06\/05\/inscricoes-para-olimpiada-cientifica-de-astronomia-sao-prorrogadas\/","og_site_name":"Jornal Fatos e Not\u00edcias","article_published_time":"2020-06-05T18:05:08+00:00","article_modified_time":"2020-06-05T18:05:09+00:00","og_image":[{"width":1000,"height":666,"url":"https:\/\/jornalfatosenoticias.com.br\/wp-content\/uploads\/2020\/06\/thumbnail_1_-_jornada_de_foguetes_-_credito_fotografico_carlos_pinho.jpg","type":"image\/jpeg"}],"author":"Luzimara Fernandes","twitter_card":"summary_large_image","twitter_misc":{"Escrito por":"Luzimara Fernandes","Est. tempo de leitura":"2 minutos"},"schema":{"@context":"https:\/\/schema.org","@graph":[{"@type":"Article","@id":"https:\/\/jornalfatosenoticias.com.br\/index.php\/2020\/06\/05\/inscricoes-para-olimpiada-cientifica-de-astronomia-sao-prorrogadas\/#article","isPartOf":{"@id":"https:\/\/jornalfatosenoticias.com.br\/index.php\/2020\/06\/05\/inscricoes-para-olimpiada-cientifica-de-astronomia-sao-prorrogadas\/"},"author":{"name":"Luzimara Fernandes","@id":"https:\/\/jornalfatosenoticias.com.br\/#\/schema\/person\/d63837fa13ac8666eb9e74e0985d6f81"},"headline":"Inscri\u00e7\u00f5es para olimp\u00edada cient\u00edfica de astronomia s\u00e3o prorrogadas","datePublished":"2020-06-05T18:05:08+00:00","dateModified":"2020-06-05T18:05:09+00:00","mainEntityOfPage":{"@id":"https:\/\/jornalfatosenoticias.com.br\/index.php\/2020\/06\/05\/inscricoes-para-olimpiada-cientifica-de-astronomia-sao-prorrogadas\/"},"wordCount":472,"commentCount":0,"publisher":{"@id":"https:\/\/jornalfatosenoticias.com.br\/#organization"},"image":{"@id":"https:\/\/jornalfatosenoticias.com.br\/index.php\/2020\/06\/05\/inscricoes-para-olimpiada-cientifica-de-astronomia-sao-prorrogadas\/#primaryimage"},"thumbnailUrl":"https:\/\/jornalfatosenoticias.com.br\/wp-content\/uploads\/2020\/06\/thumbnail_1_-_jornada_de_foguetes_-_credito_fotografico_carlos_pinho.jpg","keywords":["Astron\u00e1utica","Astronomia","estudantes","foguetes","OBA","Olimp\u00edada"],"articleSection":["Educa\u00e7\u00e3o"],"inLanguage":"pt-BR","potentialAction":[{"@type":"CommentAction","name":"Comment","target":["https:\/\/jornalfatosenoticias.com.br\/index.php\/2020\/06\/05\/inscricoes-para-olimpiada-cientifica-de-astronomia-sao-prorrogadas\/#respond"]}]},{"@type":"WebPage","@id":"https:\/\/jornalfatosenoticias.com.br\/index.php\/2020\/06\/05\/inscricoes-para-olimpiada-cientifica-de-astronomia-sao-prorrogadas\/","url":"https:\/\/jornalfatosenoticias.com.br\/index.php\/2020\/06\/05\/inscricoes-para-olimpiada-cientifica-de-astronomia-sao-prorrogadas\/","name":"Inscri\u00e7\u00f5es para olimp\u00edada cient\u00edfica de astronomia s\u00e3o prorrogadas - Jornal Fatos e Not\u00edcias","isPartOf":{"@id":"https:\/\/jornalfatosenoticias.com.br\/#website"},"primaryImageOfPage":{"@id":"https:\/\/jornalfatosenoticias.com.br\/index.php\/2020\/06\/05\/inscricoes-para-olimpiada-cientifica-de-astronomia-sao-prorrogadas\/#primaryimage"},"image":{"@id":"https:\/\/jornalfatosenoticias.com.br\/index.php\/2020\/06\/05\/inscricoes-para-olimpiada-cientifica-de-astronomia-sao-prorrogadas\/#primaryimage"},"thumbnailUrl":"https:\/\/jornalfatosenoticias.com.br\/wp-content\/uploads\/2020\/06\/thumbnail_1_-_jornada_de_foguetes_-_credito_fotografico_carlos_pinho.jpg","datePublished":"2020-06-05T18:05:08+00:00","dateModified":"2020-06-05T18:05:09+00:00","breadcrumb":{"@id":"https:\/\/jornalfatosenoticias.com.br\/index.php\/2020\/06\/05\/inscricoes-para-olimpiada-cientifica-de-astronomia-sao-prorrogadas\/#breadcrumb"},"inLanguage":"pt-BR","potentialAction":[{"@type":"ReadAction","target":["https:\/\/jornalfatosenoticias.com.br\/index.php\/2020\/06\/05\/inscricoes-para-olimpiada-cientifica-de-astronomia-sao-prorrogadas\/"]}]},{"@type":"ImageObject","inLanguage":"pt-BR","@id":"https:\/\/jornalfatosenoticias.com.br\/index.php\/2020\/06\/05\/inscricoes-para-olimpiada-cientifica-de-astronomia-sao-prorrogadas\/#primaryimage","url":"https:\/\/jornalfatosenoticias.com.br\/wp-content\/uploads\/2020\/06\/thumbnail_1_-_jornada_de_foguetes_-_credito_fotografico_carlos_pinho.jpg","contentUrl":"https:\/\/jornalfatosenoticias.com.br\/wp-content\/uploads\/2020\/06\/thumbnail_1_-_jornada_de_foguetes_-_credito_fotografico_carlos_pinho.jpg","width":1000,"height":666},{"@type":"BreadcrumbList","@id":"https:\/\/jornalfatosenoticias.com.br\/index.php\/2020\/06\/05\/inscricoes-para-olimpiada-cientifica-de-astronomia-sao-prorrogadas\/#breadcrumb","itemListElement":[{"@type":"ListItem","position":1,"name":"In\u00edcio","item":"https:\/\/jornalfatosenoticias.com.br\/"},{"@type":"ListItem","position":2,"name":"Inscri\u00e7\u00f5es para olimp\u00edada cient\u00edfica de astronomia s\u00e3o prorrogadas"}]},{"@type":"WebSite","@id":"https:\/\/jornalfatosenoticias.com.br\/#website","url":"https:\/\/jornalfatosenoticias.com.br\/","name":"Jornal Fatos e Not\u00edcias","description":"Not\u00edcias em geral","publisher":{"@id":"https:\/\/jornalfatosenoticias.com.br\/#organization"},"potentialAction":[{"@type":"SearchAction","target":{"@type":"EntryPoint","urlTemplate":"https:\/\/jornalfatosenoticias.com.br\/?s={search_term_string}"},"query-input":{"@type":"PropertyValueSpecification","valueRequired":true,"valueName":"search_term_string"}}],"inLanguage":"pt-BR"},{"@type":"Organization","@id":"https:\/\/jornalfatosenoticias.com.br\/#organization","name":"Jornal Fatos e Not\u00edcias","url":"https:\/\/jornalfatosenoticias.com.br\/","logo":{"@type":"ImageObject","inLanguage":"pt-BR","@id":"https:\/\/jornalfatosenoticias.com.br\/#\/schema\/logo\/image\/","url":"https:\/\/jornalfatosenoticias.com.br\/wp-content\/uploads\/2020\/02\/logo120.png","contentUrl":"https:\/\/jornalfatosenoticias.com.br\/wp-content\/uploads\/2020\/02\/logo120.png","width":1227,"height":120,"caption":"Jornal Fatos e Not\u00edcias"},"image":{"@id":"https:\/\/jornalfatosenoticias.com.br\/#\/schema\/logo\/image\/"}},{"@type":"Person","@id":"https:\/\/jornalfatosenoticias.com.br\/#\/schema\/person\/d63837fa13ac8666eb9e74e0985d6f81","name":"Luzimara Fernandes","image":{"@type":"ImageObject","inLanguage":"pt-BR","@id":"https:\/\/jornalfatosenoticias.com.br\/#\/schema\/person\/image\/","url":"https:\/\/jornalfatosenoticias.com.br\/wp-content\/uploads\/2025\/05\/EU_portal.jpg","contentUrl":"https:\/\/jornalfatosenoticias.com.br\/wp-content\/uploads\/2025\/05\/EU_portal.jpg","caption":"Luzimara Fernandes"},"description":"Jornalista MTB 2358-ES","sameAs":["https:\/\/jornalfatosenoticias.com.br"],"url":"https:\/\/jornalfatosenoticias.com.br\/index.php\/author\/luzimara\/"}]}},"cc_featured_image_caption":{"caption_text":"(Foto: Carlos Pinho\/Divulga\u00e7\u00e3o) ","source_text":"","source_url":""},"jetpack_featured_media_url":"https:\/\/jornalfatosenoticias.com.br\/wp-content\/uploads\/2020\/06\/thumbnail_1_-_jornada_de_foguetes_-_credito_fotografico_carlos_pinho.jpg","_links":{"self":[{"href":"https:\/\/jornalfatosenoticias.com.br\/index.php\/wp-json\/wp\/v2\/posts\/5343","targetHints":{"allow":["GET"]}}],"collection":[{"href":"https:\/\/jornalfatosenoticias.com.br\/index.php\/wp-json\/wp\/v2\/posts"}],"about":[{"href":"https:\/\/jornalfatosenoticias.com.br\/index.php\/wp-json\/wp\/v2\/types\/post"}],"author":[{"embeddable":true,"href":"https:\/\/jornalfatosenoticias.com.br\/index.php\/wp-json\/wp\/v2\/users\/2"}],"replies":[{"embeddable":true,"href":"https:\/\/jornalfatosenoticias.com.br\/index.php\/wp-json\/wp\/v2\/comments?post=5343"}],"version-history":[{"count":0,"href":"https:\/\/jornalfatosenoticias.com.br\/index.php\/wp-json\/wp\/v2\/posts\/5343\/revisions"}],"wp:featuredmedia":[{"embeddable":true,"href":"https:\/\/jornalfatosenoticias.com.br\/index.php\/wp-json\/wp\/v2\/media\/5344"}],"wp:attachment":[{"href":"https:\/\/jornalfatosenoticias.com.br\/index.php\/wp-json\/wp\/v2\/media?parent=5343"}],"wp:term":[{"taxonomy":"category","embeddable":true,"href":"https:\/\/jornalfatosenoticias.com.br\/index.php\/wp-json\/wp\/v2\/categories?post=5343"},{"taxonomy":"post_tag","embeddable":true,"href":"https:\/\/jornalfatosenoticias.com.br\/index.php\/wp-json\/wp\/v2\/tags?post=5343"}],"curies":[{"name":"wp","href":"https:\/\/api.w.org\/{rel}","templated":true}]}}