{"id":53449,"date":"2024-08-13T11:11:39","date_gmt":"2024-08-13T14:11:39","guid":{"rendered":"https:\/\/jornalfatosenoticias.com.br\/?p=53449"},"modified":"2024-08-13T11:11:40","modified_gmt":"2024-08-13T14:11:40","slug":"ira-rechaca-apelo-de-paises-da-europa-para-reduzir-tensoes-e-pode-realizar-ataque-contra-israel-em-breve","status":"publish","type":"post","link":"https:\/\/jornalfatosenoticias.com.br\/index.php\/2024\/08\/13\/ira-rechaca-apelo-de-paises-da-europa-para-reduzir-tensoes-e-pode-realizar-ataque-contra-israel-em-breve\/","title":{"rendered":"Ir\u00e3 recha\u00e7a apelo de pa\u00edses da Europa para reduzir tens\u00f5es e pode realizar ataque contra Israel em breve"},"content":{"rendered":"\n<p><em><span class=\"has-inline-color has-black-color\">Outdoor com a foto do presidente do Ir\u00e3, Masoud Pezeshkian (\u00e0 direita), segurando as m\u00e3os do l\u00edder terrorista do Hamas, Ismail Haniyeh, morto em Teer\u00e3<\/span><\/em><\/p>\n\n\n\n<p><span class=\"has-inline-color has-black-color\">Por <strong><a href=\"https:\/\/www.gazetadopovo.com.br\/autor\/john-lucas\/\">John Lucas<\/a><\/strong><\/span><\/p>\n\n\n\n<div class=\"wp-block-image\"><figure class=\"aligncenter size-large\"><a href=\"https:\/\/mizu.com.br\/\"><img loading=\"lazy\" decoding=\"async\" width=\"729\" height=\"90\" src=\"https:\/\/jornalfatosenoticias.com.br\/wp-content\/uploads\/2020\/02\/Logo_Mizu.png\" alt=\"\" class=\"wp-image-1441\" srcset=\"https:\/\/jornalfatosenoticias.com.br\/wp-content\/uploads\/2020\/02\/Logo_Mizu.png 729w, https:\/\/jornalfatosenoticias.com.br\/wp-content\/uploads\/2020\/02\/Logo_Mizu-300x37.png 300w\" sizes=\"auto, (max-width: 729px) 100vw, 729px\" \/><\/a><\/figure><\/div>\n\n\n\n<p>O Minist\u00e9rio das Rela\u00e7\u00f5es Exteriores do regime do Ir\u00e3 recha\u00e7ou nesta ter\u00e7a-feira (13) o apelo feito por Alemanha, Fran\u00e7a e Reino Unido para que deixe de amea\u00e7ar Israel e ressaltou que o pa\u00eds n\u00e3o pede &#8220;permiss\u00e3o&#8221; a ningu\u00e9m para defender sua seguran\u00e7a nacional.<br>\u201cO Ir\u00e3 est\u00e1 determinado a defender sua soberania e seguran\u00e7a nacional, al\u00e9m de ajudar a estabelecer uma estabilidade s\u00f3lida na regi\u00e3o e a criar dissuas\u00e3o contra a verdadeira fonte de inseguran\u00e7a e terrorismo na \u00e1rea\u201d, afirmou o porta-voz da chancelaria iraniana, Nasser Kanani, em um comunicado.<\/p>\n\n\n\n<div class=\"wp-block-image\"><figure class=\"aligncenter size-large is-resized\"><a href=\"https:\/\/www.facebook.com\/postobkr\/?locale=pt_BR\"><img loading=\"lazy\" decoding=\"async\" src=\"https:\/\/jornalfatosenoticias.com.br\/wp-content\/uploads\/2023\/08\/BKR-1024x1021.jpg\" alt=\"\" class=\"wp-image-44494\" width=\"301\" height=\"300\" srcset=\"https:\/\/jornalfatosenoticias.com.br\/wp-content\/uploads\/2023\/08\/BKR-1024x1021.jpg 1024w, https:\/\/jornalfatosenoticias.com.br\/wp-content\/uploads\/2023\/08\/BKR-300x300.jpg 300w, https:\/\/jornalfatosenoticias.com.br\/wp-content\/uploads\/2023\/08\/BKR-150x150.jpg 150w, https:\/\/jornalfatosenoticias.com.br\/wp-content\/uploads\/2023\/08\/BKR-768x766.jpg 768w, https:\/\/jornalfatosenoticias.com.br\/wp-content\/uploads\/2023\/08\/BKR.jpg 1080w\" sizes=\"auto, (max-width: 301px) 100vw, 301px\" \/><\/a><\/figure><\/div>\n\n\n\n<p>O diplomata iraniano disse ainda que seu pa\u00eds \u201cn\u00e3o pede permiss\u00e3o a ningu\u00e9m no uso dos seus direitos reconhecidos\u201d, em refer\u00eancia a uma resposta a morte do l\u00edder pol\u00edtico do grupo terrorista palestino Hamas, Ismail Haniyeh, ocorrido em Teer\u00e3 no \u00faltimo dia 31 de julho.<\/p>\n\n\n\n<div class=\"wp-block-image\"><figure class=\"aligncenter size-large is-resized\"><a href=\"https:\/\/www.ithbrasil.com.br\/\"><img loading=\"lazy\" decoding=\"async\" src=\"https:\/\/jornalfatosenoticias.com.br\/wp-content\/uploads\/2023\/08\/ITH.jpeg\" alt=\"\" class=\"wp-image-44638\" width=\"321\" height=\"260\" srcset=\"https:\/\/jornalfatosenoticias.com.br\/wp-content\/uploads\/2023\/08\/ITH.jpeg 800w, https:\/\/jornalfatosenoticias.com.br\/wp-content\/uploads\/2023\/08\/ITH-300x244.jpeg 300w, https:\/\/jornalfatosenoticias.com.br\/wp-content\/uploads\/2023\/08\/ITH-768x624.jpeg 768w\" sizes=\"auto, (max-width: 321px) 100vw, 321px\" \/><\/a><\/figure><\/div>\n\n\n\n<p>Confrontados com um poss\u00edvel ataque iminente do Ir\u00e3 contra o territ\u00f3rio israelense, Alemanha, Fran\u00e7a e Reino Unido instaram Teer\u00e3 e seus aliados, em uma declara\u00e7\u00e3o conjunta na segunda-feira (12), a abster-se de atacar Israel, a evitar uma escalada de tens\u00f5es regionais e a n\u00e3o p\u00f4r em perigo a oportunidade de chegar a um acordo sobre um cessar-fogo na Faixa de Gaza.<\/p>\n\n\n\n<div class=\"wp-block-image\"><figure class=\"aligncenter size-large is-resized\"><a href=\"https:\/\/www.facebook.com\/vetor.vix\/\"><img loading=\"lazy\" decoding=\"async\" src=\"https:\/\/jornalfatosenoticias.com.br\/wp-content\/uploads\/2023\/09\/vetorvix1024_1.jpg\" alt=\"\" class=\"wp-image-44868\" width=\"539\" height=\"143\" srcset=\"https:\/\/jornalfatosenoticias.com.br\/wp-content\/uploads\/2023\/09\/vetorvix1024_1.jpg 1024w, https:\/\/jornalfatosenoticias.com.br\/wp-content\/uploads\/2023\/09\/vetorvix1024_1-300x80.jpg 300w, https:\/\/jornalfatosenoticias.com.br\/wp-content\/uploads\/2023\/09\/vetorvix1024_1-768x205.jpg 768w\" sizes=\"auto, (max-width: 539px) 100vw, 539px\" \/><\/a><\/figure><\/div>\n\n\n\n<p>\u201cA declara\u00e7\u00e3o dos tr\u00eas pa\u00edses europeus, sem qualquer obje\u00e7\u00e3o aos crimes do regime sionista [Israel], solicita descaradamente \u00e0 Rep\u00fablica Isl\u00e2mica do Ir\u00e3 que n\u00e3o puna como um ato de dissuas\u00e3o o regime que viola sua soberania e integridade territorial\u201d, criticou o porta-voz iraniano.<\/p>\n\n\n\n<div class=\"wp-block-image\"><figure class=\"aligncenter size-large is-resized\"><a href=\"https:\/\/www.instagram.com\/vmais.midias\/\"><img loading=\"lazy\" decoding=\"async\" src=\"https:\/\/jornalfatosenoticias.com.br\/wp-content\/uploads\/2020\/02\/DE-MAIS-DESTAQUE-VMAIS-800X700.png\" alt=\"\" class=\"wp-image-53112\" width=\"311\" height=\"271\" srcset=\"https:\/\/jornalfatosenoticias.com.br\/wp-content\/uploads\/2020\/02\/DE-MAIS-DESTAQUE-VMAIS-800X700.png 800w, https:\/\/jornalfatosenoticias.com.br\/wp-content\/uploads\/2020\/02\/DE-MAIS-DESTAQUE-VMAIS-800X700-768x672.png 768w\" sizes=\"auto, (max-width: 311px) 100vw, 311px\" \/><\/a><\/figure><\/div>\n\n\n\n<p>Da mesma forma, Kanani denunciou a &#8220;indiferen\u00e7a&#8221; dos pa\u00edses ocidentais para com o que chamou de &#8220;crimes israelenses&#8221; e disse que, por esta raz\u00e3o, \u201ceste regime sionista continua cometendo todos os tipos de crimes internacionais, incluindo genoc\u00eddio e crimes de guerra contra a na\u00e7\u00e3o palestina indefesa\u201d. \u201cA impunidade das autoridades sionistas aumentou sua insol\u00eancia na pr\u00e1tica dos crimes mais atrozes\u201d, completou Kanani.<\/p>\n\n\n\n<div class=\"wp-block-image\"><figure class=\"aligncenter size-large is-resized\"><a href=\"https:\/\/www.controlsystems.com.br\/\"><img loading=\"lazy\" decoding=\"async\" src=\"https:\/\/jornalfatosenoticias.com.br\/wp-content\/uploads\/2020\/02\/CONTROL-CS.jpg\" alt=\"\" class=\"wp-image-44991\" width=\"313\" height=\"375\" srcset=\"https:\/\/jornalfatosenoticias.com.br\/wp-content\/uploads\/2020\/02\/CONTROL-CS.jpg 834w, https:\/\/jornalfatosenoticias.com.br\/wp-content\/uploads\/2020\/02\/CONTROL-CS-250x300.jpg 250w, https:\/\/jornalfatosenoticias.com.br\/wp-content\/uploads\/2020\/02\/CONTROL-CS-768x921.jpg 768w\" sizes=\"auto, (max-width: 313px) 100vw, 313px\" \/><\/a><\/figure><\/div>\n\n\n\n<p>O regime isl\u00e2mico do Ir\u00e3, um inimigo ferrenho de Israel, lidera o chamado &#8220;Eixo da Resist\u00eancia&#8221;, uma alian\u00e7a anti-Israel informal composta por grupos terroristas como o Hamas, o liban\u00eas Hezbollah, pelos houthis do I\u00eamen, entre outros. O Ir\u00e3 j\u00e1 lan\u00e7ou um ataque direto e sem precedentes contra o territ\u00f3rio israelense em meados de abril, em retalia\u00e7\u00e3o ao bombardeio contra o consulado iraniano em Damasco, na S\u00edria, no dia 1\u00ba daquele m\u00eas, que provocou a morte de sete membros da Guarda Revolucion\u00e1ria iraniana, entre eles dois generais.<\/p>\n\n\n\n<div class=\"wp-block-image\"><figure class=\"aligncenter size-large\"><a href=\"http:\/\/www.ferrarimaquinas.com.br\/\"><img loading=\"lazy\" decoding=\"async\" width=\"300\" height=\"250\" src=\"https:\/\/jornalfatosenoticias.com.br\/wp-content\/uploads\/2022\/02\/FERRARI_MAQUINAS-E-FERRAMENTAS2.jpg\" alt=\"\" class=\"wp-image-27860\"\/><\/a><\/figure><\/div>\n\n\n\n<p><strong><span class=\"has-inline-color has-black-color\">EUA concordam com Israel que Ir\u00e3 pode realizar ataque contra o pa\u00eds nesta semana<br><\/span><\/strong>O porta-voz do Conselho de Seguran\u00e7a Nacional da Casa Branca, John Kirby, disse nesta segunda-feira (12) que os Estados Unidos concordam com Israel que um ataque do Ir\u00e3 ao territ\u00f3rio israelense pode acontecer nesta semana.<\/p>\n\n\n\n<blockquote class=\"wp-block-quote is-layout-flow wp-block-quote-is-layout-flow\"><p><span class=\"has-inline-color has-luminous-vivid-orange-color\">Compartilhamos a estimativa feita por nossos colegas israelenses de que algo poderia acontecer j\u00e1 nesta semana por parte do Ir\u00e3 e de seus aliados&#8221;, disse ele em uma teleconfer\u00eancia com jornalistas.<\/span><\/p><\/blockquote>\n\n\n\n<div class=\"wp-block-image\"><figure class=\"aligncenter size-large is-resized\"><img loading=\"lazy\" decoding=\"async\" src=\"https:\/\/jornalfatosenoticias.com.br\/wp-content\/uploads\/2022\/02\/Precisao-Contabilidade-1024x724.jpg\" alt=\"\" class=\"wp-image-28088\" width=\"331\" height=\"234\"\/><\/figure><\/div>\n\n\n\n<p>O porta-voz ressaltou que o governo americano chegou a essa conclus\u00e3o, que coincide com a de Israel, de forma aut\u00f4noma.<\/p>\n\n\n\n<blockquote class=\"wp-block-quote is-layout-flow wp-block-quote-is-layout-flow\"><p><span class=\"has-inline-color has-luminous-vivid-orange-color\">Compartilhamos as mesmas preocupa\u00e7\u00f5es e expectativas que nossos colegas israelenses t\u00eam em rela\u00e7\u00e3o ao poss\u00edvel momento, que poderia ser esta semana&#8221;, afirmou. Kirby, no entanto, admitiu que &#8220;\u00e9 dif\u00edcil afirmar ou determinar, neste momento, como seria um ataque do Ir\u00e3 e\/ou de seus aliados&#8221;.<\/span><\/p><\/blockquote>\n\n\n\n<div class=\"wp-block-image\"><figure class=\"aligncenter size-large\"><a href=\"https:\/\/cesconetto.com.br\/\"><img loading=\"lazy\" decoding=\"async\" width=\"300\" height=\"250\" src=\"https:\/\/jornalfatosenoticias.com.br\/wp-content\/uploads\/2020\/02\/Banner-2.png\" alt=\"\" class=\"wp-image-43787\"\/><\/a><\/figure><\/div>\n\n\n\n<p>O ataque seria uma resposta do Ir\u00e3 as mortes de Haniyeh, l\u00edder terrorista Hamas, e Fouad Shukr, l\u00edder militar do Hezbollah. O porta-voz expressou preocupa\u00e7\u00e3o com o fato de que um ataque iminente poderia ter um impacto sobre as negocia\u00e7\u00f5es convocadas para quinta-feira (15) para intermediar um cessar-fogo em Gaza, uma mesa da qual o Hamas j\u00e1 anunciou que n\u00e3o participar\u00e1.<\/p>\n\n\n\n<div class=\"wp-block-image\"><figure class=\"aligncenter size-large is-resized\"><a href=\"https:\/\/panper.com.br\/\"><img loading=\"lazy\" decoding=\"async\" src=\"https:\/\/jornalfatosenoticias.com.br\/wp-content\/uploads\/2023\/03\/logo-Panper_portal.jpg\" alt=\"\" class=\"wp-image-40208\" width=\"352\" height=\"244\" srcset=\"https:\/\/jornalfatosenoticias.com.br\/wp-content\/uploads\/2023\/03\/logo-Panper_portal.jpg 400w, https:\/\/jornalfatosenoticias.com.br\/wp-content\/uploads\/2023\/03\/logo-Panper_portal-300x208.jpg 300w\" sizes=\"auto, (max-width: 352px) 100vw, 352px\" \/><\/a><\/figure><\/div>\n\n\n\n<p><strong><em>Fonte: <a href=\"https:\/\/www.gazetadopovo.com.br\/mundo\/ira-rechaca-apelo-de-paises-da-europa-para-reduzir-tensoes-e-pode-realizar-ataque-contra-israel-em-breve\/\">Gazeta do Povo<\/a><\/em><\/strong><\/p>\n","protected":false},"excerpt":{"rendered":"<p>Outdoor com a foto do presidente do Ir\u00e3, Masoud Pezeshkian (\u00e0 direita), segurando as m\u00e3os do l\u00edder terrorista do Hamas, Ismail Haniyeh, morto em Teer\u00e3 Por John Lucas O Minist\u00e9rio das Rela\u00e7\u00f5es Exteriores do regime do Ir\u00e3 recha\u00e7ou nesta ter\u00e7a-feira (13) o apelo feito por Alemanha, Fran\u00e7a e Reino Unido para que deixe de amea\u00e7ar [&hellip;]<\/p>\n","protected":false},"author":2,"featured_media":53450,"comment_status":"open","ping_status":"open","sticky":false,"template":"","format":"standard","meta":{"footnotes":""},"categories":[41],"tags":[417,125,119,21649,21582,5107,162,2834],"class_list":["post-53449","post","type-post","status-publish","format-standard","has-post-thumbnail","hentry","category-internacional","tag-alemanha","tag-europa","tag-franca","tag-guerra-no-oriente-medio","tag-hamas","tag-ira","tag-israel","tag-reino-unido"],"yoast_head":"<!-- This site is optimized with the Yoast SEO plugin v26.5 - https:\/\/yoast.com\/wordpress\/plugins\/seo\/ -->\n<title>Ir\u00e3 recha\u00e7a apelo de pa\u00edses da Europa para reduzir tens\u00f5es e pode realizar ataque contra Israel em breve - Jornal Fatos e Not\u00edcias<\/title>\n<meta name=\"robots\" content=\"index, follow, max-snippet:-1, max-image-preview:large, max-video-preview:-1\" \/>\n<link rel=\"canonical\" href=\"https:\/\/jornalfatosenoticias.com.br\/index.php\/2024\/08\/13\/ira-rechaca-apelo-de-paises-da-europa-para-reduzir-tensoes-e-pode-realizar-ataque-contra-israel-em-breve\/\" \/>\n<meta property=\"og:locale\" content=\"pt_BR\" \/>\n<meta property=\"og:type\" content=\"article\" \/>\n<meta property=\"og:title\" content=\"Ir\u00e3 recha\u00e7a apelo de pa\u00edses da Europa para reduzir tens\u00f5es e pode realizar ataque contra Israel em breve - Jornal Fatos e Not\u00edcias\" \/>\n<meta property=\"og:description\" content=\"Outdoor com a foto do presidente do Ir\u00e3, Masoud Pezeshkian (\u00e0 direita), segurando as m\u00e3os do l\u00edder terrorista do Hamas, Ismail Haniyeh, morto em Teer\u00e3 Por John Lucas O Minist\u00e9rio das Rela\u00e7\u00f5es Exteriores do regime do Ir\u00e3 recha\u00e7ou nesta ter\u00e7a-feira (13) o apelo feito por Alemanha, Fran\u00e7a e Reino Unido para que deixe de amea\u00e7ar [&hellip;]\" \/>\n<meta property=\"og:url\" content=\"https:\/\/jornalfatosenoticias.com.br\/index.php\/2024\/08\/13\/ira-rechaca-apelo-de-paises-da-europa-para-reduzir-tensoes-e-pode-realizar-ataque-contra-israel-em-breve\/\" \/>\n<meta property=\"og:site_name\" content=\"Jornal Fatos e Not\u00edcias\" \/>\n<meta property=\"article:published_time\" content=\"2024-08-13T14:11:39+00:00\" \/>\n<meta property=\"article:modified_time\" content=\"2024-08-13T14:11:40+00:00\" \/>\n<meta property=\"og:image\" content=\"https:\/\/jornalfatosenoticias.com.br\/wp-content\/uploads\/2024\/08\/presidente-do-Ira_gettyimages.jpg\" \/>\n\t<meta property=\"og:image:width\" content=\"612\" \/>\n\t<meta property=\"og:image:height\" content=\"408\" \/>\n\t<meta property=\"og:image:type\" content=\"image\/jpeg\" \/>\n<meta name=\"author\" content=\"Luzimara Fernandes\" \/>\n<meta name=\"twitter:card\" content=\"summary_large_image\" \/>\n<meta name=\"twitter:label1\" content=\"Escrito por\" \/>\n\t<meta name=\"twitter:data1\" content=\"Luzimara Fernandes\" \/>\n\t<meta name=\"twitter:label2\" content=\"Est. tempo de leitura\" \/>\n\t<meta name=\"twitter:data2\" content=\"3 minutos\" \/>\n<script type=\"application\/ld+json\" class=\"yoast-schema-graph\">{\"@context\":\"https:\/\/schema.org\",\"@graph\":[{\"@type\":\"Article\",\"@id\":\"https:\/\/jornalfatosenoticias.com.br\/index.php\/2024\/08\/13\/ira-rechaca-apelo-de-paises-da-europa-para-reduzir-tensoes-e-pode-realizar-ataque-contra-israel-em-breve\/#article\",\"isPartOf\":{\"@id\":\"https:\/\/jornalfatosenoticias.com.br\/index.php\/2024\/08\/13\/ira-rechaca-apelo-de-paises-da-europa-para-reduzir-tensoes-e-pode-realizar-ataque-contra-israel-em-breve\/\"},\"author\":{\"name\":\"Luzimara Fernandes\",\"@id\":\"https:\/\/jornalfatosenoticias.com.br\/#\/schema\/person\/d63837fa13ac8666eb9e74e0985d6f81\"},\"headline\":\"Ir\u00e3 recha\u00e7a apelo de pa\u00edses da Europa para reduzir tens\u00f5es e pode realizar ataque contra Israel em breve\",\"datePublished\":\"2024-08-13T14:11:39+00:00\",\"dateModified\":\"2024-08-13T14:11:40+00:00\",\"mainEntityOfPage\":{\"@id\":\"https:\/\/jornalfatosenoticias.com.br\/index.php\/2024\/08\/13\/ira-rechaca-apelo-de-paises-da-europa-para-reduzir-tensoes-e-pode-realizar-ataque-contra-israel-em-breve\/\"},\"wordCount\":711,\"commentCount\":0,\"publisher\":{\"@id\":\"https:\/\/jornalfatosenoticias.com.br\/#organization\"},\"image\":{\"@id\":\"https:\/\/jornalfatosenoticias.com.br\/index.php\/2024\/08\/13\/ira-rechaca-apelo-de-paises-da-europa-para-reduzir-tensoes-e-pode-realizar-ataque-contra-israel-em-breve\/#primaryimage\"},\"thumbnailUrl\":\"https:\/\/jornalfatosenoticias.com.br\/wp-content\/uploads\/2024\/08\/presidente-do-Ira_gettyimages.jpg\",\"keywords\":[\"Alemanha\",\"Europa\",\"Fran\u00e7a\",\"Guerra no Oriente M\u00e9dio\",\"Hamas\",\"Ir\u00e3\",\"Israel\",\"Reino Unido\"],\"articleSection\":[\"Internacional\"],\"inLanguage\":\"pt-BR\",\"potentialAction\":[{\"@type\":\"CommentAction\",\"name\":\"Comment\",\"target\":[\"https:\/\/jornalfatosenoticias.com.br\/index.php\/2024\/08\/13\/ira-rechaca-apelo-de-paises-da-europa-para-reduzir-tensoes-e-pode-realizar-ataque-contra-israel-em-breve\/#respond\"]}]},{\"@type\":\"WebPage\",\"@id\":\"https:\/\/jornalfatosenoticias.com.br\/index.php\/2024\/08\/13\/ira-rechaca-apelo-de-paises-da-europa-para-reduzir-tensoes-e-pode-realizar-ataque-contra-israel-em-breve\/\",\"url\":\"https:\/\/jornalfatosenoticias.com.br\/index.php\/2024\/08\/13\/ira-rechaca-apelo-de-paises-da-europa-para-reduzir-tensoes-e-pode-realizar-ataque-contra-israel-em-breve\/\",\"name\":\"Ir\u00e3 recha\u00e7a apelo de pa\u00edses da Europa para reduzir tens\u00f5es e pode realizar ataque contra Israel em breve - Jornal Fatos e Not\u00edcias\",\"isPartOf\":{\"@id\":\"https:\/\/jornalfatosenoticias.com.br\/#website\"},\"primaryImageOfPage\":{\"@id\":\"https:\/\/jornalfatosenoticias.com.br\/index.php\/2024\/08\/13\/ira-rechaca-apelo-de-paises-da-europa-para-reduzir-tensoes-e-pode-realizar-ataque-contra-israel-em-breve\/#primaryimage\"},\"image\":{\"@id\":\"https:\/\/jornalfatosenoticias.com.br\/index.php\/2024\/08\/13\/ira-rechaca-apelo-de-paises-da-europa-para-reduzir-tensoes-e-pode-realizar-ataque-contra-israel-em-breve\/#primaryimage\"},\"thumbnailUrl\":\"https:\/\/jornalfatosenoticias.com.br\/wp-content\/uploads\/2024\/08\/presidente-do-Ira_gettyimages.jpg\",\"datePublished\":\"2024-08-13T14:11:39+00:00\",\"dateModified\":\"2024-08-13T14:11:40+00:00\",\"breadcrumb\":{\"@id\":\"https:\/\/jornalfatosenoticias.com.br\/index.php\/2024\/08\/13\/ira-rechaca-apelo-de-paises-da-europa-para-reduzir-tensoes-e-pode-realizar-ataque-contra-israel-em-breve\/#breadcrumb\"},\"inLanguage\":\"pt-BR\",\"potentialAction\":[{\"@type\":\"ReadAction\",\"target\":[\"https:\/\/jornalfatosenoticias.com.br\/index.php\/2024\/08\/13\/ira-rechaca-apelo-de-paises-da-europa-para-reduzir-tensoes-e-pode-realizar-ataque-contra-israel-em-breve\/\"]}]},{\"@type\":\"ImageObject\",\"inLanguage\":\"pt-BR\",\"@id\":\"https:\/\/jornalfatosenoticias.com.br\/index.php\/2024\/08\/13\/ira-rechaca-apelo-de-paises-da-europa-para-reduzir-tensoes-e-pode-realizar-ataque-contra-israel-em-breve\/#primaryimage\",\"url\":\"https:\/\/jornalfatosenoticias.com.br\/wp-content\/uploads\/2024\/08\/presidente-do-Ira_gettyimages.jpg\",\"contentUrl\":\"https:\/\/jornalfatosenoticias.com.br\/wp-content\/uploads\/2024\/08\/presidente-do-Ira_gettyimages.jpg\",\"width\":612,\"height\":408,\"caption\":\"Vehicles drive past a huge billboard depicting Iranian President Masoud Pezeshkian (R) and slain Palestinian Hamas leader Ismail Haniyeh at Tehran's Valiasr square on August 12, 2024. (Photo by ATTA KENARE \/ AFP) (Photo by ATTA KENARE\/AFP via Getty Images)\"},{\"@type\":\"BreadcrumbList\",\"@id\":\"https:\/\/jornalfatosenoticias.com.br\/index.php\/2024\/08\/13\/ira-rechaca-apelo-de-paises-da-europa-para-reduzir-tensoes-e-pode-realizar-ataque-contra-israel-em-breve\/#breadcrumb\",\"itemListElement\":[{\"@type\":\"ListItem\",\"position\":1,\"name\":\"In\u00edcio\",\"item\":\"https:\/\/jornalfatosenoticias.com.br\/\"},{\"@type\":\"ListItem\",\"position\":2,\"name\":\"Ir\u00e3 recha\u00e7a apelo de pa\u00edses da Europa para reduzir tens\u00f5es e pode realizar ataque contra Israel em breve\"}]},{\"@type\":\"WebSite\",\"@id\":\"https:\/\/jornalfatosenoticias.com.br\/#website\",\"url\":\"https:\/\/jornalfatosenoticias.com.br\/\",\"name\":\"Jornal Fatos e Not\u00edcias\",\"description\":\"Not\u00edcias em geral\",\"publisher\":{\"@id\":\"https:\/\/jornalfatosenoticias.com.br\/#organization\"},\"potentialAction\":[{\"@type\":\"SearchAction\",\"target\":{\"@type\":\"EntryPoint\",\"urlTemplate\":\"https:\/\/jornalfatosenoticias.com.br\/?s={search_term_string}\"},\"query-input\":{\"@type\":\"PropertyValueSpecification\",\"valueRequired\":true,\"valueName\":\"search_term_string\"}}],\"inLanguage\":\"pt-BR\"},{\"@type\":\"Organization\",\"@id\":\"https:\/\/jornalfatosenoticias.com.br\/#organization\",\"name\":\"Jornal Fatos e Not\u00edcias\",\"url\":\"https:\/\/jornalfatosenoticias.com.br\/\",\"logo\":{\"@type\":\"ImageObject\",\"inLanguage\":\"pt-BR\",\"@id\":\"https:\/\/jornalfatosenoticias.com.br\/#\/schema\/logo\/image\/\",\"url\":\"https:\/\/jornalfatosenoticias.com.br\/wp-content\/uploads\/2020\/02\/logo120.png\",\"contentUrl\":\"https:\/\/jornalfatosenoticias.com.br\/wp-content\/uploads\/2020\/02\/logo120.png\",\"width\":1227,\"height\":120,\"caption\":\"Jornal Fatos e Not\u00edcias\"},\"image\":{\"@id\":\"https:\/\/jornalfatosenoticias.com.br\/#\/schema\/logo\/image\/\"}},{\"@type\":\"Person\",\"@id\":\"https:\/\/jornalfatosenoticias.com.br\/#\/schema\/person\/d63837fa13ac8666eb9e74e0985d6f81\",\"name\":\"Luzimara Fernandes\",\"image\":{\"@type\":\"ImageObject\",\"inLanguage\":\"pt-BR\",\"@id\":\"https:\/\/jornalfatosenoticias.com.br\/#\/schema\/person\/image\/\",\"url\":\"https:\/\/jornalfatosenoticias.com.br\/wp-content\/uploads\/2025\/05\/EU_portal.jpg\",\"contentUrl\":\"https:\/\/jornalfatosenoticias.com.br\/wp-content\/uploads\/2025\/05\/EU_portal.jpg\",\"caption\":\"Luzimara Fernandes\"},\"description\":\"Jornalista MTB 2358-ES\",\"sameAs\":[\"https:\/\/jornalfatosenoticias.com.br\"],\"url\":\"https:\/\/jornalfatosenoticias.com.br\/index.php\/author\/luzimara\/\"}]}<\/script>\n<!-- \/ Yoast SEO plugin. -->","yoast_head_json":{"title":"Ir\u00e3 recha\u00e7a apelo de pa\u00edses da Europa para reduzir tens\u00f5es e pode realizar ataque contra Israel em breve - Jornal Fatos e Not\u00edcias","robots":{"index":"index","follow":"follow","max-snippet":"max-snippet:-1","max-image-preview":"max-image-preview:large","max-video-preview":"max-video-preview:-1"},"canonical":"https:\/\/jornalfatosenoticias.com.br\/index.php\/2024\/08\/13\/ira-rechaca-apelo-de-paises-da-europa-para-reduzir-tensoes-e-pode-realizar-ataque-contra-israel-em-breve\/","og_locale":"pt_BR","og_type":"article","og_title":"Ir\u00e3 recha\u00e7a apelo de pa\u00edses da Europa para reduzir tens\u00f5es e pode realizar ataque contra Israel em breve - Jornal Fatos e Not\u00edcias","og_description":"Outdoor com a foto do presidente do Ir\u00e3, Masoud Pezeshkian (\u00e0 direita), segurando as m\u00e3os do l\u00edder terrorista do Hamas, Ismail Haniyeh, morto em Teer\u00e3 Por John Lucas O Minist\u00e9rio das Rela\u00e7\u00f5es Exteriores do regime do Ir\u00e3 recha\u00e7ou nesta ter\u00e7a-feira (13) o apelo feito por Alemanha, Fran\u00e7a e Reino Unido para que deixe de amea\u00e7ar [&hellip;]","og_url":"https:\/\/jornalfatosenoticias.com.br\/index.php\/2024\/08\/13\/ira-rechaca-apelo-de-paises-da-europa-para-reduzir-tensoes-e-pode-realizar-ataque-contra-israel-em-breve\/","og_site_name":"Jornal Fatos e Not\u00edcias","article_published_time":"2024-08-13T14:11:39+00:00","article_modified_time":"2024-08-13T14:11:40+00:00","og_image":[{"width":612,"height":408,"url":"https:\/\/jornalfatosenoticias.com.br\/wp-content\/uploads\/2024\/08\/presidente-do-Ira_gettyimages.jpg","type":"image\/jpeg"}],"author":"Luzimara Fernandes","twitter_card":"summary_large_image","twitter_misc":{"Escrito por":"Luzimara Fernandes","Est. tempo de leitura":"3 minutos"},"schema":{"@context":"https:\/\/schema.org","@graph":[{"@type":"Article","@id":"https:\/\/jornalfatosenoticias.com.br\/index.php\/2024\/08\/13\/ira-rechaca-apelo-de-paises-da-europa-para-reduzir-tensoes-e-pode-realizar-ataque-contra-israel-em-breve\/#article","isPartOf":{"@id":"https:\/\/jornalfatosenoticias.com.br\/index.php\/2024\/08\/13\/ira-rechaca-apelo-de-paises-da-europa-para-reduzir-tensoes-e-pode-realizar-ataque-contra-israel-em-breve\/"},"author":{"name":"Luzimara Fernandes","@id":"https:\/\/jornalfatosenoticias.com.br\/#\/schema\/person\/d63837fa13ac8666eb9e74e0985d6f81"},"headline":"Ir\u00e3 recha\u00e7a apelo de pa\u00edses da Europa para reduzir tens\u00f5es e pode realizar ataque contra Israel em breve","datePublished":"2024-08-13T14:11:39+00:00","dateModified":"2024-08-13T14:11:40+00:00","mainEntityOfPage":{"@id":"https:\/\/jornalfatosenoticias.com.br\/index.php\/2024\/08\/13\/ira-rechaca-apelo-de-paises-da-europa-para-reduzir-tensoes-e-pode-realizar-ataque-contra-israel-em-breve\/"},"wordCount":711,"commentCount":0,"publisher":{"@id":"https:\/\/jornalfatosenoticias.com.br\/#organization"},"image":{"@id":"https:\/\/jornalfatosenoticias.com.br\/index.php\/2024\/08\/13\/ira-rechaca-apelo-de-paises-da-europa-para-reduzir-tensoes-e-pode-realizar-ataque-contra-israel-em-breve\/#primaryimage"},"thumbnailUrl":"https:\/\/jornalfatosenoticias.com.br\/wp-content\/uploads\/2024\/08\/presidente-do-Ira_gettyimages.jpg","keywords":["Alemanha","Europa","Fran\u00e7a","Guerra no Oriente M\u00e9dio","Hamas","Ir\u00e3","Israel","Reino Unido"],"articleSection":["Internacional"],"inLanguage":"pt-BR","potentialAction":[{"@type":"CommentAction","name":"Comment","target":["https:\/\/jornalfatosenoticias.com.br\/index.php\/2024\/08\/13\/ira-rechaca-apelo-de-paises-da-europa-para-reduzir-tensoes-e-pode-realizar-ataque-contra-israel-em-breve\/#respond"]}]},{"@type":"WebPage","@id":"https:\/\/jornalfatosenoticias.com.br\/index.php\/2024\/08\/13\/ira-rechaca-apelo-de-paises-da-europa-para-reduzir-tensoes-e-pode-realizar-ataque-contra-israel-em-breve\/","url":"https:\/\/jornalfatosenoticias.com.br\/index.php\/2024\/08\/13\/ira-rechaca-apelo-de-paises-da-europa-para-reduzir-tensoes-e-pode-realizar-ataque-contra-israel-em-breve\/","name":"Ir\u00e3 recha\u00e7a apelo de pa\u00edses da Europa para reduzir tens\u00f5es e pode realizar ataque contra Israel em breve - Jornal Fatos e Not\u00edcias","isPartOf":{"@id":"https:\/\/jornalfatosenoticias.com.br\/#website"},"primaryImageOfPage":{"@id":"https:\/\/jornalfatosenoticias.com.br\/index.php\/2024\/08\/13\/ira-rechaca-apelo-de-paises-da-europa-para-reduzir-tensoes-e-pode-realizar-ataque-contra-israel-em-breve\/#primaryimage"},"image":{"@id":"https:\/\/jornalfatosenoticias.com.br\/index.php\/2024\/08\/13\/ira-rechaca-apelo-de-paises-da-europa-para-reduzir-tensoes-e-pode-realizar-ataque-contra-israel-em-breve\/#primaryimage"},"thumbnailUrl":"https:\/\/jornalfatosenoticias.com.br\/wp-content\/uploads\/2024\/08\/presidente-do-Ira_gettyimages.jpg","datePublished":"2024-08-13T14:11:39+00:00","dateModified":"2024-08-13T14:11:40+00:00","breadcrumb":{"@id":"https:\/\/jornalfatosenoticias.com.br\/index.php\/2024\/08\/13\/ira-rechaca-apelo-de-paises-da-europa-para-reduzir-tensoes-e-pode-realizar-ataque-contra-israel-em-breve\/#breadcrumb"},"inLanguage":"pt-BR","potentialAction":[{"@type":"ReadAction","target":["https:\/\/jornalfatosenoticias.com.br\/index.php\/2024\/08\/13\/ira-rechaca-apelo-de-paises-da-europa-para-reduzir-tensoes-e-pode-realizar-ataque-contra-israel-em-breve\/"]}]},{"@type":"ImageObject","inLanguage":"pt-BR","@id":"https:\/\/jornalfatosenoticias.com.br\/index.php\/2024\/08\/13\/ira-rechaca-apelo-de-paises-da-europa-para-reduzir-tensoes-e-pode-realizar-ataque-contra-israel-em-breve\/#primaryimage","url":"https:\/\/jornalfatosenoticias.com.br\/wp-content\/uploads\/2024\/08\/presidente-do-Ira_gettyimages.jpg","contentUrl":"https:\/\/jornalfatosenoticias.com.br\/wp-content\/uploads\/2024\/08\/presidente-do-Ira_gettyimages.jpg","width":612,"height":408,"caption":"Vehicles drive past a huge billboard depicting Iranian President Masoud Pezeshkian (R) and slain Palestinian Hamas leader Ismail Haniyeh at Tehran's Valiasr square on August 12, 2024. (Photo by ATTA KENARE \/ AFP) (Photo by ATTA KENARE\/AFP via Getty Images)"},{"@type":"BreadcrumbList","@id":"https:\/\/jornalfatosenoticias.com.br\/index.php\/2024\/08\/13\/ira-rechaca-apelo-de-paises-da-europa-para-reduzir-tensoes-e-pode-realizar-ataque-contra-israel-em-breve\/#breadcrumb","itemListElement":[{"@type":"ListItem","position":1,"name":"In\u00edcio","item":"https:\/\/jornalfatosenoticias.com.br\/"},{"@type":"ListItem","position":2,"name":"Ir\u00e3 recha\u00e7a apelo de pa\u00edses da Europa para reduzir tens\u00f5es e pode realizar ataque contra Israel em breve"}]},{"@type":"WebSite","@id":"https:\/\/jornalfatosenoticias.com.br\/#website","url":"https:\/\/jornalfatosenoticias.com.br\/","name":"Jornal Fatos e Not\u00edcias","description":"Not\u00edcias em geral","publisher":{"@id":"https:\/\/jornalfatosenoticias.com.br\/#organization"},"potentialAction":[{"@type":"SearchAction","target":{"@type":"EntryPoint","urlTemplate":"https:\/\/jornalfatosenoticias.com.br\/?s={search_term_string}"},"query-input":{"@type":"PropertyValueSpecification","valueRequired":true,"valueName":"search_term_string"}}],"inLanguage":"pt-BR"},{"@type":"Organization","@id":"https:\/\/jornalfatosenoticias.com.br\/#organization","name":"Jornal Fatos e Not\u00edcias","url":"https:\/\/jornalfatosenoticias.com.br\/","logo":{"@type":"ImageObject","inLanguage":"pt-BR","@id":"https:\/\/jornalfatosenoticias.com.br\/#\/schema\/logo\/image\/","url":"https:\/\/jornalfatosenoticias.com.br\/wp-content\/uploads\/2020\/02\/logo120.png","contentUrl":"https:\/\/jornalfatosenoticias.com.br\/wp-content\/uploads\/2020\/02\/logo120.png","width":1227,"height":120,"caption":"Jornal Fatos e Not\u00edcias"},"image":{"@id":"https:\/\/jornalfatosenoticias.com.br\/#\/schema\/logo\/image\/"}},{"@type":"Person","@id":"https:\/\/jornalfatosenoticias.com.br\/#\/schema\/person\/d63837fa13ac8666eb9e74e0985d6f81","name":"Luzimara Fernandes","image":{"@type":"ImageObject","inLanguage":"pt-BR","@id":"https:\/\/jornalfatosenoticias.com.br\/#\/schema\/person\/image\/","url":"https:\/\/jornalfatosenoticias.com.br\/wp-content\/uploads\/2025\/05\/EU_portal.jpg","contentUrl":"https:\/\/jornalfatosenoticias.com.br\/wp-content\/uploads\/2025\/05\/EU_portal.jpg","caption":"Luzimara Fernandes"},"description":"Jornalista MTB 2358-ES","sameAs":["https:\/\/jornalfatosenoticias.com.br"],"url":"https:\/\/jornalfatosenoticias.com.br\/index.php\/author\/luzimara\/"}]}},"cc_featured_image_caption":{"caption_text":"(Foto: Getty Images) \r\n","source_text":"","source_url":""},"jetpack_featured_media_url":"https:\/\/jornalfatosenoticias.com.br\/wp-content\/uploads\/2024\/08\/presidente-do-Ira_gettyimages.jpg","_links":{"self":[{"href":"https:\/\/jornalfatosenoticias.com.br\/index.php\/wp-json\/wp\/v2\/posts\/53449","targetHints":{"allow":["GET"]}}],"collection":[{"href":"https:\/\/jornalfatosenoticias.com.br\/index.php\/wp-json\/wp\/v2\/posts"}],"about":[{"href":"https:\/\/jornalfatosenoticias.com.br\/index.php\/wp-json\/wp\/v2\/types\/post"}],"author":[{"embeddable":true,"href":"https:\/\/jornalfatosenoticias.com.br\/index.php\/wp-json\/wp\/v2\/users\/2"}],"replies":[{"embeddable":true,"href":"https:\/\/jornalfatosenoticias.com.br\/index.php\/wp-json\/wp\/v2\/comments?post=53449"}],"version-history":[{"count":0,"href":"https:\/\/jornalfatosenoticias.com.br\/index.php\/wp-json\/wp\/v2\/posts\/53449\/revisions"}],"wp:featuredmedia":[{"embeddable":true,"href":"https:\/\/jornalfatosenoticias.com.br\/index.php\/wp-json\/wp\/v2\/media\/53450"}],"wp:attachment":[{"href":"https:\/\/jornalfatosenoticias.com.br\/index.php\/wp-json\/wp\/v2\/media?parent=53449"}],"wp:term":[{"taxonomy":"category","embeddable":true,"href":"https:\/\/jornalfatosenoticias.com.br\/index.php\/wp-json\/wp\/v2\/categories?post=53449"},{"taxonomy":"post_tag","embeddable":true,"href":"https:\/\/jornalfatosenoticias.com.br\/index.php\/wp-json\/wp\/v2\/tags?post=53449"}],"curies":[{"name":"wp","href":"https:\/\/api.w.org\/{rel}","templated":true}]}}