{"id":53452,"date":"2024-08-13T11:22:53","date_gmt":"2024-08-13T14:22:53","guid":{"rendered":"https:\/\/jornalfatosenoticias.com.br\/?p=53452"},"modified":"2024-08-13T11:22:54","modified_gmt":"2024-08-13T14:22:54","slug":"tarcisio-alfineta-lula-e-diz-que-governo-cria-crises-e-gasta-mais-do-que-deveria","status":"publish","type":"post","link":"https:\/\/jornalfatosenoticias.com.br\/index.php\/2024\/08\/13\/tarcisio-alfineta-lula-e-diz-que-governo-cria-crises-e-gasta-mais-do-que-deveria\/","title":{"rendered":"Tarc\u00edsio alfineta Lula e diz que governo cria crises e gasta mais do que deveria"},"content":{"rendered":"\n<p><em><span class=\"has-inline-color has-black-color\">Apesar de serem opositores, Freitas reconhece que economia brasileira tem gerado bons dados<\/span><\/em><\/p>\n\n\n\n<p><span class=\"has-inline-color has-black-color\">Por <strong><a href=\"https:\/\/www.gazetadopovo.com.br\/autor\/guilherme-grandi\/\">Guilherme Grandi<\/a><\/strong><\/span><\/p>\n\n\n\n<div class=\"wp-block-image\"><figure class=\"aligncenter size-large is-resized\"><a href=\"https:\/\/www.facebook.com\/vetor.vix\/\"><img loading=\"lazy\" decoding=\"async\" src=\"https:\/\/jornalfatosenoticias.com.br\/wp-content\/uploads\/2023\/09\/vetorvix1024_1.jpg\" alt=\"\" class=\"wp-image-44868\" width=\"524\" height=\"139\" srcset=\"https:\/\/jornalfatosenoticias.com.br\/wp-content\/uploads\/2023\/09\/vetorvix1024_1.jpg 1024w, https:\/\/jornalfatosenoticias.com.br\/wp-content\/uploads\/2023\/09\/vetorvix1024_1-300x80.jpg 300w, https:\/\/jornalfatosenoticias.com.br\/wp-content\/uploads\/2023\/09\/vetorvix1024_1-768x205.jpg 768w\" sizes=\"auto, (max-width: 524px) 100vw, 524px\" \/><\/a><\/figure><\/div>\n\n\n\n<p>O governador Tarc\u00edsio de Freitas (Republicanos-SP), de S\u00e3o Paulo, alfinetou Luiz In\u00e1cio Lula da Silva (PT) afirmando que o governo &#8220;\u00e0s vezes&#8221; gasta mais do que deveria e que ele pr\u00f3prio cria crises que geram pessimismo no mercado.<br>Freitas e Lula s\u00e3o rivais pol\u00edticos, mas o governador reconheceu que a economia brasileira tem dado indicadores positivos. No entanto, estes n\u00fameros acabam ofuscados por discursos contradit\u00f3rios do governo federal.<\/p>\n\n\n\n<div class=\"wp-block-image\"><figure class=\"aligncenter size-large\"><a href=\"https:\/\/www.facebook.com\/Esteio-Churrascaria-Barbecue-103643461220402\/\"><img decoding=\"async\" src=\"https:\/\/jornalfatosenoticias.com.br\/wp-content\/uploads\/2020\/02\/logo_esteio.jpg\" alt=\"\" class=\"wp-image-1214\"\/><\/a><\/figure><\/div>\n\n\n\n<blockquote class=\"wp-block-quote is-layout-flow wp-block-quote-is-layout-flow\"><p><span class=\"has-inline-color has-luminous-vivid-orange-color\">Se a gente analisar fundamento, a coisa n\u00e3o est\u00e1 ruim, ou seja, n\u00f3s temos uma quantidade de reservas bastante razo\u00e1vel, muito superior \u00e0 d\u00edvida, a gente vai fazer a\u00ed R$ 90 mil, R$ 100 mil de super\u00e1vit este ano de balan\u00e7a [comercial]. Ent\u00e3o, \u00e0s vezes, t\u00eam crises que s\u00e3o geradas espontaneamente, por falas, que acabam perturbando um pouco o cen\u00e1rio\u201d, disse em um evento a investidores na segunda (12).<\/span><\/p><\/blockquote>\n\n\n\n<div class=\"wp-block-image\"><figure class=\"aligncenter size-large is-resized\"><a href=\"https:\/\/hotelmarquetti.com.br\/\"><img loading=\"lazy\" decoding=\"async\" src=\"https:\/\/jornalfatosenoticias.com.br\/wp-content\/uploads\/2023\/03\/nova-logo-Marquetti.jpg\" alt=\"\" class=\"wp-image-40207\" width=\"319\" height=\"214\" srcset=\"https:\/\/jornalfatosenoticias.com.br\/wp-content\/uploads\/2023\/03\/nova-logo-Marquetti.jpg 643w, https:\/\/jornalfatosenoticias.com.br\/wp-content\/uploads\/2023\/03\/nova-logo-Marquetti-300x202.jpg 300w\" sizes=\"auto, (max-width: 319px) 100vw, 319px\" \/><\/a><\/figure><\/div>\n\n\n\n<p>Tarc\u00edsio de Freitas destacou a necessidade de o Brasil demonstrar responsabilidade fiscal, especialmente em um contexto global mais desafiador para pa\u00edses emergentes, marcado por infla\u00e7\u00e3o resiliente e taxas de juros elevadas.<\/p>\n\n\n\n<div class=\"wp-block-image\"><figure class=\"aligncenter size-large is-resized\"><a href=\"https:\/\/www.ithbrasil.com.br\/\"><img loading=\"lazy\" decoding=\"async\" src=\"https:\/\/jornalfatosenoticias.com.br\/wp-content\/uploads\/2023\/08\/ITH.jpeg\" alt=\"\" class=\"wp-image-44638\" width=\"303\" height=\"246\" srcset=\"https:\/\/jornalfatosenoticias.com.br\/wp-content\/uploads\/2023\/08\/ITH.jpeg 800w, https:\/\/jornalfatosenoticias.com.br\/wp-content\/uploads\/2023\/08\/ITH-300x244.jpeg 300w, https:\/\/jornalfatosenoticias.com.br\/wp-content\/uploads\/2023\/08\/ITH-768x624.jpeg 768w\" sizes=\"auto, (max-width: 303px) 100vw, 303px\" \/><\/a><\/figure><\/div>\n\n\n\n<p>Ele enfatizou que, neste momento, o Brasil precisa mais do que nunca ser \u201ccomportado\u201d do ponto de vista das contas p\u00fablicas, o que, segundo ele, seria essencial para melhorar as condi\u00e7\u00f5es de investimento no pa\u00eds. Apontou, ainda, que para retomar o rumo certo, o governo precisaria ajustar \u201cduas, tr\u00eas alavancas\u201d, referindo-se a medidas que poderiam criar um ambiente mais favor\u00e1vel para investimentos.<\/p>\n\n\n\n<div class=\"wp-block-image\"><figure class=\"aligncenter size-large is-resized\"><a href=\"https:\/\/www.facebook.com\/postobkr\/?locale=pt_BR\"><img loading=\"lazy\" decoding=\"async\" src=\"https:\/\/jornalfatosenoticias.com.br\/wp-content\/uploads\/2023\/08\/BKR-1024x1021.jpg\" alt=\"\" class=\"wp-image-44494\" width=\"297\" height=\"296\" srcset=\"https:\/\/jornalfatosenoticias.com.br\/wp-content\/uploads\/2023\/08\/BKR-1024x1021.jpg 1024w, https:\/\/jornalfatosenoticias.com.br\/wp-content\/uploads\/2023\/08\/BKR-300x300.jpg 300w, https:\/\/jornalfatosenoticias.com.br\/wp-content\/uploads\/2023\/08\/BKR-150x150.jpg 150w, https:\/\/jornalfatosenoticias.com.br\/wp-content\/uploads\/2023\/08\/BKR-768x766.jpg 768w, https:\/\/jornalfatosenoticias.com.br\/wp-content\/uploads\/2023\/08\/BKR.jpg 1080w\" sizes=\"auto, (max-width: 297px) 100vw, 297px\" \/><\/a><\/figure><\/div>\n\n\n\n<blockquote class=\"wp-block-quote is-layout-flow wp-block-quote-is-layout-flow\"><p><span class=\"has-inline-color has-luminous-vivid-orange-color\">Sentimos um pouco isso na hora em que estamos l\u00e1 fora tentando trazer investimento para c\u00e1. Temos que mostrar muito mais que somos bem comportados\u201d, pontuou.<\/span><\/p><\/blockquote>\n\n\n\n<div class=\"wp-block-image\"><figure class=\"aligncenter size-large is-resized\"><a href=\"https:\/\/www.instagram.com\/restaurantepegoretti\/\"><img loading=\"lazy\" decoding=\"async\" src=\"https:\/\/jornalfatosenoticias.com.br\/wp-content\/uploads\/2023\/12\/pegoretti-logo-pdf-1024x389.jpg\" alt=\"\" class=\"wp-image-47536\" width=\"427\" height=\"162\" srcset=\"https:\/\/jornalfatosenoticias.com.br\/wp-content\/uploads\/2023\/12\/pegoretti-logo-pdf-1024x389.jpg 1024w, https:\/\/jornalfatosenoticias.com.br\/wp-content\/uploads\/2023\/12\/pegoretti-logo-pdf-300x114.jpg 300w, https:\/\/jornalfatosenoticias.com.br\/wp-content\/uploads\/2023\/12\/pegoretti-logo-pdf-768x291.jpg 768w, https:\/\/jornalfatosenoticias.com.br\/wp-content\/uploads\/2023\/12\/pegoretti-logo-pdf.jpg 1120w\" sizes=\"auto, (max-width: 427px) 100vw, 427px\" \/><\/a><\/figure><\/div>\n\n\n\n<p>No \u00e2mbito estadual, Freitas citou projetos de mobilidade e privatiza\u00e7\u00e3o em andamento e em fase de estudo em S\u00e3o Paulo, al\u00e9m de medidas para redu\u00e7\u00e3o de gastos p\u00fablicos e renegocia\u00e7\u00e3o de d\u00edvidas, como parte dos esfor\u00e7os para ampliar a capacidade de investimento do estado.<\/p>\n\n\n\n<div class=\"wp-block-image\"><figure class=\"aligncenter size-large is-resized\"><a href=\"https:\/\/www.instagram.com\/vmais.midias\/\"><img loading=\"lazy\" decoding=\"async\" src=\"https:\/\/jornalfatosenoticias.com.br\/wp-content\/uploads\/2020\/02\/DE-MAIS-DESTAQUE-VMAIS-800X700.png\" alt=\"\" class=\"wp-image-53112\" width=\"285\" height=\"249\" srcset=\"https:\/\/jornalfatosenoticias.com.br\/wp-content\/uploads\/2020\/02\/DE-MAIS-DESTAQUE-VMAIS-800X700.png 800w, https:\/\/jornalfatosenoticias.com.br\/wp-content\/uploads\/2020\/02\/DE-MAIS-DESTAQUE-VMAIS-800X700-300x263.png 300w, https:\/\/jornalfatosenoticias.com.br\/wp-content\/uploads\/2020\/02\/DE-MAIS-DESTAQUE-VMAIS-800X700-768x672.png 768w\" sizes=\"auto, (max-width: 285px) 100vw, 285px\" \/><\/a><\/figure><\/div>\n\n\n\n<p>Freitas destacou que S\u00e3o Paulo enfrenta desafios financeiros significativos, mas demonstrou confian\u00e7a de que, com ajustes apropriados, tanto o estado quanto o pa\u00eds podem superar os obst\u00e1culos econ\u00f4micos atuais e atrair mais investimentos.<\/p>\n\n\n\n<div class=\"wp-block-image\"><figure class=\"aligncenter size-large is-resized\"><a href=\"https:\/\/www.instagram.com\/rapuzeljastro\/\"><img loading=\"lazy\" decoding=\"async\" src=\"https:\/\/jornalfatosenoticias.com.br\/wp-content\/uploads\/2020\/02\/logo-Rapuzel-1024x571.jpg\" alt=\"\" class=\"wp-image-42808\" width=\"349\" height=\"194\" srcset=\"https:\/\/jornalfatosenoticias.com.br\/wp-content\/uploads\/2020\/02\/logo-Rapuzel-1024x571.jpg 1024w, https:\/\/jornalfatosenoticias.com.br\/wp-content\/uploads\/2020\/02\/logo-Rapuzel-300x167.jpg 300w, https:\/\/jornalfatosenoticias.com.br\/wp-content\/uploads\/2020\/02\/logo-Rapuzel-768x428.jpg 768w, https:\/\/jornalfatosenoticias.com.br\/wp-content\/uploads\/2020\/02\/logo-Rapuzel-1536x856.jpg 1536w, https:\/\/jornalfatosenoticias.com.br\/wp-content\/uploads\/2020\/02\/logo-Rapuzel.jpg 1600w\" sizes=\"auto, (max-width: 349px) 100vw, 349px\" \/><\/a><\/figure><\/div>\n\n\n\n<p><strong><em>Fonte: <a href=\"https:\/\/www.gazetadopovo.com.br\/economia\/tarcisio-alfineta-lula-governo-cria-crises-gasta-mais-que-deveria\/\">Gazeta do Povo<\/a><\/em><\/strong><\/p>\n","protected":false},"excerpt":{"rendered":"<p>Apesar de serem opositores, Freitas reconhece que economia brasileira tem gerado bons dados Por Guilherme Grandi O governador Tarc\u00edsio de Freitas (Republicanos-SP), de S\u00e3o Paulo, alfinetou Luiz In\u00e1cio Lula da Silva (PT) afirmando que o governo &#8220;\u00e0s vezes&#8221; gasta mais do que deveria e que ele pr\u00f3prio cria crises que geram pessimismo no mercado.Freitas e [&hellip;]<\/p>\n","protected":false},"author":2,"featured_media":53453,"comment_status":"open","ping_status":"open","sticky":false,"template":"","format":"standard","meta":{"footnotes":""},"categories":[9],"tags":[8163,18157,20947,13759,7580,19192],"class_list":["post-53452","post","type-post","status-publish","format-standard","has-post-thumbnail","hentry","category-economia","tag-contas-publicas","tag-desgoverno-lula","tag-desgoverno-pt","tag-gastos-publicos","tag-lula","tag-tarcisio-de-freitas"],"yoast_head":"<!-- This site is optimized with the Yoast SEO plugin v26.5 - https:\/\/yoast.com\/wordpress\/plugins\/seo\/ -->\n<title>Tarc\u00edsio alfineta Lula e diz que governo cria crises e gasta mais do que deveria - Jornal Fatos e Not\u00edcias<\/title>\n<meta name=\"robots\" content=\"index, follow, max-snippet:-1, max-image-preview:large, max-video-preview:-1\" \/>\n<link rel=\"canonical\" href=\"https:\/\/jornalfatosenoticias.com.br\/index.php\/2024\/08\/13\/tarcisio-alfineta-lula-e-diz-que-governo-cria-crises-e-gasta-mais-do-que-deveria\/\" \/>\n<meta property=\"og:locale\" content=\"pt_BR\" \/>\n<meta property=\"og:type\" content=\"article\" \/>\n<meta property=\"og:title\" content=\"Tarc\u00edsio alfineta Lula e diz que governo cria crises e gasta mais do que deveria - Jornal Fatos e Not\u00edcias\" \/>\n<meta property=\"og:description\" content=\"Apesar de serem opositores, Freitas reconhece que economia brasileira tem gerado bons dados Por Guilherme Grandi O governador Tarc\u00edsio de Freitas (Republicanos-SP), de S\u00e3o Paulo, alfinetou Luiz In\u00e1cio Lula da Silva (PT) afirmando que o governo &#8220;\u00e0s vezes&#8221; gasta mais do que deveria e que ele pr\u00f3prio cria crises que geram pessimismo no mercado.Freitas e [&hellip;]\" \/>\n<meta property=\"og:url\" content=\"https:\/\/jornalfatosenoticias.com.br\/index.php\/2024\/08\/13\/tarcisio-alfineta-lula-e-diz-que-governo-cria-crises-e-gasta-mais-do-que-deveria\/\" \/>\n<meta property=\"og:site_name\" content=\"Jornal Fatos e Not\u00edcias\" \/>\n<meta property=\"article:published_time\" content=\"2024-08-13T14:22:53+00:00\" \/>\n<meta property=\"article:modified_time\" content=\"2024-08-13T14:22:54+00:00\" \/>\n<meta property=\"og:image\" content=\"https:\/\/jornalfatosenoticias.com.br\/wp-content\/uploads\/2024\/08\/tarcisio-de-freitas-e-nine-foto-ricardo-stuckert-secom.jpg\" \/>\n\t<meta property=\"og:image:width\" content=\"960\" \/>\n\t<meta property=\"og:image:height\" content=\"540\" \/>\n\t<meta property=\"og:image:type\" content=\"image\/jpeg\" \/>\n<meta name=\"author\" content=\"Luzimara Fernandes\" \/>\n<meta name=\"twitter:card\" content=\"summary_large_image\" \/>\n<meta name=\"twitter:label1\" content=\"Escrito por\" \/>\n\t<meta name=\"twitter:data1\" content=\"Luzimara Fernandes\" \/>\n\t<meta name=\"twitter:label2\" content=\"Est. tempo de leitura\" \/>\n\t<meta name=\"twitter:data2\" content=\"2 minutos\" \/>\n<script type=\"application\/ld+json\" class=\"yoast-schema-graph\">{\"@context\":\"https:\/\/schema.org\",\"@graph\":[{\"@type\":\"Article\",\"@id\":\"https:\/\/jornalfatosenoticias.com.br\/index.php\/2024\/08\/13\/tarcisio-alfineta-lula-e-diz-que-governo-cria-crises-e-gasta-mais-do-que-deveria\/#article\",\"isPartOf\":{\"@id\":\"https:\/\/jornalfatosenoticias.com.br\/index.php\/2024\/08\/13\/tarcisio-alfineta-lula-e-diz-que-governo-cria-crises-e-gasta-mais-do-que-deveria\/\"},\"author\":{\"name\":\"Luzimara Fernandes\",\"@id\":\"https:\/\/jornalfatosenoticias.com.br\/#\/schema\/person\/d63837fa13ac8666eb9e74e0985d6f81\"},\"headline\":\"Tarc\u00edsio alfineta Lula e diz que governo cria crises e gasta mais do que deveria\",\"datePublished\":\"2024-08-13T14:22:53+00:00\",\"dateModified\":\"2024-08-13T14:22:54+00:00\",\"mainEntityOfPage\":{\"@id\":\"https:\/\/jornalfatosenoticias.com.br\/index.php\/2024\/08\/13\/tarcisio-alfineta-lula-e-diz-que-governo-cria-crises-e-gasta-mais-do-que-deveria\/\"},\"wordCount\":404,\"commentCount\":0,\"publisher\":{\"@id\":\"https:\/\/jornalfatosenoticias.com.br\/#organization\"},\"image\":{\"@id\":\"https:\/\/jornalfatosenoticias.com.br\/index.php\/2024\/08\/13\/tarcisio-alfineta-lula-e-diz-que-governo-cria-crises-e-gasta-mais-do-que-deveria\/#primaryimage\"},\"thumbnailUrl\":\"https:\/\/jornalfatosenoticias.com.br\/wp-content\/uploads\/2024\/08\/tarcisio-de-freitas-e-nine-foto-ricardo-stuckert-secom.jpg\",\"keywords\":[\"contas p\u00fablicas\",\"desgoverno Lula\",\"desgoverno PT\",\"gastos p\u00fablicos\",\"Lula\",\"Tarc\u00edsio de Freitas\"],\"articleSection\":[\"Economia\"],\"inLanguage\":\"pt-BR\",\"potentialAction\":[{\"@type\":\"CommentAction\",\"name\":\"Comment\",\"target\":[\"https:\/\/jornalfatosenoticias.com.br\/index.php\/2024\/08\/13\/tarcisio-alfineta-lula-e-diz-que-governo-cria-crises-e-gasta-mais-do-que-deveria\/#respond\"]}]},{\"@type\":\"WebPage\",\"@id\":\"https:\/\/jornalfatosenoticias.com.br\/index.php\/2024\/08\/13\/tarcisio-alfineta-lula-e-diz-que-governo-cria-crises-e-gasta-mais-do-que-deveria\/\",\"url\":\"https:\/\/jornalfatosenoticias.com.br\/index.php\/2024\/08\/13\/tarcisio-alfineta-lula-e-diz-que-governo-cria-crises-e-gasta-mais-do-que-deveria\/\",\"name\":\"Tarc\u00edsio alfineta Lula e diz que governo cria crises e gasta mais do que deveria - Jornal Fatos e Not\u00edcias\",\"isPartOf\":{\"@id\":\"https:\/\/jornalfatosenoticias.com.br\/#website\"},\"primaryImageOfPage\":{\"@id\":\"https:\/\/jornalfatosenoticias.com.br\/index.php\/2024\/08\/13\/tarcisio-alfineta-lula-e-diz-que-governo-cria-crises-e-gasta-mais-do-que-deveria\/#primaryimage\"},\"image\":{\"@id\":\"https:\/\/jornalfatosenoticias.com.br\/index.php\/2024\/08\/13\/tarcisio-alfineta-lula-e-diz-que-governo-cria-crises-e-gasta-mais-do-que-deveria\/#primaryimage\"},\"thumbnailUrl\":\"https:\/\/jornalfatosenoticias.com.br\/wp-content\/uploads\/2024\/08\/tarcisio-de-freitas-e-nine-foto-ricardo-stuckert-secom.jpg\",\"datePublished\":\"2024-08-13T14:22:53+00:00\",\"dateModified\":\"2024-08-13T14:22:54+00:00\",\"breadcrumb\":{\"@id\":\"https:\/\/jornalfatosenoticias.com.br\/index.php\/2024\/08\/13\/tarcisio-alfineta-lula-e-diz-que-governo-cria-crises-e-gasta-mais-do-que-deveria\/#breadcrumb\"},\"inLanguage\":\"pt-BR\",\"potentialAction\":[{\"@type\":\"ReadAction\",\"target\":[\"https:\/\/jornalfatosenoticias.com.br\/index.php\/2024\/08\/13\/tarcisio-alfineta-lula-e-diz-que-governo-cria-crises-e-gasta-mais-do-que-deveria\/\"]}]},{\"@type\":\"ImageObject\",\"inLanguage\":\"pt-BR\",\"@id\":\"https:\/\/jornalfatosenoticias.com.br\/index.php\/2024\/08\/13\/tarcisio-alfineta-lula-e-diz-que-governo-cria-crises-e-gasta-mais-do-que-deveria\/#primaryimage\",\"url\":\"https:\/\/jornalfatosenoticias.com.br\/wp-content\/uploads\/2024\/08\/tarcisio-de-freitas-e-nine-foto-ricardo-stuckert-secom.jpg\",\"contentUrl\":\"https:\/\/jornalfatosenoticias.com.br\/wp-content\/uploads\/2024\/08\/tarcisio-de-freitas-e-nine-foto-ricardo-stuckert-secom.jpg\",\"width\":960,\"height\":540},{\"@type\":\"BreadcrumbList\",\"@id\":\"https:\/\/jornalfatosenoticias.com.br\/index.php\/2024\/08\/13\/tarcisio-alfineta-lula-e-diz-que-governo-cria-crises-e-gasta-mais-do-que-deveria\/#breadcrumb\",\"itemListElement\":[{\"@type\":\"ListItem\",\"position\":1,\"name\":\"In\u00edcio\",\"item\":\"https:\/\/jornalfatosenoticias.com.br\/\"},{\"@type\":\"ListItem\",\"position\":2,\"name\":\"Tarc\u00edsio alfineta Lula e diz que governo cria crises e gasta mais do que deveria\"}]},{\"@type\":\"WebSite\",\"@id\":\"https:\/\/jornalfatosenoticias.com.br\/#website\",\"url\":\"https:\/\/jornalfatosenoticias.com.br\/\",\"name\":\"Jornal Fatos e Not\u00edcias\",\"description\":\"Not\u00edcias em geral\",\"publisher\":{\"@id\":\"https:\/\/jornalfatosenoticias.com.br\/#organization\"},\"potentialAction\":[{\"@type\":\"SearchAction\",\"target\":{\"@type\":\"EntryPoint\",\"urlTemplate\":\"https:\/\/jornalfatosenoticias.com.br\/?s={search_term_string}\"},\"query-input\":{\"@type\":\"PropertyValueSpecification\",\"valueRequired\":true,\"valueName\":\"search_term_string\"}}],\"inLanguage\":\"pt-BR\"},{\"@type\":\"Organization\",\"@id\":\"https:\/\/jornalfatosenoticias.com.br\/#organization\",\"name\":\"Jornal Fatos e Not\u00edcias\",\"url\":\"https:\/\/jornalfatosenoticias.com.br\/\",\"logo\":{\"@type\":\"ImageObject\",\"inLanguage\":\"pt-BR\",\"@id\":\"https:\/\/jornalfatosenoticias.com.br\/#\/schema\/logo\/image\/\",\"url\":\"https:\/\/jornalfatosenoticias.com.br\/wp-content\/uploads\/2020\/02\/logo120.png\",\"contentUrl\":\"https:\/\/jornalfatosenoticias.com.br\/wp-content\/uploads\/2020\/02\/logo120.png\",\"width\":1227,\"height\":120,\"caption\":\"Jornal Fatos e Not\u00edcias\"},\"image\":{\"@id\":\"https:\/\/jornalfatosenoticias.com.br\/#\/schema\/logo\/image\/\"}},{\"@type\":\"Person\",\"@id\":\"https:\/\/jornalfatosenoticias.com.br\/#\/schema\/person\/d63837fa13ac8666eb9e74e0985d6f81\",\"name\":\"Luzimara Fernandes\",\"image\":{\"@type\":\"ImageObject\",\"inLanguage\":\"pt-BR\",\"@id\":\"https:\/\/jornalfatosenoticias.com.br\/#\/schema\/person\/image\/\",\"url\":\"https:\/\/jornalfatosenoticias.com.br\/wp-content\/uploads\/2025\/05\/EU_portal.jpg\",\"contentUrl\":\"https:\/\/jornalfatosenoticias.com.br\/wp-content\/uploads\/2025\/05\/EU_portal.jpg\",\"caption\":\"Luzimara Fernandes\"},\"description\":\"Jornalista MTB 2358-ES\",\"sameAs\":[\"https:\/\/jornalfatosenoticias.com.br\"],\"url\":\"https:\/\/jornalfatosenoticias.com.br\/index.php\/author\/luzimara\/\"}]}<\/script>\n<!-- \/ Yoast SEO plugin. -->","yoast_head_json":{"title":"Tarc\u00edsio alfineta Lula e diz que governo cria crises e gasta mais do que deveria - Jornal Fatos e Not\u00edcias","robots":{"index":"index","follow":"follow","max-snippet":"max-snippet:-1","max-image-preview":"max-image-preview:large","max-video-preview":"max-video-preview:-1"},"canonical":"https:\/\/jornalfatosenoticias.com.br\/index.php\/2024\/08\/13\/tarcisio-alfineta-lula-e-diz-que-governo-cria-crises-e-gasta-mais-do-que-deveria\/","og_locale":"pt_BR","og_type":"article","og_title":"Tarc\u00edsio alfineta Lula e diz que governo cria crises e gasta mais do que deveria - Jornal Fatos e Not\u00edcias","og_description":"Apesar de serem opositores, Freitas reconhece que economia brasileira tem gerado bons dados Por Guilherme Grandi O governador Tarc\u00edsio de Freitas (Republicanos-SP), de S\u00e3o Paulo, alfinetou Luiz In\u00e1cio Lula da Silva (PT) afirmando que o governo &#8220;\u00e0s vezes&#8221; gasta mais do que deveria e que ele pr\u00f3prio cria crises que geram pessimismo no mercado.Freitas e [&hellip;]","og_url":"https:\/\/jornalfatosenoticias.com.br\/index.php\/2024\/08\/13\/tarcisio-alfineta-lula-e-diz-que-governo-cria-crises-e-gasta-mais-do-que-deveria\/","og_site_name":"Jornal Fatos e Not\u00edcias","article_published_time":"2024-08-13T14:22:53+00:00","article_modified_time":"2024-08-13T14:22:54+00:00","og_image":[{"width":960,"height":540,"url":"https:\/\/jornalfatosenoticias.com.br\/wp-content\/uploads\/2024\/08\/tarcisio-de-freitas-e-nine-foto-ricardo-stuckert-secom.jpg","type":"image\/jpeg"}],"author":"Luzimara Fernandes","twitter_card":"summary_large_image","twitter_misc":{"Escrito por":"Luzimara Fernandes","Est. tempo de leitura":"2 minutos"},"schema":{"@context":"https:\/\/schema.org","@graph":[{"@type":"Article","@id":"https:\/\/jornalfatosenoticias.com.br\/index.php\/2024\/08\/13\/tarcisio-alfineta-lula-e-diz-que-governo-cria-crises-e-gasta-mais-do-que-deveria\/#article","isPartOf":{"@id":"https:\/\/jornalfatosenoticias.com.br\/index.php\/2024\/08\/13\/tarcisio-alfineta-lula-e-diz-que-governo-cria-crises-e-gasta-mais-do-que-deveria\/"},"author":{"name":"Luzimara Fernandes","@id":"https:\/\/jornalfatosenoticias.com.br\/#\/schema\/person\/d63837fa13ac8666eb9e74e0985d6f81"},"headline":"Tarc\u00edsio alfineta Lula e diz que governo cria crises e gasta mais do que deveria","datePublished":"2024-08-13T14:22:53+00:00","dateModified":"2024-08-13T14:22:54+00:00","mainEntityOfPage":{"@id":"https:\/\/jornalfatosenoticias.com.br\/index.php\/2024\/08\/13\/tarcisio-alfineta-lula-e-diz-que-governo-cria-crises-e-gasta-mais-do-que-deveria\/"},"wordCount":404,"commentCount":0,"publisher":{"@id":"https:\/\/jornalfatosenoticias.com.br\/#organization"},"image":{"@id":"https:\/\/jornalfatosenoticias.com.br\/index.php\/2024\/08\/13\/tarcisio-alfineta-lula-e-diz-que-governo-cria-crises-e-gasta-mais-do-que-deveria\/#primaryimage"},"thumbnailUrl":"https:\/\/jornalfatosenoticias.com.br\/wp-content\/uploads\/2024\/08\/tarcisio-de-freitas-e-nine-foto-ricardo-stuckert-secom.jpg","keywords":["contas p\u00fablicas","desgoverno Lula","desgoverno PT","gastos p\u00fablicos","Lula","Tarc\u00edsio de Freitas"],"articleSection":["Economia"],"inLanguage":"pt-BR","potentialAction":[{"@type":"CommentAction","name":"Comment","target":["https:\/\/jornalfatosenoticias.com.br\/index.php\/2024\/08\/13\/tarcisio-alfineta-lula-e-diz-que-governo-cria-crises-e-gasta-mais-do-que-deveria\/#respond"]}]},{"@type":"WebPage","@id":"https:\/\/jornalfatosenoticias.com.br\/index.php\/2024\/08\/13\/tarcisio-alfineta-lula-e-diz-que-governo-cria-crises-e-gasta-mais-do-que-deveria\/","url":"https:\/\/jornalfatosenoticias.com.br\/index.php\/2024\/08\/13\/tarcisio-alfineta-lula-e-diz-que-governo-cria-crises-e-gasta-mais-do-que-deveria\/","name":"Tarc\u00edsio alfineta Lula e diz que governo cria crises e gasta mais do que deveria - Jornal Fatos e Not\u00edcias","isPartOf":{"@id":"https:\/\/jornalfatosenoticias.com.br\/#website"},"primaryImageOfPage":{"@id":"https:\/\/jornalfatosenoticias.com.br\/index.php\/2024\/08\/13\/tarcisio-alfineta-lula-e-diz-que-governo-cria-crises-e-gasta-mais-do-que-deveria\/#primaryimage"},"image":{"@id":"https:\/\/jornalfatosenoticias.com.br\/index.php\/2024\/08\/13\/tarcisio-alfineta-lula-e-diz-que-governo-cria-crises-e-gasta-mais-do-que-deveria\/#primaryimage"},"thumbnailUrl":"https:\/\/jornalfatosenoticias.com.br\/wp-content\/uploads\/2024\/08\/tarcisio-de-freitas-e-nine-foto-ricardo-stuckert-secom.jpg","datePublished":"2024-08-13T14:22:53+00:00","dateModified":"2024-08-13T14:22:54+00:00","breadcrumb":{"@id":"https:\/\/jornalfatosenoticias.com.br\/index.php\/2024\/08\/13\/tarcisio-alfineta-lula-e-diz-que-governo-cria-crises-e-gasta-mais-do-que-deveria\/#breadcrumb"},"inLanguage":"pt-BR","potentialAction":[{"@type":"ReadAction","target":["https:\/\/jornalfatosenoticias.com.br\/index.php\/2024\/08\/13\/tarcisio-alfineta-lula-e-diz-que-governo-cria-crises-e-gasta-mais-do-que-deveria\/"]}]},{"@type":"ImageObject","inLanguage":"pt-BR","@id":"https:\/\/jornalfatosenoticias.com.br\/index.php\/2024\/08\/13\/tarcisio-alfineta-lula-e-diz-que-governo-cria-crises-e-gasta-mais-do-que-deveria\/#primaryimage","url":"https:\/\/jornalfatosenoticias.com.br\/wp-content\/uploads\/2024\/08\/tarcisio-de-freitas-e-nine-foto-ricardo-stuckert-secom.jpg","contentUrl":"https:\/\/jornalfatosenoticias.com.br\/wp-content\/uploads\/2024\/08\/tarcisio-de-freitas-e-nine-foto-ricardo-stuckert-secom.jpg","width":960,"height":540},{"@type":"BreadcrumbList","@id":"https:\/\/jornalfatosenoticias.com.br\/index.php\/2024\/08\/13\/tarcisio-alfineta-lula-e-diz-que-governo-cria-crises-e-gasta-mais-do-que-deveria\/#breadcrumb","itemListElement":[{"@type":"ListItem","position":1,"name":"In\u00edcio","item":"https:\/\/jornalfatosenoticias.com.br\/"},{"@type":"ListItem","position":2,"name":"Tarc\u00edsio alfineta Lula e diz que governo cria crises e gasta mais do que deveria"}]},{"@type":"WebSite","@id":"https:\/\/jornalfatosenoticias.com.br\/#website","url":"https:\/\/jornalfatosenoticias.com.br\/","name":"Jornal Fatos e Not\u00edcias","description":"Not\u00edcias em geral","publisher":{"@id":"https:\/\/jornalfatosenoticias.com.br\/#organization"},"potentialAction":[{"@type":"SearchAction","target":{"@type":"EntryPoint","urlTemplate":"https:\/\/jornalfatosenoticias.com.br\/?s={search_term_string}"},"query-input":{"@type":"PropertyValueSpecification","valueRequired":true,"valueName":"search_term_string"}}],"inLanguage":"pt-BR"},{"@type":"Organization","@id":"https:\/\/jornalfatosenoticias.com.br\/#organization","name":"Jornal Fatos e Not\u00edcias","url":"https:\/\/jornalfatosenoticias.com.br\/","logo":{"@type":"ImageObject","inLanguage":"pt-BR","@id":"https:\/\/jornalfatosenoticias.com.br\/#\/schema\/logo\/image\/","url":"https:\/\/jornalfatosenoticias.com.br\/wp-content\/uploads\/2020\/02\/logo120.png","contentUrl":"https:\/\/jornalfatosenoticias.com.br\/wp-content\/uploads\/2020\/02\/logo120.png","width":1227,"height":120,"caption":"Jornal Fatos e Not\u00edcias"},"image":{"@id":"https:\/\/jornalfatosenoticias.com.br\/#\/schema\/logo\/image\/"}},{"@type":"Person","@id":"https:\/\/jornalfatosenoticias.com.br\/#\/schema\/person\/d63837fa13ac8666eb9e74e0985d6f81","name":"Luzimara Fernandes","image":{"@type":"ImageObject","inLanguage":"pt-BR","@id":"https:\/\/jornalfatosenoticias.com.br\/#\/schema\/person\/image\/","url":"https:\/\/jornalfatosenoticias.com.br\/wp-content\/uploads\/2025\/05\/EU_portal.jpg","contentUrl":"https:\/\/jornalfatosenoticias.com.br\/wp-content\/uploads\/2025\/05\/EU_portal.jpg","caption":"Luzimara Fernandes"},"description":"Jornalista MTB 2358-ES","sameAs":["https:\/\/jornalfatosenoticias.com.br"],"url":"https:\/\/jornalfatosenoticias.com.br\/index.php\/author\/luzimara\/"}]}},"cc_featured_image_caption":{"caption_text":"(Foto: Ricardo Stuckert\/Secom) ","source_text":"","source_url":""},"jetpack_featured_media_url":"https:\/\/jornalfatosenoticias.com.br\/wp-content\/uploads\/2024\/08\/tarcisio-de-freitas-e-nine-foto-ricardo-stuckert-secom.jpg","_links":{"self":[{"href":"https:\/\/jornalfatosenoticias.com.br\/index.php\/wp-json\/wp\/v2\/posts\/53452","targetHints":{"allow":["GET"]}}],"collection":[{"href":"https:\/\/jornalfatosenoticias.com.br\/index.php\/wp-json\/wp\/v2\/posts"}],"about":[{"href":"https:\/\/jornalfatosenoticias.com.br\/index.php\/wp-json\/wp\/v2\/types\/post"}],"author":[{"embeddable":true,"href":"https:\/\/jornalfatosenoticias.com.br\/index.php\/wp-json\/wp\/v2\/users\/2"}],"replies":[{"embeddable":true,"href":"https:\/\/jornalfatosenoticias.com.br\/index.php\/wp-json\/wp\/v2\/comments?post=53452"}],"version-history":[{"count":0,"href":"https:\/\/jornalfatosenoticias.com.br\/index.php\/wp-json\/wp\/v2\/posts\/53452\/revisions"}],"wp:featuredmedia":[{"embeddable":true,"href":"https:\/\/jornalfatosenoticias.com.br\/index.php\/wp-json\/wp\/v2\/media\/53453"}],"wp:attachment":[{"href":"https:\/\/jornalfatosenoticias.com.br\/index.php\/wp-json\/wp\/v2\/media?parent=53452"}],"wp:term":[{"taxonomy":"category","embeddable":true,"href":"https:\/\/jornalfatosenoticias.com.br\/index.php\/wp-json\/wp\/v2\/categories?post=53452"},{"taxonomy":"post_tag","embeddable":true,"href":"https:\/\/jornalfatosenoticias.com.br\/index.php\/wp-json\/wp\/v2\/tags?post=53452"}],"curies":[{"name":"wp","href":"https:\/\/api.w.org\/{rel}","templated":true}]}}