{"id":53463,"date":"2024-08-13T16:29:19","date_gmt":"2024-08-13T19:29:19","guid":{"rendered":"https:\/\/jornalfatosenoticias.com.br\/?p=53463"},"modified":"2024-08-13T16:29:20","modified_gmt":"2024-08-13T19:29:20","slug":"infancia-o-efeito-transformador-do-aprendizado-de-linguas","status":"publish","type":"post","link":"https:\/\/jornalfatosenoticias.com.br\/index.php\/2024\/08\/13\/infancia-o-efeito-transformador-do-aprendizado-de-linguas\/","title":{"rendered":"Inf\u00e2ncia, o efeito transformador do aprendizado de l\u00ednguas"},"content":{"rendered":"\n<p><em><span class=\"has-inline-color has-black-color\">O aprendizado de l\u00ednguas estrangeiras na educa\u00e7\u00e3o infantil promove significativos benef\u00edcios cognitivos<\/span><\/em><\/p>\n\n\n\n<p><span class=\"has-inline-color has-black-color\">Por <strong><a href=\"https:\/\/revistaeducacao.com.br\/author\/ricardo-crespo-de-oliveira-mendes\"><strong>Ricardo Crespo de Oliveira Mendes<\/strong><\/a><\/strong><\/span><\/p>\n\n\n\n<div class=\"wp-block-image\"><figure class=\"aligncenter size-large\"><a href=\"https:\/\/mizu.com.br\/\"><img loading=\"lazy\" decoding=\"async\" width=\"729\" height=\"90\" src=\"https:\/\/jornalfatosenoticias.com.br\/wp-content\/uploads\/2020\/02\/Logo_Mizu.png\" alt=\"\" class=\"wp-image-1441\" srcset=\"https:\/\/jornalfatosenoticias.com.br\/wp-content\/uploads\/2020\/02\/Logo_Mizu.png 729w, https:\/\/jornalfatosenoticias.com.br\/wp-content\/uploads\/2020\/02\/Logo_Mizu-300x37.png 300w\" sizes=\"auto, (max-width: 729px) 100vw, 729px\" \/><\/a><\/figure><\/div>\n\n\n\n<p>O aprendizado de l\u00edngua estrangeira na educa\u00e7\u00e3o infantil tem ganhado destaque nos \u00faltimos anos por conta dos m\u00faltiplos benef\u00edcios que a exposi\u00e7\u00e3o precoce a novos idiomas pode proporcionar, seja atrav\u00e9s das escolas presenciais ou mesmo em aulas de ingl\u00eas on-line. Especialistas em educa\u00e7\u00e3o e desenvolvimento infantil apontam diversas vantagens cognitivas, sociais e culturais associadas ao aprendizado de l\u00ednguas.<br>Crian\u00e7as que aprendem uma segunda l\u00edngua t\u00eam a oportunidade de desenvolver habilidades cognitivas avan\u00e7adas. Al\u00e9m disso, a exposi\u00e7\u00e3o a diferentes idiomas pode fomentar a flexibilidade mental e a capacidade de resolver problemas de maneira mais criativa, benef\u00edcios que s\u00e3o acompanhados por vantagens sociais, como facilidade em se comunicar e interagir com pessoas de diferentes culturas.<\/p>\n\n\n\n<div class=\"wp-block-image\"><figure class=\"aligncenter size-large\"><a href=\"https:\/\/cesconetto.com.br\/\"><img loading=\"lazy\" decoding=\"async\" width=\"300\" height=\"250\" src=\"https:\/\/jornalfatosenoticias.com.br\/wp-content\/uploads\/2020\/02\/Banner-2.png\" alt=\"\" class=\"wp-image-43787\"\/><\/a><\/figure><\/div>\n\n\n\n<p>A import\u00e2ncia vai al\u00e9m do desenvolvimento individual. Ao introduzir uma nova l\u00edngua na vida das crian\u00e7as \u00e9 poss\u00edvel criar uma base s\u00f3lida para uma sociedade multicultural e inclusiva. Dessa forma, o ensino de l\u00ednguas estrangeiras desde cedo \u00e9 uma estrat\u00e9gia valiosa para preparar as futuras gera\u00e7\u00f5es para um mundo cada vez mais globalizado.<\/p>\n\n\n\n<div class=\"wp-block-image\"><figure class=\"aligncenter size-large is-resized\"><a href=\"https:\/\/www.instagram.com\/rapuzeljastro\/\"><img loading=\"lazy\" decoding=\"async\" src=\"https:\/\/jornalfatosenoticias.com.br\/wp-content\/uploads\/2020\/02\/logo-Rapuzel-1024x571.jpg\" alt=\"\" class=\"wp-image-42808\" width=\"399\" height=\"222\" srcset=\"https:\/\/jornalfatosenoticias.com.br\/wp-content\/uploads\/2020\/02\/logo-Rapuzel-1024x571.jpg 1024w, https:\/\/jornalfatosenoticias.com.br\/wp-content\/uploads\/2020\/02\/logo-Rapuzel-300x167.jpg 300w, https:\/\/jornalfatosenoticias.com.br\/wp-content\/uploads\/2020\/02\/logo-Rapuzel-768x428.jpg 768w, https:\/\/jornalfatosenoticias.com.br\/wp-content\/uploads\/2020\/02\/logo-Rapuzel-1536x856.jpg 1536w, https:\/\/jornalfatosenoticias.com.br\/wp-content\/uploads\/2020\/02\/logo-Rapuzel.jpg 1600w\" sizes=\"auto, (max-width: 399px) 100vw, 399px\" \/><\/a><\/figure><\/div>\n\n\n\n<p><strong><span class=\"has-inline-color has-vivid-purple-color\">Desenvolvimento cognitivo: expans\u00e3o das capacidades mentais<br><\/span><\/strong>O aprendizado de l\u00ednguas estrangeiras na educa\u00e7\u00e3o infantil promove significativos benef\u00edcios para o desenvolvimento cognitivo. Estudos mostram que crian\u00e7as bil\u00edngues ou multil\u00edngues desenvolvem habilidades avan\u00e7adas de resolu\u00e7\u00e3o de problemas e pensamento cr\u00edtico. A capacidade de alternar entre diferentes idiomas exige flexibilidade mental, o que fortalece fun\u00e7\u00f5es executivas do c\u00e9rebro, como planejamento, controle inibit\u00f3rio e mem\u00f3ria de trabalho.<\/p>\n\n\n\n<div class=\"wp-block-image\"><figure class=\"aligncenter size-large is-resized\"><a href=\"https:\/\/www.ithbrasil.com.br\/\"><img loading=\"lazy\" decoding=\"async\" src=\"https:\/\/jornalfatosenoticias.com.br\/wp-content\/uploads\/2023\/08\/ITH.jpeg\" alt=\"\" class=\"wp-image-44638\" width=\"313\" height=\"254\" srcset=\"https:\/\/jornalfatosenoticias.com.br\/wp-content\/uploads\/2023\/08\/ITH.jpeg 800w, https:\/\/jornalfatosenoticias.com.br\/wp-content\/uploads\/2023\/08\/ITH-300x244.jpeg 300w, https:\/\/jornalfatosenoticias.com.br\/wp-content\/uploads\/2023\/08\/ITH-768x624.jpeg 768w\" sizes=\"auto, (max-width: 313px) 100vw, 313px\" \/><\/a><\/figure><\/div>\n\n\n\n<p>Al\u00e9m disso, a exposi\u00e7\u00e3o \u00e0 nova l\u00edngua estimula a capacidade de aten\u00e7\u00e3o seletiva. Crian\u00e7as que fazem aulas de ingl\u00eas desde cedo s\u00e3o mais aptas a focar em tarefas espec\u00edficas, ignorando distra\u00e7\u00f5es irrelevantes, gra\u00e7as ao treino constante de identificar e processar informa\u00e7\u00f5es relevantes em dois ou mais sistemas lingu\u00edsticos diferentes. Esses benef\u00edcios cognitivos n\u00e3o apenas melhoram o desempenho acad\u00eamico das crian\u00e7as, mas tamb\u00e9m preparam o c\u00e9rebro para enfrentar desafios complexos ao longo da vida.<\/p>\n\n\n\n<div class=\"wp-block-image\"><figure class=\"aligncenter size-large is-resized\"><a href=\"https:\/\/www.facebook.com\/postobkr\/?locale=pt_BR\"><img loading=\"lazy\" decoding=\"async\" src=\"https:\/\/jornalfatosenoticias.com.br\/wp-content\/uploads\/2023\/08\/BKR-1024x1021.jpg\" alt=\"\" class=\"wp-image-44494\" width=\"310\" height=\"309\" srcset=\"https:\/\/jornalfatosenoticias.com.br\/wp-content\/uploads\/2023\/08\/BKR-1024x1021.jpg 1024w, https:\/\/jornalfatosenoticias.com.br\/wp-content\/uploads\/2023\/08\/BKR-300x300.jpg 300w, https:\/\/jornalfatosenoticias.com.br\/wp-content\/uploads\/2023\/08\/BKR-150x150.jpg 150w, https:\/\/jornalfatosenoticias.com.br\/wp-content\/uploads\/2023\/08\/BKR-768x766.jpg 768w, https:\/\/jornalfatosenoticias.com.br\/wp-content\/uploads\/2023\/08\/BKR.jpg 1080w\" sizes=\"auto, (max-width: 310px) 100vw, 310px\" \/><\/a><\/figure><\/div>\n\n\n\n<p><strong><span class=\"has-inline-color has-vivid-purple-color\">Sensibilidade cultural: ampliando horizontes<br><\/span><\/strong>Introduzir a l\u00edngua estrangeira na educa\u00e7\u00e3o infantil tamb\u00e9m contribui significativamente para o aumento da sensibilidade cultural. Elas t\u00eam a oportunidade de conhecer e entender culturas diversas, promovendo uma vis\u00e3o de mundo mais ampla e inclusiva.<\/p>\n\n\n\n<div class=\"wp-block-image\"><figure class=\"aligncenter size-large is-resized\"><a href=\"https:\/\/www.instagram.com\/restaurantepegoretti\/\"><img loading=\"lazy\" decoding=\"async\" src=\"https:\/\/jornalfatosenoticias.com.br\/wp-content\/uploads\/2023\/12\/pegoretti-logo-pdf-1024x389.jpg\" alt=\"\" class=\"wp-image-47536\" width=\"430\" height=\"163\" srcset=\"https:\/\/jornalfatosenoticias.com.br\/wp-content\/uploads\/2023\/12\/pegoretti-logo-pdf-1024x389.jpg 1024w, https:\/\/jornalfatosenoticias.com.br\/wp-content\/uploads\/2023\/12\/pegoretti-logo-pdf-300x114.jpg 300w, https:\/\/jornalfatosenoticias.com.br\/wp-content\/uploads\/2023\/12\/pegoretti-logo-pdf-768x291.jpg 768w, https:\/\/jornalfatosenoticias.com.br\/wp-content\/uploads\/2023\/12\/pegoretti-logo-pdf.jpg 1120w\" sizes=\"auto, (max-width: 430px) 100vw, 430px\" \/><\/a><\/figure><\/div>\n\n\n\n<p>O novo aprendizado envolve mais do que apenas a aquisi\u00e7\u00e3o de vocabul\u00e1rio e gram\u00e1tica. Inclui a imers\u00e3o em diferentes pr\u00e1ticas culturais e formas de pensar. As crian\u00e7as come\u00e7am a reconhecer que existem m\u00faltiplas maneiras de interpretar o mundo e resolver problemas.<\/p>\n\n\n\n<div class=\"wp-block-image\"><figure class=\"aligncenter size-large is-resized\"><img loading=\"lazy\" decoding=\"async\" src=\"https:\/\/jornalfatosenoticias.com.br\/wp-content\/uploads\/2022\/02\/Precisao-Contabilidade-1024x724.jpg\" alt=\"\" class=\"wp-image-28088\" width=\"352\" height=\"249\"\/><\/figure><\/div>\n\n\n\n<p><strong><span class=\"has-inline-color has-vivid-purple-color\">Melhoria da comunica\u00e7\u00e3o: habilidades aprimoradas<br><\/span><\/strong>Aprender l\u00ednguas na inf\u00e2ncia traz benef\u00edcios not\u00e1veis para as habilidades de comunica\u00e7\u00e3o. O processo envolve a pr\u00e1tica constante de escuta, fala, leitura e escrita, o que aprimora a profici\u00eancia lingu\u00edstica em geral. As crian\u00e7as se tornam mais articuladas e confiantes em suas capacidades de comunica\u00e7\u00e3o, tanto no idioma nativo quanto no estrangeiro.<\/p>\n\n\n\n<div class=\"wp-block-image\"><figure class=\"aligncenter size-large\"><a href=\"http:\/\/www.ferrarimaquinas.com.br\/\"><img loading=\"lazy\" decoding=\"async\" width=\"300\" height=\"250\" src=\"https:\/\/jornalfatosenoticias.com.br\/wp-content\/uploads\/2022\/02\/FERRARI_MAQUINAS-E-FERRAMENTAS2.jpg\" alt=\"\" class=\"wp-image-27860\"\/><\/a><\/figure><\/div>\n\n\n\n<p>A pr\u00e1tica tamb\u00e9m ensina \u00e0s crian\u00e7as a arte da adapta\u00e7\u00e3o comunicativa. Elas aprendem a ajustar seu discurso conforme o contexto e o interlocutor, desenvolvendo uma compreens\u00e3o mais profunda de nuances lingu\u00edsticas e culturais, o que \u00e9 crucial em um mundo interconectado, onde intera\u00e7\u00f5es multiculturais s\u00e3o cada vez mais comuns.<\/p>\n\n\n\n<div class=\"wp-block-image\"><figure class=\"aligncenter size-large is-resized\"><a href=\"https:\/\/panper.com.br\/\"><img loading=\"lazy\" decoding=\"async\" src=\"https:\/\/jornalfatosenoticias.com.br\/wp-content\/uploads\/2023\/03\/logo-Panper_portal.jpg\" alt=\"\" class=\"wp-image-40208\" width=\"360\" height=\"249\" srcset=\"https:\/\/jornalfatosenoticias.com.br\/wp-content\/uploads\/2023\/03\/logo-Panper_portal.jpg 400w, https:\/\/jornalfatosenoticias.com.br\/wp-content\/uploads\/2023\/03\/logo-Panper_portal-300x208.jpg 300w\" sizes=\"auto, (max-width: 360px) 100vw, 360px\" \/><\/a><\/figure><\/div>\n\n\n\n<p>Outro benef\u00edcio importante \u00e9 a melhoria da capacidade de escuta ativa. Crian\u00e7as bil\u00edngues ou multil\u00edngues tendem a ser ouvintes mais atentos, pois precisam distinguir e compreender diferentes sons e estruturas lingu\u00edsticas. Isso n\u00e3o s\u00f3 melhora a comunica\u00e7\u00e3o, como tamb\u00e9m fortalece relacionamentos interpessoais, j\u00e1 que a escuta ativa \u00e9 fundamental para uma intera\u00e7\u00e3o eficaz e emp\u00e1tica.<\/p>\n\n\n\n<div class=\"wp-block-image\"><figure class=\"aligncenter size-large is-resized\"><a href=\"https:\/\/www.controlsystems.com.br\/\"><img loading=\"lazy\" decoding=\"async\" src=\"https:\/\/jornalfatosenoticias.com.br\/wp-content\/uploads\/2020\/02\/CONTROL-CS.jpg\" alt=\"\" class=\"wp-image-44991\" width=\"292\" height=\"350\" srcset=\"https:\/\/jornalfatosenoticias.com.br\/wp-content\/uploads\/2020\/02\/CONTROL-CS.jpg 834w, https:\/\/jornalfatosenoticias.com.br\/wp-content\/uploads\/2020\/02\/CONTROL-CS-250x300.jpg 250w, https:\/\/jornalfatosenoticias.com.br\/wp-content\/uploads\/2020\/02\/CONTROL-CS-768x921.jpg 768w\" sizes=\"auto, (max-width: 292px) 100vw, 292px\" \/><\/a><\/figure><\/div>\n\n\n\n<p><strong><span class=\"has-inline-color has-vivid-purple-color\">Est\u00edmulo \u00e0 criatividade: imaginando novas possibilidades<br><\/span><\/strong>L\u00ednguas estrangeiras tamb\u00e9m desempenham um papel fundamental no est\u00edmulo \u00e0 criatividade das crian\u00e7as. Elas s\u00e3o desafiadas a pensar de maneiras n\u00e3o convencionais e a desenvolver solu\u00e7\u00f5es inovadoras para problemas lingu\u00edsticos.<br>A exposi\u00e7\u00e3o a diferentes idiomas e culturas na inf\u00e2ncia amplia o repert\u00f3rio de experi\u00eancias e refer\u00eancias culturais, o que enriquece a imagina\u00e7\u00e3o e incentiva a produ\u00e7\u00e3o de ideias originais. As crian\u00e7as t\u00eam a oportunidade de explorar novas formas de express\u00e3o, seja por meio de hist\u00f3rias, m\u00fasicas ou jogos, o que nutre a criatividade de maneira l\u00fadica e prazerosa.<\/p>\n\n\n\n<div class=\"wp-block-image\"><figure class=\"aligncenter size-large\"><a href=\"https:\/\/www.facebook.com\/Esteio-Churrascaria-Barbecue-103643461220402\/\"><img decoding=\"async\" src=\"https:\/\/jornalfatosenoticias.com.br\/wp-content\/uploads\/2020\/02\/logo_esteio.jpg\" alt=\"\" class=\"wp-image-1214\"\/><\/a><\/figure><\/div>\n\n\n\n<p><strong><span class=\"has-inline-color has-vivid-purple-color\">O impacto duradouro do aprendizado lingu\u00edstico<br><\/span><\/strong>Esse aprendizado oferece uma ampla gama de benef\u00edcios, que v\u00e3o desde o desenvolvimento cognitivo at\u00e9 a melhoria das habilidades de comunica\u00e7\u00e3o e a promo\u00e7\u00e3o da criatividade. Al\u00e9m disso, contribui significativamente para o aumento da sensibilidade cultural e o desenvolvimento pessoal, preparando as crian\u00e7as para um futuro de sucesso em um mundo globalizado.<\/p>\n\n\n\n<div class=\"wp-block-image\"><figure class=\"aligncenter size-large is-resized\"><a href=\"https:\/\/hotelmarquetti.com.br\/\"><img loading=\"lazy\" decoding=\"async\" src=\"https:\/\/jornalfatosenoticias.com.br\/wp-content\/uploads\/2023\/03\/nova-logo-Marquetti.jpg\" alt=\"\" class=\"wp-image-40207\" width=\"356\" height=\"239\" srcset=\"https:\/\/jornalfatosenoticias.com.br\/wp-content\/uploads\/2023\/03\/nova-logo-Marquetti.jpg 643w, https:\/\/jornalfatosenoticias.com.br\/wp-content\/uploads\/2023\/03\/nova-logo-Marquetti-300x202.jpg 300w\" sizes=\"auto, (max-width: 356px) 100vw, 356px\" \/><\/a><\/figure><\/div>\n\n\n\n<p><strong><em>Fonte: <a href=\"https:\/\/revistaeducacao.com.br\/2024\/08\/06\/lingua-estrangeira\/\">Revista Educa\u00e7\u00e3o<\/a><\/em><\/strong><\/p>\n","protected":false},"excerpt":{"rendered":"<p>O aprendizado de l\u00ednguas estrangeiras na educa\u00e7\u00e3o infantil promove significativos benef\u00edcios cognitivos Por Ricardo Crespo de Oliveira Mendes O aprendizado de l\u00edngua estrangeira na educa\u00e7\u00e3o infantil tem ganhado destaque nos \u00faltimos anos por conta dos m\u00faltiplos benef\u00edcios que a exposi\u00e7\u00e3o precoce a novos idiomas pode proporcionar, seja atrav\u00e9s das escolas presenciais ou mesmo em aulas [&hellip;]<\/p>\n","protected":false},"author":2,"featured_media":53464,"comment_status":"open","ping_status":"open","sticky":false,"template":"","format":"standard","meta":{"footnotes":""},"categories":[7],"tags":[24370,2463,24371,1870,2607,24372],"class_list":["post-53463","post","type-post","status-publish","format-standard","has-post-thumbnail","hentry","category-educacao","tag-aprendizado-de-linguas","tag-aprendizagem","tag-beneficios-cognitivos","tag-educacao-infantil","tag-infancia","tag-lingua-estrangeira"],"yoast_head":"<!-- This site is optimized with the Yoast SEO plugin v26.5 - https:\/\/yoast.com\/wordpress\/plugins\/seo\/ -->\n<title>Inf\u00e2ncia, o efeito transformador do aprendizado de l\u00ednguas - Jornal Fatos e Not\u00edcias<\/title>\n<meta name=\"robots\" content=\"index, follow, max-snippet:-1, max-image-preview:large, max-video-preview:-1\" \/>\n<link rel=\"canonical\" href=\"https:\/\/jornalfatosenoticias.com.br\/index.php\/2024\/08\/13\/infancia-o-efeito-transformador-do-aprendizado-de-linguas\/\" \/>\n<meta property=\"og:locale\" content=\"pt_BR\" \/>\n<meta property=\"og:type\" content=\"article\" \/>\n<meta property=\"og:title\" content=\"Inf\u00e2ncia, o efeito transformador do aprendizado de l\u00ednguas - Jornal Fatos e Not\u00edcias\" \/>\n<meta property=\"og:description\" content=\"O aprendizado de l\u00ednguas estrangeiras na educa\u00e7\u00e3o infantil promove significativos benef\u00edcios cognitivos Por Ricardo Crespo de Oliveira Mendes O aprendizado de l\u00edngua estrangeira na educa\u00e7\u00e3o infantil tem ganhado destaque nos \u00faltimos anos por conta dos m\u00faltiplos benef\u00edcios que a exposi\u00e7\u00e3o precoce a novos idiomas pode proporcionar, seja atrav\u00e9s das escolas presenciais ou mesmo em aulas [&hellip;]\" \/>\n<meta property=\"og:url\" content=\"https:\/\/jornalfatosenoticias.com.br\/index.php\/2024\/08\/13\/infancia-o-efeito-transformador-do-aprendizado-de-linguas\/\" \/>\n<meta property=\"og:site_name\" content=\"Jornal Fatos e Not\u00edcias\" \/>\n<meta property=\"article:published_time\" content=\"2024-08-13T19:29:19+00:00\" \/>\n<meta property=\"article:modified_time\" content=\"2024-08-13T19:29:20+00:00\" \/>\n<meta property=\"og:image\" content=\"https:\/\/jornalfatosenoticias.com.br\/wp-content\/uploads\/2024\/08\/aprendizado-de-linguas_istock.jpg\" \/>\n\t<meta property=\"og:image:width\" content=\"612\" \/>\n\t<meta property=\"og:image:height\" content=\"408\" \/>\n\t<meta property=\"og:image:type\" content=\"image\/jpeg\" \/>\n<meta name=\"author\" content=\"Luzimara Fernandes\" \/>\n<meta name=\"twitter:card\" content=\"summary_large_image\" \/>\n<meta name=\"twitter:label1\" content=\"Escrito por\" \/>\n\t<meta name=\"twitter:data1\" content=\"Luzimara Fernandes\" \/>\n\t<meta name=\"twitter:label2\" content=\"Est. tempo de leitura\" \/>\n\t<meta name=\"twitter:data2\" content=\"4 minutos\" \/>\n<script type=\"application\/ld+json\" class=\"yoast-schema-graph\">{\"@context\":\"https:\/\/schema.org\",\"@graph\":[{\"@type\":\"Article\",\"@id\":\"https:\/\/jornalfatosenoticias.com.br\/index.php\/2024\/08\/13\/infancia-o-efeito-transformador-do-aprendizado-de-linguas\/#article\",\"isPartOf\":{\"@id\":\"https:\/\/jornalfatosenoticias.com.br\/index.php\/2024\/08\/13\/infancia-o-efeito-transformador-do-aprendizado-de-linguas\/\"},\"author\":{\"name\":\"Luzimara Fernandes\",\"@id\":\"https:\/\/jornalfatosenoticias.com.br\/#\/schema\/person\/d63837fa13ac8666eb9e74e0985d6f81\"},\"headline\":\"Inf\u00e2ncia, o efeito transformador do aprendizado de l\u00ednguas\",\"datePublished\":\"2024-08-13T19:29:19+00:00\",\"dateModified\":\"2024-08-13T19:29:20+00:00\",\"mainEntityOfPage\":{\"@id\":\"https:\/\/jornalfatosenoticias.com.br\/index.php\/2024\/08\/13\/infancia-o-efeito-transformador-do-aprendizado-de-linguas\/\"},\"wordCount\":851,\"commentCount\":0,\"publisher\":{\"@id\":\"https:\/\/jornalfatosenoticias.com.br\/#organization\"},\"image\":{\"@id\":\"https:\/\/jornalfatosenoticias.com.br\/index.php\/2024\/08\/13\/infancia-o-efeito-transformador-do-aprendizado-de-linguas\/#primaryimage\"},\"thumbnailUrl\":\"https:\/\/jornalfatosenoticias.com.br\/wp-content\/uploads\/2024\/08\/aprendizado-de-linguas_istock.jpg\",\"keywords\":[\"aprendizado de l\u00ednguas\",\"aprendizagem\",\"benef\u00edcios cognitivos\",\"educa\u00e7\u00e3o infantil\",\"inf\u00e2ncia\",\"l\u00edngua estrangeira\"],\"articleSection\":[\"Educa\u00e7\u00e3o\"],\"inLanguage\":\"pt-BR\",\"potentialAction\":[{\"@type\":\"CommentAction\",\"name\":\"Comment\",\"target\":[\"https:\/\/jornalfatosenoticias.com.br\/index.php\/2024\/08\/13\/infancia-o-efeito-transformador-do-aprendizado-de-linguas\/#respond\"]}]},{\"@type\":\"WebPage\",\"@id\":\"https:\/\/jornalfatosenoticias.com.br\/index.php\/2024\/08\/13\/infancia-o-efeito-transformador-do-aprendizado-de-linguas\/\",\"url\":\"https:\/\/jornalfatosenoticias.com.br\/index.php\/2024\/08\/13\/infancia-o-efeito-transformador-do-aprendizado-de-linguas\/\",\"name\":\"Inf\u00e2ncia, o efeito transformador do aprendizado de l\u00ednguas - Jornal Fatos e Not\u00edcias\",\"isPartOf\":{\"@id\":\"https:\/\/jornalfatosenoticias.com.br\/#website\"},\"primaryImageOfPage\":{\"@id\":\"https:\/\/jornalfatosenoticias.com.br\/index.php\/2024\/08\/13\/infancia-o-efeito-transformador-do-aprendizado-de-linguas\/#primaryimage\"},\"image\":{\"@id\":\"https:\/\/jornalfatosenoticias.com.br\/index.php\/2024\/08\/13\/infancia-o-efeito-transformador-do-aprendizado-de-linguas\/#primaryimage\"},\"thumbnailUrl\":\"https:\/\/jornalfatosenoticias.com.br\/wp-content\/uploads\/2024\/08\/aprendizado-de-linguas_istock.jpg\",\"datePublished\":\"2024-08-13T19:29:19+00:00\",\"dateModified\":\"2024-08-13T19:29:20+00:00\",\"breadcrumb\":{\"@id\":\"https:\/\/jornalfatosenoticias.com.br\/index.php\/2024\/08\/13\/infancia-o-efeito-transformador-do-aprendizado-de-linguas\/#breadcrumb\"},\"inLanguage\":\"pt-BR\",\"potentialAction\":[{\"@type\":\"ReadAction\",\"target\":[\"https:\/\/jornalfatosenoticias.com.br\/index.php\/2024\/08\/13\/infancia-o-efeito-transformador-do-aprendizado-de-linguas\/\"]}]},{\"@type\":\"ImageObject\",\"inLanguage\":\"pt-BR\",\"@id\":\"https:\/\/jornalfatosenoticias.com.br\/index.php\/2024\/08\/13\/infancia-o-efeito-transformador-do-aprendizado-de-linguas\/#primaryimage\",\"url\":\"https:\/\/jornalfatosenoticias.com.br\/wp-content\/uploads\/2024\/08\/aprendizado-de-linguas_istock.jpg\",\"contentUrl\":\"https:\/\/jornalfatosenoticias.com.br\/wp-content\/uploads\/2024\/08\/aprendizado-de-linguas_istock.jpg\",\"width\":612,\"height\":408,\"caption\":\"Little boy learning english with his mother at home\"},{\"@type\":\"BreadcrumbList\",\"@id\":\"https:\/\/jornalfatosenoticias.com.br\/index.php\/2024\/08\/13\/infancia-o-efeito-transformador-do-aprendizado-de-linguas\/#breadcrumb\",\"itemListElement\":[{\"@type\":\"ListItem\",\"position\":1,\"name\":\"In\u00edcio\",\"item\":\"https:\/\/jornalfatosenoticias.com.br\/\"},{\"@type\":\"ListItem\",\"position\":2,\"name\":\"Inf\u00e2ncia, o efeito transformador do aprendizado de l\u00ednguas\"}]},{\"@type\":\"WebSite\",\"@id\":\"https:\/\/jornalfatosenoticias.com.br\/#website\",\"url\":\"https:\/\/jornalfatosenoticias.com.br\/\",\"name\":\"Jornal Fatos e Not\u00edcias\",\"description\":\"Not\u00edcias em geral\",\"publisher\":{\"@id\":\"https:\/\/jornalfatosenoticias.com.br\/#organization\"},\"potentialAction\":[{\"@type\":\"SearchAction\",\"target\":{\"@type\":\"EntryPoint\",\"urlTemplate\":\"https:\/\/jornalfatosenoticias.com.br\/?s={search_term_string}\"},\"query-input\":{\"@type\":\"PropertyValueSpecification\",\"valueRequired\":true,\"valueName\":\"search_term_string\"}}],\"inLanguage\":\"pt-BR\"},{\"@type\":\"Organization\",\"@id\":\"https:\/\/jornalfatosenoticias.com.br\/#organization\",\"name\":\"Jornal Fatos e Not\u00edcias\",\"url\":\"https:\/\/jornalfatosenoticias.com.br\/\",\"logo\":{\"@type\":\"ImageObject\",\"inLanguage\":\"pt-BR\",\"@id\":\"https:\/\/jornalfatosenoticias.com.br\/#\/schema\/logo\/image\/\",\"url\":\"https:\/\/jornalfatosenoticias.com.br\/wp-content\/uploads\/2020\/02\/logo120.png\",\"contentUrl\":\"https:\/\/jornalfatosenoticias.com.br\/wp-content\/uploads\/2020\/02\/logo120.png\",\"width\":1227,\"height\":120,\"caption\":\"Jornal Fatos e Not\u00edcias\"},\"image\":{\"@id\":\"https:\/\/jornalfatosenoticias.com.br\/#\/schema\/logo\/image\/\"}},{\"@type\":\"Person\",\"@id\":\"https:\/\/jornalfatosenoticias.com.br\/#\/schema\/person\/d63837fa13ac8666eb9e74e0985d6f81\",\"name\":\"Luzimara Fernandes\",\"image\":{\"@type\":\"ImageObject\",\"inLanguage\":\"pt-BR\",\"@id\":\"https:\/\/jornalfatosenoticias.com.br\/#\/schema\/person\/image\/\",\"url\":\"https:\/\/jornalfatosenoticias.com.br\/wp-content\/uploads\/2025\/05\/EU_portal.jpg\",\"contentUrl\":\"https:\/\/jornalfatosenoticias.com.br\/wp-content\/uploads\/2025\/05\/EU_portal.jpg\",\"caption\":\"Luzimara Fernandes\"},\"description\":\"Jornalista MTB 2358-ES\",\"sameAs\":[\"https:\/\/jornalfatosenoticias.com.br\"],\"url\":\"https:\/\/jornalfatosenoticias.com.br\/index.php\/author\/luzimara\/\"}]}<\/script>\n<!-- \/ Yoast SEO plugin. -->","yoast_head_json":{"title":"Inf\u00e2ncia, o efeito transformador do aprendizado de l\u00ednguas - Jornal Fatos e Not\u00edcias","robots":{"index":"index","follow":"follow","max-snippet":"max-snippet:-1","max-image-preview":"max-image-preview:large","max-video-preview":"max-video-preview:-1"},"canonical":"https:\/\/jornalfatosenoticias.com.br\/index.php\/2024\/08\/13\/infancia-o-efeito-transformador-do-aprendizado-de-linguas\/","og_locale":"pt_BR","og_type":"article","og_title":"Inf\u00e2ncia, o efeito transformador do aprendizado de l\u00ednguas - Jornal Fatos e Not\u00edcias","og_description":"O aprendizado de l\u00ednguas estrangeiras na educa\u00e7\u00e3o infantil promove significativos benef\u00edcios cognitivos Por Ricardo Crespo de Oliveira Mendes O aprendizado de l\u00edngua estrangeira na educa\u00e7\u00e3o infantil tem ganhado destaque nos \u00faltimos anos por conta dos m\u00faltiplos benef\u00edcios que a exposi\u00e7\u00e3o precoce a novos idiomas pode proporcionar, seja atrav\u00e9s das escolas presenciais ou mesmo em aulas [&hellip;]","og_url":"https:\/\/jornalfatosenoticias.com.br\/index.php\/2024\/08\/13\/infancia-o-efeito-transformador-do-aprendizado-de-linguas\/","og_site_name":"Jornal Fatos e Not\u00edcias","article_published_time":"2024-08-13T19:29:19+00:00","article_modified_time":"2024-08-13T19:29:20+00:00","og_image":[{"width":612,"height":408,"url":"https:\/\/jornalfatosenoticias.com.br\/wp-content\/uploads\/2024\/08\/aprendizado-de-linguas_istock.jpg","type":"image\/jpeg"}],"author":"Luzimara Fernandes","twitter_card":"summary_large_image","twitter_misc":{"Escrito por":"Luzimara Fernandes","Est. tempo de leitura":"4 minutos"},"schema":{"@context":"https:\/\/schema.org","@graph":[{"@type":"Article","@id":"https:\/\/jornalfatosenoticias.com.br\/index.php\/2024\/08\/13\/infancia-o-efeito-transformador-do-aprendizado-de-linguas\/#article","isPartOf":{"@id":"https:\/\/jornalfatosenoticias.com.br\/index.php\/2024\/08\/13\/infancia-o-efeito-transformador-do-aprendizado-de-linguas\/"},"author":{"name":"Luzimara Fernandes","@id":"https:\/\/jornalfatosenoticias.com.br\/#\/schema\/person\/d63837fa13ac8666eb9e74e0985d6f81"},"headline":"Inf\u00e2ncia, o efeito transformador do aprendizado de l\u00ednguas","datePublished":"2024-08-13T19:29:19+00:00","dateModified":"2024-08-13T19:29:20+00:00","mainEntityOfPage":{"@id":"https:\/\/jornalfatosenoticias.com.br\/index.php\/2024\/08\/13\/infancia-o-efeito-transformador-do-aprendizado-de-linguas\/"},"wordCount":851,"commentCount":0,"publisher":{"@id":"https:\/\/jornalfatosenoticias.com.br\/#organization"},"image":{"@id":"https:\/\/jornalfatosenoticias.com.br\/index.php\/2024\/08\/13\/infancia-o-efeito-transformador-do-aprendizado-de-linguas\/#primaryimage"},"thumbnailUrl":"https:\/\/jornalfatosenoticias.com.br\/wp-content\/uploads\/2024\/08\/aprendizado-de-linguas_istock.jpg","keywords":["aprendizado de l\u00ednguas","aprendizagem","benef\u00edcios cognitivos","educa\u00e7\u00e3o infantil","inf\u00e2ncia","l\u00edngua estrangeira"],"articleSection":["Educa\u00e7\u00e3o"],"inLanguage":"pt-BR","potentialAction":[{"@type":"CommentAction","name":"Comment","target":["https:\/\/jornalfatosenoticias.com.br\/index.php\/2024\/08\/13\/infancia-o-efeito-transformador-do-aprendizado-de-linguas\/#respond"]}]},{"@type":"WebPage","@id":"https:\/\/jornalfatosenoticias.com.br\/index.php\/2024\/08\/13\/infancia-o-efeito-transformador-do-aprendizado-de-linguas\/","url":"https:\/\/jornalfatosenoticias.com.br\/index.php\/2024\/08\/13\/infancia-o-efeito-transformador-do-aprendizado-de-linguas\/","name":"Inf\u00e2ncia, o efeito transformador do aprendizado de l\u00ednguas - Jornal Fatos e Not\u00edcias","isPartOf":{"@id":"https:\/\/jornalfatosenoticias.com.br\/#website"},"primaryImageOfPage":{"@id":"https:\/\/jornalfatosenoticias.com.br\/index.php\/2024\/08\/13\/infancia-o-efeito-transformador-do-aprendizado-de-linguas\/#primaryimage"},"image":{"@id":"https:\/\/jornalfatosenoticias.com.br\/index.php\/2024\/08\/13\/infancia-o-efeito-transformador-do-aprendizado-de-linguas\/#primaryimage"},"thumbnailUrl":"https:\/\/jornalfatosenoticias.com.br\/wp-content\/uploads\/2024\/08\/aprendizado-de-linguas_istock.jpg","datePublished":"2024-08-13T19:29:19+00:00","dateModified":"2024-08-13T19:29:20+00:00","breadcrumb":{"@id":"https:\/\/jornalfatosenoticias.com.br\/index.php\/2024\/08\/13\/infancia-o-efeito-transformador-do-aprendizado-de-linguas\/#breadcrumb"},"inLanguage":"pt-BR","potentialAction":[{"@type":"ReadAction","target":["https:\/\/jornalfatosenoticias.com.br\/index.php\/2024\/08\/13\/infancia-o-efeito-transformador-do-aprendizado-de-linguas\/"]}]},{"@type":"ImageObject","inLanguage":"pt-BR","@id":"https:\/\/jornalfatosenoticias.com.br\/index.php\/2024\/08\/13\/infancia-o-efeito-transformador-do-aprendizado-de-linguas\/#primaryimage","url":"https:\/\/jornalfatosenoticias.com.br\/wp-content\/uploads\/2024\/08\/aprendizado-de-linguas_istock.jpg","contentUrl":"https:\/\/jornalfatosenoticias.com.br\/wp-content\/uploads\/2024\/08\/aprendizado-de-linguas_istock.jpg","width":612,"height":408,"caption":"Little boy learning english with his mother at home"},{"@type":"BreadcrumbList","@id":"https:\/\/jornalfatosenoticias.com.br\/index.php\/2024\/08\/13\/infancia-o-efeito-transformador-do-aprendizado-de-linguas\/#breadcrumb","itemListElement":[{"@type":"ListItem","position":1,"name":"In\u00edcio","item":"https:\/\/jornalfatosenoticias.com.br\/"},{"@type":"ListItem","position":2,"name":"Inf\u00e2ncia, o efeito transformador do aprendizado de l\u00ednguas"}]},{"@type":"WebSite","@id":"https:\/\/jornalfatosenoticias.com.br\/#website","url":"https:\/\/jornalfatosenoticias.com.br\/","name":"Jornal Fatos e Not\u00edcias","description":"Not\u00edcias em geral","publisher":{"@id":"https:\/\/jornalfatosenoticias.com.br\/#organization"},"potentialAction":[{"@type":"SearchAction","target":{"@type":"EntryPoint","urlTemplate":"https:\/\/jornalfatosenoticias.com.br\/?s={search_term_string}"},"query-input":{"@type":"PropertyValueSpecification","valueRequired":true,"valueName":"search_term_string"}}],"inLanguage":"pt-BR"},{"@type":"Organization","@id":"https:\/\/jornalfatosenoticias.com.br\/#organization","name":"Jornal Fatos e Not\u00edcias","url":"https:\/\/jornalfatosenoticias.com.br\/","logo":{"@type":"ImageObject","inLanguage":"pt-BR","@id":"https:\/\/jornalfatosenoticias.com.br\/#\/schema\/logo\/image\/","url":"https:\/\/jornalfatosenoticias.com.br\/wp-content\/uploads\/2020\/02\/logo120.png","contentUrl":"https:\/\/jornalfatosenoticias.com.br\/wp-content\/uploads\/2020\/02\/logo120.png","width":1227,"height":120,"caption":"Jornal Fatos e Not\u00edcias"},"image":{"@id":"https:\/\/jornalfatosenoticias.com.br\/#\/schema\/logo\/image\/"}},{"@type":"Person","@id":"https:\/\/jornalfatosenoticias.com.br\/#\/schema\/person\/d63837fa13ac8666eb9e74e0985d6f81","name":"Luzimara Fernandes","image":{"@type":"ImageObject","inLanguage":"pt-BR","@id":"https:\/\/jornalfatosenoticias.com.br\/#\/schema\/person\/image\/","url":"https:\/\/jornalfatosenoticias.com.br\/wp-content\/uploads\/2025\/05\/EU_portal.jpg","contentUrl":"https:\/\/jornalfatosenoticias.com.br\/wp-content\/uploads\/2025\/05\/EU_portal.jpg","caption":"Luzimara Fernandes"},"description":"Jornalista MTB 2358-ES","sameAs":["https:\/\/jornalfatosenoticias.com.br"],"url":"https:\/\/jornalfatosenoticias.com.br\/index.php\/author\/luzimara\/"}]}},"cc_featured_image_caption":{"caption_text":"(Foto: iStock) ","source_text":"","source_url":""},"jetpack_featured_media_url":"https:\/\/jornalfatosenoticias.com.br\/wp-content\/uploads\/2024\/08\/aprendizado-de-linguas_istock.jpg","_links":{"self":[{"href":"https:\/\/jornalfatosenoticias.com.br\/index.php\/wp-json\/wp\/v2\/posts\/53463","targetHints":{"allow":["GET"]}}],"collection":[{"href":"https:\/\/jornalfatosenoticias.com.br\/index.php\/wp-json\/wp\/v2\/posts"}],"about":[{"href":"https:\/\/jornalfatosenoticias.com.br\/index.php\/wp-json\/wp\/v2\/types\/post"}],"author":[{"embeddable":true,"href":"https:\/\/jornalfatosenoticias.com.br\/index.php\/wp-json\/wp\/v2\/users\/2"}],"replies":[{"embeddable":true,"href":"https:\/\/jornalfatosenoticias.com.br\/index.php\/wp-json\/wp\/v2\/comments?post=53463"}],"version-history":[{"count":0,"href":"https:\/\/jornalfatosenoticias.com.br\/index.php\/wp-json\/wp\/v2\/posts\/53463\/revisions"}],"wp:featuredmedia":[{"embeddable":true,"href":"https:\/\/jornalfatosenoticias.com.br\/index.php\/wp-json\/wp\/v2\/media\/53464"}],"wp:attachment":[{"href":"https:\/\/jornalfatosenoticias.com.br\/index.php\/wp-json\/wp\/v2\/media?parent=53463"}],"wp:term":[{"taxonomy":"category","embeddable":true,"href":"https:\/\/jornalfatosenoticias.com.br\/index.php\/wp-json\/wp\/v2\/categories?post=53463"},{"taxonomy":"post_tag","embeddable":true,"href":"https:\/\/jornalfatosenoticias.com.br\/index.php\/wp-json\/wp\/v2\/tags?post=53463"}],"curies":[{"name":"wp","href":"https:\/\/api.w.org\/{rel}","templated":true}]}}