{"id":53475,"date":"2024-08-13T17:21:13","date_gmt":"2024-08-13T20:21:13","guid":{"rendered":"https:\/\/jornalfatosenoticias.com.br\/?p=53475"},"modified":"2024-08-13T17:21:15","modified_gmt":"2024-08-13T20:21:15","slug":"semana-de-frio-cidades-do-brasil-estao-mais-geladas-que-o-alasca","status":"publish","type":"post","link":"https:\/\/jornalfatosenoticias.com.br\/index.php\/2024\/08\/13\/semana-de-frio-cidades-do-brasil-estao-mais-geladas-que-o-alasca\/","title":{"rendered":"Semana de frio: cidades do Brasil est\u00e3o mais geladas que o Alasca"},"content":{"rendered":"\n<p><em><span class=\"has-inline-color has-black-color\">As temperaturas desta manh\u00e3, em v\u00e1rias cidades do Brasil, ultrapassam at\u00e9 o dobro da m\u00ednima prevista para o Alasca, o estado mais gelado dos EUA e refer\u00eancia quando o assunto \u00e9 frio<\/span><\/em><\/p>\n\n\n\n<p><span class=\"has-inline-color has-black-color\">Por <strong><a href=\"https:\/\/gizmodo.uol.com.br\/author\/pablo-nogueira\/\">Pablo Nogueira<\/a><\/strong><\/span><\/p>\n\n\n\n<div class=\"wp-block-image\"><figure class=\"aligncenter size-large\"><a href=\"https:\/\/mizu.com.br\/\"><img loading=\"lazy\" decoding=\"async\" width=\"729\" height=\"90\" src=\"https:\/\/jornalfatosenoticias.com.br\/wp-content\/uploads\/2020\/02\/Logo_Mizu.png\" alt=\"\" class=\"wp-image-1441\" srcset=\"https:\/\/jornalfatosenoticias.com.br\/wp-content\/uploads\/2020\/02\/Logo_Mizu.png 729w, https:\/\/jornalfatosenoticias.com.br\/wp-content\/uploads\/2020\/02\/Logo_Mizu-300x37.png 300w\" sizes=\"auto, (max-width: 729px) 100vw, 729px\" \/><\/a><\/figure><\/div>\n\n\n\n<p>Nesta ter\u00e7a-feira (13), algumas cidades do Brasil, como S\u00e3o Paulo, Belo Horizonte, Porto Alegre e \u2014 surpreendentemente \u2014 Rio de Janeiro, amanheceram mais geladas que o Alasca, <a href=\"https:\/\/gizmodo.uol.com.br\/clima-vai-mudar-calorzinho-vira-frente-fria-no-fim-de-junho\/\">quebrando recordes de frio nesta semana<\/a>.<br>As temperaturas desta manh\u00e3, em v\u00e1rias cidades do Brasil, ultrapassam at\u00e9 o dobro da m\u00ednima prevista para o Alasca, <a href=\"https:\/\/gizmodo.uol.com.br\/cidade-do-alasca-ve-sol-apos-mais-de-2-meses-como-vivem-os-moradores\/\">o estado mais frio dos EUA e refer\u00eancia mundial quando se trata de frio ao lado da Sib\u00e9ria (R\u00fassia)<\/a>. Lembrando que no Alasca agora \u00e9 ver\u00e3o.<\/p>\n\n\n\n<div class=\"wp-block-image\"><figure class=\"aligncenter size-large\"><a href=\"https:\/\/panper.com.br\/\"><img loading=\"lazy\" decoding=\"async\" width=\"300\" height=\"250\" src=\"https:\/\/jornalfatosenoticias.com.br\/wp-content\/uploads\/2022\/02\/Banner-2.png\" alt=\"\" class=\"wp-image-27877\"\/><\/a><\/figure><\/div>\n\n\n\n<p>Ontem (12), <a href=\"https:\/\/gizmodo.uol.com.br\/ate-quando-vai-o-frio-confira-a-previsao-do-tempo-desta-semana\/\">a previs\u00e3o do tempo para esta semana seria de frio e geadas em algumas cidades do Sul e Sudeste<\/a> pela chegada de um ciclone extratropical. Esse ciclone, formado em alto mar, \u00e9 respons\u00e1vel por uma intensa massa de ar polar que causa uma enorme queda nas temperaturas em v\u00e1rias partes do Brasil.<br>A previs\u00e3o, segundo o Climatempo, \u00e9 que frio atinja o \u00e1pice nos tr\u00eas primeiros dias desta semana. Cidades do Sudeste do Brasil quebraram recordes de maior frio, enquanto cidades do Sul tiveram at\u00e9 neve.<\/p>\n\n\n\n<figure class=\"wp-block-embed-twitter wp-block-embed is-type-rich is-provider-twitter\"><div class=\"wp-block-embed__wrapper\">\n<blockquote class=\"twitter-tweet\" data-width=\"550\" data-dnt=\"true\"><p lang=\"pt\" dir=\"ltr\">TEMPO | Neve isolada, chuva congelada, vento de quase 70 km\/h e muito frio no Rio Grande do Sul. \u25b6\ufe0f <a href=\"https:\/\/t.co\/U4GEEhWmEL\">https:\/\/t.co\/U4GEEhWmEL<\/a> \ud83d\udcf7 Prefeitura de S\u00e3o Jos\u00e9 dos Ausentes\/Divulga\u00e7\u00e3o <a href=\"https:\/\/t.co\/nRm8UBUR6R\">pic.twitter.com\/nRm8UBUR6R<\/a><\/p>&mdash; MetSul.com (@metsul) <a href=\"https:\/\/twitter.com\/metsul\/status\/1823131309725663570?ref_src=twsrc%5Etfw\">August 12, 2024<\/a><\/blockquote><script async src=\"https:\/\/platform.twitter.com\/widgets.js\" charset=\"utf-8\"><\/script>\n<\/div><\/figure>\n\n\n\n<div class=\"wp-block-image\"><figure class=\"aligncenter size-large is-resized\"><a href=\"https:\/\/www.instagram.com\/restaurantepegoretti\/\"><img loading=\"lazy\" decoding=\"async\" src=\"https:\/\/jornalfatosenoticias.com.br\/wp-content\/uploads\/2023\/12\/pegoretti-logo-pdf-1024x389.jpg\" alt=\"\" class=\"wp-image-47536\" width=\"409\" height=\"155\" srcset=\"https:\/\/jornalfatosenoticias.com.br\/wp-content\/uploads\/2023\/12\/pegoretti-logo-pdf-1024x389.jpg 1024w, https:\/\/jornalfatosenoticias.com.br\/wp-content\/uploads\/2023\/12\/pegoretti-logo-pdf-300x114.jpg 300w, https:\/\/jornalfatosenoticias.com.br\/wp-content\/uploads\/2023\/12\/pegoretti-logo-pdf-768x291.jpg 768w, https:\/\/jornalfatosenoticias.com.br\/wp-content\/uploads\/2023\/12\/pegoretti-logo-pdf.jpg 1120w\" sizes=\"auto, (max-width: 409px) 100vw, 409px\" \/><\/a><\/figure><\/div>\n\n\n\n<p><strong><span class=\"has-inline-color has-vivid-cyan-blue-color\">Recordes de tempo mais frio em cidades do Brasil<br><\/span><\/strong>Voltando \u00e0 compara\u00e7\u00e3o, algumas cidades do Brasil tiveram mais frio que o Alasca na manh\u00e3 desta ter\u00e7a-feira (12). Enquanto o estado norte-americano registrou 7\u00b0C na madrugada desta ter\u00e7a-feira (13), a temperatura em em\u00a0<a href=\"https:\/\/www.climatempo.com.br\/noticia\/2024\/08\/11\/sao-paulo-registra-menor-temperatura-para-agosto-desde-2011-5985\">S\u00e3o Paulo<\/a> era 6\u00b0C. No \u00faltimo domingo, S\u00e3o Paulo registrou 7\u00b0C, a menor temperatura <a href=\"https:\/\/gizmodo.uol.com.br\/sao-paulo-registra-temperatura-mais-baixa-que-o-alasca\/\">desde maio de 2022<\/a>.<\/p>\n\n\n\n<div class=\"wp-block-image\"><figure class=\"aligncenter size-large is-resized\"><img loading=\"lazy\" decoding=\"async\" src=\"https:\/\/jornalfatosenoticias.com.br\/wp-content\/uploads\/2022\/02\/Precisao-Contabilidade-1024x724.jpg\" alt=\"\" class=\"wp-image-28088\" width=\"349\" height=\"247\"\/><\/figure><\/div>\n\n\n\n<p>No entanto, com a temperatura da madrugada desta ter\u00e7a-feira (13), S\u00e3o Paulo quebrou o recorde de dia mais frio dos \u00faltimos dois anos. Ali\u00e1s, o fen\u00f4meno tamb\u00e9m foi similar em BH. A capital mineira registrou a manh\u00e3 mais fria do ano, com 8\u00b0C \u00e0s 6h da manh\u00e3, superando o recorde de temperatura m\u00ednima da cidade em tr\u00eas dias. No Rio de Janeiro, a madrugada tamb\u00e9m quebrou recordes, sendo a mais fria em 13 anos, com temperatura m\u00ednima de 8,3\u00b0C.<\/p>\n\n\n\n<figure class=\"wp-block-embed-twitter wp-block-embed is-type-rich is-provider-twitter\"><div class=\"wp-block-embed__wrapper\">\n<blockquote class=\"twitter-tweet\" data-width=\"550\" data-dnt=\"true\"><p lang=\"pt\" dir=\"ltr\">\ud83e\udd76 A ter\u00e7a-feira deve ser o dia mais frio do ano. As m\u00e1ximas previstas ficam abaixo dos 20\u00b0C em boa parte do centro-sul do Brasil.<br><br>Temperaturas nas capitais at\u00e9 20\u00b0C:<br>\u00a0\ud83c\udf21\ufe0f Porto Alegre: 14\u00b0C<br>\u00a0\ud83c\udf21\ufe0f Florian\u00f3polis: 14\u00b0C<br>\u00a0\ud83c\udf21\ufe0f Curitiba: 11\u00b0C<br>\u00a0\ud83c\udf21\ufe0f S\u00e3o Paulo: 15\u00b0C<br>\u00a0\ud83c\udf21\ufe0f Rio de Janeiro: 20\u00b0C <a href=\"https:\/\/t.co\/OcU0k31E51\">pic.twitter.com\/OcU0k31E51<\/a><\/p>&mdash; Meteored Brasil (@MeteoredBR) <a href=\"https:\/\/twitter.com\/MeteoredBR\/status\/1823298976499531981?ref_src=twsrc%5Etfw\">August 13, 2024<\/a><\/blockquote><script async src=\"https:\/\/platform.twitter.com\/widgets.js\" charset=\"utf-8\"><\/script>\n<\/div><\/figure>\n\n\n\n<div class=\"wp-block-image\"><figure class=\"aligncenter size-large is-resized\"><a href=\"https:\/\/www.instagram.com\/rapuzeljastro\/\"><img loading=\"lazy\" decoding=\"async\" src=\"https:\/\/jornalfatosenoticias.com.br\/wp-content\/uploads\/2020\/02\/logo-Rapuzel-1024x571.jpg\" alt=\"\" class=\"wp-image-42808\" width=\"433\" height=\"241\" srcset=\"https:\/\/jornalfatosenoticias.com.br\/wp-content\/uploads\/2020\/02\/logo-Rapuzel-1024x571.jpg 1024w, https:\/\/jornalfatosenoticias.com.br\/wp-content\/uploads\/2020\/02\/logo-Rapuzel-300x167.jpg 300w, https:\/\/jornalfatosenoticias.com.br\/wp-content\/uploads\/2020\/02\/logo-Rapuzel-768x428.jpg 768w, https:\/\/jornalfatosenoticias.com.br\/wp-content\/uploads\/2020\/02\/logo-Rapuzel-1536x856.jpg 1536w, https:\/\/jornalfatosenoticias.com.br\/wp-content\/uploads\/2020\/02\/logo-Rapuzel.jpg 1600w\" sizes=\"auto, (max-width: 433px) 100vw, 433px\" \/><\/a><\/figure><\/div>\n\n\n\n<p>Mas, se o frio nessas cidades \u00e9 compar\u00e1vel \u00e0s temperaturas de hoje (13) no Alasca, a regi\u00e3o Sul do Brasil, certamente, vai al\u00e9m. No Rio Grande do Sul, a maioria das cidades ter\u00e1 m\u00ednimas pr\u00f3ximas de 0\u00b0C ou negativas. Algumas regi\u00f5es podem ter m\u00ednimas entre \u22125\u00b0C e \u22126\u00b0C. Em Porto Alegre, alguns lugares podem chegar a 2\u00b0C ou menos e h\u00e1 previs\u00e3o de geada em alguns bairros da capital ga\u00facha.<\/p>\n\n\n\n<div class=\"wp-block-image\"><figure class=\"aligncenter size-large is-resized\"><a href=\"https:\/\/www.instagram.com\/vmais.midias\/\"><img loading=\"lazy\" decoding=\"async\" src=\"https:\/\/jornalfatosenoticias.com.br\/wp-content\/uploads\/2020\/02\/DE-MAIS-DESTAQUE-VMAIS-800X700.png\" alt=\"\" class=\"wp-image-53112\" width=\"322\" height=\"281\" srcset=\"https:\/\/jornalfatosenoticias.com.br\/wp-content\/uploads\/2020\/02\/DE-MAIS-DESTAQUE-VMAIS-800X700.png 800w, https:\/\/jornalfatosenoticias.com.br\/wp-content\/uploads\/2020\/02\/DE-MAIS-DESTAQUE-VMAIS-800X700-300x263.png 300w, https:\/\/jornalfatosenoticias.com.br\/wp-content\/uploads\/2020\/02\/DE-MAIS-DESTAQUE-VMAIS-800X700-768x672.png 768w\" sizes=\"auto, (max-width: 322px) 100vw, 322px\" \/><\/a><\/figure><\/div>\n\n\n\n<p><strong><span class=\"has-inline-color has-vivid-cyan-blue-color\">Al\u00e9m disso, o TOP 5 das cidades que registraram mais frio, nesta ter\u00e7a-feira (13), est\u00e3o no Sul do Brasil:<\/span><\/strong><\/p>\n\n\n\n<ol class=\"wp-block-list\"><li>General Carneiro (PR): \u22125,3\u00b0C<\/li><li>Ca\u00e7ador (SC): \u22124,2\u00b0C<\/li><li>S\u00e3o Joaquim (SC): \u22123,7\u00b0C<\/li><li>S\u00e3o Mateus do Sul (PR): \u22123,4\u00b0C<\/li><li>Curitibanos (SC): \u22123,4\u00b0C<\/li><\/ol>\n\n\n\n<div class=\"wp-block-image\"><figure class=\"aligncenter size-large is-resized\"><a href=\"https:\/\/www.facebook.com\/vetor.vix\/\"><img loading=\"lazy\" decoding=\"async\" src=\"https:\/\/jornalfatosenoticias.com.br\/wp-content\/uploads\/2023\/09\/vetorvix1024_1.jpg\" alt=\"\" class=\"wp-image-44868\" width=\"524\" height=\"139\" srcset=\"https:\/\/jornalfatosenoticias.com.br\/wp-content\/uploads\/2023\/09\/vetorvix1024_1.jpg 1024w, https:\/\/jornalfatosenoticias.com.br\/wp-content\/uploads\/2023\/09\/vetorvix1024_1-300x80.jpg 300w, https:\/\/jornalfatosenoticias.com.br\/wp-content\/uploads\/2023\/09\/vetorvix1024_1-768x205.jpg 768w\" sizes=\"auto, (max-width: 524px) 100vw, 524px\" \/><\/a><\/figure><\/div>\n\n\n\n<p>Segundo o Inmet, todos os estados do Sul do Brasil ter\u00e3o geadas em algumas cidades, com temperaturas entre \u22125\u00b0C e \u22123,2\u00b0C. No Sudeste, cidades do sul de Minas e de S\u00e3o Paulo <a href=\"https:\/\/gizmodo.uol.com.br\/clima-vai-mudar-calorzinho-vira-frente-fria-no-fim-de-junho\/\">tamb\u00e9m podem ter geadas e temperaturas negativas<\/a>, com o Brasil superando o frio do Alasca por mais um dia.<\/p>\n\n\n\n<figure class=\"wp-block-embed-twitter wp-block-embed is-type-rich is-provider-twitter\"><div class=\"wp-block-embed__wrapper\">\n<blockquote class=\"twitter-tweet\" data-width=\"550\" data-dnt=\"true\"><p lang=\"pt\" dir=\"ltr\">\u26a0\ufe0f <a href=\"https:\/\/twitter.com\/hashtag\/Aten%C3%A7%C3%A3o?src=hash&amp;ref_src=twsrc%5Etfw\">#Aten\u00e7\u00e3o<\/a>: Previs\u00e3o de geada, amanh\u00e3 (13), em \u00e1reas do SP, RJ e MG. Temperatura m\u00ednima de at\u00e9 3\u00baC.<br><br>\ud83d\udfe1Confira o aviso amarelo (perigo potencial) \ud83d\udc49 <a href=\"https:\/\/t.co\/MVWyQ8xbyh\">https:\/\/t.co\/MVWyQ8xbyh<\/a><a href=\"https:\/\/twitter.com\/hashtag\/geada?src=hash&amp;ref_src=twsrc%5Etfw\">#geada<\/a> <a href=\"https:\/\/twitter.com\/hashtag\/previs%C3%A3o?src=hash&amp;ref_src=twsrc%5Etfw\">#previs\u00e3o<\/a> <a href=\"https:\/\/t.co\/s217N8hoDC\">pic.twitter.com\/s217N8hoDC<\/a><\/p>&mdash; INMET (@inmet_) <a href=\"https:\/\/twitter.com\/inmet_\/status\/1822995718879019203?ref_src=twsrc%5Etfw\">August 12, 2024<\/a><\/blockquote><script async src=\"https:\/\/platform.twitter.com\/widgets.js\" charset=\"utf-8\"><\/script>\n<\/div><\/figure>\n\n\n\n<p><strong><em>Fonte: <a href=\"https:\/\/gizmodo.uol.com.br\/semana-de-frio-cidades-do-brasil-estao-mais-geladas-que-o-alasca-confira\/\">Giz Brasil<\/a><\/em><\/strong><\/p>\n","protected":false},"excerpt":{"rendered":"<p>As temperaturas desta manh\u00e3, em v\u00e1rias cidades do Brasil, ultrapassam at\u00e9 o dobro da m\u00ednima prevista para o Alasca, o estado mais gelado dos EUA e refer\u00eancia quando o assunto \u00e9 frio Por Pablo Nogueira Nesta ter\u00e7a-feira (13), algumas cidades do Brasil, como S\u00e3o Paulo, Belo Horizonte, Porto Alegre e \u2014 surpreendentemente \u2014 Rio de [&hellip;]<\/p>\n","protected":false},"author":2,"featured_media":53479,"comment_status":"open","ping_status":"open","sticky":false,"template":"","format":"standard","meta":{"footnotes":""},"categories":[5],"tags":[4452,9724,72,2877,24378],"class_list":["post-53475","post","type-post","status-publish","format-standard","has-post-thumbnail","hentry","category-geral","tag-alasca","tag-baixas-temperaturas","tag-clima","tag-frio","tag-frio-no-brasil"],"yoast_head":"<!-- This site is optimized with the Yoast SEO plugin v26.5 - https:\/\/yoast.com\/wordpress\/plugins\/seo\/ -->\n<title>Semana de frio: cidades do Brasil est\u00e3o mais geladas que o Alasca - Jornal Fatos e Not\u00edcias<\/title>\n<meta name=\"robots\" content=\"index, follow, max-snippet:-1, max-image-preview:large, max-video-preview:-1\" \/>\n<link rel=\"canonical\" href=\"https:\/\/jornalfatosenoticias.com.br\/index.php\/2024\/08\/13\/semana-de-frio-cidades-do-brasil-estao-mais-geladas-que-o-alasca\/\" \/>\n<meta property=\"og:locale\" content=\"pt_BR\" \/>\n<meta property=\"og:type\" content=\"article\" \/>\n<meta property=\"og:title\" content=\"Semana de frio: cidades do Brasil est\u00e3o mais geladas que o Alasca - Jornal Fatos e Not\u00edcias\" \/>\n<meta property=\"og:description\" content=\"As temperaturas desta manh\u00e3, em v\u00e1rias cidades do Brasil, ultrapassam at\u00e9 o dobro da m\u00ednima prevista para o Alasca, o estado mais gelado dos EUA e refer\u00eancia quando o assunto \u00e9 frio Por Pablo Nogueira Nesta ter\u00e7a-feira (13), algumas cidades do Brasil, como S\u00e3o Paulo, Belo Horizonte, Porto Alegre e \u2014 surpreendentemente \u2014 Rio de [&hellip;]\" \/>\n<meta property=\"og:url\" content=\"https:\/\/jornalfatosenoticias.com.br\/index.php\/2024\/08\/13\/semana-de-frio-cidades-do-brasil-estao-mais-geladas-que-o-alasca\/\" \/>\n<meta property=\"og:site_name\" content=\"Jornal Fatos e Not\u00edcias\" \/>\n<meta property=\"article:published_time\" content=\"2024-08-13T20:21:13+00:00\" \/>\n<meta property=\"article:modified_time\" content=\"2024-08-13T20:21:15+00:00\" \/>\n<meta property=\"og:image\" content=\"https:\/\/jornalfatosenoticias.com.br\/wp-content\/uploads\/2024\/08\/cidades-brasil-frio.jpg\" \/>\n\t<meta property=\"og:image:width\" content=\"1000\" \/>\n\t<meta property=\"og:image:height\" content=\"562\" \/>\n\t<meta property=\"og:image:type\" content=\"image\/jpeg\" \/>\n<meta name=\"author\" content=\"Luzimara Fernandes\" \/>\n<meta name=\"twitter:card\" content=\"summary_large_image\" \/>\n<meta name=\"twitter:label1\" content=\"Escrito por\" \/>\n\t<meta name=\"twitter:data1\" content=\"Luzimara Fernandes\" \/>\n\t<meta name=\"twitter:label2\" content=\"Est. tempo de leitura\" \/>\n\t<meta name=\"twitter:data2\" content=\"3 minutos\" \/>\n<script type=\"application\/ld+json\" class=\"yoast-schema-graph\">{\"@context\":\"https:\/\/schema.org\",\"@graph\":[{\"@type\":\"Article\",\"@id\":\"https:\/\/jornalfatosenoticias.com.br\/index.php\/2024\/08\/13\/semana-de-frio-cidades-do-brasil-estao-mais-geladas-que-o-alasca\/#article\",\"isPartOf\":{\"@id\":\"https:\/\/jornalfatosenoticias.com.br\/index.php\/2024\/08\/13\/semana-de-frio-cidades-do-brasil-estao-mais-geladas-que-o-alasca\/\"},\"author\":{\"name\":\"Luzimara Fernandes\",\"@id\":\"https:\/\/jornalfatosenoticias.com.br\/#\/schema\/person\/d63837fa13ac8666eb9e74e0985d6f81\"},\"headline\":\"Semana de frio: cidades do Brasil est\u00e3o mais geladas que o Alasca\",\"datePublished\":\"2024-08-13T20:21:13+00:00\",\"dateModified\":\"2024-08-13T20:21:15+00:00\",\"mainEntityOfPage\":{\"@id\":\"https:\/\/jornalfatosenoticias.com.br\/index.php\/2024\/08\/13\/semana-de-frio-cidades-do-brasil-estao-mais-geladas-que-o-alasca\/\"},\"wordCount\":663,\"commentCount\":0,\"publisher\":{\"@id\":\"https:\/\/jornalfatosenoticias.com.br\/#organization\"},\"image\":{\"@id\":\"https:\/\/jornalfatosenoticias.com.br\/index.php\/2024\/08\/13\/semana-de-frio-cidades-do-brasil-estao-mais-geladas-que-o-alasca\/#primaryimage\"},\"thumbnailUrl\":\"https:\/\/jornalfatosenoticias.com.br\/wp-content\/uploads\/2024\/08\/cidades-brasil-frio.jpg\",\"keywords\":[\"Alasca\",\"baixas temperaturas\",\"clima\",\"frio\",\"frio no Brasil\"],\"articleSection\":[\"Geral\"],\"inLanguage\":\"pt-BR\",\"potentialAction\":[{\"@type\":\"CommentAction\",\"name\":\"Comment\",\"target\":[\"https:\/\/jornalfatosenoticias.com.br\/index.php\/2024\/08\/13\/semana-de-frio-cidades-do-brasil-estao-mais-geladas-que-o-alasca\/#respond\"]}]},{\"@type\":\"WebPage\",\"@id\":\"https:\/\/jornalfatosenoticias.com.br\/index.php\/2024\/08\/13\/semana-de-frio-cidades-do-brasil-estao-mais-geladas-que-o-alasca\/\",\"url\":\"https:\/\/jornalfatosenoticias.com.br\/index.php\/2024\/08\/13\/semana-de-frio-cidades-do-brasil-estao-mais-geladas-que-o-alasca\/\",\"name\":\"Semana de frio: cidades do Brasil est\u00e3o mais geladas que o Alasca - Jornal Fatos e Not\u00edcias\",\"isPartOf\":{\"@id\":\"https:\/\/jornalfatosenoticias.com.br\/#website\"},\"primaryImageOfPage\":{\"@id\":\"https:\/\/jornalfatosenoticias.com.br\/index.php\/2024\/08\/13\/semana-de-frio-cidades-do-brasil-estao-mais-geladas-que-o-alasca\/#primaryimage\"},\"image\":{\"@id\":\"https:\/\/jornalfatosenoticias.com.br\/index.php\/2024\/08\/13\/semana-de-frio-cidades-do-brasil-estao-mais-geladas-que-o-alasca\/#primaryimage\"},\"thumbnailUrl\":\"https:\/\/jornalfatosenoticias.com.br\/wp-content\/uploads\/2024\/08\/cidades-brasil-frio.jpg\",\"datePublished\":\"2024-08-13T20:21:13+00:00\",\"dateModified\":\"2024-08-13T20:21:15+00:00\",\"breadcrumb\":{\"@id\":\"https:\/\/jornalfatosenoticias.com.br\/index.php\/2024\/08\/13\/semana-de-frio-cidades-do-brasil-estao-mais-geladas-que-o-alasca\/#breadcrumb\"},\"inLanguage\":\"pt-BR\",\"potentialAction\":[{\"@type\":\"ReadAction\",\"target\":[\"https:\/\/jornalfatosenoticias.com.br\/index.php\/2024\/08\/13\/semana-de-frio-cidades-do-brasil-estao-mais-geladas-que-o-alasca\/\"]}]},{\"@type\":\"ImageObject\",\"inLanguage\":\"pt-BR\",\"@id\":\"https:\/\/jornalfatosenoticias.com.br\/index.php\/2024\/08\/13\/semana-de-frio-cidades-do-brasil-estao-mais-geladas-que-o-alasca\/#primaryimage\",\"url\":\"https:\/\/jornalfatosenoticias.com.br\/wp-content\/uploads\/2024\/08\/cidades-brasil-frio.jpg\",\"contentUrl\":\"https:\/\/jornalfatosenoticias.com.br\/wp-content\/uploads\/2024\/08\/cidades-brasil-frio.jpg\",\"width\":1000,\"height\":562},{\"@type\":\"BreadcrumbList\",\"@id\":\"https:\/\/jornalfatosenoticias.com.br\/index.php\/2024\/08\/13\/semana-de-frio-cidades-do-brasil-estao-mais-geladas-que-o-alasca\/#breadcrumb\",\"itemListElement\":[{\"@type\":\"ListItem\",\"position\":1,\"name\":\"In\u00edcio\",\"item\":\"https:\/\/jornalfatosenoticias.com.br\/\"},{\"@type\":\"ListItem\",\"position\":2,\"name\":\"Semana de frio: cidades do Brasil est\u00e3o mais geladas que o Alasca\"}]},{\"@type\":\"WebSite\",\"@id\":\"https:\/\/jornalfatosenoticias.com.br\/#website\",\"url\":\"https:\/\/jornalfatosenoticias.com.br\/\",\"name\":\"Jornal Fatos e Not\u00edcias\",\"description\":\"Not\u00edcias em geral\",\"publisher\":{\"@id\":\"https:\/\/jornalfatosenoticias.com.br\/#organization\"},\"potentialAction\":[{\"@type\":\"SearchAction\",\"target\":{\"@type\":\"EntryPoint\",\"urlTemplate\":\"https:\/\/jornalfatosenoticias.com.br\/?s={search_term_string}\"},\"query-input\":{\"@type\":\"PropertyValueSpecification\",\"valueRequired\":true,\"valueName\":\"search_term_string\"}}],\"inLanguage\":\"pt-BR\"},{\"@type\":\"Organization\",\"@id\":\"https:\/\/jornalfatosenoticias.com.br\/#organization\",\"name\":\"Jornal Fatos e Not\u00edcias\",\"url\":\"https:\/\/jornalfatosenoticias.com.br\/\",\"logo\":{\"@type\":\"ImageObject\",\"inLanguage\":\"pt-BR\",\"@id\":\"https:\/\/jornalfatosenoticias.com.br\/#\/schema\/logo\/image\/\",\"url\":\"https:\/\/jornalfatosenoticias.com.br\/wp-content\/uploads\/2020\/02\/logo120.png\",\"contentUrl\":\"https:\/\/jornalfatosenoticias.com.br\/wp-content\/uploads\/2020\/02\/logo120.png\",\"width\":1227,\"height\":120,\"caption\":\"Jornal Fatos e Not\u00edcias\"},\"image\":{\"@id\":\"https:\/\/jornalfatosenoticias.com.br\/#\/schema\/logo\/image\/\"}},{\"@type\":\"Person\",\"@id\":\"https:\/\/jornalfatosenoticias.com.br\/#\/schema\/person\/d63837fa13ac8666eb9e74e0985d6f81\",\"name\":\"Luzimara Fernandes\",\"image\":{\"@type\":\"ImageObject\",\"inLanguage\":\"pt-BR\",\"@id\":\"https:\/\/jornalfatosenoticias.com.br\/#\/schema\/person\/image\/\",\"url\":\"https:\/\/jornalfatosenoticias.com.br\/wp-content\/uploads\/2025\/05\/EU_portal.jpg\",\"contentUrl\":\"https:\/\/jornalfatosenoticias.com.br\/wp-content\/uploads\/2025\/05\/EU_portal.jpg\",\"caption\":\"Luzimara Fernandes\"},\"description\":\"Jornalista MTB 2358-ES\",\"sameAs\":[\"https:\/\/jornalfatosenoticias.com.br\"],\"url\":\"https:\/\/jornalfatosenoticias.com.br\/index.php\/author\/luzimara\/\"}]}<\/script>\n<!-- \/ Yoast SEO plugin. -->","yoast_head_json":{"title":"Semana de frio: cidades do Brasil est\u00e3o mais geladas que o Alasca - Jornal Fatos e Not\u00edcias","robots":{"index":"index","follow":"follow","max-snippet":"max-snippet:-1","max-image-preview":"max-image-preview:large","max-video-preview":"max-video-preview:-1"},"canonical":"https:\/\/jornalfatosenoticias.com.br\/index.php\/2024\/08\/13\/semana-de-frio-cidades-do-brasil-estao-mais-geladas-que-o-alasca\/","og_locale":"pt_BR","og_type":"article","og_title":"Semana de frio: cidades do Brasil est\u00e3o mais geladas que o Alasca - Jornal Fatos e Not\u00edcias","og_description":"As temperaturas desta manh\u00e3, em v\u00e1rias cidades do Brasil, ultrapassam at\u00e9 o dobro da m\u00ednima prevista para o Alasca, o estado mais gelado dos EUA e refer\u00eancia quando o assunto \u00e9 frio Por Pablo Nogueira Nesta ter\u00e7a-feira (13), algumas cidades do Brasil, como S\u00e3o Paulo, Belo Horizonte, Porto Alegre e \u2014 surpreendentemente \u2014 Rio de [&hellip;]","og_url":"https:\/\/jornalfatosenoticias.com.br\/index.php\/2024\/08\/13\/semana-de-frio-cidades-do-brasil-estao-mais-geladas-que-o-alasca\/","og_site_name":"Jornal Fatos e Not\u00edcias","article_published_time":"2024-08-13T20:21:13+00:00","article_modified_time":"2024-08-13T20:21:15+00:00","og_image":[{"width":1000,"height":562,"url":"https:\/\/jornalfatosenoticias.com.br\/wp-content\/uploads\/2024\/08\/cidades-brasil-frio.jpg","type":"image\/jpeg"}],"author":"Luzimara Fernandes","twitter_card":"summary_large_image","twitter_misc":{"Escrito por":"Luzimara Fernandes","Est. tempo de leitura":"3 minutos"},"schema":{"@context":"https:\/\/schema.org","@graph":[{"@type":"Article","@id":"https:\/\/jornalfatosenoticias.com.br\/index.php\/2024\/08\/13\/semana-de-frio-cidades-do-brasil-estao-mais-geladas-que-o-alasca\/#article","isPartOf":{"@id":"https:\/\/jornalfatosenoticias.com.br\/index.php\/2024\/08\/13\/semana-de-frio-cidades-do-brasil-estao-mais-geladas-que-o-alasca\/"},"author":{"name":"Luzimara Fernandes","@id":"https:\/\/jornalfatosenoticias.com.br\/#\/schema\/person\/d63837fa13ac8666eb9e74e0985d6f81"},"headline":"Semana de frio: cidades do Brasil est\u00e3o mais geladas que o Alasca","datePublished":"2024-08-13T20:21:13+00:00","dateModified":"2024-08-13T20:21:15+00:00","mainEntityOfPage":{"@id":"https:\/\/jornalfatosenoticias.com.br\/index.php\/2024\/08\/13\/semana-de-frio-cidades-do-brasil-estao-mais-geladas-que-o-alasca\/"},"wordCount":663,"commentCount":0,"publisher":{"@id":"https:\/\/jornalfatosenoticias.com.br\/#organization"},"image":{"@id":"https:\/\/jornalfatosenoticias.com.br\/index.php\/2024\/08\/13\/semana-de-frio-cidades-do-brasil-estao-mais-geladas-que-o-alasca\/#primaryimage"},"thumbnailUrl":"https:\/\/jornalfatosenoticias.com.br\/wp-content\/uploads\/2024\/08\/cidades-brasil-frio.jpg","keywords":["Alasca","baixas temperaturas","clima","frio","frio no Brasil"],"articleSection":["Geral"],"inLanguage":"pt-BR","potentialAction":[{"@type":"CommentAction","name":"Comment","target":["https:\/\/jornalfatosenoticias.com.br\/index.php\/2024\/08\/13\/semana-de-frio-cidades-do-brasil-estao-mais-geladas-que-o-alasca\/#respond"]}]},{"@type":"WebPage","@id":"https:\/\/jornalfatosenoticias.com.br\/index.php\/2024\/08\/13\/semana-de-frio-cidades-do-brasil-estao-mais-geladas-que-o-alasca\/","url":"https:\/\/jornalfatosenoticias.com.br\/index.php\/2024\/08\/13\/semana-de-frio-cidades-do-brasil-estao-mais-geladas-que-o-alasca\/","name":"Semana de frio: cidades do Brasil est\u00e3o mais geladas que o Alasca - Jornal Fatos e Not\u00edcias","isPartOf":{"@id":"https:\/\/jornalfatosenoticias.com.br\/#website"},"primaryImageOfPage":{"@id":"https:\/\/jornalfatosenoticias.com.br\/index.php\/2024\/08\/13\/semana-de-frio-cidades-do-brasil-estao-mais-geladas-que-o-alasca\/#primaryimage"},"image":{"@id":"https:\/\/jornalfatosenoticias.com.br\/index.php\/2024\/08\/13\/semana-de-frio-cidades-do-brasil-estao-mais-geladas-que-o-alasca\/#primaryimage"},"thumbnailUrl":"https:\/\/jornalfatosenoticias.com.br\/wp-content\/uploads\/2024\/08\/cidades-brasil-frio.jpg","datePublished":"2024-08-13T20:21:13+00:00","dateModified":"2024-08-13T20:21:15+00:00","breadcrumb":{"@id":"https:\/\/jornalfatosenoticias.com.br\/index.php\/2024\/08\/13\/semana-de-frio-cidades-do-brasil-estao-mais-geladas-que-o-alasca\/#breadcrumb"},"inLanguage":"pt-BR","potentialAction":[{"@type":"ReadAction","target":["https:\/\/jornalfatosenoticias.com.br\/index.php\/2024\/08\/13\/semana-de-frio-cidades-do-brasil-estao-mais-geladas-que-o-alasca\/"]}]},{"@type":"ImageObject","inLanguage":"pt-BR","@id":"https:\/\/jornalfatosenoticias.com.br\/index.php\/2024\/08\/13\/semana-de-frio-cidades-do-brasil-estao-mais-geladas-que-o-alasca\/#primaryimage","url":"https:\/\/jornalfatosenoticias.com.br\/wp-content\/uploads\/2024\/08\/cidades-brasil-frio.jpg","contentUrl":"https:\/\/jornalfatosenoticias.com.br\/wp-content\/uploads\/2024\/08\/cidades-brasil-frio.jpg","width":1000,"height":562},{"@type":"BreadcrumbList","@id":"https:\/\/jornalfatosenoticias.com.br\/index.php\/2024\/08\/13\/semana-de-frio-cidades-do-brasil-estao-mais-geladas-que-o-alasca\/#breadcrumb","itemListElement":[{"@type":"ListItem","position":1,"name":"In\u00edcio","item":"https:\/\/jornalfatosenoticias.com.br\/"},{"@type":"ListItem","position":2,"name":"Semana de frio: cidades do Brasil est\u00e3o mais geladas que o Alasca"}]},{"@type":"WebSite","@id":"https:\/\/jornalfatosenoticias.com.br\/#website","url":"https:\/\/jornalfatosenoticias.com.br\/","name":"Jornal Fatos e Not\u00edcias","description":"Not\u00edcias em geral","publisher":{"@id":"https:\/\/jornalfatosenoticias.com.br\/#organization"},"potentialAction":[{"@type":"SearchAction","target":{"@type":"EntryPoint","urlTemplate":"https:\/\/jornalfatosenoticias.com.br\/?s={search_term_string}"},"query-input":{"@type":"PropertyValueSpecification","valueRequired":true,"valueName":"search_term_string"}}],"inLanguage":"pt-BR"},{"@type":"Organization","@id":"https:\/\/jornalfatosenoticias.com.br\/#organization","name":"Jornal Fatos e Not\u00edcias","url":"https:\/\/jornalfatosenoticias.com.br\/","logo":{"@type":"ImageObject","inLanguage":"pt-BR","@id":"https:\/\/jornalfatosenoticias.com.br\/#\/schema\/logo\/image\/","url":"https:\/\/jornalfatosenoticias.com.br\/wp-content\/uploads\/2020\/02\/logo120.png","contentUrl":"https:\/\/jornalfatosenoticias.com.br\/wp-content\/uploads\/2020\/02\/logo120.png","width":1227,"height":120,"caption":"Jornal Fatos e Not\u00edcias"},"image":{"@id":"https:\/\/jornalfatosenoticias.com.br\/#\/schema\/logo\/image\/"}},{"@type":"Person","@id":"https:\/\/jornalfatosenoticias.com.br\/#\/schema\/person\/d63837fa13ac8666eb9e74e0985d6f81","name":"Luzimara Fernandes","image":{"@type":"ImageObject","inLanguage":"pt-BR","@id":"https:\/\/jornalfatosenoticias.com.br\/#\/schema\/person\/image\/","url":"https:\/\/jornalfatosenoticias.com.br\/wp-content\/uploads\/2025\/05\/EU_portal.jpg","contentUrl":"https:\/\/jornalfatosenoticias.com.br\/wp-content\/uploads\/2025\/05\/EU_portal.jpg","caption":"Luzimara Fernandes"},"description":"Jornalista MTB 2358-ES","sameAs":["https:\/\/jornalfatosenoticias.com.br"],"url":"https:\/\/jornalfatosenoticias.com.br\/index.php\/author\/luzimara\/"}]}},"cc_featured_image_caption":{"caption_text":"(Foto: Urupema em Foco\/Instagram\/Reprodu\u00e7\u00e3o)","source_text":"","source_url":""},"jetpack_featured_media_url":"https:\/\/jornalfatosenoticias.com.br\/wp-content\/uploads\/2024\/08\/cidades-brasil-frio.jpg","_links":{"self":[{"href":"https:\/\/jornalfatosenoticias.com.br\/index.php\/wp-json\/wp\/v2\/posts\/53475","targetHints":{"allow":["GET"]}}],"collection":[{"href":"https:\/\/jornalfatosenoticias.com.br\/index.php\/wp-json\/wp\/v2\/posts"}],"about":[{"href":"https:\/\/jornalfatosenoticias.com.br\/index.php\/wp-json\/wp\/v2\/types\/post"}],"author":[{"embeddable":true,"href":"https:\/\/jornalfatosenoticias.com.br\/index.php\/wp-json\/wp\/v2\/users\/2"}],"replies":[{"embeddable":true,"href":"https:\/\/jornalfatosenoticias.com.br\/index.php\/wp-json\/wp\/v2\/comments?post=53475"}],"version-history":[{"count":0,"href":"https:\/\/jornalfatosenoticias.com.br\/index.php\/wp-json\/wp\/v2\/posts\/53475\/revisions"}],"wp:featuredmedia":[{"embeddable":true,"href":"https:\/\/jornalfatosenoticias.com.br\/index.php\/wp-json\/wp\/v2\/media\/53479"}],"wp:attachment":[{"href":"https:\/\/jornalfatosenoticias.com.br\/index.php\/wp-json\/wp\/v2\/media?parent=53475"}],"wp:term":[{"taxonomy":"category","embeddable":true,"href":"https:\/\/jornalfatosenoticias.com.br\/index.php\/wp-json\/wp\/v2\/categories?post=53475"},{"taxonomy":"post_tag","embeddable":true,"href":"https:\/\/jornalfatosenoticias.com.br\/index.php\/wp-json\/wp\/v2\/tags?post=53475"}],"curies":[{"name":"wp","href":"https:\/\/api.w.org\/{rel}","templated":true}]}}