{"id":53484,"date":"2024-08-13T17:48:58","date_gmt":"2024-08-13T20:48:58","guid":{"rendered":"https:\/\/jornalfatosenoticias.com.br\/?p=53484"},"modified":"2024-08-13T17:49:00","modified_gmt":"2024-08-13T20:49:00","slug":"incendios-no-pantanal-oncas-pintadas-e-tamandua-mortos-e-anta-resgatada","status":"publish","type":"post","link":"https:\/\/jornalfatosenoticias.com.br\/index.php\/2024\/08\/13\/incendios-no-pantanal-oncas-pintadas-e-tamandua-mortos-e-anta-resgatada\/","title":{"rendered":"Inc\u00eandios no Pantanal, on\u00e7as-pintadas e tamandu\u00e1 mortos e anta resgatada"},"content":{"rendered":"\n<p><em><span class=\"has-inline-color has-black-color\">Filhotes de on\u00e7a morreram no inc\u00eandio, mas a imagem foi montada. Os corpos foram colocados na \u00e1rvore<\/span><\/em><\/p>\n\n\n\n<p><span class=\"has-inline-color has-black-color\">Por <strong><a href=\"https:\/\/faunanews.com.br\/incendios-no-pantanal-ms-oncas-pintadas-e-tamandua-mortos-e-anta-resgatada\/#\">Dimas Marques<\/a><\/strong><\/span><\/p>\n\n\n\n<div class=\"wp-block-image\"><figure class=\"aligncenter size-large is-resized\"><a href=\"https:\/\/www.instagram.com\/restaurantepegoretti\/\"><img loading=\"lazy\" decoding=\"async\" src=\"https:\/\/jornalfatosenoticias.com.br\/wp-content\/uploads\/2023\/12\/pegoretti-logo-pdf-1024x389.jpg\" alt=\"\" class=\"wp-image-47536\" width=\"409\" height=\"155\" srcset=\"https:\/\/jornalfatosenoticias.com.br\/wp-content\/uploads\/2023\/12\/pegoretti-logo-pdf-1024x389.jpg 1024w, https:\/\/jornalfatosenoticias.com.br\/wp-content\/uploads\/2023\/12\/pegoretti-logo-pdf-300x114.jpg 300w, https:\/\/jornalfatosenoticias.com.br\/wp-content\/uploads\/2023\/12\/pegoretti-logo-pdf-768x291.jpg 768w, https:\/\/jornalfatosenoticias.com.br\/wp-content\/uploads\/2023\/12\/pegoretti-logo-pdf.jpg 1120w\" sizes=\"auto, (max-width: 409px) 100vw, 409px\" \/><\/a><\/figure><\/div>\n\n\n\n<p>Dois filhotes de on\u00e7a-pintada (<em>Panthera onca<\/em>), um de anta (<em>Tapirus terrestres<\/em>) e um tamandu\u00e1-bandeira adulto (<em>Myrmecophaga tridactyla<\/em>) est\u00e3o entre as recentes v\u00edtimas dos inc\u00eandios que atingem a regi\u00e3o de Aquidauana (MS), no Pantanal. Uma foto montada dos felinos mortos em uma \u00e1rvore tem gerado bastante repercuss\u00e3o nas redes sociais. Os outros dois animais foram socorridos pela PM Ambiental.<br>Os dois filhotes de on\u00e7a-pintada morreram carbonizados em um inc\u00eandio que atingiu uma fazenda provavelmente no domingo (4 de agosto). O bi\u00f3logo e diretor do projeto SOS Pantanal, Gustavo Figueiroa, afirmou em <a href=\"https:\/\/www.instagram.com\/p\/C-SuicEAr6X\/\" target=\"_blank\" rel=\"noreferrer noopener\"><strong>postagem em seu perfil no Instagram<\/strong><\/a> que a foto \u00e9 uma montagem. Ele est\u00e1 na regi\u00e3o e apurou que provavelmente uma f\u00eamea estava com tr\u00eas filhotes, mas conseguiu retirar apenas um da \u00e1rea atingida pelo fogo. Os outros dois morreram queimados, mas n\u00e3o na \u00e1rvore.<\/p>\n\n\n\n<div class=\"wp-block-image\"><figure class=\"aligncenter size-large is-resized\"><a href=\"https:\/\/www.facebook.com\/postobkr\/?locale=pt_BR\"><img loading=\"lazy\" decoding=\"async\" src=\"https:\/\/jornalfatosenoticias.com.br\/wp-content\/uploads\/2023\/08\/BKR-1024x1021.jpg\" alt=\"\" class=\"wp-image-44494\" width=\"276\" height=\"275\" srcset=\"https:\/\/jornalfatosenoticias.com.br\/wp-content\/uploads\/2023\/08\/BKR-1024x1021.jpg 1024w, https:\/\/jornalfatosenoticias.com.br\/wp-content\/uploads\/2023\/08\/BKR-300x300.jpg 300w, https:\/\/jornalfatosenoticias.com.br\/wp-content\/uploads\/2023\/08\/BKR-150x150.jpg 150w, https:\/\/jornalfatosenoticias.com.br\/wp-content\/uploads\/2023\/08\/BKR-768x766.jpg 768w, https:\/\/jornalfatosenoticias.com.br\/wp-content\/uploads\/2023\/08\/BKR.jpg 1080w\" sizes=\"auto, (max-width: 276px) 100vw, 276px\" \/><\/a><\/figure><\/div>\n\n\n\n<h3 class=\"wp-block-heading\"><span class=\"has-inline-color has-vivid-green-cyan-color\">Apesar do resgate, tamandu\u00e1 morreu<\/span><\/h3>\n\n\n\n<div class=\"wp-block-image\"><figure class=\"aligncenter size-large\"><img loading=\"lazy\" decoding=\"async\" width=\"1000\" height=\"507\" src=\"https:\/\/jornalfatosenoticias.com.br\/wp-content\/uploads\/2024\/08\/anta-queimada-resgate.jpg\" alt=\"\" class=\"wp-image-53485\" srcset=\"https:\/\/jornalfatosenoticias.com.br\/wp-content\/uploads\/2024\/08\/anta-queimada-resgate.jpg 1000w, https:\/\/jornalfatosenoticias.com.br\/wp-content\/uploads\/2024\/08\/anta-queimada-resgate-300x152.jpg 300w, https:\/\/jornalfatosenoticias.com.br\/wp-content\/uploads\/2024\/08\/anta-queimada-resgate-768x389.jpg 768w\" sizes=\"auto, (max-width: 1000px) 100vw, 1000px\" \/><figcaption><em><span class=\"has-inline-color has-black-color\">Filhote de anta no momento de seu resgate (Foto: PM Ambiental MS)<\/span><\/em><\/figcaption><\/figure><\/div>\n\n\n\n<p>No s\u00e1bado, equipes da PM Ambiental conseguiram resgatar o filhote de anta e o tamandu\u00e1-bandeira adulto com ferimentos ocasionados pelo fogo. Ambos foram levados para o Recinto de Amparo e Reabilita\u00e7\u00e3o de Animais Silvestres (Raras) no munic\u00edpio de Bonito. O tamandu\u00e1 n\u00e3o sobreviveu. <strong><a href=\"https:\/\/faunanews.com.br\/pantanal-acumula-maior-numero-de-focos-de-incendio-desde-2020\/\" target=\"_blank\" rel=\"noreferrer noopener\"><strong>O Pantanal est\u00e1 enfrentando uma das piores temporadas de inc\u00eandios<\/strong><\/a>,<\/strong> compar\u00e1vel \u00e0 ocorrida em 2020, quando 17 milh\u00f5es de animais silvestres morreram em consequ\u00eancia da a\u00e7\u00e3o do fogo.<\/p>\n\n\n\n<div class=\"wp-block-image\"><figure class=\"aligncenter size-large is-resized\"><a href=\"https:\/\/hotelmarquetti.com.br\/\"><img loading=\"lazy\" decoding=\"async\" src=\"https:\/\/jornalfatosenoticias.com.br\/wp-content\/uploads\/2023\/03\/nova-logo-Marquetti.jpg\" alt=\"\" class=\"wp-image-40207\" width=\"294\" height=\"197\" srcset=\"https:\/\/jornalfatosenoticias.com.br\/wp-content\/uploads\/2023\/03\/nova-logo-Marquetti.jpg 643w, https:\/\/jornalfatosenoticias.com.br\/wp-content\/uploads\/2023\/03\/nova-logo-Marquetti-300x202.jpg 300w\" sizes=\"auto, (max-width: 294px) 100vw, 294px\" \/><\/a><\/figure><\/div>\n\n\n\n<p><strong><em>Fonte: <a href=\"https:\/\/faunanews.com.br\/incendios-no-pantanal-ms-oncas-pintadas-e-tamandua-mortos-e-anta-resgatada\/\">Fauna News<\/a><\/em><\/strong><\/p>\n","protected":false},"excerpt":{"rendered":"<p>Filhotes de on\u00e7a morreram no inc\u00eandio, mas a imagem foi montada. Os corpos foram colocados na \u00e1rvore Por Dimas Marques Dois filhotes de on\u00e7a-pintada (Panthera onca), um de anta (Tapirus terrestres) e um tamandu\u00e1-bandeira adulto (Myrmecophaga tridactyla) est\u00e3o entre as recentes v\u00edtimas dos inc\u00eandios que atingem a regi\u00e3o de Aquidauana (MS), no Pantanal. Uma foto [&hellip;]<\/p>\n","protected":false},"author":2,"featured_media":53486,"comment_status":"open","ping_status":"open","sticky":false,"template":"","format":"standard","meta":{"footnotes":""},"categories":[8],"tags":[6600,4262,970,778,1527],"class_list":["post-53484","post","type-post","status-publish","format-standard","has-post-thumbnail","hentry","category-meio-ambiente","tag-anta","tag-incendios","tag-onca-pintada","tag-pantanal","tag-tamandua-bandeira"],"yoast_head":"<!-- This site is optimized with the Yoast SEO plugin v26.5 - https:\/\/yoast.com\/wordpress\/plugins\/seo\/ -->\n<title>Inc\u00eandios no Pantanal, on\u00e7as-pintadas e tamandu\u00e1 mortos e anta resgatada - Jornal Fatos e Not\u00edcias<\/title>\n<meta name=\"robots\" content=\"index, follow, max-snippet:-1, max-image-preview:large, max-video-preview:-1\" \/>\n<link rel=\"canonical\" href=\"https:\/\/jornalfatosenoticias.com.br\/index.php\/2024\/08\/13\/incendios-no-pantanal-oncas-pintadas-e-tamandua-mortos-e-anta-resgatada\/\" \/>\n<meta property=\"og:locale\" content=\"pt_BR\" \/>\n<meta property=\"og:type\" content=\"article\" \/>\n<meta property=\"og:title\" content=\"Inc\u00eandios no Pantanal, on\u00e7as-pintadas e tamandu\u00e1 mortos e anta resgatada - Jornal Fatos e Not\u00edcias\" \/>\n<meta property=\"og:description\" content=\"Filhotes de on\u00e7a morreram no inc\u00eandio, mas a imagem foi montada. Os corpos foram colocados na \u00e1rvore Por Dimas Marques Dois filhotes de on\u00e7a-pintada (Panthera onca), um de anta (Tapirus terrestres) e um tamandu\u00e1-bandeira adulto (Myrmecophaga tridactyla) est\u00e3o entre as recentes v\u00edtimas dos inc\u00eandios que atingem a regi\u00e3o de Aquidauana (MS), no Pantanal. Uma foto [&hellip;]\" \/>\n<meta property=\"og:url\" content=\"https:\/\/jornalfatosenoticias.com.br\/index.php\/2024\/08\/13\/incendios-no-pantanal-oncas-pintadas-e-tamandua-mortos-e-anta-resgatada\/\" \/>\n<meta property=\"og:site_name\" content=\"Jornal Fatos e Not\u00edcias\" \/>\n<meta property=\"article:published_time\" content=\"2024-08-13T20:48:58+00:00\" \/>\n<meta property=\"article:modified_time\" content=\"2024-08-13T20:49:00+00:00\" \/>\n<meta property=\"og:image\" content=\"https:\/\/jornalfatosenoticias.com.br\/wp-content\/uploads\/2024\/08\/filhotes-onca-pintada.jpg\" \/>\n\t<meta property=\"og:image:width\" content=\"1000\" \/>\n\t<meta property=\"og:image:height\" content=\"562\" \/>\n\t<meta property=\"og:image:type\" content=\"image\/jpeg\" \/>\n<meta name=\"author\" content=\"Luzimara Fernandes\" \/>\n<meta name=\"twitter:card\" content=\"summary_large_image\" \/>\n<meta name=\"twitter:label1\" content=\"Escrito por\" \/>\n\t<meta name=\"twitter:data1\" content=\"Luzimara Fernandes\" \/>\n\t<meta name=\"twitter:label2\" content=\"Est. tempo de leitura\" \/>\n\t<meta name=\"twitter:data2\" content=\"1 minuto\" \/>\n<script type=\"application\/ld+json\" class=\"yoast-schema-graph\">{\"@context\":\"https:\/\/schema.org\",\"@graph\":[{\"@type\":\"Article\",\"@id\":\"https:\/\/jornalfatosenoticias.com.br\/index.php\/2024\/08\/13\/incendios-no-pantanal-oncas-pintadas-e-tamandua-mortos-e-anta-resgatada\/#article\",\"isPartOf\":{\"@id\":\"https:\/\/jornalfatosenoticias.com.br\/index.php\/2024\/08\/13\/incendios-no-pantanal-oncas-pintadas-e-tamandua-mortos-e-anta-resgatada\/\"},\"author\":{\"name\":\"Luzimara Fernandes\",\"@id\":\"https:\/\/jornalfatosenoticias.com.br\/#\/schema\/person\/d63837fa13ac8666eb9e74e0985d6f81\"},\"headline\":\"Inc\u00eandios no Pantanal, on\u00e7as-pintadas e tamandu\u00e1 mortos e anta resgatada\",\"datePublished\":\"2024-08-13T20:48:58+00:00\",\"dateModified\":\"2024-08-13T20:49:00+00:00\",\"mainEntityOfPage\":{\"@id\":\"https:\/\/jornalfatosenoticias.com.br\/index.php\/2024\/08\/13\/incendios-no-pantanal-oncas-pintadas-e-tamandua-mortos-e-anta-resgatada\/\"},\"wordCount\":279,\"commentCount\":0,\"publisher\":{\"@id\":\"https:\/\/jornalfatosenoticias.com.br\/#organization\"},\"image\":{\"@id\":\"https:\/\/jornalfatosenoticias.com.br\/index.php\/2024\/08\/13\/incendios-no-pantanal-oncas-pintadas-e-tamandua-mortos-e-anta-resgatada\/#primaryimage\"},\"thumbnailUrl\":\"https:\/\/jornalfatosenoticias.com.br\/wp-content\/uploads\/2024\/08\/filhotes-onca-pintada.jpg\",\"keywords\":[\"anta\",\"inc\u00eandios\",\"on\u00e7a-pintada\",\"Pantanal\",\"tamandu\u00e1-bandeira\"],\"articleSection\":[\"Meio ambiente\"],\"inLanguage\":\"pt-BR\",\"potentialAction\":[{\"@type\":\"CommentAction\",\"name\":\"Comment\",\"target\":[\"https:\/\/jornalfatosenoticias.com.br\/index.php\/2024\/08\/13\/incendios-no-pantanal-oncas-pintadas-e-tamandua-mortos-e-anta-resgatada\/#respond\"]}]},{\"@type\":\"WebPage\",\"@id\":\"https:\/\/jornalfatosenoticias.com.br\/index.php\/2024\/08\/13\/incendios-no-pantanal-oncas-pintadas-e-tamandua-mortos-e-anta-resgatada\/\",\"url\":\"https:\/\/jornalfatosenoticias.com.br\/index.php\/2024\/08\/13\/incendios-no-pantanal-oncas-pintadas-e-tamandua-mortos-e-anta-resgatada\/\",\"name\":\"Inc\u00eandios no Pantanal, on\u00e7as-pintadas e tamandu\u00e1 mortos e anta resgatada - Jornal Fatos e Not\u00edcias\",\"isPartOf\":{\"@id\":\"https:\/\/jornalfatosenoticias.com.br\/#website\"},\"primaryImageOfPage\":{\"@id\":\"https:\/\/jornalfatosenoticias.com.br\/index.php\/2024\/08\/13\/incendios-no-pantanal-oncas-pintadas-e-tamandua-mortos-e-anta-resgatada\/#primaryimage\"},\"image\":{\"@id\":\"https:\/\/jornalfatosenoticias.com.br\/index.php\/2024\/08\/13\/incendios-no-pantanal-oncas-pintadas-e-tamandua-mortos-e-anta-resgatada\/#primaryimage\"},\"thumbnailUrl\":\"https:\/\/jornalfatosenoticias.com.br\/wp-content\/uploads\/2024\/08\/filhotes-onca-pintada.jpg\",\"datePublished\":\"2024-08-13T20:48:58+00:00\",\"dateModified\":\"2024-08-13T20:49:00+00:00\",\"breadcrumb\":{\"@id\":\"https:\/\/jornalfatosenoticias.com.br\/index.php\/2024\/08\/13\/incendios-no-pantanal-oncas-pintadas-e-tamandua-mortos-e-anta-resgatada\/#breadcrumb\"},\"inLanguage\":\"pt-BR\",\"potentialAction\":[{\"@type\":\"ReadAction\",\"target\":[\"https:\/\/jornalfatosenoticias.com.br\/index.php\/2024\/08\/13\/incendios-no-pantanal-oncas-pintadas-e-tamandua-mortos-e-anta-resgatada\/\"]}]},{\"@type\":\"ImageObject\",\"inLanguage\":\"pt-BR\",\"@id\":\"https:\/\/jornalfatosenoticias.com.br\/index.php\/2024\/08\/13\/incendios-no-pantanal-oncas-pintadas-e-tamandua-mortos-e-anta-resgatada\/#primaryimage\",\"url\":\"https:\/\/jornalfatosenoticias.com.br\/wp-content\/uploads\/2024\/08\/filhotes-onca-pintada.jpg\",\"contentUrl\":\"https:\/\/jornalfatosenoticias.com.br\/wp-content\/uploads\/2024\/08\/filhotes-onca-pintada.jpg\",\"width\":1000,\"height\":562},{\"@type\":\"BreadcrumbList\",\"@id\":\"https:\/\/jornalfatosenoticias.com.br\/index.php\/2024\/08\/13\/incendios-no-pantanal-oncas-pintadas-e-tamandua-mortos-e-anta-resgatada\/#breadcrumb\",\"itemListElement\":[{\"@type\":\"ListItem\",\"position\":1,\"name\":\"In\u00edcio\",\"item\":\"https:\/\/jornalfatosenoticias.com.br\/\"},{\"@type\":\"ListItem\",\"position\":2,\"name\":\"Inc\u00eandios no Pantanal, on\u00e7as-pintadas e tamandu\u00e1 mortos e anta resgatada\"}]},{\"@type\":\"WebSite\",\"@id\":\"https:\/\/jornalfatosenoticias.com.br\/#website\",\"url\":\"https:\/\/jornalfatosenoticias.com.br\/\",\"name\":\"Jornal Fatos e Not\u00edcias\",\"description\":\"Not\u00edcias em geral\",\"publisher\":{\"@id\":\"https:\/\/jornalfatosenoticias.com.br\/#organization\"},\"potentialAction\":[{\"@type\":\"SearchAction\",\"target\":{\"@type\":\"EntryPoint\",\"urlTemplate\":\"https:\/\/jornalfatosenoticias.com.br\/?s={search_term_string}\"},\"query-input\":{\"@type\":\"PropertyValueSpecification\",\"valueRequired\":true,\"valueName\":\"search_term_string\"}}],\"inLanguage\":\"pt-BR\"},{\"@type\":\"Organization\",\"@id\":\"https:\/\/jornalfatosenoticias.com.br\/#organization\",\"name\":\"Jornal Fatos e Not\u00edcias\",\"url\":\"https:\/\/jornalfatosenoticias.com.br\/\",\"logo\":{\"@type\":\"ImageObject\",\"inLanguage\":\"pt-BR\",\"@id\":\"https:\/\/jornalfatosenoticias.com.br\/#\/schema\/logo\/image\/\",\"url\":\"https:\/\/jornalfatosenoticias.com.br\/wp-content\/uploads\/2020\/02\/logo120.png\",\"contentUrl\":\"https:\/\/jornalfatosenoticias.com.br\/wp-content\/uploads\/2020\/02\/logo120.png\",\"width\":1227,\"height\":120,\"caption\":\"Jornal Fatos e Not\u00edcias\"},\"image\":{\"@id\":\"https:\/\/jornalfatosenoticias.com.br\/#\/schema\/logo\/image\/\"}},{\"@type\":\"Person\",\"@id\":\"https:\/\/jornalfatosenoticias.com.br\/#\/schema\/person\/d63837fa13ac8666eb9e74e0985d6f81\",\"name\":\"Luzimara Fernandes\",\"image\":{\"@type\":\"ImageObject\",\"inLanguage\":\"pt-BR\",\"@id\":\"https:\/\/jornalfatosenoticias.com.br\/#\/schema\/person\/image\/\",\"url\":\"https:\/\/jornalfatosenoticias.com.br\/wp-content\/uploads\/2025\/05\/EU_portal.jpg\",\"contentUrl\":\"https:\/\/jornalfatosenoticias.com.br\/wp-content\/uploads\/2025\/05\/EU_portal.jpg\",\"caption\":\"Luzimara Fernandes\"},\"description\":\"Jornalista MTB 2358-ES\",\"sameAs\":[\"https:\/\/jornalfatosenoticias.com.br\"],\"url\":\"https:\/\/jornalfatosenoticias.com.br\/index.php\/author\/luzimara\/\"}]}<\/script>\n<!-- \/ Yoast SEO plugin. -->","yoast_head_json":{"title":"Inc\u00eandios no Pantanal, on\u00e7as-pintadas e tamandu\u00e1 mortos e anta resgatada - Jornal Fatos e Not\u00edcias","robots":{"index":"index","follow":"follow","max-snippet":"max-snippet:-1","max-image-preview":"max-image-preview:large","max-video-preview":"max-video-preview:-1"},"canonical":"https:\/\/jornalfatosenoticias.com.br\/index.php\/2024\/08\/13\/incendios-no-pantanal-oncas-pintadas-e-tamandua-mortos-e-anta-resgatada\/","og_locale":"pt_BR","og_type":"article","og_title":"Inc\u00eandios no Pantanal, on\u00e7as-pintadas e tamandu\u00e1 mortos e anta resgatada - Jornal Fatos e Not\u00edcias","og_description":"Filhotes de on\u00e7a morreram no inc\u00eandio, mas a imagem foi montada. Os corpos foram colocados na \u00e1rvore Por Dimas Marques Dois filhotes de on\u00e7a-pintada (Panthera onca), um de anta (Tapirus terrestres) e um tamandu\u00e1-bandeira adulto (Myrmecophaga tridactyla) est\u00e3o entre as recentes v\u00edtimas dos inc\u00eandios que atingem a regi\u00e3o de Aquidauana (MS), no Pantanal. Uma foto [&hellip;]","og_url":"https:\/\/jornalfatosenoticias.com.br\/index.php\/2024\/08\/13\/incendios-no-pantanal-oncas-pintadas-e-tamandua-mortos-e-anta-resgatada\/","og_site_name":"Jornal Fatos e Not\u00edcias","article_published_time":"2024-08-13T20:48:58+00:00","article_modified_time":"2024-08-13T20:49:00+00:00","og_image":[{"width":1000,"height":562,"url":"https:\/\/jornalfatosenoticias.com.br\/wp-content\/uploads\/2024\/08\/filhotes-onca-pintada.jpg","type":"image\/jpeg"}],"author":"Luzimara Fernandes","twitter_card":"summary_large_image","twitter_misc":{"Escrito por":"Luzimara Fernandes","Est. tempo de leitura":"1 minuto"},"schema":{"@context":"https:\/\/schema.org","@graph":[{"@type":"Article","@id":"https:\/\/jornalfatosenoticias.com.br\/index.php\/2024\/08\/13\/incendios-no-pantanal-oncas-pintadas-e-tamandua-mortos-e-anta-resgatada\/#article","isPartOf":{"@id":"https:\/\/jornalfatosenoticias.com.br\/index.php\/2024\/08\/13\/incendios-no-pantanal-oncas-pintadas-e-tamandua-mortos-e-anta-resgatada\/"},"author":{"name":"Luzimara Fernandes","@id":"https:\/\/jornalfatosenoticias.com.br\/#\/schema\/person\/d63837fa13ac8666eb9e74e0985d6f81"},"headline":"Inc\u00eandios no Pantanal, on\u00e7as-pintadas e tamandu\u00e1 mortos e anta resgatada","datePublished":"2024-08-13T20:48:58+00:00","dateModified":"2024-08-13T20:49:00+00:00","mainEntityOfPage":{"@id":"https:\/\/jornalfatosenoticias.com.br\/index.php\/2024\/08\/13\/incendios-no-pantanal-oncas-pintadas-e-tamandua-mortos-e-anta-resgatada\/"},"wordCount":279,"commentCount":0,"publisher":{"@id":"https:\/\/jornalfatosenoticias.com.br\/#organization"},"image":{"@id":"https:\/\/jornalfatosenoticias.com.br\/index.php\/2024\/08\/13\/incendios-no-pantanal-oncas-pintadas-e-tamandua-mortos-e-anta-resgatada\/#primaryimage"},"thumbnailUrl":"https:\/\/jornalfatosenoticias.com.br\/wp-content\/uploads\/2024\/08\/filhotes-onca-pintada.jpg","keywords":["anta","inc\u00eandios","on\u00e7a-pintada","Pantanal","tamandu\u00e1-bandeira"],"articleSection":["Meio ambiente"],"inLanguage":"pt-BR","potentialAction":[{"@type":"CommentAction","name":"Comment","target":["https:\/\/jornalfatosenoticias.com.br\/index.php\/2024\/08\/13\/incendios-no-pantanal-oncas-pintadas-e-tamandua-mortos-e-anta-resgatada\/#respond"]}]},{"@type":"WebPage","@id":"https:\/\/jornalfatosenoticias.com.br\/index.php\/2024\/08\/13\/incendios-no-pantanal-oncas-pintadas-e-tamandua-mortos-e-anta-resgatada\/","url":"https:\/\/jornalfatosenoticias.com.br\/index.php\/2024\/08\/13\/incendios-no-pantanal-oncas-pintadas-e-tamandua-mortos-e-anta-resgatada\/","name":"Inc\u00eandios no Pantanal, on\u00e7as-pintadas e tamandu\u00e1 mortos e anta resgatada - Jornal Fatos e Not\u00edcias","isPartOf":{"@id":"https:\/\/jornalfatosenoticias.com.br\/#website"},"primaryImageOfPage":{"@id":"https:\/\/jornalfatosenoticias.com.br\/index.php\/2024\/08\/13\/incendios-no-pantanal-oncas-pintadas-e-tamandua-mortos-e-anta-resgatada\/#primaryimage"},"image":{"@id":"https:\/\/jornalfatosenoticias.com.br\/index.php\/2024\/08\/13\/incendios-no-pantanal-oncas-pintadas-e-tamandua-mortos-e-anta-resgatada\/#primaryimage"},"thumbnailUrl":"https:\/\/jornalfatosenoticias.com.br\/wp-content\/uploads\/2024\/08\/filhotes-onca-pintada.jpg","datePublished":"2024-08-13T20:48:58+00:00","dateModified":"2024-08-13T20:49:00+00:00","breadcrumb":{"@id":"https:\/\/jornalfatosenoticias.com.br\/index.php\/2024\/08\/13\/incendios-no-pantanal-oncas-pintadas-e-tamandua-mortos-e-anta-resgatada\/#breadcrumb"},"inLanguage":"pt-BR","potentialAction":[{"@type":"ReadAction","target":["https:\/\/jornalfatosenoticias.com.br\/index.php\/2024\/08\/13\/incendios-no-pantanal-oncas-pintadas-e-tamandua-mortos-e-anta-resgatada\/"]}]},{"@type":"ImageObject","inLanguage":"pt-BR","@id":"https:\/\/jornalfatosenoticias.com.br\/index.php\/2024\/08\/13\/incendios-no-pantanal-oncas-pintadas-e-tamandua-mortos-e-anta-resgatada\/#primaryimage","url":"https:\/\/jornalfatosenoticias.com.br\/wp-content\/uploads\/2024\/08\/filhotes-onca-pintada.jpg","contentUrl":"https:\/\/jornalfatosenoticias.com.br\/wp-content\/uploads\/2024\/08\/filhotes-onca-pintada.jpg","width":1000,"height":562},{"@type":"BreadcrumbList","@id":"https:\/\/jornalfatosenoticias.com.br\/index.php\/2024\/08\/13\/incendios-no-pantanal-oncas-pintadas-e-tamandua-mortos-e-anta-resgatada\/#breadcrumb","itemListElement":[{"@type":"ListItem","position":1,"name":"In\u00edcio","item":"https:\/\/jornalfatosenoticias.com.br\/"},{"@type":"ListItem","position":2,"name":"Inc\u00eandios no Pantanal, on\u00e7as-pintadas e tamandu\u00e1 mortos e anta resgatada"}]},{"@type":"WebSite","@id":"https:\/\/jornalfatosenoticias.com.br\/#website","url":"https:\/\/jornalfatosenoticias.com.br\/","name":"Jornal Fatos e Not\u00edcias","description":"Not\u00edcias em geral","publisher":{"@id":"https:\/\/jornalfatosenoticias.com.br\/#organization"},"potentialAction":[{"@type":"SearchAction","target":{"@type":"EntryPoint","urlTemplate":"https:\/\/jornalfatosenoticias.com.br\/?s={search_term_string}"},"query-input":{"@type":"PropertyValueSpecification","valueRequired":true,"valueName":"search_term_string"}}],"inLanguage":"pt-BR"},{"@type":"Organization","@id":"https:\/\/jornalfatosenoticias.com.br\/#organization","name":"Jornal Fatos e Not\u00edcias","url":"https:\/\/jornalfatosenoticias.com.br\/","logo":{"@type":"ImageObject","inLanguage":"pt-BR","@id":"https:\/\/jornalfatosenoticias.com.br\/#\/schema\/logo\/image\/","url":"https:\/\/jornalfatosenoticias.com.br\/wp-content\/uploads\/2020\/02\/logo120.png","contentUrl":"https:\/\/jornalfatosenoticias.com.br\/wp-content\/uploads\/2020\/02\/logo120.png","width":1227,"height":120,"caption":"Jornal Fatos e Not\u00edcias"},"image":{"@id":"https:\/\/jornalfatosenoticias.com.br\/#\/schema\/logo\/image\/"}},{"@type":"Person","@id":"https:\/\/jornalfatosenoticias.com.br\/#\/schema\/person\/d63837fa13ac8666eb9e74e0985d6f81","name":"Luzimara Fernandes","image":{"@type":"ImageObject","inLanguage":"pt-BR","@id":"https:\/\/jornalfatosenoticias.com.br\/#\/schema\/person\/image\/","url":"https:\/\/jornalfatosenoticias.com.br\/wp-content\/uploads\/2025\/05\/EU_portal.jpg","contentUrl":"https:\/\/jornalfatosenoticias.com.br\/wp-content\/uploads\/2025\/05\/EU_portal.jpg","caption":"Luzimara Fernandes"},"description":"Jornalista MTB 2358-ES","sameAs":["https:\/\/jornalfatosenoticias.com.br"],"url":"https:\/\/jornalfatosenoticias.com.br\/index.php\/author\/luzimara\/"}]}},"cc_featured_image_caption":{"caption_text":"(Foto: Reprodu\u00e7\u00e3o\/Redes Sociais) ","source_text":"","source_url":""},"jetpack_featured_media_url":"https:\/\/jornalfatosenoticias.com.br\/wp-content\/uploads\/2024\/08\/filhotes-onca-pintada.jpg","_links":{"self":[{"href":"https:\/\/jornalfatosenoticias.com.br\/index.php\/wp-json\/wp\/v2\/posts\/53484","targetHints":{"allow":["GET"]}}],"collection":[{"href":"https:\/\/jornalfatosenoticias.com.br\/index.php\/wp-json\/wp\/v2\/posts"}],"about":[{"href":"https:\/\/jornalfatosenoticias.com.br\/index.php\/wp-json\/wp\/v2\/types\/post"}],"author":[{"embeddable":true,"href":"https:\/\/jornalfatosenoticias.com.br\/index.php\/wp-json\/wp\/v2\/users\/2"}],"replies":[{"embeddable":true,"href":"https:\/\/jornalfatosenoticias.com.br\/index.php\/wp-json\/wp\/v2\/comments?post=53484"}],"version-history":[{"count":0,"href":"https:\/\/jornalfatosenoticias.com.br\/index.php\/wp-json\/wp\/v2\/posts\/53484\/revisions"}],"wp:featuredmedia":[{"embeddable":true,"href":"https:\/\/jornalfatosenoticias.com.br\/index.php\/wp-json\/wp\/v2\/media\/53486"}],"wp:attachment":[{"href":"https:\/\/jornalfatosenoticias.com.br\/index.php\/wp-json\/wp\/v2\/media?parent=53484"}],"wp:term":[{"taxonomy":"category","embeddable":true,"href":"https:\/\/jornalfatosenoticias.com.br\/index.php\/wp-json\/wp\/v2\/categories?post=53484"},{"taxonomy":"post_tag","embeddable":true,"href":"https:\/\/jornalfatosenoticias.com.br\/index.php\/wp-json\/wp\/v2\/tags?post=53484"}],"curies":[{"name":"wp","href":"https:\/\/api.w.org\/{rel}","templated":true}]}}