{"id":53491,"date":"2024-08-13T18:12:32","date_gmt":"2024-08-13T21:12:32","guid":{"rendered":"https:\/\/jornalfatosenoticias.com.br\/?p=53491"},"modified":"2024-08-13T18:12:34","modified_gmt":"2024-08-13T21:12:34","slug":"mtst-quer-predio-do-inss-de-r-50-milhoes-que-integra-previdencia-da-populacao","status":"publish","type":"post","link":"https:\/\/jornalfatosenoticias.com.br\/index.php\/2024\/08\/13\/mtst-quer-predio-do-inss-de-r-50-milhoes-que-integra-previdencia-da-populacao\/","title":{"rendered":"MTST quer pr\u00e9dio do INSS de R$ 50 milh\u00f5es que integra previd\u00eancia da popula\u00e7\u00e3o"},"content":{"rendered":"\n<p><em><span class=\"has-inline-color has-black-color\">MTST quer obter pr\u00e9dio do INSS, avaliado em R$ 50 milh\u00f5es, que integra a Previd\u00eancia da popula\u00e7\u00e3o<\/span><\/em><\/p>\n\n\n\n<p><span class=\"has-inline-color has-black-color\">Por <strong><a href=\"https:\/\/www.gazetadopovo.com.br\/autor\/luisa-purchio\/\">Luisa Purchio<\/a><\/strong><\/span><\/p>\n\n\n\n<div class=\"wp-block-image\"><figure class=\"aligncenter size-large\"><a href=\"https:\/\/mizu.com.br\/\"><img loading=\"lazy\" decoding=\"async\" width=\"729\" height=\"90\" src=\"https:\/\/jornalfatosenoticias.com.br\/wp-content\/uploads\/2020\/02\/Logo_Mizu.png\" alt=\"\" class=\"wp-image-1441\" srcset=\"https:\/\/jornalfatosenoticias.com.br\/wp-content\/uploads\/2020\/02\/Logo_Mizu.png 729w, https:\/\/jornalfatosenoticias.com.br\/wp-content\/uploads\/2020\/02\/Logo_Mizu-300x37.png 300w\" sizes=\"auto, (max-width: 729px) 100vw, 729px\" \/><\/a><\/figure><\/div>\n\n\n\n<p>O pr\u00e9dio do Instituto Nacional do Seguro Social (INSS), localizado no centro hist\u00f3rico de Porto Alegre (RS) est\u00e1 ocupado pelo Movimento dos Trabalhadores Sem-Teto (MTST) h\u00e1 quase dois meses. A ocupa\u00e7\u00e3o, batizada de Maria da Concei\u00e7\u00e3o Tavares, ocorreu ap\u00f3s a cheia do lago Gua\u00edba inundar o t\u00e9rreo do edif\u00edcio de 25 andares. O MTST exige que o edif\u00edcio cumpra a sua fun\u00e7\u00e3o social, mas o pr\u00e9dio pertence ao fundo geral da Previd\u00eancia e n\u00e3o pode ser doado, pois o valor de venda, avaliado em R$ 50 milh\u00f5es, \u00e9 destinado \u00e0 aposentadoria da popula\u00e7\u00e3o.<br>At\u00e9 o ano 2000, o pr\u00e9dio, conhecido como Ipase e localizado na travessa Mario Cinco Paus, funcionou como sede das opera\u00e7\u00f5es do INSS. Desde ent\u00e3o, ficou ocioso e estava em processo de permuta para troca por outro im\u00f3vel, segundo a assessoria de imprensa da Superintend\u00eancia Regional Sul do INSS. Atualmente, os custos de manuten\u00e7\u00e3o do local incluem despesas trabalhistas com dois vigilantes e uma auxiliar de limpeza.<\/p>\n\n\n\n<div class=\"wp-block-image\"><figure class=\"aligncenter size-large is-resized\"><img loading=\"lazy\" decoding=\"async\" src=\"https:\/\/jornalfatosenoticias.com.br\/wp-content\/uploads\/2022\/02\/Precisao-Contabilidade-1024x724.jpg\" alt=\"\" class=\"wp-image-28088\" width=\"332\" height=\"235\"\/><\/figure><\/div>\n\n\n\n<p><strong><span class=\"has-inline-color has-black-color\">AGU entrou com a\u00e7\u00e3o de reintegra\u00e7\u00e3o de posse para INSS recuperar pr\u00e9dio ocupado pelo MTST<br><\/span><\/strong>Em resposta a questionamentos da Gazeta do Povo, a Advocacia-Geral da Uni\u00e3o (AGU) informou que prop\u00f4s uma a\u00e7\u00e3o de reintegra\u00e7\u00e3o de posse no dia 28 de junho. Al\u00e9m de destacar a ilegalidade da ocupa\u00e7\u00e3o, o processo aponta que o edif\u00edcio n\u00e3o apresenta condi\u00e7\u00f5es de uso e que os ocupantes foram alertados sobre os riscos de acidentes devido ao estado atual do pr\u00e9dio, principalmente pela exposi\u00e7\u00e3o aos cabos da rede el\u00e9trica possivelmente energizados.<\/p>\n\n\n\n<div class=\"wp-block-image\"><figure class=\"aligncenter size-large is-resized\"><a href=\"https:\/\/www.facebook.com\/postobkr\/?locale=pt_BR\"><img loading=\"lazy\" decoding=\"async\" src=\"https:\/\/jornalfatosenoticias.com.br\/wp-content\/uploads\/2023\/08\/BKR-1024x1021.jpg\" alt=\"\" class=\"wp-image-44494\" width=\"287\" height=\"286\" srcset=\"https:\/\/jornalfatosenoticias.com.br\/wp-content\/uploads\/2023\/08\/BKR-1024x1021.jpg 1024w, https:\/\/jornalfatosenoticias.com.br\/wp-content\/uploads\/2023\/08\/BKR-300x300.jpg 300w, https:\/\/jornalfatosenoticias.com.br\/wp-content\/uploads\/2023\/08\/BKR-150x150.jpg 150w, https:\/\/jornalfatosenoticias.com.br\/wp-content\/uploads\/2023\/08\/BKR-768x766.jpg 768w, https:\/\/jornalfatosenoticias.com.br\/wp-content\/uploads\/2023\/08\/BKR.jpg 1080w\" sizes=\"auto, (max-width: 287px) 100vw, 287px\" \/><\/a><\/figure><\/div>\n\n\n\n<p>Em uma decis\u00e3o datada de 4 de julho, o juiz da 4\u00aa Vara Federal de Porto Alegre (RS) determinou a correta identifica\u00e7\u00e3o dos ocupantes do im\u00f3vel para verificar a dura\u00e7\u00e3o e a natureza da ocupa\u00e7\u00e3o, bem como se s\u00e3o moradores permanentes. Essa identifica\u00e7\u00e3o foi realizada por mandado de constata\u00e7\u00e3o cumprido em 8 de julho, com a elabora\u00e7\u00e3o de um relat\u00f3rio sobre a situa\u00e7\u00e3o no local. De acordo com a AGU, os autos est\u00e3o conclu\u00eddos desde 19 de julho para decis\u00e3o do magistrado.<\/p>\n\n\n\n<div class=\"wp-block-image\"><figure class=\"aligncenter size-large is-resized\"><a href=\"https:\/\/www.ithbrasil.com.br\/\"><img loading=\"lazy\" decoding=\"async\" src=\"https:\/\/jornalfatosenoticias.com.br\/wp-content\/uploads\/2023\/08\/ITH.jpeg\" alt=\"\" class=\"wp-image-44638\" width=\"292\" height=\"237\" srcset=\"https:\/\/jornalfatosenoticias.com.br\/wp-content\/uploads\/2023\/08\/ITH.jpeg 800w, https:\/\/jornalfatosenoticias.com.br\/wp-content\/uploads\/2023\/08\/ITH-300x244.jpeg 300w, https:\/\/jornalfatosenoticias.com.br\/wp-content\/uploads\/2023\/08\/ITH-768x624.jpeg 768w\" sizes=\"auto, (max-width: 292px) 100vw, 292px\" \/><\/a><\/figure><\/div>\n\n\n\n<p><span class=\"has-inline-color has-black-color\"><strong>Esquerda insiste na reivindica\u00e7\u00e3o do im\u00f3vel com base em orienta\u00e7\u00e3o de Lula<br><\/strong><\/span>Apesar de representantes do INSS terem se reunido com integrantes do MTST logo no in\u00edcio de junho para expressar preocupa\u00e7\u00f5es com a seguran\u00e7a das pessoas no local, o movimento insiste na ocupa\u00e7\u00e3o e argumenta que os equipamentos p\u00fablicos oferecidos \u00e0s fam\u00edlias s\u00e3o inadequados para as v\u00edtimas das chuvas a longo prazo.<\/p>\n\n\n\n<div class=\"wp-block-image\"><figure class=\"aligncenter size-large is-resized\"><a href=\"https:\/\/hotelmarquetti.com.br\/\"><img loading=\"lazy\" decoding=\"async\" src=\"https:\/\/jornalfatosenoticias.com.br\/wp-content\/uploads\/2023\/03\/nova-logo-Marquetti.jpg\" alt=\"\" class=\"wp-image-40207\" width=\"328\" height=\"220\" srcset=\"https:\/\/jornalfatosenoticias.com.br\/wp-content\/uploads\/2023\/03\/nova-logo-Marquetti.jpg 643w, https:\/\/jornalfatosenoticias.com.br\/wp-content\/uploads\/2023\/03\/nova-logo-Marquetti-300x202.jpg 300w\" sizes=\"auto, (max-width: 328px) 100vw, 328px\" \/><\/a><\/figure><\/div>\n\n\n\n<p>Em postagem na rede social, o deputado estadual Miguel Rossetto (PT) afirma, ap\u00f3s reuni\u00e3o com integrantes do MTST no pr\u00e9dio do INSS, que o edif\u00edcio est\u00e1 h\u00e1 muitos anos abandonado e espera que ele seja cedido para a moradia popular.<\/p>\n\n\n\n<div class=\"wp-block-image\"><figure class=\"aligncenter size-large\"><a href=\"https:\/\/www.facebook.com\/Esteio-Churrascaria-Barbecue-103643461220402\/\"><img decoding=\"async\" src=\"https:\/\/jornalfatosenoticias.com.br\/wp-content\/uploads\/2020\/02\/logo_esteio.jpg\" alt=\"\" class=\"wp-image-1214\"\/><\/a><\/figure><\/div>\n\n\n\n<blockquote class=\"wp-block-quote is-layout-flow wp-block-quote-is-layout-flow\"><p><span class=\"has-inline-color has-luminous-vivid-orange-color\">A orienta\u00e7\u00e3o de Lula \u00e9 clara: que todos os im\u00f3veis federais n\u00e3o ocupados virem moradias populares para garantirem dignidade para o nosso povo\u201d, disse Rossetto. \u201cH\u00e1 uma grande expectativa de transformar esse grande pr\u00e9dio abandonado no centro da cidade em um espa\u00e7o de vida para moradia popular, para garantir dignidade para as pessoas que n\u00e3o t\u00eam casa\u201d, complementou.<\/span><\/p><\/blockquote>\n\n\n\n<div class=\"wp-block-image\"><figure class=\"aligncenter size-large is-resized\"><a href=\"https:\/\/www.instagram.com\/restaurantepegoretti\/\"><img loading=\"lazy\" decoding=\"async\" src=\"https:\/\/jornalfatosenoticias.com.br\/wp-content\/uploads\/2023\/12\/pegoretti-logo-pdf-1024x389.jpg\" alt=\"\" class=\"wp-image-47536\" width=\"446\" height=\"169\" srcset=\"https:\/\/jornalfatosenoticias.com.br\/wp-content\/uploads\/2023\/12\/pegoretti-logo-pdf-1024x389.jpg 1024w, https:\/\/jornalfatosenoticias.com.br\/wp-content\/uploads\/2023\/12\/pegoretti-logo-pdf-300x114.jpg 300w, https:\/\/jornalfatosenoticias.com.br\/wp-content\/uploads\/2023\/12\/pegoretti-logo-pdf-768x291.jpg 768w, https:\/\/jornalfatosenoticias.com.br\/wp-content\/uploads\/2023\/12\/pegoretti-logo-pdf.jpg 1120w\" sizes=\"auto, (max-width: 446px) 100vw, 446px\" \/><\/a><\/figure><\/div>\n\n\n\n<p><span class=\"has-inline-color has-black-color\"><strong>Projeto do governo Lula prev\u00ea destina\u00e7\u00e3o de im\u00f3veis federais para \u201cinteresse social\u201d<br><\/strong><\/span>Um projeto lan\u00e7ado pelo Minist\u00e9rio da Gest\u00e3o e da Inova\u00e7\u00e3o (MGI) em fevereiro deste ano, chamado de \u201cIm\u00f3vel da Gente\u201d, prev\u00ea a destina\u00e7\u00e3o de im\u00f3veis p\u00fablicos federais para \u201co interesse social\u201d. O Decreto GT Interministerial dos Im\u00f3veis n\u00e3o Operacionais do INSS, assinado na ocasi\u00e3o, criou uma inst\u00e2ncia que permite transferir im\u00f3veis ocupados n\u00e3o operacionais do INSS para a Secretaria de Patrim\u00f4nio da Uni\u00e3o (SPU), sem necessidade de recompor o Fundo do Regime Geral de Previd\u00eancia (RGPS).<\/p>\n\n\n\n<div class=\"wp-block-image\"><figure class=\"aligncenter size-large is-resized\"><a href=\"https:\/\/www.instagram.com\/vmais.midias\/\"><img loading=\"lazy\" decoding=\"async\" src=\"https:\/\/jornalfatosenoticias.com.br\/wp-content\/uploads\/2020\/02\/DE-MAIS-DESTAQUE-VMAIS-800X700.png\" alt=\"\" class=\"wp-image-53112\" width=\"301\" height=\"263\" srcset=\"https:\/\/jornalfatosenoticias.com.br\/wp-content\/uploads\/2020\/02\/DE-MAIS-DESTAQUE-VMAIS-800X700.png 800w, https:\/\/jornalfatosenoticias.com.br\/wp-content\/uploads\/2020\/02\/DE-MAIS-DESTAQUE-VMAIS-800X700-300x263.png 300w, https:\/\/jornalfatosenoticias.com.br\/wp-content\/uploads\/2020\/02\/DE-MAIS-DESTAQUE-VMAIS-800X700-768x672.png 768w\" sizes=\"auto, (max-width: 301px) 100vw, 301px\" \/><\/a><\/figure><\/div>\n\n\n\n<p>Segundo informa\u00e7\u00f5es divulgadas pelo MGI na ocasi\u00e3o, h\u00e1 mais de 500 im\u00f3veis em 200 munic\u00edpios em an\u00e1lise, al\u00e9m de 2.730 im\u00f3veis n\u00e3o operacionais sob gest\u00e3o do INSS em avalia\u00e7\u00e3o. Do total dos im\u00f3veis do INSS, 483 foram considerados eleg\u00edveis para o programa.<\/p>\n\n\n\n<div class=\"wp-block-image\"><figure class=\"aligncenter size-large is-resized\"><a href=\"https:\/\/www.instagram.com\/rapuzeljastro\/\"><img loading=\"lazy\" decoding=\"async\" src=\"https:\/\/jornalfatosenoticias.com.br\/wp-content\/uploads\/2020\/02\/logo-Rapuzel-1024x571.jpg\" alt=\"\" class=\"wp-image-42808\" width=\"377\" height=\"210\" srcset=\"https:\/\/jornalfatosenoticias.com.br\/wp-content\/uploads\/2020\/02\/logo-Rapuzel-1024x571.jpg 1024w, https:\/\/jornalfatosenoticias.com.br\/wp-content\/uploads\/2020\/02\/logo-Rapuzel-300x167.jpg 300w, https:\/\/jornalfatosenoticias.com.br\/wp-content\/uploads\/2020\/02\/logo-Rapuzel-768x428.jpg 768w, https:\/\/jornalfatosenoticias.com.br\/wp-content\/uploads\/2020\/02\/logo-Rapuzel-1536x856.jpg 1536w, https:\/\/jornalfatosenoticias.com.br\/wp-content\/uploads\/2020\/02\/logo-Rapuzel.jpg 1600w\" sizes=\"auto, (max-width: 377px) 100vw, 377px\" \/><\/a><\/figure><\/div>\n\n\n\n<p>Questionada, a assessoria de imprensa da Superintend\u00eancia Regional Sul do INSS afirmou que o pr\u00e9dio localizado no centro de Porto Alegre e invadido pelo MTST \u201cfoi indicado pelo INSS a integrar o programa, por\u00e9m n\u00e3o houve formaliza\u00e7\u00e3o da proposta at\u00e9 o momento\u201d. Para transformar um im\u00f3vel da Uni\u00e3o em moradia popular, \u00e9 preciso declar\u00e1-lo \u201cn\u00e3o operacional\u201d e transferi-lo para a Secretaria de Patrim\u00f4nio da Uni\u00e3o (SPU). No entanto, para a SPU, o pr\u00e9dio do INSS segue como operacional e o pr\u00f3prio INSS afirma que &#8220;at\u00e9 o momento n\u00e3o h\u00e1 nada de efetivo\u00a0nesse\u00a0sentido\u201d.<\/p>\n\n\n\n<div class=\"wp-block-image\"><figure class=\"aligncenter size-large\"><a href=\"http:\/\/www.ferrarimaquinas.com.br\/\"><img loading=\"lazy\" decoding=\"async\" width=\"300\" height=\"250\" src=\"https:\/\/jornalfatosenoticias.com.br\/wp-content\/uploads\/2022\/02\/FERRARI_MAQUINAS-E-FERRAMENTAS2.jpg\" alt=\"\" class=\"wp-image-27860\"\/><\/a><\/figure><\/div>\n\n\n\n<p><strong><em>Fonte: <a href=\"https:\/\/www.gazetadopovo.com.br\/brasil\/mtst-predio-inss-milhoes-integra-previdencia-populacao\/?ref=mais-comentadas\">Gazeta do Povo<\/a><\/em><\/strong><\/p>\n","protected":false},"excerpt":{"rendered":"<p>MTST quer obter pr\u00e9dio do INSS, avaliado em R$ 50 milh\u00f5es, que integra a Previd\u00eancia da popula\u00e7\u00e3o Por Luisa Purchio O pr\u00e9dio do Instituto Nacional do Seguro Social (INSS), localizado no centro hist\u00f3rico de Porto Alegre (RS) est\u00e1 ocupado pelo Movimento dos Trabalhadores Sem-Teto (MTST) h\u00e1 quase dois meses. A ocupa\u00e7\u00e3o, batizada de Maria da [&hellip;]<\/p>\n","protected":false},"author":2,"featured_media":53492,"comment_status":"open","ping_status":"open","sticky":false,"template":"","format":"standard","meta":{"footnotes":""},"categories":[5],"tags":[7109,237,696,7580,19600,16817,13186,4684],"class_list":["post-53491","post","type-post","status-publish","format-standard","has-post-thumbnail","hentry","category-geral","tag-aposentadoria","tag-imoveis","tag-inss","tag-lula","tag-partido-dos-trabalhadores","tag-porto-alegre","tag-pt","tag-rio-grande-do-sul"],"yoast_head":"<!-- This site is optimized with the Yoast SEO plugin v26.5 - https:\/\/yoast.com\/wordpress\/plugins\/seo\/ -->\n<title>MTST quer pr\u00e9dio do INSS de R$ 50 milh\u00f5es que integra previd\u00eancia da popula\u00e7\u00e3o - Jornal Fatos e Not\u00edcias<\/title>\n<meta name=\"robots\" content=\"index, follow, max-snippet:-1, max-image-preview:large, max-video-preview:-1\" \/>\n<link rel=\"canonical\" href=\"https:\/\/jornalfatosenoticias.com.br\/index.php\/2024\/08\/13\/mtst-quer-predio-do-inss-de-r-50-milhoes-que-integra-previdencia-da-populacao\/\" \/>\n<meta property=\"og:locale\" content=\"pt_BR\" \/>\n<meta property=\"og:type\" content=\"article\" \/>\n<meta property=\"og:title\" content=\"MTST quer pr\u00e9dio do INSS de R$ 50 milh\u00f5es que integra previd\u00eancia da popula\u00e7\u00e3o - Jornal Fatos e Not\u00edcias\" \/>\n<meta property=\"og:description\" content=\"MTST quer obter pr\u00e9dio do INSS, avaliado em R$ 50 milh\u00f5es, que integra a Previd\u00eancia da popula\u00e7\u00e3o Por Luisa Purchio O pr\u00e9dio do Instituto Nacional do Seguro Social (INSS), localizado no centro hist\u00f3rico de Porto Alegre (RS) est\u00e1 ocupado pelo Movimento dos Trabalhadores Sem-Teto (MTST) h\u00e1 quase dois meses. A ocupa\u00e7\u00e3o, batizada de Maria da [&hellip;]\" \/>\n<meta property=\"og:url\" content=\"https:\/\/jornalfatosenoticias.com.br\/index.php\/2024\/08\/13\/mtst-quer-predio-do-inss-de-r-50-milhoes-que-integra-previdencia-da-populacao\/\" \/>\n<meta property=\"og:site_name\" content=\"Jornal Fatos e Not\u00edcias\" \/>\n<meta property=\"article:published_time\" content=\"2024-08-13T21:12:32+00:00\" \/>\n<meta property=\"article:modified_time\" content=\"2024-08-13T21:12:34+00:00\" \/>\n<meta property=\"og:image\" content=\"https:\/\/jornalfatosenoticias.com.br\/wp-content\/uploads\/2024\/08\/mTST-predio-INSS.jpg\" \/>\n\t<meta property=\"og:image:width\" content=\"960\" \/>\n\t<meta property=\"og:image:height\" content=\"540\" \/>\n\t<meta property=\"og:image:type\" content=\"image\/jpeg\" \/>\n<meta name=\"author\" content=\"Luzimara Fernandes\" \/>\n<meta name=\"twitter:card\" content=\"summary_large_image\" \/>\n<meta name=\"twitter:label1\" content=\"Escrito por\" \/>\n\t<meta name=\"twitter:data1\" content=\"Luzimara Fernandes\" \/>\n\t<meta name=\"twitter:label2\" content=\"Est. tempo de leitura\" \/>\n\t<meta name=\"twitter:data2\" content=\"4 minutos\" \/>\n<script type=\"application\/ld+json\" class=\"yoast-schema-graph\">{\"@context\":\"https:\/\/schema.org\",\"@graph\":[{\"@type\":\"Article\",\"@id\":\"https:\/\/jornalfatosenoticias.com.br\/index.php\/2024\/08\/13\/mtst-quer-predio-do-inss-de-r-50-milhoes-que-integra-previdencia-da-populacao\/#article\",\"isPartOf\":{\"@id\":\"https:\/\/jornalfatosenoticias.com.br\/index.php\/2024\/08\/13\/mtst-quer-predio-do-inss-de-r-50-milhoes-que-integra-previdencia-da-populacao\/\"},\"author\":{\"name\":\"Luzimara Fernandes\",\"@id\":\"https:\/\/jornalfatosenoticias.com.br\/#\/schema\/person\/d63837fa13ac8666eb9e74e0985d6f81\"},\"headline\":\"MTST quer pr\u00e9dio do INSS de R$ 50 milh\u00f5es que integra previd\u00eancia da popula\u00e7\u00e3o\",\"datePublished\":\"2024-08-13T21:12:32+00:00\",\"dateModified\":\"2024-08-13T21:12:34+00:00\",\"mainEntityOfPage\":{\"@id\":\"https:\/\/jornalfatosenoticias.com.br\/index.php\/2024\/08\/13\/mtst-quer-predio-do-inss-de-r-50-milhoes-que-integra-previdencia-da-populacao\/\"},\"wordCount\":859,\"commentCount\":0,\"publisher\":{\"@id\":\"https:\/\/jornalfatosenoticias.com.br\/#organization\"},\"image\":{\"@id\":\"https:\/\/jornalfatosenoticias.com.br\/index.php\/2024\/08\/13\/mtst-quer-predio-do-inss-de-r-50-milhoes-que-integra-previdencia-da-populacao\/#primaryimage\"},\"thumbnailUrl\":\"https:\/\/jornalfatosenoticias.com.br\/wp-content\/uploads\/2024\/08\/mTST-predio-INSS.jpg\",\"keywords\":[\"aposentadoria\",\"im\u00f3veis\",\"INSS\",\"Lula\",\"Partido dos Trabalhadores\",\"Porto Alegre\",\"PT\",\"Rio Grande do Sul\"],\"articleSection\":[\"Geral\"],\"inLanguage\":\"pt-BR\",\"potentialAction\":[{\"@type\":\"CommentAction\",\"name\":\"Comment\",\"target\":[\"https:\/\/jornalfatosenoticias.com.br\/index.php\/2024\/08\/13\/mtst-quer-predio-do-inss-de-r-50-milhoes-que-integra-previdencia-da-populacao\/#respond\"]}]},{\"@type\":\"WebPage\",\"@id\":\"https:\/\/jornalfatosenoticias.com.br\/index.php\/2024\/08\/13\/mtst-quer-predio-do-inss-de-r-50-milhoes-que-integra-previdencia-da-populacao\/\",\"url\":\"https:\/\/jornalfatosenoticias.com.br\/index.php\/2024\/08\/13\/mtst-quer-predio-do-inss-de-r-50-milhoes-que-integra-previdencia-da-populacao\/\",\"name\":\"MTST quer pr\u00e9dio do INSS de R$ 50 milh\u00f5es que integra previd\u00eancia da popula\u00e7\u00e3o - Jornal Fatos e Not\u00edcias\",\"isPartOf\":{\"@id\":\"https:\/\/jornalfatosenoticias.com.br\/#website\"},\"primaryImageOfPage\":{\"@id\":\"https:\/\/jornalfatosenoticias.com.br\/index.php\/2024\/08\/13\/mtst-quer-predio-do-inss-de-r-50-milhoes-que-integra-previdencia-da-populacao\/#primaryimage\"},\"image\":{\"@id\":\"https:\/\/jornalfatosenoticias.com.br\/index.php\/2024\/08\/13\/mtst-quer-predio-do-inss-de-r-50-milhoes-que-integra-previdencia-da-populacao\/#primaryimage\"},\"thumbnailUrl\":\"https:\/\/jornalfatosenoticias.com.br\/wp-content\/uploads\/2024\/08\/mTST-predio-INSS.jpg\",\"datePublished\":\"2024-08-13T21:12:32+00:00\",\"dateModified\":\"2024-08-13T21:12:34+00:00\",\"breadcrumb\":{\"@id\":\"https:\/\/jornalfatosenoticias.com.br\/index.php\/2024\/08\/13\/mtst-quer-predio-do-inss-de-r-50-milhoes-que-integra-previdencia-da-populacao\/#breadcrumb\"},\"inLanguage\":\"pt-BR\",\"potentialAction\":[{\"@type\":\"ReadAction\",\"target\":[\"https:\/\/jornalfatosenoticias.com.br\/index.php\/2024\/08\/13\/mtst-quer-predio-do-inss-de-r-50-milhoes-que-integra-previdencia-da-populacao\/\"]}]},{\"@type\":\"ImageObject\",\"inLanguage\":\"pt-BR\",\"@id\":\"https:\/\/jornalfatosenoticias.com.br\/index.php\/2024\/08\/13\/mtst-quer-predio-do-inss-de-r-50-milhoes-que-integra-previdencia-da-populacao\/#primaryimage\",\"url\":\"https:\/\/jornalfatosenoticias.com.br\/wp-content\/uploads\/2024\/08\/mTST-predio-INSS.jpg\",\"contentUrl\":\"https:\/\/jornalfatosenoticias.com.br\/wp-content\/uploads\/2024\/08\/mTST-predio-INSS.jpg\",\"width\":960,\"height\":540,\"caption\":\"Enchentes no Rio Grande do Sul\"},{\"@type\":\"BreadcrumbList\",\"@id\":\"https:\/\/jornalfatosenoticias.com.br\/index.php\/2024\/08\/13\/mtst-quer-predio-do-inss-de-r-50-milhoes-que-integra-previdencia-da-populacao\/#breadcrumb\",\"itemListElement\":[{\"@type\":\"ListItem\",\"position\":1,\"name\":\"In\u00edcio\",\"item\":\"https:\/\/jornalfatosenoticias.com.br\/\"},{\"@type\":\"ListItem\",\"position\":2,\"name\":\"MTST quer pr\u00e9dio do INSS de R$ 50 milh\u00f5es que integra previd\u00eancia da popula\u00e7\u00e3o\"}]},{\"@type\":\"WebSite\",\"@id\":\"https:\/\/jornalfatosenoticias.com.br\/#website\",\"url\":\"https:\/\/jornalfatosenoticias.com.br\/\",\"name\":\"Jornal Fatos e Not\u00edcias\",\"description\":\"Not\u00edcias em geral\",\"publisher\":{\"@id\":\"https:\/\/jornalfatosenoticias.com.br\/#organization\"},\"potentialAction\":[{\"@type\":\"SearchAction\",\"target\":{\"@type\":\"EntryPoint\",\"urlTemplate\":\"https:\/\/jornalfatosenoticias.com.br\/?s={search_term_string}\"},\"query-input\":{\"@type\":\"PropertyValueSpecification\",\"valueRequired\":true,\"valueName\":\"search_term_string\"}}],\"inLanguage\":\"pt-BR\"},{\"@type\":\"Organization\",\"@id\":\"https:\/\/jornalfatosenoticias.com.br\/#organization\",\"name\":\"Jornal Fatos e Not\u00edcias\",\"url\":\"https:\/\/jornalfatosenoticias.com.br\/\",\"logo\":{\"@type\":\"ImageObject\",\"inLanguage\":\"pt-BR\",\"@id\":\"https:\/\/jornalfatosenoticias.com.br\/#\/schema\/logo\/image\/\",\"url\":\"https:\/\/jornalfatosenoticias.com.br\/wp-content\/uploads\/2020\/02\/logo120.png\",\"contentUrl\":\"https:\/\/jornalfatosenoticias.com.br\/wp-content\/uploads\/2020\/02\/logo120.png\",\"width\":1227,\"height\":120,\"caption\":\"Jornal Fatos e Not\u00edcias\"},\"image\":{\"@id\":\"https:\/\/jornalfatosenoticias.com.br\/#\/schema\/logo\/image\/\"}},{\"@type\":\"Person\",\"@id\":\"https:\/\/jornalfatosenoticias.com.br\/#\/schema\/person\/d63837fa13ac8666eb9e74e0985d6f81\",\"name\":\"Luzimara Fernandes\",\"image\":{\"@type\":\"ImageObject\",\"inLanguage\":\"pt-BR\",\"@id\":\"https:\/\/jornalfatosenoticias.com.br\/#\/schema\/person\/image\/\",\"url\":\"https:\/\/jornalfatosenoticias.com.br\/wp-content\/uploads\/2025\/05\/EU_portal.jpg\",\"contentUrl\":\"https:\/\/jornalfatosenoticias.com.br\/wp-content\/uploads\/2025\/05\/EU_portal.jpg\",\"caption\":\"Luzimara Fernandes\"},\"description\":\"Jornalista MTB 2358-ES\",\"sameAs\":[\"https:\/\/jornalfatosenoticias.com.br\"],\"url\":\"https:\/\/jornalfatosenoticias.com.br\/index.php\/author\/luzimara\/\"}]}<\/script>\n<!-- \/ Yoast SEO plugin. -->","yoast_head_json":{"title":"MTST quer pr\u00e9dio do INSS de R$ 50 milh\u00f5es que integra previd\u00eancia da popula\u00e7\u00e3o - Jornal Fatos e Not\u00edcias","robots":{"index":"index","follow":"follow","max-snippet":"max-snippet:-1","max-image-preview":"max-image-preview:large","max-video-preview":"max-video-preview:-1"},"canonical":"https:\/\/jornalfatosenoticias.com.br\/index.php\/2024\/08\/13\/mtst-quer-predio-do-inss-de-r-50-milhoes-que-integra-previdencia-da-populacao\/","og_locale":"pt_BR","og_type":"article","og_title":"MTST quer pr\u00e9dio do INSS de R$ 50 milh\u00f5es que integra previd\u00eancia da popula\u00e7\u00e3o - Jornal Fatos e Not\u00edcias","og_description":"MTST quer obter pr\u00e9dio do INSS, avaliado em R$ 50 milh\u00f5es, que integra a Previd\u00eancia da popula\u00e7\u00e3o Por Luisa Purchio O pr\u00e9dio do Instituto Nacional do Seguro Social (INSS), localizado no centro hist\u00f3rico de Porto Alegre (RS) est\u00e1 ocupado pelo Movimento dos Trabalhadores Sem-Teto (MTST) h\u00e1 quase dois meses. A ocupa\u00e7\u00e3o, batizada de Maria da [&hellip;]","og_url":"https:\/\/jornalfatosenoticias.com.br\/index.php\/2024\/08\/13\/mtst-quer-predio-do-inss-de-r-50-milhoes-que-integra-previdencia-da-populacao\/","og_site_name":"Jornal Fatos e Not\u00edcias","article_published_time":"2024-08-13T21:12:32+00:00","article_modified_time":"2024-08-13T21:12:34+00:00","og_image":[{"width":960,"height":540,"url":"https:\/\/jornalfatosenoticias.com.br\/wp-content\/uploads\/2024\/08\/mTST-predio-INSS.jpg","type":"image\/jpeg"}],"author":"Luzimara Fernandes","twitter_card":"summary_large_image","twitter_misc":{"Escrito por":"Luzimara Fernandes","Est. tempo de leitura":"4 minutos"},"schema":{"@context":"https:\/\/schema.org","@graph":[{"@type":"Article","@id":"https:\/\/jornalfatosenoticias.com.br\/index.php\/2024\/08\/13\/mtst-quer-predio-do-inss-de-r-50-milhoes-que-integra-previdencia-da-populacao\/#article","isPartOf":{"@id":"https:\/\/jornalfatosenoticias.com.br\/index.php\/2024\/08\/13\/mtst-quer-predio-do-inss-de-r-50-milhoes-que-integra-previdencia-da-populacao\/"},"author":{"name":"Luzimara Fernandes","@id":"https:\/\/jornalfatosenoticias.com.br\/#\/schema\/person\/d63837fa13ac8666eb9e74e0985d6f81"},"headline":"MTST quer pr\u00e9dio do INSS de R$ 50 milh\u00f5es que integra previd\u00eancia da popula\u00e7\u00e3o","datePublished":"2024-08-13T21:12:32+00:00","dateModified":"2024-08-13T21:12:34+00:00","mainEntityOfPage":{"@id":"https:\/\/jornalfatosenoticias.com.br\/index.php\/2024\/08\/13\/mtst-quer-predio-do-inss-de-r-50-milhoes-que-integra-previdencia-da-populacao\/"},"wordCount":859,"commentCount":0,"publisher":{"@id":"https:\/\/jornalfatosenoticias.com.br\/#organization"},"image":{"@id":"https:\/\/jornalfatosenoticias.com.br\/index.php\/2024\/08\/13\/mtst-quer-predio-do-inss-de-r-50-milhoes-que-integra-previdencia-da-populacao\/#primaryimage"},"thumbnailUrl":"https:\/\/jornalfatosenoticias.com.br\/wp-content\/uploads\/2024\/08\/mTST-predio-INSS.jpg","keywords":["aposentadoria","im\u00f3veis","INSS","Lula","Partido dos Trabalhadores","Porto Alegre","PT","Rio Grande do Sul"],"articleSection":["Geral"],"inLanguage":"pt-BR","potentialAction":[{"@type":"CommentAction","name":"Comment","target":["https:\/\/jornalfatosenoticias.com.br\/index.php\/2024\/08\/13\/mtst-quer-predio-do-inss-de-r-50-milhoes-que-integra-previdencia-da-populacao\/#respond"]}]},{"@type":"WebPage","@id":"https:\/\/jornalfatosenoticias.com.br\/index.php\/2024\/08\/13\/mtst-quer-predio-do-inss-de-r-50-milhoes-que-integra-previdencia-da-populacao\/","url":"https:\/\/jornalfatosenoticias.com.br\/index.php\/2024\/08\/13\/mtst-quer-predio-do-inss-de-r-50-milhoes-que-integra-previdencia-da-populacao\/","name":"MTST quer pr\u00e9dio do INSS de R$ 50 milh\u00f5es que integra previd\u00eancia da popula\u00e7\u00e3o - Jornal Fatos e Not\u00edcias","isPartOf":{"@id":"https:\/\/jornalfatosenoticias.com.br\/#website"},"primaryImageOfPage":{"@id":"https:\/\/jornalfatosenoticias.com.br\/index.php\/2024\/08\/13\/mtst-quer-predio-do-inss-de-r-50-milhoes-que-integra-previdencia-da-populacao\/#primaryimage"},"image":{"@id":"https:\/\/jornalfatosenoticias.com.br\/index.php\/2024\/08\/13\/mtst-quer-predio-do-inss-de-r-50-milhoes-que-integra-previdencia-da-populacao\/#primaryimage"},"thumbnailUrl":"https:\/\/jornalfatosenoticias.com.br\/wp-content\/uploads\/2024\/08\/mTST-predio-INSS.jpg","datePublished":"2024-08-13T21:12:32+00:00","dateModified":"2024-08-13T21:12:34+00:00","breadcrumb":{"@id":"https:\/\/jornalfatosenoticias.com.br\/index.php\/2024\/08\/13\/mtst-quer-predio-do-inss-de-r-50-milhoes-que-integra-previdencia-da-populacao\/#breadcrumb"},"inLanguage":"pt-BR","potentialAction":[{"@type":"ReadAction","target":["https:\/\/jornalfatosenoticias.com.br\/index.php\/2024\/08\/13\/mtst-quer-predio-do-inss-de-r-50-milhoes-que-integra-previdencia-da-populacao\/"]}]},{"@type":"ImageObject","inLanguage":"pt-BR","@id":"https:\/\/jornalfatosenoticias.com.br\/index.php\/2024\/08\/13\/mtst-quer-predio-do-inss-de-r-50-milhoes-que-integra-previdencia-da-populacao\/#primaryimage","url":"https:\/\/jornalfatosenoticias.com.br\/wp-content\/uploads\/2024\/08\/mTST-predio-INSS.jpg","contentUrl":"https:\/\/jornalfatosenoticias.com.br\/wp-content\/uploads\/2024\/08\/mTST-predio-INSS.jpg","width":960,"height":540,"caption":"Enchentes no Rio Grande do Sul"},{"@type":"BreadcrumbList","@id":"https:\/\/jornalfatosenoticias.com.br\/index.php\/2024\/08\/13\/mtst-quer-predio-do-inss-de-r-50-milhoes-que-integra-previdencia-da-populacao\/#breadcrumb","itemListElement":[{"@type":"ListItem","position":1,"name":"In\u00edcio","item":"https:\/\/jornalfatosenoticias.com.br\/"},{"@type":"ListItem","position":2,"name":"MTST quer pr\u00e9dio do INSS de R$ 50 milh\u00f5es que integra previd\u00eancia da popula\u00e7\u00e3o"}]},{"@type":"WebSite","@id":"https:\/\/jornalfatosenoticias.com.br\/#website","url":"https:\/\/jornalfatosenoticias.com.br\/","name":"Jornal Fatos e Not\u00edcias","description":"Not\u00edcias em geral","publisher":{"@id":"https:\/\/jornalfatosenoticias.com.br\/#organization"},"potentialAction":[{"@type":"SearchAction","target":{"@type":"EntryPoint","urlTemplate":"https:\/\/jornalfatosenoticias.com.br\/?s={search_term_string}"},"query-input":{"@type":"PropertyValueSpecification","valueRequired":true,"valueName":"search_term_string"}}],"inLanguage":"pt-BR"},{"@type":"Organization","@id":"https:\/\/jornalfatosenoticias.com.br\/#organization","name":"Jornal Fatos e Not\u00edcias","url":"https:\/\/jornalfatosenoticias.com.br\/","logo":{"@type":"ImageObject","inLanguage":"pt-BR","@id":"https:\/\/jornalfatosenoticias.com.br\/#\/schema\/logo\/image\/","url":"https:\/\/jornalfatosenoticias.com.br\/wp-content\/uploads\/2020\/02\/logo120.png","contentUrl":"https:\/\/jornalfatosenoticias.com.br\/wp-content\/uploads\/2020\/02\/logo120.png","width":1227,"height":120,"caption":"Jornal Fatos e Not\u00edcias"},"image":{"@id":"https:\/\/jornalfatosenoticias.com.br\/#\/schema\/logo\/image\/"}},{"@type":"Person","@id":"https:\/\/jornalfatosenoticias.com.br\/#\/schema\/person\/d63837fa13ac8666eb9e74e0985d6f81","name":"Luzimara Fernandes","image":{"@type":"ImageObject","inLanguage":"pt-BR","@id":"https:\/\/jornalfatosenoticias.com.br\/#\/schema\/person\/image\/","url":"https:\/\/jornalfatosenoticias.com.br\/wp-content\/uploads\/2025\/05\/EU_portal.jpg","contentUrl":"https:\/\/jornalfatosenoticias.com.br\/wp-content\/uploads\/2025\/05\/EU_portal.jpg","caption":"Luzimara Fernandes"},"description":"Jornalista MTB 2358-ES","sameAs":["https:\/\/jornalfatosenoticias.com.br"],"url":"https:\/\/jornalfatosenoticias.com.br\/index.php\/author\/luzimara\/"}]}},"cc_featured_image_caption":{"caption_text":"(Foto: Bruno Peres\/Ag\u00eancia Brasil) ","source_text":"","source_url":""},"jetpack_featured_media_url":"https:\/\/jornalfatosenoticias.com.br\/wp-content\/uploads\/2024\/08\/mTST-predio-INSS.jpg","_links":{"self":[{"href":"https:\/\/jornalfatosenoticias.com.br\/index.php\/wp-json\/wp\/v2\/posts\/53491","targetHints":{"allow":["GET"]}}],"collection":[{"href":"https:\/\/jornalfatosenoticias.com.br\/index.php\/wp-json\/wp\/v2\/posts"}],"about":[{"href":"https:\/\/jornalfatosenoticias.com.br\/index.php\/wp-json\/wp\/v2\/types\/post"}],"author":[{"embeddable":true,"href":"https:\/\/jornalfatosenoticias.com.br\/index.php\/wp-json\/wp\/v2\/users\/2"}],"replies":[{"embeddable":true,"href":"https:\/\/jornalfatosenoticias.com.br\/index.php\/wp-json\/wp\/v2\/comments?post=53491"}],"version-history":[{"count":0,"href":"https:\/\/jornalfatosenoticias.com.br\/index.php\/wp-json\/wp\/v2\/posts\/53491\/revisions"}],"wp:featuredmedia":[{"embeddable":true,"href":"https:\/\/jornalfatosenoticias.com.br\/index.php\/wp-json\/wp\/v2\/media\/53492"}],"wp:attachment":[{"href":"https:\/\/jornalfatosenoticias.com.br\/index.php\/wp-json\/wp\/v2\/media?parent=53491"}],"wp:term":[{"taxonomy":"category","embeddable":true,"href":"https:\/\/jornalfatosenoticias.com.br\/index.php\/wp-json\/wp\/v2\/categories?post=53491"},{"taxonomy":"post_tag","embeddable":true,"href":"https:\/\/jornalfatosenoticias.com.br\/index.php\/wp-json\/wp\/v2\/tags?post=53491"}],"curies":[{"name":"wp","href":"https:\/\/api.w.org\/{rel}","templated":true}]}}