{"id":53502,"date":"2024-08-15T14:12:40","date_gmt":"2024-08-15T17:12:40","guid":{"rendered":"https:\/\/jornalfatosenoticias.com.br\/?p=53502"},"modified":"2024-08-15T14:13:03","modified_gmt":"2024-08-15T17:13:03","slug":"ex-chefes-de-governo-repudiam-a-tolerancia-a-ditadura-venezuelana-do-brasil-colombia-e-mexico","status":"publish","type":"post","link":"https:\/\/jornalfatosenoticias.com.br\/index.php\/2024\/08\/15\/ex-chefes-de-governo-repudiam-a-tolerancia-a-ditadura-venezuelana-do-brasil-colombia-e-mexico\/","title":{"rendered":"Ex-chefes de governo repudiam a \u201ctoler\u00e2ncia \u00e0 ditadura venezuelana\u201d do Brasil, Col\u00f4mbia e M\u00e9xico"},"content":{"rendered":"\n<p><span class=\"has-inline-color has-black-color\">Por <strong><a href=\"https:\/\/www.epochtimes.com.br\/author\/agencia-de-noticias\">Ag\u00eancia de Not\u00edcias<\/a><\/strong><\/span><\/p>\n\n\n\n<div class=\"wp-block-image\"><figure class=\"aligncenter size-large is-resized\"><a href=\"https:\/\/www.facebook.com\/vetor.vix\/\"><img loading=\"lazy\" decoding=\"async\" src=\"https:\/\/jornalfatosenoticias.com.br\/wp-content\/uploads\/2023\/09\/vetorvix1024_1.jpg\" alt=\"\" class=\"wp-image-44868\" width=\"490\" height=\"130\" srcset=\"https:\/\/jornalfatosenoticias.com.br\/wp-content\/uploads\/2023\/09\/vetorvix1024_1.jpg 1024w, https:\/\/jornalfatosenoticias.com.br\/wp-content\/uploads\/2023\/09\/vetorvix1024_1-300x80.jpg 300w, https:\/\/jornalfatosenoticias.com.br\/wp-content\/uploads\/2023\/09\/vetorvix1024_1-768x205.jpg 768w\" sizes=\"auto, (max-width: 490px) 100vw, 490px\" \/><\/a><\/figure><\/div>\n\n\n\n<p>Um grupo de 32 ex-chefes de Estado criticou, na quarta-feira (14), os governos de <a href=\"https:\/\/www.epochtimes.com.br\/focus\/brasil\" target=\"_blank\" rel=\"noreferrer noopener\">Brasil<\/a>,\u00a0<a href=\"https:\/\/www.epochtimes.com.br\/focus\/colombia\" target=\"_blank\" rel=\"noreferrer noopener\">Col\u00f4mbia<\/a>\u00a0e\u00a0<a href=\"https:\/\/www.epochtimes.com.br\/focus\/mexico\" target=\"_blank\" rel=\"noreferrer noopener\">M\u00e9xico<\/a> por se juntarem ao prop\u00f3sito do ditador <a href=\"https:\/\/www.epochtimes.com.br\/focus\/nicolas-maduro\" target=\"_blank\" rel=\"noreferrer noopener\">Nicol\u00e1s Maduro<\/a> de \u201cse manter no poder\u201d, o que consideram \u201cescandaloso\u201d e um \u201cverdadeiro atentado ao direito democr\u00e1tico interamericano\u201d.<br>Os ex-mandat\u00e1rios, que fazem parte da Iniciativa Democr\u00e1tica de Espanha e das Am\u00e9ricas (IDEA), alertaram ainda que Maduro pretende promover novas <a href=\"https:\/\/www.epochtimes.com.br\/focus\/eleicoes\" target=\"_blank\" rel=\"noreferrer noopener\">elei\u00e7\u00f5es<\/a>, uma a\u00e7\u00e3o que \u201canularia a vontade popular j\u00e1 expressa de forma inequ\u00edvoca\u201d nas urnas em\u00a0<a href=\"https:\/\/www.epochtimes.com.br\/focus\/28-de-julho\" target=\"_blank\" rel=\"noreferrer noopener\">28 de julho<\/a>.<\/p>\n\n\n\n<div class=\"wp-block-image\"><figure class=\"aligncenter size-large is-resized\"><a href=\"https:\/\/www.facebook.com\/postobkr\/?locale=pt_BR\"><img loading=\"lazy\" decoding=\"async\" src=\"https:\/\/jornalfatosenoticias.com.br\/wp-content\/uploads\/2023\/08\/BKR-1024x1021.jpg\" alt=\"\" class=\"wp-image-44494\" width=\"310\" height=\"309\" srcset=\"https:\/\/jornalfatosenoticias.com.br\/wp-content\/uploads\/2023\/08\/BKR-1024x1021.jpg 1024w, https:\/\/jornalfatosenoticias.com.br\/wp-content\/uploads\/2023\/08\/BKR-300x300.jpg 300w, https:\/\/jornalfatosenoticias.com.br\/wp-content\/uploads\/2023\/08\/BKR-150x150.jpg 150w, https:\/\/jornalfatosenoticias.com.br\/wp-content\/uploads\/2023\/08\/BKR-768x766.jpg 768w, https:\/\/jornalfatosenoticias.com.br\/wp-content\/uploads\/2023\/08\/BKR.jpg 1080w\" sizes=\"auto, (max-width: 310px) 100vw, 310px\" \/><\/a><\/figure><\/div>\n\n\n\n<p>Tal a\u00e7\u00e3o, continua a IDEA, ignoraria a \u201cderrota inquestion\u00e1vel da ditadura de Maduro\u201d, conforme corroborado pelos relat\u00f3rios t\u00e9cnicos da Organiza\u00e7\u00e3o dos Estados Americanos (<a href=\"https:\/\/www.epochtimes.com.br\/focus\/oea\" target=\"_blank\" rel=\"noreferrer noopener\">OEA<\/a>) e do\u00a0<a href=\"https:\/\/www.epochtimes.com.br\/focus\/centro-carter\" target=\"_blank\" rel=\"noreferrer noopener\">Centro Carter<\/a>. O grupo tamb\u00e9m se refere ao relat\u00f3rio de um painel de especialistas da ONU que reconhece que as atas da oposi\u00e7\u00e3o \u201cexibem todos os dispositivos de seguran\u00e7a dos protocolos originais dos resultados\u201d eleitorais.<\/p>\n\n\n\n<div class=\"wp-block-image\"><figure class=\"aligncenter size-large is-resized\"><a href=\"https:\/\/panper.com.br\/\"><img loading=\"lazy\" decoding=\"async\" src=\"https:\/\/jornalfatosenoticias.com.br\/wp-content\/uploads\/2023\/03\/logo-Panper_portal.jpg\" alt=\"\" class=\"wp-image-40208\" width=\"318\" height=\"220\" srcset=\"https:\/\/jornalfatosenoticias.com.br\/wp-content\/uploads\/2023\/03\/logo-Panper_portal.jpg 400w, https:\/\/jornalfatosenoticias.com.br\/wp-content\/uploads\/2023\/03\/logo-Panper_portal-300x208.jpg 300w\" sizes=\"auto, (max-width: 318px) 100vw, 318px\" \/><\/a><\/figure><\/div>\n\n\n\n<p>Enquanto isso, o an\u00fancio do resultado realizado pelo Conselho Nacional Eleitoral da Venezuela (CNE), que proclamou Maduro como vencedor \u201csem a divulga\u00e7\u00e3o dos resultados tabulados aos candidatos, n\u00e3o tem precedentes em elei\u00e7\u00f5es democr\u00e1ticas contempor\u00e2neas\u201d.<\/p>\n\n\n\n<div class=\"wp-block-image\"><figure class=\"aligncenter size-large is-resized\"><a href=\"https:\/\/www.controlsystems.com.br\/\"><img loading=\"lazy\" decoding=\"async\" src=\"https:\/\/jornalfatosenoticias.com.br\/wp-content\/uploads\/2020\/02\/CONTROL-CS.jpg\" alt=\"\" class=\"wp-image-44991\" width=\"278\" height=\"333\" srcset=\"https:\/\/jornalfatosenoticias.com.br\/wp-content\/uploads\/2020\/02\/CONTROL-CS.jpg 834w, https:\/\/jornalfatosenoticias.com.br\/wp-content\/uploads\/2020\/02\/CONTROL-CS-250x300.jpg 250w, https:\/\/jornalfatosenoticias.com.br\/wp-content\/uploads\/2020\/02\/CONTROL-CS-768x921.jpg 768w\" sizes=\"auto, (max-width: 278px) 100vw, 278px\" \/><\/a><\/figure><\/div>\n\n\n\n<p>Na opini\u00e3o dos <a href=\"https:\/\/www.epochtimes.com.br\/focus\/ex-chefes-de-governo\" target=\"_blank\" rel=\"noreferrer noopener\">ex-chefes de governo<\/a>, a ONU e a OEA estabeleceram que a Administra\u00e7\u00e3o de Justi\u00e7a na Venezuela \u201ccarece totalmente de independ\u00eancia e imparcialidade e \u00e9 c\u00famplice necess\u00e1ria nos crimes de lesa humanidade que est\u00e3o sendo investigados pelo Tribunal Penal Internacional\u201d.<\/p>\n\n\n\n<div class=\"wp-block-image\"><figure class=\"aligncenter size-large is-resized\"><a href=\"https:\/\/www.ithbrasil.com.br\/\"><img loading=\"lazy\" decoding=\"async\" src=\"https:\/\/jornalfatosenoticias.com.br\/wp-content\/uploads\/2023\/08\/ITH.jpeg\" alt=\"\" class=\"wp-image-44638\" width=\"303\" height=\"246\" srcset=\"https:\/\/jornalfatosenoticias.com.br\/wp-content\/uploads\/2023\/08\/ITH.jpeg 800w, https:\/\/jornalfatosenoticias.com.br\/wp-content\/uploads\/2023\/08\/ITH-300x244.jpeg 300w, https:\/\/jornalfatosenoticias.com.br\/wp-content\/uploads\/2023\/08\/ITH-768x624.jpeg 768w\" sizes=\"auto, (max-width: 303px) 100vw, 303px\" \/><\/a><\/figure><\/div>\n\n\n\n<p>A IDEA denunciou que j\u00e1 s\u00e3o milhares os prisioneiros e desaparecidos, com um n\u00famero significativo de assassinatos e torturas desde as \u00faltimas elei\u00e7\u00f5es presidenciais. O grupo sustenta que a <a href=\"https:\/\/www.epochtimes.com.br\/focus\/ditadura-venezuelana\" target=\"_blank\" rel=\"noreferrer noopener\">ditadura venezuelana<\/a> pretende, al\u00e9m disso, \u201cdiluir a responsabilidade jur\u00eddica daqueles que falsificaram os resultados eleitorais\u201d por meio da interven\u00e7\u00e3o do Poder Eleitoral, do Tribunal Supremo de Justi\u00e7a, da c\u00fapula das For\u00e7as Armadas e do Minist\u00e9rio P\u00fablico.<\/p>\n\n\n\n<div class=\"wp-block-image\"><figure class=\"aligncenter size-large is-resized\"><img loading=\"lazy\" decoding=\"async\" src=\"https:\/\/jornalfatosenoticias.com.br\/wp-content\/uploads\/2022\/02\/Precisao-Contabilidade-1024x724.jpg\" alt=\"\" class=\"wp-image-28088\" width=\"323\" height=\"228\"\/><\/figure><\/div>\n\n\n\n<blockquote class=\"wp-block-quote is-layout-flow wp-block-quote-is-layout-flow\"><p><span class=\"has-inline-color has-luminous-vivid-orange-color\">Se os mencionados governos tolerarem os planos do ditador venezuelano e seus poderes p\u00fablicos aliados, comprometem o respeito ao comportamento democr\u00e1tico universal e fazem isso diante de suas pr\u00f3prias na\u00e7\u00f5es\u201d, destaca o comunicado da IDEA.<\/span><\/p><\/blockquote>\n\n\n\n<div class=\"wp-block-image\"><figure class=\"aligncenter size-large\"><a href=\"http:\/\/www.ferrarimaquinas.com.br\/\"><img loading=\"lazy\" decoding=\"async\" width=\"300\" height=\"250\" src=\"https:\/\/jornalfatosenoticias.com.br\/wp-content\/uploads\/2022\/02\/FERRARI_MAQUINAS-E-FERRAMENTAS2.jpg\" alt=\"\" class=\"wp-image-27860\"\/><\/a><\/figure><\/div>\n\n\n\n<p>O proclamado triunfo de Maduro pelo Conselho Nacional Eleitoral (CNE) para um terceiro mandato consecutivo foi rejeitado e classificado como fraude pela oposi\u00e7\u00e3o majorit\u00e1ria e questionado por v\u00e1rios governos estrangeiros e grupos de observa\u00e7\u00e3o internacional.<\/p>\n\n\n\n<div class=\"wp-block-image\"><figure class=\"aligncenter size-large\"><a href=\"https:\/\/cesconetto.com.br\/\"><img loading=\"lazy\" decoding=\"async\" width=\"300\" height=\"250\" src=\"https:\/\/jornalfatosenoticias.com.br\/wp-content\/uploads\/2022\/02\/Banner-2.png\" alt=\"\" class=\"wp-image-27877\"\/><\/a><\/figure><\/div>\n\n\n\n<p>A declara\u00e7\u00e3o foi assinada pelos <a href=\"https:\/\/www.epochtimes.com.br\/focus\/ex-presidentes-da-costa-rica-oscar-arias\" target=\"_blank\" rel=\"noreferrer noopener\">ex-presidentes da Costa Rica \u00d3scar Arias<\/a>,\u00a0<a href=\"https:\/\/www.epochtimes.com.br\/focus\/carlos-alvarado\" target=\"_blank\" rel=\"noreferrer noopener\">Carlos Alvarado<\/a>,\u00a0<a href=\"https:\/\/www.epochtimes.com.br\/focus\/rafael-angel-calderon\" target=\"_blank\" rel=\"noreferrer noopener\">Rafael \u00c1ngel Calder\u00f3n<\/a>,\u00a0<a href=\"https:\/\/www.epochtimes.com.br\/focus\/laura-chinchilla\" target=\"_blank\" rel=\"noreferrer noopener\">Laura Chinchilla<\/a>,\u00a0<a href=\"https:\/\/www.epochtimes.com.br\/focus\/jose-maria-figueres\" target=\"_blank\" rel=\"noreferrer noopener\">Jos\u00e9 Mar\u00eda Figueres<\/a>,\u00a0<a href=\"https:\/\/www.epochtimes.com.br\/focus\/miguel-angel-rodriguez-e-luis-guillermo-solis-da-espanha-jose-maria-aznar-e-mariano-rajoy-do-mexico-vicente-fox-e-felipe-calderon-da-colombia-ivan-duque\" target=\"_blank\" rel=\"noreferrer noopener\">Miguel \u00c1ngel Rodr\u00edguez e Luis Guillermo Sol\u00eds; da Espanha Jos\u00e9 Mar\u00eda Aznar e Mariano Rajoy; do M\u00e9xico Vicente Fox e Felipe Calder\u00f3n; da Col\u00f4mbia Iv\u00e1n Duque<\/a>,\u00a0<a href=\"https:\/\/www.epochtimes.com.br\/focus\/andres-pastrana-e-alvaro-uribe-e-da-argentina-mauricio-macri\" target=\"_blank\" rel=\"noreferrer noopener\">Andr\u00e9s Pastrana e \u00c1lvaro Uribe; e da Argentina Mauricio Macri<\/a>.<\/p>\n\n\n\n<div class=\"wp-block-image\"><figure class=\"aligncenter size-large is-resized\"><a href=\"https:\/\/www.instagram.com\/vmais.midias\/\"><img loading=\"lazy\" decoding=\"async\" src=\"https:\/\/jornalfatosenoticias.com.br\/wp-content\/uploads\/2020\/02\/DE-MAIS-DESTAQUE-VMAIS-800X700.png\" alt=\"\" class=\"wp-image-53112\" width=\"293\" height=\"256\" srcset=\"https:\/\/jornalfatosenoticias.com.br\/wp-content\/uploads\/2020\/02\/DE-MAIS-DESTAQUE-VMAIS-800X700.png 800w, https:\/\/jornalfatosenoticias.com.br\/wp-content\/uploads\/2020\/02\/DE-MAIS-DESTAQUE-VMAIS-800X700-300x263.png 300w, https:\/\/jornalfatosenoticias.com.br\/wp-content\/uploads\/2020\/02\/DE-MAIS-DESTAQUE-VMAIS-800X700-768x672.png 768w\" sizes=\"auto, (max-width: 293px) 100vw, 293px\" \/><\/a><\/figure><\/div>\n\n\n\n<p>Tamb\u00e9m assinaram os ex-mandat\u00e1rios <a href=\"https:\/\/www.epochtimes.com.br\/focus\/mario-abdo-benitez\" target=\"_blank\" rel=\"noreferrer noopener\">Mario Abdo Ben\u00edtez<\/a>, Federico Franco e Juan Carlos Wasmosy (Paraguai); Nicol\u00e1s Ardito, Mireya Moscoso e Ernesto P\u00e9rez Valladares (Panam\u00e1); Alfredo Cristiani (El Salvador); Eduardo Frei (Chile); Osvaldo Hurtado,\u00a0<a href=\"https:\/\/www.epochtimes.com.br\/focus\/guillermo-lasso\" target=\"_blank\" rel=\"noreferrer noopener\">Guillermo Lasso<\/a>, Jamil Mahuad e Lenin Moreno (Equador); Hip\u00f3lito Mej\u00eda (Rep\u00fablica Dominicana); Julio Mar\u00eda Sanguinetti e Luis Alberto Lacalle (Uruguai); e Carlos Mesa e Jorge Tuto Quiroga (Bol\u00edvia).<\/p>\n\n\n\n<div class=\"wp-block-image\"><figure class=\"aligncenter size-large is-resized\"><a href=\"https:\/\/www.instagram.com\/rapuzeljastro\/\"><img loading=\"lazy\" decoding=\"async\" src=\"https:\/\/jornalfatosenoticias.com.br\/wp-content\/uploads\/2020\/02\/logo-Rapuzel-1024x571.jpg\" alt=\"\" class=\"wp-image-42808\" width=\"359\" height=\"200\" srcset=\"https:\/\/jornalfatosenoticias.com.br\/wp-content\/uploads\/2020\/02\/logo-Rapuzel-1024x571.jpg 1024w, https:\/\/jornalfatosenoticias.com.br\/wp-content\/uploads\/2020\/02\/logo-Rapuzel-300x167.jpg 300w, https:\/\/jornalfatosenoticias.com.br\/wp-content\/uploads\/2020\/02\/logo-Rapuzel-768x428.jpg 768w, https:\/\/jornalfatosenoticias.com.br\/wp-content\/uploads\/2020\/02\/logo-Rapuzel-1536x856.jpg 1536w, https:\/\/jornalfatosenoticias.com.br\/wp-content\/uploads\/2020\/02\/logo-Rapuzel.jpg 1600w\" sizes=\"auto, (max-width: 359px) 100vw, 359px\" \/><\/a><\/figure><\/div>\n\n\n\n<p><em><strong>Fonte: <a href=\"https:\/\/www.epochtimes.com.br\/mundo\/ex-chefes-de-governo-repudiam-a-tolerancia-a-ditadura-venezuelana-do-brasil-colombia-e-mexico-201887.html\">Epoch Times Brasil<\/a><\/strong><\/em><\/p>\n","protected":false},"excerpt":{"rendered":"<p>Por Ag\u00eancia de Not\u00edcias Um grupo de 32 ex-chefes de Estado criticou, na quarta-feira (14), os governos de Brasil,\u00a0Col\u00f4mbia\u00a0e\u00a0M\u00e9xico por se juntarem ao prop\u00f3sito do ditador Nicol\u00e1s Maduro de \u201cse manter no poder\u201d, o que consideram \u201cescandaloso\u201d e um \u201cverdadeiro atentado ao direito democr\u00e1tico interamericano\u201d.Os ex-mandat\u00e1rios, que fazem parte da Iniciativa Democr\u00e1tica de Espanha e [&hellip;]<\/p>\n","protected":false},"author":3,"featured_media":53503,"comment_status":"open","ping_status":"open","sticky":false,"template":"","format":"standard","meta":{"footnotes":""},"categories":[41],"tags":[19696,24385,19097,8605],"class_list":["post-53502","post","type-post","status-publish","format-standard","has-post-thumbnail","hentry","category-internacional","tag-ditadura-de-maduro","tag-ditadura-venezuelana","tag-nicolas-maduro","tag-venezuela"],"yoast_head":"<!-- This site is optimized with the Yoast SEO plugin v26.5 - https:\/\/yoast.com\/wordpress\/plugins\/seo\/ -->\n<title>Ex-chefes de governo repudiam a \u201ctoler\u00e2ncia \u00e0 ditadura venezuelana\u201d do Brasil, Col\u00f4mbia e M\u00e9xico - Jornal Fatos e Not\u00edcias<\/title>\n<meta name=\"robots\" content=\"index, follow, max-snippet:-1, max-image-preview:large, max-video-preview:-1\" \/>\n<link rel=\"canonical\" href=\"https:\/\/jornalfatosenoticias.com.br\/index.php\/2024\/08\/15\/ex-chefes-de-governo-repudiam-a-tolerancia-a-ditadura-venezuelana-do-brasil-colombia-e-mexico\/\" \/>\n<meta property=\"og:locale\" content=\"pt_BR\" \/>\n<meta property=\"og:type\" content=\"article\" \/>\n<meta property=\"og:title\" content=\"Ex-chefes de governo repudiam a \u201ctoler\u00e2ncia \u00e0 ditadura venezuelana\u201d do Brasil, Col\u00f4mbia e M\u00e9xico - Jornal Fatos e Not\u00edcias\" \/>\n<meta property=\"og:description\" content=\"Por Ag\u00eancia de Not\u00edcias Um grupo de 32 ex-chefes de Estado criticou, na quarta-feira (14), os governos de Brasil,\u00a0Col\u00f4mbia\u00a0e\u00a0M\u00e9xico por se juntarem ao prop\u00f3sito do ditador Nicol\u00e1s Maduro de \u201cse manter no poder\u201d, o que consideram \u201cescandaloso\u201d e um \u201cverdadeiro atentado ao direito democr\u00e1tico interamericano\u201d.Os ex-mandat\u00e1rios, que fazem parte da Iniciativa Democr\u00e1tica de Espanha e [&hellip;]\" \/>\n<meta property=\"og:url\" content=\"https:\/\/jornalfatosenoticias.com.br\/index.php\/2024\/08\/15\/ex-chefes-de-governo-repudiam-a-tolerancia-a-ditadura-venezuelana-do-brasil-colombia-e-mexico\/\" \/>\n<meta property=\"og:site_name\" content=\"Jornal Fatos e Not\u00edcias\" \/>\n<meta property=\"article:published_time\" content=\"2024-08-15T17:12:40+00:00\" \/>\n<meta property=\"article:modified_time\" content=\"2024-08-15T17:13:03+00:00\" \/>\n<meta property=\"og:image\" content=\"https:\/\/jornalfatosenoticias.com.br\/wp-content\/uploads\/2024\/08\/Venezuela.jpg\" \/>\n\t<meta property=\"og:image:width\" content=\"700\" \/>\n\t<meta property=\"og:image:height\" content=\"447\" \/>\n\t<meta property=\"og:image:type\" content=\"image\/jpeg\" \/>\n<meta name=\"author\" content=\"Haroldo Filho\" \/>\n<meta name=\"twitter:card\" content=\"summary_large_image\" \/>\n<meta name=\"twitter:label1\" content=\"Escrito por\" \/>\n\t<meta name=\"twitter:data1\" content=\"Haroldo Filho\" \/>\n\t<meta name=\"twitter:label2\" content=\"Est. tempo de leitura\" \/>\n\t<meta name=\"twitter:data2\" content=\"3 minutos\" \/>\n<script type=\"application\/ld+json\" class=\"yoast-schema-graph\">{\"@context\":\"https:\/\/schema.org\",\"@graph\":[{\"@type\":\"Article\",\"@id\":\"https:\/\/jornalfatosenoticias.com.br\/index.php\/2024\/08\/15\/ex-chefes-de-governo-repudiam-a-tolerancia-a-ditadura-venezuelana-do-brasil-colombia-e-mexico\/#article\",\"isPartOf\":{\"@id\":\"https:\/\/jornalfatosenoticias.com.br\/index.php\/2024\/08\/15\/ex-chefes-de-governo-repudiam-a-tolerancia-a-ditadura-venezuelana-do-brasil-colombia-e-mexico\/\"},\"author\":{\"name\":\"Haroldo Filho\",\"@id\":\"https:\/\/jornalfatosenoticias.com.br\/#\/schema\/person\/05c46cc25b42a5c27e004fb0fa6b4965\"},\"headline\":\"Ex-chefes de governo repudiam a \u201ctoler\u00e2ncia \u00e0 ditadura venezuelana\u201d do Brasil, Col\u00f4mbia e M\u00e9xico\",\"datePublished\":\"2024-08-15T17:12:40+00:00\",\"dateModified\":\"2024-08-15T17:13:03+00:00\",\"mainEntityOfPage\":{\"@id\":\"https:\/\/jornalfatosenoticias.com.br\/index.php\/2024\/08\/15\/ex-chefes-de-governo-repudiam-a-tolerancia-a-ditadura-venezuelana-do-brasil-colombia-e-mexico\/\"},\"wordCount\":568,\"commentCount\":0,\"publisher\":{\"@id\":\"https:\/\/jornalfatosenoticias.com.br\/#organization\"},\"image\":{\"@id\":\"https:\/\/jornalfatosenoticias.com.br\/index.php\/2024\/08\/15\/ex-chefes-de-governo-repudiam-a-tolerancia-a-ditadura-venezuelana-do-brasil-colombia-e-mexico\/#primaryimage\"},\"thumbnailUrl\":\"https:\/\/jornalfatosenoticias.com.br\/wp-content\/uploads\/2024\/08\/Venezuela.jpg\",\"keywords\":[\"ditadura de Maduro\",\"ditadura venezuelana\",\"Nicol\u00e1s Maduro\",\"Venezuela\"],\"articleSection\":[\"Internacional\"],\"inLanguage\":\"pt-BR\",\"potentialAction\":[{\"@type\":\"CommentAction\",\"name\":\"Comment\",\"target\":[\"https:\/\/jornalfatosenoticias.com.br\/index.php\/2024\/08\/15\/ex-chefes-de-governo-repudiam-a-tolerancia-a-ditadura-venezuelana-do-brasil-colombia-e-mexico\/#respond\"]}]},{\"@type\":\"WebPage\",\"@id\":\"https:\/\/jornalfatosenoticias.com.br\/index.php\/2024\/08\/15\/ex-chefes-de-governo-repudiam-a-tolerancia-a-ditadura-venezuelana-do-brasil-colombia-e-mexico\/\",\"url\":\"https:\/\/jornalfatosenoticias.com.br\/index.php\/2024\/08\/15\/ex-chefes-de-governo-repudiam-a-tolerancia-a-ditadura-venezuelana-do-brasil-colombia-e-mexico\/\",\"name\":\"Ex-chefes de governo repudiam a \u201ctoler\u00e2ncia \u00e0 ditadura venezuelana\u201d do Brasil, Col\u00f4mbia e M\u00e9xico - Jornal Fatos e Not\u00edcias\",\"isPartOf\":{\"@id\":\"https:\/\/jornalfatosenoticias.com.br\/#website\"},\"primaryImageOfPage\":{\"@id\":\"https:\/\/jornalfatosenoticias.com.br\/index.php\/2024\/08\/15\/ex-chefes-de-governo-repudiam-a-tolerancia-a-ditadura-venezuelana-do-brasil-colombia-e-mexico\/#primaryimage\"},\"image\":{\"@id\":\"https:\/\/jornalfatosenoticias.com.br\/index.php\/2024\/08\/15\/ex-chefes-de-governo-repudiam-a-tolerancia-a-ditadura-venezuelana-do-brasil-colombia-e-mexico\/#primaryimage\"},\"thumbnailUrl\":\"https:\/\/jornalfatosenoticias.com.br\/wp-content\/uploads\/2024\/08\/Venezuela.jpg\",\"datePublished\":\"2024-08-15T17:12:40+00:00\",\"dateModified\":\"2024-08-15T17:13:03+00:00\",\"breadcrumb\":{\"@id\":\"https:\/\/jornalfatosenoticias.com.br\/index.php\/2024\/08\/15\/ex-chefes-de-governo-repudiam-a-tolerancia-a-ditadura-venezuelana-do-brasil-colombia-e-mexico\/#breadcrumb\"},\"inLanguage\":\"pt-BR\",\"potentialAction\":[{\"@type\":\"ReadAction\",\"target\":[\"https:\/\/jornalfatosenoticias.com.br\/index.php\/2024\/08\/15\/ex-chefes-de-governo-repudiam-a-tolerancia-a-ditadura-venezuelana-do-brasil-colombia-e-mexico\/\"]}]},{\"@type\":\"ImageObject\",\"inLanguage\":\"pt-BR\",\"@id\":\"https:\/\/jornalfatosenoticias.com.br\/index.php\/2024\/08\/15\/ex-chefes-de-governo-repudiam-a-tolerancia-a-ditadura-venezuelana-do-brasil-colombia-e-mexico\/#primaryimage\",\"url\":\"https:\/\/jornalfatosenoticias.com.br\/wp-content\/uploads\/2024\/08\/Venezuela.jpg\",\"contentUrl\":\"https:\/\/jornalfatosenoticias.com.br\/wp-content\/uploads\/2024\/08\/Venezuela.jpg\",\"width\":700,\"height\":447,\"caption\":\"Ciudadanos venezolanos esperan los resultados de las elecciones en Venezuela este domingo, en Quito (Ecuador). EFE\/ Jos\u00e9 J\u00e1come\"},{\"@type\":\"BreadcrumbList\",\"@id\":\"https:\/\/jornalfatosenoticias.com.br\/index.php\/2024\/08\/15\/ex-chefes-de-governo-repudiam-a-tolerancia-a-ditadura-venezuelana-do-brasil-colombia-e-mexico\/#breadcrumb\",\"itemListElement\":[{\"@type\":\"ListItem\",\"position\":1,\"name\":\"In\u00edcio\",\"item\":\"https:\/\/jornalfatosenoticias.com.br\/\"},{\"@type\":\"ListItem\",\"position\":2,\"name\":\"Ex-chefes de governo repudiam a \u201ctoler\u00e2ncia \u00e0 ditadura venezuelana\u201d do Brasil, Col\u00f4mbia e M\u00e9xico\"}]},{\"@type\":\"WebSite\",\"@id\":\"https:\/\/jornalfatosenoticias.com.br\/#website\",\"url\":\"https:\/\/jornalfatosenoticias.com.br\/\",\"name\":\"Jornal Fatos e Not\u00edcias\",\"description\":\"Not\u00edcias em geral\",\"publisher\":{\"@id\":\"https:\/\/jornalfatosenoticias.com.br\/#organization\"},\"potentialAction\":[{\"@type\":\"SearchAction\",\"target\":{\"@type\":\"EntryPoint\",\"urlTemplate\":\"https:\/\/jornalfatosenoticias.com.br\/?s={search_term_string}\"},\"query-input\":{\"@type\":\"PropertyValueSpecification\",\"valueRequired\":true,\"valueName\":\"search_term_string\"}}],\"inLanguage\":\"pt-BR\"},{\"@type\":\"Organization\",\"@id\":\"https:\/\/jornalfatosenoticias.com.br\/#organization\",\"name\":\"Jornal Fatos e Not\u00edcias\",\"url\":\"https:\/\/jornalfatosenoticias.com.br\/\",\"logo\":{\"@type\":\"ImageObject\",\"inLanguage\":\"pt-BR\",\"@id\":\"https:\/\/jornalfatosenoticias.com.br\/#\/schema\/logo\/image\/\",\"url\":\"https:\/\/jornalfatosenoticias.com.br\/wp-content\/uploads\/2020\/02\/logo120.png\",\"contentUrl\":\"https:\/\/jornalfatosenoticias.com.br\/wp-content\/uploads\/2020\/02\/logo120.png\",\"width\":1227,\"height\":120,\"caption\":\"Jornal Fatos e Not\u00edcias\"},\"image\":{\"@id\":\"https:\/\/jornalfatosenoticias.com.br\/#\/schema\/logo\/image\/\"}},{\"@type\":\"Person\",\"@id\":\"https:\/\/jornalfatosenoticias.com.br\/#\/schema\/person\/05c46cc25b42a5c27e004fb0fa6b4965\",\"name\":\"Haroldo Filho\",\"image\":{\"@type\":\"ImageObject\",\"inLanguage\":\"pt-BR\",\"@id\":\"https:\/\/jornalfatosenoticias.com.br\/#\/schema\/person\/image\/\",\"url\":\"https:\/\/jornalfatosenoticias.com.br\/wp-content\/uploads\/2025\/08\/WhatsApp-Image-2025-08-18-at-15.30.28-150x150.jpeg\",\"contentUrl\":\"https:\/\/jornalfatosenoticias.com.br\/wp-content\/uploads\/2025\/08\/WhatsApp-Image-2025-08-18-at-15.30.28-150x150.jpeg\",\"caption\":\"Haroldo Filho\"},\"description\":\"Jornalista \u2013 DRT: 0003818\/ES Coordenador-geral da ONG Educar para Crescer\",\"url\":\"https:\/\/jornalfatosenoticias.com.br\/index.php\/author\/haroldo\/\"}]}<\/script>\n<!-- \/ Yoast SEO plugin. -->","yoast_head_json":{"title":"Ex-chefes de governo repudiam a \u201ctoler\u00e2ncia \u00e0 ditadura venezuelana\u201d do Brasil, Col\u00f4mbia e M\u00e9xico - Jornal Fatos e Not\u00edcias","robots":{"index":"index","follow":"follow","max-snippet":"max-snippet:-1","max-image-preview":"max-image-preview:large","max-video-preview":"max-video-preview:-1"},"canonical":"https:\/\/jornalfatosenoticias.com.br\/index.php\/2024\/08\/15\/ex-chefes-de-governo-repudiam-a-tolerancia-a-ditadura-venezuelana-do-brasil-colombia-e-mexico\/","og_locale":"pt_BR","og_type":"article","og_title":"Ex-chefes de governo repudiam a \u201ctoler\u00e2ncia \u00e0 ditadura venezuelana\u201d do Brasil, Col\u00f4mbia e M\u00e9xico - Jornal Fatos e Not\u00edcias","og_description":"Por Ag\u00eancia de Not\u00edcias Um grupo de 32 ex-chefes de Estado criticou, na quarta-feira (14), os governos de Brasil,\u00a0Col\u00f4mbia\u00a0e\u00a0M\u00e9xico por se juntarem ao prop\u00f3sito do ditador Nicol\u00e1s Maduro de \u201cse manter no poder\u201d, o que consideram \u201cescandaloso\u201d e um \u201cverdadeiro atentado ao direito democr\u00e1tico interamericano\u201d.Os ex-mandat\u00e1rios, que fazem parte da Iniciativa Democr\u00e1tica de Espanha e [&hellip;]","og_url":"https:\/\/jornalfatosenoticias.com.br\/index.php\/2024\/08\/15\/ex-chefes-de-governo-repudiam-a-tolerancia-a-ditadura-venezuelana-do-brasil-colombia-e-mexico\/","og_site_name":"Jornal Fatos e Not\u00edcias","article_published_time":"2024-08-15T17:12:40+00:00","article_modified_time":"2024-08-15T17:13:03+00:00","og_image":[{"width":700,"height":447,"url":"https:\/\/jornalfatosenoticias.com.br\/wp-content\/uploads\/2024\/08\/Venezuela.jpg","type":"image\/jpeg"}],"author":"Haroldo Filho","twitter_card":"summary_large_image","twitter_misc":{"Escrito por":"Haroldo Filho","Est. tempo de leitura":"3 minutos"},"schema":{"@context":"https:\/\/schema.org","@graph":[{"@type":"Article","@id":"https:\/\/jornalfatosenoticias.com.br\/index.php\/2024\/08\/15\/ex-chefes-de-governo-repudiam-a-tolerancia-a-ditadura-venezuelana-do-brasil-colombia-e-mexico\/#article","isPartOf":{"@id":"https:\/\/jornalfatosenoticias.com.br\/index.php\/2024\/08\/15\/ex-chefes-de-governo-repudiam-a-tolerancia-a-ditadura-venezuelana-do-brasil-colombia-e-mexico\/"},"author":{"name":"Haroldo Filho","@id":"https:\/\/jornalfatosenoticias.com.br\/#\/schema\/person\/05c46cc25b42a5c27e004fb0fa6b4965"},"headline":"Ex-chefes de governo repudiam a \u201ctoler\u00e2ncia \u00e0 ditadura venezuelana\u201d do Brasil, Col\u00f4mbia e M\u00e9xico","datePublished":"2024-08-15T17:12:40+00:00","dateModified":"2024-08-15T17:13:03+00:00","mainEntityOfPage":{"@id":"https:\/\/jornalfatosenoticias.com.br\/index.php\/2024\/08\/15\/ex-chefes-de-governo-repudiam-a-tolerancia-a-ditadura-venezuelana-do-brasil-colombia-e-mexico\/"},"wordCount":568,"commentCount":0,"publisher":{"@id":"https:\/\/jornalfatosenoticias.com.br\/#organization"},"image":{"@id":"https:\/\/jornalfatosenoticias.com.br\/index.php\/2024\/08\/15\/ex-chefes-de-governo-repudiam-a-tolerancia-a-ditadura-venezuelana-do-brasil-colombia-e-mexico\/#primaryimage"},"thumbnailUrl":"https:\/\/jornalfatosenoticias.com.br\/wp-content\/uploads\/2024\/08\/Venezuela.jpg","keywords":["ditadura de Maduro","ditadura venezuelana","Nicol\u00e1s Maduro","Venezuela"],"articleSection":["Internacional"],"inLanguage":"pt-BR","potentialAction":[{"@type":"CommentAction","name":"Comment","target":["https:\/\/jornalfatosenoticias.com.br\/index.php\/2024\/08\/15\/ex-chefes-de-governo-repudiam-a-tolerancia-a-ditadura-venezuelana-do-brasil-colombia-e-mexico\/#respond"]}]},{"@type":"WebPage","@id":"https:\/\/jornalfatosenoticias.com.br\/index.php\/2024\/08\/15\/ex-chefes-de-governo-repudiam-a-tolerancia-a-ditadura-venezuelana-do-brasil-colombia-e-mexico\/","url":"https:\/\/jornalfatosenoticias.com.br\/index.php\/2024\/08\/15\/ex-chefes-de-governo-repudiam-a-tolerancia-a-ditadura-venezuelana-do-brasil-colombia-e-mexico\/","name":"Ex-chefes de governo repudiam a \u201ctoler\u00e2ncia \u00e0 ditadura venezuelana\u201d do Brasil, Col\u00f4mbia e M\u00e9xico - Jornal Fatos e Not\u00edcias","isPartOf":{"@id":"https:\/\/jornalfatosenoticias.com.br\/#website"},"primaryImageOfPage":{"@id":"https:\/\/jornalfatosenoticias.com.br\/index.php\/2024\/08\/15\/ex-chefes-de-governo-repudiam-a-tolerancia-a-ditadura-venezuelana-do-brasil-colombia-e-mexico\/#primaryimage"},"image":{"@id":"https:\/\/jornalfatosenoticias.com.br\/index.php\/2024\/08\/15\/ex-chefes-de-governo-repudiam-a-tolerancia-a-ditadura-venezuelana-do-brasil-colombia-e-mexico\/#primaryimage"},"thumbnailUrl":"https:\/\/jornalfatosenoticias.com.br\/wp-content\/uploads\/2024\/08\/Venezuela.jpg","datePublished":"2024-08-15T17:12:40+00:00","dateModified":"2024-08-15T17:13:03+00:00","breadcrumb":{"@id":"https:\/\/jornalfatosenoticias.com.br\/index.php\/2024\/08\/15\/ex-chefes-de-governo-repudiam-a-tolerancia-a-ditadura-venezuelana-do-brasil-colombia-e-mexico\/#breadcrumb"},"inLanguage":"pt-BR","potentialAction":[{"@type":"ReadAction","target":["https:\/\/jornalfatosenoticias.com.br\/index.php\/2024\/08\/15\/ex-chefes-de-governo-repudiam-a-tolerancia-a-ditadura-venezuelana-do-brasil-colombia-e-mexico\/"]}]},{"@type":"ImageObject","inLanguage":"pt-BR","@id":"https:\/\/jornalfatosenoticias.com.br\/index.php\/2024\/08\/15\/ex-chefes-de-governo-repudiam-a-tolerancia-a-ditadura-venezuelana-do-brasil-colombia-e-mexico\/#primaryimage","url":"https:\/\/jornalfatosenoticias.com.br\/wp-content\/uploads\/2024\/08\/Venezuela.jpg","contentUrl":"https:\/\/jornalfatosenoticias.com.br\/wp-content\/uploads\/2024\/08\/Venezuela.jpg","width":700,"height":447,"caption":"Ciudadanos venezolanos esperan los resultados de las elecciones en Venezuela este domingo, en Quito (Ecuador). EFE\/ Jos\u00e9 J\u00e1come"},{"@type":"BreadcrumbList","@id":"https:\/\/jornalfatosenoticias.com.br\/index.php\/2024\/08\/15\/ex-chefes-de-governo-repudiam-a-tolerancia-a-ditadura-venezuelana-do-brasil-colombia-e-mexico\/#breadcrumb","itemListElement":[{"@type":"ListItem","position":1,"name":"In\u00edcio","item":"https:\/\/jornalfatosenoticias.com.br\/"},{"@type":"ListItem","position":2,"name":"Ex-chefes de governo repudiam a \u201ctoler\u00e2ncia \u00e0 ditadura venezuelana\u201d do Brasil, Col\u00f4mbia e M\u00e9xico"}]},{"@type":"WebSite","@id":"https:\/\/jornalfatosenoticias.com.br\/#website","url":"https:\/\/jornalfatosenoticias.com.br\/","name":"Jornal Fatos e Not\u00edcias","description":"Not\u00edcias em geral","publisher":{"@id":"https:\/\/jornalfatosenoticias.com.br\/#organization"},"potentialAction":[{"@type":"SearchAction","target":{"@type":"EntryPoint","urlTemplate":"https:\/\/jornalfatosenoticias.com.br\/?s={search_term_string}"},"query-input":{"@type":"PropertyValueSpecification","valueRequired":true,"valueName":"search_term_string"}}],"inLanguage":"pt-BR"},{"@type":"Organization","@id":"https:\/\/jornalfatosenoticias.com.br\/#organization","name":"Jornal Fatos e Not\u00edcias","url":"https:\/\/jornalfatosenoticias.com.br\/","logo":{"@type":"ImageObject","inLanguage":"pt-BR","@id":"https:\/\/jornalfatosenoticias.com.br\/#\/schema\/logo\/image\/","url":"https:\/\/jornalfatosenoticias.com.br\/wp-content\/uploads\/2020\/02\/logo120.png","contentUrl":"https:\/\/jornalfatosenoticias.com.br\/wp-content\/uploads\/2020\/02\/logo120.png","width":1227,"height":120,"caption":"Jornal Fatos e Not\u00edcias"},"image":{"@id":"https:\/\/jornalfatosenoticias.com.br\/#\/schema\/logo\/image\/"}},{"@type":"Person","@id":"https:\/\/jornalfatosenoticias.com.br\/#\/schema\/person\/05c46cc25b42a5c27e004fb0fa6b4965","name":"Haroldo Filho","image":{"@type":"ImageObject","inLanguage":"pt-BR","@id":"https:\/\/jornalfatosenoticias.com.br\/#\/schema\/person\/image\/","url":"https:\/\/jornalfatosenoticias.com.br\/wp-content\/uploads\/2025\/08\/WhatsApp-Image-2025-08-18-at-15.30.28-150x150.jpeg","contentUrl":"https:\/\/jornalfatosenoticias.com.br\/wp-content\/uploads\/2025\/08\/WhatsApp-Image-2025-08-18-at-15.30.28-150x150.jpeg","caption":"Haroldo Filho"},"description":"Jornalista \u2013 DRT: 0003818\/ES Coordenador-geral da ONG Educar para Crescer","url":"https:\/\/jornalfatosenoticias.com.br\/index.php\/author\/haroldo\/"}]}},"cc_featured_image_caption":{"caption_text":"(Foto: Epoch Times Brasil\/Reprodu\u00e7\u00e3o) ","source_text":"","source_url":""},"jetpack_featured_media_url":"https:\/\/jornalfatosenoticias.com.br\/wp-content\/uploads\/2024\/08\/Venezuela.jpg","_links":{"self":[{"href":"https:\/\/jornalfatosenoticias.com.br\/index.php\/wp-json\/wp\/v2\/posts\/53502","targetHints":{"allow":["GET"]}}],"collection":[{"href":"https:\/\/jornalfatosenoticias.com.br\/index.php\/wp-json\/wp\/v2\/posts"}],"about":[{"href":"https:\/\/jornalfatosenoticias.com.br\/index.php\/wp-json\/wp\/v2\/types\/post"}],"author":[{"embeddable":true,"href":"https:\/\/jornalfatosenoticias.com.br\/index.php\/wp-json\/wp\/v2\/users\/3"}],"replies":[{"embeddable":true,"href":"https:\/\/jornalfatosenoticias.com.br\/index.php\/wp-json\/wp\/v2\/comments?post=53502"}],"version-history":[{"count":0,"href":"https:\/\/jornalfatosenoticias.com.br\/index.php\/wp-json\/wp\/v2\/posts\/53502\/revisions"}],"wp:featuredmedia":[{"embeddable":true,"href":"https:\/\/jornalfatosenoticias.com.br\/index.php\/wp-json\/wp\/v2\/media\/53503"}],"wp:attachment":[{"href":"https:\/\/jornalfatosenoticias.com.br\/index.php\/wp-json\/wp\/v2\/media?parent=53502"}],"wp:term":[{"taxonomy":"category","embeddable":true,"href":"https:\/\/jornalfatosenoticias.com.br\/index.php\/wp-json\/wp\/v2\/categories?post=53502"},{"taxonomy":"post_tag","embeddable":true,"href":"https:\/\/jornalfatosenoticias.com.br\/index.php\/wp-json\/wp\/v2\/tags?post=53502"}],"curies":[{"name":"wp","href":"https:\/\/api.w.org\/{rel}","templated":true}]}}