{"id":53523,"date":"2024-08-15T15:31:22","date_gmt":"2024-08-15T18:31:22","guid":{"rendered":"https:\/\/jornalfatosenoticias.com.br\/?p=53523"},"modified":"2024-08-15T15:31:24","modified_gmt":"2024-08-15T18:31:24","slug":"a-semana-no-brasil-e-no-mundo-moraesgate-mensagens-revelam-irritacao-do-magistrado-com-demora-na-producao-de-relatorios-do-tse-contra-bolsonaristas","status":"publish","type":"post","link":"https:\/\/jornalfatosenoticias.com.br\/index.php\/2024\/08\/15\/a-semana-no-brasil-e-no-mundo-moraesgate-mensagens-revelam-irritacao-do-magistrado-com-demora-na-producao-de-relatorios-do-tse-contra-bolsonaristas\/","title":{"rendered":"A Semana no Brasil e no Mundo \u2014 Moraesgate? Mensagens revelam irrita\u00e7\u00e3o do magistrado com demora na produ\u00e7\u00e3o de relat\u00f3rios do TSE contra bolsonaristas"},"content":{"rendered":"\n<div class=\"wp-block-image\"><figure class=\"aligncenter size-large is-resized\"><a href=\"https:\/\/www.facebook.com\/vetor.vix\/\"><img loading=\"lazy\" decoding=\"async\" src=\"https:\/\/jornalfatosenoticias.com.br\/wp-content\/uploads\/2023\/09\/vetorvix1024_1.jpg\" alt=\"\" class=\"wp-image-44868\" width=\"528\" height=\"140\" srcset=\"https:\/\/jornalfatosenoticias.com.br\/wp-content\/uploads\/2023\/09\/vetorvix1024_1.jpg 1024w, https:\/\/jornalfatosenoticias.com.br\/wp-content\/uploads\/2023\/09\/vetorvix1024_1-300x80.jpg 300w, https:\/\/jornalfatosenoticias.com.br\/wp-content\/uploads\/2023\/09\/vetorvix1024_1-768x205.jpg 768w\" sizes=\"auto, (max-width: 528px) 100vw, 528px\" \/><\/a><\/figure><\/div>\n\n\n\n<p>Mensagens obtidas pelo Folha de S. Paulo revelam a crescente irrita\u00e7\u00e3o do ministro Alexandre de Moraes, do Supremo Tribunal Federal (STF), com a demora na produ\u00e7\u00e3o de relat\u00f3rios pela Justi\u00e7a Eleitoral, usados para embasar decis\u00f5es no inqu\u00e9rito das fake news. Com mais de seis gigabytes de conte\u00fado trocado via WhatsApp entre assessores de Moraes, as conversas mostram como o ministro pressionava por respostas r\u00e1pidas e se mostrava insatisfeito com a lentid\u00e3o no atendimento de suas ordens.<br>O foco das mensagens era a comunica\u00e7\u00e3o entre o juiz instrutor Airton Vieira, principal assessor de Moraes no STF, e Eduardo Tagliaferro, ent\u00e3o chefe da Assessoria Especial de Enfrentamento \u00e0 Desinforma\u00e7\u00e3o (AEED) do TSE. Em diversas ocasi\u00f5es, Moraes demonstrou impaci\u00eancia com a falta de celeridade, como quando, em 28 de dezembro de 2022, Vieira transmitiu a frustra\u00e7\u00e3o do ministro em uma mensagem: \u201cvoc\u00eas querem que eu fa\u00e7a o laudo?\u201d. A fala refletia o crescente desconforto de Moraes com a situa\u00e7\u00e3o, especialmente em um per\u00edodo em que n\u00e3o havia sess\u00f5es no STF, o que aumentava sua aten\u00e7\u00e3o aos detalhes dos inqu\u00e9ritos.<\/p>\n\n\n\n<div class=\"wp-block-image\"><figure class=\"aligncenter size-large\"><a href=\"https:\/\/www.facebook.com\/Esteio-Churrascaria-Barbecue-103643461220402\/\"><img decoding=\"async\" src=\"https:\/\/jornalfatosenoticias.com.br\/wp-content\/uploads\/2020\/02\/logo_esteio.jpg\" alt=\"\" class=\"wp-image-1214\"\/><\/a><\/figure><\/div>\n\n\n\n<p>A press\u00e3o de Moraes era t\u00e3o intensa que, mesmo ap\u00f3s receber uma vers\u00e3o inicial do relat\u00f3rio sobre postagens de Rodrigo Constantino, o ministro insistiu em mais altera\u00e7\u00f5es. Vieira, refletindo essa urg\u00eancia, comentou: \u201cele cismou. Quando ele cisma, \u00e9 uma trag\u00e9dia\u201d. Mesmo Tagliaferro, respons\u00e1vel por atender aos pedidos, reconheceu a sufici\u00eancia do relat\u00f3rio inicial, mas foi obrigado a ceder \u00e0s exig\u00eancias do ministro para evitar maiores contratempos.<\/p>\n\n\n\n<div class=\"wp-block-image\"><figure class=\"aligncenter size-large is-resized\"><a href=\"https:\/\/www.ithbrasil.com.br\/\"><img loading=\"lazy\" decoding=\"async\" src=\"https:\/\/jornalfatosenoticias.com.br\/wp-content\/uploads\/2023\/08\/ITH.jpeg\" alt=\"\" class=\"wp-image-44638\" width=\"316\" height=\"257\" srcset=\"https:\/\/jornalfatosenoticias.com.br\/wp-content\/uploads\/2023\/08\/ITH.jpeg 800w, https:\/\/jornalfatosenoticias.com.br\/wp-content\/uploads\/2023\/08\/ITH-300x244.jpeg 300w, https:\/\/jornalfatosenoticias.com.br\/wp-content\/uploads\/2023\/08\/ITH-768x624.jpeg 768w\" sizes=\"auto, (max-width: 316px) 100vw, 316px\" \/><\/a><\/figure><\/div>\n\n\n\n<p>A situa\u00e7\u00e3o culminou em 1\u00ba de janeiro de 2023, quando Vieira enviou a Tagliaferro c\u00f3pias de duas decis\u00f5es sigilosas de Moraes, que haviam sido produzidas com base nos relat\u00f3rios obtidos sob press\u00e3o. Nas decis\u00f5es, que n\u00e3o mencionavam a informalidade do processo, Moraes ordenou a quebra de sigilo banc\u00e1rio e o bloqueio de redes sociais de bolsonaristas, demonstrando a import\u00e2ncia que atribu\u00eda ao cumprimento imediato de suas demandas.<\/p>\n\n\n\n<div class=\"wp-block-image\"><figure class=\"aligncenter size-large is-resized\"><a href=\"https:\/\/hotelmarquetti.com.br\/\"><img loading=\"lazy\" decoding=\"async\" src=\"https:\/\/jornalfatosenoticias.com.br\/wp-content\/uploads\/2023\/03\/nova-logo-Marquetti.jpg\" alt=\"\" class=\"wp-image-40207\" width=\"358\" height=\"240\" srcset=\"https:\/\/jornalfatosenoticias.com.br\/wp-content\/uploads\/2023\/03\/nova-logo-Marquetti.jpg 643w, https:\/\/jornalfatosenoticias.com.br\/wp-content\/uploads\/2023\/03\/nova-logo-Marquetti-300x202.jpg 300w\" sizes=\"auto, (max-width: 358px) 100vw, 358px\" \/><\/a><\/figure><\/div>\n\n\n\n<p>Essas mensagens ilustram a tens\u00e3o nos bastidores do STF e a impaci\u00eancia de Moraes com a lentid\u00e3o nos procedimentos, especialmente em um inqu\u00e9rito t\u00e3o sens\u00edvel e politicamente carregado como o das fake news. <strong>(Fonte: Hora Bras\u00edlia)<\/strong><\/p>\n\n\n\n<div class=\"wp-block-image\"><figure class=\"aligncenter size-large is-resized\"><img loading=\"lazy\" decoding=\"async\" src=\"https:\/\/jornalfatosenoticias.com.br\/wp-content\/uploads\/2022\/02\/Precisao-Contabilidade-1024x724.jpg\" alt=\"\" class=\"wp-image-28088\" width=\"379\" height=\"268\"\/><\/figure><\/div>\n\n\n\n<hr class=\"wp-block-separator\"\/>\n\n\n\n<h3 class=\"wp-block-heading\"><span class=\"has-inline-color has-black-color\">Alexandre de Moraes teria direcionado investiga\u00e7\u00f5es do TSE com foco em Eduardo Bolsonaro, revela reportagem da Folha<\/span><\/h3>\n\n\n\n<div class=\"wp-block-image\"><figure class=\"aligncenter size-large\"><img loading=\"lazy\" decoding=\"async\" width=\"800\" height=\"500\" src=\"https:\/\/jornalfatosenoticias.com.br\/wp-content\/uploads\/2024\/08\/eduardo-bolsonaro.jpg\" alt=\"\" class=\"wp-image-53529\" srcset=\"https:\/\/jornalfatosenoticias.com.br\/wp-content\/uploads\/2024\/08\/eduardo-bolsonaro.jpg 800w, https:\/\/jornalfatosenoticias.com.br\/wp-content\/uploads\/2024\/08\/eduardo-bolsonaro-300x188.jpg 300w, https:\/\/jornalfatosenoticias.com.br\/wp-content\/uploads\/2024\/08\/eduardo-bolsonaro-768x480.jpg 768w, https:\/\/jornalfatosenoticias.com.br\/wp-content\/uploads\/2024\/08\/eduardo-bolsonaro-350x220.jpg 350w\" sizes=\"auto, (max-width: 800px) 100vw, 800px\" \/><figcaption><span class=\"has-inline-color has-black-color\"><em>(Foto: Ag\u00eancia C\u00e2mara)<\/em><\/span><\/figcaption><\/figure><\/div>\n\n\n\n<p>A Folha de S. Paulo publicou uma reportagem que traz \u00e0 tona alega\u00e7\u00f5es de que o gabinete do ministro do Supremo Tribunal Federal (STF), Alexandre de Moraes, estaria \u201cescolhendo\u201d pessoas para serem investigadas pelo setor de combate \u00e0 desinforma\u00e7\u00e3o do Tribunal Superior Eleitoral (TSE). Na \u00e9poca, o ministro tamb\u00e9m era respons\u00e1vel por esse setor.<\/p>\n\n\n\n<div class=\"wp-block-image\"><figure class=\"aligncenter size-large is-resized\"><a href=\"https:\/\/www.instagram.com\/restaurantepegoretti\/\"><img loading=\"lazy\" decoding=\"async\" src=\"https:\/\/jornalfatosenoticias.com.br\/wp-content\/uploads\/2023\/12\/pegoretti-logo-pdf-1024x389.jpg\" alt=\"\" class=\"wp-image-47536\" width=\"488\" height=\"185\" srcset=\"https:\/\/jornalfatosenoticias.com.br\/wp-content\/uploads\/2023\/12\/pegoretti-logo-pdf-1024x389.jpg 1024w, https:\/\/jornalfatosenoticias.com.br\/wp-content\/uploads\/2023\/12\/pegoretti-logo-pdf-300x114.jpg 300w, https:\/\/jornalfatosenoticias.com.br\/wp-content\/uploads\/2023\/12\/pegoretti-logo-pdf-768x291.jpg 768w, https:\/\/jornalfatosenoticias.com.br\/wp-content\/uploads\/2023\/12\/pegoretti-logo-pdf.jpg 1120w\" sizes=\"auto, (max-width: 488px) 100vw, 488px\" \/><\/a><\/figure><\/div>\n\n\n\n<p>Segundo o jornal, mensagens trocadas entre tr\u00eas ex-assessores de Moraes revelam que os relat\u00f3rios eram frequentemente ajustados para atender \u00e0s necessidades do STF. Em alguns casos, esses documentos eram elaborados para justificar a\u00e7\u00f5es j\u00e1 definidas previamente, como multas e bloqueios de contas e redes sociais.<\/p>\n\n\n\n<div class=\"wp-block-image\"><figure class=\"aligncenter size-large is-resized\"><a href=\"https:\/\/panper.com.br\/\"><img loading=\"lazy\" decoding=\"async\" src=\"https:\/\/jornalfatosenoticias.com.br\/wp-content\/uploads\/2023\/03\/logo-Panper_portal.jpg\" alt=\"\" class=\"wp-image-40208\" width=\"364\" height=\"252\" srcset=\"https:\/\/jornalfatosenoticias.com.br\/wp-content\/uploads\/2023\/03\/logo-Panper_portal.jpg 400w, https:\/\/jornalfatosenoticias.com.br\/wp-content\/uploads\/2023\/03\/logo-Panper_portal-300x208.jpg 300w\" sizes=\"auto, (max-width: 364px) 100vw, 364px\" \/><\/a><\/figure><\/div>\n\n\n\n<p>A reportagem baseia-se em mais de seis gigabytes de mensagens e arquivos trocados via WhatsApp entre agosto de 2022 e maio de 2023, indicando que o setor do TSE atuou como um \u201cbra\u00e7o investigativo\u201d do gabinete de Moraes. O jornal tamb\u00e9m aponta para a exist\u00eancia de um \u201cfluxo fora do rito\u201d entre os dois tribunais.<\/p>\n\n\n\n<div class=\"wp-block-image\"><figure class=\"aligncenter size-large is-resized\"><a href=\"https:\/\/www.controlsystems.com.br\/\"><img loading=\"lazy\" decoding=\"async\" src=\"https:\/\/jornalfatosenoticias.com.br\/wp-content\/uploads\/2020\/02\/CONTROL-CS.jpg\" alt=\"\" class=\"wp-image-44991\" width=\"315\" height=\"378\" srcset=\"https:\/\/jornalfatosenoticias.com.br\/wp-content\/uploads\/2020\/02\/CONTROL-CS.jpg 834w, https:\/\/jornalfatosenoticias.com.br\/wp-content\/uploads\/2020\/02\/CONTROL-CS-250x300.jpg 250w, https:\/\/jornalfatosenoticias.com.br\/wp-content\/uploads\/2020\/02\/CONTROL-CS-768x921.jpg 768w\" sizes=\"auto, (max-width: 315px) 100vw, 315px\" \/><\/a><\/figure><\/div>\n\n\n\n<p>O jornal destaca que o acesso aos dados foi obtido por fontes que n\u00e3o recorreram a intercepta\u00e7\u00f5es ilegais ou hackers. Entre as mensagens, destaca-se um pedido do juiz instrutor Airton Vieira, do gabinete de Moraes, para desmonetizar a revista Oeste, por sua posi\u00e7\u00e3o cr\u00edtica ao governo Lula. Vieira escreveu: \u201cvamos levantar todas essas revistas golpistas para desmonetizar nas redes\u201d, \u00e0s 18h11 daquele dia, conforme relatado pelo jornal. Ele teria solicitado a Tagliaferro, ent\u00e3o chefe da Assessoria Especial de Enfrentamento \u00e0 Desinforma\u00e7\u00e3o, que \u201cusasse a criatividade\u201d ao elaborar um relat\u00f3rio sobre a revista.<\/p>\n\n\n\n<div class=\"wp-block-image\"><figure class=\"aligncenter size-large is-resized\"><a href=\"https:\/\/www.facebook.com\/vetor.vix\/\"><img loading=\"lazy\" decoding=\"async\" src=\"https:\/\/jornalfatosenoticias.com.br\/wp-content\/uploads\/2023\/09\/vetorvix1024_1.jpg\" alt=\"\" class=\"wp-image-44868\" width=\"546\" height=\"145\" srcset=\"https:\/\/jornalfatosenoticias.com.br\/wp-content\/uploads\/2023\/09\/vetorvix1024_1.jpg 1024w, https:\/\/jornalfatosenoticias.com.br\/wp-content\/uploads\/2023\/09\/vetorvix1024_1-300x80.jpg 300w, https:\/\/jornalfatosenoticias.com.br\/wp-content\/uploads\/2023\/09\/vetorvix1024_1-768x205.jpg 768w\" sizes=\"auto, (max-width: 546px) 100vw, 546px\" \/><\/a><\/figure><\/div>\n\n\n\n<p>Al\u00e9m disso, o deputado federal Eduardo Bolsonaro tamb\u00e9m foi um dos alvos identificados, conforme mensagens trocadas em novembro de 2022 entre Marco Ant\u00f4nio Vargas e Tagliaferro. Os di\u00e1logos mostram tentativas de associar Eduardo Bolsonaro ao argentino Fernando Cerimedo, que havia divulgado teorias conspirat\u00f3rias sobre a elei\u00e7\u00e3o. O relat\u00f3rio final, elaborado por Tagliaferro, sugeria uma longa rela\u00e7\u00e3o entre Bolsonaro e Cerimedo, buscando justificar a\u00e7\u00f5es contra ambos. <strong>(Fonte: Hora Bras\u00edlia)<\/strong><\/p>\n\n\n\n<div class=\"wp-block-image\"><figure class=\"aligncenter size-large\"><a href=\"https:\/\/cesconetto.com.br\/\"><img loading=\"lazy\" decoding=\"async\" width=\"300\" height=\"250\" src=\"https:\/\/jornalfatosenoticias.com.br\/wp-content\/uploads\/2022\/02\/Banner-2.png\" alt=\"\" class=\"wp-image-27877\"\/><\/a><\/figure><\/div>\n\n\n\n<hr class=\"wp-block-separator\"\/>\n\n\n\n<h3 class=\"wp-block-heading\"><span class=\"has-inline-color has-black-color\">Trump alerta para o risco iminente de uma terceira guerra mundial<\/span><\/h3>\n\n\n\n<div class=\"wp-block-image\"><figure class=\"aligncenter size-large\"><img loading=\"lazy\" decoding=\"async\" width=\"612\" height=\"408\" src=\"https:\/\/jornalfatosenoticias.com.br\/wp-content\/uploads\/2024\/08\/Trump-guerra-mundial_gettyimages.jpg\" alt=\"\" class=\"wp-image-53528\" srcset=\"https:\/\/jornalfatosenoticias.com.br\/wp-content\/uploads\/2024\/08\/Trump-guerra-mundial_gettyimages.jpg 612w, https:\/\/jornalfatosenoticias.com.br\/wp-content\/uploads\/2024\/08\/Trump-guerra-mundial_gettyimages-300x200.jpg 300w\" sizes=\"auto, (max-width: 612px) 100vw, 612px\" \/><figcaption><span class=\"has-inline-color has-black-color\"><em>(Foto: Getty Images)<\/em><\/span><\/figcaption><\/figure><\/div>\n\n\n\n<p>A coletiva de Donald Trump na Fl\u00f3rida, marcou sua primeira apari\u00e7\u00e3o p\u00fablica desde que a vice-presidente e candidata democrata Kamala Harris escolheu o governador de Minnesota, Tim Walz, como seu candidato a vice-presidente. Durante o evento, Trump fez uma s\u00e9rie de declara\u00e7\u00f5es pol\u00eamicas que repercutiram intensamente.<\/p>\n\n\n\n<div class=\"wp-block-image\"><figure class=\"aligncenter size-large\"><a href=\"https:\/\/www.facebook.com\/Esteio-Churrascaria-Barbecue-103643461220402\/\"><img decoding=\"async\" src=\"https:\/\/jornalfatosenoticias.com.br\/wp-content\/uploads\/2020\/02\/logo_esteio.jpg\" alt=\"\" class=\"wp-image-1214\"\/><\/a><\/figure><\/div>\n\n\n\n<p>No in\u00edcio de sua fala, Trump expressou sua preocupa\u00e7\u00e3o com a atual situa\u00e7\u00e3o global, afirmando: <em>\u201cna minha opini\u00e3o, estamos muito perto de uma guerra mundial. As pessoas no comando n\u00e3o fazem ideia do que est\u00e3o fazendo. R\u00fassia n\u00e3o nos respeita mais, China tamb\u00e9m n\u00e3o, Coreia do Norte n\u00e3o nos respeita. Estamos em um est\u00e1gio muito perigoso para a 3\u00aa Guerra Mundial, isso pode acontecer\u201d.<\/em><\/p>\n\n\n\n<div class=\"wp-block-image\"><figure class=\"aligncenter size-large is-resized\"><a href=\"https:\/\/www.facebook.com\/postobkr\/?locale=pt_BR\"><img loading=\"lazy\" decoding=\"async\" src=\"https:\/\/jornalfatosenoticias.com.br\/wp-content\/uploads\/2023\/08\/BKR-1024x1021.jpg\" alt=\"\" class=\"wp-image-44494\" width=\"338\" height=\"337\" srcset=\"https:\/\/jornalfatosenoticias.com.br\/wp-content\/uploads\/2023\/08\/BKR-1024x1021.jpg 1024w, https:\/\/jornalfatosenoticias.com.br\/wp-content\/uploads\/2023\/08\/BKR-300x300.jpg 300w, https:\/\/jornalfatosenoticias.com.br\/wp-content\/uploads\/2023\/08\/BKR-150x150.jpg 150w, https:\/\/jornalfatosenoticias.com.br\/wp-content\/uploads\/2023\/08\/BKR-768x766.jpg 768w, https:\/\/jornalfatosenoticias.com.br\/wp-content\/uploads\/2023\/08\/BKR.jpg 1080w\" sizes=\"auto, (max-width: 338px) 100vw, 338px\" \/><\/a><\/figure><\/div>\n\n\n\n<p>Trump tamb\u00e9m fez duras cr\u00edticas a Kamala Harris e Tim Walz, referindo-se a eles como \u201cradicais da extrema-esquerda\u201d. Ele afirmou que Kamala Harris \u00e9 \u201ca pior vice-presidente da hist\u00f3ria dos EUA\u201d e que Tim Walz desencadearia \u201co inferno na terra\u201d se fosse eleito. Segundo Trump: \u201cTim Walz seria o pior vice-presidente da hist\u00f3ria! Ainda pior que a perigosa liberal e corrupta Kamala Harris\u201d. <strong>(Fonte: Terra Brasil Not\u00edcias)<\/strong><\/p>\n\n\n\n<div class=\"wp-block-image\"><figure class=\"aligncenter size-large is-resized\"><a href=\"https:\/\/www.instagram.com\/vmais.midias\/\"><img loading=\"lazy\" decoding=\"async\" src=\"https:\/\/jornalfatosenoticias.com.br\/wp-content\/uploads\/2020\/02\/DE-MAIS-DESTAQUE-VMAIS-800X700.png\" alt=\"\" class=\"wp-image-53112\" width=\"336\" height=\"293\" srcset=\"https:\/\/jornalfatosenoticias.com.br\/wp-content\/uploads\/2020\/02\/DE-MAIS-DESTAQUE-VMAIS-800X700.png 800w, https:\/\/jornalfatosenoticias.com.br\/wp-content\/uploads\/2020\/02\/DE-MAIS-DESTAQUE-VMAIS-800X700-300x263.png 300w, https:\/\/jornalfatosenoticias.com.br\/wp-content\/uploads\/2020\/02\/DE-MAIS-DESTAQUE-VMAIS-800X700-768x672.png 768w\" sizes=\"auto, (max-width: 336px) 100vw, 336px\" \/><\/a><\/figure><\/div>\n\n\n\n<hr class=\"wp-block-separator\"\/>\n\n\n\n<h3 class=\"wp-block-heading\"><span class=\"has-inline-color has-black-color\">Levantamento mostra que Lula foi quem mais fechou leitos de UTI<\/span><\/h3>\n\n\n\n<div class=\"wp-block-image\"><figure class=\"aligncenter size-large\"><img loading=\"lazy\" decoding=\"async\" width=\"612\" height=\"408\" src=\"https:\/\/jornalfatosenoticias.com.br\/wp-content\/uploads\/2024\/08\/nine-fechamento-de-leitos_gettyimages.jpg\" alt=\"\" class=\"wp-image-53527\" srcset=\"https:\/\/jornalfatosenoticias.com.br\/wp-content\/uploads\/2024\/08\/nine-fechamento-de-leitos_gettyimages.jpg 612w, https:\/\/jornalfatosenoticias.com.br\/wp-content\/uploads\/2024\/08\/nine-fechamento-de-leitos_gettyimages-300x200.jpg 300w\" sizes=\"auto, (max-width: 612px) 100vw, 612px\" \/><figcaption><em><span class=\"has-inline-color has-black-color\">(Foto: Getty Images)<\/span><\/em><\/figcaption><\/figure><\/div>\n\n\n\n<p>O Instituto Teot\u00f4nio Vilela (ITV), ligado ao PSDB, divulgou dados alarmantes sobre o fechamento de leitos hospitalares no Brasil. Segundo o levantamento, entre outubro de 2005 e maio de 2024, o pa\u00eds perdeu 41.914 leitos do Sistema \u00danico de Sa\u00fade (SUS). Esses dados prov\u00eam do Departamento de Inform\u00e1tica do Sistema \u00danico de Sa\u00fade (DataSUS).<\/p>\n\n\n\n<div class=\"wp-block-image\"><figure class=\"aligncenter size-large\"><a href=\"https:\/\/www.facebook.com\/Esteio-Churrascaria-Barbecue-103643461220402\/\"><img decoding=\"async\" src=\"https:\/\/jornalfatosenoticias.com.br\/wp-content\/uploads\/2020\/02\/logo_esteio.jpg\" alt=\"\" class=\"wp-image-1214\"\/><\/a><\/figure><\/div>\n\n\n\n<p>O estudo detalha a redu\u00e7\u00e3o no n\u00famero de leitos hospitalares por governantes, destacando que a maior queda ocorreu durante o segundo mandato de Luiz In\u00e1cio Lula da Silva (PT), de 2006 a 2010, quando 18.441 leitos foram fechados. Esses n\u00fameros representam uma m\u00e9dia de 6,3 leitos fechados por dia, ao longo de 18 anos.<\/p>\n\n\n\n<div class=\"wp-block-image\"><figure class=\"aligncenter size-large is-resized\"><a href=\"https:\/\/www.ithbrasil.com.br\/\"><img loading=\"lazy\" decoding=\"async\" src=\"https:\/\/jornalfatosenoticias.com.br\/wp-content\/uploads\/2023\/08\/ITH.jpeg\" alt=\"\" class=\"wp-image-44638\" width=\"290\" height=\"236\" srcset=\"https:\/\/jornalfatosenoticias.com.br\/wp-content\/uploads\/2023\/08\/ITH.jpeg 800w, https:\/\/jornalfatosenoticias.com.br\/wp-content\/uploads\/2023\/08\/ITH-300x244.jpeg 300w, https:\/\/jornalfatosenoticias.com.br\/wp-content\/uploads\/2023\/08\/ITH-768x624.jpeg 768w\" sizes=\"auto, (max-width: 290px) 100vw, 290px\" \/><\/a><\/figure><\/div>\n\n\n\n<p>Segundo o documento \u201cFarol da Oposi\u00e7\u00e3o\u201d do ITV, a oferta de servi\u00e7os de sa\u00fade para a popula\u00e7\u00e3o diminuiu significativamente, mesmo com o aumento das verbas destinadas \u00e0 sa\u00fade. O Instituto argumenta que, embora as vincula\u00e7\u00f5es or\u00e7ament\u00e1rias colaborem para o aumento dos recursos, a situa\u00e7\u00e3o dos leitos de interna\u00e7\u00e3o do SUS continua decadente.<\/p>\n\n\n\n<div class=\"wp-block-image\"><figure class=\"aligncenter size-large is-resized\"><a href=\"https:\/\/www.instagram.com\/rapuzeljastro\/\"><img loading=\"lazy\" decoding=\"async\" src=\"https:\/\/jornalfatosenoticias.com.br\/wp-content\/uploads\/2020\/02\/logo-Rapuzel-1024x571.jpg\" alt=\"\" class=\"wp-image-42808\" width=\"404\" height=\"225\" srcset=\"https:\/\/jornalfatosenoticias.com.br\/wp-content\/uploads\/2020\/02\/logo-Rapuzel-1024x571.jpg 1024w, https:\/\/jornalfatosenoticias.com.br\/wp-content\/uploads\/2020\/02\/logo-Rapuzel-300x167.jpg 300w, https:\/\/jornalfatosenoticias.com.br\/wp-content\/uploads\/2020\/02\/logo-Rapuzel-768x428.jpg 768w, https:\/\/jornalfatosenoticias.com.br\/wp-content\/uploads\/2020\/02\/logo-Rapuzel-1536x856.jpg 1536w, https:\/\/jornalfatosenoticias.com.br\/wp-content\/uploads\/2020\/02\/logo-Rapuzel.jpg 1600w\" sizes=\"auto, (max-width: 404px) 100vw, 404px\" \/><\/a><\/figure><\/div>\n\n\n\n<p>Durante o governo de Jair Bolsonaro (PL), a tend\u00eancia de queda se manteve at\u00e9 2020, quando, em raz\u00e3o da pandemia de covid-19, foram abertos 23 mil leitos em apenas cinco meses. O estudo sugere que a redu\u00e7\u00e3o na oferta de leitos coincide com a diminui\u00e7\u00e3o da participa\u00e7\u00e3o do governo federal no financiamento da sa\u00fade, um fen\u00f4meno que se acelerou durante as gest\u00f5es petistas. <strong>(Fonte: Terra Brasil Not\u00edcias)<\/strong><\/p>\n\n\n\n<div class=\"wp-block-image\"><figure class=\"aligncenter size-large is-resized\"><a href=\"https:\/\/www.instagram.com\/restaurantepegoretti\/\"><img loading=\"lazy\" decoding=\"async\" src=\"https:\/\/jornalfatosenoticias.com.br\/wp-content\/uploads\/2023\/12\/pegoretti-logo-pdf-1024x389.jpg\" alt=\"\" class=\"wp-image-47536\" width=\"467\" height=\"177\" srcset=\"https:\/\/jornalfatosenoticias.com.br\/wp-content\/uploads\/2023\/12\/pegoretti-logo-pdf-1024x389.jpg 1024w, https:\/\/jornalfatosenoticias.com.br\/wp-content\/uploads\/2023\/12\/pegoretti-logo-pdf-300x114.jpg 300w, https:\/\/jornalfatosenoticias.com.br\/wp-content\/uploads\/2023\/12\/pegoretti-logo-pdf-768x291.jpg 768w, https:\/\/jornalfatosenoticias.com.br\/wp-content\/uploads\/2023\/12\/pegoretti-logo-pdf.jpg 1120w\" sizes=\"auto, (max-width: 467px) 100vw, 467px\" \/><\/a><\/figure><\/div>\n\n\n\n<hr class=\"wp-block-separator\"\/>\n\n\n\n<h3 class=\"wp-block-heading\"><span class=\"has-inline-color has-black-color\">PF apreende celular de filha adolescente de Eust\u00e1quio por ordem de Moraes<\/span><\/h3>\n\n\n\n<div class=\"wp-block-image\"><figure class=\"aligncenter size-large\"><img loading=\"lazy\" decoding=\"async\" width=\"612\" height=\"407\" src=\"https:\/\/jornalfatosenoticias.com.br\/wp-content\/uploads\/2024\/08\/xandao-cabeca-de-ovo_gettyimages.jpg\" alt=\"\" class=\"wp-image-53526\" srcset=\"https:\/\/jornalfatosenoticias.com.br\/wp-content\/uploads\/2024\/08\/xandao-cabeca-de-ovo_gettyimages.jpg 612w, https:\/\/jornalfatosenoticias.com.br\/wp-content\/uploads\/2024\/08\/xandao-cabeca-de-ovo_gettyimages-300x200.jpg 300w\" sizes=\"auto, (max-width: 612px) 100vw, 612px\" \/><figcaption><em><span class=\"has-inline-color has-black-color\">(Foto: Getty Images)<\/span><\/em><\/figcaption><\/figure><\/div>\n\n\n\n<p>Na manh\u00e3 desta quarta-feira (14), a Pol\u00edcia Federal realizou uma opera\u00e7\u00e3o na casa de Mariana, filha de 16 anos do jornalista Oswaldo Eust\u00e1quio. A a\u00e7\u00e3o aconteceu no Lago Sul, em Bras\u00edlia, e foi conduzida com uso de viaturas descaracterizadas, seguindo determina\u00e7\u00e3o do ministro do Supremo Tribunal Federal (STF), Alexandre de Moraes.<\/p>\n\n\n\n<div class=\"wp-block-image\"><figure class=\"aligncenter size-large is-resized\"><a href=\"https:\/\/panper.com.br\/\"><img loading=\"lazy\" decoding=\"async\" src=\"https:\/\/jornalfatosenoticias.com.br\/wp-content\/uploads\/2023\/03\/logo-Panper_portal.jpg\" alt=\"\" class=\"wp-image-40208\" width=\"355\" height=\"246\" srcset=\"https:\/\/jornalfatosenoticias.com.br\/wp-content\/uploads\/2023\/03\/logo-Panper_portal.jpg 400w, https:\/\/jornalfatosenoticias.com.br\/wp-content\/uploads\/2023\/03\/logo-Panper_portal-300x208.jpg 300w\" sizes=\"auto, (max-width: 355px) 100vw, 355px\" \/><\/a><\/figure><\/div>\n\n\n\n<p>Segundo informa\u00e7\u00f5es do Metr\u00f3poles, o mandado de busca e apreens\u00e3o expedido por Moraes inclu\u00eda n\u00e3o apenas o celular da adolescente, mas tamb\u00e9m armas, muni\u00e7\u00f5es, computadores, tablets e qualquer outro dispositivo eletr\u00f4nico encontrado na resid\u00eancia. O ministro enfatizou a necessidade de evitar exposi\u00e7\u00e3o midi\u00e1tica e a discri\u00e7\u00e3o na execu\u00e7\u00e3o da ordem, detalhando no mandado que a opera\u00e7\u00e3o deveria ser conduzida com a menor ostensividade poss\u00edvel.<\/p>\n\n\n\n<div class=\"wp-block-image\"><figure class=\"aligncenter size-large is-resized\"><a href=\"https:\/\/www.facebook.com\/vetor.vix\/\"><img loading=\"lazy\" decoding=\"async\" src=\"https:\/\/jornalfatosenoticias.com.br\/wp-content\/uploads\/2023\/09\/vetorvix1024_1.jpg\" alt=\"\" class=\"wp-image-44868\" width=\"546\" height=\"145\" srcset=\"https:\/\/jornalfatosenoticias.com.br\/wp-content\/uploads\/2023\/09\/vetorvix1024_1.jpg 1024w, https:\/\/jornalfatosenoticias.com.br\/wp-content\/uploads\/2023\/09\/vetorvix1024_1-300x80.jpg 300w, https:\/\/jornalfatosenoticias.com.br\/wp-content\/uploads\/2023\/09\/vetorvix1024_1-768x205.jpg 768w\" sizes=\"auto, (max-width: 546px) 100vw, 546px\" \/><\/a><\/figure><\/div>\n\n\n\n<p>Moraes justificou a expedi\u00e7\u00e3o do mandado argumentando que os dispositivos eletr\u00f4nicos de Mariana poderiam conter informa\u00e7\u00f5es relevantes para as investiga\u00e7\u00f5es. O jornalista Oswaldo Eust\u00e1quio, foragido da Justi\u00e7a brasileira desde 2022, est\u00e1 atualmente na Espanha aguardando an\u00e1lise de um pedido de prote\u00e7\u00e3o internacional. A investiga\u00e7\u00e3o tem como foco os atos de 8 de janeiro que motivaram a fuga de Eust\u00e1quio para o exterior.<\/p>\n\n\n\n<div class=\"wp-block-image\"><figure class=\"aligncenter size-large is-resized\"><a href=\"https:\/\/www.facebook.com\/postobkr\/?locale=pt_BR\"><img loading=\"lazy\" decoding=\"async\" src=\"https:\/\/jornalfatosenoticias.com.br\/wp-content\/uploads\/2023\/08\/BKR-1024x1021.jpg\" alt=\"\" class=\"wp-image-44494\" width=\"340\" height=\"339\" srcset=\"https:\/\/jornalfatosenoticias.com.br\/wp-content\/uploads\/2023\/08\/BKR-1024x1021.jpg 1024w, https:\/\/jornalfatosenoticias.com.br\/wp-content\/uploads\/2023\/08\/BKR-300x300.jpg 300w, https:\/\/jornalfatosenoticias.com.br\/wp-content\/uploads\/2023\/08\/BKR-150x150.jpg 150w, https:\/\/jornalfatosenoticias.com.br\/wp-content\/uploads\/2023\/08\/BKR-768x766.jpg 768w, https:\/\/jornalfatosenoticias.com.br\/wp-content\/uploads\/2023\/08\/BKR.jpg 1080w\" sizes=\"auto, (max-width: 340px) 100vw, 340px\" \/><\/a><\/figure><\/div>\n\n\n\n<p>Al\u00e9m da apreens\u00e3o dos dispositivos eletr\u00f4nicos, Moraes incluiu a possibilidade de reten\u00e7\u00e3o de armas, muni\u00e7\u00f5es e qualquer quantia de dinheiro ou bens de alto valor encontrados na resid\u00eancia. A opera\u00e7\u00e3o tamb\u00e9m contou com apoio do Conselho Tutelar, devido ao envolvimento de uma menor de idade. <strong>(Fonte: Terra Brasil Not\u00edcias)<\/strong><\/p>\n\n\n\n<div class=\"wp-block-image\"><figure class=\"aligncenter size-large is-resized\"><a href=\"https:\/\/hotelmarquetti.com.br\/\"><img loading=\"lazy\" decoding=\"async\" src=\"https:\/\/jornalfatosenoticias.com.br\/wp-content\/uploads\/2023\/03\/nova-logo-Marquetti.jpg\" alt=\"\" class=\"wp-image-40207\" width=\"334\" height=\"224\" srcset=\"https:\/\/jornalfatosenoticias.com.br\/wp-content\/uploads\/2023\/03\/nova-logo-Marquetti.jpg 643w, https:\/\/jornalfatosenoticias.com.br\/wp-content\/uploads\/2023\/03\/nova-logo-Marquetti-300x202.jpg 300w\" sizes=\"auto, (max-width: 334px) 100vw, 334px\" \/><\/a><\/figure><\/div>\n\n\n\n<hr class=\"wp-block-separator\"\/>\n\n\n\n<h3 class=\"wp-block-heading\"><span class=\"has-inline-color has-black-color\">Regime de Maduro espionou ilegalmente equipe da ONU na Venezuela<\/span><\/h3>\n\n\n\n<div class=\"wp-block-image\"><figure class=\"aligncenter size-large\"><img loading=\"lazy\" decoding=\"async\" width=\"612\" height=\"408\" src=\"https:\/\/jornalfatosenoticias.com.br\/wp-content\/uploads\/2024\/08\/maduro-onu_gettyimages.jpg\" alt=\"\" class=\"wp-image-53525\" srcset=\"https:\/\/jornalfatosenoticias.com.br\/wp-content\/uploads\/2024\/08\/maduro-onu_gettyimages.jpg 612w, https:\/\/jornalfatosenoticias.com.br\/wp-content\/uploads\/2024\/08\/maduro-onu_gettyimages-300x200.jpg 300w\" sizes=\"auto, (max-width: 612px) 100vw, 612px\" \/><figcaption><em><span class=\"has-inline-color has-black-color\">(Foto: Getty Images)<\/span><\/em><\/figcaption><\/figure><\/div>\n\n\n\n<p><span class=\"has-inline-color has-black-color\">Por <strong>John Lucas<\/strong><br><\/span>Em um comunicado divulgado na ter\u00e7a-feira (13), o regime de Nicol\u00e1s Maduro indicou que provavelmente estava realizando uma espionagem ilegal contra a equipe de especialistas eleitorais da Organiza\u00e7\u00e3o das Na\u00e7\u00f5es Unidas (ONU) durante sua estadia na Venezuela. O comunicado divulgado pelo regime venezuelano foi uma resposta ao relat\u00f3rio da ONU que acusou na ter\u00e7a o Conselho Nacional Eleitoral (CNE), controlado pelo chavismo, de n\u00e3o ser transparente durante as elei\u00e7\u00f5es presidenciais do dia 28 de julho.<\/p>\n\n\n\n<div class=\"wp-block-image\"><figure class=\"aligncenter size-large is-resized\"><img loading=\"lazy\" decoding=\"async\" src=\"https:\/\/jornalfatosenoticias.com.br\/wp-content\/uploads\/2022\/02\/Precisao-Contabilidade-1024x724.jpg\" alt=\"\" class=\"wp-image-28088\" width=\"325\" height=\"230\"\/><\/figure><\/div>\n\n\n\n<p>No texto, o regime chavista acusa os especialistas das Na\u00e7\u00f5es Unidas de manter \u201ccontatos frequentes com funcion\u00e1rios do Departamento de Estado dos Estados Unidos\u201d. O regime tamb\u00e9m citou informa\u00e7\u00f5es sobre trocas de mensagens e conversas por liga\u00e7\u00f5es dos especialistas, algo que s\u00f3 poderia ser obtido ou acessado por meio de espionagem ilegal, j\u00e1 que n\u00e3o havia nenhum mandado contra eles e os mesmos estavam residindo na Venezuela como convidados da pr\u00f3pria ditadura venezuelana.<\/p>\n\n\n\n<div class=\"wp-block-image\"><figure class=\"aligncenter size-large\"><a href=\"https:\/\/www.facebook.com\/Esteio-Churrascaria-Barbecue-103643461220402\/\"><img decoding=\"async\" src=\"https:\/\/jornalfatosenoticias.com.br\/wp-content\/uploads\/2020\/02\/logo_esteio.jpg\" alt=\"\" class=\"wp-image-1214\"\/><\/a><\/figure><\/div>\n\n\n\n<p>A den\u00fancia sobre a eventual espionagem contra os especialistas da ONU foi feita incialmente pelo portal argentino Infobae, que destacou o trecho do comunicado que pode ter comprovado tal a\u00e7\u00e3o. &#8220;Chama a aten\u00e7\u00e3o que, durante sua estadia na Venezuela, os integrantes deste falso painel de especialistas tiveram frequentes contatos diretos, por telefone e por videoconfer\u00eancias, com funcion\u00e1rios do Departamento de Estado dos Estados Unidos&#8221;, diz o trecho destacado pelo portal argentino.<\/p>\n\n\n\n<div class=\"wp-block-image\"><figure class=\"aligncenter size-large\"><a href=\"https:\/\/cesconetto.com.br\/\"><img loading=\"lazy\" decoding=\"async\" width=\"300\" height=\"250\" src=\"https:\/\/jornalfatosenoticias.com.br\/wp-content\/uploads\/2022\/02\/Banner-2.png\" alt=\"\" class=\"wp-image-27877\"\/><\/a><\/figure><\/div>\n\n\n\n<p>O chavismo afirmou neste comunicado que os especialistas da ONU Domenico Tuccinardi, Fernanda Abreu, Roly D\u00e1vila, e Maria de Lourdes Gonz\u00e1lez, tiveram acesso a \u201ctodas as fases do processo eleitoral\u201d, que culminou com a declara\u00e7\u00e3o de Nicol\u00e1s Maduro como vencedor, resultado que \u00e9 contestado pela oposi\u00e7\u00e3o. Caracas rejeitou o documento produzido pelos especialistas, chamando-o de \u201cpropaganda golpista\u201d e dizendo que ele foi motivado por um suposto plano violento da oposi\u00e7\u00e3o para desestabilizar o pa\u00eds. <strong>(Fonte: Gazeta do Povo)<\/strong><\/p>\n\n\n\n<div class=\"wp-block-image\"><figure class=\"aligncenter size-large\"><a href=\"https:\/\/mizu.com.br\/\"><img loading=\"lazy\" decoding=\"async\" width=\"729\" height=\"90\" src=\"https:\/\/jornalfatosenoticias.com.br\/wp-content\/uploads\/2020\/02\/Logo_Mizu.png\" alt=\"\" class=\"wp-image-1441\" srcset=\"https:\/\/jornalfatosenoticias.com.br\/wp-content\/uploads\/2020\/02\/Logo_Mizu.png 729w, https:\/\/jornalfatosenoticias.com.br\/wp-content\/uploads\/2020\/02\/Logo_Mizu-300x37.png 300w\" sizes=\"auto, (max-width: 729px) 100vw, 729px\" \/><\/a><\/figure><\/div>\n\n\n\n<hr class=\"wp-block-separator\"\/>\n\n\n\n<h3 class=\"wp-block-heading\"><span class=\"has-inline-color has-black-color\">Mar\u00e7al usa carteira de trabalho para &#8216;exorcizar&#8217; Boulos<\/span><\/h3>\n\n\n\n<div class=\"wp-block-image\"><figure class=\"aligncenter size-large\"><img loading=\"lazy\" decoding=\"async\" width=\"774\" height=\"442\" src=\"https:\/\/jornalfatosenoticias.com.br\/wp-content\/uploads\/2024\/08\/boulos-marcal-carteira-de-trabalho.jpg\" alt=\"\" class=\"wp-image-53524\" srcset=\"https:\/\/jornalfatosenoticias.com.br\/wp-content\/uploads\/2024\/08\/boulos-marcal-carteira-de-trabalho.jpg 774w, https:\/\/jornalfatosenoticias.com.br\/wp-content\/uploads\/2024\/08\/boulos-marcal-carteira-de-trabalho-300x171.jpg 300w, https:\/\/jornalfatosenoticias.com.br\/wp-content\/uploads\/2024\/08\/boulos-marcal-carteira-de-trabalho-768x439.jpg 768w\" sizes=\"auto, (max-width: 774px) 100vw, 774px\" \/><figcaption><em><span class=\"has-inline-color has-black-color\">(Foto: Reprodu\u00e7\u00e3o Internet)<\/span><\/em><\/figcaption><\/figure><\/div>\n\n\n\n<p>O debate promovido pelo jornal O Estado de S. Paulo com os candidatos \u00e0 Prefeitura de S\u00e3o Paulo, nesta quarta-feira (14), foi marcado por trocas de acusa\u00e7\u00f5es e tens\u00e3o. Em especial, os candidatos Guilherme Boulos (Psol) e Pablo Mar\u00e7al (PRTB) protagonizaram um momento acalorado que se destacou entre os demais.<\/p>\n\n\n\n<div class=\"wp-block-image\"><figure class=\"aligncenter size-large\"><a href=\"http:\/\/www.ferrarimaquinas.com.br\/\"><img loading=\"lazy\" decoding=\"async\" width=\"300\" height=\"250\" src=\"https:\/\/jornalfatosenoticias.com.br\/wp-content\/uploads\/2022\/02\/FERRARI_MAQUINAS-E-FERRAMENTAS2.jpg\" alt=\"\" class=\"wp-image-27860\"\/><\/a><\/figure><\/div>\n\n\n\n<p>Durante o debate, a discuss\u00e3o iniciou quando Boulos comparou Mar\u00e7al ao candidato Padre Kelmon (PTB), que concorreu nas elei\u00e7\u00f5es presidenciais de 2022. Boulos afirmou que o advers\u00e1rio estava ali apenas para \u201ctumultuar\u201d, desencadeando uma s\u00e9rie de respostas inflamadas por parte de Mar\u00e7al.<br>Em resposta \u00e0 provoca\u00e7\u00e3o de Boulos, Mar\u00e7al retirou sua carteira de trabalho do bolso e, de forma enf\u00e1tica, a levantou. Ele afirmou que se fosse o Padre Kelmon, iria \u201cexorcizar o dem\u00f4nio com a carteira de trabalho\u201d. Mar\u00e7al ainda chamou Boulos de \u201cvagabundo que nunca trabalhou\u201d e afirmou que, com homens como ele em S\u00e3o Paulo, Boulos jamais seria prefeito.<\/p>\n\n\n\n<div class=\"wp-block-image\"><figure class=\"aligncenter size-large is-resized\"><a href=\"https:\/\/panper.com.br\/\"><img loading=\"lazy\" decoding=\"async\" src=\"https:\/\/jornalfatosenoticias.com.br\/wp-content\/uploads\/2023\/03\/logo-Panper_portal.jpg\" alt=\"\" class=\"wp-image-40208\" width=\"342\" height=\"237\" srcset=\"https:\/\/jornalfatosenoticias.com.br\/wp-content\/uploads\/2023\/03\/logo-Panper_portal.jpg 400w, https:\/\/jornalfatosenoticias.com.br\/wp-content\/uploads\/2023\/03\/logo-Panper_portal-300x208.jpg 300w\" sizes=\"auto, (max-width: 342px) 100vw, 342px\" \/><\/a><\/figure><\/div>\n\n\n\n<p>Ap\u00f3s o embate, ambos os candidatos deixaram o palanque do debate, mas a discuss\u00e3o persistiu longe das c\u00e2meras. Mar\u00e7al, em um v\u00eddeo publicado em sua conta oficial no X (antigo Twitter), mostrou novamente sua carteira de trabalho a Boulos, que reagiu com um tapa no documento. <strong>(Fonte: Terra Brasil Not\u00edcias)<\/strong><\/p>\n\n\n\n<div class=\"wp-block-image\"><figure class=\"aligncenter size-large is-resized\"><a href=\"https:\/\/www.controlsystems.com.br\/\"><img loading=\"lazy\" decoding=\"async\" src=\"https:\/\/jornalfatosenoticias.com.br\/wp-content\/uploads\/2020\/02\/CONTROL-CS.jpg\" alt=\"\" class=\"wp-image-44991\" width=\"308\" height=\"369\" srcset=\"https:\/\/jornalfatosenoticias.com.br\/wp-content\/uploads\/2020\/02\/CONTROL-CS.jpg 834w, https:\/\/jornalfatosenoticias.com.br\/wp-content\/uploads\/2020\/02\/CONTROL-CS-250x300.jpg 250w, https:\/\/jornalfatosenoticias.com.br\/wp-content\/uploads\/2020\/02\/CONTROL-CS-768x921.jpg 768w\" sizes=\"auto, (max-width: 308px) 100vw, 308px\" \/><\/a><\/figure><\/div>\n\n\n\n<hr class=\"wp-block-separator\"\/>\n","protected":false},"excerpt":{"rendered":"<p>Mensagens obtidas pelo Folha de S. Paulo revelam a crescente irrita\u00e7\u00e3o do ministro Alexandre de Moraes, do Supremo Tribunal Federal (STF), com a demora na produ\u00e7\u00e3o de relat\u00f3rios pela Justi\u00e7a Eleitoral, usados para embasar decis\u00f5es no inqu\u00e9rito das fake news. Com mais de seis gigabytes de conte\u00fado trocado via WhatsApp entre assessores de Moraes, as [&hellip;]<\/p>\n","protected":false},"author":3,"featured_media":53530,"comment_status":"open","ping_status":"open","sticky":false,"template":"","format":"standard","meta":{"footnotes":""},"categories":[10],"tags":[13889,21132,24385,2147,24392,19097,24393,14152,1514],"class_list":["post-53523","post","type-post","status-publish","format-standard","has-post-thumbnail","hentry","category-politica","tag-alexandre-de-moraes","tag-bolsonaristas","tag-ditadura-venezuelana","tag-donald-trump","tag-moraesgate","tag-nicolas-maduro","tag-pablo-marcal","tag-perseguicao","tag-tse"],"yoast_head":"<!-- This site is optimized with the Yoast SEO plugin v26.5 - https:\/\/yoast.com\/wordpress\/plugins\/seo\/ -->\n<title>A Semana no Brasil e no Mundo \u2014 Moraesgate? Mensagens revelam irrita\u00e7\u00e3o do magistrado com demora na produ\u00e7\u00e3o de relat\u00f3rios do TSE contra bolsonaristas - Jornal Fatos e Not\u00edcias<\/title>\n<meta name=\"robots\" content=\"index, follow, max-snippet:-1, max-image-preview:large, max-video-preview:-1\" \/>\n<link rel=\"canonical\" href=\"https:\/\/jornalfatosenoticias.com.br\/index.php\/2024\/08\/15\/a-semana-no-brasil-e-no-mundo-moraesgate-mensagens-revelam-irritacao-do-magistrado-com-demora-na-producao-de-relatorios-do-tse-contra-bolsonaristas\/\" \/>\n<meta property=\"og:locale\" content=\"pt_BR\" \/>\n<meta property=\"og:type\" content=\"article\" \/>\n<meta property=\"og:title\" content=\"A Semana no Brasil e no Mundo \u2014 Moraesgate? Mensagens revelam irrita\u00e7\u00e3o do magistrado com demora na produ\u00e7\u00e3o de relat\u00f3rios do TSE contra bolsonaristas - Jornal Fatos e Not\u00edcias\" \/>\n<meta property=\"og:description\" content=\"Mensagens obtidas pelo Folha de S. Paulo revelam a crescente irrita\u00e7\u00e3o do ministro Alexandre de Moraes, do Supremo Tribunal Federal (STF), com a demora na produ\u00e7\u00e3o de relat\u00f3rios pela Justi\u00e7a Eleitoral, usados para embasar decis\u00f5es no inqu\u00e9rito das fake news. Com mais de seis gigabytes de conte\u00fado trocado via WhatsApp entre assessores de Moraes, as [&hellip;]\" \/>\n<meta property=\"og:url\" content=\"https:\/\/jornalfatosenoticias.com.br\/index.php\/2024\/08\/15\/a-semana-no-brasil-e-no-mundo-moraesgate-mensagens-revelam-irritacao-do-magistrado-com-demora-na-producao-de-relatorios-do-tse-contra-bolsonaristas\/\" \/>\n<meta property=\"og:site_name\" content=\"Jornal Fatos e Not\u00edcias\" \/>\n<meta property=\"article:published_time\" content=\"2024-08-15T18:31:22+00:00\" \/>\n<meta property=\"article:modified_time\" content=\"2024-08-15T18:31:24+00:00\" \/>\n<meta property=\"og:image\" content=\"https:\/\/jornalfatosenoticias.com.br\/wp-content\/uploads\/2024\/08\/Moraesgate_gettyimages.jpg\" \/>\n\t<meta property=\"og:image:width\" content=\"612\" \/>\n\t<meta property=\"og:image:height\" content=\"408\" \/>\n\t<meta property=\"og:image:type\" content=\"image\/jpeg\" \/>\n<meta name=\"author\" content=\"Haroldo Filho\" \/>\n<meta name=\"twitter:card\" content=\"summary_large_image\" \/>\n<meta name=\"twitter:label1\" content=\"Escrito por\" \/>\n\t<meta name=\"twitter:data1\" content=\"Haroldo Filho\" \/>\n\t<meta name=\"twitter:label2\" content=\"Est. tempo de leitura\" \/>\n\t<meta name=\"twitter:data2\" content=\"10 minutos\" \/>\n<script type=\"application\/ld+json\" class=\"yoast-schema-graph\">{\"@context\":\"https:\/\/schema.org\",\"@graph\":[{\"@type\":\"Article\",\"@id\":\"https:\/\/jornalfatosenoticias.com.br\/index.php\/2024\/08\/15\/a-semana-no-brasil-e-no-mundo-moraesgate-mensagens-revelam-irritacao-do-magistrado-com-demora-na-producao-de-relatorios-do-tse-contra-bolsonaristas\/#article\",\"isPartOf\":{\"@id\":\"https:\/\/jornalfatosenoticias.com.br\/index.php\/2024\/08\/15\/a-semana-no-brasil-e-no-mundo-moraesgate-mensagens-revelam-irritacao-do-magistrado-com-demora-na-producao-de-relatorios-do-tse-contra-bolsonaristas\/\"},\"author\":{\"name\":\"Haroldo Filho\",\"@id\":\"https:\/\/jornalfatosenoticias.com.br\/#\/schema\/person\/05c46cc25b42a5c27e004fb0fa6b4965\"},\"headline\":\"A Semana no Brasil e no Mundo \u2014 Moraesgate? Mensagens revelam irrita\u00e7\u00e3o do magistrado com demora na produ\u00e7\u00e3o de relat\u00f3rios do TSE contra bolsonaristas\",\"datePublished\":\"2024-08-15T18:31:22+00:00\",\"dateModified\":\"2024-08-15T18:31:24+00:00\",\"mainEntityOfPage\":{\"@id\":\"https:\/\/jornalfatosenoticias.com.br\/index.php\/2024\/08\/15\/a-semana-no-brasil-e-no-mundo-moraesgate-mensagens-revelam-irritacao-do-magistrado-com-demora-na-producao-de-relatorios-do-tse-contra-bolsonaristas\/\"},\"wordCount\":2095,\"commentCount\":0,\"publisher\":{\"@id\":\"https:\/\/jornalfatosenoticias.com.br\/#organization\"},\"image\":{\"@id\":\"https:\/\/jornalfatosenoticias.com.br\/index.php\/2024\/08\/15\/a-semana-no-brasil-e-no-mundo-moraesgate-mensagens-revelam-irritacao-do-magistrado-com-demora-na-producao-de-relatorios-do-tse-contra-bolsonaristas\/#primaryimage\"},\"thumbnailUrl\":\"https:\/\/jornalfatosenoticias.com.br\/wp-content\/uploads\/2024\/08\/Moraesgate_gettyimages.jpg\",\"keywords\":[\"Alexandre de Moraes\",\"bolsonaristas\",\"ditadura venezuelana\",\"Donald Trump\",\"Moraesgate\",\"Nicol\u00e1s Maduro\",\"Pablo Mar\u00e7al\",\"persegui\u00e7\u00e3o\",\"TSE\"],\"articleSection\":[\"Pol\u00edtica\"],\"inLanguage\":\"pt-BR\",\"potentialAction\":[{\"@type\":\"CommentAction\",\"name\":\"Comment\",\"target\":[\"https:\/\/jornalfatosenoticias.com.br\/index.php\/2024\/08\/15\/a-semana-no-brasil-e-no-mundo-moraesgate-mensagens-revelam-irritacao-do-magistrado-com-demora-na-producao-de-relatorios-do-tse-contra-bolsonaristas\/#respond\"]}]},{\"@type\":\"WebPage\",\"@id\":\"https:\/\/jornalfatosenoticias.com.br\/index.php\/2024\/08\/15\/a-semana-no-brasil-e-no-mundo-moraesgate-mensagens-revelam-irritacao-do-magistrado-com-demora-na-producao-de-relatorios-do-tse-contra-bolsonaristas\/\",\"url\":\"https:\/\/jornalfatosenoticias.com.br\/index.php\/2024\/08\/15\/a-semana-no-brasil-e-no-mundo-moraesgate-mensagens-revelam-irritacao-do-magistrado-com-demora-na-producao-de-relatorios-do-tse-contra-bolsonaristas\/\",\"name\":\"A Semana no Brasil e no Mundo \u2014 Moraesgate? Mensagens revelam irrita\u00e7\u00e3o do magistrado com demora na produ\u00e7\u00e3o de relat\u00f3rios do TSE contra bolsonaristas - Jornal Fatos e Not\u00edcias\",\"isPartOf\":{\"@id\":\"https:\/\/jornalfatosenoticias.com.br\/#website\"},\"primaryImageOfPage\":{\"@id\":\"https:\/\/jornalfatosenoticias.com.br\/index.php\/2024\/08\/15\/a-semana-no-brasil-e-no-mundo-moraesgate-mensagens-revelam-irritacao-do-magistrado-com-demora-na-producao-de-relatorios-do-tse-contra-bolsonaristas\/#primaryimage\"},\"image\":{\"@id\":\"https:\/\/jornalfatosenoticias.com.br\/index.php\/2024\/08\/15\/a-semana-no-brasil-e-no-mundo-moraesgate-mensagens-revelam-irritacao-do-magistrado-com-demora-na-producao-de-relatorios-do-tse-contra-bolsonaristas\/#primaryimage\"},\"thumbnailUrl\":\"https:\/\/jornalfatosenoticias.com.br\/wp-content\/uploads\/2024\/08\/Moraesgate_gettyimages.jpg\",\"datePublished\":\"2024-08-15T18:31:22+00:00\",\"dateModified\":\"2024-08-15T18:31:24+00:00\",\"breadcrumb\":{\"@id\":\"https:\/\/jornalfatosenoticias.com.br\/index.php\/2024\/08\/15\/a-semana-no-brasil-e-no-mundo-moraesgate-mensagens-revelam-irritacao-do-magistrado-com-demora-na-producao-de-relatorios-do-tse-contra-bolsonaristas\/#breadcrumb\"},\"inLanguage\":\"pt-BR\",\"potentialAction\":[{\"@type\":\"ReadAction\",\"target\":[\"https:\/\/jornalfatosenoticias.com.br\/index.php\/2024\/08\/15\/a-semana-no-brasil-e-no-mundo-moraesgate-mensagens-revelam-irritacao-do-magistrado-com-demora-na-producao-de-relatorios-do-tse-contra-bolsonaristas\/\"]}]},{\"@type\":\"ImageObject\",\"inLanguage\":\"pt-BR\",\"@id\":\"https:\/\/jornalfatosenoticias.com.br\/index.php\/2024\/08\/15\/a-semana-no-brasil-e-no-mundo-moraesgate-mensagens-revelam-irritacao-do-magistrado-com-demora-na-producao-de-relatorios-do-tse-contra-bolsonaristas\/#primaryimage\",\"url\":\"https:\/\/jornalfatosenoticias.com.br\/wp-content\/uploads\/2024\/08\/Moraesgate_gettyimages.jpg\",\"contentUrl\":\"https:\/\/jornalfatosenoticias.com.br\/wp-content\/uploads\/2024\/08\/Moraesgate_gettyimages.jpg\",\"width\":612,\"height\":408,\"caption\":\"Brazil's Superior Electoral Court President Alexandre de Moraes gestures during the fourth day of the trial of Brazilian former President Jair Bolsonaro, accused of abuse of power and misinformation, in Brasilia on June 30, 2023. Brazil's Superior Electoral Tribunal on Friday reached the majority it needs to bar far-right former president Jair Bolsonaro from politics for eight years over his unfounded claims against the voting system. (Photo by Sergio Lima \/ AFP) (Photo by SERGIO LIMA\/AFP via Getty Images)\"},{\"@type\":\"BreadcrumbList\",\"@id\":\"https:\/\/jornalfatosenoticias.com.br\/index.php\/2024\/08\/15\/a-semana-no-brasil-e-no-mundo-moraesgate-mensagens-revelam-irritacao-do-magistrado-com-demora-na-producao-de-relatorios-do-tse-contra-bolsonaristas\/#breadcrumb\",\"itemListElement\":[{\"@type\":\"ListItem\",\"position\":1,\"name\":\"In\u00edcio\",\"item\":\"https:\/\/jornalfatosenoticias.com.br\/\"},{\"@type\":\"ListItem\",\"position\":2,\"name\":\"A Semana no Brasil e no Mundo \u2014 Moraesgate? Mensagens revelam irrita\u00e7\u00e3o do magistrado com demora na produ\u00e7\u00e3o de relat\u00f3rios do TSE contra bolsonaristas\"}]},{\"@type\":\"WebSite\",\"@id\":\"https:\/\/jornalfatosenoticias.com.br\/#website\",\"url\":\"https:\/\/jornalfatosenoticias.com.br\/\",\"name\":\"Jornal Fatos e Not\u00edcias\",\"description\":\"Not\u00edcias em geral\",\"publisher\":{\"@id\":\"https:\/\/jornalfatosenoticias.com.br\/#organization\"},\"potentialAction\":[{\"@type\":\"SearchAction\",\"target\":{\"@type\":\"EntryPoint\",\"urlTemplate\":\"https:\/\/jornalfatosenoticias.com.br\/?s={search_term_string}\"},\"query-input\":{\"@type\":\"PropertyValueSpecification\",\"valueRequired\":true,\"valueName\":\"search_term_string\"}}],\"inLanguage\":\"pt-BR\"},{\"@type\":\"Organization\",\"@id\":\"https:\/\/jornalfatosenoticias.com.br\/#organization\",\"name\":\"Jornal Fatos e Not\u00edcias\",\"url\":\"https:\/\/jornalfatosenoticias.com.br\/\",\"logo\":{\"@type\":\"ImageObject\",\"inLanguage\":\"pt-BR\",\"@id\":\"https:\/\/jornalfatosenoticias.com.br\/#\/schema\/logo\/image\/\",\"url\":\"https:\/\/jornalfatosenoticias.com.br\/wp-content\/uploads\/2020\/02\/logo120.png\",\"contentUrl\":\"https:\/\/jornalfatosenoticias.com.br\/wp-content\/uploads\/2020\/02\/logo120.png\",\"width\":1227,\"height\":120,\"caption\":\"Jornal Fatos e Not\u00edcias\"},\"image\":{\"@id\":\"https:\/\/jornalfatosenoticias.com.br\/#\/schema\/logo\/image\/\"}},{\"@type\":\"Person\",\"@id\":\"https:\/\/jornalfatosenoticias.com.br\/#\/schema\/person\/05c46cc25b42a5c27e004fb0fa6b4965\",\"name\":\"Haroldo Filho\",\"image\":{\"@type\":\"ImageObject\",\"inLanguage\":\"pt-BR\",\"@id\":\"https:\/\/jornalfatosenoticias.com.br\/#\/schema\/person\/image\/\",\"url\":\"https:\/\/jornalfatosenoticias.com.br\/wp-content\/uploads\/2025\/08\/WhatsApp-Image-2025-08-18-at-15.30.28-150x150.jpeg\",\"contentUrl\":\"https:\/\/jornalfatosenoticias.com.br\/wp-content\/uploads\/2025\/08\/WhatsApp-Image-2025-08-18-at-15.30.28-150x150.jpeg\",\"caption\":\"Haroldo Filho\"},\"description\":\"Jornalista \u2013 DRT: 0003818\/ES Coordenador-geral da ONG Educar para Crescer\",\"url\":\"https:\/\/jornalfatosenoticias.com.br\/index.php\/author\/haroldo\/\"}]}<\/script>\n<!-- \/ Yoast SEO plugin. -->","yoast_head_json":{"title":"A Semana no Brasil e no Mundo \u2014 Moraesgate? Mensagens revelam irrita\u00e7\u00e3o do magistrado com demora na produ\u00e7\u00e3o de relat\u00f3rios do TSE contra bolsonaristas - Jornal Fatos e Not\u00edcias","robots":{"index":"index","follow":"follow","max-snippet":"max-snippet:-1","max-image-preview":"max-image-preview:large","max-video-preview":"max-video-preview:-1"},"canonical":"https:\/\/jornalfatosenoticias.com.br\/index.php\/2024\/08\/15\/a-semana-no-brasil-e-no-mundo-moraesgate-mensagens-revelam-irritacao-do-magistrado-com-demora-na-producao-de-relatorios-do-tse-contra-bolsonaristas\/","og_locale":"pt_BR","og_type":"article","og_title":"A Semana no Brasil e no Mundo \u2014 Moraesgate? Mensagens revelam irrita\u00e7\u00e3o do magistrado com demora na produ\u00e7\u00e3o de relat\u00f3rios do TSE contra bolsonaristas - Jornal Fatos e Not\u00edcias","og_description":"Mensagens obtidas pelo Folha de S. Paulo revelam a crescente irrita\u00e7\u00e3o do ministro Alexandre de Moraes, do Supremo Tribunal Federal (STF), com a demora na produ\u00e7\u00e3o de relat\u00f3rios pela Justi\u00e7a Eleitoral, usados para embasar decis\u00f5es no inqu\u00e9rito das fake news. Com mais de seis gigabytes de conte\u00fado trocado via WhatsApp entre assessores de Moraes, as [&hellip;]","og_url":"https:\/\/jornalfatosenoticias.com.br\/index.php\/2024\/08\/15\/a-semana-no-brasil-e-no-mundo-moraesgate-mensagens-revelam-irritacao-do-magistrado-com-demora-na-producao-de-relatorios-do-tse-contra-bolsonaristas\/","og_site_name":"Jornal Fatos e Not\u00edcias","article_published_time":"2024-08-15T18:31:22+00:00","article_modified_time":"2024-08-15T18:31:24+00:00","og_image":[{"width":612,"height":408,"url":"https:\/\/jornalfatosenoticias.com.br\/wp-content\/uploads\/2024\/08\/Moraesgate_gettyimages.jpg","type":"image\/jpeg"}],"author":"Haroldo Filho","twitter_card":"summary_large_image","twitter_misc":{"Escrito por":"Haroldo Filho","Est. tempo de leitura":"10 minutos"},"schema":{"@context":"https:\/\/schema.org","@graph":[{"@type":"Article","@id":"https:\/\/jornalfatosenoticias.com.br\/index.php\/2024\/08\/15\/a-semana-no-brasil-e-no-mundo-moraesgate-mensagens-revelam-irritacao-do-magistrado-com-demora-na-producao-de-relatorios-do-tse-contra-bolsonaristas\/#article","isPartOf":{"@id":"https:\/\/jornalfatosenoticias.com.br\/index.php\/2024\/08\/15\/a-semana-no-brasil-e-no-mundo-moraesgate-mensagens-revelam-irritacao-do-magistrado-com-demora-na-producao-de-relatorios-do-tse-contra-bolsonaristas\/"},"author":{"name":"Haroldo Filho","@id":"https:\/\/jornalfatosenoticias.com.br\/#\/schema\/person\/05c46cc25b42a5c27e004fb0fa6b4965"},"headline":"A Semana no Brasil e no Mundo \u2014 Moraesgate? Mensagens revelam irrita\u00e7\u00e3o do magistrado com demora na produ\u00e7\u00e3o de relat\u00f3rios do TSE contra bolsonaristas","datePublished":"2024-08-15T18:31:22+00:00","dateModified":"2024-08-15T18:31:24+00:00","mainEntityOfPage":{"@id":"https:\/\/jornalfatosenoticias.com.br\/index.php\/2024\/08\/15\/a-semana-no-brasil-e-no-mundo-moraesgate-mensagens-revelam-irritacao-do-magistrado-com-demora-na-producao-de-relatorios-do-tse-contra-bolsonaristas\/"},"wordCount":2095,"commentCount":0,"publisher":{"@id":"https:\/\/jornalfatosenoticias.com.br\/#organization"},"image":{"@id":"https:\/\/jornalfatosenoticias.com.br\/index.php\/2024\/08\/15\/a-semana-no-brasil-e-no-mundo-moraesgate-mensagens-revelam-irritacao-do-magistrado-com-demora-na-producao-de-relatorios-do-tse-contra-bolsonaristas\/#primaryimage"},"thumbnailUrl":"https:\/\/jornalfatosenoticias.com.br\/wp-content\/uploads\/2024\/08\/Moraesgate_gettyimages.jpg","keywords":["Alexandre de Moraes","bolsonaristas","ditadura venezuelana","Donald Trump","Moraesgate","Nicol\u00e1s Maduro","Pablo Mar\u00e7al","persegui\u00e7\u00e3o","TSE"],"articleSection":["Pol\u00edtica"],"inLanguage":"pt-BR","potentialAction":[{"@type":"CommentAction","name":"Comment","target":["https:\/\/jornalfatosenoticias.com.br\/index.php\/2024\/08\/15\/a-semana-no-brasil-e-no-mundo-moraesgate-mensagens-revelam-irritacao-do-magistrado-com-demora-na-producao-de-relatorios-do-tse-contra-bolsonaristas\/#respond"]}]},{"@type":"WebPage","@id":"https:\/\/jornalfatosenoticias.com.br\/index.php\/2024\/08\/15\/a-semana-no-brasil-e-no-mundo-moraesgate-mensagens-revelam-irritacao-do-magistrado-com-demora-na-producao-de-relatorios-do-tse-contra-bolsonaristas\/","url":"https:\/\/jornalfatosenoticias.com.br\/index.php\/2024\/08\/15\/a-semana-no-brasil-e-no-mundo-moraesgate-mensagens-revelam-irritacao-do-magistrado-com-demora-na-producao-de-relatorios-do-tse-contra-bolsonaristas\/","name":"A Semana no Brasil e no Mundo \u2014 Moraesgate? Mensagens revelam irrita\u00e7\u00e3o do magistrado com demora na produ\u00e7\u00e3o de relat\u00f3rios do TSE contra bolsonaristas - Jornal Fatos e Not\u00edcias","isPartOf":{"@id":"https:\/\/jornalfatosenoticias.com.br\/#website"},"primaryImageOfPage":{"@id":"https:\/\/jornalfatosenoticias.com.br\/index.php\/2024\/08\/15\/a-semana-no-brasil-e-no-mundo-moraesgate-mensagens-revelam-irritacao-do-magistrado-com-demora-na-producao-de-relatorios-do-tse-contra-bolsonaristas\/#primaryimage"},"image":{"@id":"https:\/\/jornalfatosenoticias.com.br\/index.php\/2024\/08\/15\/a-semana-no-brasil-e-no-mundo-moraesgate-mensagens-revelam-irritacao-do-magistrado-com-demora-na-producao-de-relatorios-do-tse-contra-bolsonaristas\/#primaryimage"},"thumbnailUrl":"https:\/\/jornalfatosenoticias.com.br\/wp-content\/uploads\/2024\/08\/Moraesgate_gettyimages.jpg","datePublished":"2024-08-15T18:31:22+00:00","dateModified":"2024-08-15T18:31:24+00:00","breadcrumb":{"@id":"https:\/\/jornalfatosenoticias.com.br\/index.php\/2024\/08\/15\/a-semana-no-brasil-e-no-mundo-moraesgate-mensagens-revelam-irritacao-do-magistrado-com-demora-na-producao-de-relatorios-do-tse-contra-bolsonaristas\/#breadcrumb"},"inLanguage":"pt-BR","potentialAction":[{"@type":"ReadAction","target":["https:\/\/jornalfatosenoticias.com.br\/index.php\/2024\/08\/15\/a-semana-no-brasil-e-no-mundo-moraesgate-mensagens-revelam-irritacao-do-magistrado-com-demora-na-producao-de-relatorios-do-tse-contra-bolsonaristas\/"]}]},{"@type":"ImageObject","inLanguage":"pt-BR","@id":"https:\/\/jornalfatosenoticias.com.br\/index.php\/2024\/08\/15\/a-semana-no-brasil-e-no-mundo-moraesgate-mensagens-revelam-irritacao-do-magistrado-com-demora-na-producao-de-relatorios-do-tse-contra-bolsonaristas\/#primaryimage","url":"https:\/\/jornalfatosenoticias.com.br\/wp-content\/uploads\/2024\/08\/Moraesgate_gettyimages.jpg","contentUrl":"https:\/\/jornalfatosenoticias.com.br\/wp-content\/uploads\/2024\/08\/Moraesgate_gettyimages.jpg","width":612,"height":408,"caption":"Brazil's Superior Electoral Court President Alexandre de Moraes gestures during the fourth day of the trial of Brazilian former President Jair Bolsonaro, accused of abuse of power and misinformation, in Brasilia on June 30, 2023. Brazil's Superior Electoral Tribunal on Friday reached the majority it needs to bar far-right former president Jair Bolsonaro from politics for eight years over his unfounded claims against the voting system. (Photo by Sergio Lima \/ AFP) (Photo by SERGIO LIMA\/AFP via Getty Images)"},{"@type":"BreadcrumbList","@id":"https:\/\/jornalfatosenoticias.com.br\/index.php\/2024\/08\/15\/a-semana-no-brasil-e-no-mundo-moraesgate-mensagens-revelam-irritacao-do-magistrado-com-demora-na-producao-de-relatorios-do-tse-contra-bolsonaristas\/#breadcrumb","itemListElement":[{"@type":"ListItem","position":1,"name":"In\u00edcio","item":"https:\/\/jornalfatosenoticias.com.br\/"},{"@type":"ListItem","position":2,"name":"A Semana no Brasil e no Mundo \u2014 Moraesgate? Mensagens revelam irrita\u00e7\u00e3o do magistrado com demora na produ\u00e7\u00e3o de relat\u00f3rios do TSE contra bolsonaristas"}]},{"@type":"WebSite","@id":"https:\/\/jornalfatosenoticias.com.br\/#website","url":"https:\/\/jornalfatosenoticias.com.br\/","name":"Jornal Fatos e Not\u00edcias","description":"Not\u00edcias em geral","publisher":{"@id":"https:\/\/jornalfatosenoticias.com.br\/#organization"},"potentialAction":[{"@type":"SearchAction","target":{"@type":"EntryPoint","urlTemplate":"https:\/\/jornalfatosenoticias.com.br\/?s={search_term_string}"},"query-input":{"@type":"PropertyValueSpecification","valueRequired":true,"valueName":"search_term_string"}}],"inLanguage":"pt-BR"},{"@type":"Organization","@id":"https:\/\/jornalfatosenoticias.com.br\/#organization","name":"Jornal Fatos e Not\u00edcias","url":"https:\/\/jornalfatosenoticias.com.br\/","logo":{"@type":"ImageObject","inLanguage":"pt-BR","@id":"https:\/\/jornalfatosenoticias.com.br\/#\/schema\/logo\/image\/","url":"https:\/\/jornalfatosenoticias.com.br\/wp-content\/uploads\/2020\/02\/logo120.png","contentUrl":"https:\/\/jornalfatosenoticias.com.br\/wp-content\/uploads\/2020\/02\/logo120.png","width":1227,"height":120,"caption":"Jornal Fatos e Not\u00edcias"},"image":{"@id":"https:\/\/jornalfatosenoticias.com.br\/#\/schema\/logo\/image\/"}},{"@type":"Person","@id":"https:\/\/jornalfatosenoticias.com.br\/#\/schema\/person\/05c46cc25b42a5c27e004fb0fa6b4965","name":"Haroldo Filho","image":{"@type":"ImageObject","inLanguage":"pt-BR","@id":"https:\/\/jornalfatosenoticias.com.br\/#\/schema\/person\/image\/","url":"https:\/\/jornalfatosenoticias.com.br\/wp-content\/uploads\/2025\/08\/WhatsApp-Image-2025-08-18-at-15.30.28-150x150.jpeg","contentUrl":"https:\/\/jornalfatosenoticias.com.br\/wp-content\/uploads\/2025\/08\/WhatsApp-Image-2025-08-18-at-15.30.28-150x150.jpeg","caption":"Haroldo Filho"},"description":"Jornalista \u2013 DRT: 0003818\/ES Coordenador-geral da ONG Educar para Crescer","url":"https:\/\/jornalfatosenoticias.com.br\/index.php\/author\/haroldo\/"}]}},"cc_featured_image_caption":{"caption_text":"(Foto: Getty Images) ","source_text":"","source_url":""},"jetpack_featured_media_url":"https:\/\/jornalfatosenoticias.com.br\/wp-content\/uploads\/2024\/08\/Moraesgate_gettyimages.jpg","_links":{"self":[{"href":"https:\/\/jornalfatosenoticias.com.br\/index.php\/wp-json\/wp\/v2\/posts\/53523","targetHints":{"allow":["GET"]}}],"collection":[{"href":"https:\/\/jornalfatosenoticias.com.br\/index.php\/wp-json\/wp\/v2\/posts"}],"about":[{"href":"https:\/\/jornalfatosenoticias.com.br\/index.php\/wp-json\/wp\/v2\/types\/post"}],"author":[{"embeddable":true,"href":"https:\/\/jornalfatosenoticias.com.br\/index.php\/wp-json\/wp\/v2\/users\/3"}],"replies":[{"embeddable":true,"href":"https:\/\/jornalfatosenoticias.com.br\/index.php\/wp-json\/wp\/v2\/comments?post=53523"}],"version-history":[{"count":0,"href":"https:\/\/jornalfatosenoticias.com.br\/index.php\/wp-json\/wp\/v2\/posts\/53523\/revisions"}],"wp:featuredmedia":[{"embeddable":true,"href":"https:\/\/jornalfatosenoticias.com.br\/index.php\/wp-json\/wp\/v2\/media\/53530"}],"wp:attachment":[{"href":"https:\/\/jornalfatosenoticias.com.br\/index.php\/wp-json\/wp\/v2\/media?parent=53523"}],"wp:term":[{"taxonomy":"category","embeddable":true,"href":"https:\/\/jornalfatosenoticias.com.br\/index.php\/wp-json\/wp\/v2\/categories?post=53523"},{"taxonomy":"post_tag","embeddable":true,"href":"https:\/\/jornalfatosenoticias.com.br\/index.php\/wp-json\/wp\/v2\/tags?post=53523"}],"curies":[{"name":"wp","href":"https:\/\/api.w.org\/{rel}","templated":true}]}}