{"id":53568,"date":"2024-08-19T10:26:02","date_gmt":"2024-08-19T13:26:02","guid":{"rendered":"https:\/\/jornalfatosenoticias.com.br\/?p=53568"},"modified":"2024-08-19T10:26:04","modified_gmt":"2024-08-19T13:26:04","slug":"fechamento-do-x-no-brasil-musk-afirma-que-nao-poderiam-seguir-ordens-de-moraes-sem-ficarem-envergonhados","status":"publish","type":"post","link":"https:\/\/jornalfatosenoticias.com.br\/index.php\/2024\/08\/19\/fechamento-do-x-no-brasil-musk-afirma-que-nao-poderiam-seguir-ordens-de-moraes-sem-ficarem-envergonhados\/","title":{"rendered":"Fechamento do X no Brasil: Musk afirma que n\u00e3o poderiam seguir ordens de Moraes sem ficarem \u201cenvergonhados\u201d"},"content":{"rendered":"\n<p><em><span class=\"has-inline-color has-black-color\">Elon Musk, dono do X, afirmou que seria vergonhoso acatar ordens do ministro Alexandre de Moraes<\/span><\/em><\/p>\n\n\n\n<p><span class=\"has-inline-color has-black-color\">Por <strong><a href=\"https:\/\/www.gazetadopovo.com.br\/autor\/roberta-ribeiro\/\" rel=\"nofollow\">Roberta Ribeiro<\/a><\/strong><\/span><\/p>\n\n\n\n<div class=\"wp-block-image\"><figure class=\"aligncenter size-large\"><a href=\"https:\/\/mizu.com.br\/\"><img loading=\"lazy\" decoding=\"async\" width=\"729\" height=\"90\" src=\"https:\/\/jornalfatosenoticias.com.br\/wp-content\/uploads\/2020\/02\/Logo_Mizu.png\" alt=\"\" class=\"wp-image-1441\" srcset=\"https:\/\/jornalfatosenoticias.com.br\/wp-content\/uploads\/2020\/02\/Logo_Mizu.png 729w, https:\/\/jornalfatosenoticias.com.br\/wp-content\/uploads\/2020\/02\/Logo_Mizu-300x37.png 300w\" sizes=\"auto, (max-width: 729px) 100vw, 729px\" \/><\/a><\/figure><\/div>\n\n\n\n<p>Elon Musk afirmou, na tarde de s\u00e1bado (17), em seu perfil no X, que a decis\u00e3o de fechar o escrit\u00f3rio da rede social no Brasil foi dif\u00edcil, mas que se ele e seus funcion\u00e1rios tivessem que concordar com as &#8220;exig\u00eancias de censura secreta (ilegal) e entrega de informa\u00e7\u00f5es privadas&#8221; demandadas por Alexandre de Moraes, <em><span class=\"has-inline-color has-black-color\">&#8220;n\u00e3o haveria como explicar nossas a\u00e7\u00f5es sem ficarmos envergonhados&#8221;.<\/span><\/em><br>O an\u00fancio do fechamento do escrit\u00f3rio do X no Brasil foi feito na manh\u00e3 de s\u00e1bado (17) por meio de uma mensagem publicada na conta oficial de Assuntos Governamentais Globais da rede social.\u00a0Na mensagem, a empresa de Elon Musk acusou o ministro do Supremo Tribunal Federal (STF) Alexandre de Moraes de amea\u00e7ar de pris\u00e3o funcion\u00e1rios da companhia que trabalham no Brasil, raz\u00e3o pela qual optou por encerrar as atividades de seu escrit\u00f3rio no pa\u00eds. O jornalista Paulo Figueiredo, que teve redes e publica\u00e7\u00f5es bloqueadas por Moraes no \u00e2mbito do inqu\u00e9rito das <em>fake news<\/em>, parabenizou Musk e afirmou que ele provou ser um homem de palavra.<\/p>\n\n\n\n<div class=\"wp-block-image\"><figure class=\"aligncenter size-large\"><a href=\"https:\/\/www.facebook.com\/Esteio-Churrascaria-Barbecue-103643461220402\/\"><img decoding=\"async\" src=\"https:\/\/jornalfatosenoticias.com.br\/wp-content\/uploads\/2020\/02\/logo_esteio.jpg\" alt=\"\" class=\"wp-image-1214\"\/><\/a><\/figure><\/div>\n\n\n\n<blockquote class=\"wp-block-quote is-layout-flow wp-block-quote-is-layout-flow\"><p><span class=\"has-inline-color has-luminous-vivid-orange-color\">Voc\u00ea provou ser um homem de palavra, cumprindo a promessa que me fez publicamente alguns meses atr\u00e1s: princ\u00edpios antes do lucro. Seu comprometimento com a liberdade de express\u00e3o, n\u00e3o apenas no Brasil, mas no mundo todo, est\u00e1 ajudando a proteger nossa civiliza\u00e7\u00e3o. Deus o aben\u00e7oe&#8221;.<\/span><\/p><\/blockquote>\n\n\n\n<div class=\"wp-block-image\"><figure class=\"aligncenter size-large is-resized\"><a href=\"https:\/\/www.facebook.com\/vetor.vix\/\"><img loading=\"lazy\" decoding=\"async\" src=\"https:\/\/jornalfatosenoticias.com.br\/wp-content\/uploads\/2023\/09\/vetorvix1024_1.jpg\" alt=\"\" class=\"wp-image-44868\" width=\"486\" height=\"129\" srcset=\"https:\/\/jornalfatosenoticias.com.br\/wp-content\/uploads\/2023\/09\/vetorvix1024_1.jpg 1024w, https:\/\/jornalfatosenoticias.com.br\/wp-content\/uploads\/2023\/09\/vetorvix1024_1-300x80.jpg 300w, https:\/\/jornalfatosenoticias.com.br\/wp-content\/uploads\/2023\/09\/vetorvix1024_1-768x205.jpg 768w\" sizes=\"auto, (max-width: 486px) 100vw, 486px\" \/><\/a><\/figure><\/div>\n\n\n\n<p>Parlamentares de oposi\u00e7\u00e3o ao governo tamb\u00e9m se manifestaram diante da gravidade do fechamento do escrit\u00f3rio do X no pa\u00eds. O deputado federal Marcel Van Hatten (Novo-RS) replicou a nota publicada pela rede social e comentou: <em><span class=\"has-inline-color has-black-color\">\u201cURGENTE: X fecha as portas no Brasil! O povo brasileiro tem uma escolha a fazer \u2014 democracia ou Alexandre de Moraes&#8221;.<\/span><\/em><\/p>\n\n\n\n<div class=\"wp-block-image\"><figure class=\"aligncenter size-large\"><a href=\"http:\/\/www.ferrarimaquinas.com.br\/\"><img loading=\"lazy\" decoding=\"async\" width=\"300\" height=\"250\" src=\"https:\/\/jornalfatosenoticias.com.br\/wp-content\/uploads\/2022\/02\/FERRARI_MAQUINAS-E-FERRAMENTAS2.jpg\" alt=\"\" class=\"wp-image-27860\"\/><\/a><\/figure><\/div>\n\n\n\n<p>O deputado Nikolas Ferreira (PL-MG) tamb\u00e9m replicou o trecho da nota do X e afirmou \u201ceu escolho democracia. Dia 7 estarei na Paulista\u201d, em alus\u00e3o \u00e0s manifesta\u00e7\u00f5es do dia 7 de setembro em S\u00e3o Paulo. Em outra postagem, publicada em ingl\u00eas, o parlamentar mineiro reafirmou que ir\u00e1 \u00e0 Paulista pelo impeachment de Alexandre de Moraes e convidou Elon Musk a participar do ato.<\/p>\n\n\n\n<div class=\"wp-block-image\"><figure class=\"aligncenter size-large is-resized\"><img loading=\"lazy\" decoding=\"async\" src=\"https:\/\/jornalfatosenoticias.com.br\/wp-content\/uploads\/2022\/02\/Precisao-Contabilidade-1024x724.jpg\" alt=\"\" class=\"wp-image-28088\" width=\"361\" height=\"255\"\/><\/figure><\/div>\n\n\n\n<blockquote class=\"wp-block-quote is-layout-flow wp-block-quote-is-layout-flow\"><p>Em resposta ao deputado, Musk afirmou &#8220;n\u00e3o h\u00e1 d\u00favidas de que Moraes precisa sair. Ter uma \u201cjusti\u00e7a\u201d que viola a lei repetidamente e flagrantemente n\u00e3o \u00e9 justi\u00e7a nenhuma&#8221;.<\/p><\/blockquote>\n\n\n\n<div class=\"wp-block-image\"><figure class=\"aligncenter size-large is-resized\"><a href=\"https:\/\/www.controlsystems.com.br\/\"><img loading=\"lazy\" decoding=\"async\" src=\"https:\/\/jornalfatosenoticias.com.br\/wp-content\/uploads\/2020\/02\/CONTROL-CS.jpg\" alt=\"\" class=\"wp-image-44991\" width=\"301\" height=\"361\" srcset=\"https:\/\/jornalfatosenoticias.com.br\/wp-content\/uploads\/2020\/02\/CONTROL-CS.jpg 834w, https:\/\/jornalfatosenoticias.com.br\/wp-content\/uploads\/2020\/02\/CONTROL-CS-250x300.jpg 250w, https:\/\/jornalfatosenoticias.com.br\/wp-content\/uploads\/2020\/02\/CONTROL-CS-768x921.jpg 768w\" sizes=\"auto, (max-width: 301px) 100vw, 301px\" \/><\/a><\/figure><\/div>\n\n\n\n<p>J\u00e1 o deputado Gustavo Gayer (PL-GO) mostrou sua perplexidade diante do fechamento do escrit\u00f3rio da rede no pa\u00eds por meio de um v\u00eddeo publicado em seu perfil no X, no qual afirmou que <em><span class=\"has-inline-color has-black-color\">\u201ceu n\u00e3o consigo acreditar que a gente chegou nesse buraco de censura e persegui\u00e7\u00e3o como a gente est\u00e1 vivendo agora\u201d.<\/span><\/em> O parlamentar explica o que ocorreu e diz que \u201cAlexandre de Moraes h\u00e1 algum tempo t\u00e1 mandando censurar um monte de gente. Ele n\u00e3o faz fundamenta\u00e7\u00e3o nenhuma, ele s\u00f3 manda uma mensagem para o X e fala: em duas horas eu quero tal canal derrubado e que todas as informa\u00e7\u00f5es sejam passadas para mim\u201d. Gayer explica que, por seguir as leis, o X n\u00e3o tem feito isso.<\/p>\n\n\n\n<div class=\"wp-block-image\"><figure class=\"aligncenter size-large is-resized\"><a href=\"https:\/\/panper.com.br\/\"><img loading=\"lazy\" decoding=\"async\" src=\"https:\/\/jornalfatosenoticias.com.br\/wp-content\/uploads\/2023\/03\/logo-Panper_portal.jpg\" alt=\"\" class=\"wp-image-40208\" width=\"318\" height=\"220\" srcset=\"https:\/\/jornalfatosenoticias.com.br\/wp-content\/uploads\/2023\/03\/logo-Panper_portal.jpg 400w, https:\/\/jornalfatosenoticias.com.br\/wp-content\/uploads\/2023\/03\/logo-Panper_portal-300x208.jpg 300w\" sizes=\"auto, (max-width: 318px) 100vw, 318px\" \/><\/a><\/figure><\/div>\n\n\n\n<p>Mais adiante, o deputado ainda afirma que o X est\u00e1 fechando seu escrit\u00f3rio no pa\u00eds e que seus funcion\u00e1rios est\u00e3o fugindo do Brasil, para prosseguir dizendo: \u201cisso \u00e9 Cuba, meu irm\u00e3o, isso \u00e9 Venezuela, n\u00e3o tem cabimento. Voc\u00ea est\u00e1 falando s\u00e9rio que funcion\u00e1rios de uma empresa, de uma das maiores redes sociais do mundo t\u00eam que fugir do Brasil para n\u00e3o serem presos, porque eles n\u00e3o acataram ordens ilegais do Alexandre de Moraes?\u201d.<br>O deputado Rodrigo Valadares (Uni\u00e3o-SE) expressou sua preocupa\u00e7\u00e3o com o impacto que a medida pode ter na percep\u00e7\u00e3o internacional do Brasil.<\/p>\n\n\n\n<div class=\"wp-block-image\"><figure class=\"aligncenter size-large is-resized\"><a href=\"https:\/\/cesconetto.com.br\/\"><img loading=\"lazy\" decoding=\"async\" src=\"https:\/\/jornalfatosenoticias.com.br\/wp-content\/uploads\/2020\/02\/Banner-2.png\" alt=\"\" class=\"wp-image-43787\" width=\"300\" height=\"250\"\/><\/a><\/figure><\/div>\n\n\n\n<blockquote class=\"wp-block-quote is-layout-flow wp-block-quote-is-layout-flow\"><p><span class=\"has-inline-color has-luminous-vivid-orange-color\">Amea\u00e7ar com pris\u00e3o os representantes de uma empresa global como o X \u00e9 um golpe na imagem do Brasil no exterior. Estamos passando a mensagem de que aqui n\u00e3o h\u00e1 respeito pela liberdade de express\u00e3o e que qualquer um pode ser alvo de press\u00f5es autorit\u00e1rias. Isso s\u00f3 prejudica nossa reputa\u00e7\u00e3o e afasta investimentos essenciais para o desenvolvimento do pa\u00eds\u201d, afirmou em nota.<\/span><\/p><\/blockquote>\n\n\n\n<div class=\"wp-block-image\"><figure class=\"aligncenter size-large is-resized\"><a href=\"https:\/\/hotelmarquetti.com.br\/\"><img loading=\"lazy\" decoding=\"async\" src=\"https:\/\/jornalfatosenoticias.com.br\/wp-content\/uploads\/2020\/02\/nova-logo-Marquetti.jpg\" alt=\"\" class=\"wp-image-22331\" width=\"326\" height=\"219\" srcset=\"https:\/\/jornalfatosenoticias.com.br\/wp-content\/uploads\/2020\/02\/nova-logo-Marquetti.jpg 643w, https:\/\/jornalfatosenoticias.com.br\/wp-content\/uploads\/2020\/02\/nova-logo-Marquetti-300x202.jpg 300w\" sizes=\"auto, (max-width: 326px) 100vw, 326px\" \/><\/a><\/figure><\/div>\n\n\n\n<p>J\u00e1 o senador Eduardo Gir\u00e3o (Novo-CE) republicou a nota do X, bem como uma postagem do analista pol\u00edtico Cl\u00e1udio Dantas, na qual comenta que \u201cMoraes agora resolveu prender tamb\u00e9m os advogados. A OAB o endossa? E o Prerr\u00f4 [referindo-se ao grupo Prerrogativas, composto por juristas e que apoia o governo]?\u201d.<\/p>\n\n\n\n<div class=\"wp-block-image\"><figure class=\"aligncenter size-large is-resized\"><a href=\"https:\/\/www.ithbrasil.com.br\/\"><img loading=\"lazy\" decoding=\"async\" src=\"https:\/\/jornalfatosenoticias.com.br\/wp-content\/uploads\/2023\/08\/ITH.jpeg\" alt=\"\" class=\"wp-image-44638\" width=\"289\" height=\"235\" srcset=\"https:\/\/jornalfatosenoticias.com.br\/wp-content\/uploads\/2023\/08\/ITH.jpeg 800w, https:\/\/jornalfatosenoticias.com.br\/wp-content\/uploads\/2023\/08\/ITH-300x244.jpeg 300w, https:\/\/jornalfatosenoticias.com.br\/wp-content\/uploads\/2023\/08\/ITH-768x624.jpeg 768w\" sizes=\"auto, (max-width: 289px) 100vw, 289px\" \/><\/a><\/figure><\/div>\n\n\n\n<p><strong><span class=\"has-inline-color has-black-color\">Poss\u00edvel proibi\u00e7\u00e3o do X no pa\u00eds<br><\/span><\/strong>J\u00e1 o deputado Eduardo Bolsonaro (PL-SP) afirmou que \u201cem breve n\u00e3o teremos rede X no Brasil\u201d e que \u201cprovavelmente o X vai cair no Brasil, ter\u00e1 sua URL bloqueada e a X sair\u00e1 da Apple Store AINDA NESTA ELEI\u00c7\u00c3O\u201d. Na mesma linha, Fabiana Barroso, jurista e comentarista pol\u00edtica pela Gazeta do Povo, afirmou que \u201csem representa\u00e7\u00e3o legal, o pr\u00f3ximo passo do Ministro pode determinar o fim da plataforma para n\u00f3s brasileiros\u201d.<\/p>\n\n\n\n<div class=\"wp-block-image\"><figure class=\"aligncenter size-large is-resized\"><a href=\"https:\/\/www.instagram.com\/restaurantepegoretti\/\"><img loading=\"lazy\" decoding=\"async\" src=\"https:\/\/jornalfatosenoticias.com.br\/wp-content\/uploads\/2023\/12\/pegoretti-logo-pdf-1024x389.jpg\" alt=\"\" class=\"wp-image-47536\" width=\"422\" height=\"160\" srcset=\"https:\/\/jornalfatosenoticias.com.br\/wp-content\/uploads\/2023\/12\/pegoretti-logo-pdf-1024x389.jpg 1024w, https:\/\/jornalfatosenoticias.com.br\/wp-content\/uploads\/2023\/12\/pegoretti-logo-pdf-300x114.jpg 300w, https:\/\/jornalfatosenoticias.com.br\/wp-content\/uploads\/2023\/12\/pegoretti-logo-pdf-768x291.jpg 768w, https:\/\/jornalfatosenoticias.com.br\/wp-content\/uploads\/2023\/12\/pegoretti-logo-pdf.jpg 1120w\" sizes=\"auto, (max-width: 422px) 100vw, 422px\" \/><\/a><\/figure><\/div>\n\n\n\n<p>Na nota em que anuncia o fechamento de seu escrit\u00f3rio no pa\u00eds, a rede social afirma que \u201co servi\u00e7o X continua dispon\u00edvel para a popula\u00e7\u00e3o do Brasil\u201d. Ou seja, a princ\u00edpio, mesmo com o fechamento do escrit\u00f3rio nacional, os brasileiros seguem tendo acesso \u00e0 plataforma.<\/p>\n\n\n\n<div class=\"wp-block-image\"><figure class=\"aligncenter size-large is-resized\"><a href=\"https:\/\/www.facebook.com\/postobkr\/?locale=pt_BR\"><img loading=\"lazy\" decoding=\"async\" src=\"https:\/\/jornalfatosenoticias.com.br\/wp-content\/uploads\/2023\/08\/BKR-1024x1021.jpg\" alt=\"\" class=\"wp-image-44494\" width=\"275\" height=\"274\" srcset=\"https:\/\/jornalfatosenoticias.com.br\/wp-content\/uploads\/2023\/08\/BKR-1024x1021.jpg 1024w, https:\/\/jornalfatosenoticias.com.br\/wp-content\/uploads\/2023\/08\/BKR-300x300.jpg 300w, https:\/\/jornalfatosenoticias.com.br\/wp-content\/uploads\/2023\/08\/BKR-150x150.jpg 150w, https:\/\/jornalfatosenoticias.com.br\/wp-content\/uploads\/2023\/08\/BKR-768x766.jpg 768w, https:\/\/jornalfatosenoticias.com.br\/wp-content\/uploads\/2023\/08\/BKR.jpg 1080w\" sizes=\"auto, (max-width: 275px) 100vw, 275px\" \/><\/a><\/figure><\/div>\n\n\n\n<p>No dia 7 de abril deste ano, reportagem publicada pelo portal UOL, revelou que interlocutores de Moraes, tanto do Supremo Tribunal Federal, quanto do Tribunal Superior Eleitoral, que era presidido pelo ministro, teriam procurado a presid\u00eancia da Ag\u00eancia Nacional de Telecomunica\u00e7\u00f5es (Anatel) para pedir informa\u00e7\u00f5es sobre os procedimentos necess\u00e1rios para desabilitar a rede social.<\/p>\n\n\n\n<div class=\"wp-block-image\"><figure class=\"aligncenter size-large is-resized\"><a href=\"https:\/\/www.instagram.com\/rapuzeljastro\/\"><img loading=\"lazy\" decoding=\"async\" src=\"https:\/\/jornalfatosenoticias.com.br\/wp-content\/uploads\/2020\/02\/logo-Rapuzel-1024x571.jpg\" alt=\"\" class=\"wp-image-42808\" width=\"343\" height=\"191\" srcset=\"https:\/\/jornalfatosenoticias.com.br\/wp-content\/uploads\/2020\/02\/logo-Rapuzel-1024x571.jpg 1024w, https:\/\/jornalfatosenoticias.com.br\/wp-content\/uploads\/2020\/02\/logo-Rapuzel-300x167.jpg 300w, https:\/\/jornalfatosenoticias.com.br\/wp-content\/uploads\/2020\/02\/logo-Rapuzel-768x428.jpg 768w, https:\/\/jornalfatosenoticias.com.br\/wp-content\/uploads\/2020\/02\/logo-Rapuzel-1536x856.jpg 1536w, https:\/\/jornalfatosenoticias.com.br\/wp-content\/uploads\/2020\/02\/logo-Rapuzel.jpg 1600w\" sizes=\"auto, (max-width: 343px) 100vw, 343px\" \/><\/a><\/figure><\/div>\n\n\n\n<p>A consulta teria sido motivada pelo embate p\u00fablico que vinha sendo travado entre Elon Musk e o ministro nas redes sociais em raz\u00e3o da divulga\u00e7\u00e3o dos Twitter Files Brasil \u2014 a revela\u00e7\u00e3o de uma s\u00e9rie de documentos que demonstraram um amplo esfor\u00e7o de censura governamental durante a pandemia de covid-19 e nas elei\u00e7\u00f5es presidenciais no Brasil em 2022, assim como a persegui\u00e7\u00e3o a conservadores.<\/p>\n\n\n\n<div class=\"wp-block-image\"><figure class=\"aligncenter size-large is-resized\"><a href=\"https:\/\/www.instagram.com\/vmais.midias\/\"><img loading=\"lazy\" decoding=\"async\" src=\"https:\/\/jornalfatosenoticias.com.br\/wp-content\/uploads\/2020\/02\/DE-MAIS-DESTAQUE-VMAIS-800X700.png\" alt=\"\" class=\"wp-image-53112\" width=\"305\" height=\"266\" srcset=\"https:\/\/jornalfatosenoticias.com.br\/wp-content\/uploads\/2020\/02\/DE-MAIS-DESTAQUE-VMAIS-800X700.png 800w, https:\/\/jornalfatosenoticias.com.br\/wp-content\/uploads\/2020\/02\/DE-MAIS-DESTAQUE-VMAIS-800X700-300x263.png 300w, https:\/\/jornalfatosenoticias.com.br\/wp-content\/uploads\/2020\/02\/DE-MAIS-DESTAQUE-VMAIS-800X700-768x672.png 768w\" sizes=\"auto, (max-width: 305px) 100vw, 305px\" \/><\/a><\/figure><\/div>\n\n\n\n<p>\u00c0 \u00e9poca, conforme reportado pela Gazeta do Povo, o X estava ou tinha estado bloqueado em sete pa\u00edses \u2014 todos eles governados por regimes ditatoriais ou autocr\u00e1ticos: Coreia do Norte, China, Ir\u00e3, Vietn\u00e3, R\u00fassia, Turquia, Turcomenist\u00e3o.<\/p>\n\n\n\n<p><strong><em>Fonte: <a href=\"https:\/\/www.gazetadopovo.com.br\/mundo\/fechamento-do-x-no-brasil-musk-afirma-que-nao-poderiam-seguir-ordens-de-moraes-sem-ficarem-envergonhados\/?ref=escolhas-do-editor\">Gazeta do Povo<\/a><\/em><\/strong><\/p>\n","protected":false},"excerpt":{"rendered":"<p>Elon Musk, dono do X, afirmou que seria vergonhoso acatar ordens do ministro Alexandre de Moraes Por Roberta Ribeiro Elon Musk afirmou, na tarde de s\u00e1bado (17), em seu perfil no X, que a decis\u00e3o de fechar o escrit\u00f3rio da rede social no Brasil foi dif\u00edcil, mas que se ele e seus funcion\u00e1rios tivessem que [&hellip;]<\/p>\n","protected":false},"author":2,"featured_media":53569,"comment_status":"open","ping_status":"open","sticky":false,"template":"","format":"standard","meta":{"footnotes":""},"categories":[5],"tags":[4721,13889,1344,23019,13467,1634,23020,2140,16935,10124,18995,1563,294,16716,23444,24415],"class_list":["post-53568","post","type-post","status-publish","format-standard","has-post-thumbnail","hentry","category-geral","tag-7-de-setembro","tag-alexandre-de-moraes","tag-democracia","tag-eduardo-bolsonaro","tag-eduardo-girao","tag-elon-musk","tag-gustavo-gayer","tag-impeachment","tag-liberdade-de-expressao","tag-manifestacoes","tag-nikolas-ferreira","tag-redes-sociais","tag-stf","tag-twitter","tag-twitter-files","tag-x"],"yoast_head":"<!-- This site is optimized with the Yoast SEO plugin v26.5 - https:\/\/yoast.com\/wordpress\/plugins\/seo\/ -->\n<title>Fechamento do X no Brasil: Musk afirma que n\u00e3o poderiam seguir ordens de Moraes sem ficarem \u201cenvergonhados\u201d - Jornal Fatos e Not\u00edcias<\/title>\n<meta name=\"robots\" content=\"index, follow, max-snippet:-1, max-image-preview:large, max-video-preview:-1\" \/>\n<link rel=\"canonical\" href=\"https:\/\/jornalfatosenoticias.com.br\/index.php\/2024\/08\/19\/fechamento-do-x-no-brasil-musk-afirma-que-nao-poderiam-seguir-ordens-de-moraes-sem-ficarem-envergonhados\/\" \/>\n<meta property=\"og:locale\" content=\"pt_BR\" \/>\n<meta property=\"og:type\" content=\"article\" \/>\n<meta property=\"og:title\" content=\"Fechamento do X no Brasil: Musk afirma que n\u00e3o poderiam seguir ordens de Moraes sem ficarem \u201cenvergonhados\u201d - Jornal Fatos e Not\u00edcias\" \/>\n<meta property=\"og:description\" content=\"Elon Musk, dono do X, afirmou que seria vergonhoso acatar ordens do ministro Alexandre de Moraes Por Roberta Ribeiro Elon Musk afirmou, na tarde de s\u00e1bado (17), em seu perfil no X, que a decis\u00e3o de fechar o escrit\u00f3rio da rede social no Brasil foi dif\u00edcil, mas que se ele e seus funcion\u00e1rios tivessem que [&hellip;]\" \/>\n<meta property=\"og:url\" content=\"https:\/\/jornalfatosenoticias.com.br\/index.php\/2024\/08\/19\/fechamento-do-x-no-brasil-musk-afirma-que-nao-poderiam-seguir-ordens-de-moraes-sem-ficarem-envergonhados\/\" \/>\n<meta property=\"og:site_name\" content=\"Jornal Fatos e Not\u00edcias\" \/>\n<meta property=\"article:published_time\" content=\"2024-08-19T13:26:02+00:00\" \/>\n<meta property=\"article:modified_time\" content=\"2024-08-19T13:26:04+00:00\" \/>\n<meta property=\"og:image\" content=\"https:\/\/jornalfatosenoticias.com.br\/wp-content\/uploads\/2024\/08\/elon-musk_gettyimages.jpg\" \/>\n\t<meta property=\"og:image:width\" content=\"612\" \/>\n\t<meta property=\"og:image:height\" content=\"408\" \/>\n\t<meta property=\"og:image:type\" content=\"image\/jpeg\" \/>\n<meta name=\"author\" content=\"Luzimara Fernandes\" \/>\n<meta name=\"twitter:card\" content=\"summary_large_image\" \/>\n<meta name=\"twitter:label1\" content=\"Escrito por\" \/>\n\t<meta name=\"twitter:data1\" content=\"Luzimara Fernandes\" \/>\n\t<meta name=\"twitter:label2\" content=\"Est. tempo de leitura\" \/>\n\t<meta name=\"twitter:data2\" content=\"5 minutos\" \/>\n<script type=\"application\/ld+json\" class=\"yoast-schema-graph\">{\"@context\":\"https:\/\/schema.org\",\"@graph\":[{\"@type\":\"Article\",\"@id\":\"https:\/\/jornalfatosenoticias.com.br\/index.php\/2024\/08\/19\/fechamento-do-x-no-brasil-musk-afirma-que-nao-poderiam-seguir-ordens-de-moraes-sem-ficarem-envergonhados\/#article\",\"isPartOf\":{\"@id\":\"https:\/\/jornalfatosenoticias.com.br\/index.php\/2024\/08\/19\/fechamento-do-x-no-brasil-musk-afirma-que-nao-poderiam-seguir-ordens-de-moraes-sem-ficarem-envergonhados\/\"},\"author\":{\"name\":\"Luzimara Fernandes\",\"@id\":\"https:\/\/jornalfatosenoticias.com.br\/#\/schema\/person\/d63837fa13ac8666eb9e74e0985d6f81\"},\"headline\":\"Fechamento do X no Brasil: Musk afirma que n\u00e3o poderiam seguir ordens de Moraes sem ficarem \u201cenvergonhados\u201d\",\"datePublished\":\"2024-08-19T13:26:02+00:00\",\"dateModified\":\"2024-08-19T13:26:04+00:00\",\"mainEntityOfPage\":{\"@id\":\"https:\/\/jornalfatosenoticias.com.br\/index.php\/2024\/08\/19\/fechamento-do-x-no-brasil-musk-afirma-que-nao-poderiam-seguir-ordens-de-moraes-sem-ficarem-envergonhados\/\"},\"wordCount\":1096,\"commentCount\":0,\"publisher\":{\"@id\":\"https:\/\/jornalfatosenoticias.com.br\/#organization\"},\"image\":{\"@id\":\"https:\/\/jornalfatosenoticias.com.br\/index.php\/2024\/08\/19\/fechamento-do-x-no-brasil-musk-afirma-que-nao-poderiam-seguir-ordens-de-moraes-sem-ficarem-envergonhados\/#primaryimage\"},\"thumbnailUrl\":\"https:\/\/jornalfatosenoticias.com.br\/wp-content\/uploads\/2024\/08\/elon-musk_gettyimages.jpg\",\"keywords\":[\"7 de Setembro\",\"Alexandre de Moraes\",\"democracia\",\"Eduardo Bolsonaro\",\"Eduardo Gir\u00e3o\",\"Elon Musk\",\"Gustavo Gayer\",\"impeachment\",\"liberdade de express\u00e3o\",\"manifesta\u00e7\u00f5es\",\"Nikolas Ferreira\",\"redes sociais\",\"STF\",\"TWITTER\",\"Twitter Files\",\"X\"],\"articleSection\":[\"Geral\"],\"inLanguage\":\"pt-BR\",\"potentialAction\":[{\"@type\":\"CommentAction\",\"name\":\"Comment\",\"target\":[\"https:\/\/jornalfatosenoticias.com.br\/index.php\/2024\/08\/19\/fechamento-do-x-no-brasil-musk-afirma-que-nao-poderiam-seguir-ordens-de-moraes-sem-ficarem-envergonhados\/#respond\"]}]},{\"@type\":\"WebPage\",\"@id\":\"https:\/\/jornalfatosenoticias.com.br\/index.php\/2024\/08\/19\/fechamento-do-x-no-brasil-musk-afirma-que-nao-poderiam-seguir-ordens-de-moraes-sem-ficarem-envergonhados\/\",\"url\":\"https:\/\/jornalfatosenoticias.com.br\/index.php\/2024\/08\/19\/fechamento-do-x-no-brasil-musk-afirma-que-nao-poderiam-seguir-ordens-de-moraes-sem-ficarem-envergonhados\/\",\"name\":\"Fechamento do X no Brasil: Musk afirma que n\u00e3o poderiam seguir ordens de Moraes sem ficarem \u201cenvergonhados\u201d - Jornal Fatos e Not\u00edcias\",\"isPartOf\":{\"@id\":\"https:\/\/jornalfatosenoticias.com.br\/#website\"},\"primaryImageOfPage\":{\"@id\":\"https:\/\/jornalfatosenoticias.com.br\/index.php\/2024\/08\/19\/fechamento-do-x-no-brasil-musk-afirma-que-nao-poderiam-seguir-ordens-de-moraes-sem-ficarem-envergonhados\/#primaryimage\"},\"image\":{\"@id\":\"https:\/\/jornalfatosenoticias.com.br\/index.php\/2024\/08\/19\/fechamento-do-x-no-brasil-musk-afirma-que-nao-poderiam-seguir-ordens-de-moraes-sem-ficarem-envergonhados\/#primaryimage\"},\"thumbnailUrl\":\"https:\/\/jornalfatosenoticias.com.br\/wp-content\/uploads\/2024\/08\/elon-musk_gettyimages.jpg\",\"datePublished\":\"2024-08-19T13:26:02+00:00\",\"dateModified\":\"2024-08-19T13:26:04+00:00\",\"breadcrumb\":{\"@id\":\"https:\/\/jornalfatosenoticias.com.br\/index.php\/2024\/08\/19\/fechamento-do-x-no-brasil-musk-afirma-que-nao-poderiam-seguir-ordens-de-moraes-sem-ficarem-envergonhados\/#breadcrumb\"},\"inLanguage\":\"pt-BR\",\"potentialAction\":[{\"@type\":\"ReadAction\",\"target\":[\"https:\/\/jornalfatosenoticias.com.br\/index.php\/2024\/08\/19\/fechamento-do-x-no-brasil-musk-afirma-que-nao-poderiam-seguir-ordens-de-moraes-sem-ficarem-envergonhados\/\"]}]},{\"@type\":\"ImageObject\",\"inLanguage\":\"pt-BR\",\"@id\":\"https:\/\/jornalfatosenoticias.com.br\/index.php\/2024\/08\/19\/fechamento-do-x-no-brasil-musk-afirma-que-nao-poderiam-seguir-ordens-de-moraes-sem-ficarem-envergonhados\/#primaryimage\",\"url\":\"https:\/\/jornalfatosenoticias.com.br\/wp-content\/uploads\/2024\/08\/elon-musk_gettyimages.jpg\",\"contentUrl\":\"https:\/\/jornalfatosenoticias.com.br\/wp-content\/uploads\/2024\/08\/elon-musk_gettyimages.jpg\",\"width\":612,\"height\":408,\"caption\":\"CANNES, FRANCE - JUNE 19: Chief Technology Officer of X Elon Musk speaks onstage during the \\\"Exploring the New Frontiers of Innovation: Mark Read in Conversation with Elon Musk\\\" session at the Lumiere Theatre during the Cannes Lions International Festival Of Creativity 2024 - Day Three on June 19, 2024 in Cannes, France. (Photo by Richard Bord\/WireImage)\"},{\"@type\":\"BreadcrumbList\",\"@id\":\"https:\/\/jornalfatosenoticias.com.br\/index.php\/2024\/08\/19\/fechamento-do-x-no-brasil-musk-afirma-que-nao-poderiam-seguir-ordens-de-moraes-sem-ficarem-envergonhados\/#breadcrumb\",\"itemListElement\":[{\"@type\":\"ListItem\",\"position\":1,\"name\":\"In\u00edcio\",\"item\":\"https:\/\/jornalfatosenoticias.com.br\/\"},{\"@type\":\"ListItem\",\"position\":2,\"name\":\"Fechamento do X no Brasil: Musk afirma que n\u00e3o poderiam seguir ordens de Moraes sem ficarem \u201cenvergonhados\u201d\"}]},{\"@type\":\"WebSite\",\"@id\":\"https:\/\/jornalfatosenoticias.com.br\/#website\",\"url\":\"https:\/\/jornalfatosenoticias.com.br\/\",\"name\":\"Jornal Fatos e Not\u00edcias\",\"description\":\"Not\u00edcias em geral\",\"publisher\":{\"@id\":\"https:\/\/jornalfatosenoticias.com.br\/#organization\"},\"potentialAction\":[{\"@type\":\"SearchAction\",\"target\":{\"@type\":\"EntryPoint\",\"urlTemplate\":\"https:\/\/jornalfatosenoticias.com.br\/?s={search_term_string}\"},\"query-input\":{\"@type\":\"PropertyValueSpecification\",\"valueRequired\":true,\"valueName\":\"search_term_string\"}}],\"inLanguage\":\"pt-BR\"},{\"@type\":\"Organization\",\"@id\":\"https:\/\/jornalfatosenoticias.com.br\/#organization\",\"name\":\"Jornal Fatos e Not\u00edcias\",\"url\":\"https:\/\/jornalfatosenoticias.com.br\/\",\"logo\":{\"@type\":\"ImageObject\",\"inLanguage\":\"pt-BR\",\"@id\":\"https:\/\/jornalfatosenoticias.com.br\/#\/schema\/logo\/image\/\",\"url\":\"https:\/\/jornalfatosenoticias.com.br\/wp-content\/uploads\/2020\/02\/logo120.png\",\"contentUrl\":\"https:\/\/jornalfatosenoticias.com.br\/wp-content\/uploads\/2020\/02\/logo120.png\",\"width\":1227,\"height\":120,\"caption\":\"Jornal Fatos e Not\u00edcias\"},\"image\":{\"@id\":\"https:\/\/jornalfatosenoticias.com.br\/#\/schema\/logo\/image\/\"}},{\"@type\":\"Person\",\"@id\":\"https:\/\/jornalfatosenoticias.com.br\/#\/schema\/person\/d63837fa13ac8666eb9e74e0985d6f81\",\"name\":\"Luzimara Fernandes\",\"image\":{\"@type\":\"ImageObject\",\"inLanguage\":\"pt-BR\",\"@id\":\"https:\/\/jornalfatosenoticias.com.br\/#\/schema\/person\/image\/\",\"url\":\"https:\/\/jornalfatosenoticias.com.br\/wp-content\/uploads\/2025\/05\/EU_portal.jpg\",\"contentUrl\":\"https:\/\/jornalfatosenoticias.com.br\/wp-content\/uploads\/2025\/05\/EU_portal.jpg\",\"caption\":\"Luzimara Fernandes\"},\"description\":\"Jornalista MTB 2358-ES\",\"sameAs\":[\"https:\/\/jornalfatosenoticias.com.br\"],\"url\":\"https:\/\/jornalfatosenoticias.com.br\/index.php\/author\/luzimara\/\"}]}<\/script>\n<!-- \/ Yoast SEO plugin. -->","yoast_head_json":{"title":"Fechamento do X no Brasil: Musk afirma que n\u00e3o poderiam seguir ordens de Moraes sem ficarem \u201cenvergonhados\u201d - Jornal Fatos e Not\u00edcias","robots":{"index":"index","follow":"follow","max-snippet":"max-snippet:-1","max-image-preview":"max-image-preview:large","max-video-preview":"max-video-preview:-1"},"canonical":"https:\/\/jornalfatosenoticias.com.br\/index.php\/2024\/08\/19\/fechamento-do-x-no-brasil-musk-afirma-que-nao-poderiam-seguir-ordens-de-moraes-sem-ficarem-envergonhados\/","og_locale":"pt_BR","og_type":"article","og_title":"Fechamento do X no Brasil: Musk afirma que n\u00e3o poderiam seguir ordens de Moraes sem ficarem \u201cenvergonhados\u201d - Jornal Fatos e Not\u00edcias","og_description":"Elon Musk, dono do X, afirmou que seria vergonhoso acatar ordens do ministro Alexandre de Moraes Por Roberta Ribeiro Elon Musk afirmou, na tarde de s\u00e1bado (17), em seu perfil no X, que a decis\u00e3o de fechar o escrit\u00f3rio da rede social no Brasil foi dif\u00edcil, mas que se ele e seus funcion\u00e1rios tivessem que [&hellip;]","og_url":"https:\/\/jornalfatosenoticias.com.br\/index.php\/2024\/08\/19\/fechamento-do-x-no-brasil-musk-afirma-que-nao-poderiam-seguir-ordens-de-moraes-sem-ficarem-envergonhados\/","og_site_name":"Jornal Fatos e Not\u00edcias","article_published_time":"2024-08-19T13:26:02+00:00","article_modified_time":"2024-08-19T13:26:04+00:00","og_image":[{"width":612,"height":408,"url":"https:\/\/jornalfatosenoticias.com.br\/wp-content\/uploads\/2024\/08\/elon-musk_gettyimages.jpg","type":"image\/jpeg"}],"author":"Luzimara Fernandes","twitter_card":"summary_large_image","twitter_misc":{"Escrito por":"Luzimara Fernandes","Est. tempo de leitura":"5 minutos"},"schema":{"@context":"https:\/\/schema.org","@graph":[{"@type":"Article","@id":"https:\/\/jornalfatosenoticias.com.br\/index.php\/2024\/08\/19\/fechamento-do-x-no-brasil-musk-afirma-que-nao-poderiam-seguir-ordens-de-moraes-sem-ficarem-envergonhados\/#article","isPartOf":{"@id":"https:\/\/jornalfatosenoticias.com.br\/index.php\/2024\/08\/19\/fechamento-do-x-no-brasil-musk-afirma-que-nao-poderiam-seguir-ordens-de-moraes-sem-ficarem-envergonhados\/"},"author":{"name":"Luzimara Fernandes","@id":"https:\/\/jornalfatosenoticias.com.br\/#\/schema\/person\/d63837fa13ac8666eb9e74e0985d6f81"},"headline":"Fechamento do X no Brasil: Musk afirma que n\u00e3o poderiam seguir ordens de Moraes sem ficarem \u201cenvergonhados\u201d","datePublished":"2024-08-19T13:26:02+00:00","dateModified":"2024-08-19T13:26:04+00:00","mainEntityOfPage":{"@id":"https:\/\/jornalfatosenoticias.com.br\/index.php\/2024\/08\/19\/fechamento-do-x-no-brasil-musk-afirma-que-nao-poderiam-seguir-ordens-de-moraes-sem-ficarem-envergonhados\/"},"wordCount":1096,"commentCount":0,"publisher":{"@id":"https:\/\/jornalfatosenoticias.com.br\/#organization"},"image":{"@id":"https:\/\/jornalfatosenoticias.com.br\/index.php\/2024\/08\/19\/fechamento-do-x-no-brasil-musk-afirma-que-nao-poderiam-seguir-ordens-de-moraes-sem-ficarem-envergonhados\/#primaryimage"},"thumbnailUrl":"https:\/\/jornalfatosenoticias.com.br\/wp-content\/uploads\/2024\/08\/elon-musk_gettyimages.jpg","keywords":["7 de Setembro","Alexandre de Moraes","democracia","Eduardo Bolsonaro","Eduardo Gir\u00e3o","Elon Musk","Gustavo Gayer","impeachment","liberdade de express\u00e3o","manifesta\u00e7\u00f5es","Nikolas Ferreira","redes sociais","STF","TWITTER","Twitter Files","X"],"articleSection":["Geral"],"inLanguage":"pt-BR","potentialAction":[{"@type":"CommentAction","name":"Comment","target":["https:\/\/jornalfatosenoticias.com.br\/index.php\/2024\/08\/19\/fechamento-do-x-no-brasil-musk-afirma-que-nao-poderiam-seguir-ordens-de-moraes-sem-ficarem-envergonhados\/#respond"]}]},{"@type":"WebPage","@id":"https:\/\/jornalfatosenoticias.com.br\/index.php\/2024\/08\/19\/fechamento-do-x-no-brasil-musk-afirma-que-nao-poderiam-seguir-ordens-de-moraes-sem-ficarem-envergonhados\/","url":"https:\/\/jornalfatosenoticias.com.br\/index.php\/2024\/08\/19\/fechamento-do-x-no-brasil-musk-afirma-que-nao-poderiam-seguir-ordens-de-moraes-sem-ficarem-envergonhados\/","name":"Fechamento do X no Brasil: Musk afirma que n\u00e3o poderiam seguir ordens de Moraes sem ficarem \u201cenvergonhados\u201d - Jornal Fatos e Not\u00edcias","isPartOf":{"@id":"https:\/\/jornalfatosenoticias.com.br\/#website"},"primaryImageOfPage":{"@id":"https:\/\/jornalfatosenoticias.com.br\/index.php\/2024\/08\/19\/fechamento-do-x-no-brasil-musk-afirma-que-nao-poderiam-seguir-ordens-de-moraes-sem-ficarem-envergonhados\/#primaryimage"},"image":{"@id":"https:\/\/jornalfatosenoticias.com.br\/index.php\/2024\/08\/19\/fechamento-do-x-no-brasil-musk-afirma-que-nao-poderiam-seguir-ordens-de-moraes-sem-ficarem-envergonhados\/#primaryimage"},"thumbnailUrl":"https:\/\/jornalfatosenoticias.com.br\/wp-content\/uploads\/2024\/08\/elon-musk_gettyimages.jpg","datePublished":"2024-08-19T13:26:02+00:00","dateModified":"2024-08-19T13:26:04+00:00","breadcrumb":{"@id":"https:\/\/jornalfatosenoticias.com.br\/index.php\/2024\/08\/19\/fechamento-do-x-no-brasil-musk-afirma-que-nao-poderiam-seguir-ordens-de-moraes-sem-ficarem-envergonhados\/#breadcrumb"},"inLanguage":"pt-BR","potentialAction":[{"@type":"ReadAction","target":["https:\/\/jornalfatosenoticias.com.br\/index.php\/2024\/08\/19\/fechamento-do-x-no-brasil-musk-afirma-que-nao-poderiam-seguir-ordens-de-moraes-sem-ficarem-envergonhados\/"]}]},{"@type":"ImageObject","inLanguage":"pt-BR","@id":"https:\/\/jornalfatosenoticias.com.br\/index.php\/2024\/08\/19\/fechamento-do-x-no-brasil-musk-afirma-que-nao-poderiam-seguir-ordens-de-moraes-sem-ficarem-envergonhados\/#primaryimage","url":"https:\/\/jornalfatosenoticias.com.br\/wp-content\/uploads\/2024\/08\/elon-musk_gettyimages.jpg","contentUrl":"https:\/\/jornalfatosenoticias.com.br\/wp-content\/uploads\/2024\/08\/elon-musk_gettyimages.jpg","width":612,"height":408,"caption":"CANNES, FRANCE - JUNE 19: Chief Technology Officer of X Elon Musk speaks onstage during the \"Exploring the New Frontiers of Innovation: Mark Read in Conversation with Elon Musk\" session at the Lumiere Theatre during the Cannes Lions International Festival Of Creativity 2024 - Day Three on June 19, 2024 in Cannes, France. (Photo by Richard Bord\/WireImage)"},{"@type":"BreadcrumbList","@id":"https:\/\/jornalfatosenoticias.com.br\/index.php\/2024\/08\/19\/fechamento-do-x-no-brasil-musk-afirma-que-nao-poderiam-seguir-ordens-de-moraes-sem-ficarem-envergonhados\/#breadcrumb","itemListElement":[{"@type":"ListItem","position":1,"name":"In\u00edcio","item":"https:\/\/jornalfatosenoticias.com.br\/"},{"@type":"ListItem","position":2,"name":"Fechamento do X no Brasil: Musk afirma que n\u00e3o poderiam seguir ordens de Moraes sem ficarem \u201cenvergonhados\u201d"}]},{"@type":"WebSite","@id":"https:\/\/jornalfatosenoticias.com.br\/#website","url":"https:\/\/jornalfatosenoticias.com.br\/","name":"Jornal Fatos e Not\u00edcias","description":"Not\u00edcias em geral","publisher":{"@id":"https:\/\/jornalfatosenoticias.com.br\/#organization"},"potentialAction":[{"@type":"SearchAction","target":{"@type":"EntryPoint","urlTemplate":"https:\/\/jornalfatosenoticias.com.br\/?s={search_term_string}"},"query-input":{"@type":"PropertyValueSpecification","valueRequired":true,"valueName":"search_term_string"}}],"inLanguage":"pt-BR"},{"@type":"Organization","@id":"https:\/\/jornalfatosenoticias.com.br\/#organization","name":"Jornal Fatos e Not\u00edcias","url":"https:\/\/jornalfatosenoticias.com.br\/","logo":{"@type":"ImageObject","inLanguage":"pt-BR","@id":"https:\/\/jornalfatosenoticias.com.br\/#\/schema\/logo\/image\/","url":"https:\/\/jornalfatosenoticias.com.br\/wp-content\/uploads\/2020\/02\/logo120.png","contentUrl":"https:\/\/jornalfatosenoticias.com.br\/wp-content\/uploads\/2020\/02\/logo120.png","width":1227,"height":120,"caption":"Jornal Fatos e Not\u00edcias"},"image":{"@id":"https:\/\/jornalfatosenoticias.com.br\/#\/schema\/logo\/image\/"}},{"@type":"Person","@id":"https:\/\/jornalfatosenoticias.com.br\/#\/schema\/person\/d63837fa13ac8666eb9e74e0985d6f81","name":"Luzimara Fernandes","image":{"@type":"ImageObject","inLanguage":"pt-BR","@id":"https:\/\/jornalfatosenoticias.com.br\/#\/schema\/person\/image\/","url":"https:\/\/jornalfatosenoticias.com.br\/wp-content\/uploads\/2025\/05\/EU_portal.jpg","contentUrl":"https:\/\/jornalfatosenoticias.com.br\/wp-content\/uploads\/2025\/05\/EU_portal.jpg","caption":"Luzimara Fernandes"},"description":"Jornalista MTB 2358-ES","sameAs":["https:\/\/jornalfatosenoticias.com.br"],"url":"https:\/\/jornalfatosenoticias.com.br\/index.php\/author\/luzimara\/"}]}},"cc_featured_image_caption":{"caption_text":"(Foto: Getty Images)","source_text":"","source_url":""},"jetpack_featured_media_url":"https:\/\/jornalfatosenoticias.com.br\/wp-content\/uploads\/2024\/08\/elon-musk_gettyimages.jpg","_links":{"self":[{"href":"https:\/\/jornalfatosenoticias.com.br\/index.php\/wp-json\/wp\/v2\/posts\/53568","targetHints":{"allow":["GET"]}}],"collection":[{"href":"https:\/\/jornalfatosenoticias.com.br\/index.php\/wp-json\/wp\/v2\/posts"}],"about":[{"href":"https:\/\/jornalfatosenoticias.com.br\/index.php\/wp-json\/wp\/v2\/types\/post"}],"author":[{"embeddable":true,"href":"https:\/\/jornalfatosenoticias.com.br\/index.php\/wp-json\/wp\/v2\/users\/2"}],"replies":[{"embeddable":true,"href":"https:\/\/jornalfatosenoticias.com.br\/index.php\/wp-json\/wp\/v2\/comments?post=53568"}],"version-history":[{"count":0,"href":"https:\/\/jornalfatosenoticias.com.br\/index.php\/wp-json\/wp\/v2\/posts\/53568\/revisions"}],"wp:featuredmedia":[{"embeddable":true,"href":"https:\/\/jornalfatosenoticias.com.br\/index.php\/wp-json\/wp\/v2\/media\/53569"}],"wp:attachment":[{"href":"https:\/\/jornalfatosenoticias.com.br\/index.php\/wp-json\/wp\/v2\/media?parent=53568"}],"wp:term":[{"taxonomy":"category","embeddable":true,"href":"https:\/\/jornalfatosenoticias.com.br\/index.php\/wp-json\/wp\/v2\/categories?post=53568"},{"taxonomy":"post_tag","embeddable":true,"href":"https:\/\/jornalfatosenoticias.com.br\/index.php\/wp-json\/wp\/v2\/tags?post=53568"}],"curies":[{"name":"wp","href":"https:\/\/api.w.org\/{rel}","templated":true}]}}