{"id":53578,"date":"2024-08-19T11:24:25","date_gmt":"2024-08-19T14:24:25","guid":{"rendered":"https:\/\/jornalfatosenoticias.com.br\/?p=53578"},"modified":"2024-08-19T11:25:43","modified_gmt":"2024-08-19T14:25:43","slug":"milhares-vao-as-ruas-em-todo-mundo-para-protestar-contra-o-resultado-das-eleicoes-na-venezuela","status":"publish","type":"post","link":"https:\/\/jornalfatosenoticias.com.br\/index.php\/2024\/08\/19\/milhares-vao-as-ruas-em-todo-mundo-para-protestar-contra-o-resultado-das-eleicoes-na-venezuela\/","title":{"rendered":"Milhares v\u00e3o \u00e0s ruas em todo mundo para protestar contra o resultado das elei\u00e7\u00f5es na Venezuela"},"content":{"rendered":"\n<p><em><span class=\"has-inline-color has-black-color\">Mar\u00eda Corina Machado chamou por protestos contra da ditadura de Nicol\u00e1s Maduro que se espalharam por todo o mundo<\/span><\/em><\/p>\n\n\n\n<p><span class=\"has-inline-color has-black-color\">Por <strong><a href=\"https:\/\/www.gazetadopovo.com.br\/autor\/roberta-ribeiro\/\" rel=\"nofollow\">Roberta Ribeiro<\/a><\/strong><\/span><\/p>\n\n\n\n<div class=\"wp-block-image\"><figure class=\"aligncenter size-large\"><a href=\"https:\/\/mizu.com.br\/\"><img loading=\"lazy\" decoding=\"async\" width=\"729\" height=\"90\" src=\"https:\/\/jornalfatosenoticias.com.br\/wp-content\/uploads\/2020\/02\/Logo_Mizu.png\" alt=\"\" class=\"wp-image-1441\" srcset=\"https:\/\/jornalfatosenoticias.com.br\/wp-content\/uploads\/2020\/02\/Logo_Mizu.png 729w, https:\/\/jornalfatosenoticias.com.br\/wp-content\/uploads\/2020\/02\/Logo_Mizu-300x37.png 300w\" sizes=\"auto, (max-width: 729px) 100vw, 729px\" \/><\/a><\/figure><\/div>\n\n\n\n<p>Seguindo os protestos que reuniram milhares de pessoas no \u00faltimo s\u00e1bado (17) em Caracas, capital da Venezuela, e em mais de 300 outras cidades em todo o mundo, venezuelanos e pessoas de outras nacionalidades que se op\u00f5em \u00e0 ditadura de Nicol\u00e1s Maduro se reuniram para protestar contra o resultado das \u00faltimas elei\u00e7\u00f5es presidenciais em tudo o mundo.<br>A elei\u00e7\u00e3o presidencial na Venezuela segue sem um desfecho convincente, para todo o mundo comprometido com a democracia, apesar do ditador Nicol\u00e1s Maduro ter se consagrado vencedor. Por essa raz\u00e3o, a l\u00edder de oposi\u00e7\u00e3o Mar\u00eda Corina Machado convocou uma mobiliza\u00e7\u00e3o mundial para este s\u00e1bado, com o objetivo de &#8220;apoiar a verdade&#8221;.<\/p>\n\n\n\n<div class=\"wp-block-image\"><figure class=\"aligncenter size-large is-resized\"><img loading=\"lazy\" decoding=\"async\" src=\"https:\/\/jornalfatosenoticias.com.br\/wp-content\/uploads\/2022\/02\/Precisao-Contabilidade-1024x724.jpg\" alt=\"\" class=\"wp-image-28088\" width=\"336\" height=\"237\"\/><\/figure><\/div>\n\n\n\n<p>Em seu perfil pessoal no X, al\u00e9m das imagens e de v\u00eddeos das manifesta\u00e7\u00f5es ocorridas em Caracas e em outras cidades de Venezuela, a l\u00edder da oposi\u00e7\u00e3o est\u00e1 compartilhando conte\u00fado das manifesta\u00e7\u00f5es em diversas localidades mundo afora.<\/p>\n\n\n\n<div class=\"wp-block-image\"><figure class=\"aligncenter size-large is-resized\"><a href=\"https:\/\/www.facebook.com\/postobkr\/?locale=pt_BR\"><img loading=\"lazy\" decoding=\"async\" src=\"https:\/\/jornalfatosenoticias.com.br\/wp-content\/uploads\/2023\/08\/BKR-1024x1021.jpg\" alt=\"\" class=\"wp-image-44494\" width=\"293\" height=\"292\" srcset=\"https:\/\/jornalfatosenoticias.com.br\/wp-content\/uploads\/2023\/08\/BKR-1024x1021.jpg 1024w, https:\/\/jornalfatosenoticias.com.br\/wp-content\/uploads\/2023\/08\/BKR-300x300.jpg 300w, https:\/\/jornalfatosenoticias.com.br\/wp-content\/uploads\/2023\/08\/BKR-150x150.jpg 150w, https:\/\/jornalfatosenoticias.com.br\/wp-content\/uploads\/2023\/08\/BKR-768x766.jpg 768w, https:\/\/jornalfatosenoticias.com.br\/wp-content\/uploads\/2023\/08\/BKR.jpg 1080w\" sizes=\"auto, (max-width: 293px) 100vw, 293px\" \/><\/a><\/figure><\/div>\n\n\n\n<p>Mar\u00eda Corina repostou publica\u00e7\u00e3o do perfil Comando ConVzla com fotos da manifesta\u00e7\u00e3o em Curitiba, com os dizeres: \u201co mundo com a Venezuela! Curitiba exigiu respeito pelo triunfo da mudan\u00e7a\u201d. As fotos do evento foram compartilhadas pelo perfil de Roderick Navarro, que se apresenta como estudante de ci\u00eancias pol\u00edticas exilado no Brasil.<\/p>\n\n\n\n<div class=\"wp-block-image\"><figure class=\"aligncenter size-large\"><img loading=\"lazy\" decoding=\"async\" width=\"600\" height=\"674\" src=\"https:\/\/jornalfatosenoticias.com.br\/wp-content\/uploads\/2024\/08\/venezuela-1.jpg\" alt=\"\" class=\"wp-image-53579\" srcset=\"https:\/\/jornalfatosenoticias.com.br\/wp-content\/uploads\/2024\/08\/venezuela-1.jpg 600w, https:\/\/jornalfatosenoticias.com.br\/wp-content\/uploads\/2024\/08\/venezuela-1-267x300.jpg 267w\" sizes=\"auto, (max-width: 600px) 100vw, 600px\" \/><\/figure><\/div>\n\n\n\n<div class=\"wp-block-image\"><figure class=\"aligncenter size-large is-resized\"><a href=\"https:\/\/www.facebook.com\/vetor.vix\/\"><img loading=\"lazy\" decoding=\"async\" src=\"https:\/\/jornalfatosenoticias.com.br\/wp-content\/uploads\/2023\/09\/vetorvix1024_1.jpg\" alt=\"\" class=\"wp-image-44868\" width=\"505\" height=\"134\" srcset=\"https:\/\/jornalfatosenoticias.com.br\/wp-content\/uploads\/2023\/09\/vetorvix1024_1.jpg 1024w, https:\/\/jornalfatosenoticias.com.br\/wp-content\/uploads\/2023\/09\/vetorvix1024_1-300x80.jpg 300w, https:\/\/jornalfatosenoticias.com.br\/wp-content\/uploads\/2023\/09\/vetorvix1024_1-768x205.jpg 768w\" sizes=\"auto, (max-width: 505px) 100vw, 505px\" \/><\/a><\/figure><\/div>\n\n\n\n<p>Corina Machado tamb\u00e9m repostou um v\u00eddeo do mesmo perfil com imagens da manifesta\u00e7\u00e3o em Madri. A grava\u00e7\u00e3o n\u00e3o deixa de impressionar pelo grande volume de pessoas que ocupa as ruas da capital espanhola. \u201cImpressionante #Espanha&nbsp;com a for\u00e7a dos venezuelanos que exigem respeito e liberdade. Nem mais um dia de espera para avan\u00e7ar com a mudan\u00e7a. A Venezuela j\u00e1 venceu e temos a prova\u201d, comentou o perfil.<\/p>\n\n\n\n<div class=\"wp-block-image\"><figure class=\"aligncenter size-large is-resized\"><a href=\"https:\/\/www.ithbrasil.com.br\/\"><img loading=\"lazy\" decoding=\"async\" src=\"https:\/\/jornalfatosenoticias.com.br\/wp-content\/uploads\/2023\/08\/ITH.jpeg\" alt=\"\" class=\"wp-image-44638\" width=\"289\" height=\"235\" srcset=\"https:\/\/jornalfatosenoticias.com.br\/wp-content\/uploads\/2023\/08\/ITH.jpeg 800w, https:\/\/jornalfatosenoticias.com.br\/wp-content\/uploads\/2023\/08\/ITH-300x244.jpeg 300w, https:\/\/jornalfatosenoticias.com.br\/wp-content\/uploads\/2023\/08\/ITH-768x624.jpeg 768w\" sizes=\"auto, (max-width: 289px) 100vw, 289px\" \/><\/a><\/figure><\/div>\n\n\n\n<p>Um pouco mais adiante, h\u00e1 tamb\u00e9m uma publica\u00e7\u00e3o com imagem de uma grande manifesta\u00e7\u00e3o em Barcelona, tamb\u00e9m na Espanha. &#8220;Somos milh\u00f5es lutando pela mudan\u00e7a&#8221;, comentou o perfil.<\/p>\n\n\n\n<div class=\"wp-block-image\"><figure class=\"aligncenter size-large\"><img loading=\"lazy\" decoding=\"async\" width=\"594\" height=\"724\" src=\"https:\/\/jornalfatosenoticias.com.br\/wp-content\/uploads\/2024\/08\/venezuela2.jpg\" alt=\"\" class=\"wp-image-53580\" srcset=\"https:\/\/jornalfatosenoticias.com.br\/wp-content\/uploads\/2024\/08\/venezuela2.jpg 594w, https:\/\/jornalfatosenoticias.com.br\/wp-content\/uploads\/2024\/08\/venezuela2-246x300.jpg 246w\" sizes=\"auto, (max-width: 594px) 100vw, 594px\" \/><\/figure><\/div>\n\n\n\n<p>Na Argentina milhares de pessoas tamb\u00e9m se reuniram, como demonstra o v\u00eddeo do perfil Gabriel Bastidas, compartilhado pela l\u00edder venezuelana. \u201cA concentra\u00e7\u00e3o em Buenos Aires \u00e9 impressionante. A Argentina defende a verdade sobre a Venezuela. Abaixo a ditadura\u201d, comenta o perfil.<\/p>\n\n\n\n<div class=\"wp-block-image\"><figure class=\"aligncenter size-large\"><a href=\"https:\/\/www.facebook.com\/Esteio-Churrascaria-Barbecue-103643461220402\/\"><img decoding=\"async\" src=\"https:\/\/jornalfatosenoticias.com.br\/wp-content\/uploads\/2020\/02\/logo_esteio.jpg\" alt=\"\" class=\"wp-image-1214\"\/><\/a><\/figure><\/div>\n\n\n\n<p>Outra grande manifesta\u00e7\u00e3o ocorreu em Miami, nos Estados Unidos. \u201cMiami em grande estilo! Venezuela bem representada nesta cidade onde vivem milhares de compatriotas\u201d, afirma o perfil, complementando que \u201cdeixemos a repress\u00e3o parar e aceitemos de uma vez por todas que temos um presidente eleito. <\/p>\n\n\n\n<div class=\"wp-block-image\"><figure class=\"aligncenter size-large is-resized\"><a href=\"https:\/\/hotelmarquetti.com.br\/\"><img loading=\"lazy\" decoding=\"async\" src=\"https:\/\/jornalfatosenoticias.com.br\/wp-content\/uploads\/2023\/03\/nova-logo-Marquetti.jpg\" alt=\"\" class=\"wp-image-40207\" width=\"337\" height=\"226\" srcset=\"https:\/\/jornalfatosenoticias.com.br\/wp-content\/uploads\/2023\/03\/nova-logo-Marquetti.jpg 643w, https:\/\/jornalfatosenoticias.com.br\/wp-content\/uploads\/2023\/03\/nova-logo-Marquetti-300x202.jpg 300w\" sizes=\"auto, (max-width: 337px) 100vw, 337px\" \/><\/a><\/figure><\/div>\n\n\n\n<p>@EdmundoGU [Edmundo Gonz\u00e1les Urrutia, o candidato da oposi\u00e7\u00e3o].<br>J\u00e1 a publica\u00e7\u00e3o do perfil Comando ConVzla que retrata a manifesta\u00e7\u00e3o na Coreia do Sul afirma que a Venezuela ganhou e que \u201cn\u00e3o haver\u00e1 nenhum canto do mundo onde n\u00e3o o expressemos. Assim acontece o Grande Protesto Mundial pela Verdade da Venezuela\u201d.<\/p>\n\n\n\n<div class=\"wp-block-image\"><figure class=\"aligncenter size-large\"><img loading=\"lazy\" decoding=\"async\" width=\"595\" height=\"678\" src=\"https:\/\/jornalfatosenoticias.com.br\/wp-content\/uploads\/2024\/08\/venezuela3.jpg\" alt=\"\" class=\"wp-image-53581\" srcset=\"https:\/\/jornalfatosenoticias.com.br\/wp-content\/uploads\/2024\/08\/venezuela3.jpg 595w, https:\/\/jornalfatosenoticias.com.br\/wp-content\/uploads\/2024\/08\/venezuela3-263x300.jpg 263w\" sizes=\"auto, (max-width: 595px) 100vw, 595px\" \/><\/figure><\/div>\n\n\n\n<p>Postagem do mesmo perfil, de uma manifesta\u00e7\u00e3o em S\u00e3o Paulo, compartilha um v\u00eddeo no qual os manifestantes seguram cartazes com os dizeres \u201cliberdade e democracia\u201d enquanto cantam \u201cj\u00e1 caiu, j\u00e1 caiu, esse governo j\u00e1 caiu\u201d, em espanhol.<\/p>\n\n\n\n<div class=\"wp-block-image\"><figure class=\"aligncenter size-large is-resized\"><a href=\"https:\/\/panper.com.br\/\"><img loading=\"lazy\" decoding=\"async\" src=\"https:\/\/jornalfatosenoticias.com.br\/wp-content\/uploads\/2023\/03\/logo-Panper_portal.jpg\" alt=\"\" class=\"wp-image-40208\" width=\"354\" height=\"245\" srcset=\"https:\/\/jornalfatosenoticias.com.br\/wp-content\/uploads\/2023\/03\/logo-Panper_portal.jpg 400w, https:\/\/jornalfatosenoticias.com.br\/wp-content\/uploads\/2023\/03\/logo-Panper_portal-300x208.jpg 300w\" sizes=\"auto, (max-width: 354px) 100vw, 354px\" \/><\/a><\/figure><\/div>\n\n\n\n<p>Em Lima, as imagens e o v\u00eddeo compartilhados pelo mesmo perfil, tamb\u00e9m registraram grande n\u00famero de pessoas. Em outras cidades, como Estocolmo, na Su\u00e9cia, e em Kuala Lumpur, na Mal\u00e1sia, ainda que as imagens registrem a reuni\u00e3o de algumas dezenas de pessoas, as aglomera\u00e7\u00f5es demonstram o poder de mobiliza\u00e7\u00e3o que o tema tem suscitado.<\/p>\n\n\n\n<div class=\"wp-block-image\"><figure class=\"aligncenter size-large is-resized\"><a href=\"https:\/\/www.instagram.com\/restaurantepegoretti\/\"><img loading=\"lazy\" decoding=\"async\" src=\"https:\/\/jornalfatosenoticias.com.br\/wp-content\/uploads\/2023\/12\/pegoretti-logo-pdf-1024x389.jpg\" alt=\"\" class=\"wp-image-47536\" width=\"385\" height=\"146\" srcset=\"https:\/\/jornalfatosenoticias.com.br\/wp-content\/uploads\/2023\/12\/pegoretti-logo-pdf-1024x389.jpg 1024w, https:\/\/jornalfatosenoticias.com.br\/wp-content\/uploads\/2023\/12\/pegoretti-logo-pdf-300x114.jpg 300w, https:\/\/jornalfatosenoticias.com.br\/wp-content\/uploads\/2023\/12\/pegoretti-logo-pdf-768x291.jpg 768w, https:\/\/jornalfatosenoticias.com.br\/wp-content\/uploads\/2023\/12\/pegoretti-logo-pdf.jpg 1120w\" sizes=\"auto, (max-width: 385px) 100vw, 385px\" \/><\/a><\/figure><\/div>\n\n\n\n<p>A oposi\u00e7\u00e3o \u00e0 ditadura chavista afirma ter compilado, atrav\u00e9s de testemunhas e membros da mesa, 83,5% das atas que dizem dar a vit\u00f3ria ao candidato Gonz\u00e1lez Urrutia por ampla margem sobre Maduro, tese apoiada por v\u00e1rios pa\u00edses e organiza\u00e7\u00f5es nacionais e internacionais, incluindo o painel de peritos eleitorais da ONU que testemunhou as elei\u00e7\u00f5es e o Centro Carter, que tamb\u00e9m enviou uma miss\u00e3o de observa\u00e7\u00e3o.<\/p>\n\n\n\n<div class=\"wp-block-image\"><figure class=\"aligncenter size-large is-resized\"><a href=\"https:\/\/www.instagram.com\/vmais.midias\/\"><img loading=\"lazy\" decoding=\"async\" src=\"https:\/\/jornalfatosenoticias.com.br\/wp-content\/uploads\/2020\/02\/DE-MAIS-DESTAQUE-VMAIS-800X700.png\" alt=\"\" class=\"wp-image-53112\" width=\"303\" height=\"264\" srcset=\"https:\/\/jornalfatosenoticias.com.br\/wp-content\/uploads\/2020\/02\/DE-MAIS-DESTAQUE-VMAIS-800X700.png 800w, https:\/\/jornalfatosenoticias.com.br\/wp-content\/uploads\/2020\/02\/DE-MAIS-DESTAQUE-VMAIS-800X700-768x672.png 768w\" sizes=\"auto, (max-width: 303px) 100vw, 303px\" \/><\/a><\/figure><\/div>\n\n\n\n<p>O protesto deste s\u00e1bado tamb\u00e9m ocorreu nas principais cidades da Venezuela, onde milhares de pessoas, com bandeiras e c\u00f3pias das atas eleitorais publicadas em um site pela oposi\u00e7\u00e3o, exigem \u201ca verdade\u201d dos resultados das elei\u00e7\u00f5es presidenciais.<\/p>\n\n\n\n<div class=\"wp-block-image\"><figure class=\"aligncenter size-large is-resized\"><a href=\"https:\/\/www.instagram.com\/rapuzeljastro\/\"><img loading=\"lazy\" decoding=\"async\" src=\"https:\/\/jornalfatosenoticias.com.br\/wp-content\/uploads\/2020\/02\/logo-Rapuzel-1024x571.jpg\" alt=\"\" class=\"wp-image-42808\" width=\"373\" height=\"208\" srcset=\"https:\/\/jornalfatosenoticias.com.br\/wp-content\/uploads\/2020\/02\/logo-Rapuzel-1024x571.jpg 1024w, https:\/\/jornalfatosenoticias.com.br\/wp-content\/uploads\/2020\/02\/logo-Rapuzel-300x167.jpg 300w, https:\/\/jornalfatosenoticias.com.br\/wp-content\/uploads\/2020\/02\/logo-Rapuzel-768x428.jpg 768w, https:\/\/jornalfatosenoticias.com.br\/wp-content\/uploads\/2020\/02\/logo-Rapuzel-1536x856.jpg 1536w, https:\/\/jornalfatosenoticias.com.br\/wp-content\/uploads\/2020\/02\/logo-Rapuzel.jpg 1600w\" sizes=\"auto, (max-width: 373px) 100vw, 373px\" \/><\/a><\/figure><\/div>\n\n\n\n<p><strong><em>Fonte: <a href=\"https:\/\/www.gazetadopovo.com.br\/mundo\/milhares-vao-as-ruas-em-todo-mundo-para-protestar-contra-o-resultado-das-eleicoes-na-venezuela\/\">Gazeta do Povo<\/a><\/em><\/strong><\/p>\n","protected":false},"excerpt":{"rendered":"<p>Mar\u00eda Corina Machado chamou por protestos contra da ditadura de Nicol\u00e1s Maduro que se espalharam por todo o mundo Por Roberta Ribeiro Seguindo os protestos que reuniram milhares de pessoas no \u00faltimo s\u00e1bado (17) em Caracas, capital da Venezuela, e em mais de 300 outras cidades em todo o mundo, venezuelanos e pessoas de outras [&hellip;]<\/p>\n","protected":false},"author":2,"featured_media":53582,"comment_status":"open","ping_status":"open","sticky":false,"template":"","format":"standard","meta":{"footnotes":""},"categories":[41],"tags":[5995,11609,3585,1344,1039,157,1751,13286,10124,21855,19097,3070,305,2330,8605],"class_list":["post-53578","post","type-post","status-publish","format-standard","has-post-thumbnail","hentry","category-internacional","tag-argentina","tag-buenos-aires","tag-curitiba","tag-democracia","tag-eleicoes","tag-espanha","tag-estados-unidos","tag-madri","tag-manifestacoes","tag-maria-corina-machado","tag-nicolas-maduro","tag-protestos","tag-sao-paulo","tag-suecia","tag-venezuela"],"yoast_head":"<!-- This site is optimized with the Yoast SEO plugin v26.5 - https:\/\/yoast.com\/wordpress\/plugins\/seo\/ -->\n<title>Milhares v\u00e3o \u00e0s ruas em todo mundo para protestar contra o resultado das elei\u00e7\u00f5es na Venezuela - Jornal Fatos e Not\u00edcias<\/title>\n<meta name=\"robots\" content=\"index, follow, max-snippet:-1, max-image-preview:large, max-video-preview:-1\" \/>\n<link rel=\"canonical\" href=\"https:\/\/jornalfatosenoticias.com.br\/index.php\/2024\/08\/19\/milhares-vao-as-ruas-em-todo-mundo-para-protestar-contra-o-resultado-das-eleicoes-na-venezuela\/\" \/>\n<meta property=\"og:locale\" content=\"pt_BR\" \/>\n<meta property=\"og:type\" content=\"article\" \/>\n<meta property=\"og:title\" content=\"Milhares v\u00e3o \u00e0s ruas em todo mundo para protestar contra o resultado das elei\u00e7\u00f5es na Venezuela - Jornal Fatos e Not\u00edcias\" \/>\n<meta property=\"og:description\" content=\"Mar\u00eda Corina Machado chamou por protestos contra da ditadura de Nicol\u00e1s Maduro que se espalharam por todo o mundo Por Roberta Ribeiro Seguindo os protestos que reuniram milhares de pessoas no \u00faltimo s\u00e1bado (17) em Caracas, capital da Venezuela, e em mais de 300 outras cidades em todo o mundo, venezuelanos e pessoas de outras [&hellip;]\" \/>\n<meta property=\"og:url\" content=\"https:\/\/jornalfatosenoticias.com.br\/index.php\/2024\/08\/19\/milhares-vao-as-ruas-em-todo-mundo-para-protestar-contra-o-resultado-das-eleicoes-na-venezuela\/\" \/>\n<meta property=\"og:site_name\" content=\"Jornal Fatos e Not\u00edcias\" \/>\n<meta property=\"article:published_time\" content=\"2024-08-19T14:24:25+00:00\" \/>\n<meta property=\"article:modified_time\" content=\"2024-08-19T14:25:43+00:00\" \/>\n<meta property=\"og:image\" content=\"https:\/\/jornalfatosenoticias.com.br\/wp-content\/uploads\/2024\/08\/Maria-Corina-Machado_gettyimages.jpg\" \/>\n\t<meta property=\"og:image:width\" content=\"612\" \/>\n\t<meta property=\"og:image:height\" content=\"408\" \/>\n\t<meta property=\"og:image:type\" content=\"image\/jpeg\" \/>\n<meta name=\"author\" content=\"Luzimara Fernandes\" \/>\n<meta name=\"twitter:card\" content=\"summary_large_image\" \/>\n<meta name=\"twitter:label1\" content=\"Escrito por\" \/>\n\t<meta name=\"twitter:data1\" content=\"Luzimara Fernandes\" \/>\n\t<meta name=\"twitter:label2\" content=\"Est. tempo de leitura\" \/>\n\t<meta name=\"twitter:data2\" content=\"4 minutos\" \/>\n<script type=\"application\/ld+json\" class=\"yoast-schema-graph\">{\"@context\":\"https:\/\/schema.org\",\"@graph\":[{\"@type\":\"Article\",\"@id\":\"https:\/\/jornalfatosenoticias.com.br\/index.php\/2024\/08\/19\/milhares-vao-as-ruas-em-todo-mundo-para-protestar-contra-o-resultado-das-eleicoes-na-venezuela\/#article\",\"isPartOf\":{\"@id\":\"https:\/\/jornalfatosenoticias.com.br\/index.php\/2024\/08\/19\/milhares-vao-as-ruas-em-todo-mundo-para-protestar-contra-o-resultado-das-eleicoes-na-venezuela\/\"},\"author\":{\"name\":\"Luzimara Fernandes\",\"@id\":\"https:\/\/jornalfatosenoticias.com.br\/#\/schema\/person\/d63837fa13ac8666eb9e74e0985d6f81\"},\"headline\":\"Milhares v\u00e3o \u00e0s ruas em todo mundo para protestar contra o resultado das elei\u00e7\u00f5es na Venezuela\",\"datePublished\":\"2024-08-19T14:24:25+00:00\",\"dateModified\":\"2024-08-19T14:25:43+00:00\",\"mainEntityOfPage\":{\"@id\":\"https:\/\/jornalfatosenoticias.com.br\/index.php\/2024\/08\/19\/milhares-vao-as-ruas-em-todo-mundo-para-protestar-contra-o-resultado-das-eleicoes-na-venezuela\/\"},\"wordCount\":736,\"commentCount\":0,\"publisher\":{\"@id\":\"https:\/\/jornalfatosenoticias.com.br\/#organization\"},\"image\":{\"@id\":\"https:\/\/jornalfatosenoticias.com.br\/index.php\/2024\/08\/19\/milhares-vao-as-ruas-em-todo-mundo-para-protestar-contra-o-resultado-das-eleicoes-na-venezuela\/#primaryimage\"},\"thumbnailUrl\":\"https:\/\/jornalfatosenoticias.com.br\/wp-content\/uploads\/2024\/08\/Maria-Corina-Machado_gettyimages.jpg\",\"keywords\":[\"Argentina\",\"Buenos Aires\",\"Curitiba\",\"democracia\",\"elei\u00e7\u00f5es\",\"Espanha\",\"Estados Unidos\",\"Madri\",\"manifesta\u00e7\u00f5es\",\"Mar\u00eda Corina Machado\",\"Nicol\u00e1s Maduro\",\"protestos\",\"S\u00e3o Paulo\",\"Su\u00e9cia\",\"Venezuela\"],\"articleSection\":[\"Internacional\"],\"inLanguage\":\"pt-BR\",\"potentialAction\":[{\"@type\":\"CommentAction\",\"name\":\"Comment\",\"target\":[\"https:\/\/jornalfatosenoticias.com.br\/index.php\/2024\/08\/19\/milhares-vao-as-ruas-em-todo-mundo-para-protestar-contra-o-resultado-das-eleicoes-na-venezuela\/#respond\"]}]},{\"@type\":\"WebPage\",\"@id\":\"https:\/\/jornalfatosenoticias.com.br\/index.php\/2024\/08\/19\/milhares-vao-as-ruas-em-todo-mundo-para-protestar-contra-o-resultado-das-eleicoes-na-venezuela\/\",\"url\":\"https:\/\/jornalfatosenoticias.com.br\/index.php\/2024\/08\/19\/milhares-vao-as-ruas-em-todo-mundo-para-protestar-contra-o-resultado-das-eleicoes-na-venezuela\/\",\"name\":\"Milhares v\u00e3o \u00e0s ruas em todo mundo para protestar contra o resultado das elei\u00e7\u00f5es na Venezuela - Jornal Fatos e Not\u00edcias\",\"isPartOf\":{\"@id\":\"https:\/\/jornalfatosenoticias.com.br\/#website\"},\"primaryImageOfPage\":{\"@id\":\"https:\/\/jornalfatosenoticias.com.br\/index.php\/2024\/08\/19\/milhares-vao-as-ruas-em-todo-mundo-para-protestar-contra-o-resultado-das-eleicoes-na-venezuela\/#primaryimage\"},\"image\":{\"@id\":\"https:\/\/jornalfatosenoticias.com.br\/index.php\/2024\/08\/19\/milhares-vao-as-ruas-em-todo-mundo-para-protestar-contra-o-resultado-das-eleicoes-na-venezuela\/#primaryimage\"},\"thumbnailUrl\":\"https:\/\/jornalfatosenoticias.com.br\/wp-content\/uploads\/2024\/08\/Maria-Corina-Machado_gettyimages.jpg\",\"datePublished\":\"2024-08-19T14:24:25+00:00\",\"dateModified\":\"2024-08-19T14:25:43+00:00\",\"breadcrumb\":{\"@id\":\"https:\/\/jornalfatosenoticias.com.br\/index.php\/2024\/08\/19\/milhares-vao-as-ruas-em-todo-mundo-para-protestar-contra-o-resultado-das-eleicoes-na-venezuela\/#breadcrumb\"},\"inLanguage\":\"pt-BR\",\"potentialAction\":[{\"@type\":\"ReadAction\",\"target\":[\"https:\/\/jornalfatosenoticias.com.br\/index.php\/2024\/08\/19\/milhares-vao-as-ruas-em-todo-mundo-para-protestar-contra-o-resultado-das-eleicoes-na-venezuela\/\"]}]},{\"@type\":\"ImageObject\",\"inLanguage\":\"pt-BR\",\"@id\":\"https:\/\/jornalfatosenoticias.com.br\/index.php\/2024\/08\/19\/milhares-vao-as-ruas-em-todo-mundo-para-protestar-contra-o-resultado-das-eleicoes-na-venezuela\/#primaryimage\",\"url\":\"https:\/\/jornalfatosenoticias.com.br\/wp-content\/uploads\/2024\/08\/Maria-Corina-Machado_gettyimages.jpg\",\"contentUrl\":\"https:\/\/jornalfatosenoticias.com.br\/wp-content\/uploads\/2024\/08\/Maria-Corina-Machado_gettyimages.jpg\",\"width\":612,\"height\":408,\"caption\":\"CARACAS, VENEZUELA - AUGUST 17: Opposition leader Maria Corina Machado greets her supporters and waves a Venezuelan flag during the 'Gran Protesta Mundial por la Verdad' opposition protest on August 17, 2024 in Caracas, Venezuela. President of Venezuela Nicolas Maduro was declared as the winner of the 2024 presidential election over his rival, Edmundo Gonzalez. The result has been questioned by the opposition and internationally. According to the opposition leader Maria Corina Machado, the result announced by the 'Consejo Nacional Electoral' (CNE) does not reflect the decision made by the Venezuelans during the election. (Photo by Jesus Vargas\/Getty Images)\"},{\"@type\":\"BreadcrumbList\",\"@id\":\"https:\/\/jornalfatosenoticias.com.br\/index.php\/2024\/08\/19\/milhares-vao-as-ruas-em-todo-mundo-para-protestar-contra-o-resultado-das-eleicoes-na-venezuela\/#breadcrumb\",\"itemListElement\":[{\"@type\":\"ListItem\",\"position\":1,\"name\":\"In\u00edcio\",\"item\":\"https:\/\/jornalfatosenoticias.com.br\/\"},{\"@type\":\"ListItem\",\"position\":2,\"name\":\"Milhares v\u00e3o \u00e0s ruas em todo mundo para protestar contra o resultado das elei\u00e7\u00f5es na Venezuela\"}]},{\"@type\":\"WebSite\",\"@id\":\"https:\/\/jornalfatosenoticias.com.br\/#website\",\"url\":\"https:\/\/jornalfatosenoticias.com.br\/\",\"name\":\"Jornal Fatos e Not\u00edcias\",\"description\":\"Not\u00edcias em geral\",\"publisher\":{\"@id\":\"https:\/\/jornalfatosenoticias.com.br\/#organization\"},\"potentialAction\":[{\"@type\":\"SearchAction\",\"target\":{\"@type\":\"EntryPoint\",\"urlTemplate\":\"https:\/\/jornalfatosenoticias.com.br\/?s={search_term_string}\"},\"query-input\":{\"@type\":\"PropertyValueSpecification\",\"valueRequired\":true,\"valueName\":\"search_term_string\"}}],\"inLanguage\":\"pt-BR\"},{\"@type\":\"Organization\",\"@id\":\"https:\/\/jornalfatosenoticias.com.br\/#organization\",\"name\":\"Jornal Fatos e Not\u00edcias\",\"url\":\"https:\/\/jornalfatosenoticias.com.br\/\",\"logo\":{\"@type\":\"ImageObject\",\"inLanguage\":\"pt-BR\",\"@id\":\"https:\/\/jornalfatosenoticias.com.br\/#\/schema\/logo\/image\/\",\"url\":\"https:\/\/jornalfatosenoticias.com.br\/wp-content\/uploads\/2020\/02\/logo120.png\",\"contentUrl\":\"https:\/\/jornalfatosenoticias.com.br\/wp-content\/uploads\/2020\/02\/logo120.png\",\"width\":1227,\"height\":120,\"caption\":\"Jornal Fatos e Not\u00edcias\"},\"image\":{\"@id\":\"https:\/\/jornalfatosenoticias.com.br\/#\/schema\/logo\/image\/\"}},{\"@type\":\"Person\",\"@id\":\"https:\/\/jornalfatosenoticias.com.br\/#\/schema\/person\/d63837fa13ac8666eb9e74e0985d6f81\",\"name\":\"Luzimara Fernandes\",\"image\":{\"@type\":\"ImageObject\",\"inLanguage\":\"pt-BR\",\"@id\":\"https:\/\/jornalfatosenoticias.com.br\/#\/schema\/person\/image\/\",\"url\":\"https:\/\/jornalfatosenoticias.com.br\/wp-content\/uploads\/2025\/05\/EU_portal.jpg\",\"contentUrl\":\"https:\/\/jornalfatosenoticias.com.br\/wp-content\/uploads\/2025\/05\/EU_portal.jpg\",\"caption\":\"Luzimara Fernandes\"},\"description\":\"Jornalista MTB 2358-ES\",\"sameAs\":[\"https:\/\/jornalfatosenoticias.com.br\"],\"url\":\"https:\/\/jornalfatosenoticias.com.br\/index.php\/author\/luzimara\/\"}]}<\/script>\n<!-- \/ Yoast SEO plugin. -->","yoast_head_json":{"title":"Milhares v\u00e3o \u00e0s ruas em todo mundo para protestar contra o resultado das elei\u00e7\u00f5es na Venezuela - Jornal Fatos e Not\u00edcias","robots":{"index":"index","follow":"follow","max-snippet":"max-snippet:-1","max-image-preview":"max-image-preview:large","max-video-preview":"max-video-preview:-1"},"canonical":"https:\/\/jornalfatosenoticias.com.br\/index.php\/2024\/08\/19\/milhares-vao-as-ruas-em-todo-mundo-para-protestar-contra-o-resultado-das-eleicoes-na-venezuela\/","og_locale":"pt_BR","og_type":"article","og_title":"Milhares v\u00e3o \u00e0s ruas em todo mundo para protestar contra o resultado das elei\u00e7\u00f5es na Venezuela - Jornal Fatos e Not\u00edcias","og_description":"Mar\u00eda Corina Machado chamou por protestos contra da ditadura de Nicol\u00e1s Maduro que se espalharam por todo o mundo Por Roberta Ribeiro Seguindo os protestos que reuniram milhares de pessoas no \u00faltimo s\u00e1bado (17) em Caracas, capital da Venezuela, e em mais de 300 outras cidades em todo o mundo, venezuelanos e pessoas de outras [&hellip;]","og_url":"https:\/\/jornalfatosenoticias.com.br\/index.php\/2024\/08\/19\/milhares-vao-as-ruas-em-todo-mundo-para-protestar-contra-o-resultado-das-eleicoes-na-venezuela\/","og_site_name":"Jornal Fatos e Not\u00edcias","article_published_time":"2024-08-19T14:24:25+00:00","article_modified_time":"2024-08-19T14:25:43+00:00","og_image":[{"width":612,"height":408,"url":"https:\/\/jornalfatosenoticias.com.br\/wp-content\/uploads\/2024\/08\/Maria-Corina-Machado_gettyimages.jpg","type":"image\/jpeg"}],"author":"Luzimara Fernandes","twitter_card":"summary_large_image","twitter_misc":{"Escrito por":"Luzimara Fernandes","Est. tempo de leitura":"4 minutos"},"schema":{"@context":"https:\/\/schema.org","@graph":[{"@type":"Article","@id":"https:\/\/jornalfatosenoticias.com.br\/index.php\/2024\/08\/19\/milhares-vao-as-ruas-em-todo-mundo-para-protestar-contra-o-resultado-das-eleicoes-na-venezuela\/#article","isPartOf":{"@id":"https:\/\/jornalfatosenoticias.com.br\/index.php\/2024\/08\/19\/milhares-vao-as-ruas-em-todo-mundo-para-protestar-contra-o-resultado-das-eleicoes-na-venezuela\/"},"author":{"name":"Luzimara Fernandes","@id":"https:\/\/jornalfatosenoticias.com.br\/#\/schema\/person\/d63837fa13ac8666eb9e74e0985d6f81"},"headline":"Milhares v\u00e3o \u00e0s ruas em todo mundo para protestar contra o resultado das elei\u00e7\u00f5es na Venezuela","datePublished":"2024-08-19T14:24:25+00:00","dateModified":"2024-08-19T14:25:43+00:00","mainEntityOfPage":{"@id":"https:\/\/jornalfatosenoticias.com.br\/index.php\/2024\/08\/19\/milhares-vao-as-ruas-em-todo-mundo-para-protestar-contra-o-resultado-das-eleicoes-na-venezuela\/"},"wordCount":736,"commentCount":0,"publisher":{"@id":"https:\/\/jornalfatosenoticias.com.br\/#organization"},"image":{"@id":"https:\/\/jornalfatosenoticias.com.br\/index.php\/2024\/08\/19\/milhares-vao-as-ruas-em-todo-mundo-para-protestar-contra-o-resultado-das-eleicoes-na-venezuela\/#primaryimage"},"thumbnailUrl":"https:\/\/jornalfatosenoticias.com.br\/wp-content\/uploads\/2024\/08\/Maria-Corina-Machado_gettyimages.jpg","keywords":["Argentina","Buenos Aires","Curitiba","democracia","elei\u00e7\u00f5es","Espanha","Estados Unidos","Madri","manifesta\u00e7\u00f5es","Mar\u00eda Corina Machado","Nicol\u00e1s Maduro","protestos","S\u00e3o Paulo","Su\u00e9cia","Venezuela"],"articleSection":["Internacional"],"inLanguage":"pt-BR","potentialAction":[{"@type":"CommentAction","name":"Comment","target":["https:\/\/jornalfatosenoticias.com.br\/index.php\/2024\/08\/19\/milhares-vao-as-ruas-em-todo-mundo-para-protestar-contra-o-resultado-das-eleicoes-na-venezuela\/#respond"]}]},{"@type":"WebPage","@id":"https:\/\/jornalfatosenoticias.com.br\/index.php\/2024\/08\/19\/milhares-vao-as-ruas-em-todo-mundo-para-protestar-contra-o-resultado-das-eleicoes-na-venezuela\/","url":"https:\/\/jornalfatosenoticias.com.br\/index.php\/2024\/08\/19\/milhares-vao-as-ruas-em-todo-mundo-para-protestar-contra-o-resultado-das-eleicoes-na-venezuela\/","name":"Milhares v\u00e3o \u00e0s ruas em todo mundo para protestar contra o resultado das elei\u00e7\u00f5es na Venezuela - Jornal Fatos e Not\u00edcias","isPartOf":{"@id":"https:\/\/jornalfatosenoticias.com.br\/#website"},"primaryImageOfPage":{"@id":"https:\/\/jornalfatosenoticias.com.br\/index.php\/2024\/08\/19\/milhares-vao-as-ruas-em-todo-mundo-para-protestar-contra-o-resultado-das-eleicoes-na-venezuela\/#primaryimage"},"image":{"@id":"https:\/\/jornalfatosenoticias.com.br\/index.php\/2024\/08\/19\/milhares-vao-as-ruas-em-todo-mundo-para-protestar-contra-o-resultado-das-eleicoes-na-venezuela\/#primaryimage"},"thumbnailUrl":"https:\/\/jornalfatosenoticias.com.br\/wp-content\/uploads\/2024\/08\/Maria-Corina-Machado_gettyimages.jpg","datePublished":"2024-08-19T14:24:25+00:00","dateModified":"2024-08-19T14:25:43+00:00","breadcrumb":{"@id":"https:\/\/jornalfatosenoticias.com.br\/index.php\/2024\/08\/19\/milhares-vao-as-ruas-em-todo-mundo-para-protestar-contra-o-resultado-das-eleicoes-na-venezuela\/#breadcrumb"},"inLanguage":"pt-BR","potentialAction":[{"@type":"ReadAction","target":["https:\/\/jornalfatosenoticias.com.br\/index.php\/2024\/08\/19\/milhares-vao-as-ruas-em-todo-mundo-para-protestar-contra-o-resultado-das-eleicoes-na-venezuela\/"]}]},{"@type":"ImageObject","inLanguage":"pt-BR","@id":"https:\/\/jornalfatosenoticias.com.br\/index.php\/2024\/08\/19\/milhares-vao-as-ruas-em-todo-mundo-para-protestar-contra-o-resultado-das-eleicoes-na-venezuela\/#primaryimage","url":"https:\/\/jornalfatosenoticias.com.br\/wp-content\/uploads\/2024\/08\/Maria-Corina-Machado_gettyimages.jpg","contentUrl":"https:\/\/jornalfatosenoticias.com.br\/wp-content\/uploads\/2024\/08\/Maria-Corina-Machado_gettyimages.jpg","width":612,"height":408,"caption":"CARACAS, VENEZUELA - AUGUST 17: Opposition leader Maria Corina Machado greets her supporters and waves a Venezuelan flag during the 'Gran Protesta Mundial por la Verdad' opposition protest on August 17, 2024 in Caracas, Venezuela. President of Venezuela Nicolas Maduro was declared as the winner of the 2024 presidential election over his rival, Edmundo Gonzalez. The result has been questioned by the opposition and internationally. According to the opposition leader Maria Corina Machado, the result announced by the 'Consejo Nacional Electoral' (CNE) does not reflect the decision made by the Venezuelans during the election. (Photo by Jesus Vargas\/Getty Images)"},{"@type":"BreadcrumbList","@id":"https:\/\/jornalfatosenoticias.com.br\/index.php\/2024\/08\/19\/milhares-vao-as-ruas-em-todo-mundo-para-protestar-contra-o-resultado-das-eleicoes-na-venezuela\/#breadcrumb","itemListElement":[{"@type":"ListItem","position":1,"name":"In\u00edcio","item":"https:\/\/jornalfatosenoticias.com.br\/"},{"@type":"ListItem","position":2,"name":"Milhares v\u00e3o \u00e0s ruas em todo mundo para protestar contra o resultado das elei\u00e7\u00f5es na Venezuela"}]},{"@type":"WebSite","@id":"https:\/\/jornalfatosenoticias.com.br\/#website","url":"https:\/\/jornalfatosenoticias.com.br\/","name":"Jornal Fatos e Not\u00edcias","description":"Not\u00edcias em geral","publisher":{"@id":"https:\/\/jornalfatosenoticias.com.br\/#organization"},"potentialAction":[{"@type":"SearchAction","target":{"@type":"EntryPoint","urlTemplate":"https:\/\/jornalfatosenoticias.com.br\/?s={search_term_string}"},"query-input":{"@type":"PropertyValueSpecification","valueRequired":true,"valueName":"search_term_string"}}],"inLanguage":"pt-BR"},{"@type":"Organization","@id":"https:\/\/jornalfatosenoticias.com.br\/#organization","name":"Jornal Fatos e Not\u00edcias","url":"https:\/\/jornalfatosenoticias.com.br\/","logo":{"@type":"ImageObject","inLanguage":"pt-BR","@id":"https:\/\/jornalfatosenoticias.com.br\/#\/schema\/logo\/image\/","url":"https:\/\/jornalfatosenoticias.com.br\/wp-content\/uploads\/2020\/02\/logo120.png","contentUrl":"https:\/\/jornalfatosenoticias.com.br\/wp-content\/uploads\/2020\/02\/logo120.png","width":1227,"height":120,"caption":"Jornal Fatos e Not\u00edcias"},"image":{"@id":"https:\/\/jornalfatosenoticias.com.br\/#\/schema\/logo\/image\/"}},{"@type":"Person","@id":"https:\/\/jornalfatosenoticias.com.br\/#\/schema\/person\/d63837fa13ac8666eb9e74e0985d6f81","name":"Luzimara Fernandes","image":{"@type":"ImageObject","inLanguage":"pt-BR","@id":"https:\/\/jornalfatosenoticias.com.br\/#\/schema\/person\/image\/","url":"https:\/\/jornalfatosenoticias.com.br\/wp-content\/uploads\/2025\/05\/EU_portal.jpg","contentUrl":"https:\/\/jornalfatosenoticias.com.br\/wp-content\/uploads\/2025\/05\/EU_portal.jpg","caption":"Luzimara Fernandes"},"description":"Jornalista MTB 2358-ES","sameAs":["https:\/\/jornalfatosenoticias.com.br"],"url":"https:\/\/jornalfatosenoticias.com.br\/index.php\/author\/luzimara\/"}]}},"cc_featured_image_caption":{"caption_text":"(Foto: Getty Images)","source_text":"","source_url":""},"jetpack_featured_media_url":"https:\/\/jornalfatosenoticias.com.br\/wp-content\/uploads\/2024\/08\/Maria-Corina-Machado_gettyimages.jpg","_links":{"self":[{"href":"https:\/\/jornalfatosenoticias.com.br\/index.php\/wp-json\/wp\/v2\/posts\/53578","targetHints":{"allow":["GET"]}}],"collection":[{"href":"https:\/\/jornalfatosenoticias.com.br\/index.php\/wp-json\/wp\/v2\/posts"}],"about":[{"href":"https:\/\/jornalfatosenoticias.com.br\/index.php\/wp-json\/wp\/v2\/types\/post"}],"author":[{"embeddable":true,"href":"https:\/\/jornalfatosenoticias.com.br\/index.php\/wp-json\/wp\/v2\/users\/2"}],"replies":[{"embeddable":true,"href":"https:\/\/jornalfatosenoticias.com.br\/index.php\/wp-json\/wp\/v2\/comments?post=53578"}],"version-history":[{"count":0,"href":"https:\/\/jornalfatosenoticias.com.br\/index.php\/wp-json\/wp\/v2\/posts\/53578\/revisions"}],"wp:featuredmedia":[{"embeddable":true,"href":"https:\/\/jornalfatosenoticias.com.br\/index.php\/wp-json\/wp\/v2\/media\/53582"}],"wp:attachment":[{"href":"https:\/\/jornalfatosenoticias.com.br\/index.php\/wp-json\/wp\/v2\/media?parent=53578"}],"wp:term":[{"taxonomy":"category","embeddable":true,"href":"https:\/\/jornalfatosenoticias.com.br\/index.php\/wp-json\/wp\/v2\/categories?post=53578"},{"taxonomy":"post_tag","embeddable":true,"href":"https:\/\/jornalfatosenoticias.com.br\/index.php\/wp-json\/wp\/v2\/tags?post=53578"}],"curies":[{"name":"wp","href":"https:\/\/api.w.org\/{rel}","templated":true}]}}