{"id":53599,"date":"2024-08-19T13:11:44","date_gmt":"2024-08-19T16:11:44","guid":{"rendered":"https:\/\/jornalfatosenoticias.com.br\/?p=53599"},"modified":"2024-08-19T13:11:45","modified_gmt":"2024-08-19T16:11:45","slug":"perturbacoes-cerebrais-na-infancia-podem-levar-a-transtornos-psiquiatricos-na-vida-adulta","status":"publish","type":"post","link":"https:\/\/jornalfatosenoticias.com.br\/index.php\/2024\/08\/19\/perturbacoes-cerebrais-na-infancia-podem-levar-a-transtornos-psiquiatricos-na-vida-adulta\/","title":{"rendered":"Perturba\u00e7\u00f5es cerebrais na inf\u00e2ncia podem levar a transtornos psiqui\u00e1tricos na vida adulta"},"content":{"rendered":"\n<p><em><span class=\"has-inline-color has-black-color\">Resultados podem orientar novas formas de tratamentos para autismo, transtorno de d\u00e9ficit de aten\u00e7\u00e3o, esquizofrenia e epilepsia<\/span><\/em><\/p>\n\n\n\n<p><span class=\"has-inline-color has-black-color\">Por <strong>Jos\u00e9 Tadeu Arantes\/<a href=\"https:\/\/gizmodo.uol.com.br\/author\/agencia-fapesp\/\">Ag\u00eancia Fapesp<\/a><\/strong><\/span><\/p>\n\n\n\n<div class=\"wp-block-image\"><figure class=\"aligncenter size-large\"><a href=\"https:\/\/mizu.com.br\/\"><img loading=\"lazy\" decoding=\"async\" width=\"729\" height=\"90\" src=\"https:\/\/jornalfatosenoticias.com.br\/wp-content\/uploads\/2020\/02\/Logo_Mizu.png\" alt=\"\" class=\"wp-image-1441\" srcset=\"https:\/\/jornalfatosenoticias.com.br\/wp-content\/uploads\/2020\/02\/Logo_Mizu.png 729w, https:\/\/jornalfatosenoticias.com.br\/wp-content\/uploads\/2020\/02\/Logo_Mizu-300x37.png 300w\" sizes=\"auto, (max-width: 729px) 100vw, 729px\" \/><\/a><\/figure><\/div>\n\n\n\n<p>Os primeiros anos de vida s\u00e3o cruciais para o desenvolvimento adequado e a matura\u00e7\u00e3o do c\u00e9rebro. Perturba\u00e7\u00f5es cerebrais nessa fase, como les\u00f5es, infec\u00e7\u00f5es, estresse ou desnutri\u00e7\u00e3o, podem afetar profundamente a fun\u00e7\u00e3o cerebral e o comportamento por toda a vida. Crises convulsivas s\u00e3o as ocorr\u00eancias neurol\u00f3gicas mais comuns nessa idade e constituem fatores de risco significativos para a incid\u00eancia de dist\u00farbios do neurodesenvolvimento, como autismo, transtorno de d\u00e9ficit de aten\u00e7\u00e3o com hiperatividade (TDAH) e defici\u00eancia intelectual, bem como de esquizofrenia e epilepsia.<br>Estudo realizado na Faculdade de Medicina de Ribeir\u00e3o Preto da Universidade de S\u00e3o Paulo (FMRP-USP) com apoio da Fapesp investigou a neurobiologia dos efeitos comportamentais decorrentes de crises convulsivas na inf\u00e2ncia, utilizando roedores como modelo animal. Liderado pelo pesquisador <strong><a href=\"https:\/\/bv.fapesp.br\/pt\/pesquisador\/66569\/rafael-naime-ruggiero\/\" target=\"_blank\" rel=\"noreferrer noopener\">Rafael Naime Ruggiero<\/a><\/strong>, sob supervis\u00e3o do professor\u00a0<strong><a href=\"https:\/\/bv.fapesp.br\/pt\/pesquisador\/830\/joao-pereira-leite\/\" target=\"_blank\" rel=\"noreferrer noopener\">Jo\u00e3o Pereira Leite<\/a><\/strong>, o estudo contou com a colabora\u00e7\u00e3o de cientistas da Universidade Federal de S\u00e3o Paulo (Unifesp) e da Universidade Federal de Minas Gerais (UFMG). E foi\u00a0<strong><a href=\"https:\/\/elifesciences.org\/articles\/90997\" target=\"_blank\" rel=\"noreferrer noopener\">publicado<\/a><\/strong>\u00a0no peri\u00f3dico\u00a0<em>eLife<\/em>.<\/p>\n\n\n\n<div class=\"wp-block-image\"><figure class=\"aligncenter size-large is-resized\"><img loading=\"lazy\" decoding=\"async\" src=\"https:\/\/jornalfatosenoticias.com.br\/wp-content\/uploads\/2022\/02\/Precisao-Contabilidade-1024x724.jpg\" alt=\"\" class=\"wp-image-28088\" width=\"376\" height=\"266\"\/><\/figure><\/div>\n\n\n\n<blockquote class=\"wp-block-quote is-layout-flow wp-block-quote-is-layout-flow\"><p><span class=\"has-inline-color has-luminous-vivid-orange-color\">Os efeitos das crises na inf\u00e2ncia n\u00e3o est\u00e3o associados \u00e0 morte de neur\u00f4nios, mas sim a disfun\u00e7\u00f5es moleculares, celulares e de redes neurais. Descobrimos que ocorre um aumento persistente de inflama\u00e7\u00e3o no c\u00e9rebro, associada a altera\u00e7\u00f5es comportamentais relevantes para autismo e esquizofrenia\u201d, diz Ruggiero.<\/span><\/p><\/blockquote>\n\n\n\n<div class=\"wp-block-image\"><figure class=\"aligncenter size-large is-resized\"><a href=\"https:\/\/www.instagram.com\/restaurantepegoretti\/\"><img loading=\"lazy\" decoding=\"async\" src=\"https:\/\/jornalfatosenoticias.com.br\/wp-content\/uploads\/2023\/12\/pegoretti-logo-pdf-1024x389.jpg\" alt=\"\" class=\"wp-image-47536\" width=\"480\" height=\"182\" srcset=\"https:\/\/jornalfatosenoticias.com.br\/wp-content\/uploads\/2023\/12\/pegoretti-logo-pdf-1024x389.jpg 1024w, https:\/\/jornalfatosenoticias.com.br\/wp-content\/uploads\/2023\/12\/pegoretti-logo-pdf-300x114.jpg 300w, https:\/\/jornalfatosenoticias.com.br\/wp-content\/uploads\/2023\/12\/pegoretti-logo-pdf-768x291.jpg 768w, https:\/\/jornalfatosenoticias.com.br\/wp-content\/uploads\/2023\/12\/pegoretti-logo-pdf.jpg 1120w\" sizes=\"auto, (max-width: 480px) 100vw, 480px\" \/><\/a><\/figure><\/div>\n\n\n\n<p>Al\u00e9m da neuroinflama\u00e7\u00e3o, os pesquisadores observaram uma rela\u00e7\u00e3o inesperada entre a neuroplasticidade (isto \u00e9, a capacidade de o c\u00e9rebro se modificar) e a cogni\u00e7\u00e3o. \u201cEmbora cont\u00e1ssemos com essa rela\u00e7\u00e3o, verificamos que o fortalecimento das conex\u00f5es neurais decorrentes das crises na inf\u00e2ncia \u00e9 ainda mais exagerado do que sup\u00fanhamos, sugerindo um n\u00edvel alto de neuroplasticidade. Vale ressaltar que tanto pouca quanto muita plasticidade levam a preju\u00edzos cognitivos. Al\u00e9m de d\u00e9ficits de aten\u00e7\u00e3o e mem\u00f3ria, essa facilidade em fortalecer conex\u00f5es neurais pode explicar o maior risco de que indiv\u00edduos que sofreram convuls\u00f5es na inf\u00e2ncia desenvolvam epilepsia na idade adulta\u201d, informa Ruggiero.<\/p>\n\n\n\n<div class=\"wp-block-image\"><figure class=\"aligncenter size-large is-resized\"><a href=\"https:\/\/www.controlsystems.com.br\/\"><img loading=\"lazy\" decoding=\"async\" src=\"https:\/\/jornalfatosenoticias.com.br\/wp-content\/uploads\/2020\/02\/CONTROL-CS.jpg\" alt=\"\" class=\"wp-image-44991\" width=\"319\" height=\"382\" srcset=\"https:\/\/jornalfatosenoticias.com.br\/wp-content\/uploads\/2020\/02\/CONTROL-CS.jpg 834w, https:\/\/jornalfatosenoticias.com.br\/wp-content\/uploads\/2020\/02\/CONTROL-CS-250x300.jpg 250w, https:\/\/jornalfatosenoticias.com.br\/wp-content\/uploads\/2020\/02\/CONTROL-CS-768x921.jpg 768w\" sizes=\"auto, (max-width: 319px) 100vw, 319px\" \/><\/a><\/figure><\/div>\n\n\n\n<p>Outra descoberta bastante intrigante foi a de que, em indiv\u00edduos que sofreram crises na inf\u00e2ncia, a atividade cerebral em estado ativo de vig\u00edlia apresenta uma semelhan\u00e7a acima da esperada com a atividade cerebral durante o sono REM [sigla decorrente da express\u00e3o em l\u00edngua inglesa <em>rapid eye movement,<\/em> ou movimento r\u00e1pido dos olhos]. \u201cComo o sono REM \u00e9 o est\u00e1gio em que ocorrem os sonhos mais v\u00edvidos, essa semelhan\u00e7a poderia explicar processamentos sensoriais at\u00edpicos, que ocorrem especialmente na esquizofrenia\u201d, afirma <strong><a href=\"https:\/\/bv.fapesp.br\/pt\/pesquisador\/723391\/danilo-benette-marques\/\" target=\"_blank\" rel=\"noreferrer noopener\">Danilo Benette Marques<\/a><\/strong>, coautor do artigo. Ele e colaboradores associam essa condi\u00e7\u00e3o a um excesso de dopamina.<\/p>\n\n\n\n<div class=\"wp-block-image\"><figure class=\"aligncenter size-large is-resized\"><a href=\"https:\/\/hotelmarquetti.com.br\/\"><img loading=\"lazy\" decoding=\"async\" src=\"https:\/\/jornalfatosenoticias.com.br\/wp-content\/uploads\/2023\/03\/nova-logo-Marquetti.jpg\" alt=\"\" class=\"wp-image-40207\" width=\"372\" height=\"250\" srcset=\"https:\/\/jornalfatosenoticias.com.br\/wp-content\/uploads\/2023\/03\/nova-logo-Marquetti.jpg 643w, https:\/\/jornalfatosenoticias.com.br\/wp-content\/uploads\/2023\/03\/nova-logo-Marquetti-300x202.jpg 300w\" sizes=\"auto, (max-width: 372px) 100vw, 372px\" \/><\/a><\/figure><\/div>\n\n\n\n<p>\u201cNa cl\u00ednica, as epilepsias apresentam uma alta taxa de comorbidades psiqui\u00e1tricas, ou seja, de transtornos mentais que ocorrem junto com a doen\u00e7a neurol\u00f3gica. Existe uma forte associa\u00e7\u00e3o com autismo, defici\u00eancia intelectual e transtorno de d\u00e9ficit de aten\u00e7\u00e3o, bem como com condi\u00e7\u00f5es psiqui\u00e1tricas que se manifestam na idade adulta, como a esquizofrenia e outros transtornos psic\u00f3ticos. Estima-se que 30% dos indiv\u00edduos com autismo tamb\u00e9m apresentem epilepsia. Esta interse\u00e7\u00e3o complexa entre neurologia e psiquiatria \u00e9 um dos principais focos de nossas pesquisas nos \u00faltimos anos\u201d, comenta Pereira Leite, coordenador do estudo em pauta e pesquisador respons\u00e1vel pelo Projeto Tem\u00e1tico Fapesp \u201c<strong><a href=\"https:\/\/bv.fapesp.br\/pt\/auxilios\/97268\/epilepsias-farmacorresistentes-desafios-diagnosticos-estudo-das-comorbidades-associadas-e-novas-abor\/\" target=\"_blank\" rel=\"noreferrer noopener\">Epilepsias farmacorresistentes: desafios diagn\u00f3sticos, estudo das comorbidades associadas e novas abordagens experimentais<\/a><\/strong>\u201d.<\/p>\n\n\n\n<div class=\"wp-block-image\"><figure class=\"aligncenter size-large\"><a href=\"https:\/\/cesconetto.com.br\/\"><img loading=\"lazy\" decoding=\"async\" width=\"300\" height=\"250\" src=\"https:\/\/jornalfatosenoticias.com.br\/wp-content\/uploads\/2020\/02\/Banner-2.png\" alt=\"\" class=\"wp-image-43787\"\/><\/a><\/figure><\/div>\n\n\n\n<p>\u201cPor muitos anos, acreditou-se que as altera\u00e7\u00f5es cognitivas e comportamentais associadas \u00e0 epilepsia fossem resultado da morte progressiva de neur\u00f4nios nas regi\u00f5es cerebrais afetadas pelas crises epil\u00e9pticas. No entanto, verificamos que indiv\u00edduos que experimentaram crises convulsivas na inf\u00e2ncia, mesmo sem desenvolver epilepsia na vida adulta, apresentam maior incid\u00eancia dessas mesmas condi\u00e7\u00f5es psiqui\u00e1tricas\u201d, continua Pereira Leite.<\/p>\n\n\n\n<div class=\"wp-block-image\"><figure class=\"aligncenter size-large\"><a href=\"https:\/\/www.facebook.com\/Esteio-Churrascaria-Barbecue-103643461220402\/\"><img decoding=\"async\" src=\"https:\/\/jornalfatosenoticias.com.br\/wp-content\/uploads\/2020\/02\/logo_esteio.jpg\" alt=\"\" class=\"wp-image-1214\"\/><\/a><\/figure><\/div>\n\n\n\n<p>Ruggiero acrescenta que, similarmente ao que ocorre na cl\u00ednica, roedores expostos a convuls\u00f5es nos primeiros dias de vida apresentaram uma s\u00e9rie de altera\u00e7\u00f5es comportamentais na vida adulta. \u201cO que mais nos intrigou foi que, tanto em humanos quanto em roedores, as crises no in\u00edcio da inf\u00e2ncia n\u00e3o causam morte neuronal. Por isso, nossa hip\u00f3tese foi a de que o funcionamento de redes neuronais poderia ter sido afetado. \u00c9 importante destacar que, nos transtornos psiqui\u00e1tricos, a perda neuronal n\u00e3o \u00e9 uma caracter\u00edstica proeminente. Acreditamos que altera\u00e7\u00f5es no funcionamento de redes neurais espec\u00edficas possam ser identificadas em diferentes transtornos mentais e sejam respons\u00e1veis por um conjunto comum de sintomas\u201d, diz.<\/p>\n\n\n\n<div class=\"wp-block-image\"><figure class=\"aligncenter size-large is-resized\"><a href=\"https:\/\/www.instagram.com\/vmais.midias\/\"><img loading=\"lazy\" decoding=\"async\" src=\"https:\/\/jornalfatosenoticias.com.br\/wp-content\/uploads\/2020\/02\/DE-MAIS-DESTAQUE-VMAIS-800X700.png\" alt=\"\" class=\"wp-image-53112\" width=\"311\" height=\"272\" srcset=\"https:\/\/jornalfatosenoticias.com.br\/wp-content\/uploads\/2020\/02\/DE-MAIS-DESTAQUE-VMAIS-800X700.png 800w, https:\/\/jornalfatosenoticias.com.br\/wp-content\/uploads\/2020\/02\/DE-MAIS-DESTAQUE-VMAIS-800X700-300x263.png 300w, https:\/\/jornalfatosenoticias.com.br\/wp-content\/uploads\/2020\/02\/DE-MAIS-DESTAQUE-VMAIS-800X700-768x672.png 768w\" sizes=\"auto, (max-width: 311px) 100vw, 311px\" \/><\/a><\/figure><\/div>\n\n\n\n<p>Os pesquisadores examinaram as altera\u00e7\u00f5es comportamentais em roedores por meio de uma s\u00e9rie de testes. Dentre as mudan\u00e7as mais marcantes, descobriram que os animais afetados apresentavam hiperlocomo\u00e7\u00e3o, ou seja, uma agita\u00e7\u00e3o espont\u00e2nea persistente, e dificuldades no filtro sens\u00f3rio-motor. Esse filtro \u00e9 respons\u00e1vel pela capacidade de o c\u00e9rebro filtrar informa\u00e7\u00f5es sensoriais e respostas motoras de forma eficaz, distinguindo est\u00edmulos relevantes e irrelevantes em ambientes conturbados e regulando respostas exageradas. No tratamento da esquizofrenia, medicamentos antipsic\u00f3ticos s\u00e3o utilizados para reduzir esses comportamentos.<\/p>\n\n\n\n<div class=\"wp-block-image\"><figure class=\"aligncenter size-large is-resized\"><a href=\"https:\/\/www.facebook.com\/postobkr\/?locale=pt_BR\"><img loading=\"lazy\" decoding=\"async\" src=\"https:\/\/jornalfatosenoticias.com.br\/wp-content\/uploads\/2023\/08\/BKR-1024x1021.jpg\" alt=\"\" class=\"wp-image-44494\" width=\"334\" height=\"333\" srcset=\"https:\/\/jornalfatosenoticias.com.br\/wp-content\/uploads\/2023\/08\/BKR-1024x1021.jpg 1024w, https:\/\/jornalfatosenoticias.com.br\/wp-content\/uploads\/2023\/08\/BKR-300x300.jpg 300w, https:\/\/jornalfatosenoticias.com.br\/wp-content\/uploads\/2023\/08\/BKR-150x150.jpg 150w, https:\/\/jornalfatosenoticias.com.br\/wp-content\/uploads\/2023\/08\/BKR-768x766.jpg 768w, https:\/\/jornalfatosenoticias.com.br\/wp-content\/uploads\/2023\/08\/BKR.jpg 1080w\" sizes=\"auto, (max-width: 334px) 100vw, 334px\" \/><\/a><\/figure><\/div>\n\n\n\n<p>\u201cVerificamos que modelos animais que replicam aspectos biol\u00f3gicos do autismo tamb\u00e9m mostram altera\u00e7\u00f5es marcantes nesses mesmos testes. Este conjunto de altera\u00e7\u00f5es sens\u00f3rio-motoras est\u00e1 fortemente associado a mudan\u00e7as perceptivas e comportamentais observadas na cl\u00ednica, como hiperatividade no TDAH, alucina\u00e7\u00f5es na psicose e hipersensibilidade a ambientes estimulantes no transtorno do espectro autista [TEA]. Ao mesmo tempo, nosso estudo tamb\u00e9m revelou um preju\u00edzo cognitivo na chamada \u2018mem\u00f3ria de trabalho\u2019, aquela que usamos para guardar temporariamente informa\u00e7\u00f5es, como um n\u00famero de telefone, e depois esquecemos. Ela \u00e9 essencial para atividades que exigem aten\u00e7\u00e3o, planejamento e racioc\u00ednio. Esse tipo de mem\u00f3ria \u00e9 severamente afetado na esquizofrenia e em transtornos do neurodesenvolvimento, o que se reflete em pensamento desorganizado, dificuldades de aprendizado e d\u00e9ficit de aten\u00e7\u00e3o\u201d, conta Ruggiero.<\/p>\n\n\n\n<div class=\"wp-block-image\"><figure class=\"aligncenter size-large is-resized\"><a href=\"https:\/\/www.facebook.com\/vetor.vix\/\"><img loading=\"lazy\" decoding=\"async\" src=\"https:\/\/jornalfatosenoticias.com.br\/wp-content\/uploads\/2023\/09\/vetorvix1024_1.jpg\" alt=\"\" class=\"wp-image-44868\" width=\"528\" height=\"140\" srcset=\"https:\/\/jornalfatosenoticias.com.br\/wp-content\/uploads\/2023\/09\/vetorvix1024_1.jpg 1024w, https:\/\/jornalfatosenoticias.com.br\/wp-content\/uploads\/2023\/09\/vetorvix1024_1-300x80.jpg 300w, https:\/\/jornalfatosenoticias.com.br\/wp-content\/uploads\/2023\/09\/vetorvix1024_1-768x205.jpg 768w\" sizes=\"auto, (max-width: 528px) 100vw, 528px\" \/><\/a><\/figure><\/div>\n\n\n\n<p>Diante da descoberta de que as convuls\u00f5es na inf\u00e2ncia n\u00e3o causavam morte de neur\u00f4nios, os pesquisadores se perguntaram onde ficariam localizadas as marcas cerebrais por tr\u00e1s dessas altera\u00e7\u00f5es comportamentais. \u201cEm <strong><a href=\"https:\/\/www.frontiersin.org\/journals\/cellular-neuroscience\/articles\/10.3389\/fncel.2021.732360\/full\" target=\"_blank\" rel=\"noreferrer noopener\">estudo anterior<\/a><\/strong>, verificamos que muitos dos efeitos comportamentais das crises na inf\u00e2ncia correspondem a fun\u00e7\u00f5es cognitivas e comportamentais que dependem do hipocampo [regi\u00e3o do c\u00e9rebro crucial para a forma\u00e7\u00e3o da mem\u00f3ria e integra\u00e7\u00e3o sens\u00f3rio-motora], do c\u00f3rtex pr\u00e9-frontal [respons\u00e1vel pelo planejamento, aten\u00e7\u00e3o e controle emocional], bem como da comunica\u00e7\u00e3o entre elas. Por isso, estabelecemos como hip\u00f3tese que essas regi\u00f5es poderiam ser boas candidatas para conter as disfun\u00e7\u00f5es neurais relacionadas \u00e0s altera\u00e7\u00f5es comportamentais oriundas das perturba\u00e7\u00f5es cerebrais na inf\u00e2ncia\u201d, responde Ruggiero.<\/p>\n\n\n\n<div class=\"wp-block-image\"><figure class=\"aligncenter size-large\"><a href=\"http:\/\/www.ferrarimaquinas.com.br\/\"><img loading=\"lazy\" decoding=\"async\" width=\"300\" height=\"250\" src=\"https:\/\/jornalfatosenoticias.com.br\/wp-content\/uploads\/2022\/02\/FERRARI_MAQUINAS-E-FERRAMENTAS2.jpg\" alt=\"\" class=\"wp-image-27860\"\/><\/a><\/figure><\/div>\n\n\n\n<p>Um dos achados mais marcantes do estudo foi a presen\u00e7a de inflama\u00e7\u00e3o no c\u00e9rebro dos animais que sofreram crises na inf\u00e2ncia. O processo de neuroinflama\u00e7\u00e3o \u00e9 natural e fundamental para o c\u00e9rebro no combate a infec\u00e7\u00f5es e na recupera\u00e7\u00e3o de les\u00f5es. No sistema nervoso, os principais respons\u00e1veis por esse papel s\u00e3o as c\u00e9lulas da glia, como os astr\u00f3citos, que, diante de inj\u00farias cerebrais, aumentam sua atividade, expandindo-se, ramificando-se, multiplicando-se e tornando-se prontas para lidar com quaisquer danos cerebrais. Assim, uma maneira de investigar a neuroinflama\u00e7\u00e3o no c\u00e9rebro \u00e9 pela marca\u00e7\u00e3o de uma prote\u00edna chamada GFAP, que est\u00e1 presente no esqueleto dos astr\u00f3citos. Seus n\u00edveis s\u00e3o bons indicadores da ativa\u00e7\u00e3o destas c\u00e9lulas.<\/p>\n\n\n\n<div class=\"wp-block-image\"><figure class=\"aligncenter size-large is-resized\"><a href=\"https:\/\/www.instagram.com\/rapuzeljastro\/\"><img loading=\"lazy\" decoding=\"async\" src=\"https:\/\/jornalfatosenoticias.com.br\/wp-content\/uploads\/2020\/02\/logo-Rapuzel-1024x571.jpg\" alt=\"\" class=\"wp-image-42808\" width=\"388\" height=\"216\" srcset=\"https:\/\/jornalfatosenoticias.com.br\/wp-content\/uploads\/2020\/02\/logo-Rapuzel-1024x571.jpg 1024w, https:\/\/jornalfatosenoticias.com.br\/wp-content\/uploads\/2020\/02\/logo-Rapuzel-300x167.jpg 300w, https:\/\/jornalfatosenoticias.com.br\/wp-content\/uploads\/2020\/02\/logo-Rapuzel-768x428.jpg 768w, https:\/\/jornalfatosenoticias.com.br\/wp-content\/uploads\/2020\/02\/logo-Rapuzel-1536x856.jpg 1536w, https:\/\/jornalfatosenoticias.com.br\/wp-content\/uploads\/2020\/02\/logo-Rapuzel.jpg 1600w\" sizes=\"auto, (max-width: 388px) 100vw, 388px\" \/><\/a><\/figure><\/div>\n\n\n\n<p>\u201cEmbora n\u00e3o ocorra les\u00e3o de fato de neur\u00f4nios, as convuls\u00f5es na inf\u00e2ncia resultam em um aumento do processo neuroinflamat\u00f3rio. Observamos esse aumento em todas as regi\u00f5es cerebrais examinadas. Al\u00e9m disso, os n\u00edveis de inflama\u00e7\u00e3o estavam significativamente correlacionados com as altera\u00e7\u00f5es comportamentais, especialmente \u00e0quelas sens\u00f3rio-motoras, mais relevantes para o autismo e a esquizofrenia\u201d, relata <strong><a href=\"https:\/\/bv.fapesp.br\/pt\/pesquisador\/105034\/matheus-teixeira-rossignoli\/\" target=\"_blank\" rel=\"noreferrer noopener\">Matheus Teixeira Rossignoli<\/a><\/strong>, outro dos autores do estudo.<\/p>\n\n\n\n<div class=\"wp-block-image\"><figure class=\"aligncenter size-large is-resized\"><a href=\"https:\/\/www.ithbrasil.com.br\/\"><img loading=\"lazy\" decoding=\"async\" src=\"https:\/\/jornalfatosenoticias.com.br\/wp-content\/uploads\/2023\/08\/ITH.jpeg\" alt=\"\" class=\"wp-image-44638\" width=\"309\" height=\"251\" srcset=\"https:\/\/jornalfatosenoticias.com.br\/wp-content\/uploads\/2023\/08\/ITH.jpeg 800w, https:\/\/jornalfatosenoticias.com.br\/wp-content\/uploads\/2023\/08\/ITH-300x244.jpeg 300w, https:\/\/jornalfatosenoticias.com.br\/wp-content\/uploads\/2023\/08\/ITH-768x624.jpeg 768w\" sizes=\"auto, (max-width: 309px) 100vw, 309px\" \/><\/a><\/figure><\/div>\n\n\n\n<p>N\u00e3o \u00e9 exatamente novidade que o TEA e a esquizofrenia estejam associados \u00e0 neuroinflama\u00e7\u00e3o. Em 2005, uma an\u00e1lise <em>post-mortem<\/em> de c\u00e9rebros de indiv\u00edduos com TEA apresentou v\u00e1rios ind\u00edcios de neuroinflama\u00e7\u00e3o. No caso da esquizofrenia, a rela\u00e7\u00e3o com a inflama\u00e7\u00e3o \u00e9 ainda mais evidente. Em 2017, foi relatado o caso de um paciente com esquizofrenia que apresentou remiss\u00e3o completa dos sintomas ap\u00f3s um transplante de medula \u00f3ssea \u2014 processo que substitui completamente o sistema imunol\u00f3gico original do paciente. Tamb\u00e9m existem relatos de casos inversos, nos quais pacientes sem esquizofrenia desenvolveram o transtorno ap\u00f3s transplante de medula \u00f3ssea de um indiv\u00edduo que sofria de alucina\u00e7\u00f5es e del\u00edrios, como relatado em 2015.<\/p>\n\n\n\n<div class=\"wp-block-image\"><figure class=\"aligncenter size-large is-resized\"><a href=\"https:\/\/panper.com.br\/\"><img loading=\"lazy\" decoding=\"async\" src=\"https:\/\/jornalfatosenoticias.com.br\/wp-content\/uploads\/2023\/03\/logo-Panper_portal.jpg\" alt=\"\" class=\"wp-image-40208\" width=\"360\" height=\"249\" srcset=\"https:\/\/jornalfatosenoticias.com.br\/wp-content\/uploads\/2023\/03\/logo-Panper_portal.jpg 400w, https:\/\/jornalfatosenoticias.com.br\/wp-content\/uploads\/2023\/03\/logo-Panper_portal-300x208.jpg 300w\" sizes=\"auto, (max-width: 360px) 100vw, 360px\" \/><\/a><\/figure><\/div>\n\n\n\n<p>Al\u00e9m desses transtornos, casos de doen\u00e7as autoimunes cerebrais, nas quais o sistema imunol\u00f3gico ataca o pr\u00f3prio c\u00e9rebro, levando \u00e0 sua inflama\u00e7\u00e3o, comumente apresentam sintomas t\u00edpicos de confus\u00e3o mental, alucina\u00e7\u00f5es e del\u00edrios, muitas vezes sendo diagnosticados como transtornos psic\u00f3ticos, mas n\u00e3o respondendo aos tratamentos convencionais.<\/p>\n\n\n\n<div class=\"wp-block-image\"><figure class=\"aligncenter size-large is-resized\"><img loading=\"lazy\" decoding=\"async\" src=\"https:\/\/jornalfatosenoticias.com.br\/wp-content\/uploads\/2022\/02\/Precisao-Contabilidade-1024x724.jpg\" alt=\"\" class=\"wp-image-28088\" width=\"317\" height=\"224\"\/><\/figure><\/div>\n\n\n\n<p>O presente estudo liga esses pontos, mostrando como as convuls\u00f5es na inf\u00e2ncia representam um importante gatilho para uma neuroinflama\u00e7\u00e3o desregulada que pode persistir at\u00e9 a vida adulta. Assim, interven\u00e7\u00f5es para interromper esse processo poderiam possivelmente aliviar ou prevenir o desenvolvimento de altera\u00e7\u00f5es comportamentais a longo prazo. <em>\u201cUma perspectiva otimista dos achados \u00e9 que as altera\u00e7\u00f5es comportamentais n\u00e3o est\u00e3o necessariamente ligadas \u00e0 morte neuronal, que \u00e9 irrevers\u00edvel, mas sim a disfun\u00e7\u00f5es neurais potencialmente revers\u00edveis com tratamento. Isso sugere que, mesmo ap\u00f3s perturba\u00e7\u00f5es cerebrais na inf\u00e2ncia, h\u00e1 oportunidades de interven\u00e7\u00e3o que podem melhorar o funcionamento cerebral e comportamental ao longo da vida. Por\u00e9m, quanto mais precoce a interven\u00e7\u00e3o, maior a garantia de se promover um desenvolvimento saud\u00e1vel e de se prevenir complica\u00e7\u00f5es no futuro\u201d, conclui Ruggiero.<\/em><\/p>\n\n\n\n<div class=\"wp-block-image\"><figure class=\"aligncenter size-large is-resized\"><a href=\"https:\/\/hotelmarquetti.com.br\/\"><img loading=\"lazy\" decoding=\"async\" src=\"https:\/\/jornalfatosenoticias.com.br\/wp-content\/uploads\/2020\/02\/nova-logo-Marquetti.jpg\" alt=\"\" class=\"wp-image-22331\" width=\"378\" height=\"254\" srcset=\"https:\/\/jornalfatosenoticias.com.br\/wp-content\/uploads\/2020\/02\/nova-logo-Marquetti.jpg 643w, https:\/\/jornalfatosenoticias.com.br\/wp-content\/uploads\/2020\/02\/nova-logo-Marquetti-300x202.jpg 300w\" sizes=\"auto, (max-width: 378px) 100vw, 378px\" \/><\/a><\/figure><\/div>\n\n\n\n<p>A pesquisa tamb\u00e9m recebeu apoio da Fapesp por meio de bolsas de p\u00f3s-doutorado concedidas a tr\u00eas integrantes da equipe de pesquisadores: o pr\u00f3prio <strong><a href=\"https:\/\/bv.fapesp.br\/pt\/bolsas\/176557\/estudo-da-conectividade-da-circuitaria-meso-cortico-limbica-em-animais-submetidos-a-status-epileptic\/\" target=\"_blank\" rel=\"noreferrer noopener\">Ruggiero<\/a><\/strong>,\u00a0<strong><a href=\"https:\/\/bv.fapesp.br\/pt\/bolsas\/191245\/estudo-do-processamento-neural-da-circuitaria-meso-cortico-limbica-durante-o-comportamento-do-tipo-a\/?q=20\/01510-6\" target=\"_blank\" rel=\"noreferrer noopener\">Matheus Teixeira Rossignoli<\/a><\/strong>\u00a0e\u00a0<strong><a href=\"https:\/\/bv.fapesp.br\/pt\/bolsas\/207377\/estudo-da-decodificacao-neural-de-estados-comportamentais-relevantes-para-depressao-pelas-dinamicas-\/?q=22\/16812-3\" target=\"_blank\" rel=\"noreferrer noopener\">Danilo Benette Marques<\/a><\/strong>.<\/p>\n\n\n\n<div class=\"wp-block-image\"><figure class=\"aligncenter size-large is-resized\"><a href=\"https:\/\/www.instagram.com\/restaurantepegoretti\/\"><img loading=\"lazy\" decoding=\"async\" src=\"https:\/\/jornalfatosenoticias.com.br\/wp-content\/uploads\/2023\/12\/pegoretti-logo-pdf-1024x389.jpg\" alt=\"\" class=\"wp-image-47536\" width=\"469\" height=\"178\" srcset=\"https:\/\/jornalfatosenoticias.com.br\/wp-content\/uploads\/2023\/12\/pegoretti-logo-pdf-1024x389.jpg 1024w, https:\/\/jornalfatosenoticias.com.br\/wp-content\/uploads\/2023\/12\/pegoretti-logo-pdf-300x114.jpg 300w, https:\/\/jornalfatosenoticias.com.br\/wp-content\/uploads\/2023\/12\/pegoretti-logo-pdf-768x291.jpg 768w, https:\/\/jornalfatosenoticias.com.br\/wp-content\/uploads\/2023\/12\/pegoretti-logo-pdf.jpg 1120w\" sizes=\"auto, (max-width: 469px) 100vw, 469px\" \/><\/a><\/figure><\/div>\n\n\n\n<p>O artigo\u00a0<em>Dysfunctional hippocampal-prefrontal network underlies a multidimensional neuropsychiatric phenotype following early-life seizure<\/em>\u00a0pode ser encontrado em:\u00a0<strong><a href=\"https:\/\/elifesciences.org\/articles\/90997\" target=\"_blank\" rel=\"noreferrer noopener\">https:\/\/elifesciences.org\/articles\/90997<\/a><\/strong>.<\/p>\n\n\n\n<div class=\"wp-block-image\"><figure class=\"aligncenter size-large\"><a href=\"https:\/\/www.facebook.com\/Esteio-Churrascaria-Barbecue-103643461220402\/\"><img decoding=\"async\" src=\"https:\/\/jornalfatosenoticias.com.br\/wp-content\/uploads\/2020\/02\/logo_esteio.jpg\" alt=\"\" class=\"wp-image-1214\"\/><\/a><\/figure><\/div>\n\n\n\n<p><strong><em>Fonte: <a href=\"https:\/\/gizmodo.uol.com.br\/perturbacoes-cerebrais-na-infancia-podem-levar-a-transtornos-psiquiatricos-na-vida-adulta\/\">Giz Brasil<\/a><\/em><\/strong><\/p>\n","protected":false},"excerpt":{"rendered":"<p>Resultados podem orientar novas formas de tratamentos para autismo, transtorno de d\u00e9ficit de aten\u00e7\u00e3o, esquizofrenia e epilepsia Por Jos\u00e9 Tadeu Arantes\/Ag\u00eancia Fapesp Os primeiros anos de vida s\u00e3o cruciais para o desenvolvimento adequado e a matura\u00e7\u00e3o do c\u00e9rebro. Perturba\u00e7\u00f5es cerebrais nessa fase, como les\u00f5es, infec\u00e7\u00f5es, estresse ou desnutri\u00e7\u00e3o, podem afetar profundamente a fun\u00e7\u00e3o cerebral e [&hellip;]<\/p>\n","protected":false},"author":2,"featured_media":53600,"comment_status":"open","ping_status":"open","sticky":false,"template":"","format":"standard","meta":{"footnotes":""},"categories":[2522],"tags":[113,6658,4726,688,4698,351],"class_list":["post-53599","post","type-post","status-publish","format-standard","has-post-thumbnail","hentry","category-comportamento","tag-fapesp","tag-neurociencia","tag-psiquiatria","tag-saude-mental","tag-transtornos","tag-usp"],"yoast_head":"<!-- This site is optimized with the Yoast SEO plugin v26.5 - https:\/\/yoast.com\/wordpress\/plugins\/seo\/ -->\n<title>Perturba\u00e7\u00f5es cerebrais na inf\u00e2ncia podem levar a transtornos psiqui\u00e1tricos na vida adulta - Jornal Fatos e Not\u00edcias<\/title>\n<meta name=\"robots\" content=\"index, follow, max-snippet:-1, max-image-preview:large, max-video-preview:-1\" \/>\n<link rel=\"canonical\" href=\"https:\/\/jornalfatosenoticias.com.br\/index.php\/2024\/08\/19\/perturbacoes-cerebrais-na-infancia-podem-levar-a-transtornos-psiquiatricos-na-vida-adulta\/\" \/>\n<meta property=\"og:locale\" content=\"pt_BR\" \/>\n<meta property=\"og:type\" content=\"article\" \/>\n<meta property=\"og:title\" content=\"Perturba\u00e7\u00f5es cerebrais na inf\u00e2ncia podem levar a transtornos psiqui\u00e1tricos na vida adulta - Jornal Fatos e Not\u00edcias\" \/>\n<meta property=\"og:description\" content=\"Resultados podem orientar novas formas de tratamentos para autismo, transtorno de d\u00e9ficit de aten\u00e7\u00e3o, esquizofrenia e epilepsia Por Jos\u00e9 Tadeu Arantes\/Ag\u00eancia Fapesp Os primeiros anos de vida s\u00e3o cruciais para o desenvolvimento adequado e a matura\u00e7\u00e3o do c\u00e9rebro. Perturba\u00e7\u00f5es cerebrais nessa fase, como les\u00f5es, infec\u00e7\u00f5es, estresse ou desnutri\u00e7\u00e3o, podem afetar profundamente a fun\u00e7\u00e3o cerebral e [&hellip;]\" \/>\n<meta property=\"og:url\" content=\"https:\/\/jornalfatosenoticias.com.br\/index.php\/2024\/08\/19\/perturbacoes-cerebrais-na-infancia-podem-levar-a-transtornos-psiquiatricos-na-vida-adulta\/\" \/>\n<meta property=\"og:site_name\" content=\"Jornal Fatos e Not\u00edcias\" \/>\n<meta property=\"article:published_time\" content=\"2024-08-19T16:11:44+00:00\" \/>\n<meta property=\"article:modified_time\" content=\"2024-08-19T16:11:45+00:00\" \/>\n<meta property=\"og:image\" content=\"https:\/\/jornalfatosenoticias.com.br\/wp-content\/uploads\/2024\/08\/Perturbacoes-cerebrais-na-infancia_freepik.jpg\" \/>\n\t<meta property=\"og:image:width\" content=\"702\" \/>\n\t<meta property=\"og:image:height\" content=\"392\" \/>\n\t<meta property=\"og:image:type\" content=\"image\/jpeg\" \/>\n<meta name=\"author\" content=\"Luzimara Fernandes\" \/>\n<meta name=\"twitter:card\" content=\"summary_large_image\" \/>\n<meta name=\"twitter:label1\" content=\"Escrito por\" \/>\n\t<meta name=\"twitter:data1\" content=\"Luzimara Fernandes\" \/>\n\t<meta name=\"twitter:label2\" content=\"Est. tempo de leitura\" \/>\n\t<meta name=\"twitter:data2\" content=\"9 minutos\" \/>\n<script type=\"application\/ld+json\" class=\"yoast-schema-graph\">{\"@context\":\"https:\/\/schema.org\",\"@graph\":[{\"@type\":\"Article\",\"@id\":\"https:\/\/jornalfatosenoticias.com.br\/index.php\/2024\/08\/19\/perturbacoes-cerebrais-na-infancia-podem-levar-a-transtornos-psiquiatricos-na-vida-adulta\/#article\",\"isPartOf\":{\"@id\":\"https:\/\/jornalfatosenoticias.com.br\/index.php\/2024\/08\/19\/perturbacoes-cerebrais-na-infancia-podem-levar-a-transtornos-psiquiatricos-na-vida-adulta\/\"},\"author\":{\"name\":\"Luzimara Fernandes\",\"@id\":\"https:\/\/jornalfatosenoticias.com.br\/#\/schema\/person\/d63837fa13ac8666eb9e74e0985d6f81\"},\"headline\":\"Perturba\u00e7\u00f5es cerebrais na inf\u00e2ncia podem levar a transtornos psiqui\u00e1tricos na vida adulta\",\"datePublished\":\"2024-08-19T16:11:44+00:00\",\"dateModified\":\"2024-08-19T16:11:45+00:00\",\"mainEntityOfPage\":{\"@id\":\"https:\/\/jornalfatosenoticias.com.br\/index.php\/2024\/08\/19\/perturbacoes-cerebrais-na-infancia-podem-levar-a-transtornos-psiquiatricos-na-vida-adulta\/\"},\"wordCount\":1750,\"commentCount\":0,\"publisher\":{\"@id\":\"https:\/\/jornalfatosenoticias.com.br\/#organization\"},\"image\":{\"@id\":\"https:\/\/jornalfatosenoticias.com.br\/index.php\/2024\/08\/19\/perturbacoes-cerebrais-na-infancia-podem-levar-a-transtornos-psiquiatricos-na-vida-adulta\/#primaryimage\"},\"thumbnailUrl\":\"https:\/\/jornalfatosenoticias.com.br\/wp-content\/uploads\/2024\/08\/Perturbacoes-cerebrais-na-infancia_freepik.jpg\",\"keywords\":[\"fapesp\",\"neuroci\u00eancia\",\"psiquiatria\",\"sa\u00fade mental\",\"transtornos\",\"USP\"],\"articleSection\":[\"Comportamento &amp; Equil\u00edbrio\"],\"inLanguage\":\"pt-BR\",\"potentialAction\":[{\"@type\":\"CommentAction\",\"name\":\"Comment\",\"target\":[\"https:\/\/jornalfatosenoticias.com.br\/index.php\/2024\/08\/19\/perturbacoes-cerebrais-na-infancia-podem-levar-a-transtornos-psiquiatricos-na-vida-adulta\/#respond\"]}]},{\"@type\":\"WebPage\",\"@id\":\"https:\/\/jornalfatosenoticias.com.br\/index.php\/2024\/08\/19\/perturbacoes-cerebrais-na-infancia-podem-levar-a-transtornos-psiquiatricos-na-vida-adulta\/\",\"url\":\"https:\/\/jornalfatosenoticias.com.br\/index.php\/2024\/08\/19\/perturbacoes-cerebrais-na-infancia-podem-levar-a-transtornos-psiquiatricos-na-vida-adulta\/\",\"name\":\"Perturba\u00e7\u00f5es cerebrais na inf\u00e2ncia podem levar a transtornos psiqui\u00e1tricos na vida adulta - Jornal Fatos e Not\u00edcias\",\"isPartOf\":{\"@id\":\"https:\/\/jornalfatosenoticias.com.br\/#website\"},\"primaryImageOfPage\":{\"@id\":\"https:\/\/jornalfatosenoticias.com.br\/index.php\/2024\/08\/19\/perturbacoes-cerebrais-na-infancia-podem-levar-a-transtornos-psiquiatricos-na-vida-adulta\/#primaryimage\"},\"image\":{\"@id\":\"https:\/\/jornalfatosenoticias.com.br\/index.php\/2024\/08\/19\/perturbacoes-cerebrais-na-infancia-podem-levar-a-transtornos-psiquiatricos-na-vida-adulta\/#primaryimage\"},\"thumbnailUrl\":\"https:\/\/jornalfatosenoticias.com.br\/wp-content\/uploads\/2024\/08\/Perturbacoes-cerebrais-na-infancia_freepik.jpg\",\"datePublished\":\"2024-08-19T16:11:44+00:00\",\"dateModified\":\"2024-08-19T16:11:45+00:00\",\"breadcrumb\":{\"@id\":\"https:\/\/jornalfatosenoticias.com.br\/index.php\/2024\/08\/19\/perturbacoes-cerebrais-na-infancia-podem-levar-a-transtornos-psiquiatricos-na-vida-adulta\/#breadcrumb\"},\"inLanguage\":\"pt-BR\",\"potentialAction\":[{\"@type\":\"ReadAction\",\"target\":[\"https:\/\/jornalfatosenoticias.com.br\/index.php\/2024\/08\/19\/perturbacoes-cerebrais-na-infancia-podem-levar-a-transtornos-psiquiatricos-na-vida-adulta\/\"]}]},{\"@type\":\"ImageObject\",\"inLanguage\":\"pt-BR\",\"@id\":\"https:\/\/jornalfatosenoticias.com.br\/index.php\/2024\/08\/19\/perturbacoes-cerebrais-na-infancia-podem-levar-a-transtornos-psiquiatricos-na-vida-adulta\/#primaryimage\",\"url\":\"https:\/\/jornalfatosenoticias.com.br\/wp-content\/uploads\/2024\/08\/Perturbacoes-cerebrais-na-infancia_freepik.jpg\",\"contentUrl\":\"https:\/\/jornalfatosenoticias.com.br\/wp-content\/uploads\/2024\/08\/Perturbacoes-cerebrais-na-infancia_freepik.jpg\",\"width\":702,\"height\":392},{\"@type\":\"BreadcrumbList\",\"@id\":\"https:\/\/jornalfatosenoticias.com.br\/index.php\/2024\/08\/19\/perturbacoes-cerebrais-na-infancia-podem-levar-a-transtornos-psiquiatricos-na-vida-adulta\/#breadcrumb\",\"itemListElement\":[{\"@type\":\"ListItem\",\"position\":1,\"name\":\"In\u00edcio\",\"item\":\"https:\/\/jornalfatosenoticias.com.br\/\"},{\"@type\":\"ListItem\",\"position\":2,\"name\":\"Perturba\u00e7\u00f5es cerebrais na inf\u00e2ncia podem levar a transtornos psiqui\u00e1tricos na vida adulta\"}]},{\"@type\":\"WebSite\",\"@id\":\"https:\/\/jornalfatosenoticias.com.br\/#website\",\"url\":\"https:\/\/jornalfatosenoticias.com.br\/\",\"name\":\"Jornal Fatos e Not\u00edcias\",\"description\":\"Not\u00edcias em geral\",\"publisher\":{\"@id\":\"https:\/\/jornalfatosenoticias.com.br\/#organization\"},\"potentialAction\":[{\"@type\":\"SearchAction\",\"target\":{\"@type\":\"EntryPoint\",\"urlTemplate\":\"https:\/\/jornalfatosenoticias.com.br\/?s={search_term_string}\"},\"query-input\":{\"@type\":\"PropertyValueSpecification\",\"valueRequired\":true,\"valueName\":\"search_term_string\"}}],\"inLanguage\":\"pt-BR\"},{\"@type\":\"Organization\",\"@id\":\"https:\/\/jornalfatosenoticias.com.br\/#organization\",\"name\":\"Jornal Fatos e Not\u00edcias\",\"url\":\"https:\/\/jornalfatosenoticias.com.br\/\",\"logo\":{\"@type\":\"ImageObject\",\"inLanguage\":\"pt-BR\",\"@id\":\"https:\/\/jornalfatosenoticias.com.br\/#\/schema\/logo\/image\/\",\"url\":\"https:\/\/jornalfatosenoticias.com.br\/wp-content\/uploads\/2020\/02\/logo120.png\",\"contentUrl\":\"https:\/\/jornalfatosenoticias.com.br\/wp-content\/uploads\/2020\/02\/logo120.png\",\"width\":1227,\"height\":120,\"caption\":\"Jornal Fatos e Not\u00edcias\"},\"image\":{\"@id\":\"https:\/\/jornalfatosenoticias.com.br\/#\/schema\/logo\/image\/\"}},{\"@type\":\"Person\",\"@id\":\"https:\/\/jornalfatosenoticias.com.br\/#\/schema\/person\/d63837fa13ac8666eb9e74e0985d6f81\",\"name\":\"Luzimara Fernandes\",\"image\":{\"@type\":\"ImageObject\",\"inLanguage\":\"pt-BR\",\"@id\":\"https:\/\/jornalfatosenoticias.com.br\/#\/schema\/person\/image\/\",\"url\":\"https:\/\/jornalfatosenoticias.com.br\/wp-content\/uploads\/2025\/05\/EU_portal.jpg\",\"contentUrl\":\"https:\/\/jornalfatosenoticias.com.br\/wp-content\/uploads\/2025\/05\/EU_portal.jpg\",\"caption\":\"Luzimara Fernandes\"},\"description\":\"Jornalista MTB 2358-ES\",\"sameAs\":[\"https:\/\/jornalfatosenoticias.com.br\"],\"url\":\"https:\/\/jornalfatosenoticias.com.br\/index.php\/author\/luzimara\/\"}]}<\/script>\n<!-- \/ Yoast SEO plugin. -->","yoast_head_json":{"title":"Perturba\u00e7\u00f5es cerebrais na inf\u00e2ncia podem levar a transtornos psiqui\u00e1tricos na vida adulta - Jornal Fatos e Not\u00edcias","robots":{"index":"index","follow":"follow","max-snippet":"max-snippet:-1","max-image-preview":"max-image-preview:large","max-video-preview":"max-video-preview:-1"},"canonical":"https:\/\/jornalfatosenoticias.com.br\/index.php\/2024\/08\/19\/perturbacoes-cerebrais-na-infancia-podem-levar-a-transtornos-psiquiatricos-na-vida-adulta\/","og_locale":"pt_BR","og_type":"article","og_title":"Perturba\u00e7\u00f5es cerebrais na inf\u00e2ncia podem levar a transtornos psiqui\u00e1tricos na vida adulta - Jornal Fatos e Not\u00edcias","og_description":"Resultados podem orientar novas formas de tratamentos para autismo, transtorno de d\u00e9ficit de aten\u00e7\u00e3o, esquizofrenia e epilepsia Por Jos\u00e9 Tadeu Arantes\/Ag\u00eancia Fapesp Os primeiros anos de vida s\u00e3o cruciais para o desenvolvimento adequado e a matura\u00e7\u00e3o do c\u00e9rebro. Perturba\u00e7\u00f5es cerebrais nessa fase, como les\u00f5es, infec\u00e7\u00f5es, estresse ou desnutri\u00e7\u00e3o, podem afetar profundamente a fun\u00e7\u00e3o cerebral e [&hellip;]","og_url":"https:\/\/jornalfatosenoticias.com.br\/index.php\/2024\/08\/19\/perturbacoes-cerebrais-na-infancia-podem-levar-a-transtornos-psiquiatricos-na-vida-adulta\/","og_site_name":"Jornal Fatos e Not\u00edcias","article_published_time":"2024-08-19T16:11:44+00:00","article_modified_time":"2024-08-19T16:11:45+00:00","og_image":[{"width":702,"height":392,"url":"https:\/\/jornalfatosenoticias.com.br\/wp-content\/uploads\/2024\/08\/Perturbacoes-cerebrais-na-infancia_freepik.jpg","type":"image\/jpeg"}],"author":"Luzimara Fernandes","twitter_card":"summary_large_image","twitter_misc":{"Escrito por":"Luzimara Fernandes","Est. tempo de leitura":"9 minutos"},"schema":{"@context":"https:\/\/schema.org","@graph":[{"@type":"Article","@id":"https:\/\/jornalfatosenoticias.com.br\/index.php\/2024\/08\/19\/perturbacoes-cerebrais-na-infancia-podem-levar-a-transtornos-psiquiatricos-na-vida-adulta\/#article","isPartOf":{"@id":"https:\/\/jornalfatosenoticias.com.br\/index.php\/2024\/08\/19\/perturbacoes-cerebrais-na-infancia-podem-levar-a-transtornos-psiquiatricos-na-vida-adulta\/"},"author":{"name":"Luzimara Fernandes","@id":"https:\/\/jornalfatosenoticias.com.br\/#\/schema\/person\/d63837fa13ac8666eb9e74e0985d6f81"},"headline":"Perturba\u00e7\u00f5es cerebrais na inf\u00e2ncia podem levar a transtornos psiqui\u00e1tricos na vida adulta","datePublished":"2024-08-19T16:11:44+00:00","dateModified":"2024-08-19T16:11:45+00:00","mainEntityOfPage":{"@id":"https:\/\/jornalfatosenoticias.com.br\/index.php\/2024\/08\/19\/perturbacoes-cerebrais-na-infancia-podem-levar-a-transtornos-psiquiatricos-na-vida-adulta\/"},"wordCount":1750,"commentCount":0,"publisher":{"@id":"https:\/\/jornalfatosenoticias.com.br\/#organization"},"image":{"@id":"https:\/\/jornalfatosenoticias.com.br\/index.php\/2024\/08\/19\/perturbacoes-cerebrais-na-infancia-podem-levar-a-transtornos-psiquiatricos-na-vida-adulta\/#primaryimage"},"thumbnailUrl":"https:\/\/jornalfatosenoticias.com.br\/wp-content\/uploads\/2024\/08\/Perturbacoes-cerebrais-na-infancia_freepik.jpg","keywords":["fapesp","neuroci\u00eancia","psiquiatria","sa\u00fade mental","transtornos","USP"],"articleSection":["Comportamento &amp; Equil\u00edbrio"],"inLanguage":"pt-BR","potentialAction":[{"@type":"CommentAction","name":"Comment","target":["https:\/\/jornalfatosenoticias.com.br\/index.php\/2024\/08\/19\/perturbacoes-cerebrais-na-infancia-podem-levar-a-transtornos-psiquiatricos-na-vida-adulta\/#respond"]}]},{"@type":"WebPage","@id":"https:\/\/jornalfatosenoticias.com.br\/index.php\/2024\/08\/19\/perturbacoes-cerebrais-na-infancia-podem-levar-a-transtornos-psiquiatricos-na-vida-adulta\/","url":"https:\/\/jornalfatosenoticias.com.br\/index.php\/2024\/08\/19\/perturbacoes-cerebrais-na-infancia-podem-levar-a-transtornos-psiquiatricos-na-vida-adulta\/","name":"Perturba\u00e7\u00f5es cerebrais na inf\u00e2ncia podem levar a transtornos psiqui\u00e1tricos na vida adulta - Jornal Fatos e Not\u00edcias","isPartOf":{"@id":"https:\/\/jornalfatosenoticias.com.br\/#website"},"primaryImageOfPage":{"@id":"https:\/\/jornalfatosenoticias.com.br\/index.php\/2024\/08\/19\/perturbacoes-cerebrais-na-infancia-podem-levar-a-transtornos-psiquiatricos-na-vida-adulta\/#primaryimage"},"image":{"@id":"https:\/\/jornalfatosenoticias.com.br\/index.php\/2024\/08\/19\/perturbacoes-cerebrais-na-infancia-podem-levar-a-transtornos-psiquiatricos-na-vida-adulta\/#primaryimage"},"thumbnailUrl":"https:\/\/jornalfatosenoticias.com.br\/wp-content\/uploads\/2024\/08\/Perturbacoes-cerebrais-na-infancia_freepik.jpg","datePublished":"2024-08-19T16:11:44+00:00","dateModified":"2024-08-19T16:11:45+00:00","breadcrumb":{"@id":"https:\/\/jornalfatosenoticias.com.br\/index.php\/2024\/08\/19\/perturbacoes-cerebrais-na-infancia-podem-levar-a-transtornos-psiquiatricos-na-vida-adulta\/#breadcrumb"},"inLanguage":"pt-BR","potentialAction":[{"@type":"ReadAction","target":["https:\/\/jornalfatosenoticias.com.br\/index.php\/2024\/08\/19\/perturbacoes-cerebrais-na-infancia-podem-levar-a-transtornos-psiquiatricos-na-vida-adulta\/"]}]},{"@type":"ImageObject","inLanguage":"pt-BR","@id":"https:\/\/jornalfatosenoticias.com.br\/index.php\/2024\/08\/19\/perturbacoes-cerebrais-na-infancia-podem-levar-a-transtornos-psiquiatricos-na-vida-adulta\/#primaryimage","url":"https:\/\/jornalfatosenoticias.com.br\/wp-content\/uploads\/2024\/08\/Perturbacoes-cerebrais-na-infancia_freepik.jpg","contentUrl":"https:\/\/jornalfatosenoticias.com.br\/wp-content\/uploads\/2024\/08\/Perturbacoes-cerebrais-na-infancia_freepik.jpg","width":702,"height":392},{"@type":"BreadcrumbList","@id":"https:\/\/jornalfatosenoticias.com.br\/index.php\/2024\/08\/19\/perturbacoes-cerebrais-na-infancia-podem-levar-a-transtornos-psiquiatricos-na-vida-adulta\/#breadcrumb","itemListElement":[{"@type":"ListItem","position":1,"name":"In\u00edcio","item":"https:\/\/jornalfatosenoticias.com.br\/"},{"@type":"ListItem","position":2,"name":"Perturba\u00e7\u00f5es cerebrais na inf\u00e2ncia podem levar a transtornos psiqui\u00e1tricos na vida adulta"}]},{"@type":"WebSite","@id":"https:\/\/jornalfatosenoticias.com.br\/#website","url":"https:\/\/jornalfatosenoticias.com.br\/","name":"Jornal Fatos e Not\u00edcias","description":"Not\u00edcias em geral","publisher":{"@id":"https:\/\/jornalfatosenoticias.com.br\/#organization"},"potentialAction":[{"@type":"SearchAction","target":{"@type":"EntryPoint","urlTemplate":"https:\/\/jornalfatosenoticias.com.br\/?s={search_term_string}"},"query-input":{"@type":"PropertyValueSpecification","valueRequired":true,"valueName":"search_term_string"}}],"inLanguage":"pt-BR"},{"@type":"Organization","@id":"https:\/\/jornalfatosenoticias.com.br\/#organization","name":"Jornal Fatos e Not\u00edcias","url":"https:\/\/jornalfatosenoticias.com.br\/","logo":{"@type":"ImageObject","inLanguage":"pt-BR","@id":"https:\/\/jornalfatosenoticias.com.br\/#\/schema\/logo\/image\/","url":"https:\/\/jornalfatosenoticias.com.br\/wp-content\/uploads\/2020\/02\/logo120.png","contentUrl":"https:\/\/jornalfatosenoticias.com.br\/wp-content\/uploads\/2020\/02\/logo120.png","width":1227,"height":120,"caption":"Jornal Fatos e Not\u00edcias"},"image":{"@id":"https:\/\/jornalfatosenoticias.com.br\/#\/schema\/logo\/image\/"}},{"@type":"Person","@id":"https:\/\/jornalfatosenoticias.com.br\/#\/schema\/person\/d63837fa13ac8666eb9e74e0985d6f81","name":"Luzimara Fernandes","image":{"@type":"ImageObject","inLanguage":"pt-BR","@id":"https:\/\/jornalfatosenoticias.com.br\/#\/schema\/person\/image\/","url":"https:\/\/jornalfatosenoticias.com.br\/wp-content\/uploads\/2025\/05\/EU_portal.jpg","contentUrl":"https:\/\/jornalfatosenoticias.com.br\/wp-content\/uploads\/2025\/05\/EU_portal.jpg","caption":"Luzimara Fernandes"},"description":"Jornalista MTB 2358-ES","sameAs":["https:\/\/jornalfatosenoticias.com.br"],"url":"https:\/\/jornalfatosenoticias.com.br\/index.php\/author\/luzimara\/"}]}},"cc_featured_image_caption":{"caption_text":"(Foto: Freepik\/Gerada por IA) ","source_text":"","source_url":""},"jetpack_featured_media_url":"https:\/\/jornalfatosenoticias.com.br\/wp-content\/uploads\/2024\/08\/Perturbacoes-cerebrais-na-infancia_freepik.jpg","_links":{"self":[{"href":"https:\/\/jornalfatosenoticias.com.br\/index.php\/wp-json\/wp\/v2\/posts\/53599","targetHints":{"allow":["GET"]}}],"collection":[{"href":"https:\/\/jornalfatosenoticias.com.br\/index.php\/wp-json\/wp\/v2\/posts"}],"about":[{"href":"https:\/\/jornalfatosenoticias.com.br\/index.php\/wp-json\/wp\/v2\/types\/post"}],"author":[{"embeddable":true,"href":"https:\/\/jornalfatosenoticias.com.br\/index.php\/wp-json\/wp\/v2\/users\/2"}],"replies":[{"embeddable":true,"href":"https:\/\/jornalfatosenoticias.com.br\/index.php\/wp-json\/wp\/v2\/comments?post=53599"}],"version-history":[{"count":0,"href":"https:\/\/jornalfatosenoticias.com.br\/index.php\/wp-json\/wp\/v2\/posts\/53599\/revisions"}],"wp:featuredmedia":[{"embeddable":true,"href":"https:\/\/jornalfatosenoticias.com.br\/index.php\/wp-json\/wp\/v2\/media\/53600"}],"wp:attachment":[{"href":"https:\/\/jornalfatosenoticias.com.br\/index.php\/wp-json\/wp\/v2\/media?parent=53599"}],"wp:term":[{"taxonomy":"category","embeddable":true,"href":"https:\/\/jornalfatosenoticias.com.br\/index.php\/wp-json\/wp\/v2\/categories?post=53599"},{"taxonomy":"post_tag","embeddable":true,"href":"https:\/\/jornalfatosenoticias.com.br\/index.php\/wp-json\/wp\/v2\/tags?post=53599"}],"curies":[{"name":"wp","href":"https:\/\/api.w.org\/{rel}","templated":true}]}}