{"id":53621,"date":"2024-08-21T09:28:38","date_gmt":"2024-08-21T12:28:38","guid":{"rendered":"https:\/\/jornalfatosenoticias.com.br\/?p=53621"},"modified":"2024-08-21T09:28:40","modified_gmt":"2024-08-21T12:28:40","slug":"genio-brasileiro-de-dois-anos-sabe-alfabeto-numero-e-cores-em-varias-linguas","status":"publish","type":"post","link":"https:\/\/jornalfatosenoticias.com.br\/index.php\/2024\/08\/21\/genio-brasileiro-de-dois-anos-sabe-alfabeto-numero-e-cores-em-varias-linguas\/","title":{"rendered":"G\u00eanio brasileiro de dois anos sabe alfabeto, n\u00famero e cores em v\u00e1rias l\u00ednguas"},"content":{"rendered":"\n<p><span class=\"has-inline-color has-black-color\">Por <strong>Vitor Guerra<\/strong><\/span><\/p>\n\n\n\n<div class=\"wp-block-image\"><figure class=\"aligncenter size-large\"><a href=\"https:\/\/mizu.com.br\/\"><img loading=\"lazy\" decoding=\"async\" width=\"729\" height=\"90\" src=\"https:\/\/jornalfatosenoticias.com.br\/wp-content\/uploads\/2020\/02\/Logo_Mizu.png\" alt=\"\" class=\"wp-image-1441\" srcset=\"https:\/\/jornalfatosenoticias.com.br\/wp-content\/uploads\/2020\/02\/Logo_Mizu.png 729w, https:\/\/jornalfatosenoticias.com.br\/wp-content\/uploads\/2020\/02\/Logo_Mizu-300x37.png 300w\" sizes=\"auto, (max-width: 729px) 100vw, 729px\" \/><\/a><\/figure><\/div>\n\n\n\n<p>Aos dois anos de idade e 10 meses, esse g\u00eanio brasileiro j\u00e1 escreve em portugu\u00eas e reconhece letras do alfabeto ingl\u00eas, russo e coreano. Que prod\u00edgio! Daniel Mascarenhas da Silva \u00e9 de Feira de Santana, cidade que fica aproximadamente a 100 km de Salvador, na Bahia. O pequeno tamb\u00e9m j\u00e1 sabe cores e n\u00fameros, al\u00e9m de adorar desenhos educativos.<br><em>\u201cDesde novinho, ele tinha interesse em explorar. Sempre foi uma crian\u00e7a muito ativa, mas a partir de um ano e cinco meses, a gente come\u00e7ou a perceber que ele tinha interesse por letras e n\u00fameros, j\u00e1 identificando o alfabeto\u201d,<\/em> contou a m\u00e3e de Daniel, a esteticista Gabriela Mota em entrevista ao G1.<\/p>\n\n\n\n<div class=\"wp-block-image\"><figure class=\"aligncenter size-large\"><a href=\"https:\/\/cesconetto.com.br\/\"><img loading=\"lazy\" decoding=\"async\" width=\"300\" height=\"250\" src=\"https:\/\/jornalfatosenoticias.com.br\/wp-content\/uploads\/2020\/02\/Banner-2.png\" alt=\"\" class=\"wp-image-43787\"\/><\/a><\/figure><\/div>\n\n\n\n<p>Segundo a m\u00e3e, o filho aprendeu a fazer tudo isso sozinho. Daniel era uma crian\u00e7a que falava pouco, mas os pais foram percebendo que ele entendia os textos e j\u00e1 sabia letras. <\/p>\n\n\n\n<blockquote class=\"wp-block-quote is-layout-flow wp-block-quote-is-layout-flow\"><p><span class=\"has-inline-color has-luminous-vivid-orange-color\">Um dia eu estava o arrumando para ir para escola e ele leu o enunciado da reportagem que passava na TV. A gente sabia que ele estava lendo umas palavrinhas, algumas s\u00edlabas, mas a partir da\u00ed, a gente foi identificado que n\u00e3o era s\u00f3 leitura. Ele tamb\u00e9m estava escrevendo\u201d, contou Gabriela.<\/span><\/p><\/blockquote>\n\n\n\n<div class=\"wp-block-image\"><figure class=\"aligncenter size-large is-resized\"><a href=\"https:\/\/www.instagram.com\/restaurantepegoretti\/\"><img loading=\"lazy\" decoding=\"async\" src=\"https:\/\/jornalfatosenoticias.com.br\/wp-content\/uploads\/2023\/12\/pegoretti-logo-pdf-1024x389.jpg\" alt=\"\" class=\"wp-image-47536\" width=\"493\" height=\"187\" srcset=\"https:\/\/jornalfatosenoticias.com.br\/wp-content\/uploads\/2023\/12\/pegoretti-logo-pdf-1024x389.jpg 1024w, https:\/\/jornalfatosenoticias.com.br\/wp-content\/uploads\/2023\/12\/pegoretti-logo-pdf-300x114.jpg 300w, https:\/\/jornalfatosenoticias.com.br\/wp-content\/uploads\/2023\/12\/pegoretti-logo-pdf-768x291.jpg 768w, https:\/\/jornalfatosenoticias.com.br\/wp-content\/uploads\/2023\/12\/pegoretti-logo-pdf.jpg 1120w\" sizes=\"auto, (max-width: 493px) 100vw, 493px\" \/><\/a><\/figure><\/div>\n\n\n\n<p>A crian\u00e7a chegou a pedir aos pais giz de cera e l\u00e1pis para \u201cbrincar de escrever\u201d. Em v\u00eddeos publicados na internet, os pais mostram toda a intelig\u00eancia do pequeno poliglota. Daniel aparece em frente a uma televis\u00e3o com o alfabeto russo na tela e ele vai falando letra por letra. Incr\u00edvel!<\/p>\n\n\n\n<div class=\"wp-block-image\"><figure class=\"aligncenter size-large is-resized\"><a href=\"https:\/\/www.facebook.com\/postobkr\/?locale=pt_BR\"><img loading=\"lazy\" decoding=\"async\" src=\"https:\/\/jornalfatosenoticias.com.br\/wp-content\/uploads\/2023\/08\/BKR-1024x1021.jpg\" alt=\"\" class=\"wp-image-44494\" width=\"304\" height=\"303\" srcset=\"https:\/\/jornalfatosenoticias.com.br\/wp-content\/uploads\/2023\/08\/BKR-1024x1021.jpg 1024w, https:\/\/jornalfatosenoticias.com.br\/wp-content\/uploads\/2023\/08\/BKR-300x300.jpg 300w, https:\/\/jornalfatosenoticias.com.br\/wp-content\/uploads\/2023\/08\/BKR-150x150.jpg 150w, https:\/\/jornalfatosenoticias.com.br\/wp-content\/uploads\/2023\/08\/BKR-768x766.jpg 768w, https:\/\/jornalfatosenoticias.com.br\/wp-content\/uploads\/2023\/08\/BKR.jpg 1080w\" sizes=\"auto, (max-width: 304px) 100vw, 304px\" \/><\/a><\/figure><\/div>\n\n\n\n<p>Depois, a cena muda para o alfabeto ingl\u00eas e, mais uma vez, a crian\u00e7a d\u00e1 um show. Ele repetiu todas as letras que a m\u00e3e estava apontando. Na leitura em portugu\u00eas o garotinho tamb\u00e9m \u00e9 fera. Em outro v\u00eddeo, a m\u00e3e aponta para um livro de atividades pedindo para que o filho repita o que est\u00e1 escrito. \u201cNa sua casa tem fog\u00e3o?\u201d, disse Daniel, lendo direito o que estava no papel.<\/p>\n\n\n\n<div class=\"wp-block-image\"><figure class=\"aligncenter size-large is-resized\"><a href=\"https:\/\/www.facebook.com\/vetor.vix\/\"><img loading=\"lazy\" decoding=\"async\" src=\"https:\/\/jornalfatosenoticias.com.br\/wp-content\/uploads\/2023\/09\/vetorvix1024_1.jpg\" alt=\"\" class=\"wp-image-44868\" width=\"528\" height=\"140\" srcset=\"https:\/\/jornalfatosenoticias.com.br\/wp-content\/uploads\/2023\/09\/vetorvix1024_1.jpg 1024w, https:\/\/jornalfatosenoticias.com.br\/wp-content\/uploads\/2023\/09\/vetorvix1024_1-300x80.jpg 300w, https:\/\/jornalfatosenoticias.com.br\/wp-content\/uploads\/2023\/09\/vetorvix1024_1-768x205.jpg 768w\" sizes=\"auto, (max-width: 528px) 100vw, 528px\" \/><\/a><\/figure><\/div>\n\n\n\n<p><strong><span class=\"has-inline-color has-vivid-purple-color\">Aprendeu na internet<br><\/span><\/strong>O avan\u00e7o no processo de aprendizagem de Daniel surpreendeu, principalmente por ele ter aprendido a ler e escrever antes mesmo de ter ido para a escola. Gabriela acredita que o filho aprendeu tudo que sabe na internet. <\/p>\n\n\n\n<div class=\"wp-block-image\"><figure class=\"aligncenter size-large is-resized\"><img loading=\"lazy\" decoding=\"async\" src=\"https:\/\/jornalfatosenoticias.com.br\/wp-content\/uploads\/2022\/02\/Precisao-Contabilidade-1024x724.jpg\" alt=\"\" class=\"wp-image-28088\" width=\"371\" height=\"262\"\/><\/figure><\/div>\n\n\n\n<blockquote class=\"wp-block-quote is-layout-flow wp-block-quote-is-layout-flow\"><p><span class=\"has-inline-color has-luminous-vivid-orange-color\">A gente n\u00e3o deixa ele ficar horas a fio, mas quando estou em casa, eu coloco [telas]. E se voc\u00ea colocar um desenho animado, um Bob Esponja, ele n\u00e3o quer, s\u00f3 quer desenho de letra, educativo\u201d.<\/span><\/p><\/blockquote>\n\n\n\n<div class=\"wp-block-image\"><figure class=\"aligncenter size-large\"><a href=\"https:\/\/www.facebook.com\/Esteio-Churrascaria-Barbecue-103643461220402\/\"><img decoding=\"async\" src=\"https:\/\/jornalfatosenoticias.com.br\/wp-content\/uploads\/2020\/02\/logo_esteio.jpg\" alt=\"\" class=\"wp-image-1214\"\/><\/a><\/figure><\/div>\n\n\n\n<p><strong><span class=\"has-inline-color has-vivid-purple-color\">\u00c0 procura de bolsa<br><\/span><\/strong>Depois que come\u00e7ou a frequentar a creche-escola e se sociabilizar com os colegas, o pequeno g\u00eanio melhorou ainda mais o aprendizado. Segundo a esteticista, o foco agora \u00e9 encontrar um ambiente que estimule o interesse de Daniel nos estudos cada vez mais. A m\u00e3e torce para conseguir uma bolsa de estudos em uma escola que possa aprimorar, ainda mais, o talento que o filho tem.<\/p>\n\n\n\n<div class=\"wp-block-image\"><figure class=\"aligncenter size-large\"><a href=\"https:\/\/www.instagram.com\/vmais.midias\/\"><img loading=\"lazy\" decoding=\"async\" width=\"1024\" height=\"110\" src=\"https:\/\/jornalfatosenoticias.com.br\/wp-content\/uploads\/2020\/02\/DE-MAIS-DESTAQUE-VMAIS-1120X120-1024x110.png\" alt=\"\" class=\"wp-image-53110\" srcset=\"https:\/\/jornalfatosenoticias.com.br\/wp-content\/uploads\/2020\/02\/DE-MAIS-DESTAQUE-VMAIS-1120X120-1024x110.png 1024w, https:\/\/jornalfatosenoticias.com.br\/wp-content\/uploads\/2020\/02\/DE-MAIS-DESTAQUE-VMAIS-1120X120-300x32.png 300w, https:\/\/jornalfatosenoticias.com.br\/wp-content\/uploads\/2020\/02\/DE-MAIS-DESTAQUE-VMAIS-1120X120-768x82.png 768w, https:\/\/jornalfatosenoticias.com.br\/wp-content\/uploads\/2020\/02\/DE-MAIS-DESTAQUE-VMAIS-1120X120.png 1120w\" sizes=\"auto, (max-width: 1024px) 100vw, 1024px\" \/><\/a><\/figure><\/div>\n\n\n\n<p><strong><em>Fonte: <a href=\"https:\/\/www.sonoticiaboa.com.br\/2024\/07\/15\/genio-brasileiro-2-anos-sabe-alfabeto-numero-cores-varias-linguas\">S\u00f3 Not\u00edcia Boa<\/a><\/em><\/strong><\/p>\n","protected":false},"excerpt":{"rendered":"<p>Por Vitor Guerra Aos dois anos de idade e 10 meses, esse g\u00eanio brasileiro j\u00e1 escreve em portugu\u00eas e reconhece letras do alfabeto ingl\u00eas, russo e coreano. Que prod\u00edgio! Daniel Mascarenhas da Silva \u00e9 de Feira de Santana, cidade que fica aproximadamente a 100 km de Salvador, na Bahia. O pequeno tamb\u00e9m j\u00e1 sabe cores [&hellip;]<\/p>\n","protected":false},"author":2,"featured_media":53622,"comment_status":"open","ping_status":"open","sticky":false,"template":"","format":"standard","meta":{"footnotes":""},"categories":[7],"tags":[23959,24429,24428,24431,24430],"class_list":["post-53621","post","type-post","status-publish","format-standard","has-post-thumbnail","hentry","category-educacao","tag-alfabeto","tag-brasileirinho","tag-daniel-mascarenhas-da-silva","tag-pequeno-genio","tag-varias-linguas"],"yoast_head":"<!-- This site is optimized with the Yoast SEO plugin v26.5 - https:\/\/yoast.com\/wordpress\/plugins\/seo\/ -->\n<title>G\u00eanio brasileiro de dois anos sabe alfabeto, n\u00famero e cores em v\u00e1rias l\u00ednguas - Jornal Fatos e Not\u00edcias<\/title>\n<meta name=\"robots\" content=\"index, follow, max-snippet:-1, max-image-preview:large, max-video-preview:-1\" \/>\n<link rel=\"canonical\" href=\"https:\/\/jornalfatosenoticias.com.br\/index.php\/2024\/08\/21\/genio-brasileiro-de-dois-anos-sabe-alfabeto-numero-e-cores-em-varias-linguas\/\" \/>\n<meta property=\"og:locale\" content=\"pt_BR\" \/>\n<meta property=\"og:type\" content=\"article\" \/>\n<meta property=\"og:title\" content=\"G\u00eanio brasileiro de dois anos sabe alfabeto, n\u00famero e cores em v\u00e1rias l\u00ednguas - Jornal Fatos e Not\u00edcias\" \/>\n<meta property=\"og:description\" content=\"Por Vitor Guerra Aos dois anos de idade e 10 meses, esse g\u00eanio brasileiro j\u00e1 escreve em portugu\u00eas e reconhece letras do alfabeto ingl\u00eas, russo e coreano. Que prod\u00edgio! Daniel Mascarenhas da Silva \u00e9 de Feira de Santana, cidade que fica aproximadamente a 100 km de Salvador, na Bahia. O pequeno tamb\u00e9m j\u00e1 sabe cores [&hellip;]\" \/>\n<meta property=\"og:url\" content=\"https:\/\/jornalfatosenoticias.com.br\/index.php\/2024\/08\/21\/genio-brasileiro-de-dois-anos-sabe-alfabeto-numero-e-cores-em-varias-linguas\/\" \/>\n<meta property=\"og:site_name\" content=\"Jornal Fatos e Not\u00edcias\" \/>\n<meta property=\"article:published_time\" content=\"2024-08-21T12:28:38+00:00\" \/>\n<meta property=\"article:modified_time\" content=\"2024-08-21T12:28:40+00:00\" \/>\n<meta property=\"og:image\" content=\"https:\/\/jornalfatosenoticias.com.br\/wp-content\/uploads\/2024\/08\/menino-genio.jpeg\" \/>\n\t<meta property=\"og:image:width\" content=\"800\" \/>\n\t<meta property=\"og:image:height\" content=\"560\" \/>\n\t<meta property=\"og:image:type\" content=\"image\/jpeg\" \/>\n<meta name=\"author\" content=\"Luzimara Fernandes\" \/>\n<meta name=\"twitter:card\" content=\"summary_large_image\" \/>\n<meta name=\"twitter:label1\" content=\"Escrito por\" \/>\n\t<meta name=\"twitter:data1\" content=\"Luzimara Fernandes\" \/>\n\t<meta name=\"twitter:label2\" content=\"Est. tempo de leitura\" \/>\n\t<meta name=\"twitter:data2\" content=\"2 minutos\" \/>\n<script type=\"application\/ld+json\" class=\"yoast-schema-graph\">{\"@context\":\"https:\/\/schema.org\",\"@graph\":[{\"@type\":\"Article\",\"@id\":\"https:\/\/jornalfatosenoticias.com.br\/index.php\/2024\/08\/21\/genio-brasileiro-de-dois-anos-sabe-alfabeto-numero-e-cores-em-varias-linguas\/#article\",\"isPartOf\":{\"@id\":\"https:\/\/jornalfatosenoticias.com.br\/index.php\/2024\/08\/21\/genio-brasileiro-de-dois-anos-sabe-alfabeto-numero-e-cores-em-varias-linguas\/\"},\"author\":{\"name\":\"Luzimara Fernandes\",\"@id\":\"https:\/\/jornalfatosenoticias.com.br\/#\/schema\/person\/d63837fa13ac8666eb9e74e0985d6f81\"},\"headline\":\"G\u00eanio brasileiro de dois anos sabe alfabeto, n\u00famero e cores em v\u00e1rias l\u00ednguas\",\"datePublished\":\"2024-08-21T12:28:38+00:00\",\"dateModified\":\"2024-08-21T12:28:40+00:00\",\"mainEntityOfPage\":{\"@id\":\"https:\/\/jornalfatosenoticias.com.br\/index.php\/2024\/08\/21\/genio-brasileiro-de-dois-anos-sabe-alfabeto-numero-e-cores-em-varias-linguas\/\"},\"wordCount\":516,\"commentCount\":0,\"publisher\":{\"@id\":\"https:\/\/jornalfatosenoticias.com.br\/#organization\"},\"image\":{\"@id\":\"https:\/\/jornalfatosenoticias.com.br\/index.php\/2024\/08\/21\/genio-brasileiro-de-dois-anos-sabe-alfabeto-numero-e-cores-em-varias-linguas\/#primaryimage\"},\"thumbnailUrl\":\"https:\/\/jornalfatosenoticias.com.br\/wp-content\/uploads\/2024\/08\/menino-genio.jpeg\",\"keywords\":[\"alfabeto\",\"brasileirinho\",\"Daniel Mascarenhas da Silva\",\"pequeno g\u00eanio\",\"v\u00e1rias l\u00ednguas\"],\"articleSection\":[\"Educa\u00e7\u00e3o\"],\"inLanguage\":\"pt-BR\",\"potentialAction\":[{\"@type\":\"CommentAction\",\"name\":\"Comment\",\"target\":[\"https:\/\/jornalfatosenoticias.com.br\/index.php\/2024\/08\/21\/genio-brasileiro-de-dois-anos-sabe-alfabeto-numero-e-cores-em-varias-linguas\/#respond\"]}]},{\"@type\":\"WebPage\",\"@id\":\"https:\/\/jornalfatosenoticias.com.br\/index.php\/2024\/08\/21\/genio-brasileiro-de-dois-anos-sabe-alfabeto-numero-e-cores-em-varias-linguas\/\",\"url\":\"https:\/\/jornalfatosenoticias.com.br\/index.php\/2024\/08\/21\/genio-brasileiro-de-dois-anos-sabe-alfabeto-numero-e-cores-em-varias-linguas\/\",\"name\":\"G\u00eanio brasileiro de dois anos sabe alfabeto, n\u00famero e cores em v\u00e1rias l\u00ednguas - Jornal Fatos e Not\u00edcias\",\"isPartOf\":{\"@id\":\"https:\/\/jornalfatosenoticias.com.br\/#website\"},\"primaryImageOfPage\":{\"@id\":\"https:\/\/jornalfatosenoticias.com.br\/index.php\/2024\/08\/21\/genio-brasileiro-de-dois-anos-sabe-alfabeto-numero-e-cores-em-varias-linguas\/#primaryimage\"},\"image\":{\"@id\":\"https:\/\/jornalfatosenoticias.com.br\/index.php\/2024\/08\/21\/genio-brasileiro-de-dois-anos-sabe-alfabeto-numero-e-cores-em-varias-linguas\/#primaryimage\"},\"thumbnailUrl\":\"https:\/\/jornalfatosenoticias.com.br\/wp-content\/uploads\/2024\/08\/menino-genio.jpeg\",\"datePublished\":\"2024-08-21T12:28:38+00:00\",\"dateModified\":\"2024-08-21T12:28:40+00:00\",\"breadcrumb\":{\"@id\":\"https:\/\/jornalfatosenoticias.com.br\/index.php\/2024\/08\/21\/genio-brasileiro-de-dois-anos-sabe-alfabeto-numero-e-cores-em-varias-linguas\/#breadcrumb\"},\"inLanguage\":\"pt-BR\",\"potentialAction\":[{\"@type\":\"ReadAction\",\"target\":[\"https:\/\/jornalfatosenoticias.com.br\/index.php\/2024\/08\/21\/genio-brasileiro-de-dois-anos-sabe-alfabeto-numero-e-cores-em-varias-linguas\/\"]}]},{\"@type\":\"ImageObject\",\"inLanguage\":\"pt-BR\",\"@id\":\"https:\/\/jornalfatosenoticias.com.br\/index.php\/2024\/08\/21\/genio-brasileiro-de-dois-anos-sabe-alfabeto-numero-e-cores-em-varias-linguas\/#primaryimage\",\"url\":\"https:\/\/jornalfatosenoticias.com.br\/wp-content\/uploads\/2024\/08\/menino-genio.jpeg\",\"contentUrl\":\"https:\/\/jornalfatosenoticias.com.br\/wp-content\/uploads\/2024\/08\/menino-genio.jpeg\",\"width\":800,\"height\":560},{\"@type\":\"BreadcrumbList\",\"@id\":\"https:\/\/jornalfatosenoticias.com.br\/index.php\/2024\/08\/21\/genio-brasileiro-de-dois-anos-sabe-alfabeto-numero-e-cores-em-varias-linguas\/#breadcrumb\",\"itemListElement\":[{\"@type\":\"ListItem\",\"position\":1,\"name\":\"In\u00edcio\",\"item\":\"https:\/\/jornalfatosenoticias.com.br\/\"},{\"@type\":\"ListItem\",\"position\":2,\"name\":\"G\u00eanio brasileiro de dois anos sabe alfabeto, n\u00famero e cores em v\u00e1rias l\u00ednguas\"}]},{\"@type\":\"WebSite\",\"@id\":\"https:\/\/jornalfatosenoticias.com.br\/#website\",\"url\":\"https:\/\/jornalfatosenoticias.com.br\/\",\"name\":\"Jornal Fatos e Not\u00edcias\",\"description\":\"Not\u00edcias em geral\",\"publisher\":{\"@id\":\"https:\/\/jornalfatosenoticias.com.br\/#organization\"},\"potentialAction\":[{\"@type\":\"SearchAction\",\"target\":{\"@type\":\"EntryPoint\",\"urlTemplate\":\"https:\/\/jornalfatosenoticias.com.br\/?s={search_term_string}\"},\"query-input\":{\"@type\":\"PropertyValueSpecification\",\"valueRequired\":true,\"valueName\":\"search_term_string\"}}],\"inLanguage\":\"pt-BR\"},{\"@type\":\"Organization\",\"@id\":\"https:\/\/jornalfatosenoticias.com.br\/#organization\",\"name\":\"Jornal Fatos e Not\u00edcias\",\"url\":\"https:\/\/jornalfatosenoticias.com.br\/\",\"logo\":{\"@type\":\"ImageObject\",\"inLanguage\":\"pt-BR\",\"@id\":\"https:\/\/jornalfatosenoticias.com.br\/#\/schema\/logo\/image\/\",\"url\":\"https:\/\/jornalfatosenoticias.com.br\/wp-content\/uploads\/2020\/02\/logo120.png\",\"contentUrl\":\"https:\/\/jornalfatosenoticias.com.br\/wp-content\/uploads\/2020\/02\/logo120.png\",\"width\":1227,\"height\":120,\"caption\":\"Jornal Fatos e Not\u00edcias\"},\"image\":{\"@id\":\"https:\/\/jornalfatosenoticias.com.br\/#\/schema\/logo\/image\/\"}},{\"@type\":\"Person\",\"@id\":\"https:\/\/jornalfatosenoticias.com.br\/#\/schema\/person\/d63837fa13ac8666eb9e74e0985d6f81\",\"name\":\"Luzimara Fernandes\",\"image\":{\"@type\":\"ImageObject\",\"inLanguage\":\"pt-BR\",\"@id\":\"https:\/\/jornalfatosenoticias.com.br\/#\/schema\/person\/image\/\",\"url\":\"https:\/\/jornalfatosenoticias.com.br\/wp-content\/uploads\/2025\/05\/EU_portal.jpg\",\"contentUrl\":\"https:\/\/jornalfatosenoticias.com.br\/wp-content\/uploads\/2025\/05\/EU_portal.jpg\",\"caption\":\"Luzimara Fernandes\"},\"description\":\"Jornalista MTB 2358-ES\",\"sameAs\":[\"https:\/\/jornalfatosenoticias.com.br\"],\"url\":\"https:\/\/jornalfatosenoticias.com.br\/index.php\/author\/luzimara\/\"}]}<\/script>\n<!-- \/ Yoast SEO plugin. -->","yoast_head_json":{"title":"G\u00eanio brasileiro de dois anos sabe alfabeto, n\u00famero e cores em v\u00e1rias l\u00ednguas - Jornal Fatos e Not\u00edcias","robots":{"index":"index","follow":"follow","max-snippet":"max-snippet:-1","max-image-preview":"max-image-preview:large","max-video-preview":"max-video-preview:-1"},"canonical":"https:\/\/jornalfatosenoticias.com.br\/index.php\/2024\/08\/21\/genio-brasileiro-de-dois-anos-sabe-alfabeto-numero-e-cores-em-varias-linguas\/","og_locale":"pt_BR","og_type":"article","og_title":"G\u00eanio brasileiro de dois anos sabe alfabeto, n\u00famero e cores em v\u00e1rias l\u00ednguas - Jornal Fatos e Not\u00edcias","og_description":"Por Vitor Guerra Aos dois anos de idade e 10 meses, esse g\u00eanio brasileiro j\u00e1 escreve em portugu\u00eas e reconhece letras do alfabeto ingl\u00eas, russo e coreano. Que prod\u00edgio! Daniel Mascarenhas da Silva \u00e9 de Feira de Santana, cidade que fica aproximadamente a 100 km de Salvador, na Bahia. O pequeno tamb\u00e9m j\u00e1 sabe cores [&hellip;]","og_url":"https:\/\/jornalfatosenoticias.com.br\/index.php\/2024\/08\/21\/genio-brasileiro-de-dois-anos-sabe-alfabeto-numero-e-cores-em-varias-linguas\/","og_site_name":"Jornal Fatos e Not\u00edcias","article_published_time":"2024-08-21T12:28:38+00:00","article_modified_time":"2024-08-21T12:28:40+00:00","og_image":[{"width":800,"height":560,"url":"https:\/\/jornalfatosenoticias.com.br\/wp-content\/uploads\/2024\/08\/menino-genio.jpeg","type":"image\/jpeg"}],"author":"Luzimara Fernandes","twitter_card":"summary_large_image","twitter_misc":{"Escrito por":"Luzimara Fernandes","Est. tempo de leitura":"2 minutos"},"schema":{"@context":"https:\/\/schema.org","@graph":[{"@type":"Article","@id":"https:\/\/jornalfatosenoticias.com.br\/index.php\/2024\/08\/21\/genio-brasileiro-de-dois-anos-sabe-alfabeto-numero-e-cores-em-varias-linguas\/#article","isPartOf":{"@id":"https:\/\/jornalfatosenoticias.com.br\/index.php\/2024\/08\/21\/genio-brasileiro-de-dois-anos-sabe-alfabeto-numero-e-cores-em-varias-linguas\/"},"author":{"name":"Luzimara Fernandes","@id":"https:\/\/jornalfatosenoticias.com.br\/#\/schema\/person\/d63837fa13ac8666eb9e74e0985d6f81"},"headline":"G\u00eanio brasileiro de dois anos sabe alfabeto, n\u00famero e cores em v\u00e1rias l\u00ednguas","datePublished":"2024-08-21T12:28:38+00:00","dateModified":"2024-08-21T12:28:40+00:00","mainEntityOfPage":{"@id":"https:\/\/jornalfatosenoticias.com.br\/index.php\/2024\/08\/21\/genio-brasileiro-de-dois-anos-sabe-alfabeto-numero-e-cores-em-varias-linguas\/"},"wordCount":516,"commentCount":0,"publisher":{"@id":"https:\/\/jornalfatosenoticias.com.br\/#organization"},"image":{"@id":"https:\/\/jornalfatosenoticias.com.br\/index.php\/2024\/08\/21\/genio-brasileiro-de-dois-anos-sabe-alfabeto-numero-e-cores-em-varias-linguas\/#primaryimage"},"thumbnailUrl":"https:\/\/jornalfatosenoticias.com.br\/wp-content\/uploads\/2024\/08\/menino-genio.jpeg","keywords":["alfabeto","brasileirinho","Daniel Mascarenhas da Silva","pequeno g\u00eanio","v\u00e1rias l\u00ednguas"],"articleSection":["Educa\u00e7\u00e3o"],"inLanguage":"pt-BR","potentialAction":[{"@type":"CommentAction","name":"Comment","target":["https:\/\/jornalfatosenoticias.com.br\/index.php\/2024\/08\/21\/genio-brasileiro-de-dois-anos-sabe-alfabeto-numero-e-cores-em-varias-linguas\/#respond"]}]},{"@type":"WebPage","@id":"https:\/\/jornalfatosenoticias.com.br\/index.php\/2024\/08\/21\/genio-brasileiro-de-dois-anos-sabe-alfabeto-numero-e-cores-em-varias-linguas\/","url":"https:\/\/jornalfatosenoticias.com.br\/index.php\/2024\/08\/21\/genio-brasileiro-de-dois-anos-sabe-alfabeto-numero-e-cores-em-varias-linguas\/","name":"G\u00eanio brasileiro de dois anos sabe alfabeto, n\u00famero e cores em v\u00e1rias l\u00ednguas - Jornal Fatos e Not\u00edcias","isPartOf":{"@id":"https:\/\/jornalfatosenoticias.com.br\/#website"},"primaryImageOfPage":{"@id":"https:\/\/jornalfatosenoticias.com.br\/index.php\/2024\/08\/21\/genio-brasileiro-de-dois-anos-sabe-alfabeto-numero-e-cores-em-varias-linguas\/#primaryimage"},"image":{"@id":"https:\/\/jornalfatosenoticias.com.br\/index.php\/2024\/08\/21\/genio-brasileiro-de-dois-anos-sabe-alfabeto-numero-e-cores-em-varias-linguas\/#primaryimage"},"thumbnailUrl":"https:\/\/jornalfatosenoticias.com.br\/wp-content\/uploads\/2024\/08\/menino-genio.jpeg","datePublished":"2024-08-21T12:28:38+00:00","dateModified":"2024-08-21T12:28:40+00:00","breadcrumb":{"@id":"https:\/\/jornalfatosenoticias.com.br\/index.php\/2024\/08\/21\/genio-brasileiro-de-dois-anos-sabe-alfabeto-numero-e-cores-em-varias-linguas\/#breadcrumb"},"inLanguage":"pt-BR","potentialAction":[{"@type":"ReadAction","target":["https:\/\/jornalfatosenoticias.com.br\/index.php\/2024\/08\/21\/genio-brasileiro-de-dois-anos-sabe-alfabeto-numero-e-cores-em-varias-linguas\/"]}]},{"@type":"ImageObject","inLanguage":"pt-BR","@id":"https:\/\/jornalfatosenoticias.com.br\/index.php\/2024\/08\/21\/genio-brasileiro-de-dois-anos-sabe-alfabeto-numero-e-cores-em-varias-linguas\/#primaryimage","url":"https:\/\/jornalfatosenoticias.com.br\/wp-content\/uploads\/2024\/08\/menino-genio.jpeg","contentUrl":"https:\/\/jornalfatosenoticias.com.br\/wp-content\/uploads\/2024\/08\/menino-genio.jpeg","width":800,"height":560},{"@type":"BreadcrumbList","@id":"https:\/\/jornalfatosenoticias.com.br\/index.php\/2024\/08\/21\/genio-brasileiro-de-dois-anos-sabe-alfabeto-numero-e-cores-em-varias-linguas\/#breadcrumb","itemListElement":[{"@type":"ListItem","position":1,"name":"In\u00edcio","item":"https:\/\/jornalfatosenoticias.com.br\/"},{"@type":"ListItem","position":2,"name":"G\u00eanio brasileiro de dois anos sabe alfabeto, n\u00famero e cores em v\u00e1rias l\u00ednguas"}]},{"@type":"WebSite","@id":"https:\/\/jornalfatosenoticias.com.br\/#website","url":"https:\/\/jornalfatosenoticias.com.br\/","name":"Jornal Fatos e Not\u00edcias","description":"Not\u00edcias em geral","publisher":{"@id":"https:\/\/jornalfatosenoticias.com.br\/#organization"},"potentialAction":[{"@type":"SearchAction","target":{"@type":"EntryPoint","urlTemplate":"https:\/\/jornalfatosenoticias.com.br\/?s={search_term_string}"},"query-input":{"@type":"PropertyValueSpecification","valueRequired":true,"valueName":"search_term_string"}}],"inLanguage":"pt-BR"},{"@type":"Organization","@id":"https:\/\/jornalfatosenoticias.com.br\/#organization","name":"Jornal Fatos e Not\u00edcias","url":"https:\/\/jornalfatosenoticias.com.br\/","logo":{"@type":"ImageObject","inLanguage":"pt-BR","@id":"https:\/\/jornalfatosenoticias.com.br\/#\/schema\/logo\/image\/","url":"https:\/\/jornalfatosenoticias.com.br\/wp-content\/uploads\/2020\/02\/logo120.png","contentUrl":"https:\/\/jornalfatosenoticias.com.br\/wp-content\/uploads\/2020\/02\/logo120.png","width":1227,"height":120,"caption":"Jornal Fatos e Not\u00edcias"},"image":{"@id":"https:\/\/jornalfatosenoticias.com.br\/#\/schema\/logo\/image\/"}},{"@type":"Person","@id":"https:\/\/jornalfatosenoticias.com.br\/#\/schema\/person\/d63837fa13ac8666eb9e74e0985d6f81","name":"Luzimara Fernandes","image":{"@type":"ImageObject","inLanguage":"pt-BR","@id":"https:\/\/jornalfatosenoticias.com.br\/#\/schema\/person\/image\/","url":"https:\/\/jornalfatosenoticias.com.br\/wp-content\/uploads\/2025\/05\/EU_portal.jpg","contentUrl":"https:\/\/jornalfatosenoticias.com.br\/wp-content\/uploads\/2025\/05\/EU_portal.jpg","caption":"Luzimara Fernandes"},"description":"Jornalista MTB 2358-ES","sameAs":["https:\/\/jornalfatosenoticias.com.br"],"url":"https:\/\/jornalfatosenoticias.com.br\/index.php\/author\/luzimara\/"}]}},"cc_featured_image_caption":{"caption_text":"(Foto: Arquivo pessoal) ","source_text":"","source_url":""},"jetpack_featured_media_url":"https:\/\/jornalfatosenoticias.com.br\/wp-content\/uploads\/2024\/08\/menino-genio.jpeg","_links":{"self":[{"href":"https:\/\/jornalfatosenoticias.com.br\/index.php\/wp-json\/wp\/v2\/posts\/53621","targetHints":{"allow":["GET"]}}],"collection":[{"href":"https:\/\/jornalfatosenoticias.com.br\/index.php\/wp-json\/wp\/v2\/posts"}],"about":[{"href":"https:\/\/jornalfatosenoticias.com.br\/index.php\/wp-json\/wp\/v2\/types\/post"}],"author":[{"embeddable":true,"href":"https:\/\/jornalfatosenoticias.com.br\/index.php\/wp-json\/wp\/v2\/users\/2"}],"replies":[{"embeddable":true,"href":"https:\/\/jornalfatosenoticias.com.br\/index.php\/wp-json\/wp\/v2\/comments?post=53621"}],"version-history":[{"count":0,"href":"https:\/\/jornalfatosenoticias.com.br\/index.php\/wp-json\/wp\/v2\/posts\/53621\/revisions"}],"wp:featuredmedia":[{"embeddable":true,"href":"https:\/\/jornalfatosenoticias.com.br\/index.php\/wp-json\/wp\/v2\/media\/53622"}],"wp:attachment":[{"href":"https:\/\/jornalfatosenoticias.com.br\/index.php\/wp-json\/wp\/v2\/media?parent=53621"}],"wp:term":[{"taxonomy":"category","embeddable":true,"href":"https:\/\/jornalfatosenoticias.com.br\/index.php\/wp-json\/wp\/v2\/categories?post=53621"},{"taxonomy":"post_tag","embeddable":true,"href":"https:\/\/jornalfatosenoticias.com.br\/index.php\/wp-json\/wp\/v2\/tags?post=53621"}],"curies":[{"name":"wp","href":"https:\/\/api.w.org\/{rel}","templated":true}]}}