{"id":53624,"date":"2024-08-21T09:34:37","date_gmt":"2024-08-21T12:34:37","guid":{"rendered":"https:\/\/jornalfatosenoticias.com.br\/?p=53624"},"modified":"2024-08-21T09:34:38","modified_gmt":"2024-08-21T12:34:38","slug":"estudo-revela-fatores-de-risco-para-envelhecimento-cerebral-mais-rapido","status":"publish","type":"post","link":"https:\/\/jornalfatosenoticias.com.br\/index.php\/2024\/08\/21\/estudo-revela-fatores-de-risco-para-envelhecimento-cerebral-mais-rapido\/","title":{"rendered":"Estudo revela fatores de risco para envelhecimento cerebral mais r\u00e1pido"},"content":{"rendered":"\n<div class=\"wp-block-image\"><figure class=\"aligncenter size-large\"><a href=\"https:\/\/panper.com.br\/\"><img loading=\"lazy\" decoding=\"async\" width=\"1024\" height=\"111\" src=\"https:\/\/jornalfatosenoticias.com.br\/wp-content\/uploads\/2020\/02\/WhatsApp-Image-2022-09-23-at-12.09.18-1024x111.jpeg\" alt=\"\" class=\"wp-image-34527\" srcset=\"https:\/\/jornalfatosenoticias.com.br\/wp-content\/uploads\/2020\/02\/WhatsApp-Image-2022-09-23-at-12.09.18-1024x111.jpeg 1024w, https:\/\/jornalfatosenoticias.com.br\/wp-content\/uploads\/2020\/02\/WhatsApp-Image-2022-09-23-at-12.09.18-300x32.jpeg 300w, https:\/\/jornalfatosenoticias.com.br\/wp-content\/uploads\/2020\/02\/WhatsApp-Image-2022-09-23-at-12.09.18-768x83.jpeg 768w, https:\/\/jornalfatosenoticias.com.br\/wp-content\/uploads\/2020\/02\/WhatsApp-Image-2022-09-23-at-12.09.18.jpeg 1121w\" sizes=\"auto, (max-width: 1024px) 100vw, 1024px\" \/><\/a><\/figure><\/div>\n\n\n\n<p>Uma pesquisa inovadora da Universidade de Oxford, publicada na <em>Nature Communications, <\/em>investigou a influ\u00eancia gen\u00e9tica e modific\u00e1vel em regi\u00f5es fr\u00e1geis do c\u00e9rebro por meio de exames de imagem de 40.000 participantes do UK Biobank com mais de 45 anos. O estudo identificou uma &#8216;zona de fragilidade&#8217; cerebral, particularmente vulner\u00e1vel a doen\u00e7as como esquizofrenia e Alzheimer, que tende a degenerar mais rapidamente com a idade.<br>Os pesquisadores examinaram 161 fatores de risco para dem\u00eancia, classificando-os em 15 categorias amplas, incluindo press\u00e3o arterial, colesterol, diabetes, peso, consumo de \u00e1lcool, tabagismo, humor depressivo, inflama\u00e7\u00e3o, polui\u00e7\u00e3o, audi\u00e7\u00e3o, sono, socializa\u00e7\u00e3o, dieta, atividade f\u00edsica e educa\u00e7\u00e3o. Os fatores modific\u00e1veis, aqueles que podem ser alterados ao longo da vida para reduzir o risco de dem\u00eancia, mostraram um impacto significativo na rede cerebral vulner\u00e1vel, al\u00e9m dos efeitos naturais da idade.<\/p>\n\n\n\n<div class=\"wp-block-image\"><figure class=\"aligncenter size-large is-resized\"><a href=\"https:\/\/www.facebook.com\/postobkr\/?locale=pt_BR\"><img loading=\"lazy\" decoding=\"async\" src=\"https:\/\/jornalfatosenoticias.com.br\/wp-content\/uploads\/2023\/08\/BKR-1024x1021.jpg\" alt=\"\" class=\"wp-image-44494\" width=\"308\" height=\"307\" srcset=\"https:\/\/jornalfatosenoticias.com.br\/wp-content\/uploads\/2023\/08\/BKR-1024x1021.jpg 1024w, https:\/\/jornalfatosenoticias.com.br\/wp-content\/uploads\/2023\/08\/BKR-300x300.jpg 300w, https:\/\/jornalfatosenoticias.com.br\/wp-content\/uploads\/2023\/08\/BKR-150x150.jpg 150w, https:\/\/jornalfatosenoticias.com.br\/wp-content\/uploads\/2023\/08\/BKR-768x766.jpg 768w, https:\/\/jornalfatosenoticias.com.br\/wp-content\/uploads\/2023\/08\/BKR.jpg 1080w\" sizes=\"auto, (max-width: 308px) 100vw, 308px\" \/><\/a><\/figure><\/div>\n\n\n\n<p>Os tr\u00eas fatores mais prejudiciais identificados foram diabetes, polui\u00e7\u00e3o do ar relacionada ao tr\u00e1fego e consumo de \u00e1lcool. Al\u00e9m disso, varia\u00e7\u00f5es no genoma que influenciam essa rede cerebral est\u00e3o relacionadas a mortes cardiovasculares, esquizofrenia, doen\u00e7as de Alzheimer e Parkinson, e at\u00e9 com ant\u00edgenos de um grupo sangu\u00edneo pouco conhecido, o sistema de ant\u00edgeno XG. Este estudo fornece informa\u00e7\u00f5es valiosas sobre os fatores de risco cr\u00edticos para a dem\u00eancia, contribuindo para a preven\u00e7\u00e3o e o desenvolvimento de estrat\u00e9gias de interven\u00e7\u00e3o direcionadas no futuro.<\/p>\n\n\n\n<div class=\"wp-block-image\"><figure class=\"aligncenter size-large is-resized\"><a href=\"https:\/\/hotelmarquetti.com.br\/\"><img loading=\"lazy\" decoding=\"async\" src=\"https:\/\/jornalfatosenoticias.com.br\/wp-content\/uploads\/2023\/03\/nova-logo-Marquetti.jpg\" alt=\"\" class=\"wp-image-40207\" width=\"337\" height=\"226\" srcset=\"https:\/\/jornalfatosenoticias.com.br\/wp-content\/uploads\/2023\/03\/nova-logo-Marquetti.jpg 643w, https:\/\/jornalfatosenoticias.com.br\/wp-content\/uploads\/2023\/03\/nova-logo-Marquetti-300x202.jpg 300w\" sizes=\"auto, (max-width: 337px) 100vw, 337px\" \/><\/a><\/figure><\/div>\n\n\n\n<p><strong><em>Fonte: <a href=\"https:\/\/www.boasaude.com.br\/noticias\/19608\/estudo-revela-fatores-de-risco-para-envelhecimento-cerebral-mais-rapido.html?utm_source=terra_capa_vida-e-estilo&amp;utm_medium=referral\">Terra<\/a><\/em><\/strong><\/p>\n","protected":false},"excerpt":{"rendered":"<p>Uma pesquisa inovadora da Universidade de Oxford, publicada na Nature Communications, investigou a influ\u00eancia gen\u00e9tica e modific\u00e1vel em regi\u00f5es fr\u00e1geis do c\u00e9rebro por meio de exames de imagem de 40.000 participantes do UK Biobank com mais de 45 anos. O estudo identificou uma &#8216;zona de fragilidade&#8217; cerebral, particularmente vulner\u00e1vel a doen\u00e7as como esquizofrenia e Alzheimer, [&hellip;]<\/p>\n","protected":false},"author":2,"featured_media":53625,"comment_status":"open","ping_status":"open","sticky":false,"template":"","format":"standard","meta":{"footnotes":""},"categories":[11],"tags":[3402,19376,8538,2586,24432,4114,714,24433],"class_list":["post-53624","post","type-post","status-publish","format-standard","has-post-thumbnail","hentry","category-saude","tag-demencia","tag-doenca-de-alzheimer","tag-doenca-de-parkinson","tag-envelhecimento","tag-envelhecimento-cerebral","tag-esquizofrenia","tag-estudo","tag-mortes-cardiovasculares"],"yoast_head":"<!-- This site is optimized with the Yoast SEO plugin v26.5 - https:\/\/yoast.com\/wordpress\/plugins\/seo\/ -->\n<title>Estudo revela fatores de risco para envelhecimento cerebral mais r\u00e1pido - Jornal Fatos e Not\u00edcias<\/title>\n<meta name=\"robots\" content=\"index, follow, max-snippet:-1, max-image-preview:large, max-video-preview:-1\" \/>\n<link rel=\"canonical\" href=\"https:\/\/jornalfatosenoticias.com.br\/index.php\/2024\/08\/21\/estudo-revela-fatores-de-risco-para-envelhecimento-cerebral-mais-rapido\/\" \/>\n<meta property=\"og:locale\" content=\"pt_BR\" \/>\n<meta property=\"og:type\" content=\"article\" \/>\n<meta property=\"og:title\" content=\"Estudo revela fatores de risco para envelhecimento cerebral mais r\u00e1pido - Jornal Fatos e Not\u00edcias\" \/>\n<meta property=\"og:description\" content=\"Uma pesquisa inovadora da Universidade de Oxford, publicada na Nature Communications, investigou a influ\u00eancia gen\u00e9tica e modific\u00e1vel em regi\u00f5es fr\u00e1geis do c\u00e9rebro por meio de exames de imagem de 40.000 participantes do UK Biobank com mais de 45 anos. O estudo identificou uma &#8216;zona de fragilidade&#8217; cerebral, particularmente vulner\u00e1vel a doen\u00e7as como esquizofrenia e Alzheimer, [&hellip;]\" \/>\n<meta property=\"og:url\" content=\"https:\/\/jornalfatosenoticias.com.br\/index.php\/2024\/08\/21\/estudo-revela-fatores-de-risco-para-envelhecimento-cerebral-mais-rapido\/\" \/>\n<meta property=\"og:site_name\" content=\"Jornal Fatos e Not\u00edcias\" \/>\n<meta property=\"article:published_time\" content=\"2024-08-21T12:34:37+00:00\" \/>\n<meta property=\"article:modified_time\" content=\"2024-08-21T12:34:38+00:00\" \/>\n<meta property=\"og:image\" content=\"https:\/\/jornalfatosenoticias.com.br\/wp-content\/uploads\/2024\/08\/doencas-do-envelhecimento_istock.jpg\" \/>\n\t<meta property=\"og:image:width\" content=\"612\" \/>\n\t<meta property=\"og:image:height\" content=\"408\" \/>\n\t<meta property=\"og:image:type\" content=\"image\/jpeg\" \/>\n<meta name=\"author\" content=\"Luzimara Fernandes\" \/>\n<meta name=\"twitter:card\" content=\"summary_large_image\" \/>\n<meta name=\"twitter:label1\" content=\"Escrito por\" \/>\n\t<meta name=\"twitter:data1\" content=\"Luzimara Fernandes\" \/>\n\t<meta name=\"twitter:label2\" content=\"Est. tempo de leitura\" \/>\n\t<meta name=\"twitter:data2\" content=\"1 minuto\" \/>\n<script type=\"application\/ld+json\" class=\"yoast-schema-graph\">{\"@context\":\"https:\/\/schema.org\",\"@graph\":[{\"@type\":\"Article\",\"@id\":\"https:\/\/jornalfatosenoticias.com.br\/index.php\/2024\/08\/21\/estudo-revela-fatores-de-risco-para-envelhecimento-cerebral-mais-rapido\/#article\",\"isPartOf\":{\"@id\":\"https:\/\/jornalfatosenoticias.com.br\/index.php\/2024\/08\/21\/estudo-revela-fatores-de-risco-para-envelhecimento-cerebral-mais-rapido\/\"},\"author\":{\"name\":\"Luzimara Fernandes\",\"@id\":\"https:\/\/jornalfatosenoticias.com.br\/#\/schema\/person\/d63837fa13ac8666eb9e74e0985d6f81\"},\"headline\":\"Estudo revela fatores de risco para envelhecimento cerebral mais r\u00e1pido\",\"datePublished\":\"2024-08-21T12:34:37+00:00\",\"dateModified\":\"2024-08-21T12:34:38+00:00\",\"mainEntityOfPage\":{\"@id\":\"https:\/\/jornalfatosenoticias.com.br\/index.php\/2024\/08\/21\/estudo-revela-fatores-de-risco-para-envelhecimento-cerebral-mais-rapido\/\"},\"wordCount\":259,\"commentCount\":0,\"publisher\":{\"@id\":\"https:\/\/jornalfatosenoticias.com.br\/#organization\"},\"image\":{\"@id\":\"https:\/\/jornalfatosenoticias.com.br\/index.php\/2024\/08\/21\/estudo-revela-fatores-de-risco-para-envelhecimento-cerebral-mais-rapido\/#primaryimage\"},\"thumbnailUrl\":\"https:\/\/jornalfatosenoticias.com.br\/wp-content\/uploads\/2024\/08\/doencas-do-envelhecimento_istock.jpg\",\"keywords\":[\"dem\u00eancia\",\"doen\u00e7a de Alzheimer\",\"doen\u00e7a de Parkinson\",\"envelhecimento\",\"envelhecimento cerebral\",\"esquizofrenia\",\"Estudo\",\"mortes cardiovasculares\"],\"articleSection\":[\"Sa\u00fade\"],\"inLanguage\":\"pt-BR\",\"potentialAction\":[{\"@type\":\"CommentAction\",\"name\":\"Comment\",\"target\":[\"https:\/\/jornalfatosenoticias.com.br\/index.php\/2024\/08\/21\/estudo-revela-fatores-de-risco-para-envelhecimento-cerebral-mais-rapido\/#respond\"]}]},{\"@type\":\"WebPage\",\"@id\":\"https:\/\/jornalfatosenoticias.com.br\/index.php\/2024\/08\/21\/estudo-revela-fatores-de-risco-para-envelhecimento-cerebral-mais-rapido\/\",\"url\":\"https:\/\/jornalfatosenoticias.com.br\/index.php\/2024\/08\/21\/estudo-revela-fatores-de-risco-para-envelhecimento-cerebral-mais-rapido\/\",\"name\":\"Estudo revela fatores de risco para envelhecimento cerebral mais r\u00e1pido - Jornal Fatos e Not\u00edcias\",\"isPartOf\":{\"@id\":\"https:\/\/jornalfatosenoticias.com.br\/#website\"},\"primaryImageOfPage\":{\"@id\":\"https:\/\/jornalfatosenoticias.com.br\/index.php\/2024\/08\/21\/estudo-revela-fatores-de-risco-para-envelhecimento-cerebral-mais-rapido\/#primaryimage\"},\"image\":{\"@id\":\"https:\/\/jornalfatosenoticias.com.br\/index.php\/2024\/08\/21\/estudo-revela-fatores-de-risco-para-envelhecimento-cerebral-mais-rapido\/#primaryimage\"},\"thumbnailUrl\":\"https:\/\/jornalfatosenoticias.com.br\/wp-content\/uploads\/2024\/08\/doencas-do-envelhecimento_istock.jpg\",\"datePublished\":\"2024-08-21T12:34:37+00:00\",\"dateModified\":\"2024-08-21T12:34:38+00:00\",\"breadcrumb\":{\"@id\":\"https:\/\/jornalfatosenoticias.com.br\/index.php\/2024\/08\/21\/estudo-revela-fatores-de-risco-para-envelhecimento-cerebral-mais-rapido\/#breadcrumb\"},\"inLanguage\":\"pt-BR\",\"potentialAction\":[{\"@type\":\"ReadAction\",\"target\":[\"https:\/\/jornalfatosenoticias.com.br\/index.php\/2024\/08\/21\/estudo-revela-fatores-de-risco-para-envelhecimento-cerebral-mais-rapido\/\"]}]},{\"@type\":\"ImageObject\",\"inLanguage\":\"pt-BR\",\"@id\":\"https:\/\/jornalfatosenoticias.com.br\/index.php\/2024\/08\/21\/estudo-revela-fatores-de-risco-para-envelhecimento-cerebral-mais-rapido\/#primaryimage\",\"url\":\"https:\/\/jornalfatosenoticias.com.br\/wp-content\/uploads\/2024\/08\/doencas-do-envelhecimento_istock.jpg\",\"contentUrl\":\"https:\/\/jornalfatosenoticias.com.br\/wp-content\/uploads\/2024\/08\/doencas-do-envelhecimento_istock.jpg\",\"width\":612,\"height\":408,\"caption\":\"Memory loss due to dementia. Senior woman losing parts of head as symbol of decreased mind function. Senior woman losing parts of head feeling confused as symbol of decreased mind function.\"},{\"@type\":\"BreadcrumbList\",\"@id\":\"https:\/\/jornalfatosenoticias.com.br\/index.php\/2024\/08\/21\/estudo-revela-fatores-de-risco-para-envelhecimento-cerebral-mais-rapido\/#breadcrumb\",\"itemListElement\":[{\"@type\":\"ListItem\",\"position\":1,\"name\":\"In\u00edcio\",\"item\":\"https:\/\/jornalfatosenoticias.com.br\/\"},{\"@type\":\"ListItem\",\"position\":2,\"name\":\"Estudo revela fatores de risco para envelhecimento cerebral mais r\u00e1pido\"}]},{\"@type\":\"WebSite\",\"@id\":\"https:\/\/jornalfatosenoticias.com.br\/#website\",\"url\":\"https:\/\/jornalfatosenoticias.com.br\/\",\"name\":\"Jornal Fatos e Not\u00edcias\",\"description\":\"Not\u00edcias em geral\",\"publisher\":{\"@id\":\"https:\/\/jornalfatosenoticias.com.br\/#organization\"},\"potentialAction\":[{\"@type\":\"SearchAction\",\"target\":{\"@type\":\"EntryPoint\",\"urlTemplate\":\"https:\/\/jornalfatosenoticias.com.br\/?s={search_term_string}\"},\"query-input\":{\"@type\":\"PropertyValueSpecification\",\"valueRequired\":true,\"valueName\":\"search_term_string\"}}],\"inLanguage\":\"pt-BR\"},{\"@type\":\"Organization\",\"@id\":\"https:\/\/jornalfatosenoticias.com.br\/#organization\",\"name\":\"Jornal Fatos e Not\u00edcias\",\"url\":\"https:\/\/jornalfatosenoticias.com.br\/\",\"logo\":{\"@type\":\"ImageObject\",\"inLanguage\":\"pt-BR\",\"@id\":\"https:\/\/jornalfatosenoticias.com.br\/#\/schema\/logo\/image\/\",\"url\":\"https:\/\/jornalfatosenoticias.com.br\/wp-content\/uploads\/2020\/02\/logo120.png\",\"contentUrl\":\"https:\/\/jornalfatosenoticias.com.br\/wp-content\/uploads\/2020\/02\/logo120.png\",\"width\":1227,\"height\":120,\"caption\":\"Jornal Fatos e Not\u00edcias\"},\"image\":{\"@id\":\"https:\/\/jornalfatosenoticias.com.br\/#\/schema\/logo\/image\/\"}},{\"@type\":\"Person\",\"@id\":\"https:\/\/jornalfatosenoticias.com.br\/#\/schema\/person\/d63837fa13ac8666eb9e74e0985d6f81\",\"name\":\"Luzimara Fernandes\",\"image\":{\"@type\":\"ImageObject\",\"inLanguage\":\"pt-BR\",\"@id\":\"https:\/\/jornalfatosenoticias.com.br\/#\/schema\/person\/image\/\",\"url\":\"https:\/\/jornalfatosenoticias.com.br\/wp-content\/uploads\/2025\/05\/EU_portal.jpg\",\"contentUrl\":\"https:\/\/jornalfatosenoticias.com.br\/wp-content\/uploads\/2025\/05\/EU_portal.jpg\",\"caption\":\"Luzimara Fernandes\"},\"description\":\"Jornalista MTB 2358-ES\",\"sameAs\":[\"https:\/\/jornalfatosenoticias.com.br\"],\"url\":\"https:\/\/jornalfatosenoticias.com.br\/index.php\/author\/luzimara\/\"}]}<\/script>\n<!-- \/ Yoast SEO plugin. -->","yoast_head_json":{"title":"Estudo revela fatores de risco para envelhecimento cerebral mais r\u00e1pido - Jornal Fatos e Not\u00edcias","robots":{"index":"index","follow":"follow","max-snippet":"max-snippet:-1","max-image-preview":"max-image-preview:large","max-video-preview":"max-video-preview:-1"},"canonical":"https:\/\/jornalfatosenoticias.com.br\/index.php\/2024\/08\/21\/estudo-revela-fatores-de-risco-para-envelhecimento-cerebral-mais-rapido\/","og_locale":"pt_BR","og_type":"article","og_title":"Estudo revela fatores de risco para envelhecimento cerebral mais r\u00e1pido - Jornal Fatos e Not\u00edcias","og_description":"Uma pesquisa inovadora da Universidade de Oxford, publicada na Nature Communications, investigou a influ\u00eancia gen\u00e9tica e modific\u00e1vel em regi\u00f5es fr\u00e1geis do c\u00e9rebro por meio de exames de imagem de 40.000 participantes do UK Biobank com mais de 45 anos. O estudo identificou uma &#8216;zona de fragilidade&#8217; cerebral, particularmente vulner\u00e1vel a doen\u00e7as como esquizofrenia e Alzheimer, [&hellip;]","og_url":"https:\/\/jornalfatosenoticias.com.br\/index.php\/2024\/08\/21\/estudo-revela-fatores-de-risco-para-envelhecimento-cerebral-mais-rapido\/","og_site_name":"Jornal Fatos e Not\u00edcias","article_published_time":"2024-08-21T12:34:37+00:00","article_modified_time":"2024-08-21T12:34:38+00:00","og_image":[{"width":612,"height":408,"url":"https:\/\/jornalfatosenoticias.com.br\/wp-content\/uploads\/2024\/08\/doencas-do-envelhecimento_istock.jpg","type":"image\/jpeg"}],"author":"Luzimara Fernandes","twitter_card":"summary_large_image","twitter_misc":{"Escrito por":"Luzimara Fernandes","Est. tempo de leitura":"1 minuto"},"schema":{"@context":"https:\/\/schema.org","@graph":[{"@type":"Article","@id":"https:\/\/jornalfatosenoticias.com.br\/index.php\/2024\/08\/21\/estudo-revela-fatores-de-risco-para-envelhecimento-cerebral-mais-rapido\/#article","isPartOf":{"@id":"https:\/\/jornalfatosenoticias.com.br\/index.php\/2024\/08\/21\/estudo-revela-fatores-de-risco-para-envelhecimento-cerebral-mais-rapido\/"},"author":{"name":"Luzimara Fernandes","@id":"https:\/\/jornalfatosenoticias.com.br\/#\/schema\/person\/d63837fa13ac8666eb9e74e0985d6f81"},"headline":"Estudo revela fatores de risco para envelhecimento cerebral mais r\u00e1pido","datePublished":"2024-08-21T12:34:37+00:00","dateModified":"2024-08-21T12:34:38+00:00","mainEntityOfPage":{"@id":"https:\/\/jornalfatosenoticias.com.br\/index.php\/2024\/08\/21\/estudo-revela-fatores-de-risco-para-envelhecimento-cerebral-mais-rapido\/"},"wordCount":259,"commentCount":0,"publisher":{"@id":"https:\/\/jornalfatosenoticias.com.br\/#organization"},"image":{"@id":"https:\/\/jornalfatosenoticias.com.br\/index.php\/2024\/08\/21\/estudo-revela-fatores-de-risco-para-envelhecimento-cerebral-mais-rapido\/#primaryimage"},"thumbnailUrl":"https:\/\/jornalfatosenoticias.com.br\/wp-content\/uploads\/2024\/08\/doencas-do-envelhecimento_istock.jpg","keywords":["dem\u00eancia","doen\u00e7a de Alzheimer","doen\u00e7a de Parkinson","envelhecimento","envelhecimento cerebral","esquizofrenia","Estudo","mortes cardiovasculares"],"articleSection":["Sa\u00fade"],"inLanguage":"pt-BR","potentialAction":[{"@type":"CommentAction","name":"Comment","target":["https:\/\/jornalfatosenoticias.com.br\/index.php\/2024\/08\/21\/estudo-revela-fatores-de-risco-para-envelhecimento-cerebral-mais-rapido\/#respond"]}]},{"@type":"WebPage","@id":"https:\/\/jornalfatosenoticias.com.br\/index.php\/2024\/08\/21\/estudo-revela-fatores-de-risco-para-envelhecimento-cerebral-mais-rapido\/","url":"https:\/\/jornalfatosenoticias.com.br\/index.php\/2024\/08\/21\/estudo-revela-fatores-de-risco-para-envelhecimento-cerebral-mais-rapido\/","name":"Estudo revela fatores de risco para envelhecimento cerebral mais r\u00e1pido - Jornal Fatos e Not\u00edcias","isPartOf":{"@id":"https:\/\/jornalfatosenoticias.com.br\/#website"},"primaryImageOfPage":{"@id":"https:\/\/jornalfatosenoticias.com.br\/index.php\/2024\/08\/21\/estudo-revela-fatores-de-risco-para-envelhecimento-cerebral-mais-rapido\/#primaryimage"},"image":{"@id":"https:\/\/jornalfatosenoticias.com.br\/index.php\/2024\/08\/21\/estudo-revela-fatores-de-risco-para-envelhecimento-cerebral-mais-rapido\/#primaryimage"},"thumbnailUrl":"https:\/\/jornalfatosenoticias.com.br\/wp-content\/uploads\/2024\/08\/doencas-do-envelhecimento_istock.jpg","datePublished":"2024-08-21T12:34:37+00:00","dateModified":"2024-08-21T12:34:38+00:00","breadcrumb":{"@id":"https:\/\/jornalfatosenoticias.com.br\/index.php\/2024\/08\/21\/estudo-revela-fatores-de-risco-para-envelhecimento-cerebral-mais-rapido\/#breadcrumb"},"inLanguage":"pt-BR","potentialAction":[{"@type":"ReadAction","target":["https:\/\/jornalfatosenoticias.com.br\/index.php\/2024\/08\/21\/estudo-revela-fatores-de-risco-para-envelhecimento-cerebral-mais-rapido\/"]}]},{"@type":"ImageObject","inLanguage":"pt-BR","@id":"https:\/\/jornalfatosenoticias.com.br\/index.php\/2024\/08\/21\/estudo-revela-fatores-de-risco-para-envelhecimento-cerebral-mais-rapido\/#primaryimage","url":"https:\/\/jornalfatosenoticias.com.br\/wp-content\/uploads\/2024\/08\/doencas-do-envelhecimento_istock.jpg","contentUrl":"https:\/\/jornalfatosenoticias.com.br\/wp-content\/uploads\/2024\/08\/doencas-do-envelhecimento_istock.jpg","width":612,"height":408,"caption":"Memory loss due to dementia. Senior woman losing parts of head as symbol of decreased mind function. Senior woman losing parts of head feeling confused as symbol of decreased mind function."},{"@type":"BreadcrumbList","@id":"https:\/\/jornalfatosenoticias.com.br\/index.php\/2024\/08\/21\/estudo-revela-fatores-de-risco-para-envelhecimento-cerebral-mais-rapido\/#breadcrumb","itemListElement":[{"@type":"ListItem","position":1,"name":"In\u00edcio","item":"https:\/\/jornalfatosenoticias.com.br\/"},{"@type":"ListItem","position":2,"name":"Estudo revela fatores de risco para envelhecimento cerebral mais r\u00e1pido"}]},{"@type":"WebSite","@id":"https:\/\/jornalfatosenoticias.com.br\/#website","url":"https:\/\/jornalfatosenoticias.com.br\/","name":"Jornal Fatos e Not\u00edcias","description":"Not\u00edcias em geral","publisher":{"@id":"https:\/\/jornalfatosenoticias.com.br\/#organization"},"potentialAction":[{"@type":"SearchAction","target":{"@type":"EntryPoint","urlTemplate":"https:\/\/jornalfatosenoticias.com.br\/?s={search_term_string}"},"query-input":{"@type":"PropertyValueSpecification","valueRequired":true,"valueName":"search_term_string"}}],"inLanguage":"pt-BR"},{"@type":"Organization","@id":"https:\/\/jornalfatosenoticias.com.br\/#organization","name":"Jornal Fatos e Not\u00edcias","url":"https:\/\/jornalfatosenoticias.com.br\/","logo":{"@type":"ImageObject","inLanguage":"pt-BR","@id":"https:\/\/jornalfatosenoticias.com.br\/#\/schema\/logo\/image\/","url":"https:\/\/jornalfatosenoticias.com.br\/wp-content\/uploads\/2020\/02\/logo120.png","contentUrl":"https:\/\/jornalfatosenoticias.com.br\/wp-content\/uploads\/2020\/02\/logo120.png","width":1227,"height":120,"caption":"Jornal Fatos e Not\u00edcias"},"image":{"@id":"https:\/\/jornalfatosenoticias.com.br\/#\/schema\/logo\/image\/"}},{"@type":"Person","@id":"https:\/\/jornalfatosenoticias.com.br\/#\/schema\/person\/d63837fa13ac8666eb9e74e0985d6f81","name":"Luzimara Fernandes","image":{"@type":"ImageObject","inLanguage":"pt-BR","@id":"https:\/\/jornalfatosenoticias.com.br\/#\/schema\/person\/image\/","url":"https:\/\/jornalfatosenoticias.com.br\/wp-content\/uploads\/2025\/05\/EU_portal.jpg","contentUrl":"https:\/\/jornalfatosenoticias.com.br\/wp-content\/uploads\/2025\/05\/EU_portal.jpg","caption":"Luzimara Fernandes"},"description":"Jornalista MTB 2358-ES","sameAs":["https:\/\/jornalfatosenoticias.com.br"],"url":"https:\/\/jornalfatosenoticias.com.br\/index.php\/author\/luzimara\/"}]}},"cc_featured_image_caption":{"caption_text":"(Foto: iStock) ","source_text":"","source_url":""},"jetpack_featured_media_url":"https:\/\/jornalfatosenoticias.com.br\/wp-content\/uploads\/2024\/08\/doencas-do-envelhecimento_istock.jpg","_links":{"self":[{"href":"https:\/\/jornalfatosenoticias.com.br\/index.php\/wp-json\/wp\/v2\/posts\/53624","targetHints":{"allow":["GET"]}}],"collection":[{"href":"https:\/\/jornalfatosenoticias.com.br\/index.php\/wp-json\/wp\/v2\/posts"}],"about":[{"href":"https:\/\/jornalfatosenoticias.com.br\/index.php\/wp-json\/wp\/v2\/types\/post"}],"author":[{"embeddable":true,"href":"https:\/\/jornalfatosenoticias.com.br\/index.php\/wp-json\/wp\/v2\/users\/2"}],"replies":[{"embeddable":true,"href":"https:\/\/jornalfatosenoticias.com.br\/index.php\/wp-json\/wp\/v2\/comments?post=53624"}],"version-history":[{"count":0,"href":"https:\/\/jornalfatosenoticias.com.br\/index.php\/wp-json\/wp\/v2\/posts\/53624\/revisions"}],"wp:featuredmedia":[{"embeddable":true,"href":"https:\/\/jornalfatosenoticias.com.br\/index.php\/wp-json\/wp\/v2\/media\/53625"}],"wp:attachment":[{"href":"https:\/\/jornalfatosenoticias.com.br\/index.php\/wp-json\/wp\/v2\/media?parent=53624"}],"wp:term":[{"taxonomy":"category","embeddable":true,"href":"https:\/\/jornalfatosenoticias.com.br\/index.php\/wp-json\/wp\/v2\/categories?post=53624"},{"taxonomy":"post_tag","embeddable":true,"href":"https:\/\/jornalfatosenoticias.com.br\/index.php\/wp-json\/wp\/v2\/tags?post=53624"}],"curies":[{"name":"wp","href":"https:\/\/api.w.org\/{rel}","templated":true}]}}