{"id":53637,"date":"2024-08-21T10:26:27","date_gmt":"2024-08-21T13:26:27","guid":{"rendered":"https:\/\/jornalfatosenoticias.com.br\/?p=53637"},"modified":"2024-08-21T10:26:28","modified_gmt":"2024-08-21T13:26:28","slug":"pesquisadores-descobriram-o-que-a-privacao-de-sono-causa-no-cerebro","status":"publish","type":"post","link":"https:\/\/jornalfatosenoticias.com.br\/index.php\/2024\/08\/21\/pesquisadores-descobriram-o-que-a-privacao-de-sono-causa-no-cerebro\/","title":{"rendered":"Pesquisadores descobriram o que a priva\u00e7\u00e3o de sono causa no c\u00e9rebro"},"content":{"rendered":"\n<p><em><span class=\"has-inline-color has-black-color\">N\u00e3o dormir nos deixa mais &#8220;lentos&#8221; e menos focados, mas efeitos cerebrais ainda n\u00e3o eram conhecidos<\/span><\/em><\/p>\n\n\n\n<p><span class=\"has-inline-color has-black-color\">Por <strong><a href=\"https:\/\/olhardigital.com.br\/author\/vitoria-gomez\/\">Vitoria Lopes Gomez<\/a><\/strong><\/span><\/p>\n\n\n\n<div class=\"wp-block-image\"><figure class=\"aligncenter size-large is-resized\"><a href=\"https:\/\/www.facebook.com\/vetor.vix\/\"><img loading=\"lazy\" decoding=\"async\" src=\"https:\/\/jornalfatosenoticias.com.br\/wp-content\/uploads\/2023\/09\/vetorvix1024_1.jpg\" alt=\"\" class=\"wp-image-44868\" width=\"520\" height=\"138\" srcset=\"https:\/\/jornalfatosenoticias.com.br\/wp-content\/uploads\/2023\/09\/vetorvix1024_1.jpg 1024w, https:\/\/jornalfatosenoticias.com.br\/wp-content\/uploads\/2023\/09\/vetorvix1024_1-300x80.jpg 300w, https:\/\/jornalfatosenoticias.com.br\/wp-content\/uploads\/2023\/09\/vetorvix1024_1-768x205.jpg 768w\" sizes=\"auto, (max-width: 520px) 100vw, 520px\" \/><\/a><\/figure><\/div>\n\n\n\n<p><a href=\"https:\/\/olhardigital.com.br\/2024\/04\/18\/medicina-e-saude\/dormir-mais-pode-limpar-o-seu-cerebro-do-que-nao-e-util\/\"><strong>Dormir<\/strong><\/a>\u00a0\u00e9 essencial para que nosso\u00a0<a href=\"https:\/\/olhardigital.com.br\/tag\/corpo\/\"><strong>corpo<\/strong><\/a> funcione durante o dia. A priva\u00e7\u00e3o, por outro lado, nos deixa mais lentos, cansados, sem disposi\u00e7\u00e3o e foco para as atividades di\u00e1rias. O mesmo acontece com ratos. Em uma pesquisa com os roedores, cientistas descobriram o que acontece com o <a href=\"https:\/\/olhardigital.com.br\/tag\/cerebro\/\"><strong>c\u00e9rebro<\/strong><\/a>\u00a0diante da priva\u00e7\u00e3o de\u00a0<a href=\"https:\/\/olhardigital.com.br\/tag\/sono\/\"><strong>sono<\/strong><\/a>. A rea\u00e7\u00e3o do \u00f3rg\u00e3o diante desse cen\u00e1rio ainda n\u00e3o era conhecida.<br>Apesar de sabermos as consequ\u00eancias da priva\u00e7\u00e3o do sono, os efeitos disso no c\u00e9rebro n\u00e3o s\u00e3o totalmente conhecidos. Afinal, nesse caso, \u00e9 preciso que o \u00f3rg\u00e3o esteja separado do corpo (ou seja, o \u201cdono\u201d estaria morto).<\/p>\n\n\n\n<div class=\"wp-block-image\"><figure class=\"aligncenter size-large\"><a href=\"https:\/\/cesconetto.com.br\/\"><img loading=\"lazy\" decoding=\"async\" width=\"300\" height=\"250\" src=\"https:\/\/jornalfatosenoticias.com.br\/wp-content\/uploads\/2022\/02\/Banner-2.png\" alt=\"\" class=\"wp-image-27877\"\/><\/a><\/figure><\/div>\n\n\n\n<p>O que os pesquisadores descobriram \u00e9 que os ratos privados do sono tiveram redu\u00e7\u00e3o na diversidade de sinapses no c\u00e9rebro. Um estudo anterior da equipe j\u00e1 havia classificado as sinapses cerebrais dos ratos em subtipos. Com esse novo trabalho, eles conseguiram analisar o grau de diversidade delas diante da priva\u00e7\u00e3o de sono.<\/p>\n\n\n\n<div class=\"wp-block-image\"><figure class=\"aligncenter size-large is-resized\"><a href=\"https:\/\/panper.com.br\/\"><img loading=\"lazy\" decoding=\"async\" src=\"https:\/\/jornalfatosenoticias.com.br\/wp-content\/uploads\/2023\/03\/logo-Panper_portal.jpg\" alt=\"\" class=\"wp-image-40208\" width=\"338\" height=\"234\" srcset=\"https:\/\/jornalfatosenoticias.com.br\/wp-content\/uploads\/2023\/03\/logo-Panper_portal.jpg 400w, https:\/\/jornalfatosenoticias.com.br\/wp-content\/uploads\/2023\/03\/logo-Panper_portal-300x208.jpg 300w\" sizes=\"auto, (max-width: 338px) 100vw, 338px\" \/><\/a><\/figure><\/div>\n\n\n\n<p>Os animais que dormiram menos tiveram o mesmo n\u00famero de sinapses que os ratos que dormiram normalmente, s\u00f3 que em diversidade menor. A principal redu\u00e7\u00e3o foi nas \u00e1reas do c\u00e9rebro respons\u00e1veis pela mem\u00f3ria e pelo aprendizado. Os pesquisadores ainda n\u00e3o conseguiram observar como a mudan\u00e7a aconteceu, mas suspeitam que a desacelera\u00e7\u00e3o na s\u00edntese das prote\u00ednas tenha papel nisso. O trabalho foi publicado na <strong><em><a href=\"https:\/\/www.cell.com\/current-biology\/fulltext\/S0960-9822(24)00935-7?_returnURL=https%3A%2F%2Flinkinghub.elsevier.com%2Fretrieve%2Fpii%2FS0960982224009357%3Fshowall%3Dtrue\" target=\"_blank\" rel=\"noreferrer noopener\">Current Biology<\/a><\/em>.<\/strong><\/p>\n\n\n\n<div class=\"wp-block-image\"><figure class=\"aligncenter size-large is-resized\"><a href=\"https:\/\/hotelmarquetti.com.br\/\"><img loading=\"lazy\" decoding=\"async\" src=\"https:\/\/jornalfatosenoticias.com.br\/wp-content\/uploads\/2023\/03\/nova-logo-Marquetti.jpg\" alt=\"\" class=\"wp-image-40207\" width=\"350\" height=\"235\" srcset=\"https:\/\/jornalfatosenoticias.com.br\/wp-content\/uploads\/2023\/03\/nova-logo-Marquetti.jpg 643w, https:\/\/jornalfatosenoticias.com.br\/wp-content\/uploads\/2023\/03\/nova-logo-Marquetti-300x202.jpg 300w\" sizes=\"auto, (max-width: 350px) 100vw, 350px\" \/><\/a><\/figure><\/div>\n\n\n\n<p><strong><em>Fonte: <a href=\"https:\/\/olhardigital.com.br\/2024\/08\/06\/medicina-e-saude\/pesquisadores-descobriram-o-que-a-privacao-de-sono-causa-no-cerebro-descubra\/\">Olhar Digital<\/a><\/em><\/strong><\/p>\n","protected":false},"excerpt":{"rendered":"<p>N\u00e3o dormir nos deixa mais &#8220;lentos&#8221; e menos focados, mas efeitos cerebrais ainda n\u00e3o eram conhecidos Por Vitoria Lopes Gomez Dormir\u00a0\u00e9 essencial para que nosso\u00a0corpo funcione durante o dia. A priva\u00e7\u00e3o, por outro lado, nos deixa mais lentos, cansados, sem disposi\u00e7\u00e3o e foco para as atividades di\u00e1rias. O mesmo acontece com ratos. Em uma pesquisa [&hellip;]<\/p>\n","protected":false},"author":2,"featured_media":53638,"comment_status":"open","ping_status":"open","sticky":false,"template":"","format":"standard","meta":{"footnotes":""},"categories":[2522],"tags":[2336,4481,3028,19327,1138],"class_list":["post-53637","post","type-post","status-publish","format-standard","has-post-thumbnail","hentry","category-comportamento","tag-cerebro","tag-disturbios-do-sono","tag-dormir","tag-privacao-de-sono","tag-sono"],"yoast_head":"<!-- This site is optimized with the Yoast SEO plugin v26.5 - https:\/\/yoast.com\/wordpress\/plugins\/seo\/ -->\n<title>Pesquisadores descobriram o que a priva\u00e7\u00e3o de sono causa no c\u00e9rebro - Jornal Fatos e Not\u00edcias<\/title>\n<meta name=\"robots\" content=\"index, follow, max-snippet:-1, max-image-preview:large, max-video-preview:-1\" \/>\n<link rel=\"canonical\" href=\"https:\/\/jornalfatosenoticias.com.br\/index.php\/2024\/08\/21\/pesquisadores-descobriram-o-que-a-privacao-de-sono-causa-no-cerebro\/\" \/>\n<meta property=\"og:locale\" content=\"pt_BR\" \/>\n<meta property=\"og:type\" content=\"article\" \/>\n<meta property=\"og:title\" content=\"Pesquisadores descobriram o que a priva\u00e7\u00e3o de sono causa no c\u00e9rebro - Jornal Fatos e Not\u00edcias\" \/>\n<meta property=\"og:description\" content=\"N\u00e3o dormir nos deixa mais &#8220;lentos&#8221; e menos focados, mas efeitos cerebrais ainda n\u00e3o eram conhecidos Por Vitoria Lopes Gomez Dormir\u00a0\u00e9 essencial para que nosso\u00a0corpo funcione durante o dia. A priva\u00e7\u00e3o, por outro lado, nos deixa mais lentos, cansados, sem disposi\u00e7\u00e3o e foco para as atividades di\u00e1rias. O mesmo acontece com ratos. Em uma pesquisa [&hellip;]\" \/>\n<meta property=\"og:url\" content=\"https:\/\/jornalfatosenoticias.com.br\/index.php\/2024\/08\/21\/pesquisadores-descobriram-o-que-a-privacao-de-sono-causa-no-cerebro\/\" \/>\n<meta property=\"og:site_name\" content=\"Jornal Fatos e Not\u00edcias\" \/>\n<meta property=\"article:published_time\" content=\"2024-08-21T13:26:27+00:00\" \/>\n<meta property=\"article:modified_time\" content=\"2024-08-21T13:26:28+00:00\" \/>\n<meta property=\"og:image\" content=\"https:\/\/jornalfatosenoticias.com.br\/wp-content\/uploads\/2024\/08\/privacao-de-sono_istock.jpg\" \/>\n\t<meta property=\"og:image:width\" content=\"612\" \/>\n\t<meta property=\"og:image:height\" content=\"390\" \/>\n\t<meta property=\"og:image:type\" content=\"image\/jpeg\" \/>\n<meta name=\"author\" content=\"Luzimara Fernandes\" \/>\n<meta name=\"twitter:card\" content=\"summary_large_image\" \/>\n<meta name=\"twitter:label1\" content=\"Escrito por\" \/>\n\t<meta name=\"twitter:data1\" content=\"Luzimara Fernandes\" \/>\n\t<meta name=\"twitter:label2\" content=\"Est. tempo de leitura\" \/>\n\t<meta name=\"twitter:data2\" content=\"1 minuto\" \/>\n<script type=\"application\/ld+json\" class=\"yoast-schema-graph\">{\"@context\":\"https:\/\/schema.org\",\"@graph\":[{\"@type\":\"Article\",\"@id\":\"https:\/\/jornalfatosenoticias.com.br\/index.php\/2024\/08\/21\/pesquisadores-descobriram-o-que-a-privacao-de-sono-causa-no-cerebro\/#article\",\"isPartOf\":{\"@id\":\"https:\/\/jornalfatosenoticias.com.br\/index.php\/2024\/08\/21\/pesquisadores-descobriram-o-que-a-privacao-de-sono-causa-no-cerebro\/\"},\"author\":{\"name\":\"Luzimara Fernandes\",\"@id\":\"https:\/\/jornalfatosenoticias.com.br\/#\/schema\/person\/d63837fa13ac8666eb9e74e0985d6f81\"},\"headline\":\"Pesquisadores descobriram o que a priva\u00e7\u00e3o de sono causa no c\u00e9rebro\",\"datePublished\":\"2024-08-21T13:26:27+00:00\",\"dateModified\":\"2024-08-21T13:26:28+00:00\",\"mainEntityOfPage\":{\"@id\":\"https:\/\/jornalfatosenoticias.com.br\/index.php\/2024\/08\/21\/pesquisadores-descobriram-o-que-a-privacao-de-sono-causa-no-cerebro\/\"},\"wordCount\":280,\"commentCount\":0,\"publisher\":{\"@id\":\"https:\/\/jornalfatosenoticias.com.br\/#organization\"},\"image\":{\"@id\":\"https:\/\/jornalfatosenoticias.com.br\/index.php\/2024\/08\/21\/pesquisadores-descobriram-o-que-a-privacao-de-sono-causa-no-cerebro\/#primaryimage\"},\"thumbnailUrl\":\"https:\/\/jornalfatosenoticias.com.br\/wp-content\/uploads\/2024\/08\/privacao-de-sono_istock.jpg\",\"keywords\":[\"c\u00e9rebro\",\"dist\u00farbios do sono\",\"dormir\",\"priva\u00e7\u00e3o de sono\",\"sono\"],\"articleSection\":[\"Comportamento &amp; Equil\u00edbrio\"],\"inLanguage\":\"pt-BR\",\"potentialAction\":[{\"@type\":\"CommentAction\",\"name\":\"Comment\",\"target\":[\"https:\/\/jornalfatosenoticias.com.br\/index.php\/2024\/08\/21\/pesquisadores-descobriram-o-que-a-privacao-de-sono-causa-no-cerebro\/#respond\"]}]},{\"@type\":\"WebPage\",\"@id\":\"https:\/\/jornalfatosenoticias.com.br\/index.php\/2024\/08\/21\/pesquisadores-descobriram-o-que-a-privacao-de-sono-causa-no-cerebro\/\",\"url\":\"https:\/\/jornalfatosenoticias.com.br\/index.php\/2024\/08\/21\/pesquisadores-descobriram-o-que-a-privacao-de-sono-causa-no-cerebro\/\",\"name\":\"Pesquisadores descobriram o que a priva\u00e7\u00e3o de sono causa no c\u00e9rebro - Jornal Fatos e Not\u00edcias\",\"isPartOf\":{\"@id\":\"https:\/\/jornalfatosenoticias.com.br\/#website\"},\"primaryImageOfPage\":{\"@id\":\"https:\/\/jornalfatosenoticias.com.br\/index.php\/2024\/08\/21\/pesquisadores-descobriram-o-que-a-privacao-de-sono-causa-no-cerebro\/#primaryimage\"},\"image\":{\"@id\":\"https:\/\/jornalfatosenoticias.com.br\/index.php\/2024\/08\/21\/pesquisadores-descobriram-o-que-a-privacao-de-sono-causa-no-cerebro\/#primaryimage\"},\"thumbnailUrl\":\"https:\/\/jornalfatosenoticias.com.br\/wp-content\/uploads\/2024\/08\/privacao-de-sono_istock.jpg\",\"datePublished\":\"2024-08-21T13:26:27+00:00\",\"dateModified\":\"2024-08-21T13:26:28+00:00\",\"breadcrumb\":{\"@id\":\"https:\/\/jornalfatosenoticias.com.br\/index.php\/2024\/08\/21\/pesquisadores-descobriram-o-que-a-privacao-de-sono-causa-no-cerebro\/#breadcrumb\"},\"inLanguage\":\"pt-BR\",\"potentialAction\":[{\"@type\":\"ReadAction\",\"target\":[\"https:\/\/jornalfatosenoticias.com.br\/index.php\/2024\/08\/21\/pesquisadores-descobriram-o-que-a-privacao-de-sono-causa-no-cerebro\/\"]}]},{\"@type\":\"ImageObject\",\"inLanguage\":\"pt-BR\",\"@id\":\"https:\/\/jornalfatosenoticias.com.br\/index.php\/2024\/08\/21\/pesquisadores-descobriram-o-que-a-privacao-de-sono-causa-no-cerebro\/#primaryimage\",\"url\":\"https:\/\/jornalfatosenoticias.com.br\/wp-content\/uploads\/2024\/08\/privacao-de-sono_istock.jpg\",\"contentUrl\":\"https:\/\/jornalfatosenoticias.com.br\/wp-content\/uploads\/2024\/08\/privacao-de-sono_istock.jpg\",\"width\":612,\"height\":390,\"caption\":\"Tired young lady lying in bed with alarm clock, not wanting to get up in morning, panorama. Exhausted millennial Caucasian woman having problem waking up after sleepless night\"},{\"@type\":\"BreadcrumbList\",\"@id\":\"https:\/\/jornalfatosenoticias.com.br\/index.php\/2024\/08\/21\/pesquisadores-descobriram-o-que-a-privacao-de-sono-causa-no-cerebro\/#breadcrumb\",\"itemListElement\":[{\"@type\":\"ListItem\",\"position\":1,\"name\":\"In\u00edcio\",\"item\":\"https:\/\/jornalfatosenoticias.com.br\/\"},{\"@type\":\"ListItem\",\"position\":2,\"name\":\"Pesquisadores descobriram o que a priva\u00e7\u00e3o de sono causa no c\u00e9rebro\"}]},{\"@type\":\"WebSite\",\"@id\":\"https:\/\/jornalfatosenoticias.com.br\/#website\",\"url\":\"https:\/\/jornalfatosenoticias.com.br\/\",\"name\":\"Jornal Fatos e Not\u00edcias\",\"description\":\"Not\u00edcias em geral\",\"publisher\":{\"@id\":\"https:\/\/jornalfatosenoticias.com.br\/#organization\"},\"potentialAction\":[{\"@type\":\"SearchAction\",\"target\":{\"@type\":\"EntryPoint\",\"urlTemplate\":\"https:\/\/jornalfatosenoticias.com.br\/?s={search_term_string}\"},\"query-input\":{\"@type\":\"PropertyValueSpecification\",\"valueRequired\":true,\"valueName\":\"search_term_string\"}}],\"inLanguage\":\"pt-BR\"},{\"@type\":\"Organization\",\"@id\":\"https:\/\/jornalfatosenoticias.com.br\/#organization\",\"name\":\"Jornal Fatos e Not\u00edcias\",\"url\":\"https:\/\/jornalfatosenoticias.com.br\/\",\"logo\":{\"@type\":\"ImageObject\",\"inLanguage\":\"pt-BR\",\"@id\":\"https:\/\/jornalfatosenoticias.com.br\/#\/schema\/logo\/image\/\",\"url\":\"https:\/\/jornalfatosenoticias.com.br\/wp-content\/uploads\/2020\/02\/logo120.png\",\"contentUrl\":\"https:\/\/jornalfatosenoticias.com.br\/wp-content\/uploads\/2020\/02\/logo120.png\",\"width\":1227,\"height\":120,\"caption\":\"Jornal Fatos e Not\u00edcias\"},\"image\":{\"@id\":\"https:\/\/jornalfatosenoticias.com.br\/#\/schema\/logo\/image\/\"}},{\"@type\":\"Person\",\"@id\":\"https:\/\/jornalfatosenoticias.com.br\/#\/schema\/person\/d63837fa13ac8666eb9e74e0985d6f81\",\"name\":\"Luzimara Fernandes\",\"image\":{\"@type\":\"ImageObject\",\"inLanguage\":\"pt-BR\",\"@id\":\"https:\/\/jornalfatosenoticias.com.br\/#\/schema\/person\/image\/\",\"url\":\"https:\/\/jornalfatosenoticias.com.br\/wp-content\/uploads\/2025\/05\/EU_portal.jpg\",\"contentUrl\":\"https:\/\/jornalfatosenoticias.com.br\/wp-content\/uploads\/2025\/05\/EU_portal.jpg\",\"caption\":\"Luzimara Fernandes\"},\"description\":\"Jornalista MTB 2358-ES\",\"sameAs\":[\"https:\/\/jornalfatosenoticias.com.br\"],\"url\":\"https:\/\/jornalfatosenoticias.com.br\/index.php\/author\/luzimara\/\"}]}<\/script>\n<!-- \/ Yoast SEO plugin. -->","yoast_head_json":{"title":"Pesquisadores descobriram o que a priva\u00e7\u00e3o de sono causa no c\u00e9rebro - Jornal Fatos e Not\u00edcias","robots":{"index":"index","follow":"follow","max-snippet":"max-snippet:-1","max-image-preview":"max-image-preview:large","max-video-preview":"max-video-preview:-1"},"canonical":"https:\/\/jornalfatosenoticias.com.br\/index.php\/2024\/08\/21\/pesquisadores-descobriram-o-que-a-privacao-de-sono-causa-no-cerebro\/","og_locale":"pt_BR","og_type":"article","og_title":"Pesquisadores descobriram o que a priva\u00e7\u00e3o de sono causa no c\u00e9rebro - Jornal Fatos e Not\u00edcias","og_description":"N\u00e3o dormir nos deixa mais &#8220;lentos&#8221; e menos focados, mas efeitos cerebrais ainda n\u00e3o eram conhecidos Por Vitoria Lopes Gomez Dormir\u00a0\u00e9 essencial para que nosso\u00a0corpo funcione durante o dia. A priva\u00e7\u00e3o, por outro lado, nos deixa mais lentos, cansados, sem disposi\u00e7\u00e3o e foco para as atividades di\u00e1rias. O mesmo acontece com ratos. Em uma pesquisa [&hellip;]","og_url":"https:\/\/jornalfatosenoticias.com.br\/index.php\/2024\/08\/21\/pesquisadores-descobriram-o-que-a-privacao-de-sono-causa-no-cerebro\/","og_site_name":"Jornal Fatos e Not\u00edcias","article_published_time":"2024-08-21T13:26:27+00:00","article_modified_time":"2024-08-21T13:26:28+00:00","og_image":[{"width":612,"height":390,"url":"https:\/\/jornalfatosenoticias.com.br\/wp-content\/uploads\/2024\/08\/privacao-de-sono_istock.jpg","type":"image\/jpeg"}],"author":"Luzimara Fernandes","twitter_card":"summary_large_image","twitter_misc":{"Escrito por":"Luzimara Fernandes","Est. tempo de leitura":"1 minuto"},"schema":{"@context":"https:\/\/schema.org","@graph":[{"@type":"Article","@id":"https:\/\/jornalfatosenoticias.com.br\/index.php\/2024\/08\/21\/pesquisadores-descobriram-o-que-a-privacao-de-sono-causa-no-cerebro\/#article","isPartOf":{"@id":"https:\/\/jornalfatosenoticias.com.br\/index.php\/2024\/08\/21\/pesquisadores-descobriram-o-que-a-privacao-de-sono-causa-no-cerebro\/"},"author":{"name":"Luzimara Fernandes","@id":"https:\/\/jornalfatosenoticias.com.br\/#\/schema\/person\/d63837fa13ac8666eb9e74e0985d6f81"},"headline":"Pesquisadores descobriram o que a priva\u00e7\u00e3o de sono causa no c\u00e9rebro","datePublished":"2024-08-21T13:26:27+00:00","dateModified":"2024-08-21T13:26:28+00:00","mainEntityOfPage":{"@id":"https:\/\/jornalfatosenoticias.com.br\/index.php\/2024\/08\/21\/pesquisadores-descobriram-o-que-a-privacao-de-sono-causa-no-cerebro\/"},"wordCount":280,"commentCount":0,"publisher":{"@id":"https:\/\/jornalfatosenoticias.com.br\/#organization"},"image":{"@id":"https:\/\/jornalfatosenoticias.com.br\/index.php\/2024\/08\/21\/pesquisadores-descobriram-o-que-a-privacao-de-sono-causa-no-cerebro\/#primaryimage"},"thumbnailUrl":"https:\/\/jornalfatosenoticias.com.br\/wp-content\/uploads\/2024\/08\/privacao-de-sono_istock.jpg","keywords":["c\u00e9rebro","dist\u00farbios do sono","dormir","priva\u00e7\u00e3o de sono","sono"],"articleSection":["Comportamento &amp; Equil\u00edbrio"],"inLanguage":"pt-BR","potentialAction":[{"@type":"CommentAction","name":"Comment","target":["https:\/\/jornalfatosenoticias.com.br\/index.php\/2024\/08\/21\/pesquisadores-descobriram-o-que-a-privacao-de-sono-causa-no-cerebro\/#respond"]}]},{"@type":"WebPage","@id":"https:\/\/jornalfatosenoticias.com.br\/index.php\/2024\/08\/21\/pesquisadores-descobriram-o-que-a-privacao-de-sono-causa-no-cerebro\/","url":"https:\/\/jornalfatosenoticias.com.br\/index.php\/2024\/08\/21\/pesquisadores-descobriram-o-que-a-privacao-de-sono-causa-no-cerebro\/","name":"Pesquisadores descobriram o que a priva\u00e7\u00e3o de sono causa no c\u00e9rebro - Jornal Fatos e Not\u00edcias","isPartOf":{"@id":"https:\/\/jornalfatosenoticias.com.br\/#website"},"primaryImageOfPage":{"@id":"https:\/\/jornalfatosenoticias.com.br\/index.php\/2024\/08\/21\/pesquisadores-descobriram-o-que-a-privacao-de-sono-causa-no-cerebro\/#primaryimage"},"image":{"@id":"https:\/\/jornalfatosenoticias.com.br\/index.php\/2024\/08\/21\/pesquisadores-descobriram-o-que-a-privacao-de-sono-causa-no-cerebro\/#primaryimage"},"thumbnailUrl":"https:\/\/jornalfatosenoticias.com.br\/wp-content\/uploads\/2024\/08\/privacao-de-sono_istock.jpg","datePublished":"2024-08-21T13:26:27+00:00","dateModified":"2024-08-21T13:26:28+00:00","breadcrumb":{"@id":"https:\/\/jornalfatosenoticias.com.br\/index.php\/2024\/08\/21\/pesquisadores-descobriram-o-que-a-privacao-de-sono-causa-no-cerebro\/#breadcrumb"},"inLanguage":"pt-BR","potentialAction":[{"@type":"ReadAction","target":["https:\/\/jornalfatosenoticias.com.br\/index.php\/2024\/08\/21\/pesquisadores-descobriram-o-que-a-privacao-de-sono-causa-no-cerebro\/"]}]},{"@type":"ImageObject","inLanguage":"pt-BR","@id":"https:\/\/jornalfatosenoticias.com.br\/index.php\/2024\/08\/21\/pesquisadores-descobriram-o-que-a-privacao-de-sono-causa-no-cerebro\/#primaryimage","url":"https:\/\/jornalfatosenoticias.com.br\/wp-content\/uploads\/2024\/08\/privacao-de-sono_istock.jpg","contentUrl":"https:\/\/jornalfatosenoticias.com.br\/wp-content\/uploads\/2024\/08\/privacao-de-sono_istock.jpg","width":612,"height":390,"caption":"Tired young lady lying in bed with alarm clock, not wanting to get up in morning, panorama. Exhausted millennial Caucasian woman having problem waking up after sleepless night"},{"@type":"BreadcrumbList","@id":"https:\/\/jornalfatosenoticias.com.br\/index.php\/2024\/08\/21\/pesquisadores-descobriram-o-que-a-privacao-de-sono-causa-no-cerebro\/#breadcrumb","itemListElement":[{"@type":"ListItem","position":1,"name":"In\u00edcio","item":"https:\/\/jornalfatosenoticias.com.br\/"},{"@type":"ListItem","position":2,"name":"Pesquisadores descobriram o que a priva\u00e7\u00e3o de sono causa no c\u00e9rebro"}]},{"@type":"WebSite","@id":"https:\/\/jornalfatosenoticias.com.br\/#website","url":"https:\/\/jornalfatosenoticias.com.br\/","name":"Jornal Fatos e Not\u00edcias","description":"Not\u00edcias em geral","publisher":{"@id":"https:\/\/jornalfatosenoticias.com.br\/#organization"},"potentialAction":[{"@type":"SearchAction","target":{"@type":"EntryPoint","urlTemplate":"https:\/\/jornalfatosenoticias.com.br\/?s={search_term_string}"},"query-input":{"@type":"PropertyValueSpecification","valueRequired":true,"valueName":"search_term_string"}}],"inLanguage":"pt-BR"},{"@type":"Organization","@id":"https:\/\/jornalfatosenoticias.com.br\/#organization","name":"Jornal Fatos e Not\u00edcias","url":"https:\/\/jornalfatosenoticias.com.br\/","logo":{"@type":"ImageObject","inLanguage":"pt-BR","@id":"https:\/\/jornalfatosenoticias.com.br\/#\/schema\/logo\/image\/","url":"https:\/\/jornalfatosenoticias.com.br\/wp-content\/uploads\/2020\/02\/logo120.png","contentUrl":"https:\/\/jornalfatosenoticias.com.br\/wp-content\/uploads\/2020\/02\/logo120.png","width":1227,"height":120,"caption":"Jornal Fatos e Not\u00edcias"},"image":{"@id":"https:\/\/jornalfatosenoticias.com.br\/#\/schema\/logo\/image\/"}},{"@type":"Person","@id":"https:\/\/jornalfatosenoticias.com.br\/#\/schema\/person\/d63837fa13ac8666eb9e74e0985d6f81","name":"Luzimara Fernandes","image":{"@type":"ImageObject","inLanguage":"pt-BR","@id":"https:\/\/jornalfatosenoticias.com.br\/#\/schema\/person\/image\/","url":"https:\/\/jornalfatosenoticias.com.br\/wp-content\/uploads\/2025\/05\/EU_portal.jpg","contentUrl":"https:\/\/jornalfatosenoticias.com.br\/wp-content\/uploads\/2025\/05\/EU_portal.jpg","caption":"Luzimara Fernandes"},"description":"Jornalista MTB 2358-ES","sameAs":["https:\/\/jornalfatosenoticias.com.br"],"url":"https:\/\/jornalfatosenoticias.com.br\/index.php\/author\/luzimara\/"}]}},"cc_featured_image_caption":{"caption_text":"(Foto: iStock)","source_text":"","source_url":""},"jetpack_featured_media_url":"https:\/\/jornalfatosenoticias.com.br\/wp-content\/uploads\/2024\/08\/privacao-de-sono_istock.jpg","_links":{"self":[{"href":"https:\/\/jornalfatosenoticias.com.br\/index.php\/wp-json\/wp\/v2\/posts\/53637","targetHints":{"allow":["GET"]}}],"collection":[{"href":"https:\/\/jornalfatosenoticias.com.br\/index.php\/wp-json\/wp\/v2\/posts"}],"about":[{"href":"https:\/\/jornalfatosenoticias.com.br\/index.php\/wp-json\/wp\/v2\/types\/post"}],"author":[{"embeddable":true,"href":"https:\/\/jornalfatosenoticias.com.br\/index.php\/wp-json\/wp\/v2\/users\/2"}],"replies":[{"embeddable":true,"href":"https:\/\/jornalfatosenoticias.com.br\/index.php\/wp-json\/wp\/v2\/comments?post=53637"}],"version-history":[{"count":0,"href":"https:\/\/jornalfatosenoticias.com.br\/index.php\/wp-json\/wp\/v2\/posts\/53637\/revisions"}],"wp:featuredmedia":[{"embeddable":true,"href":"https:\/\/jornalfatosenoticias.com.br\/index.php\/wp-json\/wp\/v2\/media\/53638"}],"wp:attachment":[{"href":"https:\/\/jornalfatosenoticias.com.br\/index.php\/wp-json\/wp\/v2\/media?parent=53637"}],"wp:term":[{"taxonomy":"category","embeddable":true,"href":"https:\/\/jornalfatosenoticias.com.br\/index.php\/wp-json\/wp\/v2\/categories?post=53637"},{"taxonomy":"post_tag","embeddable":true,"href":"https:\/\/jornalfatosenoticias.com.br\/index.php\/wp-json\/wp\/v2\/tags?post=53637"}],"curies":[{"name":"wp","href":"https:\/\/api.w.org\/{rel}","templated":true}]}}