{"id":53640,"date":"2024-08-21T10:41:03","date_gmt":"2024-08-21T13:41:03","guid":{"rendered":"https:\/\/jornalfatosenoticias.com.br\/?p=53640"},"modified":"2024-08-21T10:41:05","modified_gmt":"2024-08-21T13:41:05","slug":"seis-em-cada-10-escolas-tem-regras-para-uso-do-celular-pelos-alunos","status":"publish","type":"post","link":"https:\/\/jornalfatosenoticias.com.br\/index.php\/2024\/08\/21\/seis-em-cada-10-escolas-tem-regras-para-uso-do-celular-pelos-alunos\/","title":{"rendered":"Seis em cada 10 escolas t\u00eam regras para uso do celular pelos alunos"},"content":{"rendered":"\n<p><em><span class=\"has-inline-color has-black-color\">Em 28% das escolas, uso do dispositivo por estudantes \u00e9 proibido<\/span><\/em><\/p>\n\n\n\n<div class=\"wp-block-image\"><figure class=\"aligncenter size-large\"><a href=\"https:\/\/www.instagram.com\/vmais.midias\/\"><img loading=\"lazy\" decoding=\"async\" width=\"1024\" height=\"110\" src=\"https:\/\/jornalfatosenoticias.com.br\/wp-content\/uploads\/2020\/02\/DE-MAIS-DESTAQUE-VMAIS-1120X120-1024x110.png\" alt=\"\" class=\"wp-image-53110\" srcset=\"https:\/\/jornalfatosenoticias.com.br\/wp-content\/uploads\/2020\/02\/DE-MAIS-DESTAQUE-VMAIS-1120X120-1024x110.png 1024w, https:\/\/jornalfatosenoticias.com.br\/wp-content\/uploads\/2020\/02\/DE-MAIS-DESTAQUE-VMAIS-1120X120-300x32.png 300w, https:\/\/jornalfatosenoticias.com.br\/wp-content\/uploads\/2020\/02\/DE-MAIS-DESTAQUE-VMAIS-1120X120-768x82.png 768w, https:\/\/jornalfatosenoticias.com.br\/wp-content\/uploads\/2020\/02\/DE-MAIS-DESTAQUE-VMAIS-1120X120.png 1120w\" sizes=\"auto, (max-width: 1024px) 100vw, 1024px\" \/><\/a><\/figure><\/div>\n\n\n\n<p>Seis em cada dez escolas de ensino fundamental e m\u00e9dio adotam regras para uso do telefone celular pelos alunos, permitindo que o aparelho seja usado apenas em determinados espa\u00e7os e hor\u00e1rios. Em 28% das institui\u00e7\u00f5es educacionais, o uso do dispositivo pelos estudantes \u00e9 proibido, segundo aponta a pesquisa TIC Educa\u00e7\u00e3o 2023, lan\u00e7ada pelo Comit\u00ea Gestor da Internet no Brasil (CGI.br). O levantamento foi realizado junto a 3.001 gestores de unidades de ensino, tanto urbanas como rurais.<br>A pesquisa mostra que o controle do uso do celular tem se intensificado. Nas institui\u00e7\u00f5es que atendem alunos mais novos, at\u00e9 os anos iniciais do ensino fundamental, a propor\u00e7\u00e3o de escolas que pro\u00edbem a utiliza\u00e7\u00e3o do dispositivo passou de 32% em 2020, para 43% em 2023. Naquelas que oferecem at\u00e9 os anos finais do ensino fundamental, a porcentagem subiu de 10% para 21%, entre as edi\u00e7\u00f5es 2020 e 2023 do levantamento.<\/p>\n\n\n\n<div class=\"wp-block-image\"><figure class=\"aligncenter size-large is-resized\"><a href=\"https:\/\/www.facebook.com\/postobkr\/?locale=pt_BR\"><img loading=\"lazy\" decoding=\"async\" src=\"https:\/\/jornalfatosenoticias.com.br\/wp-content\/uploads\/2023\/08\/BKR-1024x1021.jpg\" alt=\"\" class=\"wp-image-44494\" width=\"293\" height=\"292\" srcset=\"https:\/\/jornalfatosenoticias.com.br\/wp-content\/uploads\/2023\/08\/BKR-1024x1021.jpg 1024w, https:\/\/jornalfatosenoticias.com.br\/wp-content\/uploads\/2023\/08\/BKR-300x300.jpg 300w, https:\/\/jornalfatosenoticias.com.br\/wp-content\/uploads\/2023\/08\/BKR-150x150.jpg 150w, https:\/\/jornalfatosenoticias.com.br\/wp-content\/uploads\/2023\/08\/BKR-768x766.jpg 768w, https:\/\/jornalfatosenoticias.com.br\/wp-content\/uploads\/2023\/08\/BKR.jpg 1080w\" sizes=\"auto, (max-width: 293px) 100vw, 293px\" \/><\/a><\/figure><\/div>\n\n\n\n<p>Apenas 8% das institui\u00e7\u00f5es que atendem estudantes de ensino m\u00e9dio pro\u00edbem o uso do telefone celular na escola, segundo levantamento feito pelo Centro Regional de Estudos para o Desenvolvimento da Sociedade da Informa\u00e7\u00e3o (Cetic.br) do N\u00facleo de Informa\u00e7\u00e3o e Coordena\u00e7\u00e3o do Ponto BR (NIC.br). O estudo constatou ainda que, al\u00e9m de estabelecer regras em rela\u00e7\u00e3o \u00e0 utiliza\u00e7\u00e3o do telefone celular, mais escolas tamb\u00e9m passaram a limitar o uso de wi-fi pelos estudantes. <\/p>\n\n\n\n<div class=\"wp-block-image\"><figure class=\"aligncenter size-large is-resized\"><a href=\"https:\/\/www.ithbrasil.com.br\/\"><img loading=\"lazy\" decoding=\"async\" src=\"https:\/\/jornalfatosenoticias.com.br\/wp-content\/uploads\/2023\/08\/ITH.jpeg\" alt=\"\" class=\"wp-image-44638\" width=\"314\" height=\"255\" srcset=\"https:\/\/jornalfatosenoticias.com.br\/wp-content\/uploads\/2023\/08\/ITH.jpeg 800w, https:\/\/jornalfatosenoticias.com.br\/wp-content\/uploads\/2023\/08\/ITH-300x244.jpeg 300w, https:\/\/jornalfatosenoticias.com.br\/wp-content\/uploads\/2023\/08\/ITH-768x624.jpeg 768w\" sizes=\"auto, (max-width: 314px) 100vw, 314px\" \/><\/a><\/figure><\/div>\n\n\n\n<p>Do total de institui\u00e7\u00f5es de ensino fundamental e m\u00e9dio com internet, na maioria (58%), o acesso a esse tipo de rede sem fio \u00e9 restrito pelo uso de senha, sendo que em 26% das institui\u00e7\u00f5es, os alunos podem utilizar a tecnologia. \u00c9 poss\u00edvel observar ainda, com base na compara\u00e7\u00e3o dos indicadores coletados entre as edi\u00e7\u00f5es 2020 e 2023 da pesquisa, uma redu\u00e7\u00e3o na propor\u00e7\u00e3o de escolas que liberam o Wi-Fi para os alunos \u2014 de 35% para 26% \u2014 e um aumento na porcentagem das que restringem o acesso \u2014 de 48% para 58%.<\/p>\n\n\n\n<div class=\"wp-block-image\"><figure class=\"aligncenter size-large\"><a href=\"https:\/\/www.facebook.com\/Esteio-Churrascaria-Barbecue-103643461220402\/\"><img decoding=\"async\" src=\"https:\/\/jornalfatosenoticias.com.br\/wp-content\/uploads\/2020\/02\/logo_esteio.jpg\" alt=\"\" class=\"wp-image-1214\"\/><\/a><\/figure><\/div>\n\n\n\n<p>O acesso \u00e0 internet nas escolas de ensino fundamental e m\u00e9dio no Brasil chegou a 92%. Numa compara\u00e7\u00e3o com os n\u00fameros de 2020, com as mesmas caracter\u00edsticas de p\u00fablico, a conectividade naquele ano de pandemia era de 82% (10 pontos percentuais a menos do que os dados atuais).<\/p>\n\n\n\n<div class=\"wp-block-image\"><figure class=\"aligncenter size-large\"><a href=\"https:\/\/cesconetto.com.br\/\"><img loading=\"lazy\" decoding=\"async\" width=\"300\" height=\"250\" src=\"https:\/\/jornalfatosenoticias.com.br\/wp-content\/uploads\/2022\/02\/Banner-2.png\" alt=\"\" class=\"wp-image-27877\"\/><\/a><\/figure><\/div>\n\n\n\n<p>O crescimento maior de acesso \u00e0 internet, conforme aponta o levantamento, ocorreu nas escolas de \u00e1rea rural: passou de 52% (em 2020) para 81%. Por\u00e9m, s\u00f3 65% das unidades de ensino dessa caracter\u00edstica disponibilizam o acesso aos alunos.<\/p>\n\n\n\n<div class=\"wp-block-image\"><figure class=\"aligncenter size-large is-resized\"><a href=\"https:\/\/panper.com.br\/\"><img loading=\"lazy\" decoding=\"async\" src=\"https:\/\/jornalfatosenoticias.com.br\/wp-content\/uploads\/2023\/03\/logo-Panper_portal.jpg\" alt=\"\" class=\"wp-image-40208\" width=\"334\" height=\"231\" srcset=\"https:\/\/jornalfatosenoticias.com.br\/wp-content\/uploads\/2023\/03\/logo-Panper_portal.jpg 400w, https:\/\/jornalfatosenoticias.com.br\/wp-content\/uploads\/2023\/03\/logo-Panper_portal-300x208.jpg 300w\" sizes=\"auto, (max-width: 334px) 100vw, 334px\" \/><\/a><\/figure><\/div>\n\n\n\n<p>Tamb\u00e9m s\u00e3o mais identific\u00e1veis as transforma\u00e7\u00f5es de conectividade nas unidades do interior do Brasil, passando de 79% para 91%. Nas capitais, a porcentagem seguiu inalterada na casa dos 98%. Outras altera\u00e7\u00f5es de cen\u00e1rios de conectividade de internet, entre 2020 e 2023, s\u00e3o mais not\u00f3rias pelos n\u00fameros das escolas municipais (de 71% para 89%) e p\u00fablicas (de 78% para 91%).<\/p>\n\n\n\n<div class=\"wp-block-image\"><figure class=\"aligncenter size-large is-resized\"><a href=\"https:\/\/www.controlsystems.com.br\/\"><img loading=\"lazy\" decoding=\"async\" src=\"https:\/\/jornalfatosenoticias.com.br\/wp-content\/uploads\/2020\/02\/CONTROL-CS.jpg\" alt=\"\" class=\"wp-image-44991\" width=\"324\" height=\"388\" srcset=\"https:\/\/jornalfatosenoticias.com.br\/wp-content\/uploads\/2020\/02\/CONTROL-CS.jpg 834w, https:\/\/jornalfatosenoticias.com.br\/wp-content\/uploads\/2020\/02\/CONTROL-CS-250x300.jpg 250w, https:\/\/jornalfatosenoticias.com.br\/wp-content\/uploads\/2020\/02\/CONTROL-CS-768x921.jpg 768w\" sizes=\"auto, (max-width: 324px) 100vw, 324px\" \/><\/a><\/figure><\/div>\n\n\n\n<p>Al\u00e9m da disponibilidade de acesso \u00e0 internet de qualidade, \u00e9 fundamental que as escolas possuam dispositivos digitais em n\u00famero suficiente, possibilitando o uso desses recursos para fins pedag\u00f3gicos. Nas unidades de ensino rurais ocorreu uma evolu\u00e7\u00e3o na disponibiliza\u00e7\u00e3o de computadores. A porcentagem cresceu de 63% (no ano de 2020) para 75%. No entanto, os gestores das escolas municipais registram a menor oferta de equipamentos para uso especificamente dos alunos em atividades de ensino. Ao todo, 42% apontaram n\u00e3o haver nenhum computador para os estudantes.<\/p>\n\n\n\n<div class=\"wp-block-image\"><figure class=\"aligncenter size-large\"><a href=\"http:\/\/www.ferrarimaquinas.com.br\/\"><img loading=\"lazy\" decoding=\"async\" width=\"300\" height=\"250\" src=\"https:\/\/jornalfatosenoticias.com.br\/wp-content\/uploads\/2022\/02\/FERRARI_MAQUINAS-E-FERRAMENTAS2.jpg\" alt=\"\" class=\"wp-image-27860\"\/><\/a><\/figure><\/div>\n\n\n\n<p>S\u00e3o tamb\u00e9m nas escolas ligadas \u00e0s cidades, em geral, tanto nos espa\u00e7os administrativos e pedag\u00f3gicos, onde h\u00e1 menor disponibiliza\u00e7\u00e3o de acesso \u00e0 internet. Um exemplo \u00e9 que, em bibliotecas ou sala de estudos para os alunos, a conectividade s\u00f3 existe em 40% das escolas pesquisadas. J\u00e1 em 73% das escolas estaduais e 72% das particulares esses espa\u00e7os t\u00eam internet.<br>A conectividade nas salas de aula, no entanto, registrou aumento entre 2020 e 2023, tanto em escolas municipais (foi de 60% para 82%) como nas estaduais (de 63% para 80%), aproximando-se da porcentagem de escolas privadas, que, no ano passado, era de 88%.<\/p>\n\n\n\n<div class=\"wp-block-image\"><figure class=\"aligncenter size-large is-resized\"><a href=\"https:\/\/hotelmarquetti.com.br\/\"><img loading=\"lazy\" decoding=\"async\" src=\"https:\/\/jornalfatosenoticias.com.br\/wp-content\/uploads\/2020\/02\/nova-logo-Marquetti.jpg\" alt=\"\" class=\"wp-image-22331\" width=\"356\" height=\"239\" srcset=\"https:\/\/jornalfatosenoticias.com.br\/wp-content\/uploads\/2020\/02\/nova-logo-Marquetti.jpg 643w, https:\/\/jornalfatosenoticias.com.br\/wp-content\/uploads\/2020\/02\/nova-logo-Marquetti-300x202.jpg 300w\" sizes=\"auto, (max-width: 356px) 100vw, 356px\" \/><\/a><\/figure><\/div>\n\n\n\n<p>Os desafios para as administra\u00e7\u00f5es municipais revelam-se tamb\u00e9m em uma queda de disponibiliza\u00e7\u00e3o, por exemplo, de laborat\u00f3rios de inform\u00e1tica com acesso \u00e0 internet. Apenas 22% dessas unidades ofereciam o servi\u00e7o. H\u00e1 tr\u00eas anos, essa porcentagem era de 25%. Os melhores n\u00fameros com rela\u00e7\u00e3o a esse tipo de laborat\u00f3rio s\u00e3o nas escolas estaduais, que s\u00e3o em 65%, maior que a das particulares em que h\u00e1 esse equipamento em s\u00f3 42%.<\/p>\n\n\n\n<div class=\"wp-block-image\"><figure class=\"aligncenter size-large is-resized\"><a href=\"https:\/\/www.instagram.com\/serra4x4cambioautomatico\/\"><img loading=\"lazy\" decoding=\"async\" src=\"https:\/\/jornalfatosenoticias.com.br\/wp-content\/uploads\/2024\/08\/Serra-4x4-1-886x1024.jpg\" alt=\"\" class=\"wp-image-53632\" width=\"333\" height=\"385\" srcset=\"https:\/\/jornalfatosenoticias.com.br\/wp-content\/uploads\/2024\/08\/Serra-4x4-1-886x1024.jpg 886w, https:\/\/jornalfatosenoticias.com.br\/wp-content\/uploads\/2024\/08\/Serra-4x4-1-260x300.jpg 260w, https:\/\/jornalfatosenoticias.com.br\/wp-content\/uploads\/2024\/08\/Serra-4x4-1-768x888.jpg 768w, https:\/\/jornalfatosenoticias.com.br\/wp-content\/uploads\/2024\/08\/Serra-4x4-1.jpg 1181w\" sizes=\"auto, (max-width: 333px) 100vw, 333px\" \/><\/a><\/figure><\/div>\n\n\n\n<p><strong><em>Fonte: <a href=\"https:\/\/www.diariodigital.com.br\/geral\/seis-em-cada-10-escolas-tem-regras-para-uso-do-celular-pelos-alunos#:~:text=Seis%20em%20cada%20dez%20escolas,em%20determinados%20espa%C3%A7os%20e%20hor%C3%A1rios.\">Di\u00e1rio Digital<\/a><\/em><\/strong><\/p>\n","protected":false},"excerpt":{"rendered":"<p>Em 28% das escolas, uso do dispositivo por estudantes \u00e9 proibido Seis em cada dez escolas de ensino fundamental e m\u00e9dio adotam regras para uso do telefone celular pelos alunos, permitindo que o aparelho seja usado apenas em determinados espa\u00e7os e hor\u00e1rios. Em 28% das institui\u00e7\u00f5es educacionais, o uso do dispositivo pelos estudantes \u00e9 proibido, [&hellip;]<\/p>\n","protected":false},"author":2,"featured_media":53641,"comment_status":"open","ping_status":"open","sticky":false,"template":"","format":"standard","meta":{"footnotes":""},"categories":[7],"tags":[649,356,3629,24441],"class_list":["post-53640","post","type-post","status-publish","format-standard","has-post-thumbnail","hentry","category-educacao","tag-alunos","tag-escolas","tag-regras","tag-uso-do-celular-pelos-alunos"],"yoast_head":"<!-- This site is optimized with the Yoast SEO plugin v26.5 - https:\/\/yoast.com\/wordpress\/plugins\/seo\/ -->\n<title>Seis em cada 10 escolas t\u00eam regras para uso do celular pelos alunos - Jornal Fatos e Not\u00edcias<\/title>\n<meta name=\"robots\" content=\"index, follow, max-snippet:-1, max-image-preview:large, max-video-preview:-1\" \/>\n<link rel=\"canonical\" href=\"https:\/\/jornalfatosenoticias.com.br\/index.php\/2024\/08\/21\/seis-em-cada-10-escolas-tem-regras-para-uso-do-celular-pelos-alunos\/\" \/>\n<meta property=\"og:locale\" content=\"pt_BR\" \/>\n<meta property=\"og:type\" content=\"article\" \/>\n<meta property=\"og:title\" content=\"Seis em cada 10 escolas t\u00eam regras para uso do celular pelos alunos - Jornal Fatos e Not\u00edcias\" \/>\n<meta property=\"og:description\" content=\"Em 28% das escolas, uso do dispositivo por estudantes \u00e9 proibido Seis em cada dez escolas de ensino fundamental e m\u00e9dio adotam regras para uso do telefone celular pelos alunos, permitindo que o aparelho seja usado apenas em determinados espa\u00e7os e hor\u00e1rios. Em 28% das institui\u00e7\u00f5es educacionais, o uso do dispositivo pelos estudantes \u00e9 proibido, [&hellip;]\" \/>\n<meta property=\"og:url\" content=\"https:\/\/jornalfatosenoticias.com.br\/index.php\/2024\/08\/21\/seis-em-cada-10-escolas-tem-regras-para-uso-do-celular-pelos-alunos\/\" \/>\n<meta property=\"og:site_name\" content=\"Jornal Fatos e Not\u00edcias\" \/>\n<meta property=\"article:published_time\" content=\"2024-08-21T13:41:03+00:00\" \/>\n<meta property=\"article:modified_time\" content=\"2024-08-21T13:41:05+00:00\" \/>\n<meta property=\"og:image\" content=\"https:\/\/jornalfatosenoticias.com.br\/wp-content\/uploads\/2024\/08\/celular-sala-de-aula_istock.jpg\" \/>\n\t<meta property=\"og:image:width\" content=\"612\" \/>\n\t<meta property=\"og:image:height\" content=\"344\" \/>\n\t<meta property=\"og:image:type\" content=\"image\/jpeg\" \/>\n<meta name=\"author\" content=\"Luzimara Fernandes\" \/>\n<meta name=\"twitter:card\" content=\"summary_large_image\" \/>\n<meta name=\"twitter:label1\" content=\"Escrito por\" \/>\n\t<meta name=\"twitter:data1\" content=\"Luzimara Fernandes\" \/>\n\t<meta name=\"twitter:label2\" content=\"Est. tempo de leitura\" \/>\n\t<meta name=\"twitter:data2\" content=\"4 minutos\" \/>\n<script type=\"application\/ld+json\" class=\"yoast-schema-graph\">{\"@context\":\"https:\/\/schema.org\",\"@graph\":[{\"@type\":\"Article\",\"@id\":\"https:\/\/jornalfatosenoticias.com.br\/index.php\/2024\/08\/21\/seis-em-cada-10-escolas-tem-regras-para-uso-do-celular-pelos-alunos\/#article\",\"isPartOf\":{\"@id\":\"https:\/\/jornalfatosenoticias.com.br\/index.php\/2024\/08\/21\/seis-em-cada-10-escolas-tem-regras-para-uso-do-celular-pelos-alunos\/\"},\"author\":{\"name\":\"Luzimara Fernandes\",\"@id\":\"https:\/\/jornalfatosenoticias.com.br\/#\/schema\/person\/d63837fa13ac8666eb9e74e0985d6f81\"},\"headline\":\"Seis em cada 10 escolas t\u00eam regras para uso do celular pelos alunos\",\"datePublished\":\"2024-08-21T13:41:03+00:00\",\"dateModified\":\"2024-08-21T13:41:05+00:00\",\"mainEntityOfPage\":{\"@id\":\"https:\/\/jornalfatosenoticias.com.br\/index.php\/2024\/08\/21\/seis-em-cada-10-escolas-tem-regras-para-uso-do-celular-pelos-alunos\/\"},\"wordCount\":745,\"commentCount\":0,\"publisher\":{\"@id\":\"https:\/\/jornalfatosenoticias.com.br\/#organization\"},\"image\":{\"@id\":\"https:\/\/jornalfatosenoticias.com.br\/index.php\/2024\/08\/21\/seis-em-cada-10-escolas-tem-regras-para-uso-do-celular-pelos-alunos\/#primaryimage\"},\"thumbnailUrl\":\"https:\/\/jornalfatosenoticias.com.br\/wp-content\/uploads\/2024\/08\/celular-sala-de-aula_istock.jpg\",\"keywords\":[\"alunos\",\"escolas\",\"regras\",\"uso do celular pelos alunos\"],\"articleSection\":[\"Educa\u00e7\u00e3o\"],\"inLanguage\":\"pt-BR\",\"potentialAction\":[{\"@type\":\"CommentAction\",\"name\":\"Comment\",\"target\":[\"https:\/\/jornalfatosenoticias.com.br\/index.php\/2024\/08\/21\/seis-em-cada-10-escolas-tem-regras-para-uso-do-celular-pelos-alunos\/#respond\"]}]},{\"@type\":\"WebPage\",\"@id\":\"https:\/\/jornalfatosenoticias.com.br\/index.php\/2024\/08\/21\/seis-em-cada-10-escolas-tem-regras-para-uso-do-celular-pelos-alunos\/\",\"url\":\"https:\/\/jornalfatosenoticias.com.br\/index.php\/2024\/08\/21\/seis-em-cada-10-escolas-tem-regras-para-uso-do-celular-pelos-alunos\/\",\"name\":\"Seis em cada 10 escolas t\u00eam regras para uso do celular pelos alunos - Jornal Fatos e Not\u00edcias\",\"isPartOf\":{\"@id\":\"https:\/\/jornalfatosenoticias.com.br\/#website\"},\"primaryImageOfPage\":{\"@id\":\"https:\/\/jornalfatosenoticias.com.br\/index.php\/2024\/08\/21\/seis-em-cada-10-escolas-tem-regras-para-uso-do-celular-pelos-alunos\/#primaryimage\"},\"image\":{\"@id\":\"https:\/\/jornalfatosenoticias.com.br\/index.php\/2024\/08\/21\/seis-em-cada-10-escolas-tem-regras-para-uso-do-celular-pelos-alunos\/#primaryimage\"},\"thumbnailUrl\":\"https:\/\/jornalfatosenoticias.com.br\/wp-content\/uploads\/2024\/08\/celular-sala-de-aula_istock.jpg\",\"datePublished\":\"2024-08-21T13:41:03+00:00\",\"dateModified\":\"2024-08-21T13:41:05+00:00\",\"breadcrumb\":{\"@id\":\"https:\/\/jornalfatosenoticias.com.br\/index.php\/2024\/08\/21\/seis-em-cada-10-escolas-tem-regras-para-uso-do-celular-pelos-alunos\/#breadcrumb\"},\"inLanguage\":\"pt-BR\",\"potentialAction\":[{\"@type\":\"ReadAction\",\"target\":[\"https:\/\/jornalfatosenoticias.com.br\/index.php\/2024\/08\/21\/seis-em-cada-10-escolas-tem-regras-para-uso-do-celular-pelos-alunos\/\"]}]},{\"@type\":\"ImageObject\",\"inLanguage\":\"pt-BR\",\"@id\":\"https:\/\/jornalfatosenoticias.com.br\/index.php\/2024\/08\/21\/seis-em-cada-10-escolas-tem-regras-para-uso-do-celular-pelos-alunos\/#primaryimage\",\"url\":\"https:\/\/jornalfatosenoticias.com.br\/wp-content\/uploads\/2024\/08\/celular-sala-de-aula_istock.jpg\",\"contentUrl\":\"https:\/\/jornalfatosenoticias.com.br\/wp-content\/uploads\/2024\/08\/celular-sala-de-aula_istock.jpg\",\"width\":612,\"height\":344,\"caption\":\"Gothenburg, Sweden - March 23, 2022: A man's hand holds a Iphone 13 Pro max with social media apps, against the background of a laptop. Blurred background. Selective focus.\"},{\"@type\":\"BreadcrumbList\",\"@id\":\"https:\/\/jornalfatosenoticias.com.br\/index.php\/2024\/08\/21\/seis-em-cada-10-escolas-tem-regras-para-uso-do-celular-pelos-alunos\/#breadcrumb\",\"itemListElement\":[{\"@type\":\"ListItem\",\"position\":1,\"name\":\"In\u00edcio\",\"item\":\"https:\/\/jornalfatosenoticias.com.br\/\"},{\"@type\":\"ListItem\",\"position\":2,\"name\":\"Seis em cada 10 escolas t\u00eam regras para uso do celular pelos alunos\"}]},{\"@type\":\"WebSite\",\"@id\":\"https:\/\/jornalfatosenoticias.com.br\/#website\",\"url\":\"https:\/\/jornalfatosenoticias.com.br\/\",\"name\":\"Jornal Fatos e Not\u00edcias\",\"description\":\"Not\u00edcias em geral\",\"publisher\":{\"@id\":\"https:\/\/jornalfatosenoticias.com.br\/#organization\"},\"potentialAction\":[{\"@type\":\"SearchAction\",\"target\":{\"@type\":\"EntryPoint\",\"urlTemplate\":\"https:\/\/jornalfatosenoticias.com.br\/?s={search_term_string}\"},\"query-input\":{\"@type\":\"PropertyValueSpecification\",\"valueRequired\":true,\"valueName\":\"search_term_string\"}}],\"inLanguage\":\"pt-BR\"},{\"@type\":\"Organization\",\"@id\":\"https:\/\/jornalfatosenoticias.com.br\/#organization\",\"name\":\"Jornal Fatos e Not\u00edcias\",\"url\":\"https:\/\/jornalfatosenoticias.com.br\/\",\"logo\":{\"@type\":\"ImageObject\",\"inLanguage\":\"pt-BR\",\"@id\":\"https:\/\/jornalfatosenoticias.com.br\/#\/schema\/logo\/image\/\",\"url\":\"https:\/\/jornalfatosenoticias.com.br\/wp-content\/uploads\/2020\/02\/logo120.png\",\"contentUrl\":\"https:\/\/jornalfatosenoticias.com.br\/wp-content\/uploads\/2020\/02\/logo120.png\",\"width\":1227,\"height\":120,\"caption\":\"Jornal Fatos e Not\u00edcias\"},\"image\":{\"@id\":\"https:\/\/jornalfatosenoticias.com.br\/#\/schema\/logo\/image\/\"}},{\"@type\":\"Person\",\"@id\":\"https:\/\/jornalfatosenoticias.com.br\/#\/schema\/person\/d63837fa13ac8666eb9e74e0985d6f81\",\"name\":\"Luzimara Fernandes\",\"image\":{\"@type\":\"ImageObject\",\"inLanguage\":\"pt-BR\",\"@id\":\"https:\/\/jornalfatosenoticias.com.br\/#\/schema\/person\/image\/\",\"url\":\"https:\/\/jornalfatosenoticias.com.br\/wp-content\/uploads\/2025\/05\/EU_portal.jpg\",\"contentUrl\":\"https:\/\/jornalfatosenoticias.com.br\/wp-content\/uploads\/2025\/05\/EU_portal.jpg\",\"caption\":\"Luzimara Fernandes\"},\"description\":\"Jornalista MTB 2358-ES\",\"sameAs\":[\"https:\/\/jornalfatosenoticias.com.br\"],\"url\":\"https:\/\/jornalfatosenoticias.com.br\/index.php\/author\/luzimara\/\"}]}<\/script>\n<!-- \/ Yoast SEO plugin. -->","yoast_head_json":{"title":"Seis em cada 10 escolas t\u00eam regras para uso do celular pelos alunos - Jornal Fatos e Not\u00edcias","robots":{"index":"index","follow":"follow","max-snippet":"max-snippet:-1","max-image-preview":"max-image-preview:large","max-video-preview":"max-video-preview:-1"},"canonical":"https:\/\/jornalfatosenoticias.com.br\/index.php\/2024\/08\/21\/seis-em-cada-10-escolas-tem-regras-para-uso-do-celular-pelos-alunos\/","og_locale":"pt_BR","og_type":"article","og_title":"Seis em cada 10 escolas t\u00eam regras para uso do celular pelos alunos - Jornal Fatos e Not\u00edcias","og_description":"Em 28% das escolas, uso do dispositivo por estudantes \u00e9 proibido Seis em cada dez escolas de ensino fundamental e m\u00e9dio adotam regras para uso do telefone celular pelos alunos, permitindo que o aparelho seja usado apenas em determinados espa\u00e7os e hor\u00e1rios. Em 28% das institui\u00e7\u00f5es educacionais, o uso do dispositivo pelos estudantes \u00e9 proibido, [&hellip;]","og_url":"https:\/\/jornalfatosenoticias.com.br\/index.php\/2024\/08\/21\/seis-em-cada-10-escolas-tem-regras-para-uso-do-celular-pelos-alunos\/","og_site_name":"Jornal Fatos e Not\u00edcias","article_published_time":"2024-08-21T13:41:03+00:00","article_modified_time":"2024-08-21T13:41:05+00:00","og_image":[{"width":612,"height":344,"url":"https:\/\/jornalfatosenoticias.com.br\/wp-content\/uploads\/2024\/08\/celular-sala-de-aula_istock.jpg","type":"image\/jpeg"}],"author":"Luzimara Fernandes","twitter_card":"summary_large_image","twitter_misc":{"Escrito por":"Luzimara Fernandes","Est. tempo de leitura":"4 minutos"},"schema":{"@context":"https:\/\/schema.org","@graph":[{"@type":"Article","@id":"https:\/\/jornalfatosenoticias.com.br\/index.php\/2024\/08\/21\/seis-em-cada-10-escolas-tem-regras-para-uso-do-celular-pelos-alunos\/#article","isPartOf":{"@id":"https:\/\/jornalfatosenoticias.com.br\/index.php\/2024\/08\/21\/seis-em-cada-10-escolas-tem-regras-para-uso-do-celular-pelos-alunos\/"},"author":{"name":"Luzimara Fernandes","@id":"https:\/\/jornalfatosenoticias.com.br\/#\/schema\/person\/d63837fa13ac8666eb9e74e0985d6f81"},"headline":"Seis em cada 10 escolas t\u00eam regras para uso do celular pelos alunos","datePublished":"2024-08-21T13:41:03+00:00","dateModified":"2024-08-21T13:41:05+00:00","mainEntityOfPage":{"@id":"https:\/\/jornalfatosenoticias.com.br\/index.php\/2024\/08\/21\/seis-em-cada-10-escolas-tem-regras-para-uso-do-celular-pelos-alunos\/"},"wordCount":745,"commentCount":0,"publisher":{"@id":"https:\/\/jornalfatosenoticias.com.br\/#organization"},"image":{"@id":"https:\/\/jornalfatosenoticias.com.br\/index.php\/2024\/08\/21\/seis-em-cada-10-escolas-tem-regras-para-uso-do-celular-pelos-alunos\/#primaryimage"},"thumbnailUrl":"https:\/\/jornalfatosenoticias.com.br\/wp-content\/uploads\/2024\/08\/celular-sala-de-aula_istock.jpg","keywords":["alunos","escolas","regras","uso do celular pelos alunos"],"articleSection":["Educa\u00e7\u00e3o"],"inLanguage":"pt-BR","potentialAction":[{"@type":"CommentAction","name":"Comment","target":["https:\/\/jornalfatosenoticias.com.br\/index.php\/2024\/08\/21\/seis-em-cada-10-escolas-tem-regras-para-uso-do-celular-pelos-alunos\/#respond"]}]},{"@type":"WebPage","@id":"https:\/\/jornalfatosenoticias.com.br\/index.php\/2024\/08\/21\/seis-em-cada-10-escolas-tem-regras-para-uso-do-celular-pelos-alunos\/","url":"https:\/\/jornalfatosenoticias.com.br\/index.php\/2024\/08\/21\/seis-em-cada-10-escolas-tem-regras-para-uso-do-celular-pelos-alunos\/","name":"Seis em cada 10 escolas t\u00eam regras para uso do celular pelos alunos - Jornal Fatos e Not\u00edcias","isPartOf":{"@id":"https:\/\/jornalfatosenoticias.com.br\/#website"},"primaryImageOfPage":{"@id":"https:\/\/jornalfatosenoticias.com.br\/index.php\/2024\/08\/21\/seis-em-cada-10-escolas-tem-regras-para-uso-do-celular-pelos-alunos\/#primaryimage"},"image":{"@id":"https:\/\/jornalfatosenoticias.com.br\/index.php\/2024\/08\/21\/seis-em-cada-10-escolas-tem-regras-para-uso-do-celular-pelos-alunos\/#primaryimage"},"thumbnailUrl":"https:\/\/jornalfatosenoticias.com.br\/wp-content\/uploads\/2024\/08\/celular-sala-de-aula_istock.jpg","datePublished":"2024-08-21T13:41:03+00:00","dateModified":"2024-08-21T13:41:05+00:00","breadcrumb":{"@id":"https:\/\/jornalfatosenoticias.com.br\/index.php\/2024\/08\/21\/seis-em-cada-10-escolas-tem-regras-para-uso-do-celular-pelos-alunos\/#breadcrumb"},"inLanguage":"pt-BR","potentialAction":[{"@type":"ReadAction","target":["https:\/\/jornalfatosenoticias.com.br\/index.php\/2024\/08\/21\/seis-em-cada-10-escolas-tem-regras-para-uso-do-celular-pelos-alunos\/"]}]},{"@type":"ImageObject","inLanguage":"pt-BR","@id":"https:\/\/jornalfatosenoticias.com.br\/index.php\/2024\/08\/21\/seis-em-cada-10-escolas-tem-regras-para-uso-do-celular-pelos-alunos\/#primaryimage","url":"https:\/\/jornalfatosenoticias.com.br\/wp-content\/uploads\/2024\/08\/celular-sala-de-aula_istock.jpg","contentUrl":"https:\/\/jornalfatosenoticias.com.br\/wp-content\/uploads\/2024\/08\/celular-sala-de-aula_istock.jpg","width":612,"height":344,"caption":"Gothenburg, Sweden - March 23, 2022: A man's hand holds a Iphone 13 Pro max with social media apps, against the background of a laptop. Blurred background. Selective focus."},{"@type":"BreadcrumbList","@id":"https:\/\/jornalfatosenoticias.com.br\/index.php\/2024\/08\/21\/seis-em-cada-10-escolas-tem-regras-para-uso-do-celular-pelos-alunos\/#breadcrumb","itemListElement":[{"@type":"ListItem","position":1,"name":"In\u00edcio","item":"https:\/\/jornalfatosenoticias.com.br\/"},{"@type":"ListItem","position":2,"name":"Seis em cada 10 escolas t\u00eam regras para uso do celular pelos alunos"}]},{"@type":"WebSite","@id":"https:\/\/jornalfatosenoticias.com.br\/#website","url":"https:\/\/jornalfatosenoticias.com.br\/","name":"Jornal Fatos e Not\u00edcias","description":"Not\u00edcias em geral","publisher":{"@id":"https:\/\/jornalfatosenoticias.com.br\/#organization"},"potentialAction":[{"@type":"SearchAction","target":{"@type":"EntryPoint","urlTemplate":"https:\/\/jornalfatosenoticias.com.br\/?s={search_term_string}"},"query-input":{"@type":"PropertyValueSpecification","valueRequired":true,"valueName":"search_term_string"}}],"inLanguage":"pt-BR"},{"@type":"Organization","@id":"https:\/\/jornalfatosenoticias.com.br\/#organization","name":"Jornal Fatos e Not\u00edcias","url":"https:\/\/jornalfatosenoticias.com.br\/","logo":{"@type":"ImageObject","inLanguage":"pt-BR","@id":"https:\/\/jornalfatosenoticias.com.br\/#\/schema\/logo\/image\/","url":"https:\/\/jornalfatosenoticias.com.br\/wp-content\/uploads\/2020\/02\/logo120.png","contentUrl":"https:\/\/jornalfatosenoticias.com.br\/wp-content\/uploads\/2020\/02\/logo120.png","width":1227,"height":120,"caption":"Jornal Fatos e Not\u00edcias"},"image":{"@id":"https:\/\/jornalfatosenoticias.com.br\/#\/schema\/logo\/image\/"}},{"@type":"Person","@id":"https:\/\/jornalfatosenoticias.com.br\/#\/schema\/person\/d63837fa13ac8666eb9e74e0985d6f81","name":"Luzimara Fernandes","image":{"@type":"ImageObject","inLanguage":"pt-BR","@id":"https:\/\/jornalfatosenoticias.com.br\/#\/schema\/person\/image\/","url":"https:\/\/jornalfatosenoticias.com.br\/wp-content\/uploads\/2025\/05\/EU_portal.jpg","contentUrl":"https:\/\/jornalfatosenoticias.com.br\/wp-content\/uploads\/2025\/05\/EU_portal.jpg","caption":"Luzimara Fernandes"},"description":"Jornalista MTB 2358-ES","sameAs":["https:\/\/jornalfatosenoticias.com.br"],"url":"https:\/\/jornalfatosenoticias.com.br\/index.php\/author\/luzimara\/"}]}},"cc_featured_image_caption":{"caption_text":"(Foto: iStock) ","source_text":"","source_url":""},"jetpack_featured_media_url":"https:\/\/jornalfatosenoticias.com.br\/wp-content\/uploads\/2024\/08\/celular-sala-de-aula_istock.jpg","_links":{"self":[{"href":"https:\/\/jornalfatosenoticias.com.br\/index.php\/wp-json\/wp\/v2\/posts\/53640","targetHints":{"allow":["GET"]}}],"collection":[{"href":"https:\/\/jornalfatosenoticias.com.br\/index.php\/wp-json\/wp\/v2\/posts"}],"about":[{"href":"https:\/\/jornalfatosenoticias.com.br\/index.php\/wp-json\/wp\/v2\/types\/post"}],"author":[{"embeddable":true,"href":"https:\/\/jornalfatosenoticias.com.br\/index.php\/wp-json\/wp\/v2\/users\/2"}],"replies":[{"embeddable":true,"href":"https:\/\/jornalfatosenoticias.com.br\/index.php\/wp-json\/wp\/v2\/comments?post=53640"}],"version-history":[{"count":0,"href":"https:\/\/jornalfatosenoticias.com.br\/index.php\/wp-json\/wp\/v2\/posts\/53640\/revisions"}],"wp:featuredmedia":[{"embeddable":true,"href":"https:\/\/jornalfatosenoticias.com.br\/index.php\/wp-json\/wp\/v2\/media\/53641"}],"wp:attachment":[{"href":"https:\/\/jornalfatosenoticias.com.br\/index.php\/wp-json\/wp\/v2\/media?parent=53640"}],"wp:term":[{"taxonomy":"category","embeddable":true,"href":"https:\/\/jornalfatosenoticias.com.br\/index.php\/wp-json\/wp\/v2\/categories?post=53640"},{"taxonomy":"post_tag","embeddable":true,"href":"https:\/\/jornalfatosenoticias.com.br\/index.php\/wp-json\/wp\/v2\/tags?post=53640"}],"curies":[{"name":"wp","href":"https:\/\/api.w.org\/{rel}","templated":true}]}}