{"id":53690,"date":"2024-08-22T16:15:39","date_gmt":"2024-08-22T19:15:39","guid":{"rendered":"https:\/\/jornalfatosenoticias.com.br\/?p=53690"},"modified":"2024-08-22T16:15:40","modified_gmt":"2024-08-22T19:15:40","slug":"a-historia-do-cambio-automatico","status":"publish","type":"post","link":"https:\/\/jornalfatosenoticias.com.br\/index.php\/2024\/08\/22\/a-historia-do-cambio-automatico\/","title":{"rendered":"A hist\u00f3ria do c\u00e2mbio autom\u00e1tico"},"content":{"rendered":"\n<div class=\"wp-block-image\"><figure class=\"aligncenter size-large\"><a href=\"https:\/\/www.instagram.com\/vmais.midias\/\"><img loading=\"lazy\" decoding=\"async\" width=\"1024\" height=\"110\" src=\"https:\/\/jornalfatosenoticias.com.br\/wp-content\/uploads\/2020\/02\/DE-MAIS-DESTAQUE-VMAIS-1120X120-1024x110.png\" alt=\"\" class=\"wp-image-53110\" srcset=\"https:\/\/jornalfatosenoticias.com.br\/wp-content\/uploads\/2020\/02\/DE-MAIS-DESTAQUE-VMAIS-1120X120-1024x110.png 1024w, https:\/\/jornalfatosenoticias.com.br\/wp-content\/uploads\/2020\/02\/DE-MAIS-DESTAQUE-VMAIS-1120X120-300x32.png 300w, https:\/\/jornalfatosenoticias.com.br\/wp-content\/uploads\/2020\/02\/DE-MAIS-DESTAQUE-VMAIS-1120X120-768x82.png 768w, https:\/\/jornalfatosenoticias.com.br\/wp-content\/uploads\/2020\/02\/DE-MAIS-DESTAQUE-VMAIS-1120X120.png 1120w\" sizes=\"auto, (max-width: 1024px) 100vw, 1024px\" \/><\/a><\/figure><\/div>\n\n\n\n<p>Antigamente carro confort\u00e1vel era sin\u00f4nimo de grandes dimens\u00f5es e motores superdimensionados, sonhos de consumo criados pelas montadoras de Detroit nos Estados Unidos. Mesmo com tantas mudan\u00e7as no mercado de hoje os carros norte-americanos continuam como desejados em \u00edcones como o Cadillac Eldorado, Chevrolet Bel Air e Impala, Ford Crown Victoria, Buick Electra, Chrysler Newport e tantos outros. Com conforto para dirigir, o c\u00e2mbio autom\u00e1tico \u00e9 item obrigat\u00f3rio, por assim dizer, em um carro americano. Mas de onde ele veio?<br>Pouca gente sabe que o c\u00e2mbio autom\u00e1tico teria sido idealizado por dois brasileiros. Curiosamente, a informa\u00e7\u00e3o veio \u00e0 tona de uma forma inusitada, mais precisamente na biografia do escritor Paulo Coelho, \u201cO Mago\u201d, escrita pelo jornalista Fernando Morais. Coelho contou ao jornalista a hist\u00f3ria de um tio-av\u00f4 que alegava ter criado esse tipo de c\u00e2mbio.<\/p>\n\n\n\n<div class=\"wp-block-image\"><figure class=\"aligncenter size-large is-resized\"><a href=\"https:\/\/www.instagram.com\/serra4x4cambioautomatico\/\"><img loading=\"lazy\" decoding=\"async\" src=\"https:\/\/jornalfatosenoticias.com.br\/wp-content\/uploads\/2024\/08\/Serra-4x4-1-886x1024.jpg\" alt=\"\" class=\"wp-image-53632\" width=\"335\" height=\"386\" srcset=\"https:\/\/jornalfatosenoticias.com.br\/wp-content\/uploads\/2024\/08\/Serra-4x4-1-886x1024.jpg 886w, https:\/\/jornalfatosenoticias.com.br\/wp-content\/uploads\/2024\/08\/Serra-4x4-1-260x300.jpg 260w, https:\/\/jornalfatosenoticias.com.br\/wp-content\/uploads\/2024\/08\/Serra-4x4-1-768x888.jpg 768w, https:\/\/jornalfatosenoticias.com.br\/wp-content\/uploads\/2024\/08\/Serra-4x4-1.jpg 1181w\" sizes=\"auto, (max-width: 335px) 100vw, 335px\" \/><\/a><\/figure><\/div>\n\n\n\n<p>A pr\u00f3pria fam\u00edlia acreditava tratar-se de uma lenda, j\u00e1 que seus parentes diziam que \u201ctio Jos\u00e9\u201d, como era carinhosamente chamado pela fam\u00edlia, \u201cvivia inventando coisas\u201d. Intrigado e fascinado, Fernando Morais resolveu investigar a veracidade desta vers\u00e3o. E descobriu que o tio-av\u00f4 de Paulo n\u00e3o estava mentindo daquela vez, apesar de algumas publica\u00e7\u00f5es americanas ignorarem tal hist\u00f3ria.<\/p>\n\n\n\n<div class=\"wp-block-image\"><figure class=\"aligncenter size-large\"><a href=\"http:\/\/www.ferrarimaquinas.com.br\/\"><img loading=\"lazy\" decoding=\"async\" width=\"300\" height=\"250\" src=\"https:\/\/jornalfatosenoticias.com.br\/wp-content\/uploads\/2022\/02\/FERRARI_MAQUINAS-E-FERRAMENTAS2.jpg\" alt=\"\" class=\"wp-image-27860\"\/><\/a><\/figure><\/div>\n\n\n\n<p>Segundo o jornalista, o engenheiro mec\u00e2nico Jos\u00e9 Braz Araripe teria inventado o c\u00e2mbio hidram\u00e1tico juntamente com Fernando Lemos. Depois de ter desenvolvido uma transmiss\u00e3o autom\u00e1tica com fluido hidr\u00e1ulico, Araripe teria viajado \u00e0 Detroit (EUA), onde apresentou seu invento \u00e0 General Motors em 1932.<br>Um outro tipo de transmiss\u00e3o autom\u00e1tica j\u00e1 havia sido criado anos antes no Canad\u00e1. O sistema, por\u00e9m, era pneum\u00e1tico, e carecia de pot\u00eancia e praticidade para ser produzido em s\u00e9rie.<\/p>\n\n\n\n<div class=\"wp-block-image\"><figure class=\"aligncenter size-large is-resized\"><a href=\"https:\/\/www.facebook.com\/postobkr\/?locale=pt_BR\"><img loading=\"lazy\" decoding=\"async\" src=\"https:\/\/jornalfatosenoticias.com.br\/wp-content\/uploads\/2023\/08\/BKR-1024x1021.jpg\" alt=\"\" class=\"wp-image-44494\" width=\"341\" height=\"340\" srcset=\"https:\/\/jornalfatosenoticias.com.br\/wp-content\/uploads\/2023\/08\/BKR-1024x1021.jpg 1024w, https:\/\/jornalfatosenoticias.com.br\/wp-content\/uploads\/2023\/08\/BKR-300x300.jpg 300w, https:\/\/jornalfatosenoticias.com.br\/wp-content\/uploads\/2023\/08\/BKR-150x150.jpg 150w, https:\/\/jornalfatosenoticias.com.br\/wp-content\/uploads\/2023\/08\/BKR-768x766.jpg 768w, https:\/\/jornalfatosenoticias.com.br\/wp-content\/uploads\/2023\/08\/BKR.jpg 1080w\" sizes=\"auto, (max-width: 341px) 100vw, 341px\" \/><\/a><\/figure><\/div>\n\n\n\n<p>A GM acabou se interessando pelo projeto dos brasileiros e prop\u00f4s duas ofertas: US$ 10 mil na hora ou US$ 1 por carro vendido com a tecnologia. Provavelmente sem ter ideia da capacidade de populariza\u00e7\u00e3o dos autom\u00f3veis (e de seu pr\u00f3prio invento), Jos\u00e9 escolheu a primeira op\u00e7\u00e3o.<\/p>\n\n\n\n<div class=\"wp-block-image\"><figure class=\"aligncenter size-large is-resized\"><a href=\"https:\/\/www.controlsystems.com.br\/\"><img loading=\"lazy\" decoding=\"async\" src=\"https:\/\/jornalfatosenoticias.com.br\/wp-content\/uploads\/2020\/02\/CONTROL-CS.jpg\" alt=\"\" class=\"wp-image-44991\" width=\"300\" height=\"360\" srcset=\"https:\/\/jornalfatosenoticias.com.br\/wp-content\/uploads\/2020\/02\/CONTROL-CS.jpg 834w, https:\/\/jornalfatosenoticias.com.br\/wp-content\/uploads\/2020\/02\/CONTROL-CS-250x300.jpg 250w, https:\/\/jornalfatosenoticias.com.br\/wp-content\/uploads\/2020\/02\/CONTROL-CS-768x921.jpg 768w\" sizes=\"auto, (max-width: 300px) 100vw, 300px\" \/><\/a><\/figure><\/div>\n\n\n\n<p>Fazendo a convers\u00e3o da moeda norte-americana em valores atualizados, descobrimos que os inventores levaram o equivalente a US$ 160 mil para casa. Em tempo, a inven\u00e7\u00e3o brasileira s\u00f3 chegaria \u00e0s ruas em 1939, quando a montadora apresentou uma tecnologia chamada \u201cHydra-Matic\u201d na linha 1940 dos modelos Oldsmobile. Por isso, que durante muito tempo \u2014 inclusive no Brasil \u2014 as pessoas costumavam chamar os ve\u00edculos com c\u00e2mbio autom\u00e1tico de \u201chidram\u00e1ticos\u201d.<\/p>\n\n\n\n<div class=\"wp-block-image\"><figure class=\"aligncenter size-large is-resized\"><img loading=\"lazy\" decoding=\"async\" src=\"https:\/\/jornalfatosenoticias.com.br\/wp-content\/uploads\/2022\/02\/Precisao-Contabilidade-1024x724.jpg\" alt=\"\" class=\"wp-image-28088\" width=\"347\" height=\"245\"\/><\/figure><\/div>\n\n\n\n<p>A Chrysler lan\u00e7aria logo em seguida, 1940, o Fluid Drive Transmission. Em 1951 foi a vez da Ford com o Ford-O-Matic. Nos anos 1950 a solu\u00e7\u00e3o chegaria aos populares Chevrolet com o nome Powerglide e que nos anos 1960 ganhou a terceira marcha. Em menos de 20 anos a evolu\u00e7\u00e3o dos carros dos Estados Unidos se deu por meio de um modelo autom\u00e1tico, prefer\u00eancia nacional. E h\u00e1 raz\u00f5es para isso. A propaganda desde 1940 apregoava que o c\u00e2mbio sem embreagem tornaria o exerc\u00edcio de guiar mais seguro ao manter as duas m\u00e3os no volante, sem as trocas de marcha. Tamb\u00e9m dizia que o fato de trocar as marchas muitas vezes al\u00e9m de cansar causava o desgaste prematuro do ve\u00edculo, com redu\u00e7\u00f5es e acelera\u00e7\u00f5es.<\/p>\n\n\n\n<div class=\"wp-block-image\"><figure class=\"aligncenter size-large is-resized\"><a href=\"https:\/\/panper.com.br\/\"><img loading=\"lazy\" decoding=\"async\" src=\"https:\/\/jornalfatosenoticias.com.br\/wp-content\/uploads\/2023\/03\/logo-Panper_portal.jpg\" alt=\"\" class=\"wp-image-40208\" width=\"319\" height=\"221\" srcset=\"https:\/\/jornalfatosenoticias.com.br\/wp-content\/uploads\/2023\/03\/logo-Panper_portal.jpg 400w, https:\/\/jornalfatosenoticias.com.br\/wp-content\/uploads\/2023\/03\/logo-Panper_portal-300x208.jpg 300w\" sizes=\"auto, (max-width: 319px) 100vw, 319px\" \/><\/a><\/figure><\/div>\n\n\n\n<p>E num pa\u00eds sob fortes investimentos na expans\u00e3o rodovi\u00e1ria, dirigir \u00e9 preciso, mas de forma suave. Assim, autom\u00e1ticos, com tra\u00e7\u00e3o traseira e grandes dimens\u00f5es, os carros autom\u00e1ticos se popularizaram r\u00e1pido. A partir dos anos 1940 n\u00e3o foram necess\u00e1rios nem 15 anos para que quase todo autom\u00f3vel americano tivesse transmiss\u00e3o autom\u00e1tica.<\/p>\n\n\n\n<div class=\"wp-block-image\"><figure class=\"aligncenter size-large is-resized\"><a href=\"https:\/\/www.facebook.com\/vetor.vix\/\"><img loading=\"lazy\" decoding=\"async\" src=\"https:\/\/jornalfatosenoticias.com.br\/wp-content\/uploads\/2023\/09\/vetorvix1024_1.jpg\" alt=\"\" class=\"wp-image-44868\" width=\"494\" height=\"131\" srcset=\"https:\/\/jornalfatosenoticias.com.br\/wp-content\/uploads\/2023\/09\/vetorvix1024_1.jpg 1024w, https:\/\/jornalfatosenoticias.com.br\/wp-content\/uploads\/2023\/09\/vetorvix1024_1-300x80.jpg 300w, https:\/\/jornalfatosenoticias.com.br\/wp-content\/uploads\/2023\/09\/vetorvix1024_1-768x205.jpg 768w\" sizes=\"auto, (max-width: 494px) 100vw, 494px\" \/><\/a><\/figure><\/div>\n\n\n\n<p>No Brasil, a fama de que o c\u00e2mbio autom\u00e1tico d\u00e1 manuten\u00e7\u00e3o e pela realidade de que consomem mais combust\u00edvel os fez ficar longe do nosso mercado a n\u00e3o ser em carros mais caros. Com o tr\u00e2nsito cada vez mais intenso, e a evolu\u00e7\u00e3o destas transmiss\u00f5es, o brasileiro finalmente acordou para perceber que no tr\u00e2nsito cotidiano s\u00f3 vale a pena trocar de marcha se o carro justificar isso. Em outras palavras s\u00f3 a bordo de um carro esportivo. Curiosamente, contribu\u00edmos muito para esta realidade. <\/p>\n\n\n\n<div class=\"wp-block-image\"><figure class=\"aligncenter size-large\"><img loading=\"lazy\" decoding=\"async\" width=\"1000\" height=\"590\" src=\"https:\/\/jornalfatosenoticias.com.br\/wp-content\/uploads\/2024\/08\/Toyota-corolla-hatch-xs-1.5-automatico.jpg\" alt=\"\" class=\"wp-image-53691\" srcset=\"https:\/\/jornalfatosenoticias.com.br\/wp-content\/uploads\/2024\/08\/Toyota-corolla-hatch-xs-1.5-automatico.jpg 1000w, https:\/\/jornalfatosenoticias.com.br\/wp-content\/uploads\/2024\/08\/Toyota-corolla-hatch-xs-1.5-automatico-300x177.jpg 300w, https:\/\/jornalfatosenoticias.com.br\/wp-content\/uploads\/2024\/08\/Toyota-corolla-hatch-xs-1.5-automatico-768x453.jpg 768w\" sizes=\"auto, (max-width: 1000px) 100vw, 1000px\" \/><figcaption><em><span class=\"has-inline-color has-black-color\">Toyota Corolla (Fonte: Vrum)<\/span><\/em><\/figcaption><\/figure><\/div>\n\n\n\n<p>A primeira transmiss\u00e3o autom\u00e1tica foi patenteada em 1904, mas s\u00f3 em 1930 se tornou mecanicamente vi\u00e1vel para um autom\u00f3vel. Fernando Iehly de Lemos e Jos\u00e9 Braz Araripe aprimoraram o sistema e venderam a solu\u00e7\u00e3o \u00e0 GM em 1932. O resto da hist\u00f3ria eu j\u00e1 contei no in\u00edcio desta reportagem. Quer descansar o p\u00e9 esquerdo e comprar um caro autom\u00e1tico?<\/p>\n\n\n\n<p><strong><em>Fonte: <a href=\"https:\/\/megaveiculosjf.com.br\/blog\/historia-do-cambio-automatico\/#:~:text=A%20primeira%20transmiss%C3%A3o%20autom%C3%A1tica%20foi,solu%C3%A7%C3%A3o%20%C3%A0%20GM%20em%201932\">Mega ve\u00edculos<\/a><\/em><\/strong><\/p>\n","protected":false},"excerpt":{"rendered":"<p>Antigamente carro confort\u00e1vel era sin\u00f4nimo de grandes dimens\u00f5es e motores superdimensionados, sonhos de consumo criados pelas montadoras de Detroit nos Estados Unidos. Mesmo com tantas mudan\u00e7as no mercado de hoje os carros norte-americanos continuam como desejados em \u00edcones como o Cadillac Eldorado, Chevrolet Bel Air e Impala, Ford Crown Victoria, Buick Electra, Chrysler Newport e [&hellip;]<\/p>\n","protected":false},"author":3,"featured_media":53692,"comment_status":"open","ping_status":"open","sticky":false,"template":"","format":"standard","meta":{"footnotes":""},"categories":[5],"tags":[19628,24468,6044,804],"class_list":["post-53690","post","type-post","status-publish","format-standard","has-post-thumbnail","hentry","category-geral","tag-cambio","tag-cambio-automatico","tag-carro","tag-veiculos"],"yoast_head":"<!-- This site is optimized with the Yoast SEO plugin v26.5 - https:\/\/yoast.com\/wordpress\/plugins\/seo\/ -->\n<title>A hist\u00f3ria do c\u00e2mbio autom\u00e1tico - Jornal Fatos e Not\u00edcias<\/title>\n<meta name=\"robots\" content=\"index, follow, max-snippet:-1, max-image-preview:large, max-video-preview:-1\" \/>\n<link rel=\"canonical\" href=\"https:\/\/jornalfatosenoticias.com.br\/index.php\/2024\/08\/22\/a-historia-do-cambio-automatico\/\" \/>\n<meta property=\"og:locale\" content=\"pt_BR\" \/>\n<meta property=\"og:type\" content=\"article\" \/>\n<meta property=\"og:title\" content=\"A hist\u00f3ria do c\u00e2mbio autom\u00e1tico - Jornal Fatos e Not\u00edcias\" \/>\n<meta property=\"og:description\" content=\"Antigamente carro confort\u00e1vel era sin\u00f4nimo de grandes dimens\u00f5es e motores superdimensionados, sonhos de consumo criados pelas montadoras de Detroit nos Estados Unidos. Mesmo com tantas mudan\u00e7as no mercado de hoje os carros norte-americanos continuam como desejados em \u00edcones como o Cadillac Eldorado, Chevrolet Bel Air e Impala, Ford Crown Victoria, Buick Electra, Chrysler Newport e [&hellip;]\" \/>\n<meta property=\"og:url\" content=\"https:\/\/jornalfatosenoticias.com.br\/index.php\/2024\/08\/22\/a-historia-do-cambio-automatico\/\" \/>\n<meta property=\"og:site_name\" content=\"Jornal Fatos e Not\u00edcias\" \/>\n<meta property=\"article:published_time\" content=\"2024-08-22T19:15:39+00:00\" \/>\n<meta property=\"article:modified_time\" content=\"2024-08-22T19:15:40+00:00\" \/>\n<meta property=\"og:image\" content=\"https:\/\/jornalfatosenoticias.com.br\/wp-content\/uploads\/2024\/08\/Cambio-automatico-01.jpg\" \/>\n\t<meta property=\"og:image:width\" content=\"732\" \/>\n\t<meta property=\"og:image:height\" content=\"488\" \/>\n\t<meta property=\"og:image:type\" content=\"image\/jpeg\" \/>\n<meta name=\"author\" content=\"Haroldo Filho\" \/>\n<meta name=\"twitter:card\" content=\"summary_large_image\" \/>\n<meta name=\"twitter:label1\" content=\"Escrito por\" \/>\n\t<meta name=\"twitter:data1\" content=\"Haroldo Filho\" \/>\n\t<meta name=\"twitter:label2\" content=\"Est. tempo de leitura\" \/>\n\t<meta name=\"twitter:data2\" content=\"4 minutos\" \/>\n<script type=\"application\/ld+json\" class=\"yoast-schema-graph\">{\"@context\":\"https:\/\/schema.org\",\"@graph\":[{\"@type\":\"Article\",\"@id\":\"https:\/\/jornalfatosenoticias.com.br\/index.php\/2024\/08\/22\/a-historia-do-cambio-automatico\/#article\",\"isPartOf\":{\"@id\":\"https:\/\/jornalfatosenoticias.com.br\/index.php\/2024\/08\/22\/a-historia-do-cambio-automatico\/\"},\"author\":{\"name\":\"Haroldo Filho\",\"@id\":\"https:\/\/jornalfatosenoticias.com.br\/#\/schema\/person\/05c46cc25b42a5c27e004fb0fa6b4965\"},\"headline\":\"A hist\u00f3ria do c\u00e2mbio autom\u00e1tico\",\"datePublished\":\"2024-08-22T19:15:39+00:00\",\"dateModified\":\"2024-08-22T19:15:40+00:00\",\"mainEntityOfPage\":{\"@id\":\"https:\/\/jornalfatosenoticias.com.br\/index.php\/2024\/08\/22\/a-historia-do-cambio-automatico\/\"},\"wordCount\":772,\"commentCount\":0,\"publisher\":{\"@id\":\"https:\/\/jornalfatosenoticias.com.br\/#organization\"},\"image\":{\"@id\":\"https:\/\/jornalfatosenoticias.com.br\/index.php\/2024\/08\/22\/a-historia-do-cambio-automatico\/#primaryimage\"},\"thumbnailUrl\":\"https:\/\/jornalfatosenoticias.com.br\/wp-content\/uploads\/2024\/08\/Cambio-automatico-01.jpg\",\"keywords\":[\"c\u00e2mbio\",\"c\u00e2mbio autom\u00e1tico\",\"carro\",\"ve\u00edculos\"],\"articleSection\":[\"Geral\"],\"inLanguage\":\"pt-BR\",\"potentialAction\":[{\"@type\":\"CommentAction\",\"name\":\"Comment\",\"target\":[\"https:\/\/jornalfatosenoticias.com.br\/index.php\/2024\/08\/22\/a-historia-do-cambio-automatico\/#respond\"]}]},{\"@type\":\"WebPage\",\"@id\":\"https:\/\/jornalfatosenoticias.com.br\/index.php\/2024\/08\/22\/a-historia-do-cambio-automatico\/\",\"url\":\"https:\/\/jornalfatosenoticias.com.br\/index.php\/2024\/08\/22\/a-historia-do-cambio-automatico\/\",\"name\":\"A hist\u00f3ria do c\u00e2mbio autom\u00e1tico - Jornal Fatos e Not\u00edcias\",\"isPartOf\":{\"@id\":\"https:\/\/jornalfatosenoticias.com.br\/#website\"},\"primaryImageOfPage\":{\"@id\":\"https:\/\/jornalfatosenoticias.com.br\/index.php\/2024\/08\/22\/a-historia-do-cambio-automatico\/#primaryimage\"},\"image\":{\"@id\":\"https:\/\/jornalfatosenoticias.com.br\/index.php\/2024\/08\/22\/a-historia-do-cambio-automatico\/#primaryimage\"},\"thumbnailUrl\":\"https:\/\/jornalfatosenoticias.com.br\/wp-content\/uploads\/2024\/08\/Cambio-automatico-01.jpg\",\"datePublished\":\"2024-08-22T19:15:39+00:00\",\"dateModified\":\"2024-08-22T19:15:40+00:00\",\"breadcrumb\":{\"@id\":\"https:\/\/jornalfatosenoticias.com.br\/index.php\/2024\/08\/22\/a-historia-do-cambio-automatico\/#breadcrumb\"},\"inLanguage\":\"pt-BR\",\"potentialAction\":[{\"@type\":\"ReadAction\",\"target\":[\"https:\/\/jornalfatosenoticias.com.br\/index.php\/2024\/08\/22\/a-historia-do-cambio-automatico\/\"]}]},{\"@type\":\"ImageObject\",\"inLanguage\":\"pt-BR\",\"@id\":\"https:\/\/jornalfatosenoticias.com.br\/index.php\/2024\/08\/22\/a-historia-do-cambio-automatico\/#primaryimage\",\"url\":\"https:\/\/jornalfatosenoticias.com.br\/wp-content\/uploads\/2024\/08\/Cambio-automatico-01.jpg\",\"contentUrl\":\"https:\/\/jornalfatosenoticias.com.br\/wp-content\/uploads\/2024\/08\/Cambio-automatico-01.jpg\",\"width\":732,\"height\":488},{\"@type\":\"BreadcrumbList\",\"@id\":\"https:\/\/jornalfatosenoticias.com.br\/index.php\/2024\/08\/22\/a-historia-do-cambio-automatico\/#breadcrumb\",\"itemListElement\":[{\"@type\":\"ListItem\",\"position\":1,\"name\":\"In\u00edcio\",\"item\":\"https:\/\/jornalfatosenoticias.com.br\/\"},{\"@type\":\"ListItem\",\"position\":2,\"name\":\"A hist\u00f3ria do c\u00e2mbio autom\u00e1tico\"}]},{\"@type\":\"WebSite\",\"@id\":\"https:\/\/jornalfatosenoticias.com.br\/#website\",\"url\":\"https:\/\/jornalfatosenoticias.com.br\/\",\"name\":\"Jornal Fatos e Not\u00edcias\",\"description\":\"Not\u00edcias em geral\",\"publisher\":{\"@id\":\"https:\/\/jornalfatosenoticias.com.br\/#organization\"},\"potentialAction\":[{\"@type\":\"SearchAction\",\"target\":{\"@type\":\"EntryPoint\",\"urlTemplate\":\"https:\/\/jornalfatosenoticias.com.br\/?s={search_term_string}\"},\"query-input\":{\"@type\":\"PropertyValueSpecification\",\"valueRequired\":true,\"valueName\":\"search_term_string\"}}],\"inLanguage\":\"pt-BR\"},{\"@type\":\"Organization\",\"@id\":\"https:\/\/jornalfatosenoticias.com.br\/#organization\",\"name\":\"Jornal Fatos e Not\u00edcias\",\"url\":\"https:\/\/jornalfatosenoticias.com.br\/\",\"logo\":{\"@type\":\"ImageObject\",\"inLanguage\":\"pt-BR\",\"@id\":\"https:\/\/jornalfatosenoticias.com.br\/#\/schema\/logo\/image\/\",\"url\":\"https:\/\/jornalfatosenoticias.com.br\/wp-content\/uploads\/2020\/02\/logo120.png\",\"contentUrl\":\"https:\/\/jornalfatosenoticias.com.br\/wp-content\/uploads\/2020\/02\/logo120.png\",\"width\":1227,\"height\":120,\"caption\":\"Jornal Fatos e Not\u00edcias\"},\"image\":{\"@id\":\"https:\/\/jornalfatosenoticias.com.br\/#\/schema\/logo\/image\/\"}},{\"@type\":\"Person\",\"@id\":\"https:\/\/jornalfatosenoticias.com.br\/#\/schema\/person\/05c46cc25b42a5c27e004fb0fa6b4965\",\"name\":\"Haroldo Filho\",\"image\":{\"@type\":\"ImageObject\",\"inLanguage\":\"pt-BR\",\"@id\":\"https:\/\/jornalfatosenoticias.com.br\/#\/schema\/person\/image\/\",\"url\":\"https:\/\/jornalfatosenoticias.com.br\/wp-content\/uploads\/2025\/08\/WhatsApp-Image-2025-08-18-at-15.30.28-150x150.jpeg\",\"contentUrl\":\"https:\/\/jornalfatosenoticias.com.br\/wp-content\/uploads\/2025\/08\/WhatsApp-Image-2025-08-18-at-15.30.28-150x150.jpeg\",\"caption\":\"Haroldo Filho\"},\"description\":\"Jornalista \u2013 DRT: 0003818\/ES Coordenador-geral da ONG Educar para Crescer\",\"url\":\"https:\/\/jornalfatosenoticias.com.br\/index.php\/author\/haroldo\/\"}]}<\/script>\n<!-- \/ Yoast SEO plugin. -->","yoast_head_json":{"title":"A hist\u00f3ria do c\u00e2mbio autom\u00e1tico - Jornal Fatos e Not\u00edcias","robots":{"index":"index","follow":"follow","max-snippet":"max-snippet:-1","max-image-preview":"max-image-preview:large","max-video-preview":"max-video-preview:-1"},"canonical":"https:\/\/jornalfatosenoticias.com.br\/index.php\/2024\/08\/22\/a-historia-do-cambio-automatico\/","og_locale":"pt_BR","og_type":"article","og_title":"A hist\u00f3ria do c\u00e2mbio autom\u00e1tico - Jornal Fatos e Not\u00edcias","og_description":"Antigamente carro confort\u00e1vel era sin\u00f4nimo de grandes dimens\u00f5es e motores superdimensionados, sonhos de consumo criados pelas montadoras de Detroit nos Estados Unidos. Mesmo com tantas mudan\u00e7as no mercado de hoje os carros norte-americanos continuam como desejados em \u00edcones como o Cadillac Eldorado, Chevrolet Bel Air e Impala, Ford Crown Victoria, Buick Electra, Chrysler Newport e [&hellip;]","og_url":"https:\/\/jornalfatosenoticias.com.br\/index.php\/2024\/08\/22\/a-historia-do-cambio-automatico\/","og_site_name":"Jornal Fatos e Not\u00edcias","article_published_time":"2024-08-22T19:15:39+00:00","article_modified_time":"2024-08-22T19:15:40+00:00","og_image":[{"width":732,"height":488,"url":"https:\/\/jornalfatosenoticias.com.br\/wp-content\/uploads\/2024\/08\/Cambio-automatico-01.jpg","type":"image\/jpeg"}],"author":"Haroldo Filho","twitter_card":"summary_large_image","twitter_misc":{"Escrito por":"Haroldo Filho","Est. tempo de leitura":"4 minutos"},"schema":{"@context":"https:\/\/schema.org","@graph":[{"@type":"Article","@id":"https:\/\/jornalfatosenoticias.com.br\/index.php\/2024\/08\/22\/a-historia-do-cambio-automatico\/#article","isPartOf":{"@id":"https:\/\/jornalfatosenoticias.com.br\/index.php\/2024\/08\/22\/a-historia-do-cambio-automatico\/"},"author":{"name":"Haroldo Filho","@id":"https:\/\/jornalfatosenoticias.com.br\/#\/schema\/person\/05c46cc25b42a5c27e004fb0fa6b4965"},"headline":"A hist\u00f3ria do c\u00e2mbio autom\u00e1tico","datePublished":"2024-08-22T19:15:39+00:00","dateModified":"2024-08-22T19:15:40+00:00","mainEntityOfPage":{"@id":"https:\/\/jornalfatosenoticias.com.br\/index.php\/2024\/08\/22\/a-historia-do-cambio-automatico\/"},"wordCount":772,"commentCount":0,"publisher":{"@id":"https:\/\/jornalfatosenoticias.com.br\/#organization"},"image":{"@id":"https:\/\/jornalfatosenoticias.com.br\/index.php\/2024\/08\/22\/a-historia-do-cambio-automatico\/#primaryimage"},"thumbnailUrl":"https:\/\/jornalfatosenoticias.com.br\/wp-content\/uploads\/2024\/08\/Cambio-automatico-01.jpg","keywords":["c\u00e2mbio","c\u00e2mbio autom\u00e1tico","carro","ve\u00edculos"],"articleSection":["Geral"],"inLanguage":"pt-BR","potentialAction":[{"@type":"CommentAction","name":"Comment","target":["https:\/\/jornalfatosenoticias.com.br\/index.php\/2024\/08\/22\/a-historia-do-cambio-automatico\/#respond"]}]},{"@type":"WebPage","@id":"https:\/\/jornalfatosenoticias.com.br\/index.php\/2024\/08\/22\/a-historia-do-cambio-automatico\/","url":"https:\/\/jornalfatosenoticias.com.br\/index.php\/2024\/08\/22\/a-historia-do-cambio-automatico\/","name":"A hist\u00f3ria do c\u00e2mbio autom\u00e1tico - Jornal Fatos e Not\u00edcias","isPartOf":{"@id":"https:\/\/jornalfatosenoticias.com.br\/#website"},"primaryImageOfPage":{"@id":"https:\/\/jornalfatosenoticias.com.br\/index.php\/2024\/08\/22\/a-historia-do-cambio-automatico\/#primaryimage"},"image":{"@id":"https:\/\/jornalfatosenoticias.com.br\/index.php\/2024\/08\/22\/a-historia-do-cambio-automatico\/#primaryimage"},"thumbnailUrl":"https:\/\/jornalfatosenoticias.com.br\/wp-content\/uploads\/2024\/08\/Cambio-automatico-01.jpg","datePublished":"2024-08-22T19:15:39+00:00","dateModified":"2024-08-22T19:15:40+00:00","breadcrumb":{"@id":"https:\/\/jornalfatosenoticias.com.br\/index.php\/2024\/08\/22\/a-historia-do-cambio-automatico\/#breadcrumb"},"inLanguage":"pt-BR","potentialAction":[{"@type":"ReadAction","target":["https:\/\/jornalfatosenoticias.com.br\/index.php\/2024\/08\/22\/a-historia-do-cambio-automatico\/"]}]},{"@type":"ImageObject","inLanguage":"pt-BR","@id":"https:\/\/jornalfatosenoticias.com.br\/index.php\/2024\/08\/22\/a-historia-do-cambio-automatico\/#primaryimage","url":"https:\/\/jornalfatosenoticias.com.br\/wp-content\/uploads\/2024\/08\/Cambio-automatico-01.jpg","contentUrl":"https:\/\/jornalfatosenoticias.com.br\/wp-content\/uploads\/2024\/08\/Cambio-automatico-01.jpg","width":732,"height":488},{"@type":"BreadcrumbList","@id":"https:\/\/jornalfatosenoticias.com.br\/index.php\/2024\/08\/22\/a-historia-do-cambio-automatico\/#breadcrumb","itemListElement":[{"@type":"ListItem","position":1,"name":"In\u00edcio","item":"https:\/\/jornalfatosenoticias.com.br\/"},{"@type":"ListItem","position":2,"name":"A hist\u00f3ria do c\u00e2mbio autom\u00e1tico"}]},{"@type":"WebSite","@id":"https:\/\/jornalfatosenoticias.com.br\/#website","url":"https:\/\/jornalfatosenoticias.com.br\/","name":"Jornal Fatos e Not\u00edcias","description":"Not\u00edcias em geral","publisher":{"@id":"https:\/\/jornalfatosenoticias.com.br\/#organization"},"potentialAction":[{"@type":"SearchAction","target":{"@type":"EntryPoint","urlTemplate":"https:\/\/jornalfatosenoticias.com.br\/?s={search_term_string}"},"query-input":{"@type":"PropertyValueSpecification","valueRequired":true,"valueName":"search_term_string"}}],"inLanguage":"pt-BR"},{"@type":"Organization","@id":"https:\/\/jornalfatosenoticias.com.br\/#organization","name":"Jornal Fatos e Not\u00edcias","url":"https:\/\/jornalfatosenoticias.com.br\/","logo":{"@type":"ImageObject","inLanguage":"pt-BR","@id":"https:\/\/jornalfatosenoticias.com.br\/#\/schema\/logo\/image\/","url":"https:\/\/jornalfatosenoticias.com.br\/wp-content\/uploads\/2020\/02\/logo120.png","contentUrl":"https:\/\/jornalfatosenoticias.com.br\/wp-content\/uploads\/2020\/02\/logo120.png","width":1227,"height":120,"caption":"Jornal Fatos e Not\u00edcias"},"image":{"@id":"https:\/\/jornalfatosenoticias.com.br\/#\/schema\/logo\/image\/"}},{"@type":"Person","@id":"https:\/\/jornalfatosenoticias.com.br\/#\/schema\/person\/05c46cc25b42a5c27e004fb0fa6b4965","name":"Haroldo Filho","image":{"@type":"ImageObject","inLanguage":"pt-BR","@id":"https:\/\/jornalfatosenoticias.com.br\/#\/schema\/person\/image\/","url":"https:\/\/jornalfatosenoticias.com.br\/wp-content\/uploads\/2025\/08\/WhatsApp-Image-2025-08-18-at-15.30.28-150x150.jpeg","contentUrl":"https:\/\/jornalfatosenoticias.com.br\/wp-content\/uploads\/2025\/08\/WhatsApp-Image-2025-08-18-at-15.30.28-150x150.jpeg","caption":"Haroldo Filho"},"description":"Jornalista \u2013 DRT: 0003818\/ES Coordenador-geral da ONG Educar para Crescer","url":"https:\/\/jornalfatosenoticias.com.br\/index.php\/author\/haroldo\/"}]}},"cc_featured_image_caption":{"caption_text":"(Foto: Auto Papo)","source_text":"","source_url":""},"jetpack_featured_media_url":"https:\/\/jornalfatosenoticias.com.br\/wp-content\/uploads\/2024\/08\/Cambio-automatico-01.jpg","_links":{"self":[{"href":"https:\/\/jornalfatosenoticias.com.br\/index.php\/wp-json\/wp\/v2\/posts\/53690","targetHints":{"allow":["GET"]}}],"collection":[{"href":"https:\/\/jornalfatosenoticias.com.br\/index.php\/wp-json\/wp\/v2\/posts"}],"about":[{"href":"https:\/\/jornalfatosenoticias.com.br\/index.php\/wp-json\/wp\/v2\/types\/post"}],"author":[{"embeddable":true,"href":"https:\/\/jornalfatosenoticias.com.br\/index.php\/wp-json\/wp\/v2\/users\/3"}],"replies":[{"embeddable":true,"href":"https:\/\/jornalfatosenoticias.com.br\/index.php\/wp-json\/wp\/v2\/comments?post=53690"}],"version-history":[{"count":0,"href":"https:\/\/jornalfatosenoticias.com.br\/index.php\/wp-json\/wp\/v2\/posts\/53690\/revisions"}],"wp:featuredmedia":[{"embeddable":true,"href":"https:\/\/jornalfatosenoticias.com.br\/index.php\/wp-json\/wp\/v2\/media\/53692"}],"wp:attachment":[{"href":"https:\/\/jornalfatosenoticias.com.br\/index.php\/wp-json\/wp\/v2\/media?parent=53690"}],"wp:term":[{"taxonomy":"category","embeddable":true,"href":"https:\/\/jornalfatosenoticias.com.br\/index.php\/wp-json\/wp\/v2\/categories?post=53690"},{"taxonomy":"post_tag","embeddable":true,"href":"https:\/\/jornalfatosenoticias.com.br\/index.php\/wp-json\/wp\/v2\/tags?post=53690"}],"curies":[{"name":"wp","href":"https:\/\/api.w.org\/{rel}","templated":true}]}}