{"id":53694,"date":"2024-08-22T16:47:43","date_gmt":"2024-08-22T19:47:43","guid":{"rendered":"https:\/\/jornalfatosenoticias.com.br\/?p=53694"},"modified":"2024-08-22T16:47:46","modified_gmt":"2024-08-22T19:47:46","slug":"a-semana-no-brasil-e-no-mundo-processo-sigiloso-expoe-erros-e-contradicoes-de-moraes-no-uso-de-orgao-do-tse-diz-folha","status":"publish","type":"post","link":"https:\/\/jornalfatosenoticias.com.br\/index.php\/2024\/08\/22\/a-semana-no-brasil-e-no-mundo-processo-sigiloso-expoe-erros-e-contradicoes-de-moraes-no-uso-de-orgao-do-tse-diz-folha\/","title":{"rendered":"A Semana no Brasil e no Mundo \u2014 Processo sigiloso exp\u00f5e erros e contradi\u00e7\u00f5es de Moraes no uso de \u00f3rg\u00e3o do TSE, diz Folha"},"content":{"rendered":"\n<div class=\"wp-block-image\"><figure class=\"aligncenter size-large\"><a href=\"https:\/\/mizu.com.br\/\"><img loading=\"lazy\" decoding=\"async\" width=\"729\" height=\"90\" src=\"https:\/\/jornalfatosenoticias.com.br\/wp-content\/uploads\/2020\/02\/Logo_Mizu.png\" alt=\"\" class=\"wp-image-1441\" srcset=\"https:\/\/jornalfatosenoticias.com.br\/wp-content\/uploads\/2020\/02\/Logo_Mizu.png 729w, https:\/\/jornalfatosenoticias.com.br\/wp-content\/uploads\/2020\/02\/Logo_Mizu-300x37.png 300w\" sizes=\"auto, (max-width: 729px) 100vw, 729px\" \/><\/a><\/figure><\/div>\n\n\n\n<p>Segundo uma nova revela\u00e7\u00e3o do jornal <em>Folha de S. Paulo<\/em>, um processo mantido em sigilo por quase dois anos contra o ex-deputado estadual Homero Marchese, cujas redes sociais foram bloqueadas por ordem do ministro Alexandre de Moraes, revela erros cr\u00edticos, o uso informal do \u00f3rg\u00e3o de combate \u00e0 desinforma\u00e7\u00e3o do Tribunal Superior Eleitoral (TSE) e contradi\u00e7\u00f5es nas explica\u00e7\u00f5es fornecidas pelo pr\u00f3prio ministro ap\u00f3s a divulga\u00e7\u00e3o das primeiras reportagens sobre o caso.<br>O caso em quest\u00e3o destaca como um pedido de apura\u00e7\u00e3o, feito por Moraes atrav\u00e9s de seu gabinete, foi oficialmente registrado como uma den\u00fancia \u201can\u00f4nima\u201d. Al\u00e9m disso, exp\u00f5e o modo como o TSE foi utilizado para fornecer material a inqu\u00e9ritos criminais em andamento contra bolsonaristas.<\/p>\n\n\n\n<div class=\"wp-block-image\"><figure class=\"aligncenter size-large is-resized\"><a href=\"https:\/\/www.instagram.com\/serra4x4cambioautomatico\/\"><img loading=\"lazy\" decoding=\"async\" src=\"https:\/\/jornalfatosenoticias.com.br\/wp-content\/uploads\/2024\/08\/Serra-4x4-1-886x1024.jpg\" alt=\"\" class=\"wp-image-53632\" width=\"318\" height=\"368\" srcset=\"https:\/\/jornalfatosenoticias.com.br\/wp-content\/uploads\/2024\/08\/Serra-4x4-1-886x1024.jpg 886w, https:\/\/jornalfatosenoticias.com.br\/wp-content\/uploads\/2024\/08\/Serra-4x4-1-260x300.jpg 260w, https:\/\/jornalfatosenoticias.com.br\/wp-content\/uploads\/2024\/08\/Serra-4x4-1-768x888.jpg 768w, https:\/\/jornalfatosenoticias.com.br\/wp-content\/uploads\/2024\/08\/Serra-4x4-1.jpg 1181w\" sizes=\"auto, (max-width: 318px) 100vw, 318px\" \/><\/a><\/figure><\/div>\n\n\n\n<p>Procurado por meio de sua assessoria e informado sobre o teor da reportagem, o ministro do Supremo Tribunal Federal (STF) optou por n\u00e3o se manifestar. A origem do caso remonta a um s\u00e1bado, 12 de novembro de 2022, logo ap\u00f3s o fim das elei\u00e7\u00f5es. Naquela noite, segundo mensagens obtidas pela <em>Folha de S. Paulo<\/em>, houve uma troca de di\u00e1logos via WhatsApp entre o juiz Airton Vieira, bra\u00e7o direito de Moraes no STF, e Eduardo Tagliaferro, ent\u00e3o chefe da Assessoria Especial de Enfrentamento \u00e0 Desinforma\u00e7\u00e3o (AEED) do TSE.<\/p>\n\n\n\n<div class=\"wp-block-image\"><figure class=\"aligncenter size-large is-resized\"><a href=\"https:\/\/hotelmarquetti.com.br\/\"><img loading=\"lazy\" decoding=\"async\" src=\"https:\/\/jornalfatosenoticias.com.br\/wp-content\/uploads\/2023\/03\/nova-logo-Marquetti.jpg\" alt=\"\" class=\"wp-image-40207\" width=\"314\" height=\"211\" srcset=\"https:\/\/jornalfatosenoticias.com.br\/wp-content\/uploads\/2023\/03\/nova-logo-Marquetti.jpg 643w, https:\/\/jornalfatosenoticias.com.br\/wp-content\/uploads\/2023\/03\/nova-logo-Marquetti-300x202.jpg 300w\" sizes=\"auto, (max-width: 314px) 100vw, 314px\" \/><\/a><\/figure><\/div>\n\n\n\n<p>\u00c0s 22h02 daquele dia, Airton Vieira enviou tr\u00eas arquivos para Tagliaferro, contendo informa\u00e7\u00f5es sobre manifesta\u00e7\u00f5es planejadas contra ministros do STF em Nova York, nos dias 14 e 15 de novembro, durante um evento promovido pelo grupo Lide, do ex-governador Jo\u00e3o Doria. Um dos arquivos era um v\u00eddeo que destacava a localiza\u00e7\u00e3o do hotel onde os ministros se hospedariam, acompanhado por dois posts, um com o endere\u00e7o do hotel e outro com o an\u00fancio do evento junto da frase: <em><span class=\"has-inline-color has-black-color\">\u201cM\u00e1fia Brasileira. Eduardo, por favor, consegue identificar? E bloquear? O Ministro pediu\u2026 Obrigado\u201d, escreveu Vieira<\/span><\/em>.<\/p>\n\n\n\n<div class=\"wp-block-image\"><figure class=\"aligncenter size-large is-resized\"><a href=\"https:\/\/www.controlsystems.com.br\/\"><img loading=\"lazy\" decoding=\"async\" src=\"https:\/\/jornalfatosenoticias.com.br\/wp-content\/uploads\/2020\/02\/CONTROL-CS.jpg\" alt=\"\" class=\"wp-image-44991\" width=\"292\" height=\"350\" srcset=\"https:\/\/jornalfatosenoticias.com.br\/wp-content\/uploads\/2020\/02\/CONTROL-CS.jpg 834w, https:\/\/jornalfatosenoticias.com.br\/wp-content\/uploads\/2020\/02\/CONTROL-CS-250x300.jpg 250w, https:\/\/jornalfatosenoticias.com.br\/wp-content\/uploads\/2020\/02\/CONTROL-CS-768x921.jpg 768w\" sizes=\"auto, (max-width: 292px) 100vw, 292px\" \/><\/a><\/figure><\/div>\n\n\n\n<p>Tagliaferro, que estava em tr\u00e2nsito entre S\u00e3o Paulo e Bras\u00edlia, informou que faria um relat\u00f3rio sobre o caso. No entanto, \u00e0s 23h09, ele levantou uma preocupa\u00e7\u00e3o importante: \u201cs\u00f3 n\u00e3o sei como bloquear pelo TSE pq (sic) n\u00e3o fala nada de elei\u00e7\u00f5es\u201d, afirmou, destacando que as postagens n\u00e3o estavam diretamente relacionadas ao processo eleitoral. Vieira respondeu no mesmo minuto, evitando a d\u00favida e questionando se os autores das postagens haviam sido identificados. Tagliaferro conseguiu identificar \u201capenas um candidato do Paran\u00e1\u201d.<\/p>\n\n\n\n<div class=\"wp-block-image\"><figure class=\"aligncenter size-large is-resized\"><a href=\"https:\/\/www.instagram.com\/restaurantepegoretti\/\"><img loading=\"lazy\" decoding=\"async\" src=\"https:\/\/jornalfatosenoticias.com.br\/wp-content\/uploads\/2023\/12\/pegoretti-logo-pdf-1024x389.jpg\" alt=\"\" class=\"wp-image-47536\" width=\"430\" height=\"163\" srcset=\"https:\/\/jornalfatosenoticias.com.br\/wp-content\/uploads\/2023\/12\/pegoretti-logo-pdf-1024x389.jpg 1024w, https:\/\/jornalfatosenoticias.com.br\/wp-content\/uploads\/2023\/12\/pegoretti-logo-pdf-300x114.jpg 300w, https:\/\/jornalfatosenoticias.com.br\/wp-content\/uploads\/2023\/12\/pegoretti-logo-pdf-768x291.jpg 768w, https:\/\/jornalfatosenoticias.com.br\/wp-content\/uploads\/2023\/12\/pegoretti-logo-pdf.jpg 1120w\" sizes=\"auto, (max-width: 430px) 100vw, 430px\" \/><\/a><\/figure><\/div>\n\n\n\n<p>\u00c0s 23h54, Tagliaferro enviou um relat\u00f3rio a Vieira. Curiosamente, o documento do TSE indicou que o material foi recebido de forma \u201can\u00f4nima\u201d e que o relat\u00f3rio foi produzido a pedido de Marco Ant\u00f4nio Vargas, juiz auxiliar de Moraes no TSE, embora Vargas estivesse em um voo e n\u00e3o tivesse feito tal solicita\u00e7\u00e3o naquele momento.<\/p>\n\n\n\n<div class=\"wp-block-image\"><figure class=\"aligncenter size-large\"><a href=\"http:\/\/www.ferrarimaquinas.com.br\/\"><img loading=\"lazy\" decoding=\"async\" width=\"300\" height=\"250\" src=\"https:\/\/jornalfatosenoticias.com.br\/wp-content\/uploads\/2022\/02\/FERRARI_MAQUINAS-E-FERRAMENTAS2.jpg\" alt=\"\" class=\"wp-image-27860\"\/><\/a><\/figure><\/div>\n\n\n\n<p>Ao analisar as postagens, Tagliaferro identificou Homero Marchese, ent\u00e3o deputado estadual pelo Republicanos do Paran\u00e1, como respons\u00e1vel por uma das imagens, mas o conte\u00fado postado por Marchese era um panfleto convocando a comunidade brasileira nos EUA para um evento, sem qualquer refer\u00eancia \u00e0 localiza\u00e7\u00e3o dos ministros. A frase \u201cm\u00e1fia brasileira\u201d foi adicionada por uma terceira pessoa, ainda n\u00e3o identificada.<\/p>\n\n\n\n<div class=\"wp-block-image\"><figure class=\"aligncenter size-large\"><a href=\"https:\/\/www.facebook.com\/Esteio-Churrascaria-Barbecue-103643461220402\/\"><img decoding=\"async\" src=\"https:\/\/jornalfatosenoticias.com.br\/wp-content\/uploads\/2020\/02\/logo_esteio.jpg\" alt=\"\" class=\"wp-image-1214\"\/><\/a><\/figure><\/div>\n\n\n\n<p>Apesar disso, o relat\u00f3rio do TSE indicava que Marchese era o autor da mensagem. Com base nesse relat\u00f3rio, Alexandre de Moraes determinou o bloqueio das contas de Marchese no Twitter, Facebook e Instagram nas primeiras horas do dia 13 de novembro. A decis\u00e3o foi tomada sem consultar o Minist\u00e9rio P\u00fablico ou a Pol\u00edcia Federal.<\/p>\n\n\n\n<div class=\"wp-block-image\"><figure class=\"aligncenter size-large is-resized\"><a href=\"https:\/\/panper.com.br\/\"><img loading=\"lazy\" decoding=\"async\" src=\"https:\/\/jornalfatosenoticias.com.br\/wp-content\/uploads\/2023\/03\/logo-Panper_portal.jpg\" alt=\"\" class=\"wp-image-40208\" width=\"358\" height=\"248\" srcset=\"https:\/\/jornalfatosenoticias.com.br\/wp-content\/uploads\/2023\/03\/logo-Panper_portal.jpg 400w, https:\/\/jornalfatosenoticias.com.br\/wp-content\/uploads\/2023\/03\/logo-Panper_portal-300x208.jpg 300w\" sizes=\"auto, (max-width: 358px) 100vw, 358px\" \/><\/a><\/figure><\/div>\n\n\n\n<p>Na sess\u00e3o plen\u00e1ria do STF em 14 de agosto, ap\u00f3s a publica\u00e7\u00e3o das primeiras reportagens da Folha, Moraes declarou que todos os alvos dos relat\u00f3rios do \u00f3rg\u00e3o de combate \u00e0 desinforma\u00e7\u00e3o do TSE j\u00e1 estavam sendo investigados nos inqu\u00e9ritos das <em>fake news<\/em> ou das mil\u00edcias digitais, ambos sob sua relatoria. Gilmar Mendes, em entrevista \u00e0 Band, refor\u00e7ou esse ponto.<\/p>\n\n\n\n<div class=\"wp-block-image\"><figure class=\"aligncenter size-large\"><a href=\"https:\/\/cesconetto.com.br\/\"><img loading=\"lazy\" decoding=\"async\" width=\"300\" height=\"250\" src=\"https:\/\/jornalfatosenoticias.com.br\/wp-content\/uploads\/2022\/02\/Banner-2.png\" alt=\"\" class=\"wp-image-27877\"\/><\/a><\/figure><\/div>\n\n\n\n<p>Entretanto, a Folha teve acesso ao processo e constatou que Homero Marchese n\u00e3o era alvo das investiga\u00e7\u00f5es anteriores e que Moraes n\u00e3o levou os recursos apresentados ao plen\u00e1rio do STF. O processo tamb\u00e9m revelou que Moraes bloqueou as contas de Marchese com base na identifica\u00e7\u00e3o equivocada feita por Tagliaferro, acusando o ent\u00e3o deputado de divulgar informa\u00e7\u00f5es pessoais sobre a localiza\u00e7\u00e3o dos ministros, fato que n\u00e3o constava no relat\u00f3rio.<\/p>\n\n\n\n<div class=\"wp-block-image\"><figure class=\"aligncenter size-large is-resized\"><img loading=\"lazy\" decoding=\"async\" src=\"https:\/\/jornalfatosenoticias.com.br\/wp-content\/uploads\/2022\/02\/Precisao-Contabilidade-1024x724.jpg\" alt=\"\" class=\"wp-image-28088\" width=\"358\" height=\"253\"\/><\/figure><\/div>\n\n\n\n<p>Marchese ficou com o Instagram bloqueado por quase seis meses, al\u00e9m de um m\u00eas e meio sem acesso ao Twitter e ao Facebook. A Procuradoria-Geral da Rep\u00fablica (PGR) s\u00f3 teve acesso ao caso tr\u00eas dias ap\u00f3s a decis\u00e3o de bloqueio, e Marchese, apenas em 1\u00ba de dezembro.<\/p>\n\n\n\n<div class=\"wp-block-image\"><figure class=\"aligncenter size-large is-resized\"><a href=\"https:\/\/www.instagram.com\/vmais.midias\/\"><img loading=\"lazy\" decoding=\"async\" src=\"https:\/\/jornalfatosenoticias.com.br\/wp-content\/uploads\/2020\/02\/DE-MAIS-DESTAQUE-VMAIS-800X700.png\" alt=\"\" class=\"wp-image-53112\" width=\"319\" height=\"278\" srcset=\"https:\/\/jornalfatosenoticias.com.br\/wp-content\/uploads\/2020\/02\/DE-MAIS-DESTAQUE-VMAIS-800X700.png 800w, https:\/\/jornalfatosenoticias.com.br\/wp-content\/uploads\/2020\/02\/DE-MAIS-DESTAQUE-VMAIS-800X700-768x672.png 768w\" sizes=\"auto, (max-width: 319px) 100vw, 319px\" \/><\/a><\/figure><\/div>\n\n\n\n<p>Em 21 de novembro, a ent\u00e3o vice-procuradora-geral, Lind\u00f4ra Ara\u00fajo, entrou com um recurso pedindo a anula\u00e7\u00e3o da decis\u00e3o de Moraes, argumentando que o uso do \u00f3rg\u00e3o de combate \u00e0 desinforma\u00e7\u00e3o para investiga\u00e7\u00f5es criminais era ilegal. Moraes n\u00e3o analisou esse recurso e, em 23 de dezembro, desbloqueou as contas de Marchese no Twitter e Facebook, sem avaliar o m\u00e9rito dos agravos.<\/p>\n\n\n\n<div class=\"wp-block-image\"><figure class=\"aligncenter size-large is-resized\"><a href=\"https:\/\/www.facebook.com\/vetor.vix\/\"><img loading=\"lazy\" decoding=\"async\" src=\"https:\/\/jornalfatosenoticias.com.br\/wp-content\/uploads\/2023\/09\/vetorvix1024_1.jpg\" alt=\"\" class=\"wp-image-44868\" width=\"528\" height=\"140\" srcset=\"https:\/\/jornalfatosenoticias.com.br\/wp-content\/uploads\/2023\/09\/vetorvix1024_1.jpg 1024w, https:\/\/jornalfatosenoticias.com.br\/wp-content\/uploads\/2023\/09\/vetorvix1024_1-300x80.jpg 300w, https:\/\/jornalfatosenoticias.com.br\/wp-content\/uploads\/2023\/09\/vetorvix1024_1-768x205.jpg 768w\" sizes=\"auto, (max-width: 528px) 100vw, 528px\" \/><\/a><\/figure><\/div>\n\n\n\n<p>O Instagram de Marchese foi reativado em 2 de maio, ap\u00f3s decis\u00e3o da Justi\u00e7a do Paran\u00e1. O ex-deputado s\u00f3 descobriu os motivos do bloqueio 15 dias depois, sem nenhuma explica\u00e7\u00e3o oficial. Este caso exemplifica a complexidade e os potenciais excessos das a\u00e7\u00f5es judiciais ligadas ao combate \u00e0 desinforma\u00e7\u00e3o, levantando quest\u00f5es sobre o uso de \u00f3rg\u00e3os eleitorais para fins criminais e a transpar\u00eancia nas decis\u00f5es judiciais. <strong>(Fonte: Hora Bras\u00edlia)<\/strong><\/p>\n\n\n\n<div class=\"wp-block-image\"><figure class=\"aligncenter size-large is-resized\"><a href=\"https:\/\/www.instagram.com\/serra4x4cambioautomatico\/\"><img loading=\"lazy\" decoding=\"async\" src=\"https:\/\/jornalfatosenoticias.com.br\/wp-content\/uploads\/2024\/08\/Serra-4x4-1-886x1024.jpg\" alt=\"\" class=\"wp-image-53632\" width=\"346\" height=\"400\" srcset=\"https:\/\/jornalfatosenoticias.com.br\/wp-content\/uploads\/2024\/08\/Serra-4x4-1-886x1024.jpg 886w, https:\/\/jornalfatosenoticias.com.br\/wp-content\/uploads\/2024\/08\/Serra-4x4-1-260x300.jpg 260w, https:\/\/jornalfatosenoticias.com.br\/wp-content\/uploads\/2024\/08\/Serra-4x4-1-768x888.jpg 768w, https:\/\/jornalfatosenoticias.com.br\/wp-content\/uploads\/2024\/08\/Serra-4x4-1.jpg 1181w\" sizes=\"auto, (max-width: 346px) 100vw, 346px\" \/><\/a><\/figure><\/div>\n\n\n\n<hr class=\"wp-block-separator\"\/>\n\n\n\n<h3 class=\"wp-block-heading\"><span class=\"has-inline-color has-black-color\">Repasse de R$ 143 milh\u00f5es a Araraquara, ap\u00f3s liga\u00e7\u00e3o de Lula, levanta questionamentos sobre crit\u00e9rios do governo<\/span><\/h3>\n\n\n\n<div class=\"wp-block-image\"><figure class=\"aligncenter size-large\"><img loading=\"lazy\" decoding=\"async\" width=\"780\" height=\"470\" src=\"https:\/\/jornalfatosenoticias.com.br\/wp-content\/uploads\/2024\/08\/repasses-do-nine_edinho-silva-e-lula.jpg\" alt=\"\" class=\"wp-image-53700\" srcset=\"https:\/\/jornalfatosenoticias.com.br\/wp-content\/uploads\/2024\/08\/repasses-do-nine_edinho-silva-e-lula.jpg 780w, https:\/\/jornalfatosenoticias.com.br\/wp-content\/uploads\/2024\/08\/repasses-do-nine_edinho-silva-e-lula-300x181.jpg 300w, https:\/\/jornalfatosenoticias.com.br\/wp-content\/uploads\/2024\/08\/repasses-do-nine_edinho-silva-e-lula-768x463.jpg 768w\" sizes=\"auto, (max-width: 780px) 100vw, 780px\" \/><figcaption><em><span class=\"has-inline-color has-black-color\">(Foto: Reprodu\u00e7\u00e3o\/Redes Sociais)<\/span><\/em><\/figcaption><\/figure><\/div>\n\n\n\n<p>Em julho de 2023, o Minist\u00e9rio das Cidades aprovou um repasse de R$ 143 milh\u00f5es \u00e0 prefeitura de Araraquara (SP), liderada por Edinho Silva (PT), apenas 24 horas ap\u00f3s uma liga\u00e7\u00e3o direta de Luiz In\u00e1cio Lula da Silva (PT) ao ministro Jader Filho (MDB). A rapidez na libera\u00e7\u00e3o dos recursos chamou a aten\u00e7\u00e3o e foi divulgada pelo UOL, gerando debates sobre a transpar\u00eancia e os crit\u00e9rios utilizados pelo governo federal para a distribui\u00e7\u00e3o de verbas.<\/p>\n\n\n\n<div class=\"wp-block-image\"><figure class=\"aligncenter size-large\"><a href=\"https:\/\/mizu.com.br\/\"><img loading=\"lazy\" decoding=\"async\" width=\"729\" height=\"90\" src=\"https:\/\/jornalfatosenoticias.com.br\/wp-content\/uploads\/2020\/02\/Logo_Mizu.png\" alt=\"\" class=\"wp-image-1441\" srcset=\"https:\/\/jornalfatosenoticias.com.br\/wp-content\/uploads\/2020\/02\/Logo_Mizu.png 729w, https:\/\/jornalfatosenoticias.com.br\/wp-content\/uploads\/2020\/02\/Logo_Mizu-300x37.png 300w\" sizes=\"auto, (max-width: 729px) 100vw, 729px\" \/><\/a><\/figure><\/div>\n\n\n\n<p>O pr\u00f3prio prefeito Edinho Silva revelou a liga\u00e7\u00e3o em suas redes sociais, expressando gratid\u00e3o a Lula: <em>\u201cminha gratid\u00e3o a Lula que liberou 143 milh\u00f5es de reais na quinta-feira [6 de julho]. Eu estava no seu gabinete. Ele ligou para o ministro Jader Barbalho, ministro das Cidades, e falou: \u2018olha, t\u00e1 liberado [sic] os recursos para que Araraquara fa\u00e7a a obra que ela necessita, para que ela n\u00e3o sofra com enchentes. Na reuni\u00e3o que eu fiz com ele, ele ligou na hora para o ministro\u2019\u201d, disse Edinho em um v\u00eddeo publicado em julho de 2023.<\/em><\/p>\n\n\n\n<div class=\"wp-block-image\"><figure class=\"aligncenter size-large is-resized\"><a href=\"https:\/\/hotelmarquetti.com.br\/\"><img loading=\"lazy\" decoding=\"async\" src=\"https:\/\/jornalfatosenoticias.com.br\/wp-content\/uploads\/2023\/03\/nova-logo-Marquetti.jpg\" alt=\"\" class=\"wp-image-40207\" width=\"340\" height=\"228\" srcset=\"https:\/\/jornalfatosenoticias.com.br\/wp-content\/uploads\/2023\/03\/nova-logo-Marquetti.jpg 643w, https:\/\/jornalfatosenoticias.com.br\/wp-content\/uploads\/2023\/03\/nova-logo-Marquetti-300x202.jpg 300w\" sizes=\"auto, (max-width: 340px) 100vw, 340px\" \/><\/a><\/figure><\/div>\n\n\n\n<p>O pedido de recursos foi formalizado no sistema do governo federal em 5 de julho de 2023, um dia antes da liga\u00e7\u00e3o do presidente ao ministro, e em 7 de julho a \u00e1rea t\u00e9cnica do Minist\u00e9rio das Cidades j\u00e1 havia registrado o \u201caceite\u201d para o repasse. O Pal\u00e1cio do Planalto defendeu a decis\u00e3o, afirmando ao UOL que os atendimentos \u00e0s demandas dos prefeitos seguem \u201ccrit\u00e9rios objetivos\u201d e que \u201cos recursos s\u00e3o liberados pelos minist\u00e9rios de forma documentada\u201d. O Minist\u00e9rio das Cidades refor\u00e7ou essa posi\u00e7\u00e3o, afirmando que \u201csegue crit\u00e9rios t\u00e9cnicos para a destina\u00e7\u00e3o de recursos no \u00e2mbito de todos os seus programas\u201d.<\/p>\n\n\n\n<div class=\"wp-block-image\"><figure class=\"aligncenter size-large is-resized\"><a href=\"https:\/\/www.controlsystems.com.br\/\"><img loading=\"lazy\" decoding=\"async\" src=\"https:\/\/jornalfatosenoticias.com.br\/wp-content\/uploads\/2020\/02\/CONTROL-CS.jpg\" alt=\"\" class=\"wp-image-44991\" width=\"329\" height=\"394\" srcset=\"https:\/\/jornalfatosenoticias.com.br\/wp-content\/uploads\/2020\/02\/CONTROL-CS.jpg 834w, https:\/\/jornalfatosenoticias.com.br\/wp-content\/uploads\/2020\/02\/CONTROL-CS-250x300.jpg 250w, https:\/\/jornalfatosenoticias.com.br\/wp-content\/uploads\/2020\/02\/CONTROL-CS-768x921.jpg 768w\" sizes=\"auto, (max-width: 329px) 100vw, 329px\" \/><\/a><\/figure><\/div>\n\n\n\n<p>Apesar dessas justificativas, a celeridade na libera\u00e7\u00e3o dos recursos e o envolvimento direto de Lula no processo levantaram suspeitas sobre o favorecimento de munic\u00edpios aliados. De janeiro de 2023 a julho de 2024, o governo federal destinou R$ 1,4 bilh\u00e3o a seis cidades \u2014 Araraquara, Belford Roxo, Cabo Frio, Diadema, Hortol\u00e2ndia e Mau\u00e1 \u2014 todas governadas por prefeitos do PT ou de partidos aliados. Segundo reportagens publicadas pelo UOL e pelo site O Antagonista, esses repasses foram feitos sem o aval da \u00e1rea t\u00e9cnica ou justificativas detalhadas, o que contrasta com as declara\u00e7\u00f5es p\u00fablicas de Lula, que costuma afirmar que \u201cningu\u00e9m ser\u00e1 tratado diferente porque n\u00e3o votou nele em 2022\u201d.<\/p>\n\n\n\n<div class=\"wp-block-image\"><figure class=\"aligncenter size-large is-resized\"><a href=\"https:\/\/www.instagram.com\/restaurantepegoretti\/\"><img loading=\"lazy\" decoding=\"async\" src=\"https:\/\/jornalfatosenoticias.com.br\/wp-content\/uploads\/2023\/12\/pegoretti-logo-pdf-1024x389.jpg\" alt=\"\" class=\"wp-image-47536\" width=\"424\" height=\"161\" srcset=\"https:\/\/jornalfatosenoticias.com.br\/wp-content\/uploads\/2023\/12\/pegoretti-logo-pdf-1024x389.jpg 1024w, https:\/\/jornalfatosenoticias.com.br\/wp-content\/uploads\/2023\/12\/pegoretti-logo-pdf-300x114.jpg 300w, https:\/\/jornalfatosenoticias.com.br\/wp-content\/uploads\/2023\/12\/pegoretti-logo-pdf-768x291.jpg 768w, https:\/\/jornalfatosenoticias.com.br\/wp-content\/uploads\/2023\/12\/pegoretti-logo-pdf.jpg 1120w\" sizes=\"auto, (max-width: 424px) 100vw, 424px\" \/><\/a><\/figure><\/div>\n\n\n\n<p>A situa\u00e7\u00e3o \u00e9 ainda mais complicada pela participa\u00e7\u00e3o de Marco Aur\u00e9lio Santana Ribeiro, o Marcola, chefe do gabinete de Lula, nas negocia\u00e7\u00f5es para a destina\u00e7\u00e3o dessas verbas, o que refor\u00e7a a percep\u00e7\u00e3o de que os repasses podem ter sido influenciados por interesses pol\u00edticos. <strong>(Fonte: Hora Bras\u00edlia)<\/strong><\/p>\n\n\n\n<div class=\"wp-block-image\"><figure class=\"aligncenter size-large\"><a href=\"https:\/\/www.facebook.com\/Esteio-Churrascaria-Barbecue-103643461220402\/\"><img decoding=\"async\" src=\"https:\/\/jornalfatosenoticias.com.br\/wp-content\/uploads\/2020\/02\/logo_esteio.jpg\" alt=\"\" class=\"wp-image-1214\"\/><\/a><\/figure><\/div>\n\n\n\n<hr class=\"wp-block-separator\"\/>\n\n\n\n<h3 class=\"wp-block-heading\"><span class=\"has-inline-color has-black-color\">Nova gest\u00e3o da Petrobras faz 17 trocas em ger\u00eancias-executivas com aumento de influ\u00eancia do PT e sindicatos<\/span><\/h3>\n\n\n\n<div class=\"wp-block-image\"><figure class=\"aligncenter size-large\"><img loading=\"lazy\" decoding=\"async\" width=\"612\" height=\"408\" src=\"https:\/\/jornalfatosenoticias.com.br\/wp-content\/uploads\/2024\/08\/lalau-e-petrorata_gettyimages.jpg\" alt=\"\" class=\"wp-image-53699\" srcset=\"https:\/\/jornalfatosenoticias.com.br\/wp-content\/uploads\/2024\/08\/lalau-e-petrorata_gettyimages.jpg 612w, https:\/\/jornalfatosenoticias.com.br\/wp-content\/uploads\/2024\/08\/lalau-e-petrorata_gettyimages-300x200.jpg 300w\" sizes=\"auto, (max-width: 612px) 100vw, 612px\" \/><figcaption><em><span class=\"has-inline-color has-black-color\">(Foto: Getty Images)<\/span><\/em><\/figcaption><\/figure><\/div>\n\n\n\n<p>Desde que Magda Chambriard, apoiada pelo ex-tesoureiro do PT, Jo\u00e3o Vaccari Neto, assumiu a presid\u00eancia da Petrobras, a estatal passou por 17 mudan\u00e7as em suas ger\u00eancias-executivas, o \u00faltimo n\u00edvel t\u00e9cnico na hierarquia da empresa, ampliando a influ\u00eancia do Partido dos Trabalhadores e de sindicatos. Segundo a <em>Folha de S.Paulo,<\/em> tr\u00eas das novas posi\u00e7\u00f5es foram preenchidas por pessoas ligadas \u00e0 Federa\u00e7\u00e3o \u00danica dos Petroleiros (FUP) e uma por um integrante do PT, enquanto as demais foram ocupadas por funcion\u00e1rios de carreira da estatal.<\/p>\n\n\n\n<div class=\"wp-block-image\"><figure class=\"aligncenter size-large\"><a href=\"http:\/\/www.ferrarimaquinas.com.br\/\"><img loading=\"lazy\" decoding=\"async\" width=\"300\" height=\"250\" src=\"https:\/\/jornalfatosenoticias.com.br\/wp-content\/uploads\/2022\/02\/FERRARI_MAQUINAS-E-FERRAMENTAS2.jpg\" alt=\"\" class=\"wp-image-27860\"\/><\/a><\/figure><\/div>\n\n\n\n<p>Entre os nomeados ligados \u00e0 FUP, est\u00e3o William Nozaki e Rodrigo Le\u00e3o, que assumiram cargos na diretoria de Transi\u00e7\u00e3o Energ\u00e9tica e Sustentabilidade, e Eduardo Costa Pinto, que ficou \u00e0 frente da ger\u00eancia-executiva de Explora\u00e7\u00e3o e Produ\u00e7\u00e3o. Nozaki, que foi assessor de Aloizio Mercadante, presidente do BNDES, e Le\u00e3o, que presidia uma subsidi\u00e1ria da Petrobras, chegaram aos novos cargos j\u00e1 com experi\u00eancia em postos de lideran\u00e7a na estatal. O PT tamb\u00e9m conseguiu posicionar Wellington Cesar Silva, ex-assessor jur\u00eddico da Casa Civil, na advocacia-geral da Petrobras.<\/p>\n\n\n\n<div class=\"wp-block-image\"><figure class=\"aligncenter size-large is-resized\"><a href=\"https:\/\/panper.com.br\/\"><img loading=\"lazy\" decoding=\"async\" src=\"https:\/\/jornalfatosenoticias.com.br\/wp-content\/uploads\/2023\/03\/logo-Panper_portal.jpg\" alt=\"\" class=\"wp-image-40208\" width=\"352\" height=\"244\" srcset=\"https:\/\/jornalfatosenoticias.com.br\/wp-content\/uploads\/2023\/03\/logo-Panper_portal.jpg 400w, https:\/\/jornalfatosenoticias.com.br\/wp-content\/uploads\/2023\/03\/logo-Panper_portal-300x208.jpg 300w\" sizes=\"auto, (max-width: 352px) 100vw, 352px\" \/><\/a><\/figure><\/div>\n\n\n\n<p>Al\u00e9m disso, Chambriard nomeou Giles Azevedo, ex-chefe de gabinete da ex-presidente Dilma Rousseff, como seu assessor especial em Bras\u00edlia. Azevedo, que trabalhou com Dilma desde o Minist\u00e9rio de Minas e Energia at\u00e9 o impeachment em 2016, foi uma das escolhas estrat\u00e9gicas de Chambriard, que j\u00e1 havia sido diretora-geral da Ag\u00eancia Nacional do Petr\u00f3leo, G\u00e1s Natural e Biocombust\u00edveis (ANP).<\/p>\n\n\n\n<div class=\"wp-block-image\"><figure class=\"aligncenter size-large\"><a href=\"https:\/\/cesconetto.com.br\/\"><img loading=\"lazy\" decoding=\"async\" width=\"300\" height=\"250\" src=\"https:\/\/jornalfatosenoticias.com.br\/wp-content\/uploads\/2020\/02\/Banner-2.png\" alt=\"\" class=\"wp-image-43787\"\/><\/a><\/figure><\/div>\n\n\n\n<p>Em resposta \u00e0s mudan\u00e7as, a Petrobras declarou que \u201ca forma\u00e7\u00e3o de equipes, com eventuais trocas de gestores, faz parte da din\u00e2mica do processo de gest\u00e3o de pessoas\u201d e afirmou que os indicados foram selecionados com base em an\u00e1lises rigorosas de integridade, capacidade de gest\u00e3o e experi\u00eancia na \u00e1rea de atua\u00e7\u00e3o. <strong>(Fonte: Hora Bras\u00edlia)<\/strong><\/p>\n\n\n\n<div class=\"wp-block-image\"><figure class=\"aligncenter size-large is-resized\"><img loading=\"lazy\" decoding=\"async\" src=\"https:\/\/jornalfatosenoticias.com.br\/wp-content\/uploads\/2022\/02\/Precisao-Contabilidade-1024x724.jpg\" alt=\"\" class=\"wp-image-28088\" width=\"325\" height=\"230\"\/><\/figure><\/div>\n\n\n\n<hr class=\"wp-block-separator\"\/>\n\n\n\n<h3 class=\"wp-block-heading\"><span class=\"has-inline-color has-black-color\">Se Kamala vencer, teremos a 3.\u00aa Guerra Mundial, alerta Trump<\/span><\/h3>\n\n\n\n<div class=\"wp-block-image\"><figure class=\"aligncenter size-large\"><img loading=\"lazy\" decoding=\"async\" width=\"612\" height=\"408\" src=\"https:\/\/jornalfatosenoticias.com.br\/wp-content\/uploads\/2024\/08\/donald-trump_gettyimages.jpg\" alt=\"\" class=\"wp-image-53698\" srcset=\"https:\/\/jornalfatosenoticias.com.br\/wp-content\/uploads\/2024\/08\/donald-trump_gettyimages.jpg 612w, https:\/\/jornalfatosenoticias.com.br\/wp-content\/uploads\/2024\/08\/donald-trump_gettyimages-300x200.jpg 300w\" sizes=\"auto, (max-width: 612px) 100vw, 612px\" \/><figcaption><em><span class=\"has-inline-color has-black-color\">(Foto: Getty Images)<\/span><\/em><\/figcaption><\/figure><\/div>\n\n\n\n<p>Nesta quarta-feira (21), Donald Trump, ex-presidente e atual candidato republicano \u00e0 Presid\u00eancia dos Estados Unidos, participou de seu primeiro com\u00edcio a c\u00e9u aberto desde o atentado sofrido em Butler, Pensilv\u00e2nia. O evento ocorreu no Museu de Avia\u00e7\u00e3o e Hall da Fama da Carolina do Norte, com um grande esquema de seguran\u00e7a para prote\u00e7\u00e3o do candidato.<\/p>\n\n\n\n<div class=\"wp-block-image\"><figure class=\"aligncenter size-large is-resized\"><a href=\"https:\/\/www.facebook.com\/postobkr\/?locale=pt_BR\"><img loading=\"lazy\" decoding=\"async\" src=\"https:\/\/jornalfatosenoticias.com.br\/wp-content\/uploads\/2023\/08\/BKR-1024x1021.jpg\" alt=\"\" class=\"wp-image-44494\" width=\"294\" height=\"293\" srcset=\"https:\/\/jornalfatosenoticias.com.br\/wp-content\/uploads\/2023\/08\/BKR-1024x1021.jpg 1024w, https:\/\/jornalfatosenoticias.com.br\/wp-content\/uploads\/2023\/08\/BKR-300x300.jpg 300w, https:\/\/jornalfatosenoticias.com.br\/wp-content\/uploads\/2023\/08\/BKR-150x150.jpg 150w, https:\/\/jornalfatosenoticias.com.br\/wp-content\/uploads\/2023\/08\/BKR-768x766.jpg 768w, https:\/\/jornalfatosenoticias.com.br\/wp-content\/uploads\/2023\/08\/BKR.jpg 1080w\" sizes=\"auto, (max-width: 294px) 100vw, 294px\" \/><\/a><\/figure><\/div>\n\n\n\n<p>Durante o com\u00edcio, Trump fez declara\u00e7\u00f5es pol\u00eamicas e ataques diretos \u00e0 candidata democrata Kamala Harris, referindo-se a ela como \u201ca pessoa de esquerda mais radical\u201d a concorrer \u00e0 Presid\u00eancia dos EUA. Em tom alarmista, ele previu uma poss\u00edvel Terceira Guerra Mundial caso Harris ven\u00e7a as elei\u00e7\u00f5es de novembro.<\/p>\n\n\n\n<div class=\"wp-block-image\"><figure class=\"aligncenter size-large is-resized\"><a href=\"https:\/\/www.ithbrasil.com.br\/\"><img loading=\"lazy\" decoding=\"async\" src=\"https:\/\/jornalfatosenoticias.com.br\/wp-content\/uploads\/2023\/08\/ITH.jpeg\" alt=\"\" class=\"wp-image-44638\" width=\"303\" height=\"246\" srcset=\"https:\/\/jornalfatosenoticias.com.br\/wp-content\/uploads\/2023\/08\/ITH.jpeg 800w, https:\/\/jornalfatosenoticias.com.br\/wp-content\/uploads\/2023\/08\/ITH-300x244.jpeg 300w, https:\/\/jornalfatosenoticias.com.br\/wp-content\/uploads\/2023\/08\/ITH-768x624.jpeg 768w\" sizes=\"auto, (max-width: 303px) 100vw, 303px\" \/><\/a><\/figure><\/div>\n\n\n\n<p>Al\u00e9m dos muitos debates e pol\u00eamicas geradas, as elei\u00e7\u00f5es de novembro prometem ser uma das mais acirradas da hist\u00f3ria americana. A cada com\u00edcio e declara\u00e7\u00e3o, o cen\u00e1rio pol\u00edtico se modifica, refletindo a complexidade e a tens\u00e3o que marcam o atual momento nos Estados Unidos. <strong>(Fonte: Terra Brasil Not\u00edcias)<\/strong><\/p>\n\n\n\n<div class=\"wp-block-image\"><figure class=\"aligncenter size-large\"><a href=\"https:\/\/www.instagram.com\/vmais.midias\/\"><img loading=\"lazy\" decoding=\"async\" width=\"1024\" height=\"110\" src=\"https:\/\/jornalfatosenoticias.com.br\/wp-content\/uploads\/2020\/02\/DE-MAIS-DESTAQUE-VMAIS-1120X120-1024x110.png\" alt=\"\" class=\"wp-image-53110\" srcset=\"https:\/\/jornalfatosenoticias.com.br\/wp-content\/uploads\/2020\/02\/DE-MAIS-DESTAQUE-VMAIS-1120X120-1024x110.png 1024w, https:\/\/jornalfatosenoticias.com.br\/wp-content\/uploads\/2020\/02\/DE-MAIS-DESTAQUE-VMAIS-1120X120-300x32.png 300w, https:\/\/jornalfatosenoticias.com.br\/wp-content\/uploads\/2020\/02\/DE-MAIS-DESTAQUE-VMAIS-1120X120-768x82.png 768w, https:\/\/jornalfatosenoticias.com.br\/wp-content\/uploads\/2020\/02\/DE-MAIS-DESTAQUE-VMAIS-1120X120.png 1120w\" sizes=\"auto, (max-width: 1024px) 100vw, 1024px\" \/><\/a><\/figure><\/div>\n\n\n\n<hr class=\"wp-block-separator\"\/>\n\n\n\n<h3 class=\"wp-block-heading\"><span class=\"has-inline-color has-black-color\">Boulos \u00e9 obrigado a devolver quase R$ 275 mil aos cofres p\u00fablicos ap\u00f3s decis\u00e3o do TSE<\/span><\/h3>\n\n\n\n<div class=\"wp-block-image\"><figure class=\"aligncenter size-large\"><img loading=\"lazy\" decoding=\"async\" width=\"612\" height=\"408\" src=\"https:\/\/jornalfatosenoticias.com.br\/wp-content\/uploads\/2024\/08\/roboulos_gettyimages.jpg\" alt=\"\" class=\"wp-image-53697\" srcset=\"https:\/\/jornalfatosenoticias.com.br\/wp-content\/uploads\/2024\/08\/roboulos_gettyimages.jpg 612w, https:\/\/jornalfatosenoticias.com.br\/wp-content\/uploads\/2024\/08\/roboulos_gettyimages-300x200.jpg 300w\" sizes=\"auto, (max-width: 612px) 100vw, 612px\" \/><figcaption><em><span class=\"has-inline-color has-black-color\">(Foto: Getty Images)<\/span><\/em><\/figcaption><\/figure><\/div>\n\n\n\n<p>Em uma decis\u00e3o recente, a presidente do Tribunal Superior Eleitoral (TSE), ministra C\u00e1rmen L\u00facia, determinou que o candidato Guilherme Boulos devolva aos cofres da Uni\u00e3o a quantia de 274.963 reais. Essa decis\u00e3o, que ocorreu em 9 de julho, reflete a an\u00e1lise das contas da campanha de Boulos \u00e0 Presid\u00eancia da Rep\u00fablica em 2018.<\/p>\n\n\n\n<div class=\"wp-block-image\"><figure class=\"aligncenter size-large is-resized\"><a href=\"https:\/\/www.instagram.com\/serra4x4cambioautomatico\/\"><img loading=\"lazy\" decoding=\"async\" src=\"https:\/\/jornalfatosenoticias.com.br\/wp-content\/uploads\/2024\/08\/Serra-4x4-1-886x1024.jpg\" alt=\"\" class=\"wp-image-53632\" width=\"324\" height=\"374\" srcset=\"https:\/\/jornalfatosenoticias.com.br\/wp-content\/uploads\/2024\/08\/Serra-4x4-1-886x1024.jpg 886w, https:\/\/jornalfatosenoticias.com.br\/wp-content\/uploads\/2024\/08\/Serra-4x4-1-260x300.jpg 260w, https:\/\/jornalfatosenoticias.com.br\/wp-content\/uploads\/2024\/08\/Serra-4x4-1-768x888.jpg 768w, https:\/\/jornalfatosenoticias.com.br\/wp-content\/uploads\/2024\/08\/Serra-4x4-1.jpg 1181w\" sizes=\"auto, (max-width: 324px) 100vw, 324px\" \/><\/a><\/figure><\/div>\n\n\n\n<p>A disputa pelo Pal\u00e1cio do Planalto em 2018 trouxe \u00e0 tona um detalhado exame das finan\u00e7as de campanha de Boulos. Apesar de algumas contas terem sido aprovadas com ressalvas, o TSE julgou necess\u00e1rio realizar ajustes, resultando na determina\u00e7\u00e3o de devolver uma parte dos recursos ao Tesouro Nacional.<\/p>\n\n\n\n<div class=\"wp-block-image\"><figure class=\"aligncenter size-large is-resized\"><a href=\"https:\/\/www.facebook.com\/vetor.vix\/\"><img loading=\"lazy\" decoding=\"async\" src=\"https:\/\/jornalfatosenoticias.com.br\/wp-content\/uploads\/2023\/09\/vetorvix1024_1.jpg\" alt=\"\" class=\"wp-image-44868\" width=\"531\" height=\"141\" srcset=\"https:\/\/jornalfatosenoticias.com.br\/wp-content\/uploads\/2023\/09\/vetorvix1024_1.jpg 1024w, https:\/\/jornalfatosenoticias.com.br\/wp-content\/uploads\/2023\/09\/vetorvix1024_1-300x80.jpg 300w, https:\/\/jornalfatosenoticias.com.br\/wp-content\/uploads\/2023\/09\/vetorvix1024_1-768x205.jpg 768w\" sizes=\"auto, (max-width: 531px) 100vw, 531px\" \/><\/a><\/figure><\/div>\n\n\n\n<p>O cerne da quest\u00e3o est\u00e1 na presta\u00e7\u00e3o de contas da campanha de Guilherme Boulos. O Tribunal Superior Eleitoral declarou que as contas do candidato foram \u201cjulgadas aprovadas com ressalvas\u201d. Isso significa que, embora a maior parte das despesas tenha sido considerada leg\u00edtima, algumas irregularidades formais foram encontradas.<\/p>\n\n\n\n<div class=\"wp-block-image\"><figure class=\"aligncenter size-large\"><a href=\"http:\/\/www.ferrarimaquinas.com.br\/\"><img loading=\"lazy\" decoding=\"async\" width=\"300\" height=\"250\" src=\"https:\/\/jornalfatosenoticias.com.br\/wp-content\/uploads\/2022\/02\/FERRARI_MAQUINAS-E-FERRAMENTAS2.jpg\" alt=\"\" class=\"wp-image-27860\"\/><\/a><\/figure><\/div>\n\n\n\n<p>A assessoria de Boulos sustentou que os d\u00e9bitos s\u00e3o fruto de quest\u00f5es formais e j\u00e1 tomaram medidas para resolver a situa\u00e7\u00e3o. Eles informaram que os advogados do candidato solicitaram o parcelamento dos d\u00e9bitos dentro do prazo legal. <strong>(Fonte: Terra Brasil Not\u00edcias)<\/strong><\/p>\n\n\n\n<div class=\"wp-block-image\"><figure class=\"aligncenter size-large\"><a href=\"https:\/\/mizu.com.br\/\"><img loading=\"lazy\" decoding=\"async\" width=\"729\" height=\"90\" src=\"https:\/\/jornalfatosenoticias.com.br\/wp-content\/uploads\/2020\/02\/Logo_Mizu.png\" alt=\"\" class=\"wp-image-1441\" srcset=\"https:\/\/jornalfatosenoticias.com.br\/wp-content\/uploads\/2020\/02\/Logo_Mizu.png 729w, https:\/\/jornalfatosenoticias.com.br\/wp-content\/uploads\/2020\/02\/Logo_Mizu-300x37.png 300w\" sizes=\"auto, (max-width: 729px) 100vw, 729px\" \/><\/a><\/figure><\/div>\n\n\n\n<hr class=\"wp-block-separator\"\/>\n\n\n\n<h3 class=\"wp-block-heading\"><span class=\"has-inline-color has-black-color\">Regime de Maduro avan\u00e7a sobre imprensa independente e sequestra jornalista na Venezuela<\/span><\/h3>\n\n\n\n<div class=\"wp-block-image\"><figure class=\"aligncenter size-large\"><img loading=\"lazy\" decoding=\"async\" width=\"612\" height=\"408\" src=\"https:\/\/jornalfatosenoticias.com.br\/wp-content\/uploads\/2024\/08\/ditador-fruta-podre_gettyimages.jpg\" alt=\"\" class=\"wp-image-53696\" srcset=\"https:\/\/jornalfatosenoticias.com.br\/wp-content\/uploads\/2024\/08\/ditador-fruta-podre_gettyimages.jpg 612w, https:\/\/jornalfatosenoticias.com.br\/wp-content\/uploads\/2024\/08\/ditador-fruta-podre_gettyimages-300x200.jpg 300w\" sizes=\"auto, (max-width: 612px) 100vw, 612px\" \/><figcaption><em><span class=\"has-inline-color has-black-color\">(Foto: Getty Images)<\/span><\/em><\/figcaption><\/figure><\/div>\n\n\n\n<p><span class=\"has-inline-color has-black-color\">Por <strong>John Lucas<\/strong><br><\/span>No come\u00e7o da noite desta ter\u00e7a-feira (20), a jornalista Ana Carolina Guaita, que integra portal de not\u00edcias independente venezuelano La Patilla, foi sequestrada por agentes do Servi\u00e7o Bolivariano de Intelig\u00eancia Nacional (SEBIN) do regime de Nicol\u00e1s Maduro na cidade de Maiquet\u00eda, no estado de Vargas, na Venezuela.<br>A oposi\u00e7\u00e3o venezuelana classificou como sequestro a deten\u00e7\u00e3o de Guaita pelos agentes do regime chavista porque ela ocorreu sem a apresenta\u00e7\u00e3o de uma ordem judicial e em circunst\u00e2ncias que geraram preocupa\u00e7\u00e3o entre organiza\u00e7\u00f5es de direitos humanos e entidades de imprensa.<\/p>\n\n\n\n<div class=\"wp-block-image\"><figure class=\"aligncenter size-large is-resized\"><a href=\"https:\/\/www.controlsystems.com.br\/\"><img loading=\"lazy\" decoding=\"async\" src=\"https:\/\/jornalfatosenoticias.com.br\/wp-content\/uploads\/2020\/02\/CONTROL-CS.jpg\" alt=\"\" class=\"wp-image-44991\" width=\"297\" height=\"356\" srcset=\"https:\/\/jornalfatosenoticias.com.br\/wp-content\/uploads\/2020\/02\/CONTROL-CS.jpg 834w, https:\/\/jornalfatosenoticias.com.br\/wp-content\/uploads\/2020\/02\/CONTROL-CS-250x300.jpg 250w, https:\/\/jornalfatosenoticias.com.br\/wp-content\/uploads\/2020\/02\/CONTROL-CS-768x921.jpg 768w\" sizes=\"auto, (max-width: 297px) 100vw, 297px\" \/><\/a><\/figure><\/div>\n\n\n\n<p>Segundo o Sindicato Nacional dos Trabalhadores da Imprensa (SNTP) da Venezuela, Guaita foi levada de sua resid\u00eancia, que fica localizada no bairro chamado El Rinc\u00f3n, por volta das 18h. O sequestro da jornalista foi confirmado por seus familiares e amplamente divulgado nas redes sociais.<\/p>\n\n\n\n<div class=\"wp-block-image\"><figure class=\"aligncenter size-large is-resized\"><a href=\"https:\/\/www.instagram.com\/restaurantepegoretti\/\"><img loading=\"lazy\" decoding=\"async\" src=\"https:\/\/jornalfatosenoticias.com.br\/wp-content\/uploads\/2023\/12\/pegoretti-logo-pdf-1024x389.jpg\" alt=\"\" class=\"wp-image-47536\" width=\"443\" height=\"168\" srcset=\"https:\/\/jornalfatosenoticias.com.br\/wp-content\/uploads\/2023\/12\/pegoretti-logo-pdf-1024x389.jpg 1024w, https:\/\/jornalfatosenoticias.com.br\/wp-content\/uploads\/2023\/12\/pegoretti-logo-pdf-300x114.jpg 300w, https:\/\/jornalfatosenoticias.com.br\/wp-content\/uploads\/2023\/12\/pegoretti-logo-pdf-768x291.jpg 768w, https:\/\/jornalfatosenoticias.com.br\/wp-content\/uploads\/2023\/12\/pegoretti-logo-pdf.jpg 1120w\" sizes=\"auto, (max-width: 443px) 100vw, 443px\" \/><\/a><\/figure><\/div>\n\n\n\n<p>A advogada e defensora dos direitos humanos na Venezuela, Tamara Suj\u00fa, relatou que Guaita foi sequestrada por agentes que estavam em um ve\u00edculo branco, e, at\u00e9 o momento, seu paradeiro permanece desconhecido.<\/p>\n\n\n\n<figure class=\"wp-block-embed-twitter wp-block-embed is-type-rich is-provider-twitter\"><div class=\"wp-block-embed__wrapper\">\n<blockquote class=\"twitter-tweet\" data-width=\"550\" data-dnt=\"true\"><p lang=\"es\" dir=\"ltr\"><a href=\"https:\/\/twitter.com\/hashtag\/Venezuela?src=hash&amp;ref_src=twsrc%5Etfw\">#Venezuela<\/a>. Urgente el <a href=\"https:\/\/twitter.com\/hashtag\/SEBIN?src=hash&amp;ref_src=twsrc%5Etfw\">#SEBIN<\/a> acaba de llevarse secuestrada a la Periodista de <a href=\"https:\/\/twitter.com\/la_patilla?ref_src=twsrc%5Etfw\">@la_patilla<\/a> Ana Guaita Barreto, de la Urbanizaci\u00f3n El Rinc\u00f3n en Maiquet\u00eda.  Un carro blanco de esos que ellos usan para seguir, se la llev\u00f3 cuando estaba en frente de su casa.  Se desconoce su\u2026 <a href=\"https:\/\/t.co\/nbchqP6Hfj\">pic.twitter.com\/nbchqP6Hfj<\/a><\/p>&mdash; Tamara Suju (@TAMARA_SUJU) <a href=\"https:\/\/twitter.com\/TAMARA_SUJU\/status\/1826022090312425875?ref_src=twsrc%5Etfw\">August 20, 2024<\/a><\/blockquote><script async src=\"https:\/\/platform.twitter.com\/widgets.js\" charset=\"utf-8\"><\/script>\n<\/div><\/figure>\n\n\n\n<div class=\"wp-block-image\"><figure class=\"aligncenter size-large is-resized\"><a href=\"https:\/\/hotelmarquetti.com.br\/\"><img loading=\"lazy\" decoding=\"async\" src=\"https:\/\/jornalfatosenoticias.com.br\/wp-content\/uploads\/2023\/03\/nova-logo-Marquetti.jpg\" alt=\"\" class=\"wp-image-40207\" width=\"316\" height=\"212\" srcset=\"https:\/\/jornalfatosenoticias.com.br\/wp-content\/uploads\/2023\/03\/nova-logo-Marquetti.jpg 643w, https:\/\/jornalfatosenoticias.com.br\/wp-content\/uploads\/2023\/03\/nova-logo-Marquetti-300x202.jpg 300w\" sizes=\"auto, (max-width: 316px) 100vw, 316px\" \/><\/a><\/figure><\/div>\n\n\n\n<p>Segundo informa\u00e7\u00f5es do site Efecto Cocuyo, o diretor do portal La Patilla, Alberto Ravell, condenou a deten\u00e7\u00e3o da integrante de sua equipe, descrevendo-a como uma \u201copera\u00e7\u00e3o incomum e desprovida de justificativas racionais\u201d, e classificou a a\u00e7\u00e3o como uma \u201cforma de repress\u00e3o contra os jornalistas que apenas desempenham seu papel de informar\u201d.<\/p>\n\n\n\n<div class=\"wp-block-image\"><figure class=\"aligncenter size-large\"><a href=\"https:\/\/cesconetto.com.br\/\"><img loading=\"lazy\" decoding=\"async\" width=\"300\" height=\"250\" src=\"https:\/\/jornalfatosenoticias.com.br\/wp-content\/uploads\/2022\/02\/Banner-2.png\" alt=\"\" class=\"wp-image-27877\"\/><\/a><\/figure><\/div>\n\n\n\n<p>Conforme noticiou o Cocuyo, a deten\u00e7\u00e3o de Ana Carolina Guaita \u00e9 particularmente significativa devido ao seu v\u00ednculo familiar com figuras proeminentes da oposi\u00e7\u00e3o pol\u00edtica na Venezuela. Ela \u00e9 filha de Carlos Guaita e Xiomara Barreto, figuras conhecidas no pa\u00eds que integram o partido pol\u00edtico Social Cristiano Copei.<\/p>\n\n\n\n<div class=\"wp-block-image\"><figure class=\"aligncenter size-large is-resized\"><a href=\"https:\/\/panper.com.br\/\"><img loading=\"lazy\" decoding=\"async\" src=\"https:\/\/jornalfatosenoticias.com.br\/wp-content\/uploads\/2023\/03\/logo-Panper_portal.jpg\" alt=\"\" class=\"wp-image-40208\" width=\"349\" height=\"242\" srcset=\"https:\/\/jornalfatosenoticias.com.br\/wp-content\/uploads\/2023\/03\/logo-Panper_portal.jpg 400w, https:\/\/jornalfatosenoticias.com.br\/wp-content\/uploads\/2023\/03\/logo-Panper_portal-300x208.jpg 300w\" sizes=\"auto, (max-width: 349px) 100vw, 349px\" \/><\/a><\/figure><\/div>\n\n\n\n<p>O sequestro de Guaita ocorre em um contexto de crescente repress\u00e3o do regime de Maduro em rela\u00e7\u00e3o \u00e0 m\u00eddia independente e aos opositores no pa\u00eds. A repress\u00e3o da ditadura tamb\u00e9m tem alcan\u00e7ado jornalistas e membros da imprensa na Venezuela. Os atos repressivos de Maduro se intensificaram ap\u00f3s a fraude eleitoral ocorrida nas elei\u00e7\u00f5es do dia 28 de julho, quando o chavista Conselho Nacional Eleitoral (CNE) declarou o ditador como vencedor do pleito, sem apresentar as atas eleitorais.<\/p>\n\n\n\n<div class=\"wp-block-image\"><figure class=\"aligncenter size-large is-resized\"><a href=\"https:\/\/www.facebook.com\/postobkr\/?locale=pt_BR\"><img loading=\"lazy\" decoding=\"async\" src=\"https:\/\/jornalfatosenoticias.com.br\/wp-content\/uploads\/2023\/08\/BKR-1024x1021.jpg\" alt=\"\" class=\"wp-image-44494\" width=\"301\" height=\"300\" srcset=\"https:\/\/jornalfatosenoticias.com.br\/wp-content\/uploads\/2023\/08\/BKR-1024x1021.jpg 1024w, https:\/\/jornalfatosenoticias.com.br\/wp-content\/uploads\/2023\/08\/BKR-300x300.jpg 300w, https:\/\/jornalfatosenoticias.com.br\/wp-content\/uploads\/2023\/08\/BKR-150x150.jpg 150w, https:\/\/jornalfatosenoticias.com.br\/wp-content\/uploads\/2023\/08\/BKR-768x766.jpg 768w, https:\/\/jornalfatosenoticias.com.br\/wp-content\/uploads\/2023\/08\/BKR.jpg 1080w\" sizes=\"auto, (max-width: 301px) 100vw, 301px\" \/><\/a><\/figure><\/div>\n\n\n\n<p>Segundo informa\u00e7\u00f5es do portal Infobae, o Instituto de Imprensa e Sociedade (IPYS) da Venezuela documentou entre 29 de julho e 4 de agosto um total de 79 viola\u00e7\u00f5es \u00e0 liberdade de imprensa relacionadas \u00e0 cobertura das elei\u00e7\u00f5es e das manifesta\u00e7\u00f5es subsequentes no pa\u00eds.<\/p>\n\n\n\n<div class=\"wp-block-image\"><figure class=\"aligncenter size-large is-resized\"><a href=\"https:\/\/www.instagram.com\/serra4x4cambioautomatico\/\"><img loading=\"lazy\" decoding=\"async\" src=\"https:\/\/jornalfatosenoticias.com.br\/wp-content\/uploads\/2024\/08\/Serra-4x4-1-886x1024.jpg\" alt=\"\" class=\"wp-image-53632\" width=\"312\" height=\"360\" srcset=\"https:\/\/jornalfatosenoticias.com.br\/wp-content\/uploads\/2024\/08\/Serra-4x4-1-886x1024.jpg 886w, https:\/\/jornalfatosenoticias.com.br\/wp-content\/uploads\/2024\/08\/Serra-4x4-1-260x300.jpg 260w, https:\/\/jornalfatosenoticias.com.br\/wp-content\/uploads\/2024\/08\/Serra-4x4-1-768x888.jpg 768w, https:\/\/jornalfatosenoticias.com.br\/wp-content\/uploads\/2024\/08\/Serra-4x4-1.jpg 1181w\" sizes=\"auto, (max-width: 312px) 100vw, 312px\" \/><\/a><\/figure><\/div>\n\n\n\n<p>O Col\u00e9gio Nacional de Jornalistas (CNP) de Caracas tamb\u00e9m denunciou um aumento na persegui\u00e7\u00e3o aos profissionais da m\u00eddia, qualificando a situa\u00e7\u00e3o como uma pol\u00edtica de Estado implementada pelo regime de Maduro. Entre os casos recentes, destacam-se as deten\u00e7\u00f5es de pelo menos seis jornalistas sob acusa\u00e7\u00f5es de terrorismo e incita\u00e7\u00e3o ao \u00f3dio. <strong>(Fonte: Gazeta do Povo)<\/strong><\/p>\n\n\n\n<div class=\"wp-block-image\"><figure class=\"aligncenter size-large is-resized\"><img loading=\"lazy\" decoding=\"async\" src=\"https:\/\/jornalfatosenoticias.com.br\/wp-content\/uploads\/2022\/02\/Precisao-Contabilidade-1024x724.jpg\" alt=\"\" class=\"wp-image-28088\" width=\"355\" height=\"251\"\/><\/figure><\/div>\n\n\n\n<hr class=\"wp-block-separator\"\/>\n\n\n\n<h3 class=\"wp-block-heading\"><span class=\"has-inline-color has-black-color\">Grupo de governador do Tocantins fingiu comprar frango congelado para desviar dinheiro de cestas b\u00e1sicas durante a pandemia<\/span><\/h3>\n\n\n\n<div class=\"wp-block-image\"><figure class=\"aligncenter size-large\"><img loading=\"lazy\" decoding=\"async\" width=\"1000\" height=\"572\" src=\"https:\/\/jornalfatosenoticias.com.br\/wp-content\/uploads\/2024\/08\/wanderlei-barbosa-divulgacao-governador-TO.jpg\" alt=\"\" class=\"wp-image-53695\" srcset=\"https:\/\/jornalfatosenoticias.com.br\/wp-content\/uploads\/2024\/08\/wanderlei-barbosa-divulgacao-governador-TO.jpg 1000w, https:\/\/jornalfatosenoticias.com.br\/wp-content\/uploads\/2024\/08\/wanderlei-barbosa-divulgacao-governador-TO-300x172.jpg 300w, https:\/\/jornalfatosenoticias.com.br\/wp-content\/uploads\/2024\/08\/wanderlei-barbosa-divulgacao-governador-TO-768x439.jpg 768w\" sizes=\"auto, (max-width: 1000px) 100vw, 1000px\" \/><figcaption><em><span class=\"has-inline-color has-black-color\">(Foto: Divulga\u00e7\u00e3o\/Governo TO)<\/span><\/em><\/figcaption><\/figure><\/div>\n\n\n\n<p>O governador do Tocantins, Wanderlei Barbosa (Republicanos), \u00e9 suspeito de capitanear um esquema de desvio de recursos destinados \u00e0 compra de cestas b\u00e1sicas durante a pandemia, no \u00e2mbito de seu atual mandato. O esquema incluiria a simula\u00e7\u00e3o de compra de alimentos perec\u00edveis, como frangos, que nunca chegaram a ser entregues. As investiga\u00e7\u00f5es revelaram que as empresas contratadas para distribuir as cestas n\u00e3o possu\u00edam c\u00e2maras frigor\u00edficas necess\u00e1rias para armazenar frangos congelados.<\/p>\n\n\n\n<div class=\"wp-block-image\"><figure class=\"aligncenter size-large\"><a href=\"https:\/\/www.facebook.com\/Esteio-Churrascaria-Barbecue-103643461220402\/\"><img decoding=\"async\" src=\"https:\/\/jornalfatosenoticias.com.br\/wp-content\/uploads\/2020\/02\/logo_esteio.jpg\" alt=\"\" class=\"wp-image-1214\"\/><\/a><\/figure><\/div>\n\n\n\n<p>O rastro deixado pelo grupo envolvido \u2014 que abrange empres\u00e1rios, al\u00e9m dos filhos e da esposa do governador \u2014 levou o ministro do Superior Tribunal de Justi\u00e7a (STJ), Mauro Campbell, a autorizar uma opera\u00e7\u00e3o da Pol\u00edcia Federal (PF) nesta quarta-feira (21). O ministro do STJ derrubou o sigilo da decis\u00e3o ap\u00f3s o cumprimento dos mandados destinados \u00e0 Pol\u00edcia Federal (PF).<\/p>\n\n\n\n<div class=\"wp-block-image\"><figure class=\"aligncenter size-large is-resized\"><a href=\"https:\/\/www.ithbrasil.com.br\/\"><img loading=\"lazy\" decoding=\"async\" src=\"https:\/\/jornalfatosenoticias.com.br\/wp-content\/uploads\/2023\/08\/ITH.jpeg\" alt=\"\" class=\"wp-image-44638\" width=\"331\" height=\"269\" srcset=\"https:\/\/jornalfatosenoticias.com.br\/wp-content\/uploads\/2023\/08\/ITH.jpeg 800w, https:\/\/jornalfatosenoticias.com.br\/wp-content\/uploads\/2023\/08\/ITH-300x244.jpeg 300w, https:\/\/jornalfatosenoticias.com.br\/wp-content\/uploads\/2023\/08\/ITH-768x624.jpeg 768w\" sizes=\"auto, (max-width: 331px) 100vw, 331px\" \/><\/a><\/figure><\/div>\n\n\n\n<p>A investiga\u00e7\u00e3o da PF mostra, em um dos contratos, que: \u201c\u2026ao confrontar com as notas fiscais de aquisi\u00e7\u00e3o de produtos, foi verificado que a empresa em comento n\u00e3o adquiriu produtos suficientes para cumprir integralmente o objeto contratado, o que ocasionou um preju\u00edzo de pelo menos R$ 1.852.778,78. Ao conduzir vistoria na sede da empresa, foi verificado que o im\u00f3vel por ela ocupado anteriormente n\u00e3o dispunha de c\u00e2mara frigor\u00edfica, estrutura indispens\u00e1vel para o suposto armazenamento dos trinta mil frangos congelados que teriam sido alegadamente distribu\u00eddos\u201d.<\/p>\n\n\n\n<div class=\"wp-block-image\"><figure class=\"aligncenter size-large is-resized\"><a href=\"https:\/\/www.instagram.com\/vmais.midias\/\"><img loading=\"lazy\" decoding=\"async\" src=\"https:\/\/jornalfatosenoticias.com.br\/wp-content\/uploads\/2020\/02\/DE-MAIS-DESTAQUE-VMAIS-800X700.png\" alt=\"\" class=\"wp-image-53112\" width=\"336\" height=\"293\" srcset=\"https:\/\/jornalfatosenoticias.com.br\/wp-content\/uploads\/2020\/02\/DE-MAIS-DESTAQUE-VMAIS-800X700.png 800w, https:\/\/jornalfatosenoticias.com.br\/wp-content\/uploads\/2020\/02\/DE-MAIS-DESTAQUE-VMAIS-800X700-300x263.png 300w, https:\/\/jornalfatosenoticias.com.br\/wp-content\/uploads\/2020\/02\/DE-MAIS-DESTAQUE-VMAIS-800X700-768x672.png 768w\" sizes=\"auto, (max-width: 336px) 100vw, 336px\" \/><\/a><\/figure><\/div>\n\n\n\n<p>Ainda de acordo com a Pol\u00edcia Federal, o <em>\u201cesquema consistiu na contrata\u00e7\u00e3o de um grupo de empresas previamente selecionadas, muitas delas constitu\u00eddas h\u00e1 pouqu\u00edssimo tempo, ou com objeto social distinto do fornecimento de alimentos, as quais, doravante, receberiam a totalidade do valor contratado, sempre em somas de grande vulto, entregando, em contrapartida, apenas parte do quantitativo estipulado, tendo havido a inexecu\u00e7\u00e3o parcial ou at\u00e9 mesmo integral dos contratos de fornecimento\u201d.<\/em><\/p>\n\n\n\n<div class=\"wp-block-image\"><figure class=\"aligncenter size-large is-resized\"><a href=\"https:\/\/www.instagram.com\/serra4x4cambioautomatico\/\"><img loading=\"lazy\" decoding=\"async\" src=\"https:\/\/jornalfatosenoticias.com.br\/wp-content\/uploads\/2024\/08\/Serra-4x4-1-886x1024.jpg\" alt=\"\" class=\"wp-image-53632\" width=\"338\" height=\"391\" srcset=\"https:\/\/jornalfatosenoticias.com.br\/wp-content\/uploads\/2024\/08\/Serra-4x4-1-886x1024.jpg 886w, https:\/\/jornalfatosenoticias.com.br\/wp-content\/uploads\/2024\/08\/Serra-4x4-1-260x300.jpg 260w, https:\/\/jornalfatosenoticias.com.br\/wp-content\/uploads\/2024\/08\/Serra-4x4-1-768x888.jpg 768w, https:\/\/jornalfatosenoticias.com.br\/wp-content\/uploads\/2024\/08\/Serra-4x4-1.jpg 1181w\" sizes=\"auto, (max-width: 338px) 100vw, 338px\" \/><\/a><\/figure><\/div>\n\n\n\n<p>O grupo criminoso teria movimentado aproximadamente R$ 38 milh\u00f5es do dinheiro p\u00fablico. Wanderlei Barbosa nega qualquer irregularidade e afirma n\u00e3o ter autorizado as despesas relacionadas ao programa de cestas b\u00e1sicas investigado pela PF. <strong>(Fonte: Gazeta Brasil)<\/strong><\/p>\n\n\n\n<hr class=\"wp-block-separator\"\/>\n","protected":false},"excerpt":{"rendered":"<p>Segundo uma nova revela\u00e7\u00e3o do jornal Folha de S. Paulo, um processo mantido em sigilo por quase dois anos contra o ex-deputado estadual Homero Marchese, cujas redes sociais foram bloqueadas por ordem do ministro Alexandre de Moraes, revela erros cr\u00edticos, o uso informal do \u00f3rg\u00e3o de combate \u00e0 desinforma\u00e7\u00e3o do Tribunal Superior Eleitoral (TSE) e [&hellip;]<\/p>\n","protected":false},"author":3,"featured_media":53701,"comment_status":"open","ping_status":"open","sticky":false,"template":"","format":"standard","meta":{"footnotes":""},"categories":[10],"tags":[13889,23714,2149,2129,21964,24470,18343,19097,24469,308,8605],"class_list":["post-53694","post","type-post","status-publish","format-standard","has-post-thumbnail","hentry","category-politica","tag-alexandre-de-moraes","tag-boulos","tag-censura","tag-corrupcao","tag-eleicoes-2024","tag-governo-corrupto","tag-governo-lula","tag-nicolas-maduro","tag-perseguicoes","tag-petrobras","tag-venezuela"],"yoast_head":"<!-- This site is optimized with the Yoast SEO plugin v26.5 - https:\/\/yoast.com\/wordpress\/plugins\/seo\/ -->\n<title>A Semana no Brasil e no Mundo \u2014 Processo sigiloso exp\u00f5e erros e contradi\u00e7\u00f5es de Moraes no uso de \u00f3rg\u00e3o do TSE, diz Folha - Jornal Fatos e Not\u00edcias<\/title>\n<meta name=\"robots\" content=\"index, follow, max-snippet:-1, max-image-preview:large, max-video-preview:-1\" \/>\n<link rel=\"canonical\" href=\"https:\/\/jornalfatosenoticias.com.br\/index.php\/2024\/08\/22\/a-semana-no-brasil-e-no-mundo-processo-sigiloso-expoe-erros-e-contradicoes-de-moraes-no-uso-de-orgao-do-tse-diz-folha\/\" \/>\n<meta property=\"og:locale\" content=\"pt_BR\" \/>\n<meta property=\"og:type\" content=\"article\" \/>\n<meta property=\"og:title\" content=\"A Semana no Brasil e no Mundo \u2014 Processo sigiloso exp\u00f5e erros e contradi\u00e7\u00f5es de Moraes no uso de \u00f3rg\u00e3o do TSE, diz Folha - Jornal Fatos e Not\u00edcias\" \/>\n<meta property=\"og:description\" content=\"Segundo uma nova revela\u00e7\u00e3o do jornal Folha de S. Paulo, um processo mantido em sigilo por quase dois anos contra o ex-deputado estadual Homero Marchese, cujas redes sociais foram bloqueadas por ordem do ministro Alexandre de Moraes, revela erros cr\u00edticos, o uso informal do \u00f3rg\u00e3o de combate \u00e0 desinforma\u00e7\u00e3o do Tribunal Superior Eleitoral (TSE) e [&hellip;]\" \/>\n<meta property=\"og:url\" content=\"https:\/\/jornalfatosenoticias.com.br\/index.php\/2024\/08\/22\/a-semana-no-brasil-e-no-mundo-processo-sigiloso-expoe-erros-e-contradicoes-de-moraes-no-uso-de-orgao-do-tse-diz-folha\/\" \/>\n<meta property=\"og:site_name\" content=\"Jornal Fatos e Not\u00edcias\" \/>\n<meta property=\"article:published_time\" content=\"2024-08-22T19:47:43+00:00\" \/>\n<meta property=\"article:modified_time\" content=\"2024-08-22T19:47:46+00:00\" \/>\n<meta property=\"og:image\" content=\"https:\/\/jornalfatosenoticias.com.br\/wp-content\/uploads\/2024\/08\/xandao-cabeca-de-ovo_gettyimages-1.jpg\" \/>\n\t<meta property=\"og:image:width\" content=\"612\" \/>\n\t<meta property=\"og:image:height\" content=\"409\" \/>\n\t<meta property=\"og:image:type\" content=\"image\/jpeg\" \/>\n<meta name=\"author\" content=\"Haroldo Filho\" \/>\n<meta name=\"twitter:card\" content=\"summary_large_image\" \/>\n<meta name=\"twitter:label1\" content=\"Escrito por\" \/>\n\t<meta name=\"twitter:data1\" content=\"Haroldo Filho\" \/>\n\t<meta name=\"twitter:label2\" content=\"Est. tempo de leitura\" \/>\n\t<meta name=\"twitter:data2\" content=\"15 minutos\" \/>\n<script type=\"application\/ld+json\" class=\"yoast-schema-graph\">{\"@context\":\"https:\/\/schema.org\",\"@graph\":[{\"@type\":\"Article\",\"@id\":\"https:\/\/jornalfatosenoticias.com.br\/index.php\/2024\/08\/22\/a-semana-no-brasil-e-no-mundo-processo-sigiloso-expoe-erros-e-contradicoes-de-moraes-no-uso-de-orgao-do-tse-diz-folha\/#article\",\"isPartOf\":{\"@id\":\"https:\/\/jornalfatosenoticias.com.br\/index.php\/2024\/08\/22\/a-semana-no-brasil-e-no-mundo-processo-sigiloso-expoe-erros-e-contradicoes-de-moraes-no-uso-de-orgao-do-tse-diz-folha\/\"},\"author\":{\"name\":\"Haroldo Filho\",\"@id\":\"https:\/\/jornalfatosenoticias.com.br\/#\/schema\/person\/05c46cc25b42a5c27e004fb0fa6b4965\"},\"headline\":\"A Semana no Brasil e no Mundo \u2014 Processo sigiloso exp\u00f5e erros e contradi\u00e7\u00f5es de Moraes no uso de \u00f3rg\u00e3o do TSE, diz Folha\",\"datePublished\":\"2024-08-22T19:47:43+00:00\",\"dateModified\":\"2024-08-22T19:47:46+00:00\",\"mainEntityOfPage\":{\"@id\":\"https:\/\/jornalfatosenoticias.com.br\/index.php\/2024\/08\/22\/a-semana-no-brasil-e-no-mundo-processo-sigiloso-expoe-erros-e-contradicoes-de-moraes-no-uso-de-orgao-do-tse-diz-folha\/\"},\"wordCount\":3097,\"commentCount\":0,\"publisher\":{\"@id\":\"https:\/\/jornalfatosenoticias.com.br\/#organization\"},\"image\":{\"@id\":\"https:\/\/jornalfatosenoticias.com.br\/index.php\/2024\/08\/22\/a-semana-no-brasil-e-no-mundo-processo-sigiloso-expoe-erros-e-contradicoes-de-moraes-no-uso-de-orgao-do-tse-diz-folha\/#primaryimage\"},\"thumbnailUrl\":\"https:\/\/jornalfatosenoticias.com.br\/wp-content\/uploads\/2024\/08\/xandao-cabeca-de-ovo_gettyimages-1.jpg\",\"keywords\":[\"Alexandre de Moraes\",\"Boulos\",\"censura\",\"corrup\u00e7\u00e3o\",\"elei\u00e7\u00f5es 2024\",\"governo corrupto\",\"governo Lula\",\"Nicol\u00e1s Maduro\",\"persegui\u00e7\u00f5es\",\"Petrobras\",\"Venezuela\"],\"articleSection\":[\"Pol\u00edtica\"],\"inLanguage\":\"pt-BR\",\"potentialAction\":[{\"@type\":\"CommentAction\",\"name\":\"Comment\",\"target\":[\"https:\/\/jornalfatosenoticias.com.br\/index.php\/2024\/08\/22\/a-semana-no-brasil-e-no-mundo-processo-sigiloso-expoe-erros-e-contradicoes-de-moraes-no-uso-de-orgao-do-tse-diz-folha\/#respond\"]}]},{\"@type\":\"WebPage\",\"@id\":\"https:\/\/jornalfatosenoticias.com.br\/index.php\/2024\/08\/22\/a-semana-no-brasil-e-no-mundo-processo-sigiloso-expoe-erros-e-contradicoes-de-moraes-no-uso-de-orgao-do-tse-diz-folha\/\",\"url\":\"https:\/\/jornalfatosenoticias.com.br\/index.php\/2024\/08\/22\/a-semana-no-brasil-e-no-mundo-processo-sigiloso-expoe-erros-e-contradicoes-de-moraes-no-uso-de-orgao-do-tse-diz-folha\/\",\"name\":\"A Semana no Brasil e no Mundo \u2014 Processo sigiloso exp\u00f5e erros e contradi\u00e7\u00f5es de Moraes no uso de \u00f3rg\u00e3o do TSE, diz Folha - Jornal Fatos e Not\u00edcias\",\"isPartOf\":{\"@id\":\"https:\/\/jornalfatosenoticias.com.br\/#website\"},\"primaryImageOfPage\":{\"@id\":\"https:\/\/jornalfatosenoticias.com.br\/index.php\/2024\/08\/22\/a-semana-no-brasil-e-no-mundo-processo-sigiloso-expoe-erros-e-contradicoes-de-moraes-no-uso-de-orgao-do-tse-diz-folha\/#primaryimage\"},\"image\":{\"@id\":\"https:\/\/jornalfatosenoticias.com.br\/index.php\/2024\/08\/22\/a-semana-no-brasil-e-no-mundo-processo-sigiloso-expoe-erros-e-contradicoes-de-moraes-no-uso-de-orgao-do-tse-diz-folha\/#primaryimage\"},\"thumbnailUrl\":\"https:\/\/jornalfatosenoticias.com.br\/wp-content\/uploads\/2024\/08\/xandao-cabeca-de-ovo_gettyimages-1.jpg\",\"datePublished\":\"2024-08-22T19:47:43+00:00\",\"dateModified\":\"2024-08-22T19:47:46+00:00\",\"breadcrumb\":{\"@id\":\"https:\/\/jornalfatosenoticias.com.br\/index.php\/2024\/08\/22\/a-semana-no-brasil-e-no-mundo-processo-sigiloso-expoe-erros-e-contradicoes-de-moraes-no-uso-de-orgao-do-tse-diz-folha\/#breadcrumb\"},\"inLanguage\":\"pt-BR\",\"potentialAction\":[{\"@type\":\"ReadAction\",\"target\":[\"https:\/\/jornalfatosenoticias.com.br\/index.php\/2024\/08\/22\/a-semana-no-brasil-e-no-mundo-processo-sigiloso-expoe-erros-e-contradicoes-de-moraes-no-uso-de-orgao-do-tse-diz-folha\/\"]}]},{\"@type\":\"ImageObject\",\"inLanguage\":\"pt-BR\",\"@id\":\"https:\/\/jornalfatosenoticias.com.br\/index.php\/2024\/08\/22\/a-semana-no-brasil-e-no-mundo-processo-sigiloso-expoe-erros-e-contradicoes-de-moraes-no-uso-de-orgao-do-tse-diz-folha\/#primaryimage\",\"url\":\"https:\/\/jornalfatosenoticias.com.br\/wp-content\/uploads\/2024\/08\/xandao-cabeca-de-ovo_gettyimages-1.jpg\",\"contentUrl\":\"https:\/\/jornalfatosenoticias.com.br\/wp-content\/uploads\/2024\/08\/xandao-cabeca-de-ovo_gettyimages-1.jpg\",\"width\":612,\"height\":409,\"caption\":\"The Supreme Court's Judge Alexandre de Moraes speaks during a session in Brasilia on June 18, 2024, to analyse charges against alleged silent partners in the murder of Rio de Janeiro councilwoman Marielle Franco. The First Chamber of the Supreme Court is considering whether or not to accept the complaint filed by the Attorney General's Office (PGR) against federal deputy Chiquinho Braz\u00e3o, his brother Domingos Braz\u00e3o, and police chief Rivaldo Barbosa, former head of Rio's Civil Police. (Photo by EVARISTO SA \/ AFP) (Photo by EVARISTO SA\/AFP via Getty Images)\"},{\"@type\":\"BreadcrumbList\",\"@id\":\"https:\/\/jornalfatosenoticias.com.br\/index.php\/2024\/08\/22\/a-semana-no-brasil-e-no-mundo-processo-sigiloso-expoe-erros-e-contradicoes-de-moraes-no-uso-de-orgao-do-tse-diz-folha\/#breadcrumb\",\"itemListElement\":[{\"@type\":\"ListItem\",\"position\":1,\"name\":\"In\u00edcio\",\"item\":\"https:\/\/jornalfatosenoticias.com.br\/\"},{\"@type\":\"ListItem\",\"position\":2,\"name\":\"A Semana no Brasil e no Mundo \u2014 Processo sigiloso exp\u00f5e erros e contradi\u00e7\u00f5es de Moraes no uso de \u00f3rg\u00e3o do TSE, diz Folha\"}]},{\"@type\":\"WebSite\",\"@id\":\"https:\/\/jornalfatosenoticias.com.br\/#website\",\"url\":\"https:\/\/jornalfatosenoticias.com.br\/\",\"name\":\"Jornal Fatos e Not\u00edcias\",\"description\":\"Not\u00edcias em geral\",\"publisher\":{\"@id\":\"https:\/\/jornalfatosenoticias.com.br\/#organization\"},\"potentialAction\":[{\"@type\":\"SearchAction\",\"target\":{\"@type\":\"EntryPoint\",\"urlTemplate\":\"https:\/\/jornalfatosenoticias.com.br\/?s={search_term_string}\"},\"query-input\":{\"@type\":\"PropertyValueSpecification\",\"valueRequired\":true,\"valueName\":\"search_term_string\"}}],\"inLanguage\":\"pt-BR\"},{\"@type\":\"Organization\",\"@id\":\"https:\/\/jornalfatosenoticias.com.br\/#organization\",\"name\":\"Jornal Fatos e Not\u00edcias\",\"url\":\"https:\/\/jornalfatosenoticias.com.br\/\",\"logo\":{\"@type\":\"ImageObject\",\"inLanguage\":\"pt-BR\",\"@id\":\"https:\/\/jornalfatosenoticias.com.br\/#\/schema\/logo\/image\/\",\"url\":\"https:\/\/jornalfatosenoticias.com.br\/wp-content\/uploads\/2020\/02\/logo120.png\",\"contentUrl\":\"https:\/\/jornalfatosenoticias.com.br\/wp-content\/uploads\/2020\/02\/logo120.png\",\"width\":1227,\"height\":120,\"caption\":\"Jornal Fatos e Not\u00edcias\"},\"image\":{\"@id\":\"https:\/\/jornalfatosenoticias.com.br\/#\/schema\/logo\/image\/\"}},{\"@type\":\"Person\",\"@id\":\"https:\/\/jornalfatosenoticias.com.br\/#\/schema\/person\/05c46cc25b42a5c27e004fb0fa6b4965\",\"name\":\"Haroldo Filho\",\"image\":{\"@type\":\"ImageObject\",\"inLanguage\":\"pt-BR\",\"@id\":\"https:\/\/jornalfatosenoticias.com.br\/#\/schema\/person\/image\/\",\"url\":\"https:\/\/jornalfatosenoticias.com.br\/wp-content\/uploads\/2025\/08\/WhatsApp-Image-2025-08-18-at-15.30.28-150x150.jpeg\",\"contentUrl\":\"https:\/\/jornalfatosenoticias.com.br\/wp-content\/uploads\/2025\/08\/WhatsApp-Image-2025-08-18-at-15.30.28-150x150.jpeg\",\"caption\":\"Haroldo Filho\"},\"description\":\"Jornalista \u2013 DRT: 0003818\/ES Coordenador-geral da ONG Educar para Crescer\",\"url\":\"https:\/\/jornalfatosenoticias.com.br\/index.php\/author\/haroldo\/\"}]}<\/script>\n<!-- \/ Yoast SEO plugin. -->","yoast_head_json":{"title":"A Semana no Brasil e no Mundo \u2014 Processo sigiloso exp\u00f5e erros e contradi\u00e7\u00f5es de Moraes no uso de \u00f3rg\u00e3o do TSE, diz Folha - Jornal Fatos e Not\u00edcias","robots":{"index":"index","follow":"follow","max-snippet":"max-snippet:-1","max-image-preview":"max-image-preview:large","max-video-preview":"max-video-preview:-1"},"canonical":"https:\/\/jornalfatosenoticias.com.br\/index.php\/2024\/08\/22\/a-semana-no-brasil-e-no-mundo-processo-sigiloso-expoe-erros-e-contradicoes-de-moraes-no-uso-de-orgao-do-tse-diz-folha\/","og_locale":"pt_BR","og_type":"article","og_title":"A Semana no Brasil e no Mundo \u2014 Processo sigiloso exp\u00f5e erros e contradi\u00e7\u00f5es de Moraes no uso de \u00f3rg\u00e3o do TSE, diz Folha - Jornal Fatos e Not\u00edcias","og_description":"Segundo uma nova revela\u00e7\u00e3o do jornal Folha de S. Paulo, um processo mantido em sigilo por quase dois anos contra o ex-deputado estadual Homero Marchese, cujas redes sociais foram bloqueadas por ordem do ministro Alexandre de Moraes, revela erros cr\u00edticos, o uso informal do \u00f3rg\u00e3o de combate \u00e0 desinforma\u00e7\u00e3o do Tribunal Superior Eleitoral (TSE) e [&hellip;]","og_url":"https:\/\/jornalfatosenoticias.com.br\/index.php\/2024\/08\/22\/a-semana-no-brasil-e-no-mundo-processo-sigiloso-expoe-erros-e-contradicoes-de-moraes-no-uso-de-orgao-do-tse-diz-folha\/","og_site_name":"Jornal Fatos e Not\u00edcias","article_published_time":"2024-08-22T19:47:43+00:00","article_modified_time":"2024-08-22T19:47:46+00:00","og_image":[{"width":612,"height":409,"url":"https:\/\/jornalfatosenoticias.com.br\/wp-content\/uploads\/2024\/08\/xandao-cabeca-de-ovo_gettyimages-1.jpg","type":"image\/jpeg"}],"author":"Haroldo Filho","twitter_card":"summary_large_image","twitter_misc":{"Escrito por":"Haroldo Filho","Est. tempo de leitura":"15 minutos"},"schema":{"@context":"https:\/\/schema.org","@graph":[{"@type":"Article","@id":"https:\/\/jornalfatosenoticias.com.br\/index.php\/2024\/08\/22\/a-semana-no-brasil-e-no-mundo-processo-sigiloso-expoe-erros-e-contradicoes-de-moraes-no-uso-de-orgao-do-tse-diz-folha\/#article","isPartOf":{"@id":"https:\/\/jornalfatosenoticias.com.br\/index.php\/2024\/08\/22\/a-semana-no-brasil-e-no-mundo-processo-sigiloso-expoe-erros-e-contradicoes-de-moraes-no-uso-de-orgao-do-tse-diz-folha\/"},"author":{"name":"Haroldo Filho","@id":"https:\/\/jornalfatosenoticias.com.br\/#\/schema\/person\/05c46cc25b42a5c27e004fb0fa6b4965"},"headline":"A Semana no Brasil e no Mundo \u2014 Processo sigiloso exp\u00f5e erros e contradi\u00e7\u00f5es de Moraes no uso de \u00f3rg\u00e3o do TSE, diz Folha","datePublished":"2024-08-22T19:47:43+00:00","dateModified":"2024-08-22T19:47:46+00:00","mainEntityOfPage":{"@id":"https:\/\/jornalfatosenoticias.com.br\/index.php\/2024\/08\/22\/a-semana-no-brasil-e-no-mundo-processo-sigiloso-expoe-erros-e-contradicoes-de-moraes-no-uso-de-orgao-do-tse-diz-folha\/"},"wordCount":3097,"commentCount":0,"publisher":{"@id":"https:\/\/jornalfatosenoticias.com.br\/#organization"},"image":{"@id":"https:\/\/jornalfatosenoticias.com.br\/index.php\/2024\/08\/22\/a-semana-no-brasil-e-no-mundo-processo-sigiloso-expoe-erros-e-contradicoes-de-moraes-no-uso-de-orgao-do-tse-diz-folha\/#primaryimage"},"thumbnailUrl":"https:\/\/jornalfatosenoticias.com.br\/wp-content\/uploads\/2024\/08\/xandao-cabeca-de-ovo_gettyimages-1.jpg","keywords":["Alexandre de Moraes","Boulos","censura","corrup\u00e7\u00e3o","elei\u00e7\u00f5es 2024","governo corrupto","governo Lula","Nicol\u00e1s Maduro","persegui\u00e7\u00f5es","Petrobras","Venezuela"],"articleSection":["Pol\u00edtica"],"inLanguage":"pt-BR","potentialAction":[{"@type":"CommentAction","name":"Comment","target":["https:\/\/jornalfatosenoticias.com.br\/index.php\/2024\/08\/22\/a-semana-no-brasil-e-no-mundo-processo-sigiloso-expoe-erros-e-contradicoes-de-moraes-no-uso-de-orgao-do-tse-diz-folha\/#respond"]}]},{"@type":"WebPage","@id":"https:\/\/jornalfatosenoticias.com.br\/index.php\/2024\/08\/22\/a-semana-no-brasil-e-no-mundo-processo-sigiloso-expoe-erros-e-contradicoes-de-moraes-no-uso-de-orgao-do-tse-diz-folha\/","url":"https:\/\/jornalfatosenoticias.com.br\/index.php\/2024\/08\/22\/a-semana-no-brasil-e-no-mundo-processo-sigiloso-expoe-erros-e-contradicoes-de-moraes-no-uso-de-orgao-do-tse-diz-folha\/","name":"A Semana no Brasil e no Mundo \u2014 Processo sigiloso exp\u00f5e erros e contradi\u00e7\u00f5es de Moraes no uso de \u00f3rg\u00e3o do TSE, diz Folha - Jornal Fatos e Not\u00edcias","isPartOf":{"@id":"https:\/\/jornalfatosenoticias.com.br\/#website"},"primaryImageOfPage":{"@id":"https:\/\/jornalfatosenoticias.com.br\/index.php\/2024\/08\/22\/a-semana-no-brasil-e-no-mundo-processo-sigiloso-expoe-erros-e-contradicoes-de-moraes-no-uso-de-orgao-do-tse-diz-folha\/#primaryimage"},"image":{"@id":"https:\/\/jornalfatosenoticias.com.br\/index.php\/2024\/08\/22\/a-semana-no-brasil-e-no-mundo-processo-sigiloso-expoe-erros-e-contradicoes-de-moraes-no-uso-de-orgao-do-tse-diz-folha\/#primaryimage"},"thumbnailUrl":"https:\/\/jornalfatosenoticias.com.br\/wp-content\/uploads\/2024\/08\/xandao-cabeca-de-ovo_gettyimages-1.jpg","datePublished":"2024-08-22T19:47:43+00:00","dateModified":"2024-08-22T19:47:46+00:00","breadcrumb":{"@id":"https:\/\/jornalfatosenoticias.com.br\/index.php\/2024\/08\/22\/a-semana-no-brasil-e-no-mundo-processo-sigiloso-expoe-erros-e-contradicoes-de-moraes-no-uso-de-orgao-do-tse-diz-folha\/#breadcrumb"},"inLanguage":"pt-BR","potentialAction":[{"@type":"ReadAction","target":["https:\/\/jornalfatosenoticias.com.br\/index.php\/2024\/08\/22\/a-semana-no-brasil-e-no-mundo-processo-sigiloso-expoe-erros-e-contradicoes-de-moraes-no-uso-de-orgao-do-tse-diz-folha\/"]}]},{"@type":"ImageObject","inLanguage":"pt-BR","@id":"https:\/\/jornalfatosenoticias.com.br\/index.php\/2024\/08\/22\/a-semana-no-brasil-e-no-mundo-processo-sigiloso-expoe-erros-e-contradicoes-de-moraes-no-uso-de-orgao-do-tse-diz-folha\/#primaryimage","url":"https:\/\/jornalfatosenoticias.com.br\/wp-content\/uploads\/2024\/08\/xandao-cabeca-de-ovo_gettyimages-1.jpg","contentUrl":"https:\/\/jornalfatosenoticias.com.br\/wp-content\/uploads\/2024\/08\/xandao-cabeca-de-ovo_gettyimages-1.jpg","width":612,"height":409,"caption":"The Supreme Court's Judge Alexandre de Moraes speaks during a session in Brasilia on June 18, 2024, to analyse charges against alleged silent partners in the murder of Rio de Janeiro councilwoman Marielle Franco. The First Chamber of the Supreme Court is considering whether or not to accept the complaint filed by the Attorney General's Office (PGR) against federal deputy Chiquinho Braz\u00e3o, his brother Domingos Braz\u00e3o, and police chief Rivaldo Barbosa, former head of Rio's Civil Police. (Photo by EVARISTO SA \/ AFP) (Photo by EVARISTO SA\/AFP via Getty Images)"},{"@type":"BreadcrumbList","@id":"https:\/\/jornalfatosenoticias.com.br\/index.php\/2024\/08\/22\/a-semana-no-brasil-e-no-mundo-processo-sigiloso-expoe-erros-e-contradicoes-de-moraes-no-uso-de-orgao-do-tse-diz-folha\/#breadcrumb","itemListElement":[{"@type":"ListItem","position":1,"name":"In\u00edcio","item":"https:\/\/jornalfatosenoticias.com.br\/"},{"@type":"ListItem","position":2,"name":"A Semana no Brasil e no Mundo \u2014 Processo sigiloso exp\u00f5e erros e contradi\u00e7\u00f5es de Moraes no uso de \u00f3rg\u00e3o do TSE, diz Folha"}]},{"@type":"WebSite","@id":"https:\/\/jornalfatosenoticias.com.br\/#website","url":"https:\/\/jornalfatosenoticias.com.br\/","name":"Jornal Fatos e Not\u00edcias","description":"Not\u00edcias em geral","publisher":{"@id":"https:\/\/jornalfatosenoticias.com.br\/#organization"},"potentialAction":[{"@type":"SearchAction","target":{"@type":"EntryPoint","urlTemplate":"https:\/\/jornalfatosenoticias.com.br\/?s={search_term_string}"},"query-input":{"@type":"PropertyValueSpecification","valueRequired":true,"valueName":"search_term_string"}}],"inLanguage":"pt-BR"},{"@type":"Organization","@id":"https:\/\/jornalfatosenoticias.com.br\/#organization","name":"Jornal Fatos e Not\u00edcias","url":"https:\/\/jornalfatosenoticias.com.br\/","logo":{"@type":"ImageObject","inLanguage":"pt-BR","@id":"https:\/\/jornalfatosenoticias.com.br\/#\/schema\/logo\/image\/","url":"https:\/\/jornalfatosenoticias.com.br\/wp-content\/uploads\/2020\/02\/logo120.png","contentUrl":"https:\/\/jornalfatosenoticias.com.br\/wp-content\/uploads\/2020\/02\/logo120.png","width":1227,"height":120,"caption":"Jornal Fatos e Not\u00edcias"},"image":{"@id":"https:\/\/jornalfatosenoticias.com.br\/#\/schema\/logo\/image\/"}},{"@type":"Person","@id":"https:\/\/jornalfatosenoticias.com.br\/#\/schema\/person\/05c46cc25b42a5c27e004fb0fa6b4965","name":"Haroldo Filho","image":{"@type":"ImageObject","inLanguage":"pt-BR","@id":"https:\/\/jornalfatosenoticias.com.br\/#\/schema\/person\/image\/","url":"https:\/\/jornalfatosenoticias.com.br\/wp-content\/uploads\/2025\/08\/WhatsApp-Image-2025-08-18-at-15.30.28-150x150.jpeg","contentUrl":"https:\/\/jornalfatosenoticias.com.br\/wp-content\/uploads\/2025\/08\/WhatsApp-Image-2025-08-18-at-15.30.28-150x150.jpeg","caption":"Haroldo Filho"},"description":"Jornalista \u2013 DRT: 0003818\/ES Coordenador-geral da ONG Educar para Crescer","url":"https:\/\/jornalfatosenoticias.com.br\/index.php\/author\/haroldo\/"}]}},"cc_featured_image_caption":{"caption_text":"(Foto: Getty Images)","source_text":"","source_url":""},"jetpack_featured_media_url":"https:\/\/jornalfatosenoticias.com.br\/wp-content\/uploads\/2024\/08\/xandao-cabeca-de-ovo_gettyimages-1.jpg","_links":{"self":[{"href":"https:\/\/jornalfatosenoticias.com.br\/index.php\/wp-json\/wp\/v2\/posts\/53694","targetHints":{"allow":["GET"]}}],"collection":[{"href":"https:\/\/jornalfatosenoticias.com.br\/index.php\/wp-json\/wp\/v2\/posts"}],"about":[{"href":"https:\/\/jornalfatosenoticias.com.br\/index.php\/wp-json\/wp\/v2\/types\/post"}],"author":[{"embeddable":true,"href":"https:\/\/jornalfatosenoticias.com.br\/index.php\/wp-json\/wp\/v2\/users\/3"}],"replies":[{"embeddable":true,"href":"https:\/\/jornalfatosenoticias.com.br\/index.php\/wp-json\/wp\/v2\/comments?post=53694"}],"version-history":[{"count":0,"href":"https:\/\/jornalfatosenoticias.com.br\/index.php\/wp-json\/wp\/v2\/posts\/53694\/revisions"}],"wp:featuredmedia":[{"embeddable":true,"href":"https:\/\/jornalfatosenoticias.com.br\/index.php\/wp-json\/wp\/v2\/media\/53701"}],"wp:attachment":[{"href":"https:\/\/jornalfatosenoticias.com.br\/index.php\/wp-json\/wp\/v2\/media?parent=53694"}],"wp:term":[{"taxonomy":"category","embeddable":true,"href":"https:\/\/jornalfatosenoticias.com.br\/index.php\/wp-json\/wp\/v2\/categories?post=53694"},{"taxonomy":"post_tag","embeddable":true,"href":"https:\/\/jornalfatosenoticias.com.br\/index.php\/wp-json\/wp\/v2\/tags?post=53694"}],"curies":[{"name":"wp","href":"https:\/\/api.w.org\/{rel}","templated":true}]}}