{"id":53707,"date":"2024-08-26T11:05:46","date_gmt":"2024-08-26T14:05:46","guid":{"rendered":"https:\/\/jornalfatosenoticias.com.br\/?p=53707"},"modified":"2024-08-26T11:05:48","modified_gmt":"2024-08-26T14:05:48","slug":"aviao-espacial-com-motor-de-foguete-promete-feitos-ineditos","status":"publish","type":"post","link":"https:\/\/jornalfatosenoticias.com.br\/index.php\/2024\/08\/26\/aviao-espacial-com-motor-de-foguete-promete-feitos-ineditos\/","title":{"rendered":"Avi\u00e3o espacial com motor de foguete promete feitos in\u00e9ditos"},"content":{"rendered":"\n<p><em><span class=\"has-inline-color has-black-color\">Testes em velocidades ilimitadas com o Mk-II Aurora foram divulgados pela Dawn Aerospace na semana passada<\/span><\/em><\/p>\n\n\n\n<p><span class=\"has-inline-color has-black-color\">Por <strong><a href=\"https:\/\/olhardigital.com.br\/author\/ana-julia\/\">Ana Julia Pilato<\/a><\/strong><\/span><\/p>\n\n\n\n<div class=\"wp-block-image\"><figure class=\"aligncenter size-large is-resized\"><a href=\"https:\/\/www.facebook.com\/vetor.vix\/\"><img loading=\"lazy\" decoding=\"async\" src=\"https:\/\/jornalfatosenoticias.com.br\/wp-content\/uploads\/2023\/09\/vetorvix1024_1.jpg\" alt=\"\" class=\"wp-image-44868\" width=\"516\" height=\"137\" srcset=\"https:\/\/jornalfatosenoticias.com.br\/wp-content\/uploads\/2023\/09\/vetorvix1024_1.jpg 1024w, https:\/\/jornalfatosenoticias.com.br\/wp-content\/uploads\/2023\/09\/vetorvix1024_1-300x80.jpg 300w, https:\/\/jornalfatosenoticias.com.br\/wp-content\/uploads\/2023\/09\/vetorvix1024_1-768x205.jpg 768w\" sizes=\"auto, (max-width: 516px) 100vw, 516px\" \/><\/a><\/figure><\/div>\n\n\n\n<p>A <strong><a href=\"https:\/\/olhardigital.com.br\/tag\/dawn-aerospace\/\">Dawn Aerospace<\/a>\u00a0<a href=\"https:\/\/www.dawnaerospace.com\/latest-news\/campaign2-2update\">revelou<\/a><\/strong>, na semana passada, os resultados dos\u00a0<a href=\"https:\/\/olhardigital.com.br\/2024\/07\/14\/carros-e-tecnologia\/aviao-espacial-com-motor-de-foguete-fara-testes-sem-limite-de-velocidade\/\"><strong>voos de teste<\/strong><\/a>\u00a0em velocidades ilimitadas com o Mk-II Aurora. De acordo com a empresa, o avi\u00e3o espacial\u00a0<a href=\"https:\/\/olhardigital.com.br\/tag\/suborbital\/\"><strong>suborbital<\/strong><\/a> alcan\u00e7ou velocidades trans\u00f4nicas de Mach 0,92 (967 km\/h) e altitude de 50.000 p\u00e9s (15.000 m) \u2014 avan\u00e7o de tr\u00eas e cinco vezes, respectivamente, em compara\u00e7\u00e3o a <strong><a href=\"https:\/\/olhardigital.com.br\/tag\/testes\/\">testes<\/a><\/strong> anteriores.<br>No momento, o avi\u00e3o espacial pousa, decola e voa da mesma forma que uma <strong><a href=\"https:\/\/olhardigital.com.br\/tag\/aeronave\/\">aeronave<\/a><\/strong> convencional, mas o objetivo \u00e9 ir aprimorando seu desempenho com o tempo. Com o pr\u00f3ximo teste previsto para come\u00e7ar em setembro, a empresa espera finalmente alcan\u00e7ar velocidades supers\u00f4nicas, al\u00e9m de tornar o Mk-II Aurora o primeiro ve\u00edculo a voar acima de 100 km duas vezes em um s\u00f3 dia.<\/p>\n\n\n\n<div class=\"wp-block-image\"><figure class=\"aligncenter size-large is-resized\"><a href=\"https:\/\/www.instagram.com\/serra4x4cambioautomatico\/\"><img loading=\"lazy\" decoding=\"async\" src=\"https:\/\/jornalfatosenoticias.com.br\/wp-content\/uploads\/2024\/08\/Serra-4x4-1-886x1024.jpg\" alt=\"\" class=\"wp-image-53632\" width=\"338\" height=\"390\" srcset=\"https:\/\/jornalfatosenoticias.com.br\/wp-content\/uploads\/2024\/08\/Serra-4x4-1-886x1024.jpg 886w, https:\/\/jornalfatosenoticias.com.br\/wp-content\/uploads\/2024\/08\/Serra-4x4-1-260x300.jpg 260w, https:\/\/jornalfatosenoticias.com.br\/wp-content\/uploads\/2024\/08\/Serra-4x4-1-768x888.jpg 768w, https:\/\/jornalfatosenoticias.com.br\/wp-content\/uploads\/2024\/08\/Serra-4x4-1.jpg 1181w\" sizes=\"auto, (max-width: 338px) 100vw, 338px\" \/><\/a><\/figure><\/div>\n\n\n\n<p>Al\u00e9m da <strong><a href=\"https:\/\/olhardigital.com.br\/tag\/velocidade\/\">velocidade<\/a><\/strong> supers\u00f4nica, o pr\u00f3ximo teste tamb\u00e9m deve confirmar o design do envelope de voo (limites de opera\u00e7\u00e3o da aeronave) dos primeiros testes com o modelo Mk-IIB \u2014 com 10% mais empuxo e 30% mais impulso total.<\/p>\n\n\n\n<div class=\"wp-block-image\"><figure class=\"aligncenter size-large is-resized\"><a href=\"https:\/\/www.controlsystems.com.br\/\"><img loading=\"lazy\" decoding=\"async\" src=\"https:\/\/jornalfatosenoticias.com.br\/wp-content\/uploads\/2020\/02\/CONTROL-CS.jpg\" alt=\"\" class=\"wp-image-44991\" width=\"297\" height=\"355\" srcset=\"https:\/\/jornalfatosenoticias.com.br\/wp-content\/uploads\/2020\/02\/CONTROL-CS.jpg 834w, https:\/\/jornalfatosenoticias.com.br\/wp-content\/uploads\/2020\/02\/CONTROL-CS-250x300.jpg 250w, https:\/\/jornalfatosenoticias.com.br\/wp-content\/uploads\/2020\/02\/CONTROL-CS-768x921.jpg 768w\" sizes=\"auto, (max-width: 297px) 100vw, 297px\" \/><\/a><\/figure><\/div>\n\n\n\n<p>De acordo com a empresa, os objetivos principais s\u00e3o de que, at\u00e9 o fim de 2025, o avi\u00e3o espacial consiga subir de altitude mais r\u00e1pido que um ca\u00e7a F-15; voar mais alto que um MiG-25; superar a velocidade de um SR-71; e, como mencionado, voar acima de 100 km (superando a Linha de K\u00e1rm\u00e1n) duas vezes em um \u00fanico dia.<\/p>\n\n\n\n<div class=\"wp-block-image\"><figure class=\"aligncenter size-large\"><a href=\"http:\/\/www.ferrarimaquinas.com.br\/\"><img loading=\"lazy\" decoding=\"async\" width=\"300\" height=\"250\" src=\"https:\/\/jornalfatosenoticias.com.br\/wp-content\/uploads\/2022\/02\/FERRARI_MAQUINAS-E-FERRAMENTAS2.jpg\" alt=\"\" class=\"wp-image-27860\"\/><\/a><\/figure><\/div>\n\n\n\n<blockquote class=\"wp-block-quote is-layout-flow wp-block-quote-is-layout-flow\"><p><span class=\"has-inline-color has-luminous-vivid-orange-color\">Espero que estejamos levando as primeiras cargas \u00fateis para altitudes moderadas no Mk-IIA antes do final deste ano, e muitas mais com o Mk-IIB em 2025 e 2026. A tra\u00e7\u00e3o comercial ajudar\u00e1 a informar as pr\u00f3ximas decis\u00f5es de desenvolvimento do ve\u00edculo\u201d, disse Stefan Powell, CEO da Dawn Aerospace.<\/span><\/p><\/blockquote>\n\n\n\n<figure class=\"wp-block-embed-youtube wp-block-embed is-type-video is-provider-youtube wp-embed-aspect-16-9 wp-has-aspect-ratio\"><div class=\"wp-block-embed__wrapper\">\n<iframe loading=\"lazy\" title=\"Dawn Aerospace, Mk-II Aurora, Flight 53 to Mach 0.9, 50,000ft.\" width=\"660\" height=\"371\" src=\"https:\/\/www.youtube.com\/embed\/S0sJZbVcdRw?feature=oembed\" frameborder=\"0\" allow=\"accelerometer; autoplay; clipboard-write; encrypted-media; gyroscope; picture-in-picture; web-share\" referrerpolicy=\"strict-origin-when-cross-origin\" allowfullscreen><\/iframe>\n<\/div><\/figure>\n\n\n\n<p><strong><em>Fonte: <a href=\"https:\/\/olhardigital.com.br\/2024\/08\/13\/carros-e-tecnologia\/aviao-espacial-com-motor-de-foguete-promete-feitos-ineditos-conheca-o-modelo\/\">Olhar Digital<\/a><\/em><\/strong><\/p>\n","protected":false},"excerpt":{"rendered":"<p>Testes em velocidades ilimitadas com o Mk-II Aurora foram divulgados pela Dawn Aerospace na semana passada Por Ana Julia Pilato A Dawn Aerospace\u00a0revelou, na semana passada, os resultados dos\u00a0voos de teste\u00a0em velocidades ilimitadas com o Mk-II Aurora. De acordo com a empresa, o avi\u00e3o espacial\u00a0suborbital alcan\u00e7ou velocidades trans\u00f4nicas de Mach 0,92 (967 km\/h) e altitude [&hellip;]<\/p>\n","protected":false},"author":2,"featured_media":53708,"comment_status":"open","ping_status":"open","sticky":false,"template":"","format":"standard","meta":{"footnotes":""},"categories":[3],"tags":[2428,24471,23089,5825,4199,1024,14674,3111],"class_list":["post-53707","post","type-post","status-publish","format-standard","has-post-thumbnail","hentry","category-tecnologia","tag-aeronave","tag-dawn-aerospace","tag-motor-de-foguete","tag-suborbital","tag-supersonico","tag-testes","tag-veiculo","tag-velocidade"],"yoast_head":"<!-- This site is optimized with the Yoast SEO plugin v26.5 - https:\/\/yoast.com\/wordpress\/plugins\/seo\/ -->\n<title>Avi\u00e3o espacial com motor de foguete promete feitos in\u00e9ditos - Jornal Fatos e Not\u00edcias<\/title>\n<meta name=\"robots\" content=\"index, follow, max-snippet:-1, max-image-preview:large, max-video-preview:-1\" \/>\n<link rel=\"canonical\" href=\"https:\/\/jornalfatosenoticias.com.br\/index.php\/2024\/08\/26\/aviao-espacial-com-motor-de-foguete-promete-feitos-ineditos\/\" \/>\n<meta property=\"og:locale\" content=\"pt_BR\" \/>\n<meta property=\"og:type\" content=\"article\" \/>\n<meta property=\"og:title\" content=\"Avi\u00e3o espacial com motor de foguete promete feitos in\u00e9ditos - Jornal Fatos e Not\u00edcias\" \/>\n<meta property=\"og:description\" content=\"Testes em velocidades ilimitadas com o Mk-II Aurora foram divulgados pela Dawn Aerospace na semana passada Por Ana Julia Pilato A Dawn Aerospace\u00a0revelou, na semana passada, os resultados dos\u00a0voos de teste\u00a0em velocidades ilimitadas com o Mk-II Aurora. De acordo com a empresa, o avi\u00e3o espacial\u00a0suborbital alcan\u00e7ou velocidades trans\u00f4nicas de Mach 0,92 (967 km\/h) e altitude [&hellip;]\" \/>\n<meta property=\"og:url\" content=\"https:\/\/jornalfatosenoticias.com.br\/index.php\/2024\/08\/26\/aviao-espacial-com-motor-de-foguete-promete-feitos-ineditos\/\" \/>\n<meta property=\"og:site_name\" content=\"Jornal Fatos e Not\u00edcias\" \/>\n<meta property=\"article:published_time\" content=\"2024-08-26T14:05:46+00:00\" \/>\n<meta property=\"article:modified_time\" content=\"2024-08-26T14:05:48+00:00\" \/>\n<meta property=\"og:image\" content=\"https:\/\/jornalfatosenoticias.com.br\/wp-content\/uploads\/2024\/08\/aviao-espacial.jpg\" \/>\n\t<meta property=\"og:image:width\" content=\"1000\" \/>\n\t<meta property=\"og:image:height\" content=\"562\" \/>\n\t<meta property=\"og:image:type\" content=\"image\/jpeg\" \/>\n<meta name=\"author\" content=\"Luzimara Fernandes\" \/>\n<meta name=\"twitter:card\" content=\"summary_large_image\" \/>\n<meta name=\"twitter:label1\" content=\"Escrito por\" \/>\n\t<meta name=\"twitter:data1\" content=\"Luzimara Fernandes\" \/>\n\t<meta name=\"twitter:label2\" content=\"Est. tempo de leitura\" \/>\n\t<meta name=\"twitter:data2\" content=\"2 minutos\" \/>\n<script type=\"application\/ld+json\" class=\"yoast-schema-graph\">{\"@context\":\"https:\/\/schema.org\",\"@graph\":[{\"@type\":\"Article\",\"@id\":\"https:\/\/jornalfatosenoticias.com.br\/index.php\/2024\/08\/26\/aviao-espacial-com-motor-de-foguete-promete-feitos-ineditos\/#article\",\"isPartOf\":{\"@id\":\"https:\/\/jornalfatosenoticias.com.br\/index.php\/2024\/08\/26\/aviao-espacial-com-motor-de-foguete-promete-feitos-ineditos\/\"},\"author\":{\"name\":\"Luzimara Fernandes\",\"@id\":\"https:\/\/jornalfatosenoticias.com.br\/#\/schema\/person\/d63837fa13ac8666eb9e74e0985d6f81\"},\"headline\":\"Avi\u00e3o espacial com motor de foguete promete feitos in\u00e9ditos\",\"datePublished\":\"2024-08-26T14:05:46+00:00\",\"dateModified\":\"2024-08-26T14:05:48+00:00\",\"mainEntityOfPage\":{\"@id\":\"https:\/\/jornalfatosenoticias.com.br\/index.php\/2024\/08\/26\/aviao-espacial-com-motor-de-foguete-promete-feitos-ineditos\/\"},\"wordCount\":342,\"commentCount\":0,\"publisher\":{\"@id\":\"https:\/\/jornalfatosenoticias.com.br\/#organization\"},\"image\":{\"@id\":\"https:\/\/jornalfatosenoticias.com.br\/index.php\/2024\/08\/26\/aviao-espacial-com-motor-de-foguete-promete-feitos-ineditos\/#primaryimage\"},\"thumbnailUrl\":\"https:\/\/jornalfatosenoticias.com.br\/wp-content\/uploads\/2024\/08\/aviao-espacial.jpg\",\"keywords\":[\"aeronave\",\"Dawn Aerospace\",\"motor de foguete\",\"suborbital\",\"supers\u00f4nico\",\"testes\",\"ve\u00edculo\",\"velocidade\"],\"articleSection\":[\"Tecnologia &amp; Inova\u00e7\u00e3o\"],\"inLanguage\":\"pt-BR\",\"potentialAction\":[{\"@type\":\"CommentAction\",\"name\":\"Comment\",\"target\":[\"https:\/\/jornalfatosenoticias.com.br\/index.php\/2024\/08\/26\/aviao-espacial-com-motor-de-foguete-promete-feitos-ineditos\/#respond\"]}]},{\"@type\":\"WebPage\",\"@id\":\"https:\/\/jornalfatosenoticias.com.br\/index.php\/2024\/08\/26\/aviao-espacial-com-motor-de-foguete-promete-feitos-ineditos\/\",\"url\":\"https:\/\/jornalfatosenoticias.com.br\/index.php\/2024\/08\/26\/aviao-espacial-com-motor-de-foguete-promete-feitos-ineditos\/\",\"name\":\"Avi\u00e3o espacial com motor de foguete promete feitos in\u00e9ditos - Jornal Fatos e Not\u00edcias\",\"isPartOf\":{\"@id\":\"https:\/\/jornalfatosenoticias.com.br\/#website\"},\"primaryImageOfPage\":{\"@id\":\"https:\/\/jornalfatosenoticias.com.br\/index.php\/2024\/08\/26\/aviao-espacial-com-motor-de-foguete-promete-feitos-ineditos\/#primaryimage\"},\"image\":{\"@id\":\"https:\/\/jornalfatosenoticias.com.br\/index.php\/2024\/08\/26\/aviao-espacial-com-motor-de-foguete-promete-feitos-ineditos\/#primaryimage\"},\"thumbnailUrl\":\"https:\/\/jornalfatosenoticias.com.br\/wp-content\/uploads\/2024\/08\/aviao-espacial.jpg\",\"datePublished\":\"2024-08-26T14:05:46+00:00\",\"dateModified\":\"2024-08-26T14:05:48+00:00\",\"breadcrumb\":{\"@id\":\"https:\/\/jornalfatosenoticias.com.br\/index.php\/2024\/08\/26\/aviao-espacial-com-motor-de-foguete-promete-feitos-ineditos\/#breadcrumb\"},\"inLanguage\":\"pt-BR\",\"potentialAction\":[{\"@type\":\"ReadAction\",\"target\":[\"https:\/\/jornalfatosenoticias.com.br\/index.php\/2024\/08\/26\/aviao-espacial-com-motor-de-foguete-promete-feitos-ineditos\/\"]}]},{\"@type\":\"ImageObject\",\"inLanguage\":\"pt-BR\",\"@id\":\"https:\/\/jornalfatosenoticias.com.br\/index.php\/2024\/08\/26\/aviao-espacial-com-motor-de-foguete-promete-feitos-ineditos\/#primaryimage\",\"url\":\"https:\/\/jornalfatosenoticias.com.br\/wp-content\/uploads\/2024\/08\/aviao-espacial.jpg\",\"contentUrl\":\"https:\/\/jornalfatosenoticias.com.br\/wp-content\/uploads\/2024\/08\/aviao-espacial.jpg\",\"width\":1000,\"height\":562},{\"@type\":\"BreadcrumbList\",\"@id\":\"https:\/\/jornalfatosenoticias.com.br\/index.php\/2024\/08\/26\/aviao-espacial-com-motor-de-foguete-promete-feitos-ineditos\/#breadcrumb\",\"itemListElement\":[{\"@type\":\"ListItem\",\"position\":1,\"name\":\"In\u00edcio\",\"item\":\"https:\/\/jornalfatosenoticias.com.br\/\"},{\"@type\":\"ListItem\",\"position\":2,\"name\":\"Avi\u00e3o espacial com motor de foguete promete feitos in\u00e9ditos\"}]},{\"@type\":\"WebSite\",\"@id\":\"https:\/\/jornalfatosenoticias.com.br\/#website\",\"url\":\"https:\/\/jornalfatosenoticias.com.br\/\",\"name\":\"Jornal Fatos e Not\u00edcias\",\"description\":\"Not\u00edcias em geral\",\"publisher\":{\"@id\":\"https:\/\/jornalfatosenoticias.com.br\/#organization\"},\"potentialAction\":[{\"@type\":\"SearchAction\",\"target\":{\"@type\":\"EntryPoint\",\"urlTemplate\":\"https:\/\/jornalfatosenoticias.com.br\/?s={search_term_string}\"},\"query-input\":{\"@type\":\"PropertyValueSpecification\",\"valueRequired\":true,\"valueName\":\"search_term_string\"}}],\"inLanguage\":\"pt-BR\"},{\"@type\":\"Organization\",\"@id\":\"https:\/\/jornalfatosenoticias.com.br\/#organization\",\"name\":\"Jornal Fatos e Not\u00edcias\",\"url\":\"https:\/\/jornalfatosenoticias.com.br\/\",\"logo\":{\"@type\":\"ImageObject\",\"inLanguage\":\"pt-BR\",\"@id\":\"https:\/\/jornalfatosenoticias.com.br\/#\/schema\/logo\/image\/\",\"url\":\"https:\/\/jornalfatosenoticias.com.br\/wp-content\/uploads\/2020\/02\/logo120.png\",\"contentUrl\":\"https:\/\/jornalfatosenoticias.com.br\/wp-content\/uploads\/2020\/02\/logo120.png\",\"width\":1227,\"height\":120,\"caption\":\"Jornal Fatos e Not\u00edcias\"},\"image\":{\"@id\":\"https:\/\/jornalfatosenoticias.com.br\/#\/schema\/logo\/image\/\"}},{\"@type\":\"Person\",\"@id\":\"https:\/\/jornalfatosenoticias.com.br\/#\/schema\/person\/d63837fa13ac8666eb9e74e0985d6f81\",\"name\":\"Luzimara Fernandes\",\"image\":{\"@type\":\"ImageObject\",\"inLanguage\":\"pt-BR\",\"@id\":\"https:\/\/jornalfatosenoticias.com.br\/#\/schema\/person\/image\/\",\"url\":\"https:\/\/jornalfatosenoticias.com.br\/wp-content\/uploads\/2025\/05\/EU_portal.jpg\",\"contentUrl\":\"https:\/\/jornalfatosenoticias.com.br\/wp-content\/uploads\/2025\/05\/EU_portal.jpg\",\"caption\":\"Luzimara Fernandes\"},\"description\":\"Jornalista MTB 2358-ES\",\"sameAs\":[\"https:\/\/jornalfatosenoticias.com.br\"],\"url\":\"https:\/\/jornalfatosenoticias.com.br\/index.php\/author\/luzimara\/\"}]}<\/script>\n<!-- \/ Yoast SEO plugin. -->","yoast_head_json":{"title":"Avi\u00e3o espacial com motor de foguete promete feitos in\u00e9ditos - Jornal Fatos e Not\u00edcias","robots":{"index":"index","follow":"follow","max-snippet":"max-snippet:-1","max-image-preview":"max-image-preview:large","max-video-preview":"max-video-preview:-1"},"canonical":"https:\/\/jornalfatosenoticias.com.br\/index.php\/2024\/08\/26\/aviao-espacial-com-motor-de-foguete-promete-feitos-ineditos\/","og_locale":"pt_BR","og_type":"article","og_title":"Avi\u00e3o espacial com motor de foguete promete feitos in\u00e9ditos - Jornal Fatos e Not\u00edcias","og_description":"Testes em velocidades ilimitadas com o Mk-II Aurora foram divulgados pela Dawn Aerospace na semana passada Por Ana Julia Pilato A Dawn Aerospace\u00a0revelou, na semana passada, os resultados dos\u00a0voos de teste\u00a0em velocidades ilimitadas com o Mk-II Aurora. De acordo com a empresa, o avi\u00e3o espacial\u00a0suborbital alcan\u00e7ou velocidades trans\u00f4nicas de Mach 0,92 (967 km\/h) e altitude [&hellip;]","og_url":"https:\/\/jornalfatosenoticias.com.br\/index.php\/2024\/08\/26\/aviao-espacial-com-motor-de-foguete-promete-feitos-ineditos\/","og_site_name":"Jornal Fatos e Not\u00edcias","article_published_time":"2024-08-26T14:05:46+00:00","article_modified_time":"2024-08-26T14:05:48+00:00","og_image":[{"width":1000,"height":562,"url":"https:\/\/jornalfatosenoticias.com.br\/wp-content\/uploads\/2024\/08\/aviao-espacial.jpg","type":"image\/jpeg"}],"author":"Luzimara Fernandes","twitter_card":"summary_large_image","twitter_misc":{"Escrito por":"Luzimara Fernandes","Est. tempo de leitura":"2 minutos"},"schema":{"@context":"https:\/\/schema.org","@graph":[{"@type":"Article","@id":"https:\/\/jornalfatosenoticias.com.br\/index.php\/2024\/08\/26\/aviao-espacial-com-motor-de-foguete-promete-feitos-ineditos\/#article","isPartOf":{"@id":"https:\/\/jornalfatosenoticias.com.br\/index.php\/2024\/08\/26\/aviao-espacial-com-motor-de-foguete-promete-feitos-ineditos\/"},"author":{"name":"Luzimara Fernandes","@id":"https:\/\/jornalfatosenoticias.com.br\/#\/schema\/person\/d63837fa13ac8666eb9e74e0985d6f81"},"headline":"Avi\u00e3o espacial com motor de foguete promete feitos in\u00e9ditos","datePublished":"2024-08-26T14:05:46+00:00","dateModified":"2024-08-26T14:05:48+00:00","mainEntityOfPage":{"@id":"https:\/\/jornalfatosenoticias.com.br\/index.php\/2024\/08\/26\/aviao-espacial-com-motor-de-foguete-promete-feitos-ineditos\/"},"wordCount":342,"commentCount":0,"publisher":{"@id":"https:\/\/jornalfatosenoticias.com.br\/#organization"},"image":{"@id":"https:\/\/jornalfatosenoticias.com.br\/index.php\/2024\/08\/26\/aviao-espacial-com-motor-de-foguete-promete-feitos-ineditos\/#primaryimage"},"thumbnailUrl":"https:\/\/jornalfatosenoticias.com.br\/wp-content\/uploads\/2024\/08\/aviao-espacial.jpg","keywords":["aeronave","Dawn Aerospace","motor de foguete","suborbital","supers\u00f4nico","testes","ve\u00edculo","velocidade"],"articleSection":["Tecnologia &amp; Inova\u00e7\u00e3o"],"inLanguage":"pt-BR","potentialAction":[{"@type":"CommentAction","name":"Comment","target":["https:\/\/jornalfatosenoticias.com.br\/index.php\/2024\/08\/26\/aviao-espacial-com-motor-de-foguete-promete-feitos-ineditos\/#respond"]}]},{"@type":"WebPage","@id":"https:\/\/jornalfatosenoticias.com.br\/index.php\/2024\/08\/26\/aviao-espacial-com-motor-de-foguete-promete-feitos-ineditos\/","url":"https:\/\/jornalfatosenoticias.com.br\/index.php\/2024\/08\/26\/aviao-espacial-com-motor-de-foguete-promete-feitos-ineditos\/","name":"Avi\u00e3o espacial com motor de foguete promete feitos in\u00e9ditos - Jornal Fatos e Not\u00edcias","isPartOf":{"@id":"https:\/\/jornalfatosenoticias.com.br\/#website"},"primaryImageOfPage":{"@id":"https:\/\/jornalfatosenoticias.com.br\/index.php\/2024\/08\/26\/aviao-espacial-com-motor-de-foguete-promete-feitos-ineditos\/#primaryimage"},"image":{"@id":"https:\/\/jornalfatosenoticias.com.br\/index.php\/2024\/08\/26\/aviao-espacial-com-motor-de-foguete-promete-feitos-ineditos\/#primaryimage"},"thumbnailUrl":"https:\/\/jornalfatosenoticias.com.br\/wp-content\/uploads\/2024\/08\/aviao-espacial.jpg","datePublished":"2024-08-26T14:05:46+00:00","dateModified":"2024-08-26T14:05:48+00:00","breadcrumb":{"@id":"https:\/\/jornalfatosenoticias.com.br\/index.php\/2024\/08\/26\/aviao-espacial-com-motor-de-foguete-promete-feitos-ineditos\/#breadcrumb"},"inLanguage":"pt-BR","potentialAction":[{"@type":"ReadAction","target":["https:\/\/jornalfatosenoticias.com.br\/index.php\/2024\/08\/26\/aviao-espacial-com-motor-de-foguete-promete-feitos-ineditos\/"]}]},{"@type":"ImageObject","inLanguage":"pt-BR","@id":"https:\/\/jornalfatosenoticias.com.br\/index.php\/2024\/08\/26\/aviao-espacial-com-motor-de-foguete-promete-feitos-ineditos\/#primaryimage","url":"https:\/\/jornalfatosenoticias.com.br\/wp-content\/uploads\/2024\/08\/aviao-espacial.jpg","contentUrl":"https:\/\/jornalfatosenoticias.com.br\/wp-content\/uploads\/2024\/08\/aviao-espacial.jpg","width":1000,"height":562},{"@type":"BreadcrumbList","@id":"https:\/\/jornalfatosenoticias.com.br\/index.php\/2024\/08\/26\/aviao-espacial-com-motor-de-foguete-promete-feitos-ineditos\/#breadcrumb","itemListElement":[{"@type":"ListItem","position":1,"name":"In\u00edcio","item":"https:\/\/jornalfatosenoticias.com.br\/"},{"@type":"ListItem","position":2,"name":"Avi\u00e3o espacial com motor de foguete promete feitos in\u00e9ditos"}]},{"@type":"WebSite","@id":"https:\/\/jornalfatosenoticias.com.br\/#website","url":"https:\/\/jornalfatosenoticias.com.br\/","name":"Jornal Fatos e Not\u00edcias","description":"Not\u00edcias em geral","publisher":{"@id":"https:\/\/jornalfatosenoticias.com.br\/#organization"},"potentialAction":[{"@type":"SearchAction","target":{"@type":"EntryPoint","urlTemplate":"https:\/\/jornalfatosenoticias.com.br\/?s={search_term_string}"},"query-input":{"@type":"PropertyValueSpecification","valueRequired":true,"valueName":"search_term_string"}}],"inLanguage":"pt-BR"},{"@type":"Organization","@id":"https:\/\/jornalfatosenoticias.com.br\/#organization","name":"Jornal Fatos e Not\u00edcias","url":"https:\/\/jornalfatosenoticias.com.br\/","logo":{"@type":"ImageObject","inLanguage":"pt-BR","@id":"https:\/\/jornalfatosenoticias.com.br\/#\/schema\/logo\/image\/","url":"https:\/\/jornalfatosenoticias.com.br\/wp-content\/uploads\/2020\/02\/logo120.png","contentUrl":"https:\/\/jornalfatosenoticias.com.br\/wp-content\/uploads\/2020\/02\/logo120.png","width":1227,"height":120,"caption":"Jornal Fatos e Not\u00edcias"},"image":{"@id":"https:\/\/jornalfatosenoticias.com.br\/#\/schema\/logo\/image\/"}},{"@type":"Person","@id":"https:\/\/jornalfatosenoticias.com.br\/#\/schema\/person\/d63837fa13ac8666eb9e74e0985d6f81","name":"Luzimara Fernandes","image":{"@type":"ImageObject","inLanguage":"pt-BR","@id":"https:\/\/jornalfatosenoticias.com.br\/#\/schema\/person\/image\/","url":"https:\/\/jornalfatosenoticias.com.br\/wp-content\/uploads\/2025\/05\/EU_portal.jpg","contentUrl":"https:\/\/jornalfatosenoticias.com.br\/wp-content\/uploads\/2025\/05\/EU_portal.jpg","caption":"Luzimara Fernandes"},"description":"Jornalista MTB 2358-ES","sameAs":["https:\/\/jornalfatosenoticias.com.br"],"url":"https:\/\/jornalfatosenoticias.com.br\/index.php\/author\/luzimara\/"}]}},"cc_featured_image_caption":{"caption_text":"(Foto: Dawn Aerospace) ","source_text":"","source_url":""},"jetpack_featured_media_url":"https:\/\/jornalfatosenoticias.com.br\/wp-content\/uploads\/2024\/08\/aviao-espacial.jpg","_links":{"self":[{"href":"https:\/\/jornalfatosenoticias.com.br\/index.php\/wp-json\/wp\/v2\/posts\/53707","targetHints":{"allow":["GET"]}}],"collection":[{"href":"https:\/\/jornalfatosenoticias.com.br\/index.php\/wp-json\/wp\/v2\/posts"}],"about":[{"href":"https:\/\/jornalfatosenoticias.com.br\/index.php\/wp-json\/wp\/v2\/types\/post"}],"author":[{"embeddable":true,"href":"https:\/\/jornalfatosenoticias.com.br\/index.php\/wp-json\/wp\/v2\/users\/2"}],"replies":[{"embeddable":true,"href":"https:\/\/jornalfatosenoticias.com.br\/index.php\/wp-json\/wp\/v2\/comments?post=53707"}],"version-history":[{"count":0,"href":"https:\/\/jornalfatosenoticias.com.br\/index.php\/wp-json\/wp\/v2\/posts\/53707\/revisions"}],"wp:featuredmedia":[{"embeddable":true,"href":"https:\/\/jornalfatosenoticias.com.br\/index.php\/wp-json\/wp\/v2\/media\/53708"}],"wp:attachment":[{"href":"https:\/\/jornalfatosenoticias.com.br\/index.php\/wp-json\/wp\/v2\/media?parent=53707"}],"wp:term":[{"taxonomy":"category","embeddable":true,"href":"https:\/\/jornalfatosenoticias.com.br\/index.php\/wp-json\/wp\/v2\/categories?post=53707"},{"taxonomy":"post_tag","embeddable":true,"href":"https:\/\/jornalfatosenoticias.com.br\/index.php\/wp-json\/wp\/v2\/tags?post=53707"}],"curies":[{"name":"wp","href":"https:\/\/api.w.org\/{rel}","templated":true}]}}