{"id":53711,"date":"2024-08-26T11:15:04","date_gmt":"2024-08-26T14:15:04","guid":{"rendered":"https:\/\/jornalfatosenoticias.com.br\/?p=53711"},"modified":"2024-08-26T11:15:06","modified_gmt":"2024-08-26T14:15:06","slug":"agu-declara-inconstitucional-lei-no-rs-que-autoriza-a-criacao-de-escolas-civico-militares","status":"publish","type":"post","link":"https:\/\/jornalfatosenoticias.com.br\/index.php\/2024\/08\/26\/agu-declara-inconstitucional-lei-no-rs-que-autoriza-a-criacao-de-escolas-civico-militares\/","title":{"rendered":"AGU declara inconstitucional lei no RS que autoriza a cria\u00e7\u00e3o de escolas c\u00edvico-militares"},"content":{"rendered":"\n<p><em><span class=\"has-inline-color has-black-color\">Para entidade, somente o Congresso pode aprovar novos modelos<\/span><\/em><\/p>\n\n\n\n<p><span class=\"has-inline-color has-black-color\">Por <strong>Juliano Haesbaert<\/strong><\/span><\/p>\n\n\n\n<div class=\"wp-block-image\"><figure class=\"aligncenter size-large\"><a href=\"https:\/\/panper.com.br\/\"><img loading=\"lazy\" decoding=\"async\" width=\"1024\" height=\"111\" src=\"https:\/\/jornalfatosenoticias.com.br\/wp-content\/uploads\/2020\/02\/WhatsApp-Image-2022-09-23-at-12.09.18-1024x111.jpeg\" alt=\"\" class=\"wp-image-34527\" srcset=\"https:\/\/jornalfatosenoticias.com.br\/wp-content\/uploads\/2020\/02\/WhatsApp-Image-2022-09-23-at-12.09.18-1024x111.jpeg 1024w, https:\/\/jornalfatosenoticias.com.br\/wp-content\/uploads\/2020\/02\/WhatsApp-Image-2022-09-23-at-12.09.18-300x32.jpeg 300w, https:\/\/jornalfatosenoticias.com.br\/wp-content\/uploads\/2020\/02\/WhatsApp-Image-2022-09-23-at-12.09.18-768x83.jpeg 768w, https:\/\/jornalfatosenoticias.com.br\/wp-content\/uploads\/2020\/02\/WhatsApp-Image-2022-09-23-at-12.09.18.jpeg 1121w\" sizes=\"auto, (max-width: 1024px) 100vw, 1024px\" \/><\/a><\/figure><\/div>\n\n\n\n<p>A Advocacia-Geral da Uni\u00e3o (AGU) enviou ao Supremo Tribunal Federal (STF) parecer pela inconstitucionalidade da lei do Rio do Grande do Sul que autoriza a cria\u00e7\u00e3o de escolas c\u00edvico-militares no estado. A ado\u00e7\u00e3o do modelo \u00e9 questionada pela Confedera\u00e7\u00e3o Nacional dos Trabalhadores em <a href=\"https:\/\/www.terra.com.br\/noticias\/educacao\/agu-declara-inconstitucional-lei-no-rs-que-autoriza-a-criacao-de-escolas-civico-militares,fe54775c759f7940b0fb0a005500272ec390dlof.html#\">Educa\u00e7\u00e3o<\/a> (CNTE) e o Centro dos Professores do Estado do Rio Grande do Sul.<br>De acordo com as entidades, a Lei estadual 16.128\/2024, que autoriza o governo a instituir as escolas c\u00edvico-militares, extrapola as atribui\u00e7\u00f5es legais dos policiais militares e viola os princ\u00edpios da liberdade de c\u00e1tedra e do livre aprendizado. Para a AGU, somente o <a href=\"https:\/\/www.terra.com.br\/noticias\/educacao\/agu-declara-inconstitucional-lei-no-rs-que-autoriza-a-criacao-de-escolas-civico-militares,fe54775c759f7940b0fb0a005500272ec390dlof.html#\">Congresso Nacional<\/a> pode aprovar novos modelos educacionais. Al\u00e9m disso, segundo o \u00f3rg\u00e3o, a lei ga\u00facha n\u00e3o est\u00e1 de acordo com a Lei de Diretrizes e Bases da Educa\u00e7\u00e3o Nacional.<\/p>\n\n\n\n<div class=\"wp-block-image\"><figure class=\"aligncenter size-large\"><a href=\"https:\/\/cesconetto.com.br\/\"><img loading=\"lazy\" decoding=\"async\" width=\"300\" height=\"250\" src=\"https:\/\/jornalfatosenoticias.com.br\/wp-content\/uploads\/2020\/02\/Banner-2.png\" alt=\"\" class=\"wp-image-43787\"\/><\/a><\/figure><\/div>\n\n\n\n<blockquote class=\"wp-block-quote is-layout-flow wp-block-quote-is-layout-flow\"><p><span class=\"has-inline-color has-luminous-vivid-orange-color\">Resta demonstrada a inexist\u00eancia de fundamento constitucional que permita a cria\u00e7\u00e3o de escolas c\u00edvico-militares da forma como realizada pela legisla\u00e7\u00e3o sob invectiva, haja vista que a Constitui\u00e7\u00e3o Federal, mesmo considerando as caracter\u00edsticas do modelo federativo, n\u00e3o outorga aos estados federados a compet\u00eancia legislativa para instituir um modelo educacional distinto daquele delineado pela Lei n\u00ba 9.394\/1996&#8243;, argumenta a AGU. A a\u00e7\u00e3o \u00e9 relatada pelo ministro Dias Toffoli. N\u00e3o h\u00e1 prazo para julgamento.<\/span><\/p><\/blockquote>\n\n\n\n<div class=\"wp-block-image\"><figure class=\"aligncenter size-large is-resized\"><a href=\"https:\/\/hotelmarquetti.com.br\/\"><img loading=\"lazy\" decoding=\"async\" src=\"https:\/\/jornalfatosenoticias.com.br\/wp-content\/uploads\/2020\/02\/nova-logo-Marquetti.jpg\" alt=\"\" class=\"wp-image-22331\" width=\"344\" height=\"231\" srcset=\"https:\/\/jornalfatosenoticias.com.br\/wp-content\/uploads\/2020\/02\/nova-logo-Marquetti.jpg 643w, https:\/\/jornalfatosenoticias.com.br\/wp-content\/uploads\/2020\/02\/nova-logo-Marquetti-300x202.jpg 300w\" sizes=\"auto, (max-width: 344px) 100vw, 344px\" \/><\/a><\/figure><\/div>\n\n\n\n<p><strong><em>Fonte: <a href=\"https:\/\/www.terra.com.br\/noticias\/educacao\/agu-declara-inconstitucional-lei-no-rs-que-autoriza-a-criacao-de-escolas-civico-militares,fe54775c759f7940b0fb0a005500272ec390dlof.html\">Terra<\/a><\/em><\/strong><\/p>\n","protected":false},"excerpt":{"rendered":"<p>Para entidade, somente o Congresso pode aprovar novos modelos Por Juliano Haesbaert A Advocacia-Geral da Uni\u00e3o (AGU) enviou ao Supremo Tribunal Federal (STF) parecer pela inconstitucionalidade da lei do Rio do Grande do Sul que autoriza a cria\u00e7\u00e3o de escolas c\u00edvico-militares no estado. A ado\u00e7\u00e3o do modelo \u00e9 questionada pela Confedera\u00e7\u00e3o Nacional dos Trabalhadores em [&hellip;]<\/p>\n","protected":false},"author":2,"featured_media":53712,"comment_status":"open","ping_status":"open","sticky":false,"template":"","format":"standard","meta":{"footnotes":""},"categories":[7],"tags":[8175,24472,6817,4456],"class_list":["post-53711","post","type-post","status-publish","format-standard","has-post-thumbnail","hentry","category-educacao","tag-agu","tag-criacao-de-escolas-civico-militares","tag-escolas-civico-militares","tag-rs"],"yoast_head":"<!-- This site is optimized with the Yoast SEO plugin v26.5 - https:\/\/yoast.com\/wordpress\/plugins\/seo\/ -->\n<title>AGU declara inconstitucional lei no RS que autoriza a cria\u00e7\u00e3o de escolas c\u00edvico-militares - Jornal Fatos e Not\u00edcias<\/title>\n<meta name=\"robots\" content=\"index, follow, max-snippet:-1, max-image-preview:large, max-video-preview:-1\" \/>\n<link rel=\"canonical\" href=\"https:\/\/jornalfatosenoticias.com.br\/index.php\/2024\/08\/26\/agu-declara-inconstitucional-lei-no-rs-que-autoriza-a-criacao-de-escolas-civico-militares\/\" \/>\n<meta property=\"og:locale\" content=\"pt_BR\" \/>\n<meta property=\"og:type\" content=\"article\" \/>\n<meta property=\"og:title\" content=\"AGU declara inconstitucional lei no RS que autoriza a cria\u00e7\u00e3o de escolas c\u00edvico-militares - Jornal Fatos e Not\u00edcias\" \/>\n<meta property=\"og:description\" content=\"Para entidade, somente o Congresso pode aprovar novos modelos Por Juliano Haesbaert A Advocacia-Geral da Uni\u00e3o (AGU) enviou ao Supremo Tribunal Federal (STF) parecer pela inconstitucionalidade da lei do Rio do Grande do Sul que autoriza a cria\u00e7\u00e3o de escolas c\u00edvico-militares no estado. A ado\u00e7\u00e3o do modelo \u00e9 questionada pela Confedera\u00e7\u00e3o Nacional dos Trabalhadores em [&hellip;]\" \/>\n<meta property=\"og:url\" content=\"https:\/\/jornalfatosenoticias.com.br\/index.php\/2024\/08\/26\/agu-declara-inconstitucional-lei-no-rs-que-autoriza-a-criacao-de-escolas-civico-militares\/\" \/>\n<meta property=\"og:site_name\" content=\"Jornal Fatos e Not\u00edcias\" \/>\n<meta property=\"article:published_time\" content=\"2024-08-26T14:15:04+00:00\" \/>\n<meta property=\"article:modified_time\" content=\"2024-08-26T14:15:06+00:00\" \/>\n<meta property=\"og:image\" content=\"https:\/\/jornalfatosenoticias.com.br\/wp-content\/uploads\/2024\/08\/Escolas-civico-militares-Brasil.jpg\" \/>\n\t<meta property=\"og:image:width\" content=\"680\" \/>\n\t<meta property=\"og:image:height\" content=\"411\" \/>\n\t<meta property=\"og:image:type\" content=\"image\/jpeg\" \/>\n<meta name=\"author\" content=\"Luzimara Fernandes\" \/>\n<meta name=\"twitter:card\" content=\"summary_large_image\" \/>\n<meta name=\"twitter:label1\" content=\"Escrito por\" \/>\n\t<meta name=\"twitter:data1\" content=\"Luzimara Fernandes\" \/>\n\t<meta name=\"twitter:label2\" content=\"Est. tempo de leitura\" \/>\n\t<meta name=\"twitter:data2\" content=\"1 minuto\" \/>\n<script type=\"application\/ld+json\" class=\"yoast-schema-graph\">{\"@context\":\"https:\/\/schema.org\",\"@graph\":[{\"@type\":\"Article\",\"@id\":\"https:\/\/jornalfatosenoticias.com.br\/index.php\/2024\/08\/26\/agu-declara-inconstitucional-lei-no-rs-que-autoriza-a-criacao-de-escolas-civico-militares\/#article\",\"isPartOf\":{\"@id\":\"https:\/\/jornalfatosenoticias.com.br\/index.php\/2024\/08\/26\/agu-declara-inconstitucional-lei-no-rs-que-autoriza-a-criacao-de-escolas-civico-militares\/\"},\"author\":{\"name\":\"Luzimara Fernandes\",\"@id\":\"https:\/\/jornalfatosenoticias.com.br\/#\/schema\/person\/d63837fa13ac8666eb9e74e0985d6f81\"},\"headline\":\"AGU declara inconstitucional lei no RS que autoriza a cria\u00e7\u00e3o de escolas c\u00edvico-militares\",\"datePublished\":\"2024-08-26T14:15:04+00:00\",\"dateModified\":\"2024-08-26T14:15:06+00:00\",\"mainEntityOfPage\":{\"@id\":\"https:\/\/jornalfatosenoticias.com.br\/index.php\/2024\/08\/26\/agu-declara-inconstitucional-lei-no-rs-que-autoriza-a-criacao-de-escolas-civico-militares\/\"},\"wordCount\":249,\"commentCount\":0,\"publisher\":{\"@id\":\"https:\/\/jornalfatosenoticias.com.br\/#organization\"},\"image\":{\"@id\":\"https:\/\/jornalfatosenoticias.com.br\/index.php\/2024\/08\/26\/agu-declara-inconstitucional-lei-no-rs-que-autoriza-a-criacao-de-escolas-civico-militares\/#primaryimage\"},\"thumbnailUrl\":\"https:\/\/jornalfatosenoticias.com.br\/wp-content\/uploads\/2024\/08\/Escolas-civico-militares-Brasil.jpg\",\"keywords\":[\"AGU\",\"cria\u00e7\u00e3o de escolas c\u00edvico-militares\",\"escolas c\u00edvico-militares\",\"RS\"],\"articleSection\":[\"Educa\u00e7\u00e3o\"],\"inLanguage\":\"pt-BR\",\"potentialAction\":[{\"@type\":\"CommentAction\",\"name\":\"Comment\",\"target\":[\"https:\/\/jornalfatosenoticias.com.br\/index.php\/2024\/08\/26\/agu-declara-inconstitucional-lei-no-rs-que-autoriza-a-criacao-de-escolas-civico-militares\/#respond\"]}]},{\"@type\":\"WebPage\",\"@id\":\"https:\/\/jornalfatosenoticias.com.br\/index.php\/2024\/08\/26\/agu-declara-inconstitucional-lei-no-rs-que-autoriza-a-criacao-de-escolas-civico-militares\/\",\"url\":\"https:\/\/jornalfatosenoticias.com.br\/index.php\/2024\/08\/26\/agu-declara-inconstitucional-lei-no-rs-que-autoriza-a-criacao-de-escolas-civico-militares\/\",\"name\":\"AGU declara inconstitucional lei no RS que autoriza a cria\u00e7\u00e3o de escolas c\u00edvico-militares - Jornal Fatos e Not\u00edcias\",\"isPartOf\":{\"@id\":\"https:\/\/jornalfatosenoticias.com.br\/#website\"},\"primaryImageOfPage\":{\"@id\":\"https:\/\/jornalfatosenoticias.com.br\/index.php\/2024\/08\/26\/agu-declara-inconstitucional-lei-no-rs-que-autoriza-a-criacao-de-escolas-civico-militares\/#primaryimage\"},\"image\":{\"@id\":\"https:\/\/jornalfatosenoticias.com.br\/index.php\/2024\/08\/26\/agu-declara-inconstitucional-lei-no-rs-que-autoriza-a-criacao-de-escolas-civico-militares\/#primaryimage\"},\"thumbnailUrl\":\"https:\/\/jornalfatosenoticias.com.br\/wp-content\/uploads\/2024\/08\/Escolas-civico-militares-Brasil.jpg\",\"datePublished\":\"2024-08-26T14:15:04+00:00\",\"dateModified\":\"2024-08-26T14:15:06+00:00\",\"breadcrumb\":{\"@id\":\"https:\/\/jornalfatosenoticias.com.br\/index.php\/2024\/08\/26\/agu-declara-inconstitucional-lei-no-rs-que-autoriza-a-criacao-de-escolas-civico-militares\/#breadcrumb\"},\"inLanguage\":\"pt-BR\",\"potentialAction\":[{\"@type\":\"ReadAction\",\"target\":[\"https:\/\/jornalfatosenoticias.com.br\/index.php\/2024\/08\/26\/agu-declara-inconstitucional-lei-no-rs-que-autoriza-a-criacao-de-escolas-civico-militares\/\"]}]},{\"@type\":\"ImageObject\",\"inLanguage\":\"pt-BR\",\"@id\":\"https:\/\/jornalfatosenoticias.com.br\/index.php\/2024\/08\/26\/agu-declara-inconstitucional-lei-no-rs-que-autoriza-a-criacao-de-escolas-civico-militares\/#primaryimage\",\"url\":\"https:\/\/jornalfatosenoticias.com.br\/wp-content\/uploads\/2024\/08\/Escolas-civico-militares-Brasil.jpg\",\"contentUrl\":\"https:\/\/jornalfatosenoticias.com.br\/wp-content\/uploads\/2024\/08\/Escolas-civico-militares-Brasil.jpg\",\"width\":680,\"height\":411},{\"@type\":\"BreadcrumbList\",\"@id\":\"https:\/\/jornalfatosenoticias.com.br\/index.php\/2024\/08\/26\/agu-declara-inconstitucional-lei-no-rs-que-autoriza-a-criacao-de-escolas-civico-militares\/#breadcrumb\",\"itemListElement\":[{\"@type\":\"ListItem\",\"position\":1,\"name\":\"In\u00edcio\",\"item\":\"https:\/\/jornalfatosenoticias.com.br\/\"},{\"@type\":\"ListItem\",\"position\":2,\"name\":\"AGU declara inconstitucional lei no RS que autoriza a cria\u00e7\u00e3o de escolas c\u00edvico-militares\"}]},{\"@type\":\"WebSite\",\"@id\":\"https:\/\/jornalfatosenoticias.com.br\/#website\",\"url\":\"https:\/\/jornalfatosenoticias.com.br\/\",\"name\":\"Jornal Fatos e Not\u00edcias\",\"description\":\"Not\u00edcias em geral\",\"publisher\":{\"@id\":\"https:\/\/jornalfatosenoticias.com.br\/#organization\"},\"potentialAction\":[{\"@type\":\"SearchAction\",\"target\":{\"@type\":\"EntryPoint\",\"urlTemplate\":\"https:\/\/jornalfatosenoticias.com.br\/?s={search_term_string}\"},\"query-input\":{\"@type\":\"PropertyValueSpecification\",\"valueRequired\":true,\"valueName\":\"search_term_string\"}}],\"inLanguage\":\"pt-BR\"},{\"@type\":\"Organization\",\"@id\":\"https:\/\/jornalfatosenoticias.com.br\/#organization\",\"name\":\"Jornal Fatos e Not\u00edcias\",\"url\":\"https:\/\/jornalfatosenoticias.com.br\/\",\"logo\":{\"@type\":\"ImageObject\",\"inLanguage\":\"pt-BR\",\"@id\":\"https:\/\/jornalfatosenoticias.com.br\/#\/schema\/logo\/image\/\",\"url\":\"https:\/\/jornalfatosenoticias.com.br\/wp-content\/uploads\/2020\/02\/logo120.png\",\"contentUrl\":\"https:\/\/jornalfatosenoticias.com.br\/wp-content\/uploads\/2020\/02\/logo120.png\",\"width\":1227,\"height\":120,\"caption\":\"Jornal Fatos e Not\u00edcias\"},\"image\":{\"@id\":\"https:\/\/jornalfatosenoticias.com.br\/#\/schema\/logo\/image\/\"}},{\"@type\":\"Person\",\"@id\":\"https:\/\/jornalfatosenoticias.com.br\/#\/schema\/person\/d63837fa13ac8666eb9e74e0985d6f81\",\"name\":\"Luzimara Fernandes\",\"image\":{\"@type\":\"ImageObject\",\"inLanguage\":\"pt-BR\",\"@id\":\"https:\/\/jornalfatosenoticias.com.br\/#\/schema\/person\/image\/\",\"url\":\"https:\/\/jornalfatosenoticias.com.br\/wp-content\/uploads\/2025\/05\/EU_portal.jpg\",\"contentUrl\":\"https:\/\/jornalfatosenoticias.com.br\/wp-content\/uploads\/2025\/05\/EU_portal.jpg\",\"caption\":\"Luzimara Fernandes\"},\"description\":\"Jornalista MTB 2358-ES\",\"sameAs\":[\"https:\/\/jornalfatosenoticias.com.br\"],\"url\":\"https:\/\/jornalfatosenoticias.com.br\/index.php\/author\/luzimara\/\"}]}<\/script>\n<!-- \/ Yoast SEO plugin. -->","yoast_head_json":{"title":"AGU declara inconstitucional lei no RS que autoriza a cria\u00e7\u00e3o de escolas c\u00edvico-militares - Jornal Fatos e Not\u00edcias","robots":{"index":"index","follow":"follow","max-snippet":"max-snippet:-1","max-image-preview":"max-image-preview:large","max-video-preview":"max-video-preview:-1"},"canonical":"https:\/\/jornalfatosenoticias.com.br\/index.php\/2024\/08\/26\/agu-declara-inconstitucional-lei-no-rs-que-autoriza-a-criacao-de-escolas-civico-militares\/","og_locale":"pt_BR","og_type":"article","og_title":"AGU declara inconstitucional lei no RS que autoriza a cria\u00e7\u00e3o de escolas c\u00edvico-militares - Jornal Fatos e Not\u00edcias","og_description":"Para entidade, somente o Congresso pode aprovar novos modelos Por Juliano Haesbaert A Advocacia-Geral da Uni\u00e3o (AGU) enviou ao Supremo Tribunal Federal (STF) parecer pela inconstitucionalidade da lei do Rio do Grande do Sul que autoriza a cria\u00e7\u00e3o de escolas c\u00edvico-militares no estado. A ado\u00e7\u00e3o do modelo \u00e9 questionada pela Confedera\u00e7\u00e3o Nacional dos Trabalhadores em [&hellip;]","og_url":"https:\/\/jornalfatosenoticias.com.br\/index.php\/2024\/08\/26\/agu-declara-inconstitucional-lei-no-rs-que-autoriza-a-criacao-de-escolas-civico-militares\/","og_site_name":"Jornal Fatos e Not\u00edcias","article_published_time":"2024-08-26T14:15:04+00:00","article_modified_time":"2024-08-26T14:15:06+00:00","og_image":[{"width":680,"height":411,"url":"https:\/\/jornalfatosenoticias.com.br\/wp-content\/uploads\/2024\/08\/Escolas-civico-militares-Brasil.jpg","type":"image\/jpeg"}],"author":"Luzimara Fernandes","twitter_card":"summary_large_image","twitter_misc":{"Escrito por":"Luzimara Fernandes","Est. tempo de leitura":"1 minuto"},"schema":{"@context":"https:\/\/schema.org","@graph":[{"@type":"Article","@id":"https:\/\/jornalfatosenoticias.com.br\/index.php\/2024\/08\/26\/agu-declara-inconstitucional-lei-no-rs-que-autoriza-a-criacao-de-escolas-civico-militares\/#article","isPartOf":{"@id":"https:\/\/jornalfatosenoticias.com.br\/index.php\/2024\/08\/26\/agu-declara-inconstitucional-lei-no-rs-que-autoriza-a-criacao-de-escolas-civico-militares\/"},"author":{"name":"Luzimara Fernandes","@id":"https:\/\/jornalfatosenoticias.com.br\/#\/schema\/person\/d63837fa13ac8666eb9e74e0985d6f81"},"headline":"AGU declara inconstitucional lei no RS que autoriza a cria\u00e7\u00e3o de escolas c\u00edvico-militares","datePublished":"2024-08-26T14:15:04+00:00","dateModified":"2024-08-26T14:15:06+00:00","mainEntityOfPage":{"@id":"https:\/\/jornalfatosenoticias.com.br\/index.php\/2024\/08\/26\/agu-declara-inconstitucional-lei-no-rs-que-autoriza-a-criacao-de-escolas-civico-militares\/"},"wordCount":249,"commentCount":0,"publisher":{"@id":"https:\/\/jornalfatosenoticias.com.br\/#organization"},"image":{"@id":"https:\/\/jornalfatosenoticias.com.br\/index.php\/2024\/08\/26\/agu-declara-inconstitucional-lei-no-rs-que-autoriza-a-criacao-de-escolas-civico-militares\/#primaryimage"},"thumbnailUrl":"https:\/\/jornalfatosenoticias.com.br\/wp-content\/uploads\/2024\/08\/Escolas-civico-militares-Brasil.jpg","keywords":["AGU","cria\u00e7\u00e3o de escolas c\u00edvico-militares","escolas c\u00edvico-militares","RS"],"articleSection":["Educa\u00e7\u00e3o"],"inLanguage":"pt-BR","potentialAction":[{"@type":"CommentAction","name":"Comment","target":["https:\/\/jornalfatosenoticias.com.br\/index.php\/2024\/08\/26\/agu-declara-inconstitucional-lei-no-rs-que-autoriza-a-criacao-de-escolas-civico-militares\/#respond"]}]},{"@type":"WebPage","@id":"https:\/\/jornalfatosenoticias.com.br\/index.php\/2024\/08\/26\/agu-declara-inconstitucional-lei-no-rs-que-autoriza-a-criacao-de-escolas-civico-militares\/","url":"https:\/\/jornalfatosenoticias.com.br\/index.php\/2024\/08\/26\/agu-declara-inconstitucional-lei-no-rs-que-autoriza-a-criacao-de-escolas-civico-militares\/","name":"AGU declara inconstitucional lei no RS que autoriza a cria\u00e7\u00e3o de escolas c\u00edvico-militares - Jornal Fatos e Not\u00edcias","isPartOf":{"@id":"https:\/\/jornalfatosenoticias.com.br\/#website"},"primaryImageOfPage":{"@id":"https:\/\/jornalfatosenoticias.com.br\/index.php\/2024\/08\/26\/agu-declara-inconstitucional-lei-no-rs-que-autoriza-a-criacao-de-escolas-civico-militares\/#primaryimage"},"image":{"@id":"https:\/\/jornalfatosenoticias.com.br\/index.php\/2024\/08\/26\/agu-declara-inconstitucional-lei-no-rs-que-autoriza-a-criacao-de-escolas-civico-militares\/#primaryimage"},"thumbnailUrl":"https:\/\/jornalfatosenoticias.com.br\/wp-content\/uploads\/2024\/08\/Escolas-civico-militares-Brasil.jpg","datePublished":"2024-08-26T14:15:04+00:00","dateModified":"2024-08-26T14:15:06+00:00","breadcrumb":{"@id":"https:\/\/jornalfatosenoticias.com.br\/index.php\/2024\/08\/26\/agu-declara-inconstitucional-lei-no-rs-que-autoriza-a-criacao-de-escolas-civico-militares\/#breadcrumb"},"inLanguage":"pt-BR","potentialAction":[{"@type":"ReadAction","target":["https:\/\/jornalfatosenoticias.com.br\/index.php\/2024\/08\/26\/agu-declara-inconstitucional-lei-no-rs-que-autoriza-a-criacao-de-escolas-civico-militares\/"]}]},{"@type":"ImageObject","inLanguage":"pt-BR","@id":"https:\/\/jornalfatosenoticias.com.br\/index.php\/2024\/08\/26\/agu-declara-inconstitucional-lei-no-rs-que-autoriza-a-criacao-de-escolas-civico-militares\/#primaryimage","url":"https:\/\/jornalfatosenoticias.com.br\/wp-content\/uploads\/2024\/08\/Escolas-civico-militares-Brasil.jpg","contentUrl":"https:\/\/jornalfatosenoticias.com.br\/wp-content\/uploads\/2024\/08\/Escolas-civico-militares-Brasil.jpg","width":680,"height":411},{"@type":"BreadcrumbList","@id":"https:\/\/jornalfatosenoticias.com.br\/index.php\/2024\/08\/26\/agu-declara-inconstitucional-lei-no-rs-que-autoriza-a-criacao-de-escolas-civico-militares\/#breadcrumb","itemListElement":[{"@type":"ListItem","position":1,"name":"In\u00edcio","item":"https:\/\/jornalfatosenoticias.com.br\/"},{"@type":"ListItem","position":2,"name":"AGU declara inconstitucional lei no RS que autoriza a cria\u00e7\u00e3o de escolas c\u00edvico-militares"}]},{"@type":"WebSite","@id":"https:\/\/jornalfatosenoticias.com.br\/#website","url":"https:\/\/jornalfatosenoticias.com.br\/","name":"Jornal Fatos e Not\u00edcias","description":"Not\u00edcias em geral","publisher":{"@id":"https:\/\/jornalfatosenoticias.com.br\/#organization"},"potentialAction":[{"@type":"SearchAction","target":{"@type":"EntryPoint","urlTemplate":"https:\/\/jornalfatosenoticias.com.br\/?s={search_term_string}"},"query-input":{"@type":"PropertyValueSpecification","valueRequired":true,"valueName":"search_term_string"}}],"inLanguage":"pt-BR"},{"@type":"Organization","@id":"https:\/\/jornalfatosenoticias.com.br\/#organization","name":"Jornal Fatos e Not\u00edcias","url":"https:\/\/jornalfatosenoticias.com.br\/","logo":{"@type":"ImageObject","inLanguage":"pt-BR","@id":"https:\/\/jornalfatosenoticias.com.br\/#\/schema\/logo\/image\/","url":"https:\/\/jornalfatosenoticias.com.br\/wp-content\/uploads\/2020\/02\/logo120.png","contentUrl":"https:\/\/jornalfatosenoticias.com.br\/wp-content\/uploads\/2020\/02\/logo120.png","width":1227,"height":120,"caption":"Jornal Fatos e Not\u00edcias"},"image":{"@id":"https:\/\/jornalfatosenoticias.com.br\/#\/schema\/logo\/image\/"}},{"@type":"Person","@id":"https:\/\/jornalfatosenoticias.com.br\/#\/schema\/person\/d63837fa13ac8666eb9e74e0985d6f81","name":"Luzimara Fernandes","image":{"@type":"ImageObject","inLanguage":"pt-BR","@id":"https:\/\/jornalfatosenoticias.com.br\/#\/schema\/person\/image\/","url":"https:\/\/jornalfatosenoticias.com.br\/wp-content\/uploads\/2025\/05\/EU_portal.jpg","contentUrl":"https:\/\/jornalfatosenoticias.com.br\/wp-content\/uploads\/2025\/05\/EU_portal.jpg","caption":"Luzimara Fernandes"},"description":"Jornalista MTB 2358-ES","sameAs":["https:\/\/jornalfatosenoticias.com.br"],"url":"https:\/\/jornalfatosenoticias.com.br\/index.php\/author\/luzimara\/"}]}},"cc_featured_image_caption":{"caption_text":"(Foto: Ag\u00eancia Bras\u00edlia\/Reprodu\u00e7\u00e3o) ","source_text":"","source_url":""},"jetpack_featured_media_url":"https:\/\/jornalfatosenoticias.com.br\/wp-content\/uploads\/2024\/08\/Escolas-civico-militares-Brasil.jpg","_links":{"self":[{"href":"https:\/\/jornalfatosenoticias.com.br\/index.php\/wp-json\/wp\/v2\/posts\/53711","targetHints":{"allow":["GET"]}}],"collection":[{"href":"https:\/\/jornalfatosenoticias.com.br\/index.php\/wp-json\/wp\/v2\/posts"}],"about":[{"href":"https:\/\/jornalfatosenoticias.com.br\/index.php\/wp-json\/wp\/v2\/types\/post"}],"author":[{"embeddable":true,"href":"https:\/\/jornalfatosenoticias.com.br\/index.php\/wp-json\/wp\/v2\/users\/2"}],"replies":[{"embeddable":true,"href":"https:\/\/jornalfatosenoticias.com.br\/index.php\/wp-json\/wp\/v2\/comments?post=53711"}],"version-history":[{"count":0,"href":"https:\/\/jornalfatosenoticias.com.br\/index.php\/wp-json\/wp\/v2\/posts\/53711\/revisions"}],"wp:featuredmedia":[{"embeddable":true,"href":"https:\/\/jornalfatosenoticias.com.br\/index.php\/wp-json\/wp\/v2\/media\/53712"}],"wp:attachment":[{"href":"https:\/\/jornalfatosenoticias.com.br\/index.php\/wp-json\/wp\/v2\/media?parent=53711"}],"wp:term":[{"taxonomy":"category","embeddable":true,"href":"https:\/\/jornalfatosenoticias.com.br\/index.php\/wp-json\/wp\/v2\/categories?post=53711"},{"taxonomy":"post_tag","embeddable":true,"href":"https:\/\/jornalfatosenoticias.com.br\/index.php\/wp-json\/wp\/v2\/tags?post=53711"}],"curies":[{"name":"wp","href":"https:\/\/api.w.org\/{rel}","templated":true}]}}