{"id":53719,"date":"2024-08-26T14:22:28","date_gmt":"2024-08-26T17:22:28","guid":{"rendered":"https:\/\/jornalfatosenoticias.com.br\/?p=53719"},"modified":"2024-08-26T14:22:29","modified_gmt":"2024-08-26T17:22:29","slug":"ha-tres-anos-sob-intensa-repressao-do-taliba-igreja-perseguida-cresce-no-afeganistao","status":"publish","type":"post","link":"https:\/\/jornalfatosenoticias.com.br\/index.php\/2024\/08\/26\/ha-tres-anos-sob-intensa-repressao-do-taliba-igreja-perseguida-cresce-no-afeganistao\/","title":{"rendered":"H\u00e1 tr\u00eas anos sob intensa repress\u00e3o do Talib\u00e3, Igreja Perseguida cresce no Afeganist\u00e3o"},"content":{"rendered":"\n<p><span class=\"has-inline-color has-black-color\">Por <strong><a href=\"https:\/\/noticias.gospelmais.com.br\/author\/tiagot83?amp\">Tiago Chagas<\/a><\/strong><\/span><\/p>\n\n\n\n<div class=\"wp-block-image\"><figure class=\"aligncenter size-large\"><a href=\"https:\/\/mizu.com.br\/\"><img loading=\"lazy\" decoding=\"async\" width=\"729\" height=\"90\" src=\"https:\/\/jornalfatosenoticias.com.br\/wp-content\/uploads\/2020\/02\/Logo_Mizu.png\" alt=\"\" class=\"wp-image-1441\" srcset=\"https:\/\/jornalfatosenoticias.com.br\/wp-content\/uploads\/2020\/02\/Logo_Mizu.png 729w, https:\/\/jornalfatosenoticias.com.br\/wp-content\/uploads\/2020\/02\/Logo_Mizu-300x37.png 300w\" sizes=\"auto, (max-width: 729px) 100vw, 729px\" \/><\/a><\/figure><\/div>\n\n\n\n<p>H\u00e1 tr\u00eas anos o grupo extremista mu\u00e7ulmano Talib\u00e3 tomou o poder no Afeganist\u00e3o ap\u00f3s a retirada das tropas militares ordenada pelo presidente dos Estados Unidos, Joe Biden. Desde ent\u00e3o, a situa\u00e7\u00e3o dos crist\u00e3os no pa\u00eds se tornou ainda mais dif\u00edcil, mas a persegui\u00e7\u00e3o tem impulsionado o crescimento da Igreja.<br>Ao todo, estima-se que tr\u00eas milh\u00f5es de afeg\u00e3os vivam refugiados em pa\u00edses vizinhos, lutando diariamente para sobreviver. Isolados em montanhas arenosas, a maioria mora em pequenas casas de barro, e seus filhos n\u00e3o podem ir \u00e0 escola e s\u00e3o explorados no trabalho.<\/p>\n\n\n\n<div class=\"wp-block-image\"><figure class=\"aligncenter size-large is-resized\"><a href=\"https:\/\/hotelmarquetti.com.br\/\"><img loading=\"lazy\" decoding=\"async\" src=\"https:\/\/jornalfatosenoticias.com.br\/wp-content\/uploads\/2023\/03\/nova-logo-Marquetti.jpg\" alt=\"\" class=\"wp-image-40207\" width=\"285\" height=\"191\" srcset=\"https:\/\/jornalfatosenoticias.com.br\/wp-content\/uploads\/2023\/03\/nova-logo-Marquetti.jpg 643w, https:\/\/jornalfatosenoticias.com.br\/wp-content\/uploads\/2023\/03\/nova-logo-Marquetti-300x202.jpg 300w\" sizes=\"auto, (max-width: 285px) 100vw, 285px\" \/><\/a><\/figure><\/div>\n\n\n\n<p>Atualmente, o Afeganist\u00e3o \u00e9 considerado do <a href=\"https:\/\/noticias.gospelmais.com.br\/crescimento-cristaos-afeganistao-dez-vezes-maior-156905.html?amp\"><strong>10.\u00ba pa\u00eds mais hostil para crist\u00e3os<\/strong><\/a>, no\u00a0<em>ranking<\/em> anual Lista Mundial da Persegui\u00e7\u00e3o, elaborado anualmente pela Miss\u00e3o Portas Abertas para classificar os 50 pa\u00edses onde os crist\u00e3os s\u00e3o mais perseguidos. A situa\u00e7\u00e3o dos refugiados afeg\u00e3os \u00e9 ainda mais delicada por conta da recusa dos governos dos pa\u00edses vizinhos em ajuda-los. Essa postura \u00e9 adotada por temor de que o grupo extremista mu\u00e7ulmano fa\u00e7a alguma repres\u00e1lia.<\/p>\n\n\n\n<div class=\"wp-block-image\"><figure class=\"aligncenter size-large is-resized\"><img loading=\"lazy\" decoding=\"async\" src=\"https:\/\/jornalfatosenoticias.com.br\/wp-content\/uploads\/2022\/02\/Precisao-Contabilidade-1024x724.jpg\" alt=\"\" class=\"wp-image-28088\" width=\"315\" height=\"223\"\/><\/figure><\/div>\n\n\n\n<blockquote class=\"wp-block-quote is-layout-flow wp-block-quote-is-layout-flow\"><p><span class=\"has-inline-color has-luminous-vivid-orange-color\">At\u00e9 mesmo o acesso \u00e0 \u00e1gua \u00e9 negado \u00e0s pessoas que ousaram fugir do Afeganist\u00e3o. No entanto, h\u00e1 crist\u00e3os como Ahmad que cava po\u00e7os de 240 metros de profundidade para oferecer \u00e1gua a quem precisa e aproveita a oportunidade para falar sobre Jesus, a fonte de \u00e1gua viva\u201d, diz comunicado da Portas Abertas.<\/span><\/p><\/blockquote>\n\n\n\n<div class=\"wp-block-image\"><figure class=\"aligncenter size-large is-resized\"><a href=\"https:\/\/www.instagram.com\/restaurantepegoretti\/\"><img loading=\"lazy\" decoding=\"async\" src=\"https:\/\/jornalfatosenoticias.com.br\/wp-content\/uploads\/2023\/12\/pegoretti-logo-pdf-1024x389.jpg\" alt=\"\" class=\"wp-image-47536\" width=\"430\" height=\"163\" srcset=\"https:\/\/jornalfatosenoticias.com.br\/wp-content\/uploads\/2023\/12\/pegoretti-logo-pdf-1024x389.jpg 1024w, https:\/\/jornalfatosenoticias.com.br\/wp-content\/uploads\/2023\/12\/pegoretti-logo-pdf-300x114.jpg 300w, https:\/\/jornalfatosenoticias.com.br\/wp-content\/uploads\/2023\/12\/pegoretti-logo-pdf-768x291.jpg 768w, https:\/\/jornalfatosenoticias.com.br\/wp-content\/uploads\/2023\/12\/pegoretti-logo-pdf.jpg 1120w\" sizes=\"auto, (max-width: 430px) 100vw, 430px\" \/><\/a><\/figure><\/div>\n\n\n\n<p>O nome Ahmad \u00e9 um pseud\u00f4nimo adotado por quest\u00f5es de seguran\u00e7a, para evitar retalia\u00e7\u00f5es por parte dos radicais isl\u00e2micos. Segundo a <a href=\"https:\/\/portasabertas.org.br\/noticias\/cristaos-perseguidos\/trinta-afegaos-foram-batizados-em-apenas-um-mes\">Portas Abertas<\/a>, \u201cAhmad \u00e9 comparado ao ap\u00f3stolo Paulo da regi\u00e3o porque tem como objetivo de vida apresentar a Cristo para refugiados afeg\u00e3os, que s\u00e3o de maioria mu\u00e7ulmana\u201d.<\/p>\n\n\n\n<div class=\"wp-block-image\"><figure class=\"aligncenter size-large\"><a href=\"https:\/\/cesconetto.com.br\/\"><img loading=\"lazy\" decoding=\"async\" width=\"300\" height=\"250\" src=\"https:\/\/jornalfatosenoticias.com.br\/wp-content\/uploads\/2020\/02\/Banner-2.png\" alt=\"\" class=\"wp-image-43787\"\/><\/a><\/figure><\/div>\n\n\n\n<p>\u201cAjudamos as pessoas com roupas, casacos de inverno, sapatos, fraldas, assist\u00eancia m\u00e9dica e outras quest\u00f5es pr\u00e1ticas. S\u00f3 o fato de cuidarmos delas as deixa curiosas. Por meio do projeto com o po\u00e7o, cerca de 300 fam\u00edlias j\u00e1 ouviram falar de Jesus. Elas se re\u00fanem em grupos dom\u00e9sticos. Trinta afeg\u00e3os foram batizados em apenas um m\u00eas\u201d, declarou Ahmad.<\/p>\n\n\n\n<div class=\"wp-block-image\"><figure class=\"aligncenter size-large\"><a href=\"https:\/\/www.facebook.com\/Esteio-Churrascaria-Barbecue-103643461220402\/\"><img decoding=\"async\" src=\"https:\/\/jornalfatosenoticias.com.br\/wp-content\/uploads\/2020\/02\/logo_esteio.jpg\" alt=\"\" class=\"wp-image-1214\"\/><\/a><\/figure><\/div>\n\n\n\n<p>Ao longo dos \u00faltimos anos, ele j\u00e1 foi preso cinco vezes e sua irm\u00e3 foi agredida por policiais que queriam for\u00e7a-la a negar a Jesus. Quando eles perderam o pai, Ahmad foi impedido de comparecer ao funeral por uma multid\u00e3o de 500 mu\u00e7ulmanos, por exemplo. Mesmo assim, Ahmad segue anunciando o Evangelho nas oportunidades que recebe, com o objetivo de fazer disc\u00edpulos de Jesus.<\/p>\n\n\n\n<div class=\"wp-block-image\"><figure class=\"aligncenter size-large is-resized\"><a href=\"https:\/\/www.instagram.com\/serra4x4cambioautomatico\/\"><img loading=\"lazy\" decoding=\"async\" src=\"https:\/\/jornalfatosenoticias.com.br\/wp-content\/uploads\/2024\/08\/Serra-4x4-1-886x1024.jpg\" alt=\"\" class=\"wp-image-53632\" width=\"308\" height=\"355\" srcset=\"https:\/\/jornalfatosenoticias.com.br\/wp-content\/uploads\/2024\/08\/Serra-4x4-1-886x1024.jpg 886w, https:\/\/jornalfatosenoticias.com.br\/wp-content\/uploads\/2024\/08\/Serra-4x4-1-260x300.jpg 260w, https:\/\/jornalfatosenoticias.com.br\/wp-content\/uploads\/2024\/08\/Serra-4x4-1-768x888.jpg 768w, https:\/\/jornalfatosenoticias.com.br\/wp-content\/uploads\/2024\/08\/Serra-4x4-1.jpg 1181w\" sizes=\"auto, (max-width: 308px) 100vw, 308px\" \/><\/a><\/figure><\/div>\n\n\n\n<p>Outro caso de mission\u00e1rio local \u00e9 o de Ishma\u00ebl (tamb\u00e9m um pseud\u00f4nimo), que ensina futebol para adolescentes: \u201cdesde o in\u00edcio do projeto de futebol, cerca de quarenta meninas e cem meninos se re\u00fanem todos os dias. O exerc\u00edcio lhes d\u00e1 esperan\u00e7a e prazer e isso nos d\u00e1 contato com seus pais. Alguns nunca ouviram o Evangelho\u201d, relatou.<\/p>\n\n\n\n<div class=\"wp-block-image\"><figure class=\"aligncenter size-large is-resized\"><a href=\"https:\/\/www.ithbrasil.com.br\/\"><img loading=\"lazy\" decoding=\"async\" src=\"https:\/\/jornalfatosenoticias.com.br\/wp-content\/uploads\/2023\/08\/ITH.jpeg\" alt=\"\" class=\"wp-image-44638\" width=\"275\" height=\"223\" srcset=\"https:\/\/jornalfatosenoticias.com.br\/wp-content\/uploads\/2023\/08\/ITH.jpeg 800w, https:\/\/jornalfatosenoticias.com.br\/wp-content\/uploads\/2023\/08\/ITH-300x244.jpeg 300w, https:\/\/jornalfatosenoticias.com.br\/wp-content\/uploads\/2023\/08\/ITH-768x624.jpeg 768w\" sizes=\"auto, (max-width: 275px) 100vw, 275px\" \/><\/a><\/figure><\/div>\n\n\n\n<p>Dessa forma, uma igreja dom\u00e9stica est\u00e1 sendo formada de maneira discreta: \u201cprecisamos de sabedoria. \u00c0s vezes, n\u00e3o sabemos qual \u00e9 a melhor maneira de ajudar os refugiados. Portanto, por favor, orem por n\u00f3s, porque sem a ajuda de Deus, n\u00e3o chegaremos a lugar nenhum\u201d, pediu Ishma\u00ebl.<\/p>\n\n\n\n<div class=\"wp-block-image\"><figure class=\"aligncenter size-large is-resized\"><a href=\"https:\/\/www.facebook.com\/postobkr\/?locale=pt_BR\"><img loading=\"lazy\" decoding=\"async\" src=\"https:\/\/jornalfatosenoticias.com.br\/wp-content\/uploads\/2023\/08\/BKR-1024x1021.jpg\" alt=\"\" class=\"wp-image-44494\" width=\"295\" height=\"294\" srcset=\"https:\/\/jornalfatosenoticias.com.br\/wp-content\/uploads\/2023\/08\/BKR-1024x1021.jpg 1024w, https:\/\/jornalfatosenoticias.com.br\/wp-content\/uploads\/2023\/08\/BKR-300x300.jpg 300w, https:\/\/jornalfatosenoticias.com.br\/wp-content\/uploads\/2023\/08\/BKR-150x150.jpg 150w, https:\/\/jornalfatosenoticias.com.br\/wp-content\/uploads\/2023\/08\/BKR-768x766.jpg 768w, https:\/\/jornalfatosenoticias.com.br\/wp-content\/uploads\/2023\/08\/BKR.jpg 1080w\" sizes=\"auto, (max-width: 295px) 100vw, 295px\" \/><\/a><\/figure><\/div>\n\n\n\n<p><strong><em>Fonte: <a href=\"https:\/\/noticias.gospelmais.com.br\/afeganistao-igreja-perseguida-cresce-ataques-taliba-170411.html?amp\">Not\u00edcias Gospel+<\/a><\/em><\/strong><\/p>\n","protected":false},"excerpt":{"rendered":"<p>Por Tiago Chagas H\u00e1 tr\u00eas anos o grupo extremista mu\u00e7ulmano Talib\u00e3 tomou o poder no Afeganist\u00e3o ap\u00f3s a retirada das tropas militares ordenada pelo presidente dos Estados Unidos, Joe Biden. Desde ent\u00e3o, a situa\u00e7\u00e3o dos crist\u00e3os no pa\u00eds se tornou ainda mais dif\u00edcil, mas a persegui\u00e7\u00e3o tem impulsionado o crescimento da Igreja.Ao todo, estima-se que [&hellip;]<\/p>\n","protected":false},"author":2,"featured_media":53720,"comment_status":"open","ping_status":"open","sticky":false,"template":"","format":"standard","meta":{"footnotes":""},"categories":[21140],"tags":[7822,23862,24477,24474,24476,17643,14619,24475,24478,10681],"class_list":["post-53719","post","type-post","status-publish","format-standard","has-post-thumbnail","hentry","category-religiao","tag-afeganistao","tag-batismo-nas-aguas","tag-evangelismo","tag-extremistas-muculmanos","tag-igrejas-domesticas","tag-missoes","tag-perseguicao-religiosa","tag-perseguicao-taliba","tag-radicais-islamicos","tag-taliba"],"yoast_head":"<!-- This site is optimized with the Yoast SEO plugin v26.5 - https:\/\/yoast.com\/wordpress\/plugins\/seo\/ -->\n<title>H\u00e1 tr\u00eas anos sob intensa repress\u00e3o do Talib\u00e3, Igreja Perseguida cresce no Afeganist\u00e3o - Jornal Fatos e Not\u00edcias<\/title>\n<meta name=\"robots\" content=\"index, follow, max-snippet:-1, max-image-preview:large, max-video-preview:-1\" \/>\n<link rel=\"canonical\" href=\"https:\/\/jornalfatosenoticias.com.br\/index.php\/2024\/08\/26\/ha-tres-anos-sob-intensa-repressao-do-taliba-igreja-perseguida-cresce-no-afeganistao\/\" \/>\n<meta property=\"og:locale\" content=\"pt_BR\" \/>\n<meta property=\"og:type\" content=\"article\" \/>\n<meta property=\"og:title\" content=\"H\u00e1 tr\u00eas anos sob intensa repress\u00e3o do Talib\u00e3, Igreja Perseguida cresce no Afeganist\u00e3o - Jornal Fatos e Not\u00edcias\" \/>\n<meta property=\"og:description\" content=\"Por Tiago Chagas H\u00e1 tr\u00eas anos o grupo extremista mu\u00e7ulmano Talib\u00e3 tomou o poder no Afeganist\u00e3o ap\u00f3s a retirada das tropas militares ordenada pelo presidente dos Estados Unidos, Joe Biden. Desde ent\u00e3o, a situa\u00e7\u00e3o dos crist\u00e3os no pa\u00eds se tornou ainda mais dif\u00edcil, mas a persegui\u00e7\u00e3o tem impulsionado o crescimento da Igreja.Ao todo, estima-se que [&hellip;]\" \/>\n<meta property=\"og:url\" content=\"https:\/\/jornalfatosenoticias.com.br\/index.php\/2024\/08\/26\/ha-tres-anos-sob-intensa-repressao-do-taliba-igreja-perseguida-cresce-no-afeganistao\/\" \/>\n<meta property=\"og:site_name\" content=\"Jornal Fatos e Not\u00edcias\" \/>\n<meta property=\"article:published_time\" content=\"2024-08-26T17:22:28+00:00\" \/>\n<meta property=\"article:modified_time\" content=\"2024-08-26T17:22:29+00:00\" \/>\n<meta property=\"og:image\" content=\"https:\/\/jornalfatosenoticias.com.br\/wp-content\/uploads\/2024\/08\/igreja-perseguida-Afeganistao.jpg\" \/>\n\t<meta property=\"og:image:width\" content=\"1000\" \/>\n\t<meta property=\"og:image:height\" content=\"626\" \/>\n\t<meta property=\"og:image:type\" content=\"image\/jpeg\" \/>\n<meta name=\"author\" content=\"Luzimara Fernandes\" \/>\n<meta name=\"twitter:card\" content=\"summary_large_image\" \/>\n<meta name=\"twitter:label1\" content=\"Escrito por\" \/>\n\t<meta name=\"twitter:data1\" content=\"Luzimara Fernandes\" \/>\n\t<meta name=\"twitter:label2\" content=\"Est. tempo de leitura\" \/>\n\t<meta name=\"twitter:data2\" content=\"3 minutos\" \/>\n<script type=\"application\/ld+json\" class=\"yoast-schema-graph\">{\"@context\":\"https:\/\/schema.org\",\"@graph\":[{\"@type\":\"Article\",\"@id\":\"https:\/\/jornalfatosenoticias.com.br\/index.php\/2024\/08\/26\/ha-tres-anos-sob-intensa-repressao-do-taliba-igreja-perseguida-cresce-no-afeganistao\/#article\",\"isPartOf\":{\"@id\":\"https:\/\/jornalfatosenoticias.com.br\/index.php\/2024\/08\/26\/ha-tres-anos-sob-intensa-repressao-do-taliba-igreja-perseguida-cresce-no-afeganistao\/\"},\"author\":{\"name\":\"Luzimara Fernandes\",\"@id\":\"https:\/\/jornalfatosenoticias.com.br\/#\/schema\/person\/d63837fa13ac8666eb9e74e0985d6f81\"},\"headline\":\"H\u00e1 tr\u00eas anos sob intensa repress\u00e3o do Talib\u00e3, Igreja Perseguida cresce no Afeganist\u00e3o\",\"datePublished\":\"2024-08-26T17:22:28+00:00\",\"dateModified\":\"2024-08-26T17:22:29+00:00\",\"mainEntityOfPage\":{\"@id\":\"https:\/\/jornalfatosenoticias.com.br\/index.php\/2024\/08\/26\/ha-tres-anos-sob-intensa-repressao-do-taliba-igreja-perseguida-cresce-no-afeganistao\/\"},\"wordCount\":565,\"commentCount\":0,\"publisher\":{\"@id\":\"https:\/\/jornalfatosenoticias.com.br\/#organization\"},\"image\":{\"@id\":\"https:\/\/jornalfatosenoticias.com.br\/index.php\/2024\/08\/26\/ha-tres-anos-sob-intensa-repressao-do-taliba-igreja-perseguida-cresce-no-afeganistao\/#primaryimage\"},\"thumbnailUrl\":\"https:\/\/jornalfatosenoticias.com.br\/wp-content\/uploads\/2024\/08\/igreja-perseguida-Afeganistao.jpg\",\"keywords\":[\"Afeganist\u00e3o\",\"batismo nas \u00e1guas\",\"evangelismo\",\"extremistas mu\u00e7ulmanos\",\"igrejas dom\u00e9sticas\",\"miss\u00f5es\",\"persegui\u00e7\u00e3o religiosa\",\"persegui\u00e7\u00e3o Talib\u00e3\",\"radicais isl\u00e2micos\",\"Talib\u00e3\"],\"articleSection\":[\"Religi\u00e3o\"],\"inLanguage\":\"pt-BR\",\"potentialAction\":[{\"@type\":\"CommentAction\",\"name\":\"Comment\",\"target\":[\"https:\/\/jornalfatosenoticias.com.br\/index.php\/2024\/08\/26\/ha-tres-anos-sob-intensa-repressao-do-taliba-igreja-perseguida-cresce-no-afeganistao\/#respond\"]}]},{\"@type\":\"WebPage\",\"@id\":\"https:\/\/jornalfatosenoticias.com.br\/index.php\/2024\/08\/26\/ha-tres-anos-sob-intensa-repressao-do-taliba-igreja-perseguida-cresce-no-afeganistao\/\",\"url\":\"https:\/\/jornalfatosenoticias.com.br\/index.php\/2024\/08\/26\/ha-tres-anos-sob-intensa-repressao-do-taliba-igreja-perseguida-cresce-no-afeganistao\/\",\"name\":\"H\u00e1 tr\u00eas anos sob intensa repress\u00e3o do Talib\u00e3, Igreja Perseguida cresce no Afeganist\u00e3o - Jornal Fatos e Not\u00edcias\",\"isPartOf\":{\"@id\":\"https:\/\/jornalfatosenoticias.com.br\/#website\"},\"primaryImageOfPage\":{\"@id\":\"https:\/\/jornalfatosenoticias.com.br\/index.php\/2024\/08\/26\/ha-tres-anos-sob-intensa-repressao-do-taliba-igreja-perseguida-cresce-no-afeganistao\/#primaryimage\"},\"image\":{\"@id\":\"https:\/\/jornalfatosenoticias.com.br\/index.php\/2024\/08\/26\/ha-tres-anos-sob-intensa-repressao-do-taliba-igreja-perseguida-cresce-no-afeganistao\/#primaryimage\"},\"thumbnailUrl\":\"https:\/\/jornalfatosenoticias.com.br\/wp-content\/uploads\/2024\/08\/igreja-perseguida-Afeganistao.jpg\",\"datePublished\":\"2024-08-26T17:22:28+00:00\",\"dateModified\":\"2024-08-26T17:22:29+00:00\",\"breadcrumb\":{\"@id\":\"https:\/\/jornalfatosenoticias.com.br\/index.php\/2024\/08\/26\/ha-tres-anos-sob-intensa-repressao-do-taliba-igreja-perseguida-cresce-no-afeganistao\/#breadcrumb\"},\"inLanguage\":\"pt-BR\",\"potentialAction\":[{\"@type\":\"ReadAction\",\"target\":[\"https:\/\/jornalfatosenoticias.com.br\/index.php\/2024\/08\/26\/ha-tres-anos-sob-intensa-repressao-do-taliba-igreja-perseguida-cresce-no-afeganistao\/\"]}]},{\"@type\":\"ImageObject\",\"inLanguage\":\"pt-BR\",\"@id\":\"https:\/\/jornalfatosenoticias.com.br\/index.php\/2024\/08\/26\/ha-tres-anos-sob-intensa-repressao-do-taliba-igreja-perseguida-cresce-no-afeganistao\/#primaryimage\",\"url\":\"https:\/\/jornalfatosenoticias.com.br\/wp-content\/uploads\/2024\/08\/igreja-perseguida-Afeganistao.jpg\",\"contentUrl\":\"https:\/\/jornalfatosenoticias.com.br\/wp-content\/uploads\/2024\/08\/igreja-perseguida-Afeganistao.jpg\",\"width\":1000,\"height\":626},{\"@type\":\"BreadcrumbList\",\"@id\":\"https:\/\/jornalfatosenoticias.com.br\/index.php\/2024\/08\/26\/ha-tres-anos-sob-intensa-repressao-do-taliba-igreja-perseguida-cresce-no-afeganistao\/#breadcrumb\",\"itemListElement\":[{\"@type\":\"ListItem\",\"position\":1,\"name\":\"In\u00edcio\",\"item\":\"https:\/\/jornalfatosenoticias.com.br\/\"},{\"@type\":\"ListItem\",\"position\":2,\"name\":\"H\u00e1 tr\u00eas anos sob intensa repress\u00e3o do Talib\u00e3, Igreja Perseguida cresce no Afeganist\u00e3o\"}]},{\"@type\":\"WebSite\",\"@id\":\"https:\/\/jornalfatosenoticias.com.br\/#website\",\"url\":\"https:\/\/jornalfatosenoticias.com.br\/\",\"name\":\"Jornal Fatos e Not\u00edcias\",\"description\":\"Not\u00edcias em geral\",\"publisher\":{\"@id\":\"https:\/\/jornalfatosenoticias.com.br\/#organization\"},\"potentialAction\":[{\"@type\":\"SearchAction\",\"target\":{\"@type\":\"EntryPoint\",\"urlTemplate\":\"https:\/\/jornalfatosenoticias.com.br\/?s={search_term_string}\"},\"query-input\":{\"@type\":\"PropertyValueSpecification\",\"valueRequired\":true,\"valueName\":\"search_term_string\"}}],\"inLanguage\":\"pt-BR\"},{\"@type\":\"Organization\",\"@id\":\"https:\/\/jornalfatosenoticias.com.br\/#organization\",\"name\":\"Jornal Fatos e Not\u00edcias\",\"url\":\"https:\/\/jornalfatosenoticias.com.br\/\",\"logo\":{\"@type\":\"ImageObject\",\"inLanguage\":\"pt-BR\",\"@id\":\"https:\/\/jornalfatosenoticias.com.br\/#\/schema\/logo\/image\/\",\"url\":\"https:\/\/jornalfatosenoticias.com.br\/wp-content\/uploads\/2020\/02\/logo120.png\",\"contentUrl\":\"https:\/\/jornalfatosenoticias.com.br\/wp-content\/uploads\/2020\/02\/logo120.png\",\"width\":1227,\"height\":120,\"caption\":\"Jornal Fatos e Not\u00edcias\"},\"image\":{\"@id\":\"https:\/\/jornalfatosenoticias.com.br\/#\/schema\/logo\/image\/\"}},{\"@type\":\"Person\",\"@id\":\"https:\/\/jornalfatosenoticias.com.br\/#\/schema\/person\/d63837fa13ac8666eb9e74e0985d6f81\",\"name\":\"Luzimara Fernandes\",\"image\":{\"@type\":\"ImageObject\",\"inLanguage\":\"pt-BR\",\"@id\":\"https:\/\/jornalfatosenoticias.com.br\/#\/schema\/person\/image\/\",\"url\":\"https:\/\/jornalfatosenoticias.com.br\/wp-content\/uploads\/2025\/05\/EU_portal.jpg\",\"contentUrl\":\"https:\/\/jornalfatosenoticias.com.br\/wp-content\/uploads\/2025\/05\/EU_portal.jpg\",\"caption\":\"Luzimara Fernandes\"},\"description\":\"Jornalista MTB 2358-ES\",\"sameAs\":[\"https:\/\/jornalfatosenoticias.com.br\"],\"url\":\"https:\/\/jornalfatosenoticias.com.br\/index.php\/author\/luzimara\/\"}]}<\/script>\n<!-- \/ Yoast SEO plugin. -->","yoast_head_json":{"title":"H\u00e1 tr\u00eas anos sob intensa repress\u00e3o do Talib\u00e3, Igreja Perseguida cresce no Afeganist\u00e3o - Jornal Fatos e Not\u00edcias","robots":{"index":"index","follow":"follow","max-snippet":"max-snippet:-1","max-image-preview":"max-image-preview:large","max-video-preview":"max-video-preview:-1"},"canonical":"https:\/\/jornalfatosenoticias.com.br\/index.php\/2024\/08\/26\/ha-tres-anos-sob-intensa-repressao-do-taliba-igreja-perseguida-cresce-no-afeganistao\/","og_locale":"pt_BR","og_type":"article","og_title":"H\u00e1 tr\u00eas anos sob intensa repress\u00e3o do Talib\u00e3, Igreja Perseguida cresce no Afeganist\u00e3o - Jornal Fatos e Not\u00edcias","og_description":"Por Tiago Chagas H\u00e1 tr\u00eas anos o grupo extremista mu\u00e7ulmano Talib\u00e3 tomou o poder no Afeganist\u00e3o ap\u00f3s a retirada das tropas militares ordenada pelo presidente dos Estados Unidos, Joe Biden. Desde ent\u00e3o, a situa\u00e7\u00e3o dos crist\u00e3os no pa\u00eds se tornou ainda mais dif\u00edcil, mas a persegui\u00e7\u00e3o tem impulsionado o crescimento da Igreja.Ao todo, estima-se que [&hellip;]","og_url":"https:\/\/jornalfatosenoticias.com.br\/index.php\/2024\/08\/26\/ha-tres-anos-sob-intensa-repressao-do-taliba-igreja-perseguida-cresce-no-afeganistao\/","og_site_name":"Jornal Fatos e Not\u00edcias","article_published_time":"2024-08-26T17:22:28+00:00","article_modified_time":"2024-08-26T17:22:29+00:00","og_image":[{"width":1000,"height":626,"url":"https:\/\/jornalfatosenoticias.com.br\/wp-content\/uploads\/2024\/08\/igreja-perseguida-Afeganistao.jpg","type":"image\/jpeg"}],"author":"Luzimara Fernandes","twitter_card":"summary_large_image","twitter_misc":{"Escrito por":"Luzimara Fernandes","Est. tempo de leitura":"3 minutos"},"schema":{"@context":"https:\/\/schema.org","@graph":[{"@type":"Article","@id":"https:\/\/jornalfatosenoticias.com.br\/index.php\/2024\/08\/26\/ha-tres-anos-sob-intensa-repressao-do-taliba-igreja-perseguida-cresce-no-afeganistao\/#article","isPartOf":{"@id":"https:\/\/jornalfatosenoticias.com.br\/index.php\/2024\/08\/26\/ha-tres-anos-sob-intensa-repressao-do-taliba-igreja-perseguida-cresce-no-afeganistao\/"},"author":{"name":"Luzimara Fernandes","@id":"https:\/\/jornalfatosenoticias.com.br\/#\/schema\/person\/d63837fa13ac8666eb9e74e0985d6f81"},"headline":"H\u00e1 tr\u00eas anos sob intensa repress\u00e3o do Talib\u00e3, Igreja Perseguida cresce no Afeganist\u00e3o","datePublished":"2024-08-26T17:22:28+00:00","dateModified":"2024-08-26T17:22:29+00:00","mainEntityOfPage":{"@id":"https:\/\/jornalfatosenoticias.com.br\/index.php\/2024\/08\/26\/ha-tres-anos-sob-intensa-repressao-do-taliba-igreja-perseguida-cresce-no-afeganistao\/"},"wordCount":565,"commentCount":0,"publisher":{"@id":"https:\/\/jornalfatosenoticias.com.br\/#organization"},"image":{"@id":"https:\/\/jornalfatosenoticias.com.br\/index.php\/2024\/08\/26\/ha-tres-anos-sob-intensa-repressao-do-taliba-igreja-perseguida-cresce-no-afeganistao\/#primaryimage"},"thumbnailUrl":"https:\/\/jornalfatosenoticias.com.br\/wp-content\/uploads\/2024\/08\/igreja-perseguida-Afeganistao.jpg","keywords":["Afeganist\u00e3o","batismo nas \u00e1guas","evangelismo","extremistas mu\u00e7ulmanos","igrejas dom\u00e9sticas","miss\u00f5es","persegui\u00e7\u00e3o religiosa","persegui\u00e7\u00e3o Talib\u00e3","radicais isl\u00e2micos","Talib\u00e3"],"articleSection":["Religi\u00e3o"],"inLanguage":"pt-BR","potentialAction":[{"@type":"CommentAction","name":"Comment","target":["https:\/\/jornalfatosenoticias.com.br\/index.php\/2024\/08\/26\/ha-tres-anos-sob-intensa-repressao-do-taliba-igreja-perseguida-cresce-no-afeganistao\/#respond"]}]},{"@type":"WebPage","@id":"https:\/\/jornalfatosenoticias.com.br\/index.php\/2024\/08\/26\/ha-tres-anos-sob-intensa-repressao-do-taliba-igreja-perseguida-cresce-no-afeganistao\/","url":"https:\/\/jornalfatosenoticias.com.br\/index.php\/2024\/08\/26\/ha-tres-anos-sob-intensa-repressao-do-taliba-igreja-perseguida-cresce-no-afeganistao\/","name":"H\u00e1 tr\u00eas anos sob intensa repress\u00e3o do Talib\u00e3, Igreja Perseguida cresce no Afeganist\u00e3o - Jornal Fatos e Not\u00edcias","isPartOf":{"@id":"https:\/\/jornalfatosenoticias.com.br\/#website"},"primaryImageOfPage":{"@id":"https:\/\/jornalfatosenoticias.com.br\/index.php\/2024\/08\/26\/ha-tres-anos-sob-intensa-repressao-do-taliba-igreja-perseguida-cresce-no-afeganistao\/#primaryimage"},"image":{"@id":"https:\/\/jornalfatosenoticias.com.br\/index.php\/2024\/08\/26\/ha-tres-anos-sob-intensa-repressao-do-taliba-igreja-perseguida-cresce-no-afeganistao\/#primaryimage"},"thumbnailUrl":"https:\/\/jornalfatosenoticias.com.br\/wp-content\/uploads\/2024\/08\/igreja-perseguida-Afeganistao.jpg","datePublished":"2024-08-26T17:22:28+00:00","dateModified":"2024-08-26T17:22:29+00:00","breadcrumb":{"@id":"https:\/\/jornalfatosenoticias.com.br\/index.php\/2024\/08\/26\/ha-tres-anos-sob-intensa-repressao-do-taliba-igreja-perseguida-cresce-no-afeganistao\/#breadcrumb"},"inLanguage":"pt-BR","potentialAction":[{"@type":"ReadAction","target":["https:\/\/jornalfatosenoticias.com.br\/index.php\/2024\/08\/26\/ha-tres-anos-sob-intensa-repressao-do-taliba-igreja-perseguida-cresce-no-afeganistao\/"]}]},{"@type":"ImageObject","inLanguage":"pt-BR","@id":"https:\/\/jornalfatosenoticias.com.br\/index.php\/2024\/08\/26\/ha-tres-anos-sob-intensa-repressao-do-taliba-igreja-perseguida-cresce-no-afeganistao\/#primaryimage","url":"https:\/\/jornalfatosenoticias.com.br\/wp-content\/uploads\/2024\/08\/igreja-perseguida-Afeganistao.jpg","contentUrl":"https:\/\/jornalfatosenoticias.com.br\/wp-content\/uploads\/2024\/08\/igreja-perseguida-Afeganistao.jpg","width":1000,"height":626},{"@type":"BreadcrumbList","@id":"https:\/\/jornalfatosenoticias.com.br\/index.php\/2024\/08\/26\/ha-tres-anos-sob-intensa-repressao-do-taliba-igreja-perseguida-cresce-no-afeganistao\/#breadcrumb","itemListElement":[{"@type":"ListItem","position":1,"name":"In\u00edcio","item":"https:\/\/jornalfatosenoticias.com.br\/"},{"@type":"ListItem","position":2,"name":"H\u00e1 tr\u00eas anos sob intensa repress\u00e3o do Talib\u00e3, Igreja Perseguida cresce no Afeganist\u00e3o"}]},{"@type":"WebSite","@id":"https:\/\/jornalfatosenoticias.com.br\/#website","url":"https:\/\/jornalfatosenoticias.com.br\/","name":"Jornal Fatos e Not\u00edcias","description":"Not\u00edcias em geral","publisher":{"@id":"https:\/\/jornalfatosenoticias.com.br\/#organization"},"potentialAction":[{"@type":"SearchAction","target":{"@type":"EntryPoint","urlTemplate":"https:\/\/jornalfatosenoticias.com.br\/?s={search_term_string}"},"query-input":{"@type":"PropertyValueSpecification","valueRequired":true,"valueName":"search_term_string"}}],"inLanguage":"pt-BR"},{"@type":"Organization","@id":"https:\/\/jornalfatosenoticias.com.br\/#organization","name":"Jornal Fatos e Not\u00edcias","url":"https:\/\/jornalfatosenoticias.com.br\/","logo":{"@type":"ImageObject","inLanguage":"pt-BR","@id":"https:\/\/jornalfatosenoticias.com.br\/#\/schema\/logo\/image\/","url":"https:\/\/jornalfatosenoticias.com.br\/wp-content\/uploads\/2020\/02\/logo120.png","contentUrl":"https:\/\/jornalfatosenoticias.com.br\/wp-content\/uploads\/2020\/02\/logo120.png","width":1227,"height":120,"caption":"Jornal Fatos e Not\u00edcias"},"image":{"@id":"https:\/\/jornalfatosenoticias.com.br\/#\/schema\/logo\/image\/"}},{"@type":"Person","@id":"https:\/\/jornalfatosenoticias.com.br\/#\/schema\/person\/d63837fa13ac8666eb9e74e0985d6f81","name":"Luzimara Fernandes","image":{"@type":"ImageObject","inLanguage":"pt-BR","@id":"https:\/\/jornalfatosenoticias.com.br\/#\/schema\/person\/image\/","url":"https:\/\/jornalfatosenoticias.com.br\/wp-content\/uploads\/2025\/05\/EU_portal.jpg","contentUrl":"https:\/\/jornalfatosenoticias.com.br\/wp-content\/uploads\/2025\/05\/EU_portal.jpg","caption":"Luzimara Fernandes"},"description":"Jornalista MTB 2358-ES","sameAs":["https:\/\/jornalfatosenoticias.com.br"],"url":"https:\/\/jornalfatosenoticias.com.br\/index.php\/author\/luzimara\/"}]}},"cc_featured_image_caption":{"caption_text":"(Foto: Reprodu\u00e7\u00e3o) ","source_text":"","source_url":""},"jetpack_featured_media_url":"https:\/\/jornalfatosenoticias.com.br\/wp-content\/uploads\/2024\/08\/igreja-perseguida-Afeganistao.jpg","_links":{"self":[{"href":"https:\/\/jornalfatosenoticias.com.br\/index.php\/wp-json\/wp\/v2\/posts\/53719","targetHints":{"allow":["GET"]}}],"collection":[{"href":"https:\/\/jornalfatosenoticias.com.br\/index.php\/wp-json\/wp\/v2\/posts"}],"about":[{"href":"https:\/\/jornalfatosenoticias.com.br\/index.php\/wp-json\/wp\/v2\/types\/post"}],"author":[{"embeddable":true,"href":"https:\/\/jornalfatosenoticias.com.br\/index.php\/wp-json\/wp\/v2\/users\/2"}],"replies":[{"embeddable":true,"href":"https:\/\/jornalfatosenoticias.com.br\/index.php\/wp-json\/wp\/v2\/comments?post=53719"}],"version-history":[{"count":0,"href":"https:\/\/jornalfatosenoticias.com.br\/index.php\/wp-json\/wp\/v2\/posts\/53719\/revisions"}],"wp:featuredmedia":[{"embeddable":true,"href":"https:\/\/jornalfatosenoticias.com.br\/index.php\/wp-json\/wp\/v2\/media\/53720"}],"wp:attachment":[{"href":"https:\/\/jornalfatosenoticias.com.br\/index.php\/wp-json\/wp\/v2\/media?parent=53719"}],"wp:term":[{"taxonomy":"category","embeddable":true,"href":"https:\/\/jornalfatosenoticias.com.br\/index.php\/wp-json\/wp\/v2\/categories?post=53719"},{"taxonomy":"post_tag","embeddable":true,"href":"https:\/\/jornalfatosenoticias.com.br\/index.php\/wp-json\/wp\/v2\/tags?post=53719"}],"curies":[{"name":"wp","href":"https:\/\/api.w.org\/{rel}","templated":true}]}}