{"id":53740,"date":"2024-08-26T15:26:25","date_gmt":"2024-08-26T18:26:25","guid":{"rendered":"https:\/\/jornalfatosenoticias.com.br\/?p=53740"},"modified":"2024-08-26T15:26:28","modified_gmt":"2024-08-26T18:26:28","slug":"membro-do-cne-denuncia-irregularidades-nas-eleicoes-e-diz-que-nao-recebeu-evidencias-da-vitoria-de-maduro","status":"publish","type":"post","link":"https:\/\/jornalfatosenoticias.com.br\/index.php\/2024\/08\/26\/membro-do-cne-denuncia-irregularidades-nas-eleicoes-e-diz-que-nao-recebeu-evidencias-da-vitoria-de-maduro\/","title":{"rendered":"Membro do CNE denuncia irregularidades nas elei\u00e7\u00f5es e diz que n\u00e3o recebeu evid\u00eancias da vit\u00f3ria de Maduro"},"content":{"rendered":"\n<p><em><span class=\"has-inline-color has-black-color\">O ditador Nicol\u00e1s Maduro e o presidente do Conselho Nacional Eleitoral (CNE) da Venezuela, o chavista Elvis Amoroso<\/span><\/em><\/p>\n\n\n\n<p><span class=\"has-inline-color has-black-color\">Por <strong><a href=\"https:\/\/www.gazetadopovo.com.br\/autor\/john-lucas\/\">John Lucas<\/a><\/strong><\/span><\/p>\n\n\n\n<div class=\"wp-block-image\"><figure class=\"aligncenter size-large\"><a href=\"https:\/\/mizu.com.br\/\"><img loading=\"lazy\" decoding=\"async\" width=\"729\" height=\"90\" src=\"https:\/\/jornalfatosenoticias.com.br\/wp-content\/uploads\/2020\/02\/Logo_Mizu.png\" alt=\"\" class=\"wp-image-1441\" srcset=\"https:\/\/jornalfatosenoticias.com.br\/wp-content\/uploads\/2020\/02\/Logo_Mizu.png 729w, https:\/\/jornalfatosenoticias.com.br\/wp-content\/uploads\/2020\/02\/Logo_Mizu-300x37.png 300w\" sizes=\"auto, (max-width: 729px) 100vw, 729px\" \/><\/a><\/figure><\/div>\n\n\n\n<p>Um dos membros do alto escal\u00e3o do chavista Conselho Nacional Eleitoral (CNE) da Venezuela, Juan Carlos Delpino, emitiu um comunicado em sua conta no X nesta segunda-feira (26) denunciando graves irregularidades que ocorreram no processo eleitoral venezuelano que culminou na \u201creelei\u00e7\u00e3o\u201d do ditador Nicol\u00e1s Maduro, em 28 de julho.<br>No comunicado, Delpino afirmou que n\u00e3o recebeu evid\u00eancias suficientes para corroborar os resultados anunciados por Elvis Amoroso, o aliado de Maduro que preside o CNE e deu a vit\u00f3ria ao ditador, destacando uma s\u00e9rie de falhas no processo eleitoral e na apura\u00e7\u00e3o dos votos.<\/p>\n\n\n\n<div class=\"wp-block-image\"><figure class=\"aligncenter size-large\"><a href=\"http:\/\/www.ferrarimaquinas.com.br\/\"><img loading=\"lazy\" decoding=\"async\" width=\"300\" height=\"250\" src=\"https:\/\/jornalfatosenoticias.com.br\/wp-content\/uploads\/2022\/02\/FERRARI_MAQUINAS-E-FERRAMENTAS2.jpg\" alt=\"\" class=\"wp-image-27860\"\/><\/a><\/figure><\/div>\n\n\n\n<p>Delpino tamb\u00e9m expressou sua preocupa\u00e7\u00e3o com a falta de transpar\u00eancia do processo eleitoral, destacando que a interrup\u00e7\u00e3o na transmiss\u00e3o dos votos e a expuls\u00e3o de testemunhas da oposi\u00e7\u00e3o dos centros de vota\u00e7\u00e3o afetaram gravemente a integridade do processo. Ele tamb\u00e9m criticou a decis\u00e3o do \u00f3rg\u00e3o de n\u00e3o publicar os resultados &#8220;mesa por mesa&#8221;, como \u00e9 tradicional, o que, segundo ele, contribuiu para a incerteza e desconfian\u00e7a entre a popula\u00e7\u00e3o e a comunidade internacional.<\/p>\n\n\n\n<div class=\"wp-block-image\"><figure class=\"aligncenter size-large\"><a href=\"https:\/\/www.facebook.com\/Esteio-Churrascaria-Barbecue-103643461220402\/\"><img decoding=\"async\" src=\"https:\/\/jornalfatosenoticias.com.br\/wp-content\/uploads\/2020\/02\/logo_esteio.jpg\" alt=\"\" class=\"wp-image-1214\"\/><\/a><\/figure><\/div>\n\n\n\n<blockquote class=\"wp-block-quote is-layout-flow wp-block-quote-is-layout-flow\"><p><span class=\"has-inline-color has-luminous-vivid-orange-color\">Com mais de 20 anos de experi\u00eancia em cargos t\u00e9cnicos e como Reitor do CNE, posso afirmar que, durante a jornada eleitoral, o processo se desenvolveu com relativamente poucas incid\u00eancias relatadas at\u00e9 \u00e0s 17h, momento em que se projetava uma participa\u00e7\u00e3o entre 60% e 65% do registro eleitoral, segundo a opini\u00e3o dos especialistas. Ap\u00f3s o fechamento das mesas de vota\u00e7\u00e3o, evidenciou-se o descumprimento de normas e regulamentos, com incidentes essenciais relatados, como o despejo de testemunhas da oposi\u00e7\u00e3o durante o fechamento das mesas, o que constituiu uma viola\u00e7\u00e3o direta dos princ\u00edpios de equidade e dos direitos dos eleitores a terem acesso \u00e0s atas de vota\u00e7\u00e3o, comprometendo a legitimidade do processo nesses centros de vota\u00e7\u00e3o\u201d, escreveu Delpino.<\/span><\/p><\/blockquote>\n\n\n\n<div class=\"wp-block-image\"><figure class=\"aligncenter size-large is-resized\"><a href=\"https:\/\/www.controlsystems.com.br\/\"><img loading=\"lazy\" decoding=\"async\" src=\"https:\/\/jornalfatosenoticias.com.br\/wp-content\/uploads\/2020\/02\/CONTROL-CS.jpg\" alt=\"\" class=\"wp-image-44991\" width=\"282\" height=\"337\" srcset=\"https:\/\/jornalfatosenoticias.com.br\/wp-content\/uploads\/2020\/02\/CONTROL-CS.jpg 834w, https:\/\/jornalfatosenoticias.com.br\/wp-content\/uploads\/2020\/02\/CONTROL-CS-250x300.jpg 250w, https:\/\/jornalfatosenoticias.com.br\/wp-content\/uploads\/2020\/02\/CONTROL-CS-768x921.jpg 768w\" sizes=\"auto, (max-width: 282px) 100vw, 282px\" \/><\/a><\/figure><\/div>\n\n\n\n<p>\u201cDe acordo com os protocolos, a transmiss\u00e3o dos resultados deveria ser feita imediatamente ap\u00f3s o fechamento das mesas. No entanto, foi nesse per\u00edodo que a transmiss\u00e3o foi interrompida e tal interrup\u00e7\u00e3o foi justificada por um suposto hackeamento, havendo sil\u00eancio e uma demora n\u00e3o explicada\u201d, disse no comunicado. \u201cApenas \u00e0s 21h [hor\u00e1rio de Caracas], fui informado do suposto hackeamento, o qual alegava ter afetado gravemente a transmiss\u00e3o dos resultados, reduzindo a transmiss\u00e3o efetiva para 58%. Este evento supostamente impediu a emiss\u00e3o do primeiro boletim no momento adequado, mantendo o pa\u00eds em uma espera injustificada\u201d, alegou Delpino.<\/p>\n\n\n\n<div class=\"wp-block-image\"><figure class=\"aligncenter size-large\"><a href=\"https:\/\/cesconetto.com.br\/\"><img loading=\"lazy\" decoding=\"async\" width=\"300\" height=\"250\" src=\"https:\/\/jornalfatosenoticias.com.br\/wp-content\/uploads\/2020\/02\/Banner-2.png\" alt=\"\" class=\"wp-image-43787\"\/><\/a><\/figure><\/div>\n\n\n\n<p>\u201cDiante do despejo de testemunhas em v\u00e1rios centros [de vota\u00e7\u00e3o], da falta de transmiss\u00e3o do c\u00f3digo QR para os centros de dados dos comandos e da falta de solu\u00e7\u00e3o efetiva para o suposto hackeamento, tomei a decis\u00e3o de n\u00e3o subir \u00e0 sala de totaliza\u00e7\u00e3o e de n\u00e3o assistir ao an\u00fancio do primeiro boletim. Como reitor principal, ao n\u00e3o comparecer \u00e0 sala de totaliza\u00e7\u00e3o, care\u00e7o das evid\u00eancias que respaldam os resultados anunciados\u201d, escreveu no comunicado. <\/p>\n\n\n\n<div class=\"wp-block-image\"><figure class=\"aligncenter size-large is-resized\"><a href=\"https:\/\/panper.com.br\/\"><img loading=\"lazy\" decoding=\"async\" src=\"https:\/\/jornalfatosenoticias.com.br\/wp-content\/uploads\/2023\/03\/logo-Panper_portal.jpg\" alt=\"\" class=\"wp-image-40208\" width=\"303\" height=\"210\" srcset=\"https:\/\/jornalfatosenoticias.com.br\/wp-content\/uploads\/2023\/03\/logo-Panper_portal.jpg 400w, https:\/\/jornalfatosenoticias.com.br\/wp-content\/uploads\/2023\/03\/logo-Panper_portal-300x208.jpg 300w\" sizes=\"auto, (max-width: 303px) 100vw, 303px\" \/><\/a><\/figure><\/div>\n\n\n\n<p>&#8220;No dia 29 de julho, recusei o convite do presidente do CNE para comparecer ao ato de proclama\u00e7\u00e3o, mantendo minha posi\u00e7\u00e3o de desacordo com a falta de transpar\u00eancia no processo. Esta decis\u00e3o baseia-se no meu compromisso com a integridade eleitoral e na minha responsabilidade de garantir que os resultados reflitam a verdadeira vontade do povo venezuelano. Especialistas internacionais concordaram que os eventos descritos n\u00e3o atendem aos padr\u00f5es nacionais e internacionais de transpar\u00eancia e legalidade&#8221;, disse Delpino.<\/p>\n\n\n\n<div class=\"wp-block-image\"><figure class=\"aligncenter size-large is-resized\"><a href=\"https:\/\/www.instagram.com\/vmais.midias\/\"><img loading=\"lazy\" decoding=\"async\" src=\"https:\/\/jornalfatosenoticias.com.br\/wp-content\/uploads\/2020\/02\/DE-MAIS-DESTAQUE-VMAIS-800X700.png\" alt=\"\" class=\"wp-image-53112\" width=\"297\" height=\"259\" srcset=\"https:\/\/jornalfatosenoticias.com.br\/wp-content\/uploads\/2020\/02\/DE-MAIS-DESTAQUE-VMAIS-800X700.png 800w, https:\/\/jornalfatosenoticias.com.br\/wp-content\/uploads\/2020\/02\/DE-MAIS-DESTAQUE-VMAIS-800X700-300x263.png 300w, https:\/\/jornalfatosenoticias.com.br\/wp-content\/uploads\/2020\/02\/DE-MAIS-DESTAQUE-VMAIS-800X700-768x672.png 768w\" sizes=\"auto, (max-width: 297px) 100vw, 297px\" \/><\/a><\/figure><\/div>\n\n\n\n<p>Al\u00e9m das quest\u00f5es relacionadas ao dia da elei\u00e7\u00e3o, Delpino tamb\u00e9m apontou em seu comunicado irregularidades que ocorreram dias antes do pleito de 28 de julho. Ele mencionou a exclus\u00e3o de partidos pol\u00edticos que, segundo ele, possu\u00edam maior percentual de votos nas elei\u00e7\u00f5es anteriores, tamb\u00e9m criticou a falta de reuni\u00f5es regulares do CNE, que comprometeram o funcionamento efetivo do \u00f3rg\u00e3o. Delpino tamb\u00e9m disse que se op\u00f4s \u00e0 decis\u00e3o do CNE de excluir observadores internacionais, como a miss\u00e3o da Uni\u00e3o Europeia, que ele considerava como essencial para garantir a transpar\u00eancia do processo eleitoral.<\/p>\n\n\n\n<div class=\"wp-block-image\"><figure class=\"aligncenter size-large is-resized\"><a href=\"https:\/\/hotelmarquetti.com.br\/\"><img loading=\"lazy\" decoding=\"async\" src=\"https:\/\/jornalfatosenoticias.com.br\/wp-content\/uploads\/2020\/02\/nova-logo-Marquetti.jpg\" alt=\"\" class=\"wp-image-22331\" width=\"317\" height=\"213\" srcset=\"https:\/\/jornalfatosenoticias.com.br\/wp-content\/uploads\/2020\/02\/nova-logo-Marquetti.jpg 643w, https:\/\/jornalfatosenoticias.com.br\/wp-content\/uploads\/2020\/02\/nova-logo-Marquetti-300x202.jpg 300w\" sizes=\"auto, (max-width: 317px) 100vw, 317px\" \/><\/a><\/figure><\/div>\n\n\n\n<p>Sobre a convoca\u00e7\u00e3o de recursos apresentados \u00e0 C\u00e2mara Eleitoral do Supremo da Venezuela, Delpino afirmou que optou por n\u00e3o comparecer as audi\u00eancias que ratificaram a vit\u00f3ria do chavismo, argumentando que a resolu\u00e7\u00e3o dos conflitos deve ser realizada dentro do pr\u00f3prio organismo eleitoral, neste caso o CNE.<br>\u201c[\u2026] Considero que a resolu\u00e7\u00e3o do conflito deve ocorrer dentro do pr\u00f3prio organismo eleitoral, convocando t\u00e9cnicos e peritos eleitorais para cotejar as atas que o CNE possui desde o dia da elei\u00e7\u00e3o, com as que t\u00eam os diferentes comandos de campanha, e que estas sejam auditadas por observadores internacionais e certificadas de forma independente\u201d, disse Delpino.<\/p>\n\n\n\n<div class=\"wp-block-image\"><figure class=\"aligncenter size-large is-resized\"><a href=\"https:\/\/www.instagram.com\/restaurantepegoretti\/\"><img loading=\"lazy\" decoding=\"async\" src=\"https:\/\/jornalfatosenoticias.com.br\/wp-content\/uploads\/2023\/12\/pegoretti-logo-pdf-1024x389.jpg\" alt=\"\" class=\"wp-image-47536\" width=\"417\" height=\"158\" srcset=\"https:\/\/jornalfatosenoticias.com.br\/wp-content\/uploads\/2023\/12\/pegoretti-logo-pdf-1024x389.jpg 1024w, https:\/\/jornalfatosenoticias.com.br\/wp-content\/uploads\/2023\/12\/pegoretti-logo-pdf-300x114.jpg 300w, https:\/\/jornalfatosenoticias.com.br\/wp-content\/uploads\/2023\/12\/pegoretti-logo-pdf-768x291.jpg 768w, https:\/\/jornalfatosenoticias.com.br\/wp-content\/uploads\/2023\/12\/pegoretti-logo-pdf.jpg 1120w\" sizes=\"auto, (max-width: 417px) 100vw, 417px\" \/><\/a><\/figure><\/div>\n\n\n\n<figure class=\"wp-block-embed-twitter wp-block-embed is-type-rich is-provider-twitter\"><div class=\"wp-block-embed__wrapper\">\n<blockquote class=\"twitter-tweet\" data-width=\"550\" data-dnt=\"true\"><p lang=\"es\" dir=\"ltr\">Mantengo mi compromiso inquebrantable con el pueblo venezolano \ud83c\uddfb\ud83c\uddea. <a href=\"https:\/\/t.co\/IOsMaBRz4A\">pic.twitter.com\/IOsMaBRz4A<\/a><\/p>&mdash; Juan C Delpino (@delpinojuan) <a href=\"https:\/\/twitter.com\/delpinojuan\/status\/1827986854785778000?ref_src=twsrc%5Etfw\">August 26, 2024<\/a><\/blockquote><script async src=\"https:\/\/platform.twitter.com\/widgets.js\" charset=\"utf-8\"><\/script>\n<\/div><\/figure>\n\n\n\n<p>Delpino, que j\u00e1 morou nos EUA, tamb\u00e9m expressou suas preocupa\u00e7\u00f5es durante uma entrevista ao jornal americano New York Times, onde disse que o CNE \u201cfalhou\u201d com a Venezuela. <\/p>\n\n\n\n<div class=\"wp-block-image\"><figure class=\"aligncenter size-large is-resized\"><a href=\"https:\/\/www.ithbrasil.com.br\/\"><img loading=\"lazy\" decoding=\"async\" src=\"https:\/\/jornalfatosenoticias.com.br\/wp-content\/uploads\/2023\/08\/ITH.jpeg\" alt=\"\" class=\"wp-image-44638\" width=\"287\" height=\"233\" srcset=\"https:\/\/jornalfatosenoticias.com.br\/wp-content\/uploads\/2023\/08\/ITH.jpeg 800w, https:\/\/jornalfatosenoticias.com.br\/wp-content\/uploads\/2023\/08\/ITH-300x244.jpeg 300w, https:\/\/jornalfatosenoticias.com.br\/wp-content\/uploads\/2023\/08\/ITH-768x624.jpeg 768w\" sizes=\"auto, (max-width: 287px) 100vw, 287px\" \/><\/a><\/figure><\/div>\n\n\n\n<blockquote class=\"wp-block-quote is-layout-flow wp-block-quote-is-layout-flow\"><p><span class=\"has-inline-color has-luminous-vivid-orange-color\">Sinto vergonha e pe\u00e7o desculpas ao povo venezuelano. Porque todo o plano que foi elaborado, para realizar elei\u00e7\u00f5es aceitas por todos, n\u00e3o foi alcan\u00e7ado\u201d, disse ele ao Times.<\/span><\/p><\/blockquote>\n\n\n\n<div class=\"wp-block-image\"><figure class=\"aligncenter size-large is-resized\"><a href=\"https:\/\/www.facebook.com\/vetor.vix\/\"><img loading=\"lazy\" decoding=\"async\" src=\"https:\/\/jornalfatosenoticias.com.br\/wp-content\/uploads\/2023\/09\/vetorvix1024_1.jpg\" alt=\"\" class=\"wp-image-44868\" width=\"494\" height=\"131\" srcset=\"https:\/\/jornalfatosenoticias.com.br\/wp-content\/uploads\/2023\/09\/vetorvix1024_1.jpg 1024w, https:\/\/jornalfatosenoticias.com.br\/wp-content\/uploads\/2023\/09\/vetorvix1024_1-300x80.jpg 300w, https:\/\/jornalfatosenoticias.com.br\/wp-content\/uploads\/2023\/09\/vetorvix1024_1-768x205.jpg 768w\" sizes=\"auto, (max-width: 494px) 100vw, 494px\" \/><\/a><\/figure><\/div>\n\n\n\n<p>Segundo o jornal americano, o funcion\u00e1rio est\u00e1 escondido dentro da Venezuela, com medo de repres\u00e1lias do regime chavista.<\/p>\n\n\n\n<p><strong><em>Fonte: <a href=\"https:\/\/www.gazetadopovo.com.br\/mundo\/maduro-cne-venezuela\/\">Gazeta do Povo<\/a><\/em><\/strong><\/p>\n","protected":false},"excerpt":{"rendered":"<p>O ditador Nicol\u00e1s Maduro e o presidente do Conselho Nacional Eleitoral (CNE) da Venezuela, o chavista Elvis Amoroso Por John Lucas Um dos membros do alto escal\u00e3o do chavista Conselho Nacional Eleitoral (CNE) da Venezuela, Juan Carlos Delpino, emitiu um comunicado em sua conta no X nesta segunda-feira (26) denunciando graves irregularidades que ocorreram no [&hellip;]<\/p>\n","protected":false},"author":2,"featured_media":53741,"comment_status":"open","ping_status":"open","sticky":false,"template":"","format":"standard","meta":{"footnotes":""},"categories":[41],"tags":[2097,24194,24489,19097,8605],"class_list":["post-53740","post","type-post","status-publish","format-standard","has-post-thumbnail","hentry","category-internacional","tag-cne","tag-eleicoes-venezuela","tag-juan-carlos-delpino","tag-nicolas-maduro","tag-venezuela"],"yoast_head":"<!-- This site is optimized with the Yoast SEO plugin v26.5 - https:\/\/yoast.com\/wordpress\/plugins\/seo\/ -->\n<title>Membro do CNE denuncia irregularidades nas elei\u00e7\u00f5es e diz que n\u00e3o recebeu evid\u00eancias da vit\u00f3ria de Maduro - Jornal Fatos e Not\u00edcias<\/title>\n<meta name=\"robots\" content=\"index, follow, max-snippet:-1, max-image-preview:large, max-video-preview:-1\" \/>\n<link rel=\"canonical\" href=\"https:\/\/jornalfatosenoticias.com.br\/index.php\/2024\/08\/26\/membro-do-cne-denuncia-irregularidades-nas-eleicoes-e-diz-que-nao-recebeu-evidencias-da-vitoria-de-maduro\/\" \/>\n<meta property=\"og:locale\" content=\"pt_BR\" \/>\n<meta property=\"og:type\" content=\"article\" \/>\n<meta property=\"og:title\" content=\"Membro do CNE denuncia irregularidades nas elei\u00e7\u00f5es e diz que n\u00e3o recebeu evid\u00eancias da vit\u00f3ria de Maduro - Jornal Fatos e Not\u00edcias\" \/>\n<meta property=\"og:description\" content=\"O ditador Nicol\u00e1s Maduro e o presidente do Conselho Nacional Eleitoral (CNE) da Venezuela, o chavista Elvis Amoroso Por John Lucas Um dos membros do alto escal\u00e3o do chavista Conselho Nacional Eleitoral (CNE) da Venezuela, Juan Carlos Delpino, emitiu um comunicado em sua conta no X nesta segunda-feira (26) denunciando graves irregularidades que ocorreram no [&hellip;]\" \/>\n<meta property=\"og:url\" content=\"https:\/\/jornalfatosenoticias.com.br\/index.php\/2024\/08\/26\/membro-do-cne-denuncia-irregularidades-nas-eleicoes-e-diz-que-nao-recebeu-evidencias-da-vitoria-de-maduro\/\" \/>\n<meta property=\"og:site_name\" content=\"Jornal Fatos e Not\u00edcias\" \/>\n<meta property=\"article:published_time\" content=\"2024-08-26T18:26:25+00:00\" \/>\n<meta property=\"article:modified_time\" content=\"2024-08-26T18:26:28+00:00\" \/>\n<meta property=\"og:image\" content=\"https:\/\/jornalfatosenoticias.com.br\/wp-content\/uploads\/2024\/08\/fruta-podre_gettyimages.jpg\" \/>\n\t<meta property=\"og:image:width\" content=\"612\" \/>\n\t<meta property=\"og:image:height\" content=\"408\" \/>\n\t<meta property=\"og:image:type\" content=\"image\/jpeg\" \/>\n<meta name=\"author\" content=\"Luzimara Fernandes\" \/>\n<meta name=\"twitter:card\" content=\"summary_large_image\" \/>\n<meta name=\"twitter:label1\" content=\"Escrito por\" \/>\n\t<meta name=\"twitter:data1\" content=\"Luzimara Fernandes\" \/>\n\t<meta name=\"twitter:label2\" content=\"Est. tempo de leitura\" \/>\n\t<meta name=\"twitter:data2\" content=\"5 minutos\" \/>\n<script type=\"application\/ld+json\" class=\"yoast-schema-graph\">{\"@context\":\"https:\/\/schema.org\",\"@graph\":[{\"@type\":\"Article\",\"@id\":\"https:\/\/jornalfatosenoticias.com.br\/index.php\/2024\/08\/26\/membro-do-cne-denuncia-irregularidades-nas-eleicoes-e-diz-que-nao-recebeu-evidencias-da-vitoria-de-maduro\/#article\",\"isPartOf\":{\"@id\":\"https:\/\/jornalfatosenoticias.com.br\/index.php\/2024\/08\/26\/membro-do-cne-denuncia-irregularidades-nas-eleicoes-e-diz-que-nao-recebeu-evidencias-da-vitoria-de-maduro\/\"},\"author\":{\"name\":\"Luzimara Fernandes\",\"@id\":\"https:\/\/jornalfatosenoticias.com.br\/#\/schema\/person\/d63837fa13ac8666eb9e74e0985d6f81\"},\"headline\":\"Membro do CNE denuncia irregularidades nas elei\u00e7\u00f5es e diz que n\u00e3o recebeu evid\u00eancias da vit\u00f3ria de Maduro\",\"datePublished\":\"2024-08-26T18:26:25+00:00\",\"dateModified\":\"2024-08-26T18:26:28+00:00\",\"mainEntityOfPage\":{\"@id\":\"https:\/\/jornalfatosenoticias.com.br\/index.php\/2024\/08\/26\/membro-do-cne-denuncia-irregularidades-nas-eleicoes-e-diz-que-nao-recebeu-evidencias-da-vitoria-de-maduro\/\"},\"wordCount\":970,\"commentCount\":0,\"publisher\":{\"@id\":\"https:\/\/jornalfatosenoticias.com.br\/#organization\"},\"image\":{\"@id\":\"https:\/\/jornalfatosenoticias.com.br\/index.php\/2024\/08\/26\/membro-do-cne-denuncia-irregularidades-nas-eleicoes-e-diz-que-nao-recebeu-evidencias-da-vitoria-de-maduro\/#primaryimage\"},\"thumbnailUrl\":\"https:\/\/jornalfatosenoticias.com.br\/wp-content\/uploads\/2024\/08\/fruta-podre_gettyimages.jpg\",\"keywords\":[\"CNE\",\"elei\u00e7\u00f5es Venezuela\",\"Juan Carlos Delpino\",\"Nicol\u00e1s Maduro\",\"Venezuela\"],\"articleSection\":[\"Internacional\"],\"inLanguage\":\"pt-BR\",\"potentialAction\":[{\"@type\":\"CommentAction\",\"name\":\"Comment\",\"target\":[\"https:\/\/jornalfatosenoticias.com.br\/index.php\/2024\/08\/26\/membro-do-cne-denuncia-irregularidades-nas-eleicoes-e-diz-que-nao-recebeu-evidencias-da-vitoria-de-maduro\/#respond\"]}]},{\"@type\":\"WebPage\",\"@id\":\"https:\/\/jornalfatosenoticias.com.br\/index.php\/2024\/08\/26\/membro-do-cne-denuncia-irregularidades-nas-eleicoes-e-diz-que-nao-recebeu-evidencias-da-vitoria-de-maduro\/\",\"url\":\"https:\/\/jornalfatosenoticias.com.br\/index.php\/2024\/08\/26\/membro-do-cne-denuncia-irregularidades-nas-eleicoes-e-diz-que-nao-recebeu-evidencias-da-vitoria-de-maduro\/\",\"name\":\"Membro do CNE denuncia irregularidades nas elei\u00e7\u00f5es e diz que n\u00e3o recebeu evid\u00eancias da vit\u00f3ria de Maduro - Jornal Fatos e Not\u00edcias\",\"isPartOf\":{\"@id\":\"https:\/\/jornalfatosenoticias.com.br\/#website\"},\"primaryImageOfPage\":{\"@id\":\"https:\/\/jornalfatosenoticias.com.br\/index.php\/2024\/08\/26\/membro-do-cne-denuncia-irregularidades-nas-eleicoes-e-diz-que-nao-recebeu-evidencias-da-vitoria-de-maduro\/#primaryimage\"},\"image\":{\"@id\":\"https:\/\/jornalfatosenoticias.com.br\/index.php\/2024\/08\/26\/membro-do-cne-denuncia-irregularidades-nas-eleicoes-e-diz-que-nao-recebeu-evidencias-da-vitoria-de-maduro\/#primaryimage\"},\"thumbnailUrl\":\"https:\/\/jornalfatosenoticias.com.br\/wp-content\/uploads\/2024\/08\/fruta-podre_gettyimages.jpg\",\"datePublished\":\"2024-08-26T18:26:25+00:00\",\"dateModified\":\"2024-08-26T18:26:28+00:00\",\"breadcrumb\":{\"@id\":\"https:\/\/jornalfatosenoticias.com.br\/index.php\/2024\/08\/26\/membro-do-cne-denuncia-irregularidades-nas-eleicoes-e-diz-que-nao-recebeu-evidencias-da-vitoria-de-maduro\/#breadcrumb\"},\"inLanguage\":\"pt-BR\",\"potentialAction\":[{\"@type\":\"ReadAction\",\"target\":[\"https:\/\/jornalfatosenoticias.com.br\/index.php\/2024\/08\/26\/membro-do-cne-denuncia-irregularidades-nas-eleicoes-e-diz-que-nao-recebeu-evidencias-da-vitoria-de-maduro\/\"]}]},{\"@type\":\"ImageObject\",\"inLanguage\":\"pt-BR\",\"@id\":\"https:\/\/jornalfatosenoticias.com.br\/index.php\/2024\/08\/26\/membro-do-cne-denuncia-irregularidades-nas-eleicoes-e-diz-que-nao-recebeu-evidencias-da-vitoria-de-maduro\/#primaryimage\",\"url\":\"https:\/\/jornalfatosenoticias.com.br\/wp-content\/uploads\/2024\/08\/fruta-podre_gettyimages.jpg\",\"contentUrl\":\"https:\/\/jornalfatosenoticias.com.br\/wp-content\/uploads\/2024\/08\/fruta-podre_gettyimages.jpg\",\"width\":612,\"height\":408,\"caption\":\"Venezuelan President Nicolas Maduro (L) speaks next to the president of the National Electoral Council (CNE), Elvis Amoroso, during his proclamation at the CNE headquarters in Caracas on July 29, 2024, a day after the Venezuelan presidential election. President Nicolas Maduro was declared the winner of Venezuela's presidential election but the opposition and key regional neighbours immediately rejected the official results. (Photo by Federico PARRA \/ AFP) (Photo by FEDERICO PARRA\/AFP via Getty Images)\"},{\"@type\":\"BreadcrumbList\",\"@id\":\"https:\/\/jornalfatosenoticias.com.br\/index.php\/2024\/08\/26\/membro-do-cne-denuncia-irregularidades-nas-eleicoes-e-diz-que-nao-recebeu-evidencias-da-vitoria-de-maduro\/#breadcrumb\",\"itemListElement\":[{\"@type\":\"ListItem\",\"position\":1,\"name\":\"In\u00edcio\",\"item\":\"https:\/\/jornalfatosenoticias.com.br\/\"},{\"@type\":\"ListItem\",\"position\":2,\"name\":\"Membro do CNE denuncia irregularidades nas elei\u00e7\u00f5es e diz que n\u00e3o recebeu evid\u00eancias da vit\u00f3ria de Maduro\"}]},{\"@type\":\"WebSite\",\"@id\":\"https:\/\/jornalfatosenoticias.com.br\/#website\",\"url\":\"https:\/\/jornalfatosenoticias.com.br\/\",\"name\":\"Jornal Fatos e Not\u00edcias\",\"description\":\"Not\u00edcias em geral\",\"publisher\":{\"@id\":\"https:\/\/jornalfatosenoticias.com.br\/#organization\"},\"potentialAction\":[{\"@type\":\"SearchAction\",\"target\":{\"@type\":\"EntryPoint\",\"urlTemplate\":\"https:\/\/jornalfatosenoticias.com.br\/?s={search_term_string}\"},\"query-input\":{\"@type\":\"PropertyValueSpecification\",\"valueRequired\":true,\"valueName\":\"search_term_string\"}}],\"inLanguage\":\"pt-BR\"},{\"@type\":\"Organization\",\"@id\":\"https:\/\/jornalfatosenoticias.com.br\/#organization\",\"name\":\"Jornal Fatos e Not\u00edcias\",\"url\":\"https:\/\/jornalfatosenoticias.com.br\/\",\"logo\":{\"@type\":\"ImageObject\",\"inLanguage\":\"pt-BR\",\"@id\":\"https:\/\/jornalfatosenoticias.com.br\/#\/schema\/logo\/image\/\",\"url\":\"https:\/\/jornalfatosenoticias.com.br\/wp-content\/uploads\/2020\/02\/logo120.png\",\"contentUrl\":\"https:\/\/jornalfatosenoticias.com.br\/wp-content\/uploads\/2020\/02\/logo120.png\",\"width\":1227,\"height\":120,\"caption\":\"Jornal Fatos e Not\u00edcias\"},\"image\":{\"@id\":\"https:\/\/jornalfatosenoticias.com.br\/#\/schema\/logo\/image\/\"}},{\"@type\":\"Person\",\"@id\":\"https:\/\/jornalfatosenoticias.com.br\/#\/schema\/person\/d63837fa13ac8666eb9e74e0985d6f81\",\"name\":\"Luzimara Fernandes\",\"image\":{\"@type\":\"ImageObject\",\"inLanguage\":\"pt-BR\",\"@id\":\"https:\/\/jornalfatosenoticias.com.br\/#\/schema\/person\/image\/\",\"url\":\"https:\/\/jornalfatosenoticias.com.br\/wp-content\/uploads\/2025\/05\/EU_portal.jpg\",\"contentUrl\":\"https:\/\/jornalfatosenoticias.com.br\/wp-content\/uploads\/2025\/05\/EU_portal.jpg\",\"caption\":\"Luzimara Fernandes\"},\"description\":\"Jornalista MTB 2358-ES\",\"sameAs\":[\"https:\/\/jornalfatosenoticias.com.br\"],\"url\":\"https:\/\/jornalfatosenoticias.com.br\/index.php\/author\/luzimara\/\"}]}<\/script>\n<!-- \/ Yoast SEO plugin. -->","yoast_head_json":{"title":"Membro do CNE denuncia irregularidades nas elei\u00e7\u00f5es e diz que n\u00e3o recebeu evid\u00eancias da vit\u00f3ria de Maduro - Jornal Fatos e Not\u00edcias","robots":{"index":"index","follow":"follow","max-snippet":"max-snippet:-1","max-image-preview":"max-image-preview:large","max-video-preview":"max-video-preview:-1"},"canonical":"https:\/\/jornalfatosenoticias.com.br\/index.php\/2024\/08\/26\/membro-do-cne-denuncia-irregularidades-nas-eleicoes-e-diz-que-nao-recebeu-evidencias-da-vitoria-de-maduro\/","og_locale":"pt_BR","og_type":"article","og_title":"Membro do CNE denuncia irregularidades nas elei\u00e7\u00f5es e diz que n\u00e3o recebeu evid\u00eancias da vit\u00f3ria de Maduro - Jornal Fatos e Not\u00edcias","og_description":"O ditador Nicol\u00e1s Maduro e o presidente do Conselho Nacional Eleitoral (CNE) da Venezuela, o chavista Elvis Amoroso Por John Lucas Um dos membros do alto escal\u00e3o do chavista Conselho Nacional Eleitoral (CNE) da Venezuela, Juan Carlos Delpino, emitiu um comunicado em sua conta no X nesta segunda-feira (26) denunciando graves irregularidades que ocorreram no [&hellip;]","og_url":"https:\/\/jornalfatosenoticias.com.br\/index.php\/2024\/08\/26\/membro-do-cne-denuncia-irregularidades-nas-eleicoes-e-diz-que-nao-recebeu-evidencias-da-vitoria-de-maduro\/","og_site_name":"Jornal Fatos e Not\u00edcias","article_published_time":"2024-08-26T18:26:25+00:00","article_modified_time":"2024-08-26T18:26:28+00:00","og_image":[{"width":612,"height":408,"url":"https:\/\/jornalfatosenoticias.com.br\/wp-content\/uploads\/2024\/08\/fruta-podre_gettyimages.jpg","type":"image\/jpeg"}],"author":"Luzimara Fernandes","twitter_card":"summary_large_image","twitter_misc":{"Escrito por":"Luzimara Fernandes","Est. tempo de leitura":"5 minutos"},"schema":{"@context":"https:\/\/schema.org","@graph":[{"@type":"Article","@id":"https:\/\/jornalfatosenoticias.com.br\/index.php\/2024\/08\/26\/membro-do-cne-denuncia-irregularidades-nas-eleicoes-e-diz-que-nao-recebeu-evidencias-da-vitoria-de-maduro\/#article","isPartOf":{"@id":"https:\/\/jornalfatosenoticias.com.br\/index.php\/2024\/08\/26\/membro-do-cne-denuncia-irregularidades-nas-eleicoes-e-diz-que-nao-recebeu-evidencias-da-vitoria-de-maduro\/"},"author":{"name":"Luzimara Fernandes","@id":"https:\/\/jornalfatosenoticias.com.br\/#\/schema\/person\/d63837fa13ac8666eb9e74e0985d6f81"},"headline":"Membro do CNE denuncia irregularidades nas elei\u00e7\u00f5es e diz que n\u00e3o recebeu evid\u00eancias da vit\u00f3ria de Maduro","datePublished":"2024-08-26T18:26:25+00:00","dateModified":"2024-08-26T18:26:28+00:00","mainEntityOfPage":{"@id":"https:\/\/jornalfatosenoticias.com.br\/index.php\/2024\/08\/26\/membro-do-cne-denuncia-irregularidades-nas-eleicoes-e-diz-que-nao-recebeu-evidencias-da-vitoria-de-maduro\/"},"wordCount":970,"commentCount":0,"publisher":{"@id":"https:\/\/jornalfatosenoticias.com.br\/#organization"},"image":{"@id":"https:\/\/jornalfatosenoticias.com.br\/index.php\/2024\/08\/26\/membro-do-cne-denuncia-irregularidades-nas-eleicoes-e-diz-que-nao-recebeu-evidencias-da-vitoria-de-maduro\/#primaryimage"},"thumbnailUrl":"https:\/\/jornalfatosenoticias.com.br\/wp-content\/uploads\/2024\/08\/fruta-podre_gettyimages.jpg","keywords":["CNE","elei\u00e7\u00f5es Venezuela","Juan Carlos Delpino","Nicol\u00e1s Maduro","Venezuela"],"articleSection":["Internacional"],"inLanguage":"pt-BR","potentialAction":[{"@type":"CommentAction","name":"Comment","target":["https:\/\/jornalfatosenoticias.com.br\/index.php\/2024\/08\/26\/membro-do-cne-denuncia-irregularidades-nas-eleicoes-e-diz-que-nao-recebeu-evidencias-da-vitoria-de-maduro\/#respond"]}]},{"@type":"WebPage","@id":"https:\/\/jornalfatosenoticias.com.br\/index.php\/2024\/08\/26\/membro-do-cne-denuncia-irregularidades-nas-eleicoes-e-diz-que-nao-recebeu-evidencias-da-vitoria-de-maduro\/","url":"https:\/\/jornalfatosenoticias.com.br\/index.php\/2024\/08\/26\/membro-do-cne-denuncia-irregularidades-nas-eleicoes-e-diz-que-nao-recebeu-evidencias-da-vitoria-de-maduro\/","name":"Membro do CNE denuncia irregularidades nas elei\u00e7\u00f5es e diz que n\u00e3o recebeu evid\u00eancias da vit\u00f3ria de Maduro - Jornal Fatos e Not\u00edcias","isPartOf":{"@id":"https:\/\/jornalfatosenoticias.com.br\/#website"},"primaryImageOfPage":{"@id":"https:\/\/jornalfatosenoticias.com.br\/index.php\/2024\/08\/26\/membro-do-cne-denuncia-irregularidades-nas-eleicoes-e-diz-que-nao-recebeu-evidencias-da-vitoria-de-maduro\/#primaryimage"},"image":{"@id":"https:\/\/jornalfatosenoticias.com.br\/index.php\/2024\/08\/26\/membro-do-cne-denuncia-irregularidades-nas-eleicoes-e-diz-que-nao-recebeu-evidencias-da-vitoria-de-maduro\/#primaryimage"},"thumbnailUrl":"https:\/\/jornalfatosenoticias.com.br\/wp-content\/uploads\/2024\/08\/fruta-podre_gettyimages.jpg","datePublished":"2024-08-26T18:26:25+00:00","dateModified":"2024-08-26T18:26:28+00:00","breadcrumb":{"@id":"https:\/\/jornalfatosenoticias.com.br\/index.php\/2024\/08\/26\/membro-do-cne-denuncia-irregularidades-nas-eleicoes-e-diz-que-nao-recebeu-evidencias-da-vitoria-de-maduro\/#breadcrumb"},"inLanguage":"pt-BR","potentialAction":[{"@type":"ReadAction","target":["https:\/\/jornalfatosenoticias.com.br\/index.php\/2024\/08\/26\/membro-do-cne-denuncia-irregularidades-nas-eleicoes-e-diz-que-nao-recebeu-evidencias-da-vitoria-de-maduro\/"]}]},{"@type":"ImageObject","inLanguage":"pt-BR","@id":"https:\/\/jornalfatosenoticias.com.br\/index.php\/2024\/08\/26\/membro-do-cne-denuncia-irregularidades-nas-eleicoes-e-diz-que-nao-recebeu-evidencias-da-vitoria-de-maduro\/#primaryimage","url":"https:\/\/jornalfatosenoticias.com.br\/wp-content\/uploads\/2024\/08\/fruta-podre_gettyimages.jpg","contentUrl":"https:\/\/jornalfatosenoticias.com.br\/wp-content\/uploads\/2024\/08\/fruta-podre_gettyimages.jpg","width":612,"height":408,"caption":"Venezuelan President Nicolas Maduro (L) speaks next to the president of the National Electoral Council (CNE), Elvis Amoroso, during his proclamation at the CNE headquarters in Caracas on July 29, 2024, a day after the Venezuelan presidential election. President Nicolas Maduro was declared the winner of Venezuela's presidential election but the opposition and key regional neighbours immediately rejected the official results. (Photo by Federico PARRA \/ AFP) (Photo by FEDERICO PARRA\/AFP via Getty Images)"},{"@type":"BreadcrumbList","@id":"https:\/\/jornalfatosenoticias.com.br\/index.php\/2024\/08\/26\/membro-do-cne-denuncia-irregularidades-nas-eleicoes-e-diz-que-nao-recebeu-evidencias-da-vitoria-de-maduro\/#breadcrumb","itemListElement":[{"@type":"ListItem","position":1,"name":"In\u00edcio","item":"https:\/\/jornalfatosenoticias.com.br\/"},{"@type":"ListItem","position":2,"name":"Membro do CNE denuncia irregularidades nas elei\u00e7\u00f5es e diz que n\u00e3o recebeu evid\u00eancias da vit\u00f3ria de Maduro"}]},{"@type":"WebSite","@id":"https:\/\/jornalfatosenoticias.com.br\/#website","url":"https:\/\/jornalfatosenoticias.com.br\/","name":"Jornal Fatos e Not\u00edcias","description":"Not\u00edcias em geral","publisher":{"@id":"https:\/\/jornalfatosenoticias.com.br\/#organization"},"potentialAction":[{"@type":"SearchAction","target":{"@type":"EntryPoint","urlTemplate":"https:\/\/jornalfatosenoticias.com.br\/?s={search_term_string}"},"query-input":{"@type":"PropertyValueSpecification","valueRequired":true,"valueName":"search_term_string"}}],"inLanguage":"pt-BR"},{"@type":"Organization","@id":"https:\/\/jornalfatosenoticias.com.br\/#organization","name":"Jornal Fatos e Not\u00edcias","url":"https:\/\/jornalfatosenoticias.com.br\/","logo":{"@type":"ImageObject","inLanguage":"pt-BR","@id":"https:\/\/jornalfatosenoticias.com.br\/#\/schema\/logo\/image\/","url":"https:\/\/jornalfatosenoticias.com.br\/wp-content\/uploads\/2020\/02\/logo120.png","contentUrl":"https:\/\/jornalfatosenoticias.com.br\/wp-content\/uploads\/2020\/02\/logo120.png","width":1227,"height":120,"caption":"Jornal Fatos e Not\u00edcias"},"image":{"@id":"https:\/\/jornalfatosenoticias.com.br\/#\/schema\/logo\/image\/"}},{"@type":"Person","@id":"https:\/\/jornalfatosenoticias.com.br\/#\/schema\/person\/d63837fa13ac8666eb9e74e0985d6f81","name":"Luzimara Fernandes","image":{"@type":"ImageObject","inLanguage":"pt-BR","@id":"https:\/\/jornalfatosenoticias.com.br\/#\/schema\/person\/image\/","url":"https:\/\/jornalfatosenoticias.com.br\/wp-content\/uploads\/2025\/05\/EU_portal.jpg","contentUrl":"https:\/\/jornalfatosenoticias.com.br\/wp-content\/uploads\/2025\/05\/EU_portal.jpg","caption":"Luzimara Fernandes"},"description":"Jornalista MTB 2358-ES","sameAs":["https:\/\/jornalfatosenoticias.com.br"],"url":"https:\/\/jornalfatosenoticias.com.br\/index.php\/author\/luzimara\/"}]}},"cc_featured_image_caption":{"caption_text":"(Foto: Getty Images) ","source_text":"","source_url":""},"jetpack_featured_media_url":"https:\/\/jornalfatosenoticias.com.br\/wp-content\/uploads\/2024\/08\/fruta-podre_gettyimages.jpg","_links":{"self":[{"href":"https:\/\/jornalfatosenoticias.com.br\/index.php\/wp-json\/wp\/v2\/posts\/53740","targetHints":{"allow":["GET"]}}],"collection":[{"href":"https:\/\/jornalfatosenoticias.com.br\/index.php\/wp-json\/wp\/v2\/posts"}],"about":[{"href":"https:\/\/jornalfatosenoticias.com.br\/index.php\/wp-json\/wp\/v2\/types\/post"}],"author":[{"embeddable":true,"href":"https:\/\/jornalfatosenoticias.com.br\/index.php\/wp-json\/wp\/v2\/users\/2"}],"replies":[{"embeddable":true,"href":"https:\/\/jornalfatosenoticias.com.br\/index.php\/wp-json\/wp\/v2\/comments?post=53740"}],"version-history":[{"count":0,"href":"https:\/\/jornalfatosenoticias.com.br\/index.php\/wp-json\/wp\/v2\/posts\/53740\/revisions"}],"wp:featuredmedia":[{"embeddable":true,"href":"https:\/\/jornalfatosenoticias.com.br\/index.php\/wp-json\/wp\/v2\/media\/53741"}],"wp:attachment":[{"href":"https:\/\/jornalfatosenoticias.com.br\/index.php\/wp-json\/wp\/v2\/media?parent=53740"}],"wp:term":[{"taxonomy":"category","embeddable":true,"href":"https:\/\/jornalfatosenoticias.com.br\/index.php\/wp-json\/wp\/v2\/categories?post=53740"},{"taxonomy":"post_tag","embeddable":true,"href":"https:\/\/jornalfatosenoticias.com.br\/index.php\/wp-json\/wp\/v2\/tags?post=53740"}],"curies":[{"name":"wp","href":"https:\/\/api.w.org\/{rel}","templated":true}]}}