{"id":53744,"date":"2024-08-26T15:42:53","date_gmt":"2024-08-26T18:42:53","guid":{"rendered":"https:\/\/jornalfatosenoticias.com.br\/?p=53744"},"modified":"2024-08-26T15:42:55","modified_gmt":"2024-08-26T18:42:55","slug":"o-verdadeiro-atentado-contra-as-instituicoes-e-a-democracia","status":"publish","type":"post","link":"https:\/\/jornalfatosenoticias.com.br\/index.php\/2024\/08\/26\/o-verdadeiro-atentado-contra-as-instituicoes-e-a-democracia\/","title":{"rendered":"O verdadeiro atentado contra as institui\u00e7\u00f5es e a democracia"},"content":{"rendered":"\n<p><em><span class=\"has-inline-color has-black-color\">O procurador-geral da Rep\u00fablica, Paulo Gonet, e o ent\u00e3o presidente do TSE, Alexandre de Moraes, em sess\u00e3o da corte eleitoral em maio de 2024<\/span><\/em><\/p>\n\n\n\n<p><span class=\"has-inline-color has-black-color\"><strong>Editorial Gazeta do Povo<\/strong><\/span><\/p>\n\n\n\n<div class=\"wp-block-image\"><figure class=\"aligncenter size-large\"><a href=\"https:\/\/mizu.com.br\/\"><img loading=\"lazy\" decoding=\"async\" width=\"729\" height=\"90\" src=\"https:\/\/jornalfatosenoticias.com.br\/wp-content\/uploads\/2020\/02\/Logo_Mizu.png\" alt=\"\" class=\"wp-image-1441\" srcset=\"https:\/\/jornalfatosenoticias.com.br\/wp-content\/uploads\/2020\/02\/Logo_Mizu.png 729w, https:\/\/jornalfatosenoticias.com.br\/wp-content\/uploads\/2020\/02\/Logo_Mizu-300x37.png 300w\" sizes=\"auto, (max-width: 729px) 100vw, 729px\" \/><\/a><\/figure><\/div>\n\n\n\n<p>Diante do in\u00edcio de uma s\u00e9rie de reportagens da <em>Folha de S.Paulo,<\/em> trazendo o conte\u00fado de conversas de assessores do ministro do STF e ex-presidente do TSE Alexandre de Moraes que revelam uma atua\u00e7\u00e3o \u201cfora do rito\u201d para a persegui\u00e7\u00e3o judicial a cr\u00edticos das duas cortes, a primeira rea\u00e7\u00e3o foi a de minimizar as revela\u00e7\u00f5es. \u201cTodos os procedimentos foram oficiais, regulares e est\u00e3o devidamente documentados\u201d, dizia trecho de nota enviada pelo gabinete do ministro assim que o esc\u00e2ndalo estourou. No entanto, como a simples afirma\u00e7\u00e3o de que \u201cn\u00e3o h\u00e1 nada para ver aqui\u201d n\u00e3o funcionou \u2014 e nem poderia funcionar, tamanha a gravidade do que vem sendo exposto \u2014 Moraes e seus aliados em Bras\u00edlia mudaram de estrat\u00e9gia e passaram a jogar uma carta que \u00e9 velha conhecida: a do \u201cataque \u00e0s institui\u00e7\u00f5es\u201d.<\/p>\n\n\n\n<div class=\"wp-block-image\"><figure class=\"aligncenter size-large is-resized\"><a href=\"https:\/\/www.controlsystems.com.br\/\"><img loading=\"lazy\" decoding=\"async\" src=\"https:\/\/jornalfatosenoticias.com.br\/wp-content\/uploads\/2020\/02\/CONTROL-CS.jpg\" alt=\"\" class=\"wp-image-44991\" width=\"318\" height=\"382\" srcset=\"https:\/\/jornalfatosenoticias.com.br\/wp-content\/uploads\/2020\/02\/CONTROL-CS.jpg 834w, https:\/\/jornalfatosenoticias.com.br\/wp-content\/uploads\/2020\/02\/CONTROL-CS-250x300.jpg 250w, https:\/\/jornalfatosenoticias.com.br\/wp-content\/uploads\/2020\/02\/CONTROL-CS-768x921.jpg 768w\" sizes=\"auto, (max-width: 318px) 100vw, 318px\" \/><\/a><\/figure><\/div>\n\n\n\n<p>Ao ordenar a abertura de inqu\u00e9rito para investigar como as mensagens foram parar nas m\u00e3os do jornalista Glenn Greenwald \u2014 um \u201cmetainqu\u00e9rito\u201d que, por si s\u00f3, j\u00e1 \u00e9 bastante question\u00e1vel do ponto de vista jur\u00eddico \u2014 Moraes afirmou que \u201co vazamento e a divulga\u00e7\u00e3o de mensagens particulares trocadas entre servidores dos referidos Tribunais se revelam como novos ind\u00edcios da atua\u00e7\u00e3o estruturada de uma poss\u00edvel organiza\u00e7\u00e3o criminosa que tem por um de seus fins desestabilizar as institui\u00e7\u00f5es republicanas\u201d. <\/p>\n\n\n\n<div class=\"wp-block-image\"><figure class=\"aligncenter size-large is-resized\"><a href=\"https:\/\/www.facebook.com\/postobkr\/?locale=pt_BR\"><img loading=\"lazy\" decoding=\"async\" src=\"https:\/\/jornalfatosenoticias.com.br\/wp-content\/uploads\/2023\/08\/BKR-1024x1021.jpg\" alt=\"\" class=\"wp-image-44494\" width=\"295\" height=\"294\" srcset=\"https:\/\/jornalfatosenoticias.com.br\/wp-content\/uploads\/2023\/08\/BKR-1024x1021.jpg 1024w, https:\/\/jornalfatosenoticias.com.br\/wp-content\/uploads\/2023\/08\/BKR-300x300.jpg 300w, https:\/\/jornalfatosenoticias.com.br\/wp-content\/uploads\/2023\/08\/BKR-150x150.jpg 150w, https:\/\/jornalfatosenoticias.com.br\/wp-content\/uploads\/2023\/08\/BKR-768x766.jpg 768w, https:\/\/jornalfatosenoticias.com.br\/wp-content\/uploads\/2023\/08\/BKR.jpg 1080w\" sizes=\"auto, (max-width: 295px) 100vw, 295px\" \/><\/a><\/figure><\/div>\n\n\n\n<p>Al\u00e9m disso, afirmou haver uma \u201corganiza\u00e7\u00e3o criminosa\u201d que teria como objetivo a \u201ccassa\u00e7\u00e3o\u201d de ministros do Supremo, o \u201cfechamento da Corte M\u00e1xima do pa\u00eds\u201d, o \u201cretorno da ditadura\u201d e o \u201cafastamento da fiel observ\u00e2ncia da Constitui\u00e7\u00e3o Federal\u201d. \u00c9 de se questionar, obviamente, como Moraes j\u00e1 tirou todas essas conclus\u00f5es antes mesmo de as investiga\u00e7\u00f5es terem come\u00e7ado.<\/p>\n\n\n\n<div class=\"wp-block-image\"><figure class=\"aligncenter size-large is-resized\"><a href=\"https:\/\/www.instagram.com\/serra4x4cambioautomatico\/\"><img loading=\"lazy\" decoding=\"async\" src=\"https:\/\/jornalfatosenoticias.com.br\/wp-content\/uploads\/2024\/08\/Serra-4x4-1-886x1024.jpg\" alt=\"\" class=\"wp-image-53632\" width=\"339\" height=\"391\" srcset=\"https:\/\/jornalfatosenoticias.com.br\/wp-content\/uploads\/2024\/08\/Serra-4x4-1-886x1024.jpg 886w, https:\/\/jornalfatosenoticias.com.br\/wp-content\/uploads\/2024\/08\/Serra-4x4-1-260x300.jpg 260w, https:\/\/jornalfatosenoticias.com.br\/wp-content\/uploads\/2024\/08\/Serra-4x4-1-768x888.jpg 768w, https:\/\/jornalfatosenoticias.com.br\/wp-content\/uploads\/2024\/08\/Serra-4x4-1.jpg 1181w\" sizes=\"auto, (max-width: 339px) 100vw, 339px\" \/><\/a><\/figure><\/div>\n\n\n\n<p>Ao proclamar-se mais uma vez a encarna\u00e7\u00e3o da democracia e rotular de antidemocr\u00e1ticos todos os que ousam critic\u00e1-lo, Moraes repete um truque que j\u00e1 perdeu seu encanto O ministro n\u00e3o est\u00e1 sozinho nessa linha de argumenta\u00e7\u00e3o. Depois de ter sido novamente escanteada, j\u00e1 que n\u00e3o foi sua a iniciativa de pedir a abertura de inqu\u00e9rito para apurar o vazamento, a Procuradoria-Geral da Rep\u00fablica se manifestou endossando a tese do compl\u00f4 contra as institui\u00e7\u00f5es. <\/p>\n\n\n\n<div class=\"wp-block-image\"><figure class=\"aligncenter size-large\"><a href=\"http:\/\/www.ferrarimaquinas.com.br\/\"><img loading=\"lazy\" decoding=\"async\" width=\"300\" height=\"250\" src=\"https:\/\/jornalfatosenoticias.com.br\/wp-content\/uploads\/2022\/02\/FERRARI_MAQUINAS-E-FERRAMENTAS2.jpg\" alt=\"\" class=\"wp-image-27860\"\/><\/a><\/figure><\/div>\n\n\n\n<blockquote class=\"wp-block-quote is-layout-flow wp-block-quote-is-layout-flow\"><p><span class=\"has-inline-color has-luminous-vivid-orange-color\">O vazamento seletivo de informa\u00e7\u00f5es protegidas por sigilo constitucional (\u2026) teve o n\u00edtido prop\u00f3sito de tentar colocar em d\u00favida a legitimidade e a lisura de importantes investiga\u00e7\u00f5es que seguem em curso no Supremo Tribunal Federal, como estrat\u00e9gia para incitar a pr\u00e1tica de atos antidemocr\u00e1ticos e tentar desestabilizar as institui\u00e7\u00f5es republicanas\u201d, afirmou o procurador-geral Paulo Gonet em manifesta\u00e7\u00e3o sobre a ordem de apreens\u00e3o do celular do perito Eduardo Tagliaferro, ex-diretor do departamento de \u201ccombate \u00e0 desinforma\u00e7\u00e3o\u201d do TSE e visto como principal suspeito de ter entregue as mensagens \u00e0 Folha, o que ele negou em depoimento.<\/span><\/p><\/blockquote>\n\n\n\n<div class=\"wp-block-image\"><figure class=\"aligncenter size-large is-resized\"><a href=\"https:\/\/www.facebook.com\/vetor.vix\/\"><img loading=\"lazy\" decoding=\"async\" src=\"https:\/\/jornalfatosenoticias.com.br\/wp-content\/uploads\/2023\/09\/vetorvix1024_1.jpg\" alt=\"\" class=\"wp-image-44868\" width=\"494\" height=\"131\" srcset=\"https:\/\/jornalfatosenoticias.com.br\/wp-content\/uploads\/2023\/09\/vetorvix1024_1.jpg 1024w, https:\/\/jornalfatosenoticias.com.br\/wp-content\/uploads\/2023\/09\/vetorvix1024_1-300x80.jpg 300w, https:\/\/jornalfatosenoticias.com.br\/wp-content\/uploads\/2023\/09\/vetorvix1024_1-768x205.jpg 768w\" sizes=\"auto, (max-width: 494px) 100vw, 494px\" \/><\/a><\/figure><\/div>\n\n\n\n<p>Quem, no entanto, trabalha para desestabilizar e desmoralizar as institui\u00e7\u00f5es? Quem mistura atribui\u00e7\u00f5es, colocando institui\u00e7\u00f5es de uma corte para servir a outra fora de seu escopo original, e est\u00e1 t\u00e3o ciente disso que solicita mudan\u00e7as na autoria de relat\u00f3rios e esconde os reais autores de certos pedidos, ou quem denuncia esse modus operandi? Quem quer ditadura e \u201cafastamento da fiel observ\u00e2ncia da Constitui\u00e7\u00e3o\u201d? Quem imp\u00f5e censura pr\u00e9via indiscriminadamente e ignora o devido processo legal e o direito \u00e0 ampla defesa, \u00e0 revelia do que dizem v\u00e1rios artigos da Carta Magna, ou quem levanta a voz contra o desmando e o arb\u00edtrio? \u00c9 f\u00e1cil concluir que o verdadeiro compl\u00f4 \u00e9 aquele que subordina as institui\u00e7\u00f5es a interesses privados de persegui\u00e7\u00e3o pol\u00edtica, ainda que travestidos de \u201cdefesa da democracia\u201d.<\/p>\n\n\n\n<div class=\"wp-block-image\"><figure class=\"aligncenter size-large\"><a href=\"https:\/\/cesconetto.com.br\/\"><img loading=\"lazy\" decoding=\"async\" width=\"300\" height=\"250\" src=\"https:\/\/jornalfatosenoticias.com.br\/wp-content\/uploads\/2020\/02\/Banner-2.png\" alt=\"\" class=\"wp-image-43787\"\/><\/a><\/figure><\/div>\n\n\n\n<p>Ningu\u00e9m quer ditadura, nem fechamento da suprema corte. O que o Brasil deseja \u00e9 respeito completo \u00e0 Constitui\u00e7\u00e3o, especialmente \u00e0s garantias individuais t\u00e3o vilipendiadas nos \u00faltimos tempos, e ministros do STF que atuem como aut\u00eanticos guardi\u00f5es da Carta Magna, do imp\u00e9rio da lei e das liberdades, incluindo as de express\u00e3o e de cr\u00edtica. Ao proclamar-se mais uma vez a encarna\u00e7\u00e3o da democracia e rotular de antidemocr\u00e1ticos todos os que ousam critic\u00e1-lo, Moraes repete um truque que j\u00e1 perdeu seu encanto. <\/p>\n\n\n\n<div class=\"wp-block-image\"><figure class=\"aligncenter size-large is-resized\"><a href=\"https:\/\/www.instagram.com\/vmais.midias\/\"><img loading=\"lazy\" decoding=\"async\" src=\"https:\/\/jornalfatosenoticias.com.br\/wp-content\/uploads\/2020\/02\/DE-MAIS-DESTAQUE-VMAIS-800X700.png\" alt=\"\" class=\"wp-image-53112\" width=\"272\" height=\"237\" srcset=\"https:\/\/jornalfatosenoticias.com.br\/wp-content\/uploads\/2020\/02\/DE-MAIS-DESTAQUE-VMAIS-800X700.png 800w, https:\/\/jornalfatosenoticias.com.br\/wp-content\/uploads\/2020\/02\/DE-MAIS-DESTAQUE-VMAIS-800X700-300x263.png 300w, https:\/\/jornalfatosenoticias.com.br\/wp-content\/uploads\/2020\/02\/DE-MAIS-DESTAQUE-VMAIS-800X700-768x672.png 768w\" sizes=\"auto, (max-width: 272px) 100vw, 272px\" \/><\/a><\/figure><\/div>\n\n\n\n<p>Enquanto muitas democracias celebram seus <em>whistleblowers<\/em> como pessoas que contribuem para o aperfei\u00e7oamento das institui\u00e7\u00f5es ao expor seus excessos, o Brasil corre para criminalizar quem traz \u00e0 luz os m\u00e9todos escusos. Enquanto a Constitui\u00e7\u00e3o elenca a transpar\u00eancia como um dos princ\u00edpios da administra\u00e7\u00e3o p\u00fablica, alguns redobram o esfor\u00e7o para que tudo permane\u00e7a sempre nas sombras \u2014 para esses, ao contr\u00e1rio do que afirmara Louis Brandeis, a luz do sol n\u00e3o \u00e9 desinfetante, mas veneno puro.<\/p>\n\n\n\n<div class=\"wp-block-image\"><figure class=\"aligncenter size-large is-resized\"><a href=\"https:\/\/panper.com.br\/\"><img loading=\"lazy\" decoding=\"async\" src=\"https:\/\/jornalfatosenoticias.com.br\/wp-content\/uploads\/2023\/03\/logo-Panper_portal.jpg\" alt=\"\" class=\"wp-image-40208\" width=\"331\" height=\"229\" srcset=\"https:\/\/jornalfatosenoticias.com.br\/wp-content\/uploads\/2023\/03\/logo-Panper_portal.jpg 400w, https:\/\/jornalfatosenoticias.com.br\/wp-content\/uploads\/2023\/03\/logo-Panper_portal-300x208.jpg 300w\" sizes=\"auto, (max-width: 331px) 100vw, 331px\" \/><\/a><\/figure><\/div>\n\n\n\n<p><strong><em>Fonte: <a href=\"https:\/\/www.gazetadopovo.com.br\/opiniao\/editoriais\/alexandre-de-moraes-instituicoes-democracia\/?ref=escolhas-do-editor\">Gazeta do Povo<\/a><\/em><\/strong><\/p>\n","protected":false},"excerpt":{"rendered":"<p>O procurador-geral da Rep\u00fablica, Paulo Gonet, e o ent\u00e3o presidente do TSE, Alexandre de Moraes, em sess\u00e3o da corte eleitoral em maio de 2024 Editorial Gazeta do Povo Diante do in\u00edcio de uma s\u00e9rie de reportagens da Folha de S.Paulo, trazendo o conte\u00fado de conversas de assessores do ministro do STF e ex-presidente do TSE [&hellip;]<\/p>\n","protected":false},"author":2,"featured_media":53745,"comment_status":"open","ping_status":"open","sticky":false,"template":"","format":"standard","meta":{"footnotes":""},"categories":[10],"tags":[13889,2149,1344,23844,24490,16935,22345,294,1514],"class_list":["post-53744","post","type-post","status-publish","format-standard","has-post-thumbnail","hentry","category-politica","tag-alexandre-de-moraes","tag-censura","tag-democracia","tag-desinformacao","tag-glenn-greenwald","tag-liberdade-de-expressao","tag-paulo-gonet","tag-stf","tag-tse"],"yoast_head":"<!-- This site is optimized with the Yoast SEO plugin v26.5 - https:\/\/yoast.com\/wordpress\/plugins\/seo\/ -->\n<title>O verdadeiro atentado contra as institui\u00e7\u00f5es e a democracia - Jornal Fatos e Not\u00edcias<\/title>\n<meta name=\"robots\" content=\"index, follow, max-snippet:-1, max-image-preview:large, max-video-preview:-1\" \/>\n<link rel=\"canonical\" href=\"https:\/\/jornalfatosenoticias.com.br\/index.php\/2024\/08\/26\/o-verdadeiro-atentado-contra-as-instituicoes-e-a-democracia\/\" \/>\n<meta property=\"og:locale\" content=\"pt_BR\" \/>\n<meta property=\"og:type\" content=\"article\" \/>\n<meta property=\"og:title\" content=\"O verdadeiro atentado contra as institui\u00e7\u00f5es e a democracia - Jornal Fatos e Not\u00edcias\" \/>\n<meta property=\"og:description\" content=\"O procurador-geral da Rep\u00fablica, Paulo Gonet, e o ent\u00e3o presidente do TSE, Alexandre de Moraes, em sess\u00e3o da corte eleitoral em maio de 2024 Editorial Gazeta do Povo Diante do in\u00edcio de uma s\u00e9rie de reportagens da Folha de S.Paulo, trazendo o conte\u00fado de conversas de assessores do ministro do STF e ex-presidente do TSE [&hellip;]\" \/>\n<meta property=\"og:url\" content=\"https:\/\/jornalfatosenoticias.com.br\/index.php\/2024\/08\/26\/o-verdadeiro-atentado-contra-as-instituicoes-e-a-democracia\/\" \/>\n<meta property=\"og:site_name\" content=\"Jornal Fatos e Not\u00edcias\" \/>\n<meta property=\"article:published_time\" content=\"2024-08-26T18:42:53+00:00\" \/>\n<meta property=\"article:modified_time\" content=\"2024-08-26T18:42:55+00:00\" \/>\n<meta property=\"og:image\" content=\"https:\/\/jornalfatosenoticias.com.br\/wp-content\/uploads\/2024\/08\/paulo-gonet-alexandre-de-moraes-960x540-1.jpg\" \/>\n\t<meta property=\"og:image:width\" content=\"960\" \/>\n\t<meta property=\"og:image:height\" content=\"540\" \/>\n\t<meta property=\"og:image:type\" content=\"image\/jpeg\" \/>\n<meta name=\"author\" content=\"Luzimara Fernandes\" \/>\n<meta name=\"twitter:card\" content=\"summary_large_image\" \/>\n<meta name=\"twitter:label1\" content=\"Escrito por\" \/>\n\t<meta name=\"twitter:data1\" content=\"Luzimara Fernandes\" \/>\n\t<meta name=\"twitter:label2\" content=\"Est. tempo de leitura\" \/>\n\t<meta name=\"twitter:data2\" content=\"4 minutos\" \/>\n<script type=\"application\/ld+json\" class=\"yoast-schema-graph\">{\"@context\":\"https:\/\/schema.org\",\"@graph\":[{\"@type\":\"Article\",\"@id\":\"https:\/\/jornalfatosenoticias.com.br\/index.php\/2024\/08\/26\/o-verdadeiro-atentado-contra-as-instituicoes-e-a-democracia\/#article\",\"isPartOf\":{\"@id\":\"https:\/\/jornalfatosenoticias.com.br\/index.php\/2024\/08\/26\/o-verdadeiro-atentado-contra-as-instituicoes-e-a-democracia\/\"},\"author\":{\"name\":\"Luzimara Fernandes\",\"@id\":\"https:\/\/jornalfatosenoticias.com.br\/#\/schema\/person\/d63837fa13ac8666eb9e74e0985d6f81\"},\"headline\":\"O verdadeiro atentado contra as institui\u00e7\u00f5es e a democracia\",\"datePublished\":\"2024-08-26T18:42:53+00:00\",\"dateModified\":\"2024-08-26T18:42:55+00:00\",\"mainEntityOfPage\":{\"@id\":\"https:\/\/jornalfatosenoticias.com.br\/index.php\/2024\/08\/26\/o-verdadeiro-atentado-contra-as-instituicoes-e-a-democracia\/\"},\"wordCount\":839,\"commentCount\":0,\"publisher\":{\"@id\":\"https:\/\/jornalfatosenoticias.com.br\/#organization\"},\"image\":{\"@id\":\"https:\/\/jornalfatosenoticias.com.br\/index.php\/2024\/08\/26\/o-verdadeiro-atentado-contra-as-instituicoes-e-a-democracia\/#primaryimage\"},\"thumbnailUrl\":\"https:\/\/jornalfatosenoticias.com.br\/wp-content\/uploads\/2024\/08\/paulo-gonet-alexandre-de-moraes-960x540-1.jpg\",\"keywords\":[\"Alexandre de Moraes\",\"censura\",\"democracia\",\"desinforma\u00e7\u00e3o\",\"Glenn Greenwald\",\"liberdade de express\u00e3o\",\"Paulo Gonet\",\"STF\",\"TSE\"],\"articleSection\":[\"Pol\u00edtica\"],\"inLanguage\":\"pt-BR\",\"potentialAction\":[{\"@type\":\"CommentAction\",\"name\":\"Comment\",\"target\":[\"https:\/\/jornalfatosenoticias.com.br\/index.php\/2024\/08\/26\/o-verdadeiro-atentado-contra-as-instituicoes-e-a-democracia\/#respond\"]}]},{\"@type\":\"WebPage\",\"@id\":\"https:\/\/jornalfatosenoticias.com.br\/index.php\/2024\/08\/26\/o-verdadeiro-atentado-contra-as-instituicoes-e-a-democracia\/\",\"url\":\"https:\/\/jornalfatosenoticias.com.br\/index.php\/2024\/08\/26\/o-verdadeiro-atentado-contra-as-instituicoes-e-a-democracia\/\",\"name\":\"O verdadeiro atentado contra as institui\u00e7\u00f5es e a democracia - Jornal Fatos e Not\u00edcias\",\"isPartOf\":{\"@id\":\"https:\/\/jornalfatosenoticias.com.br\/#website\"},\"primaryImageOfPage\":{\"@id\":\"https:\/\/jornalfatosenoticias.com.br\/index.php\/2024\/08\/26\/o-verdadeiro-atentado-contra-as-instituicoes-e-a-democracia\/#primaryimage\"},\"image\":{\"@id\":\"https:\/\/jornalfatosenoticias.com.br\/index.php\/2024\/08\/26\/o-verdadeiro-atentado-contra-as-instituicoes-e-a-democracia\/#primaryimage\"},\"thumbnailUrl\":\"https:\/\/jornalfatosenoticias.com.br\/wp-content\/uploads\/2024\/08\/paulo-gonet-alexandre-de-moraes-960x540-1.jpg\",\"datePublished\":\"2024-08-26T18:42:53+00:00\",\"dateModified\":\"2024-08-26T18:42:55+00:00\",\"breadcrumb\":{\"@id\":\"https:\/\/jornalfatosenoticias.com.br\/index.php\/2024\/08\/26\/o-verdadeiro-atentado-contra-as-instituicoes-e-a-democracia\/#breadcrumb\"},\"inLanguage\":\"pt-BR\",\"potentialAction\":[{\"@type\":\"ReadAction\",\"target\":[\"https:\/\/jornalfatosenoticias.com.br\/index.php\/2024\/08\/26\/o-verdadeiro-atentado-contra-as-instituicoes-e-a-democracia\/\"]}]},{\"@type\":\"ImageObject\",\"inLanguage\":\"pt-BR\",\"@id\":\"https:\/\/jornalfatosenoticias.com.br\/index.php\/2024\/08\/26\/o-verdadeiro-atentado-contra-as-instituicoes-e-a-democracia\/#primaryimage\",\"url\":\"https:\/\/jornalfatosenoticias.com.br\/wp-content\/uploads\/2024\/08\/paulo-gonet-alexandre-de-moraes-960x540-1.jpg\",\"contentUrl\":\"https:\/\/jornalfatosenoticias.com.br\/wp-content\/uploads\/2024\/08\/paulo-gonet-alexandre-de-moraes-960x540-1.jpg\",\"width\":960,\"height\":540},{\"@type\":\"BreadcrumbList\",\"@id\":\"https:\/\/jornalfatosenoticias.com.br\/index.php\/2024\/08\/26\/o-verdadeiro-atentado-contra-as-instituicoes-e-a-democracia\/#breadcrumb\",\"itemListElement\":[{\"@type\":\"ListItem\",\"position\":1,\"name\":\"In\u00edcio\",\"item\":\"https:\/\/jornalfatosenoticias.com.br\/\"},{\"@type\":\"ListItem\",\"position\":2,\"name\":\"O verdadeiro atentado contra as institui\u00e7\u00f5es e a democracia\"}]},{\"@type\":\"WebSite\",\"@id\":\"https:\/\/jornalfatosenoticias.com.br\/#website\",\"url\":\"https:\/\/jornalfatosenoticias.com.br\/\",\"name\":\"Jornal Fatos e Not\u00edcias\",\"description\":\"Not\u00edcias em geral\",\"publisher\":{\"@id\":\"https:\/\/jornalfatosenoticias.com.br\/#organization\"},\"potentialAction\":[{\"@type\":\"SearchAction\",\"target\":{\"@type\":\"EntryPoint\",\"urlTemplate\":\"https:\/\/jornalfatosenoticias.com.br\/?s={search_term_string}\"},\"query-input\":{\"@type\":\"PropertyValueSpecification\",\"valueRequired\":true,\"valueName\":\"search_term_string\"}}],\"inLanguage\":\"pt-BR\"},{\"@type\":\"Organization\",\"@id\":\"https:\/\/jornalfatosenoticias.com.br\/#organization\",\"name\":\"Jornal Fatos e Not\u00edcias\",\"url\":\"https:\/\/jornalfatosenoticias.com.br\/\",\"logo\":{\"@type\":\"ImageObject\",\"inLanguage\":\"pt-BR\",\"@id\":\"https:\/\/jornalfatosenoticias.com.br\/#\/schema\/logo\/image\/\",\"url\":\"https:\/\/jornalfatosenoticias.com.br\/wp-content\/uploads\/2020\/02\/logo120.png\",\"contentUrl\":\"https:\/\/jornalfatosenoticias.com.br\/wp-content\/uploads\/2020\/02\/logo120.png\",\"width\":1227,\"height\":120,\"caption\":\"Jornal Fatos e Not\u00edcias\"},\"image\":{\"@id\":\"https:\/\/jornalfatosenoticias.com.br\/#\/schema\/logo\/image\/\"}},{\"@type\":\"Person\",\"@id\":\"https:\/\/jornalfatosenoticias.com.br\/#\/schema\/person\/d63837fa13ac8666eb9e74e0985d6f81\",\"name\":\"Luzimara Fernandes\",\"image\":{\"@type\":\"ImageObject\",\"inLanguage\":\"pt-BR\",\"@id\":\"https:\/\/jornalfatosenoticias.com.br\/#\/schema\/person\/image\/\",\"url\":\"https:\/\/jornalfatosenoticias.com.br\/wp-content\/uploads\/2025\/05\/EU_portal.jpg\",\"contentUrl\":\"https:\/\/jornalfatosenoticias.com.br\/wp-content\/uploads\/2025\/05\/EU_portal.jpg\",\"caption\":\"Luzimara Fernandes\"},\"description\":\"Jornalista MTB 2358-ES\",\"sameAs\":[\"https:\/\/jornalfatosenoticias.com.br\"],\"url\":\"https:\/\/jornalfatosenoticias.com.br\/index.php\/author\/luzimara\/\"}]}<\/script>\n<!-- \/ Yoast SEO plugin. -->","yoast_head_json":{"title":"O verdadeiro atentado contra as institui\u00e7\u00f5es e a democracia - Jornal Fatos e Not\u00edcias","robots":{"index":"index","follow":"follow","max-snippet":"max-snippet:-1","max-image-preview":"max-image-preview:large","max-video-preview":"max-video-preview:-1"},"canonical":"https:\/\/jornalfatosenoticias.com.br\/index.php\/2024\/08\/26\/o-verdadeiro-atentado-contra-as-instituicoes-e-a-democracia\/","og_locale":"pt_BR","og_type":"article","og_title":"O verdadeiro atentado contra as institui\u00e7\u00f5es e a democracia - Jornal Fatos e Not\u00edcias","og_description":"O procurador-geral da Rep\u00fablica, Paulo Gonet, e o ent\u00e3o presidente do TSE, Alexandre de Moraes, em sess\u00e3o da corte eleitoral em maio de 2024 Editorial Gazeta do Povo Diante do in\u00edcio de uma s\u00e9rie de reportagens da Folha de S.Paulo, trazendo o conte\u00fado de conversas de assessores do ministro do STF e ex-presidente do TSE [&hellip;]","og_url":"https:\/\/jornalfatosenoticias.com.br\/index.php\/2024\/08\/26\/o-verdadeiro-atentado-contra-as-instituicoes-e-a-democracia\/","og_site_name":"Jornal Fatos e Not\u00edcias","article_published_time":"2024-08-26T18:42:53+00:00","article_modified_time":"2024-08-26T18:42:55+00:00","og_image":[{"width":960,"height":540,"url":"https:\/\/jornalfatosenoticias.com.br\/wp-content\/uploads\/2024\/08\/paulo-gonet-alexandre-de-moraes-960x540-1.jpg","type":"image\/jpeg"}],"author":"Luzimara Fernandes","twitter_card":"summary_large_image","twitter_misc":{"Escrito por":"Luzimara Fernandes","Est. tempo de leitura":"4 minutos"},"schema":{"@context":"https:\/\/schema.org","@graph":[{"@type":"Article","@id":"https:\/\/jornalfatosenoticias.com.br\/index.php\/2024\/08\/26\/o-verdadeiro-atentado-contra-as-instituicoes-e-a-democracia\/#article","isPartOf":{"@id":"https:\/\/jornalfatosenoticias.com.br\/index.php\/2024\/08\/26\/o-verdadeiro-atentado-contra-as-instituicoes-e-a-democracia\/"},"author":{"name":"Luzimara Fernandes","@id":"https:\/\/jornalfatosenoticias.com.br\/#\/schema\/person\/d63837fa13ac8666eb9e74e0985d6f81"},"headline":"O verdadeiro atentado contra as institui\u00e7\u00f5es e a democracia","datePublished":"2024-08-26T18:42:53+00:00","dateModified":"2024-08-26T18:42:55+00:00","mainEntityOfPage":{"@id":"https:\/\/jornalfatosenoticias.com.br\/index.php\/2024\/08\/26\/o-verdadeiro-atentado-contra-as-instituicoes-e-a-democracia\/"},"wordCount":839,"commentCount":0,"publisher":{"@id":"https:\/\/jornalfatosenoticias.com.br\/#organization"},"image":{"@id":"https:\/\/jornalfatosenoticias.com.br\/index.php\/2024\/08\/26\/o-verdadeiro-atentado-contra-as-instituicoes-e-a-democracia\/#primaryimage"},"thumbnailUrl":"https:\/\/jornalfatosenoticias.com.br\/wp-content\/uploads\/2024\/08\/paulo-gonet-alexandre-de-moraes-960x540-1.jpg","keywords":["Alexandre de Moraes","censura","democracia","desinforma\u00e7\u00e3o","Glenn Greenwald","liberdade de express\u00e3o","Paulo Gonet","STF","TSE"],"articleSection":["Pol\u00edtica"],"inLanguage":"pt-BR","potentialAction":[{"@type":"CommentAction","name":"Comment","target":["https:\/\/jornalfatosenoticias.com.br\/index.php\/2024\/08\/26\/o-verdadeiro-atentado-contra-as-instituicoes-e-a-democracia\/#respond"]}]},{"@type":"WebPage","@id":"https:\/\/jornalfatosenoticias.com.br\/index.php\/2024\/08\/26\/o-verdadeiro-atentado-contra-as-instituicoes-e-a-democracia\/","url":"https:\/\/jornalfatosenoticias.com.br\/index.php\/2024\/08\/26\/o-verdadeiro-atentado-contra-as-instituicoes-e-a-democracia\/","name":"O verdadeiro atentado contra as institui\u00e7\u00f5es e a democracia - Jornal Fatos e Not\u00edcias","isPartOf":{"@id":"https:\/\/jornalfatosenoticias.com.br\/#website"},"primaryImageOfPage":{"@id":"https:\/\/jornalfatosenoticias.com.br\/index.php\/2024\/08\/26\/o-verdadeiro-atentado-contra-as-instituicoes-e-a-democracia\/#primaryimage"},"image":{"@id":"https:\/\/jornalfatosenoticias.com.br\/index.php\/2024\/08\/26\/o-verdadeiro-atentado-contra-as-instituicoes-e-a-democracia\/#primaryimage"},"thumbnailUrl":"https:\/\/jornalfatosenoticias.com.br\/wp-content\/uploads\/2024\/08\/paulo-gonet-alexandre-de-moraes-960x540-1.jpg","datePublished":"2024-08-26T18:42:53+00:00","dateModified":"2024-08-26T18:42:55+00:00","breadcrumb":{"@id":"https:\/\/jornalfatosenoticias.com.br\/index.php\/2024\/08\/26\/o-verdadeiro-atentado-contra-as-instituicoes-e-a-democracia\/#breadcrumb"},"inLanguage":"pt-BR","potentialAction":[{"@type":"ReadAction","target":["https:\/\/jornalfatosenoticias.com.br\/index.php\/2024\/08\/26\/o-verdadeiro-atentado-contra-as-instituicoes-e-a-democracia\/"]}]},{"@type":"ImageObject","inLanguage":"pt-BR","@id":"https:\/\/jornalfatosenoticias.com.br\/index.php\/2024\/08\/26\/o-verdadeiro-atentado-contra-as-instituicoes-e-a-democracia\/#primaryimage","url":"https:\/\/jornalfatosenoticias.com.br\/wp-content\/uploads\/2024\/08\/paulo-gonet-alexandre-de-moraes-960x540-1.jpg","contentUrl":"https:\/\/jornalfatosenoticias.com.br\/wp-content\/uploads\/2024\/08\/paulo-gonet-alexandre-de-moraes-960x540-1.jpg","width":960,"height":540},{"@type":"BreadcrumbList","@id":"https:\/\/jornalfatosenoticias.com.br\/index.php\/2024\/08\/26\/o-verdadeiro-atentado-contra-as-instituicoes-e-a-democracia\/#breadcrumb","itemListElement":[{"@type":"ListItem","position":1,"name":"In\u00edcio","item":"https:\/\/jornalfatosenoticias.com.br\/"},{"@type":"ListItem","position":2,"name":"O verdadeiro atentado contra as institui\u00e7\u00f5es e a democracia"}]},{"@type":"WebSite","@id":"https:\/\/jornalfatosenoticias.com.br\/#website","url":"https:\/\/jornalfatosenoticias.com.br\/","name":"Jornal Fatos e Not\u00edcias","description":"Not\u00edcias em geral","publisher":{"@id":"https:\/\/jornalfatosenoticias.com.br\/#organization"},"potentialAction":[{"@type":"SearchAction","target":{"@type":"EntryPoint","urlTemplate":"https:\/\/jornalfatosenoticias.com.br\/?s={search_term_string}"},"query-input":{"@type":"PropertyValueSpecification","valueRequired":true,"valueName":"search_term_string"}}],"inLanguage":"pt-BR"},{"@type":"Organization","@id":"https:\/\/jornalfatosenoticias.com.br\/#organization","name":"Jornal Fatos e Not\u00edcias","url":"https:\/\/jornalfatosenoticias.com.br\/","logo":{"@type":"ImageObject","inLanguage":"pt-BR","@id":"https:\/\/jornalfatosenoticias.com.br\/#\/schema\/logo\/image\/","url":"https:\/\/jornalfatosenoticias.com.br\/wp-content\/uploads\/2020\/02\/logo120.png","contentUrl":"https:\/\/jornalfatosenoticias.com.br\/wp-content\/uploads\/2020\/02\/logo120.png","width":1227,"height":120,"caption":"Jornal Fatos e Not\u00edcias"},"image":{"@id":"https:\/\/jornalfatosenoticias.com.br\/#\/schema\/logo\/image\/"}},{"@type":"Person","@id":"https:\/\/jornalfatosenoticias.com.br\/#\/schema\/person\/d63837fa13ac8666eb9e74e0985d6f81","name":"Luzimara Fernandes","image":{"@type":"ImageObject","inLanguage":"pt-BR","@id":"https:\/\/jornalfatosenoticias.com.br\/#\/schema\/person\/image\/","url":"https:\/\/jornalfatosenoticias.com.br\/wp-content\/uploads\/2025\/05\/EU_portal.jpg","contentUrl":"https:\/\/jornalfatosenoticias.com.br\/wp-content\/uploads\/2025\/05\/EU_portal.jpg","caption":"Luzimara Fernandes"},"description":"Jornalista MTB 2358-ES","sameAs":["https:\/\/jornalfatosenoticias.com.br"],"url":"https:\/\/jornalfatosenoticias.com.br\/index.php\/author\/luzimara\/"}]}},"cc_featured_image_caption":{"caption_text":"(Foto: Ant\u00f4nio Augusto\/Secom\/MPF) ","source_text":"","source_url":""},"jetpack_featured_media_url":"https:\/\/jornalfatosenoticias.com.br\/wp-content\/uploads\/2024\/08\/paulo-gonet-alexandre-de-moraes-960x540-1.jpg","_links":{"self":[{"href":"https:\/\/jornalfatosenoticias.com.br\/index.php\/wp-json\/wp\/v2\/posts\/53744","targetHints":{"allow":["GET"]}}],"collection":[{"href":"https:\/\/jornalfatosenoticias.com.br\/index.php\/wp-json\/wp\/v2\/posts"}],"about":[{"href":"https:\/\/jornalfatosenoticias.com.br\/index.php\/wp-json\/wp\/v2\/types\/post"}],"author":[{"embeddable":true,"href":"https:\/\/jornalfatosenoticias.com.br\/index.php\/wp-json\/wp\/v2\/users\/2"}],"replies":[{"embeddable":true,"href":"https:\/\/jornalfatosenoticias.com.br\/index.php\/wp-json\/wp\/v2\/comments?post=53744"}],"version-history":[{"count":0,"href":"https:\/\/jornalfatosenoticias.com.br\/index.php\/wp-json\/wp\/v2\/posts\/53744\/revisions"}],"wp:featuredmedia":[{"embeddable":true,"href":"https:\/\/jornalfatosenoticias.com.br\/index.php\/wp-json\/wp\/v2\/media\/53745"}],"wp:attachment":[{"href":"https:\/\/jornalfatosenoticias.com.br\/index.php\/wp-json\/wp\/v2\/media?parent=53744"}],"wp:term":[{"taxonomy":"category","embeddable":true,"href":"https:\/\/jornalfatosenoticias.com.br\/index.php\/wp-json\/wp\/v2\/categories?post=53744"},{"taxonomy":"post_tag","embeddable":true,"href":"https:\/\/jornalfatosenoticias.com.br\/index.php\/wp-json\/wp\/v2\/tags?post=53744"}],"curies":[{"name":"wp","href":"https:\/\/api.w.org\/{rel}","templated":true}]}}