{"id":53750,"date":"2024-08-27T09:17:42","date_gmt":"2024-08-27T12:17:42","guid":{"rendered":"https:\/\/jornalfatosenoticias.com.br\/?p=53750"},"modified":"2024-08-27T09:17:44","modified_gmt":"2024-08-27T12:17:44","slug":"estudantes-criam-luva-que-estabiliza-tremores-em-pessoas-com-parkinson","status":"publish","type":"post","link":"https:\/\/jornalfatosenoticias.com.br\/index.php\/2024\/08\/27\/estudantes-criam-luva-que-estabiliza-tremores-em-pessoas-com-parkinson\/","title":{"rendered":"Estudantes criam luva que estabiliza tremores em pessoas com Parkinson"},"content":{"rendered":"\n<p><em><span class=\"has-inline-color has-black-color\">Projeto foi desenvolvido na ETE Professor Paulo Freire e custa, em m\u00e9dia, R$ 92<\/span><\/em><\/p>\n\n\n\n<p><span class=\"has-inline-color has-black-color\">Por <strong><a href=\"https:\/\/portal.educacao.pe.gov.br\/author\/igor-ruann\/\">Igor Ruann<\/a><\/strong><\/span><\/p>\n\n\n\n<div class=\"wp-block-image\"><figure class=\"aligncenter size-large\"><a href=\"https:\/\/mizu.com.br\/\"><img loading=\"lazy\" decoding=\"async\" width=\"729\" height=\"90\" src=\"https:\/\/jornalfatosenoticias.com.br\/wp-content\/uploads\/2020\/02\/Logo_Mizu.png\" alt=\"\" class=\"wp-image-1441\" srcset=\"https:\/\/jornalfatosenoticias.com.br\/wp-content\/uploads\/2020\/02\/Logo_Mizu.png 729w, https:\/\/jornalfatosenoticias.com.br\/wp-content\/uploads\/2020\/02\/Logo_Mizu-300x37.png 300w\" sizes=\"auto, (max-width: 729px) 100vw, 729px\" \/><\/a><\/figure><\/div>\n\n\n\n<p>Utilizando a tecnologia a servi\u00e7o da sociedade, estudantes da Escola T\u00e9cnica Estadual (ETE) Professor Paulo Freire, em Carna\u00edba, no Sert\u00e3o do estado, desenvolveram uma luva que consegue estabilizar tremores nas m\u00e3os. Chamada de GlovETE, a iniciativa foi criada com o objetivo de mitigar um dos sintomas mais comuns da Doen\u00e7a de Parkinson, dist\u00farbio degenerativo que afeta as c\u00e9lulas cerebrais. O prot\u00f3tipo da luva custa, em m\u00e9dia, R$ 92, enquanto diferentes luvas j\u00e1 presentes no mercado podem chegar a R$ 8.000.<br>O projeto foi desenvolvido no Espa\u00e7o 4.0 da ETE, com orienta\u00e7\u00e3o dos professores Gustavo Bezerra e Carla Robecia. A luva surgiu durante os encontros do clube de rob\u00f3tica da escola, a partir de um exerc\u00edcio de empatia dos alunos. <em>\u201cEu tive que faltar alguns dias pra levar minha m\u00e3e a um tratamento de Parkinson e, quando cheguei l\u00e1 no clube, comentei com os alunos que ela estava enfrentando essa necessidade. Ent\u00e3o, os quatro estudantes do grupo discutiram a possibilidade de encontrar uma alternativa na rob\u00f3tica. Achei muito bacana, porque, por mais que eu sempre tenha desenvolvido projetos com os alunos para resolver problemas da comunidade, eu nunca imaginei que pudesse ser um problema t\u00e3o pr\u00f3ximo a mim\u201d, conta Gustavo.<\/em><\/p>\n\n\n\n<div class=\"wp-block-image\"><figure class=\"aligncenter size-large\"><a href=\"https:\/\/cesconetto.com.br\/\"><img loading=\"lazy\" decoding=\"async\" width=\"300\" height=\"250\" src=\"https:\/\/jornalfatosenoticias.com.br\/wp-content\/uploads\/2020\/02\/Banner-2.png\" alt=\"\" class=\"wp-image-43787\"\/><\/a><\/figure><\/div>\n\n\n\n<p>A partir da\u00ed, utilizando conceitos de rob\u00f3tica e de f\u00edsica aprendidos na escola, os estudantes partiram para o desenvolvimento do prot\u00f3tipo. O primeiro desafio foi encontrar um motor de alta rota\u00e7\u00e3o que pudesse ser reutilizado para funcionar com um antitremor. \u201cEles chegaram ao motor de HD de computador, dispon\u00edvel em algumas m\u00e1quinas antigas l\u00e1 na escola. A rota\u00e7\u00e3o desse motorzinho na superf\u00edcie da m\u00e3o vai fazer com que o portador evite realizar movimentos involunt\u00e1rios, tentando controlar os movimentos causados pelo Parkinson\u201d, explica o orientador.<\/p>\n\n\n\n<div class=\"wp-block-image\"><figure class=\"aligncenter size-large is-resized\"><img loading=\"lazy\" decoding=\"async\" src=\"https:\/\/jornalfatosenoticias.com.br\/wp-content\/uploads\/2022\/02\/Precisao-Contabilidade-1024x724.jpg\" alt=\"\" class=\"wp-image-28088\" width=\"364\" height=\"257\"\/><\/figure><\/div>\n\n\n\n<p>O motor do HD reaproveitado funciona como um girosc\u00f3pio, garantindo estabilidade para a m\u00e3o enquanto gira em alta velocidade. A ele, foram adicionados uma luva de academia e outros componentes eletr\u00f4nicos, como Ardu\u00edno, uma placa program\u00e1vel. O prot\u00f3tipo foi constru\u00eddo gra\u00e7as aos materiais dispon\u00edveis no Espa\u00e7o 4.0, como uma impressora 3D, furadeiras e uma microrret\u00edfica, ferramenta capaz de perfurar, escavar, cortar, lixar e polir materiais e superf\u00edcies em pequena escala.<\/p>\n\n\n\n<div class=\"wp-block-image\"><figure class=\"aligncenter size-large is-resized\"><a href=\"https:\/\/www.controlsystems.com.br\/\"><img loading=\"lazy\" decoding=\"async\" src=\"https:\/\/jornalfatosenoticias.com.br\/wp-content\/uploads\/2020\/02\/CONTROL-CS.jpg\" alt=\"\" class=\"wp-image-44991\" width=\"301\" height=\"361\" srcset=\"https:\/\/jornalfatosenoticias.com.br\/wp-content\/uploads\/2020\/02\/CONTROL-CS.jpg 834w, https:\/\/jornalfatosenoticias.com.br\/wp-content\/uploads\/2020\/02\/CONTROL-CS-250x300.jpg 250w, https:\/\/jornalfatosenoticias.com.br\/wp-content\/uploads\/2020\/02\/CONTROL-CS-768x921.jpg 768w\" sizes=\"auto, (max-width: 301px) 100vw, 301px\" \/><\/a><\/figure><\/div>\n\n\n\n<p>Rayane Morais, uma das estudantes envolvidas no projeto, lan\u00e7ou-se ao desafio com pouco conhecimento sobre tecnologia e hoje cursa Sistema de Informa\u00e7\u00e3o na Universidade Federal de Pernambuco (UFPE). \u201cOs meninos que participaram comigo do projeto j\u00e1 tinham uma boa base geral de tecnologia, de programa\u00e7\u00e3o, de montagem. Tive que me esfor\u00e7ar um pouco mais pra conseguir acompanhar. Eu fiquei mais por dentro das pesquisas, mas estudando, observando. Com a ajuda dos colegas, consegui me adequar melhor ao projeto. Essa oportunidade me mostrou uma \u00e1rea que eu consegui me identificar e que eu me sinto mais \u00e0 vontade e mais confiante em atuar profissionalmente\u201d, conta a jovem, que antes planejava cursar licenciatura em letras.<\/p>\n\n\n\n<div class=\"wp-block-image\"><figure class=\"aligncenter size-large\"><a href=\"http:\/\/www.ferrarimaquinas.com.br\/\"><img loading=\"lazy\" decoding=\"async\" width=\"300\" height=\"250\" src=\"https:\/\/jornalfatosenoticias.com.br\/wp-content\/uploads\/2022\/02\/FERRARI_MAQUINAS-E-FERRAMENTAS2.jpg\" alt=\"\" class=\"wp-image-27860\"\/><\/a><\/figure><\/div>\n\n\n\n<p>A estudante aponta a fase de testes da luva como uma das mais complicadas do projeto. \u201cA gente n\u00e3o poderia testar logo de cara em uma pessoa que tem a Doen\u00e7a de Parkinson, ent\u00e3o um amigo nosso ia usando e dizia o que incomodava. O objetivo foi preservar a autonomia sem afetar o desempenho do nosso prot\u00f3tipo\u201d, explica Rayane. Mesmo diante das dificuldades, a luva estabilizadora conquistou premia\u00e7\u00f5es. Foi um dos 50 melhores projetos de 2023 do Solve For Tomorrow, pr\u00eamio da Samsung, e tamb\u00e9m alcan\u00e7ou o primeiro lugar no QCi\u00eancia, evento de ci\u00eancia e tecnologia da UFPE.<\/p>\n\n\n\n<div class=\"wp-block-image\"><figure class=\"aligncenter size-large is-resized\"><a href=\"https:\/\/www.instagram.com\/serra4x4cambioautomatico\/\"><img loading=\"lazy\" decoding=\"async\" src=\"https:\/\/jornalfatosenoticias.com.br\/wp-content\/uploads\/2024\/08\/Serra-4x4-1-886x1024.jpg\" alt=\"\" class=\"wp-image-53632\" width=\"300\" height=\"346\" srcset=\"https:\/\/jornalfatosenoticias.com.br\/wp-content\/uploads\/2024\/08\/Serra-4x4-1-886x1024.jpg 886w, https:\/\/jornalfatosenoticias.com.br\/wp-content\/uploads\/2024\/08\/Serra-4x4-1-260x300.jpg 260w, https:\/\/jornalfatosenoticias.com.br\/wp-content\/uploads\/2024\/08\/Serra-4x4-1-768x888.jpg 768w, https:\/\/jornalfatosenoticias.com.br\/wp-content\/uploads\/2024\/08\/Serra-4x4-1.jpg 1181w\" sizes=\"auto, (max-width: 300px) 100vw, 300px\" \/><\/a><\/figure><\/div>\n\n\n\n<p>Atualmente, o projeto est\u00e1 em fase de transi\u00e7\u00e3o. Os estudantes que desenvolveram o prot\u00f3tipo \u2014 Danilo Morais, Felipe Santos e Gustavo Henrique e a pr\u00f3pria Rayane \u2014 conclu\u00edram o ensino m\u00e9dio e outros estudantes trabalham para propor melhorias na luva. \u201cDentre essas melhorias, a gente visa diminuir o tamanho dela para ficar mais confort\u00e1vel para o portador da doen\u00e7a, substituindo o Arduino Uno por um Arduino Nano, al\u00e9m de deixar ela mais automatizada, acoplando baterias recarreg\u00e1veis, o que vai facilitar a locomo\u00e7\u00e3o das pessoas com a luva\u201d, conta Gustavo. Ap\u00f3s as modifica\u00e7\u00f5es, o grupo tentar\u00e1 aprovar o projeto em um comit\u00ea de \u00e9tica para testar o prot\u00f3tipo em pessoas que sofrem da doen\u00e7a.<\/p>\n\n\n\n<div class=\"wp-block-image\"><figure class=\"aligncenter size-large is-resized\"><a href=\"https:\/\/www.instagram.com\/vmais.midias\/\"><img loading=\"lazy\" decoding=\"async\" src=\"https:\/\/jornalfatosenoticias.com.br\/wp-content\/uploads\/2020\/02\/DE-MAIS-DESTAQUE-VMAIS-800X700.png\" alt=\"\" class=\"wp-image-53112\" width=\"310\" height=\"270\" srcset=\"https:\/\/jornalfatosenoticias.com.br\/wp-content\/uploads\/2020\/02\/DE-MAIS-DESTAQUE-VMAIS-800X700.png 800w, https:\/\/jornalfatosenoticias.com.br\/wp-content\/uploads\/2020\/02\/DE-MAIS-DESTAQUE-VMAIS-800X700-768x672.png 768w\" sizes=\"auto, (max-width: 310px) 100vw, 310px\" \/><\/a><\/figure><\/div>\n\n\n\n<p><strong><em>Fonte: <a href=\"https:\/\/portal.educacao.pe.gov.br\/estudantes-de-carnaiba-criam-luva-que-estabiliza-tremores-em-pessoas-com-parkinson\/#:~:text=Chamada%20de%20GlovETE%2C%20a%20iniciativa,podem%20chegar%20a%20R%24%208.000.\">Governo de Pernambuco<\/a><\/em><\/strong><\/p>\n","protected":false},"excerpt":{"rendered":"<p>Projeto foi desenvolvido na ETE Professor Paulo Freire e custa, em m\u00e9dia, R$ 92 Por Igor Ruann Utilizando a tecnologia a servi\u00e7o da sociedade, estudantes da Escola T\u00e9cnica Estadual (ETE) Professor Paulo Freire, em Carna\u00edba, no Sert\u00e3o do estado, desenvolveram uma luva que consegue estabilizar tremores nas m\u00e3os. Chamada de GlovETE, a iniciativa foi criada [&hellip;]<\/p>\n","protected":false},"author":2,"featured_media":53751,"comment_status":"open","ping_status":"open","sticky":false,"template":"","format":"standard","meta":{"footnotes":""},"categories":[7],"tags":[583,3709,639,24492],"class_list":["post-53750","post","type-post","status-publish","format-standard","has-post-thumbnail","hentry","category-educacao","tag-luva","tag-parkinson","tag-pernambuco","tag-secretaria-de-educacao-de-pernambuco"],"yoast_head":"<!-- This site is optimized with the Yoast SEO plugin v26.5 - https:\/\/yoast.com\/wordpress\/plugins\/seo\/ -->\n<title>Estudantes criam luva que estabiliza tremores em pessoas com Parkinson - Jornal Fatos e Not\u00edcias<\/title>\n<meta name=\"robots\" content=\"index, follow, max-snippet:-1, max-image-preview:large, max-video-preview:-1\" \/>\n<link rel=\"canonical\" href=\"https:\/\/jornalfatosenoticias.com.br\/index.php\/2024\/08\/27\/estudantes-criam-luva-que-estabiliza-tremores-em-pessoas-com-parkinson\/\" \/>\n<meta property=\"og:locale\" content=\"pt_BR\" \/>\n<meta property=\"og:type\" content=\"article\" \/>\n<meta property=\"og:title\" content=\"Estudantes criam luva que estabiliza tremores em pessoas com Parkinson - Jornal Fatos e Not\u00edcias\" \/>\n<meta property=\"og:description\" content=\"Projeto foi desenvolvido na ETE Professor Paulo Freire e custa, em m\u00e9dia, R$ 92 Por Igor Ruann Utilizando a tecnologia a servi\u00e7o da sociedade, estudantes da Escola T\u00e9cnica Estadual (ETE) Professor Paulo Freire, em Carna\u00edba, no Sert\u00e3o do estado, desenvolveram uma luva que consegue estabilizar tremores nas m\u00e3os. Chamada de GlovETE, a iniciativa foi criada [&hellip;]\" \/>\n<meta property=\"og:url\" content=\"https:\/\/jornalfatosenoticias.com.br\/index.php\/2024\/08\/27\/estudantes-criam-luva-que-estabiliza-tremores-em-pessoas-com-parkinson\/\" \/>\n<meta property=\"og:site_name\" content=\"Jornal Fatos e Not\u00edcias\" \/>\n<meta property=\"article:published_time\" content=\"2024-08-27T12:17:42+00:00\" \/>\n<meta property=\"article:modified_time\" content=\"2024-08-27T12:17:44+00:00\" \/>\n<meta property=\"og:image\" content=\"https:\/\/jornalfatosenoticias.com.br\/wp-content\/uploads\/2024\/08\/luva-que-estabiliza-tremores-em-pessoas-com-Parkinson.jpeg\" \/>\n\t<meta property=\"og:image:width\" content=\"1000\" \/>\n\t<meta property=\"og:image:height\" content=\"700\" \/>\n\t<meta property=\"og:image:type\" content=\"image\/jpeg\" \/>\n<meta name=\"author\" content=\"Luzimara Fernandes\" \/>\n<meta name=\"twitter:card\" content=\"summary_large_image\" \/>\n<meta name=\"twitter:label1\" content=\"Escrito por\" \/>\n\t<meta name=\"twitter:data1\" content=\"Luzimara Fernandes\" \/>\n\t<meta name=\"twitter:label2\" content=\"Est. tempo de leitura\" \/>\n\t<meta name=\"twitter:data2\" content=\"4 minutos\" \/>\n<script type=\"application\/ld+json\" class=\"yoast-schema-graph\">{\"@context\":\"https:\/\/schema.org\",\"@graph\":[{\"@type\":\"Article\",\"@id\":\"https:\/\/jornalfatosenoticias.com.br\/index.php\/2024\/08\/27\/estudantes-criam-luva-que-estabiliza-tremores-em-pessoas-com-parkinson\/#article\",\"isPartOf\":{\"@id\":\"https:\/\/jornalfatosenoticias.com.br\/index.php\/2024\/08\/27\/estudantes-criam-luva-que-estabiliza-tremores-em-pessoas-com-parkinson\/\"},\"author\":{\"name\":\"Luzimara Fernandes\",\"@id\":\"https:\/\/jornalfatosenoticias.com.br\/#\/schema\/person\/d63837fa13ac8666eb9e74e0985d6f81\"},\"headline\":\"Estudantes criam luva que estabiliza tremores em pessoas com Parkinson\",\"datePublished\":\"2024-08-27T12:17:42+00:00\",\"dateModified\":\"2024-08-27T12:17:44+00:00\",\"mainEntityOfPage\":{\"@id\":\"https:\/\/jornalfatosenoticias.com.br\/index.php\/2024\/08\/27\/estudantes-criam-luva-que-estabiliza-tremores-em-pessoas-com-parkinson\/\"},\"wordCount\":768,\"commentCount\":0,\"publisher\":{\"@id\":\"https:\/\/jornalfatosenoticias.com.br\/#organization\"},\"image\":{\"@id\":\"https:\/\/jornalfatosenoticias.com.br\/index.php\/2024\/08\/27\/estudantes-criam-luva-que-estabiliza-tremores-em-pessoas-com-parkinson\/#primaryimage\"},\"thumbnailUrl\":\"https:\/\/jornalfatosenoticias.com.br\/wp-content\/uploads\/2024\/08\/luva-que-estabiliza-tremores-em-pessoas-com-Parkinson.jpeg\",\"keywords\":[\"luva\",\"Parkinson\",\"Pernambuco\",\"Secretaria de Educa\u00e7\u00e3o de Pernambuco\"],\"articleSection\":[\"Educa\u00e7\u00e3o\"],\"inLanguage\":\"pt-BR\",\"potentialAction\":[{\"@type\":\"CommentAction\",\"name\":\"Comment\",\"target\":[\"https:\/\/jornalfatosenoticias.com.br\/index.php\/2024\/08\/27\/estudantes-criam-luva-que-estabiliza-tremores-em-pessoas-com-parkinson\/#respond\"]}]},{\"@type\":\"WebPage\",\"@id\":\"https:\/\/jornalfatosenoticias.com.br\/index.php\/2024\/08\/27\/estudantes-criam-luva-que-estabiliza-tremores-em-pessoas-com-parkinson\/\",\"url\":\"https:\/\/jornalfatosenoticias.com.br\/index.php\/2024\/08\/27\/estudantes-criam-luva-que-estabiliza-tremores-em-pessoas-com-parkinson\/\",\"name\":\"Estudantes criam luva que estabiliza tremores em pessoas com Parkinson - Jornal Fatos e Not\u00edcias\",\"isPartOf\":{\"@id\":\"https:\/\/jornalfatosenoticias.com.br\/#website\"},\"primaryImageOfPage\":{\"@id\":\"https:\/\/jornalfatosenoticias.com.br\/index.php\/2024\/08\/27\/estudantes-criam-luva-que-estabiliza-tremores-em-pessoas-com-parkinson\/#primaryimage\"},\"image\":{\"@id\":\"https:\/\/jornalfatosenoticias.com.br\/index.php\/2024\/08\/27\/estudantes-criam-luva-que-estabiliza-tremores-em-pessoas-com-parkinson\/#primaryimage\"},\"thumbnailUrl\":\"https:\/\/jornalfatosenoticias.com.br\/wp-content\/uploads\/2024\/08\/luva-que-estabiliza-tremores-em-pessoas-com-Parkinson.jpeg\",\"datePublished\":\"2024-08-27T12:17:42+00:00\",\"dateModified\":\"2024-08-27T12:17:44+00:00\",\"breadcrumb\":{\"@id\":\"https:\/\/jornalfatosenoticias.com.br\/index.php\/2024\/08\/27\/estudantes-criam-luva-que-estabiliza-tremores-em-pessoas-com-parkinson\/#breadcrumb\"},\"inLanguage\":\"pt-BR\",\"potentialAction\":[{\"@type\":\"ReadAction\",\"target\":[\"https:\/\/jornalfatosenoticias.com.br\/index.php\/2024\/08\/27\/estudantes-criam-luva-que-estabiliza-tremores-em-pessoas-com-parkinson\/\"]}]},{\"@type\":\"ImageObject\",\"inLanguage\":\"pt-BR\",\"@id\":\"https:\/\/jornalfatosenoticias.com.br\/index.php\/2024\/08\/27\/estudantes-criam-luva-que-estabiliza-tremores-em-pessoas-com-parkinson\/#primaryimage\",\"url\":\"https:\/\/jornalfatosenoticias.com.br\/wp-content\/uploads\/2024\/08\/luva-que-estabiliza-tremores-em-pessoas-com-Parkinson.jpeg\",\"contentUrl\":\"https:\/\/jornalfatosenoticias.com.br\/wp-content\/uploads\/2024\/08\/luva-que-estabiliza-tremores-em-pessoas-com-Parkinson.jpeg\",\"width\":1000,\"height\":700},{\"@type\":\"BreadcrumbList\",\"@id\":\"https:\/\/jornalfatosenoticias.com.br\/index.php\/2024\/08\/27\/estudantes-criam-luva-que-estabiliza-tremores-em-pessoas-com-parkinson\/#breadcrumb\",\"itemListElement\":[{\"@type\":\"ListItem\",\"position\":1,\"name\":\"In\u00edcio\",\"item\":\"https:\/\/jornalfatosenoticias.com.br\/\"},{\"@type\":\"ListItem\",\"position\":2,\"name\":\"Estudantes criam luva que estabiliza tremores em pessoas com Parkinson\"}]},{\"@type\":\"WebSite\",\"@id\":\"https:\/\/jornalfatosenoticias.com.br\/#website\",\"url\":\"https:\/\/jornalfatosenoticias.com.br\/\",\"name\":\"Jornal Fatos e Not\u00edcias\",\"description\":\"Not\u00edcias em geral\",\"publisher\":{\"@id\":\"https:\/\/jornalfatosenoticias.com.br\/#organization\"},\"potentialAction\":[{\"@type\":\"SearchAction\",\"target\":{\"@type\":\"EntryPoint\",\"urlTemplate\":\"https:\/\/jornalfatosenoticias.com.br\/?s={search_term_string}\"},\"query-input\":{\"@type\":\"PropertyValueSpecification\",\"valueRequired\":true,\"valueName\":\"search_term_string\"}}],\"inLanguage\":\"pt-BR\"},{\"@type\":\"Organization\",\"@id\":\"https:\/\/jornalfatosenoticias.com.br\/#organization\",\"name\":\"Jornal Fatos e Not\u00edcias\",\"url\":\"https:\/\/jornalfatosenoticias.com.br\/\",\"logo\":{\"@type\":\"ImageObject\",\"inLanguage\":\"pt-BR\",\"@id\":\"https:\/\/jornalfatosenoticias.com.br\/#\/schema\/logo\/image\/\",\"url\":\"https:\/\/jornalfatosenoticias.com.br\/wp-content\/uploads\/2020\/02\/logo120.png\",\"contentUrl\":\"https:\/\/jornalfatosenoticias.com.br\/wp-content\/uploads\/2020\/02\/logo120.png\",\"width\":1227,\"height\":120,\"caption\":\"Jornal Fatos e Not\u00edcias\"},\"image\":{\"@id\":\"https:\/\/jornalfatosenoticias.com.br\/#\/schema\/logo\/image\/\"}},{\"@type\":\"Person\",\"@id\":\"https:\/\/jornalfatosenoticias.com.br\/#\/schema\/person\/d63837fa13ac8666eb9e74e0985d6f81\",\"name\":\"Luzimara Fernandes\",\"image\":{\"@type\":\"ImageObject\",\"inLanguage\":\"pt-BR\",\"@id\":\"https:\/\/jornalfatosenoticias.com.br\/#\/schema\/person\/image\/\",\"url\":\"https:\/\/jornalfatosenoticias.com.br\/wp-content\/uploads\/2025\/05\/EU_portal.jpg\",\"contentUrl\":\"https:\/\/jornalfatosenoticias.com.br\/wp-content\/uploads\/2025\/05\/EU_portal.jpg\",\"caption\":\"Luzimara Fernandes\"},\"description\":\"Jornalista MTB 2358-ES\",\"sameAs\":[\"https:\/\/jornalfatosenoticias.com.br\"],\"url\":\"https:\/\/jornalfatosenoticias.com.br\/index.php\/author\/luzimara\/\"}]}<\/script>\n<!-- \/ Yoast SEO plugin. -->","yoast_head_json":{"title":"Estudantes criam luva que estabiliza tremores em pessoas com Parkinson - Jornal Fatos e Not\u00edcias","robots":{"index":"index","follow":"follow","max-snippet":"max-snippet:-1","max-image-preview":"max-image-preview:large","max-video-preview":"max-video-preview:-1"},"canonical":"https:\/\/jornalfatosenoticias.com.br\/index.php\/2024\/08\/27\/estudantes-criam-luva-que-estabiliza-tremores-em-pessoas-com-parkinson\/","og_locale":"pt_BR","og_type":"article","og_title":"Estudantes criam luva que estabiliza tremores em pessoas com Parkinson - Jornal Fatos e Not\u00edcias","og_description":"Projeto foi desenvolvido na ETE Professor Paulo Freire e custa, em m\u00e9dia, R$ 92 Por Igor Ruann Utilizando a tecnologia a servi\u00e7o da sociedade, estudantes da Escola T\u00e9cnica Estadual (ETE) Professor Paulo Freire, em Carna\u00edba, no Sert\u00e3o do estado, desenvolveram uma luva que consegue estabilizar tremores nas m\u00e3os. Chamada de GlovETE, a iniciativa foi criada [&hellip;]","og_url":"https:\/\/jornalfatosenoticias.com.br\/index.php\/2024\/08\/27\/estudantes-criam-luva-que-estabiliza-tremores-em-pessoas-com-parkinson\/","og_site_name":"Jornal Fatos e Not\u00edcias","article_published_time":"2024-08-27T12:17:42+00:00","article_modified_time":"2024-08-27T12:17:44+00:00","og_image":[{"width":1000,"height":700,"url":"https:\/\/jornalfatosenoticias.com.br\/wp-content\/uploads\/2024\/08\/luva-que-estabiliza-tremores-em-pessoas-com-Parkinson.jpeg","type":"image\/jpeg"}],"author":"Luzimara Fernandes","twitter_card":"summary_large_image","twitter_misc":{"Escrito por":"Luzimara Fernandes","Est. tempo de leitura":"4 minutos"},"schema":{"@context":"https:\/\/schema.org","@graph":[{"@type":"Article","@id":"https:\/\/jornalfatosenoticias.com.br\/index.php\/2024\/08\/27\/estudantes-criam-luva-que-estabiliza-tremores-em-pessoas-com-parkinson\/#article","isPartOf":{"@id":"https:\/\/jornalfatosenoticias.com.br\/index.php\/2024\/08\/27\/estudantes-criam-luva-que-estabiliza-tremores-em-pessoas-com-parkinson\/"},"author":{"name":"Luzimara Fernandes","@id":"https:\/\/jornalfatosenoticias.com.br\/#\/schema\/person\/d63837fa13ac8666eb9e74e0985d6f81"},"headline":"Estudantes criam luva que estabiliza tremores em pessoas com Parkinson","datePublished":"2024-08-27T12:17:42+00:00","dateModified":"2024-08-27T12:17:44+00:00","mainEntityOfPage":{"@id":"https:\/\/jornalfatosenoticias.com.br\/index.php\/2024\/08\/27\/estudantes-criam-luva-que-estabiliza-tremores-em-pessoas-com-parkinson\/"},"wordCount":768,"commentCount":0,"publisher":{"@id":"https:\/\/jornalfatosenoticias.com.br\/#organization"},"image":{"@id":"https:\/\/jornalfatosenoticias.com.br\/index.php\/2024\/08\/27\/estudantes-criam-luva-que-estabiliza-tremores-em-pessoas-com-parkinson\/#primaryimage"},"thumbnailUrl":"https:\/\/jornalfatosenoticias.com.br\/wp-content\/uploads\/2024\/08\/luva-que-estabiliza-tremores-em-pessoas-com-Parkinson.jpeg","keywords":["luva","Parkinson","Pernambuco","Secretaria de Educa\u00e7\u00e3o de Pernambuco"],"articleSection":["Educa\u00e7\u00e3o"],"inLanguage":"pt-BR","potentialAction":[{"@type":"CommentAction","name":"Comment","target":["https:\/\/jornalfatosenoticias.com.br\/index.php\/2024\/08\/27\/estudantes-criam-luva-que-estabiliza-tremores-em-pessoas-com-parkinson\/#respond"]}]},{"@type":"WebPage","@id":"https:\/\/jornalfatosenoticias.com.br\/index.php\/2024\/08\/27\/estudantes-criam-luva-que-estabiliza-tremores-em-pessoas-com-parkinson\/","url":"https:\/\/jornalfatosenoticias.com.br\/index.php\/2024\/08\/27\/estudantes-criam-luva-que-estabiliza-tremores-em-pessoas-com-parkinson\/","name":"Estudantes criam luva que estabiliza tremores em pessoas com Parkinson - Jornal Fatos e Not\u00edcias","isPartOf":{"@id":"https:\/\/jornalfatosenoticias.com.br\/#website"},"primaryImageOfPage":{"@id":"https:\/\/jornalfatosenoticias.com.br\/index.php\/2024\/08\/27\/estudantes-criam-luva-que-estabiliza-tremores-em-pessoas-com-parkinson\/#primaryimage"},"image":{"@id":"https:\/\/jornalfatosenoticias.com.br\/index.php\/2024\/08\/27\/estudantes-criam-luva-que-estabiliza-tremores-em-pessoas-com-parkinson\/#primaryimage"},"thumbnailUrl":"https:\/\/jornalfatosenoticias.com.br\/wp-content\/uploads\/2024\/08\/luva-que-estabiliza-tremores-em-pessoas-com-Parkinson.jpeg","datePublished":"2024-08-27T12:17:42+00:00","dateModified":"2024-08-27T12:17:44+00:00","breadcrumb":{"@id":"https:\/\/jornalfatosenoticias.com.br\/index.php\/2024\/08\/27\/estudantes-criam-luva-que-estabiliza-tremores-em-pessoas-com-parkinson\/#breadcrumb"},"inLanguage":"pt-BR","potentialAction":[{"@type":"ReadAction","target":["https:\/\/jornalfatosenoticias.com.br\/index.php\/2024\/08\/27\/estudantes-criam-luva-que-estabiliza-tremores-em-pessoas-com-parkinson\/"]}]},{"@type":"ImageObject","inLanguage":"pt-BR","@id":"https:\/\/jornalfatosenoticias.com.br\/index.php\/2024\/08\/27\/estudantes-criam-luva-que-estabiliza-tremores-em-pessoas-com-parkinson\/#primaryimage","url":"https:\/\/jornalfatosenoticias.com.br\/wp-content\/uploads\/2024\/08\/luva-que-estabiliza-tremores-em-pessoas-com-Parkinson.jpeg","contentUrl":"https:\/\/jornalfatosenoticias.com.br\/wp-content\/uploads\/2024\/08\/luva-que-estabiliza-tremores-em-pessoas-com-Parkinson.jpeg","width":1000,"height":700},{"@type":"BreadcrumbList","@id":"https:\/\/jornalfatosenoticias.com.br\/index.php\/2024\/08\/27\/estudantes-criam-luva-que-estabiliza-tremores-em-pessoas-com-parkinson\/#breadcrumb","itemListElement":[{"@type":"ListItem","position":1,"name":"In\u00edcio","item":"https:\/\/jornalfatosenoticias.com.br\/"},{"@type":"ListItem","position":2,"name":"Estudantes criam luva que estabiliza tremores em pessoas com Parkinson"}]},{"@type":"WebSite","@id":"https:\/\/jornalfatosenoticias.com.br\/#website","url":"https:\/\/jornalfatosenoticias.com.br\/","name":"Jornal Fatos e Not\u00edcias","description":"Not\u00edcias em geral","publisher":{"@id":"https:\/\/jornalfatosenoticias.com.br\/#organization"},"potentialAction":[{"@type":"SearchAction","target":{"@type":"EntryPoint","urlTemplate":"https:\/\/jornalfatosenoticias.com.br\/?s={search_term_string}"},"query-input":{"@type":"PropertyValueSpecification","valueRequired":true,"valueName":"search_term_string"}}],"inLanguage":"pt-BR"},{"@type":"Organization","@id":"https:\/\/jornalfatosenoticias.com.br\/#organization","name":"Jornal Fatos e Not\u00edcias","url":"https:\/\/jornalfatosenoticias.com.br\/","logo":{"@type":"ImageObject","inLanguage":"pt-BR","@id":"https:\/\/jornalfatosenoticias.com.br\/#\/schema\/logo\/image\/","url":"https:\/\/jornalfatosenoticias.com.br\/wp-content\/uploads\/2020\/02\/logo120.png","contentUrl":"https:\/\/jornalfatosenoticias.com.br\/wp-content\/uploads\/2020\/02\/logo120.png","width":1227,"height":120,"caption":"Jornal Fatos e Not\u00edcias"},"image":{"@id":"https:\/\/jornalfatosenoticias.com.br\/#\/schema\/logo\/image\/"}},{"@type":"Person","@id":"https:\/\/jornalfatosenoticias.com.br\/#\/schema\/person\/d63837fa13ac8666eb9e74e0985d6f81","name":"Luzimara Fernandes","image":{"@type":"ImageObject","inLanguage":"pt-BR","@id":"https:\/\/jornalfatosenoticias.com.br\/#\/schema\/person\/image\/","url":"https:\/\/jornalfatosenoticias.com.br\/wp-content\/uploads\/2025\/05\/EU_portal.jpg","contentUrl":"https:\/\/jornalfatosenoticias.com.br\/wp-content\/uploads\/2025\/05\/EU_portal.jpg","caption":"Luzimara Fernandes"},"description":"Jornalista MTB 2358-ES","sameAs":["https:\/\/jornalfatosenoticias.com.br"],"url":"https:\/\/jornalfatosenoticias.com.br\/index.php\/author\/luzimara\/"}]}},"cc_featured_image_caption":{"caption_text":"(Foto: Divulga\u00e7\u00e3o) ","source_text":"","source_url":""},"jetpack_featured_media_url":"https:\/\/jornalfatosenoticias.com.br\/wp-content\/uploads\/2024\/08\/luva-que-estabiliza-tremores-em-pessoas-com-Parkinson.jpeg","_links":{"self":[{"href":"https:\/\/jornalfatosenoticias.com.br\/index.php\/wp-json\/wp\/v2\/posts\/53750","targetHints":{"allow":["GET"]}}],"collection":[{"href":"https:\/\/jornalfatosenoticias.com.br\/index.php\/wp-json\/wp\/v2\/posts"}],"about":[{"href":"https:\/\/jornalfatosenoticias.com.br\/index.php\/wp-json\/wp\/v2\/types\/post"}],"author":[{"embeddable":true,"href":"https:\/\/jornalfatosenoticias.com.br\/index.php\/wp-json\/wp\/v2\/users\/2"}],"replies":[{"embeddable":true,"href":"https:\/\/jornalfatosenoticias.com.br\/index.php\/wp-json\/wp\/v2\/comments?post=53750"}],"version-history":[{"count":0,"href":"https:\/\/jornalfatosenoticias.com.br\/index.php\/wp-json\/wp\/v2\/posts\/53750\/revisions"}],"wp:featuredmedia":[{"embeddable":true,"href":"https:\/\/jornalfatosenoticias.com.br\/index.php\/wp-json\/wp\/v2\/media\/53751"}],"wp:attachment":[{"href":"https:\/\/jornalfatosenoticias.com.br\/index.php\/wp-json\/wp\/v2\/media?parent=53750"}],"wp:term":[{"taxonomy":"category","embeddable":true,"href":"https:\/\/jornalfatosenoticias.com.br\/index.php\/wp-json\/wp\/v2\/categories?post=53750"},{"taxonomy":"post_tag","embeddable":true,"href":"https:\/\/jornalfatosenoticias.com.br\/index.php\/wp-json\/wp\/v2\/tags?post=53750"}],"curies":[{"name":"wp","href":"https:\/\/api.w.org\/{rel}","templated":true}]}}