{"id":53753,"date":"2024-08-27T09:30:52","date_gmt":"2024-08-27T12:30:52","guid":{"rendered":"https:\/\/jornalfatosenoticias.com.br\/?p=53753"},"modified":"2024-08-27T09:30:54","modified_gmt":"2024-08-27T12:30:54","slug":"carro-movido-a-hidrogenio-vira-pesadelo-e-gera-onda-de-processos-nos-eua","status":"publish","type":"post","link":"https:\/\/jornalfatosenoticias.com.br\/index.php\/2024\/08\/27\/carro-movido-a-hidrogenio-vira-pesadelo-e-gera-onda-de-processos-nos-eua\/","title":{"rendered":"Carro movido a hidrog\u00eanio vira pesadelo e gera onda de processos nos EUA"},"content":{"rendered":"\n<p><em><span class=\"has-inline-color has-black-color\">Motoristas entraram com uma a\u00e7\u00e3o coletiva contra a Toyota por propaganda enganosa; problema est\u00e1 na falta de pontos de abastecimento<\/span><\/em><\/p>\n\n\n\n<p><span class=\"has-inline-color has-black-color\">Por <strong><a href=\"https:\/\/olhardigital.com.br\/author\/bob-furuya\/\">Bob Furuya<\/a><\/strong><\/span><\/p>\n\n\n\n<div class=\"wp-block-image\"><figure class=\"aligncenter size-large is-resized\"><a href=\"https:\/\/www.facebook.com\/vetor.vix\/\"><img loading=\"lazy\" decoding=\"async\" src=\"https:\/\/jornalfatosenoticias.com.br\/wp-content\/uploads\/2023\/09\/vetorvix1024_1.jpg\" alt=\"\" class=\"wp-image-44868\" width=\"498\" height=\"132\" srcset=\"https:\/\/jornalfatosenoticias.com.br\/wp-content\/uploads\/2023\/09\/vetorvix1024_1.jpg 1024w, https:\/\/jornalfatosenoticias.com.br\/wp-content\/uploads\/2023\/09\/vetorvix1024_1-300x80.jpg 300w, https:\/\/jornalfatosenoticias.com.br\/wp-content\/uploads\/2023\/09\/vetorvix1024_1-768x205.jpg 768w\" sizes=\"auto, (max-width: 498px) 100vw, 498px\" \/><\/a><\/figure><\/div>\n\n\n\n<p>Eu sempre defendi aqui as novas tecnologias para carros. Principalmente aquelas que poluem menos. Mas nunca disse que seria f\u00e1cil. In\u00fameros textos j\u00e1 trataram sobre as dificuldades que donos de ve\u00edculos el\u00e9tricos encontram para abastecer nos Estados Unidos. A situa\u00e7\u00e3o \u00e9 muito parecida com os propriet\u00e1rios de modelos que usam c\u00e9lula de combust\u00edvel de hidrog\u00eanio.<br>O carro movido a hidrog\u00eanio tem uma grande vantagem sobre o el\u00e9trico: um tanque cheio pode fazer mais de 500 quil\u00f4metros, dependendo do modelo. Al\u00e9m disso, voc\u00ea n\u00e3o demora mais do que cinco minutos para completar o tanque \u2014 diferentemente do EV, que \u00e0s vezes fica horas para carregar a bateria.<\/p>\n\n\n\n<div class=\"wp-block-image\"><figure class=\"aligncenter size-large is-resized\"><a href=\"https:\/\/www.facebook.com\/postobkr\/?locale=pt_BR\"><img loading=\"lazy\" decoding=\"async\" src=\"https:\/\/jornalfatosenoticias.com.br\/wp-content\/uploads\/2023\/08\/BKR-1024x1021.jpg\" alt=\"\" class=\"wp-image-44494\" width=\"318\" height=\"317\" srcset=\"https:\/\/jornalfatosenoticias.com.br\/wp-content\/uploads\/2023\/08\/BKR-1024x1021.jpg 1024w, https:\/\/jornalfatosenoticias.com.br\/wp-content\/uploads\/2023\/08\/BKR-300x300.jpg 300w, https:\/\/jornalfatosenoticias.com.br\/wp-content\/uploads\/2023\/08\/BKR-150x150.jpg 150w, https:\/\/jornalfatosenoticias.com.br\/wp-content\/uploads\/2023\/08\/BKR-768x766.jpg 768w, https:\/\/jornalfatosenoticias.com.br\/wp-content\/uploads\/2023\/08\/BKR.jpg 1080w\" sizes=\"auto, (max-width: 318px) 100vw, 318px\" \/><\/a><\/figure><\/div>\n\n\n\n<p>As desvantagens, por\u00e9m, acabaram se sobressaindo nas primeiras experi\u00eancias registradas no estado da Calif\u00f3rnia. A come\u00e7ar pelo pre\u00e7o: um quilo de hidrog\u00eanio n\u00e3o sai por menos de US$ 20, muito mais caro que o gal\u00e3o de gasolina, que custa cerca de US$ 5. O grande problema, por\u00e9m, \u00e9 a oferta de pontos de abastecimento. A Calif\u00f3rnia tem hoje apenas 54 deles \u2014 no estado todo! A promessa era de alcan\u00e7ar 200 at\u00e9 2025, mas o governo n\u00e3o deve conseguir bater a meta.<\/p>\n\n\n\n<div class=\"wp-block-image\"><figure class=\"aligncenter size-large is-resized\"><img loading=\"lazy\" decoding=\"async\" src=\"https:\/\/jornalfatosenoticias.com.br\/wp-content\/uploads\/2022\/02\/Precisao-Contabilidade-1024x724.jpg\" alt=\"\" class=\"wp-image-28088\" width=\"321\" height=\"227\"\/><\/figure><\/div>\n\n\n\n<p>O resultado? V\u00e1rios donos de ve\u00edculos movidos a hidrog\u00eanio est\u00e3o deixando seus carros na garagem. Alguns deles foram al\u00e9m e resolveram processar a Toyota por propaganda enganosa em rela\u00e7\u00e3o ao modelo Mirai. Eles entraram com uma a\u00e7\u00e3o coletiva em julho deste ano.<\/p>\n\n\n\n<div class=\"wp-block-image\"><figure class=\"aligncenter size-large is-resized\"><a href=\"https:\/\/www.ithbrasil.com.br\/\"><img loading=\"lazy\" decoding=\"async\" src=\"https:\/\/jornalfatosenoticias.com.br\/wp-content\/uploads\/2023\/08\/ITH.jpeg\" alt=\"\" class=\"wp-image-44638\" width=\"302\" height=\"245\" srcset=\"https:\/\/jornalfatosenoticias.com.br\/wp-content\/uploads\/2023\/08\/ITH.jpeg 800w, https:\/\/jornalfatosenoticias.com.br\/wp-content\/uploads\/2023\/08\/ITH-300x244.jpeg 300w, https:\/\/jornalfatosenoticias.com.br\/wp-content\/uploads\/2023\/08\/ITH-768x624.jpeg 768w\" sizes=\"auto, (max-width: 302px) 100vw, 302px\" \/><\/a><\/figure><\/div>\n\n\n\n<p><strong><span class=\"has-inline-color has-black-color\">A principal reclama\u00e7\u00e3o dos americanos<br><\/span><\/strong>A reportagem do site gringo TechXplore ouviu alguns propriet\u00e1rios do Toyota Mirai, a grande aposta da montadora japonesa para esse segmento. E, antes de trazer a impress\u00e3o dessas pessoas, vale deixar claro que todas elas adoram o carro. Acham o ve\u00edculo bonito, tecnol\u00f3gico e dizem que ele anda superbem.<br>O grande por\u00e9m \u00e9 mesmo a infraestrutura \u2014 o que n\u00e3o \u00e9 culpa somente da empresa, mas tamb\u00e9m do poder p\u00fablico nos EUA. Ryan Kiskis, por exemplo, diz ter sido enganado pela Toyota, pois os vendedores teriam garantido a ele que os pontos de abastecimento seriam \u201cconvenientes\u201d e estariam \u201cprontamente dispon\u00edveis\u201d.<\/p>\n\n\n\n<div class=\"wp-block-image\"><figure class=\"aligncenter size-large is-resized\"><a href=\"https:\/\/www.instagram.com\/serra4x4cambioautomatico\/\"><img loading=\"lazy\" decoding=\"async\" src=\"https:\/\/jornalfatosenoticias.com.br\/wp-content\/uploads\/2024\/08\/Serra-4x4-1-886x1024.jpg\" alt=\"\" class=\"wp-image-53632\" width=\"274\" height=\"316\" srcset=\"https:\/\/jornalfatosenoticias.com.br\/wp-content\/uploads\/2024\/08\/Serra-4x4-1-886x1024.jpg 886w, https:\/\/jornalfatosenoticias.com.br\/wp-content\/uploads\/2024\/08\/Serra-4x4-1-260x300.jpg 260w, https:\/\/jornalfatosenoticias.com.br\/wp-content\/uploads\/2024\/08\/Serra-4x4-1-768x888.jpg 768w, https:\/\/jornalfatosenoticias.com.br\/wp-content\/uploads\/2024\/08\/Serra-4x4-1.jpg 1181w\" sizes=\"auto, (max-width: 274px) 100vw, 274px\" \/><\/a><\/figure><\/div>\n\n\n\n<p>A realidade, no entanto, \u00e9 bem diferente. Ele \u00e9 um dos propriet\u00e1rios que deixa o Mirai na garagem e que teve de comprar outro ve\u00edculo para o dia a dia. O aposentado Bryan Caluwe fez a mesma coisa. Ele contou ter tomado a decis\u00e3o ap\u00f3s ficar sem combust\u00edvel durante uma viagem.<\/p>\n\n\n\n<div class=\"wp-block-image\"><figure class=\"aligncenter size-large is-resized\"><a href=\"https:\/\/www.controlsystems.com.br\/\"><img loading=\"lazy\" decoding=\"async\" src=\"https:\/\/jornalfatosenoticias.com.br\/wp-content\/uploads\/2020\/02\/CONTROL-CS.jpg\" alt=\"\" class=\"wp-image-44991\" width=\"277\" height=\"332\" srcset=\"https:\/\/jornalfatosenoticias.com.br\/wp-content\/uploads\/2020\/02\/CONTROL-CS.jpg 834w, https:\/\/jornalfatosenoticias.com.br\/wp-content\/uploads\/2020\/02\/CONTROL-CS-250x300.jpg 250w, https:\/\/jornalfatosenoticias.com.br\/wp-content\/uploads\/2020\/02\/CONTROL-CS-768x921.jpg 768w\" sizes=\"auto, (max-width: 277px) 100vw, 277px\" \/><\/a><\/figure><\/div>\n\n\n\n<p>Como j\u00e1 disse, a Calif\u00f3rnia tem apenas 54 pontos de abastecimento de hidrog\u00eanio e quase todos eles est\u00e3o agrupados na Grande Los Angeles. Certa vez, Caluwe viajou para outra cidade e, na hora de voltar para a capital, planejou uma parada no meio da rodovia Interstate 5. S\u00f3 que o \u00fanico ponto de carregamento dispon\u00edvel no caminho estava se funcionar. Resultado? Teve de voltar para casa de guincho. Apesar de o processo citar apenas a Toyota, a Hyundai tamb\u00e9m vende um carro movido a c\u00e9lula de combust\u00edvel na Calif\u00f3rnia. E os propriet\u00e1rios do Nexo tamb\u00e9m apresentam as mesmas queixas.<\/p>\n\n\n\n<div class=\"wp-block-image\"><figure class=\"aligncenter size-large\"><a href=\"http:\/\/www.ferrarimaquinas.com.br\/\"><img loading=\"lazy\" decoding=\"async\" width=\"300\" height=\"250\" src=\"https:\/\/jornalfatosenoticias.com.br\/wp-content\/uploads\/2022\/02\/FERRARI_MAQUINAS-E-FERRAMENTAS2.jpg\" alt=\"\" class=\"wp-image-27860\"\/><\/a><\/figure><\/div>\n\n\n\n<p><strong><span class=\"has-inline-color has-black-color\">O que dizem as montadoras<br><\/span><\/strong>A Toyota disse ao The Times que est\u00e1 \u201ccomprometida com a satisfa\u00e7\u00e3o do cliente e continuar\u00e1 a avaliar como podemos dar melhor suporte aos nossos clientes. Responderemos \u00e0s alega\u00e7\u00f5es neste processo no f\u00f3rum apropriado\u201d.<\/p>\n\n\n\n<div class=\"wp-block-image\"><figure class=\"aligncenter size-large\"><a href=\"https:\/\/www.facebook.com\/Esteio-Churrascaria-Barbecue-103643461220402\/\"><img decoding=\"async\" src=\"https:\/\/jornalfatosenoticias.com.br\/wp-content\/uploads\/2020\/02\/logo_esteio.jpg\" alt=\"\" class=\"wp-image-1214\"\/><\/a><\/figure><\/div>\n\n\n\n<p>A Hyundai, por sua vez, afirmou que \u201ccompartilha da preocupa\u00e7\u00e3o com o estado atual da infraestrutura de abastecimento de hidrog\u00eanio na Calif\u00f3rnia\u201d e que \u201ctamb\u00e9m estamos colaborando estreitamente com ag\u00eancias governamentais, como a Comiss\u00e3o de Energia da Calif\u00f3rnia, que forneceu a maior parte do financiamento para postos de abastecimento p\u00fablicos\u201d.<\/p>\n\n\n\n<div class=\"wp-block-image\"><figure class=\"aligncenter size-large is-resized\"><a href=\"https:\/\/hotelmarquetti.com.br\/\"><img loading=\"lazy\" decoding=\"async\" src=\"https:\/\/jornalfatosenoticias.com.br\/wp-content\/uploads\/2023\/03\/nova-logo-Marquetti.jpg\" alt=\"\" class=\"wp-image-40207\" width=\"307\" height=\"206\" srcset=\"https:\/\/jornalfatosenoticias.com.br\/wp-content\/uploads\/2023\/03\/nova-logo-Marquetti.jpg 643w, https:\/\/jornalfatosenoticias.com.br\/wp-content\/uploads\/2023\/03\/nova-logo-Marquetti-300x202.jpg 300w\" sizes=\"auto, (max-width: 307px) 100vw, 307px\" \/><\/a><\/figure><\/div>\n\n\n\n<p>Como explica a nota da Hyundai, a tal Comiss\u00e3o de Energia da Calif\u00f3rnia \u00e9 a respons\u00e1vel pela cria\u00e7\u00e3o de novos pontos de abastecimento de hidrog\u00eanio no estado. O trabalho dela, entretanto vem deixando muito a desejar.<\/p>\n\n\n\n<div class=\"wp-block-image\"><figure class=\"aligncenter size-large is-resized\"><a href=\"https:\/\/www.instagram.com\/vmais.midias\/\"><img loading=\"lazy\" decoding=\"async\" src=\"https:\/\/jornalfatosenoticias.com.br\/wp-content\/uploads\/2020\/02\/DE-MAIS-DESTAQUE-VMAIS-800X700.png\" alt=\"\" class=\"wp-image-53112\" width=\"274\" height=\"239\" srcset=\"https:\/\/jornalfatosenoticias.com.br\/wp-content\/uploads\/2020\/02\/DE-MAIS-DESTAQUE-VMAIS-800X700.png 800w, https:\/\/jornalfatosenoticias.com.br\/wp-content\/uploads\/2020\/02\/DE-MAIS-DESTAQUE-VMAIS-800X700-300x263.png 300w, https:\/\/jornalfatosenoticias.com.br\/wp-content\/uploads\/2020\/02\/DE-MAIS-DESTAQUE-VMAIS-800X700-768x672.png 768w\" sizes=\"auto, (max-width: 274px) 100vw, 274px\" \/><\/a><\/figure><\/div>\n\n\n\n<p>Para voc\u00ea ter uma ideia, quase 18 mil carros com c\u00e9lula de combust\u00edvel foram comprados ou alugados at\u00e9 o momento na Calif\u00f3rnia. Desse total, mais de 10 mil, ou seja, mais da metade, vieram depois de 2020. S\u00f3 que de 2020 para c\u00e1, sabe quantas novas esta\u00e7\u00f5es de hidrog\u00eanio foram inauguradas? Apenas duas, segundo informa o TechXplore.<\/p>\n\n\n\n<div class=\"wp-block-image\"><figure class=\"aligncenter size-large is-resized\"><a href=\"https:\/\/panper.com.br\/\"><img loading=\"lazy\" decoding=\"async\" src=\"https:\/\/jornalfatosenoticias.com.br\/wp-content\/uploads\/2023\/03\/logo-Panper_portal.jpg\" alt=\"\" class=\"wp-image-40208\" width=\"319\" height=\"221\" srcset=\"https:\/\/jornalfatosenoticias.com.br\/wp-content\/uploads\/2023\/03\/logo-Panper_portal.jpg 400w, https:\/\/jornalfatosenoticias.com.br\/wp-content\/uploads\/2023\/03\/logo-Panper_portal-300x208.jpg 300w\" sizes=\"auto, (max-width: 319px) 100vw, 319px\" \/><\/a><\/figure><\/div>\n\n\n\n<p>Em meio a essas reclama\u00e7\u00f5es, todos os envolvidos saem perdendo. Os propriet\u00e1rios, as montadoras e o governo californiano. Os primeiros por n\u00e3o poderem usar seus carros. As montadoras por terem investido dinheiro e agora sofrem com uma crise nas vendas. E o governo por estar cada vez mais distante da meta de emiss\u00e3o zero. A Calif\u00f3rnia quer tornar o estado neutro em carbono at\u00e9 2045. No atual ritmo, por\u00e9m, as chances disso acontecer s\u00e3o praticamente nulas. As informa\u00e7\u00f5es s\u00e3o do TechXplore.<\/p>\n\n\n\n<div class=\"wp-block-image\"><figure class=\"aligncenter size-large is-resized\"><a href=\"https:\/\/www.instagram.com\/restaurantepegoretti\/\"><img loading=\"lazy\" decoding=\"async\" src=\"https:\/\/jornalfatosenoticias.com.br\/wp-content\/uploads\/2023\/12\/pegoretti-logo-pdf-1024x389.jpg\" alt=\"\" class=\"wp-image-47536\" width=\"427\" height=\"162\" srcset=\"https:\/\/jornalfatosenoticias.com.br\/wp-content\/uploads\/2023\/12\/pegoretti-logo-pdf-1024x389.jpg 1024w, https:\/\/jornalfatosenoticias.com.br\/wp-content\/uploads\/2023\/12\/pegoretti-logo-pdf-300x114.jpg 300w, https:\/\/jornalfatosenoticias.com.br\/wp-content\/uploads\/2023\/12\/pegoretti-logo-pdf-768x291.jpg 768w, https:\/\/jornalfatosenoticias.com.br\/wp-content\/uploads\/2023\/12\/pegoretti-logo-pdf.jpg 1120w\" sizes=\"auto, (max-width: 427px) 100vw, 427px\" \/><\/a><\/figure><\/div>\n\n\n\n<p><strong><em>Fonte: <a href=\"https:\/\/olhardigital.com.br\/2024\/08\/16\/carros-e-tecnologia\/carro-movido-a-hidrogenio-vira-pesadelo-e-gera-onda-de-processos-nos-eua\/\">Olhar Digital<\/a><\/em><\/strong><\/p>\n","protected":false},"excerpt":{"rendered":"<p>Motoristas entraram com uma a\u00e7\u00e3o coletiva contra a Toyota por propaganda enganosa; problema est\u00e1 na falta de pontos de abastecimento Por Bob Furuya Eu sempre defendi aqui as novas tecnologias para carros. Principalmente aquelas que poluem menos. Mas nunca disse que seria f\u00e1cil. In\u00fameros textos j\u00e1 trataram sobre as dificuldades que donos de ve\u00edculos el\u00e9tricos [&hellip;]<\/p>\n","protected":false},"author":2,"featured_media":53754,"comment_status":"open","ping_status":"open","sticky":false,"template":"","format":"standard","meta":{"footnotes":""},"categories":[9923],"tags":[24493,5028,585,8668],"class_list":["post-53753","post","type-post","status-publish","format-standard","has-post-thumbnail","hentry","category-mobilidade","tag-celula-de-hidrogenio","tag-hidrogenio","tag-hyundai","tag-toyota"],"yoast_head":"<!-- This site is optimized with the Yoast SEO plugin v26.5 - https:\/\/yoast.com\/wordpress\/plugins\/seo\/ -->\n<title>Carro movido a hidrog\u00eanio vira pesadelo e gera onda de processos nos EUA - Jornal Fatos e Not\u00edcias<\/title>\n<meta name=\"robots\" content=\"index, follow, max-snippet:-1, max-image-preview:large, max-video-preview:-1\" \/>\n<link rel=\"canonical\" href=\"https:\/\/jornalfatosenoticias.com.br\/index.php\/2024\/08\/27\/carro-movido-a-hidrogenio-vira-pesadelo-e-gera-onda-de-processos-nos-eua\/\" \/>\n<meta property=\"og:locale\" content=\"pt_BR\" \/>\n<meta property=\"og:type\" content=\"article\" \/>\n<meta property=\"og:title\" content=\"Carro movido a hidrog\u00eanio vira pesadelo e gera onda de processos nos EUA - Jornal Fatos e Not\u00edcias\" \/>\n<meta property=\"og:description\" content=\"Motoristas entraram com uma a\u00e7\u00e3o coletiva contra a Toyota por propaganda enganosa; problema est\u00e1 na falta de pontos de abastecimento Por Bob Furuya Eu sempre defendi aqui as novas tecnologias para carros. Principalmente aquelas que poluem menos. Mas nunca disse que seria f\u00e1cil. In\u00fameros textos j\u00e1 trataram sobre as dificuldades que donos de ve\u00edculos el\u00e9tricos [&hellip;]\" \/>\n<meta property=\"og:url\" content=\"https:\/\/jornalfatosenoticias.com.br\/index.php\/2024\/08\/27\/carro-movido-a-hidrogenio-vira-pesadelo-e-gera-onda-de-processos-nos-eua\/\" \/>\n<meta property=\"og:site_name\" content=\"Jornal Fatos e Not\u00edcias\" \/>\n<meta property=\"article:published_time\" content=\"2024-08-27T12:30:52+00:00\" \/>\n<meta property=\"article:modified_time\" content=\"2024-08-27T12:30:54+00:00\" \/>\n<meta property=\"og:image\" content=\"https:\/\/jornalfatosenoticias.com.br\/wp-content\/uploads\/2024\/08\/carro-movido-a-hidrogenio_istock.jpg\" \/>\n\t<meta property=\"og:image:width\" content=\"612\" \/>\n\t<meta property=\"og:image:height\" content=\"344\" \/>\n\t<meta property=\"og:image:type\" content=\"image\/jpeg\" \/>\n<meta name=\"author\" content=\"Luzimara Fernandes\" \/>\n<meta name=\"twitter:card\" content=\"summary_large_image\" \/>\n<meta name=\"twitter:label1\" content=\"Escrito por\" \/>\n\t<meta name=\"twitter:data1\" content=\"Luzimara Fernandes\" \/>\n\t<meta name=\"twitter:label2\" content=\"Est. tempo de leitura\" \/>\n\t<meta name=\"twitter:data2\" content=\"4 minutos\" \/>\n<script type=\"application\/ld+json\" class=\"yoast-schema-graph\">{\"@context\":\"https:\/\/schema.org\",\"@graph\":[{\"@type\":\"Article\",\"@id\":\"https:\/\/jornalfatosenoticias.com.br\/index.php\/2024\/08\/27\/carro-movido-a-hidrogenio-vira-pesadelo-e-gera-onda-de-processos-nos-eua\/#article\",\"isPartOf\":{\"@id\":\"https:\/\/jornalfatosenoticias.com.br\/index.php\/2024\/08\/27\/carro-movido-a-hidrogenio-vira-pesadelo-e-gera-onda-de-processos-nos-eua\/\"},\"author\":{\"name\":\"Luzimara Fernandes\",\"@id\":\"https:\/\/jornalfatosenoticias.com.br\/#\/schema\/person\/d63837fa13ac8666eb9e74e0985d6f81\"},\"headline\":\"Carro movido a hidrog\u00eanio vira pesadelo e gera onda de processos nos EUA\",\"datePublished\":\"2024-08-27T12:30:52+00:00\",\"dateModified\":\"2024-08-27T12:30:54+00:00\",\"mainEntityOfPage\":{\"@id\":\"https:\/\/jornalfatosenoticias.com.br\/index.php\/2024\/08\/27\/carro-movido-a-hidrogenio-vira-pesadelo-e-gera-onda-de-processos-nos-eua\/\"},\"wordCount\":854,\"commentCount\":0,\"publisher\":{\"@id\":\"https:\/\/jornalfatosenoticias.com.br\/#organization\"},\"image\":{\"@id\":\"https:\/\/jornalfatosenoticias.com.br\/index.php\/2024\/08\/27\/carro-movido-a-hidrogenio-vira-pesadelo-e-gera-onda-de-processos-nos-eua\/#primaryimage\"},\"thumbnailUrl\":\"https:\/\/jornalfatosenoticias.com.br\/wp-content\/uploads\/2024\/08\/carro-movido-a-hidrogenio_istock.jpg\",\"keywords\":[\"c\u00e9lula de hidrog\u00eanio\",\"hidrog\u00eanio\",\"Hyundai\",\"Toyota\"],\"articleSection\":[\"Mobilidade\"],\"inLanguage\":\"pt-BR\",\"potentialAction\":[{\"@type\":\"CommentAction\",\"name\":\"Comment\",\"target\":[\"https:\/\/jornalfatosenoticias.com.br\/index.php\/2024\/08\/27\/carro-movido-a-hidrogenio-vira-pesadelo-e-gera-onda-de-processos-nos-eua\/#respond\"]}]},{\"@type\":\"WebPage\",\"@id\":\"https:\/\/jornalfatosenoticias.com.br\/index.php\/2024\/08\/27\/carro-movido-a-hidrogenio-vira-pesadelo-e-gera-onda-de-processos-nos-eua\/\",\"url\":\"https:\/\/jornalfatosenoticias.com.br\/index.php\/2024\/08\/27\/carro-movido-a-hidrogenio-vira-pesadelo-e-gera-onda-de-processos-nos-eua\/\",\"name\":\"Carro movido a hidrog\u00eanio vira pesadelo e gera onda de processos nos EUA - Jornal Fatos e Not\u00edcias\",\"isPartOf\":{\"@id\":\"https:\/\/jornalfatosenoticias.com.br\/#website\"},\"primaryImageOfPage\":{\"@id\":\"https:\/\/jornalfatosenoticias.com.br\/index.php\/2024\/08\/27\/carro-movido-a-hidrogenio-vira-pesadelo-e-gera-onda-de-processos-nos-eua\/#primaryimage\"},\"image\":{\"@id\":\"https:\/\/jornalfatosenoticias.com.br\/index.php\/2024\/08\/27\/carro-movido-a-hidrogenio-vira-pesadelo-e-gera-onda-de-processos-nos-eua\/#primaryimage\"},\"thumbnailUrl\":\"https:\/\/jornalfatosenoticias.com.br\/wp-content\/uploads\/2024\/08\/carro-movido-a-hidrogenio_istock.jpg\",\"datePublished\":\"2024-08-27T12:30:52+00:00\",\"dateModified\":\"2024-08-27T12:30:54+00:00\",\"breadcrumb\":{\"@id\":\"https:\/\/jornalfatosenoticias.com.br\/index.php\/2024\/08\/27\/carro-movido-a-hidrogenio-vira-pesadelo-e-gera-onda-de-processos-nos-eua\/#breadcrumb\"},\"inLanguage\":\"pt-BR\",\"potentialAction\":[{\"@type\":\"ReadAction\",\"target\":[\"https:\/\/jornalfatosenoticias.com.br\/index.php\/2024\/08\/27\/carro-movido-a-hidrogenio-vira-pesadelo-e-gera-onda-de-processos-nos-eua\/\"]}]},{\"@type\":\"ImageObject\",\"inLanguage\":\"pt-BR\",\"@id\":\"https:\/\/jornalfatosenoticias.com.br\/index.php\/2024\/08\/27\/carro-movido-a-hidrogenio-vira-pesadelo-e-gera-onda-de-processos-nos-eua\/#primaryimage\",\"url\":\"https:\/\/jornalfatosenoticias.com.br\/wp-content\/uploads\/2024\/08\/carro-movido-a-hidrogenio_istock.jpg\",\"contentUrl\":\"https:\/\/jornalfatosenoticias.com.br\/wp-content\/uploads\/2024\/08\/carro-movido-a-hidrogenio_istock.jpg\",\"width\":612,\"height\":344,\"caption\":\"h2. Clean energy. Futuristic energy.\"},{\"@type\":\"BreadcrumbList\",\"@id\":\"https:\/\/jornalfatosenoticias.com.br\/index.php\/2024\/08\/27\/carro-movido-a-hidrogenio-vira-pesadelo-e-gera-onda-de-processos-nos-eua\/#breadcrumb\",\"itemListElement\":[{\"@type\":\"ListItem\",\"position\":1,\"name\":\"In\u00edcio\",\"item\":\"https:\/\/jornalfatosenoticias.com.br\/\"},{\"@type\":\"ListItem\",\"position\":2,\"name\":\"Carro movido a hidrog\u00eanio vira pesadelo e gera onda de processos nos EUA\"}]},{\"@type\":\"WebSite\",\"@id\":\"https:\/\/jornalfatosenoticias.com.br\/#website\",\"url\":\"https:\/\/jornalfatosenoticias.com.br\/\",\"name\":\"Jornal Fatos e Not\u00edcias\",\"description\":\"Not\u00edcias em geral\",\"publisher\":{\"@id\":\"https:\/\/jornalfatosenoticias.com.br\/#organization\"},\"potentialAction\":[{\"@type\":\"SearchAction\",\"target\":{\"@type\":\"EntryPoint\",\"urlTemplate\":\"https:\/\/jornalfatosenoticias.com.br\/?s={search_term_string}\"},\"query-input\":{\"@type\":\"PropertyValueSpecification\",\"valueRequired\":true,\"valueName\":\"search_term_string\"}}],\"inLanguage\":\"pt-BR\"},{\"@type\":\"Organization\",\"@id\":\"https:\/\/jornalfatosenoticias.com.br\/#organization\",\"name\":\"Jornal Fatos e Not\u00edcias\",\"url\":\"https:\/\/jornalfatosenoticias.com.br\/\",\"logo\":{\"@type\":\"ImageObject\",\"inLanguage\":\"pt-BR\",\"@id\":\"https:\/\/jornalfatosenoticias.com.br\/#\/schema\/logo\/image\/\",\"url\":\"https:\/\/jornalfatosenoticias.com.br\/wp-content\/uploads\/2020\/02\/logo120.png\",\"contentUrl\":\"https:\/\/jornalfatosenoticias.com.br\/wp-content\/uploads\/2020\/02\/logo120.png\",\"width\":1227,\"height\":120,\"caption\":\"Jornal Fatos e Not\u00edcias\"},\"image\":{\"@id\":\"https:\/\/jornalfatosenoticias.com.br\/#\/schema\/logo\/image\/\"}},{\"@type\":\"Person\",\"@id\":\"https:\/\/jornalfatosenoticias.com.br\/#\/schema\/person\/d63837fa13ac8666eb9e74e0985d6f81\",\"name\":\"Luzimara Fernandes\",\"image\":{\"@type\":\"ImageObject\",\"inLanguage\":\"pt-BR\",\"@id\":\"https:\/\/jornalfatosenoticias.com.br\/#\/schema\/person\/image\/\",\"url\":\"https:\/\/jornalfatosenoticias.com.br\/wp-content\/uploads\/2025\/05\/EU_portal.jpg\",\"contentUrl\":\"https:\/\/jornalfatosenoticias.com.br\/wp-content\/uploads\/2025\/05\/EU_portal.jpg\",\"caption\":\"Luzimara Fernandes\"},\"description\":\"Jornalista MTB 2358-ES\",\"sameAs\":[\"https:\/\/jornalfatosenoticias.com.br\"],\"url\":\"https:\/\/jornalfatosenoticias.com.br\/index.php\/author\/luzimara\/\"}]}<\/script>\n<!-- \/ Yoast SEO plugin. -->","yoast_head_json":{"title":"Carro movido a hidrog\u00eanio vira pesadelo e gera onda de processos nos EUA - Jornal Fatos e Not\u00edcias","robots":{"index":"index","follow":"follow","max-snippet":"max-snippet:-1","max-image-preview":"max-image-preview:large","max-video-preview":"max-video-preview:-1"},"canonical":"https:\/\/jornalfatosenoticias.com.br\/index.php\/2024\/08\/27\/carro-movido-a-hidrogenio-vira-pesadelo-e-gera-onda-de-processos-nos-eua\/","og_locale":"pt_BR","og_type":"article","og_title":"Carro movido a hidrog\u00eanio vira pesadelo e gera onda de processos nos EUA - Jornal Fatos e Not\u00edcias","og_description":"Motoristas entraram com uma a\u00e7\u00e3o coletiva contra a Toyota por propaganda enganosa; problema est\u00e1 na falta de pontos de abastecimento Por Bob Furuya Eu sempre defendi aqui as novas tecnologias para carros. Principalmente aquelas que poluem menos. Mas nunca disse que seria f\u00e1cil. In\u00fameros textos j\u00e1 trataram sobre as dificuldades que donos de ve\u00edculos el\u00e9tricos [&hellip;]","og_url":"https:\/\/jornalfatosenoticias.com.br\/index.php\/2024\/08\/27\/carro-movido-a-hidrogenio-vira-pesadelo-e-gera-onda-de-processos-nos-eua\/","og_site_name":"Jornal Fatos e Not\u00edcias","article_published_time":"2024-08-27T12:30:52+00:00","article_modified_time":"2024-08-27T12:30:54+00:00","og_image":[{"width":612,"height":344,"url":"https:\/\/jornalfatosenoticias.com.br\/wp-content\/uploads\/2024\/08\/carro-movido-a-hidrogenio_istock.jpg","type":"image\/jpeg"}],"author":"Luzimara Fernandes","twitter_card":"summary_large_image","twitter_misc":{"Escrito por":"Luzimara Fernandes","Est. tempo de leitura":"4 minutos"},"schema":{"@context":"https:\/\/schema.org","@graph":[{"@type":"Article","@id":"https:\/\/jornalfatosenoticias.com.br\/index.php\/2024\/08\/27\/carro-movido-a-hidrogenio-vira-pesadelo-e-gera-onda-de-processos-nos-eua\/#article","isPartOf":{"@id":"https:\/\/jornalfatosenoticias.com.br\/index.php\/2024\/08\/27\/carro-movido-a-hidrogenio-vira-pesadelo-e-gera-onda-de-processos-nos-eua\/"},"author":{"name":"Luzimara Fernandes","@id":"https:\/\/jornalfatosenoticias.com.br\/#\/schema\/person\/d63837fa13ac8666eb9e74e0985d6f81"},"headline":"Carro movido a hidrog\u00eanio vira pesadelo e gera onda de processos nos EUA","datePublished":"2024-08-27T12:30:52+00:00","dateModified":"2024-08-27T12:30:54+00:00","mainEntityOfPage":{"@id":"https:\/\/jornalfatosenoticias.com.br\/index.php\/2024\/08\/27\/carro-movido-a-hidrogenio-vira-pesadelo-e-gera-onda-de-processos-nos-eua\/"},"wordCount":854,"commentCount":0,"publisher":{"@id":"https:\/\/jornalfatosenoticias.com.br\/#organization"},"image":{"@id":"https:\/\/jornalfatosenoticias.com.br\/index.php\/2024\/08\/27\/carro-movido-a-hidrogenio-vira-pesadelo-e-gera-onda-de-processos-nos-eua\/#primaryimage"},"thumbnailUrl":"https:\/\/jornalfatosenoticias.com.br\/wp-content\/uploads\/2024\/08\/carro-movido-a-hidrogenio_istock.jpg","keywords":["c\u00e9lula de hidrog\u00eanio","hidrog\u00eanio","Hyundai","Toyota"],"articleSection":["Mobilidade"],"inLanguage":"pt-BR","potentialAction":[{"@type":"CommentAction","name":"Comment","target":["https:\/\/jornalfatosenoticias.com.br\/index.php\/2024\/08\/27\/carro-movido-a-hidrogenio-vira-pesadelo-e-gera-onda-de-processos-nos-eua\/#respond"]}]},{"@type":"WebPage","@id":"https:\/\/jornalfatosenoticias.com.br\/index.php\/2024\/08\/27\/carro-movido-a-hidrogenio-vira-pesadelo-e-gera-onda-de-processos-nos-eua\/","url":"https:\/\/jornalfatosenoticias.com.br\/index.php\/2024\/08\/27\/carro-movido-a-hidrogenio-vira-pesadelo-e-gera-onda-de-processos-nos-eua\/","name":"Carro movido a hidrog\u00eanio vira pesadelo e gera onda de processos nos EUA - Jornal Fatos e Not\u00edcias","isPartOf":{"@id":"https:\/\/jornalfatosenoticias.com.br\/#website"},"primaryImageOfPage":{"@id":"https:\/\/jornalfatosenoticias.com.br\/index.php\/2024\/08\/27\/carro-movido-a-hidrogenio-vira-pesadelo-e-gera-onda-de-processos-nos-eua\/#primaryimage"},"image":{"@id":"https:\/\/jornalfatosenoticias.com.br\/index.php\/2024\/08\/27\/carro-movido-a-hidrogenio-vira-pesadelo-e-gera-onda-de-processos-nos-eua\/#primaryimage"},"thumbnailUrl":"https:\/\/jornalfatosenoticias.com.br\/wp-content\/uploads\/2024\/08\/carro-movido-a-hidrogenio_istock.jpg","datePublished":"2024-08-27T12:30:52+00:00","dateModified":"2024-08-27T12:30:54+00:00","breadcrumb":{"@id":"https:\/\/jornalfatosenoticias.com.br\/index.php\/2024\/08\/27\/carro-movido-a-hidrogenio-vira-pesadelo-e-gera-onda-de-processos-nos-eua\/#breadcrumb"},"inLanguage":"pt-BR","potentialAction":[{"@type":"ReadAction","target":["https:\/\/jornalfatosenoticias.com.br\/index.php\/2024\/08\/27\/carro-movido-a-hidrogenio-vira-pesadelo-e-gera-onda-de-processos-nos-eua\/"]}]},{"@type":"ImageObject","inLanguage":"pt-BR","@id":"https:\/\/jornalfatosenoticias.com.br\/index.php\/2024\/08\/27\/carro-movido-a-hidrogenio-vira-pesadelo-e-gera-onda-de-processos-nos-eua\/#primaryimage","url":"https:\/\/jornalfatosenoticias.com.br\/wp-content\/uploads\/2024\/08\/carro-movido-a-hidrogenio_istock.jpg","contentUrl":"https:\/\/jornalfatosenoticias.com.br\/wp-content\/uploads\/2024\/08\/carro-movido-a-hidrogenio_istock.jpg","width":612,"height":344,"caption":"h2. Clean energy. Futuristic energy."},{"@type":"BreadcrumbList","@id":"https:\/\/jornalfatosenoticias.com.br\/index.php\/2024\/08\/27\/carro-movido-a-hidrogenio-vira-pesadelo-e-gera-onda-de-processos-nos-eua\/#breadcrumb","itemListElement":[{"@type":"ListItem","position":1,"name":"In\u00edcio","item":"https:\/\/jornalfatosenoticias.com.br\/"},{"@type":"ListItem","position":2,"name":"Carro movido a hidrog\u00eanio vira pesadelo e gera onda de processos nos EUA"}]},{"@type":"WebSite","@id":"https:\/\/jornalfatosenoticias.com.br\/#website","url":"https:\/\/jornalfatosenoticias.com.br\/","name":"Jornal Fatos e Not\u00edcias","description":"Not\u00edcias em geral","publisher":{"@id":"https:\/\/jornalfatosenoticias.com.br\/#organization"},"potentialAction":[{"@type":"SearchAction","target":{"@type":"EntryPoint","urlTemplate":"https:\/\/jornalfatosenoticias.com.br\/?s={search_term_string}"},"query-input":{"@type":"PropertyValueSpecification","valueRequired":true,"valueName":"search_term_string"}}],"inLanguage":"pt-BR"},{"@type":"Organization","@id":"https:\/\/jornalfatosenoticias.com.br\/#organization","name":"Jornal Fatos e Not\u00edcias","url":"https:\/\/jornalfatosenoticias.com.br\/","logo":{"@type":"ImageObject","inLanguage":"pt-BR","@id":"https:\/\/jornalfatosenoticias.com.br\/#\/schema\/logo\/image\/","url":"https:\/\/jornalfatosenoticias.com.br\/wp-content\/uploads\/2020\/02\/logo120.png","contentUrl":"https:\/\/jornalfatosenoticias.com.br\/wp-content\/uploads\/2020\/02\/logo120.png","width":1227,"height":120,"caption":"Jornal Fatos e Not\u00edcias"},"image":{"@id":"https:\/\/jornalfatosenoticias.com.br\/#\/schema\/logo\/image\/"}},{"@type":"Person","@id":"https:\/\/jornalfatosenoticias.com.br\/#\/schema\/person\/d63837fa13ac8666eb9e74e0985d6f81","name":"Luzimara Fernandes","image":{"@type":"ImageObject","inLanguage":"pt-BR","@id":"https:\/\/jornalfatosenoticias.com.br\/#\/schema\/person\/image\/","url":"https:\/\/jornalfatosenoticias.com.br\/wp-content\/uploads\/2025\/05\/EU_portal.jpg","contentUrl":"https:\/\/jornalfatosenoticias.com.br\/wp-content\/uploads\/2025\/05\/EU_portal.jpg","caption":"Luzimara Fernandes"},"description":"Jornalista MTB 2358-ES","sameAs":["https:\/\/jornalfatosenoticias.com.br"],"url":"https:\/\/jornalfatosenoticias.com.br\/index.php\/author\/luzimara\/"}]}},"cc_featured_image_caption":{"caption_text":"(Foto: iStock)","source_text":"","source_url":""},"jetpack_featured_media_url":"https:\/\/jornalfatosenoticias.com.br\/wp-content\/uploads\/2024\/08\/carro-movido-a-hidrogenio_istock.jpg","_links":{"self":[{"href":"https:\/\/jornalfatosenoticias.com.br\/index.php\/wp-json\/wp\/v2\/posts\/53753","targetHints":{"allow":["GET"]}}],"collection":[{"href":"https:\/\/jornalfatosenoticias.com.br\/index.php\/wp-json\/wp\/v2\/posts"}],"about":[{"href":"https:\/\/jornalfatosenoticias.com.br\/index.php\/wp-json\/wp\/v2\/types\/post"}],"author":[{"embeddable":true,"href":"https:\/\/jornalfatosenoticias.com.br\/index.php\/wp-json\/wp\/v2\/users\/2"}],"replies":[{"embeddable":true,"href":"https:\/\/jornalfatosenoticias.com.br\/index.php\/wp-json\/wp\/v2\/comments?post=53753"}],"version-history":[{"count":0,"href":"https:\/\/jornalfatosenoticias.com.br\/index.php\/wp-json\/wp\/v2\/posts\/53753\/revisions"}],"wp:featuredmedia":[{"embeddable":true,"href":"https:\/\/jornalfatosenoticias.com.br\/index.php\/wp-json\/wp\/v2\/media\/53754"}],"wp:attachment":[{"href":"https:\/\/jornalfatosenoticias.com.br\/index.php\/wp-json\/wp\/v2\/media?parent=53753"}],"wp:term":[{"taxonomy":"category","embeddable":true,"href":"https:\/\/jornalfatosenoticias.com.br\/index.php\/wp-json\/wp\/v2\/categories?post=53753"},{"taxonomy":"post_tag","embeddable":true,"href":"https:\/\/jornalfatosenoticias.com.br\/index.php\/wp-json\/wp\/v2\/tags?post=53753"}],"curies":[{"name":"wp","href":"https:\/\/api.w.org\/{rel}","templated":true}]}}