{"id":53776,"date":"2024-08-27T11:49:58","date_gmt":"2024-08-27T14:49:58","guid":{"rendered":"https:\/\/jornalfatosenoticias.com.br\/?p=53776"},"modified":"2024-08-27T11:50:00","modified_gmt":"2024-08-27T14:50:00","slug":"acuado-por-recorde-de-queimadas-lula-transfere-a-culpa-e-pode-abrir-nova-crise-com-o-agro","status":"publish","type":"post","link":"https:\/\/jornalfatosenoticias.com.br\/index.php\/2024\/08\/27\/acuado-por-recorde-de-queimadas-lula-transfere-a-culpa-e-pode-abrir-nova-crise-com-o-agro\/","title":{"rendered":"Acuado por recorde de queimadas, Lula transfere a culpa e pode abrir nova crise com o agro"},"content":{"rendered":"\n<p><em><span class=\"has-inline-color has-black-color\">Brigadistas do Instituto Bras\u00edlia Ambiental e Bombeiros do Distrito Federal combatem inc\u00eandio em \u00e1rea de cerrado pr\u00f3xima ao Aeroporto de Bras\u00edlia<\/span><\/em><\/p>\n\n\n\n<p><span class=\"has-inline-color has-black-color\">Por <strong><a href=\"https:\/\/www.gazetadopovo.com.br\/autor\/silvio-ribas\/\">S\u00edlvio Ribas<\/a><\/strong><\/span><\/p>\n\n\n\n<div class=\"wp-block-image\"><figure class=\"aligncenter size-large\"><a href=\"https:\/\/mizu.com.br\/\"><img loading=\"lazy\" decoding=\"async\" width=\"729\" height=\"90\" src=\"https:\/\/jornalfatosenoticias.com.br\/wp-content\/uploads\/2020\/02\/Logo_Mizu.png\" alt=\"\" class=\"wp-image-1441\" srcset=\"https:\/\/jornalfatosenoticias.com.br\/wp-content\/uploads\/2020\/02\/Logo_Mizu.png 729w, https:\/\/jornalfatosenoticias.com.br\/wp-content\/uploads\/2020\/02\/Logo_Mizu-300x37.png 300w\" sizes=\"auto, (max-width: 729px) 100vw, 729px\" \/><\/a><\/figure><\/div>\n\n\n\n<p>Diante das queimadas de propor\u00e7\u00f5es hist\u00f3ricas que se alastraram recentemente em S\u00e3o Paulo, no Pantanal e na Amaz\u00f4nia, Luiz In\u00e1cio Lula da Silva (PT) optou por apontar culpados em vez de reconhecer falhas do governo federal e assumir responsabilidades. No domingo (25), o petista apressou-se em atribuir os milhares de focos de queimadas a atos criminosos, ordenando que a Pol\u00edcia Federal (PF) investigue respons\u00e1veis, al\u00e9m de culpar as mudan\u00e7as clim\u00e1ticas pela trag\u00e9dia. Ele n\u00e3o considerou, contudo, o corte de verbas em preven\u00e7\u00e3o e combate a esses eventos que ocorreu j\u00e1 no come\u00e7o da sua gest\u00e3o.<br>Lula foi criticado, sobretudo por parlamentares de oposi\u00e7\u00e3o, por entrar em contradi\u00e7\u00e3o com uma das principais bandeiras de sua campanha presidencial: a defesa do meio ambiente. O petista condenou diversas vezes o avan\u00e7o das queimadas nos biomas nacionais sob o governo de Jair Bolsonaro (PL) e prometeu um cen\u00e1rio melhor. Mas agora que as queimadas s\u00e3o mais numerosas e extensas em seu governo em rela\u00e7\u00e3o ao anterior, Lula recorreu a gestos escapistas.<\/p>\n\n\n\n<div class=\"wp-block-image\"><figure class=\"aligncenter size-large is-resized\"><a href=\"https:\/\/www.controlsystems.com.br\/\"><img loading=\"lazy\" decoding=\"async\" src=\"https:\/\/jornalfatosenoticias.com.br\/wp-content\/uploads\/2020\/02\/CONTROL-CS.jpg\" alt=\"\" class=\"wp-image-44991\" width=\"318\" height=\"381\" srcset=\"https:\/\/jornalfatosenoticias.com.br\/wp-content\/uploads\/2020\/02\/CONTROL-CS.jpg 834w, https:\/\/jornalfatosenoticias.com.br\/wp-content\/uploads\/2020\/02\/CONTROL-CS-250x300.jpg 250w, https:\/\/jornalfatosenoticias.com.br\/wp-content\/uploads\/2020\/02\/CONTROL-CS-768x921.jpg 768w\" sizes=\"auto, (max-width: 318px) 100vw, 318px\" \/><\/a><\/figure><\/div>\n\n\n\n<p>Conforme dados do Instituto Nacional de Pesquisas Espaciais (Inpe), ao longo do ano de 2024 e antes mesmo do \u00faltimo fim de semana, de 1\u00ba de janeiro a 23 de agosto, o pa\u00eds j\u00e1 havia registrado 102.670 focos de queimadas, n\u00famero recorde para o mesmo per\u00edodo nos \u00faltimos 14 anos. Cerca de metade dos pontos se concentram na Amaz\u00f4nia. O maior patamar em igual base de compara\u00e7\u00e3o ocorreu em 2010, com 114.265 focos registrados. A extens\u00e3o da \u00e1rea queimada ultrapassou os 113 mil quil\u00f4metros quadrados no primeiro semestre, superando qualquer outro registro da s\u00e9rie hist\u00f3rica que vem sendo contabilizada h\u00e1 17 anos.<\/p>\n\n\n\n<div class=\"wp-block-image\"><figure class=\"aligncenter size-large\"><a href=\"https:\/\/www.facebook.com\/Esteio-Churrascaria-Barbecue-103643461220402\/\"><img decoding=\"async\" src=\"https:\/\/jornalfatosenoticias.com.br\/wp-content\/uploads\/2020\/02\/logo_esteio.jpg\" alt=\"\" class=\"wp-image-1214\"\/><\/a><\/figure><\/div>\n\n\n\n<p>O senador M\u00e1rcio Bittar (Uni\u00e3o Brasil-AC) exigiu por meio de suas redes sociais uma mudan\u00e7a de atitude do governo, particularmente da ministra Marina Silva, no sentido de assumir responsabilidades.<\/p>\n\n\n\n<blockquote class=\"wp-block-quote is-layout-flow wp-block-quote-is-layout-flow\"><p><span class=\"has-inline-color has-luminous-vivid-orange-color\">O Brasil est\u00e1 sob fuma\u00e7a e nunca assistiu a tanta queima no campo. Hip\u00f3critas, Lula e Marina n\u00e3o t\u00eam mais a quem culpar, pois antes era mais f\u00e1cil, atribuindo tudo a Bolsonaro. Agora, eles acabam atribuindo os fatos ao aquecimento global, ao El Ni\u00f1o e a outras varia\u00e7\u00f5es do clima\u201d, reclamou.<\/span><\/p><\/blockquote>\n\n\n\n<div class=\"wp-block-image\"><figure class=\"aligncenter size-large is-resized\"><a href=\"https:\/\/hotelmarquetti.com.br\/\"><img loading=\"lazy\" decoding=\"async\" src=\"https:\/\/jornalfatosenoticias.com.br\/wp-content\/uploads\/2023\/03\/nova-logo-Marquetti.jpg\" alt=\"\" class=\"wp-image-40207\" width=\"356\" height=\"239\" srcset=\"https:\/\/jornalfatosenoticias.com.br\/wp-content\/uploads\/2023\/03\/nova-logo-Marquetti.jpg 643w, https:\/\/jornalfatosenoticias.com.br\/wp-content\/uploads\/2023\/03\/nova-logo-Marquetti-300x202.jpg 300w\" sizes=\"auto, (max-width: 356px) 100vw, 356px\" \/><\/a><\/figure><\/div>\n\n\n\n<p>O deputado Rodolfo Nogueira (PL-MS) criticou a incoer\u00eancia nas a\u00e7\u00f5es de Lula e Marina Silva.<\/p>\n\n\n\n<blockquote class=\"wp-block-quote is-layout-flow wp-block-quote-is-layout-flow\"><p><span class=\"has-inline-color has-luminous-vivid-orange-color\">\u00c9 lament\u00e1vel ver o Lula e a ministra Marina Silva, que tanto criticaram o governo Bolsonaro pelas queimadas, agora se esquivando da responsabilidade. Quando era conveniente, eles apontavam o dedo e faziam discursos inflamados. Agora, quando a situa\u00e7\u00e3o se repete, preferem silenciar e buscar desculpas. Essa postura s\u00f3 demonstra a hipocrisia que domina o atual governo\u201d, disse.<\/span><\/p><\/blockquote>\n\n\n\n<div class=\"wp-block-image\"><figure class=\"aligncenter size-large\"><a href=\"https:\/\/cesconetto.com.br\/\"><img loading=\"lazy\" decoding=\"async\" width=\"300\" height=\"250\" src=\"https:\/\/jornalfatosenoticias.com.br\/wp-content\/uploads\/2022\/02\/Banner-2.png\" alt=\"\" class=\"wp-image-27877\"\/><\/a><\/figure><\/div>\n\n\n\n<p>Falhas e omiss\u00f5es de Lula com queimadas podem gerar nova crise com o agro<br>A postura de Lula pode resultar mais adiante em uma nova crise com o agroneg\u00f3cio, sobretudo se endossar a tese levantada pela ministra do meio ambiente, Marina Silva, de crimes orquestrados como \u201cdia do fogo\u201d, numa refer\u00eancia ao 10 de agosto de 2019, quando houve registros de queimadas simult\u00e2neas em mais de 470 propriedades rurais. \u201cH\u00e1 uma forte suspeita de que est\u00e1 ocorrendo de novo\u201d, afirmou ela.<\/p>\n\n\n\n<div class=\"wp-block-image\"><figure class=\"aligncenter size-large is-resized\"><a href=\"https:\/\/panper.com.br\/\"><img loading=\"lazy\" decoding=\"async\" src=\"https:\/\/jornalfatosenoticias.com.br\/wp-content\/uploads\/2023\/03\/logo-Panper_portal.jpg\" alt=\"\" class=\"wp-image-40208\" width=\"354\" height=\"245\" srcset=\"https:\/\/jornalfatosenoticias.com.br\/wp-content\/uploads\/2023\/03\/logo-Panper_portal.jpg 400w, https:\/\/jornalfatosenoticias.com.br\/wp-content\/uploads\/2023\/03\/logo-Panper_portal-300x208.jpg 300w\" sizes=\"auto, (max-width: 354px) 100vw, 354px\" \/><\/a><\/figure><\/div>\n\n\n\n<p>O aumento das tens\u00f5es com um setor que, como o pr\u00f3prio petista reconhece, n\u00e3o lhe \u00e9 favor\u00e1vel, pode tamb\u00e9m ser induzido pelos preju\u00edzos elevados causados pelas chamas. S\u00f3 em S\u00e3o Paulo, as perdas s\u00e3o estimadas em R$ 1 bilh\u00e3o, segundo o governador Tarc\u00edsio de Freitas (Republicanos).<\/p>\n\n\n\n<div class=\"wp-block-image\"><figure class=\"aligncenter size-large is-resized\"><a href=\"https:\/\/www.facebook.com\/vetor.vix\/\"><img loading=\"lazy\" decoding=\"async\" src=\"https:\/\/jornalfatosenoticias.com.br\/wp-content\/uploads\/2023\/09\/vetorvix1024_1.jpg\" alt=\"\" class=\"wp-image-44868\" width=\"524\" height=\"139\" srcset=\"https:\/\/jornalfatosenoticias.com.br\/wp-content\/uploads\/2023\/09\/vetorvix1024_1.jpg 1024w, https:\/\/jornalfatosenoticias.com.br\/wp-content\/uploads\/2023\/09\/vetorvix1024_1-300x80.jpg 300w, https:\/\/jornalfatosenoticias.com.br\/wp-content\/uploads\/2023\/09\/vetorvix1024_1-768x205.jpg 768w\" sizes=\"auto, (max-width: 524px) 100vw, 524px\" \/><\/a><\/figure><\/div>\n\n\n\n<p>A ministra afirmou se preocupar com o ocorrido em territ\u00f3rio paulista e avalia que a situa\u00e7\u00e3o poderia ser at\u00e9 pior se o governo federal n\u00e3o tivesse se preparado desde o in\u00edcio para eventual aumento nas queimadas, negando qualquer falha. Apesar das pondera\u00e7\u00f5es feitas pela ministra, o cen\u00e1rio cr\u00edtico atual j\u00e1 havia sido apontado em previs\u00f5es meteorol\u00f3gicas e por caracter\u00edsticas c\u00edclicas das queimadas e do clima seco. Mesmo assim, o\u00a0combate aos inc\u00eandios teve um corte de cerca de 50% no montante previsto para o Or\u00e7amento da Uni\u00e3o de 2024.\u00a0O Ibama chegou a pedir R$ 120 milh\u00f5es para essa tarefa, mas o governo destinou R$ 65,7 milh\u00f5es. Por fim, a dota\u00e7\u00e3o publicada ap\u00f3s a vota\u00e7\u00e3o no Congresso caiu para R$ 50 milh\u00f5es.<\/p>\n\n\n\n<div class=\"wp-block-image\"><figure class=\"aligncenter size-large\"><a href=\"http:\/\/www.ferrarimaquinas.com.br\/\"><img loading=\"lazy\" decoding=\"async\" width=\"300\" height=\"250\" src=\"https:\/\/jornalfatosenoticias.com.br\/wp-content\/uploads\/2022\/02\/FERRARI_MAQUINAS-E-FERRAMENTAS2.jpg\" alt=\"\" class=\"wp-image-27860\"\/><\/a><\/figure><\/div>\n\n\n\n<p>Pol\u00edcia Federal sai \u00e0 ca\u00e7a de respons\u00e1veis pelos milhares de focos de inc\u00eandio<br>A PF j\u00e1 instaurou 31 inqu\u00e9ritos para apurar as causas dos inc\u00eandios em v\u00e1rias regi\u00f5es do Brasil e outras investiga\u00e7\u00f5es podem ser abertas nos pr\u00f3ximos dias. As delegacias da corpora\u00e7\u00e3o est\u00e3o mobilizadas para atuar especialmente em territ\u00f3rios ind\u00edgenas e situa\u00e7\u00f5es de interesse da Uni\u00e3o, como nos casos em que atrapalhe a opera\u00e7\u00e3o de aeroportos. &nbsp;<\/p>\n\n\n\n<div class=\"wp-block-image\"><figure class=\"aligncenter size-large is-resized\"><a href=\"https:\/\/www.instagram.com\/restaurantepegoretti\/\"><img loading=\"lazy\" decoding=\"async\" src=\"https:\/\/jornalfatosenoticias.com.br\/wp-content\/uploads\/2023\/12\/pegoretti-logo-pdf-1024x389.jpg\" alt=\"\" class=\"wp-image-47536\" width=\"466\" height=\"177\" srcset=\"https:\/\/jornalfatosenoticias.com.br\/wp-content\/uploads\/2023\/12\/pegoretti-logo-pdf-1024x389.jpg 1024w, https:\/\/jornalfatosenoticias.com.br\/wp-content\/uploads\/2023\/12\/pegoretti-logo-pdf-300x114.jpg 300w, https:\/\/jornalfatosenoticias.com.br\/wp-content\/uploads\/2023\/12\/pegoretti-logo-pdf-768x291.jpg 768w, https:\/\/jornalfatosenoticias.com.br\/wp-content\/uploads\/2023\/12\/pegoretti-logo-pdf.jpg 1120w\" sizes=\"auto, (max-width: 466px) 100vw, 466px\" \/><\/a><\/figure><\/div>\n\n\n\n<p>\u201cAt\u00e9 agora, n\u00e3o conseguimos detectar nenhum inc\u00eandio causado por raios, o que significa que tem gente colocando fogo\u201d, afirmou Lula ao visitar neste domingo (25) o Centro Nacional de Preven\u00e7\u00e3o e Combate aos Inc\u00eandios Florestais (Prevfogo), na sede do Instituto Brasileiro do Meio Ambiente e dos Recursos Naturais Renov\u00e1veis (Ibama), em Bras\u00edlia. \u201cA Pol\u00edcia Federal vai investigar e o governo vai trabalhar com os estados no combate aos inc\u00eandios\u201d, prometeu Lula na rede social X.<\/p>\n\n\n\n<div class=\"wp-block-image\"><figure class=\"aligncenter size-large is-resized\"><img loading=\"lazy\" decoding=\"async\" src=\"https:\/\/jornalfatosenoticias.com.br\/wp-content\/uploads\/2022\/02\/Precisao-Contabilidade-1024x724.jpg\" alt=\"\" class=\"wp-image-28088\" width=\"366\" height=\"259\"\/><\/figure><\/div>\n\n\n\n<p><strong><span class=\"has-inline-color has-black-color\">Bandeira preservacionista de Lula sucumbe \u00e0s falhas de seu governo<br><\/span><\/strong>Apesar de o presidente ter sido eleito assumindo a miss\u00e3o de defender as florestas e criticando a gest\u00e3o ambiental de Bolsonaro, o petista tem se mostrado incapaz de encarar o desafio das queimadas, sobretudo na regi\u00e3o amaz\u00f4nica. Al\u00e9m de citar investiga\u00e7\u00f5es sobre inc\u00eandios criminosos, Lula aproveitou a nova crise ambiental para exigir mais ajuda dos pa\u00edses mais ricos, no sentido de conter as mudan\u00e7as clim\u00e1ticas. Essa tem sido uma forma de ele lidar com problemas relacionados ao meio ambiente \u2014 contra os quais n\u00e3o tem tido sucesso.<\/p>\n\n\n\n<div class=\"wp-block-image\"><figure class=\"aligncenter size-large is-resized\"><a href=\"https:\/\/www.instagram.com\/serra4x4cambioautomatico\/\"><img loading=\"lazy\" decoding=\"async\" src=\"https:\/\/jornalfatosenoticias.com.br\/wp-content\/uploads\/2024\/08\/Serra-4x4-1-886x1024.jpg\" alt=\"\" class=\"wp-image-53632\" width=\"344\" height=\"398\" srcset=\"https:\/\/jornalfatosenoticias.com.br\/wp-content\/uploads\/2024\/08\/Serra-4x4-1-886x1024.jpg 886w, https:\/\/jornalfatosenoticias.com.br\/wp-content\/uploads\/2024\/08\/Serra-4x4-1-260x300.jpg 260w, https:\/\/jornalfatosenoticias.com.br\/wp-content\/uploads\/2024\/08\/Serra-4x4-1-768x888.jpg 768w, https:\/\/jornalfatosenoticias.com.br\/wp-content\/uploads\/2024\/08\/Serra-4x4-1.jpg 1181w\" sizes=\"auto, (max-width: 344px) 100vw, 344px\" \/><\/a><\/figure><\/div>\n\n\n\n<p>\u201cTemos que combater as mudan\u00e7as do clima com muita intelig\u00eancia, investimento, inclusive com financiamento dos pa\u00edses mais ricos que j\u00e1 devastaram suas florestas. Essa conta n\u00e3o pode ser apenas do Sul Global\u201d, anotou o petista no X.<\/p>\n\n\n\n<div class=\"wp-block-image\"><figure class=\"aligncenter size-large is-resized\"><a href=\"https:\/\/www.ithbrasil.com.br\/\"><img loading=\"lazy\" decoding=\"async\" src=\"https:\/\/jornalfatosenoticias.com.br\/wp-content\/uploads\/2023\/08\/ITH.jpeg\" alt=\"\" class=\"wp-image-44638\" width=\"321\" height=\"261\" srcset=\"https:\/\/jornalfatosenoticias.com.br\/wp-content\/uploads\/2023\/08\/ITH.jpeg 800w, https:\/\/jornalfatosenoticias.com.br\/wp-content\/uploads\/2023\/08\/ITH-300x244.jpeg 300w, https:\/\/jornalfatosenoticias.com.br\/wp-content\/uploads\/2023\/08\/ITH-768x624.jpeg 768w\" sizes=\"auto, (max-width: 321px) 100vw, 321px\" \/><\/a><\/figure><\/div>\n\n\n\n<p>Para a oposi\u00e7\u00e3o, o chefe do Executivo j\u00e1 n\u00e3o consegue mais esconder suas falhas. \u201cLula bateu mais um recorde e, sob sua incompetente gest\u00e3o, o pa\u00eds est\u00e1 em chamas\u201d, protestou o senador Fl\u00e1vio Bolsonaro (PL-RJ), l\u00edder da minoria no Congresso, em suas redes sociais. Ele e muitos congressistas, sobretudo os mais pr\u00f3ximos de Jair Bolsonaro, cobraram manifesta\u00e7\u00f5es de protestos de ecologistas e de celebridades, tais quais as muitas feitas durante o governo do ex-presidente.<\/p>\n\n\n\n<div class=\"wp-block-image\"><figure class=\"aligncenter size-large is-resized\"><a href=\"https:\/\/www.facebook.com\/postobkr\/?locale=pt_BR\"><img loading=\"lazy\" decoding=\"async\" src=\"https:\/\/jornalfatosenoticias.com.br\/wp-content\/uploads\/2023\/08\/BKR-1024x1021.jpg\" alt=\"\" class=\"wp-image-44494\" width=\"307\" height=\"306\" srcset=\"https:\/\/jornalfatosenoticias.com.br\/wp-content\/uploads\/2023\/08\/BKR-1024x1021.jpg 1024w, https:\/\/jornalfatosenoticias.com.br\/wp-content\/uploads\/2023\/08\/BKR-300x300.jpg 300w, https:\/\/jornalfatosenoticias.com.br\/wp-content\/uploads\/2023\/08\/BKR-150x150.jpg 150w, https:\/\/jornalfatosenoticias.com.br\/wp-content\/uploads\/2023\/08\/BKR-768x766.jpg 768w, https:\/\/jornalfatosenoticias.com.br\/wp-content\/uploads\/2023\/08\/BKR.jpg 1080w\" sizes=\"auto, (max-width: 307px) 100vw, 307px\" \/><\/a><\/figure><\/div>\n\n\n\n<blockquote class=\"wp-block-quote is-layout-flow wp-block-quote-is-layout-flow\"><p><span class=\"has-inline-color has-luminous-vivid-orange-color\">Cad\u00ea as manifesta\u00e7\u00f5es dos artistas? Cad\u00ea a ministra do meio ambiente?\u201d, reagiu a deputada Bia Kicis (PL-DF).<\/span><\/p><\/blockquote>\n\n\n\n<div class=\"wp-block-image\"><figure class=\"aligncenter size-large is-resized\"><a href=\"https:\/\/www.instagram.com\/vmais.midias\/\"><img loading=\"lazy\" decoding=\"async\" src=\"https:\/\/jornalfatosenoticias.com.br\/wp-content\/uploads\/2020\/02\/DE-MAIS-DESTAQUE-VMAIS-800X700.png\" alt=\"\" class=\"wp-image-53112\" width=\"312\" height=\"272\" srcset=\"https:\/\/jornalfatosenoticias.com.br\/wp-content\/uploads\/2020\/02\/DE-MAIS-DESTAQUE-VMAIS-800X700.png 800w, https:\/\/jornalfatosenoticias.com.br\/wp-content\/uploads\/2020\/02\/DE-MAIS-DESTAQUE-VMAIS-800X700-300x263.png 300w, https:\/\/jornalfatosenoticias.com.br\/wp-content\/uploads\/2020\/02\/DE-MAIS-DESTAQUE-VMAIS-800X700-768x672.png 768w\" sizes=\"auto, (max-width: 312px) 100vw, 312px\" \/><\/a><\/figure><\/div>\n\n\n\n<p>A deputada S\u00edlvia Wai\u00e3pi (PL-AP) cobrou ativistas para que critiquem Lula como fizeram com Bolsonaro. &#8220;O Brasil enfrenta recorde de focos de inc\u00eandio, e o que vemos? Sil\u00eancio total! Os mesmos artistas e ONGs que se reuniam para atacar Bolsonaro por uma fa\u00edsca, hoje permanecem calados e omissos. Um boicote contra o Brasil, contra os brasileiros&#8221;, disse.<\/p>\n\n\n\n<div class=\"wp-block-image\"><figure class=\"aligncenter size-large\"><a href=\"https:\/\/www.facebook.com\/Esteio-Churrascaria-Barbecue-103643461220402\/\"><img decoding=\"async\" src=\"https:\/\/jornalfatosenoticias.com.br\/wp-content\/uploads\/2020\/02\/logo_esteio.jpg\" alt=\"\" class=\"wp-image-1214\"\/><\/a><\/figure><\/div>\n\n\n\n<blockquote class=\"wp-block-quote is-layout-flow wp-block-quote-is-layout-flow\"><p><span class=\"has-inline-color has-luminous-vivid-orange-color\">\u00c9 hora de alerta n\u00e3o apenas com o fogo que vem destruindo casas, planta\u00e7\u00f5es e mata animais, mas tamb\u00e9m das vozes que se calam, e deveriam falar, diante desse momento cr\u00edtico que o pa\u00eds enfrenta&#8221;, disse o deputado Sargento Gon\u00e7alves (PL-RN).<\/span><\/p><\/blockquote>\n\n\n\n<div class=\"wp-block-image\"><figure class=\"aligncenter size-large is-resized\"><a href=\"https:\/\/www.instagram.com\/restaurantepegoretti\/\"><img loading=\"lazy\" decoding=\"async\" src=\"https:\/\/jornalfatosenoticias.com.br\/wp-content\/uploads\/2023\/12\/pegoretti-logo-pdf-1024x389.jpg\" alt=\"\" class=\"wp-image-47536\" width=\"449\" height=\"170\" srcset=\"https:\/\/jornalfatosenoticias.com.br\/wp-content\/uploads\/2023\/12\/pegoretti-logo-pdf-1024x389.jpg 1024w, https:\/\/jornalfatosenoticias.com.br\/wp-content\/uploads\/2023\/12\/pegoretti-logo-pdf-300x114.jpg 300w, https:\/\/jornalfatosenoticias.com.br\/wp-content\/uploads\/2023\/12\/pegoretti-logo-pdf-768x291.jpg 768w, https:\/\/jornalfatosenoticias.com.br\/wp-content\/uploads\/2023\/12\/pegoretti-logo-pdf.jpg 1120w\" sizes=\"auto, (max-width: 449px) 100vw, 449px\" \/><\/a><\/figure><\/div>\n\n\n\n<p><strong><span class=\"has-inline-color has-black-color\">Onda de queimadas em SP foi contida no pr\u00f3prio fim de semana, diz governo local<br><\/span><\/strong>Os inc\u00eandios em s\u00e9rie registrados no interior de S\u00e3o Paulo nos \u00faltimos dois dias, a partir da quinta-feira (22), somaram 2,8 mil queimadas, que consumiram 59 mil hectares de lavouras de cana-de-a\u00e7\u00facar, uma perda calculada pelo segmento em mais de R$ 350 milh\u00f5es. No domingo (25), havia 21 cidades de S\u00e3o Paulo com focos ativos, e outras 46 cidades em alerta m\u00e1ximo para poss\u00edvel aproxima\u00e7\u00e3o das chamas. O governo paulista afirma ter controlado a situa\u00e7\u00e3o a partir desta segunda-feira (26), enquanto apura responsabilidades pelas queimadas.<\/p>\n\n\n\n<div class=\"wp-block-image\"><figure class=\"aligncenter size-large is-resized\"><a href=\"https:\/\/hotelmarquetti.com.br\/\"><img loading=\"lazy\" decoding=\"async\" src=\"https:\/\/jornalfatosenoticias.com.br\/wp-content\/uploads\/2020\/02\/nova-logo-Marquetti.jpg\" alt=\"\" class=\"wp-image-22331\" width=\"343\" height=\"230\" srcset=\"https:\/\/jornalfatosenoticias.com.br\/wp-content\/uploads\/2020\/02\/nova-logo-Marquetti.jpg 643w, https:\/\/jornalfatosenoticias.com.br\/wp-content\/uploads\/2020\/02\/nova-logo-Marquetti-300x202.jpg 300w\" sizes=\"auto, (max-width: 343px) 100vw, 343px\" \/><\/a><\/figure><\/div>\n\n\n\n<p>A pol\u00edcia de S\u00e3o Paulo prendeu em flagrante tr\u00eas suspeitos, entre os quais um homem de 42 anos que teria ateado fogo em uma mata na regi\u00e3o de Batatais (SP). Durante a pris\u00e3o, ele teria afirmado que era integrante da fac\u00e7\u00e3o Primeiro Comando da Capital (PCC). Ele j\u00e1 foi preso anteriormente e tem antecedente criminal por outros crimes, como homic\u00eddio. Segundo o Centro de Gerenciamento de Emerg\u00eancias (CGE) da Defesa Civil, as rodovias interditadas ao longo do fim de semana pela fuma\u00e7a est\u00e3o liberadas desde domingo (25).\u00a0<\/p>\n\n\n\n<div class=\"wp-block-image\"><figure class=\"aligncenter size-large is-resized\"><a href=\"https:\/\/www.instagram.com\/serra4x4cambioautomatico\/\"><img loading=\"lazy\" decoding=\"async\" src=\"https:\/\/jornalfatosenoticias.com.br\/wp-content\/uploads\/2024\/08\/Serra-4x4-1-886x1024.jpg\" alt=\"\" class=\"wp-image-53632\" width=\"308\" height=\"356\" srcset=\"https:\/\/jornalfatosenoticias.com.br\/wp-content\/uploads\/2024\/08\/Serra-4x4-1-886x1024.jpg 886w, https:\/\/jornalfatosenoticias.com.br\/wp-content\/uploads\/2024\/08\/Serra-4x4-1-260x300.jpg 260w, https:\/\/jornalfatosenoticias.com.br\/wp-content\/uploads\/2024\/08\/Serra-4x4-1-768x888.jpg 768w, https:\/\/jornalfatosenoticias.com.br\/wp-content\/uploads\/2024\/08\/Serra-4x4-1.jpg 1181w\" sizes=\"auto, (max-width: 308px) 100vw, 308px\" \/><\/a><\/figure><\/div>\n\n\n\n<p><strong><em>Fonte: <a href=\"https:\/\/www.gazetadopovo.com.br\/republica\/acuado-por-recorde-de-queimadas-lula-transfere-a-culpa-e-pode-abrir-nova-crise-com-o-agro\/\">Gazeta do Povo<\/a><\/em><\/strong><\/p>\n","protected":false},"excerpt":{"rendered":"<p>Brigadistas do Instituto Bras\u00edlia Ambiental e Bombeiros do Distrito Federal combatem inc\u00eandio em \u00e1rea de cerrado pr\u00f3xima ao Aeroporto de Bras\u00edlia Por S\u00edlvio Ribas Diante das queimadas de propor\u00e7\u00f5es hist\u00f3ricas que se alastraram recentemente em S\u00e3o Paulo, no Pantanal e na Amaz\u00f4nia, Luiz In\u00e1cio Lula da Silva (PT) optou por apontar culpados em vez de [&hellip;]<\/p>\n","protected":false},"author":2,"featured_media":53777,"comment_status":"open","ping_status":"open","sticky":false,"template":"","format":"standard","meta":{"footnotes":""},"categories":[10],"tags":[16143,3761,24497,4262,7580,17819,3463],"class_list":["post-53776","post","type-post","status-publish","format-standard","has-post-thumbnail","hentry","category-politica","tag-agro","tag-artistas","tag-brasil-em-chamas","tag-incendios","tag-lula","tag-marina-silva","tag-queimadas"],"yoast_head":"<!-- This site is optimized with the Yoast SEO plugin v26.5 - https:\/\/yoast.com\/wordpress\/plugins\/seo\/ -->\n<title>Acuado por recorde de queimadas, Lula transfere a culpa e pode abrir nova crise com o agro - Jornal Fatos e Not\u00edcias<\/title>\n<meta name=\"robots\" content=\"index, follow, max-snippet:-1, max-image-preview:large, max-video-preview:-1\" \/>\n<link rel=\"canonical\" href=\"https:\/\/jornalfatosenoticias.com.br\/index.php\/2024\/08\/27\/acuado-por-recorde-de-queimadas-lula-transfere-a-culpa-e-pode-abrir-nova-crise-com-o-agro\/\" \/>\n<meta property=\"og:locale\" content=\"pt_BR\" \/>\n<meta property=\"og:type\" content=\"article\" \/>\n<meta property=\"og:title\" content=\"Acuado por recorde de queimadas, Lula transfere a culpa e pode abrir nova crise com o agro - Jornal Fatos e Not\u00edcias\" \/>\n<meta property=\"og:description\" content=\"Brigadistas do Instituto Bras\u00edlia Ambiental e Bombeiros do Distrito Federal combatem inc\u00eandio em \u00e1rea de cerrado pr\u00f3xima ao Aeroporto de Bras\u00edlia Por S\u00edlvio Ribas Diante das queimadas de propor\u00e7\u00f5es hist\u00f3ricas que se alastraram recentemente em S\u00e3o Paulo, no Pantanal e na Amaz\u00f4nia, Luiz In\u00e1cio Lula da Silva (PT) optou por apontar culpados em vez de [&hellip;]\" \/>\n<meta property=\"og:url\" content=\"https:\/\/jornalfatosenoticias.com.br\/index.php\/2024\/08\/27\/acuado-por-recorde-de-queimadas-lula-transfere-a-culpa-e-pode-abrir-nova-crise-com-o-agro\/\" \/>\n<meta property=\"og:site_name\" content=\"Jornal Fatos e Not\u00edcias\" \/>\n<meta property=\"article:published_time\" content=\"2024-08-27T14:49:58+00:00\" \/>\n<meta property=\"article:modified_time\" content=\"2024-08-27T14:50:00+00:00\" \/>\n<meta property=\"og:image\" content=\"https:\/\/jornalfatosenoticias.com.br\/wp-content\/uploads\/2024\/08\/queimada.jpg\" \/>\n\t<meta property=\"og:image:width\" content=\"960\" \/>\n\t<meta property=\"og:image:height\" content=\"540\" \/>\n\t<meta property=\"og:image:type\" content=\"image\/jpeg\" \/>\n<meta name=\"author\" content=\"Luzimara Fernandes\" \/>\n<meta name=\"twitter:card\" content=\"summary_large_image\" \/>\n<meta name=\"twitter:label1\" content=\"Escrito por\" \/>\n\t<meta name=\"twitter:data1\" content=\"Luzimara Fernandes\" \/>\n\t<meta name=\"twitter:label2\" content=\"Est. tempo de leitura\" \/>\n\t<meta name=\"twitter:data2\" content=\"7 minutos\" \/>\n<script type=\"application\/ld+json\" class=\"yoast-schema-graph\">{\"@context\":\"https:\/\/schema.org\",\"@graph\":[{\"@type\":\"Article\",\"@id\":\"https:\/\/jornalfatosenoticias.com.br\/index.php\/2024\/08\/27\/acuado-por-recorde-de-queimadas-lula-transfere-a-culpa-e-pode-abrir-nova-crise-com-o-agro\/#article\",\"isPartOf\":{\"@id\":\"https:\/\/jornalfatosenoticias.com.br\/index.php\/2024\/08\/27\/acuado-por-recorde-de-queimadas-lula-transfere-a-culpa-e-pode-abrir-nova-crise-com-o-agro\/\"},\"author\":{\"name\":\"Luzimara Fernandes\",\"@id\":\"https:\/\/jornalfatosenoticias.com.br\/#\/schema\/person\/d63837fa13ac8666eb9e74e0985d6f81\"},\"headline\":\"Acuado por recorde de queimadas, Lula transfere a culpa e pode abrir nova crise com o agro\",\"datePublished\":\"2024-08-27T14:49:58+00:00\",\"dateModified\":\"2024-08-27T14:50:00+00:00\",\"mainEntityOfPage\":{\"@id\":\"https:\/\/jornalfatosenoticias.com.br\/index.php\/2024\/08\/27\/acuado-por-recorde-de-queimadas-lula-transfere-a-culpa-e-pode-abrir-nova-crise-com-o-agro\/\"},\"wordCount\":1494,\"commentCount\":0,\"publisher\":{\"@id\":\"https:\/\/jornalfatosenoticias.com.br\/#organization\"},\"image\":{\"@id\":\"https:\/\/jornalfatosenoticias.com.br\/index.php\/2024\/08\/27\/acuado-por-recorde-de-queimadas-lula-transfere-a-culpa-e-pode-abrir-nova-crise-com-o-agro\/#primaryimage\"},\"thumbnailUrl\":\"https:\/\/jornalfatosenoticias.com.br\/wp-content\/uploads\/2024\/08\/queimada.jpg\",\"keywords\":[\"agro\",\"artistas\",\"Brasil em chamas\",\"inc\u00eandios\",\"Lula\",\"Marina Silva\",\"queimadas\"],\"articleSection\":[\"Pol\u00edtica\"],\"inLanguage\":\"pt-BR\",\"potentialAction\":[{\"@type\":\"CommentAction\",\"name\":\"Comment\",\"target\":[\"https:\/\/jornalfatosenoticias.com.br\/index.php\/2024\/08\/27\/acuado-por-recorde-de-queimadas-lula-transfere-a-culpa-e-pode-abrir-nova-crise-com-o-agro\/#respond\"]}]},{\"@type\":\"WebPage\",\"@id\":\"https:\/\/jornalfatosenoticias.com.br\/index.php\/2024\/08\/27\/acuado-por-recorde-de-queimadas-lula-transfere-a-culpa-e-pode-abrir-nova-crise-com-o-agro\/\",\"url\":\"https:\/\/jornalfatosenoticias.com.br\/index.php\/2024\/08\/27\/acuado-por-recorde-de-queimadas-lula-transfere-a-culpa-e-pode-abrir-nova-crise-com-o-agro\/\",\"name\":\"Acuado por recorde de queimadas, Lula transfere a culpa e pode abrir nova crise com o agro - Jornal Fatos e Not\u00edcias\",\"isPartOf\":{\"@id\":\"https:\/\/jornalfatosenoticias.com.br\/#website\"},\"primaryImageOfPage\":{\"@id\":\"https:\/\/jornalfatosenoticias.com.br\/index.php\/2024\/08\/27\/acuado-por-recorde-de-queimadas-lula-transfere-a-culpa-e-pode-abrir-nova-crise-com-o-agro\/#primaryimage\"},\"image\":{\"@id\":\"https:\/\/jornalfatosenoticias.com.br\/index.php\/2024\/08\/27\/acuado-por-recorde-de-queimadas-lula-transfere-a-culpa-e-pode-abrir-nova-crise-com-o-agro\/#primaryimage\"},\"thumbnailUrl\":\"https:\/\/jornalfatosenoticias.com.br\/wp-content\/uploads\/2024\/08\/queimada.jpg\",\"datePublished\":\"2024-08-27T14:49:58+00:00\",\"dateModified\":\"2024-08-27T14:50:00+00:00\",\"breadcrumb\":{\"@id\":\"https:\/\/jornalfatosenoticias.com.br\/index.php\/2024\/08\/27\/acuado-por-recorde-de-queimadas-lula-transfere-a-culpa-e-pode-abrir-nova-crise-com-o-agro\/#breadcrumb\"},\"inLanguage\":\"pt-BR\",\"potentialAction\":[{\"@type\":\"ReadAction\",\"target\":[\"https:\/\/jornalfatosenoticias.com.br\/index.php\/2024\/08\/27\/acuado-por-recorde-de-queimadas-lula-transfere-a-culpa-e-pode-abrir-nova-crise-com-o-agro\/\"]}]},{\"@type\":\"ImageObject\",\"inLanguage\":\"pt-BR\",\"@id\":\"https:\/\/jornalfatosenoticias.com.br\/index.php\/2024\/08\/27\/acuado-por-recorde-de-queimadas-lula-transfere-a-culpa-e-pode-abrir-nova-crise-com-o-agro\/#primaryimage\",\"url\":\"https:\/\/jornalfatosenoticias.com.br\/wp-content\/uploads\/2024\/08\/queimada.jpg\",\"contentUrl\":\"https:\/\/jornalfatosenoticias.com.br\/wp-content\/uploads\/2024\/08\/queimada.jpg\",\"width\":960,\"height\":540},{\"@type\":\"BreadcrumbList\",\"@id\":\"https:\/\/jornalfatosenoticias.com.br\/index.php\/2024\/08\/27\/acuado-por-recorde-de-queimadas-lula-transfere-a-culpa-e-pode-abrir-nova-crise-com-o-agro\/#breadcrumb\",\"itemListElement\":[{\"@type\":\"ListItem\",\"position\":1,\"name\":\"In\u00edcio\",\"item\":\"https:\/\/jornalfatosenoticias.com.br\/\"},{\"@type\":\"ListItem\",\"position\":2,\"name\":\"Acuado por recorde de queimadas, Lula transfere a culpa e pode abrir nova crise com o agro\"}]},{\"@type\":\"WebSite\",\"@id\":\"https:\/\/jornalfatosenoticias.com.br\/#website\",\"url\":\"https:\/\/jornalfatosenoticias.com.br\/\",\"name\":\"Jornal Fatos e Not\u00edcias\",\"description\":\"Not\u00edcias em geral\",\"publisher\":{\"@id\":\"https:\/\/jornalfatosenoticias.com.br\/#organization\"},\"potentialAction\":[{\"@type\":\"SearchAction\",\"target\":{\"@type\":\"EntryPoint\",\"urlTemplate\":\"https:\/\/jornalfatosenoticias.com.br\/?s={search_term_string}\"},\"query-input\":{\"@type\":\"PropertyValueSpecification\",\"valueRequired\":true,\"valueName\":\"search_term_string\"}}],\"inLanguage\":\"pt-BR\"},{\"@type\":\"Organization\",\"@id\":\"https:\/\/jornalfatosenoticias.com.br\/#organization\",\"name\":\"Jornal Fatos e Not\u00edcias\",\"url\":\"https:\/\/jornalfatosenoticias.com.br\/\",\"logo\":{\"@type\":\"ImageObject\",\"inLanguage\":\"pt-BR\",\"@id\":\"https:\/\/jornalfatosenoticias.com.br\/#\/schema\/logo\/image\/\",\"url\":\"https:\/\/jornalfatosenoticias.com.br\/wp-content\/uploads\/2020\/02\/logo120.png\",\"contentUrl\":\"https:\/\/jornalfatosenoticias.com.br\/wp-content\/uploads\/2020\/02\/logo120.png\",\"width\":1227,\"height\":120,\"caption\":\"Jornal Fatos e Not\u00edcias\"},\"image\":{\"@id\":\"https:\/\/jornalfatosenoticias.com.br\/#\/schema\/logo\/image\/\"}},{\"@type\":\"Person\",\"@id\":\"https:\/\/jornalfatosenoticias.com.br\/#\/schema\/person\/d63837fa13ac8666eb9e74e0985d6f81\",\"name\":\"Luzimara Fernandes\",\"image\":{\"@type\":\"ImageObject\",\"inLanguage\":\"pt-BR\",\"@id\":\"https:\/\/jornalfatosenoticias.com.br\/#\/schema\/person\/image\/\",\"url\":\"https:\/\/jornalfatosenoticias.com.br\/wp-content\/uploads\/2025\/05\/EU_portal.jpg\",\"contentUrl\":\"https:\/\/jornalfatosenoticias.com.br\/wp-content\/uploads\/2025\/05\/EU_portal.jpg\",\"caption\":\"Luzimara Fernandes\"},\"description\":\"Jornalista MTB 2358-ES\",\"sameAs\":[\"https:\/\/jornalfatosenoticias.com.br\"],\"url\":\"https:\/\/jornalfatosenoticias.com.br\/index.php\/author\/luzimara\/\"}]}<\/script>\n<!-- \/ Yoast SEO plugin. -->","yoast_head_json":{"title":"Acuado por recorde de queimadas, Lula transfere a culpa e pode abrir nova crise com o agro - Jornal Fatos e Not\u00edcias","robots":{"index":"index","follow":"follow","max-snippet":"max-snippet:-1","max-image-preview":"max-image-preview:large","max-video-preview":"max-video-preview:-1"},"canonical":"https:\/\/jornalfatosenoticias.com.br\/index.php\/2024\/08\/27\/acuado-por-recorde-de-queimadas-lula-transfere-a-culpa-e-pode-abrir-nova-crise-com-o-agro\/","og_locale":"pt_BR","og_type":"article","og_title":"Acuado por recorde de queimadas, Lula transfere a culpa e pode abrir nova crise com o agro - Jornal Fatos e Not\u00edcias","og_description":"Brigadistas do Instituto Bras\u00edlia Ambiental e Bombeiros do Distrito Federal combatem inc\u00eandio em \u00e1rea de cerrado pr\u00f3xima ao Aeroporto de Bras\u00edlia Por S\u00edlvio Ribas Diante das queimadas de propor\u00e7\u00f5es hist\u00f3ricas que se alastraram recentemente em S\u00e3o Paulo, no Pantanal e na Amaz\u00f4nia, Luiz In\u00e1cio Lula da Silva (PT) optou por apontar culpados em vez de [&hellip;]","og_url":"https:\/\/jornalfatosenoticias.com.br\/index.php\/2024\/08\/27\/acuado-por-recorde-de-queimadas-lula-transfere-a-culpa-e-pode-abrir-nova-crise-com-o-agro\/","og_site_name":"Jornal Fatos e Not\u00edcias","article_published_time":"2024-08-27T14:49:58+00:00","article_modified_time":"2024-08-27T14:50:00+00:00","og_image":[{"width":960,"height":540,"url":"https:\/\/jornalfatosenoticias.com.br\/wp-content\/uploads\/2024\/08\/queimada.jpg","type":"image\/jpeg"}],"author":"Luzimara Fernandes","twitter_card":"summary_large_image","twitter_misc":{"Escrito por":"Luzimara Fernandes","Est. tempo de leitura":"7 minutos"},"schema":{"@context":"https:\/\/schema.org","@graph":[{"@type":"Article","@id":"https:\/\/jornalfatosenoticias.com.br\/index.php\/2024\/08\/27\/acuado-por-recorde-de-queimadas-lula-transfere-a-culpa-e-pode-abrir-nova-crise-com-o-agro\/#article","isPartOf":{"@id":"https:\/\/jornalfatosenoticias.com.br\/index.php\/2024\/08\/27\/acuado-por-recorde-de-queimadas-lula-transfere-a-culpa-e-pode-abrir-nova-crise-com-o-agro\/"},"author":{"name":"Luzimara Fernandes","@id":"https:\/\/jornalfatosenoticias.com.br\/#\/schema\/person\/d63837fa13ac8666eb9e74e0985d6f81"},"headline":"Acuado por recorde de queimadas, Lula transfere a culpa e pode abrir nova crise com o agro","datePublished":"2024-08-27T14:49:58+00:00","dateModified":"2024-08-27T14:50:00+00:00","mainEntityOfPage":{"@id":"https:\/\/jornalfatosenoticias.com.br\/index.php\/2024\/08\/27\/acuado-por-recorde-de-queimadas-lula-transfere-a-culpa-e-pode-abrir-nova-crise-com-o-agro\/"},"wordCount":1494,"commentCount":0,"publisher":{"@id":"https:\/\/jornalfatosenoticias.com.br\/#organization"},"image":{"@id":"https:\/\/jornalfatosenoticias.com.br\/index.php\/2024\/08\/27\/acuado-por-recorde-de-queimadas-lula-transfere-a-culpa-e-pode-abrir-nova-crise-com-o-agro\/#primaryimage"},"thumbnailUrl":"https:\/\/jornalfatosenoticias.com.br\/wp-content\/uploads\/2024\/08\/queimada.jpg","keywords":["agro","artistas","Brasil em chamas","inc\u00eandios","Lula","Marina Silva","queimadas"],"articleSection":["Pol\u00edtica"],"inLanguage":"pt-BR","potentialAction":[{"@type":"CommentAction","name":"Comment","target":["https:\/\/jornalfatosenoticias.com.br\/index.php\/2024\/08\/27\/acuado-por-recorde-de-queimadas-lula-transfere-a-culpa-e-pode-abrir-nova-crise-com-o-agro\/#respond"]}]},{"@type":"WebPage","@id":"https:\/\/jornalfatosenoticias.com.br\/index.php\/2024\/08\/27\/acuado-por-recorde-de-queimadas-lula-transfere-a-culpa-e-pode-abrir-nova-crise-com-o-agro\/","url":"https:\/\/jornalfatosenoticias.com.br\/index.php\/2024\/08\/27\/acuado-por-recorde-de-queimadas-lula-transfere-a-culpa-e-pode-abrir-nova-crise-com-o-agro\/","name":"Acuado por recorde de queimadas, Lula transfere a culpa e pode abrir nova crise com o agro - Jornal Fatos e Not\u00edcias","isPartOf":{"@id":"https:\/\/jornalfatosenoticias.com.br\/#website"},"primaryImageOfPage":{"@id":"https:\/\/jornalfatosenoticias.com.br\/index.php\/2024\/08\/27\/acuado-por-recorde-de-queimadas-lula-transfere-a-culpa-e-pode-abrir-nova-crise-com-o-agro\/#primaryimage"},"image":{"@id":"https:\/\/jornalfatosenoticias.com.br\/index.php\/2024\/08\/27\/acuado-por-recorde-de-queimadas-lula-transfere-a-culpa-e-pode-abrir-nova-crise-com-o-agro\/#primaryimage"},"thumbnailUrl":"https:\/\/jornalfatosenoticias.com.br\/wp-content\/uploads\/2024\/08\/queimada.jpg","datePublished":"2024-08-27T14:49:58+00:00","dateModified":"2024-08-27T14:50:00+00:00","breadcrumb":{"@id":"https:\/\/jornalfatosenoticias.com.br\/index.php\/2024\/08\/27\/acuado-por-recorde-de-queimadas-lula-transfere-a-culpa-e-pode-abrir-nova-crise-com-o-agro\/#breadcrumb"},"inLanguage":"pt-BR","potentialAction":[{"@type":"ReadAction","target":["https:\/\/jornalfatosenoticias.com.br\/index.php\/2024\/08\/27\/acuado-por-recorde-de-queimadas-lula-transfere-a-culpa-e-pode-abrir-nova-crise-com-o-agro\/"]}]},{"@type":"ImageObject","inLanguage":"pt-BR","@id":"https:\/\/jornalfatosenoticias.com.br\/index.php\/2024\/08\/27\/acuado-por-recorde-de-queimadas-lula-transfere-a-culpa-e-pode-abrir-nova-crise-com-o-agro\/#primaryimage","url":"https:\/\/jornalfatosenoticias.com.br\/wp-content\/uploads\/2024\/08\/queimada.jpg","contentUrl":"https:\/\/jornalfatosenoticias.com.br\/wp-content\/uploads\/2024\/08\/queimada.jpg","width":960,"height":540},{"@type":"BreadcrumbList","@id":"https:\/\/jornalfatosenoticias.com.br\/index.php\/2024\/08\/27\/acuado-por-recorde-de-queimadas-lula-transfere-a-culpa-e-pode-abrir-nova-crise-com-o-agro\/#breadcrumb","itemListElement":[{"@type":"ListItem","position":1,"name":"In\u00edcio","item":"https:\/\/jornalfatosenoticias.com.br\/"},{"@type":"ListItem","position":2,"name":"Acuado por recorde de queimadas, Lula transfere a culpa e pode abrir nova crise com o agro"}]},{"@type":"WebSite","@id":"https:\/\/jornalfatosenoticias.com.br\/#website","url":"https:\/\/jornalfatosenoticias.com.br\/","name":"Jornal Fatos e Not\u00edcias","description":"Not\u00edcias em geral","publisher":{"@id":"https:\/\/jornalfatosenoticias.com.br\/#organization"},"potentialAction":[{"@type":"SearchAction","target":{"@type":"EntryPoint","urlTemplate":"https:\/\/jornalfatosenoticias.com.br\/?s={search_term_string}"},"query-input":{"@type":"PropertyValueSpecification","valueRequired":true,"valueName":"search_term_string"}}],"inLanguage":"pt-BR"},{"@type":"Organization","@id":"https:\/\/jornalfatosenoticias.com.br\/#organization","name":"Jornal Fatos e Not\u00edcias","url":"https:\/\/jornalfatosenoticias.com.br\/","logo":{"@type":"ImageObject","inLanguage":"pt-BR","@id":"https:\/\/jornalfatosenoticias.com.br\/#\/schema\/logo\/image\/","url":"https:\/\/jornalfatosenoticias.com.br\/wp-content\/uploads\/2020\/02\/logo120.png","contentUrl":"https:\/\/jornalfatosenoticias.com.br\/wp-content\/uploads\/2020\/02\/logo120.png","width":1227,"height":120,"caption":"Jornal Fatos e Not\u00edcias"},"image":{"@id":"https:\/\/jornalfatosenoticias.com.br\/#\/schema\/logo\/image\/"}},{"@type":"Person","@id":"https:\/\/jornalfatosenoticias.com.br\/#\/schema\/person\/d63837fa13ac8666eb9e74e0985d6f81","name":"Luzimara Fernandes","image":{"@type":"ImageObject","inLanguage":"pt-BR","@id":"https:\/\/jornalfatosenoticias.com.br\/#\/schema\/person\/image\/","url":"https:\/\/jornalfatosenoticias.com.br\/wp-content\/uploads\/2025\/05\/EU_portal.jpg","contentUrl":"https:\/\/jornalfatosenoticias.com.br\/wp-content\/uploads\/2025\/05\/EU_portal.jpg","caption":"Luzimara Fernandes"},"description":"Jornalista MTB 2358-ES","sameAs":["https:\/\/jornalfatosenoticias.com.br"],"url":"https:\/\/jornalfatosenoticias.com.br\/index.php\/author\/luzimara\/"}]}},"cc_featured_image_caption":{"caption_text":"(Foto: Marcelo Camargo\/Ag\u00eancia Brasil) ","source_text":"","source_url":""},"jetpack_featured_media_url":"https:\/\/jornalfatosenoticias.com.br\/wp-content\/uploads\/2024\/08\/queimada.jpg","_links":{"self":[{"href":"https:\/\/jornalfatosenoticias.com.br\/index.php\/wp-json\/wp\/v2\/posts\/53776","targetHints":{"allow":["GET"]}}],"collection":[{"href":"https:\/\/jornalfatosenoticias.com.br\/index.php\/wp-json\/wp\/v2\/posts"}],"about":[{"href":"https:\/\/jornalfatosenoticias.com.br\/index.php\/wp-json\/wp\/v2\/types\/post"}],"author":[{"embeddable":true,"href":"https:\/\/jornalfatosenoticias.com.br\/index.php\/wp-json\/wp\/v2\/users\/2"}],"replies":[{"embeddable":true,"href":"https:\/\/jornalfatosenoticias.com.br\/index.php\/wp-json\/wp\/v2\/comments?post=53776"}],"version-history":[{"count":0,"href":"https:\/\/jornalfatosenoticias.com.br\/index.php\/wp-json\/wp\/v2\/posts\/53776\/revisions"}],"wp:featuredmedia":[{"embeddable":true,"href":"https:\/\/jornalfatosenoticias.com.br\/index.php\/wp-json\/wp\/v2\/media\/53777"}],"wp:attachment":[{"href":"https:\/\/jornalfatosenoticias.com.br\/index.php\/wp-json\/wp\/v2\/media?parent=53776"}],"wp:term":[{"taxonomy":"category","embeddable":true,"href":"https:\/\/jornalfatosenoticias.com.br\/index.php\/wp-json\/wp\/v2\/categories?post=53776"},{"taxonomy":"post_tag","embeddable":true,"href":"https:\/\/jornalfatosenoticias.com.br\/index.php\/wp-json\/wp\/v2\/tags?post=53776"}],"curies":[{"name":"wp","href":"https:\/\/api.w.org\/{rel}","templated":true}]}}