{"id":53779,"date":"2024-08-27T12:40:45","date_gmt":"2024-08-27T15:40:45","guid":{"rendered":"https:\/\/jornalfatosenoticias.com.br\/?p=53779"},"modified":"2024-08-27T12:41:51","modified_gmt":"2024-08-27T15:41:51","slug":"tapa-na-nuca-de-filho-de-moraes-em-empresario-foi-omitido-pela-pf-diz-advogado","status":"publish","type":"post","link":"https:\/\/jornalfatosenoticias.com.br\/index.php\/2024\/08\/27\/tapa-na-nuca-de-filho-de-moraes-em-empresario-foi-omitido-pela-pf-diz-advogado\/","title":{"rendered":"\u201cTapa na nuca\u201d de filho de Moraes em empres\u00e1rio foi omitido pela PF, diz advogado"},"content":{"rendered":"\n<p><em><span class=\"has-inline-color has-black-color\">Montagem com fotos da confus\u00e3o em Roma envolvendo a fam\u00edlia de Moraes que constam no relat\u00f3rio da Pol\u00edcia Federal<\/span><\/em><\/p>\n\n\n\n<p><span class=\"has-inline-color has-black-color\">Por <strong><a href=\"https:\/\/www.gazetadopovo.com.br\/autor\/diogenes-freire-feitosa\/\">Di\u00f3genes Freire Feitosa<\/a><\/strong><\/span><\/p>\n\n\n\n<div class=\"wp-block-image\"><figure class=\"aligncenter size-large\"><a href=\"https:\/\/mizu.com.br\/\"><img loading=\"lazy\" decoding=\"async\" width=\"729\" height=\"90\" src=\"https:\/\/jornalfatosenoticias.com.br\/wp-content\/uploads\/2020\/02\/Logo_Mizu.png\" alt=\"\" class=\"wp-image-1441\" srcset=\"https:\/\/jornalfatosenoticias.com.br\/wp-content\/uploads\/2020\/02\/Logo_Mizu.png 729w, https:\/\/jornalfatosenoticias.com.br\/wp-content\/uploads\/2020\/02\/Logo_Mizu-300x37.png 300w\" sizes=\"auto, (max-width: 729px) 100vw, 729px\" \/><\/a><\/figure><\/div>\n\n\n\n<p>Com base em um laudo pericial feito a partir de imagens captadas pelo circuito de v\u00eddeo do Aeroporto Internacional de Roma sobre a confus\u00e3o envolvendo do ministro do Supremo Tribunal Federal (STF), Alexandre de Moraes, o advogado Ralph T\u00f3rtima disse que a Pol\u00edcia Federal (PF) omitiu cenas em que o filho do ministro agride o empres\u00e1rio Roberto Mantovani com um \u201ctapa na nuca\u201d.<br>O laudo pericial foi anexado ao inqu\u00e9rito do STF que apura a confus\u00e3o, nesta segunda-feira (26), pelo advogado Ralph T\u00f3rtima, que representa o empres\u00e1rio. O documento \u00e9 assinado pelos peritos independentes Mauricio Tadeu dos Santos e Ricardo Molina.<\/p>\n\n\n\n<div class=\"wp-block-image\"><figure class=\"aligncenter size-large\"><a href=\"http:\/\/www.ferrarimaquinas.com.br\/\"><img loading=\"lazy\" decoding=\"async\" width=\"300\" height=\"250\" src=\"https:\/\/jornalfatosenoticias.com.br\/wp-content\/uploads\/2022\/02\/FERRARI_MAQUINAS-E-FERRAMENTAS2.jpg\" alt=\"\" class=\"wp-image-27860\"\/><\/a><\/figure><\/div>\n\n\n\n<p>Ao conversar com a <strong>Gazeta do Povo,<\/strong> nesta ter\u00e7a-feira (27), o advogado Ralph T\u00f3rtima contou que s\u00f3 teve acesso \u00e0s imagens no dia 13 de agosto de 2024, mais de um ano ap\u00f3s o fato. Mesmo assim, a defesa continua impedida de fazer c\u00f3pias do material mantido sob sigilo por ordem do relator do caso, o ministro Dias Toffoli.<\/p>\n\n\n\n<div class=\"wp-block-image\"><figure class=\"aligncenter size-large is-resized\"><a href=\"https:\/\/www.facebook.com\/vetor.vix\/\"><img loading=\"lazy\" decoding=\"async\" src=\"https:\/\/jornalfatosenoticias.com.br\/wp-content\/uploads\/2023\/09\/vetorvix1024_1.jpg\" alt=\"\" class=\"wp-image-44868\" width=\"513\" height=\"136\" srcset=\"https:\/\/jornalfatosenoticias.com.br\/wp-content\/uploads\/2023\/09\/vetorvix1024_1.jpg 1024w, https:\/\/jornalfatosenoticias.com.br\/wp-content\/uploads\/2023\/09\/vetorvix1024_1-300x80.jpg 300w, https:\/\/jornalfatosenoticias.com.br\/wp-content\/uploads\/2023\/09\/vetorvix1024_1-768x205.jpg 768w\" sizes=\"auto, (max-width: 513px) 100vw, 513px\" \/><\/a><\/figure><\/div>\n\n\n\n<p><strong><span class=\"has-inline-color has-black-color\">Omiss\u00e3o de imagens<br><\/span><\/strong>Questionado sobre os poss\u00edveis motivos pelos quais as imagens teriam sido suprimidas do relat\u00f3rio inicial, T\u00f3rtima disse que \u201cdiante da relev\u00e2ncia e da nitidez das imagens, \u00e9 dif\u00edcil acreditar que tenha sido uma falha e n\u00e3o uma a\u00e7\u00e3o intencional\u201d. A per\u00edcia foi realizada no dia 13 de agosto durante dilig\u00eancia dos peritos e da defesa para visualiza\u00e7\u00e3o da \u00edntegra das imagens mantidas pelo STF.<\/p>\n\n\n\n<div class=\"wp-block-image\"><figure class=\"aligncenter size-large is-resized\"><a href=\"https:\/\/www.controlsystems.com.br\/\"><img loading=\"lazy\" decoding=\"async\" src=\"https:\/\/jornalfatosenoticias.com.br\/wp-content\/uploads\/2020\/02\/CONTROL-CS.jpg\" alt=\"\" class=\"wp-image-44991\" width=\"292\" height=\"350\" srcset=\"https:\/\/jornalfatosenoticias.com.br\/wp-content\/uploads\/2020\/02\/CONTROL-CS.jpg 834w, https:\/\/jornalfatosenoticias.com.br\/wp-content\/uploads\/2020\/02\/CONTROL-CS-250x300.jpg 250w, https:\/\/jornalfatosenoticias.com.br\/wp-content\/uploads\/2020\/02\/CONTROL-CS-768x921.jpg 768w\" sizes=\"auto, (max-width: 292px) 100vw, 292px\" \/><\/a><\/figure><\/div>\n\n\n\n<p><em>\u201cTal situa\u00e7\u00e3o, do ponto de vista t\u00e9cnico-pericial, \u00e9 totalmente in\u00e9dita, visto que s\u00f3 se permitiu a visualiza\u00e7\u00e3o dos v\u00eddeos sem, contudo, haver a possibilidade de os peritos da defesa obterem uma c\u00f3pia ou, ao menos, capturas de frames de relev\u00e2ncia pericial [\u2026] N\u00e3o h\u00e1 qualquer risco em fornecer c\u00f3pias dos arquivos questionados aos peritos da defesa, a n\u00e3o ser que outros interesses existam que transcendam a esfera estritamente t\u00e9cnico-pericial\u201d, diz um trecho do laudo enviado ao STF.<\/em><\/p>\n\n\n\n<div class=\"wp-block-image\"><figure class=\"aligncenter size-large is-resized\"><a href=\"https:\/\/www.ithbrasil.com.br\/\"><img loading=\"lazy\" decoding=\"async\" src=\"https:\/\/jornalfatosenoticias.com.br\/wp-content\/uploads\/2023\/08\/ITH.jpeg\" alt=\"\" class=\"wp-image-44638\" width=\"284\" height=\"231\" srcset=\"https:\/\/jornalfatosenoticias.com.br\/wp-content\/uploads\/2023\/08\/ITH.jpeg 800w, https:\/\/jornalfatosenoticias.com.br\/wp-content\/uploads\/2023\/08\/ITH-300x244.jpeg 300w, https:\/\/jornalfatosenoticias.com.br\/wp-content\/uploads\/2023\/08\/ITH-768x624.jpeg 768w\" sizes=\"auto, (max-width: 284px) 100vw, 284px\" \/><\/a><\/figure><\/div>\n\n\n\n<p>O laudo contradiz a vers\u00e3o apresentada por Moraes sobre a confus\u00e3o, que relata um tapa de Roberto Mantovani nos \u00f3culos de Alexandre Barci, filho de Moraes. De acordo com a per\u00edcia apresentada pela defesa do empres\u00e1rio, o suposto tapa do empres\u00e1rio teria sido um movimento imediato de rea\u00e7\u00e3o \u00e0 agress\u00e3o de Alexandre Barci.<\/p>\n\n\n\n<div class=\"wp-block-image\"><figure class=\"aligncenter size-large is-resized\"><img loading=\"lazy\" decoding=\"async\" src=\"https:\/\/jornalfatosenoticias.com.br\/wp-content\/uploads\/2022\/02\/Precisao-Contabilidade-1024x724.jpg\" alt=\"\" class=\"wp-image-28088\" width=\"308\" height=\"218\"\/><\/figure><\/div>\n\n\n\n<blockquote class=\"wp-block-quote is-layout-flow wp-block-quote-is-layout-flow\"><p><span class=\"has-inline-color has-luminous-vivid-orange-color\">A cena omitida, na qual Alexandre Barci agride Roberto Mantovani com um tapa na nuca foi presenciada por todos que se encontravam no recinto em que foram exibidos os v\u00eddeos. Dentre essas pessoas incluem-se os tr\u00eas servidores do STF que operavam o computador que reproduzia os arquivos de v\u00eddeo\u201d, diz outro trecho do laudo. \u201cA cena foi repetida por pelo menos tr\u00eas vezes, inclusive em c\u00e2mera lenta, para demonstrar que Alexandre Barci agride Roberto Mantovani com um tapa na nuca e, s\u00f3 depois de agredido, Roberto Mantovani, instintivamente levanta a m\u00e3o para se proteger e afastar seu agressor resvalando nos \u00f3culos de Alexandre Barci. N\u00e3o existe, no v\u00eddeo apresentado, agress\u00e3o de Roberto Mantovani contra Alexandre Barci, ao contr\u00e1rio do que \u00e9 relatado no relat\u00f3rio n\u00ba 004\/23\u201d, afirmam os peritos.<\/span><\/p><\/blockquote>\n\n\n\n<div class=\"wp-block-image\"><figure class=\"aligncenter size-large is-resized\"><a href=\"https:\/\/panper.com.br\/\"><img loading=\"lazy\" decoding=\"async\" src=\"https:\/\/jornalfatosenoticias.com.br\/wp-content\/uploads\/2023\/03\/logo-Panper_portal.jpg\" alt=\"\" class=\"wp-image-40208\" width=\"328\" height=\"227\" srcset=\"https:\/\/jornalfatosenoticias.com.br\/wp-content\/uploads\/2023\/03\/logo-Panper_portal.jpg 400w, https:\/\/jornalfatosenoticias.com.br\/wp-content\/uploads\/2023\/03\/logo-Panper_portal-300x208.jpg 300w\" sizes=\"auto, (max-width: 328px) 100vw, 328px\" \/><\/a><\/figure><\/div>\n\n\n\n<p><strong><span class=\"has-inline-color has-black-color\">Laudo contradiz vers\u00e3o de Moraes<br><\/span><\/strong>Segundo a acusa\u00e7\u00e3o, a fam\u00edlia Mantovani teria provocado e perseguido a fam\u00edlia de Moraes. De acordo com o laudo, \u201cas imagens mostram exatamente o contr\u00e1rio\u201d. \u201c\u00c9 Alexandre Barci quem sai da sala VIP e vai atr\u00e1s de Roberto Mantovani [\u2026] O v\u00eddeo n\u00e3o mostra Roberto Mantovani e sua fam\u00edlia voltando pelo corredor e indo na dire\u00e7\u00e3o da sala VIP para hostilizar Alexandre de Moraes e seus familiares. <\/p>\n\n\n\n<div class=\"wp-block-image\"><figure class=\"aligncenter size-large\"><a href=\"https:\/\/cesconetto.com.br\/\"><img loading=\"lazy\" decoding=\"async\" width=\"300\" height=\"250\" src=\"https:\/\/jornalfatosenoticias.com.br\/wp-content\/uploads\/2022\/02\/Banner-2.png\" alt=\"\" class=\"wp-image-27877\"\/><\/a><\/figure><\/div>\n\n\n\n<p>O v\u00eddeo mostra apenas Roberto Mantovani caminhando calmamente pelo corredor, bem \u00e0 frente de seus familiares, no lado oposto ao da entrada da sala, sendo alcan\u00e7ado por Alexandre Barci\u201d, diz outro trecho da per\u00edcia. Os peritos tamb\u00e9m consideraram \u201cinaceit\u00e1vel\u201d a supress\u00e3o das imagens por parte da PF, \u201cpois impede a exata localiza\u00e7\u00e3o temporal dos eventos e a avalia\u00e7\u00e3o dos intervalos temporais entre eles&#8221;.<\/p>\n\n\n\n<div class=\"wp-block-image\"><figure class=\"aligncenter size-large\"><a href=\"https:\/\/www.facebook.com\/Esteio-Churrascaria-Barbecue-103643461220402\/\"><img decoding=\"async\" src=\"https:\/\/jornalfatosenoticias.com.br\/wp-content\/uploads\/2020\/02\/logo_esteio.jpg\" alt=\"\" class=\"wp-image-1214\"\/><\/a><\/figure><\/div>\n\n\n\n<blockquote class=\"wp-block-quote is-layout-flow wp-block-quote-is-layout-flow\"><p><span class=\"has-inline-color has-luminous-vivid-orange-color\">Inaceit\u00e1vel tamb\u00e9m \u00e9 a sistem\u00e1tica edi\u00e7\u00e3o das imagens com cortes de setores dos frames originais. O relat\u00f3rio n\u00ba 004\/23 n\u00e3o pode ser considerado sequer um laudo t\u00e9cnico, sendo antes uma mera ilustra\u00e7\u00e3o de uma narrativa baseada nos depoimentos de Alexandre de Moraes e seus familiares e n\u00e3o uma an\u00e1lise realmente t\u00e9cnica, objetiva e isenta da realidade dos fatos\u201d, dizem os peritos. De acordo com o laudo, a an\u00e1lise das imagens feitas pela PF foi realizada por um agente da corpora\u00e7\u00e3o que n\u00e3o \u00e9 perito.<\/span><\/p><\/blockquote>\n\n\n\n<div class=\"wp-block-image\"><figure class=\"aligncenter size-large is-resized\"><a href=\"https:\/\/www.instagram.com\/restaurantepegoretti\/\"><img loading=\"lazy\" decoding=\"async\" src=\"https:\/\/jornalfatosenoticias.com.br\/wp-content\/uploads\/2023\/12\/pegoretti-logo-pdf-1024x389.jpg\" alt=\"\" class=\"wp-image-47536\" width=\"459\" height=\"174\" srcset=\"https:\/\/jornalfatosenoticias.com.br\/wp-content\/uploads\/2023\/12\/pegoretti-logo-pdf-1024x389.jpg 1024w, https:\/\/jornalfatosenoticias.com.br\/wp-content\/uploads\/2023\/12\/pegoretti-logo-pdf-300x114.jpg 300w, https:\/\/jornalfatosenoticias.com.br\/wp-content\/uploads\/2023\/12\/pegoretti-logo-pdf-768x291.jpg 768w, https:\/\/jornalfatosenoticias.com.br\/wp-content\/uploads\/2023\/12\/pegoretti-logo-pdf.jpg 1120w\" sizes=\"auto, (max-width: 459px) 100vw, 459px\" \/><\/a><\/figure><\/div>\n\n\n\n<p><strong><span class=\"has-inline-color has-black-color\">Defesa quer mostrar imagens durante julgamento<br><\/span><\/strong>Tamb\u00e9m nesta segunda-feira (26), a partir das revela\u00e7\u00f5es trazidas no laudo, a defesa solicitou ao STF que lhe seja concedido apresentar as imagens na \u00edntegra a todos os ministros da Corte durante sustenta\u00e7\u00e3o oral quando do julgamento acerca do recebimento ou n\u00e3o da den\u00fancia. \u201cNesse sentido, dado o sigilo imposto \u00e0s imagens, a defesa n\u00e3o se op\u00f5e que tal ato se d\u00ea de forma reservada\u201d, diz um trecho do pedido.<\/p>\n\n\n\n<div class=\"wp-block-image\"><figure class=\"aligncenter size-large is-resized\"><a href=\"https:\/\/www.instagram.com\/serra4x4cambioautomatico\/\"><img loading=\"lazy\" decoding=\"async\" src=\"https:\/\/jornalfatosenoticias.com.br\/wp-content\/uploads\/2024\/08\/Serra-4x4-1-886x1024.jpg\" alt=\"\" class=\"wp-image-53632\" width=\"302\" height=\"349\" srcset=\"https:\/\/jornalfatosenoticias.com.br\/wp-content\/uploads\/2024\/08\/Serra-4x4-1-886x1024.jpg 886w, https:\/\/jornalfatosenoticias.com.br\/wp-content\/uploads\/2024\/08\/Serra-4x4-1-260x300.jpg 260w, https:\/\/jornalfatosenoticias.com.br\/wp-content\/uploads\/2024\/08\/Serra-4x4-1-768x888.jpg 768w, https:\/\/jornalfatosenoticias.com.br\/wp-content\/uploads\/2024\/08\/Serra-4x4-1.jpg 1181w\" sizes=\"auto, (max-width: 302px) 100vw, 302px\" \/><\/a><\/figure><\/div>\n\n\n\n<p><strong><span class=\"has-inline-color has-black-color\">OAB volta a pedir fim do sigilo das imagens<br><\/span><\/strong>Nesta segunda-feira (26), a Ordem dos Advogados do Brasil (OAB) voltou a pedir ao ministro Dias Toffoli a retirada do sigilo das imagens da confus\u00e3o no aeroporto de Roma. O novo pedido da OAB foi feito em atendimento aos apelos da defesa de Roberto Mantovani Filho, Andreia Munar\u00e3o e Alex Zanatta Bignotto. Os tr\u00eas s\u00e3o acusados de hostilizar o ministro do STF, Alexandre de Moraes.\u00a0 \u00c0 Gazeta do Povo, o advogado Ralph T\u00f3rtima disse que ainda n\u00e3o houve posicionamento do ministro sobre o pedido da OAB.<\/p>\n\n\n\n<div class=\"wp-block-image\"><figure class=\"aligncenter size-large is-resized\"><a href=\"https:\/\/www.instagram.com\/vmais.midias\/\"><img loading=\"lazy\" decoding=\"async\" src=\"https:\/\/jornalfatosenoticias.com.br\/wp-content\/uploads\/2020\/02\/DE-MAIS-DESTAQUE-VMAIS-800X700.png\" alt=\"\" class=\"wp-image-53112\" width=\"279\" height=\"243\" srcset=\"https:\/\/jornalfatosenoticias.com.br\/wp-content\/uploads\/2020\/02\/DE-MAIS-DESTAQUE-VMAIS-800X700.png 800w, https:\/\/jornalfatosenoticias.com.br\/wp-content\/uploads\/2020\/02\/DE-MAIS-DESTAQUE-VMAIS-800X700-768x672.png 768w\" sizes=\"auto, (max-width: 279px) 100vw, 279px\" \/><\/a><\/figure><\/div>\n\n\n\n<p><strong><span class=\"has-inline-color has-black-color\">O inqu\u00e9rito<br><\/span><\/strong>O inqu\u00e9rito para apurar a confus\u00e3o foi instaurado sob sigilo. No dia seguinte \u00e0 confus\u00e3o, o trio acusado por Moraes acordou com a Pol\u00edcia Federal na porta.\u00a0Como Roberto Mantovani Filho e Andreia Munar\u00e3o j\u00e1 tinham um compromisso agendado para aquele dia, apenas Alex Zanata Bignotto compareceu \u00e0 pol\u00edcia para prestar depoimento no dia 16 de julho de 2023.\u00a0<\/p>\n\n\n\n<div class=\"wp-block-image\"><figure class=\"aligncenter size-large is-resized\"><a href=\"https:\/\/hotelmarquetti.com.br\/\"><img loading=\"lazy\" decoding=\"async\" src=\"https:\/\/jornalfatosenoticias.com.br\/wp-content\/uploads\/2023\/03\/nova-logo-Marquetti.jpg\" alt=\"\" class=\"wp-image-40207\" width=\"313\" height=\"210\" srcset=\"https:\/\/jornalfatosenoticias.com.br\/wp-content\/uploads\/2023\/03\/nova-logo-Marquetti.jpg 643w, https:\/\/jornalfatosenoticias.com.br\/wp-content\/uploads\/2023\/03\/nova-logo-Marquetti-300x202.jpg 300w\" sizes=\"auto, (max-width: 313px) 100vw, 313px\" \/><\/a><\/figure><\/div>\n\n\n\n<p>No in\u00edcio de outubro de 2023, ap\u00f3s apelo da OAB, Toffoli decidiu retirar o sigilo do inqu\u00e9rito, mas manteve em segredo as imagens do aeroporto enviadas pelas autoridades italianas que mostram a confus\u00e3o. Toffoli considerou que as imagens mostram \u201cin\u00fameras pessoas, incluindo menores de idade\u201d, que n\u00e3o teriam rela\u00e7\u00e3o com o caso, e por isso, para manter a privacidade delas, optou pela n\u00e3o divulga\u00e7\u00e3o.\u00a0\u00a0<\/p>\n\n\n\n<div class=\"wp-block-image\"><figure class=\"aligncenter size-large is-resized\"><a href=\"https:\/\/www.facebook.com\/postobkr\/?locale=pt_BR\"><img loading=\"lazy\" decoding=\"async\" src=\"https:\/\/jornalfatosenoticias.com.br\/wp-content\/uploads\/2023\/08\/BKR-1024x1021.jpg\" alt=\"\" class=\"wp-image-44494\" width=\"276\" height=\"275\" srcset=\"https:\/\/jornalfatosenoticias.com.br\/wp-content\/uploads\/2023\/08\/BKR-1024x1021.jpg 1024w, https:\/\/jornalfatosenoticias.com.br\/wp-content\/uploads\/2023\/08\/BKR-300x300.jpg 300w, https:\/\/jornalfatosenoticias.com.br\/wp-content\/uploads\/2023\/08\/BKR-150x150.jpg 150w, https:\/\/jornalfatosenoticias.com.br\/wp-content\/uploads\/2023\/08\/BKR-768x766.jpg 768w, https:\/\/jornalfatosenoticias.com.br\/wp-content\/uploads\/2023\/08\/BKR.jpg 1080w\" sizes=\"auto, (max-width: 276px) 100vw, 276px\" \/><\/a><\/figure><\/div>\n\n\n\n<p>Ap\u00f3s seguidos apelos da defesa do trio, o ministro permitiu que o advogado Ralph T\u00f3rtima Stettinger Filho tivesse acesso \u00e0s imagens apenas nas depend\u00eancias do STF, sendo vedada a extra\u00e7\u00e3o de c\u00f3pia pela defesa e pelo Minist\u00e9rio P\u00fablico.\u00a0Em outubro de 2023, o advogado Ralph T\u00f3rtima disse que a investiga\u00e7\u00e3o \u201ctem lado\u201d\u00a0 e \u00e9 \u201cnitidamente direcionada\u201d para favorecer uma das partes, em refer\u00eancia \u00e0 vers\u00e3o apresentada pelo ministro sobre a confus\u00e3o.<\/p>\n\n\n\n<div class=\"wp-block-image\"><figure class=\"aligncenter size-large is-resized\"><a href=\"https:\/\/www.facebook.com\/vetor.vix\/\"><img loading=\"lazy\" decoding=\"async\" src=\"https:\/\/jornalfatosenoticias.com.br\/wp-content\/uploads\/2023\/09\/vetorvix1024_1.jpg\" alt=\"\" class=\"wp-image-44868\" width=\"516\" height=\"137\" srcset=\"https:\/\/jornalfatosenoticias.com.br\/wp-content\/uploads\/2023\/09\/vetorvix1024_1.jpg 1024w, https:\/\/jornalfatosenoticias.com.br\/wp-content\/uploads\/2023\/09\/vetorvix1024_1-300x80.jpg 300w, https:\/\/jornalfatosenoticias.com.br\/wp-content\/uploads\/2023\/09\/vetorvix1024_1-768x205.jpg 768w\" sizes=\"auto, (max-width: 516px) 100vw, 516px\" \/><\/a><\/figure><\/div>\n\n\n\n<p><span class=\"has-inline-color has-black-color\"><em>(<strong>Foto:<\/strong> Reprodu\u00e7\u00e3o\/Relat\u00f3rio da Pol\u00edcia Federal)<\/em><\/span><\/p>\n\n\n\n<p><strong><em>Fonte: <a href=\"https:\/\/www.gazetadopovo.com.br\/republica\/tapa-na-nuca-de-filho-de-moraes-em-empresario-foi-omitido-pela-pf-diz-advogado\/\">Gazeta do Povo<\/a><\/em><\/strong><\/p>\n","protected":false},"excerpt":{"rendered":"<p>Montagem com fotos da confus\u00e3o em Roma envolvendo a fam\u00edlia de Moraes que constam no relat\u00f3rio da Pol\u00edcia Federal Por Di\u00f3genes Freire Feitosa Com base em um laudo pericial feito a partir de imagens captadas pelo circuito de v\u00eddeo do Aeroporto Internacional de Roma sobre a confus\u00e3o envolvendo do ministro do Supremo Tribunal Federal (STF), [&hellip;]<\/p>\n","protected":false},"author":2,"featured_media":53780,"comment_status":"open","ping_status":"open","sticky":false,"template":"","format":"standard","meta":{"footnotes":""},"categories":[5],"tags":[13889,296,1043,2140,4573,23900,2146,4992,294],"class_list":["post-53779","post","type-post","status-publish","format-standard","has-post-thumbnail","hentry","category-geral","tag-alexandre-de-moraes","tag-dias-toffoli","tag-familia","tag-impeachment","tag-ministerio-publico","tag-oab","tag-policia-federal","tag-roma-2","tag-stf"],"yoast_head":"<!-- This site is optimized with the Yoast SEO plugin v26.5 - https:\/\/yoast.com\/wordpress\/plugins\/seo\/ -->\n<title>\u201cTapa na nuca\u201d de filho de Moraes em empres\u00e1rio foi omitido pela PF, diz advogado - Jornal Fatos e Not\u00edcias<\/title>\n<meta name=\"robots\" content=\"index, follow, max-snippet:-1, max-image-preview:large, max-video-preview:-1\" \/>\n<link rel=\"canonical\" href=\"https:\/\/jornalfatosenoticias.com.br\/index.php\/2024\/08\/27\/tapa-na-nuca-de-filho-de-moraes-em-empresario-foi-omitido-pela-pf-diz-advogado\/\" \/>\n<meta property=\"og:locale\" content=\"pt_BR\" \/>\n<meta property=\"og:type\" content=\"article\" \/>\n<meta property=\"og:title\" content=\"\u201cTapa na nuca\u201d de filho de Moraes em empres\u00e1rio foi omitido pela PF, diz advogado - Jornal Fatos e Not\u00edcias\" \/>\n<meta property=\"og:description\" content=\"Montagem com fotos da confus\u00e3o em Roma envolvendo a fam\u00edlia de Moraes que constam no relat\u00f3rio da Pol\u00edcia Federal Por Di\u00f3genes Freire Feitosa Com base em um laudo pericial feito a partir de imagens captadas pelo circuito de v\u00eddeo do Aeroporto Internacional de Roma sobre a confus\u00e3o envolvendo do ministro do Supremo Tribunal Federal (STF), [&hellip;]\" \/>\n<meta property=\"og:url\" content=\"https:\/\/jornalfatosenoticias.com.br\/index.php\/2024\/08\/27\/tapa-na-nuca-de-filho-de-moraes-em-empresario-foi-omitido-pela-pf-diz-advogado\/\" \/>\n<meta property=\"og:site_name\" content=\"Jornal Fatos e Not\u00edcias\" \/>\n<meta property=\"article:published_time\" content=\"2024-08-27T15:40:45+00:00\" \/>\n<meta property=\"article:modified_time\" content=\"2024-08-27T15:41:51+00:00\" \/>\n<meta property=\"og:image\" content=\"https:\/\/jornalfatosenoticias.com.br\/wp-content\/uploads\/2024\/08\/Roma-montagem-3-fotos-.jpg\" \/>\n\t<meta property=\"og:image:width\" content=\"960\" \/>\n\t<meta property=\"og:image:height\" content=\"540\" \/>\n\t<meta property=\"og:image:type\" content=\"image\/jpeg\" \/>\n<meta name=\"author\" content=\"Luzimara Fernandes\" \/>\n<meta name=\"twitter:card\" content=\"summary_large_image\" \/>\n<meta name=\"twitter:label1\" content=\"Escrito por\" \/>\n\t<meta name=\"twitter:data1\" content=\"Luzimara Fernandes\" \/>\n\t<meta name=\"twitter:label2\" content=\"Est. tempo de leitura\" \/>\n\t<meta name=\"twitter:data2\" content=\"6 minutos\" \/>\n<script type=\"application\/ld+json\" class=\"yoast-schema-graph\">{\"@context\":\"https:\/\/schema.org\",\"@graph\":[{\"@type\":\"Article\",\"@id\":\"https:\/\/jornalfatosenoticias.com.br\/index.php\/2024\/08\/27\/tapa-na-nuca-de-filho-de-moraes-em-empresario-foi-omitido-pela-pf-diz-advogado\/#article\",\"isPartOf\":{\"@id\":\"https:\/\/jornalfatosenoticias.com.br\/index.php\/2024\/08\/27\/tapa-na-nuca-de-filho-de-moraes-em-empresario-foi-omitido-pela-pf-diz-advogado\/\"},\"author\":{\"name\":\"Luzimara Fernandes\",\"@id\":\"https:\/\/jornalfatosenoticias.com.br\/#\/schema\/person\/d63837fa13ac8666eb9e74e0985d6f81\"},\"headline\":\"\u201cTapa na nuca\u201d de filho de Moraes em empres\u00e1rio foi omitido pela PF, diz advogado\",\"datePublished\":\"2024-08-27T15:40:45+00:00\",\"dateModified\":\"2024-08-27T15:41:51+00:00\",\"mainEntityOfPage\":{\"@id\":\"https:\/\/jornalfatosenoticias.com.br\/index.php\/2024\/08\/27\/tapa-na-nuca-de-filho-de-moraes-em-empresario-foi-omitido-pela-pf-diz-advogado\/\"},\"wordCount\":1226,\"commentCount\":0,\"publisher\":{\"@id\":\"https:\/\/jornalfatosenoticias.com.br\/#organization\"},\"image\":{\"@id\":\"https:\/\/jornalfatosenoticias.com.br\/index.php\/2024\/08\/27\/tapa-na-nuca-de-filho-de-moraes-em-empresario-foi-omitido-pela-pf-diz-advogado\/#primaryimage\"},\"thumbnailUrl\":\"https:\/\/jornalfatosenoticias.com.br\/wp-content\/uploads\/2024\/08\/Roma-montagem-3-fotos-.jpg\",\"keywords\":[\"Alexandre de Moraes\",\"Dias Toffoli\",\"fam\u00edlia\",\"impeachment\",\"Minist\u00e9rio P\u00fablico\",\"OAB\",\"Pol\u00edcia Federal\",\"Roma\",\"STF\"],\"articleSection\":[\"Geral\"],\"inLanguage\":\"pt-BR\",\"potentialAction\":[{\"@type\":\"CommentAction\",\"name\":\"Comment\",\"target\":[\"https:\/\/jornalfatosenoticias.com.br\/index.php\/2024\/08\/27\/tapa-na-nuca-de-filho-de-moraes-em-empresario-foi-omitido-pela-pf-diz-advogado\/#respond\"]}]},{\"@type\":\"WebPage\",\"@id\":\"https:\/\/jornalfatosenoticias.com.br\/index.php\/2024\/08\/27\/tapa-na-nuca-de-filho-de-moraes-em-empresario-foi-omitido-pela-pf-diz-advogado\/\",\"url\":\"https:\/\/jornalfatosenoticias.com.br\/index.php\/2024\/08\/27\/tapa-na-nuca-de-filho-de-moraes-em-empresario-foi-omitido-pela-pf-diz-advogado\/\",\"name\":\"\u201cTapa na nuca\u201d de filho de Moraes em empres\u00e1rio foi omitido pela PF, diz advogado - Jornal Fatos e Not\u00edcias\",\"isPartOf\":{\"@id\":\"https:\/\/jornalfatosenoticias.com.br\/#website\"},\"primaryImageOfPage\":{\"@id\":\"https:\/\/jornalfatosenoticias.com.br\/index.php\/2024\/08\/27\/tapa-na-nuca-de-filho-de-moraes-em-empresario-foi-omitido-pela-pf-diz-advogado\/#primaryimage\"},\"image\":{\"@id\":\"https:\/\/jornalfatosenoticias.com.br\/index.php\/2024\/08\/27\/tapa-na-nuca-de-filho-de-moraes-em-empresario-foi-omitido-pela-pf-diz-advogado\/#primaryimage\"},\"thumbnailUrl\":\"https:\/\/jornalfatosenoticias.com.br\/wp-content\/uploads\/2024\/08\/Roma-montagem-3-fotos-.jpg\",\"datePublished\":\"2024-08-27T15:40:45+00:00\",\"dateModified\":\"2024-08-27T15:41:51+00:00\",\"breadcrumb\":{\"@id\":\"https:\/\/jornalfatosenoticias.com.br\/index.php\/2024\/08\/27\/tapa-na-nuca-de-filho-de-moraes-em-empresario-foi-omitido-pela-pf-diz-advogado\/#breadcrumb\"},\"inLanguage\":\"pt-BR\",\"potentialAction\":[{\"@type\":\"ReadAction\",\"target\":[\"https:\/\/jornalfatosenoticias.com.br\/index.php\/2024\/08\/27\/tapa-na-nuca-de-filho-de-moraes-em-empresario-foi-omitido-pela-pf-diz-advogado\/\"]}]},{\"@type\":\"ImageObject\",\"inLanguage\":\"pt-BR\",\"@id\":\"https:\/\/jornalfatosenoticias.com.br\/index.php\/2024\/08\/27\/tapa-na-nuca-de-filho-de-moraes-em-empresario-foi-omitido-pela-pf-diz-advogado\/#primaryimage\",\"url\":\"https:\/\/jornalfatosenoticias.com.br\/wp-content\/uploads\/2024\/08\/Roma-montagem-3-fotos-.jpg\",\"contentUrl\":\"https:\/\/jornalfatosenoticias.com.br\/wp-content\/uploads\/2024\/08\/Roma-montagem-3-fotos-.jpg\",\"width\":960,\"height\":540},{\"@type\":\"BreadcrumbList\",\"@id\":\"https:\/\/jornalfatosenoticias.com.br\/index.php\/2024\/08\/27\/tapa-na-nuca-de-filho-de-moraes-em-empresario-foi-omitido-pela-pf-diz-advogado\/#breadcrumb\",\"itemListElement\":[{\"@type\":\"ListItem\",\"position\":1,\"name\":\"In\u00edcio\",\"item\":\"https:\/\/jornalfatosenoticias.com.br\/\"},{\"@type\":\"ListItem\",\"position\":2,\"name\":\"\u201cTapa na nuca\u201d de filho de Moraes em empres\u00e1rio foi omitido pela PF, diz advogado\"}]},{\"@type\":\"WebSite\",\"@id\":\"https:\/\/jornalfatosenoticias.com.br\/#website\",\"url\":\"https:\/\/jornalfatosenoticias.com.br\/\",\"name\":\"Jornal Fatos e Not\u00edcias\",\"description\":\"Not\u00edcias em geral\",\"publisher\":{\"@id\":\"https:\/\/jornalfatosenoticias.com.br\/#organization\"},\"potentialAction\":[{\"@type\":\"SearchAction\",\"target\":{\"@type\":\"EntryPoint\",\"urlTemplate\":\"https:\/\/jornalfatosenoticias.com.br\/?s={search_term_string}\"},\"query-input\":{\"@type\":\"PropertyValueSpecification\",\"valueRequired\":true,\"valueName\":\"search_term_string\"}}],\"inLanguage\":\"pt-BR\"},{\"@type\":\"Organization\",\"@id\":\"https:\/\/jornalfatosenoticias.com.br\/#organization\",\"name\":\"Jornal Fatos e Not\u00edcias\",\"url\":\"https:\/\/jornalfatosenoticias.com.br\/\",\"logo\":{\"@type\":\"ImageObject\",\"inLanguage\":\"pt-BR\",\"@id\":\"https:\/\/jornalfatosenoticias.com.br\/#\/schema\/logo\/image\/\",\"url\":\"https:\/\/jornalfatosenoticias.com.br\/wp-content\/uploads\/2020\/02\/logo120.png\",\"contentUrl\":\"https:\/\/jornalfatosenoticias.com.br\/wp-content\/uploads\/2020\/02\/logo120.png\",\"width\":1227,\"height\":120,\"caption\":\"Jornal Fatos e Not\u00edcias\"},\"image\":{\"@id\":\"https:\/\/jornalfatosenoticias.com.br\/#\/schema\/logo\/image\/\"}},{\"@type\":\"Person\",\"@id\":\"https:\/\/jornalfatosenoticias.com.br\/#\/schema\/person\/d63837fa13ac8666eb9e74e0985d6f81\",\"name\":\"Luzimara Fernandes\",\"image\":{\"@type\":\"ImageObject\",\"inLanguage\":\"pt-BR\",\"@id\":\"https:\/\/jornalfatosenoticias.com.br\/#\/schema\/person\/image\/\",\"url\":\"https:\/\/jornalfatosenoticias.com.br\/wp-content\/uploads\/2025\/05\/EU_portal.jpg\",\"contentUrl\":\"https:\/\/jornalfatosenoticias.com.br\/wp-content\/uploads\/2025\/05\/EU_portal.jpg\",\"caption\":\"Luzimara Fernandes\"},\"description\":\"Jornalista MTB 2358-ES\",\"sameAs\":[\"https:\/\/jornalfatosenoticias.com.br\"],\"url\":\"https:\/\/jornalfatosenoticias.com.br\/index.php\/author\/luzimara\/\"}]}<\/script>\n<!-- \/ Yoast SEO plugin. -->","yoast_head_json":{"title":"\u201cTapa na nuca\u201d de filho de Moraes em empres\u00e1rio foi omitido pela PF, diz advogado - Jornal Fatos e Not\u00edcias","robots":{"index":"index","follow":"follow","max-snippet":"max-snippet:-1","max-image-preview":"max-image-preview:large","max-video-preview":"max-video-preview:-1"},"canonical":"https:\/\/jornalfatosenoticias.com.br\/index.php\/2024\/08\/27\/tapa-na-nuca-de-filho-de-moraes-em-empresario-foi-omitido-pela-pf-diz-advogado\/","og_locale":"pt_BR","og_type":"article","og_title":"\u201cTapa na nuca\u201d de filho de Moraes em empres\u00e1rio foi omitido pela PF, diz advogado - Jornal Fatos e Not\u00edcias","og_description":"Montagem com fotos da confus\u00e3o em Roma envolvendo a fam\u00edlia de Moraes que constam no relat\u00f3rio da Pol\u00edcia Federal Por Di\u00f3genes Freire Feitosa Com base em um laudo pericial feito a partir de imagens captadas pelo circuito de v\u00eddeo do Aeroporto Internacional de Roma sobre a confus\u00e3o envolvendo do ministro do Supremo Tribunal Federal (STF), [&hellip;]","og_url":"https:\/\/jornalfatosenoticias.com.br\/index.php\/2024\/08\/27\/tapa-na-nuca-de-filho-de-moraes-em-empresario-foi-omitido-pela-pf-diz-advogado\/","og_site_name":"Jornal Fatos e Not\u00edcias","article_published_time":"2024-08-27T15:40:45+00:00","article_modified_time":"2024-08-27T15:41:51+00:00","og_image":[{"width":960,"height":540,"url":"https:\/\/jornalfatosenoticias.com.br\/wp-content\/uploads\/2024\/08\/Roma-montagem-3-fotos-.jpg","type":"image\/jpeg"}],"author":"Luzimara Fernandes","twitter_card":"summary_large_image","twitter_misc":{"Escrito por":"Luzimara Fernandes","Est. tempo de leitura":"6 minutos"},"schema":{"@context":"https:\/\/schema.org","@graph":[{"@type":"Article","@id":"https:\/\/jornalfatosenoticias.com.br\/index.php\/2024\/08\/27\/tapa-na-nuca-de-filho-de-moraes-em-empresario-foi-omitido-pela-pf-diz-advogado\/#article","isPartOf":{"@id":"https:\/\/jornalfatosenoticias.com.br\/index.php\/2024\/08\/27\/tapa-na-nuca-de-filho-de-moraes-em-empresario-foi-omitido-pela-pf-diz-advogado\/"},"author":{"name":"Luzimara Fernandes","@id":"https:\/\/jornalfatosenoticias.com.br\/#\/schema\/person\/d63837fa13ac8666eb9e74e0985d6f81"},"headline":"\u201cTapa na nuca\u201d de filho de Moraes em empres\u00e1rio foi omitido pela PF, diz advogado","datePublished":"2024-08-27T15:40:45+00:00","dateModified":"2024-08-27T15:41:51+00:00","mainEntityOfPage":{"@id":"https:\/\/jornalfatosenoticias.com.br\/index.php\/2024\/08\/27\/tapa-na-nuca-de-filho-de-moraes-em-empresario-foi-omitido-pela-pf-diz-advogado\/"},"wordCount":1226,"commentCount":0,"publisher":{"@id":"https:\/\/jornalfatosenoticias.com.br\/#organization"},"image":{"@id":"https:\/\/jornalfatosenoticias.com.br\/index.php\/2024\/08\/27\/tapa-na-nuca-de-filho-de-moraes-em-empresario-foi-omitido-pela-pf-diz-advogado\/#primaryimage"},"thumbnailUrl":"https:\/\/jornalfatosenoticias.com.br\/wp-content\/uploads\/2024\/08\/Roma-montagem-3-fotos-.jpg","keywords":["Alexandre de Moraes","Dias Toffoli","fam\u00edlia","impeachment","Minist\u00e9rio P\u00fablico","OAB","Pol\u00edcia Federal","Roma","STF"],"articleSection":["Geral"],"inLanguage":"pt-BR","potentialAction":[{"@type":"CommentAction","name":"Comment","target":["https:\/\/jornalfatosenoticias.com.br\/index.php\/2024\/08\/27\/tapa-na-nuca-de-filho-de-moraes-em-empresario-foi-omitido-pela-pf-diz-advogado\/#respond"]}]},{"@type":"WebPage","@id":"https:\/\/jornalfatosenoticias.com.br\/index.php\/2024\/08\/27\/tapa-na-nuca-de-filho-de-moraes-em-empresario-foi-omitido-pela-pf-diz-advogado\/","url":"https:\/\/jornalfatosenoticias.com.br\/index.php\/2024\/08\/27\/tapa-na-nuca-de-filho-de-moraes-em-empresario-foi-omitido-pela-pf-diz-advogado\/","name":"\u201cTapa na nuca\u201d de filho de Moraes em empres\u00e1rio foi omitido pela PF, diz advogado - Jornal Fatos e Not\u00edcias","isPartOf":{"@id":"https:\/\/jornalfatosenoticias.com.br\/#website"},"primaryImageOfPage":{"@id":"https:\/\/jornalfatosenoticias.com.br\/index.php\/2024\/08\/27\/tapa-na-nuca-de-filho-de-moraes-em-empresario-foi-omitido-pela-pf-diz-advogado\/#primaryimage"},"image":{"@id":"https:\/\/jornalfatosenoticias.com.br\/index.php\/2024\/08\/27\/tapa-na-nuca-de-filho-de-moraes-em-empresario-foi-omitido-pela-pf-diz-advogado\/#primaryimage"},"thumbnailUrl":"https:\/\/jornalfatosenoticias.com.br\/wp-content\/uploads\/2024\/08\/Roma-montagem-3-fotos-.jpg","datePublished":"2024-08-27T15:40:45+00:00","dateModified":"2024-08-27T15:41:51+00:00","breadcrumb":{"@id":"https:\/\/jornalfatosenoticias.com.br\/index.php\/2024\/08\/27\/tapa-na-nuca-de-filho-de-moraes-em-empresario-foi-omitido-pela-pf-diz-advogado\/#breadcrumb"},"inLanguage":"pt-BR","potentialAction":[{"@type":"ReadAction","target":["https:\/\/jornalfatosenoticias.com.br\/index.php\/2024\/08\/27\/tapa-na-nuca-de-filho-de-moraes-em-empresario-foi-omitido-pela-pf-diz-advogado\/"]}]},{"@type":"ImageObject","inLanguage":"pt-BR","@id":"https:\/\/jornalfatosenoticias.com.br\/index.php\/2024\/08\/27\/tapa-na-nuca-de-filho-de-moraes-em-empresario-foi-omitido-pela-pf-diz-advogado\/#primaryimage","url":"https:\/\/jornalfatosenoticias.com.br\/wp-content\/uploads\/2024\/08\/Roma-montagem-3-fotos-.jpg","contentUrl":"https:\/\/jornalfatosenoticias.com.br\/wp-content\/uploads\/2024\/08\/Roma-montagem-3-fotos-.jpg","width":960,"height":540},{"@type":"BreadcrumbList","@id":"https:\/\/jornalfatosenoticias.com.br\/index.php\/2024\/08\/27\/tapa-na-nuca-de-filho-de-moraes-em-empresario-foi-omitido-pela-pf-diz-advogado\/#breadcrumb","itemListElement":[{"@type":"ListItem","position":1,"name":"In\u00edcio","item":"https:\/\/jornalfatosenoticias.com.br\/"},{"@type":"ListItem","position":2,"name":"\u201cTapa na nuca\u201d de filho de Moraes em empres\u00e1rio foi omitido pela PF, diz advogado"}]},{"@type":"WebSite","@id":"https:\/\/jornalfatosenoticias.com.br\/#website","url":"https:\/\/jornalfatosenoticias.com.br\/","name":"Jornal Fatos e Not\u00edcias","description":"Not\u00edcias em geral","publisher":{"@id":"https:\/\/jornalfatosenoticias.com.br\/#organization"},"potentialAction":[{"@type":"SearchAction","target":{"@type":"EntryPoint","urlTemplate":"https:\/\/jornalfatosenoticias.com.br\/?s={search_term_string}"},"query-input":{"@type":"PropertyValueSpecification","valueRequired":true,"valueName":"search_term_string"}}],"inLanguage":"pt-BR"},{"@type":"Organization","@id":"https:\/\/jornalfatosenoticias.com.br\/#organization","name":"Jornal Fatos e Not\u00edcias","url":"https:\/\/jornalfatosenoticias.com.br\/","logo":{"@type":"ImageObject","inLanguage":"pt-BR","@id":"https:\/\/jornalfatosenoticias.com.br\/#\/schema\/logo\/image\/","url":"https:\/\/jornalfatosenoticias.com.br\/wp-content\/uploads\/2020\/02\/logo120.png","contentUrl":"https:\/\/jornalfatosenoticias.com.br\/wp-content\/uploads\/2020\/02\/logo120.png","width":1227,"height":120,"caption":"Jornal Fatos e Not\u00edcias"},"image":{"@id":"https:\/\/jornalfatosenoticias.com.br\/#\/schema\/logo\/image\/"}},{"@type":"Person","@id":"https:\/\/jornalfatosenoticias.com.br\/#\/schema\/person\/d63837fa13ac8666eb9e74e0985d6f81","name":"Luzimara Fernandes","image":{"@type":"ImageObject","inLanguage":"pt-BR","@id":"https:\/\/jornalfatosenoticias.com.br\/#\/schema\/person\/image\/","url":"https:\/\/jornalfatosenoticias.com.br\/wp-content\/uploads\/2025\/05\/EU_portal.jpg","contentUrl":"https:\/\/jornalfatosenoticias.com.br\/wp-content\/uploads\/2025\/05\/EU_portal.jpg","caption":"Luzimara Fernandes"},"description":"Jornalista MTB 2358-ES","sameAs":["https:\/\/jornalfatosenoticias.com.br"],"url":"https:\/\/jornalfatosenoticias.com.br\/index.php\/author\/luzimara\/"}]}},"cc_featured_image_caption":{"caption_text":"","source_text":"","source_url":""},"jetpack_featured_media_url":"https:\/\/jornalfatosenoticias.com.br\/wp-content\/uploads\/2024\/08\/Roma-montagem-3-fotos-.jpg","_links":{"self":[{"href":"https:\/\/jornalfatosenoticias.com.br\/index.php\/wp-json\/wp\/v2\/posts\/53779","targetHints":{"allow":["GET"]}}],"collection":[{"href":"https:\/\/jornalfatosenoticias.com.br\/index.php\/wp-json\/wp\/v2\/posts"}],"about":[{"href":"https:\/\/jornalfatosenoticias.com.br\/index.php\/wp-json\/wp\/v2\/types\/post"}],"author":[{"embeddable":true,"href":"https:\/\/jornalfatosenoticias.com.br\/index.php\/wp-json\/wp\/v2\/users\/2"}],"replies":[{"embeddable":true,"href":"https:\/\/jornalfatosenoticias.com.br\/index.php\/wp-json\/wp\/v2\/comments?post=53779"}],"version-history":[{"count":0,"href":"https:\/\/jornalfatosenoticias.com.br\/index.php\/wp-json\/wp\/v2\/posts\/53779\/revisions"}],"wp:featuredmedia":[{"embeddable":true,"href":"https:\/\/jornalfatosenoticias.com.br\/index.php\/wp-json\/wp\/v2\/media\/53780"}],"wp:attachment":[{"href":"https:\/\/jornalfatosenoticias.com.br\/index.php\/wp-json\/wp\/v2\/media?parent=53779"}],"wp:term":[{"taxonomy":"category","embeddable":true,"href":"https:\/\/jornalfatosenoticias.com.br\/index.php\/wp-json\/wp\/v2\/categories?post=53779"},{"taxonomy":"post_tag","embeddable":true,"href":"https:\/\/jornalfatosenoticias.com.br\/index.php\/wp-json\/wp\/v2\/tags?post=53779"}],"curies":[{"name":"wp","href":"https:\/\/api.w.org\/{rel}","templated":true}]}}