{"id":53789,"date":"2024-08-29T11:33:09","date_gmt":"2024-08-29T14:33:09","guid":{"rendered":"https:\/\/jornalfatosenoticias.com.br\/?p=53789"},"modified":"2024-08-29T11:33:11","modified_gmt":"2024-08-29T14:33:11","slug":"semana-nacional-da-deficiencia-intelectual-e-multipla","status":"publish","type":"post","link":"https:\/\/jornalfatosenoticias.com.br\/index.php\/2024\/08\/29\/semana-nacional-da-deficiencia-intelectual-e-multipla\/","title":{"rendered":"Semana Nacional da Defici\u00eancia Intelectual e M\u00faltipla"},"content":{"rendered":"\n<p><span class=\"has-inline-color has-black-color\"><em>A data foi institu\u00edda ao calend\u00e1rio nacional de sa\u00fade para fomentar o desenvolvimento de conte\u00fados que conscientizem a sociedade sobre as necessidades desta popula\u00e7\u00e3o<\/em><\/span><\/p>\n\n\n\n<div class=\"wp-block-image\"><figure class=\"aligncenter size-large\"><a href=\"https:\/\/mizu.com.br\/\"><img loading=\"lazy\" decoding=\"async\" width=\"729\" height=\"90\" src=\"https:\/\/jornalfatosenoticias.com.br\/wp-content\/uploads\/2020\/02\/Logo_Mizu.png\" alt=\"\" class=\"wp-image-1441\" srcset=\"https:\/\/jornalfatosenoticias.com.br\/wp-content\/uploads\/2020\/02\/Logo_Mizu.png 729w, https:\/\/jornalfatosenoticias.com.br\/wp-content\/uploads\/2020\/02\/Logo_Mizu-300x37.png 300w\" sizes=\"auto, (max-width: 729px) 100vw, 729px\" \/><\/a><\/figure><\/div>\n\n\n\n<p>A Semana Nacional da Pessoa com Defici\u00eancia Intelectual e M\u00faltipla, se inicia no 21 e vai at\u00e9 ao dia 28 de agosto, \u00e9 um momento de grande import\u00e2ncia para a promo\u00e7\u00e3o da conscientiza\u00e7\u00e3o sobre os direitos e as necessidades das pessoas com defici\u00eancia. Foi institu\u00edda ao calend\u00e1rio nacional de sa\u00fade para fomentar o desenvolvimento de conte\u00fados que conscientizem a sociedade sobre as necessidades desta popula\u00e7\u00e3o. Tamb\u00e9m visa combater a desinforma\u00e7\u00e3o e o preconceito, al\u00e9m de promover inclus\u00e3o e integra\u00e7\u00e3o social. A campanha \u00e9 promovida pela Federa\u00e7\u00e3o Nacional das Apaes (Fenapaes) desde 1963 e foi introduzida no calend\u00e1rio nacional pela Lei n\u00ba. 13.585\/2017. Segundo dados mais recentes do IBGE, divulgados em 2023, cerca de 18,6 milh\u00f5es de pessoas no Brasil possuem algum tipo de defici\u00eancia, o que representa aproximadamente 8,9% da popula\u00e7\u00e3o com dois anos ou mais de idade.<\/p>\n\n\n\n<div class=\"wp-block-image\"><figure class=\"aligncenter size-large is-resized\"><a href=\"https:\/\/www.controlsystems.com.br\/\"><img loading=\"lazy\" decoding=\"async\" src=\"https:\/\/jornalfatosenoticias.com.br\/wp-content\/uploads\/2020\/02\/CONTROL-CS.jpg\" alt=\"\" class=\"wp-image-44991\" width=\"282\" height=\"337\" srcset=\"https:\/\/jornalfatosenoticias.com.br\/wp-content\/uploads\/2020\/02\/CONTROL-CS.jpg 834w, https:\/\/jornalfatosenoticias.com.br\/wp-content\/uploads\/2020\/02\/CONTROL-CS-250x300.jpg 250w, https:\/\/jornalfatosenoticias.com.br\/wp-content\/uploads\/2020\/02\/CONTROL-CS-768x921.jpg 768w\" sizes=\"auto, (max-width: 282px) 100vw, 282px\" \/><\/a><\/figure><\/div>\n\n\n\n<p><strong><span class=\"has-inline-color has-vivid-purple-color\">Defici\u00eancia intelectual:<\/span><\/strong> \u00e9 um Transtorno do Desenvolvimento Intelectual ou Defici\u00eancia Intelectual j\u00e1 foi conhecida por outras denomina\u00e7\u00f5es como, por exemplo, retardo mental. Crian\u00e7as\/adolescentes com defici\u00eancia intelectual apresentam funcionamento intelectual significativamente inferior \u00e0 m\u00e9dia. <\/p>\n\n\n\n<div class=\"wp-block-image\"><figure class=\"aligncenter size-large is-resized\"><a href=\"https:\/\/www.instagram.com\/restaurantepegoretti\/\"><img loading=\"lazy\" decoding=\"async\" src=\"https:\/\/jornalfatosenoticias.com.br\/wp-content\/uploads\/2023\/12\/pegoretti-logo-pdf-1024x389.jpg\" alt=\"\" class=\"wp-image-47536\" width=\"411\" height=\"156\" srcset=\"https:\/\/jornalfatosenoticias.com.br\/wp-content\/uploads\/2023\/12\/pegoretti-logo-pdf-1024x389.jpg 1024w, https:\/\/jornalfatosenoticias.com.br\/wp-content\/uploads\/2023\/12\/pegoretti-logo-pdf-300x114.jpg 300w, https:\/\/jornalfatosenoticias.com.br\/wp-content\/uploads\/2023\/12\/pegoretti-logo-pdf-768x291.jpg 768w, https:\/\/jornalfatosenoticias.com.br\/wp-content\/uploads\/2023\/12\/pegoretti-logo-pdf.jpg 1120w\" sizes=\"auto, (max-width: 411px) 100vw, 411px\" \/><\/a><\/figure><\/div>\n\n\n\n<p>Limita\u00e7\u00f5es, tanto no funcionamento intelectual quanto no comportamento adaptativo, expresso nas habilidades conceituais, sociais e pr\u00e1ticas. A pessoa com defici\u00eancia intelectual tem dificuldade para aprender, entender e realizar atividades comuns para as outras pessoas. Muitas vezes, essa pessoa se comporta como se tivesse menos idade do que realmente tem. A defici\u00eancia intelectual n\u00e3o \u00e9 uma doen\u00e7a, e sim uma limita\u00e7\u00e3o.<\/p>\n\n\n\n<div class=\"wp-block-image\"><figure class=\"aligncenter size-large\"><a href=\"https:\/\/cesconetto.com.br\/\"><img loading=\"lazy\" decoding=\"async\" width=\"300\" height=\"250\" src=\"https:\/\/jornalfatosenoticias.com.br\/wp-content\/uploads\/2020\/02\/Banner-2.png\" alt=\"\" class=\"wp-image-43787\"\/><\/a><\/figure><\/div>\n\n\n\n<p>A pessoa com defici\u00eancia intelectual deve receber acompanhamento m\u00e9dico e est\u00edmulos, atrav\u00e9s de trabalhos terap\u00eauticos com psic\u00f3logos, fonoaudi\u00f3logos, psicopedagogos e terapeutas ocupacionais. Outro ponto importante \u00e9 a inclus\u00e3o dos alunos com defici\u00eancia intelectual e m\u00faltipla \u00e9 a import\u00e2ncia de criar formas de ensino que envolvam as emo\u00e7\u00f5es.<\/p>\n\n\n\n<div class=\"wp-block-image\"><figure class=\"aligncenter size-large is-resized\"><a href=\"https:\/\/hotelmarquetti.com.br\/\"><img loading=\"lazy\" decoding=\"async\" src=\"https:\/\/jornalfatosenoticias.com.br\/wp-content\/uploads\/2023\/03\/nova-logo-Marquetti.jpg\" alt=\"\" class=\"wp-image-40207\" width=\"320\" height=\"215\" srcset=\"https:\/\/jornalfatosenoticias.com.br\/wp-content\/uploads\/2023\/03\/nova-logo-Marquetti.jpg 643w, https:\/\/jornalfatosenoticias.com.br\/wp-content\/uploads\/2023\/03\/nova-logo-Marquetti-300x202.jpg 300w\" sizes=\"auto, (max-width: 320px) 100vw, 320px\" \/><\/a><\/figure><\/div>\n\n\n\n<p>A inclus\u00e3o de crian\u00e7as com defici\u00eancia intelectual e m\u00faltipla na escola \u00e9 direito garantido por lei. No entanto, muitas pessoas ainda acreditam que os alunos com defici\u00eancia intelectual e m\u00faltipla s\u00e3o incapazes de aprender, o que n\u00e3o \u00e9 verdade. Ainda que as crian\u00e7as com defici\u00eancia intelectual e m\u00faltipla tenham atrasos cognitivos, elas s\u00e3o capazes de aprender, desde que a escola e os professores considerem suas dificuldades. Tendo como objetivo principal o processo de ensino e aprendizagem dos alunos com defici\u00eancia intelectual e m\u00faltipla. A constru\u00e7\u00e3o harm\u00f4nica da educa\u00e7\u00e3o inclusiva se faz necess\u00e1ria constantemente na forma\u00e7\u00e3o continuada dos professores para atender as necessidades b\u00e1sicas dos alunos inclusivos.<\/p>\n\n\n\n<div class=\"wp-block-image\"><figure class=\"aligncenter size-large\"><a href=\"http:\/\/www.ferrarimaquinas.com.br\/\"><img loading=\"lazy\" decoding=\"async\" width=\"300\" height=\"250\" src=\"https:\/\/jornalfatosenoticias.com.br\/wp-content\/uploads\/2022\/02\/FERRARI_MAQUINAS-E-FERRAMENTAS2.jpg\" alt=\"\" class=\"wp-image-27860\"\/><\/a><\/figure><\/div>\n\n\n\n<p><strong><span class=\"has-inline-color has-vivid-purple-color\">Defici\u00eancias m\u00faltiplas:<\/span><\/strong> s\u00e3o aquelas afetadas em duas ou mais \u00e1reas, caracterizando uma associa\u00e7\u00e3o entre diferentes defici\u00eancias, com possibilidades bastante amplas de combina\u00e7\u00f5es, como as pessoas que t\u00eam defici\u00eancia mental e f\u00edsica.<\/p>\n\n\n\n<div class=\"wp-block-image\"><figure class=\"aligncenter size-large is-resized\"><a href=\"https:\/\/panper.com.br\/\"><img loading=\"lazy\" decoding=\"async\" src=\"https:\/\/jornalfatosenoticias.com.br\/wp-content\/uploads\/2023\/03\/logo-Panper_portal.jpg\" alt=\"\" class=\"wp-image-40208\" width=\"309\" height=\"214\" srcset=\"https:\/\/jornalfatosenoticias.com.br\/wp-content\/uploads\/2023\/03\/logo-Panper_portal.jpg 400w, https:\/\/jornalfatosenoticias.com.br\/wp-content\/uploads\/2023\/03\/logo-Panper_portal-300x208.jpg 300w\" sizes=\"auto, (max-width: 309px) 100vw, 309px\" \/><\/a><\/figure><\/div>\n\n\n\n<p>O Estatuto da Pessoa com Defici\u00eancia (<strong><a href=\"https:\/\/www.planalto.gov.br\/ccivil_03\/_ato2015-2018\/2015\/lei\/l13146.htm?msclkid=e03ca915a93011eca55b7de3600188ab\">lei n\u00b0 13.146<\/a><\/strong>), de 2015, ampliou os direitos das pessoas com defici\u00eancia, alterando o modo de assegurar e garantir \u00e0 essas pessoas a inclus\u00e3o social e a cidadania na sociedade. Cujo prop\u00f3sito \u00e9 promover uma transforma\u00e7\u00e3o social por meio do conhecimento e conscientiza\u00e7\u00e3o para eliminar as barreiras em rela\u00e7\u00e3o \u00e0 inclus\u00e3o social, que precisa ser constru\u00edda diariamente por todos: pessoas com defici\u00eancia e suas fam\u00edlias e, sobretudo, pela sociedade.<\/p>\n\n\n\n<div class=\"wp-block-image\"><figure class=\"aligncenter size-large is-resized\"><a href=\"https:\/\/www.facebook.com\/postobkr\/?locale=pt_BR\"><img loading=\"lazy\" decoding=\"async\" src=\"https:\/\/jornalfatosenoticias.com.br\/wp-content\/uploads\/2023\/08\/BKR-1024x1021.jpg\" alt=\"\" class=\"wp-image-44494\" width=\"290\" height=\"289\" srcset=\"https:\/\/jornalfatosenoticias.com.br\/wp-content\/uploads\/2023\/08\/BKR-1024x1021.jpg 1024w, https:\/\/jornalfatosenoticias.com.br\/wp-content\/uploads\/2023\/08\/BKR-300x300.jpg 300w, https:\/\/jornalfatosenoticias.com.br\/wp-content\/uploads\/2023\/08\/BKR-150x150.jpg 150w, https:\/\/jornalfatosenoticias.com.br\/wp-content\/uploads\/2023\/08\/BKR-768x766.jpg 768w, https:\/\/jornalfatosenoticias.com.br\/wp-content\/uploads\/2023\/08\/BKR.jpg 1080w\" sizes=\"auto, (max-width: 290px) 100vw, 290px\" \/><\/a><\/figure><\/div>\n\n\n\n<p>As limita\u00e7\u00f5es podem ser superadas por meio da estimula\u00e7\u00e3o sistem\u00e1tica do desenvolvimento, adequa\u00e7\u00f5es em situa\u00e7\u00f5es pessoais, escolares, profissionais e sociais, al\u00e9m de oportunidades de inclus\u00e3o social. <strong>Dificuldades encontradas:<\/strong><br><strong><span class=\"has-inline-color has-black-color\">\u279c<\/span><\/strong> Aprendizagem e autogest\u00e3o em situa\u00e7\u00f5es da vida, como cuidados pessoais, responsabilidades profissionais, controle do dinheiro, recrea\u00e7\u00e3o, controle do pr\u00f3prio comportamento e organiza\u00e7\u00e3o em tarefas escolares e profissionais;<br><strong><span class=\"has-inline-color has-black-color\">\u279c<\/span><\/strong> Comunica\u00e7\u00e3o;<br><strong><span class=\"has-inline-color has-black-color\">\u279c<\/span><\/strong> Habilidades ligadas \u00e0 linguagem, leitura, escrita, matem\u00e1tica, racioc\u00ednio, conhecimento, mem\u00f3ria;<br><strong><span class=\"has-inline-color has-black-color\">\u279c<\/span><\/strong> Habilidades sociais\/interpessoais (habilidades ligadas \u00e0 consci\u00eancia das experi\u00eancias alheias, empatia, habilidades com amizades, julgamento social e autorregula\u00e7\u00e3o).<\/p>\n\n\n\n<div class=\"wp-block-image\"><figure class=\"aligncenter size-large is-resized\"><a href=\"https:\/\/www.ithbrasil.com.br\/\"><img loading=\"lazy\" decoding=\"async\" src=\"https:\/\/jornalfatosenoticias.com.br\/wp-content\/uploads\/2023\/08\/ITH.jpeg\" alt=\"\" class=\"wp-image-44638\" width=\"288\" height=\"234\" srcset=\"https:\/\/jornalfatosenoticias.com.br\/wp-content\/uploads\/2023\/08\/ITH.jpeg 800w, https:\/\/jornalfatosenoticias.com.br\/wp-content\/uploads\/2023\/08\/ITH-300x244.jpeg 300w, https:\/\/jornalfatosenoticias.com.br\/wp-content\/uploads\/2023\/08\/ITH-768x624.jpeg 768w\" sizes=\"auto, (max-width: 288px) 100vw, 288px\" \/><\/a><\/figure><\/div>\n\n\n\n<p>A semana tem a miss\u00e3o de promover o desenvolvimento das potencialidades individuais de cada um e oferecer solu\u00e7\u00f5es inovadoras para uma sociedade mais inclusiva, a sociedade deve empenhar-se em manter uma vis\u00e3o s\u00f3lida e ser cada vez mais uma refer\u00eancia no cuidado \u00e0s pessoas com defici\u00eancia trazendo uma reflex\u00e3o sobre a hist\u00f3ria de cada um revelando n\u00e3o apenas o impacto direto na vida das pessoas com defici\u00eancia, mas tamb\u00e9m a constru\u00e7\u00e3o de uma cultura de inclus\u00e3o e acolhimento. Todos esses pilares devem se manifestar na pr\u00e1tica com a miss\u00e3o de promover e articular a\u00e7\u00f5es de defesa de direitos, preven\u00e7\u00e3o, orienta\u00e7\u00e3o, presta\u00e7\u00e3o de servi\u00e7os e apoio \u00e0s fam\u00edlias, al\u00e9m de buscar o desenvolvimento integral, a melhoria da qualidade de vida e inclus\u00e3o social dessas pessoas e especialmente por meio do ensino e da educa\u00e7\u00e3o.<\/p>\n\n\n\n<div class=\"wp-block-image\"><figure class=\"aligncenter size-large\"><a href=\"https:\/\/www.facebook.com\/Esteio-Churrascaria-Barbecue-103643461220402\/\"><img decoding=\"async\" src=\"https:\/\/jornalfatosenoticias.com.br\/wp-content\/uploads\/2020\/02\/logo_esteio.jpg\" alt=\"\" class=\"wp-image-1214\"\/><\/a><\/figure><\/div>\n","protected":false},"excerpt":{"rendered":"<p>A data foi institu\u00edda ao calend\u00e1rio nacional de sa\u00fade para fomentar o desenvolvimento de conte\u00fados que conscientizem a sociedade sobre as necessidades desta popula\u00e7\u00e3o A Semana Nacional da Pessoa com Defici\u00eancia Intelectual e M\u00faltipla, se inicia no 21 e vai at\u00e9 ao dia 28 de agosto, \u00e9 um momento de grande import\u00e2ncia para a promo\u00e7\u00e3o [&hellip;]<\/p>\n","protected":false},"author":35,"featured_media":53790,"comment_status":"open","ping_status":"open","sticky":false,"template":"","format":"standard","meta":{"footnotes":""},"categories":[2522,7],"tags":[24503,1755,9105,24502,24504],"class_list":["post-53789","post","type-post","status-publish","format-standard","has-post-thumbnail","hentry","category-comportamento","category-educacao","tag-apaes","tag-conscientizacao","tag-pessoa-com-deficiencia","tag-semana-nacional-da-deficiencia-intelectual-e-multipla","tag-transtorno-do-desenvolvimento-intelectual"],"yoast_head":"<!-- This site is optimized with the Yoast SEO plugin v26.5 - https:\/\/yoast.com\/wordpress\/plugins\/seo\/ -->\n<title>Semana Nacional da Defici\u00eancia Intelectual e M\u00faltipla - Jornal Fatos e Not\u00edcias<\/title>\n<meta name=\"robots\" content=\"index, follow, max-snippet:-1, max-image-preview:large, max-video-preview:-1\" \/>\n<link rel=\"canonical\" href=\"https:\/\/jornalfatosenoticias.com.br\/index.php\/2024\/08\/29\/semana-nacional-da-deficiencia-intelectual-e-multipla\/\" \/>\n<meta property=\"og:locale\" content=\"pt_BR\" \/>\n<meta property=\"og:type\" content=\"article\" \/>\n<meta property=\"og:title\" content=\"Semana Nacional da Defici\u00eancia Intelectual e M\u00faltipla - Jornal Fatos e Not\u00edcias\" \/>\n<meta property=\"og:description\" content=\"A data foi institu\u00edda ao calend\u00e1rio nacional de sa\u00fade para fomentar o desenvolvimento de conte\u00fados que conscientizem a sociedade sobre as necessidades desta popula\u00e7\u00e3o A Semana Nacional da Pessoa com Defici\u00eancia Intelectual e M\u00faltipla, se inicia no 21 e vai at\u00e9 ao dia 28 de agosto, \u00e9 um momento de grande import\u00e2ncia para a promo\u00e7\u00e3o [&hellip;]\" \/>\n<meta property=\"og:url\" content=\"https:\/\/jornalfatosenoticias.com.br\/index.php\/2024\/08\/29\/semana-nacional-da-deficiencia-intelectual-e-multipla\/\" \/>\n<meta property=\"og:site_name\" content=\"Jornal Fatos e Not\u00edcias\" \/>\n<meta property=\"article:published_time\" content=\"2024-08-29T14:33:09+00:00\" \/>\n<meta property=\"article:modified_time\" content=\"2024-08-29T14:33:11+00:00\" \/>\n<meta property=\"og:image\" content=\"https:\/\/jornalfatosenoticias.com.br\/wp-content\/uploads\/2024\/08\/deficiencia.jpg\" \/>\n\t<meta property=\"og:image:width\" content=\"1000\" \/>\n\t<meta property=\"og:image:height\" content=\"666\" \/>\n\t<meta property=\"og:image:type\" content=\"image\/jpeg\" \/>\n<meta name=\"author\" content=\"L\u00e9ia Flauzina\" \/>\n<meta name=\"twitter:card\" content=\"summary_large_image\" \/>\n<meta name=\"twitter:label1\" content=\"Escrito por\" \/>\n\t<meta name=\"twitter:data1\" content=\"L\u00e9ia Flauzina\" \/>\n\t<meta name=\"twitter:label2\" content=\"Est. tempo de leitura\" \/>\n\t<meta name=\"twitter:data2\" content=\"4 minutos\" \/>\n<script type=\"application\/ld+json\" class=\"yoast-schema-graph\">{\"@context\":\"https:\/\/schema.org\",\"@graph\":[{\"@type\":\"Article\",\"@id\":\"https:\/\/jornalfatosenoticias.com.br\/index.php\/2024\/08\/29\/semana-nacional-da-deficiencia-intelectual-e-multipla\/#article\",\"isPartOf\":{\"@id\":\"https:\/\/jornalfatosenoticias.com.br\/index.php\/2024\/08\/29\/semana-nacional-da-deficiencia-intelectual-e-multipla\/\"},\"author\":{\"name\":\"L\u00e9ia Flauzina\",\"@id\":\"https:\/\/jornalfatosenoticias.com.br\/#\/schema\/person\/4a992c9d5e2ea219b74162b89d96b273\"},\"headline\":\"Semana Nacional da Defici\u00eancia Intelectual e M\u00faltipla\",\"datePublished\":\"2024-08-29T14:33:09+00:00\",\"dateModified\":\"2024-08-29T14:33:11+00:00\",\"mainEntityOfPage\":{\"@id\":\"https:\/\/jornalfatosenoticias.com.br\/index.php\/2024\/08\/29\/semana-nacional-da-deficiencia-intelectual-e-multipla\/\"},\"wordCount\":852,\"commentCount\":0,\"publisher\":{\"@id\":\"https:\/\/jornalfatosenoticias.com.br\/#organization\"},\"image\":{\"@id\":\"https:\/\/jornalfatosenoticias.com.br\/index.php\/2024\/08\/29\/semana-nacional-da-deficiencia-intelectual-e-multipla\/#primaryimage\"},\"thumbnailUrl\":\"https:\/\/jornalfatosenoticias.com.br\/wp-content\/uploads\/2024\/08\/deficiencia.jpg\",\"keywords\":[\"Apaes\",\"conscientiza\u00e7\u00e3o\",\"pessoa com defici\u00eancia\",\"Semana Nacional da Defici\u00eancia Intelectual e M\u00faltipla\",\"Transtorno do Desenvolvimento Intelectual\"],\"articleSection\":[\"Comportamento &amp; Equil\u00edbrio\",\"Educa\u00e7\u00e3o\"],\"inLanguage\":\"pt-BR\",\"potentialAction\":[{\"@type\":\"CommentAction\",\"name\":\"Comment\",\"target\":[\"https:\/\/jornalfatosenoticias.com.br\/index.php\/2024\/08\/29\/semana-nacional-da-deficiencia-intelectual-e-multipla\/#respond\"]}]},{\"@type\":\"WebPage\",\"@id\":\"https:\/\/jornalfatosenoticias.com.br\/index.php\/2024\/08\/29\/semana-nacional-da-deficiencia-intelectual-e-multipla\/\",\"url\":\"https:\/\/jornalfatosenoticias.com.br\/index.php\/2024\/08\/29\/semana-nacional-da-deficiencia-intelectual-e-multipla\/\",\"name\":\"Semana Nacional da Defici\u00eancia Intelectual e M\u00faltipla - Jornal Fatos e Not\u00edcias\",\"isPartOf\":{\"@id\":\"https:\/\/jornalfatosenoticias.com.br\/#website\"},\"primaryImageOfPage\":{\"@id\":\"https:\/\/jornalfatosenoticias.com.br\/index.php\/2024\/08\/29\/semana-nacional-da-deficiencia-intelectual-e-multipla\/#primaryimage\"},\"image\":{\"@id\":\"https:\/\/jornalfatosenoticias.com.br\/index.php\/2024\/08\/29\/semana-nacional-da-deficiencia-intelectual-e-multipla\/#primaryimage\"},\"thumbnailUrl\":\"https:\/\/jornalfatosenoticias.com.br\/wp-content\/uploads\/2024\/08\/deficiencia.jpg\",\"datePublished\":\"2024-08-29T14:33:09+00:00\",\"dateModified\":\"2024-08-29T14:33:11+00:00\",\"breadcrumb\":{\"@id\":\"https:\/\/jornalfatosenoticias.com.br\/index.php\/2024\/08\/29\/semana-nacional-da-deficiencia-intelectual-e-multipla\/#breadcrumb\"},\"inLanguage\":\"pt-BR\",\"potentialAction\":[{\"@type\":\"ReadAction\",\"target\":[\"https:\/\/jornalfatosenoticias.com.br\/index.php\/2024\/08\/29\/semana-nacional-da-deficiencia-intelectual-e-multipla\/\"]}]},{\"@type\":\"ImageObject\",\"inLanguage\":\"pt-BR\",\"@id\":\"https:\/\/jornalfatosenoticias.com.br\/index.php\/2024\/08\/29\/semana-nacional-da-deficiencia-intelectual-e-multipla\/#primaryimage\",\"url\":\"https:\/\/jornalfatosenoticias.com.br\/wp-content\/uploads\/2024\/08\/deficiencia.jpg\",\"contentUrl\":\"https:\/\/jornalfatosenoticias.com.br\/wp-content\/uploads\/2024\/08\/deficiencia.jpg\",\"width\":1000,\"height\":666},{\"@type\":\"BreadcrumbList\",\"@id\":\"https:\/\/jornalfatosenoticias.com.br\/index.php\/2024\/08\/29\/semana-nacional-da-deficiencia-intelectual-e-multipla\/#breadcrumb\",\"itemListElement\":[{\"@type\":\"ListItem\",\"position\":1,\"name\":\"In\u00edcio\",\"item\":\"https:\/\/jornalfatosenoticias.com.br\/\"},{\"@type\":\"ListItem\",\"position\":2,\"name\":\"Semana Nacional da Defici\u00eancia Intelectual e M\u00faltipla\"}]},{\"@type\":\"WebSite\",\"@id\":\"https:\/\/jornalfatosenoticias.com.br\/#website\",\"url\":\"https:\/\/jornalfatosenoticias.com.br\/\",\"name\":\"Jornal Fatos e Not\u00edcias\",\"description\":\"Not\u00edcias em geral\",\"publisher\":{\"@id\":\"https:\/\/jornalfatosenoticias.com.br\/#organization\"},\"potentialAction\":[{\"@type\":\"SearchAction\",\"target\":{\"@type\":\"EntryPoint\",\"urlTemplate\":\"https:\/\/jornalfatosenoticias.com.br\/?s={search_term_string}\"},\"query-input\":{\"@type\":\"PropertyValueSpecification\",\"valueRequired\":true,\"valueName\":\"search_term_string\"}}],\"inLanguage\":\"pt-BR\"},{\"@type\":\"Organization\",\"@id\":\"https:\/\/jornalfatosenoticias.com.br\/#organization\",\"name\":\"Jornal Fatos e Not\u00edcias\",\"url\":\"https:\/\/jornalfatosenoticias.com.br\/\",\"logo\":{\"@type\":\"ImageObject\",\"inLanguage\":\"pt-BR\",\"@id\":\"https:\/\/jornalfatosenoticias.com.br\/#\/schema\/logo\/image\/\",\"url\":\"https:\/\/jornalfatosenoticias.com.br\/wp-content\/uploads\/2020\/02\/logo120.png\",\"contentUrl\":\"https:\/\/jornalfatosenoticias.com.br\/wp-content\/uploads\/2020\/02\/logo120.png\",\"width\":1227,\"height\":120,\"caption\":\"Jornal Fatos e Not\u00edcias\"},\"image\":{\"@id\":\"https:\/\/jornalfatosenoticias.com.br\/#\/schema\/logo\/image\/\"}},{\"@type\":\"Person\",\"@id\":\"https:\/\/jornalfatosenoticias.com.br\/#\/schema\/person\/4a992c9d5e2ea219b74162b89d96b273\",\"name\":\"L\u00e9ia Flauzina\",\"image\":{\"@type\":\"ImageObject\",\"inLanguage\":\"pt-BR\",\"@id\":\"https:\/\/jornalfatosenoticias.com.br\/#\/schema\/person\/image\/\",\"url\":\"https:\/\/jornalfatosenoticias.com.br\/wp-content\/uploads\/2024\/02\/Leia_Flauzina-removebg-preview-150x150.png\",\"contentUrl\":\"https:\/\/jornalfatosenoticias.com.br\/wp-content\/uploads\/2024\/02\/Leia_Flauzina-removebg-preview-150x150.png\",\"caption\":\"L\u00e9ia Flauzina\"},\"description\":\"Psicopedagoga, Neuropsicopedagoga, Especialista em Autismo, Neuroci\u00eancia, Aprendizagem e Mestre em Educa\u00e7\u00e3o, Escritora, Palestrante e Neuroterapeuta\",\"url\":\"https:\/\/jornalfatosenoticias.com.br\/index.php\/author\/leia-flauzina\/\"}]}<\/script>\n<!-- \/ Yoast SEO plugin. -->","yoast_head_json":{"title":"Semana Nacional da Defici\u00eancia Intelectual e M\u00faltipla - Jornal Fatos e Not\u00edcias","robots":{"index":"index","follow":"follow","max-snippet":"max-snippet:-1","max-image-preview":"max-image-preview:large","max-video-preview":"max-video-preview:-1"},"canonical":"https:\/\/jornalfatosenoticias.com.br\/index.php\/2024\/08\/29\/semana-nacional-da-deficiencia-intelectual-e-multipla\/","og_locale":"pt_BR","og_type":"article","og_title":"Semana Nacional da Defici\u00eancia Intelectual e M\u00faltipla - Jornal Fatos e Not\u00edcias","og_description":"A data foi institu\u00edda ao calend\u00e1rio nacional de sa\u00fade para fomentar o desenvolvimento de conte\u00fados que conscientizem a sociedade sobre as necessidades desta popula\u00e7\u00e3o A Semana Nacional da Pessoa com Defici\u00eancia Intelectual e M\u00faltipla, se inicia no 21 e vai at\u00e9 ao dia 28 de agosto, \u00e9 um momento de grande import\u00e2ncia para a promo\u00e7\u00e3o [&hellip;]","og_url":"https:\/\/jornalfatosenoticias.com.br\/index.php\/2024\/08\/29\/semana-nacional-da-deficiencia-intelectual-e-multipla\/","og_site_name":"Jornal Fatos e Not\u00edcias","article_published_time":"2024-08-29T14:33:09+00:00","article_modified_time":"2024-08-29T14:33:11+00:00","og_image":[{"width":1000,"height":666,"url":"https:\/\/jornalfatosenoticias.com.br\/wp-content\/uploads\/2024\/08\/deficiencia.jpg","type":"image\/jpeg"}],"author":"L\u00e9ia Flauzina","twitter_card":"summary_large_image","twitter_misc":{"Escrito por":"L\u00e9ia Flauzina","Est. tempo de leitura":"4 minutos"},"schema":{"@context":"https:\/\/schema.org","@graph":[{"@type":"Article","@id":"https:\/\/jornalfatosenoticias.com.br\/index.php\/2024\/08\/29\/semana-nacional-da-deficiencia-intelectual-e-multipla\/#article","isPartOf":{"@id":"https:\/\/jornalfatosenoticias.com.br\/index.php\/2024\/08\/29\/semana-nacional-da-deficiencia-intelectual-e-multipla\/"},"author":{"name":"L\u00e9ia Flauzina","@id":"https:\/\/jornalfatosenoticias.com.br\/#\/schema\/person\/4a992c9d5e2ea219b74162b89d96b273"},"headline":"Semana Nacional da Defici\u00eancia Intelectual e M\u00faltipla","datePublished":"2024-08-29T14:33:09+00:00","dateModified":"2024-08-29T14:33:11+00:00","mainEntityOfPage":{"@id":"https:\/\/jornalfatosenoticias.com.br\/index.php\/2024\/08\/29\/semana-nacional-da-deficiencia-intelectual-e-multipla\/"},"wordCount":852,"commentCount":0,"publisher":{"@id":"https:\/\/jornalfatosenoticias.com.br\/#organization"},"image":{"@id":"https:\/\/jornalfatosenoticias.com.br\/index.php\/2024\/08\/29\/semana-nacional-da-deficiencia-intelectual-e-multipla\/#primaryimage"},"thumbnailUrl":"https:\/\/jornalfatosenoticias.com.br\/wp-content\/uploads\/2024\/08\/deficiencia.jpg","keywords":["Apaes","conscientiza\u00e7\u00e3o","pessoa com defici\u00eancia","Semana Nacional da Defici\u00eancia Intelectual e M\u00faltipla","Transtorno do Desenvolvimento Intelectual"],"articleSection":["Comportamento &amp; Equil\u00edbrio","Educa\u00e7\u00e3o"],"inLanguage":"pt-BR","potentialAction":[{"@type":"CommentAction","name":"Comment","target":["https:\/\/jornalfatosenoticias.com.br\/index.php\/2024\/08\/29\/semana-nacional-da-deficiencia-intelectual-e-multipla\/#respond"]}]},{"@type":"WebPage","@id":"https:\/\/jornalfatosenoticias.com.br\/index.php\/2024\/08\/29\/semana-nacional-da-deficiencia-intelectual-e-multipla\/","url":"https:\/\/jornalfatosenoticias.com.br\/index.php\/2024\/08\/29\/semana-nacional-da-deficiencia-intelectual-e-multipla\/","name":"Semana Nacional da Defici\u00eancia Intelectual e M\u00faltipla - Jornal Fatos e Not\u00edcias","isPartOf":{"@id":"https:\/\/jornalfatosenoticias.com.br\/#website"},"primaryImageOfPage":{"@id":"https:\/\/jornalfatosenoticias.com.br\/index.php\/2024\/08\/29\/semana-nacional-da-deficiencia-intelectual-e-multipla\/#primaryimage"},"image":{"@id":"https:\/\/jornalfatosenoticias.com.br\/index.php\/2024\/08\/29\/semana-nacional-da-deficiencia-intelectual-e-multipla\/#primaryimage"},"thumbnailUrl":"https:\/\/jornalfatosenoticias.com.br\/wp-content\/uploads\/2024\/08\/deficiencia.jpg","datePublished":"2024-08-29T14:33:09+00:00","dateModified":"2024-08-29T14:33:11+00:00","breadcrumb":{"@id":"https:\/\/jornalfatosenoticias.com.br\/index.php\/2024\/08\/29\/semana-nacional-da-deficiencia-intelectual-e-multipla\/#breadcrumb"},"inLanguage":"pt-BR","potentialAction":[{"@type":"ReadAction","target":["https:\/\/jornalfatosenoticias.com.br\/index.php\/2024\/08\/29\/semana-nacional-da-deficiencia-intelectual-e-multipla\/"]}]},{"@type":"ImageObject","inLanguage":"pt-BR","@id":"https:\/\/jornalfatosenoticias.com.br\/index.php\/2024\/08\/29\/semana-nacional-da-deficiencia-intelectual-e-multipla\/#primaryimage","url":"https:\/\/jornalfatosenoticias.com.br\/wp-content\/uploads\/2024\/08\/deficiencia.jpg","contentUrl":"https:\/\/jornalfatosenoticias.com.br\/wp-content\/uploads\/2024\/08\/deficiencia.jpg","width":1000,"height":666},{"@type":"BreadcrumbList","@id":"https:\/\/jornalfatosenoticias.com.br\/index.php\/2024\/08\/29\/semana-nacional-da-deficiencia-intelectual-e-multipla\/#breadcrumb","itemListElement":[{"@type":"ListItem","position":1,"name":"In\u00edcio","item":"https:\/\/jornalfatosenoticias.com.br\/"},{"@type":"ListItem","position":2,"name":"Semana Nacional da Defici\u00eancia Intelectual e M\u00faltipla"}]},{"@type":"WebSite","@id":"https:\/\/jornalfatosenoticias.com.br\/#website","url":"https:\/\/jornalfatosenoticias.com.br\/","name":"Jornal Fatos e Not\u00edcias","description":"Not\u00edcias em geral","publisher":{"@id":"https:\/\/jornalfatosenoticias.com.br\/#organization"},"potentialAction":[{"@type":"SearchAction","target":{"@type":"EntryPoint","urlTemplate":"https:\/\/jornalfatosenoticias.com.br\/?s={search_term_string}"},"query-input":{"@type":"PropertyValueSpecification","valueRequired":true,"valueName":"search_term_string"}}],"inLanguage":"pt-BR"},{"@type":"Organization","@id":"https:\/\/jornalfatosenoticias.com.br\/#organization","name":"Jornal Fatos e Not\u00edcias","url":"https:\/\/jornalfatosenoticias.com.br\/","logo":{"@type":"ImageObject","inLanguage":"pt-BR","@id":"https:\/\/jornalfatosenoticias.com.br\/#\/schema\/logo\/image\/","url":"https:\/\/jornalfatosenoticias.com.br\/wp-content\/uploads\/2020\/02\/logo120.png","contentUrl":"https:\/\/jornalfatosenoticias.com.br\/wp-content\/uploads\/2020\/02\/logo120.png","width":1227,"height":120,"caption":"Jornal Fatos e Not\u00edcias"},"image":{"@id":"https:\/\/jornalfatosenoticias.com.br\/#\/schema\/logo\/image\/"}},{"@type":"Person","@id":"https:\/\/jornalfatosenoticias.com.br\/#\/schema\/person\/4a992c9d5e2ea219b74162b89d96b273","name":"L\u00e9ia Flauzina","image":{"@type":"ImageObject","inLanguage":"pt-BR","@id":"https:\/\/jornalfatosenoticias.com.br\/#\/schema\/person\/image\/","url":"https:\/\/jornalfatosenoticias.com.br\/wp-content\/uploads\/2024\/02\/Leia_Flauzina-removebg-preview-150x150.png","contentUrl":"https:\/\/jornalfatosenoticias.com.br\/wp-content\/uploads\/2024\/02\/Leia_Flauzina-removebg-preview-150x150.png","caption":"L\u00e9ia Flauzina"},"description":"Psicopedagoga, Neuropsicopedagoga, Especialista em Autismo, Neuroci\u00eancia, Aprendizagem e Mestre em Educa\u00e7\u00e3o, Escritora, Palestrante e Neuroterapeuta","url":"https:\/\/jornalfatosenoticias.com.br\/index.php\/author\/leia-flauzina\/"}]}},"cc_featured_image_caption":{"caption_text":"(Foto: Adobe Stock)","source_text":"","source_url":""},"jetpack_featured_media_url":"https:\/\/jornalfatosenoticias.com.br\/wp-content\/uploads\/2024\/08\/deficiencia.jpg","_links":{"self":[{"href":"https:\/\/jornalfatosenoticias.com.br\/index.php\/wp-json\/wp\/v2\/posts\/53789","targetHints":{"allow":["GET"]}}],"collection":[{"href":"https:\/\/jornalfatosenoticias.com.br\/index.php\/wp-json\/wp\/v2\/posts"}],"about":[{"href":"https:\/\/jornalfatosenoticias.com.br\/index.php\/wp-json\/wp\/v2\/types\/post"}],"author":[{"embeddable":true,"href":"https:\/\/jornalfatosenoticias.com.br\/index.php\/wp-json\/wp\/v2\/users\/35"}],"replies":[{"embeddable":true,"href":"https:\/\/jornalfatosenoticias.com.br\/index.php\/wp-json\/wp\/v2\/comments?post=53789"}],"version-history":[{"count":0,"href":"https:\/\/jornalfatosenoticias.com.br\/index.php\/wp-json\/wp\/v2\/posts\/53789\/revisions"}],"wp:featuredmedia":[{"embeddable":true,"href":"https:\/\/jornalfatosenoticias.com.br\/index.php\/wp-json\/wp\/v2\/media\/53790"}],"wp:attachment":[{"href":"https:\/\/jornalfatosenoticias.com.br\/index.php\/wp-json\/wp\/v2\/media?parent=53789"}],"wp:term":[{"taxonomy":"category","embeddable":true,"href":"https:\/\/jornalfatosenoticias.com.br\/index.php\/wp-json\/wp\/v2\/categories?post=53789"},{"taxonomy":"post_tag","embeddable":true,"href":"https:\/\/jornalfatosenoticias.com.br\/index.php\/wp-json\/wp\/v2\/tags?post=53789"}],"curies":[{"name":"wp","href":"https:\/\/api.w.org\/{rel}","templated":true}]}}