{"id":53807,"date":"2024-08-29T15:00:51","date_gmt":"2024-08-29T18:00:51","guid":{"rendered":"https:\/\/jornalfatosenoticias.com.br\/?p=53807"},"modified":"2024-08-29T15:00:52","modified_gmt":"2024-08-29T18:00:52","slug":"o-que-realmente-importa","status":"publish","type":"post","link":"https:\/\/jornalfatosenoticias.com.br\/index.php\/2024\/08\/29\/o-que-realmente-importa\/","title":{"rendered":"O que realmente importa"},"content":{"rendered":"\n<div class=\"wp-block-image\"><figure class=\"aligncenter size-large\"><a href=\"https:\/\/www.instagram.com\/vmais.midias\/\"><img loading=\"lazy\" decoding=\"async\" width=\"1024\" height=\"110\" src=\"https:\/\/jornalfatosenoticias.com.br\/wp-content\/uploads\/2020\/02\/DE-MAIS-DESTAQUE-VMAIS-1120X120-1024x110.png\" alt=\"\" class=\"wp-image-53110\" srcset=\"https:\/\/jornalfatosenoticias.com.br\/wp-content\/uploads\/2020\/02\/DE-MAIS-DESTAQUE-VMAIS-1120X120-1024x110.png 1024w, https:\/\/jornalfatosenoticias.com.br\/wp-content\/uploads\/2020\/02\/DE-MAIS-DESTAQUE-VMAIS-1120X120-300x32.png 300w, https:\/\/jornalfatosenoticias.com.br\/wp-content\/uploads\/2020\/02\/DE-MAIS-DESTAQUE-VMAIS-1120X120-768x82.png 768w, https:\/\/jornalfatosenoticias.com.br\/wp-content\/uploads\/2020\/02\/DE-MAIS-DESTAQUE-VMAIS-1120X120.png 1120w\" sizes=\"auto, (max-width: 1024px) 100vw, 1024px\" \/><\/a><\/figure><\/div>\n\n\n\n<p>\u00c0s vezes deixar de lado \u00e9 saud\u00e1vel e necess\u00e1rio, n\u00e3o somente para sa\u00fade f\u00edsica, como tamb\u00e9m para a sa\u00fade emocional e espiritual. As tarefas e afazeres do cotidiano causam uma pris\u00e3o invis\u00edvel em um sistema que consiste apenas em medir resultados. Voc\u00ea se torna n\u00fameros, metas, cobran\u00e7as, medos e, por fim, insuficiente. O tempo \u00e9 implac\u00e1vel, ele passa, apenas passa.<br>Quem eu quero ser no futuro? Diante da quest\u00e3o, muitos afirmar\u00e3o que as suas tarefas corriqueiras, sejam no trabalho ou em casa, s\u00e3o a ponte que os levar\u00e3o a esse futuro, contudo, se a resposta for outra, fica uma reflex\u00e3o sobre o que realmente importa. O amor-pr\u00f3prio precisa ser descoberto e n\u00e3o confundido com o ego\u00edsmo.<\/p>\n\n\n\n<div class=\"wp-block-image\"><figure class=\"aligncenter size-large is-resized\"><a href=\"https:\/\/www.instagram.com\/serra4x4cambioautomatico\/\"><img loading=\"lazy\" decoding=\"async\" src=\"https:\/\/jornalfatosenoticias.com.br\/wp-content\/uploads\/2024\/08\/Serra-4x4-1-886x1024.jpg\" alt=\"\" class=\"wp-image-53632\" width=\"301\" height=\"348\" srcset=\"https:\/\/jornalfatosenoticias.com.br\/wp-content\/uploads\/2024\/08\/Serra-4x4-1-886x1024.jpg 886w, https:\/\/jornalfatosenoticias.com.br\/wp-content\/uploads\/2024\/08\/Serra-4x4-1-260x300.jpg 260w, https:\/\/jornalfatosenoticias.com.br\/wp-content\/uploads\/2024\/08\/Serra-4x4-1-768x888.jpg 768w, https:\/\/jornalfatosenoticias.com.br\/wp-content\/uploads\/2024\/08\/Serra-4x4-1.jpg 1181w\" sizes=\"auto, (max-width: 301px) 100vw, 301px\" \/><\/a><\/figure><\/div>\n\n\n\n<p>Qual a import\u00e2ncia do tempo utilizado com cada tarefa, da concretiza\u00e7\u00e3o das metas ou o que poderia ser feito de melhor? Se n\u00e3o existe o conhecimento pr\u00f3prio, quando iremos usar o tempo a nosso favor, reflex\u00f5es para novas conquistas emocionais, sem querer ser o melhor, mas se tornar simplesmente melhor. Amar mais aqueles que fazem parte da nossa vida, aprender com as derrotas, investir naquilo que fortalece, aceitar as limita\u00e7\u00f5es com humildade e buscar novos rumos com sabedoria e verdade.<\/p>\n\n\n\n<div class=\"wp-block-image\"><figure class=\"aligncenter size-large\"><a href=\"https:\/\/cesconetto.com.br\/\"><img loading=\"lazy\" decoding=\"async\" width=\"300\" height=\"250\" src=\"https:\/\/jornalfatosenoticias.com.br\/wp-content\/uploads\/2020\/02\/Banner-2.png\" alt=\"\" class=\"wp-image-43787\"\/><\/a><\/figure><\/div>\n\n\n\n<p>Aceitar as verdades escondidas e abolir as mentiras que iludem tanto o f\u00edsico quanto o emocional, ser\u00e3o os primeiros passos para deixar a pris\u00e3o. A dedica\u00e7\u00e3o a si com intuito de se conhecer um pouco mais, buscar o equil\u00edbrio, sem cr\u00edticas, usando apenas a compaix\u00e3o pelo que se \u00e9 realmente, revelar\u00e1 novas perspectivas sobre o tempo que nos envolve, sobre as pris\u00f5es invis\u00edveis, os valores invertidos e aos poucos surgir\u00e1 uma forte necessidade de reconstruir o que somos, para ent\u00e3o vivermos o que realmente importa para cada um.<\/p>\n\n\n\n<div class=\"wp-block-image\"><figure class=\"aligncenter size-large is-resized\"><a href=\"https:\/\/panper.com.br\/\"><img loading=\"lazy\" decoding=\"async\" src=\"https:\/\/jornalfatosenoticias.com.br\/wp-content\/uploads\/2023\/03\/logo-Panper_portal.jpg\" alt=\"\" class=\"wp-image-40208\" width=\"299\" height=\"207\" srcset=\"https:\/\/jornalfatosenoticias.com.br\/wp-content\/uploads\/2023\/03\/logo-Panper_portal.jpg 400w, https:\/\/jornalfatosenoticias.com.br\/wp-content\/uploads\/2023\/03\/logo-Panper_portal-300x208.jpg 300w\" sizes=\"auto, (max-width: 299px) 100vw, 299px\" \/><\/a><\/figure><\/div>\n\n\n\n<p><em><span class=\"has-inline-color has-black-color\"><strong>Autora: <\/strong>Silvia Vanderss<br><strong>Artigo:<\/strong> O que realmente importa<br><strong>In\u00e9dito<\/strong><br><strong>Palavras:<\/strong> 283<\/span><\/em><\/p>\n","protected":false},"excerpt":{"rendered":"<p>\u00c0s vezes deixar de lado \u00e9 saud\u00e1vel e necess\u00e1rio, n\u00e3o somente para sa\u00fade f\u00edsica, como tamb\u00e9m para a sa\u00fade emocional e espiritual. As tarefas e afazeres do cotidiano causam uma pris\u00e3o invis\u00edvel em um sistema que consiste apenas em medir resultados. Voc\u00ea se torna n\u00fameros, metas, cobran\u00e7as, medos e, por fim, insuficiente. O tempo \u00e9 [&hellip;]<\/p>\n","protected":false},"author":19,"featured_media":53808,"comment_status":"open","ping_status":"open","sticky":false,"template":"","format":"standard","meta":{"footnotes":""},"categories":[4],"tags":[4966,2465,1322,8422],"class_list":["post-53807","post","type-post","status-publish","format-standard","has-post-thumbnail","hentry","category-cultura","tag-amor-proprio","tag-egoismo","tag-sabedoria","tag-saude-fisica-e-mental"],"yoast_head":"<!-- This site is optimized with the Yoast SEO plugin v26.5 - https:\/\/yoast.com\/wordpress\/plugins\/seo\/ -->\n<title>O que realmente importa - Jornal Fatos e Not\u00edcias<\/title>\n<meta name=\"robots\" content=\"index, follow, max-snippet:-1, max-image-preview:large, max-video-preview:-1\" \/>\n<link rel=\"canonical\" href=\"https:\/\/jornalfatosenoticias.com.br\/index.php\/2024\/08\/29\/o-que-realmente-importa\/\" \/>\n<meta property=\"og:locale\" content=\"pt_BR\" \/>\n<meta property=\"og:type\" content=\"article\" \/>\n<meta property=\"og:title\" content=\"O que realmente importa - Jornal Fatos e Not\u00edcias\" \/>\n<meta property=\"og:description\" content=\"\u00c0s vezes deixar de lado \u00e9 saud\u00e1vel e necess\u00e1rio, n\u00e3o somente para sa\u00fade f\u00edsica, como tamb\u00e9m para a sa\u00fade emocional e espiritual. As tarefas e afazeres do cotidiano causam uma pris\u00e3o invis\u00edvel em um sistema que consiste apenas em medir resultados. Voc\u00ea se torna n\u00fameros, metas, cobran\u00e7as, medos e, por fim, insuficiente. O tempo \u00e9 [&hellip;]\" \/>\n<meta property=\"og:url\" content=\"https:\/\/jornalfatosenoticias.com.br\/index.php\/2024\/08\/29\/o-que-realmente-importa\/\" \/>\n<meta property=\"og:site_name\" content=\"Jornal Fatos e Not\u00edcias\" \/>\n<meta property=\"article:published_time\" content=\"2024-08-29T18:00:51+00:00\" \/>\n<meta property=\"article:modified_time\" content=\"2024-08-29T18:00:52+00:00\" \/>\n<meta property=\"og:image\" content=\"https:\/\/jornalfatosenoticias.com.br\/wp-content\/uploads\/2024\/08\/o-que-realmente-importa_istock.jpg\" \/>\n\t<meta property=\"og:image:width\" content=\"612\" \/>\n\t<meta property=\"og:image:height\" content=\"459\" \/>\n\t<meta property=\"og:image:type\" content=\"image\/jpeg\" \/>\n<meta name=\"author\" content=\"Silvia Vanderss\" \/>\n<meta name=\"twitter:card\" content=\"summary_large_image\" \/>\n<meta name=\"twitter:label1\" content=\"Escrito por\" \/>\n\t<meta name=\"twitter:data1\" content=\"Silvia Vanderss\" \/>\n\t<meta name=\"twitter:label2\" content=\"Est. tempo de leitura\" \/>\n\t<meta name=\"twitter:data2\" content=\"2 minutos\" \/>\n<script type=\"application\/ld+json\" class=\"yoast-schema-graph\">{\"@context\":\"https:\/\/schema.org\",\"@graph\":[{\"@type\":\"Article\",\"@id\":\"https:\/\/jornalfatosenoticias.com.br\/index.php\/2024\/08\/29\/o-que-realmente-importa\/#article\",\"isPartOf\":{\"@id\":\"https:\/\/jornalfatosenoticias.com.br\/index.php\/2024\/08\/29\/o-que-realmente-importa\/\"},\"author\":{\"name\":\"Silvia Vanderss\",\"@id\":\"https:\/\/jornalfatosenoticias.com.br\/#\/schema\/person\/1848e8dc50d3650cb68e053b98dfbdf0\"},\"headline\":\"O que realmente importa\",\"datePublished\":\"2024-08-29T18:00:51+00:00\",\"dateModified\":\"2024-08-29T18:00:52+00:00\",\"mainEntityOfPage\":{\"@id\":\"https:\/\/jornalfatosenoticias.com.br\/index.php\/2024\/08\/29\/o-que-realmente-importa\/\"},\"wordCount\":332,\"commentCount\":2,\"publisher\":{\"@id\":\"https:\/\/jornalfatosenoticias.com.br\/#organization\"},\"image\":{\"@id\":\"https:\/\/jornalfatosenoticias.com.br\/index.php\/2024\/08\/29\/o-que-realmente-importa\/#primaryimage\"},\"thumbnailUrl\":\"https:\/\/jornalfatosenoticias.com.br\/wp-content\/uploads\/2024\/08\/o-que-realmente-importa_istock.jpg\",\"keywords\":[\"amor-pr\u00f3prio\",\"ego\u00edsmo\",\"sabedoria\",\"sa\u00fade f\u00edsica e mental\"],\"articleSection\":[\"Cultura\"],\"inLanguage\":\"pt-BR\",\"potentialAction\":[{\"@type\":\"CommentAction\",\"name\":\"Comment\",\"target\":[\"https:\/\/jornalfatosenoticias.com.br\/index.php\/2024\/08\/29\/o-que-realmente-importa\/#respond\"]}]},{\"@type\":\"WebPage\",\"@id\":\"https:\/\/jornalfatosenoticias.com.br\/index.php\/2024\/08\/29\/o-que-realmente-importa\/\",\"url\":\"https:\/\/jornalfatosenoticias.com.br\/index.php\/2024\/08\/29\/o-que-realmente-importa\/\",\"name\":\"O que realmente importa - Jornal Fatos e Not\u00edcias\",\"isPartOf\":{\"@id\":\"https:\/\/jornalfatosenoticias.com.br\/#website\"},\"primaryImageOfPage\":{\"@id\":\"https:\/\/jornalfatosenoticias.com.br\/index.php\/2024\/08\/29\/o-que-realmente-importa\/#primaryimage\"},\"image\":{\"@id\":\"https:\/\/jornalfatosenoticias.com.br\/index.php\/2024\/08\/29\/o-que-realmente-importa\/#primaryimage\"},\"thumbnailUrl\":\"https:\/\/jornalfatosenoticias.com.br\/wp-content\/uploads\/2024\/08\/o-que-realmente-importa_istock.jpg\",\"datePublished\":\"2024-08-29T18:00:51+00:00\",\"dateModified\":\"2024-08-29T18:00:52+00:00\",\"breadcrumb\":{\"@id\":\"https:\/\/jornalfatosenoticias.com.br\/index.php\/2024\/08\/29\/o-que-realmente-importa\/#breadcrumb\"},\"inLanguage\":\"pt-BR\",\"potentialAction\":[{\"@type\":\"ReadAction\",\"target\":[\"https:\/\/jornalfatosenoticias.com.br\/index.php\/2024\/08\/29\/o-que-realmente-importa\/\"]}]},{\"@type\":\"ImageObject\",\"inLanguage\":\"pt-BR\",\"@id\":\"https:\/\/jornalfatosenoticias.com.br\/index.php\/2024\/08\/29\/o-que-realmente-importa\/#primaryimage\",\"url\":\"https:\/\/jornalfatosenoticias.com.br\/wp-content\/uploads\/2024\/08\/o-que-realmente-importa_istock.jpg\",\"contentUrl\":\"https:\/\/jornalfatosenoticias.com.br\/wp-content\/uploads\/2024\/08\/o-que-realmente-importa_istock.jpg\",\"width\":612,\"height\":459,\"caption\":\"girl woman love yourself heal red heart spirit mind health spiritual mental energy emotion connect to the universe power abstract art watercolor painting illustration design\"},{\"@type\":\"BreadcrumbList\",\"@id\":\"https:\/\/jornalfatosenoticias.com.br\/index.php\/2024\/08\/29\/o-que-realmente-importa\/#breadcrumb\",\"itemListElement\":[{\"@type\":\"ListItem\",\"position\":1,\"name\":\"In\u00edcio\",\"item\":\"https:\/\/jornalfatosenoticias.com.br\/\"},{\"@type\":\"ListItem\",\"position\":2,\"name\":\"O que realmente importa\"}]},{\"@type\":\"WebSite\",\"@id\":\"https:\/\/jornalfatosenoticias.com.br\/#website\",\"url\":\"https:\/\/jornalfatosenoticias.com.br\/\",\"name\":\"Jornal Fatos e Not\u00edcias\",\"description\":\"Not\u00edcias em geral\",\"publisher\":{\"@id\":\"https:\/\/jornalfatosenoticias.com.br\/#organization\"},\"potentialAction\":[{\"@type\":\"SearchAction\",\"target\":{\"@type\":\"EntryPoint\",\"urlTemplate\":\"https:\/\/jornalfatosenoticias.com.br\/?s={search_term_string}\"},\"query-input\":{\"@type\":\"PropertyValueSpecification\",\"valueRequired\":true,\"valueName\":\"search_term_string\"}}],\"inLanguage\":\"pt-BR\"},{\"@type\":\"Organization\",\"@id\":\"https:\/\/jornalfatosenoticias.com.br\/#organization\",\"name\":\"Jornal Fatos e Not\u00edcias\",\"url\":\"https:\/\/jornalfatosenoticias.com.br\/\",\"logo\":{\"@type\":\"ImageObject\",\"inLanguage\":\"pt-BR\",\"@id\":\"https:\/\/jornalfatosenoticias.com.br\/#\/schema\/logo\/image\/\",\"url\":\"https:\/\/jornalfatosenoticias.com.br\/wp-content\/uploads\/2020\/02\/logo120.png\",\"contentUrl\":\"https:\/\/jornalfatosenoticias.com.br\/wp-content\/uploads\/2020\/02\/logo120.png\",\"width\":1227,\"height\":120,\"caption\":\"Jornal Fatos e Not\u00edcias\"},\"image\":{\"@id\":\"https:\/\/jornalfatosenoticias.com.br\/#\/schema\/logo\/image\/\"}},{\"@type\":\"Person\",\"@id\":\"https:\/\/jornalfatosenoticias.com.br\/#\/schema\/person\/1848e8dc50d3650cb68e053b98dfbdf0\",\"name\":\"Silvia Vanderss\",\"image\":{\"@type\":\"ImageObject\",\"inLanguage\":\"pt-BR\",\"@id\":\"https:\/\/jornalfatosenoticias.com.br\/#\/schema\/person\/image\/\",\"url\":\"https:\/\/jornalfatosenoticias.com.br\/wp-content\/uploads\/2023\/05\/silvia-150x150.jpg\",\"contentUrl\":\"https:\/\/jornalfatosenoticias.com.br\/wp-content\/uploads\/2023\/05\/silvia-150x150.jpg\",\"caption\":\"Silvia Vanderss\"},\"description\":\"Autora capixaba, com forma\u00e7\u00e3o em Administra\u00e7\u00e3o e Letras Seis obras publicadas que abrangem os g\u00eaneros, romance, suspense e poesia Blog liter\u00e1rio: www.silviavanderss.com.br\",\"url\":\"https:\/\/jornalfatosenoticias.com.br\/index.php\/author\/silvia\/\"}]}<\/script>\n<!-- \/ Yoast SEO plugin. -->","yoast_head_json":{"title":"O que realmente importa - Jornal Fatos e Not\u00edcias","robots":{"index":"index","follow":"follow","max-snippet":"max-snippet:-1","max-image-preview":"max-image-preview:large","max-video-preview":"max-video-preview:-1"},"canonical":"https:\/\/jornalfatosenoticias.com.br\/index.php\/2024\/08\/29\/o-que-realmente-importa\/","og_locale":"pt_BR","og_type":"article","og_title":"O que realmente importa - Jornal Fatos e Not\u00edcias","og_description":"\u00c0s vezes deixar de lado \u00e9 saud\u00e1vel e necess\u00e1rio, n\u00e3o somente para sa\u00fade f\u00edsica, como tamb\u00e9m para a sa\u00fade emocional e espiritual. As tarefas e afazeres do cotidiano causam uma pris\u00e3o invis\u00edvel em um sistema que consiste apenas em medir resultados. Voc\u00ea se torna n\u00fameros, metas, cobran\u00e7as, medos e, por fim, insuficiente. O tempo \u00e9 [&hellip;]","og_url":"https:\/\/jornalfatosenoticias.com.br\/index.php\/2024\/08\/29\/o-que-realmente-importa\/","og_site_name":"Jornal Fatos e Not\u00edcias","article_published_time":"2024-08-29T18:00:51+00:00","article_modified_time":"2024-08-29T18:00:52+00:00","og_image":[{"width":612,"height":459,"url":"https:\/\/jornalfatosenoticias.com.br\/wp-content\/uploads\/2024\/08\/o-que-realmente-importa_istock.jpg","type":"image\/jpeg"}],"author":"Silvia Vanderss","twitter_card":"summary_large_image","twitter_misc":{"Escrito por":"Silvia Vanderss","Est. tempo de leitura":"2 minutos"},"schema":{"@context":"https:\/\/schema.org","@graph":[{"@type":"Article","@id":"https:\/\/jornalfatosenoticias.com.br\/index.php\/2024\/08\/29\/o-que-realmente-importa\/#article","isPartOf":{"@id":"https:\/\/jornalfatosenoticias.com.br\/index.php\/2024\/08\/29\/o-que-realmente-importa\/"},"author":{"name":"Silvia Vanderss","@id":"https:\/\/jornalfatosenoticias.com.br\/#\/schema\/person\/1848e8dc50d3650cb68e053b98dfbdf0"},"headline":"O que realmente importa","datePublished":"2024-08-29T18:00:51+00:00","dateModified":"2024-08-29T18:00:52+00:00","mainEntityOfPage":{"@id":"https:\/\/jornalfatosenoticias.com.br\/index.php\/2024\/08\/29\/o-que-realmente-importa\/"},"wordCount":332,"commentCount":2,"publisher":{"@id":"https:\/\/jornalfatosenoticias.com.br\/#organization"},"image":{"@id":"https:\/\/jornalfatosenoticias.com.br\/index.php\/2024\/08\/29\/o-que-realmente-importa\/#primaryimage"},"thumbnailUrl":"https:\/\/jornalfatosenoticias.com.br\/wp-content\/uploads\/2024\/08\/o-que-realmente-importa_istock.jpg","keywords":["amor-pr\u00f3prio","ego\u00edsmo","sabedoria","sa\u00fade f\u00edsica e mental"],"articleSection":["Cultura"],"inLanguage":"pt-BR","potentialAction":[{"@type":"CommentAction","name":"Comment","target":["https:\/\/jornalfatosenoticias.com.br\/index.php\/2024\/08\/29\/o-que-realmente-importa\/#respond"]}]},{"@type":"WebPage","@id":"https:\/\/jornalfatosenoticias.com.br\/index.php\/2024\/08\/29\/o-que-realmente-importa\/","url":"https:\/\/jornalfatosenoticias.com.br\/index.php\/2024\/08\/29\/o-que-realmente-importa\/","name":"O que realmente importa - Jornal Fatos e Not\u00edcias","isPartOf":{"@id":"https:\/\/jornalfatosenoticias.com.br\/#website"},"primaryImageOfPage":{"@id":"https:\/\/jornalfatosenoticias.com.br\/index.php\/2024\/08\/29\/o-que-realmente-importa\/#primaryimage"},"image":{"@id":"https:\/\/jornalfatosenoticias.com.br\/index.php\/2024\/08\/29\/o-que-realmente-importa\/#primaryimage"},"thumbnailUrl":"https:\/\/jornalfatosenoticias.com.br\/wp-content\/uploads\/2024\/08\/o-que-realmente-importa_istock.jpg","datePublished":"2024-08-29T18:00:51+00:00","dateModified":"2024-08-29T18:00:52+00:00","breadcrumb":{"@id":"https:\/\/jornalfatosenoticias.com.br\/index.php\/2024\/08\/29\/o-que-realmente-importa\/#breadcrumb"},"inLanguage":"pt-BR","potentialAction":[{"@type":"ReadAction","target":["https:\/\/jornalfatosenoticias.com.br\/index.php\/2024\/08\/29\/o-que-realmente-importa\/"]}]},{"@type":"ImageObject","inLanguage":"pt-BR","@id":"https:\/\/jornalfatosenoticias.com.br\/index.php\/2024\/08\/29\/o-que-realmente-importa\/#primaryimage","url":"https:\/\/jornalfatosenoticias.com.br\/wp-content\/uploads\/2024\/08\/o-que-realmente-importa_istock.jpg","contentUrl":"https:\/\/jornalfatosenoticias.com.br\/wp-content\/uploads\/2024\/08\/o-que-realmente-importa_istock.jpg","width":612,"height":459,"caption":"girl woman love yourself heal red heart spirit mind health spiritual mental energy emotion connect to the universe power abstract art watercolor painting illustration design"},{"@type":"BreadcrumbList","@id":"https:\/\/jornalfatosenoticias.com.br\/index.php\/2024\/08\/29\/o-que-realmente-importa\/#breadcrumb","itemListElement":[{"@type":"ListItem","position":1,"name":"In\u00edcio","item":"https:\/\/jornalfatosenoticias.com.br\/"},{"@type":"ListItem","position":2,"name":"O que realmente importa"}]},{"@type":"WebSite","@id":"https:\/\/jornalfatosenoticias.com.br\/#website","url":"https:\/\/jornalfatosenoticias.com.br\/","name":"Jornal Fatos e Not\u00edcias","description":"Not\u00edcias em geral","publisher":{"@id":"https:\/\/jornalfatosenoticias.com.br\/#organization"},"potentialAction":[{"@type":"SearchAction","target":{"@type":"EntryPoint","urlTemplate":"https:\/\/jornalfatosenoticias.com.br\/?s={search_term_string}"},"query-input":{"@type":"PropertyValueSpecification","valueRequired":true,"valueName":"search_term_string"}}],"inLanguage":"pt-BR"},{"@type":"Organization","@id":"https:\/\/jornalfatosenoticias.com.br\/#organization","name":"Jornal Fatos e Not\u00edcias","url":"https:\/\/jornalfatosenoticias.com.br\/","logo":{"@type":"ImageObject","inLanguage":"pt-BR","@id":"https:\/\/jornalfatosenoticias.com.br\/#\/schema\/logo\/image\/","url":"https:\/\/jornalfatosenoticias.com.br\/wp-content\/uploads\/2020\/02\/logo120.png","contentUrl":"https:\/\/jornalfatosenoticias.com.br\/wp-content\/uploads\/2020\/02\/logo120.png","width":1227,"height":120,"caption":"Jornal Fatos e Not\u00edcias"},"image":{"@id":"https:\/\/jornalfatosenoticias.com.br\/#\/schema\/logo\/image\/"}},{"@type":"Person","@id":"https:\/\/jornalfatosenoticias.com.br\/#\/schema\/person\/1848e8dc50d3650cb68e053b98dfbdf0","name":"Silvia Vanderss","image":{"@type":"ImageObject","inLanguage":"pt-BR","@id":"https:\/\/jornalfatosenoticias.com.br\/#\/schema\/person\/image\/","url":"https:\/\/jornalfatosenoticias.com.br\/wp-content\/uploads\/2023\/05\/silvia-150x150.jpg","contentUrl":"https:\/\/jornalfatosenoticias.com.br\/wp-content\/uploads\/2023\/05\/silvia-150x150.jpg","caption":"Silvia Vanderss"},"description":"Autora capixaba, com forma\u00e7\u00e3o em Administra\u00e7\u00e3o e Letras Seis obras publicadas que abrangem os g\u00eaneros, romance, suspense e poesia Blog liter\u00e1rio: www.silviavanderss.com.br","url":"https:\/\/jornalfatosenoticias.com.br\/index.php\/author\/silvia\/"}]}},"cc_featured_image_caption":{"caption_text":"(Foto: iStock) ","source_text":"","source_url":""},"jetpack_featured_media_url":"https:\/\/jornalfatosenoticias.com.br\/wp-content\/uploads\/2024\/08\/o-que-realmente-importa_istock.jpg","_links":{"self":[{"href":"https:\/\/jornalfatosenoticias.com.br\/index.php\/wp-json\/wp\/v2\/posts\/53807","targetHints":{"allow":["GET"]}}],"collection":[{"href":"https:\/\/jornalfatosenoticias.com.br\/index.php\/wp-json\/wp\/v2\/posts"}],"about":[{"href":"https:\/\/jornalfatosenoticias.com.br\/index.php\/wp-json\/wp\/v2\/types\/post"}],"author":[{"embeddable":true,"href":"https:\/\/jornalfatosenoticias.com.br\/index.php\/wp-json\/wp\/v2\/users\/19"}],"replies":[{"embeddable":true,"href":"https:\/\/jornalfatosenoticias.com.br\/index.php\/wp-json\/wp\/v2\/comments?post=53807"}],"version-history":[{"count":0,"href":"https:\/\/jornalfatosenoticias.com.br\/index.php\/wp-json\/wp\/v2\/posts\/53807\/revisions"}],"wp:featuredmedia":[{"embeddable":true,"href":"https:\/\/jornalfatosenoticias.com.br\/index.php\/wp-json\/wp\/v2\/media\/53808"}],"wp:attachment":[{"href":"https:\/\/jornalfatosenoticias.com.br\/index.php\/wp-json\/wp\/v2\/media?parent=53807"}],"wp:term":[{"taxonomy":"category","embeddable":true,"href":"https:\/\/jornalfatosenoticias.com.br\/index.php\/wp-json\/wp\/v2\/categories?post=53807"},{"taxonomy":"post_tag","embeddable":true,"href":"https:\/\/jornalfatosenoticias.com.br\/index.php\/wp-json\/wp\/v2\/tags?post=53807"}],"curies":[{"name":"wp","href":"https:\/\/api.w.org\/{rel}","templated":true}]}}