{"id":53835,"date":"2024-09-03T09:34:25","date_gmt":"2024-09-03T12:34:25","guid":{"rendered":"https:\/\/jornalfatosenoticias.com.br\/?p=53835"},"modified":"2024-09-03T09:34:26","modified_gmt":"2024-09-03T12:34:26","slug":"projeto-brasileiro-de-trem-de-levitacao-magnetica-inicia-nova-fase-de-testes","status":"publish","type":"post","link":"https:\/\/jornalfatosenoticias.com.br\/index.php\/2024\/09\/03\/projeto-brasileiro-de-trem-de-levitacao-magnetica-inicia-nova-fase-de-testes\/","title":{"rendered":"Projeto brasileiro de trem de levita\u00e7\u00e3o magn\u00e9tica inicia nova fase de testes"},"content":{"rendered":"\n<p><em><span class=\"has-inline-color has-black-color\">O MagLev-Cobra usa a for\u00e7a magn\u00e9tica entre \u00edm\u00e3s de terras-raras e supercondutores para se deslocar sem tocar a via<\/span><\/em><\/p>\n\n\n\n<p><span class=\"has-inline-color has-black-color\">Por <strong>Domingos Zaparolli\/<a href=\"https:\/\/gizmodo.uol.com.br\/author\/revista-pesquisa-fapesp\/\">Revista Pesquisa Fapesp<\/a><\/strong><\/span><\/p>\n\n\n\n<div class=\"wp-block-image\"><figure class=\"aligncenter size-large\"><a href=\"https:\/\/mizu.com.br\/\"><img loading=\"lazy\" decoding=\"async\" width=\"729\" height=\"90\" src=\"https:\/\/jornalfatosenoticias.com.br\/wp-content\/uploads\/2020\/02\/Logo_Mizu.png\" alt=\"\" class=\"wp-image-1441\" srcset=\"https:\/\/jornalfatosenoticias.com.br\/wp-content\/uploads\/2020\/02\/Logo_Mizu.png 729w, https:\/\/jornalfatosenoticias.com.br\/wp-content\/uploads\/2020\/02\/Logo_Mizu-300x37.png 300w\" sizes=\"auto, (max-width: 729px) 100vw, 729px\" \/><\/a><\/figure><\/div>\n\n\n\n<p>O Brasil d\u00e1 mais um passo no desenvolvimento de um trem de levita\u00e7\u00e3o magn\u00e9tica (maglev). Esses ve\u00edculos futuristas, ainda raros no mundo, deslocam-se silenciosamente, sem emiss\u00e3o direta de poluentes \u2014 s\u00e3o eletrificados \u2014 suspensos a poucos cent\u00edmetros da via. At\u00e9 o final do ano, pesquisadores da Universidade Federal do Rio de Janeiro (UFRJ) planejam iniciar uma nova fase de testes do primeiro ve\u00edculo experimental em escala real do mundo dotado da tecnologia de levita\u00e7\u00e3o supercondutora (SML). O deslocamento do vag\u00e3o, com 4,3 metros de comprimento por dois metros de largura e capacidade para 20 passageiros, se dar\u00e1 em uma via elevada de 200 m, suspensa em rela\u00e7\u00e3o ao solo, entre os Centros de Tecnologia 1 e 2 da UFRJ, na Ilha do Fund\u00e3o, na capital fluminense.<br>Apenas Jap\u00e3o, China e Coreia do Sul t\u00eam ve\u00edculos maglev operacionais; a pesquisa na \u00e1rea tamb\u00e9m ocorre na Alemanha, nos Estados Unidos, na Fran\u00e7a, na Inglaterra, na R\u00fassia e na It\u00e1lia. O sistema SML \u00e9 uma das tr\u00eas tecnologias de levita\u00e7\u00e3o magn\u00e9tica promissoras para o transporte de massa. As outras duas, levita\u00e7\u00e3o eletrodin\u00e2mica e eletromagn\u00e9tica, s\u00e3o mais antigas e j\u00e1 est\u00e3o em opera\u00e7\u00e3o. O projeto do MagLev-Cobra, nome do ve\u00edculo brasileiro, \u00e9 liderado por professores do Instituto Alberto Luiz Coimbra de P\u00f3s-gradua\u00e7\u00e3o e Pesquisa de Engenharia (Coppe) da UFRJ.<\/p>\n\n\n\n<div class=\"wp-block-image\"><figure class=\"aligncenter size-large\"><a href=\"http:\/\/www.ferrarimaquinas.com.br\/\"><img loading=\"lazy\" decoding=\"async\" width=\"300\" height=\"250\" src=\"https:\/\/jornalfatosenoticias.com.br\/wp-content\/uploads\/2022\/02\/FERRARI_MAQUINAS-E-FERRAMENTAS2.jpg\" alt=\"\" class=\"wp-image-27860\"\/><\/a><\/figure><\/div>\n\n\n\n<p>Realizada em parceria com a Escola Polit\u00e9cnica e o Instituto de F\u00edsica da mesma universidade, a pesquisa teve in\u00edcio em 1998 (<a href=\"https:\/\/revistapesquisa.fapesp.br\/levitacao-magnetica\/\" target=\"_blank\" rel=\"noreferrer noopener\"><em>ver<\/em>\u00a0Pesquisa Fapesp\u00a0<em>n<sup>o<\/sup>\u00a0157<\/em><\/a>) e j\u00e1 recebeu cerca de R$ 20 milh\u00f5es de diversas fontes, entre elas a Funda\u00e7\u00e3o de Amparo \u00e0 Pesquisa do Estado do Rio de Janeiro (Faperj), o Banco Nacional de Desenvolvimento Econ\u00f4mico e Social (BNDES) e a Financiadora de Estudos e Projetos (Finep). Tr\u00eas patentes j\u00e1 foram concedidas pelo Instituto Nacional da Propriedade Industrial (Inpi). <\/p>\n\n\n\n<div class=\"wp-block-image\"><figure class=\"aligncenter size-large is-resized\"><a href=\"https:\/\/panper.com.br\/\"><img loading=\"lazy\" decoding=\"async\" src=\"https:\/\/jornalfatosenoticias.com.br\/wp-content\/uploads\/2023\/03\/logo-Panper_portal.jpg\" alt=\"\" class=\"wp-image-40208\" width=\"331\" height=\"229\" srcset=\"https:\/\/jornalfatosenoticias.com.br\/wp-content\/uploads\/2023\/03\/logo-Panper_portal.jpg 400w, https:\/\/jornalfatosenoticias.com.br\/wp-content\/uploads\/2023\/03\/logo-Panper_portal-300x208.jpg 300w\" sizes=\"auto, (max-width: 331px) 100vw, 331px\" \/><\/a><\/figure><\/div>\n\n\n\n<p>Um primeiro prot\u00f3tipo do ve\u00edculo, constru\u00eddo de forma artesanal e bem menos sofisticado do que o modelo atual, operou experimentalmente entre 2015 e 2020 na mesma via de 200m. \u201cVinte mil pessoas foram transportadas no per\u00edodo. Com a pandemia, o projeto foi paralisado por falta de recursos\u201d, conta o engenheiro eletricista Richard Magdalena Stephan, do Programa de Engenharia El\u00e9trica da Coppe, coordenador do desenvolvimento do MagLev-Cobra. Os resultados do primeiro ano de teste foram tema de <a href=\"https:\/\/ieeexplore.ieee.org\/document\/7399720\" target=\"_blank\" rel=\"noreferrer noopener\">artigo<\/a>\u00a0publicado em 2016 no peri\u00f3dico cient\u00edfico\u00a0<em>IEEE Transactions on Applied Superconductivity<\/em>.<\/p>\n\n\n\n<div class=\"wp-block-image\"><figure class=\"aligncenter size-large is-resized\"><a href=\"https:\/\/www.ithbrasil.com.br\/\"><img loading=\"lazy\" decoding=\"async\" src=\"https:\/\/jornalfatosenoticias.com.br\/wp-content\/uploads\/2023\/08\/ITH.jpeg\" alt=\"\" class=\"wp-image-44638\" width=\"310\" height=\"252\" srcset=\"https:\/\/jornalfatosenoticias.com.br\/wp-content\/uploads\/2023\/08\/ITH.jpeg 800w, https:\/\/jornalfatosenoticias.com.br\/wp-content\/uploads\/2023\/08\/ITH-300x244.jpeg 300w, https:\/\/jornalfatosenoticias.com.br\/wp-content\/uploads\/2023\/08\/ITH-768x624.jpeg 768w\" sizes=\"auto, (max-width: 310px) 100vw, 310px\" \/><\/a><\/figure><\/div>\n\n\n\n<p>A nova vers\u00e3o do trem fluminense foi fabricada pela empresa ga\u00facha Aerom, respons\u00e1vel pela instala\u00e7\u00e3o do aerom\u00f3vel de propuls\u00e3o pneum\u00e1tica que conectar\u00e1 o Aeroporto Internacional de S\u00e3o Paulo, em Guarulhos, ao trem metropolitano que faz a liga\u00e7\u00e3o com a capital. <\/p>\n\n\n\n<blockquote class=\"wp-block-quote is-layout-flow wp-block-quote-is-layout-flow\"><p><span class=\"has-inline-color has-luminous-vivid-orange-color\">O prot\u00f3tipo atual do MagLev-Cobra \u00e9 fruto de uma produ\u00e7\u00e3o industrial, e n\u00e3o artesanal. Se for preciso construir um segundo ve\u00edculo igual, conseguiremos fazer isso. Com o anterior, seria imposs\u00edvel\u201d, esclarece o engenheiro.<\/span><\/p><\/blockquote>\n\n\n\n<div class=\"wp-block-image\"><figure class=\"aligncenter size-large is-resized\"><a href=\"https:\/\/www.facebook.com\/vetor.vix\/\"><img loading=\"lazy\" decoding=\"async\" src=\"https:\/\/jornalfatosenoticias.com.br\/wp-content\/uploads\/2023\/09\/vetorvix1024_1.jpg\" alt=\"\" class=\"wp-image-44868\" width=\"498\" height=\"132\" srcset=\"https:\/\/jornalfatosenoticias.com.br\/wp-content\/uploads\/2023\/09\/vetorvix1024_1.jpg 1024w, https:\/\/jornalfatosenoticias.com.br\/wp-content\/uploads\/2023\/09\/vetorvix1024_1-300x80.jpg 300w, https:\/\/jornalfatosenoticias.com.br\/wp-content\/uploads\/2023\/09\/vetorvix1024_1-768x205.jpg 768w\" sizes=\"auto, (max-width: 498px) 100vw, 498px\" \/><\/a><\/figure><\/div>\n\n\n\n<p>O ve\u00edculo foi aprimorado e ganhou novas funcionalidades, como opera\u00e7\u00e3o aut\u00f4noma, sem condutor \u2014 a tecnologia <em>driveless<\/em> foi criada pela Aerom. Tamb\u00e9m conta com sistema autom\u00e1tico de abertura e fechamento de portas, refrigera\u00e7\u00e3o mais eficiente e melhor isolamento t\u00e9rmico e ac\u00fastico, segundo seus desenvolvedores.<\/p>\n\n\n\n<div class=\"wp-block-image\"><figure class=\"aligncenter size-large\"><img loading=\"lazy\" decoding=\"async\" width=\"1000\" height=\"555\" src=\"https:\/\/jornalfatosenoticias.com.br\/wp-content\/uploads\/2024\/09\/fapesp-maglev-2.jpg\" alt=\"\" class=\"wp-image-53836\" srcset=\"https:\/\/jornalfatosenoticias.com.br\/wp-content\/uploads\/2024\/09\/fapesp-maglev-2.jpg 1000w, https:\/\/jornalfatosenoticias.com.br\/wp-content\/uploads\/2024\/09\/fapesp-maglev-2-300x167.jpg 300w, https:\/\/jornalfatosenoticias.com.br\/wp-content\/uploads\/2024\/09\/fapesp-maglev-2-768x426.jpg 768w\" sizes=\"auto, (max-width: 1000px) 100vw, 1000px\" \/><figcaption><em><span class=\"has-inline-color has-black-color\">A nova vers\u00e3o do ve\u00edculo da Coppe teve produ\u00e7\u00e3o industrial; detalhe da cabine de passageiros (\u00e0 dir., em cima) e criostato (\u00e0 dir., embaixo), que substitui a roda dos trens (Foto: Reprodu\u00e7\u00e3o)<\/span><\/em><\/figcaption><\/figure><\/div>\n\n\n\n<p><strong><span class=\"has-inline-color has-black-color\">Estabilidade na levita\u00e7\u00e3o<br><\/span><\/strong>A tecnologia de levita\u00e7\u00e3o supercondutora empregada no MagLev-Cobra aproveita as propriedades de materiais produzidos apenas no fim do s\u00e9culo XX. Os trens transportam uma cer\u00e2mica constitu\u00edda de \u00f3xido de \u00edtrio, b\u00e1rio e cobre, e os trilhos s\u00e3o \u00edm\u00e3s de terras-raras \u2014 ligas de neod\u00edmio-ferro-boro \u2014 conforme explicam Stephan e colegas em <a href=\"https:\/\/www.mdpi.com\/2079-9292\/9\/6\/978\" target=\"_blank\" rel=\"noreferrer noopener\">trabalho<\/a> divulgado na revista <em>Eletronics<\/em>, em 2020. Resfriada com nitrog\u00eanio l\u00edquido a 196 graus Celsius negativos, a cer\u00e2mica se torna supercondutora e expulsa o campo magn\u00e9tico produzido pelos \u00edm\u00e3s. O diamagnetismo \u2014 a tend\u00eancia de expulsar o campo magn\u00e9tico \u2014 gera uma for\u00e7a entre o supercondutor e o \u00edm\u00e3, e \u00e9 essa a for\u00e7a que faz o trem levitar.<\/p>\n\n\n\n<div class=\"wp-block-image\"><figure class=\"aligncenter size-large\"><a href=\"https:\/\/cesconetto.com.br\/\"><img loading=\"lazy\" decoding=\"async\" width=\"300\" height=\"250\" src=\"https:\/\/jornalfatosenoticias.com.br\/wp-content\/uploads\/2020\/02\/Banner-2.png\" alt=\"\" class=\"wp-image-43787\"\/><\/a><\/figure><\/div>\n\n\n\n<p>O ve\u00edculo circular\u00e1 sobre uma via elevada cont\u00ednua. \u201cSe for ao n\u00edvel do solo, ter\u00e1 que ser em uma via segregada\u201d, diz Stephan. Em substitui\u00e7\u00e3o a cada roda do trem comum, h\u00e1 um criostato, dispositivo t\u00e9rmico na forma de caixa retangular que refrigera a cer\u00e2mica. Cada criostato tem 40 cent\u00edmetros de comprimento por 15cm de largura e 10 de altura. S\u00e3o empregados oito criostatos por vag\u00e3o, quatro de cada lado.<\/p>\n\n\n\n<div class=\"wp-block-image\"><figure class=\"aligncenter size-large\"><a href=\"https:\/\/www.facebook.com\/Esteio-Churrascaria-Barbecue-103643461220402\/\"><img decoding=\"async\" src=\"https:\/\/jornalfatosenoticias.com.br\/wp-content\/uploads\/2020\/02\/logo_esteio.jpg\" alt=\"\" class=\"wp-image-1214\"\/><\/a><\/figure><\/div>\n\n\n\n<blockquote class=\"wp-block-quote is-layout-flow wp-block-quote-is-layout-flow\"><p><span class=\"has-inline-color has-luminous-vivid-orange-color\">A repuls\u00e3o entre materiais supercondutores de alta temperatura [HTS] e \u00edm\u00e3s de terras-raras gera uma for\u00e7a est\u00e1vel de levita\u00e7\u00e3o, n\u00e3o facilmente rompida\u201d, explica o professor da Coppe. Com isso, um comboio de ve\u00edculos maglev com tecnologia SML pode enfrentar de forma est\u00e1vel at\u00e9 mesmo curvas fechadas. \u201cEssa propriedade permitir\u00e1 ao ve\u00edculo serpentear por vias elevadas em \u00e1reas urbanas de forma segura\u201d.<\/span><\/p><\/blockquote>\n\n\n\n<div class=\"wp-block-image\"><figure class=\"aligncenter size-large is-resized\"><a href=\"https:\/\/www.controlsystems.com.br\/\"><img loading=\"lazy\" decoding=\"async\" src=\"https:\/\/jornalfatosenoticias.com.br\/wp-content\/uploads\/2020\/02\/CONTROL-CS.jpg\" alt=\"\" class=\"wp-image-44991\" width=\"298\" height=\"357\" srcset=\"https:\/\/jornalfatosenoticias.com.br\/wp-content\/uploads\/2020\/02\/CONTROL-CS.jpg 834w, https:\/\/jornalfatosenoticias.com.br\/wp-content\/uploads\/2020\/02\/CONTROL-CS-250x300.jpg 250w, https:\/\/jornalfatosenoticias.com.br\/wp-content\/uploads\/2020\/02\/CONTROL-CS-768x921.jpg 768w\" sizes=\"auto, (max-width: 298px) 100vw, 298px\" \/><\/a><\/figure><\/div>\n\n\n\n<p>O MagLev-Cobra, que na vers\u00e3o final ser\u00e1 composto por vag\u00f5es articulados, dever\u00e1 levitar a 1cm da via. Sua tra\u00e7\u00e3o ser\u00e1 realizada por um motor el\u00e9trico de indu\u00e7\u00e3o linear instalado no centro da via, de uma ponta a outra. Parte dele, a armadura, \u00e9 instalada no trem; a outra, um rotor de motor el\u00e9trico retificado, \u00e9 implantada ao longo de toda a via, alinhado com a armadura \u2014 normalmente os motores el\u00e9tricos s\u00e3o dispostos circularmente em torno de um eixo e operam de forma rotativa. Um sistema de alimenta\u00e7\u00e3o fornece energia para o motor, que funciona atrav\u00e9s de um contato deslizante entre a armadura e o rotor. Como o sistema de levita\u00e7\u00e3o n\u00e3o gera atrito, a tra\u00e7\u00e3o tem de lutar apenas contra o atrito com o ar, que \u00e9 reduzido a baixas velocidades. Assim, o consumo energ\u00e9tico \u00e9 pequeno. A energia para abastecer o motor do MagLev-Cobra ser\u00e1 gerada por placas solares.<\/p>\n\n\n\n<div class=\"wp-block-image\"><figure class=\"aligncenter size-large is-resized\"><a href=\"https:\/\/www.facebook.com\/postobkr\/?locale=pt_BR\"><img loading=\"lazy\" decoding=\"async\" src=\"https:\/\/jornalfatosenoticias.com.br\/wp-content\/uploads\/2023\/08\/BKR-1024x1021.jpg\" alt=\"\" class=\"wp-image-44494\" width=\"301\" height=\"300\" srcset=\"https:\/\/jornalfatosenoticias.com.br\/wp-content\/uploads\/2023\/08\/BKR-1024x1021.jpg 1024w, https:\/\/jornalfatosenoticias.com.br\/wp-content\/uploads\/2023\/08\/BKR-300x300.jpg 300w, https:\/\/jornalfatosenoticias.com.br\/wp-content\/uploads\/2023\/08\/BKR-150x150.jpg 150w, https:\/\/jornalfatosenoticias.com.br\/wp-content\/uploads\/2023\/08\/BKR-768x766.jpg 768w, https:\/\/jornalfatosenoticias.com.br\/wp-content\/uploads\/2023\/08\/BKR.jpg 1080w\" sizes=\"auto, (max-width: 301px) 100vw, 301px\" \/><\/a><\/figure><\/div>\n\n\n\n<p>O custo de implementa\u00e7\u00e3o da infraestrutura do MagLev-Cobra \u00e9 calculado por Stephan em R$ 40 milh\u00f5es por quil\u00f4metro em cada sentido \u2014 s\u00e3o necess\u00e1rios dois sentidos, ida e volta \u2014 em valores de 2022. <em>\u201c\u00c9 compat\u00edvel com o outras infraestruturas de transporte urbano\u201d, <\/em>afirma o engenheiro, citando como exemplo o ve\u00edculo leve sobre trilhos (VLT) que entrou em opera\u00e7\u00e3o no Rio de Janeiro em 2016 a um custo de R$ 40 milh\u00f5es por km\/sentido.<\/p>\n\n\n\n<div class=\"wp-block-image\"><figure class=\"aligncenter size-large is-resized\"><a href=\"https:\/\/hotelmarquetti.com.br\/\"><img loading=\"lazy\" decoding=\"async\" src=\"https:\/\/jornalfatosenoticias.com.br\/wp-content\/uploads\/2020\/02\/nova-logo-Marquetti.jpg\" alt=\"\" class=\"wp-image-22331\" width=\"331\" height=\"222\" srcset=\"https:\/\/jornalfatosenoticias.com.br\/wp-content\/uploads\/2020\/02\/nova-logo-Marquetti.jpg 643w, https:\/\/jornalfatosenoticias.com.br\/wp-content\/uploads\/2020\/02\/nova-logo-Marquetti-300x202.jpg 300w\" sizes=\"auto, (max-width: 331px) 100vw, 331px\" \/><\/a><\/figure><\/div>\n\n\n\n<p>A nova fase de testes do MagLev-Cobra deve durar pelo menos um ano. <em>\u201cNossa expectativa \u00e9 de que o experimento desperte interesse dos setores p\u00fablico e privado para a constru\u00e7\u00e3o de uma via maior, de 1 km de extens\u00e3o\u201d, afirma Stephan.<\/em> Essa nova estrutura ser\u00e1 dotada de curvas de raios de 50m e aclives de at\u00e9 15%. Nela, o ve\u00edculo poder\u00e1 atingir 70 km\/hora \u2014 o prot\u00f3tipo atual, por causa da dist\u00e2ncia curta da via, 200 m, vai se deslocar a no m\u00e1ximo 12 km\/h. A estimativa de custo dessa \u00faltima fase \u00e9 de R$ 60 milh\u00f5es. \u201cAp\u00f3s esses ensaios, e se tudo correr bem, estaremos prontos para uma opera\u00e7\u00e3o comercial\u201d, projeta.<\/p>\n\n\n\n<div class=\"wp-block-image\"><figure class=\"aligncenter size-large is-resized\"><a href=\"https:\/\/www.instagram.com\/vmais.midias\/\"><img loading=\"lazy\" decoding=\"async\" src=\"https:\/\/jornalfatosenoticias.com.br\/wp-content\/uploads\/2020\/02\/DE-MAIS-DESTAQUE-VMAIS-800X700.png\" alt=\"\" class=\"wp-image-53112\" width=\"279\" height=\"243\" srcset=\"https:\/\/jornalfatosenoticias.com.br\/wp-content\/uploads\/2020\/02\/DE-MAIS-DESTAQUE-VMAIS-800X700.png 800w, https:\/\/jornalfatosenoticias.com.br\/wp-content\/uploads\/2020\/02\/DE-MAIS-DESTAQUE-VMAIS-800X700-768x672.png 768w\" sizes=\"auto, (max-width: 279px) 100vw, 279px\" \/><\/a><\/figure><\/div>\n\n\n\n<p>Para o engenheiro civil R\u00f4mulo Dante Orrico Filho, ex-subsecret\u00e1rio municipal de Transportes do Rio de Janeiro e professor do programa de Engenharia de Transportes da Coppe, mas sem participa\u00e7\u00e3o no projeto, o MagLev-Cobra apresenta vantagens significativas, o que justificaria apoio e investimento p\u00fablico para sua implementa\u00e7\u00e3o.<\/p>\n\n\n\n<div class=\"wp-block-image\"><figure class=\"aligncenter size-large is-resized\"><img loading=\"lazy\" decoding=\"async\" src=\"https:\/\/jornalfatosenoticias.com.br\/wp-content\/uploads\/2022\/02\/Precisao-Contabilidade-1024x724.jpg\" alt=\"\" class=\"wp-image-28088\" width=\"348\" height=\"246\"\/><\/figure><\/div>\n\n\n\n<blockquote class=\"wp-block-quote is-layout-flow wp-block-quote-is-layout-flow\"><p><span class=\"has-inline-color has-luminous-vivid-orange-color\">O custo operacional, que envolve gasto de energia e manuten\u00e7\u00e3o, \u00e9 mais baixo do que o de ve\u00edculos de rodas sobre trilho\u201d, compara o engenheiro. Outra vantagem, destacada por Orrico Filho, \u00e9 sua leveza, por dispensar trilhos e rodas de a\u00e7o. \u201cA infraestrutura para sustentar a via \u00e9 mais leve. Com isso, os pilares de sustenta\u00e7\u00e3o podem ser mais finos e mais adequados \u00e0 realidade urbana\u201d, argumenta.<\/span><\/p><\/blockquote>\n\n\n\n<div class=\"wp-block-image\"><figure class=\"aligncenter size-large is-resized\"><a href=\"https:\/\/www.instagram.com\/serra4x4cambioautomatico\/\"><img loading=\"lazy\" decoding=\"async\" src=\"https:\/\/jornalfatosenoticias.com.br\/wp-content\/uploads\/2024\/08\/Serra-4x4-1-886x1024.jpg\" alt=\"\" class=\"wp-image-53632\" width=\"296\" height=\"342\" srcset=\"https:\/\/jornalfatosenoticias.com.br\/wp-content\/uploads\/2024\/08\/Serra-4x4-1-886x1024.jpg 886w, https:\/\/jornalfatosenoticias.com.br\/wp-content\/uploads\/2024\/08\/Serra-4x4-1-260x300.jpg 260w, https:\/\/jornalfatosenoticias.com.br\/wp-content\/uploads\/2024\/08\/Serra-4x4-1-768x888.jpg 768w, https:\/\/jornalfatosenoticias.com.br\/wp-content\/uploads\/2024\/08\/Serra-4x4-1.jpg 1181w\" sizes=\"auto, (max-width: 296px) 100vw, 296px\" \/><\/a><\/figure><\/div>\n\n\n\n<p>O engenheiro eletricista Jos\u00e9 Roberto Cardoso, coordenador do Laborat\u00f3rio de Eletromagnetismo Aplicado (LMAG) do Departamento de Engenharia de Energia e Automa\u00e7\u00e3o El\u00e9tricas da Escola Polit\u00e9cnica da Universidade de S\u00e3o Paulo (USP), avalia que o MagLev-Cobra \u00e9 uma alternativa \u00fanica de transporte em baixa velocidade com levita\u00e7\u00e3o magn\u00e9tica. <\/p>\n\n\n\n<blockquote class=\"wp-block-quote is-layout-flow wp-block-quote-is-layout-flow\"><p><span class=\"has-inline-color has-luminous-vivid-orange-color\">O projeto \u00e9 original e evoluiu bastante nos \u00faltimos 20 anos. A vantagem da tecnologia SML \u00e9 a leveza do ve\u00edculo. Ele \u00e9 ideal para ser utilizado em trajetos dentro das cidades, em aeroportos e entre munic\u00edpios pr\u00f3ximos\u201d, afirma.<\/span><\/p><\/blockquote>\n\n\n\n<figure class=\"wp-block-embed-youtube aligncenter wp-block-embed is-type-video is-provider-youtube wp-embed-aspect-16-9 wp-has-aspect-ratio\"><div class=\"wp-block-embed__wrapper\">\n<iframe loading=\"lazy\" title=\"UFRJ \u00e9 100 - MagLev\" width=\"660\" height=\"371\" src=\"https:\/\/www.youtube.com\/embed\/lqsAkfXMNTw?feature=oembed\" frameborder=\"0\" allow=\"accelerometer; autoplay; clipboard-write; encrypted-media; gyroscope; picture-in-picture; web-share\" referrerpolicy=\"strict-origin-when-cross-origin\" allowfullscreen><\/iframe>\n<\/div><\/figure>\n\n\n\n<p><strong><span class=\"has-inline-color has-black-color\">Experi\u00eancia chinesa<br><\/span><\/strong>Os estudos sobre levita\u00e7\u00e3o magn\u00e9tica aplicada ao transporte de passageiros remontam ao in\u00edcio do s\u00e9culo XX. Em 1912, o franc\u00eas Emile Bachelet (1863-1946) depositou a primeira patente de levita\u00e7\u00e3o eletrodin\u00e2mica (EDL). A levita\u00e7\u00e3o eletromagn\u00e9tica (EML) foi proposta pelo alem\u00e3o Hermann Kemper (1892-1977) em 1934. Foi apenas nos anos 1970 que come\u00e7aram as primeiras pesquisas para desenvolver trens maglev, na Alemanha, no Jap\u00e3o e nos Estados Unidos.<\/p>\n\n\n\n<div class=\"wp-block-image\"><figure class=\"aligncenter size-large is-resized\"><a href=\"https:\/\/www.instagram.com\/restaurantepegoretti\/\"><img loading=\"lazy\" decoding=\"async\" src=\"https:\/\/jornalfatosenoticias.com.br\/wp-content\/uploads\/2023\/12\/pegoretti-logo-pdf-1024x389.jpg\" alt=\"\" class=\"wp-image-47536\" width=\"411\" height=\"156\" srcset=\"https:\/\/jornalfatosenoticias.com.br\/wp-content\/uploads\/2023\/12\/pegoretti-logo-pdf-1024x389.jpg 1024w, https:\/\/jornalfatosenoticias.com.br\/wp-content\/uploads\/2023\/12\/pegoretti-logo-pdf-300x114.jpg 300w, https:\/\/jornalfatosenoticias.com.br\/wp-content\/uploads\/2023\/12\/pegoretti-logo-pdf-768x291.jpg 768w, https:\/\/jornalfatosenoticias.com.br\/wp-content\/uploads\/2023\/12\/pegoretti-logo-pdf.jpg 1120w\" sizes=\"auto, (max-width: 411px) 100vw, 411px\" \/><\/a><\/figure><\/div>\n\n\n\n<p>O conhecimento cient\u00edfico que permite a levita\u00e7\u00e3o com a tecnologia SML \u00e9 mais recente, do fim dos anos 1980. Al\u00e9m do Brasil, a pesquisa sobre ve\u00edculos maglev que empregam essa tecnologia se concentra principalmente na China e na Alemanha. A maioria dos projetos est\u00e1 em fase de ensaios laboratoriais. O prot\u00f3tipo mais avan\u00e7ado foi testado na Southwest Jiaotong University (SWJTU), em Chengdu, na China, em 2021 \u2014 seis anos ap\u00f3s o in\u00edcio dos ensaios do prot\u00f3tipo artesanal do MagLev-Cobra. O projeto chin\u00eas difere do brasileiro em um ponto: visa ao transporte de alta velocidade, entre cidades, enquanto o da UFRJ tem foco em trajetos urbanos.<\/p>\n\n\n\n<div class=\"wp-block-image\"><figure class=\"aligncenter size-large\"><a href=\"http:\/\/www.ferrarimaquinas.com.br\/\"><img loading=\"lazy\" decoding=\"async\" width=\"300\" height=\"250\" src=\"https:\/\/jornalfatosenoticias.com.br\/wp-content\/uploads\/2022\/02\/FERRARI_MAQUINAS-E-FERRAMENTAS2.jpg\" alt=\"\" class=\"wp-image-27860\"\/><\/a><\/figure><\/div>\n\n\n\n<p>O teste em escala real do prot\u00f3tipo da SWJTU aconteceu em uma via de 165 m. De acordo com o engenheiro mec\u00e2nico Zigang Deng, l\u00edder da equipe de tecnologias HTS maglev na SWJTU, uma nova linha de testes de 1,6 km est\u00e1 sendo planejada para entrar em opera\u00e7\u00e3o em 2025. <\/p>\n\n\n\n<div class=\"wp-block-image\"><figure class=\"aligncenter size-large\"><a href=\"https:\/\/www.facebook.com\/Esteio-Churrascaria-Barbecue-103643461220402\/\"><img decoding=\"async\" src=\"https:\/\/jornalfatosenoticias.com.br\/wp-content\/uploads\/2020\/02\/logo_esteio.jpg\" alt=\"\" class=\"wp-image-1214\"\/><\/a><\/figure><\/div>\n\n\n\n<blockquote class=\"wp-block-quote is-layout-flow wp-block-quote-is-layout-flow\"><p><span class=\"has-inline-color has-luminous-vivid-orange-color\">Queremos atingir velocidades superiores a mil km\/h\u201d, informou Deng \u00e0 Pesquisa Fapesp.<\/span><\/p><\/blockquote>\n\n\n\n<div class=\"wp-block-image\"><figure class=\"aligncenter size-large is-resized\"><a href=\"https:\/\/www.ithbrasil.com.br\/\"><img loading=\"lazy\" decoding=\"async\" src=\"https:\/\/jornalfatosenoticias.com.br\/wp-content\/uploads\/2023\/08\/ITH.jpeg\" alt=\"\" class=\"wp-image-44638\" width=\"289\" height=\"234\" srcset=\"https:\/\/jornalfatosenoticias.com.br\/wp-content\/uploads\/2023\/08\/ITH.jpeg 800w, https:\/\/jornalfatosenoticias.com.br\/wp-content\/uploads\/2023\/08\/ITH-300x244.jpeg 300w, https:\/\/jornalfatosenoticias.com.br\/wp-content\/uploads\/2023\/08\/ITH-768x624.jpeg 768w\" sizes=\"auto, (max-width: 289px) 100vw, 289px\" \/><\/a><\/figure><\/div>\n\n\n\n<p>O projeto, esclarece o pesquisador, tem apoio do governo chin\u00eas e parcerias est\u00e3o sendo desenvolvidas com outras universidades e empresas estatais do pa\u00eds. \u201cA tecnologia de opera\u00e7\u00e3o do maglev SML em baixa velocidade est\u00e1 totalmente desenvolvida e foi demonstrada pela equipe da UFRJ\u201d, constata Deng. Por isso, diz ele, a SWJTU optou por trabalhar em um projeto focado em aplica\u00e7\u00f5es em alta velocidade.<\/p>\n\n\n\n<div class=\"wp-block-image\"><figure class=\"aligncenter size-large is-resized\"><a href=\"https:\/\/www.facebook.com\/postobkr\/?locale=pt_BR\"><img loading=\"lazy\" decoding=\"async\" src=\"https:\/\/jornalfatosenoticias.com.br\/wp-content\/uploads\/2023\/08\/BKR-1024x1021.jpg\" alt=\"\" class=\"wp-image-44494\" width=\"315\" height=\"314\" srcset=\"https:\/\/jornalfatosenoticias.com.br\/wp-content\/uploads\/2023\/08\/BKR-1024x1021.jpg 1024w, https:\/\/jornalfatosenoticias.com.br\/wp-content\/uploads\/2023\/08\/BKR-300x300.jpg 300w, https:\/\/jornalfatosenoticias.com.br\/wp-content\/uploads\/2023\/08\/BKR-150x150.jpg 150w, https:\/\/jornalfatosenoticias.com.br\/wp-content\/uploads\/2023\/08\/BKR-768x766.jpg 768w, https:\/\/jornalfatosenoticias.com.br\/wp-content\/uploads\/2023\/08\/BKR.jpg 1080w\" sizes=\"auto, (max-width: 315px) 100vw, 315px\" \/><\/a><\/figure><\/div>\n\n\n\n<p><strong><span class=\"has-inline-color has-black-color\">For\u00e7as repulsivas e atrativas<br><\/span><\/strong>Na tecnologia pioneira de levita\u00e7\u00e3o eletrodin\u00e2mica, os \u00edm\u00e3s s\u00e3o transportados pelo trem e os trilhos s\u00e3o condutores normais. Para que a for\u00e7a repulsiva seja suficiente para sustentar os vag\u00f5es, os trilhos precisam ficar sujeitos a um campo magn\u00e9tico que varia rapidamente. Por isso, a levita\u00e7\u00e3o s\u00f3 aparece quando a velocidade do trem \u00e9 relativamente alta.<\/p>\n\n\n\n<div class=\"wp-block-image\"><figure class=\"aligncenter size-large is-resized\"><a href=\"https:\/\/www.controlsystems.com.br\/\"><img loading=\"lazy\" decoding=\"async\" src=\"https:\/\/jornalfatosenoticias.com.br\/wp-content\/uploads\/2020\/02\/CONTROL-CS.jpg\" alt=\"\" class=\"wp-image-44991\" width=\"288\" height=\"345\" srcset=\"https:\/\/jornalfatosenoticias.com.br\/wp-content\/uploads\/2020\/02\/CONTROL-CS.jpg 834w, https:\/\/jornalfatosenoticias.com.br\/wp-content\/uploads\/2020\/02\/CONTROL-CS-250x300.jpg 250w, https:\/\/jornalfatosenoticias.com.br\/wp-content\/uploads\/2020\/02\/CONTROL-CS-768x921.jpg 768w\" sizes=\"auto, (max-width: 288px) 100vw, 288px\" \/><\/a><\/figure><\/div>\n\n\n\n<p>A primeira linha EDL de demonstra\u00e7\u00e3o e testes foi implementada em 1997 no Jap\u00e3o. Uma via de 42,8 km foi constru\u00edda em 2013 em Yamanashi, localizada entre T\u00f3quio e Osaka, tamb\u00e9m para ensaios. Dois anos depois, o ve\u00edculo maglev EDL alcan\u00e7ou o recorde mundial de 603 km\/h. <\/p>\n\n\n\n<blockquote class=\"wp-block-quote is-layout-flow wp-block-quote-is-layout-flow\"><p><span class=\"has-inline-color has-luminous-vivid-orange-color\">A levita\u00e7\u00e3o eletrodin\u00e2mica \u00e9 uma tecnologia voltada para ve\u00edculos de alta velocidade; n\u00e3o \u00e9 adequada para trajetos urbanos. A levita\u00e7\u00e3o s\u00f3 ocorre ap\u00f3s atingir 100 km\/h\u201d, esclarece Stephan. A primeira linha comercial de alta velocidade est\u00e1 prevista para operar entre T\u00f3quio e Nagoya at\u00e9 2030.<\/span><\/p><\/blockquote>\n\n\n\n<div class=\"wp-block-image\"><figure class=\"aligncenter size-large is-resized\"><a href=\"https:\/\/www.instagram.com\/vmais.midias\/\"><img loading=\"lazy\" decoding=\"async\" src=\"https:\/\/jornalfatosenoticias.com.br\/wp-content\/uploads\/2020\/02\/DE-MAIS-DESTAQUE-VMAIS-800X700.png\" alt=\"\" class=\"wp-image-53112\" width=\"287\" height=\"250\" srcset=\"https:\/\/jornalfatosenoticias.com.br\/wp-content\/uploads\/2020\/02\/DE-MAIS-DESTAQUE-VMAIS-800X700.png 800w, https:\/\/jornalfatosenoticias.com.br\/wp-content\/uploads\/2020\/02\/DE-MAIS-DESTAQUE-VMAIS-800X700-768x672.png 768w\" sizes=\"auto, (max-width: 287px) 100vw, 287px\" \/><\/a><\/figure><\/div>\n\n\n\n<p>A outra tecnologia, de levita\u00e7\u00e3o eletromagn\u00e9tica, utiliza as for\u00e7as atrativas do magnetismo entre eletro\u00edm\u00e3s instalados nos ve\u00edculos, em lugar das rodas, e materiais ferromagn\u00e9ticos, nas vias. \u00c9 indicada tanto para trajetos longos, nos quais o trem atinge maiores velocidades, quanto para percursos urbanos. Desde 2003, um ve\u00edculo de alta velocidade constru\u00eddo com tecnologia alem\u00e3 percorre os 30 km entre o Aeroporto Internacional de Shanghai-Pudong e Lujiazui, em Shanghai, na China, registrando at\u00e9 450 km\/h \u2014 foi a primeira opera\u00e7\u00e3o comercial de um ve\u00edculo de levita\u00e7\u00e3o magn\u00e9tica de alta velocidade.<\/p>\n\n\n\n<div class=\"wp-block-image\"><figure class=\"aligncenter size-large is-resized\"><a href=\"https:\/\/panper.com.br\/\"><img loading=\"lazy\" decoding=\"async\" src=\"https:\/\/jornalfatosenoticias.com.br\/wp-content\/uploads\/2023\/03\/logo-Panper_portal.jpg\" alt=\"\" class=\"wp-image-40208\" width=\"345\" height=\"239\" srcset=\"https:\/\/jornalfatosenoticias.com.br\/wp-content\/uploads\/2023\/03\/logo-Panper_portal.jpg 400w, https:\/\/jornalfatosenoticias.com.br\/wp-content\/uploads\/2023\/03\/logo-Panper_portal-300x208.jpg 300w\" sizes=\"auto, (max-width: 345px) 100vw, 345px\" \/><\/a><\/figure><\/div>\n\n\n\n<p>Al\u00e9m dela, existem hoje cinco opera\u00e7\u00f5es maglev urbanas, com extens\u00f5es que variam de 6 a 18 km, sendo tr\u00eas na China, uma no Jap\u00e3o e uma na Coreia do Sul, todas com o sistema EML. <\/p>\n\n\n\n<blockquote class=\"wp-block-quote is-layout-flow wp-block-quote-is-layout-flow\"><p><span class=\"has-inline-color has-luminous-vivid-orange-color\">Por conta das altas velocidades que atingem, os trens de levita\u00e7\u00e3o magn\u00e9tica, seja EML ou EDL, podem se tornar no futuro uma op\u00e7\u00e3o para ligar a \u00c1sia e a Europa por terra\u201d, cogita Cardoso, da USP.<\/span><\/p><\/blockquote>\n\n\n\n<div class=\"wp-block-image\"><figure class=\"aligncenter size-large is-resized\"><a href=\"https:\/\/www.facebook.com\/vetor.vix\/\"><img loading=\"lazy\" decoding=\"async\" src=\"https:\/\/jornalfatosenoticias.com.br\/wp-content\/uploads\/2023\/09\/vetorvix1024_1.jpg\" alt=\"\" class=\"wp-image-44868\" width=\"535\" height=\"142\" srcset=\"https:\/\/jornalfatosenoticias.com.br\/wp-content\/uploads\/2023\/09\/vetorvix1024_1.jpg 1024w, https:\/\/jornalfatosenoticias.com.br\/wp-content\/uploads\/2023\/09\/vetorvix1024_1-300x80.jpg 300w, https:\/\/jornalfatosenoticias.com.br\/wp-content\/uploads\/2023\/09\/vetorvix1024_1-768x205.jpg 768w\" sizes=\"auto, (max-width: 535px) 100vw, 535px\" \/><\/a><\/figure><\/div>\n\n\n\n<p>Um <a href=\"https:\/\/transsyst.ru\/transj\/article\/view\/321677\" target=\"_blank\" rel=\"noreferrer noopener\">artigo cient\u00edfico<\/a> escrito por Stephan e Deng e <em>publicado<\/em> em 2023 em <em>Modern Transportation Systems and Technologies<\/em> destaca as vantagens do sistema SML em compara\u00e7\u00e3o \u00e0 tecnologia EML, tamb\u00e9m destinada ao transporte urbano. <\/p>\n\n\n\n<blockquote class=\"wp-block-quote is-layout-flow wp-block-quote-is-layout-flow\"><p><span class=\"has-inline-color has-luminous-vivid-orange-color\">A levita\u00e7\u00e3o eletromagn\u00e9tica depende de fornecimento de energia de forma ininterrupta. Qualquer falha no fornecimento de eletricidade leva ao colapso do sistema de levita\u00e7\u00e3o\u201d, diz. <\/span><\/p><\/blockquote>\n\n\n\n<div class=\"wp-block-image\"><figure class=\"aligncenter size-large is-resized\"><a href=\"https:\/\/hotelmarquetti.com.br\/\"><img loading=\"lazy\" decoding=\"async\" src=\"https:\/\/jornalfatosenoticias.com.br\/wp-content\/uploads\/2023\/03\/nova-logo-Marquetti.jpg\" alt=\"\" class=\"wp-image-40207\" width=\"325\" height=\"218\" srcset=\"https:\/\/jornalfatosenoticias.com.br\/wp-content\/uploads\/2023\/03\/nova-logo-Marquetti.jpg 643w, https:\/\/jornalfatosenoticias.com.br\/wp-content\/uploads\/2023\/03\/nova-logo-Marquetti-300x202.jpg 300w\" sizes=\"auto, (max-width: 325px) 100vw, 325px\" \/><\/a><\/figure><\/div>\n\n\n\n<p>Como consequ\u00eancia, os ve\u00edculos EML demandam sensores e sistemas de backup energ\u00e9tico. J\u00e1 na tecnologia SML, segundo o pesquisador, para manter o trem em levita\u00e7\u00e3o s\u00f3 \u00e9 necess\u00e1rio reabastecer uma vez por dia o criostato com nitrog\u00eanio l\u00edquido, um produto acess\u00edvel.<\/p>\n\n\n\n<div class=\"wp-block-image\"><figure class=\"aligncenter size-large is-resized\"><img loading=\"lazy\" decoding=\"async\" src=\"https:\/\/jornalfatosenoticias.com.br\/wp-content\/uploads\/2022\/02\/Precisao-Contabilidade-1024x724.jpg\" alt=\"\" class=\"wp-image-28088\" width=\"323\" height=\"228\"\/><\/figure><\/div>\n\n\n\n<p>Outra diferen\u00e7a: o sistema EML utiliza pesados eletro\u00edm\u00e3s instalados nos ve\u00edculos, enquanto os criostatos carregados de supercondutores do sistema SML s\u00e3o leves. A terceira distin\u00e7\u00e3o significativa entre as duas tecnologias se d\u00e1 no chamado aparelho de mudan\u00e7a de via. <\/p>\n\n\n\n<div class=\"wp-block-image\"><figure class=\"aligncenter size-large\"><a href=\"https:\/\/cesconetto.com.br\/\"><img loading=\"lazy\" decoding=\"async\" width=\"300\" height=\"250\" src=\"https:\/\/jornalfatosenoticias.com.br\/wp-content\/uploads\/2020\/02\/Banner-2.png\" alt=\"\" class=\"wp-image-43787\"\/><\/a><\/figure><\/div>\n\n\n\n<p>Nos maglev EML, para um ve\u00edculo trocar de via, esta precisa ser deslocada para conduzir o maglev para a nova dire\u00e7\u00e3o, exatamente como ocorre com o monotrilho de S\u00e3o Paulo. No maglev SML, em um entroncamento, basta substituir os \u00edm\u00e3s da via por eletro\u00edm\u00e3s e energizar na dire\u00e7\u00e3o que se deseja seguir, cortando a eletrifica\u00e7\u00e3o de um ramal e mantendo no outro. <\/p>\n\n\n\n<blockquote class=\"wp-block-quote is-layout-flow wp-block-quote-is-layout-flow\"><p><span class=\"has-inline-color has-luminous-vivid-orange-color\">S\u00e3o essas tr\u00eas caracter\u00edsticas que geram leveza, praticidade e confiabilidade aos sistemas SML\u201d, explica Stephan.<\/span><\/p><\/blockquote>\n\n\n\n<div class=\"wp-block-image\"><figure class=\"aligncenter size-large\"><a href=\"https:\/\/mizu.com.br\/\"><img loading=\"lazy\" decoding=\"async\" width=\"729\" height=\"90\" src=\"https:\/\/jornalfatosenoticias.com.br\/wp-content\/uploads\/2020\/02\/Logo_Mizu.png\" alt=\"\" class=\"wp-image-1441\" srcset=\"https:\/\/jornalfatosenoticias.com.br\/wp-content\/uploads\/2020\/02\/Logo_Mizu.png 729w, https:\/\/jornalfatosenoticias.com.br\/wp-content\/uploads\/2020\/02\/Logo_Mizu-300x37.png 300w\" sizes=\"auto, (max-width: 729px) 100vw, 729px\" \/><\/a><\/figure><\/div>\n\n\n\n<p>Uma vers\u00e3o deste texto foi publicada na edi\u00e7\u00e3o impressa <a href=\"https:\/\/revistapesquisa.fapesp.br\/wp-content\/uploads\/2024\/07\/070-073-Magalev_342.pdf\" target=\"_blank\" rel=\"noreferrer noopener\">representada no PDF<\/a>.<\/p>\n\n\n\n<p><strong><span class=\"has-inline-color has-black-color\">Artigos cient\u00edficos<br><\/span><\/strong>MATTOS, L. S.\u00a0<em>et al<\/em>.\u00a0<a href=\"https:\/\/ieeexplore.ieee.org\/document\/7399720\" target=\"_blank\" rel=\"noreferrer noopener\">MagLev-Cobra operational testes<\/a>.\u00a0<strong>IEEE Transactions on Applied Superconductivity.\u00a0<\/strong> v. 26, n.3. abr. 2016.<br>STEPHAN, R. M. e PEREIRA JR., A. O. <a href=\"https:\/\/www.mdpi.com\/2079-9292\/9\/6\/978\" target=\"_blank\" rel=\"noreferrer noopener\">The vital contributions of maglev vehicles for the mobility in smart cities<\/a>.\u00a0<strong>Electronics<\/strong>. 11 jun. 2020.<br>STEPHAN, R. M et al. <a href=\"https:\/\/transsyst.ru\/transj\/article\/view\/321677\" target=\"_blank\" rel=\"noreferrer noopener\">Past, present and future of superconducting magnetic levitation (SML)<\/a>.\u00a0<strong>Modern\u00a0Transportation\u00a0Systems and Technologies<\/strong>. v. 9, n. 1. nov. 2023.<\/p>\n\n\n\n<p><strong><em>Fonte: <a href=\"https:\/\/gizmodo.uol.com.br\/projeto-brasileiro-de-trem-de-levitacao-magnetica-inicia-nova-fase-de-testes\/\">Giz Brasil<\/a><\/em><\/strong><\/p>\n","protected":false},"excerpt":{"rendered":"<p>O MagLev-Cobra usa a for\u00e7a magn\u00e9tica entre \u00edm\u00e3s de terras-raras e supercondutores para se deslocar sem tocar a via Por Domingos Zaparolli\/Revista Pesquisa Fapesp O Brasil d\u00e1 mais um passo no desenvolvimento de um trem de levita\u00e7\u00e3o magn\u00e9tica (maglev). Esses ve\u00edculos futuristas, ainda raros no mundo, deslocam-se silenciosamente, sem emiss\u00e3o direta de poluentes \u2014 s\u00e3o [&hellip;]<\/p>\n","protected":false},"author":2,"featured_media":53838,"comment_status":"open","ping_status":"open","sticky":false,"template":"","format":"standard","meta":{"footnotes":""},"categories":[9923],"tags":[2539,6138,24517,113,911,22168,16704,19926],"class_list":["post-53835","post","type-post","status-publish","format-standard","has-post-thumbnail","hentry","category-mobilidade","tag-energia","tag-engenharia","tag-engenharia-de-transportes","tag-fapesp","tag-inovacao","tag-levitacao-magnetica","tag-maglev","tag-transportes"],"yoast_head":"<!-- This site is optimized with the Yoast SEO plugin v26.5 - https:\/\/yoast.com\/wordpress\/plugins\/seo\/ -->\n<title>Projeto brasileiro de trem de levita\u00e7\u00e3o magn\u00e9tica inicia nova fase de testes - Jornal Fatos e Not\u00edcias<\/title>\n<meta name=\"robots\" content=\"index, follow, max-snippet:-1, max-image-preview:large, max-video-preview:-1\" \/>\n<link rel=\"canonical\" href=\"https:\/\/jornalfatosenoticias.com.br\/index.php\/2024\/09\/03\/projeto-brasileiro-de-trem-de-levitacao-magnetica-inicia-nova-fase-de-testes\/\" \/>\n<meta property=\"og:locale\" content=\"pt_BR\" \/>\n<meta property=\"og:type\" content=\"article\" \/>\n<meta property=\"og:title\" content=\"Projeto brasileiro de trem de levita\u00e7\u00e3o magn\u00e9tica inicia nova fase de testes - Jornal Fatos e Not\u00edcias\" \/>\n<meta property=\"og:description\" content=\"O MagLev-Cobra usa a for\u00e7a magn\u00e9tica entre \u00edm\u00e3s de terras-raras e supercondutores para se deslocar sem tocar a via Por Domingos Zaparolli\/Revista Pesquisa Fapesp O Brasil d\u00e1 mais um passo no desenvolvimento de um trem de levita\u00e7\u00e3o magn\u00e9tica (maglev). Esses ve\u00edculos futuristas, ainda raros no mundo, deslocam-se silenciosamente, sem emiss\u00e3o direta de poluentes \u2014 s\u00e3o [&hellip;]\" \/>\n<meta property=\"og:url\" content=\"https:\/\/jornalfatosenoticias.com.br\/index.php\/2024\/09\/03\/projeto-brasileiro-de-trem-de-levitacao-magnetica-inicia-nova-fase-de-testes\/\" \/>\n<meta property=\"og:site_name\" content=\"Jornal Fatos e Not\u00edcias\" \/>\n<meta property=\"article:published_time\" content=\"2024-09-03T12:34:25+00:00\" \/>\n<meta property=\"article:modified_time\" content=\"2024-09-03T12:34:26+00:00\" \/>\n<meta property=\"og:image\" content=\"https:\/\/jornalfatosenoticias.com.br\/wp-content\/uploads\/2024\/09\/fapesp-maglev-trem.jpg\" \/>\n\t<meta property=\"og:image:width\" content=\"1000\" \/>\n\t<meta property=\"og:image:height\" content=\"617\" \/>\n\t<meta property=\"og:image:type\" content=\"image\/jpeg\" \/>\n<meta name=\"author\" content=\"Luzimara Fernandes\" \/>\n<meta name=\"twitter:card\" content=\"summary_large_image\" \/>\n<meta name=\"twitter:label1\" content=\"Escrito por\" \/>\n\t<meta name=\"twitter:data1\" content=\"Luzimara Fernandes\" \/>\n\t<meta name=\"twitter:label2\" content=\"Est. tempo de leitura\" \/>\n\t<meta name=\"twitter:data2\" content=\"12 minutos\" \/>\n<script type=\"application\/ld+json\" class=\"yoast-schema-graph\">{\"@context\":\"https:\/\/schema.org\",\"@graph\":[{\"@type\":\"Article\",\"@id\":\"https:\/\/jornalfatosenoticias.com.br\/index.php\/2024\/09\/03\/projeto-brasileiro-de-trem-de-levitacao-magnetica-inicia-nova-fase-de-testes\/#article\",\"isPartOf\":{\"@id\":\"https:\/\/jornalfatosenoticias.com.br\/index.php\/2024\/09\/03\/projeto-brasileiro-de-trem-de-levitacao-magnetica-inicia-nova-fase-de-testes\/\"},\"author\":{\"name\":\"Luzimara Fernandes\",\"@id\":\"https:\/\/jornalfatosenoticias.com.br\/#\/schema\/person\/d63837fa13ac8666eb9e74e0985d6f81\"},\"headline\":\"Projeto brasileiro de trem de levita\u00e7\u00e3o magn\u00e9tica inicia nova fase de testes\",\"datePublished\":\"2024-09-03T12:34:25+00:00\",\"dateModified\":\"2024-09-03T12:34:26+00:00\",\"mainEntityOfPage\":{\"@id\":\"https:\/\/jornalfatosenoticias.com.br\/index.php\/2024\/09\/03\/projeto-brasileiro-de-trem-de-levitacao-magnetica-inicia-nova-fase-de-testes\/\"},\"wordCount\":2469,\"commentCount\":0,\"publisher\":{\"@id\":\"https:\/\/jornalfatosenoticias.com.br\/#organization\"},\"image\":{\"@id\":\"https:\/\/jornalfatosenoticias.com.br\/index.php\/2024\/09\/03\/projeto-brasileiro-de-trem-de-levitacao-magnetica-inicia-nova-fase-de-testes\/#primaryimage\"},\"thumbnailUrl\":\"https:\/\/jornalfatosenoticias.com.br\/wp-content\/uploads\/2024\/09\/fapesp-maglev-trem.jpg\",\"keywords\":[\"energia\",\"engenharia\",\"engenharia de transportes\",\"fapesp\",\"inova\u00e7\u00e3o\",\"levita\u00e7\u00e3o magn\u00e9tica\",\"Maglev\",\"transportes\"],\"articleSection\":[\"Mobilidade\"],\"inLanguage\":\"pt-BR\",\"potentialAction\":[{\"@type\":\"CommentAction\",\"name\":\"Comment\",\"target\":[\"https:\/\/jornalfatosenoticias.com.br\/index.php\/2024\/09\/03\/projeto-brasileiro-de-trem-de-levitacao-magnetica-inicia-nova-fase-de-testes\/#respond\"]}]},{\"@type\":\"WebPage\",\"@id\":\"https:\/\/jornalfatosenoticias.com.br\/index.php\/2024\/09\/03\/projeto-brasileiro-de-trem-de-levitacao-magnetica-inicia-nova-fase-de-testes\/\",\"url\":\"https:\/\/jornalfatosenoticias.com.br\/index.php\/2024\/09\/03\/projeto-brasileiro-de-trem-de-levitacao-magnetica-inicia-nova-fase-de-testes\/\",\"name\":\"Projeto brasileiro de trem de levita\u00e7\u00e3o magn\u00e9tica inicia nova fase de testes - Jornal Fatos e Not\u00edcias\",\"isPartOf\":{\"@id\":\"https:\/\/jornalfatosenoticias.com.br\/#website\"},\"primaryImageOfPage\":{\"@id\":\"https:\/\/jornalfatosenoticias.com.br\/index.php\/2024\/09\/03\/projeto-brasileiro-de-trem-de-levitacao-magnetica-inicia-nova-fase-de-testes\/#primaryimage\"},\"image\":{\"@id\":\"https:\/\/jornalfatosenoticias.com.br\/index.php\/2024\/09\/03\/projeto-brasileiro-de-trem-de-levitacao-magnetica-inicia-nova-fase-de-testes\/#primaryimage\"},\"thumbnailUrl\":\"https:\/\/jornalfatosenoticias.com.br\/wp-content\/uploads\/2024\/09\/fapesp-maglev-trem.jpg\",\"datePublished\":\"2024-09-03T12:34:25+00:00\",\"dateModified\":\"2024-09-03T12:34:26+00:00\",\"breadcrumb\":{\"@id\":\"https:\/\/jornalfatosenoticias.com.br\/index.php\/2024\/09\/03\/projeto-brasileiro-de-trem-de-levitacao-magnetica-inicia-nova-fase-de-testes\/#breadcrumb\"},\"inLanguage\":\"pt-BR\",\"potentialAction\":[{\"@type\":\"ReadAction\",\"target\":[\"https:\/\/jornalfatosenoticias.com.br\/index.php\/2024\/09\/03\/projeto-brasileiro-de-trem-de-levitacao-magnetica-inicia-nova-fase-de-testes\/\"]}]},{\"@type\":\"ImageObject\",\"inLanguage\":\"pt-BR\",\"@id\":\"https:\/\/jornalfatosenoticias.com.br\/index.php\/2024\/09\/03\/projeto-brasileiro-de-trem-de-levitacao-magnetica-inicia-nova-fase-de-testes\/#primaryimage\",\"url\":\"https:\/\/jornalfatosenoticias.com.br\/wp-content\/uploads\/2024\/09\/fapesp-maglev-trem.jpg\",\"contentUrl\":\"https:\/\/jornalfatosenoticias.com.br\/wp-content\/uploads\/2024\/09\/fapesp-maglev-trem.jpg\",\"width\":1000,\"height\":617},{\"@type\":\"BreadcrumbList\",\"@id\":\"https:\/\/jornalfatosenoticias.com.br\/index.php\/2024\/09\/03\/projeto-brasileiro-de-trem-de-levitacao-magnetica-inicia-nova-fase-de-testes\/#breadcrumb\",\"itemListElement\":[{\"@type\":\"ListItem\",\"position\":1,\"name\":\"In\u00edcio\",\"item\":\"https:\/\/jornalfatosenoticias.com.br\/\"},{\"@type\":\"ListItem\",\"position\":2,\"name\":\"Projeto brasileiro de trem de levita\u00e7\u00e3o magn\u00e9tica inicia nova fase de testes\"}]},{\"@type\":\"WebSite\",\"@id\":\"https:\/\/jornalfatosenoticias.com.br\/#website\",\"url\":\"https:\/\/jornalfatosenoticias.com.br\/\",\"name\":\"Jornal Fatos e Not\u00edcias\",\"description\":\"Not\u00edcias em geral\",\"publisher\":{\"@id\":\"https:\/\/jornalfatosenoticias.com.br\/#organization\"},\"potentialAction\":[{\"@type\":\"SearchAction\",\"target\":{\"@type\":\"EntryPoint\",\"urlTemplate\":\"https:\/\/jornalfatosenoticias.com.br\/?s={search_term_string}\"},\"query-input\":{\"@type\":\"PropertyValueSpecification\",\"valueRequired\":true,\"valueName\":\"search_term_string\"}}],\"inLanguage\":\"pt-BR\"},{\"@type\":\"Organization\",\"@id\":\"https:\/\/jornalfatosenoticias.com.br\/#organization\",\"name\":\"Jornal Fatos e Not\u00edcias\",\"url\":\"https:\/\/jornalfatosenoticias.com.br\/\",\"logo\":{\"@type\":\"ImageObject\",\"inLanguage\":\"pt-BR\",\"@id\":\"https:\/\/jornalfatosenoticias.com.br\/#\/schema\/logo\/image\/\",\"url\":\"https:\/\/jornalfatosenoticias.com.br\/wp-content\/uploads\/2020\/02\/logo120.png\",\"contentUrl\":\"https:\/\/jornalfatosenoticias.com.br\/wp-content\/uploads\/2020\/02\/logo120.png\",\"width\":1227,\"height\":120,\"caption\":\"Jornal Fatos e Not\u00edcias\"},\"image\":{\"@id\":\"https:\/\/jornalfatosenoticias.com.br\/#\/schema\/logo\/image\/\"}},{\"@type\":\"Person\",\"@id\":\"https:\/\/jornalfatosenoticias.com.br\/#\/schema\/person\/d63837fa13ac8666eb9e74e0985d6f81\",\"name\":\"Luzimara Fernandes\",\"image\":{\"@type\":\"ImageObject\",\"inLanguage\":\"pt-BR\",\"@id\":\"https:\/\/jornalfatosenoticias.com.br\/#\/schema\/person\/image\/\",\"url\":\"https:\/\/jornalfatosenoticias.com.br\/wp-content\/uploads\/2025\/05\/EU_portal.jpg\",\"contentUrl\":\"https:\/\/jornalfatosenoticias.com.br\/wp-content\/uploads\/2025\/05\/EU_portal.jpg\",\"caption\":\"Luzimara Fernandes\"},\"description\":\"Jornalista MTB 2358-ES\",\"sameAs\":[\"https:\/\/jornalfatosenoticias.com.br\"],\"url\":\"https:\/\/jornalfatosenoticias.com.br\/index.php\/author\/luzimara\/\"}]}<\/script>\n<!-- \/ Yoast SEO plugin. -->","yoast_head_json":{"title":"Projeto brasileiro de trem de levita\u00e7\u00e3o magn\u00e9tica inicia nova fase de testes - Jornal Fatos e Not\u00edcias","robots":{"index":"index","follow":"follow","max-snippet":"max-snippet:-1","max-image-preview":"max-image-preview:large","max-video-preview":"max-video-preview:-1"},"canonical":"https:\/\/jornalfatosenoticias.com.br\/index.php\/2024\/09\/03\/projeto-brasileiro-de-trem-de-levitacao-magnetica-inicia-nova-fase-de-testes\/","og_locale":"pt_BR","og_type":"article","og_title":"Projeto brasileiro de trem de levita\u00e7\u00e3o magn\u00e9tica inicia nova fase de testes - Jornal Fatos e Not\u00edcias","og_description":"O MagLev-Cobra usa a for\u00e7a magn\u00e9tica entre \u00edm\u00e3s de terras-raras e supercondutores para se deslocar sem tocar a via Por Domingos Zaparolli\/Revista Pesquisa Fapesp O Brasil d\u00e1 mais um passo no desenvolvimento de um trem de levita\u00e7\u00e3o magn\u00e9tica (maglev). Esses ve\u00edculos futuristas, ainda raros no mundo, deslocam-se silenciosamente, sem emiss\u00e3o direta de poluentes \u2014 s\u00e3o [&hellip;]","og_url":"https:\/\/jornalfatosenoticias.com.br\/index.php\/2024\/09\/03\/projeto-brasileiro-de-trem-de-levitacao-magnetica-inicia-nova-fase-de-testes\/","og_site_name":"Jornal Fatos e Not\u00edcias","article_published_time":"2024-09-03T12:34:25+00:00","article_modified_time":"2024-09-03T12:34:26+00:00","og_image":[{"width":1000,"height":617,"url":"https:\/\/jornalfatosenoticias.com.br\/wp-content\/uploads\/2024\/09\/fapesp-maglev-trem.jpg","type":"image\/jpeg"}],"author":"Luzimara Fernandes","twitter_card":"summary_large_image","twitter_misc":{"Escrito por":"Luzimara Fernandes","Est. tempo de leitura":"12 minutos"},"schema":{"@context":"https:\/\/schema.org","@graph":[{"@type":"Article","@id":"https:\/\/jornalfatosenoticias.com.br\/index.php\/2024\/09\/03\/projeto-brasileiro-de-trem-de-levitacao-magnetica-inicia-nova-fase-de-testes\/#article","isPartOf":{"@id":"https:\/\/jornalfatosenoticias.com.br\/index.php\/2024\/09\/03\/projeto-brasileiro-de-trem-de-levitacao-magnetica-inicia-nova-fase-de-testes\/"},"author":{"name":"Luzimara Fernandes","@id":"https:\/\/jornalfatosenoticias.com.br\/#\/schema\/person\/d63837fa13ac8666eb9e74e0985d6f81"},"headline":"Projeto brasileiro de trem de levita\u00e7\u00e3o magn\u00e9tica inicia nova fase de testes","datePublished":"2024-09-03T12:34:25+00:00","dateModified":"2024-09-03T12:34:26+00:00","mainEntityOfPage":{"@id":"https:\/\/jornalfatosenoticias.com.br\/index.php\/2024\/09\/03\/projeto-brasileiro-de-trem-de-levitacao-magnetica-inicia-nova-fase-de-testes\/"},"wordCount":2469,"commentCount":0,"publisher":{"@id":"https:\/\/jornalfatosenoticias.com.br\/#organization"},"image":{"@id":"https:\/\/jornalfatosenoticias.com.br\/index.php\/2024\/09\/03\/projeto-brasileiro-de-trem-de-levitacao-magnetica-inicia-nova-fase-de-testes\/#primaryimage"},"thumbnailUrl":"https:\/\/jornalfatosenoticias.com.br\/wp-content\/uploads\/2024\/09\/fapesp-maglev-trem.jpg","keywords":["energia","engenharia","engenharia de transportes","fapesp","inova\u00e7\u00e3o","levita\u00e7\u00e3o magn\u00e9tica","Maglev","transportes"],"articleSection":["Mobilidade"],"inLanguage":"pt-BR","potentialAction":[{"@type":"CommentAction","name":"Comment","target":["https:\/\/jornalfatosenoticias.com.br\/index.php\/2024\/09\/03\/projeto-brasileiro-de-trem-de-levitacao-magnetica-inicia-nova-fase-de-testes\/#respond"]}]},{"@type":"WebPage","@id":"https:\/\/jornalfatosenoticias.com.br\/index.php\/2024\/09\/03\/projeto-brasileiro-de-trem-de-levitacao-magnetica-inicia-nova-fase-de-testes\/","url":"https:\/\/jornalfatosenoticias.com.br\/index.php\/2024\/09\/03\/projeto-brasileiro-de-trem-de-levitacao-magnetica-inicia-nova-fase-de-testes\/","name":"Projeto brasileiro de trem de levita\u00e7\u00e3o magn\u00e9tica inicia nova fase de testes - Jornal Fatos e Not\u00edcias","isPartOf":{"@id":"https:\/\/jornalfatosenoticias.com.br\/#website"},"primaryImageOfPage":{"@id":"https:\/\/jornalfatosenoticias.com.br\/index.php\/2024\/09\/03\/projeto-brasileiro-de-trem-de-levitacao-magnetica-inicia-nova-fase-de-testes\/#primaryimage"},"image":{"@id":"https:\/\/jornalfatosenoticias.com.br\/index.php\/2024\/09\/03\/projeto-brasileiro-de-trem-de-levitacao-magnetica-inicia-nova-fase-de-testes\/#primaryimage"},"thumbnailUrl":"https:\/\/jornalfatosenoticias.com.br\/wp-content\/uploads\/2024\/09\/fapesp-maglev-trem.jpg","datePublished":"2024-09-03T12:34:25+00:00","dateModified":"2024-09-03T12:34:26+00:00","breadcrumb":{"@id":"https:\/\/jornalfatosenoticias.com.br\/index.php\/2024\/09\/03\/projeto-brasileiro-de-trem-de-levitacao-magnetica-inicia-nova-fase-de-testes\/#breadcrumb"},"inLanguage":"pt-BR","potentialAction":[{"@type":"ReadAction","target":["https:\/\/jornalfatosenoticias.com.br\/index.php\/2024\/09\/03\/projeto-brasileiro-de-trem-de-levitacao-magnetica-inicia-nova-fase-de-testes\/"]}]},{"@type":"ImageObject","inLanguage":"pt-BR","@id":"https:\/\/jornalfatosenoticias.com.br\/index.php\/2024\/09\/03\/projeto-brasileiro-de-trem-de-levitacao-magnetica-inicia-nova-fase-de-testes\/#primaryimage","url":"https:\/\/jornalfatosenoticias.com.br\/wp-content\/uploads\/2024\/09\/fapesp-maglev-trem.jpg","contentUrl":"https:\/\/jornalfatosenoticias.com.br\/wp-content\/uploads\/2024\/09\/fapesp-maglev-trem.jpg","width":1000,"height":617},{"@type":"BreadcrumbList","@id":"https:\/\/jornalfatosenoticias.com.br\/index.php\/2024\/09\/03\/projeto-brasileiro-de-trem-de-levitacao-magnetica-inicia-nova-fase-de-testes\/#breadcrumb","itemListElement":[{"@type":"ListItem","position":1,"name":"In\u00edcio","item":"https:\/\/jornalfatosenoticias.com.br\/"},{"@type":"ListItem","position":2,"name":"Projeto brasileiro de trem de levita\u00e7\u00e3o magn\u00e9tica inicia nova fase de testes"}]},{"@type":"WebSite","@id":"https:\/\/jornalfatosenoticias.com.br\/#website","url":"https:\/\/jornalfatosenoticias.com.br\/","name":"Jornal Fatos e Not\u00edcias","description":"Not\u00edcias em geral","publisher":{"@id":"https:\/\/jornalfatosenoticias.com.br\/#organization"},"potentialAction":[{"@type":"SearchAction","target":{"@type":"EntryPoint","urlTemplate":"https:\/\/jornalfatosenoticias.com.br\/?s={search_term_string}"},"query-input":{"@type":"PropertyValueSpecification","valueRequired":true,"valueName":"search_term_string"}}],"inLanguage":"pt-BR"},{"@type":"Organization","@id":"https:\/\/jornalfatosenoticias.com.br\/#organization","name":"Jornal Fatos e Not\u00edcias","url":"https:\/\/jornalfatosenoticias.com.br\/","logo":{"@type":"ImageObject","inLanguage":"pt-BR","@id":"https:\/\/jornalfatosenoticias.com.br\/#\/schema\/logo\/image\/","url":"https:\/\/jornalfatosenoticias.com.br\/wp-content\/uploads\/2020\/02\/logo120.png","contentUrl":"https:\/\/jornalfatosenoticias.com.br\/wp-content\/uploads\/2020\/02\/logo120.png","width":1227,"height":120,"caption":"Jornal Fatos e Not\u00edcias"},"image":{"@id":"https:\/\/jornalfatosenoticias.com.br\/#\/schema\/logo\/image\/"}},{"@type":"Person","@id":"https:\/\/jornalfatosenoticias.com.br\/#\/schema\/person\/d63837fa13ac8666eb9e74e0985d6f81","name":"Luzimara Fernandes","image":{"@type":"ImageObject","inLanguage":"pt-BR","@id":"https:\/\/jornalfatosenoticias.com.br\/#\/schema\/person\/image\/","url":"https:\/\/jornalfatosenoticias.com.br\/wp-content\/uploads\/2025\/05\/EU_portal.jpg","contentUrl":"https:\/\/jornalfatosenoticias.com.br\/wp-content\/uploads\/2025\/05\/EU_portal.jpg","caption":"Luzimara Fernandes"},"description":"Jornalista MTB 2358-ES","sameAs":["https:\/\/jornalfatosenoticias.com.br"],"url":"https:\/\/jornalfatosenoticias.com.br\/index.php\/author\/luzimara\/"}]}},"cc_featured_image_caption":{"caption_text":"(Foto: Coppe\/UFRJ) ","source_text":"","source_url":""},"jetpack_featured_media_url":"https:\/\/jornalfatosenoticias.com.br\/wp-content\/uploads\/2024\/09\/fapesp-maglev-trem.jpg","_links":{"self":[{"href":"https:\/\/jornalfatosenoticias.com.br\/index.php\/wp-json\/wp\/v2\/posts\/53835","targetHints":{"allow":["GET"]}}],"collection":[{"href":"https:\/\/jornalfatosenoticias.com.br\/index.php\/wp-json\/wp\/v2\/posts"}],"about":[{"href":"https:\/\/jornalfatosenoticias.com.br\/index.php\/wp-json\/wp\/v2\/types\/post"}],"author":[{"embeddable":true,"href":"https:\/\/jornalfatosenoticias.com.br\/index.php\/wp-json\/wp\/v2\/users\/2"}],"replies":[{"embeddable":true,"href":"https:\/\/jornalfatosenoticias.com.br\/index.php\/wp-json\/wp\/v2\/comments?post=53835"}],"version-history":[{"count":0,"href":"https:\/\/jornalfatosenoticias.com.br\/index.php\/wp-json\/wp\/v2\/posts\/53835\/revisions"}],"wp:featuredmedia":[{"embeddable":true,"href":"https:\/\/jornalfatosenoticias.com.br\/index.php\/wp-json\/wp\/v2\/media\/53838"}],"wp:attachment":[{"href":"https:\/\/jornalfatosenoticias.com.br\/index.php\/wp-json\/wp\/v2\/media?parent=53835"}],"wp:term":[{"taxonomy":"category","embeddable":true,"href":"https:\/\/jornalfatosenoticias.com.br\/index.php\/wp-json\/wp\/v2\/categories?post=53835"},{"taxonomy":"post_tag","embeddable":true,"href":"https:\/\/jornalfatosenoticias.com.br\/index.php\/wp-json\/wp\/v2\/tags?post=53835"}],"curies":[{"name":"wp","href":"https:\/\/api.w.org\/{rel}","templated":true}]}}