{"id":53862,"date":"2024-09-03T14:31:03","date_gmt":"2024-09-03T17:31:03","guid":{"rendered":"https:\/\/jornalfatosenoticias.com.br\/?p=53862"},"modified":"2024-09-03T14:31:04","modified_gmt":"2024-09-03T17:31:04","slug":"menor-tamandua-do-mundo-simboliza-preservacao-de-manguezal-nordestino","status":"publish","type":"post","link":"https:\/\/jornalfatosenoticias.com.br\/index.php\/2024\/09\/03\/menor-tamandua-do-mundo-simboliza-preservacao-de-manguezal-nordestino\/","title":{"rendered":"Menor tamandu\u00e1 do mundo simboliza preserva\u00e7\u00e3o de manguezal nordestino"},"content":{"rendered":"\n<p><span class=\"has-inline-color has-black-color\"><em>Mais de 30 tamandua\u00eds foram identificados no Delta do Parna\u00edba<\/em><\/span><\/p>\n\n\n\n<p><span class=\"has-inline-color has-black-color\">Por <strong>Ag\u00eancia Brasil<\/strong><\/span><\/p>\n\n\n\n<div class=\"wp-block-image\"><figure class=\"aligncenter size-large\"><a href=\"https:\/\/mizu.com.br\/\"><img loading=\"lazy\" decoding=\"async\" width=\"729\" height=\"90\" src=\"https:\/\/jornalfatosenoticias.com.br\/wp-content\/uploads\/2020\/02\/Logo_Mizu.png\" alt=\"\" class=\"wp-image-1441\" srcset=\"https:\/\/jornalfatosenoticias.com.br\/wp-content\/uploads\/2020\/02\/Logo_Mizu.png 729w, https:\/\/jornalfatosenoticias.com.br\/wp-content\/uploads\/2020\/02\/Logo_Mizu-300x37.png 300w\" sizes=\"auto, (max-width: 729px) 100vw, 729px\" \/><\/a><\/figure><\/div>\n\n\n\n<p>O tamandua\u00ed (<em>Cyclopes didactylus<\/em>), a menor esp\u00e9cie de tamandu\u00e1 do mundo, virou s\u00edmbolo de conserva\u00e7\u00e3o do manguezal no litoral nordestino. O programa do Instituto Tamandu\u00e1 identificou mais de 30 animais do tipo no Delta do Parna\u00edba. Estudos e a\u00e7\u00f5es de preserva\u00e7\u00e3o t\u00eam avan\u00e7ado desde a cria\u00e7\u00e3o de uma base de pesquisa na regi\u00e3o h\u00e1 quatro anos, com laborat\u00f3rio de campo completo. Reflorestamento, conserva\u00e7\u00e3o de \u00e1reas e turismo de base comunit\u00e1ria s\u00e3o estrat\u00e9gias adotadas para proteger a biodiversidade local.<br>\u201cEsse esfor\u00e7o para a conserva\u00e7\u00e3o do tamandua\u00ed \u00e9 emblem\u00e1tico. Demonstra a import\u00e2ncia de ampliarmos os esfor\u00e7os para a promo\u00e7\u00e3o do conhecimento cient\u00edfico para a prote\u00e7\u00e3o da biodiversidade e, tamb\u00e9m, a necessidade de amplia\u00e7\u00e3o das unidades de conserva\u00e7\u00e3o para que esp\u00e9cies como essa tenham \u00e1reas seguras e extensas destinadas ao seu desenvolvimento\u201d, diz a bi\u00f3loga e gerente de Ci\u00eancia e Conserva\u00e7\u00e3o da Funda\u00e7\u00e3o Grupo Botic\u00e1rio, Marion Silva.<\/p>\n\n\n\n<div class=\"wp-block-image\"><figure class=\"aligncenter size-large\"><a href=\"https:\/\/cesconetto.com.br\/\"><img loading=\"lazy\" decoding=\"async\" width=\"300\" height=\"250\" src=\"https:\/\/jornalfatosenoticias.com.br\/wp-content\/uploads\/2020\/02\/Banner-2.png\" alt=\"\" class=\"wp-image-43787\"\/><\/a><\/figure><\/div>\n\n\n\n<p>O tamandua\u00ed mede cerca de 30 cent\u00edmetros e pesa at\u00e9 400 gramas. Ele \u00e9 solit\u00e1rio, de h\u00e1bitos noturnos e passa a maior parte do tempo no alto das \u00e1rvores. Na classifica\u00e7\u00e3o da International Union Conservation of Nature (IUCN), o animal aparece com o status \u201cdados deficientes\u201d, por ainda se conhecer pouco sobre a esp\u00e9cie. As pesquisas iniciadas em 2008 t\u00eam melhorado a compreens\u00e3o sobre a ocorr\u00eancia do tamandua\u00ed nas Am\u00e9ricas Central e do Sul. Existem sete esp\u00e9cies do animal.<\/p>\n\n\n\n<div class=\"wp-block-image\"><figure class=\"aligncenter size-large\"><a href=\"https:\/\/www.facebook.com\/Esteio-Churrascaria-Barbecue-103643461220402\/\"><img decoding=\"async\" src=\"https:\/\/jornalfatosenoticias.com.br\/wp-content\/uploads\/2020\/02\/logo_esteio.jpg\" alt=\"\" class=\"wp-image-1214\"\/><\/a><\/figure><\/div>\n\n\n\n<blockquote class=\"wp-block-quote is-layout-flow wp-block-quote-is-layout-flow\"><p><span class=\"has-inline-color has-luminous-vivid-orange-color\">Acreditava-se, at\u00e9 recentemente, que esses pequenos tamandu\u00e1s s\u00f3 ocorriam na floresta amaz\u00f4nica. Estudos gen\u00e9ticos indicam que os indiv\u00edduos do Delta do Parna\u00edba est\u00e3o separados h\u00e1 dois milh\u00f5es de anos daqueles que vivem na Amaz\u00f4nia. Desde est\u00e3o, evoluem separados pela forma\u00e7\u00e3o do delta e da Caatinga, que separou a Mata Atl\u00e2ntica da Amaz\u00f4nia h\u00e1 milh\u00f5es de anos\u201d, explica a m\u00e9dica veterin\u00e1ria Fl\u00e1via Miranda, coordenadora do Instituto Tamandu\u00e1 e membro da Rede de Especialistas em Conserva\u00e7\u00e3o da Natureza (RECN).<\/span><\/p><\/blockquote>\n\n\n\n<div class=\"wp-block-image\"><figure class=\"aligncenter size-large is-resized\"><a href=\"https:\/\/panper.com.br\/\"><img loading=\"lazy\" decoding=\"async\" src=\"https:\/\/jornalfatosenoticias.com.br\/wp-content\/uploads\/2023\/03\/logo-Panper_portal.jpg\" alt=\"\" class=\"wp-image-40208\" width=\"344\" height=\"238\" srcset=\"https:\/\/jornalfatosenoticias.com.br\/wp-content\/uploads\/2023\/03\/logo-Panper_portal.jpg 400w, https:\/\/jornalfatosenoticias.com.br\/wp-content\/uploads\/2023\/03\/logo-Panper_portal-300x208.jpg 300w\" sizes=\"auto, (max-width: 344px) 100vw, 344px\" \/><\/a><\/figure><\/div>\n\n\n\n<p>O Delta do Parna\u00edba tem mais de 80 ilhas em uma \u00e1rea de quase tr\u00eas mil quil\u00f4metros quadrados. A \u00e1rea de manguezais \u00e9 considerada ber\u00e7\u00e1rio da vida marinha e habitat para diversas esp\u00e9cies, como o peixe-boi, o guar\u00e1 e outros peixes de valor comercial. Apesar de ainda pouco conhecida, a regi\u00e3o j\u00e1 \u00e9 considerada vulner\u00e1vel.<\/p>\n\n\n\n<div class=\"wp-block-image\"><figure class=\"aligncenter size-large is-resized\"><a href=\"https:\/\/www.instagram.com\/vmais.midias\/\"><img loading=\"lazy\" decoding=\"async\" src=\"https:\/\/jornalfatosenoticias.com.br\/wp-content\/uploads\/2020\/02\/DE-MAIS-DESTAQUE-VMAIS-800X700.png\" alt=\"\" class=\"wp-image-53112\" width=\"311\" height=\"271\" srcset=\"https:\/\/jornalfatosenoticias.com.br\/wp-content\/uploads\/2020\/02\/DE-MAIS-DESTAQUE-VMAIS-800X700.png 800w, https:\/\/jornalfatosenoticias.com.br\/wp-content\/uploads\/2020\/02\/DE-MAIS-DESTAQUE-VMAIS-800X700-768x672.png 768w\" sizes=\"auto, (max-width: 311px) 100vw, 311px\" \/><\/a><\/figure><\/div>\n\n\n\n<p>Os principais problemas s\u00e3o o turismo predat\u00f3rio, a presen\u00e7a de animais dom\u00e9sticos em \u00e1reas de manguezal e o interesse das usinas e\u00f3licas. \u201cComo toda regi\u00e3o de conex\u00e3o marinha, os manguezais enfrentam os desafios globais do oceano, como o aquecimento das \u00e1guas, a acidifica\u00e7\u00e3o, o excesso de pl\u00e1stico, entre outras amea\u00e7as\u201d, afirma Miranda.<br>Os pesquisadores t\u00eam procurado criar solu\u00e7\u00f5es em conjunto com a popula\u00e7\u00e3o local. <\/p>\n\n\n\n<div class=\"wp-block-image\"><figure class=\"aligncenter size-large is-resized\"><img loading=\"lazy\" decoding=\"async\" src=\"https:\/\/jornalfatosenoticias.com.br\/wp-content\/uploads\/2022\/02\/Precisao-Contabilidade-1024x724.jpg\" alt=\"\" class=\"wp-image-28088\" width=\"352\" height=\"249\"\/><\/figure><\/div>\n\n\n\n<blockquote class=\"wp-block-quote is-layout-flow wp-block-quote-is-layout-flow\"><p><span class=\"has-inline-color has-luminous-vivid-orange-color\">Conseguimos cercar algumas \u00e1reas de manguezal para evitar a entrada de animais dom\u00e9sticos, facilitando a regenera\u00e7\u00e3o natural do ecossistema, e j\u00e1 restauramos quase dois hectares com vegeta\u00e7\u00e3o nativa. Pode n\u00e3o parecer uma \u00e1rea t\u00e3o significativa para o tamanho do Delta do Parna\u00edba, mas o reflorestamento de manguezais \u00e9 uma tarefa bastante desafiadora. Tamb\u00e9m estamos buscando alternativas econ\u00f4micas e sustent\u00e1veis para a popula\u00e7\u00e3o local, como o desenvolvimento do turismo de base comunit\u00e1ria\u201d, diz Miranda.<\/span><\/p><\/blockquote>\n\n\n\n<div class=\"wp-block-image\"><figure class=\"aligncenter size-large is-resized\"><a href=\"https:\/\/www.instagram.com\/serra4x4cambioautomatico\/\"><img loading=\"lazy\" decoding=\"async\" src=\"https:\/\/jornalfatosenoticias.com.br\/wp-content\/uploads\/2024\/08\/Serra-4x4-1-886x1024.jpg\" alt=\"\" class=\"wp-image-53632\" width=\"330\" height=\"381\" srcset=\"https:\/\/jornalfatosenoticias.com.br\/wp-content\/uploads\/2024\/08\/Serra-4x4-1-886x1024.jpg 886w, https:\/\/jornalfatosenoticias.com.br\/wp-content\/uploads\/2024\/08\/Serra-4x4-1-260x300.jpg 260w, https:\/\/jornalfatosenoticias.com.br\/wp-content\/uploads\/2024\/08\/Serra-4x4-1-768x888.jpg 768w, https:\/\/jornalfatosenoticias.com.br\/wp-content\/uploads\/2024\/08\/Serra-4x4-1.jpg 1181w\" sizes=\"auto, (max-width: 330px) 100vw, 330px\" \/><\/a><\/figure><\/div>\n\n\n\n<p>\u201cTamb\u00e9m realizamos, pela primeira, vez a coleta de s\u00eamen dessa esp\u00e9cie\u201d, destaca a m\u00e9dica veterin\u00e1ria. \u201cAgora, temos a possibilidade de fazer pesquisa reprodutiva monitorada, contribuindo para evitar a extin\u00e7\u00e3o e, se necess\u00e1rio, promover a reintrodu\u00e7\u00e3o dos animais no habitat natural\u201d, acrescenta. Outra a\u00e7\u00e3o importante para a prote\u00e7\u00e3o do tamandua\u00ed foi o in\u00edcio do processo de cria\u00e7\u00e3o de uma unidade de conserva\u00e7\u00e3o da Resex Casa Velha do Saquinho, no limite territorial da Resex Marinha do Delta do Parna\u00edba.<\/p>\n\n\n\n<div class=\"wp-block-image\"><figure class=\"aligncenter size-large is-resized\"><a href=\"https:\/\/hotelmarquetti.com.br\/\"><img loading=\"lazy\" decoding=\"async\" src=\"https:\/\/jornalfatosenoticias.com.br\/wp-content\/uploads\/2023\/03\/nova-logo-Marquetti.jpg\" alt=\"\" class=\"wp-image-40207\" width=\"335\" height=\"225\" srcset=\"https:\/\/jornalfatosenoticias.com.br\/wp-content\/uploads\/2023\/03\/nova-logo-Marquetti.jpg 643w, https:\/\/jornalfatosenoticias.com.br\/wp-content\/uploads\/2023\/03\/nova-logo-Marquetti-300x202.jpg 300w\" sizes=\"auto, (max-width: 335px) 100vw, 335px\" \/><\/a><\/figure><\/div>\n\n\n\n<p><strong><em>Fonte: <a href=\"https:\/\/umsoplaneta.globo.com\/biodiversidade\/noticia\/2024\/08\/21\/menor-tamandua-do-mundo-simboliza-preservacao-de-manguezal-nordestino.ghtml\">Um S\u00f3 Planeta<\/a><\/em><\/strong><\/p>\n","protected":false},"excerpt":{"rendered":"<p>Mais de 30 tamandua\u00eds foram identificados no Delta do Parna\u00edba Por Ag\u00eancia Brasil O tamandua\u00ed (Cyclopes didactylus), a menor esp\u00e9cie de tamandu\u00e1 do mundo, virou s\u00edmbolo de conserva\u00e7\u00e3o do manguezal no litoral nordestino. O programa do Instituto Tamandu\u00e1 identificou mais de 30 animais do tipo no Delta do Parna\u00edba. Estudos e a\u00e7\u00f5es de preserva\u00e7\u00e3o t\u00eam [&hellip;]<\/p>\n","protected":false},"author":2,"featured_media":53863,"comment_status":"open","ping_status":"open","sticky":false,"template":"","format":"standard","meta":{"footnotes":""},"categories":[8],"tags":[24531,2386,316,14262,10030],"class_list":["post-53862","post","type-post","status-publish","format-standard","has-post-thumbnail","hentry","category-meio-ambiente","tag-litoral-nordestino","tag-manguezal","tag-preservacao","tag-tamandua","tag-tamanduai"],"yoast_head":"<!-- This site is optimized with the Yoast SEO plugin v26.5 - https:\/\/yoast.com\/wordpress\/plugins\/seo\/ -->\n<title>Menor tamandu\u00e1 do mundo simboliza preserva\u00e7\u00e3o de manguezal nordestino - Jornal Fatos e Not\u00edcias<\/title>\n<meta name=\"robots\" content=\"index, follow, max-snippet:-1, max-image-preview:large, max-video-preview:-1\" \/>\n<link rel=\"canonical\" href=\"https:\/\/jornalfatosenoticias.com.br\/index.php\/2024\/09\/03\/menor-tamandua-do-mundo-simboliza-preservacao-de-manguezal-nordestino\/\" \/>\n<meta property=\"og:locale\" content=\"pt_BR\" \/>\n<meta property=\"og:type\" content=\"article\" \/>\n<meta property=\"og:title\" content=\"Menor tamandu\u00e1 do mundo simboliza preserva\u00e7\u00e3o de manguezal nordestino - Jornal Fatos e Not\u00edcias\" \/>\n<meta property=\"og:description\" content=\"Mais de 30 tamandua\u00eds foram identificados no Delta do Parna\u00edba Por Ag\u00eancia Brasil O tamandua\u00ed (Cyclopes didactylus), a menor esp\u00e9cie de tamandu\u00e1 do mundo, virou s\u00edmbolo de conserva\u00e7\u00e3o do manguezal no litoral nordestino. O programa do Instituto Tamandu\u00e1 identificou mais de 30 animais do tipo no Delta do Parna\u00edba. Estudos e a\u00e7\u00f5es de preserva\u00e7\u00e3o t\u00eam [&hellip;]\" \/>\n<meta property=\"og:url\" content=\"https:\/\/jornalfatosenoticias.com.br\/index.php\/2024\/09\/03\/menor-tamandua-do-mundo-simboliza-preservacao-de-manguezal-nordestino\/\" \/>\n<meta property=\"og:site_name\" content=\"Jornal Fatos e Not\u00edcias\" \/>\n<meta property=\"article:published_time\" content=\"2024-09-03T17:31:03+00:00\" \/>\n<meta property=\"article:modified_time\" content=\"2024-09-03T17:31:04+00:00\" \/>\n<meta property=\"og:image\" content=\"https:\/\/jornalfatosenoticias.com.br\/wp-content\/uploads\/2024\/09\/tamanduai_istock.jpg\" \/>\n\t<meta property=\"og:image:width\" content=\"612\" \/>\n\t<meta property=\"og:image:height\" content=\"408\" \/>\n\t<meta property=\"og:image:type\" content=\"image\/jpeg\" \/>\n<meta name=\"author\" content=\"Luzimara Fernandes\" \/>\n<meta name=\"twitter:card\" content=\"summary_large_image\" \/>\n<meta name=\"twitter:label1\" content=\"Escrito por\" \/>\n\t<meta name=\"twitter:data1\" content=\"Luzimara Fernandes\" \/>\n\t<meta name=\"twitter:label2\" content=\"Est. tempo de leitura\" \/>\n\t<meta name=\"twitter:data2\" content=\"3 minutos\" \/>\n<script type=\"application\/ld+json\" class=\"yoast-schema-graph\">{\"@context\":\"https:\/\/schema.org\",\"@graph\":[{\"@type\":\"Article\",\"@id\":\"https:\/\/jornalfatosenoticias.com.br\/index.php\/2024\/09\/03\/menor-tamandua-do-mundo-simboliza-preservacao-de-manguezal-nordestino\/#article\",\"isPartOf\":{\"@id\":\"https:\/\/jornalfatosenoticias.com.br\/index.php\/2024\/09\/03\/menor-tamandua-do-mundo-simboliza-preservacao-de-manguezal-nordestino\/\"},\"author\":{\"name\":\"Luzimara Fernandes\",\"@id\":\"https:\/\/jornalfatosenoticias.com.br\/#\/schema\/person\/d63837fa13ac8666eb9e74e0985d6f81\"},\"headline\":\"Menor tamandu\u00e1 do mundo simboliza preserva\u00e7\u00e3o de manguezal nordestino\",\"datePublished\":\"2024-09-03T17:31:03+00:00\",\"dateModified\":\"2024-09-03T17:31:04+00:00\",\"mainEntityOfPage\":{\"@id\":\"https:\/\/jornalfatosenoticias.com.br\/index.php\/2024\/09\/03\/menor-tamandua-do-mundo-simboliza-preservacao-de-manguezal-nordestino\/\"},\"wordCount\":692,\"commentCount\":0,\"publisher\":{\"@id\":\"https:\/\/jornalfatosenoticias.com.br\/#organization\"},\"image\":{\"@id\":\"https:\/\/jornalfatosenoticias.com.br\/index.php\/2024\/09\/03\/menor-tamandua-do-mundo-simboliza-preservacao-de-manguezal-nordestino\/#primaryimage\"},\"thumbnailUrl\":\"https:\/\/jornalfatosenoticias.com.br\/wp-content\/uploads\/2024\/09\/tamanduai_istock.jpg\",\"keywords\":[\"litoral nordestino\",\"manguezal\",\"preserva\u00e7\u00e3o\",\"tamandu\u00e1\",\"tamandua\u00ed\"],\"articleSection\":[\"Meio ambiente\"],\"inLanguage\":\"pt-BR\",\"potentialAction\":[{\"@type\":\"CommentAction\",\"name\":\"Comment\",\"target\":[\"https:\/\/jornalfatosenoticias.com.br\/index.php\/2024\/09\/03\/menor-tamandua-do-mundo-simboliza-preservacao-de-manguezal-nordestino\/#respond\"]}]},{\"@type\":\"WebPage\",\"@id\":\"https:\/\/jornalfatosenoticias.com.br\/index.php\/2024\/09\/03\/menor-tamandua-do-mundo-simboliza-preservacao-de-manguezal-nordestino\/\",\"url\":\"https:\/\/jornalfatosenoticias.com.br\/index.php\/2024\/09\/03\/menor-tamandua-do-mundo-simboliza-preservacao-de-manguezal-nordestino\/\",\"name\":\"Menor tamandu\u00e1 do mundo simboliza preserva\u00e7\u00e3o de manguezal nordestino - Jornal Fatos e Not\u00edcias\",\"isPartOf\":{\"@id\":\"https:\/\/jornalfatosenoticias.com.br\/#website\"},\"primaryImageOfPage\":{\"@id\":\"https:\/\/jornalfatosenoticias.com.br\/index.php\/2024\/09\/03\/menor-tamandua-do-mundo-simboliza-preservacao-de-manguezal-nordestino\/#primaryimage\"},\"image\":{\"@id\":\"https:\/\/jornalfatosenoticias.com.br\/index.php\/2024\/09\/03\/menor-tamandua-do-mundo-simboliza-preservacao-de-manguezal-nordestino\/#primaryimage\"},\"thumbnailUrl\":\"https:\/\/jornalfatosenoticias.com.br\/wp-content\/uploads\/2024\/09\/tamanduai_istock.jpg\",\"datePublished\":\"2024-09-03T17:31:03+00:00\",\"dateModified\":\"2024-09-03T17:31:04+00:00\",\"breadcrumb\":{\"@id\":\"https:\/\/jornalfatosenoticias.com.br\/index.php\/2024\/09\/03\/menor-tamandua-do-mundo-simboliza-preservacao-de-manguezal-nordestino\/#breadcrumb\"},\"inLanguage\":\"pt-BR\",\"potentialAction\":[{\"@type\":\"ReadAction\",\"target\":[\"https:\/\/jornalfatosenoticias.com.br\/index.php\/2024\/09\/03\/menor-tamandua-do-mundo-simboliza-preservacao-de-manguezal-nordestino\/\"]}]},{\"@type\":\"ImageObject\",\"inLanguage\":\"pt-BR\",\"@id\":\"https:\/\/jornalfatosenoticias.com.br\/index.php\/2024\/09\/03\/menor-tamandua-do-mundo-simboliza-preservacao-de-manguezal-nordestino\/#primaryimage\",\"url\":\"https:\/\/jornalfatosenoticias.com.br\/wp-content\/uploads\/2024\/09\/tamanduai_istock.jpg\",\"contentUrl\":\"https:\/\/jornalfatosenoticias.com.br\/wp-content\/uploads\/2024\/09\/tamanduai_istock.jpg\",\"width\":612,\"height\":408,\"caption\":\"A Silky anteater dreams away in a daytime roost\"},{\"@type\":\"BreadcrumbList\",\"@id\":\"https:\/\/jornalfatosenoticias.com.br\/index.php\/2024\/09\/03\/menor-tamandua-do-mundo-simboliza-preservacao-de-manguezal-nordestino\/#breadcrumb\",\"itemListElement\":[{\"@type\":\"ListItem\",\"position\":1,\"name\":\"In\u00edcio\",\"item\":\"https:\/\/jornalfatosenoticias.com.br\/\"},{\"@type\":\"ListItem\",\"position\":2,\"name\":\"Menor tamandu\u00e1 do mundo simboliza preserva\u00e7\u00e3o de manguezal nordestino\"}]},{\"@type\":\"WebSite\",\"@id\":\"https:\/\/jornalfatosenoticias.com.br\/#website\",\"url\":\"https:\/\/jornalfatosenoticias.com.br\/\",\"name\":\"Jornal Fatos e Not\u00edcias\",\"description\":\"Not\u00edcias em geral\",\"publisher\":{\"@id\":\"https:\/\/jornalfatosenoticias.com.br\/#organization\"},\"potentialAction\":[{\"@type\":\"SearchAction\",\"target\":{\"@type\":\"EntryPoint\",\"urlTemplate\":\"https:\/\/jornalfatosenoticias.com.br\/?s={search_term_string}\"},\"query-input\":{\"@type\":\"PropertyValueSpecification\",\"valueRequired\":true,\"valueName\":\"search_term_string\"}}],\"inLanguage\":\"pt-BR\"},{\"@type\":\"Organization\",\"@id\":\"https:\/\/jornalfatosenoticias.com.br\/#organization\",\"name\":\"Jornal Fatos e Not\u00edcias\",\"url\":\"https:\/\/jornalfatosenoticias.com.br\/\",\"logo\":{\"@type\":\"ImageObject\",\"inLanguage\":\"pt-BR\",\"@id\":\"https:\/\/jornalfatosenoticias.com.br\/#\/schema\/logo\/image\/\",\"url\":\"https:\/\/jornalfatosenoticias.com.br\/wp-content\/uploads\/2020\/02\/logo120.png\",\"contentUrl\":\"https:\/\/jornalfatosenoticias.com.br\/wp-content\/uploads\/2020\/02\/logo120.png\",\"width\":1227,\"height\":120,\"caption\":\"Jornal Fatos e Not\u00edcias\"},\"image\":{\"@id\":\"https:\/\/jornalfatosenoticias.com.br\/#\/schema\/logo\/image\/\"}},{\"@type\":\"Person\",\"@id\":\"https:\/\/jornalfatosenoticias.com.br\/#\/schema\/person\/d63837fa13ac8666eb9e74e0985d6f81\",\"name\":\"Luzimara Fernandes\",\"image\":{\"@type\":\"ImageObject\",\"inLanguage\":\"pt-BR\",\"@id\":\"https:\/\/jornalfatosenoticias.com.br\/#\/schema\/person\/image\/\",\"url\":\"https:\/\/jornalfatosenoticias.com.br\/wp-content\/uploads\/2025\/05\/EU_portal.jpg\",\"contentUrl\":\"https:\/\/jornalfatosenoticias.com.br\/wp-content\/uploads\/2025\/05\/EU_portal.jpg\",\"caption\":\"Luzimara Fernandes\"},\"description\":\"Jornalista MTB 2358-ES\",\"sameAs\":[\"https:\/\/jornalfatosenoticias.com.br\"],\"url\":\"https:\/\/jornalfatosenoticias.com.br\/index.php\/author\/luzimara\/\"}]}<\/script>\n<!-- \/ Yoast SEO plugin. -->","yoast_head_json":{"title":"Menor tamandu\u00e1 do mundo simboliza preserva\u00e7\u00e3o de manguezal nordestino - Jornal Fatos e Not\u00edcias","robots":{"index":"index","follow":"follow","max-snippet":"max-snippet:-1","max-image-preview":"max-image-preview:large","max-video-preview":"max-video-preview:-1"},"canonical":"https:\/\/jornalfatosenoticias.com.br\/index.php\/2024\/09\/03\/menor-tamandua-do-mundo-simboliza-preservacao-de-manguezal-nordestino\/","og_locale":"pt_BR","og_type":"article","og_title":"Menor tamandu\u00e1 do mundo simboliza preserva\u00e7\u00e3o de manguezal nordestino - Jornal Fatos e Not\u00edcias","og_description":"Mais de 30 tamandua\u00eds foram identificados no Delta do Parna\u00edba Por Ag\u00eancia Brasil O tamandua\u00ed (Cyclopes didactylus), a menor esp\u00e9cie de tamandu\u00e1 do mundo, virou s\u00edmbolo de conserva\u00e7\u00e3o do manguezal no litoral nordestino. O programa do Instituto Tamandu\u00e1 identificou mais de 30 animais do tipo no Delta do Parna\u00edba. Estudos e a\u00e7\u00f5es de preserva\u00e7\u00e3o t\u00eam [&hellip;]","og_url":"https:\/\/jornalfatosenoticias.com.br\/index.php\/2024\/09\/03\/menor-tamandua-do-mundo-simboliza-preservacao-de-manguezal-nordestino\/","og_site_name":"Jornal Fatos e Not\u00edcias","article_published_time":"2024-09-03T17:31:03+00:00","article_modified_time":"2024-09-03T17:31:04+00:00","og_image":[{"width":612,"height":408,"url":"https:\/\/jornalfatosenoticias.com.br\/wp-content\/uploads\/2024\/09\/tamanduai_istock.jpg","type":"image\/jpeg"}],"author":"Luzimara Fernandes","twitter_card":"summary_large_image","twitter_misc":{"Escrito por":"Luzimara Fernandes","Est. tempo de leitura":"3 minutos"},"schema":{"@context":"https:\/\/schema.org","@graph":[{"@type":"Article","@id":"https:\/\/jornalfatosenoticias.com.br\/index.php\/2024\/09\/03\/menor-tamandua-do-mundo-simboliza-preservacao-de-manguezal-nordestino\/#article","isPartOf":{"@id":"https:\/\/jornalfatosenoticias.com.br\/index.php\/2024\/09\/03\/menor-tamandua-do-mundo-simboliza-preservacao-de-manguezal-nordestino\/"},"author":{"name":"Luzimara Fernandes","@id":"https:\/\/jornalfatosenoticias.com.br\/#\/schema\/person\/d63837fa13ac8666eb9e74e0985d6f81"},"headline":"Menor tamandu\u00e1 do mundo simboliza preserva\u00e7\u00e3o de manguezal nordestino","datePublished":"2024-09-03T17:31:03+00:00","dateModified":"2024-09-03T17:31:04+00:00","mainEntityOfPage":{"@id":"https:\/\/jornalfatosenoticias.com.br\/index.php\/2024\/09\/03\/menor-tamandua-do-mundo-simboliza-preservacao-de-manguezal-nordestino\/"},"wordCount":692,"commentCount":0,"publisher":{"@id":"https:\/\/jornalfatosenoticias.com.br\/#organization"},"image":{"@id":"https:\/\/jornalfatosenoticias.com.br\/index.php\/2024\/09\/03\/menor-tamandua-do-mundo-simboliza-preservacao-de-manguezal-nordestino\/#primaryimage"},"thumbnailUrl":"https:\/\/jornalfatosenoticias.com.br\/wp-content\/uploads\/2024\/09\/tamanduai_istock.jpg","keywords":["litoral nordestino","manguezal","preserva\u00e7\u00e3o","tamandu\u00e1","tamandua\u00ed"],"articleSection":["Meio ambiente"],"inLanguage":"pt-BR","potentialAction":[{"@type":"CommentAction","name":"Comment","target":["https:\/\/jornalfatosenoticias.com.br\/index.php\/2024\/09\/03\/menor-tamandua-do-mundo-simboliza-preservacao-de-manguezal-nordestino\/#respond"]}]},{"@type":"WebPage","@id":"https:\/\/jornalfatosenoticias.com.br\/index.php\/2024\/09\/03\/menor-tamandua-do-mundo-simboliza-preservacao-de-manguezal-nordestino\/","url":"https:\/\/jornalfatosenoticias.com.br\/index.php\/2024\/09\/03\/menor-tamandua-do-mundo-simboliza-preservacao-de-manguezal-nordestino\/","name":"Menor tamandu\u00e1 do mundo simboliza preserva\u00e7\u00e3o de manguezal nordestino - Jornal Fatos e Not\u00edcias","isPartOf":{"@id":"https:\/\/jornalfatosenoticias.com.br\/#website"},"primaryImageOfPage":{"@id":"https:\/\/jornalfatosenoticias.com.br\/index.php\/2024\/09\/03\/menor-tamandua-do-mundo-simboliza-preservacao-de-manguezal-nordestino\/#primaryimage"},"image":{"@id":"https:\/\/jornalfatosenoticias.com.br\/index.php\/2024\/09\/03\/menor-tamandua-do-mundo-simboliza-preservacao-de-manguezal-nordestino\/#primaryimage"},"thumbnailUrl":"https:\/\/jornalfatosenoticias.com.br\/wp-content\/uploads\/2024\/09\/tamanduai_istock.jpg","datePublished":"2024-09-03T17:31:03+00:00","dateModified":"2024-09-03T17:31:04+00:00","breadcrumb":{"@id":"https:\/\/jornalfatosenoticias.com.br\/index.php\/2024\/09\/03\/menor-tamandua-do-mundo-simboliza-preservacao-de-manguezal-nordestino\/#breadcrumb"},"inLanguage":"pt-BR","potentialAction":[{"@type":"ReadAction","target":["https:\/\/jornalfatosenoticias.com.br\/index.php\/2024\/09\/03\/menor-tamandua-do-mundo-simboliza-preservacao-de-manguezal-nordestino\/"]}]},{"@type":"ImageObject","inLanguage":"pt-BR","@id":"https:\/\/jornalfatosenoticias.com.br\/index.php\/2024\/09\/03\/menor-tamandua-do-mundo-simboliza-preservacao-de-manguezal-nordestino\/#primaryimage","url":"https:\/\/jornalfatosenoticias.com.br\/wp-content\/uploads\/2024\/09\/tamanduai_istock.jpg","contentUrl":"https:\/\/jornalfatosenoticias.com.br\/wp-content\/uploads\/2024\/09\/tamanduai_istock.jpg","width":612,"height":408,"caption":"A Silky anteater dreams away in a daytime roost"},{"@type":"BreadcrumbList","@id":"https:\/\/jornalfatosenoticias.com.br\/index.php\/2024\/09\/03\/menor-tamandua-do-mundo-simboliza-preservacao-de-manguezal-nordestino\/#breadcrumb","itemListElement":[{"@type":"ListItem","position":1,"name":"In\u00edcio","item":"https:\/\/jornalfatosenoticias.com.br\/"},{"@type":"ListItem","position":2,"name":"Menor tamandu\u00e1 do mundo simboliza preserva\u00e7\u00e3o de manguezal nordestino"}]},{"@type":"WebSite","@id":"https:\/\/jornalfatosenoticias.com.br\/#website","url":"https:\/\/jornalfatosenoticias.com.br\/","name":"Jornal Fatos e Not\u00edcias","description":"Not\u00edcias em geral","publisher":{"@id":"https:\/\/jornalfatosenoticias.com.br\/#organization"},"potentialAction":[{"@type":"SearchAction","target":{"@type":"EntryPoint","urlTemplate":"https:\/\/jornalfatosenoticias.com.br\/?s={search_term_string}"},"query-input":{"@type":"PropertyValueSpecification","valueRequired":true,"valueName":"search_term_string"}}],"inLanguage":"pt-BR"},{"@type":"Organization","@id":"https:\/\/jornalfatosenoticias.com.br\/#organization","name":"Jornal Fatos e Not\u00edcias","url":"https:\/\/jornalfatosenoticias.com.br\/","logo":{"@type":"ImageObject","inLanguage":"pt-BR","@id":"https:\/\/jornalfatosenoticias.com.br\/#\/schema\/logo\/image\/","url":"https:\/\/jornalfatosenoticias.com.br\/wp-content\/uploads\/2020\/02\/logo120.png","contentUrl":"https:\/\/jornalfatosenoticias.com.br\/wp-content\/uploads\/2020\/02\/logo120.png","width":1227,"height":120,"caption":"Jornal Fatos e Not\u00edcias"},"image":{"@id":"https:\/\/jornalfatosenoticias.com.br\/#\/schema\/logo\/image\/"}},{"@type":"Person","@id":"https:\/\/jornalfatosenoticias.com.br\/#\/schema\/person\/d63837fa13ac8666eb9e74e0985d6f81","name":"Luzimara Fernandes","image":{"@type":"ImageObject","inLanguage":"pt-BR","@id":"https:\/\/jornalfatosenoticias.com.br\/#\/schema\/person\/image\/","url":"https:\/\/jornalfatosenoticias.com.br\/wp-content\/uploads\/2025\/05\/EU_portal.jpg","contentUrl":"https:\/\/jornalfatosenoticias.com.br\/wp-content\/uploads\/2025\/05\/EU_portal.jpg","caption":"Luzimara Fernandes"},"description":"Jornalista MTB 2358-ES","sameAs":["https:\/\/jornalfatosenoticias.com.br"],"url":"https:\/\/jornalfatosenoticias.com.br\/index.php\/author\/luzimara\/"}]}},"cc_featured_image_caption":{"caption_text":"(Foto: iStock) ","source_text":"","source_url":""},"jetpack_featured_media_url":"https:\/\/jornalfatosenoticias.com.br\/wp-content\/uploads\/2024\/09\/tamanduai_istock.jpg","_links":{"self":[{"href":"https:\/\/jornalfatosenoticias.com.br\/index.php\/wp-json\/wp\/v2\/posts\/53862","targetHints":{"allow":["GET"]}}],"collection":[{"href":"https:\/\/jornalfatosenoticias.com.br\/index.php\/wp-json\/wp\/v2\/posts"}],"about":[{"href":"https:\/\/jornalfatosenoticias.com.br\/index.php\/wp-json\/wp\/v2\/types\/post"}],"author":[{"embeddable":true,"href":"https:\/\/jornalfatosenoticias.com.br\/index.php\/wp-json\/wp\/v2\/users\/2"}],"replies":[{"embeddable":true,"href":"https:\/\/jornalfatosenoticias.com.br\/index.php\/wp-json\/wp\/v2\/comments?post=53862"}],"version-history":[{"count":0,"href":"https:\/\/jornalfatosenoticias.com.br\/index.php\/wp-json\/wp\/v2\/posts\/53862\/revisions"}],"wp:featuredmedia":[{"embeddable":true,"href":"https:\/\/jornalfatosenoticias.com.br\/index.php\/wp-json\/wp\/v2\/media\/53863"}],"wp:attachment":[{"href":"https:\/\/jornalfatosenoticias.com.br\/index.php\/wp-json\/wp\/v2\/media?parent=53862"}],"wp:term":[{"taxonomy":"category","embeddable":true,"href":"https:\/\/jornalfatosenoticias.com.br\/index.php\/wp-json\/wp\/v2\/categories?post=53862"},{"taxonomy":"post_tag","embeddable":true,"href":"https:\/\/jornalfatosenoticias.com.br\/index.php\/wp-json\/wp\/v2\/tags?post=53862"}],"curies":[{"name":"wp","href":"https:\/\/api.w.org\/{rel}","templated":true}]}}