{"id":53865,"date":"2024-09-03T14:43:11","date_gmt":"2024-09-03T17:43:11","guid":{"rendered":"https:\/\/jornalfatosenoticias.com.br\/?p=53865"},"modified":"2024-09-03T14:43:13","modified_gmt":"2024-09-03T17:43:13","slug":"maduro-decreta-que-natal-sera-comemorado-no-dia-1o-de-outubro-na-venezuela","status":"publish","type":"post","link":"https:\/\/jornalfatosenoticias.com.br\/index.php\/2024\/09\/03\/maduro-decreta-que-natal-sera-comemorado-no-dia-1o-de-outubro-na-venezuela\/","title":{"rendered":"Maduro decreta que Natal ser\u00e1 comemorado no dia 1\u00ba de outubro na Venezuela"},"content":{"rendered":"\n<p><em><span class=\"has-inline-color has-black-color\">Ditador da Venezuela, Nicol\u00e1s Maduro<\/span><\/em><\/p>\n\n\n\n<p><span class=\"has-inline-color has-black-color\">Por <strong><a href=\"https:\/\/www.gazetadopovo.com.br\/autor\/john-lucas\/\">John Lucas<\/a><\/strong><\/span><\/p>\n\n\n\n<div class=\"wp-block-image\"><figure class=\"aligncenter size-large is-resized\"><a href=\"https:\/\/www.facebook.com\/vetor.vix\/\"><img loading=\"lazy\" decoding=\"async\" src=\"https:\/\/jornalfatosenoticias.com.br\/wp-content\/uploads\/2023\/09\/vetorvix1024_1.jpg\" alt=\"\" class=\"wp-image-44868\" width=\"502\" height=\"133\" srcset=\"https:\/\/jornalfatosenoticias.com.br\/wp-content\/uploads\/2023\/09\/vetorvix1024_1.jpg 1024w, https:\/\/jornalfatosenoticias.com.br\/wp-content\/uploads\/2023\/09\/vetorvix1024_1-300x80.jpg 300w, https:\/\/jornalfatosenoticias.com.br\/wp-content\/uploads\/2023\/09\/vetorvix1024_1-768x205.jpg 768w\" sizes=\"auto, (max-width: 502px) 100vw, 502px\" \/><\/a><\/figure><\/div>\n\n\n\n<p>Nicol\u00e1s Maduro, o ditador da Venezuela, decretou durante o seu programa Con Maduro+, nesta segunda-feira (2), que, neste ano, o Natal ser\u00e1 celebrado em seu pa\u00eds no pr\u00f3ximo dia 1\u00ba de outubro.<\/p>\n\n\n\n<blockquote class=\"wp-block-quote is-layout-flow wp-block-quote-is-layout-flow\"><p><span class=\"has-inline-color has-luminous-vivid-orange-color\">No programa, que \u00e9 transmitido pelo YouTube, Maduro declarou: \u201cest\u00e1 chegando setembro e j\u00e1 cheira a Natal. Por isso, este ano, em homenagem ao povo combativo e agradecimento a voc\u00eas, vou decretar a antecipa\u00e7\u00e3o do Natal para o dia 1\u00ba de outubro. Come\u00e7a o Natal! Para todos e todas, chegou o Natal com paz, felicidade e seguran\u00e7a\u201d. O an\u00fancio do ditador foi recebido com intensos aplausos de uma plateia duvidosa.<\/span><\/p><\/blockquote>\n\n\n\n<div class=\"wp-block-image\"><figure class=\"aligncenter size-large is-resized\"><a href=\"https:\/\/www.facebook.com\/postobkr\/?locale=pt_BR\"><img loading=\"lazy\" decoding=\"async\" src=\"https:\/\/jornalfatosenoticias.com.br\/wp-content\/uploads\/2023\/08\/BKR-1024x1021.jpg\" alt=\"\" class=\"wp-image-44494\" width=\"299\" height=\"298\" srcset=\"https:\/\/jornalfatosenoticias.com.br\/wp-content\/uploads\/2023\/08\/BKR-1024x1021.jpg 1024w, https:\/\/jornalfatosenoticias.com.br\/wp-content\/uploads\/2023\/08\/BKR-300x300.jpg 300w, https:\/\/jornalfatosenoticias.com.br\/wp-content\/uploads\/2023\/08\/BKR-150x150.jpg 150w, https:\/\/jornalfatosenoticias.com.br\/wp-content\/uploads\/2023\/08\/BKR-768x766.jpg 768w, https:\/\/jornalfatosenoticias.com.br\/wp-content\/uploads\/2023\/08\/BKR.jpg 1080w\" sizes=\"auto, (max-width: 299px) 100vw, 299px\" \/><\/a><\/figure><\/div>\n\n\n\n<p>A \u201cantecipa\u00e7\u00e3o\u201d do Natal feita por Maduro ocorreu no mesmo dia em que o regime chavista emitiu um mandado de pris\u00e3o contra o opositor Edmundo Gonz\u00e1lez Urrutia, que, conforme as atas divulgadas pela Plataforma Unit\u00e1ria Democr\u00e1tica (PUD), venceu as elei\u00e7\u00f5es do dia 28 de julho.<\/p>\n\n\n\n<div class=\"wp-block-image\"><figure class=\"aligncenter size-large is-resized\"><a href=\"https:\/\/www.instagram.com\/restaurantepegoretti\/\"><img loading=\"lazy\" decoding=\"async\" src=\"https:\/\/jornalfatosenoticias.com.br\/wp-content\/uploads\/2023\/12\/pegoretti-logo-pdf-1024x389.jpg\" alt=\"\" class=\"wp-image-47536\" width=\"414\" height=\"157\" srcset=\"https:\/\/jornalfatosenoticias.com.br\/wp-content\/uploads\/2023\/12\/pegoretti-logo-pdf-1024x389.jpg 1024w, https:\/\/jornalfatosenoticias.com.br\/wp-content\/uploads\/2023\/12\/pegoretti-logo-pdf-300x114.jpg 300w, https:\/\/jornalfatosenoticias.com.br\/wp-content\/uploads\/2023\/12\/pegoretti-logo-pdf-768x291.jpg 768w, https:\/\/jornalfatosenoticias.com.br\/wp-content\/uploads\/2023\/12\/pegoretti-logo-pdf.jpg 1120w\" sizes=\"auto, (max-width: 414px) 100vw, 414px\" \/><\/a><\/figure><\/div>\n\n\n\n<p>Maduro disse em seu programa que a Venezuela fechou o \u00faltimo m\u00eas de agosto com \u201cboas perspectivas econ\u00f4micas\u201d e que, por isso, decidiu antecipar a data do feriado, que no mundo inteiro \u00e9 comemorado no dia 25 de dezembro.<\/p>\n\n\n\n<div class=\"wp-block-image\"><figure class=\"aligncenter size-large is-resized\"><a href=\"https:\/\/www.ithbrasil.com.br\/\"><img loading=\"lazy\" decoding=\"async\" src=\"https:\/\/jornalfatosenoticias.com.br\/wp-content\/uploads\/2023\/08\/ITH.jpeg\" alt=\"\" class=\"wp-image-44638\" width=\"290\" height=\"235\" srcset=\"https:\/\/jornalfatosenoticias.com.br\/wp-content\/uploads\/2023\/08\/ITH.jpeg 800w, https:\/\/jornalfatosenoticias.com.br\/wp-content\/uploads\/2023\/08\/ITH-300x244.jpeg 300w, https:\/\/jornalfatosenoticias.com.br\/wp-content\/uploads\/2023\/08\/ITH-768x624.jpeg 768w\" sizes=\"auto, (max-width: 290px) 100vw, 290px\" \/><\/a><\/figure><\/div>\n\n\n\n<p>O resultado das elei\u00e7\u00f5es fraudadas pelo chavismo, que reelegeram Maduro para um terceiro mandato consecutivo n\u00e3o foi reconhecido por pa\u00edses democr\u00e1ticos. No entanto, diversas ditaduras como China, R\u00fassia e Ir\u00e3 reconheceram o chavista como \u201cpresidente eleito\u201d.<\/p>\n\n\n\n<div class=\"wp-block-image\"><figure class=\"aligncenter size-large is-resized\"><a href=\"https:\/\/www.instagram.com\/vmais.midias\/\"><img loading=\"lazy\" decoding=\"async\" src=\"https:\/\/jornalfatosenoticias.com.br\/wp-content\/uploads\/2020\/02\/DE-MAIS-DESTAQUE-VMAIS-800X700.png\" alt=\"\" class=\"wp-image-53112\" width=\"281\" height=\"245\" srcset=\"https:\/\/jornalfatosenoticias.com.br\/wp-content\/uploads\/2020\/02\/DE-MAIS-DESTAQUE-VMAIS-800X700.png 800w, https:\/\/jornalfatosenoticias.com.br\/wp-content\/uploads\/2020\/02\/DE-MAIS-DESTAQUE-VMAIS-800X700-300x263.png 300w, https:\/\/jornalfatosenoticias.com.br\/wp-content\/uploads\/2020\/02\/DE-MAIS-DESTAQUE-VMAIS-800X700-768x672.png 768w\" sizes=\"auto, (max-width: 281px) 100vw, 281px\" \/><\/a><\/figure><\/div>\n\n\n\n<p>Maduro espera tomar posse para um novo per\u00edodo no comando do pa\u00eds sul-americano no dia 10 de janeiro. Opositores pressionam a comunidade internacional para que o chavista desista do poder pacificamente e inicie uma transi\u00e7\u00e3o democr\u00e1tica no pa\u00eds, que est\u00e1 mergulhado numa onda de repress\u00e3o, crise econ\u00f4mica e viola\u00e7\u00f5es dos direitos humanos.<\/p>\n\n\n\n<div class=\"wp-block-image\"><figure class=\"aligncenter size-large is-resized\"><img loading=\"lazy\" decoding=\"async\" src=\"https:\/\/jornalfatosenoticias.com.br\/wp-content\/uploads\/2022\/02\/Precisao-Contabilidade-1024x724.jpg\" alt=\"\" class=\"wp-image-28088\" width=\"311\" height=\"220\"\/><\/figure><\/div>\n\n\n\n<p><em><strong>Fonte: <a href=\"https:\/\/www.gazetadopovo.com.br\/mundo\/maduro-decreta-que-natal-sera-comemorado-no-dia-1o-de-outubro-na-venezuela\/\">Gazeta do Povo<\/a><\/strong><\/em><\/p>\n","protected":false},"excerpt":{"rendered":"<p>Ditador da Venezuela, Nicol\u00e1s Maduro Por John Lucas Nicol\u00e1s Maduro, o ditador da Venezuela, decretou durante o seu programa Con Maduro+, nesta segunda-feira (2), que, neste ano, o Natal ser\u00e1 celebrado em seu pa\u00eds no pr\u00f3ximo dia 1\u00ba de outubro. No programa, que \u00e9 transmitido pelo YouTube, Maduro declarou: \u201cest\u00e1 chegando setembro e j\u00e1 cheira [&hellip;]<\/p>\n","protected":false},"author":2,"featured_media":53866,"comment_status":"open","ping_status":"open","sticky":false,"template":"","format":"standard","meta":{"footnotes":""},"categories":[41],"tags":[3155,6459,19097,20945,8605,14035],"class_list":["post-53865","post","type-post","status-publish","format-standard","has-post-thumbnail","hentry","category-internacional","tag-crise-economica","tag-natal","tag-nicolas-maduro","tag-repressao","tag-venezuela","tag-violacoes"],"yoast_head":"<!-- This site is optimized with the Yoast SEO plugin v26.5 - https:\/\/yoast.com\/wordpress\/plugins\/seo\/ -->\n<title>Maduro decreta que Natal ser\u00e1 comemorado no dia 1\u00ba de outubro na Venezuela - Jornal Fatos e Not\u00edcias<\/title>\n<meta name=\"robots\" content=\"index, follow, max-snippet:-1, max-image-preview:large, max-video-preview:-1\" \/>\n<link rel=\"canonical\" href=\"https:\/\/jornalfatosenoticias.com.br\/index.php\/2024\/09\/03\/maduro-decreta-que-natal-sera-comemorado-no-dia-1o-de-outubro-na-venezuela\/\" \/>\n<meta property=\"og:locale\" content=\"pt_BR\" \/>\n<meta property=\"og:type\" content=\"article\" \/>\n<meta property=\"og:title\" content=\"Maduro decreta que Natal ser\u00e1 comemorado no dia 1\u00ba de outubro na Venezuela - Jornal Fatos e Not\u00edcias\" \/>\n<meta property=\"og:description\" content=\"Ditador da Venezuela, Nicol\u00e1s Maduro Por John Lucas Nicol\u00e1s Maduro, o ditador da Venezuela, decretou durante o seu programa Con Maduro+, nesta segunda-feira (2), que, neste ano, o Natal ser\u00e1 celebrado em seu pa\u00eds no pr\u00f3ximo dia 1\u00ba de outubro. No programa, que \u00e9 transmitido pelo YouTube, Maduro declarou: \u201cest\u00e1 chegando setembro e j\u00e1 cheira [&hellip;]\" \/>\n<meta property=\"og:url\" content=\"https:\/\/jornalfatosenoticias.com.br\/index.php\/2024\/09\/03\/maduro-decreta-que-natal-sera-comemorado-no-dia-1o-de-outubro-na-venezuela\/\" \/>\n<meta property=\"og:site_name\" content=\"Jornal Fatos e Not\u00edcias\" \/>\n<meta property=\"article:published_time\" content=\"2024-09-03T17:43:11+00:00\" \/>\n<meta property=\"article:modified_time\" content=\"2024-09-03T17:43:13+00:00\" \/>\n<meta property=\"og:image\" content=\"https:\/\/jornalfatosenoticias.com.br\/wp-content\/uploads\/2024\/09\/fruta-podre_Natal_gettyimages.jpg\" \/>\n\t<meta property=\"og:image:width\" content=\"612\" \/>\n\t<meta property=\"og:image:height\" content=\"408\" \/>\n\t<meta property=\"og:image:type\" content=\"image\/jpeg\" \/>\n<meta name=\"author\" content=\"Luzimara Fernandes\" \/>\n<meta name=\"twitter:card\" content=\"summary_large_image\" \/>\n<meta name=\"twitter:label1\" content=\"Escrito por\" \/>\n\t<meta name=\"twitter:data1\" content=\"Luzimara Fernandes\" \/>\n\t<meta name=\"twitter:label2\" content=\"Est. tempo de leitura\" \/>\n\t<meta name=\"twitter:data2\" content=\"2 minutos\" \/>\n<script type=\"application\/ld+json\" class=\"yoast-schema-graph\">{\"@context\":\"https:\/\/schema.org\",\"@graph\":[{\"@type\":\"Article\",\"@id\":\"https:\/\/jornalfatosenoticias.com.br\/index.php\/2024\/09\/03\/maduro-decreta-que-natal-sera-comemorado-no-dia-1o-de-outubro-na-venezuela\/#article\",\"isPartOf\":{\"@id\":\"https:\/\/jornalfatosenoticias.com.br\/index.php\/2024\/09\/03\/maduro-decreta-que-natal-sera-comemorado-no-dia-1o-de-outubro-na-venezuela\/\"},\"author\":{\"name\":\"Luzimara Fernandes\",\"@id\":\"https:\/\/jornalfatosenoticias.com.br\/#\/schema\/person\/d63837fa13ac8666eb9e74e0985d6f81\"},\"headline\":\"Maduro decreta que Natal ser\u00e1 comemorado no dia 1\u00ba de outubro na Venezuela\",\"datePublished\":\"2024-09-03T17:43:11+00:00\",\"dateModified\":\"2024-09-03T17:43:13+00:00\",\"mainEntityOfPage\":{\"@id\":\"https:\/\/jornalfatosenoticias.com.br\/index.php\/2024\/09\/03\/maduro-decreta-que-natal-sera-comemorado-no-dia-1o-de-outubro-na-venezuela\/\"},\"wordCount\":320,\"commentCount\":0,\"publisher\":{\"@id\":\"https:\/\/jornalfatosenoticias.com.br\/#organization\"},\"image\":{\"@id\":\"https:\/\/jornalfatosenoticias.com.br\/index.php\/2024\/09\/03\/maduro-decreta-que-natal-sera-comemorado-no-dia-1o-de-outubro-na-venezuela\/#primaryimage\"},\"thumbnailUrl\":\"https:\/\/jornalfatosenoticias.com.br\/wp-content\/uploads\/2024\/09\/fruta-podre_Natal_gettyimages.jpg\",\"keywords\":[\"crise econ\u00f4mica\",\"Natal\",\"Nicol\u00e1s Maduro\",\"repress\u00e3o\",\"Venezuela\",\"viola\u00e7\u00f5es\"],\"articleSection\":[\"Internacional\"],\"inLanguage\":\"pt-BR\",\"potentialAction\":[{\"@type\":\"CommentAction\",\"name\":\"Comment\",\"target\":[\"https:\/\/jornalfatosenoticias.com.br\/index.php\/2024\/09\/03\/maduro-decreta-que-natal-sera-comemorado-no-dia-1o-de-outubro-na-venezuela\/#respond\"]}]},{\"@type\":\"WebPage\",\"@id\":\"https:\/\/jornalfatosenoticias.com.br\/index.php\/2024\/09\/03\/maduro-decreta-que-natal-sera-comemorado-no-dia-1o-de-outubro-na-venezuela\/\",\"url\":\"https:\/\/jornalfatosenoticias.com.br\/index.php\/2024\/09\/03\/maduro-decreta-que-natal-sera-comemorado-no-dia-1o-de-outubro-na-venezuela\/\",\"name\":\"Maduro decreta que Natal ser\u00e1 comemorado no dia 1\u00ba de outubro na Venezuela - Jornal Fatos e Not\u00edcias\",\"isPartOf\":{\"@id\":\"https:\/\/jornalfatosenoticias.com.br\/#website\"},\"primaryImageOfPage\":{\"@id\":\"https:\/\/jornalfatosenoticias.com.br\/index.php\/2024\/09\/03\/maduro-decreta-que-natal-sera-comemorado-no-dia-1o-de-outubro-na-venezuela\/#primaryimage\"},\"image\":{\"@id\":\"https:\/\/jornalfatosenoticias.com.br\/index.php\/2024\/09\/03\/maduro-decreta-que-natal-sera-comemorado-no-dia-1o-de-outubro-na-venezuela\/#primaryimage\"},\"thumbnailUrl\":\"https:\/\/jornalfatosenoticias.com.br\/wp-content\/uploads\/2024\/09\/fruta-podre_Natal_gettyimages.jpg\",\"datePublished\":\"2024-09-03T17:43:11+00:00\",\"dateModified\":\"2024-09-03T17:43:13+00:00\",\"breadcrumb\":{\"@id\":\"https:\/\/jornalfatosenoticias.com.br\/index.php\/2024\/09\/03\/maduro-decreta-que-natal-sera-comemorado-no-dia-1o-de-outubro-na-venezuela\/#breadcrumb\"},\"inLanguage\":\"pt-BR\",\"potentialAction\":[{\"@type\":\"ReadAction\",\"target\":[\"https:\/\/jornalfatosenoticias.com.br\/index.php\/2024\/09\/03\/maduro-decreta-que-natal-sera-comemorado-no-dia-1o-de-outubro-na-venezuela\/\"]}]},{\"@type\":\"ImageObject\",\"inLanguage\":\"pt-BR\",\"@id\":\"https:\/\/jornalfatosenoticias.com.br\/index.php\/2024\/09\/03\/maduro-decreta-que-natal-sera-comemorado-no-dia-1o-de-outubro-na-venezuela\/#primaryimage\",\"url\":\"https:\/\/jornalfatosenoticias.com.br\/wp-content\/uploads\/2024\/09\/fruta-podre_Natal_gettyimages.jpg\",\"contentUrl\":\"https:\/\/jornalfatosenoticias.com.br\/wp-content\/uploads\/2024\/09\/fruta-podre_Natal_gettyimages.jpg\",\"width\":612,\"height\":408,\"caption\":\"CARACAS, VENEZUELA - AUGUST 17: Incumbent President of Venezuela Nicolas Maduro raises his arms and make a \u201cv\u201d with his hands during the 'Gran Marcha Mundial por la Paz' supporting Maduro on August 17, 2024 in Caracas, Venezuela. President Maduro was declared as the winner of the 2024 presidential election over his rival, Edmundo Gonzalez. The result has been questioned by the opposition and internationally. According to the opposition leader Maria Corina Machado, the result announced by the 'Consejo Nacional Electoral' (CNE) does not reflect the decision made by the Venezuelans during the election. (Photo by Alfredo Lasry R\/Getty Images)\"},{\"@type\":\"BreadcrumbList\",\"@id\":\"https:\/\/jornalfatosenoticias.com.br\/index.php\/2024\/09\/03\/maduro-decreta-que-natal-sera-comemorado-no-dia-1o-de-outubro-na-venezuela\/#breadcrumb\",\"itemListElement\":[{\"@type\":\"ListItem\",\"position\":1,\"name\":\"In\u00edcio\",\"item\":\"https:\/\/jornalfatosenoticias.com.br\/\"},{\"@type\":\"ListItem\",\"position\":2,\"name\":\"Maduro decreta que Natal ser\u00e1 comemorado no dia 1\u00ba de outubro na Venezuela\"}]},{\"@type\":\"WebSite\",\"@id\":\"https:\/\/jornalfatosenoticias.com.br\/#website\",\"url\":\"https:\/\/jornalfatosenoticias.com.br\/\",\"name\":\"Jornal Fatos e Not\u00edcias\",\"description\":\"Not\u00edcias em geral\",\"publisher\":{\"@id\":\"https:\/\/jornalfatosenoticias.com.br\/#organization\"},\"potentialAction\":[{\"@type\":\"SearchAction\",\"target\":{\"@type\":\"EntryPoint\",\"urlTemplate\":\"https:\/\/jornalfatosenoticias.com.br\/?s={search_term_string}\"},\"query-input\":{\"@type\":\"PropertyValueSpecification\",\"valueRequired\":true,\"valueName\":\"search_term_string\"}}],\"inLanguage\":\"pt-BR\"},{\"@type\":\"Organization\",\"@id\":\"https:\/\/jornalfatosenoticias.com.br\/#organization\",\"name\":\"Jornal Fatos e Not\u00edcias\",\"url\":\"https:\/\/jornalfatosenoticias.com.br\/\",\"logo\":{\"@type\":\"ImageObject\",\"inLanguage\":\"pt-BR\",\"@id\":\"https:\/\/jornalfatosenoticias.com.br\/#\/schema\/logo\/image\/\",\"url\":\"https:\/\/jornalfatosenoticias.com.br\/wp-content\/uploads\/2020\/02\/logo120.png\",\"contentUrl\":\"https:\/\/jornalfatosenoticias.com.br\/wp-content\/uploads\/2020\/02\/logo120.png\",\"width\":1227,\"height\":120,\"caption\":\"Jornal Fatos e Not\u00edcias\"},\"image\":{\"@id\":\"https:\/\/jornalfatosenoticias.com.br\/#\/schema\/logo\/image\/\"}},{\"@type\":\"Person\",\"@id\":\"https:\/\/jornalfatosenoticias.com.br\/#\/schema\/person\/d63837fa13ac8666eb9e74e0985d6f81\",\"name\":\"Luzimara Fernandes\",\"image\":{\"@type\":\"ImageObject\",\"inLanguage\":\"pt-BR\",\"@id\":\"https:\/\/jornalfatosenoticias.com.br\/#\/schema\/person\/image\/\",\"url\":\"https:\/\/jornalfatosenoticias.com.br\/wp-content\/uploads\/2025\/05\/EU_portal.jpg\",\"contentUrl\":\"https:\/\/jornalfatosenoticias.com.br\/wp-content\/uploads\/2025\/05\/EU_portal.jpg\",\"caption\":\"Luzimara Fernandes\"},\"description\":\"Jornalista MTB 2358-ES\",\"sameAs\":[\"https:\/\/jornalfatosenoticias.com.br\"],\"url\":\"https:\/\/jornalfatosenoticias.com.br\/index.php\/author\/luzimara\/\"}]}<\/script>\n<!-- \/ Yoast SEO plugin. -->","yoast_head_json":{"title":"Maduro decreta que Natal ser\u00e1 comemorado no dia 1\u00ba de outubro na Venezuela - Jornal Fatos e Not\u00edcias","robots":{"index":"index","follow":"follow","max-snippet":"max-snippet:-1","max-image-preview":"max-image-preview:large","max-video-preview":"max-video-preview:-1"},"canonical":"https:\/\/jornalfatosenoticias.com.br\/index.php\/2024\/09\/03\/maduro-decreta-que-natal-sera-comemorado-no-dia-1o-de-outubro-na-venezuela\/","og_locale":"pt_BR","og_type":"article","og_title":"Maduro decreta que Natal ser\u00e1 comemorado no dia 1\u00ba de outubro na Venezuela - Jornal Fatos e Not\u00edcias","og_description":"Ditador da Venezuela, Nicol\u00e1s Maduro Por John Lucas Nicol\u00e1s Maduro, o ditador da Venezuela, decretou durante o seu programa Con Maduro+, nesta segunda-feira (2), que, neste ano, o Natal ser\u00e1 celebrado em seu pa\u00eds no pr\u00f3ximo dia 1\u00ba de outubro. No programa, que \u00e9 transmitido pelo YouTube, Maduro declarou: \u201cest\u00e1 chegando setembro e j\u00e1 cheira [&hellip;]","og_url":"https:\/\/jornalfatosenoticias.com.br\/index.php\/2024\/09\/03\/maduro-decreta-que-natal-sera-comemorado-no-dia-1o-de-outubro-na-venezuela\/","og_site_name":"Jornal Fatos e Not\u00edcias","article_published_time":"2024-09-03T17:43:11+00:00","article_modified_time":"2024-09-03T17:43:13+00:00","og_image":[{"width":612,"height":408,"url":"https:\/\/jornalfatosenoticias.com.br\/wp-content\/uploads\/2024\/09\/fruta-podre_Natal_gettyimages.jpg","type":"image\/jpeg"}],"author":"Luzimara Fernandes","twitter_card":"summary_large_image","twitter_misc":{"Escrito por":"Luzimara Fernandes","Est. tempo de leitura":"2 minutos"},"schema":{"@context":"https:\/\/schema.org","@graph":[{"@type":"Article","@id":"https:\/\/jornalfatosenoticias.com.br\/index.php\/2024\/09\/03\/maduro-decreta-que-natal-sera-comemorado-no-dia-1o-de-outubro-na-venezuela\/#article","isPartOf":{"@id":"https:\/\/jornalfatosenoticias.com.br\/index.php\/2024\/09\/03\/maduro-decreta-que-natal-sera-comemorado-no-dia-1o-de-outubro-na-venezuela\/"},"author":{"name":"Luzimara Fernandes","@id":"https:\/\/jornalfatosenoticias.com.br\/#\/schema\/person\/d63837fa13ac8666eb9e74e0985d6f81"},"headline":"Maduro decreta que Natal ser\u00e1 comemorado no dia 1\u00ba de outubro na Venezuela","datePublished":"2024-09-03T17:43:11+00:00","dateModified":"2024-09-03T17:43:13+00:00","mainEntityOfPage":{"@id":"https:\/\/jornalfatosenoticias.com.br\/index.php\/2024\/09\/03\/maduro-decreta-que-natal-sera-comemorado-no-dia-1o-de-outubro-na-venezuela\/"},"wordCount":320,"commentCount":0,"publisher":{"@id":"https:\/\/jornalfatosenoticias.com.br\/#organization"},"image":{"@id":"https:\/\/jornalfatosenoticias.com.br\/index.php\/2024\/09\/03\/maduro-decreta-que-natal-sera-comemorado-no-dia-1o-de-outubro-na-venezuela\/#primaryimage"},"thumbnailUrl":"https:\/\/jornalfatosenoticias.com.br\/wp-content\/uploads\/2024\/09\/fruta-podre_Natal_gettyimages.jpg","keywords":["crise econ\u00f4mica","Natal","Nicol\u00e1s Maduro","repress\u00e3o","Venezuela","viola\u00e7\u00f5es"],"articleSection":["Internacional"],"inLanguage":"pt-BR","potentialAction":[{"@type":"CommentAction","name":"Comment","target":["https:\/\/jornalfatosenoticias.com.br\/index.php\/2024\/09\/03\/maduro-decreta-que-natal-sera-comemorado-no-dia-1o-de-outubro-na-venezuela\/#respond"]}]},{"@type":"WebPage","@id":"https:\/\/jornalfatosenoticias.com.br\/index.php\/2024\/09\/03\/maduro-decreta-que-natal-sera-comemorado-no-dia-1o-de-outubro-na-venezuela\/","url":"https:\/\/jornalfatosenoticias.com.br\/index.php\/2024\/09\/03\/maduro-decreta-que-natal-sera-comemorado-no-dia-1o-de-outubro-na-venezuela\/","name":"Maduro decreta que Natal ser\u00e1 comemorado no dia 1\u00ba de outubro na Venezuela - Jornal Fatos e Not\u00edcias","isPartOf":{"@id":"https:\/\/jornalfatosenoticias.com.br\/#website"},"primaryImageOfPage":{"@id":"https:\/\/jornalfatosenoticias.com.br\/index.php\/2024\/09\/03\/maduro-decreta-que-natal-sera-comemorado-no-dia-1o-de-outubro-na-venezuela\/#primaryimage"},"image":{"@id":"https:\/\/jornalfatosenoticias.com.br\/index.php\/2024\/09\/03\/maduro-decreta-que-natal-sera-comemorado-no-dia-1o-de-outubro-na-venezuela\/#primaryimage"},"thumbnailUrl":"https:\/\/jornalfatosenoticias.com.br\/wp-content\/uploads\/2024\/09\/fruta-podre_Natal_gettyimages.jpg","datePublished":"2024-09-03T17:43:11+00:00","dateModified":"2024-09-03T17:43:13+00:00","breadcrumb":{"@id":"https:\/\/jornalfatosenoticias.com.br\/index.php\/2024\/09\/03\/maduro-decreta-que-natal-sera-comemorado-no-dia-1o-de-outubro-na-venezuela\/#breadcrumb"},"inLanguage":"pt-BR","potentialAction":[{"@type":"ReadAction","target":["https:\/\/jornalfatosenoticias.com.br\/index.php\/2024\/09\/03\/maduro-decreta-que-natal-sera-comemorado-no-dia-1o-de-outubro-na-venezuela\/"]}]},{"@type":"ImageObject","inLanguage":"pt-BR","@id":"https:\/\/jornalfatosenoticias.com.br\/index.php\/2024\/09\/03\/maduro-decreta-que-natal-sera-comemorado-no-dia-1o-de-outubro-na-venezuela\/#primaryimage","url":"https:\/\/jornalfatosenoticias.com.br\/wp-content\/uploads\/2024\/09\/fruta-podre_Natal_gettyimages.jpg","contentUrl":"https:\/\/jornalfatosenoticias.com.br\/wp-content\/uploads\/2024\/09\/fruta-podre_Natal_gettyimages.jpg","width":612,"height":408,"caption":"CARACAS, VENEZUELA - AUGUST 17: Incumbent President of Venezuela Nicolas Maduro raises his arms and make a \u201cv\u201d with his hands during the 'Gran Marcha Mundial por la Paz' supporting Maduro on August 17, 2024 in Caracas, Venezuela. President Maduro was declared as the winner of the 2024 presidential election over his rival, Edmundo Gonzalez. The result has been questioned by the opposition and internationally. According to the opposition leader Maria Corina Machado, the result announced by the 'Consejo Nacional Electoral' (CNE) does not reflect the decision made by the Venezuelans during the election. (Photo by Alfredo Lasry R\/Getty Images)"},{"@type":"BreadcrumbList","@id":"https:\/\/jornalfatosenoticias.com.br\/index.php\/2024\/09\/03\/maduro-decreta-que-natal-sera-comemorado-no-dia-1o-de-outubro-na-venezuela\/#breadcrumb","itemListElement":[{"@type":"ListItem","position":1,"name":"In\u00edcio","item":"https:\/\/jornalfatosenoticias.com.br\/"},{"@type":"ListItem","position":2,"name":"Maduro decreta que Natal ser\u00e1 comemorado no dia 1\u00ba de outubro na Venezuela"}]},{"@type":"WebSite","@id":"https:\/\/jornalfatosenoticias.com.br\/#website","url":"https:\/\/jornalfatosenoticias.com.br\/","name":"Jornal Fatos e Not\u00edcias","description":"Not\u00edcias em geral","publisher":{"@id":"https:\/\/jornalfatosenoticias.com.br\/#organization"},"potentialAction":[{"@type":"SearchAction","target":{"@type":"EntryPoint","urlTemplate":"https:\/\/jornalfatosenoticias.com.br\/?s={search_term_string}"},"query-input":{"@type":"PropertyValueSpecification","valueRequired":true,"valueName":"search_term_string"}}],"inLanguage":"pt-BR"},{"@type":"Organization","@id":"https:\/\/jornalfatosenoticias.com.br\/#organization","name":"Jornal Fatos e Not\u00edcias","url":"https:\/\/jornalfatosenoticias.com.br\/","logo":{"@type":"ImageObject","inLanguage":"pt-BR","@id":"https:\/\/jornalfatosenoticias.com.br\/#\/schema\/logo\/image\/","url":"https:\/\/jornalfatosenoticias.com.br\/wp-content\/uploads\/2020\/02\/logo120.png","contentUrl":"https:\/\/jornalfatosenoticias.com.br\/wp-content\/uploads\/2020\/02\/logo120.png","width":1227,"height":120,"caption":"Jornal Fatos e Not\u00edcias"},"image":{"@id":"https:\/\/jornalfatosenoticias.com.br\/#\/schema\/logo\/image\/"}},{"@type":"Person","@id":"https:\/\/jornalfatosenoticias.com.br\/#\/schema\/person\/d63837fa13ac8666eb9e74e0985d6f81","name":"Luzimara Fernandes","image":{"@type":"ImageObject","inLanguage":"pt-BR","@id":"https:\/\/jornalfatosenoticias.com.br\/#\/schema\/person\/image\/","url":"https:\/\/jornalfatosenoticias.com.br\/wp-content\/uploads\/2025\/05\/EU_portal.jpg","contentUrl":"https:\/\/jornalfatosenoticias.com.br\/wp-content\/uploads\/2025\/05\/EU_portal.jpg","caption":"Luzimara Fernandes"},"description":"Jornalista MTB 2358-ES","sameAs":["https:\/\/jornalfatosenoticias.com.br"],"url":"https:\/\/jornalfatosenoticias.com.br\/index.php\/author\/luzimara\/"}]}},"cc_featured_image_caption":{"caption_text":"(Foto: Getty Images) ","source_text":"","source_url":""},"jetpack_featured_media_url":"https:\/\/jornalfatosenoticias.com.br\/wp-content\/uploads\/2024\/09\/fruta-podre_Natal_gettyimages.jpg","_links":{"self":[{"href":"https:\/\/jornalfatosenoticias.com.br\/index.php\/wp-json\/wp\/v2\/posts\/53865","targetHints":{"allow":["GET"]}}],"collection":[{"href":"https:\/\/jornalfatosenoticias.com.br\/index.php\/wp-json\/wp\/v2\/posts"}],"about":[{"href":"https:\/\/jornalfatosenoticias.com.br\/index.php\/wp-json\/wp\/v2\/types\/post"}],"author":[{"embeddable":true,"href":"https:\/\/jornalfatosenoticias.com.br\/index.php\/wp-json\/wp\/v2\/users\/2"}],"replies":[{"embeddable":true,"href":"https:\/\/jornalfatosenoticias.com.br\/index.php\/wp-json\/wp\/v2\/comments?post=53865"}],"version-history":[{"count":0,"href":"https:\/\/jornalfatosenoticias.com.br\/index.php\/wp-json\/wp\/v2\/posts\/53865\/revisions"}],"wp:featuredmedia":[{"embeddable":true,"href":"https:\/\/jornalfatosenoticias.com.br\/index.php\/wp-json\/wp\/v2\/media\/53866"}],"wp:attachment":[{"href":"https:\/\/jornalfatosenoticias.com.br\/index.php\/wp-json\/wp\/v2\/media?parent=53865"}],"wp:term":[{"taxonomy":"category","embeddable":true,"href":"https:\/\/jornalfatosenoticias.com.br\/index.php\/wp-json\/wp\/v2\/categories?post=53865"},{"taxonomy":"post_tag","embeddable":true,"href":"https:\/\/jornalfatosenoticias.com.br\/index.php\/wp-json\/wp\/v2\/tags?post=53865"}],"curies":[{"name":"wp","href":"https:\/\/api.w.org\/{rel}","templated":true}]}}